{"id":455975,"date":"2024-01-24T12:18:14","date_gmt":"2024-01-24T11:18:14","guid":{"rendered":"https:\/\/dicodusport.fr\/blog\/?p=455975&#038;preview=true&#038;preview_id=455975"},"modified":"2024-01-24T14:15:08","modified_gmt":"2024-01-24T13:15:08","slug":"biathlon-championnats-deurope-vebjoern-soerum-sacre-sur-lindividuel-quintuple-norvegien","status":"publish","type":"post","link":"https:\/\/dicodusport.fr\/blog\/biathlon-championnats-deurope-vebjoern-soerum-sacre-sur-lindividuel-quintuple-norvegien\/","title":{"rendered":"Biathlon Championnats d&rsquo;Europe : Vebjoern Soerum sacr\u00e9 sur l&rsquo;individuel, quintupl\u00e9 norv\u00e9gien"},"content":{"rendered":"<p style=\"text-align: justify;\"><b><i>CHAMPIONNATS D&rsquo;EUROPE DE BIATHLON 2024 &#8211; Le Norv\u00e9gien Vebjoern Soerum remporte l&rsquo;individuel en survolant la course de bout en bout. Il devance ses compatriotes John Olav Botn et Martin Uldal, qui a r\u00e9sist\u00e9 \u00e0 Martin Nevland. Le premier Fran\u00e7ais est \u00c9milien Claude, assez loin, \u00e0 la 15e place<\/i><\/b><\/p>\n<ul>\n<li style=\"text-align: justify;\"><strong>\u00c0 lire aussi &#8211; <a href=\"https:\/\/dicodusport.fr\/blog\/biathlon-championnats-deurope-2024-classement-individuel-hommes\/\">Biathlon Championnats d&rsquo;Europe 2024 &#8211; Le classement de l&rsquo;individuel hommes<\/a><\/strong><\/li>\n<\/ul>\n<h2 style=\"text-align: justify;\">Soerum a fait la diff\u00e9rence \u00e0 la pr\u00e9cision<\/h2>\n<p style=\"text-align: justify;\">C&rsquo;est encore et toujours une d\u00e9monstration de la Norv\u00e8ge. Chez les hommes, que ce soit en Coupe du monde ou ici sur le circuit inf\u00e9rieur, c&rsquo;est une d\u00e9monstration. Pouvait-il en \u00eatre autrement quand un<strong> Vebjoern Soerum<\/strong> a r\u00e9alis\u00e9 des r\u00e9sultats en Coupe du monde en ce d\u00e9but de saison ? S&rsquo;il est rel\u00e9gu\u00e9 aux championnats d&rsquo;Europe, c&rsquo;est davantage d\u00fb aux Norv\u00e9giens qui trustent les six premi\u00e8res places en Coupe du monde, qu&rsquo;\u00e0 cause de son niveau. Alors, quand il tire \u00e0 20\/20, ses adversaires ne pouvaient que s&rsquo;incliner. La diff\u00e9rence entre lui et son supersonique, mais moins pr\u00e9cis compatriote <strong>John Olav Botn<\/strong>. Qui pourra regretter son premier tir manqu\u00e9, avec ses deux fautes d&rsquo;entr\u00e9e.<\/p>\n<ul>\n<li style=\"text-align: justify;\"><strong>\u00c0 lire aussi \u2013 <a href=\"https:\/\/dicodusport.fr\/blog\/biathlon-championnats-deurope-2024-programme-et-resultats\/\">Biathlon Championnats d\u2019Europe 2024 \u2013 Programme et r\u00e9sultats<\/a><\/strong><\/li>\n<\/ul>\n<p style=\"text-align: justify;\">Deux minutes de p\u00e9nalit\u00e9 qui p\u00e8sent lourd dans la balance. Alors qu&rsquo;il \u00e9tait parti prudemment, il a r\u00e9alis\u00e9 une seconde moiti\u00e9 de course canon, que ce soit au tir ou \u00e0 ski. Bouchant pr\u00e8s d&rsquo;une minute sur son compatriote. Mais \u00e9chouant \u00e0 1:10. Il peut avoir de vrais regrets, mais monte sur le podium pour la premi\u00e8re course des championnats d&rsquo;Europe. Et se console aussi avec le meilleur temps \u00e0 ski. Comme souvent depuis le d\u00e9but de la saison. Le duo Soerum-Botn sera accompagn\u00e9 d&rsquo;un troisi\u00e8me norv\u00e9gien. <strong>Martin Uldal<\/strong> avec son unique faute au tir, prend la 3e place. Il aura eu la chance de partir plus t\u00f4t qu&rsquo;un autre Martin,<strong> Martin Nevland,<\/strong> encore 3e apr\u00e8s le dernier tir, mais qui a \u00e9t\u00e9 confront\u00e9 \u00e0 la neige qui est tomb\u00e9e tr\u00e8s fort sur la fin de course, et qui l&rsquo;a p\u00e9nalis\u00e9. Il \u00e9choue \u00e0 13 secondes de son compatriote.<\/p>\n<p style=\"text-align: justify;\">Le seul \u00e0 avoir un peu contest\u00e9 la domination norv\u00e9gienne est l&rsquo;Am\u00e9ricain<strong> Vincent Bonacci<\/strong> et sa 6e place. Qui a tir\u00e9 \u00e0 20\/20 de fa\u00e7on supersonique, comme sur son dernier tir. Mais \u00e0 qui il aura manqu\u00e9 un petit quelque chose sur les skis. C&rsquo;est le seul \u00e0 s&rsquo;intercaler au milieu de la domination norv\u00e9gienne. La performance m\u00e9rite d&rsquo;\u00eatre soulign\u00e9e.<\/p>\n<blockquote class=\"twitter-tweet\">\n<p dir=\"ltr\" lang=\"fr\">\ud83e\udd47\ud83c\uddf3\ud83c\uddf4 Parfait sur le pas de tir, Vebjoern Soerum est le nouveau champion d\u2019Europe de l\u2019individuel.<a href=\"https:\/\/t.co\/QfrBjzSMQ8\">https:\/\/t.co\/QfrBjzSMQ8<\/a><\/p>\n<p>\u2014 Biathlon Live (@BiathlonLivefr) <a href=\"https:\/\/twitter.com\/BiathlonLivefr\/status\/1750113121388081197?ref_src=twsrc%5Etfw\">January 24, 2024<\/a><\/p><\/blockquote>\n<p><script async src=\"https:\/\/platform.twitter.com\/widgets.js\" charset=\"utf-8\"><\/script><\/p>\n<h2 style=\"text-align: justify;\">Journ\u00e9e compliqu\u00e9e pour les Fran\u00e7ais<\/h2>\n<p style=\"text-align: justify;\">C\u00f4t\u00e9 Fran\u00e7ais, c&rsquo;est la soupe \u00e0 la grimace. <strong>\u00c9milien Claude<\/strong> a eu beau \u00eatre impeccable sur les tirs, jusqu&rsquo;au quatri\u00e8me passage, ses temps \u00e0 ski n&rsquo;ont, \u00e0 aucun moment, permis de peser r\u00e9ellement dans la course, d\u00e9j\u00e0 rejet\u00e9 \u00e0 la 21e place. Il termine finalement 15e, mais loin tr\u00e8s loin, \u00e0 4:37 du vainqueur. Un gouffre monstrueux pour celui qui a d\u00e9but\u00e9 la saison en Coupe du monde. Et pour les autres, c&rsquo;est un peu morne plaine. <strong>Valentin Lejeune<\/strong> n&rsquo;est que 47e. Avec ses cinq fautes, il conc\u00e8de 7:37 ! Un gouffre ! Il est juste devant <strong>Th\u00e9o Guiraud-Poillot <\/strong>(48e), le plus rapide des Fran\u00e7ais \u00e0 ski, mais qui est parti six fois \u00e0 la faute. Damien Levet n&rsquo;est que 60e.<\/p>\n","protected":false},"excerpt":{"rendered":"<p>CHAMPIONNATS D&rsquo;EUROPE DE BIATHLON 2024 &#8211; Le Norv\u00e9gien Vebjoern Soerum remporte l&rsquo;individuel en survolant la course de bout en bout.<\/p>\n","protected":false},"author":83,"featured_media":456012,"comment_status":"open","ping_status":"closed","sticky":false,"template":"","format":"standard","meta":{"_acf_changed":false,"_daextam_enable_autolinks":"1","footnotes":""},"categories":[2426],"tags":[2427,16878,21429,24],"class_list":["post-455975","post","type-post","status-publish","format-standard","has-post-thumbnail","hentry","category-biathlon","tag-biathlon","tag-breve","tag-championnats-deurope-de-biathlon","tag-sport"],"acf":[],"yoast_head":"<!-- This site is optimized with the Yoast SEO Premium plugin v26.7 (Yoast SEO v26.7) - https:\/\/yoast.com\/wordpress\/plugins\/seo\/ -->\n<title>Biathlon Championnats d&#039;Europe : Vebjoern Soerum sacr\u00e9 sur l&#039;individuel, quintupl\u00e9 norv\u00e9gien<\/title>\n<meta name=\"description\" content=\"CHAMPIONNATS D&#039;EUROPE DE BIATHLON 2024 - Le Norv\u00e9gien Vebjoern Soerum remporte l&#039;individuel en survolant la course de bout en bout.\" \/>\n<meta name=\"robots\" content=\"index, follow, max-snippet:-1, max-image-preview:large, max-video-preview:-1\" \/>\n<link rel=\"canonical\" href=\"https:\/\/dicodusport.fr\/blog\/biathlon-championnats-deurope-vebjoern-soerum-sacre-sur-lindividuel-quintuple-norvegien\/\" \/>\n<meta property=\"og:locale\" content=\"fr_FR\" \/>\n<meta property=\"og:type\" content=\"article\" \/>\n<meta property=\"og:title\" content=\"Biathlon Championnats d&#039;Europe : Vebjoern Soerum sacr\u00e9 sur l&#039;individuel, quintupl\u00e9 norv\u00e9gien\" \/>\n<meta property=\"og:description\" content=\"CHAMPIONNATS D&#039;EUROPE DE BIATHLON 2024 - Le Norv\u00e9gien Vebjoern Soerum remporte l&#039;individuel en survolant la course de bout en bout.\" \/>\n<meta property=\"og:url\" content=\"https:\/\/dicodusport.fr\/blog\/biathlon-championnats-deurope-vebjoern-soerum-sacre-sur-lindividuel-quintuple-norvegien\/\" \/>\n<meta property=\"og:site_name\" content=\"Dicodusport\" \/>\n<meta property=\"article:publisher\" content=\"https:\/\/www.facebook.com\/dicodusport\" \/>\n<meta property=\"article:published_time\" content=\"2024-01-24T11:18:14+00:00\" \/>\n<meta property=\"article:modified_time\" content=\"2024-01-24T13:15:08+00:00\" \/>\n<meta property=\"og:image\" content=\"https:\/\/dicodusport.fr\/blog\/wp-content\/uploads\/2024\/01\/Biathlon-Championnats-dEurope-Vebjoern-Soerum-sacre-sur-lindividuel-quintuple-norvegien-1.png\" \/>\n\t<meta property=\"og:image:width\" content=\"1200\" \/>\n\t<meta property=\"og:image:height\" content=\"674\" \/>\n\t<meta property=\"og:image:type\" content=\"image\/png\" \/>\n<meta name=\"author\" content=\"Etienne Goursaud\" \/>\n<meta name=\"twitter:card\" content=\"summary_large_image\" \/>\n<meta name=\"twitter:title\" content=\"Biathlon Championnats d&#039;Europe : Vebjoern Soerum sacr\u00e9 sur l&#039;individuel, quintupl\u00e9 norv\u00e9gien\" \/>\n<meta name=\"twitter:creator\" content=\"@dicodusport\" \/>\n<meta name=\"twitter:site\" content=\"@dicodusport\" \/>\n<script type=\"application\/ld+json\" class=\"yoast-schema-graph\">{\"@context\":\"https:\/\/schema.org\",\"@graph\":[{\"@type\":\"NewsArticle\",\"@id\":\"https:\/\/dicodusport.fr\/blog\/biathlon-championnats-deurope-vebjoern-soerum-sacre-sur-lindividuel-quintuple-norvegien\/#article\",\"isPartOf\":{\"@id\":\"https:\/\/dicodusport.fr\/blog\/biathlon-championnats-deurope-vebjoern-soerum-sacre-sur-lindividuel-quintuple-norvegien\/\"},\"author\":{\"name\":\"Etienne Goursaud\",\"@id\":\"https:\/\/dicodusport.fr\/blog\/#\/schema\/person\/d603dd7da31fb2b46c82b9835a77ec13\"},\"headline\":\"Biathlon Championnats d&rsquo;Europe : Vebjoern Soerum sacr\u00e9 sur l&rsquo;individuel, quintupl\u00e9 norv\u00e9gien\",\"datePublished\":\"2024-01-24T11:18:14+00:00\",\"dateModified\":\"2024-01-24T13:15:08+00:00\",\"mainEntityOfPage\":{\"@id\":\"https:\/\/dicodusport.fr\/blog\/biathlon-championnats-deurope-vebjoern-soerum-sacre-sur-lindividuel-quintuple-norvegien\/\"},\"wordCount\":612,\"commentCount\":0,\"publisher\":{\"@id\":\"https:\/\/dicodusport.fr\/blog\/#organization\"},\"image\":{\"@id\":\"https:\/\/dicodusport.fr\/blog\/biathlon-championnats-deurope-vebjoern-soerum-sacre-sur-lindividuel-quintuple-norvegien\/#primaryimage\"},\"thumbnailUrl\":\"https:\/\/dicodusport.fr\/blog\/wp-content\/uploads\/2024\/01\/Biathlon-Championnats-dEurope-Vebjoern-Soerum-sacre-sur-lindividuel-quintuple-norvegien-1.png\",\"keywords\":[\"Biathlon\",\"br\u00e8ve\",\"Championnats d'Europe de biathlon\",\"sport\"],\"articleSection\":[\"Biathlon\"],\"inLanguage\":\"fr-FR\",\"potentialAction\":[{\"@type\":\"CommentAction\",\"name\":\"Comment\",\"target\":[\"https:\/\/dicodusport.fr\/blog\/biathlon-championnats-deurope-vebjoern-soerum-sacre-sur-lindividuel-quintuple-norvegien\/#respond\"]}],\"copyrightYear\":\"2024\",\"copyrightHolder\":{\"@id\":\"https:\/\/dicodusport.fr\/blog\/#organization\"}},{\"@type\":\"WebPage\",\"@id\":\"https:\/\/dicodusport.fr\/blog\/biathlon-championnats-deurope-vebjoern-soerum-sacre-sur-lindividuel-quintuple-norvegien\/\",\"url\":\"https:\/\/dicodusport.fr\/blog\/biathlon-championnats-deurope-vebjoern-soerum-sacre-sur-lindividuel-quintuple-norvegien\/\",\"name\":\"Biathlon Championnats d'Europe : Vebjoern Soerum sacr\u00e9 sur l'individuel, quintupl\u00e9 norv\u00e9gien\",\"isPartOf\":{\"@id\":\"https:\/\/dicodusport.fr\/blog\/#website\"},\"primaryImageOfPage\":{\"@id\":\"https:\/\/dicodusport.fr\/blog\/biathlon-championnats-deurope-vebjoern-soerum-sacre-sur-lindividuel-quintuple-norvegien\/#primaryimage\"},\"image\":{\"@id\":\"https:\/\/dicodusport.fr\/blog\/biathlon-championnats-deurope-vebjoern-soerum-sacre-sur-lindividuel-quintuple-norvegien\/#primaryimage\"},\"thumbnailUrl\":\"https:\/\/dicodusport.fr\/blog\/wp-content\/uploads\/2024\/01\/Biathlon-Championnats-dEurope-Vebjoern-Soerum-sacre-sur-lindividuel-quintuple-norvegien-1.png\",\"datePublished\":\"2024-01-24T11:18:14+00:00\",\"dateModified\":\"2024-01-24T13:15:08+00:00\",\"description\":\"CHAMPIONNATS D'EUROPE DE BIATHLON 2024 - Le Norv\u00e9gien Vebjoern Soerum remporte l'individuel en survolant la course de bout en bout.\",\"breadcrumb\":{\"@id\":\"https:\/\/dicodusport.fr\/blog\/biathlon-championnats-deurope-vebjoern-soerum-sacre-sur-lindividuel-quintuple-norvegien\/#breadcrumb\"},\"inLanguage\":\"fr-FR\",\"potentialAction\":[{\"@type\":\"ReadAction\",\"target\":[\"https:\/\/dicodusport.fr\/blog\/biathlon-championnats-deurope-vebjoern-soerum-sacre-sur-lindividuel-quintuple-norvegien\/\"]}]},{\"@type\":\"ImageObject\",\"inLanguage\":\"fr-FR\",\"@id\":\"https:\/\/dicodusport.fr\/blog\/biathlon-championnats-deurope-vebjoern-soerum-sacre-sur-lindividuel-quintuple-norvegien\/#primaryimage\",\"url\":\"https:\/\/dicodusport.fr\/blog\/wp-content\/uploads\/2024\/01\/Biathlon-Championnats-dEurope-Vebjoern-Soerum-sacre-sur-lindividuel-quintuple-norvegien-1.png\",\"contentUrl\":\"https:\/\/dicodusport.fr\/blog\/wp-content\/uploads\/2024\/01\/Biathlon-Championnats-dEurope-Vebjoern-Soerum-sacre-sur-lindividuel-quintuple-norvegien-1.png\",\"width\":1200,\"height\":674,\"caption\":\"Biathlon Championnats d'Europe Vebjoern Soerum sacr\u00e9 sur l'individuel, quintupl\u00e9 norv\u00e9gien (1)\"},{\"@type\":\"BreadcrumbList\",\"@id\":\"https:\/\/dicodusport.fr\/blog\/biathlon-championnats-deurope-vebjoern-soerum-sacre-sur-lindividuel-quintuple-norvegien\/#breadcrumb\",\"itemListElement\":[{\"@type\":\"ListItem\",\"position\":1,\"name\":\"Accueil\",\"item\":\"https:\/\/dicodusport.fr\/blog\/\"},{\"@type\":\"ListItem\",\"position\":2,\"name\":\"Biathlon Championnats d&rsquo;Europe : Vebjoern Soerum sacr\u00e9 sur l&rsquo;individuel, quintupl\u00e9 norv\u00e9gien\"}]},{\"@type\":\"WebSite\",\"@id\":\"https:\/\/dicodusport.fr\/blog\/#website\",\"url\":\"https:\/\/dicodusport.fr\/blog\/\",\"name\":\"Dicodusport\",\"description\":\"L&#039;encyclop\u00e9die de l&#039;actualit\u00e9 sportive\",\"publisher\":{\"@id\":\"https:\/\/dicodusport.fr\/blog\/#organization\"},\"potentialAction\":[{\"@type\":\"SearchAction\",\"target\":{\"@type\":\"EntryPoint\",\"urlTemplate\":\"https:\/\/dicodusport.fr\/blog\/?s={search_term_string}\"},\"query-input\":{\"@type\":\"PropertyValueSpecification\",\"valueRequired\":true,\"valueName\":\"search_term_string\"}}],\"inLanguage\":\"fr-FR\"},{\"@type\":\"NewsMediaOrganization\",\"@id\":\"https:\/\/dicodusport.fr\/blog\/#organization\",\"name\":\"Dicodusport\",\"url\":\"https:\/\/dicodusport.fr\/blog\/\",\"logo\":{\"@type\":\"ImageObject\",\"inLanguage\":\"fr-FR\",\"@id\":\"https:\/\/dicodusport.fr\/blog\/#\/schema\/logo\/image\/\",\"url\":\"https:\/\/dicodusport.fr\/blog\/wp-content\/uploads\/2020\/06\/cropped-LOGO-DICODUSPORT-2020-SANS-FOND-SANS-TEXTE.png\",\"contentUrl\":\"https:\/\/dicodusport.fr\/blog\/wp-content\/uploads\/2020\/06\/cropped-LOGO-DICODUSPORT-2020-SANS-FOND-SANS-TEXTE.png\",\"width\":512,\"height\":512,\"caption\":\"Dicodusport\"},\"image\":{\"@id\":\"https:\/\/dicodusport.fr\/blog\/#\/schema\/logo\/image\/\"},\"sameAs\":[\"https:\/\/www.facebook.com\/dicodusport\",\"https:\/\/x.com\/dicodusport\",\"https:\/\/www.instagram.com\/dicodusport\/\",\"https:\/\/www.youtube.com\/channel\/UC7V2KZ5sd3htJivAbA4ZG3w\"],\"description\":\"Dicodusport est l'encyclop\u00e9die de l'actualit\u00e9 sportive.\",\"email\":\"bonjour@dicodusport.fr\",\"legalName\":\"DICODUSPORT\",\"foundingDate\":\"2018-01-14\",\"vatID\":\"FR71834470973\",\"taxID\":\"83447097300043\",\"numberOfEmployees\":{\"@type\":\"QuantitativeValue\",\"minValue\":\"1\",\"maxValue\":\"10\"}},{\"@type\":\"Person\",\"@id\":\"https:\/\/dicodusport.fr\/blog\/#\/schema\/person\/d603dd7da31fb2b46c82b9835a77ec13\",\"name\":\"Etienne Goursaud\",\"image\":{\"@type\":\"ImageObject\",\"inLanguage\":\"fr-FR\",\"@id\":\"https:\/\/dicodusport.fr\/blog\/#\/schema\/person\/image\/\",\"url\":\"https:\/\/dicodusport.fr\/blog\/wp-content\/uploads\/2023\/12\/410122264_10231602061736049_5565839791558026645_n-150x150.jpg\",\"contentUrl\":\"https:\/\/dicodusport.fr\/blog\/wp-content\/uploads\/2023\/12\/410122264_10231602061736049_5565839791558026645_n-150x150.jpg\",\"caption\":\"Etienne Goursaud\"},\"description\":\"Journaliste et amoureux de sport. Ancien footballeur reconverti athl\u00e8te quand ses muscles le laissent tranquille. \u00c9lev\u00e9 \u00e0 la sauce des exploits de Thomas Voeckler en 2004, du dernier essai de l\u00e9gende de Eunice Barber \u00e0 la longueur lors des championnats du monde d'athl\u00e9tisme de 2003 mais aussi Zidane, Omeyer et Titou Lamaison.\",\"url\":\"https:\/\/dicodusport.fr\/blog\/author\/etienne-goursaud\/\"}]}<\/script>\n<!-- \/ Yoast SEO Premium plugin. -->","yoast_head_json":{"title":"Biathlon Championnats d'Europe : Vebjoern Soerum sacr\u00e9 sur l'individuel, quintupl\u00e9 norv\u00e9gien","description":"CHAMPIONNATS D'EUROPE DE BIATHLON 2024 - Le Norv\u00e9gien Vebjoern Soerum remporte l'individuel en survolant la course de bout en bout.","robots":{"index":"index","follow":"follow","max-snippet":"max-snippet:-1","max-image-preview":"max-image-preview:large","max-video-preview":"max-video-preview:-1"},"canonical":"https:\/\/dicodusport.fr\/blog\/biathlon-championnats-deurope-vebjoern-soerum-sacre-sur-lindividuel-quintuple-norvegien\/","og_locale":"fr_FR","og_type":"article","og_title":"Biathlon Championnats d'Europe : Vebjoern Soerum sacr\u00e9 sur l'individuel, quintupl\u00e9 norv\u00e9gien","og_description":"CHAMPIONNATS D'EUROPE DE BIATHLON 2024 - Le Norv\u00e9gien Vebjoern Soerum remporte l'individuel en survolant la course de bout en bout.","og_url":"https:\/\/dicodusport.fr\/blog\/biathlon-championnats-deurope-vebjoern-soerum-sacre-sur-lindividuel-quintuple-norvegien\/","og_site_name":"Dicodusport","article_publisher":"https:\/\/www.facebook.com\/dicodusport","article_published_time":"2024-01-24T11:18:14+00:00","article_modified_time":"2024-01-24T13:15:08+00:00","og_image":[{"width":1200,"height":674,"url":"https:\/\/dicodusport.fr\/blog\/wp-content\/uploads\/2024\/01\/Biathlon-Championnats-dEurope-Vebjoern-Soerum-sacre-sur-lindividuel-quintuple-norvegien-1.png","type":"image\/png"}],"author":"Etienne Goursaud","twitter_card":"summary_large_image","twitter_title":"Biathlon Championnats d'Europe : Vebjoern Soerum sacr\u00e9 sur l'individuel, quintupl\u00e9 norv\u00e9gien","twitter_creator":"@dicodusport","twitter_site":"@dicodusport","schema":{"@context":"https:\/\/schema.org","@graph":[{"@type":"NewsArticle","@id":"https:\/\/dicodusport.fr\/blog\/biathlon-championnats-deurope-vebjoern-soerum-sacre-sur-lindividuel-quintuple-norvegien\/#article","isPartOf":{"@id":"https:\/\/dicodusport.fr\/blog\/biathlon-championnats-deurope-vebjoern-soerum-sacre-sur-lindividuel-quintuple-norvegien\/"},"author":{"name":"Etienne Goursaud","@id":"https:\/\/dicodusport.fr\/blog\/#\/schema\/person\/d603dd7da31fb2b46c82b9835a77ec13"},"headline":"Biathlon Championnats d&rsquo;Europe : Vebjoern Soerum sacr\u00e9 sur l&rsquo;individuel, quintupl\u00e9 norv\u00e9gien","datePublished":"2024-01-24T11:18:14+00:00","dateModified":"2024-01-24T13:15:08+00:00","mainEntityOfPage":{"@id":"https:\/\/dicodusport.fr\/blog\/biathlon-championnats-deurope-vebjoern-soerum-sacre-sur-lindividuel-quintuple-norvegien\/"},"wordCount":612,"commentCount":0,"publisher":{"@id":"https:\/\/dicodusport.fr\/blog\/#organization"},"image":{"@id":"https:\/\/dicodusport.fr\/blog\/biathlon-championnats-deurope-vebjoern-soerum-sacre-sur-lindividuel-quintuple-norvegien\/#primaryimage"},"thumbnailUrl":"https:\/\/dicodusport.fr\/blog\/wp-content\/uploads\/2024\/01\/Biathlon-Championnats-dEurope-Vebjoern-Soerum-sacre-sur-lindividuel-quintuple-norvegien-1.png","keywords":["Biathlon","br\u00e8ve","Championnats d'Europe de biathlon","sport"],"articleSection":["Biathlon"],"inLanguage":"fr-FR","potentialAction":[{"@type":"CommentAction","name":"Comment","target":["https:\/\/dicodusport.fr\/blog\/biathlon-championnats-deurope-vebjoern-soerum-sacre-sur-lindividuel-quintuple-norvegien\/#respond"]}],"copyrightYear":"2024","copyrightHolder":{"@id":"https:\/\/dicodusport.fr\/blog\/#organization"}},{"@type":"WebPage","@id":"https:\/\/dicodusport.fr\/blog\/biathlon-championnats-deurope-vebjoern-soerum-sacre-sur-lindividuel-quintuple-norvegien\/","url":"https:\/\/dicodusport.fr\/blog\/biathlon-championnats-deurope-vebjoern-soerum-sacre-sur-lindividuel-quintuple-norvegien\/","name":"Biathlon Championnats d'Europe : Vebjoern Soerum sacr\u00e9 sur l'individuel, quintupl\u00e9 norv\u00e9gien","isPartOf":{"@id":"https:\/\/dicodusport.fr\/blog\/#website"},"primaryImageOfPage":{"@id":"https:\/\/dicodusport.fr\/blog\/biathlon-championnats-deurope-vebjoern-soerum-sacre-sur-lindividuel-quintuple-norvegien\/#primaryimage"},"image":{"@id":"https:\/\/dicodusport.fr\/blog\/biathlon-championnats-deurope-vebjoern-soerum-sacre-sur-lindividuel-quintuple-norvegien\/#primaryimage"},"thumbnailUrl":"https:\/\/dicodusport.fr\/blog\/wp-content\/uploads\/2024\/01\/Biathlon-Championnats-dEurope-Vebjoern-Soerum-sacre-sur-lindividuel-quintuple-norvegien-1.png","datePublished":"2024-01-24T11:18:14+00:00","dateModified":"2024-01-24T13:15:08+00:00","description":"CHAMPIONNATS D'EUROPE DE BIATHLON 2024 - Le Norv\u00e9gien Vebjoern Soerum remporte l'individuel en survolant la course de bout en bout.","breadcrumb":{"@id":"https:\/\/dicodusport.fr\/blog\/biathlon-championnats-deurope-vebjoern-soerum-sacre-sur-lindividuel-quintuple-norvegien\/#breadcrumb"},"inLanguage":"fr-FR","potentialAction":[{"@type":"ReadAction","target":["https:\/\/dicodusport.fr\/blog\/biathlon-championnats-deurope-vebjoern-soerum-sacre-sur-lindividuel-quintuple-norvegien\/"]}]},{"@type":"ImageObject","inLanguage":"fr-FR","@id":"https:\/\/dicodusport.fr\/blog\/biathlon-championnats-deurope-vebjoern-soerum-sacre-sur-lindividuel-quintuple-norvegien\/#primaryimage","url":"https:\/\/dicodusport.fr\/blog\/wp-content\/uploads\/2024\/01\/Biathlon-Championnats-dEurope-Vebjoern-Soerum-sacre-sur-lindividuel-quintuple-norvegien-1.png","contentUrl":"https:\/\/dicodusport.fr\/blog\/wp-content\/uploads\/2024\/01\/Biathlon-Championnats-dEurope-Vebjoern-Soerum-sacre-sur-lindividuel-quintuple-norvegien-1.png","width":1200,"height":674,"caption":"Biathlon Championnats d'Europe Vebjoern Soerum sacr\u00e9 sur l'individuel, quintupl\u00e9 norv\u00e9gien (1)"},{"@type":"BreadcrumbList","@id":"https:\/\/dicodusport.fr\/blog\/biathlon-championnats-deurope-vebjoern-soerum-sacre-sur-lindividuel-quintuple-norvegien\/#breadcrumb","itemListElement":[{"@type":"ListItem","position":1,"name":"Accueil","item":"https:\/\/dicodusport.fr\/blog\/"},{"@type":"ListItem","position":2,"name":"Biathlon Championnats d&rsquo;Europe : Vebjoern Soerum sacr\u00e9 sur l&rsquo;individuel, quintupl\u00e9 norv\u00e9gien"}]},{"@type":"WebSite","@id":"https:\/\/dicodusport.fr\/blog\/#website","url":"https:\/\/dicodusport.fr\/blog\/","name":"Dicodusport","description":"L&#039;encyclop\u00e9die de l&#039;actualit\u00e9 sportive","publisher":{"@id":"https:\/\/dicodusport.fr\/blog\/#organization"},"potentialAction":[{"@type":"SearchAction","target":{"@type":"EntryPoint","urlTemplate":"https:\/\/dicodusport.fr\/blog\/?s={search_term_string}"},"query-input":{"@type":"PropertyValueSpecification","valueRequired":true,"valueName":"search_term_string"}}],"inLanguage":"fr-FR"},{"@type":"NewsMediaOrganization","@id":"https:\/\/dicodusport.fr\/blog\/#organization","name":"Dicodusport","url":"https:\/\/dicodusport.fr\/blog\/","logo":{"@type":"ImageObject","inLanguage":"fr-FR","@id":"https:\/\/dicodusport.fr\/blog\/#\/schema\/logo\/image\/","url":"https:\/\/dicodusport.fr\/blog\/wp-content\/uploads\/2020\/06\/cropped-LOGO-DICODUSPORT-2020-SANS-FOND-SANS-TEXTE.png","contentUrl":"https:\/\/dicodusport.fr\/blog\/wp-content\/uploads\/2020\/06\/cropped-LOGO-DICODUSPORT-2020-SANS-FOND-SANS-TEXTE.png","width":512,"height":512,"caption":"Dicodusport"},"image":{"@id":"https:\/\/dicodusport.fr\/blog\/#\/schema\/logo\/image\/"},"sameAs":["https:\/\/www.facebook.com\/dicodusport","https:\/\/x.com\/dicodusport","https:\/\/www.instagram.com\/dicodusport\/","https:\/\/www.youtube.com\/channel\/UC7V2KZ5sd3htJivAbA4ZG3w"],"description":"Dicodusport est l'encyclop\u00e9die de l'actualit\u00e9 sportive.","email":"bonjour@dicodusport.fr","legalName":"DICODUSPORT","foundingDate":"2018-01-14","vatID":"FR71834470973","taxID":"83447097300043","numberOfEmployees":{"@type":"QuantitativeValue","minValue":"1","maxValue":"10"}},{"@type":"Person","@id":"https:\/\/dicodusport.fr\/blog\/#\/schema\/person\/d603dd7da31fb2b46c82b9835a77ec13","name":"Etienne Goursaud","image":{"@type":"ImageObject","inLanguage":"fr-FR","@id":"https:\/\/dicodusport.fr\/blog\/#\/schema\/person\/image\/","url":"https:\/\/dicodusport.fr\/blog\/wp-content\/uploads\/2023\/12\/410122264_10231602061736049_5565839791558026645_n-150x150.jpg","contentUrl":"https:\/\/dicodusport.fr\/blog\/wp-content\/uploads\/2023\/12\/410122264_10231602061736049_5565839791558026645_n-150x150.jpg","caption":"Etienne Goursaud"},"description":"Journaliste et amoureux de sport. Ancien footballeur reconverti athl\u00e8te quand ses muscles le laissent tranquille. \u00c9lev\u00e9 \u00e0 la sauce des exploits de Thomas Voeckler en 2004, du dernier essai de l\u00e9gende de Eunice Barber \u00e0 la longueur lors des championnats du monde d'athl\u00e9tisme de 2003 mais aussi Zidane, Omeyer et Titou Lamaison.","url":"https:\/\/dicodusport.fr\/blog\/author\/etienne-goursaud\/"}]}},"_links":{"self":[{"href":"https:\/\/dicodusport.fr\/blog\/wp-json\/wp\/v2\/posts\/455975","targetHints":{"allow":["GET"]}}],"collection":[{"href":"https:\/\/dicodusport.fr\/blog\/wp-json\/wp\/v2\/posts"}],"about":[{"href":"https:\/\/dicodusport.fr\/blog\/wp-json\/wp\/v2\/types\/post"}],"author":[{"embeddable":true,"href":"https:\/\/dicodusport.fr\/blog\/wp-json\/wp\/v2\/users\/83"}],"replies":[{"embeddable":true,"href":"https:\/\/dicodusport.fr\/blog\/wp-json\/wp\/v2\/comments?post=455975"}],"version-history":[{"count":5,"href":"https:\/\/dicodusport.fr\/blog\/wp-json\/wp\/v2\/posts\/455975\/revisions"}],"predecessor-version":[{"id":456022,"href":"https:\/\/dicodusport.fr\/blog\/wp-json\/wp\/v2\/posts\/455975\/revisions\/456022"}],"wp:featuredmedia":[{"embeddable":true,"href":"https:\/\/dicodusport.fr\/blog\/wp-json\/wp\/v2\/media\/456012"}],"wp:attachment":[{"href":"https:\/\/dicodusport.fr\/blog\/wp-json\/wp\/v2\/media?parent=455975"}],"wp:term":[{"taxonomy":"category","embeddable":true,"href":"https:\/\/dicodusport.fr\/blog\/wp-json\/wp\/v2\/categories?post=455975"},{"taxonomy":"post_tag","embeddable":true,"href":"https:\/\/dicodusport.fr\/blog\/wp-json\/wp\/v2\/tags?post=455975"}],"curies":[{"name":"wp","href":"https:\/\/api.w.org\/{rel}","templated":true}]}}