{"id":455979,"date":"2024-01-24T11:11:17","date_gmt":"2024-01-24T10:11:17","guid":{"rendered":"https:\/\/dicodusport.fr\/blog\/?p=455979&#038;preview=true&#038;preview_id=455979"},"modified":"2024-01-24T11:11:17","modified_gmt":"2024-01-24T10:11:17","slug":"joj-dhiver-nash-huot-marchand-ski-alpin-rajoute-de-lor-le-biathlon-termine-sur-une-medaille","status":"publish","type":"post","link":"https:\/\/dicodusport.fr\/blog\/joj-dhiver-nash-huot-marchand-ski-alpin-rajoute-de-lor-le-biathlon-termine-sur-une-medaille\/","title":{"rendered":"JOJ d&rsquo;hiver : Nash Huot-Marchand (ski alpin) rajoute de l&rsquo;or, le biathlon termine sur une m\u00e9daille"},"content":{"rendered":"<p style=\"text-align: justify;\"><strong><em><a href=\"https:\/\/dicodusport.fr\/blog\/?s=jeux+olympiques+jeunesse+d%27hiver\">JEUX OLYMPIQUES DE LA JEUNESSE D&rsquo;HIVER<\/a> &#8211; Deux m\u00e9dailles de plus pour la d\u00e9l\u00e9gation fran\u00e7aise, avec en point d&rsquo;orgue un nouveau titre pour Nash Huot-Marchand.<\/em><\/strong><\/p>\n<p style=\"text-align: justify;\">Le ski alpin n&rsquo;avait pas encore apport\u00e9 de titre, ni m\u00eame de m\u00e9daille lors de ces Jeux Olympiques de la Jeunesse d&rsquo;Hiver. C&rsquo;est chose faite depuis cette nuit, puisque <strong>Nash Huot-Marchand<\/strong> a d\u00e9bloqu\u00e9 le compteur, et avec la mani\u00e8re ! Sur le G\u00e9ant, le Tricolore a confirm\u00e9 ses \u00e9normes dispositions en raflant la mise, avec une avance de 93 centi\u00e8mes sur son plus proche poursuivant.<\/p>\n<blockquote class=\"twitter-tweet\">\n<p dir=\"ltr\" lang=\"fr\">\ud83c\uddeb\ud83c\uddf7 Le slalom g\u00e9ant est \u00e0 Nash Huot-Marchand ! \ud83e\udd47<\/p>\n<p>Notre skieur tricolore s&#8217;empare de la victoire avec pr\u00e8s d&rsquo;une seconde d&rsquo;avance et remporte la premi\u00e8re m\u00e9daille pour le ski alpin fran\u00e7ais \u00e0 <a href=\"https:\/\/twitter.com\/hashtag\/Gangwon2024?src=hash&amp;ref_src=twsrc%5Etfw\">#Gangwon2024<\/a> ! <a href=\"https:\/\/twitter.com\/hashtag\/AllezLesBleus?src=hash&amp;ref_src=twsrc%5Etfw\">#AllezLesBleus<\/a> <a href=\"https:\/\/t.co\/PMaUHJwODi\">pic.twitter.com\/PMaUHJwODi<\/a><\/p>\n<p>\u2014 FranceOlympique (@FranceOlympique) <a href=\"https:\/\/twitter.com\/FranceOlympique\/status\/1750018909753974990?ref_src=twsrc%5Etfw\">January 24, 2024<\/a><\/p><\/blockquote>\n<p style=\"text-align: justify;\"><script async src=\"https:\/\/platform.twitter.com\/widgets.js\" charset=\"utf-8\"><\/script><br \/>\nLe junior partage un point commun &#8211; Courchevel, son lieu d&rsquo;entra\u00eenement &#8211; avec un certain <strong>Alexis Pinturault<\/strong>. Apr\u00e8s la course, il n&rsquo;a pas manqu\u00e9 de lui rendre hommage <em>\u00ab\u00a0Je le connais, bien s\u00fbr, c&rsquo;est un grand skieur et une source d&rsquo;inspiration pour moi\u00a0\u00bb<\/em>. Puisse-t-il avoir la m\u00eame carri\u00e8re.<\/p>\n<h2 style=\"text-align: justify;\">Le biathlon a tout donn\u00e9<\/h2>\n<p style=\"text-align: justify;\">Les Bleuets du biathlon ont r\u00e9ussi leur comp\u00e9tition. Cette nuit, ils ont cl\u00f4tur\u00e9 les d\u00e9bats en prenant une cinqui\u00e8me et derni\u00e8re m\u00e9daille. Sur le relais mixte, <strong>Alice Dusserre, Louise Roguet, Flavio Guy<\/strong> et <strong>Antonin Guy<\/strong> ont pris une deuxi\u00e8me place bien m\u00e9rit\u00e9e, ce qui les fait conclure en beaut\u00e9. Avec quatre m\u00e9dailles dont trois titres, <strong>Antonin Guy<\/strong> sera sans nul doute l&rsquo;un des hommes de cette comp\u00e9tition.<\/p>\n<h3 style=\"text-align: justify;\">Le r\u00e9capitulatif des m\u00e9dailles :<\/h3>\n<p style=\"text-align: justify;\"><strong><em><span style=\"text-decoration: underline;\">Or <\/span>: <\/em><\/strong>Jonas Chollet (snowboardcross), Jonas Chollet et L\u00e9a Casta (snowboardcross), Antonin Guy X2 (biathlon), Antonin Guy et Alice Dusserre (biathlon), Nash Huot-Marchand (ski alpin).<\/p>\n<p style=\"text-align: justify;\"><strong><em><span style=\"text-decoration: underline;\">Argent <\/span>:<\/em><\/strong> Maja-Li Iafrate Danielsson (snowboardcross), Benjamin Niel et Maja-Li Iafrate Danielsson (snowboardcross), Alice Dusserre, Louise Roguet, Flavio Guy et Antonin Guy (biathlon).<\/p>\n<p style=\"text-align: justify;\"><span style=\"text-decoration: underline;\"><em><strong>Bronze<\/strong> <\/em><\/span>: L\u00e9a Casta (snowboardcross), Flavio Guy (biathlon).<\/p>\n","protected":false},"excerpt":{"rendered":"<p>JEUX OLYMPIQUES DE LA JEUNESSE D&rsquo;HIVER &#8211; Deux m\u00e9dailles de plus pour la d\u00e9l\u00e9gation fran\u00e7aise, avec en point d&rsquo;orgue un nouveau titre pour Nash Huot-Marchand.<\/p>\n","protected":false},"author":59,"featured_media":455980,"comment_status":"open","ping_status":"closed","sticky":false,"template":"","format":"standard","meta":{"_acf_changed":false,"_daextam_enable_autolinks":"1","footnotes":""},"categories":[2426,2313],"tags":[37187,2427,16878,6176],"class_list":["post-455979","post","type-post","status-publish","format-standard","has-post-thumbnail","hentry","category-biathlon","category-sports-dhiver","tag-antonin-guy","tag-biathlon","tag-breve","tag-jeux-olympiques-de-la-jeunesse"],"acf":[],"yoast_head":"<!-- This site is optimized with the Yoast SEO Premium plugin v26.7 (Yoast SEO v26.7) - https:\/\/yoast.com\/wordpress\/plugins\/seo\/ -->\n<title>JOJ d&#039;hiver : Nash Huot-Marchand (ski alpin) rajoute de l&#039;or, le biathlon termine sur une m\u00e9daille<\/title>\n<meta name=\"description\" content=\"JEUX OLYMPIQUES DE LA JEUNESSE D&#039;HIVER - Deux m\u00e9dailles de plus pour la d\u00e9l\u00e9gation fran\u00e7aise, avec en point d&#039;orgue un nouveau titre pour Nash Huot-Marchand.\" \/>\n<meta name=\"robots\" content=\"index, follow, max-snippet:-1, max-image-preview:large, max-video-preview:-1\" \/>\n<link rel=\"canonical\" href=\"https:\/\/dicodusport.fr\/blog\/joj-dhiver-nash-huot-marchand-ski-alpin-rajoute-de-lor-le-biathlon-termine-sur-une-medaille\/\" \/>\n<meta property=\"og:locale\" content=\"fr_FR\" \/>\n<meta property=\"og:type\" content=\"article\" \/>\n<meta property=\"og:title\" content=\"JOJ d&#039;hiver : Nash Huot-Marchand (ski alpin) rajoute de l&#039;or, le biathlon termine sur une m\u00e9daille\" \/>\n<meta property=\"og:description\" content=\"JEUX OLYMPIQUES DE LA JEUNESSE D&#039;HIVER - Deux m\u00e9dailles de plus pour la d\u00e9l\u00e9gation fran\u00e7aise, avec en point d&#039;orgue un nouveau titre pour Nash Huot-Marchand.\" \/>\n<meta property=\"og:url\" content=\"https:\/\/dicodusport.fr\/blog\/joj-dhiver-nash-huot-marchand-ski-alpin-rajoute-de-lor-le-biathlon-termine-sur-une-medaille\/\" \/>\n<meta property=\"og:site_name\" content=\"Dicodusport\" \/>\n<meta property=\"article:publisher\" content=\"https:\/\/www.facebook.com\/dicodusport\" \/>\n<meta property=\"article:author\" content=\"https:\/\/www.facebook.com\/sebastien.gente\/\" \/>\n<meta property=\"article:published_time\" content=\"2024-01-24T10:11:17+00:00\" \/>\n<meta property=\"og:image\" content=\"https:\/\/dicodusport.fr\/blog\/wp-content\/uploads\/2024\/01\/JOJ-dhiver-Nash-Huot-Marchand-ski-alpin-rajoute-de-lor-le-biathlon-termine-sur-une-medaille.png\" \/>\n\t<meta property=\"og:image:width\" content=\"1200\" \/>\n\t<meta property=\"og:image:height\" content=\"674\" \/>\n\t<meta property=\"og:image:type\" content=\"image\/png\" \/>\n<meta name=\"author\" content=\"S\u00e9bastien Gente\" \/>\n<meta name=\"twitter:card\" content=\"summary_large_image\" \/>\n<meta name=\"twitter:title\" content=\"JOJ d&#039;hiver : Nash Huot-Marchand (ski alpin) rajoute de l&#039;or, le biathlon termine sur une m\u00e9daille\" \/>\n<meta name=\"twitter:creator\" content=\"@https:\/\/twitter.com\/globulo24\" \/>\n<meta name=\"twitter:site\" content=\"@dicodusport\" \/>\n<script type=\"application\/ld+json\" class=\"yoast-schema-graph\">{\"@context\":\"https:\/\/schema.org\",\"@graph\":[{\"@type\":\"NewsArticle\",\"@id\":\"https:\/\/dicodusport.fr\/blog\/joj-dhiver-nash-huot-marchand-ski-alpin-rajoute-de-lor-le-biathlon-termine-sur-une-medaille\/#article\",\"isPartOf\":{\"@id\":\"https:\/\/dicodusport.fr\/blog\/joj-dhiver-nash-huot-marchand-ski-alpin-rajoute-de-lor-le-biathlon-termine-sur-une-medaille\/\"},\"author\":{\"name\":\"S\u00e9bastien Gente\",\"@id\":\"https:\/\/dicodusport.fr\/blog\/#\/schema\/person\/627966a6cde45dbd8c5e36ac85d783da\"},\"headline\":\"JOJ d&rsquo;hiver : Nash Huot-Marchand (ski alpin) rajoute de l&rsquo;or, le biathlon termine sur une m\u00e9daille\",\"datePublished\":\"2024-01-24T10:11:17+00:00\",\"mainEntityOfPage\":{\"@id\":\"https:\/\/dicodusport.fr\/blog\/joj-dhiver-nash-huot-marchand-ski-alpin-rajoute-de-lor-le-biathlon-termine-sur-une-medaille\/\"},\"wordCount\":369,\"commentCount\":0,\"publisher\":{\"@id\":\"https:\/\/dicodusport.fr\/blog\/#organization\"},\"image\":{\"@id\":\"https:\/\/dicodusport.fr\/blog\/joj-dhiver-nash-huot-marchand-ski-alpin-rajoute-de-lor-le-biathlon-termine-sur-une-medaille\/#primaryimage\"},\"thumbnailUrl\":\"https:\/\/dicodusport.fr\/blog\/wp-content\/uploads\/2024\/01\/JOJ-dhiver-Nash-Huot-Marchand-ski-alpin-rajoute-de-lor-le-biathlon-termine-sur-une-medaille.png\",\"keywords\":[\"Antonin Guy\",\"Biathlon\",\"br\u00e8ve\",\"Jeux olympiques de la jeunesse\"],\"articleSection\":[\"Biathlon\",\"Sports d'hiver\"],\"inLanguage\":\"fr-FR\",\"potentialAction\":[{\"@type\":\"CommentAction\",\"name\":\"Comment\",\"target\":[\"https:\/\/dicodusport.fr\/blog\/joj-dhiver-nash-huot-marchand-ski-alpin-rajoute-de-lor-le-biathlon-termine-sur-une-medaille\/#respond\"]}],\"copyrightYear\":\"2024\",\"copyrightHolder\":{\"@id\":\"https:\/\/dicodusport.fr\/blog\/#organization\"}},{\"@type\":\"WebPage\",\"@id\":\"https:\/\/dicodusport.fr\/blog\/joj-dhiver-nash-huot-marchand-ski-alpin-rajoute-de-lor-le-biathlon-termine-sur-une-medaille\/\",\"url\":\"https:\/\/dicodusport.fr\/blog\/joj-dhiver-nash-huot-marchand-ski-alpin-rajoute-de-lor-le-biathlon-termine-sur-une-medaille\/\",\"name\":\"JOJ d'hiver : Nash Huot-Marchand (ski alpin) rajoute de l'or, le biathlon termine sur une m\u00e9daille\",\"isPartOf\":{\"@id\":\"https:\/\/dicodusport.fr\/blog\/#website\"},\"primaryImageOfPage\":{\"@id\":\"https:\/\/dicodusport.fr\/blog\/joj-dhiver-nash-huot-marchand-ski-alpin-rajoute-de-lor-le-biathlon-termine-sur-une-medaille\/#primaryimage\"},\"image\":{\"@id\":\"https:\/\/dicodusport.fr\/blog\/joj-dhiver-nash-huot-marchand-ski-alpin-rajoute-de-lor-le-biathlon-termine-sur-une-medaille\/#primaryimage\"},\"thumbnailUrl\":\"https:\/\/dicodusport.fr\/blog\/wp-content\/uploads\/2024\/01\/JOJ-dhiver-Nash-Huot-Marchand-ski-alpin-rajoute-de-lor-le-biathlon-termine-sur-une-medaille.png\",\"datePublished\":\"2024-01-24T10:11:17+00:00\",\"description\":\"JEUX OLYMPIQUES DE LA JEUNESSE D'HIVER - Deux m\u00e9dailles de plus pour la d\u00e9l\u00e9gation fran\u00e7aise, avec en point d'orgue un nouveau titre pour Nash Huot-Marchand.\",\"breadcrumb\":{\"@id\":\"https:\/\/dicodusport.fr\/blog\/joj-dhiver-nash-huot-marchand-ski-alpin-rajoute-de-lor-le-biathlon-termine-sur-une-medaille\/#breadcrumb\"},\"inLanguage\":\"fr-FR\",\"potentialAction\":[{\"@type\":\"ReadAction\",\"target\":[\"https:\/\/dicodusport.fr\/blog\/joj-dhiver-nash-huot-marchand-ski-alpin-rajoute-de-lor-le-biathlon-termine-sur-une-medaille\/\"]}]},{\"@type\":\"ImageObject\",\"inLanguage\":\"fr-FR\",\"@id\":\"https:\/\/dicodusport.fr\/blog\/joj-dhiver-nash-huot-marchand-ski-alpin-rajoute-de-lor-le-biathlon-termine-sur-une-medaille\/#primaryimage\",\"url\":\"https:\/\/dicodusport.fr\/blog\/wp-content\/uploads\/2024\/01\/JOJ-dhiver-Nash-Huot-Marchand-ski-alpin-rajoute-de-lor-le-biathlon-termine-sur-une-medaille.png\",\"contentUrl\":\"https:\/\/dicodusport.fr\/blog\/wp-content\/uploads\/2024\/01\/JOJ-dhiver-Nash-Huot-Marchand-ski-alpin-rajoute-de-lor-le-biathlon-termine-sur-une-medaille.png\",\"width\":1200,\"height\":674,\"caption\":\"JOJ d'hiver Nash Huot-Marchand (ski alpin) rajoute de l'or, le biathlon termine sur une m\u00e9daille\"},{\"@type\":\"BreadcrumbList\",\"@id\":\"https:\/\/dicodusport.fr\/blog\/joj-dhiver-nash-huot-marchand-ski-alpin-rajoute-de-lor-le-biathlon-termine-sur-une-medaille\/#breadcrumb\",\"itemListElement\":[{\"@type\":\"ListItem\",\"position\":1,\"name\":\"Accueil\",\"item\":\"https:\/\/dicodusport.fr\/blog\/\"},{\"@type\":\"ListItem\",\"position\":2,\"name\":\"JOJ d&rsquo;hiver : Nash Huot-Marchand (ski alpin) rajoute de l&rsquo;or, le biathlon termine sur une m\u00e9daille\"}]},{\"@type\":\"WebSite\",\"@id\":\"https:\/\/dicodusport.fr\/blog\/#website\",\"url\":\"https:\/\/dicodusport.fr\/blog\/\",\"name\":\"Dicodusport\",\"description\":\"L&#039;encyclop\u00e9die de l&#039;actualit\u00e9 sportive\",\"publisher\":{\"@id\":\"https:\/\/dicodusport.fr\/blog\/#organization\"},\"potentialAction\":[{\"@type\":\"SearchAction\",\"target\":{\"@type\":\"EntryPoint\",\"urlTemplate\":\"https:\/\/dicodusport.fr\/blog\/?s={search_term_string}\"},\"query-input\":{\"@type\":\"PropertyValueSpecification\",\"valueRequired\":true,\"valueName\":\"search_term_string\"}}],\"inLanguage\":\"fr-FR\"},{\"@type\":\"NewsMediaOrganization\",\"@id\":\"https:\/\/dicodusport.fr\/blog\/#organization\",\"name\":\"Dicodusport\",\"url\":\"https:\/\/dicodusport.fr\/blog\/\",\"logo\":{\"@type\":\"ImageObject\",\"inLanguage\":\"fr-FR\",\"@id\":\"https:\/\/dicodusport.fr\/blog\/#\/schema\/logo\/image\/\",\"url\":\"https:\/\/dicodusport.fr\/blog\/wp-content\/uploads\/2020\/06\/cropped-LOGO-DICODUSPORT-2020-SANS-FOND-SANS-TEXTE.png\",\"contentUrl\":\"https:\/\/dicodusport.fr\/blog\/wp-content\/uploads\/2020\/06\/cropped-LOGO-DICODUSPORT-2020-SANS-FOND-SANS-TEXTE.png\",\"width\":512,\"height\":512,\"caption\":\"Dicodusport\"},\"image\":{\"@id\":\"https:\/\/dicodusport.fr\/blog\/#\/schema\/logo\/image\/\"},\"sameAs\":[\"https:\/\/www.facebook.com\/dicodusport\",\"https:\/\/x.com\/dicodusport\",\"https:\/\/www.instagram.com\/dicodusport\/\",\"https:\/\/www.youtube.com\/channel\/UC7V2KZ5sd3htJivAbA4ZG3w\"],\"description\":\"Dicodusport est l'encyclop\u00e9die de l'actualit\u00e9 sportive.\",\"email\":\"bonjour@dicodusport.fr\",\"legalName\":\"DICODUSPORT\",\"foundingDate\":\"2018-01-14\",\"vatID\":\"FR71834470973\",\"taxID\":\"83447097300043\",\"numberOfEmployees\":{\"@type\":\"QuantitativeValue\",\"minValue\":\"1\",\"maxValue\":\"10\"}},{\"@type\":\"Person\",\"@id\":\"https:\/\/dicodusport.fr\/blog\/#\/schema\/person\/627966a6cde45dbd8c5e36ac85d783da\",\"name\":\"S\u00e9bastien Gente\",\"image\":{\"@type\":\"ImageObject\",\"inLanguage\":\"fr-FR\",\"@id\":\"https:\/\/dicodusport.fr\/blog\/#\/schema\/person\/image\/\",\"url\":\"https:\/\/dicodusport.fr\/blog\/wp-content\/uploads\/2021\/09\/1510990_10205810251400683_4124423575079401707_n-150x150.jpg\",\"contentUrl\":\"https:\/\/dicodusport.fr\/blog\/wp-content\/uploads\/2021\/09\/1510990_10205810251400683_4124423575079401707_n-150x150.jpg\",\"caption\":\"S\u00e9bastien Gente\"},\"description\":\"John Stockton, Gianni Bugno, Zinedine Zidane, Steffi Graf, Frode Andresen, St\u00e9phane Stoecklin, Davis Kamoga, Primoz Peterka, Werner Schlager et Aur\u00e9lien Rougerie. Point commun entre ces sportifs? Ils m'ont fait r\u00eaver et ont berc\u00e9 mon adolescence. Je suis un fondu de sports et j'essaie de retranscrire ma passion \u00e0 travers mes articles. Originaire du P\u00e9rigord, ma passion pour les Girondins, les Jaunards et les Jazzmen transpire dans mes \u00e9crits. \u00c0 Dicodusport depuis 2021, je d\u00e9niche les sports m\u00e9connus dans lesquels la France brille, et il y en a !\",\"sameAs\":[\"https:\/\/www.facebook.com\/sebastien.gente\/\",\"https:\/\/www.instagram.com\/sebgente\/\",\"https:\/\/www.linkedin.com\/in\/sbastien-gente-a29583169\/\",\"https:\/\/x.com\/https:\/\/twitter.com\/globulo24\",\"SebastienGente\"],\"worksFor\":\"S\u00e9bastien GENTE\",\"url\":\"https:\/\/dicodusport.fr\/blog\/author\/sebastiengente\/\"}]}<\/script>\n<!-- \/ Yoast SEO Premium plugin. -->","yoast_head_json":{"title":"JOJ d'hiver : Nash Huot-Marchand (ski alpin) rajoute de l'or, le biathlon termine sur une m\u00e9daille","description":"JEUX OLYMPIQUES DE LA JEUNESSE D'HIVER - Deux m\u00e9dailles de plus pour la d\u00e9l\u00e9gation fran\u00e7aise, avec en point d'orgue un nouveau titre pour Nash Huot-Marchand.","robots":{"index":"index","follow":"follow","max-snippet":"max-snippet:-1","max-image-preview":"max-image-preview:large","max-video-preview":"max-video-preview:-1"},"canonical":"https:\/\/dicodusport.fr\/blog\/joj-dhiver-nash-huot-marchand-ski-alpin-rajoute-de-lor-le-biathlon-termine-sur-une-medaille\/","og_locale":"fr_FR","og_type":"article","og_title":"JOJ d'hiver : Nash Huot-Marchand (ski alpin) rajoute de l'or, le biathlon termine sur une m\u00e9daille","og_description":"JEUX OLYMPIQUES DE LA JEUNESSE D'HIVER - Deux m\u00e9dailles de plus pour la d\u00e9l\u00e9gation fran\u00e7aise, avec en point d'orgue un nouveau titre pour Nash Huot-Marchand.","og_url":"https:\/\/dicodusport.fr\/blog\/joj-dhiver-nash-huot-marchand-ski-alpin-rajoute-de-lor-le-biathlon-termine-sur-une-medaille\/","og_site_name":"Dicodusport","article_publisher":"https:\/\/www.facebook.com\/dicodusport","article_author":"https:\/\/www.facebook.com\/sebastien.gente\/","article_published_time":"2024-01-24T10:11:17+00:00","og_image":[{"width":1200,"height":674,"url":"https:\/\/dicodusport.fr\/blog\/wp-content\/uploads\/2024\/01\/JOJ-dhiver-Nash-Huot-Marchand-ski-alpin-rajoute-de-lor-le-biathlon-termine-sur-une-medaille.png","type":"image\/png"}],"author":"S\u00e9bastien Gente","twitter_card":"summary_large_image","twitter_title":"JOJ d'hiver : Nash Huot-Marchand (ski alpin) rajoute de l'or, le biathlon termine sur une m\u00e9daille","twitter_creator":"@https:\/\/twitter.com\/globulo24","twitter_site":"@dicodusport","schema":{"@context":"https:\/\/schema.org","@graph":[{"@type":"NewsArticle","@id":"https:\/\/dicodusport.fr\/blog\/joj-dhiver-nash-huot-marchand-ski-alpin-rajoute-de-lor-le-biathlon-termine-sur-une-medaille\/#article","isPartOf":{"@id":"https:\/\/dicodusport.fr\/blog\/joj-dhiver-nash-huot-marchand-ski-alpin-rajoute-de-lor-le-biathlon-termine-sur-une-medaille\/"},"author":{"name":"S\u00e9bastien Gente","@id":"https:\/\/dicodusport.fr\/blog\/#\/schema\/person\/627966a6cde45dbd8c5e36ac85d783da"},"headline":"JOJ d&rsquo;hiver : Nash Huot-Marchand (ski alpin) rajoute de l&rsquo;or, le biathlon termine sur une m\u00e9daille","datePublished":"2024-01-24T10:11:17+00:00","mainEntityOfPage":{"@id":"https:\/\/dicodusport.fr\/blog\/joj-dhiver-nash-huot-marchand-ski-alpin-rajoute-de-lor-le-biathlon-termine-sur-une-medaille\/"},"wordCount":369,"commentCount":0,"publisher":{"@id":"https:\/\/dicodusport.fr\/blog\/#organization"},"image":{"@id":"https:\/\/dicodusport.fr\/blog\/joj-dhiver-nash-huot-marchand-ski-alpin-rajoute-de-lor-le-biathlon-termine-sur-une-medaille\/#primaryimage"},"thumbnailUrl":"https:\/\/dicodusport.fr\/blog\/wp-content\/uploads\/2024\/01\/JOJ-dhiver-Nash-Huot-Marchand-ski-alpin-rajoute-de-lor-le-biathlon-termine-sur-une-medaille.png","keywords":["Antonin Guy","Biathlon","br\u00e8ve","Jeux olympiques de la jeunesse"],"articleSection":["Biathlon","Sports d'hiver"],"inLanguage":"fr-FR","potentialAction":[{"@type":"CommentAction","name":"Comment","target":["https:\/\/dicodusport.fr\/blog\/joj-dhiver-nash-huot-marchand-ski-alpin-rajoute-de-lor-le-biathlon-termine-sur-une-medaille\/#respond"]}],"copyrightYear":"2024","copyrightHolder":{"@id":"https:\/\/dicodusport.fr\/blog\/#organization"}},{"@type":"WebPage","@id":"https:\/\/dicodusport.fr\/blog\/joj-dhiver-nash-huot-marchand-ski-alpin-rajoute-de-lor-le-biathlon-termine-sur-une-medaille\/","url":"https:\/\/dicodusport.fr\/blog\/joj-dhiver-nash-huot-marchand-ski-alpin-rajoute-de-lor-le-biathlon-termine-sur-une-medaille\/","name":"JOJ d'hiver : Nash Huot-Marchand (ski alpin) rajoute de l'or, le biathlon termine sur une m\u00e9daille","isPartOf":{"@id":"https:\/\/dicodusport.fr\/blog\/#website"},"primaryImageOfPage":{"@id":"https:\/\/dicodusport.fr\/blog\/joj-dhiver-nash-huot-marchand-ski-alpin-rajoute-de-lor-le-biathlon-termine-sur-une-medaille\/#primaryimage"},"image":{"@id":"https:\/\/dicodusport.fr\/blog\/joj-dhiver-nash-huot-marchand-ski-alpin-rajoute-de-lor-le-biathlon-termine-sur-une-medaille\/#primaryimage"},"thumbnailUrl":"https:\/\/dicodusport.fr\/blog\/wp-content\/uploads\/2024\/01\/JOJ-dhiver-Nash-Huot-Marchand-ski-alpin-rajoute-de-lor-le-biathlon-termine-sur-une-medaille.png","datePublished":"2024-01-24T10:11:17+00:00","description":"JEUX OLYMPIQUES DE LA JEUNESSE D'HIVER - Deux m\u00e9dailles de plus pour la d\u00e9l\u00e9gation fran\u00e7aise, avec en point d'orgue un nouveau titre pour Nash Huot-Marchand.","breadcrumb":{"@id":"https:\/\/dicodusport.fr\/blog\/joj-dhiver-nash-huot-marchand-ski-alpin-rajoute-de-lor-le-biathlon-termine-sur-une-medaille\/#breadcrumb"},"inLanguage":"fr-FR","potentialAction":[{"@type":"ReadAction","target":["https:\/\/dicodusport.fr\/blog\/joj-dhiver-nash-huot-marchand-ski-alpin-rajoute-de-lor-le-biathlon-termine-sur-une-medaille\/"]}]},{"@type":"ImageObject","inLanguage":"fr-FR","@id":"https:\/\/dicodusport.fr\/blog\/joj-dhiver-nash-huot-marchand-ski-alpin-rajoute-de-lor-le-biathlon-termine-sur-une-medaille\/#primaryimage","url":"https:\/\/dicodusport.fr\/blog\/wp-content\/uploads\/2024\/01\/JOJ-dhiver-Nash-Huot-Marchand-ski-alpin-rajoute-de-lor-le-biathlon-termine-sur-une-medaille.png","contentUrl":"https:\/\/dicodusport.fr\/blog\/wp-content\/uploads\/2024\/01\/JOJ-dhiver-Nash-Huot-Marchand-ski-alpin-rajoute-de-lor-le-biathlon-termine-sur-une-medaille.png","width":1200,"height":674,"caption":"JOJ d'hiver Nash Huot-Marchand (ski alpin) rajoute de l'or, le biathlon termine sur une m\u00e9daille"},{"@type":"BreadcrumbList","@id":"https:\/\/dicodusport.fr\/blog\/joj-dhiver-nash-huot-marchand-ski-alpin-rajoute-de-lor-le-biathlon-termine-sur-une-medaille\/#breadcrumb","itemListElement":[{"@type":"ListItem","position":1,"name":"Accueil","item":"https:\/\/dicodusport.fr\/blog\/"},{"@type":"ListItem","position":2,"name":"JOJ d&rsquo;hiver : Nash Huot-Marchand (ski alpin) rajoute de l&rsquo;or, le biathlon termine sur une m\u00e9daille"}]},{"@type":"WebSite","@id":"https:\/\/dicodusport.fr\/blog\/#website","url":"https:\/\/dicodusport.fr\/blog\/","name":"Dicodusport","description":"L&#039;encyclop\u00e9die de l&#039;actualit\u00e9 sportive","publisher":{"@id":"https:\/\/dicodusport.fr\/blog\/#organization"},"potentialAction":[{"@type":"SearchAction","target":{"@type":"EntryPoint","urlTemplate":"https:\/\/dicodusport.fr\/blog\/?s={search_term_string}"},"query-input":{"@type":"PropertyValueSpecification","valueRequired":true,"valueName":"search_term_string"}}],"inLanguage":"fr-FR"},{"@type":"NewsMediaOrganization","@id":"https:\/\/dicodusport.fr\/blog\/#organization","name":"Dicodusport","url":"https:\/\/dicodusport.fr\/blog\/","logo":{"@type":"ImageObject","inLanguage":"fr-FR","@id":"https:\/\/dicodusport.fr\/blog\/#\/schema\/logo\/image\/","url":"https:\/\/dicodusport.fr\/blog\/wp-content\/uploads\/2020\/06\/cropped-LOGO-DICODUSPORT-2020-SANS-FOND-SANS-TEXTE.png","contentUrl":"https:\/\/dicodusport.fr\/blog\/wp-content\/uploads\/2020\/06\/cropped-LOGO-DICODUSPORT-2020-SANS-FOND-SANS-TEXTE.png","width":512,"height":512,"caption":"Dicodusport"},"image":{"@id":"https:\/\/dicodusport.fr\/blog\/#\/schema\/logo\/image\/"},"sameAs":["https:\/\/www.facebook.com\/dicodusport","https:\/\/x.com\/dicodusport","https:\/\/www.instagram.com\/dicodusport\/","https:\/\/www.youtube.com\/channel\/UC7V2KZ5sd3htJivAbA4ZG3w"],"description":"Dicodusport est l'encyclop\u00e9die de l'actualit\u00e9 sportive.","email":"bonjour@dicodusport.fr","legalName":"DICODUSPORT","foundingDate":"2018-01-14","vatID":"FR71834470973","taxID":"83447097300043","numberOfEmployees":{"@type":"QuantitativeValue","minValue":"1","maxValue":"10"}},{"@type":"Person","@id":"https:\/\/dicodusport.fr\/blog\/#\/schema\/person\/627966a6cde45dbd8c5e36ac85d783da","name":"S\u00e9bastien Gente","image":{"@type":"ImageObject","inLanguage":"fr-FR","@id":"https:\/\/dicodusport.fr\/blog\/#\/schema\/person\/image\/","url":"https:\/\/dicodusport.fr\/blog\/wp-content\/uploads\/2021\/09\/1510990_10205810251400683_4124423575079401707_n-150x150.jpg","contentUrl":"https:\/\/dicodusport.fr\/blog\/wp-content\/uploads\/2021\/09\/1510990_10205810251400683_4124423575079401707_n-150x150.jpg","caption":"S\u00e9bastien Gente"},"description":"John Stockton, Gianni Bugno, Zinedine Zidane, Steffi Graf, Frode Andresen, St\u00e9phane Stoecklin, Davis Kamoga, Primoz Peterka, Werner Schlager et Aur\u00e9lien Rougerie. Point commun entre ces sportifs? Ils m'ont fait r\u00eaver et ont berc\u00e9 mon adolescence. Je suis un fondu de sports et j'essaie de retranscrire ma passion \u00e0 travers mes articles. Originaire du P\u00e9rigord, ma passion pour les Girondins, les Jaunards et les Jazzmen transpire dans mes \u00e9crits. \u00c0 Dicodusport depuis 2021, je d\u00e9niche les sports m\u00e9connus dans lesquels la France brille, et il y en a !","sameAs":["https:\/\/www.facebook.com\/sebastien.gente\/","https:\/\/www.instagram.com\/sebgente\/","https:\/\/www.linkedin.com\/in\/sbastien-gente-a29583169\/","https:\/\/x.com\/https:\/\/twitter.com\/globulo24","SebastienGente"],"worksFor":"S\u00e9bastien GENTE","url":"https:\/\/dicodusport.fr\/blog\/author\/sebastiengente\/"}]}},"_links":{"self":[{"href":"https:\/\/dicodusport.fr\/blog\/wp-json\/wp\/v2\/posts\/455979","targetHints":{"allow":["GET"]}}],"collection":[{"href":"https:\/\/dicodusport.fr\/blog\/wp-json\/wp\/v2\/posts"}],"about":[{"href":"https:\/\/dicodusport.fr\/blog\/wp-json\/wp\/v2\/types\/post"}],"author":[{"embeddable":true,"href":"https:\/\/dicodusport.fr\/blog\/wp-json\/wp\/v2\/users\/59"}],"replies":[{"embeddable":true,"href":"https:\/\/dicodusport.fr\/blog\/wp-json\/wp\/v2\/comments?post=455979"}],"version-history":[{"count":1,"href":"https:\/\/dicodusport.fr\/blog\/wp-json\/wp\/v2\/posts\/455979\/revisions"}],"predecessor-version":[{"id":455984,"href":"https:\/\/dicodusport.fr\/blog\/wp-json\/wp\/v2\/posts\/455979\/revisions\/455984"}],"wp:featuredmedia":[{"embeddable":true,"href":"https:\/\/dicodusport.fr\/blog\/wp-json\/wp\/v2\/media\/455980"}],"wp:attachment":[{"href":"https:\/\/dicodusport.fr\/blog\/wp-json\/wp\/v2\/media?parent=455979"}],"wp:term":[{"taxonomy":"category","embeddable":true,"href":"https:\/\/dicodusport.fr\/blog\/wp-json\/wp\/v2\/categories?post=455979"},{"taxonomy":"post_tag","embeddable":true,"href":"https:\/\/dicodusport.fr\/blog\/wp-json\/wp\/v2\/tags?post=455979"}],"curies":[{"name":"wp","href":"https:\/\/api.w.org\/{rel}","templated":true}]}}