{"id":45605,"date":"2019-08-15T17:14:26","date_gmt":"2019-08-15T15:14:26","guid":{"rendered":"http:\/\/dicodusport.fr\/blog\/?p=45605"},"modified":"2019-08-17T13:40:22","modified_gmt":"2019-08-17T11:40:22","slug":"francois-pervis-tokyo-2020-comme-dernier-objectif","status":"publish","type":"post","link":"https:\/\/dicodusport.fr\/blog\/francois-pervis-tokyo-2020-comme-dernier-objectif\/","title":{"rendered":"Fran\u00e7ois Pervis, Tokyo 2020 comme dernier objectif"},"content":{"rendered":"<p style=\"text-align: justify;\"><strong><em>Alors qu&rsquo;il a fait parler de lui en d\u00e9but d&rsquo;ann\u00e9e en quittant le p\u00f4le d&rsquo;entra\u00eenement, Fran\u00e7ois Pervis aborde les championnats de France avec un dernier objectif en ligne de mire, Tokyo 2020.<br \/>\n<\/em><\/strong><\/p>\n<p style=\"text-align: justify;\">Les Jeux de Rio ont \u00e9t\u00e9 compliqu\u00e9s pour <a href=\"https:\/\/twitter.com\/francoispervis?lang=fr\" target=\"_blank\" rel=\"noopener\"><strong>Fran\u00e7ois Pervis<\/strong><\/a>, et plus globalement pour l&rsquo;\u00e9quipe de France de cyclisme sur piste, habitu\u00e9e \u00e0 truster les podiums, avec une seule et unique breloque, le bronze en vitesse masculine par \u00e9quipes.<\/p>\n<p style=\"text-align: justify;\"><strong>Fran\u00e7ois Pervis<\/strong>, qui a quitt\u00e9 la structure d&rsquo;entra\u00eenement de l&rsquo;\u00e9quipe de France en raison d&rsquo;une m\u00e9thode qui ne lui convenait pas, sera engag\u00e9 sur trois disciplines durant les championnats de France de Saint-Quentin-en-Yvelines : <strong>la vitesse individuelle<\/strong>, <strong>le kilom\u00e8tre<\/strong> et <strong>le keirin<\/strong>, avec comme objectif de se qualifier dans les trois \u00e9preuves pour Tokyo. Les <strong>Jeux Olympiques 2020<\/strong>\u00a0seront probablement sa derni\u00e8re comp\u00e9tition, comme il l&rsquo;a expliqu\u00e9 au site <a href=\"https:\/\/actu.fr\/ile-de-france\/montigny-le-bretonneux_78423\/cyclisme-sur-piste-francois-pervis-performance-ne-regarde-pas-lage_26518200.html\" target=\"_blank\" rel=\"noopener\"><em>Actu.fr<\/em><\/a> :<\/p>\n<blockquote>\n<p style=\"text-align: justify;\">Je me donne toutes les chances de me s\u00e9lectionner \u00e0 Tokyo et, si par bonheur j\u2019y arrive, j\u2019irai pour faire mieux qu\u2019\u00e0 Rio. Donc revenir avec des m\u00e9dailles. Si je ne suis pas s\u00e9lectionn\u00e9, j\u2019arr\u00eaterai le v\u00e9lo parce que je ne pourrai pas aller jusqu\u2019en 2024. Il y a de grandes chances que Tokyo soit ma derni\u00e8re comp\u00e9tition avec l\u2019\u00e9quipe de France.<\/p>\n<\/blockquote>\n<p style=\"text-align: justify;\">Apr\u00e8s ces championnats de France, les Coupes du monde qualificatives pour Tokyo commenceront \u00e0 partir d&rsquo;octobre, et les Bleus, dont <strong>Fran\u00e7ois Pervis<\/strong>, se doivent d&rsquo;\u00eatre au rendez-vous.<\/p>\n<p style=\"text-align: justify;\"><strong><em>Dicodusport<br \/>\n<a href=\"https:\/\/www.facebook.com\/dicodusport\/\" target=\"_blank\" rel=\"noopener\"><img loading=\"lazy\" decoding=\"async\" class=\"alignnone wp-image-2909\" src=\"http:\/\/dicodusport.fr\/blog\/wp-content\/uploads\/2017\/07\/logo-facebook-150x150.png\" alt=\"\" width=\"40\" height=\"40\" \/><\/a><a href=\"https:\/\/twitter.com\/dicodusport\" target=\"_blank\" rel=\"noopener\"><img loading=\"lazy\" decoding=\"async\" class=\"alignnone wp-image-2908\" src=\"http:\/\/dicodusport.fr\/blog\/wp-content\/uploads\/2017\/07\/logo-twitter-150x150.png\" alt=\"\" width=\"39\" height=\"39\" \/><\/a><\/em><\/strong><\/p>\n","protected":false},"excerpt":{"rendered":"<p>Alors qu&rsquo;il a fait parler de lui en d\u00e9but d&rsquo;ann\u00e9e en quittant le p\u00f4le d&rsquo;entra\u00eenement, Fran\u00e7ois Pervis aborde les championnats de France avec un dernier objectif en ligne de mire, Tokyo 2020.<\/p>\n","protected":false},"author":1,"featured_media":45610,"comment_status":"open","ping_status":"closed","sticky":false,"template":"","format":"standard","meta":{"_acf_changed":false,"_daextam_enable_autolinks":"","footnotes":""},"categories":[2307],"tags":[574,1625],"class_list":["post-45605","post","type-post","status-publish","format-standard","has-post-thumbnail","hentry","category-cyclisme","tag-cyclisme","tag-piste"],"acf":[],"yoast_head":"<!-- This site is optimized with the Yoast SEO Premium plugin v26.7 (Yoast SEO v26.7) - https:\/\/yoast.com\/wordpress\/plugins\/seo\/ -->\n<title>Fran\u00e7ois Pervis, Tokyo 2020 comme dernier objectif<\/title>\n<meta name=\"description\" content=\"Alors qu&#039;il a fait parler de lui en quittant le p\u00f4le d&#039;entra\u00eenement, Fran\u00e7ois Pervis aborde les championnats de France avec Tokyo 2020 en ligne de mire.\" \/>\n<meta name=\"robots\" content=\"index, follow, max-snippet:-1, max-image-preview:large, max-video-preview:-1\" \/>\n<link rel=\"canonical\" href=\"https:\/\/dicodusport.fr\/blog\/francois-pervis-tokyo-2020-comme-dernier-objectif\/\" \/>\n<meta property=\"og:locale\" content=\"fr_FR\" \/>\n<meta property=\"og:type\" content=\"article\" \/>\n<meta property=\"og:title\" content=\"Fran\u00e7ois Pervis, Tokyo 2020 comme dernier objectif\" \/>\n<meta property=\"og:description\" content=\"Alors qu&#039;il a fait parler de lui en quittant le p\u00f4le d&#039;entra\u00eenement, Fran\u00e7ois Pervis aborde les championnats de France avec Tokyo 2020 en ligne de mire.\" \/>\n<meta property=\"og:url\" content=\"https:\/\/dicodusport.fr\/blog\/francois-pervis-tokyo-2020-comme-dernier-objectif\/\" \/>\n<meta property=\"og:site_name\" content=\"Dicodusport\" \/>\n<meta property=\"article:publisher\" content=\"https:\/\/www.facebook.com\/dicodusport\" \/>\n<meta property=\"article:author\" content=\"https:\/\/www.facebook.com\/dicodusport\" \/>\n<meta property=\"article:published_time\" content=\"2019-08-15T15:14:26+00:00\" \/>\n<meta property=\"article:modified_time\" content=\"2019-08-17T11:40:22+00:00\" \/>\n<meta property=\"og:image\" content=\"https:\/\/dicodusport.fr\/blog\/wp-content\/uploads\/2019\/08\/Fran\u00e7ois-Pervis-2019.png\" \/>\n\t<meta property=\"og:image:width\" content=\"800\" \/>\n\t<meta property=\"og:image:height\" content=\"445\" \/>\n\t<meta property=\"og:image:type\" content=\"image\/png\" \/>\n<meta name=\"author\" content=\"Nicolas Jacquemard\" \/>\n<meta name=\"twitter:card\" content=\"summary_large_image\" \/>\n<meta name=\"twitter:title\" content=\"Fran\u00e7ois Pervis, Tokyo 2020 comme dernier objectif\" \/>\n<meta name=\"twitter:creator\" content=\"@https:\/\/twitter.com\/Nico_Jacquemard\" \/>\n<meta name=\"twitter:site\" content=\"@dicodusport\" \/>\n<script type=\"application\/ld+json\" class=\"yoast-schema-graph\">{\"@context\":\"https:\/\/schema.org\",\"@graph\":[{\"@type\":\"NewsArticle\",\"@id\":\"https:\/\/dicodusport.fr\/blog\/francois-pervis-tokyo-2020-comme-dernier-objectif\/#article\",\"isPartOf\":{\"@id\":\"https:\/\/dicodusport.fr\/blog\/francois-pervis-tokyo-2020-comme-dernier-objectif\/\"},\"author\":{\"name\":\"Nicolas Jacquemard\",\"@id\":\"https:\/\/dicodusport.fr\/blog\/#\/schema\/person\/55dcb50ad410894e431ed812bbb70191\"},\"headline\":\"Fran\u00e7ois Pervis, Tokyo 2020 comme dernier objectif\",\"datePublished\":\"2019-08-15T15:14:26+00:00\",\"dateModified\":\"2019-08-17T11:40:22+00:00\",\"mainEntityOfPage\":{\"@id\":\"https:\/\/dicodusport.fr\/blog\/francois-pervis-tokyo-2020-comme-dernier-objectif\/\"},\"wordCount\":270,\"commentCount\":0,\"publisher\":{\"@id\":\"https:\/\/dicodusport.fr\/blog\/#organization\"},\"image\":{\"@id\":\"https:\/\/dicodusport.fr\/blog\/francois-pervis-tokyo-2020-comme-dernier-objectif\/#primaryimage\"},\"thumbnailUrl\":\"https:\/\/dicodusport.fr\/blog\/wp-content\/uploads\/2019\/08\/Fran\u00e7ois-Pervis-2019.png\",\"keywords\":[\"Cyclisme\",\"piste\"],\"articleSection\":[\"Cyclisme\"],\"inLanguage\":\"fr-FR\",\"potentialAction\":[{\"@type\":\"CommentAction\",\"name\":\"Comment\",\"target\":[\"https:\/\/dicodusport.fr\/blog\/francois-pervis-tokyo-2020-comme-dernier-objectif\/#respond\"]}],\"copyrightYear\":\"2019\",\"copyrightHolder\":{\"@id\":\"https:\/\/dicodusport.fr\/blog\/#organization\"}},{\"@type\":\"WebPage\",\"@id\":\"https:\/\/dicodusport.fr\/blog\/francois-pervis-tokyo-2020-comme-dernier-objectif\/\",\"url\":\"https:\/\/dicodusport.fr\/blog\/francois-pervis-tokyo-2020-comme-dernier-objectif\/\",\"name\":\"Fran\u00e7ois Pervis, Tokyo 2020 comme dernier objectif\",\"isPartOf\":{\"@id\":\"https:\/\/dicodusport.fr\/blog\/#website\"},\"primaryImageOfPage\":{\"@id\":\"https:\/\/dicodusport.fr\/blog\/francois-pervis-tokyo-2020-comme-dernier-objectif\/#primaryimage\"},\"image\":{\"@id\":\"https:\/\/dicodusport.fr\/blog\/francois-pervis-tokyo-2020-comme-dernier-objectif\/#primaryimage\"},\"thumbnailUrl\":\"https:\/\/dicodusport.fr\/blog\/wp-content\/uploads\/2019\/08\/Fran\u00e7ois-Pervis-2019.png\",\"datePublished\":\"2019-08-15T15:14:26+00:00\",\"dateModified\":\"2019-08-17T11:40:22+00:00\",\"description\":\"Alors qu'il a fait parler de lui en quittant le p\u00f4le d'entra\u00eenement, Fran\u00e7ois Pervis aborde les championnats de France avec Tokyo 2020 en ligne de mire.\",\"breadcrumb\":{\"@id\":\"https:\/\/dicodusport.fr\/blog\/francois-pervis-tokyo-2020-comme-dernier-objectif\/#breadcrumb\"},\"inLanguage\":\"fr-FR\",\"potentialAction\":[{\"@type\":\"ReadAction\",\"target\":[\"https:\/\/dicodusport.fr\/blog\/francois-pervis-tokyo-2020-comme-dernier-objectif\/\"]}]},{\"@type\":\"ImageObject\",\"inLanguage\":\"fr-FR\",\"@id\":\"https:\/\/dicodusport.fr\/blog\/francois-pervis-tokyo-2020-comme-dernier-objectif\/#primaryimage\",\"url\":\"https:\/\/dicodusport.fr\/blog\/wp-content\/uploads\/2019\/08\/Fran\u00e7ois-Pervis-2019.png\",\"contentUrl\":\"https:\/\/dicodusport.fr\/blog\/wp-content\/uploads\/2019\/08\/Fran\u00e7ois-Pervis-2019.png\",\"width\":800,\"height\":445},{\"@type\":\"BreadcrumbList\",\"@id\":\"https:\/\/dicodusport.fr\/blog\/francois-pervis-tokyo-2020-comme-dernier-objectif\/#breadcrumb\",\"itemListElement\":[{\"@type\":\"ListItem\",\"position\":1,\"name\":\"Accueil\",\"item\":\"https:\/\/dicodusport.fr\/blog\/\"},{\"@type\":\"ListItem\",\"position\":2,\"name\":\"Fran\u00e7ois Pervis, Tokyo 2020 comme dernier objectif\"}]},{\"@type\":\"WebSite\",\"@id\":\"https:\/\/dicodusport.fr\/blog\/#website\",\"url\":\"https:\/\/dicodusport.fr\/blog\/\",\"name\":\"Dicodusport\",\"description\":\"L&#039;encyclop\u00e9die de l&#039;actualit\u00e9 sportive\",\"publisher\":{\"@id\":\"https:\/\/dicodusport.fr\/blog\/#organization\"},\"potentialAction\":[{\"@type\":\"SearchAction\",\"target\":{\"@type\":\"EntryPoint\",\"urlTemplate\":\"https:\/\/dicodusport.fr\/blog\/?s={search_term_string}\"},\"query-input\":{\"@type\":\"PropertyValueSpecification\",\"valueRequired\":true,\"valueName\":\"search_term_string\"}}],\"inLanguage\":\"fr-FR\"},{\"@type\":\"NewsMediaOrganization\",\"@id\":\"https:\/\/dicodusport.fr\/blog\/#organization\",\"name\":\"Dicodusport\",\"url\":\"https:\/\/dicodusport.fr\/blog\/\",\"logo\":{\"@type\":\"ImageObject\",\"inLanguage\":\"fr-FR\",\"@id\":\"https:\/\/dicodusport.fr\/blog\/#\/schema\/logo\/image\/\",\"url\":\"https:\/\/dicodusport.fr\/blog\/wp-content\/uploads\/2020\/06\/cropped-LOGO-DICODUSPORT-2020-SANS-FOND-SANS-TEXTE.png\",\"contentUrl\":\"https:\/\/dicodusport.fr\/blog\/wp-content\/uploads\/2020\/06\/cropped-LOGO-DICODUSPORT-2020-SANS-FOND-SANS-TEXTE.png\",\"width\":512,\"height\":512,\"caption\":\"Dicodusport\"},\"image\":{\"@id\":\"https:\/\/dicodusport.fr\/blog\/#\/schema\/logo\/image\/\"},\"sameAs\":[\"https:\/\/www.facebook.com\/dicodusport\",\"https:\/\/x.com\/dicodusport\",\"https:\/\/www.instagram.com\/dicodusport\/\",\"https:\/\/www.youtube.com\/channel\/UC7V2KZ5sd3htJivAbA4ZG3w\"],\"description\":\"Dicodusport est l'encyclop\u00e9die de l'actualit\u00e9 sportive.\",\"email\":\"bonjour@dicodusport.fr\",\"legalName\":\"DICODUSPORT\",\"foundingDate\":\"2018-01-14\",\"vatID\":\"FR71834470973\",\"taxID\":\"83447097300043\",\"numberOfEmployees\":{\"@type\":\"QuantitativeValue\",\"minValue\":\"1\",\"maxValue\":\"10\"}},{\"@type\":\"Person\",\"@id\":\"https:\/\/dicodusport.fr\/blog\/#\/schema\/person\/55dcb50ad410894e431ed812bbb70191\",\"name\":\"Nicolas Jacquemard\",\"image\":{\"@type\":\"ImageObject\",\"inLanguage\":\"fr-FR\",\"@id\":\"https:\/\/dicodusport.fr\/blog\/#\/schema\/person\/image\/\",\"url\":\"https:\/\/dicodusport.fr\/blog\/wp-content\/uploads\/2021\/05\/Nicolas-Jacquemard-150x150.jpeg\",\"contentUrl\":\"https:\/\/dicodusport.fr\/blog\/wp-content\/uploads\/2021\/05\/Nicolas-Jacquemard-150x150.jpeg\",\"caption\":\"Nicolas Jacquemard\"},\"description\":\"Passionn\u00e9 de sport et entrepreneur depuis mes 18 ans, la cr\u00e9ation de Dicodusport m'a sembl\u00e9 \u00e9vidente pour participer \u00e0 la m\u00e9diatisation d'un plus grand nombre de sports. Le chemin est long mais avec une \u00e9quipe des plus motiv\u00e9es et les Jeux Olympiques de Paris 2024 en point de mire, nous y arriverons ! Journaliste dans le monde du sport depuis plus de 5 ans, je traite aussi bien de football, de rugby, de biathlon que de cyclisme.\",\"sameAs\":[\"https:\/\/www.facebook.com\/dicodusport\",\"https:\/\/x.com\/https:\/\/twitter.com\/Nico_Jacquemard\"],\"url\":\"https:\/\/dicodusport.fr\/blog\/author\/dicodusport\/\"}]}<\/script>\n<!-- \/ Yoast SEO Premium plugin. -->","yoast_head_json":{"title":"Fran\u00e7ois Pervis, Tokyo 2020 comme dernier objectif","description":"Alors qu'il a fait parler de lui en quittant le p\u00f4le d'entra\u00eenement, Fran\u00e7ois Pervis aborde les championnats de France avec Tokyo 2020 en ligne de mire.","robots":{"index":"index","follow":"follow","max-snippet":"max-snippet:-1","max-image-preview":"max-image-preview:large","max-video-preview":"max-video-preview:-1"},"canonical":"https:\/\/dicodusport.fr\/blog\/francois-pervis-tokyo-2020-comme-dernier-objectif\/","og_locale":"fr_FR","og_type":"article","og_title":"Fran\u00e7ois Pervis, Tokyo 2020 comme dernier objectif","og_description":"Alors qu'il a fait parler de lui en quittant le p\u00f4le d'entra\u00eenement, Fran\u00e7ois Pervis aborde les championnats de France avec Tokyo 2020 en ligne de mire.","og_url":"https:\/\/dicodusport.fr\/blog\/francois-pervis-tokyo-2020-comme-dernier-objectif\/","og_site_name":"Dicodusport","article_publisher":"https:\/\/www.facebook.com\/dicodusport","article_author":"https:\/\/www.facebook.com\/dicodusport","article_published_time":"2019-08-15T15:14:26+00:00","article_modified_time":"2019-08-17T11:40:22+00:00","og_image":[{"width":800,"height":445,"url":"https:\/\/dicodusport.fr\/blog\/wp-content\/uploads\/2019\/08\/Fran\u00e7ois-Pervis-2019.png","type":"image\/png"}],"author":"Nicolas Jacquemard","twitter_card":"summary_large_image","twitter_title":"Fran\u00e7ois Pervis, Tokyo 2020 comme dernier objectif","twitter_creator":"@https:\/\/twitter.com\/Nico_Jacquemard","twitter_site":"@dicodusport","schema":{"@context":"https:\/\/schema.org","@graph":[{"@type":"NewsArticle","@id":"https:\/\/dicodusport.fr\/blog\/francois-pervis-tokyo-2020-comme-dernier-objectif\/#article","isPartOf":{"@id":"https:\/\/dicodusport.fr\/blog\/francois-pervis-tokyo-2020-comme-dernier-objectif\/"},"author":{"name":"Nicolas Jacquemard","@id":"https:\/\/dicodusport.fr\/blog\/#\/schema\/person\/55dcb50ad410894e431ed812bbb70191"},"headline":"Fran\u00e7ois Pervis, Tokyo 2020 comme dernier objectif","datePublished":"2019-08-15T15:14:26+00:00","dateModified":"2019-08-17T11:40:22+00:00","mainEntityOfPage":{"@id":"https:\/\/dicodusport.fr\/blog\/francois-pervis-tokyo-2020-comme-dernier-objectif\/"},"wordCount":270,"commentCount":0,"publisher":{"@id":"https:\/\/dicodusport.fr\/blog\/#organization"},"image":{"@id":"https:\/\/dicodusport.fr\/blog\/francois-pervis-tokyo-2020-comme-dernier-objectif\/#primaryimage"},"thumbnailUrl":"https:\/\/dicodusport.fr\/blog\/wp-content\/uploads\/2019\/08\/Fran\u00e7ois-Pervis-2019.png","keywords":["Cyclisme","piste"],"articleSection":["Cyclisme"],"inLanguage":"fr-FR","potentialAction":[{"@type":"CommentAction","name":"Comment","target":["https:\/\/dicodusport.fr\/blog\/francois-pervis-tokyo-2020-comme-dernier-objectif\/#respond"]}],"copyrightYear":"2019","copyrightHolder":{"@id":"https:\/\/dicodusport.fr\/blog\/#organization"}},{"@type":"WebPage","@id":"https:\/\/dicodusport.fr\/blog\/francois-pervis-tokyo-2020-comme-dernier-objectif\/","url":"https:\/\/dicodusport.fr\/blog\/francois-pervis-tokyo-2020-comme-dernier-objectif\/","name":"Fran\u00e7ois Pervis, Tokyo 2020 comme dernier objectif","isPartOf":{"@id":"https:\/\/dicodusport.fr\/blog\/#website"},"primaryImageOfPage":{"@id":"https:\/\/dicodusport.fr\/blog\/francois-pervis-tokyo-2020-comme-dernier-objectif\/#primaryimage"},"image":{"@id":"https:\/\/dicodusport.fr\/blog\/francois-pervis-tokyo-2020-comme-dernier-objectif\/#primaryimage"},"thumbnailUrl":"https:\/\/dicodusport.fr\/blog\/wp-content\/uploads\/2019\/08\/Fran\u00e7ois-Pervis-2019.png","datePublished":"2019-08-15T15:14:26+00:00","dateModified":"2019-08-17T11:40:22+00:00","description":"Alors qu'il a fait parler de lui en quittant le p\u00f4le d'entra\u00eenement, Fran\u00e7ois Pervis aborde les championnats de France avec Tokyo 2020 en ligne de mire.","breadcrumb":{"@id":"https:\/\/dicodusport.fr\/blog\/francois-pervis-tokyo-2020-comme-dernier-objectif\/#breadcrumb"},"inLanguage":"fr-FR","potentialAction":[{"@type":"ReadAction","target":["https:\/\/dicodusport.fr\/blog\/francois-pervis-tokyo-2020-comme-dernier-objectif\/"]}]},{"@type":"ImageObject","inLanguage":"fr-FR","@id":"https:\/\/dicodusport.fr\/blog\/francois-pervis-tokyo-2020-comme-dernier-objectif\/#primaryimage","url":"https:\/\/dicodusport.fr\/blog\/wp-content\/uploads\/2019\/08\/Fran\u00e7ois-Pervis-2019.png","contentUrl":"https:\/\/dicodusport.fr\/blog\/wp-content\/uploads\/2019\/08\/Fran\u00e7ois-Pervis-2019.png","width":800,"height":445},{"@type":"BreadcrumbList","@id":"https:\/\/dicodusport.fr\/blog\/francois-pervis-tokyo-2020-comme-dernier-objectif\/#breadcrumb","itemListElement":[{"@type":"ListItem","position":1,"name":"Accueil","item":"https:\/\/dicodusport.fr\/blog\/"},{"@type":"ListItem","position":2,"name":"Fran\u00e7ois Pervis, Tokyo 2020 comme dernier objectif"}]},{"@type":"WebSite","@id":"https:\/\/dicodusport.fr\/blog\/#website","url":"https:\/\/dicodusport.fr\/blog\/","name":"Dicodusport","description":"L&#039;encyclop\u00e9die de l&#039;actualit\u00e9 sportive","publisher":{"@id":"https:\/\/dicodusport.fr\/blog\/#organization"},"potentialAction":[{"@type":"SearchAction","target":{"@type":"EntryPoint","urlTemplate":"https:\/\/dicodusport.fr\/blog\/?s={search_term_string}"},"query-input":{"@type":"PropertyValueSpecification","valueRequired":true,"valueName":"search_term_string"}}],"inLanguage":"fr-FR"},{"@type":"NewsMediaOrganization","@id":"https:\/\/dicodusport.fr\/blog\/#organization","name":"Dicodusport","url":"https:\/\/dicodusport.fr\/blog\/","logo":{"@type":"ImageObject","inLanguage":"fr-FR","@id":"https:\/\/dicodusport.fr\/blog\/#\/schema\/logo\/image\/","url":"https:\/\/dicodusport.fr\/blog\/wp-content\/uploads\/2020\/06\/cropped-LOGO-DICODUSPORT-2020-SANS-FOND-SANS-TEXTE.png","contentUrl":"https:\/\/dicodusport.fr\/blog\/wp-content\/uploads\/2020\/06\/cropped-LOGO-DICODUSPORT-2020-SANS-FOND-SANS-TEXTE.png","width":512,"height":512,"caption":"Dicodusport"},"image":{"@id":"https:\/\/dicodusport.fr\/blog\/#\/schema\/logo\/image\/"},"sameAs":["https:\/\/www.facebook.com\/dicodusport","https:\/\/x.com\/dicodusport","https:\/\/www.instagram.com\/dicodusport\/","https:\/\/www.youtube.com\/channel\/UC7V2KZ5sd3htJivAbA4ZG3w"],"description":"Dicodusport est l'encyclop\u00e9die de l'actualit\u00e9 sportive.","email":"bonjour@dicodusport.fr","legalName":"DICODUSPORT","foundingDate":"2018-01-14","vatID":"FR71834470973","taxID":"83447097300043","numberOfEmployees":{"@type":"QuantitativeValue","minValue":"1","maxValue":"10"}},{"@type":"Person","@id":"https:\/\/dicodusport.fr\/blog\/#\/schema\/person\/55dcb50ad410894e431ed812bbb70191","name":"Nicolas Jacquemard","image":{"@type":"ImageObject","inLanguage":"fr-FR","@id":"https:\/\/dicodusport.fr\/blog\/#\/schema\/person\/image\/","url":"https:\/\/dicodusport.fr\/blog\/wp-content\/uploads\/2021\/05\/Nicolas-Jacquemard-150x150.jpeg","contentUrl":"https:\/\/dicodusport.fr\/blog\/wp-content\/uploads\/2021\/05\/Nicolas-Jacquemard-150x150.jpeg","caption":"Nicolas Jacquemard"},"description":"Passionn\u00e9 de sport et entrepreneur depuis mes 18 ans, la cr\u00e9ation de Dicodusport m'a sembl\u00e9 \u00e9vidente pour participer \u00e0 la m\u00e9diatisation d'un plus grand nombre de sports. Le chemin est long mais avec une \u00e9quipe des plus motiv\u00e9es et les Jeux Olympiques de Paris 2024 en point de mire, nous y arriverons ! Journaliste dans le monde du sport depuis plus de 5 ans, je traite aussi bien de football, de rugby, de biathlon que de cyclisme.","sameAs":["https:\/\/www.facebook.com\/dicodusport","https:\/\/x.com\/https:\/\/twitter.com\/Nico_Jacquemard"],"url":"https:\/\/dicodusport.fr\/blog\/author\/dicodusport\/"}]}},"_links":{"self":[{"href":"https:\/\/dicodusport.fr\/blog\/wp-json\/wp\/v2\/posts\/45605","targetHints":{"allow":["GET"]}}],"collection":[{"href":"https:\/\/dicodusport.fr\/blog\/wp-json\/wp\/v2\/posts"}],"about":[{"href":"https:\/\/dicodusport.fr\/blog\/wp-json\/wp\/v2\/types\/post"}],"author":[{"embeddable":true,"href":"https:\/\/dicodusport.fr\/blog\/wp-json\/wp\/v2\/users\/1"}],"replies":[{"embeddable":true,"href":"https:\/\/dicodusport.fr\/blog\/wp-json\/wp\/v2\/comments?post=45605"}],"version-history":[{"count":0,"href":"https:\/\/dicodusport.fr\/blog\/wp-json\/wp\/v2\/posts\/45605\/revisions"}],"wp:featuredmedia":[{"embeddable":true,"href":"https:\/\/dicodusport.fr\/blog\/wp-json\/wp\/v2\/media\/45610"}],"wp:attachment":[{"href":"https:\/\/dicodusport.fr\/blog\/wp-json\/wp\/v2\/media?parent=45605"}],"wp:term":[{"taxonomy":"category","embeddable":true,"href":"https:\/\/dicodusport.fr\/blog\/wp-json\/wp\/v2\/categories?post=45605"},{"taxonomy":"post_tag","embeddable":true,"href":"https:\/\/dicodusport.fr\/blog\/wp-json\/wp\/v2\/tags?post=45605"}],"curies":[{"name":"wp","href":"https:\/\/api.w.org\/{rel}","templated":true}]}}