{"id":456116,"date":"2024-01-24T17:29:22","date_gmt":"2024-01-24T16:29:22","guid":{"rendered":"https:\/\/dicodusport.fr\/blog\/?p=456116&#038;preview=true&#038;preview_id=456116"},"modified":"2024-01-24T17:54:34","modified_gmt":"2024-01-24T16:54:34","slug":"judo-teddy-riner-fait-son-retour-au-grand-slam-de-paris","status":"publish","type":"post","link":"https:\/\/dicodusport.fr\/blog\/judo-teddy-riner-fait-son-retour-au-grand-slam-de-paris\/","title":{"rendered":"Judo : Teddy Riner fait son retour au Grand Slam de Paris"},"content":{"rendered":"<p style=\"text-align: justify;\"><strong><em>JUDO &#8211; Teddy Riner va faire son retour \u00e0 la comp\u00e9tition \u00e0 l&rsquo;occasion du Grand Slam de Paris le 4 f\u00e9vrier prochain.<\/em><\/strong><\/p>\n<p style=\"text-align: justify;\"><strong>Teddy<\/strong> <strong>Riner<\/strong> n&rsquo;a plus combattu en individuel depuis son dernier titre de champion du monde \u00e0 Doha en mai 2023. Le champion olympique a bien particip\u00e9 \u00e0 deux comp\u00e9titions mais \u00e0 chaque fois avec son club, le <strong>Paris Saint-Germain<\/strong>. Il a pris part aux championnats de France par \u00e9quipes puis \u00e0 la Ligue des Champions en d\u00e9cembre dernier.<\/p>\n<p style=\"text-align: justify;\"><strong>Teddy<\/strong> <strong>Riner<\/strong> devait s&rsquo;aligner au <strong>Masters de<\/strong>\u00a0<strong>Budapest<\/strong>, mais\u00a0avait finalement d\u00e9clar\u00e9 forfait. Il en a fait de m\u00eame pour le <strong>Grand Slam<\/strong> de <strong>Doha<\/strong> o\u00f9 il \u00e9tait attendu fin 2023. Le champion fran\u00e7ais avait annonc\u00e9 qu&rsquo;il voulait am\u00e9nager son programme de comp\u00e9tition en fonction de ses sensations \u00e0 l&rsquo;entra\u00eenement pour \u00eatre pr\u00eat pour les <strong>JO de<\/strong> <strong>Paris<\/strong>.<\/p>\n<p style=\"text-align: justify;\">Il a finalement d\u00e9cid\u00e9 de s&rsquo;aligner au <strong>Grand<\/strong> <strong>Slam de<\/strong>\u00a0<strong>Paris<\/strong> qu&rsquo;il a d\u00e9j\u00e0 remport\u00e9 \u00e0 sept reprises, dont la derni\u00e8re fois en 2023. <strong>Teddy<\/strong> <strong>Riner<\/strong> entame donc la derni\u00e8re partie de sa pr\u00e9paration pour aller chercher un troisi\u00e8me titre olympique en individuel dans quelques mois \u00e0 Paris.<\/p>\n<blockquote class=\"twitter-tweet\">\n<p dir=\"ltr\" lang=\"fr\">\ud835\udc13\ud835\udc04\ud835\udc03\ud835\udc03\ud835\udc18 \ud835\udc00\ud835\udc14 \ud835\udc0f\ud835\udc00\ud835\udc11\ud835\udc08\ud835\udc12 \ud835\udc06\ud835\udc11\ud835\udc00\ud835\udc0d\ud835\udc03 \ud835\udc12\ud835\udc0b\ud835\udc00\ud835\udc0c ! \ud83d\udca5\ud83e\udd29<\/p>\n<p>Le triple champion olympique Teddy Riner (+100kg) combattra sur les tapis de l&rsquo;Accor Arena le 4 f\u00e9vrier prochain ! \ud83d\udc4a\ud83c\uddeb\ud83c\uddf7<\/p>\n<p>\ud83d\udcf8 France Judo\/T.Albisetti<a href=\"https:\/\/twitter.com\/hashtag\/ParisGrandSlam2024?src=hash&amp;ref_src=twsrc%5Etfw\">#ParisGrandSlam2024<\/a> <a href=\"https:\/\/twitter.com\/hashtag\/JudoParis?src=hash&amp;ref_src=twsrc%5Etfw\">#JudoParis<\/a> <a href=\"https:\/\/twitter.com\/hashtag\/FierdEtreJudoka?src=hash&amp;ref_src=twsrc%5Etfw\">#FierdEtreJudoka<\/a> <a href=\"https:\/\/t.co\/PaSBIr72Ty\">pic.twitter.com\/PaSBIr72Ty<\/a><\/p>\n<p>\u2014 France Judo (@francejudo) <a href=\"https:\/\/twitter.com\/francejudo\/status\/1750190719371764134?ref_src=twsrc%5Etfw\">January 24, 2024<\/a><\/p><\/blockquote>\n<p style=\"text-align: justify;\"><script async src=\"https:\/\/platform.twitter.com\/widgets.js\" charset=\"utf-8\"><\/script><\/p>\n","protected":false},"excerpt":{"rendered":"<p>JUDO &#8211; Teddy Riner va faire son retour \u00e0 la comp\u00e9tition \u00e0 l&rsquo;occasion du Grand Slam de Paris le 4 f\u00e9vrier prochain.<\/p>\n","protected":false},"author":1,"featured_media":456117,"comment_status":"open","ping_status":"closed","sticky":false,"template":"","format":"standard","meta":{"_acf_changed":false,"_daextam_enable_autolinks":"1","footnotes":""},"categories":[8651],"tags":[16878,68,1798,1787],"class_list":["post-456116","post","type-post","status-publish","format-standard","has-post-thumbnail","hentry","category-judo","tag-breve","tag-judo","tag-riner","tag-teddy-riner"],"acf":[],"yoast_head":"<!-- This site is optimized with the Yoast SEO Premium plugin v26.7 (Yoast SEO v26.7) - https:\/\/yoast.com\/wordpress\/plugins\/seo\/ -->\n<title>Judo : Teddy Riner fait son retour au Grand Slam de Paris<\/title>\n<meta name=\"description\" content=\"JUDO - Teddy Riner va faire son retour \u00e0 la comp\u00e9tition \u00e0 l&#039;occasion du Grand Slam de Paris le 4 f\u00e9vrier prochain.\" \/>\n<meta name=\"robots\" content=\"index, follow, max-snippet:-1, max-image-preview:large, max-video-preview:-1\" \/>\n<link rel=\"canonical\" href=\"https:\/\/dicodusport.fr\/blog\/judo-teddy-riner-fait-son-retour-au-grand-slam-de-paris\/\" \/>\n<meta property=\"og:locale\" content=\"fr_FR\" \/>\n<meta property=\"og:type\" content=\"article\" \/>\n<meta property=\"og:title\" content=\"Judo : Teddy Riner fait son retour au Grand Slam de Paris\" \/>\n<meta property=\"og:description\" content=\"JUDO - Teddy Riner va faire son retour \u00e0 la comp\u00e9tition \u00e0 l&#039;occasion du Grand Slam de Paris le 4 f\u00e9vrier prochain.\" \/>\n<meta property=\"og:url\" content=\"https:\/\/dicodusport.fr\/blog\/judo-teddy-riner-fait-son-retour-au-grand-slam-de-paris\/\" \/>\n<meta property=\"og:site_name\" content=\"Dicodusport\" \/>\n<meta property=\"article:publisher\" content=\"https:\/\/www.facebook.com\/dicodusport\" \/>\n<meta property=\"article:author\" content=\"https:\/\/www.facebook.com\/dicodusport\" \/>\n<meta property=\"article:published_time\" content=\"2024-01-24T16:29:22+00:00\" \/>\n<meta property=\"article:modified_time\" content=\"2024-01-24T16:54:34+00:00\" \/>\n<meta property=\"og:image\" content=\"https:\/\/dicodusport.fr\/blog\/wp-content\/uploads\/2024\/01\/Judo-Teddy-Riner-fait-son-retour-au-Grand-Slam-de-Paris.png\" \/>\n\t<meta property=\"og:image:width\" content=\"1200\" \/>\n\t<meta property=\"og:image:height\" content=\"674\" \/>\n\t<meta property=\"og:image:type\" content=\"image\/png\" \/>\n<meta name=\"author\" content=\"Nicolas Jacquemard\" \/>\n<meta name=\"twitter:card\" content=\"summary_large_image\" \/>\n<meta name=\"twitter:title\" content=\"Judo : Teddy Riner fait son retour au Grand Slam de Paris\" \/>\n<meta name=\"twitter:creator\" content=\"@https:\/\/twitter.com\/Nico_Jacquemard\" \/>\n<meta name=\"twitter:site\" content=\"@dicodusport\" \/>\n<script type=\"application\/ld+json\" class=\"yoast-schema-graph\">{\"@context\":\"https:\/\/schema.org\",\"@graph\":[{\"@type\":\"NewsArticle\",\"@id\":\"https:\/\/dicodusport.fr\/blog\/judo-teddy-riner-fait-son-retour-au-grand-slam-de-paris\/#article\",\"isPartOf\":{\"@id\":\"https:\/\/dicodusport.fr\/blog\/judo-teddy-riner-fait-son-retour-au-grand-slam-de-paris\/\"},\"author\":{\"name\":\"Nicolas Jacquemard\",\"@id\":\"https:\/\/dicodusport.fr\/blog\/#\/schema\/person\/55dcb50ad410894e431ed812bbb70191\"},\"headline\":\"Judo : Teddy Riner fait son retour au Grand Slam de Paris\",\"datePublished\":\"2024-01-24T16:29:22+00:00\",\"dateModified\":\"2024-01-24T16:54:34+00:00\",\"mainEntityOfPage\":{\"@id\":\"https:\/\/dicodusport.fr\/blog\/judo-teddy-riner-fait-son-retour-au-grand-slam-de-paris\/\"},\"wordCount\":243,\"commentCount\":0,\"publisher\":{\"@id\":\"https:\/\/dicodusport.fr\/blog\/#organization\"},\"image\":{\"@id\":\"https:\/\/dicodusport.fr\/blog\/judo-teddy-riner-fait-son-retour-au-grand-slam-de-paris\/#primaryimage\"},\"thumbnailUrl\":\"https:\/\/dicodusport.fr\/blog\/wp-content\/uploads\/2024\/01\/Judo-Teddy-Riner-fait-son-retour-au-Grand-Slam-de-Paris.png\",\"keywords\":[\"br\u00e8ve\",\"Judo\",\"riner\",\"Teddy Riner\"],\"articleSection\":[\"Judo\"],\"inLanguage\":\"fr-FR\",\"potentialAction\":[{\"@type\":\"CommentAction\",\"name\":\"Comment\",\"target\":[\"https:\/\/dicodusport.fr\/blog\/judo-teddy-riner-fait-son-retour-au-grand-slam-de-paris\/#respond\"]}],\"copyrightYear\":\"2024\",\"copyrightHolder\":{\"@id\":\"https:\/\/dicodusport.fr\/blog\/#organization\"}},{\"@type\":\"WebPage\",\"@id\":\"https:\/\/dicodusport.fr\/blog\/judo-teddy-riner-fait-son-retour-au-grand-slam-de-paris\/\",\"url\":\"https:\/\/dicodusport.fr\/blog\/judo-teddy-riner-fait-son-retour-au-grand-slam-de-paris\/\",\"name\":\"Judo : Teddy Riner fait son retour au Grand Slam de Paris\",\"isPartOf\":{\"@id\":\"https:\/\/dicodusport.fr\/blog\/#website\"},\"primaryImageOfPage\":{\"@id\":\"https:\/\/dicodusport.fr\/blog\/judo-teddy-riner-fait-son-retour-au-grand-slam-de-paris\/#primaryimage\"},\"image\":{\"@id\":\"https:\/\/dicodusport.fr\/blog\/judo-teddy-riner-fait-son-retour-au-grand-slam-de-paris\/#primaryimage\"},\"thumbnailUrl\":\"https:\/\/dicodusport.fr\/blog\/wp-content\/uploads\/2024\/01\/Judo-Teddy-Riner-fait-son-retour-au-Grand-Slam-de-Paris.png\",\"datePublished\":\"2024-01-24T16:29:22+00:00\",\"dateModified\":\"2024-01-24T16:54:34+00:00\",\"description\":\"JUDO - Teddy Riner va faire son retour \u00e0 la comp\u00e9tition \u00e0 l'occasion du Grand Slam de Paris le 4 f\u00e9vrier prochain.\",\"breadcrumb\":{\"@id\":\"https:\/\/dicodusport.fr\/blog\/judo-teddy-riner-fait-son-retour-au-grand-slam-de-paris\/#breadcrumb\"},\"inLanguage\":\"fr-FR\",\"potentialAction\":[{\"@type\":\"ReadAction\",\"target\":[\"https:\/\/dicodusport.fr\/blog\/judo-teddy-riner-fait-son-retour-au-grand-slam-de-paris\/\"]}]},{\"@type\":\"ImageObject\",\"inLanguage\":\"fr-FR\",\"@id\":\"https:\/\/dicodusport.fr\/blog\/judo-teddy-riner-fait-son-retour-au-grand-slam-de-paris\/#primaryimage\",\"url\":\"https:\/\/dicodusport.fr\/blog\/wp-content\/uploads\/2024\/01\/Judo-Teddy-Riner-fait-son-retour-au-Grand-Slam-de-Paris.png\",\"contentUrl\":\"https:\/\/dicodusport.fr\/blog\/wp-content\/uploads\/2024\/01\/Judo-Teddy-Riner-fait-son-retour-au-Grand-Slam-de-Paris.png\",\"width\":1200,\"height\":674,\"caption\":\"Judo Teddy Riner fait son retour au Grand Slam de Paris\"},{\"@type\":\"BreadcrumbList\",\"@id\":\"https:\/\/dicodusport.fr\/blog\/judo-teddy-riner-fait-son-retour-au-grand-slam-de-paris\/#breadcrumb\",\"itemListElement\":[{\"@type\":\"ListItem\",\"position\":1,\"name\":\"Accueil\",\"item\":\"https:\/\/dicodusport.fr\/blog\/\"},{\"@type\":\"ListItem\",\"position\":2,\"name\":\"Judo : Teddy Riner fait son retour au Grand Slam de Paris\"}]},{\"@type\":\"WebSite\",\"@id\":\"https:\/\/dicodusport.fr\/blog\/#website\",\"url\":\"https:\/\/dicodusport.fr\/blog\/\",\"name\":\"Dicodusport\",\"description\":\"L&#039;encyclop\u00e9die de l&#039;actualit\u00e9 sportive\",\"publisher\":{\"@id\":\"https:\/\/dicodusport.fr\/blog\/#organization\"},\"potentialAction\":[{\"@type\":\"SearchAction\",\"target\":{\"@type\":\"EntryPoint\",\"urlTemplate\":\"https:\/\/dicodusport.fr\/blog\/?s={search_term_string}\"},\"query-input\":{\"@type\":\"PropertyValueSpecification\",\"valueRequired\":true,\"valueName\":\"search_term_string\"}}],\"inLanguage\":\"fr-FR\"},{\"@type\":\"NewsMediaOrganization\",\"@id\":\"https:\/\/dicodusport.fr\/blog\/#organization\",\"name\":\"Dicodusport\",\"url\":\"https:\/\/dicodusport.fr\/blog\/\",\"logo\":{\"@type\":\"ImageObject\",\"inLanguage\":\"fr-FR\",\"@id\":\"https:\/\/dicodusport.fr\/blog\/#\/schema\/logo\/image\/\",\"url\":\"https:\/\/dicodusport.fr\/blog\/wp-content\/uploads\/2020\/06\/cropped-LOGO-DICODUSPORT-2020-SANS-FOND-SANS-TEXTE.png\",\"contentUrl\":\"https:\/\/dicodusport.fr\/blog\/wp-content\/uploads\/2020\/06\/cropped-LOGO-DICODUSPORT-2020-SANS-FOND-SANS-TEXTE.png\",\"width\":512,\"height\":512,\"caption\":\"Dicodusport\"},\"image\":{\"@id\":\"https:\/\/dicodusport.fr\/blog\/#\/schema\/logo\/image\/\"},\"sameAs\":[\"https:\/\/www.facebook.com\/dicodusport\",\"https:\/\/x.com\/dicodusport\",\"https:\/\/www.instagram.com\/dicodusport\/\",\"https:\/\/www.youtube.com\/channel\/UC7V2KZ5sd3htJivAbA4ZG3w\"],\"description\":\"Dicodusport est l'encyclop\u00e9die de l'actualit\u00e9 sportive.\",\"email\":\"bonjour@dicodusport.fr\",\"legalName\":\"DICODUSPORT\",\"foundingDate\":\"2018-01-14\",\"vatID\":\"FR71834470973\",\"taxID\":\"83447097300043\",\"numberOfEmployees\":{\"@type\":\"QuantitativeValue\",\"minValue\":\"1\",\"maxValue\":\"10\"}},{\"@type\":\"Person\",\"@id\":\"https:\/\/dicodusport.fr\/blog\/#\/schema\/person\/55dcb50ad410894e431ed812bbb70191\",\"name\":\"Nicolas Jacquemard\",\"image\":{\"@type\":\"ImageObject\",\"inLanguage\":\"fr-FR\",\"@id\":\"https:\/\/dicodusport.fr\/blog\/#\/schema\/person\/image\/\",\"url\":\"https:\/\/dicodusport.fr\/blog\/wp-content\/uploads\/2021\/05\/Nicolas-Jacquemard-150x150.jpeg\",\"contentUrl\":\"https:\/\/dicodusport.fr\/blog\/wp-content\/uploads\/2021\/05\/Nicolas-Jacquemard-150x150.jpeg\",\"caption\":\"Nicolas Jacquemard\"},\"description\":\"Passionn\u00e9 de sport et entrepreneur depuis mes 18 ans, la cr\u00e9ation de Dicodusport m'a sembl\u00e9 \u00e9vidente pour participer \u00e0 la m\u00e9diatisation d'un plus grand nombre de sports. Le chemin est long mais avec une \u00e9quipe des plus motiv\u00e9es et les Jeux Olympiques de Paris 2024 en point de mire, nous y arriverons ! Journaliste dans le monde du sport depuis plus de 5 ans, je traite aussi bien de football, de rugby, de biathlon que de cyclisme.\",\"sameAs\":[\"https:\/\/www.facebook.com\/dicodusport\",\"https:\/\/x.com\/https:\/\/twitter.com\/Nico_Jacquemard\"],\"url\":\"https:\/\/dicodusport.fr\/blog\/author\/dicodusport\/\"}]}<\/script>\n<!-- \/ Yoast SEO Premium plugin. -->","yoast_head_json":{"title":"Judo : Teddy Riner fait son retour au Grand Slam de Paris","description":"JUDO - Teddy Riner va faire son retour \u00e0 la comp\u00e9tition \u00e0 l'occasion du Grand Slam de Paris le 4 f\u00e9vrier prochain.","robots":{"index":"index","follow":"follow","max-snippet":"max-snippet:-1","max-image-preview":"max-image-preview:large","max-video-preview":"max-video-preview:-1"},"canonical":"https:\/\/dicodusport.fr\/blog\/judo-teddy-riner-fait-son-retour-au-grand-slam-de-paris\/","og_locale":"fr_FR","og_type":"article","og_title":"Judo : Teddy Riner fait son retour au Grand Slam de Paris","og_description":"JUDO - Teddy Riner va faire son retour \u00e0 la comp\u00e9tition \u00e0 l'occasion du Grand Slam de Paris le 4 f\u00e9vrier prochain.","og_url":"https:\/\/dicodusport.fr\/blog\/judo-teddy-riner-fait-son-retour-au-grand-slam-de-paris\/","og_site_name":"Dicodusport","article_publisher":"https:\/\/www.facebook.com\/dicodusport","article_author":"https:\/\/www.facebook.com\/dicodusport","article_published_time":"2024-01-24T16:29:22+00:00","article_modified_time":"2024-01-24T16:54:34+00:00","og_image":[{"width":1200,"height":674,"url":"https:\/\/dicodusport.fr\/blog\/wp-content\/uploads\/2024\/01\/Judo-Teddy-Riner-fait-son-retour-au-Grand-Slam-de-Paris.png","type":"image\/png"}],"author":"Nicolas Jacquemard","twitter_card":"summary_large_image","twitter_title":"Judo : Teddy Riner fait son retour au Grand Slam de Paris","twitter_creator":"@https:\/\/twitter.com\/Nico_Jacquemard","twitter_site":"@dicodusport","schema":{"@context":"https:\/\/schema.org","@graph":[{"@type":"NewsArticle","@id":"https:\/\/dicodusport.fr\/blog\/judo-teddy-riner-fait-son-retour-au-grand-slam-de-paris\/#article","isPartOf":{"@id":"https:\/\/dicodusport.fr\/blog\/judo-teddy-riner-fait-son-retour-au-grand-slam-de-paris\/"},"author":{"name":"Nicolas Jacquemard","@id":"https:\/\/dicodusport.fr\/blog\/#\/schema\/person\/55dcb50ad410894e431ed812bbb70191"},"headline":"Judo : Teddy Riner fait son retour au Grand Slam de Paris","datePublished":"2024-01-24T16:29:22+00:00","dateModified":"2024-01-24T16:54:34+00:00","mainEntityOfPage":{"@id":"https:\/\/dicodusport.fr\/blog\/judo-teddy-riner-fait-son-retour-au-grand-slam-de-paris\/"},"wordCount":243,"commentCount":0,"publisher":{"@id":"https:\/\/dicodusport.fr\/blog\/#organization"},"image":{"@id":"https:\/\/dicodusport.fr\/blog\/judo-teddy-riner-fait-son-retour-au-grand-slam-de-paris\/#primaryimage"},"thumbnailUrl":"https:\/\/dicodusport.fr\/blog\/wp-content\/uploads\/2024\/01\/Judo-Teddy-Riner-fait-son-retour-au-Grand-Slam-de-Paris.png","keywords":["br\u00e8ve","Judo","riner","Teddy Riner"],"articleSection":["Judo"],"inLanguage":"fr-FR","potentialAction":[{"@type":"CommentAction","name":"Comment","target":["https:\/\/dicodusport.fr\/blog\/judo-teddy-riner-fait-son-retour-au-grand-slam-de-paris\/#respond"]}],"copyrightYear":"2024","copyrightHolder":{"@id":"https:\/\/dicodusport.fr\/blog\/#organization"}},{"@type":"WebPage","@id":"https:\/\/dicodusport.fr\/blog\/judo-teddy-riner-fait-son-retour-au-grand-slam-de-paris\/","url":"https:\/\/dicodusport.fr\/blog\/judo-teddy-riner-fait-son-retour-au-grand-slam-de-paris\/","name":"Judo : Teddy Riner fait son retour au Grand Slam de Paris","isPartOf":{"@id":"https:\/\/dicodusport.fr\/blog\/#website"},"primaryImageOfPage":{"@id":"https:\/\/dicodusport.fr\/blog\/judo-teddy-riner-fait-son-retour-au-grand-slam-de-paris\/#primaryimage"},"image":{"@id":"https:\/\/dicodusport.fr\/blog\/judo-teddy-riner-fait-son-retour-au-grand-slam-de-paris\/#primaryimage"},"thumbnailUrl":"https:\/\/dicodusport.fr\/blog\/wp-content\/uploads\/2024\/01\/Judo-Teddy-Riner-fait-son-retour-au-Grand-Slam-de-Paris.png","datePublished":"2024-01-24T16:29:22+00:00","dateModified":"2024-01-24T16:54:34+00:00","description":"JUDO - Teddy Riner va faire son retour \u00e0 la comp\u00e9tition \u00e0 l'occasion du Grand Slam de Paris le 4 f\u00e9vrier prochain.","breadcrumb":{"@id":"https:\/\/dicodusport.fr\/blog\/judo-teddy-riner-fait-son-retour-au-grand-slam-de-paris\/#breadcrumb"},"inLanguage":"fr-FR","potentialAction":[{"@type":"ReadAction","target":["https:\/\/dicodusport.fr\/blog\/judo-teddy-riner-fait-son-retour-au-grand-slam-de-paris\/"]}]},{"@type":"ImageObject","inLanguage":"fr-FR","@id":"https:\/\/dicodusport.fr\/blog\/judo-teddy-riner-fait-son-retour-au-grand-slam-de-paris\/#primaryimage","url":"https:\/\/dicodusport.fr\/blog\/wp-content\/uploads\/2024\/01\/Judo-Teddy-Riner-fait-son-retour-au-Grand-Slam-de-Paris.png","contentUrl":"https:\/\/dicodusport.fr\/blog\/wp-content\/uploads\/2024\/01\/Judo-Teddy-Riner-fait-son-retour-au-Grand-Slam-de-Paris.png","width":1200,"height":674,"caption":"Judo Teddy Riner fait son retour au Grand Slam de Paris"},{"@type":"BreadcrumbList","@id":"https:\/\/dicodusport.fr\/blog\/judo-teddy-riner-fait-son-retour-au-grand-slam-de-paris\/#breadcrumb","itemListElement":[{"@type":"ListItem","position":1,"name":"Accueil","item":"https:\/\/dicodusport.fr\/blog\/"},{"@type":"ListItem","position":2,"name":"Judo : Teddy Riner fait son retour au Grand Slam de Paris"}]},{"@type":"WebSite","@id":"https:\/\/dicodusport.fr\/blog\/#website","url":"https:\/\/dicodusport.fr\/blog\/","name":"Dicodusport","description":"L&#039;encyclop\u00e9die de l&#039;actualit\u00e9 sportive","publisher":{"@id":"https:\/\/dicodusport.fr\/blog\/#organization"},"potentialAction":[{"@type":"SearchAction","target":{"@type":"EntryPoint","urlTemplate":"https:\/\/dicodusport.fr\/blog\/?s={search_term_string}"},"query-input":{"@type":"PropertyValueSpecification","valueRequired":true,"valueName":"search_term_string"}}],"inLanguage":"fr-FR"},{"@type":"NewsMediaOrganization","@id":"https:\/\/dicodusport.fr\/blog\/#organization","name":"Dicodusport","url":"https:\/\/dicodusport.fr\/blog\/","logo":{"@type":"ImageObject","inLanguage":"fr-FR","@id":"https:\/\/dicodusport.fr\/blog\/#\/schema\/logo\/image\/","url":"https:\/\/dicodusport.fr\/blog\/wp-content\/uploads\/2020\/06\/cropped-LOGO-DICODUSPORT-2020-SANS-FOND-SANS-TEXTE.png","contentUrl":"https:\/\/dicodusport.fr\/blog\/wp-content\/uploads\/2020\/06\/cropped-LOGO-DICODUSPORT-2020-SANS-FOND-SANS-TEXTE.png","width":512,"height":512,"caption":"Dicodusport"},"image":{"@id":"https:\/\/dicodusport.fr\/blog\/#\/schema\/logo\/image\/"},"sameAs":["https:\/\/www.facebook.com\/dicodusport","https:\/\/x.com\/dicodusport","https:\/\/www.instagram.com\/dicodusport\/","https:\/\/www.youtube.com\/channel\/UC7V2KZ5sd3htJivAbA4ZG3w"],"description":"Dicodusport est l'encyclop\u00e9die de l'actualit\u00e9 sportive.","email":"bonjour@dicodusport.fr","legalName":"DICODUSPORT","foundingDate":"2018-01-14","vatID":"FR71834470973","taxID":"83447097300043","numberOfEmployees":{"@type":"QuantitativeValue","minValue":"1","maxValue":"10"}},{"@type":"Person","@id":"https:\/\/dicodusport.fr\/blog\/#\/schema\/person\/55dcb50ad410894e431ed812bbb70191","name":"Nicolas Jacquemard","image":{"@type":"ImageObject","inLanguage":"fr-FR","@id":"https:\/\/dicodusport.fr\/blog\/#\/schema\/person\/image\/","url":"https:\/\/dicodusport.fr\/blog\/wp-content\/uploads\/2021\/05\/Nicolas-Jacquemard-150x150.jpeg","contentUrl":"https:\/\/dicodusport.fr\/blog\/wp-content\/uploads\/2021\/05\/Nicolas-Jacquemard-150x150.jpeg","caption":"Nicolas Jacquemard"},"description":"Passionn\u00e9 de sport et entrepreneur depuis mes 18 ans, la cr\u00e9ation de Dicodusport m'a sembl\u00e9 \u00e9vidente pour participer \u00e0 la m\u00e9diatisation d'un plus grand nombre de sports. Le chemin est long mais avec une \u00e9quipe des plus motiv\u00e9es et les Jeux Olympiques de Paris 2024 en point de mire, nous y arriverons ! Journaliste dans le monde du sport depuis plus de 5 ans, je traite aussi bien de football, de rugby, de biathlon que de cyclisme.","sameAs":["https:\/\/www.facebook.com\/dicodusport","https:\/\/x.com\/https:\/\/twitter.com\/Nico_Jacquemard"],"url":"https:\/\/dicodusport.fr\/blog\/author\/dicodusport\/"}]}},"_links":{"self":[{"href":"https:\/\/dicodusport.fr\/blog\/wp-json\/wp\/v2\/posts\/456116","targetHints":{"allow":["GET"]}}],"collection":[{"href":"https:\/\/dicodusport.fr\/blog\/wp-json\/wp\/v2\/posts"}],"about":[{"href":"https:\/\/dicodusport.fr\/blog\/wp-json\/wp\/v2\/types\/post"}],"author":[{"embeddable":true,"href":"https:\/\/dicodusport.fr\/blog\/wp-json\/wp\/v2\/users\/1"}],"replies":[{"embeddable":true,"href":"https:\/\/dicodusport.fr\/blog\/wp-json\/wp\/v2\/comments?post=456116"}],"version-history":[{"count":5,"href":"https:\/\/dicodusport.fr\/blog\/wp-json\/wp\/v2\/posts\/456116\/revisions"}],"predecessor-version":[{"id":456135,"href":"https:\/\/dicodusport.fr\/blog\/wp-json\/wp\/v2\/posts\/456116\/revisions\/456135"}],"wp:featuredmedia":[{"embeddable":true,"href":"https:\/\/dicodusport.fr\/blog\/wp-json\/wp\/v2\/media\/456117"}],"wp:attachment":[{"href":"https:\/\/dicodusport.fr\/blog\/wp-json\/wp\/v2\/media?parent=456116"}],"wp:term":[{"taxonomy":"category","embeddable":true,"href":"https:\/\/dicodusport.fr\/blog\/wp-json\/wp\/v2\/categories?post=456116"},{"taxonomy":"post_tag","embeddable":true,"href":"https:\/\/dicodusport.fr\/blog\/wp-json\/wp\/v2\/tags?post=456116"}],"curies":[{"name":"wp","href":"https:\/\/api.w.org\/{rel}","templated":true}]}}