{"id":456119,"date":"2024-02-03T15:07:55","date_gmt":"2024-02-03T14:07:55","guid":{"rendered":"https:\/\/dicodusport.fr\/blog\/?p=456119&#038;preview=true&#038;preview_id=456119"},"modified":"2024-02-03T15:07:28","modified_gmt":"2024-02-03T14:07:28","slug":"etoile-de-besseges-2024-parcours-et-profil-des-etapes","status":"publish","type":"post","link":"https:\/\/dicodusport.fr\/blog\/etoile-de-besseges-2024-parcours-et-profil-des-etapes\/","title":{"rendered":"\u00c9toile de Bess\u00e8ges 2024 : Parcours et profil des \u00e9tapes"},"content":{"rendered":"<p style=\"text-align: justify;\"><em><b>\u00c9TOILE DE BESS\u00c8GES 2024 &#8211; La 54e \u00e9dition de l&rsquo;Etoile de Bess\u00e8ges \u2013 Tour du Gard se d\u00e9roulera du 31 janvier au 4 f\u00e9vrier 2024, pour la premi\u00e8re course par \u00e9tapes du calendrier fran\u00e7ais. Parcours complet et profil des \u00e9tapes.<\/b><\/em><\/p>\n<ul>\n<li style=\"text-align: justify;\"><strong>\u00c0 ce sujet \u2013\u00a0<a href=\"https:\/\/dicodusport.fr\/blog\/etoile-de-besseges-2024-classement-general\/\">\u00c9toile de Bess\u00e8ges 2024 &#8211; Classement g\u00e9n\u00e9ral<\/a><br \/>\n<\/strong><\/li>\n<li style=\"text-align: justify;\"><strong>\u00c0 ce sujet \u2013\u00a0<a href=\"https:\/\/dicodusport.fr\/blog\/etoile-de-besseges-2024-les-engages\/\" target=\"_blank\" rel=\"noopener\">\u00c9toile de Bess\u00e8ges 2024 : La liste des engag\u00e9s<\/a><\/strong><\/li>\n<li style=\"text-align: justify;\"><strong>\u00c0 ce sujet \u2013 <a href=\"https:\/\/dicodusport.fr\/blog\/etoile-de-besseges-2024-a-quelle-heure-et-sur-quelle-chaine-tv\/\">\u00c9toile de Bess\u00e8ges 2024 : \u00c0 quelle heure et sur quelle cha\u00eene TV<\/a><\/strong><\/li>\n<\/ul>\n<h2 style=\"text-align: justify;\">Parcours complet et profil des \u00e9tapes de l&rsquo;\u00c9toile de Bess\u00e8ges 2024<\/h2>\n<h3 style=\"text-align: justify;\"><span style=\"text-decoration: underline;\">1\u00e8re \u00e9tape &#8211; Mercredi 31 janvier 2024 : Bellegarde &#8211; Bellegarde (160,7 km) &#8211; <span style=\"color: #ff0000; text-decoration: underline;\">ANNUL\u00c9E<\/span><\/span><\/h3>\n<p style=\"text-align: justify;\">D&rsquo;abord, la premi\u00e8re \u00e9tape sera en boucle autour de <strong>Bellegarde<\/strong> sur 160,7 km. L\u2019arriv\u00e9e se situera sur les hauteurs de la C\u00f4te de la Tour, une courte ascension de 700 m\u00e8tres, mais avec des passages \u00e0 12 %.<\/p>\n<ul>\n<li style=\"text-align: justify;\"><strong>\u00c0 ce sujet &#8211; <a href=\"https:\/\/dicodusport.fr\/blog\/etoile-de-besseges-2024-la-1ere-etape-annulee\/\">\u00c9toile de Bess\u00e8ges 2024 : La 1\u00e8re \u00e9tape annul\u00e9e<\/a><\/strong><\/li>\n<\/ul>\n<p>&nbsp;<\/p>\n<div id=\"attachment_457851\" style=\"width: 1210px\" class=\"wp-caption aligncenter\"><img loading=\"lazy\" decoding=\"async\" aria-describedby=\"caption-attachment-457851\" class=\"wp-image-457851 size-full\" src=\"https:\/\/dicodusport.fr\/blog\/wp-content\/uploads\/2024\/01\/Etoile-de-Besseges-2024-Profil-de-la-1ere-etape.webp\" alt=\"\u00c9toile de Bess\u00e8ges 2024 - Profil de la 1\u00e8re \u00e9tape\" width=\"1200\" height=\"678\" srcset=\"https:\/\/dicodusport.fr\/blog\/wp-content\/uploads\/2024\/01\/Etoile-de-Besseges-2024-Profil-de-la-1ere-etape.webp 1200w, https:\/\/dicodusport.fr\/blog\/wp-content\/uploads\/2024\/01\/Etoile-de-Besseges-2024-Profil-de-la-1ere-etape-300x170.webp 300w, https:\/\/dicodusport.fr\/blog\/wp-content\/uploads\/2024\/01\/Etoile-de-Besseges-2024-Profil-de-la-1ere-etape-1024x579.webp 1024w, https:\/\/dicodusport.fr\/blog\/wp-content\/uploads\/2024\/01\/Etoile-de-Besseges-2024-Profil-de-la-1ere-etape-768x434.webp 768w\" sizes=\"auto, (max-width: 1200px) 100vw, 1200px\" \/><p id=\"caption-attachment-457851\" class=\"wp-caption-text\">\u00c9toile de Bess\u00e8ges 2024 &#8211; Profil de la 1\u00e8re \u00e9tape &#8211; Via La Flamme Rouge<\/p><\/div>\n<h3 style=\"text-align: justify;\"><span style=\"text-decoration: underline;\">2\u00e8me \u00e9tape &#8211; Jeudi 1er f\u00e9vrier 2024 : Marguerittes &#8211; Rousson (163,5 km)<\/span><\/h3>\n<ul>\n<li style=\"text-align: justify;\"><a href=\"https:\/\/dicodusport.fr\/blog\/etoile-de-besseges-2024-classement-2eme-etape\/\"><strong>Classement de la 2\u00e8me \u00e9tape<\/strong><\/a><\/li>\n<\/ul>\n<p style=\"text-align: justify;\">Ensuite, les coureurs partiront de <strong>Marguerittes<\/strong> pour rejoindre <strong>Rousson<\/strong> pour une deuxi\u00e8me \u00e9tape de 163,5 km. Les 85 premiers seront plut\u00f4t plats avant d\u2019encha\u00eener les ascensions du Col de la Baraque (13,2 km \u00e0 3,6 %) et de la C\u00f4te du Pradel (3,1 km \u00e0 5,6 %). Les coureurs retrouveront des routes l\u00e9g\u00e8rement vallonn\u00e9es autour des Mages avant d&rsquo;atteindre le pied de la bosse finale \u00e0 Rousson de 900 m\u00e8tres \u00e0 9,2 %.<\/p>\n<div id=\"attachment_457850\" style=\"width: 1210px\" class=\"wp-caption aligncenter\"><img loading=\"lazy\" decoding=\"async\" aria-describedby=\"caption-attachment-457850\" class=\"wp-image-457850 size-full\" src=\"https:\/\/dicodusport.fr\/blog\/wp-content\/uploads\/2024\/01\/Etoile-de-Besseges-2024-Profil-de-la-2eme-etape.webp\" alt=\"\u00c9toile de Bess\u00e8ges 2024 - Profil de la 2\u00e8me \u00e9tape\" width=\"1200\" height=\"675\" srcset=\"https:\/\/dicodusport.fr\/blog\/wp-content\/uploads\/2024\/01\/Etoile-de-Besseges-2024-Profil-de-la-2eme-etape.webp 1200w, https:\/\/dicodusport.fr\/blog\/wp-content\/uploads\/2024\/01\/Etoile-de-Besseges-2024-Profil-de-la-2eme-etape-300x169.webp 300w, https:\/\/dicodusport.fr\/blog\/wp-content\/uploads\/2024\/01\/Etoile-de-Besseges-2024-Profil-de-la-2eme-etape-1024x576.webp 1024w, https:\/\/dicodusport.fr\/blog\/wp-content\/uploads\/2024\/01\/Etoile-de-Besseges-2024-Profil-de-la-2eme-etape-768x432.webp 768w\" sizes=\"auto, (max-width: 1200px) 100vw, 1200px\" \/><p id=\"caption-attachment-457850\" class=\"wp-caption-text\">\u00c9toile de Bess\u00e8ges 2024 &#8211; Profil de la 2\u00e8me \u00e9tape &#8211; Via La Flamme Rouge<\/p><\/div>\n<h3 style=\"text-align: justify;\"><span style=\"text-decoration: underline;\">3\u00e8me \u00e9tape &#8211; Vendredi 2 f\u00e9vrier 2024 : Bess\u00e8ges &#8211; Bess\u00e8ges (161,1 km)<\/span><\/h3>\n<ul>\n<li style=\"text-align: justify;\"><a href=\"https:\/\/dicodusport.fr\/blog\/etoile-de-besseges-2024-classement-3eme-etape\/\"><strong>Classement de la 3\u00e8me \u00e9tape<\/strong><\/a><\/li>\n<\/ul>\n<p style=\"text-align: justify;\">Puis, place \u00e0 l&rsquo;\u00e9tape traditionnelle autour de <strong>Bess\u00e8ges<\/strong> avec ses nombreuses c\u00f4tes dans l\u2019arri\u00e8re-pays. D\u00e8s les premiers kilom\u00e8tres, trois mont\u00e9es croiseront le chemin des coureurs. Les kilom\u00e8tres suivants seront un peu moins vallonn\u00e9s avant de rejoindre le circuit final de plus 30 kilom\u00e8tres. Ce circuit proposera les deux derni\u00e8res ascensions du jour : le Col des Brousses (5,3 km \u00e0 3,6 %) et de Tr\u00e9lis (2,4 km \u00e0 6,5 %).<\/p>\n<div id=\"attachment_457849\" style=\"width: 1210px\" class=\"wp-caption aligncenter\"><img loading=\"lazy\" decoding=\"async\" aria-describedby=\"caption-attachment-457849\" class=\"size-full wp-image-457849\" src=\"https:\/\/dicodusport.fr\/blog\/wp-content\/uploads\/2024\/01\/Etoile-de-Besseges-2024-Profil-de-la-3eme-etape.webp\" alt=\"\u00c9toile de Bess\u00e8ges 2024 - Profil de la 3\u00e8me \u00e9tape\" width=\"1200\" height=\"585\" srcset=\"https:\/\/dicodusport.fr\/blog\/wp-content\/uploads\/2024\/01\/Etoile-de-Besseges-2024-Profil-de-la-3eme-etape.webp 1200w, https:\/\/dicodusport.fr\/blog\/wp-content\/uploads\/2024\/01\/Etoile-de-Besseges-2024-Profil-de-la-3eme-etape-300x146.webp 300w, https:\/\/dicodusport.fr\/blog\/wp-content\/uploads\/2024\/01\/Etoile-de-Besseges-2024-Profil-de-la-3eme-etape-1024x499.webp 1024w, https:\/\/dicodusport.fr\/blog\/wp-content\/uploads\/2024\/01\/Etoile-de-Besseges-2024-Profil-de-la-3eme-etape-768x374.webp 768w\" sizes=\"auto, (max-width: 1200px) 100vw, 1200px\" \/><p id=\"caption-attachment-457849\" class=\"wp-caption-text\">\u00c9toile de Bess\u00e8ges 2024 &#8211; Profil de la 3\u00e8me \u00e9tape &#8211; Via La Flamme Rouge<\/p><\/div>\n<h3 style=\"text-align: justify;\"><span style=\"text-decoration: underline;\">4\u00e8me \u00e9tape &#8211; Samedi 3 f\u00e9vrier 2024 : M\u00e9jannes le Clap &#8211; M\u00e9jannes le Clap (158,5 km)<\/span><\/h3>\n<ul>\n<li style=\"text-align: justify;\"><a href=\"https:\/\/dicodusport.fr\/blog\/etoile-de-besseges-2024-classement-et-resultat-4eme-etape\/\"><strong>Classement de la 4\u00e8me \u00e9tape<\/strong><\/a><\/li>\n<\/ul>\n<p style=\"text-align: justify;\">Le samedi 3 f\u00e9vrier, l&rsquo;avant-derni\u00e8re \u00e9tape aura lieu autour de <strong>M\u00e9jannes le Clap<\/strong>. Tout d&rsquo;abord, il y aura une premi\u00e8re boucle de plus de 50 kilom\u00e8tres avec la C\u00f4te de Saint-Laurent-la-Verm\u00e8de (2,2 km \u00e0 5 %). Les coureurs feront ensuite une seconde boucle de pr\u00e8s de 60 kilom\u00e8tres par Rivi\u00e8re avec une premi\u00e8re moiti\u00e9 assez accident\u00e9e. L&rsquo;arriv\u00e9e sera jug\u00e9e au sommet d&rsquo;une mont\u00e9e roulante et r\u00e9guli\u00e8re de 4,4 km \u00e0 4,6 %.<\/p>\n<div id=\"attachment_457848\" style=\"width: 1210px\" class=\"wp-caption aligncenter\"><img loading=\"lazy\" decoding=\"async\" aria-describedby=\"caption-attachment-457848\" class=\"size-full wp-image-457848\" src=\"https:\/\/dicodusport.fr\/blog\/wp-content\/uploads\/2024\/01\/Etoile-de-Besseges-2024-Profil-de-la-4eme-etape.webp\" alt=\"\u00c9toile de Bess\u00e8ges 2024 - Profil de la 4\u00e8me \u00e9tape\" width=\"1200\" height=\"684\" srcset=\"https:\/\/dicodusport.fr\/blog\/wp-content\/uploads\/2024\/01\/Etoile-de-Besseges-2024-Profil-de-la-4eme-etape.webp 1200w, https:\/\/dicodusport.fr\/blog\/wp-content\/uploads\/2024\/01\/Etoile-de-Besseges-2024-Profil-de-la-4eme-etape-300x171.webp 300w, https:\/\/dicodusport.fr\/blog\/wp-content\/uploads\/2024\/01\/Etoile-de-Besseges-2024-Profil-de-la-4eme-etape-1024x584.webp 1024w, https:\/\/dicodusport.fr\/blog\/wp-content\/uploads\/2024\/01\/Etoile-de-Besseges-2024-Profil-de-la-4eme-etape-768x438.webp 768w\" sizes=\"auto, (max-width: 1200px) 100vw, 1200px\" \/><p id=\"caption-attachment-457848\" class=\"wp-caption-text\">\u00c9toile de Bess\u00e8ges 2024 &#8211; Profil de la 4\u00e8me \u00e9tape &#8211; Via La Flamme Rouge<\/p><\/div>\n<h3 style=\"text-align: justify;\"><span style=\"text-decoration: underline;\">5\u00e8me \u00e9tape &#8211; Dimanche 4 f\u00e9vrier 2024 : Al\u00e8s \/ Al\u00e8s (CLM, 10,6 km)<\/span><\/h3>\n<p style=\"text-align: justify;\">Enfin, la derni\u00e8re \u00e9tape verra le contre-la-montre individuel \u00e0 <strong>Al\u00e8s<\/strong> sur 10,7 km se disputer, avec la mont\u00e9e finale de 1,6 km \u00e0 7,9 % vers l\u2019Hermitage.<\/p>\n<div id=\"attachment_457847\" style=\"width: 1210px\" class=\"wp-caption aligncenter\"><img loading=\"lazy\" decoding=\"async\" aria-describedby=\"caption-attachment-457847\" class=\"size-full wp-image-457847\" src=\"https:\/\/dicodusport.fr\/blog\/wp-content\/uploads\/2024\/01\/Etoile-de-Besseges-2024-Profil-de-la-5eme-etape.webp\" alt=\"\u00c9toile de Bess\u00e8ges 2024 - Profil de la 5\u00e8me \u00e9tape\" width=\"1200\" height=\"522\" srcset=\"https:\/\/dicodusport.fr\/blog\/wp-content\/uploads\/2024\/01\/Etoile-de-Besseges-2024-Profil-de-la-5eme-etape.webp 1200w, https:\/\/dicodusport.fr\/blog\/wp-content\/uploads\/2024\/01\/Etoile-de-Besseges-2024-Profil-de-la-5eme-etape-300x131.webp 300w, https:\/\/dicodusport.fr\/blog\/wp-content\/uploads\/2024\/01\/Etoile-de-Besseges-2024-Profil-de-la-5eme-etape-1024x445.webp 1024w, https:\/\/dicodusport.fr\/blog\/wp-content\/uploads\/2024\/01\/Etoile-de-Besseges-2024-Profil-de-la-5eme-etape-768x334.webp 768w\" sizes=\"auto, (max-width: 1200px) 100vw, 1200px\" \/><p id=\"caption-attachment-457847\" class=\"wp-caption-text\">\u00c9toile de Bess\u00e8ges 2024 &#8211; Profil de la 5\u00e8me \u00e9tape &#8211; Via La Flamme Rouge<\/p><\/div>\n<h2 style=\"text-align: justify;\">Palmar\u00e8s de l&rsquo;\u00c9toile de Bess\u00e8ges<\/h2>\n<div class=\"blue mr10 \" style=\"text-align: justify;\"><strong>2023 :<\/strong> POWLESS Neilson &#8211; <a href=\"https:\/\/dicodusport.fr\/blog\/etoile-de-besseges-2023-classement-general\/\"><em>Classement g\u00e9n\u00e9ral<\/em><\/a><\/div>\n<div class=\"blue mr10 \" style=\"text-align: justify;\"><strong>2022 :<\/strong> THOMAS Benjamin &#8211; <a href=\"https:\/\/dicodusport.fr\/blog\/etoile-de-besseges-2022-classement-general\/\"><em>Classement g\u00e9n\u00e9ral<\/em><\/a><\/div>\n<div class=\"blue mr10 \" style=\"text-align: justify;\"><strong>2021 :<\/strong> WELLENS Tim &#8211; <a href=\"https:\/\/dicodusport.fr\/blog\/etoile-de-besseges-2021-classement-general\/\"><em>Classement g\u00e9n\u00e9ral<\/em><\/a><\/div>\n<div class=\"blue mr10 \" style=\"text-align: justify;\"><strong>2020 :<\/strong> COSNEFROY Beno\u00eet<\/div>\n<div class=\"blue mr10 \" style=\"text-align: justify;\"><strong>2019 :<\/strong> LAPORTE Christophe<\/div>\n<div class=\"blue mr10 \" style=\"text-align: justify;\"><strong>2018 :<\/strong> GALLOPIN Tony<\/div>\n<div class=\"blue mr10 \" style=\"text-align: justify;\"><strong>2017 :<\/strong> CALMEJANE Lilian<\/div>\n<div class=\"blue mr10 \" style=\"text-align: justify;\"><strong>2016 :<\/strong> COPPEL J\u00e9r\u00f4me<\/div>\n<div class=\"blue mr10 \" style=\"text-align: justify;\"><strong>2015 :<\/strong> JUNGELS Bob<\/div>\n<div class=\"blue mr10 \" style=\"text-align: justify;\"><strong>2014 :<\/strong> LUDVIGSSON Tobias<\/div>\n<p>&nbsp;<\/p>\n<p>&nbsp;<\/p>\n<p>&nbsp;<\/p>\n","protected":false},"excerpt":{"rendered":"<p>\u00c9TOILE DE BESS\u00c8GES 2024 &#8211; La 54e \u00e9dition de l&rsquo;Etoile de Bess\u00e8ges \u2013 Tour du Gard se d\u00e9roulera du 31 janvier au 4 f\u00e9vrier 2024. Parcours et profil des \u00e9tapes.<\/p>\n","protected":false},"author":48,"featured_media":457852,"comment_status":"open","ping_status":"closed","sticky":false,"template":"","format":"standard","meta":{"_acf_changed":false,"_daextam_enable_autolinks":"1","footnotes":""},"categories":[46994],"tags":[16878,574,3645],"class_list":["post-456119","post","type-post","status-publish","format-standard","has-post-thumbnail","hentry","category-cyclisme-sur-route","tag-breve","tag-cyclisme","tag-etoile-de-besseges"],"acf":[],"yoast_head":"<!-- This site is optimized with the Yoast SEO Premium plugin v26.7 (Yoast SEO v26.7) - https:\/\/yoast.com\/wordpress\/plugins\/seo\/ -->\n<title>\u00c9toile de Bess\u00e8ges 2024 : Parcours et profil des \u00e9tapes<\/title>\n<meta name=\"description\" content=\"\u00c9TOILE DE BESS\u00c8GES 2024 - La 54e \u00e9dition de l&#039;Etoile de Bess\u00e8ges se d\u00e9roulera du 31 janvier au 4 f\u00e9vrier 2024. Parcours et profil des \u00e9tapes.\" \/>\n<meta name=\"robots\" content=\"index, follow, max-snippet:-1, max-image-preview:large, max-video-preview:-1\" \/>\n<link rel=\"canonical\" href=\"https:\/\/dicodusport.fr\/blog\/etoile-de-besseges-2024-parcours-et-profil-des-etapes\/\" \/>\n<meta property=\"og:locale\" content=\"fr_FR\" \/>\n<meta property=\"og:type\" content=\"article\" \/>\n<meta property=\"og:title\" content=\"\u00c9toile de Bess\u00e8ges 2024 : Parcours et profil des \u00e9tapes\" \/>\n<meta property=\"og:description\" content=\"\u00c9TOILE DE BESS\u00c8GES 2024 - La 54e \u00e9dition de l&#039;Etoile de Bess\u00e8ges se d\u00e9roulera du 31 janvier au 4 f\u00e9vrier 2024. Parcours et profil des \u00e9tapes.\" \/>\n<meta property=\"og:url\" content=\"https:\/\/dicodusport.fr\/blog\/etoile-de-besseges-2024-parcours-et-profil-des-etapes\/\" \/>\n<meta property=\"og:site_name\" content=\"Dicodusport\" \/>\n<meta property=\"article:publisher\" content=\"https:\/\/www.facebook.com\/dicodusport\" \/>\n<meta property=\"article:author\" content=\"https:\/\/www.facebook.com\/groups\/LesRoisDuPeloton\" \/>\n<meta property=\"article:published_time\" content=\"2024-02-03T14:07:55+00:00\" \/>\n<meta property=\"og:image\" content=\"https:\/\/dicodusport.fr\/blog\/wp-content\/uploads\/2024\/01\/Etoile-de-Besseges-2024-Parcours-et-profil-des-etapes.png\" \/>\n\t<meta property=\"og:image:width\" content=\"1200\" \/>\n\t<meta property=\"og:image:height\" content=\"674\" \/>\n\t<meta property=\"og:image:type\" content=\"image\/png\" \/>\n<meta name=\"author\" content=\"Emilien Descampiaux\" \/>\n<meta name=\"twitter:card\" content=\"summary_large_image\" \/>\n<meta name=\"twitter:title\" content=\"\u00c9toile de Bess\u00e8ges 2024 : Parcours et profil des \u00e9tapes\" \/>\n<meta name=\"twitter:creator\" content=\"@https:\/\/twitter.com\/LRoisDuPeloton\" \/>\n<meta name=\"twitter:site\" content=\"@dicodusport\" \/>\n<script type=\"application\/ld+json\" class=\"yoast-schema-graph\">{\"@context\":\"https:\/\/schema.org\",\"@graph\":[{\"@type\":\"NewsArticle\",\"@id\":\"https:\/\/dicodusport.fr\/blog\/etoile-de-besseges-2024-parcours-et-profil-des-etapes\/#article\",\"isPartOf\":{\"@id\":\"https:\/\/dicodusport.fr\/blog\/etoile-de-besseges-2024-parcours-et-profil-des-etapes\/\"},\"author\":{\"name\":\"Emilien Descampiaux\",\"@id\":\"https:\/\/dicodusport.fr\/blog\/#\/schema\/person\/6db4bae06b171592211be385b32876a7\"},\"headline\":\"\u00c9toile de Bess\u00e8ges 2024 : Parcours et profil des \u00e9tapes\",\"datePublished\":\"2024-02-03T14:07:55+00:00\",\"mainEntityOfPage\":{\"@id\":\"https:\/\/dicodusport.fr\/blog\/etoile-de-besseges-2024-parcours-et-profil-des-etapes\/\"},\"wordCount\":635,\"commentCount\":0,\"publisher\":{\"@id\":\"https:\/\/dicodusport.fr\/blog\/#organization\"},\"image\":{\"@id\":\"https:\/\/dicodusport.fr\/blog\/etoile-de-besseges-2024-parcours-et-profil-des-etapes\/#primaryimage\"},\"thumbnailUrl\":\"https:\/\/dicodusport.fr\/blog\/wp-content\/uploads\/2024\/01\/Etoile-de-Besseges-2024-Parcours-et-profil-des-etapes.png\",\"keywords\":[\"br\u00e8ve\",\"Cyclisme\",\"Etoile de Bess\u00e8ges\"],\"articleSection\":[\"Cyclisme sur route\"],\"inLanguage\":\"fr-FR\",\"potentialAction\":[{\"@type\":\"CommentAction\",\"name\":\"Comment\",\"target\":[\"https:\/\/dicodusport.fr\/blog\/etoile-de-besseges-2024-parcours-et-profil-des-etapes\/#respond\"]}],\"copyrightYear\":\"2024\",\"copyrightHolder\":{\"@id\":\"https:\/\/dicodusport.fr\/blog\/#organization\"}},{\"@type\":\"WebPage\",\"@id\":\"https:\/\/dicodusport.fr\/blog\/etoile-de-besseges-2024-parcours-et-profil-des-etapes\/\",\"url\":\"https:\/\/dicodusport.fr\/blog\/etoile-de-besseges-2024-parcours-et-profil-des-etapes\/\",\"name\":\"\u00c9toile de Bess\u00e8ges 2024 : Parcours et profil des \u00e9tapes\",\"isPartOf\":{\"@id\":\"https:\/\/dicodusport.fr\/blog\/#website\"},\"primaryImageOfPage\":{\"@id\":\"https:\/\/dicodusport.fr\/blog\/etoile-de-besseges-2024-parcours-et-profil-des-etapes\/#primaryimage\"},\"image\":{\"@id\":\"https:\/\/dicodusport.fr\/blog\/etoile-de-besseges-2024-parcours-et-profil-des-etapes\/#primaryimage\"},\"thumbnailUrl\":\"https:\/\/dicodusport.fr\/blog\/wp-content\/uploads\/2024\/01\/Etoile-de-Besseges-2024-Parcours-et-profil-des-etapes.png\",\"datePublished\":\"2024-02-03T14:07:55+00:00\",\"description\":\"\u00c9TOILE DE BESS\u00c8GES 2024 - La 54e \u00e9dition de l'Etoile de Bess\u00e8ges se d\u00e9roulera du 31 janvier au 4 f\u00e9vrier 2024. Parcours et profil des \u00e9tapes.\",\"breadcrumb\":{\"@id\":\"https:\/\/dicodusport.fr\/blog\/etoile-de-besseges-2024-parcours-et-profil-des-etapes\/#breadcrumb\"},\"inLanguage\":\"fr-FR\",\"potentialAction\":[{\"@type\":\"ReadAction\",\"target\":[\"https:\/\/dicodusport.fr\/blog\/etoile-de-besseges-2024-parcours-et-profil-des-etapes\/\"]}]},{\"@type\":\"ImageObject\",\"inLanguage\":\"fr-FR\",\"@id\":\"https:\/\/dicodusport.fr\/blog\/etoile-de-besseges-2024-parcours-et-profil-des-etapes\/#primaryimage\",\"url\":\"https:\/\/dicodusport.fr\/blog\/wp-content\/uploads\/2024\/01\/Etoile-de-Besseges-2024-Parcours-et-profil-des-etapes.png\",\"contentUrl\":\"https:\/\/dicodusport.fr\/blog\/wp-content\/uploads\/2024\/01\/Etoile-de-Besseges-2024-Parcours-et-profil-des-etapes.png\",\"width\":1200,\"height\":674,\"caption\":\"\u00c9toile de Bess\u00e8ges 2024 Parcours et profil des \u00e9tapes\"},{\"@type\":\"BreadcrumbList\",\"@id\":\"https:\/\/dicodusport.fr\/blog\/etoile-de-besseges-2024-parcours-et-profil-des-etapes\/#breadcrumb\",\"itemListElement\":[{\"@type\":\"ListItem\",\"position\":1,\"name\":\"Accueil\",\"item\":\"https:\/\/dicodusport.fr\/blog\/\"},{\"@type\":\"ListItem\",\"position\":2,\"name\":\"\u00c9toile de Bess\u00e8ges 2024 : Parcours et profil des \u00e9tapes\"}]},{\"@type\":\"WebSite\",\"@id\":\"https:\/\/dicodusport.fr\/blog\/#website\",\"url\":\"https:\/\/dicodusport.fr\/blog\/\",\"name\":\"Dicodusport\",\"description\":\"L&#039;encyclop\u00e9die de l&#039;actualit\u00e9 sportive\",\"publisher\":{\"@id\":\"https:\/\/dicodusport.fr\/blog\/#organization\"},\"potentialAction\":[{\"@type\":\"SearchAction\",\"target\":{\"@type\":\"EntryPoint\",\"urlTemplate\":\"https:\/\/dicodusport.fr\/blog\/?s={search_term_string}\"},\"query-input\":{\"@type\":\"PropertyValueSpecification\",\"valueRequired\":true,\"valueName\":\"search_term_string\"}}],\"inLanguage\":\"fr-FR\"},{\"@type\":\"NewsMediaOrganization\",\"@id\":\"https:\/\/dicodusport.fr\/blog\/#organization\",\"name\":\"Dicodusport\",\"url\":\"https:\/\/dicodusport.fr\/blog\/\",\"logo\":{\"@type\":\"ImageObject\",\"inLanguage\":\"fr-FR\",\"@id\":\"https:\/\/dicodusport.fr\/blog\/#\/schema\/logo\/image\/\",\"url\":\"https:\/\/dicodusport.fr\/blog\/wp-content\/uploads\/2020\/06\/cropped-LOGO-DICODUSPORT-2020-SANS-FOND-SANS-TEXTE.png\",\"contentUrl\":\"https:\/\/dicodusport.fr\/blog\/wp-content\/uploads\/2020\/06\/cropped-LOGO-DICODUSPORT-2020-SANS-FOND-SANS-TEXTE.png\",\"width\":512,\"height\":512,\"caption\":\"Dicodusport\"},\"image\":{\"@id\":\"https:\/\/dicodusport.fr\/blog\/#\/schema\/logo\/image\/\"},\"sameAs\":[\"https:\/\/www.facebook.com\/dicodusport\",\"https:\/\/x.com\/dicodusport\",\"https:\/\/www.instagram.com\/dicodusport\/\",\"https:\/\/www.youtube.com\/channel\/UC7V2KZ5sd3htJivAbA4ZG3w\"],\"description\":\"Dicodusport est l'encyclop\u00e9die de l'actualit\u00e9 sportive.\",\"email\":\"bonjour@dicodusport.fr\",\"legalName\":\"DICODUSPORT\",\"foundingDate\":\"2018-01-14\",\"vatID\":\"FR71834470973\",\"taxID\":\"83447097300043\",\"numberOfEmployees\":{\"@type\":\"QuantitativeValue\",\"minValue\":\"1\",\"maxValue\":\"10\"}},{\"@type\":\"Person\",\"@id\":\"https:\/\/dicodusport.fr\/blog\/#\/schema\/person\/6db4bae06b171592211be385b32876a7\",\"name\":\"Emilien Descampiaux\",\"image\":{\"@type\":\"ImageObject\",\"inLanguage\":\"fr-FR\",\"@id\":\"https:\/\/dicodusport.fr\/blog\/#\/schema\/person\/image\/\",\"url\":\"https:\/\/dicodusport.fr\/blog\/wp-content\/uploads\/2021\/05\/Emilien-Descampiaux-150x150.jpg\",\"contentUrl\":\"https:\/\/dicodusport.fr\/blog\/wp-content\/uploads\/2021\/05\/Emilien-Descampiaux-150x150.jpg\",\"caption\":\"Emilien Descampiaux\"},\"description\":\"Journaliste\/r\u00e9dacteur depuis 2014 - Fan de la classe de Frank Vandenbroucke, je vis cyclisme (et de ses paysages) depuis plus de 20 ans. Je suis tr\u00e8s impliqu\u00e9 sur mes diff\u00e9rents r\u00e9seaux sociaux pour partager ma passion sur le monde et l'Histoire de la bicyclette avec ma voix sur les images en noir et blanc du succ\u00e8s de Rik Van Steenbergen lors du Ronde sur le V\u00e9lodrome de Gand.\",\"sameAs\":[\"https:\/\/www.facebook.com\/groups\/LesRoisDuPeloton\",\"https:\/\/x.com\/https:\/\/twitter.com\/LRoisDuPeloton\"],\"url\":\"https:\/\/dicodusport.fr\/blog\/author\/emiliend\/\"}]}<\/script>\n<!-- \/ Yoast SEO Premium plugin. -->","yoast_head_json":{"title":"\u00c9toile de Bess\u00e8ges 2024 : Parcours et profil des \u00e9tapes","description":"\u00c9TOILE DE BESS\u00c8GES 2024 - La 54e \u00e9dition de l'Etoile de Bess\u00e8ges se d\u00e9roulera du 31 janvier au 4 f\u00e9vrier 2024. Parcours et profil des \u00e9tapes.","robots":{"index":"index","follow":"follow","max-snippet":"max-snippet:-1","max-image-preview":"max-image-preview:large","max-video-preview":"max-video-preview:-1"},"canonical":"https:\/\/dicodusport.fr\/blog\/etoile-de-besseges-2024-parcours-et-profil-des-etapes\/","og_locale":"fr_FR","og_type":"article","og_title":"\u00c9toile de Bess\u00e8ges 2024 : Parcours et profil des \u00e9tapes","og_description":"\u00c9TOILE DE BESS\u00c8GES 2024 - La 54e \u00e9dition de l'Etoile de Bess\u00e8ges se d\u00e9roulera du 31 janvier au 4 f\u00e9vrier 2024. Parcours et profil des \u00e9tapes.","og_url":"https:\/\/dicodusport.fr\/blog\/etoile-de-besseges-2024-parcours-et-profil-des-etapes\/","og_site_name":"Dicodusport","article_publisher":"https:\/\/www.facebook.com\/dicodusport","article_author":"https:\/\/www.facebook.com\/groups\/LesRoisDuPeloton","article_published_time":"2024-02-03T14:07:55+00:00","og_image":[{"width":1200,"height":674,"url":"https:\/\/dicodusport.fr\/blog\/wp-content\/uploads\/2024\/01\/Etoile-de-Besseges-2024-Parcours-et-profil-des-etapes.png","type":"image\/png"}],"author":"Emilien Descampiaux","twitter_card":"summary_large_image","twitter_title":"\u00c9toile de Bess\u00e8ges 2024 : Parcours et profil des \u00e9tapes","twitter_creator":"@https:\/\/twitter.com\/LRoisDuPeloton","twitter_site":"@dicodusport","schema":{"@context":"https:\/\/schema.org","@graph":[{"@type":"NewsArticle","@id":"https:\/\/dicodusport.fr\/blog\/etoile-de-besseges-2024-parcours-et-profil-des-etapes\/#article","isPartOf":{"@id":"https:\/\/dicodusport.fr\/blog\/etoile-de-besseges-2024-parcours-et-profil-des-etapes\/"},"author":{"name":"Emilien Descampiaux","@id":"https:\/\/dicodusport.fr\/blog\/#\/schema\/person\/6db4bae06b171592211be385b32876a7"},"headline":"\u00c9toile de Bess\u00e8ges 2024 : Parcours et profil des \u00e9tapes","datePublished":"2024-02-03T14:07:55+00:00","mainEntityOfPage":{"@id":"https:\/\/dicodusport.fr\/blog\/etoile-de-besseges-2024-parcours-et-profil-des-etapes\/"},"wordCount":635,"commentCount":0,"publisher":{"@id":"https:\/\/dicodusport.fr\/blog\/#organization"},"image":{"@id":"https:\/\/dicodusport.fr\/blog\/etoile-de-besseges-2024-parcours-et-profil-des-etapes\/#primaryimage"},"thumbnailUrl":"https:\/\/dicodusport.fr\/blog\/wp-content\/uploads\/2024\/01\/Etoile-de-Besseges-2024-Parcours-et-profil-des-etapes.png","keywords":["br\u00e8ve","Cyclisme","Etoile de Bess\u00e8ges"],"articleSection":["Cyclisme sur route"],"inLanguage":"fr-FR","potentialAction":[{"@type":"CommentAction","name":"Comment","target":["https:\/\/dicodusport.fr\/blog\/etoile-de-besseges-2024-parcours-et-profil-des-etapes\/#respond"]}],"copyrightYear":"2024","copyrightHolder":{"@id":"https:\/\/dicodusport.fr\/blog\/#organization"}},{"@type":"WebPage","@id":"https:\/\/dicodusport.fr\/blog\/etoile-de-besseges-2024-parcours-et-profil-des-etapes\/","url":"https:\/\/dicodusport.fr\/blog\/etoile-de-besseges-2024-parcours-et-profil-des-etapes\/","name":"\u00c9toile de Bess\u00e8ges 2024 : Parcours et profil des \u00e9tapes","isPartOf":{"@id":"https:\/\/dicodusport.fr\/blog\/#website"},"primaryImageOfPage":{"@id":"https:\/\/dicodusport.fr\/blog\/etoile-de-besseges-2024-parcours-et-profil-des-etapes\/#primaryimage"},"image":{"@id":"https:\/\/dicodusport.fr\/blog\/etoile-de-besseges-2024-parcours-et-profil-des-etapes\/#primaryimage"},"thumbnailUrl":"https:\/\/dicodusport.fr\/blog\/wp-content\/uploads\/2024\/01\/Etoile-de-Besseges-2024-Parcours-et-profil-des-etapes.png","datePublished":"2024-02-03T14:07:55+00:00","description":"\u00c9TOILE DE BESS\u00c8GES 2024 - La 54e \u00e9dition de l'Etoile de Bess\u00e8ges se d\u00e9roulera du 31 janvier au 4 f\u00e9vrier 2024. Parcours et profil des \u00e9tapes.","breadcrumb":{"@id":"https:\/\/dicodusport.fr\/blog\/etoile-de-besseges-2024-parcours-et-profil-des-etapes\/#breadcrumb"},"inLanguage":"fr-FR","potentialAction":[{"@type":"ReadAction","target":["https:\/\/dicodusport.fr\/blog\/etoile-de-besseges-2024-parcours-et-profil-des-etapes\/"]}]},{"@type":"ImageObject","inLanguage":"fr-FR","@id":"https:\/\/dicodusport.fr\/blog\/etoile-de-besseges-2024-parcours-et-profil-des-etapes\/#primaryimage","url":"https:\/\/dicodusport.fr\/blog\/wp-content\/uploads\/2024\/01\/Etoile-de-Besseges-2024-Parcours-et-profil-des-etapes.png","contentUrl":"https:\/\/dicodusport.fr\/blog\/wp-content\/uploads\/2024\/01\/Etoile-de-Besseges-2024-Parcours-et-profil-des-etapes.png","width":1200,"height":674,"caption":"\u00c9toile de Bess\u00e8ges 2024 Parcours et profil des \u00e9tapes"},{"@type":"BreadcrumbList","@id":"https:\/\/dicodusport.fr\/blog\/etoile-de-besseges-2024-parcours-et-profil-des-etapes\/#breadcrumb","itemListElement":[{"@type":"ListItem","position":1,"name":"Accueil","item":"https:\/\/dicodusport.fr\/blog\/"},{"@type":"ListItem","position":2,"name":"\u00c9toile de Bess\u00e8ges 2024 : Parcours et profil des \u00e9tapes"}]},{"@type":"WebSite","@id":"https:\/\/dicodusport.fr\/blog\/#website","url":"https:\/\/dicodusport.fr\/blog\/","name":"Dicodusport","description":"L&#039;encyclop\u00e9die de l&#039;actualit\u00e9 sportive","publisher":{"@id":"https:\/\/dicodusport.fr\/blog\/#organization"},"potentialAction":[{"@type":"SearchAction","target":{"@type":"EntryPoint","urlTemplate":"https:\/\/dicodusport.fr\/blog\/?s={search_term_string}"},"query-input":{"@type":"PropertyValueSpecification","valueRequired":true,"valueName":"search_term_string"}}],"inLanguage":"fr-FR"},{"@type":"NewsMediaOrganization","@id":"https:\/\/dicodusport.fr\/blog\/#organization","name":"Dicodusport","url":"https:\/\/dicodusport.fr\/blog\/","logo":{"@type":"ImageObject","inLanguage":"fr-FR","@id":"https:\/\/dicodusport.fr\/blog\/#\/schema\/logo\/image\/","url":"https:\/\/dicodusport.fr\/blog\/wp-content\/uploads\/2020\/06\/cropped-LOGO-DICODUSPORT-2020-SANS-FOND-SANS-TEXTE.png","contentUrl":"https:\/\/dicodusport.fr\/blog\/wp-content\/uploads\/2020\/06\/cropped-LOGO-DICODUSPORT-2020-SANS-FOND-SANS-TEXTE.png","width":512,"height":512,"caption":"Dicodusport"},"image":{"@id":"https:\/\/dicodusport.fr\/blog\/#\/schema\/logo\/image\/"},"sameAs":["https:\/\/www.facebook.com\/dicodusport","https:\/\/x.com\/dicodusport","https:\/\/www.instagram.com\/dicodusport\/","https:\/\/www.youtube.com\/channel\/UC7V2KZ5sd3htJivAbA4ZG3w"],"description":"Dicodusport est l'encyclop\u00e9die de l'actualit\u00e9 sportive.","email":"bonjour@dicodusport.fr","legalName":"DICODUSPORT","foundingDate":"2018-01-14","vatID":"FR71834470973","taxID":"83447097300043","numberOfEmployees":{"@type":"QuantitativeValue","minValue":"1","maxValue":"10"}},{"@type":"Person","@id":"https:\/\/dicodusport.fr\/blog\/#\/schema\/person\/6db4bae06b171592211be385b32876a7","name":"Emilien Descampiaux","image":{"@type":"ImageObject","inLanguage":"fr-FR","@id":"https:\/\/dicodusport.fr\/blog\/#\/schema\/person\/image\/","url":"https:\/\/dicodusport.fr\/blog\/wp-content\/uploads\/2021\/05\/Emilien-Descampiaux-150x150.jpg","contentUrl":"https:\/\/dicodusport.fr\/blog\/wp-content\/uploads\/2021\/05\/Emilien-Descampiaux-150x150.jpg","caption":"Emilien Descampiaux"},"description":"Journaliste\/r\u00e9dacteur depuis 2014 - Fan de la classe de Frank Vandenbroucke, je vis cyclisme (et de ses paysages) depuis plus de 20 ans. Je suis tr\u00e8s impliqu\u00e9 sur mes diff\u00e9rents r\u00e9seaux sociaux pour partager ma passion sur le monde et l'Histoire de la bicyclette avec ma voix sur les images en noir et blanc du succ\u00e8s de Rik Van Steenbergen lors du Ronde sur le V\u00e9lodrome de Gand.","sameAs":["https:\/\/www.facebook.com\/groups\/LesRoisDuPeloton","https:\/\/x.com\/https:\/\/twitter.com\/LRoisDuPeloton"],"url":"https:\/\/dicodusport.fr\/blog\/author\/emiliend\/"}]}},"_links":{"self":[{"href":"https:\/\/dicodusport.fr\/blog\/wp-json\/wp\/v2\/posts\/456119","targetHints":{"allow":["GET"]}}],"collection":[{"href":"https:\/\/dicodusport.fr\/blog\/wp-json\/wp\/v2\/posts"}],"about":[{"href":"https:\/\/dicodusport.fr\/blog\/wp-json\/wp\/v2\/types\/post"}],"author":[{"embeddable":true,"href":"https:\/\/dicodusport.fr\/blog\/wp-json\/wp\/v2\/users\/48"}],"replies":[{"embeddable":true,"href":"https:\/\/dicodusport.fr\/blog\/wp-json\/wp\/v2\/comments?post=456119"}],"version-history":[{"count":5,"href":"https:\/\/dicodusport.fr\/blog\/wp-json\/wp\/v2\/posts\/456119\/revisions"}],"predecessor-version":[{"id":459450,"href":"https:\/\/dicodusport.fr\/blog\/wp-json\/wp\/v2\/posts\/456119\/revisions\/459450"}],"wp:featuredmedia":[{"embeddable":true,"href":"https:\/\/dicodusport.fr\/blog\/wp-json\/wp\/v2\/media\/457852"}],"wp:attachment":[{"href":"https:\/\/dicodusport.fr\/blog\/wp-json\/wp\/v2\/media?parent=456119"}],"wp:term":[{"taxonomy":"category","embeddable":true,"href":"https:\/\/dicodusport.fr\/blog\/wp-json\/wp\/v2\/categories?post=456119"},{"taxonomy":"post_tag","embeddable":true,"href":"https:\/\/dicodusport.fr\/blog\/wp-json\/wp\/v2\/tags?post=456119"}],"curies":[{"name":"wp","href":"https:\/\/api.w.org\/{rel}","templated":true}]}}