{"id":456126,"date":"2024-01-02T13:54:29","date_gmt":"2024-01-02T12:54:29","guid":{"rendered":"https:\/\/dicodusport.fr\/blog\/?p=456126&#038;preview=true&#038;preview_id=456126"},"modified":"2024-02-03T13:29:45","modified_gmt":"2024-02-03T12:29:45","slug":"alula-tour-2024-parcours-et-profil-des-etapes","status":"publish","type":"post","link":"https:\/\/dicodusport.fr\/blog\/alula-tour-2024-parcours-et-profil-des-etapes\/","title":{"rendered":"AlUla Tour 2024 : Parcours et profil des \u00e9tapes"},"content":{"rendered":"<p style=\"text-align: justify;\"><em><b>ALULA TOUR 2024 &#8211; Le Saudi Tour change de nom en 2024 pour devenir l\u2019AlUla Tour, qui se tiendra du 30 janvier au 2 f\u00e9vrier, avec 5 \u00e9tapes dans la r\u00e9gion d\u00e9sertique d\u2019Alula, en Arabie Saoudite. Sept \u00e9quipes WorldTour seront pr\u00e9sentes : Astana Qazaqstan, Bahrain-Victorious, Bora-Hansgrohe, Cofidis, Movistar, Soudal Quick-Step et UAE Team Emirates.<\/b><\/em><\/p>\n<ul>\n<li style=\"text-align: justify;\"><strong>\u00c0 ce sujet &#8211; <a href=\"https:\/\/dicodusport.fr\/blog\/alula-tour-2024-classement-general\/\">AlUla Tour 2024 &#8211; Classement g\u00e9n\u00e9ral<\/a><\/strong><\/li>\n<\/ul>\n<h2 style=\"text-align: justify;\">Le parcours et les profils des \u00e9tapes de l&rsquo;AlUla Tour<\/h2>\n<h3 style=\"text-align: justify;\"><span style=\"text-decoration: underline;\">1\u00e8re \u00e9tape &#8211; Mardi 30 janvier : Al Manshiyah Train Station &gt; Al Manshiyah Train Station (149.5 km)<\/span><\/h3>\n<ul>\n<li style=\"text-align: justify;\"><a href=\"https:\/\/dicodusport.fr\/blog\/alula-tour-2024-classement-1ere-etape\/\"><strong>Classement de la 1\u00e8re \u00e9tape<\/strong><\/a><\/li>\n<\/ul>\n<p style=\"text-align: justify;\">D&rsquo;abord, la premi\u00e8re \u00e9tape sera une \u00e9tape de plaine autour d&rsquo;<strong>Al Manshiya Train Station<\/strong> sur 149,5 kilom\u00e8tres. Le d\u00e9part de la course se fera au pied des tombeaux d&rsquo;H\u00e9gra, sites du patrimoine mondial par l&rsquo;UNESCO depuis 2008.<\/p>\n<div id=\"attachment_457837\" style=\"width: 970px\" class=\"wp-caption aligncenter\"><img loading=\"lazy\" decoding=\"async\" aria-describedby=\"caption-attachment-457837\" class=\"wp-image-457837 size-full\" src=\"https:\/\/dicodusport.fr\/blog\/wp-content\/uploads\/2024\/01\/AlUla-Tour-2024-Profil-de-la-1ere-etape.jpg\" alt=\"AlUla Tour 2024 - Profil de la 1\u00e8re \u00e9tape\" width=\"960\" height=\"550\" srcset=\"https:\/\/dicodusport.fr\/blog\/wp-content\/uploads\/2024\/01\/AlUla-Tour-2024-Profil-de-la-1ere-etape.jpg 960w, https:\/\/dicodusport.fr\/blog\/wp-content\/uploads\/2024\/01\/AlUla-Tour-2024-Profil-de-la-1ere-etape-300x172.jpg 300w, https:\/\/dicodusport.fr\/blog\/wp-content\/uploads\/2024\/01\/AlUla-Tour-2024-Profil-de-la-1ere-etape-768x440.jpg 768w\" sizes=\"auto, (max-width: 960px) 100vw, 960px\" \/><p id=\"caption-attachment-457837\" class=\"wp-caption-text\">AlUla Tour 2024 &#8211; Profil de la 1\u00e8re \u00e9tape &#8211; Via ASO<\/p><\/div>\n<hr \/>\n<h3 style=\"text-align: justify;\"><span style=\"text-decoration: underline;\">2\u00e8me \u00e9tape &#8211; Mercredi 31 janvier : Winter Park &gt; Sharaan Nature Reserve (199,5 km)<\/span><\/h3>\n<ul>\n<li style=\"text-align: justify;\"><a href=\"https:\/\/dicodusport.fr\/blog\/alula-tour-2024-classement-2eme-etape\/\"><strong>Classement de la 2\u00e8me \u00e9tape<\/strong><\/a><\/li>\n<\/ul>\n<p style=\"text-align: justify;\">Puis, la deuxi\u00e8me \u00e9tape prendra la direction de la R\u00e9serve naturelle de <strong>Sharan<\/strong> pour une arriv\u00e9e pour les puncheurs avec une bosse de 4 km \u00e0 pr\u00e8s de 4 %.<\/p>\n<div id=\"attachment_457836\" style=\"width: 970px\" class=\"wp-caption aligncenter\"><img loading=\"lazy\" decoding=\"async\" aria-describedby=\"caption-attachment-457836\" class=\"wp-image-457836 size-full\" src=\"https:\/\/dicodusport.fr\/blog\/wp-content\/uploads\/2024\/01\/AlUla-Tour-2024-Profil-de-la-2eme-etape.jpg\" alt=\"AlUla Tour 2024 - Profil de la 2\u00e8me \u00e9tape\" width=\"960\" height=\"550\" srcset=\"https:\/\/dicodusport.fr\/blog\/wp-content\/uploads\/2024\/01\/AlUla-Tour-2024-Profil-de-la-2eme-etape.jpg 960w, https:\/\/dicodusport.fr\/blog\/wp-content\/uploads\/2024\/01\/AlUla-Tour-2024-Profil-de-la-2eme-etape-300x172.jpg 300w, https:\/\/dicodusport.fr\/blog\/wp-content\/uploads\/2024\/01\/AlUla-Tour-2024-Profil-de-la-2eme-etape-768x440.jpg 768w\" sizes=\"auto, (max-width: 960px) 100vw, 960px\" \/><p id=\"caption-attachment-457836\" class=\"wp-caption-text\">AlUla Tour 2024 &#8211; Profil de la 2\u00e8me \u00e9tape &#8211; Via ASO<\/p><\/div>\n<hr \/>\n<h3 style=\"text-align: justify;\"><span style=\"text-decoration: underline;\">3\u00e8me \u00e9tape &#8211; Jeudi 1er f\u00e9vrier : AIUIa International Airport &gt; Alula camel cup track (170.5 km)<\/span><\/h3>\n<ul>\n<li style=\"text-align: justify;\"><a href=\"https:\/\/dicodusport.fr\/blog\/alula-tour-2024-classement-3eme-etape\/\"><strong>Classement de la 3\u00e8me \u00e9tape<\/strong><\/a><\/li>\n<\/ul>\n<p style=\"text-align: justify;\">La troisi\u00e8me \u00e9tape risquerait d&rsquo;\u00eatre pi\u00e9geuse entre l\u2019A\u00e9roport international d&rsquo;AlUla et le <strong>Circuit AlUla Camel Cup<\/strong> avec notamment pr\u00e8s de vingt kilom\u00e8tres expos\u00e9s au vent et un circuit final de huit kilom\u00e8tres.<\/p>\n<div id=\"attachment_457835\" style=\"width: 970px\" class=\"wp-caption aligncenter\"><img loading=\"lazy\" decoding=\"async\" aria-describedby=\"caption-attachment-457835\" class=\"wp-image-457835 size-full\" src=\"https:\/\/dicodusport.fr\/blog\/wp-content\/uploads\/2024\/01\/AlUla-Tour-2024-Profil-de-la-3eme-etape.jpg\" alt=\"AlUla Tour 2024 - Profil de la 3\u00e8me \u00e9tape\" width=\"960\" height=\"550\" srcset=\"https:\/\/dicodusport.fr\/blog\/wp-content\/uploads\/2024\/01\/AlUla-Tour-2024-Profil-de-la-3eme-etape.jpg 960w, https:\/\/dicodusport.fr\/blog\/wp-content\/uploads\/2024\/01\/AlUla-Tour-2024-Profil-de-la-3eme-etape-300x172.jpg 300w, https:\/\/dicodusport.fr\/blog\/wp-content\/uploads\/2024\/01\/AlUla-Tour-2024-Profil-de-la-3eme-etape-768x440.jpg 768w\" sizes=\"auto, (max-width: 960px) 100vw, 960px\" \/><p id=\"caption-attachment-457835\" class=\"wp-caption-text\">AlUla Tour 2024 &#8211; Profil de la 3\u00e8me \u00e9tape &#8211; Via ASO<\/p><\/div>\n<hr \/>\n<h3 style=\"text-align: justify;\"><span style=\"text-decoration: underline;\">4\u00e8me \u00e9tape &#8211; Vendredi 2 f\u00e9vrier : Hegra &gt; Maraya (142,5 km)<\/span><\/h3>\n<ul>\n<li style=\"text-align: justify;\"><a href=\"https:\/\/dicodusport.fr\/blog\/alula-tour-2024-classement-4eme-etape\/\"><strong>Classement de la 4\u00e8me \u00e9tape<\/strong><\/a><\/li>\n<\/ul>\n<p style=\"text-align: justify;\">Par la suite, on retrouvera un terrain propice aux sprinteurs entre <strong>Hegra<\/strong> et <strong>Maraya<\/strong>. N\u00e9anmoins, le final sera en faux plat montant afin d&rsquo;user quelque peu les organismes.<\/p>\n<div id=\"attachment_457834\" style=\"width: 970px\" class=\"wp-caption aligncenter\"><img loading=\"lazy\" decoding=\"async\" aria-describedby=\"caption-attachment-457834\" class=\"wp-image-457834 size-full\" src=\"https:\/\/dicodusport.fr\/blog\/wp-content\/uploads\/2024\/01\/AlUla-Tour-2024-Profil-de-la-4eme-etape.jpg\" alt=\"AlUla Tour 2024 - Profil de la 4\u00e8me \u00e9tape\" width=\"960\" height=\"550\" srcset=\"https:\/\/dicodusport.fr\/blog\/wp-content\/uploads\/2024\/01\/AlUla-Tour-2024-Profil-de-la-4eme-etape.jpg 960w, https:\/\/dicodusport.fr\/blog\/wp-content\/uploads\/2024\/01\/AlUla-Tour-2024-Profil-de-la-4eme-etape-300x172.jpg 300w, https:\/\/dicodusport.fr\/blog\/wp-content\/uploads\/2024\/01\/AlUla-Tour-2024-Profil-de-la-4eme-etape-768x440.jpg 768w\" sizes=\"auto, (max-width: 960px) 100vw, 960px\" \/><p id=\"caption-attachment-457834\" class=\"wp-caption-text\">AlUla Tour 2024 &#8211; Profil de la 4\u00e8me \u00e9tape &#8211; Via ASO<\/p><\/div>\n<hr \/>\n<h3 style=\"text-align: justify;\"><span style=\"text-decoration: underline;\">5\u00e8me \u00e9tape &#8211; Samedi 3 f\u00e9vrier : AIUIa Old Town &gt; Skyviews of Harrat Uwayrid (150.5 km)<\/span><\/h3>\n<ul>\n<li style=\"text-align: justify;\"><a href=\"https:\/\/dicodusport.fr\/blog\/alula-tour-2024-classement-et-resultat-5eme-etape\/\"><strong>Classement de la 5\u00e8me \u00e9tape<\/strong><\/a><\/li>\n<\/ul>\n<p style=\"text-align: justify;\">Enfin, la derni\u00e8re \u00e9tape proposera une derni\u00e8re belle explication pour le classement g\u00e9n\u00e9ral vers <strong>Harrat Uwayrid Skyviews<\/strong>. En effet, les coureurs feront face \u00e0 un mur de 2,8 kilom\u00e8tres \u00e0 12,5 % dont le sommet se situera \u00e0 9 kilom\u00e8tres de l&rsquo;arriv\u00e9e.<\/p>\n<div id=\"attachment_457833\" style=\"width: 970px\" class=\"wp-caption aligncenter\"><img loading=\"lazy\" decoding=\"async\" aria-describedby=\"caption-attachment-457833\" class=\"wp-image-457833 size-full\" src=\"https:\/\/dicodusport.fr\/blog\/wp-content\/uploads\/2024\/01\/AlUla-Tour-2024-Profil-de-la-5eme-etape.jpg\" alt=\"AlUla Tour 2024 - Profil de la 5\u00e8me \u00e9tape\" width=\"960\" height=\"550\" srcset=\"https:\/\/dicodusport.fr\/blog\/wp-content\/uploads\/2024\/01\/AlUla-Tour-2024-Profil-de-la-5eme-etape.jpg 960w, https:\/\/dicodusport.fr\/blog\/wp-content\/uploads\/2024\/01\/AlUla-Tour-2024-Profil-de-la-5eme-etape-300x172.jpg 300w, https:\/\/dicodusport.fr\/blog\/wp-content\/uploads\/2024\/01\/AlUla-Tour-2024-Profil-de-la-5eme-etape-768x440.jpg 768w\" sizes=\"auto, (max-width: 960px) 100vw, 960px\" \/><p id=\"caption-attachment-457833\" class=\"wp-caption-text\">AlUla Tour 2024 &#8211; Profil de la 5\u00e8me \u00e9tape &#8211; Via ASO<\/p><\/div>\n<hr \/>\n<ul>\n<li style=\"text-align: justify;\"><strong>\u00c0 ce sujet &#8211; <a href=\"https:\/\/dicodusport.fr\/blog\/actualites\/cyclisme\/cyclisme-sur-route-2024\/\">L&rsquo;actualit\u00e9 du cyclisme sur route<\/a><\/strong><\/li>\n<\/ul>\n<h2 style=\"text-align: justify;\">Palmar\u00e8s de l&rsquo;AlUla Tour (ex-Saudi Tour)<\/h2>\n<div class=\"blue mr10 \" style=\"text-align: justify;\"><strong>2023 :<\/strong> GUERREIRO Ruben &#8211; <a href=\"https:\/\/dicodusport.fr\/blog\/saudi-tour-2023-classement-general\/\"><em>Classement g\u00e9n\u00e9ral<\/em><\/a><\/div>\n<div class=\"blue mr10 \" style=\"text-align: justify;\"><strong>2022 :<\/strong> VAN GILS Maxim &#8211; <a href=\"https:\/\/dicodusport.fr\/blog\/saudi-tour-2022-classement-general\/\"><em>Classement g\u00e9n\u00e9ral<\/em><\/a><\/div>\n<div class=\"blue mr10 \" style=\"text-align: justify;\"><strong>2020 :<\/strong> BAUHAUS Phil<\/div>\n<div class=\"clear\" style=\"text-align: justify;\"><\/div>\n<p>&nbsp;<\/p>\n<p>&nbsp;<\/p>\n<p>&nbsp;<\/p>\n","protected":false},"excerpt":{"rendered":"<p>ALULA TOUR 2024 &#8211; Le Saudi Tour change de nom en 2024 pour devenir l\u2019AlUla Tour, qui se tiendra du 30 janvier au 2 f\u00e9vrier. Parcours et profil des \u00e9tapes.<\/p>\n","protected":false},"author":48,"featured_media":457838,"comment_status":"open","ping_status":"closed","sticky":false,"template":"","format":"standard","meta":{"_acf_changed":false,"_daextam_enable_autolinks":"1","footnotes":""},"categories":[46994],"tags":[37442,16878,574],"class_list":["post-456126","post","type-post","status-publish","format-standard","has-post-thumbnail","hentry","category-cyclisme-sur-route","tag-alula-tour","tag-breve","tag-cyclisme"],"acf":[],"yoast_head":"<!-- This site is optimized with the Yoast SEO Premium plugin v26.7 (Yoast SEO v26.7) - https:\/\/yoast.com\/wordpress\/plugins\/seo\/ -->\n<title>AlUla Tour 2024 : Parcours et profil des \u00e9tapes<\/title>\n<meta name=\"description\" content=\"ALULA TOUR 2024 - Le Saudi Tour change de nom en 2024 pour devenir l\u2019AlUla Tour. Parcours et profil des \u00e9tapes.\" \/>\n<meta name=\"robots\" content=\"index, follow, max-snippet:-1, max-image-preview:large, max-video-preview:-1\" \/>\n<link rel=\"canonical\" href=\"https:\/\/dicodusport.fr\/blog\/alula-tour-2024-parcours-et-profil-des-etapes\/\" \/>\n<meta property=\"og:locale\" content=\"fr_FR\" \/>\n<meta property=\"og:type\" content=\"article\" \/>\n<meta property=\"og:title\" content=\"AlUla Tour 2024 : Parcours et profil des \u00e9tapes\" \/>\n<meta property=\"og:description\" content=\"ALULA TOUR 2024 - Le Saudi Tour change de nom en 2024 pour devenir l\u2019AlUla Tour. Parcours et profil des \u00e9tapes.\" \/>\n<meta property=\"og:url\" content=\"https:\/\/dicodusport.fr\/blog\/alula-tour-2024-parcours-et-profil-des-etapes\/\" \/>\n<meta property=\"og:site_name\" content=\"Dicodusport\" \/>\n<meta property=\"article:publisher\" content=\"https:\/\/www.facebook.com\/dicodusport\" \/>\n<meta property=\"article:author\" content=\"https:\/\/www.facebook.com\/groups\/LesRoisDuPeloton\" \/>\n<meta property=\"article:published_time\" content=\"2024-01-02T12:54:29+00:00\" \/>\n<meta property=\"article:modified_time\" content=\"2024-02-03T12:29:45+00:00\" \/>\n<meta property=\"og:image\" content=\"https:\/\/dicodusport.fr\/blog\/wp-content\/uploads\/2024\/01\/AlUla-Tour-2024-Parcours-et-profil-des-etapes.png\" \/>\n\t<meta property=\"og:image:width\" content=\"1200\" \/>\n\t<meta property=\"og:image:height\" content=\"674\" \/>\n\t<meta property=\"og:image:type\" content=\"image\/png\" \/>\n<meta name=\"author\" content=\"Emilien Descampiaux\" \/>\n<meta name=\"twitter:card\" content=\"summary_large_image\" \/>\n<meta name=\"twitter:title\" content=\"AlUla Tour 2024 : Parcours et profil des \u00e9tapes\" \/>\n<meta name=\"twitter:creator\" content=\"@https:\/\/twitter.com\/LRoisDuPeloton\" \/>\n<meta name=\"twitter:site\" content=\"@dicodusport\" \/>\n<script type=\"application\/ld+json\" class=\"yoast-schema-graph\">{\"@context\":\"https:\/\/schema.org\",\"@graph\":[{\"@type\":\"NewsArticle\",\"@id\":\"https:\/\/dicodusport.fr\/blog\/alula-tour-2024-parcours-et-profil-des-etapes\/#article\",\"isPartOf\":{\"@id\":\"https:\/\/dicodusport.fr\/blog\/alula-tour-2024-parcours-et-profil-des-etapes\/\"},\"author\":{\"name\":\"Emilien Descampiaux\",\"@id\":\"https:\/\/dicodusport.fr\/blog\/#\/schema\/person\/6db4bae06b171592211be385b32876a7\"},\"headline\":\"AlUla Tour 2024 : Parcours et profil des \u00e9tapes\",\"datePublished\":\"2024-01-02T12:54:29+00:00\",\"dateModified\":\"2024-02-03T12:29:45+00:00\",\"mainEntityOfPage\":{\"@id\":\"https:\/\/dicodusport.fr\/blog\/alula-tour-2024-parcours-et-profil-des-etapes\/\"},\"wordCount\":490,\"commentCount\":0,\"publisher\":{\"@id\":\"https:\/\/dicodusport.fr\/blog\/#organization\"},\"image\":{\"@id\":\"https:\/\/dicodusport.fr\/blog\/alula-tour-2024-parcours-et-profil-des-etapes\/#primaryimage\"},\"thumbnailUrl\":\"https:\/\/dicodusport.fr\/blog\/wp-content\/uploads\/2024\/01\/AlUla-Tour-2024-Parcours-et-profil-des-etapes.png\",\"keywords\":[\"AlUla Tour\",\"br\u00e8ve\",\"Cyclisme\"],\"articleSection\":[\"Cyclisme sur route\"],\"inLanguage\":\"fr-FR\",\"potentialAction\":[{\"@type\":\"CommentAction\",\"name\":\"Comment\",\"target\":[\"https:\/\/dicodusport.fr\/blog\/alula-tour-2024-parcours-et-profil-des-etapes\/#respond\"]}],\"copyrightYear\":\"2024\",\"copyrightHolder\":{\"@id\":\"https:\/\/dicodusport.fr\/blog\/#organization\"}},{\"@type\":\"WebPage\",\"@id\":\"https:\/\/dicodusport.fr\/blog\/alula-tour-2024-parcours-et-profil-des-etapes\/\",\"url\":\"https:\/\/dicodusport.fr\/blog\/alula-tour-2024-parcours-et-profil-des-etapes\/\",\"name\":\"AlUla Tour 2024 : Parcours et profil des \u00e9tapes\",\"isPartOf\":{\"@id\":\"https:\/\/dicodusport.fr\/blog\/#website\"},\"primaryImageOfPage\":{\"@id\":\"https:\/\/dicodusport.fr\/blog\/alula-tour-2024-parcours-et-profil-des-etapes\/#primaryimage\"},\"image\":{\"@id\":\"https:\/\/dicodusport.fr\/blog\/alula-tour-2024-parcours-et-profil-des-etapes\/#primaryimage\"},\"thumbnailUrl\":\"https:\/\/dicodusport.fr\/blog\/wp-content\/uploads\/2024\/01\/AlUla-Tour-2024-Parcours-et-profil-des-etapes.png\",\"datePublished\":\"2024-01-02T12:54:29+00:00\",\"dateModified\":\"2024-02-03T12:29:45+00:00\",\"description\":\"ALULA TOUR 2024 - Le Saudi Tour change de nom en 2024 pour devenir l\u2019AlUla Tour. Parcours et profil des \u00e9tapes.\",\"breadcrumb\":{\"@id\":\"https:\/\/dicodusport.fr\/blog\/alula-tour-2024-parcours-et-profil-des-etapes\/#breadcrumb\"},\"inLanguage\":\"fr-FR\",\"potentialAction\":[{\"@type\":\"ReadAction\",\"target\":[\"https:\/\/dicodusport.fr\/blog\/alula-tour-2024-parcours-et-profil-des-etapes\/\"]}]},{\"@type\":\"ImageObject\",\"inLanguage\":\"fr-FR\",\"@id\":\"https:\/\/dicodusport.fr\/blog\/alula-tour-2024-parcours-et-profil-des-etapes\/#primaryimage\",\"url\":\"https:\/\/dicodusport.fr\/blog\/wp-content\/uploads\/2024\/01\/AlUla-Tour-2024-Parcours-et-profil-des-etapes.png\",\"contentUrl\":\"https:\/\/dicodusport.fr\/blog\/wp-content\/uploads\/2024\/01\/AlUla-Tour-2024-Parcours-et-profil-des-etapes.png\",\"width\":1200,\"height\":674,\"caption\":\"AlUla Tour 2024 Parcours et profil des \u00e9tapes\"},{\"@type\":\"BreadcrumbList\",\"@id\":\"https:\/\/dicodusport.fr\/blog\/alula-tour-2024-parcours-et-profil-des-etapes\/#breadcrumb\",\"itemListElement\":[{\"@type\":\"ListItem\",\"position\":1,\"name\":\"Accueil\",\"item\":\"https:\/\/dicodusport.fr\/blog\/\"},{\"@type\":\"ListItem\",\"position\":2,\"name\":\"AlUla Tour 2024 : Parcours et profil des \u00e9tapes\"}]},{\"@type\":\"WebSite\",\"@id\":\"https:\/\/dicodusport.fr\/blog\/#website\",\"url\":\"https:\/\/dicodusport.fr\/blog\/\",\"name\":\"Dicodusport\",\"description\":\"L&#039;encyclop\u00e9die de l&#039;actualit\u00e9 sportive\",\"publisher\":{\"@id\":\"https:\/\/dicodusport.fr\/blog\/#organization\"},\"potentialAction\":[{\"@type\":\"SearchAction\",\"target\":{\"@type\":\"EntryPoint\",\"urlTemplate\":\"https:\/\/dicodusport.fr\/blog\/?s={search_term_string}\"},\"query-input\":{\"@type\":\"PropertyValueSpecification\",\"valueRequired\":true,\"valueName\":\"search_term_string\"}}],\"inLanguage\":\"fr-FR\"},{\"@type\":\"NewsMediaOrganization\",\"@id\":\"https:\/\/dicodusport.fr\/blog\/#organization\",\"name\":\"Dicodusport\",\"url\":\"https:\/\/dicodusport.fr\/blog\/\",\"logo\":{\"@type\":\"ImageObject\",\"inLanguage\":\"fr-FR\",\"@id\":\"https:\/\/dicodusport.fr\/blog\/#\/schema\/logo\/image\/\",\"url\":\"https:\/\/dicodusport.fr\/blog\/wp-content\/uploads\/2020\/06\/cropped-LOGO-DICODUSPORT-2020-SANS-FOND-SANS-TEXTE.png\",\"contentUrl\":\"https:\/\/dicodusport.fr\/blog\/wp-content\/uploads\/2020\/06\/cropped-LOGO-DICODUSPORT-2020-SANS-FOND-SANS-TEXTE.png\",\"width\":512,\"height\":512,\"caption\":\"Dicodusport\"},\"image\":{\"@id\":\"https:\/\/dicodusport.fr\/blog\/#\/schema\/logo\/image\/\"},\"sameAs\":[\"https:\/\/www.facebook.com\/dicodusport\",\"https:\/\/x.com\/dicodusport\",\"https:\/\/www.instagram.com\/dicodusport\/\",\"https:\/\/www.youtube.com\/channel\/UC7V2KZ5sd3htJivAbA4ZG3w\"],\"description\":\"Dicodusport est l'encyclop\u00e9die de l'actualit\u00e9 sportive.\",\"email\":\"bonjour@dicodusport.fr\",\"legalName\":\"DICODUSPORT\",\"foundingDate\":\"2018-01-14\",\"vatID\":\"FR71834470973\",\"taxID\":\"83447097300043\",\"numberOfEmployees\":{\"@type\":\"QuantitativeValue\",\"minValue\":\"1\",\"maxValue\":\"10\"}},{\"@type\":\"Person\",\"@id\":\"https:\/\/dicodusport.fr\/blog\/#\/schema\/person\/6db4bae06b171592211be385b32876a7\",\"name\":\"Emilien Descampiaux\",\"image\":{\"@type\":\"ImageObject\",\"inLanguage\":\"fr-FR\",\"@id\":\"https:\/\/dicodusport.fr\/blog\/#\/schema\/person\/image\/\",\"url\":\"https:\/\/dicodusport.fr\/blog\/wp-content\/uploads\/2021\/05\/Emilien-Descampiaux-150x150.jpg\",\"contentUrl\":\"https:\/\/dicodusport.fr\/blog\/wp-content\/uploads\/2021\/05\/Emilien-Descampiaux-150x150.jpg\",\"caption\":\"Emilien Descampiaux\"},\"description\":\"Journaliste\/r\u00e9dacteur depuis 2014 - Fan de la classe de Frank Vandenbroucke, je vis cyclisme (et de ses paysages) depuis plus de 20 ans. Je suis tr\u00e8s impliqu\u00e9 sur mes diff\u00e9rents r\u00e9seaux sociaux pour partager ma passion sur le monde et l'Histoire de la bicyclette avec ma voix sur les images en noir et blanc du succ\u00e8s de Rik Van Steenbergen lors du Ronde sur le V\u00e9lodrome de Gand.\",\"sameAs\":[\"https:\/\/www.facebook.com\/groups\/LesRoisDuPeloton\",\"https:\/\/x.com\/https:\/\/twitter.com\/LRoisDuPeloton\"],\"url\":\"https:\/\/dicodusport.fr\/blog\/author\/emiliend\/\"}]}<\/script>\n<!-- \/ Yoast SEO Premium plugin. -->","yoast_head_json":{"title":"AlUla Tour 2024 : Parcours et profil des \u00e9tapes","description":"ALULA TOUR 2024 - Le Saudi Tour change de nom en 2024 pour devenir l\u2019AlUla Tour. Parcours et profil des \u00e9tapes.","robots":{"index":"index","follow":"follow","max-snippet":"max-snippet:-1","max-image-preview":"max-image-preview:large","max-video-preview":"max-video-preview:-1"},"canonical":"https:\/\/dicodusport.fr\/blog\/alula-tour-2024-parcours-et-profil-des-etapes\/","og_locale":"fr_FR","og_type":"article","og_title":"AlUla Tour 2024 : Parcours et profil des \u00e9tapes","og_description":"ALULA TOUR 2024 - Le Saudi Tour change de nom en 2024 pour devenir l\u2019AlUla Tour. Parcours et profil des \u00e9tapes.","og_url":"https:\/\/dicodusport.fr\/blog\/alula-tour-2024-parcours-et-profil-des-etapes\/","og_site_name":"Dicodusport","article_publisher":"https:\/\/www.facebook.com\/dicodusport","article_author":"https:\/\/www.facebook.com\/groups\/LesRoisDuPeloton","article_published_time":"2024-01-02T12:54:29+00:00","article_modified_time":"2024-02-03T12:29:45+00:00","og_image":[{"width":1200,"height":674,"url":"https:\/\/dicodusport.fr\/blog\/wp-content\/uploads\/2024\/01\/AlUla-Tour-2024-Parcours-et-profil-des-etapes.png","type":"image\/png"}],"author":"Emilien Descampiaux","twitter_card":"summary_large_image","twitter_title":"AlUla Tour 2024 : Parcours et profil des \u00e9tapes","twitter_creator":"@https:\/\/twitter.com\/LRoisDuPeloton","twitter_site":"@dicodusport","schema":{"@context":"https:\/\/schema.org","@graph":[{"@type":"NewsArticle","@id":"https:\/\/dicodusport.fr\/blog\/alula-tour-2024-parcours-et-profil-des-etapes\/#article","isPartOf":{"@id":"https:\/\/dicodusport.fr\/blog\/alula-tour-2024-parcours-et-profil-des-etapes\/"},"author":{"name":"Emilien Descampiaux","@id":"https:\/\/dicodusport.fr\/blog\/#\/schema\/person\/6db4bae06b171592211be385b32876a7"},"headline":"AlUla Tour 2024 : Parcours et profil des \u00e9tapes","datePublished":"2024-01-02T12:54:29+00:00","dateModified":"2024-02-03T12:29:45+00:00","mainEntityOfPage":{"@id":"https:\/\/dicodusport.fr\/blog\/alula-tour-2024-parcours-et-profil-des-etapes\/"},"wordCount":490,"commentCount":0,"publisher":{"@id":"https:\/\/dicodusport.fr\/blog\/#organization"},"image":{"@id":"https:\/\/dicodusport.fr\/blog\/alula-tour-2024-parcours-et-profil-des-etapes\/#primaryimage"},"thumbnailUrl":"https:\/\/dicodusport.fr\/blog\/wp-content\/uploads\/2024\/01\/AlUla-Tour-2024-Parcours-et-profil-des-etapes.png","keywords":["AlUla Tour","br\u00e8ve","Cyclisme"],"articleSection":["Cyclisme sur route"],"inLanguage":"fr-FR","potentialAction":[{"@type":"CommentAction","name":"Comment","target":["https:\/\/dicodusport.fr\/blog\/alula-tour-2024-parcours-et-profil-des-etapes\/#respond"]}],"copyrightYear":"2024","copyrightHolder":{"@id":"https:\/\/dicodusport.fr\/blog\/#organization"}},{"@type":"WebPage","@id":"https:\/\/dicodusport.fr\/blog\/alula-tour-2024-parcours-et-profil-des-etapes\/","url":"https:\/\/dicodusport.fr\/blog\/alula-tour-2024-parcours-et-profil-des-etapes\/","name":"AlUla Tour 2024 : Parcours et profil des \u00e9tapes","isPartOf":{"@id":"https:\/\/dicodusport.fr\/blog\/#website"},"primaryImageOfPage":{"@id":"https:\/\/dicodusport.fr\/blog\/alula-tour-2024-parcours-et-profil-des-etapes\/#primaryimage"},"image":{"@id":"https:\/\/dicodusport.fr\/blog\/alula-tour-2024-parcours-et-profil-des-etapes\/#primaryimage"},"thumbnailUrl":"https:\/\/dicodusport.fr\/blog\/wp-content\/uploads\/2024\/01\/AlUla-Tour-2024-Parcours-et-profil-des-etapes.png","datePublished":"2024-01-02T12:54:29+00:00","dateModified":"2024-02-03T12:29:45+00:00","description":"ALULA TOUR 2024 - Le Saudi Tour change de nom en 2024 pour devenir l\u2019AlUla Tour. Parcours et profil des \u00e9tapes.","breadcrumb":{"@id":"https:\/\/dicodusport.fr\/blog\/alula-tour-2024-parcours-et-profil-des-etapes\/#breadcrumb"},"inLanguage":"fr-FR","potentialAction":[{"@type":"ReadAction","target":["https:\/\/dicodusport.fr\/blog\/alula-tour-2024-parcours-et-profil-des-etapes\/"]}]},{"@type":"ImageObject","inLanguage":"fr-FR","@id":"https:\/\/dicodusport.fr\/blog\/alula-tour-2024-parcours-et-profil-des-etapes\/#primaryimage","url":"https:\/\/dicodusport.fr\/blog\/wp-content\/uploads\/2024\/01\/AlUla-Tour-2024-Parcours-et-profil-des-etapes.png","contentUrl":"https:\/\/dicodusport.fr\/blog\/wp-content\/uploads\/2024\/01\/AlUla-Tour-2024-Parcours-et-profil-des-etapes.png","width":1200,"height":674,"caption":"AlUla Tour 2024 Parcours et profil des \u00e9tapes"},{"@type":"BreadcrumbList","@id":"https:\/\/dicodusport.fr\/blog\/alula-tour-2024-parcours-et-profil-des-etapes\/#breadcrumb","itemListElement":[{"@type":"ListItem","position":1,"name":"Accueil","item":"https:\/\/dicodusport.fr\/blog\/"},{"@type":"ListItem","position":2,"name":"AlUla Tour 2024 : Parcours et profil des \u00e9tapes"}]},{"@type":"WebSite","@id":"https:\/\/dicodusport.fr\/blog\/#website","url":"https:\/\/dicodusport.fr\/blog\/","name":"Dicodusport","description":"L&#039;encyclop\u00e9die de l&#039;actualit\u00e9 sportive","publisher":{"@id":"https:\/\/dicodusport.fr\/blog\/#organization"},"potentialAction":[{"@type":"SearchAction","target":{"@type":"EntryPoint","urlTemplate":"https:\/\/dicodusport.fr\/blog\/?s={search_term_string}"},"query-input":{"@type":"PropertyValueSpecification","valueRequired":true,"valueName":"search_term_string"}}],"inLanguage":"fr-FR"},{"@type":"NewsMediaOrganization","@id":"https:\/\/dicodusport.fr\/blog\/#organization","name":"Dicodusport","url":"https:\/\/dicodusport.fr\/blog\/","logo":{"@type":"ImageObject","inLanguage":"fr-FR","@id":"https:\/\/dicodusport.fr\/blog\/#\/schema\/logo\/image\/","url":"https:\/\/dicodusport.fr\/blog\/wp-content\/uploads\/2020\/06\/cropped-LOGO-DICODUSPORT-2020-SANS-FOND-SANS-TEXTE.png","contentUrl":"https:\/\/dicodusport.fr\/blog\/wp-content\/uploads\/2020\/06\/cropped-LOGO-DICODUSPORT-2020-SANS-FOND-SANS-TEXTE.png","width":512,"height":512,"caption":"Dicodusport"},"image":{"@id":"https:\/\/dicodusport.fr\/blog\/#\/schema\/logo\/image\/"},"sameAs":["https:\/\/www.facebook.com\/dicodusport","https:\/\/x.com\/dicodusport","https:\/\/www.instagram.com\/dicodusport\/","https:\/\/www.youtube.com\/channel\/UC7V2KZ5sd3htJivAbA4ZG3w"],"description":"Dicodusport est l'encyclop\u00e9die de l'actualit\u00e9 sportive.","email":"bonjour@dicodusport.fr","legalName":"DICODUSPORT","foundingDate":"2018-01-14","vatID":"FR71834470973","taxID":"83447097300043","numberOfEmployees":{"@type":"QuantitativeValue","minValue":"1","maxValue":"10"}},{"@type":"Person","@id":"https:\/\/dicodusport.fr\/blog\/#\/schema\/person\/6db4bae06b171592211be385b32876a7","name":"Emilien Descampiaux","image":{"@type":"ImageObject","inLanguage":"fr-FR","@id":"https:\/\/dicodusport.fr\/blog\/#\/schema\/person\/image\/","url":"https:\/\/dicodusport.fr\/blog\/wp-content\/uploads\/2021\/05\/Emilien-Descampiaux-150x150.jpg","contentUrl":"https:\/\/dicodusport.fr\/blog\/wp-content\/uploads\/2021\/05\/Emilien-Descampiaux-150x150.jpg","caption":"Emilien Descampiaux"},"description":"Journaliste\/r\u00e9dacteur depuis 2014 - Fan de la classe de Frank Vandenbroucke, je vis cyclisme (et de ses paysages) depuis plus de 20 ans. Je suis tr\u00e8s impliqu\u00e9 sur mes diff\u00e9rents r\u00e9seaux sociaux pour partager ma passion sur le monde et l'Histoire de la bicyclette avec ma voix sur les images en noir et blanc du succ\u00e8s de Rik Van Steenbergen lors du Ronde sur le V\u00e9lodrome de Gand.","sameAs":["https:\/\/www.facebook.com\/groups\/LesRoisDuPeloton","https:\/\/x.com\/https:\/\/twitter.com\/LRoisDuPeloton"],"url":"https:\/\/dicodusport.fr\/blog\/author\/emiliend\/"}]}},"_links":{"self":[{"href":"https:\/\/dicodusport.fr\/blog\/wp-json\/wp\/v2\/posts\/456126","targetHints":{"allow":["GET"]}}],"collection":[{"href":"https:\/\/dicodusport.fr\/blog\/wp-json\/wp\/v2\/posts"}],"about":[{"href":"https:\/\/dicodusport.fr\/blog\/wp-json\/wp\/v2\/types\/post"}],"author":[{"embeddable":true,"href":"https:\/\/dicodusport.fr\/blog\/wp-json\/wp\/v2\/users\/48"}],"replies":[{"embeddable":true,"href":"https:\/\/dicodusport.fr\/blog\/wp-json\/wp\/v2\/comments?post=456126"}],"version-history":[{"count":5,"href":"https:\/\/dicodusport.fr\/blog\/wp-json\/wp\/v2\/posts\/456126\/revisions"}],"predecessor-version":[{"id":459386,"href":"https:\/\/dicodusport.fr\/blog\/wp-json\/wp\/v2\/posts\/456126\/revisions\/459386"}],"wp:featuredmedia":[{"embeddable":true,"href":"https:\/\/dicodusport.fr\/blog\/wp-json\/wp\/v2\/media\/457838"}],"wp:attachment":[{"href":"https:\/\/dicodusport.fr\/blog\/wp-json\/wp\/v2\/media?parent=456126"}],"wp:term":[{"taxonomy":"category","embeddable":true,"href":"https:\/\/dicodusport.fr\/blog\/wp-json\/wp\/v2\/categories?post=456126"},{"taxonomy":"post_tag","embeddable":true,"href":"https:\/\/dicodusport.fr\/blog\/wp-json\/wp\/v2\/tags?post=456126"}],"curies":[{"name":"wp","href":"https:\/\/api.w.org\/{rel}","templated":true}]}}