{"id":456398,"date":"2024-01-25T15:47:29","date_gmt":"2024-01-25T14:47:29","guid":{"rendered":"https:\/\/dicodusport.fr\/blog\/?p=456398&#038;preview=true&#038;preview_id=456398"},"modified":"2024-01-26T10:50:48","modified_gmt":"2024-01-26T09:50:48","slug":"trofeo-ses-salines-felanitx-2024-le-francais-paul-magnier-simpose","status":"publish","type":"post","link":"https:\/\/dicodusport.fr\/blog\/trofeo-ses-salines-felanitx-2024-le-francais-paul-magnier-simpose\/","title":{"rendered":"Trofeo Ses Salines-Felanitx 2024 : Le Fran\u00e7ais Paul Magnier s&rsquo;impose !"},"content":{"rendered":"<p style=\"text-align: justify;\"><em><b>CHALLENGE DE MAJORQUE 2024 &#8211; Magnifiquement propuls\u00e9 par son \u00e9quipe, Paul Magnier (Soudal-Quick-Step) remporte le Trofeo Ses Salines-Felanitx. Le Fran\u00e7ais r\u00e9alise un coup incroyable, en devan\u00e7ant tous les favoris. Notamment Alberto Dainese (Tudor Pro Cycling) 2e. Luke Lamperti (Soudal-Quick Step) parach\u00e8ve la d\u00e9monstration de l&rsquo;\u00e9quipe belge !<\/b><\/em><\/p>\n<ul>\n<li style=\"text-align: justify;\"><strong>\u00c0 lire aussi &#8211; <a href=\"https:\/\/dicodusport.fr\/blog\/classement-trofeo-ses-salines-felanitx-2024\/\">Le classement du Trofeo Ses Salines-Felanitx 2024<\/a><\/strong><\/li>\n<\/ul>\n<h2>Quatre hommes \u00e0 l&rsquo;avant<\/h2>\n<p style=\"text-align: justify;\">Si la course est d\u00e9di\u00e9e aux coursiers rapides, quatre hommes ont d\u00e9cid\u00e9 de fausser compagnie au peloton, d\u00e8s le d\u00e9but de la course, pour constituer l&rsquo;\u00e9chapp\u00e9e matinale. <strong>Riccardo Lucca<\/strong> (VF Group &#8211; Bardiani CSF &#8211; Faizan\u00e8), <strong>Victor Vercouille<\/strong> (Team Flanders &#8211; Baloise), <strong>Edgar Curto<\/strong> (Illes Balears Arabay Cycling) et <strong>Ethan Craine<\/strong> (Project Echelon Racing) se sont \u00e9chapp\u00e9s apr\u00e8s onze kilom\u00e8tres de course. Ils ont compt\u00e9 pr\u00e8s de quatre minutes d&rsquo;avance sur le peloton. Mais ce dernier, qui ne veut pas laisser passer la victoire, se montre de plus en plus mena\u00e7ant. Et \u00e0 moins de 40 kilom\u00e8tres de l&rsquo;arriv\u00e9e, les fuyards n&rsquo;ont plus que 50 secondes d&rsquo;avance. Et le quatuor se scinde en deux, avec <strong>Riccaardo Lucca<\/strong> et <strong>Victor Vercouille<\/strong> qui s&rsquo;isolent \u00e0 l&rsquo;avant, pour tenter de prolonger un peu l&rsquo;espoir et l&rsquo;aventure.<\/p>\n<p style=\"text-align: justify;\">Mine de rien, cela a redonn\u00e9 de l&rsquo;impulsion \u00e0 l&rsquo;avant de la course, \u00e0 deux peut-\u00eatre plus efficaces qu&rsquo;\u00e0 quatre. Si les chances \u00e9taient \u00e9videmment plus que maigres, pour aller au bout, \u00e0 29 kilom\u00e8tres de l&rsquo;arriv\u00e9e, l&rsquo;\u00e9cart est remont\u00e9 au-del\u00e0 de la minute. Mais Intermarch\u00e9-Circus-Wanty, Ark\u00e9a-B&amp;B H\u00f4tels et Uno-X Mobility annoncent la couleur. Des \u00e9quipes qui ne veulent pas voir s&rsquo;\u00e9chapper le sprint pour respectivement <strong>Hugo Page<\/strong>, <strong>Arnaud D\u00e9mare<\/strong> et<strong> Alexander Kristoff<\/strong>. Ils n&rsquo;ont \u00e9t\u00e9 repris qu&rsquo;\u00e0 12 kilom\u00e8tres de l&rsquo;arriv\u00e9e, au pied du dernier gros faux-plat de l&rsquo;\u00e9preuve. Le duo aura fait un sacr\u00e9 baroud d&rsquo;honneur.<\/p>\n<h2 style=\"text-align: justify;\">Premier succ\u00e8s pro pour Paul Magnier<\/h2>\n<p style=\"text-align: justify;\">Une difficult\u00e9 qui ne fait pas de d\u00e9g\u00e2ts majeurs, avec un peloton qui reste bien group\u00e9 dans le final, avec les trains de sprinteurs qui se mettent tranquillement en place, pour placer leurs finisseurs. On sent la nervosit\u00e9 et tout le monde veut \u00eatre plac\u00e9 \u00e0 l&rsquo;avant, pour remporter la victoire ou jouer plac\u00e9. Car le virage \u00e0 moins de 300 m\u00e8tres de la ligne \u00e9tait d\u00e9terminant. Et c&rsquo;est la Soudal Quick-Step qui l&rsquo;aborde en t\u00eate.<\/p>\n<p style=\"text-align: justify;\">On pense alors que<strong> Luke Lamperti<\/strong> est le coureur prot\u00e9g\u00e9. Mais c&rsquo;est bien l&rsquo;Am\u00e9ricain qui se mue en poisson pilote pour <strong>Paul Magnier<\/strong> (il finira tout de m\u00eame \u00e0 la 3e place). Pour le premier succ\u00e8s fran\u00e7ais tricolore de l&rsquo;ann\u00e9e 2024 ! Il devance, excusez du peu, <strong>Alberto Dainese,<\/strong> double vainqueur d&rsquo;\u00e9tape sur le Giro et vainqueur \u00e9galement sur la Vuelta. Un grand nom, qui termine dans la roue du Fran\u00e7ais de 19 ans seulement. Exceptionnel ! La rel\u00e8ve tricolore est d\u00e9j\u00e0 l\u00e0. Le coureur rapide et polyvalent va repartir d&rsquo;Espagne avec des \u00e9toiles plein les yeux.<\/p>\n<blockquote class=\"twitter-tweet\">\n<p dir=\"ltr\" lang=\"fr\">PAUL MAGNIER S&rsquo;OFFRE UN PREMIER BOUQUET PRO ! Pour son premier jour de course avec Soudal-QuickStep, le Fran\u00e7ais (19 ans) remporte le Trofeo Ses Salines-Felanitx, 2e manche du <a href=\"https:\/\/twitter.com\/hashtag\/ChallengeMallorca?src=hash&amp;ref_src=twsrc%5Etfw\">#ChallengeMallorca<\/a> ! Il a devanc\u00e9 Alberto Dainese (Tudor) et son co\u00e9quipier Luke Lamperti est 3e. <a href=\"https:\/\/t.co\/zI7WwCYUoJ\">pic.twitter.com\/zI7WwCYUoJ<\/a><\/p>\n<p>\u2014 Le Gruppetto (@LeGruppetto) <a href=\"https:\/\/twitter.com\/LeGruppetto\/status\/1750529871330398509?ref_src=twsrc%5Etfw\">January 25, 2024<\/a><\/p><\/blockquote>\n<p><script async src=\"https:\/\/platform.twitter.com\/widgets.js\" charset=\"utf-8\"><\/script><\/p>\n","protected":false},"excerpt":{"rendered":"<p>CHALLENGE DE MAJORQUE 2024 &#8211; Magnifiquement propuls\u00e9 par son \u00e9quipe, Paul Magnier (Soudal-Quick-Step) remporte le Trofeo Ses Salines-Felanitx.<\/p>\n","protected":false},"author":83,"featured_media":456530,"comment_status":"open","ping_status":"closed","sticky":false,"template":"","format":"standard","meta":{"_acf_changed":false,"_daextam_enable_autolinks":"1","footnotes":""},"categories":[46994],"tags":[16878,21446,574],"class_list":["post-456398","post","type-post","status-publish","format-standard","has-post-thumbnail","hentry","category-cyclisme-sur-route","tag-breve","tag-challenge-de-majorque","tag-cyclisme"],"acf":[],"yoast_head":"<!-- This site is optimized with the Yoast SEO Premium plugin v26.7 (Yoast SEO v26.7) - https:\/\/yoast.com\/wordpress\/plugins\/seo\/ -->\n<title>Trofeo Ses Salines-Felanitx 2024 : Le Fran\u00e7ais Paul Magnier s&#039;impose !<\/title>\n<meta name=\"description\" content=\"CHALLENGE DE MAJORQUE 2024 - Paul Magnier (Soudal-Quick-Step) remporte le Trofeo Ses Salines-Felanitx.\" \/>\n<meta name=\"robots\" content=\"index, follow, max-snippet:-1, max-image-preview:large, max-video-preview:-1\" \/>\n<link rel=\"canonical\" href=\"https:\/\/dicodusport.fr\/blog\/trofeo-ses-salines-felanitx-2024-le-francais-paul-magnier-simpose\/\" \/>\n<meta property=\"og:locale\" content=\"fr_FR\" \/>\n<meta property=\"og:type\" content=\"article\" \/>\n<meta property=\"og:title\" content=\"Trofeo Ses Salines-Felanitx 2024 : Le Fran\u00e7ais Paul Magnier s&#039;impose !\" \/>\n<meta property=\"og:description\" content=\"CHALLENGE DE MAJORQUE 2024 - Paul Magnier (Soudal-Quick-Step) remporte le Trofeo Ses Salines-Felanitx.\" \/>\n<meta property=\"og:url\" content=\"https:\/\/dicodusport.fr\/blog\/trofeo-ses-salines-felanitx-2024-le-francais-paul-magnier-simpose\/\" \/>\n<meta property=\"og:site_name\" content=\"Dicodusport\" \/>\n<meta property=\"article:publisher\" content=\"https:\/\/www.facebook.com\/dicodusport\" \/>\n<meta property=\"article:published_time\" content=\"2024-01-25T14:47:29+00:00\" \/>\n<meta property=\"article:modified_time\" content=\"2024-01-26T09:50:48+00:00\" \/>\n<meta property=\"og:image\" content=\"https:\/\/dicodusport.fr\/blog\/wp-content\/uploads\/2024\/01\/Trofeo-Ses-Salines-Felanitx-2024-Le-Francais-Paul-Magnier-simpose-1.png\" \/>\n\t<meta property=\"og:image:width\" content=\"1200\" \/>\n\t<meta property=\"og:image:height\" content=\"674\" \/>\n\t<meta property=\"og:image:type\" content=\"image\/png\" \/>\n<meta name=\"author\" content=\"Etienne Goursaud\" \/>\n<meta name=\"twitter:card\" content=\"summary_large_image\" \/>\n<meta name=\"twitter:title\" content=\"Trofeo Ses Salines-Felanitx 2024 : Le Fran\u00e7ais Paul Magnier s&#039;impose !\" \/>\n<meta name=\"twitter:creator\" content=\"@dicodusport\" \/>\n<meta name=\"twitter:site\" content=\"@dicodusport\" \/>\n<script type=\"application\/ld+json\" class=\"yoast-schema-graph\">{\"@context\":\"https:\/\/schema.org\",\"@graph\":[{\"@type\":\"NewsArticle\",\"@id\":\"https:\/\/dicodusport.fr\/blog\/trofeo-ses-salines-felanitx-2024-le-francais-paul-magnier-simpose\/#article\",\"isPartOf\":{\"@id\":\"https:\/\/dicodusport.fr\/blog\/trofeo-ses-salines-felanitx-2024-le-francais-paul-magnier-simpose\/\"},\"author\":{\"name\":\"Etienne Goursaud\",\"@id\":\"https:\/\/dicodusport.fr\/blog\/#\/schema\/person\/d603dd7da31fb2b46c82b9835a77ec13\"},\"headline\":\"Trofeo Ses Salines-Felanitx 2024 : Le Fran\u00e7ais Paul Magnier s&rsquo;impose !\",\"datePublished\":\"2024-01-25T14:47:29+00:00\",\"dateModified\":\"2024-01-26T09:50:48+00:00\",\"mainEntityOfPage\":{\"@id\":\"https:\/\/dicodusport.fr\/blog\/trofeo-ses-salines-felanitx-2024-le-francais-paul-magnier-simpose\/\"},\"wordCount\":584,\"commentCount\":0,\"publisher\":{\"@id\":\"https:\/\/dicodusport.fr\/blog\/#organization\"},\"image\":{\"@id\":\"https:\/\/dicodusport.fr\/blog\/trofeo-ses-salines-felanitx-2024-le-francais-paul-magnier-simpose\/#primaryimage\"},\"thumbnailUrl\":\"https:\/\/dicodusport.fr\/blog\/wp-content\/uploads\/2024\/01\/Trofeo-Ses-Salines-Felanitx-2024-Le-Francais-Paul-Magnier-simpose-1.png\",\"keywords\":[\"br\u00e8ve\",\"Challenge de Majorque\",\"Cyclisme\"],\"articleSection\":[\"Cyclisme sur route\"],\"inLanguage\":\"fr-FR\",\"potentialAction\":[{\"@type\":\"CommentAction\",\"name\":\"Comment\",\"target\":[\"https:\/\/dicodusport.fr\/blog\/trofeo-ses-salines-felanitx-2024-le-francais-paul-magnier-simpose\/#respond\"]}],\"copyrightYear\":\"2024\",\"copyrightHolder\":{\"@id\":\"https:\/\/dicodusport.fr\/blog\/#organization\"}},{\"@type\":\"WebPage\",\"@id\":\"https:\/\/dicodusport.fr\/blog\/trofeo-ses-salines-felanitx-2024-le-francais-paul-magnier-simpose\/\",\"url\":\"https:\/\/dicodusport.fr\/blog\/trofeo-ses-salines-felanitx-2024-le-francais-paul-magnier-simpose\/\",\"name\":\"Trofeo Ses Salines-Felanitx 2024 : Le Fran\u00e7ais Paul Magnier s'impose !\",\"isPartOf\":{\"@id\":\"https:\/\/dicodusport.fr\/blog\/#website\"},\"primaryImageOfPage\":{\"@id\":\"https:\/\/dicodusport.fr\/blog\/trofeo-ses-salines-felanitx-2024-le-francais-paul-magnier-simpose\/#primaryimage\"},\"image\":{\"@id\":\"https:\/\/dicodusport.fr\/blog\/trofeo-ses-salines-felanitx-2024-le-francais-paul-magnier-simpose\/#primaryimage\"},\"thumbnailUrl\":\"https:\/\/dicodusport.fr\/blog\/wp-content\/uploads\/2024\/01\/Trofeo-Ses-Salines-Felanitx-2024-Le-Francais-Paul-Magnier-simpose-1.png\",\"datePublished\":\"2024-01-25T14:47:29+00:00\",\"dateModified\":\"2024-01-26T09:50:48+00:00\",\"description\":\"CHALLENGE DE MAJORQUE 2024 - Paul Magnier (Soudal-Quick-Step) remporte le Trofeo Ses Salines-Felanitx.\",\"breadcrumb\":{\"@id\":\"https:\/\/dicodusport.fr\/blog\/trofeo-ses-salines-felanitx-2024-le-francais-paul-magnier-simpose\/#breadcrumb\"},\"inLanguage\":\"fr-FR\",\"potentialAction\":[{\"@type\":\"ReadAction\",\"target\":[\"https:\/\/dicodusport.fr\/blog\/trofeo-ses-salines-felanitx-2024-le-francais-paul-magnier-simpose\/\"]}]},{\"@type\":\"ImageObject\",\"inLanguage\":\"fr-FR\",\"@id\":\"https:\/\/dicodusport.fr\/blog\/trofeo-ses-salines-felanitx-2024-le-francais-paul-magnier-simpose\/#primaryimage\",\"url\":\"https:\/\/dicodusport.fr\/blog\/wp-content\/uploads\/2024\/01\/Trofeo-Ses-Salines-Felanitx-2024-Le-Francais-Paul-Magnier-simpose-1.png\",\"contentUrl\":\"https:\/\/dicodusport.fr\/blog\/wp-content\/uploads\/2024\/01\/Trofeo-Ses-Salines-Felanitx-2024-Le-Francais-Paul-Magnier-simpose-1.png\",\"width\":1200,\"height\":674,\"caption\":\"Trofeo Ses Salines-Felanitx 2024 Le Fran\u00e7ais Paul Magnier s'impose ! (1)\"},{\"@type\":\"BreadcrumbList\",\"@id\":\"https:\/\/dicodusport.fr\/blog\/trofeo-ses-salines-felanitx-2024-le-francais-paul-magnier-simpose\/#breadcrumb\",\"itemListElement\":[{\"@type\":\"ListItem\",\"position\":1,\"name\":\"Accueil\",\"item\":\"https:\/\/dicodusport.fr\/blog\/\"},{\"@type\":\"ListItem\",\"position\":2,\"name\":\"Trofeo Ses Salines-Felanitx 2024 : Le Fran\u00e7ais Paul Magnier s&rsquo;impose !\"}]},{\"@type\":\"WebSite\",\"@id\":\"https:\/\/dicodusport.fr\/blog\/#website\",\"url\":\"https:\/\/dicodusport.fr\/blog\/\",\"name\":\"Dicodusport\",\"description\":\"L&#039;encyclop\u00e9die de l&#039;actualit\u00e9 sportive\",\"publisher\":{\"@id\":\"https:\/\/dicodusport.fr\/blog\/#organization\"},\"potentialAction\":[{\"@type\":\"SearchAction\",\"target\":{\"@type\":\"EntryPoint\",\"urlTemplate\":\"https:\/\/dicodusport.fr\/blog\/?s={search_term_string}\"},\"query-input\":{\"@type\":\"PropertyValueSpecification\",\"valueRequired\":true,\"valueName\":\"search_term_string\"}}],\"inLanguage\":\"fr-FR\"},{\"@type\":\"NewsMediaOrganization\",\"@id\":\"https:\/\/dicodusport.fr\/blog\/#organization\",\"name\":\"Dicodusport\",\"url\":\"https:\/\/dicodusport.fr\/blog\/\",\"logo\":{\"@type\":\"ImageObject\",\"inLanguage\":\"fr-FR\",\"@id\":\"https:\/\/dicodusport.fr\/blog\/#\/schema\/logo\/image\/\",\"url\":\"https:\/\/dicodusport.fr\/blog\/wp-content\/uploads\/2020\/06\/cropped-LOGO-DICODUSPORT-2020-SANS-FOND-SANS-TEXTE.png\",\"contentUrl\":\"https:\/\/dicodusport.fr\/blog\/wp-content\/uploads\/2020\/06\/cropped-LOGO-DICODUSPORT-2020-SANS-FOND-SANS-TEXTE.png\",\"width\":512,\"height\":512,\"caption\":\"Dicodusport\"},\"image\":{\"@id\":\"https:\/\/dicodusport.fr\/blog\/#\/schema\/logo\/image\/\"},\"sameAs\":[\"https:\/\/www.facebook.com\/dicodusport\",\"https:\/\/x.com\/dicodusport\",\"https:\/\/www.instagram.com\/dicodusport\/\",\"https:\/\/www.youtube.com\/channel\/UC7V2KZ5sd3htJivAbA4ZG3w\"],\"description\":\"Dicodusport est l'encyclop\u00e9die de l'actualit\u00e9 sportive.\",\"email\":\"bonjour@dicodusport.fr\",\"legalName\":\"DICODUSPORT\",\"foundingDate\":\"2018-01-14\",\"vatID\":\"FR71834470973\",\"taxID\":\"83447097300043\",\"numberOfEmployees\":{\"@type\":\"QuantitativeValue\",\"minValue\":\"1\",\"maxValue\":\"10\"}},{\"@type\":\"Person\",\"@id\":\"https:\/\/dicodusport.fr\/blog\/#\/schema\/person\/d603dd7da31fb2b46c82b9835a77ec13\",\"name\":\"Etienne Goursaud\",\"image\":{\"@type\":\"ImageObject\",\"inLanguage\":\"fr-FR\",\"@id\":\"https:\/\/dicodusport.fr\/blog\/#\/schema\/person\/image\/\",\"url\":\"https:\/\/dicodusport.fr\/blog\/wp-content\/uploads\/2023\/12\/410122264_10231602061736049_5565839791558026645_n-150x150.jpg\",\"contentUrl\":\"https:\/\/dicodusport.fr\/blog\/wp-content\/uploads\/2023\/12\/410122264_10231602061736049_5565839791558026645_n-150x150.jpg\",\"caption\":\"Etienne Goursaud\"},\"description\":\"Journaliste et amoureux de sport. Ancien footballeur reconverti athl\u00e8te quand ses muscles le laissent tranquille. \u00c9lev\u00e9 \u00e0 la sauce des exploits de Thomas Voeckler en 2004, du dernier essai de l\u00e9gende de Eunice Barber \u00e0 la longueur lors des championnats du monde d'athl\u00e9tisme de 2003 mais aussi Zidane, Omeyer et Titou Lamaison.\",\"url\":\"https:\/\/dicodusport.fr\/blog\/author\/etienne-goursaud\/\"}]}<\/script>\n<!-- \/ Yoast SEO Premium plugin. -->","yoast_head_json":{"title":"Trofeo Ses Salines-Felanitx 2024 : Le Fran\u00e7ais Paul Magnier s'impose !","description":"CHALLENGE DE MAJORQUE 2024 - Paul Magnier (Soudal-Quick-Step) remporte le Trofeo Ses Salines-Felanitx.","robots":{"index":"index","follow":"follow","max-snippet":"max-snippet:-1","max-image-preview":"max-image-preview:large","max-video-preview":"max-video-preview:-1"},"canonical":"https:\/\/dicodusport.fr\/blog\/trofeo-ses-salines-felanitx-2024-le-francais-paul-magnier-simpose\/","og_locale":"fr_FR","og_type":"article","og_title":"Trofeo Ses Salines-Felanitx 2024 : Le Fran\u00e7ais Paul Magnier s'impose !","og_description":"CHALLENGE DE MAJORQUE 2024 - Paul Magnier (Soudal-Quick-Step) remporte le Trofeo Ses Salines-Felanitx.","og_url":"https:\/\/dicodusport.fr\/blog\/trofeo-ses-salines-felanitx-2024-le-francais-paul-magnier-simpose\/","og_site_name":"Dicodusport","article_publisher":"https:\/\/www.facebook.com\/dicodusport","article_published_time":"2024-01-25T14:47:29+00:00","article_modified_time":"2024-01-26T09:50:48+00:00","og_image":[{"width":1200,"height":674,"url":"https:\/\/dicodusport.fr\/blog\/wp-content\/uploads\/2024\/01\/Trofeo-Ses-Salines-Felanitx-2024-Le-Francais-Paul-Magnier-simpose-1.png","type":"image\/png"}],"author":"Etienne Goursaud","twitter_card":"summary_large_image","twitter_title":"Trofeo Ses Salines-Felanitx 2024 : Le Fran\u00e7ais Paul Magnier s'impose !","twitter_creator":"@dicodusport","twitter_site":"@dicodusport","schema":{"@context":"https:\/\/schema.org","@graph":[{"@type":"NewsArticle","@id":"https:\/\/dicodusport.fr\/blog\/trofeo-ses-salines-felanitx-2024-le-francais-paul-magnier-simpose\/#article","isPartOf":{"@id":"https:\/\/dicodusport.fr\/blog\/trofeo-ses-salines-felanitx-2024-le-francais-paul-magnier-simpose\/"},"author":{"name":"Etienne Goursaud","@id":"https:\/\/dicodusport.fr\/blog\/#\/schema\/person\/d603dd7da31fb2b46c82b9835a77ec13"},"headline":"Trofeo Ses Salines-Felanitx 2024 : Le Fran\u00e7ais Paul Magnier s&rsquo;impose !","datePublished":"2024-01-25T14:47:29+00:00","dateModified":"2024-01-26T09:50:48+00:00","mainEntityOfPage":{"@id":"https:\/\/dicodusport.fr\/blog\/trofeo-ses-salines-felanitx-2024-le-francais-paul-magnier-simpose\/"},"wordCount":584,"commentCount":0,"publisher":{"@id":"https:\/\/dicodusport.fr\/blog\/#organization"},"image":{"@id":"https:\/\/dicodusport.fr\/blog\/trofeo-ses-salines-felanitx-2024-le-francais-paul-magnier-simpose\/#primaryimage"},"thumbnailUrl":"https:\/\/dicodusport.fr\/blog\/wp-content\/uploads\/2024\/01\/Trofeo-Ses-Salines-Felanitx-2024-Le-Francais-Paul-Magnier-simpose-1.png","keywords":["br\u00e8ve","Challenge de Majorque","Cyclisme"],"articleSection":["Cyclisme sur route"],"inLanguage":"fr-FR","potentialAction":[{"@type":"CommentAction","name":"Comment","target":["https:\/\/dicodusport.fr\/blog\/trofeo-ses-salines-felanitx-2024-le-francais-paul-magnier-simpose\/#respond"]}],"copyrightYear":"2024","copyrightHolder":{"@id":"https:\/\/dicodusport.fr\/blog\/#organization"}},{"@type":"WebPage","@id":"https:\/\/dicodusport.fr\/blog\/trofeo-ses-salines-felanitx-2024-le-francais-paul-magnier-simpose\/","url":"https:\/\/dicodusport.fr\/blog\/trofeo-ses-salines-felanitx-2024-le-francais-paul-magnier-simpose\/","name":"Trofeo Ses Salines-Felanitx 2024 : Le Fran\u00e7ais Paul Magnier s'impose !","isPartOf":{"@id":"https:\/\/dicodusport.fr\/blog\/#website"},"primaryImageOfPage":{"@id":"https:\/\/dicodusport.fr\/blog\/trofeo-ses-salines-felanitx-2024-le-francais-paul-magnier-simpose\/#primaryimage"},"image":{"@id":"https:\/\/dicodusport.fr\/blog\/trofeo-ses-salines-felanitx-2024-le-francais-paul-magnier-simpose\/#primaryimage"},"thumbnailUrl":"https:\/\/dicodusport.fr\/blog\/wp-content\/uploads\/2024\/01\/Trofeo-Ses-Salines-Felanitx-2024-Le-Francais-Paul-Magnier-simpose-1.png","datePublished":"2024-01-25T14:47:29+00:00","dateModified":"2024-01-26T09:50:48+00:00","description":"CHALLENGE DE MAJORQUE 2024 - Paul Magnier (Soudal-Quick-Step) remporte le Trofeo Ses Salines-Felanitx.","breadcrumb":{"@id":"https:\/\/dicodusport.fr\/blog\/trofeo-ses-salines-felanitx-2024-le-francais-paul-magnier-simpose\/#breadcrumb"},"inLanguage":"fr-FR","potentialAction":[{"@type":"ReadAction","target":["https:\/\/dicodusport.fr\/blog\/trofeo-ses-salines-felanitx-2024-le-francais-paul-magnier-simpose\/"]}]},{"@type":"ImageObject","inLanguage":"fr-FR","@id":"https:\/\/dicodusport.fr\/blog\/trofeo-ses-salines-felanitx-2024-le-francais-paul-magnier-simpose\/#primaryimage","url":"https:\/\/dicodusport.fr\/blog\/wp-content\/uploads\/2024\/01\/Trofeo-Ses-Salines-Felanitx-2024-Le-Francais-Paul-Magnier-simpose-1.png","contentUrl":"https:\/\/dicodusport.fr\/blog\/wp-content\/uploads\/2024\/01\/Trofeo-Ses-Salines-Felanitx-2024-Le-Francais-Paul-Magnier-simpose-1.png","width":1200,"height":674,"caption":"Trofeo Ses Salines-Felanitx 2024 Le Fran\u00e7ais Paul Magnier s'impose ! (1)"},{"@type":"BreadcrumbList","@id":"https:\/\/dicodusport.fr\/blog\/trofeo-ses-salines-felanitx-2024-le-francais-paul-magnier-simpose\/#breadcrumb","itemListElement":[{"@type":"ListItem","position":1,"name":"Accueil","item":"https:\/\/dicodusport.fr\/blog\/"},{"@type":"ListItem","position":2,"name":"Trofeo Ses Salines-Felanitx 2024 : Le Fran\u00e7ais Paul Magnier s&rsquo;impose !"}]},{"@type":"WebSite","@id":"https:\/\/dicodusport.fr\/blog\/#website","url":"https:\/\/dicodusport.fr\/blog\/","name":"Dicodusport","description":"L&#039;encyclop\u00e9die de l&#039;actualit\u00e9 sportive","publisher":{"@id":"https:\/\/dicodusport.fr\/blog\/#organization"},"potentialAction":[{"@type":"SearchAction","target":{"@type":"EntryPoint","urlTemplate":"https:\/\/dicodusport.fr\/blog\/?s={search_term_string}"},"query-input":{"@type":"PropertyValueSpecification","valueRequired":true,"valueName":"search_term_string"}}],"inLanguage":"fr-FR"},{"@type":"NewsMediaOrganization","@id":"https:\/\/dicodusport.fr\/blog\/#organization","name":"Dicodusport","url":"https:\/\/dicodusport.fr\/blog\/","logo":{"@type":"ImageObject","inLanguage":"fr-FR","@id":"https:\/\/dicodusport.fr\/blog\/#\/schema\/logo\/image\/","url":"https:\/\/dicodusport.fr\/blog\/wp-content\/uploads\/2020\/06\/cropped-LOGO-DICODUSPORT-2020-SANS-FOND-SANS-TEXTE.png","contentUrl":"https:\/\/dicodusport.fr\/blog\/wp-content\/uploads\/2020\/06\/cropped-LOGO-DICODUSPORT-2020-SANS-FOND-SANS-TEXTE.png","width":512,"height":512,"caption":"Dicodusport"},"image":{"@id":"https:\/\/dicodusport.fr\/blog\/#\/schema\/logo\/image\/"},"sameAs":["https:\/\/www.facebook.com\/dicodusport","https:\/\/x.com\/dicodusport","https:\/\/www.instagram.com\/dicodusport\/","https:\/\/www.youtube.com\/channel\/UC7V2KZ5sd3htJivAbA4ZG3w"],"description":"Dicodusport est l'encyclop\u00e9die de l'actualit\u00e9 sportive.","email":"bonjour@dicodusport.fr","legalName":"DICODUSPORT","foundingDate":"2018-01-14","vatID":"FR71834470973","taxID":"83447097300043","numberOfEmployees":{"@type":"QuantitativeValue","minValue":"1","maxValue":"10"}},{"@type":"Person","@id":"https:\/\/dicodusport.fr\/blog\/#\/schema\/person\/d603dd7da31fb2b46c82b9835a77ec13","name":"Etienne Goursaud","image":{"@type":"ImageObject","inLanguage":"fr-FR","@id":"https:\/\/dicodusport.fr\/blog\/#\/schema\/person\/image\/","url":"https:\/\/dicodusport.fr\/blog\/wp-content\/uploads\/2023\/12\/410122264_10231602061736049_5565839791558026645_n-150x150.jpg","contentUrl":"https:\/\/dicodusport.fr\/blog\/wp-content\/uploads\/2023\/12\/410122264_10231602061736049_5565839791558026645_n-150x150.jpg","caption":"Etienne Goursaud"},"description":"Journaliste et amoureux de sport. Ancien footballeur reconverti athl\u00e8te quand ses muscles le laissent tranquille. \u00c9lev\u00e9 \u00e0 la sauce des exploits de Thomas Voeckler en 2004, du dernier essai de l\u00e9gende de Eunice Barber \u00e0 la longueur lors des championnats du monde d'athl\u00e9tisme de 2003 mais aussi Zidane, Omeyer et Titou Lamaison.","url":"https:\/\/dicodusport.fr\/blog\/author\/etienne-goursaud\/"}]}},"_links":{"self":[{"href":"https:\/\/dicodusport.fr\/blog\/wp-json\/wp\/v2\/posts\/456398","targetHints":{"allow":["GET"]}}],"collection":[{"href":"https:\/\/dicodusport.fr\/blog\/wp-json\/wp\/v2\/posts"}],"about":[{"href":"https:\/\/dicodusport.fr\/blog\/wp-json\/wp\/v2\/types\/post"}],"author":[{"embeddable":true,"href":"https:\/\/dicodusport.fr\/blog\/wp-json\/wp\/v2\/users\/83"}],"replies":[{"embeddable":true,"href":"https:\/\/dicodusport.fr\/blog\/wp-json\/wp\/v2\/comments?post=456398"}],"version-history":[{"count":5,"href":"https:\/\/dicodusport.fr\/blog\/wp-json\/wp\/v2\/posts\/456398\/revisions"}],"predecessor-version":[{"id":456608,"href":"https:\/\/dicodusport.fr\/blog\/wp-json\/wp\/v2\/posts\/456398\/revisions\/456608"}],"wp:featuredmedia":[{"embeddable":true,"href":"https:\/\/dicodusport.fr\/blog\/wp-json\/wp\/v2\/media\/456530"}],"wp:attachment":[{"href":"https:\/\/dicodusport.fr\/blog\/wp-json\/wp\/v2\/media?parent=456398"}],"wp:term":[{"taxonomy":"category","embeddable":true,"href":"https:\/\/dicodusport.fr\/blog\/wp-json\/wp\/v2\/categories?post=456398"},{"taxonomy":"post_tag","embeddable":true,"href":"https:\/\/dicodusport.fr\/blog\/wp-json\/wp\/v2\/tags?post=456398"}],"curies":[{"name":"wp","href":"https:\/\/api.w.org\/{rel}","templated":true}]}}