{"id":456606,"date":"2024-01-26T12:55:05","date_gmt":"2024-01-26T11:55:05","guid":{"rendered":"https:\/\/dicodusport.fr\/blog\/?p=456606&#038;preview=true&#038;preview_id=456606"},"modified":"2024-01-26T14:06:29","modified_gmt":"2024-01-26T13:06:29","slug":"descente-femmes-de-cortina-stephanie-venier-simpose-mikaela-shiffrin-blessee","status":"publish","type":"post","link":"https:\/\/dicodusport.fr\/blog\/descente-femmes-de-cortina-stephanie-venier-simpose-mikaela-shiffrin-blessee\/","title":{"rendered":"Descente Femmes de Cortina : St\u00e9phanie Venier s&rsquo;impose, Mikaela Shiffrin bless\u00e9e"},"content":{"rendered":"<p style=\"text-align: justify;\"><em><b>COUPE DU MONDE DE SKI ALPIN 2023-2024 &#8211; Apr\u00e8s une course perturb\u00e9e par les nombreuses interruptions, St\u00e9phanie Venier a remport\u00e9 la descente de Cortina d&rsquo;Ampezzo, dans les Dolomites italiennes, vendredi. Elle a devanc\u00e9 Lara Gut-Behrami. Trois filles ont fini au troisi\u00e8me rang : Sofia Goggia, Emma Aicher et Val\u00e9rie Grenier.\u00a0 Malheureusement, Mikaela Shiffrin et Corinne Suter se sont bless\u00e9es et ont \u00e9t\u00e9 \u00e9vacu\u00e9es en h\u00e9licopt\u00e8re.\u00a0<\/b><br \/>\n<\/em><\/p>\n<ul style=\"text-align: justify;\">\n<li style=\"text-align: justify;\"><strong>\u00c0 ce sujet &#8211; <a href=\"https:\/\/dicodusport.fr\/blog\/classement-descente-femmes-cortina-dampezzo-2024\/\">Le classement de descente de Cortina d&rsquo;Ampezzo<\/a>\u00a0<\/strong><\/li>\n<\/ul>\n<p style=\"text-align: justify;\"><strong>St\u00e9phanie Venier<\/strong> a fait la diff\u00e9rence dans la Grande Curva pour prendre un maximum de vitesse alors qu&rsquo;elle \u00e9tait en retard de 63 centi\u00e8mes. L&rsquo;Autrichienne a r\u00e9alis\u00e9 une fin de course de folie pour remporter sa deuxi\u00e8me descente en carri\u00e8re apr\u00e8s Garmisch-Partenkirchen en 2019, avec un temps de 1 minute 33 secondes et 6 centi\u00e8mes.<\/p>\n<p style=\"text-align: justify;\">Ensuite, <strong>Lara Gut-Behrami<\/strong> a \u00e9t\u00e9 excellente sur une neige assez chaude sur les trois premi\u00e8res portions, mais elle a commis des erreurs en rentrant la partie de Super G pour finir deuxi\u00e8me \u00e0 39 centi\u00e8mes.<\/p>\n<p style=\"text-align: justify;\">La grande favorite <strong>Sofia Goggia<\/strong> est partie avec le dossard 15 sur une piste sur laquelle elle s&rsquo;est d\u00e9j\u00e0 impos\u00e9e \u00e0 trois reprises, en 2018, 2022 et 2023. L&rsquo;Italienne a \u00e9t\u00e9 plus prudente que d&rsquo;habitude sur le haut avant de grappiller du temps dans les deux derni\u00e8res parties pour compl\u00e9ter le podium \u00e0 71 centi\u00e8mes. Elle a fini ex aequo avec la surprenante <strong>Emma Aicher<\/strong> qui a fait pourtant pas mal de d\u00e9rapages en entr\u00e9e de courbe pour monter sur son premier podium en carri\u00e8re, et la Canadienne <strong>Valerie Grenier<\/strong>, avec un super troisi\u00e8me tron\u00e7on avec la Diagonale.<\/p>\n<ul>\n<li style=\"text-align: justify;\"><strong>\u00c0 ce sujet \u2013 <a title=\"Coupe du monde de ski alpin \u2013 Classement g\u00e9n\u00e9ral femmes\" href=\"https:\/\/dicodusport.fr\/blog\/coupe-du-monde-de-ski-alpin-classement-general-femmes\/\" rel=\"\">Coupe du monde de ski alpin \u2013 Classement g\u00e9n\u00e9ral femmes<\/a><\/strong><\/li>\n<\/ul>\n<p style=\"text-align: justify;\">Puis, <strong>Laura Pirovano<\/strong> a fini cinqui\u00e8me \u00e0 91 centi\u00e8mes devant <strong>Kajsa Vickhoff Lie<\/strong>, sixi\u00e8me \u00e0 94 centi\u00e8mes. Elles \u00e9taient parties avec les dossards 2 et 1. Ensuite, <strong>Laura Gauch\u00e9<\/strong> n&rsquo;a pas su confirmer son excellent entra\u00eenement. Elle a accus\u00e9 beaucoup de retard sur le haut. Malgr\u00e9 une course propre, elle ne s&rsquo;est pas l\u00e2ch\u00e9e pour terminer quatorzi\u00e8me \u00e0 1 seconde et 48 centi\u00e8mes.<\/p>\n<p style=\"text-align: justify;\">Ensuite, <strong>Romane Miradoli<\/strong> a fini tr\u00e8s loin \u00e0 2.69 malgr\u00e9 un haut plut\u00f4t correct, mais elle a fait une grosse faute sur le bas. <strong>Anouck Errard<\/strong> et <strong>Karen Smadja-Cl\u00e9ment<\/strong> sont \u00e9galement pass\u00e9es \u00e0 c\u00f4t\u00e9 de leur course, en c\u00e9dant 2.93 et 2.63.<\/p>\n<h2 style=\"text-align: justify;\">L&rsquo;h\u00e9catombe continue<\/h2>\n<p style=\"text-align: justify;\">Enfin, la leader de la Coupe du monde, <strong>Mikaela Shiffrin<\/strong> a \u00e9t\u00e9 surprise par un mouvement de terrain. L&rsquo;Am\u00e9ricaine est tomb\u00e9e violemment et son genou gauche s&rsquo;est tordu apr\u00e8s l&rsquo;impact. Puis, la championne olympique <strong>Corinne Suter<\/strong> a vu son genou c\u00e9der dans un virage sur le haut de la piste. C&rsquo;est un nouveau coup dur pour la Coupe du monde apr\u00e8s les graves blessures d&rsquo;Alexis Pinturault, Marco Schwarz, Aleksandr Aamodt Kilde et Petra Vlhova.<\/p>\n<blockquote class=\"twitter-tweet\">\n<p dir=\"ltr\" lang=\"fr\">\ud83d\ude2c La reine Shiffrin est touch\u00e9e : victime d&rsquo;une chute, l&rsquo;Am\u00e9ricaine se rel\u00e8ve apr\u00e8s de longues minutes et semble bless\u00e9e au genou gauche.<\/p>\n<p>Suivez la descente de Cortina d&rsquo;Ampezzo sur Eurosport <a href=\"https:\/\/twitter.com\/hashtag\/ChaletClub?src=hash&amp;ref_src=twsrc%5Etfw\">#ChaletClub<\/a> <a href=\"https:\/\/t.co\/BpLHyGNC7D\">https:\/\/t.co\/BpLHyGNC7D<\/a> <a href=\"https:\/\/t.co\/K4kCcub5Mj\">pic.twitter.com\/K4kCcub5Mj<\/a><\/p>\n<p>\u2014 Eurosport France (@Eurosport_FR) <a href=\"https:\/\/twitter.com\/Eurosport_FR\/status\/1750829904009044363?ref_src=twsrc%5Etfw\">January 26, 2024<\/a><\/p><\/blockquote>\n<p><script async src=\"https:\/\/platform.twitter.com\/widgets.js\" charset=\"utf-8\"><\/script><\/p>\n","protected":false},"excerpt":{"rendered":"<p>COUPE DU MONDE DE SKI ALPIN 2023-2024 &#8211; Apr\u00e8s une course perturb\u00e9e par les nombreuses interruptions, St\u00e9phanie Venier a remport\u00e9 la descente de Cortina d&rsquo;Ampezzo, dans les Dolomites italiennes, vendredi. Elle a devanc\u00e9 Lara Gut-Behrami. Trois filles ont fini au troisi\u00e8me rang : Sofia Goggia, Emma Aicher et Val\u00e9rie Grenier.\u00a0 Malheureusement, Mikaela Shiffrin et Corinne Suter se sont bless\u00e9es et ont \u00e9t\u00e9 \u00e9vacu\u00e9es en h\u00e9licopt\u00e8re.\u00a0<\/p>\n","protected":false},"author":48,"featured_media":456720,"comment_status":"open","ping_status":"closed","sticky":false,"template":"","format":"standard","meta":{"_acf_changed":false,"_daextam_enable_autolinks":"1","footnotes":""},"categories":[47084],"tags":[16878,12586,2233],"class_list":["post-456606","post","type-post","status-publish","format-standard","has-post-thumbnail","hentry","category-coupe-du-monde-ski-alpin","tag-breve","tag-coupe-du-monde-de-ski-alpin","tag-ski-alpin"],"acf":[],"yoast_head":"<!-- This site is optimized with the Yoast SEO Premium plugin v26.7 (Yoast SEO v26.7) - https:\/\/yoast.com\/wordpress\/plugins\/seo\/ -->\n<title>Descente Femmes de Cortina : St\u00e9phanie Venier s&#039;impose, Mikaela Shiffrin bless\u00e9e<\/title>\n<meta name=\"description\" content=\"COUPE DU MONDE DE SKI ALPIN 2023-2024 - St\u00e9phanie Venier a remport\u00e9 la descente de Cortina d&#039;Ampezzo, dans les Dolomites italiennes, vendredi.\" \/>\n<meta name=\"robots\" content=\"index, follow, max-snippet:-1, max-image-preview:large, max-video-preview:-1\" \/>\n<link rel=\"canonical\" href=\"https:\/\/dicodusport.fr\/blog\/descente-femmes-de-cortina-stephanie-venier-simpose-mikaela-shiffrin-blessee\/\" \/>\n<meta property=\"og:locale\" content=\"fr_FR\" \/>\n<meta property=\"og:type\" content=\"article\" \/>\n<meta property=\"og:title\" content=\"Descente Femmes de Cortina : St\u00e9phanie Venier s&#039;impose, Mikaela Shiffrin bless\u00e9e\" \/>\n<meta property=\"og:description\" content=\"COUPE DU MONDE DE SKI ALPIN 2023-2024 - St\u00e9phanie Venier a remport\u00e9 la descente de Cortina d&#039;Ampezzo, dans les Dolomites italiennes, vendredi.\" \/>\n<meta property=\"og:url\" content=\"https:\/\/dicodusport.fr\/blog\/descente-femmes-de-cortina-stephanie-venier-simpose-mikaela-shiffrin-blessee\/\" \/>\n<meta property=\"og:site_name\" content=\"Dicodusport\" \/>\n<meta property=\"article:publisher\" content=\"https:\/\/www.facebook.com\/dicodusport\" \/>\n<meta property=\"article:author\" content=\"https:\/\/www.facebook.com\/groups\/LesRoisDuPeloton\" \/>\n<meta property=\"article:published_time\" content=\"2024-01-26T11:55:05+00:00\" \/>\n<meta property=\"article:modified_time\" content=\"2024-01-26T13:06:29+00:00\" \/>\n<meta property=\"og:image\" content=\"https:\/\/dicodusport.fr\/blog\/wp-content\/uploads\/2024\/01\/Descente-Femmes-de-Cortina-Stephanie-Venier-simpose-Mikaela-Shiffrin-blessee-1.png\" \/>\n\t<meta property=\"og:image:width\" content=\"1200\" \/>\n\t<meta property=\"og:image:height\" content=\"674\" \/>\n\t<meta property=\"og:image:type\" content=\"image\/png\" \/>\n<meta name=\"author\" content=\"Emilien Descampiaux\" \/>\n<meta name=\"twitter:card\" content=\"summary_large_image\" \/>\n<meta name=\"twitter:title\" content=\"Descente Femmes de Cortina : St\u00e9phanie Venier s&#039;impose, Mikaela Shiffrin bless\u00e9e\" \/>\n<meta name=\"twitter:creator\" content=\"@https:\/\/twitter.com\/LRoisDuPeloton\" \/>\n<meta name=\"twitter:site\" content=\"@dicodusport\" \/>\n<script type=\"application\/ld+json\" class=\"yoast-schema-graph\">{\"@context\":\"https:\/\/schema.org\",\"@graph\":[{\"@type\":\"NewsArticle\",\"@id\":\"https:\/\/dicodusport.fr\/blog\/descente-femmes-de-cortina-stephanie-venier-simpose-mikaela-shiffrin-blessee\/#article\",\"isPartOf\":{\"@id\":\"https:\/\/dicodusport.fr\/blog\/descente-femmes-de-cortina-stephanie-venier-simpose-mikaela-shiffrin-blessee\/\"},\"author\":{\"name\":\"Emilien Descampiaux\",\"@id\":\"https:\/\/dicodusport.fr\/blog\/#\/schema\/person\/6db4bae06b171592211be385b32876a7\"},\"headline\":\"Descente Femmes de Cortina : St\u00e9phanie Venier s&rsquo;impose, Mikaela Shiffrin bless\u00e9e\",\"datePublished\":\"2024-01-26T11:55:05+00:00\",\"dateModified\":\"2024-01-26T13:06:29+00:00\",\"mainEntityOfPage\":{\"@id\":\"https:\/\/dicodusport.fr\/blog\/descente-femmes-de-cortina-stephanie-venier-simpose-mikaela-shiffrin-blessee\/\"},\"wordCount\":561,\"commentCount\":0,\"publisher\":{\"@id\":\"https:\/\/dicodusport.fr\/blog\/#organization\"},\"image\":{\"@id\":\"https:\/\/dicodusport.fr\/blog\/descente-femmes-de-cortina-stephanie-venier-simpose-mikaela-shiffrin-blessee\/#primaryimage\"},\"thumbnailUrl\":\"https:\/\/dicodusport.fr\/blog\/wp-content\/uploads\/2024\/01\/Descente-Femmes-de-Cortina-Stephanie-Venier-simpose-Mikaela-Shiffrin-blessee-1.png\",\"keywords\":[\"br\u00e8ve\",\"Coupe du monde de ski alpin\",\"Ski alpin\"],\"articleSection\":[\"Coupe du monde de ski alpin\"],\"inLanguage\":\"fr-FR\",\"potentialAction\":[{\"@type\":\"CommentAction\",\"name\":\"Comment\",\"target\":[\"https:\/\/dicodusport.fr\/blog\/descente-femmes-de-cortina-stephanie-venier-simpose-mikaela-shiffrin-blessee\/#respond\"]}],\"copyrightYear\":\"2024\",\"copyrightHolder\":{\"@id\":\"https:\/\/dicodusport.fr\/blog\/#organization\"}},{\"@type\":\"WebPage\",\"@id\":\"https:\/\/dicodusport.fr\/blog\/descente-femmes-de-cortina-stephanie-venier-simpose-mikaela-shiffrin-blessee\/\",\"url\":\"https:\/\/dicodusport.fr\/blog\/descente-femmes-de-cortina-stephanie-venier-simpose-mikaela-shiffrin-blessee\/\",\"name\":\"Descente Femmes de Cortina : St\u00e9phanie Venier s'impose, Mikaela Shiffrin bless\u00e9e\",\"isPartOf\":{\"@id\":\"https:\/\/dicodusport.fr\/blog\/#website\"},\"primaryImageOfPage\":{\"@id\":\"https:\/\/dicodusport.fr\/blog\/descente-femmes-de-cortina-stephanie-venier-simpose-mikaela-shiffrin-blessee\/#primaryimage\"},\"image\":{\"@id\":\"https:\/\/dicodusport.fr\/blog\/descente-femmes-de-cortina-stephanie-venier-simpose-mikaela-shiffrin-blessee\/#primaryimage\"},\"thumbnailUrl\":\"https:\/\/dicodusport.fr\/blog\/wp-content\/uploads\/2024\/01\/Descente-Femmes-de-Cortina-Stephanie-Venier-simpose-Mikaela-Shiffrin-blessee-1.png\",\"datePublished\":\"2024-01-26T11:55:05+00:00\",\"dateModified\":\"2024-01-26T13:06:29+00:00\",\"description\":\"COUPE DU MONDE DE SKI ALPIN 2023-2024 - St\u00e9phanie Venier a remport\u00e9 la descente de Cortina d'Ampezzo, dans les Dolomites italiennes, vendredi.\",\"breadcrumb\":{\"@id\":\"https:\/\/dicodusport.fr\/blog\/descente-femmes-de-cortina-stephanie-venier-simpose-mikaela-shiffrin-blessee\/#breadcrumb\"},\"inLanguage\":\"fr-FR\",\"potentialAction\":[{\"@type\":\"ReadAction\",\"target\":[\"https:\/\/dicodusport.fr\/blog\/descente-femmes-de-cortina-stephanie-venier-simpose-mikaela-shiffrin-blessee\/\"]}]},{\"@type\":\"ImageObject\",\"inLanguage\":\"fr-FR\",\"@id\":\"https:\/\/dicodusport.fr\/blog\/descente-femmes-de-cortina-stephanie-venier-simpose-mikaela-shiffrin-blessee\/#primaryimage\",\"url\":\"https:\/\/dicodusport.fr\/blog\/wp-content\/uploads\/2024\/01\/Descente-Femmes-de-Cortina-Stephanie-Venier-simpose-Mikaela-Shiffrin-blessee-1.png\",\"contentUrl\":\"https:\/\/dicodusport.fr\/blog\/wp-content\/uploads\/2024\/01\/Descente-Femmes-de-Cortina-Stephanie-Venier-simpose-Mikaela-Shiffrin-blessee-1.png\",\"width\":1200,\"height\":674,\"caption\":\"Descente Femmes de Cortina St\u00e9phanie Venier s'impose, Mikaela Shiffrin bless\u00e9e (1)\"},{\"@type\":\"BreadcrumbList\",\"@id\":\"https:\/\/dicodusport.fr\/blog\/descente-femmes-de-cortina-stephanie-venier-simpose-mikaela-shiffrin-blessee\/#breadcrumb\",\"itemListElement\":[{\"@type\":\"ListItem\",\"position\":1,\"name\":\"Accueil\",\"item\":\"https:\/\/dicodusport.fr\/blog\/\"},{\"@type\":\"ListItem\",\"position\":2,\"name\":\"Descente Femmes de Cortina : St\u00e9phanie Venier s&rsquo;impose, Mikaela Shiffrin bless\u00e9e\"}]},{\"@type\":\"WebSite\",\"@id\":\"https:\/\/dicodusport.fr\/blog\/#website\",\"url\":\"https:\/\/dicodusport.fr\/blog\/\",\"name\":\"Dicodusport\",\"description\":\"L&#039;encyclop\u00e9die de l&#039;actualit\u00e9 sportive\",\"publisher\":{\"@id\":\"https:\/\/dicodusport.fr\/blog\/#organization\"},\"potentialAction\":[{\"@type\":\"SearchAction\",\"target\":{\"@type\":\"EntryPoint\",\"urlTemplate\":\"https:\/\/dicodusport.fr\/blog\/?s={search_term_string}\"},\"query-input\":{\"@type\":\"PropertyValueSpecification\",\"valueRequired\":true,\"valueName\":\"search_term_string\"}}],\"inLanguage\":\"fr-FR\"},{\"@type\":\"NewsMediaOrganization\",\"@id\":\"https:\/\/dicodusport.fr\/blog\/#organization\",\"name\":\"Dicodusport\",\"url\":\"https:\/\/dicodusport.fr\/blog\/\",\"logo\":{\"@type\":\"ImageObject\",\"inLanguage\":\"fr-FR\",\"@id\":\"https:\/\/dicodusport.fr\/blog\/#\/schema\/logo\/image\/\",\"url\":\"https:\/\/dicodusport.fr\/blog\/wp-content\/uploads\/2020\/06\/cropped-LOGO-DICODUSPORT-2020-SANS-FOND-SANS-TEXTE.png\",\"contentUrl\":\"https:\/\/dicodusport.fr\/blog\/wp-content\/uploads\/2020\/06\/cropped-LOGO-DICODUSPORT-2020-SANS-FOND-SANS-TEXTE.png\",\"width\":512,\"height\":512,\"caption\":\"Dicodusport\"},\"image\":{\"@id\":\"https:\/\/dicodusport.fr\/blog\/#\/schema\/logo\/image\/\"},\"sameAs\":[\"https:\/\/www.facebook.com\/dicodusport\",\"https:\/\/x.com\/dicodusport\",\"https:\/\/www.instagram.com\/dicodusport\/\",\"https:\/\/www.youtube.com\/channel\/UC7V2KZ5sd3htJivAbA4ZG3w\"],\"description\":\"Dicodusport est l'encyclop\u00e9die de l'actualit\u00e9 sportive.\",\"email\":\"bonjour@dicodusport.fr\",\"legalName\":\"DICODUSPORT\",\"foundingDate\":\"2018-01-14\",\"vatID\":\"FR71834470973\",\"taxID\":\"83447097300043\",\"numberOfEmployees\":{\"@type\":\"QuantitativeValue\",\"minValue\":\"1\",\"maxValue\":\"10\"}},{\"@type\":\"Person\",\"@id\":\"https:\/\/dicodusport.fr\/blog\/#\/schema\/person\/6db4bae06b171592211be385b32876a7\",\"name\":\"Emilien Descampiaux\",\"image\":{\"@type\":\"ImageObject\",\"inLanguage\":\"fr-FR\",\"@id\":\"https:\/\/dicodusport.fr\/blog\/#\/schema\/person\/image\/\",\"url\":\"https:\/\/dicodusport.fr\/blog\/wp-content\/uploads\/2021\/05\/Emilien-Descampiaux-150x150.jpg\",\"contentUrl\":\"https:\/\/dicodusport.fr\/blog\/wp-content\/uploads\/2021\/05\/Emilien-Descampiaux-150x150.jpg\",\"caption\":\"Emilien Descampiaux\"},\"description\":\"Journaliste\/r\u00e9dacteur depuis 2014 - Fan de la classe de Frank Vandenbroucke, je vis cyclisme (et de ses paysages) depuis plus de 20 ans. Je suis tr\u00e8s impliqu\u00e9 sur mes diff\u00e9rents r\u00e9seaux sociaux pour partager ma passion sur le monde et l'Histoire de la bicyclette avec ma voix sur les images en noir et blanc du succ\u00e8s de Rik Van Steenbergen lors du Ronde sur le V\u00e9lodrome de Gand.\",\"sameAs\":[\"https:\/\/www.facebook.com\/groups\/LesRoisDuPeloton\",\"https:\/\/x.com\/https:\/\/twitter.com\/LRoisDuPeloton\"],\"url\":\"https:\/\/dicodusport.fr\/blog\/author\/emiliend\/\"}]}<\/script>\n<!-- \/ Yoast SEO Premium plugin. -->","yoast_head_json":{"title":"Descente Femmes de Cortina : St\u00e9phanie Venier s'impose, Mikaela Shiffrin bless\u00e9e","description":"COUPE DU MONDE DE SKI ALPIN 2023-2024 - St\u00e9phanie Venier a remport\u00e9 la descente de Cortina d'Ampezzo, dans les Dolomites italiennes, vendredi.","robots":{"index":"index","follow":"follow","max-snippet":"max-snippet:-1","max-image-preview":"max-image-preview:large","max-video-preview":"max-video-preview:-1"},"canonical":"https:\/\/dicodusport.fr\/blog\/descente-femmes-de-cortina-stephanie-venier-simpose-mikaela-shiffrin-blessee\/","og_locale":"fr_FR","og_type":"article","og_title":"Descente Femmes de Cortina : St\u00e9phanie Venier s'impose, Mikaela Shiffrin bless\u00e9e","og_description":"COUPE DU MONDE DE SKI ALPIN 2023-2024 - St\u00e9phanie Venier a remport\u00e9 la descente de Cortina d'Ampezzo, dans les Dolomites italiennes, vendredi.","og_url":"https:\/\/dicodusport.fr\/blog\/descente-femmes-de-cortina-stephanie-venier-simpose-mikaela-shiffrin-blessee\/","og_site_name":"Dicodusport","article_publisher":"https:\/\/www.facebook.com\/dicodusport","article_author":"https:\/\/www.facebook.com\/groups\/LesRoisDuPeloton","article_published_time":"2024-01-26T11:55:05+00:00","article_modified_time":"2024-01-26T13:06:29+00:00","og_image":[{"width":1200,"height":674,"url":"https:\/\/dicodusport.fr\/blog\/wp-content\/uploads\/2024\/01\/Descente-Femmes-de-Cortina-Stephanie-Venier-simpose-Mikaela-Shiffrin-blessee-1.png","type":"image\/png"}],"author":"Emilien Descampiaux","twitter_card":"summary_large_image","twitter_title":"Descente Femmes de Cortina : St\u00e9phanie Venier s'impose, Mikaela Shiffrin bless\u00e9e","twitter_creator":"@https:\/\/twitter.com\/LRoisDuPeloton","twitter_site":"@dicodusport","schema":{"@context":"https:\/\/schema.org","@graph":[{"@type":"NewsArticle","@id":"https:\/\/dicodusport.fr\/blog\/descente-femmes-de-cortina-stephanie-venier-simpose-mikaela-shiffrin-blessee\/#article","isPartOf":{"@id":"https:\/\/dicodusport.fr\/blog\/descente-femmes-de-cortina-stephanie-venier-simpose-mikaela-shiffrin-blessee\/"},"author":{"name":"Emilien Descampiaux","@id":"https:\/\/dicodusport.fr\/blog\/#\/schema\/person\/6db4bae06b171592211be385b32876a7"},"headline":"Descente Femmes de Cortina : St\u00e9phanie Venier s&rsquo;impose, Mikaela Shiffrin bless\u00e9e","datePublished":"2024-01-26T11:55:05+00:00","dateModified":"2024-01-26T13:06:29+00:00","mainEntityOfPage":{"@id":"https:\/\/dicodusport.fr\/blog\/descente-femmes-de-cortina-stephanie-venier-simpose-mikaela-shiffrin-blessee\/"},"wordCount":561,"commentCount":0,"publisher":{"@id":"https:\/\/dicodusport.fr\/blog\/#organization"},"image":{"@id":"https:\/\/dicodusport.fr\/blog\/descente-femmes-de-cortina-stephanie-venier-simpose-mikaela-shiffrin-blessee\/#primaryimage"},"thumbnailUrl":"https:\/\/dicodusport.fr\/blog\/wp-content\/uploads\/2024\/01\/Descente-Femmes-de-Cortina-Stephanie-Venier-simpose-Mikaela-Shiffrin-blessee-1.png","keywords":["br\u00e8ve","Coupe du monde de ski alpin","Ski alpin"],"articleSection":["Coupe du monde de ski alpin"],"inLanguage":"fr-FR","potentialAction":[{"@type":"CommentAction","name":"Comment","target":["https:\/\/dicodusport.fr\/blog\/descente-femmes-de-cortina-stephanie-venier-simpose-mikaela-shiffrin-blessee\/#respond"]}],"copyrightYear":"2024","copyrightHolder":{"@id":"https:\/\/dicodusport.fr\/blog\/#organization"}},{"@type":"WebPage","@id":"https:\/\/dicodusport.fr\/blog\/descente-femmes-de-cortina-stephanie-venier-simpose-mikaela-shiffrin-blessee\/","url":"https:\/\/dicodusport.fr\/blog\/descente-femmes-de-cortina-stephanie-venier-simpose-mikaela-shiffrin-blessee\/","name":"Descente Femmes de Cortina : St\u00e9phanie Venier s'impose, Mikaela Shiffrin bless\u00e9e","isPartOf":{"@id":"https:\/\/dicodusport.fr\/blog\/#website"},"primaryImageOfPage":{"@id":"https:\/\/dicodusport.fr\/blog\/descente-femmes-de-cortina-stephanie-venier-simpose-mikaela-shiffrin-blessee\/#primaryimage"},"image":{"@id":"https:\/\/dicodusport.fr\/blog\/descente-femmes-de-cortina-stephanie-venier-simpose-mikaela-shiffrin-blessee\/#primaryimage"},"thumbnailUrl":"https:\/\/dicodusport.fr\/blog\/wp-content\/uploads\/2024\/01\/Descente-Femmes-de-Cortina-Stephanie-Venier-simpose-Mikaela-Shiffrin-blessee-1.png","datePublished":"2024-01-26T11:55:05+00:00","dateModified":"2024-01-26T13:06:29+00:00","description":"COUPE DU MONDE DE SKI ALPIN 2023-2024 - St\u00e9phanie Venier a remport\u00e9 la descente de Cortina d'Ampezzo, dans les Dolomites italiennes, vendredi.","breadcrumb":{"@id":"https:\/\/dicodusport.fr\/blog\/descente-femmes-de-cortina-stephanie-venier-simpose-mikaela-shiffrin-blessee\/#breadcrumb"},"inLanguage":"fr-FR","potentialAction":[{"@type":"ReadAction","target":["https:\/\/dicodusport.fr\/blog\/descente-femmes-de-cortina-stephanie-venier-simpose-mikaela-shiffrin-blessee\/"]}]},{"@type":"ImageObject","inLanguage":"fr-FR","@id":"https:\/\/dicodusport.fr\/blog\/descente-femmes-de-cortina-stephanie-venier-simpose-mikaela-shiffrin-blessee\/#primaryimage","url":"https:\/\/dicodusport.fr\/blog\/wp-content\/uploads\/2024\/01\/Descente-Femmes-de-Cortina-Stephanie-Venier-simpose-Mikaela-Shiffrin-blessee-1.png","contentUrl":"https:\/\/dicodusport.fr\/blog\/wp-content\/uploads\/2024\/01\/Descente-Femmes-de-Cortina-Stephanie-Venier-simpose-Mikaela-Shiffrin-blessee-1.png","width":1200,"height":674,"caption":"Descente Femmes de Cortina St\u00e9phanie Venier s'impose, Mikaela Shiffrin bless\u00e9e (1)"},{"@type":"BreadcrumbList","@id":"https:\/\/dicodusport.fr\/blog\/descente-femmes-de-cortina-stephanie-venier-simpose-mikaela-shiffrin-blessee\/#breadcrumb","itemListElement":[{"@type":"ListItem","position":1,"name":"Accueil","item":"https:\/\/dicodusport.fr\/blog\/"},{"@type":"ListItem","position":2,"name":"Descente Femmes de Cortina : St\u00e9phanie Venier s&rsquo;impose, Mikaela Shiffrin bless\u00e9e"}]},{"@type":"WebSite","@id":"https:\/\/dicodusport.fr\/blog\/#website","url":"https:\/\/dicodusport.fr\/blog\/","name":"Dicodusport","description":"L&#039;encyclop\u00e9die de l&#039;actualit\u00e9 sportive","publisher":{"@id":"https:\/\/dicodusport.fr\/blog\/#organization"},"potentialAction":[{"@type":"SearchAction","target":{"@type":"EntryPoint","urlTemplate":"https:\/\/dicodusport.fr\/blog\/?s={search_term_string}"},"query-input":{"@type":"PropertyValueSpecification","valueRequired":true,"valueName":"search_term_string"}}],"inLanguage":"fr-FR"},{"@type":"NewsMediaOrganization","@id":"https:\/\/dicodusport.fr\/blog\/#organization","name":"Dicodusport","url":"https:\/\/dicodusport.fr\/blog\/","logo":{"@type":"ImageObject","inLanguage":"fr-FR","@id":"https:\/\/dicodusport.fr\/blog\/#\/schema\/logo\/image\/","url":"https:\/\/dicodusport.fr\/blog\/wp-content\/uploads\/2020\/06\/cropped-LOGO-DICODUSPORT-2020-SANS-FOND-SANS-TEXTE.png","contentUrl":"https:\/\/dicodusport.fr\/blog\/wp-content\/uploads\/2020\/06\/cropped-LOGO-DICODUSPORT-2020-SANS-FOND-SANS-TEXTE.png","width":512,"height":512,"caption":"Dicodusport"},"image":{"@id":"https:\/\/dicodusport.fr\/blog\/#\/schema\/logo\/image\/"},"sameAs":["https:\/\/www.facebook.com\/dicodusport","https:\/\/x.com\/dicodusport","https:\/\/www.instagram.com\/dicodusport\/","https:\/\/www.youtube.com\/channel\/UC7V2KZ5sd3htJivAbA4ZG3w"],"description":"Dicodusport est l'encyclop\u00e9die de l'actualit\u00e9 sportive.","email":"bonjour@dicodusport.fr","legalName":"DICODUSPORT","foundingDate":"2018-01-14","vatID":"FR71834470973","taxID":"83447097300043","numberOfEmployees":{"@type":"QuantitativeValue","minValue":"1","maxValue":"10"}},{"@type":"Person","@id":"https:\/\/dicodusport.fr\/blog\/#\/schema\/person\/6db4bae06b171592211be385b32876a7","name":"Emilien Descampiaux","image":{"@type":"ImageObject","inLanguage":"fr-FR","@id":"https:\/\/dicodusport.fr\/blog\/#\/schema\/person\/image\/","url":"https:\/\/dicodusport.fr\/blog\/wp-content\/uploads\/2021\/05\/Emilien-Descampiaux-150x150.jpg","contentUrl":"https:\/\/dicodusport.fr\/blog\/wp-content\/uploads\/2021\/05\/Emilien-Descampiaux-150x150.jpg","caption":"Emilien Descampiaux"},"description":"Journaliste\/r\u00e9dacteur depuis 2014 - Fan de la classe de Frank Vandenbroucke, je vis cyclisme (et de ses paysages) depuis plus de 20 ans. Je suis tr\u00e8s impliqu\u00e9 sur mes diff\u00e9rents r\u00e9seaux sociaux pour partager ma passion sur le monde et l'Histoire de la bicyclette avec ma voix sur les images en noir et blanc du succ\u00e8s de Rik Van Steenbergen lors du Ronde sur le V\u00e9lodrome de Gand.","sameAs":["https:\/\/www.facebook.com\/groups\/LesRoisDuPeloton","https:\/\/x.com\/https:\/\/twitter.com\/LRoisDuPeloton"],"url":"https:\/\/dicodusport.fr\/blog\/author\/emiliend\/"}]}},"_links":{"self":[{"href":"https:\/\/dicodusport.fr\/blog\/wp-json\/wp\/v2\/posts\/456606","targetHints":{"allow":["GET"]}}],"collection":[{"href":"https:\/\/dicodusport.fr\/blog\/wp-json\/wp\/v2\/posts"}],"about":[{"href":"https:\/\/dicodusport.fr\/blog\/wp-json\/wp\/v2\/types\/post"}],"author":[{"embeddable":true,"href":"https:\/\/dicodusport.fr\/blog\/wp-json\/wp\/v2\/users\/48"}],"replies":[{"embeddable":true,"href":"https:\/\/dicodusport.fr\/blog\/wp-json\/wp\/v2\/comments?post=456606"}],"version-history":[{"count":5,"href":"https:\/\/dicodusport.fr\/blog\/wp-json\/wp\/v2\/posts\/456606\/revisions"}],"predecessor-version":[{"id":456722,"href":"https:\/\/dicodusport.fr\/blog\/wp-json\/wp\/v2\/posts\/456606\/revisions\/456722"}],"wp:featuredmedia":[{"embeddable":true,"href":"https:\/\/dicodusport.fr\/blog\/wp-json\/wp\/v2\/media\/456720"}],"wp:attachment":[{"href":"https:\/\/dicodusport.fr\/blog\/wp-json\/wp\/v2\/media?parent=456606"}],"wp:term":[{"taxonomy":"category","embeddable":true,"href":"https:\/\/dicodusport.fr\/blog\/wp-json\/wp\/v2\/categories?post=456606"},{"taxonomy":"post_tag","embeddable":true,"href":"https:\/\/dicodusport.fr\/blog\/wp-json\/wp\/v2\/tags?post=456606"}],"curies":[{"name":"wp","href":"https:\/\/api.w.org\/{rel}","templated":true}]}}