{"id":456921,"date":"2024-01-27T07:49:24","date_gmt":"2024-01-27T06:49:24","guid":{"rendered":"https:\/\/dicodusport.fr\/blog\/?p=456921&#038;preview=true&#038;preview_id=456921"},"modified":"2024-01-27T10:09:14","modified_gmt":"2024-01-27T09:09:14","slug":"la-perf-de-la-nuit-en-nba-luka-doncic-et-devin-booker-mettent-le-feu-a-la-ligue","status":"publish","type":"post","link":"https:\/\/dicodusport.fr\/blog\/la-perf-de-la-nuit-en-nba-luka-doncic-et-devin-booker-mettent-le-feu-a-la-ligue\/","title":{"rendered":"La perf&rsquo; de la nuit en NBA : Luka Doncic et Devin Booker mettent le feu \u00e0 la ligue"},"content":{"rendered":"<p style=\"text-align: justify;\"><strong><em><a href=\"https:\/\/dicodusport.fr\/blog\/actualites\/basket-ball\/nba\/nba-2023-2024\/\">SAISON NBA 2023\/2024<\/a> &#8211; La semaine est incroyable en NBA, puisque Luka Doncic a lui aussi franchi la barre des 70 points, alors que Devin Booker a rappel\u00e9 pourquoi il appartenait \u00e0 ce club.<\/em><\/strong><\/p>\n<p style=\"text-align: justify;\">Le club des joueurs \u00e0 au moins 70 points dans un match est de moins en moins ferm\u00e9. Dans la nuit de lundi mardi, <strong>Joel Embiid<\/strong> l&rsquo;int\u00e9grait apr\u00e8s une nouvelle grosse performance, second\u00e9 par <strong>Karl-Anthony Towns<\/strong> qui permettait d&rsquo;accomplir <a href=\"https:\/\/dicodusport.fr\/blog\/la-perf-de-la-nuit-en-nba-joel-embiid-et-karl-anthony-towns-ecrivent-lhistoire-de-la-ligue\/\">une performance plus vue depuis 1978<\/a>. Quatre jours plus tard, <strong>Luka Doncic<\/strong> et <strong>Devin Booker<\/strong> ont \u00e0 leur tour montr\u00e9 leur talent offensif.<\/p>\n<ul>\n<li><strong>\u00c0 ce sujet &#8211; <a href=\"https:\/\/dicodusport.fr\/blog\/top-10-du-plus-grand-nombre-de-points-marques-en-un-match-nba\/\">Top 10 du plus grand nombre de points marqu\u00e9s en un match NBA<\/a><\/strong><\/li>\n<\/ul>\n<p style=\"text-align: justify;\">Honneur au Slov\u00e8ne, qui est donc devenu le 10e joueur membre de ce club avec une performance dantesque face aux Hawks. 73 points \u00e0 25\/33 au tir, dont 8\/13 \u00e0 trois points ! Un match incroyable lors d&rsquo;une victoire 148-143 des Mavs sur le parquet des Hawks. C&rsquo;est tout simplement le 4e plus haut total (ex\u00e6quo) de l&rsquo;histoire apr\u00e8s les 100 points de <strong>Wilt Chamberlain<\/strong>, les 81 de <strong>Kobe Bryant<\/strong> et les 78 de <strong>Chamberlain,<\/strong> encore. C&rsquo;est aussi un record de franchise, qu&rsquo;il d\u00e9tenait depuis l&rsquo;an dernier, et la preuve, si besoin en \u00e9tait, que Luka est bien Magic.<\/p>\n<blockquote class=\"twitter-tweet\">\n<p dir=\"ltr\" lang=\"fr\">\ud835\udde1\ud835\uddfc\ud835\ude01\ud835\uddff\ud835\uddf2 \ud835\udde0\ud835\udde9\ud835\udde3 \ud835\uddf1\ud835\uddf2 \ud835\uddf9\ud835\uddee \ud835\uddfb\ud835\ude02\ud835\uddf6\ud835\ude01 \ud83c\udf1f<\/p>\n<p>LUKA DONCIC GIGANTESQUE HIER FACE AUX HAWKS ! \ud83d\udd25\ud83d\udd25\ud83d\udd25\ud83d\udd25<\/p>\n<p>73 PTS \/ 10 REB \/ 7 AST \/ 25-33 FG \/ 8-13 3PTS<\/p>\n<p>Les Mavs s\u2019imposent 148-143 face \u00e0 Atlanta ! \u2705<a href=\"https:\/\/t.co\/uKoJnaUfRc\">pic.twitter.com\/uKoJnaUfRc<\/a><\/p>\n<p>\u2014 First Team (@FirstTeam101) <a href=\"https:\/\/twitter.com\/FirstTeam101\/status\/1751119907796697381?ref_src=twsrc%5Etfw\">January 27, 2024<\/a><\/p><\/blockquote>\n<p style=\"text-align: justify;\"><script async src=\"https:\/\/platform.twitter.com\/widgets.js\" charset=\"utf-8\"><\/script><\/p>\n<p style=\"text-align: justify;\">Lundi, KAT et Jojo devenaient la premi\u00e8re paire \u00e0 mettre au moins 60 points le m\u00eame soir depuis 1978. Il n&rsquo;aura fallu attendre que quatre jours pour que cela recommence. <strong>Devin Booker<\/strong> s&rsquo;est en effet fendu d&rsquo;un match \u00e0 62 points \u00e0 22\/37 au tir contre les Pacers, insuffisant toutefois pour voir les Suns gagner (<strong>131-133<\/strong>). Mais un bon rappel, puisque D-Book avait le premier depuis Kobe \u00e0 briser cette barri\u00e8re des 70 points en 2017. Une nouvelle preuve que la NBA est tourn\u00e9e d\u00e9finitivement vers l&rsquo;offensive.<\/p>\n<blockquote class=\"twitter-tweet\">\n<p dir=\"ltr\" lang=\"fr\">Devin Booker EXTRAORDINAIRE hier soir face aux Pacers ! \ud83d\udd25\ud83d\udd25\ud83d\udd25<\/p>\n<p>62 PTS \/ 5 REB \/ 22-37 FG \/ 6-12 3PTS<\/p>\n<p>Malgr\u00e9 sa performance monstrueuse, les Suns ne parviennent pas \u00e0 s\u2019imposer ! \ud83d\ude31<\/p>\n<p>\u274c Ph\u0153nix s\u2019incline 131-133 face \u00e0 Indiana ! <a href=\"https:\/\/t.co\/T0CaazUNTn\">pic.twitter.com\/T0CaazUNTn<\/a><\/p>\n<p>\u2014 First Team (@FirstTeam101) <a href=\"https:\/\/twitter.com\/FirstTeam101\/status\/1751120796083191914?ref_src=twsrc%5Etfw\">January 27, 2024<\/a><\/p><\/blockquote>\n<p style=\"text-align: justify;\"><script async src=\"https:\/\/platform.twitter.com\/widgets.js\" charset=\"utf-8\"><\/script><\/p>\n","protected":false},"excerpt":{"rendered":"<p>SAISON NBA 2023\/2024 &#8211; La semaine est incroyable en NBA, puisque Luka Doncic a lui aussi franchi la barre des 70 points, alors que Devin Booker a rappel\u00e9 pourquoi il appartenait \u00e0 ce club.<\/p>\n","protected":false},"author":59,"featured_media":456927,"comment_status":"open","ping_status":"closed","sticky":false,"template":"","format":"standard","meta":{"_acf_changed":false,"_daextam_enable_autolinks":"1","footnotes":""},"categories":[10533],"tags":[16878,3205,6992],"class_list":["post-456921","post","type-post","status-publish","format-standard","has-post-thumbnail","hentry","category-nba","tag-breve","tag-devin-booker","tag-luka-doncic"],"acf":[],"yoast_head":"<!-- This site is optimized with the Yoast SEO Premium plugin v26.7 (Yoast SEO v26.7) - https:\/\/yoast.com\/wordpress\/plugins\/seo\/ -->\n<title>La perf&#039; de la nuit en NBA : Luka Doncic et Devin Booker mettent le feu \u00e0 la ligue<\/title>\n<meta name=\"description\" content=\"SAISON NBA 2023\/2024 - La semaine est incroyable en NBA, puisque Luka Doncic a lui aussi franchi la barre des 70 points.\" \/>\n<meta name=\"robots\" content=\"index, follow, max-snippet:-1, max-image-preview:large, max-video-preview:-1\" \/>\n<link rel=\"canonical\" href=\"https:\/\/dicodusport.fr\/blog\/la-perf-de-la-nuit-en-nba-luka-doncic-et-devin-booker-mettent-le-feu-a-la-ligue\/\" \/>\n<meta property=\"og:locale\" content=\"fr_FR\" \/>\n<meta property=\"og:type\" content=\"article\" \/>\n<meta property=\"og:title\" content=\"La perf&#039; de la nuit en NBA : Luka Doncic et Devin Booker mettent le feu \u00e0 la ligue\" \/>\n<meta property=\"og:description\" content=\"SAISON NBA 2023\/2024 - La semaine est incroyable en NBA, puisque Luka Doncic a lui aussi franchi la barre des 70 points.\" \/>\n<meta property=\"og:url\" content=\"https:\/\/dicodusport.fr\/blog\/la-perf-de-la-nuit-en-nba-luka-doncic-et-devin-booker-mettent-le-feu-a-la-ligue\/\" \/>\n<meta property=\"og:site_name\" content=\"Dicodusport\" \/>\n<meta property=\"article:publisher\" content=\"https:\/\/www.facebook.com\/dicodusport\" \/>\n<meta property=\"article:author\" content=\"https:\/\/www.facebook.com\/sebastien.gente\/\" \/>\n<meta property=\"article:published_time\" content=\"2024-01-27T06:49:24+00:00\" \/>\n<meta property=\"article:modified_time\" content=\"2024-01-27T09:09:14+00:00\" \/>\n<meta property=\"og:image\" content=\"https:\/\/dicodusport.fr\/blog\/wp-content\/uploads\/2024\/01\/La-perf-de-la-nuit-en-NBA-Luka-Doncic-et-Devin-Booker-mettent-le-feu-a-la-ligue.png\" \/>\n\t<meta property=\"og:image:width\" content=\"1200\" \/>\n\t<meta property=\"og:image:height\" content=\"674\" \/>\n\t<meta property=\"og:image:type\" content=\"image\/png\" \/>\n<meta name=\"author\" content=\"S\u00e9bastien Gente\" \/>\n<meta name=\"twitter:card\" content=\"summary_large_image\" \/>\n<meta name=\"twitter:title\" content=\"La perf&#039; de la nuit en NBA : Luka Doncic et Devin Booker mettent le feu \u00e0 la ligue\" \/>\n<meta name=\"twitter:creator\" content=\"@https:\/\/twitter.com\/globulo24\" \/>\n<meta name=\"twitter:site\" content=\"@dicodusport\" \/>\n<script type=\"application\/ld+json\" class=\"yoast-schema-graph\">{\"@context\":\"https:\/\/schema.org\",\"@graph\":[{\"@type\":\"NewsArticle\",\"@id\":\"https:\/\/dicodusport.fr\/blog\/la-perf-de-la-nuit-en-nba-luka-doncic-et-devin-booker-mettent-le-feu-a-la-ligue\/#article\",\"isPartOf\":{\"@id\":\"https:\/\/dicodusport.fr\/blog\/la-perf-de-la-nuit-en-nba-luka-doncic-et-devin-booker-mettent-le-feu-a-la-ligue\/\"},\"author\":{\"name\":\"S\u00e9bastien Gente\",\"@id\":\"https:\/\/dicodusport.fr\/blog\/#\/schema\/person\/627966a6cde45dbd8c5e36ac85d783da\"},\"headline\":\"La perf&rsquo; de la nuit en NBA : Luka Doncic et Devin Booker mettent le feu \u00e0 la ligue\",\"datePublished\":\"2024-01-27T06:49:24+00:00\",\"dateModified\":\"2024-01-27T09:09:14+00:00\",\"mainEntityOfPage\":{\"@id\":\"https:\/\/dicodusport.fr\/blog\/la-perf-de-la-nuit-en-nba-luka-doncic-et-devin-booker-mettent-le-feu-a-la-ligue\/\"},\"wordCount\":382,\"commentCount\":0,\"publisher\":{\"@id\":\"https:\/\/dicodusport.fr\/blog\/#organization\"},\"image\":{\"@id\":\"https:\/\/dicodusport.fr\/blog\/la-perf-de-la-nuit-en-nba-luka-doncic-et-devin-booker-mettent-le-feu-a-la-ligue\/#primaryimage\"},\"thumbnailUrl\":\"https:\/\/dicodusport.fr\/blog\/wp-content\/uploads\/2024\/01\/La-perf-de-la-nuit-en-NBA-Luka-Doncic-et-Devin-Booker-mettent-le-feu-a-la-ligue.png\",\"keywords\":[\"br\u00e8ve\",\"Devin Booker\",\"Luka Doncic\"],\"articleSection\":[\"NBA\"],\"inLanguage\":\"fr-FR\",\"potentialAction\":[{\"@type\":\"CommentAction\",\"name\":\"Comment\",\"target\":[\"https:\/\/dicodusport.fr\/blog\/la-perf-de-la-nuit-en-nba-luka-doncic-et-devin-booker-mettent-le-feu-a-la-ligue\/#respond\"]}],\"copyrightYear\":\"2024\",\"copyrightHolder\":{\"@id\":\"https:\/\/dicodusport.fr\/blog\/#organization\"}},{\"@type\":\"WebPage\",\"@id\":\"https:\/\/dicodusport.fr\/blog\/la-perf-de-la-nuit-en-nba-luka-doncic-et-devin-booker-mettent-le-feu-a-la-ligue\/\",\"url\":\"https:\/\/dicodusport.fr\/blog\/la-perf-de-la-nuit-en-nba-luka-doncic-et-devin-booker-mettent-le-feu-a-la-ligue\/\",\"name\":\"La perf' de la nuit en NBA : Luka Doncic et Devin Booker mettent le feu \u00e0 la ligue\",\"isPartOf\":{\"@id\":\"https:\/\/dicodusport.fr\/blog\/#website\"},\"primaryImageOfPage\":{\"@id\":\"https:\/\/dicodusport.fr\/blog\/la-perf-de-la-nuit-en-nba-luka-doncic-et-devin-booker-mettent-le-feu-a-la-ligue\/#primaryimage\"},\"image\":{\"@id\":\"https:\/\/dicodusport.fr\/blog\/la-perf-de-la-nuit-en-nba-luka-doncic-et-devin-booker-mettent-le-feu-a-la-ligue\/#primaryimage\"},\"thumbnailUrl\":\"https:\/\/dicodusport.fr\/blog\/wp-content\/uploads\/2024\/01\/La-perf-de-la-nuit-en-NBA-Luka-Doncic-et-Devin-Booker-mettent-le-feu-a-la-ligue.png\",\"datePublished\":\"2024-01-27T06:49:24+00:00\",\"dateModified\":\"2024-01-27T09:09:14+00:00\",\"description\":\"SAISON NBA 2023\/2024 - La semaine est incroyable en NBA, puisque Luka Doncic a lui aussi franchi la barre des 70 points.\",\"breadcrumb\":{\"@id\":\"https:\/\/dicodusport.fr\/blog\/la-perf-de-la-nuit-en-nba-luka-doncic-et-devin-booker-mettent-le-feu-a-la-ligue\/#breadcrumb\"},\"inLanguage\":\"fr-FR\",\"potentialAction\":[{\"@type\":\"ReadAction\",\"target\":[\"https:\/\/dicodusport.fr\/blog\/la-perf-de-la-nuit-en-nba-luka-doncic-et-devin-booker-mettent-le-feu-a-la-ligue\/\"]}]},{\"@type\":\"ImageObject\",\"inLanguage\":\"fr-FR\",\"@id\":\"https:\/\/dicodusport.fr\/blog\/la-perf-de-la-nuit-en-nba-luka-doncic-et-devin-booker-mettent-le-feu-a-la-ligue\/#primaryimage\",\"url\":\"https:\/\/dicodusport.fr\/blog\/wp-content\/uploads\/2024\/01\/La-perf-de-la-nuit-en-NBA-Luka-Doncic-et-Devin-Booker-mettent-le-feu-a-la-ligue.png\",\"contentUrl\":\"https:\/\/dicodusport.fr\/blog\/wp-content\/uploads\/2024\/01\/La-perf-de-la-nuit-en-NBA-Luka-Doncic-et-Devin-Booker-mettent-le-feu-a-la-ligue.png\",\"width\":1200,\"height\":674,\"caption\":\"La perf' de la nuit en NBA Luka Doncic et Devin Booker mettent le feu \u00e0 la ligue\"},{\"@type\":\"BreadcrumbList\",\"@id\":\"https:\/\/dicodusport.fr\/blog\/la-perf-de-la-nuit-en-nba-luka-doncic-et-devin-booker-mettent-le-feu-a-la-ligue\/#breadcrumb\",\"itemListElement\":[{\"@type\":\"ListItem\",\"position\":1,\"name\":\"Accueil\",\"item\":\"https:\/\/dicodusport.fr\/blog\/\"},{\"@type\":\"ListItem\",\"position\":2,\"name\":\"La perf&rsquo; de la nuit en NBA : Luka Doncic et Devin Booker mettent le feu \u00e0 la ligue\"}]},{\"@type\":\"WebSite\",\"@id\":\"https:\/\/dicodusport.fr\/blog\/#website\",\"url\":\"https:\/\/dicodusport.fr\/blog\/\",\"name\":\"Dicodusport\",\"description\":\"L&#039;encyclop\u00e9die de l&#039;actualit\u00e9 sportive\",\"publisher\":{\"@id\":\"https:\/\/dicodusport.fr\/blog\/#organization\"},\"potentialAction\":[{\"@type\":\"SearchAction\",\"target\":{\"@type\":\"EntryPoint\",\"urlTemplate\":\"https:\/\/dicodusport.fr\/blog\/?s={search_term_string}\"},\"query-input\":{\"@type\":\"PropertyValueSpecification\",\"valueRequired\":true,\"valueName\":\"search_term_string\"}}],\"inLanguage\":\"fr-FR\"},{\"@type\":\"NewsMediaOrganization\",\"@id\":\"https:\/\/dicodusport.fr\/blog\/#organization\",\"name\":\"Dicodusport\",\"url\":\"https:\/\/dicodusport.fr\/blog\/\",\"logo\":{\"@type\":\"ImageObject\",\"inLanguage\":\"fr-FR\",\"@id\":\"https:\/\/dicodusport.fr\/blog\/#\/schema\/logo\/image\/\",\"url\":\"https:\/\/dicodusport.fr\/blog\/wp-content\/uploads\/2020\/06\/cropped-LOGO-DICODUSPORT-2020-SANS-FOND-SANS-TEXTE.png\",\"contentUrl\":\"https:\/\/dicodusport.fr\/blog\/wp-content\/uploads\/2020\/06\/cropped-LOGO-DICODUSPORT-2020-SANS-FOND-SANS-TEXTE.png\",\"width\":512,\"height\":512,\"caption\":\"Dicodusport\"},\"image\":{\"@id\":\"https:\/\/dicodusport.fr\/blog\/#\/schema\/logo\/image\/\"},\"sameAs\":[\"https:\/\/www.facebook.com\/dicodusport\",\"https:\/\/x.com\/dicodusport\",\"https:\/\/www.instagram.com\/dicodusport\/\",\"https:\/\/www.youtube.com\/channel\/UC7V2KZ5sd3htJivAbA4ZG3w\"],\"description\":\"Dicodusport est l'encyclop\u00e9die de l'actualit\u00e9 sportive.\",\"email\":\"bonjour@dicodusport.fr\",\"legalName\":\"DICODUSPORT\",\"foundingDate\":\"2018-01-14\",\"vatID\":\"FR71834470973\",\"taxID\":\"83447097300043\",\"numberOfEmployees\":{\"@type\":\"QuantitativeValue\",\"minValue\":\"1\",\"maxValue\":\"10\"}},{\"@type\":\"Person\",\"@id\":\"https:\/\/dicodusport.fr\/blog\/#\/schema\/person\/627966a6cde45dbd8c5e36ac85d783da\",\"name\":\"S\u00e9bastien Gente\",\"image\":{\"@type\":\"ImageObject\",\"inLanguage\":\"fr-FR\",\"@id\":\"https:\/\/dicodusport.fr\/blog\/#\/schema\/person\/image\/\",\"url\":\"https:\/\/dicodusport.fr\/blog\/wp-content\/uploads\/2021\/09\/1510990_10205810251400683_4124423575079401707_n-150x150.jpg\",\"contentUrl\":\"https:\/\/dicodusport.fr\/blog\/wp-content\/uploads\/2021\/09\/1510990_10205810251400683_4124423575079401707_n-150x150.jpg\",\"caption\":\"S\u00e9bastien Gente\"},\"description\":\"John Stockton, Gianni Bugno, Zinedine Zidane, Steffi Graf, Frode Andresen, St\u00e9phane Stoecklin, Davis Kamoga, Primoz Peterka, Werner Schlager et Aur\u00e9lien Rougerie. Point commun entre ces sportifs? Ils m'ont fait r\u00eaver et ont berc\u00e9 mon adolescence. Je suis un fondu de sports et j'essaie de retranscrire ma passion \u00e0 travers mes articles. Originaire du P\u00e9rigord, ma passion pour les Girondins, les Jaunards et les Jazzmen transpire dans mes \u00e9crits. \u00c0 Dicodusport depuis 2021, je d\u00e9niche les sports m\u00e9connus dans lesquels la France brille, et il y en a !\",\"sameAs\":[\"https:\/\/www.facebook.com\/sebastien.gente\/\",\"https:\/\/www.instagram.com\/sebgente\/\",\"https:\/\/www.linkedin.com\/in\/sbastien-gente-a29583169\/\",\"https:\/\/x.com\/https:\/\/twitter.com\/globulo24\",\"SebastienGente\"],\"worksFor\":\"S\u00e9bastien GENTE\",\"url\":\"https:\/\/dicodusport.fr\/blog\/author\/sebastiengente\/\"}]}<\/script>\n<!-- \/ Yoast SEO Premium plugin. -->","yoast_head_json":{"title":"La perf' de la nuit en NBA : Luka Doncic et Devin Booker mettent le feu \u00e0 la ligue","description":"SAISON NBA 2023\/2024 - La semaine est incroyable en NBA, puisque Luka Doncic a lui aussi franchi la barre des 70 points.","robots":{"index":"index","follow":"follow","max-snippet":"max-snippet:-1","max-image-preview":"max-image-preview:large","max-video-preview":"max-video-preview:-1"},"canonical":"https:\/\/dicodusport.fr\/blog\/la-perf-de-la-nuit-en-nba-luka-doncic-et-devin-booker-mettent-le-feu-a-la-ligue\/","og_locale":"fr_FR","og_type":"article","og_title":"La perf' de la nuit en NBA : Luka Doncic et Devin Booker mettent le feu \u00e0 la ligue","og_description":"SAISON NBA 2023\/2024 - La semaine est incroyable en NBA, puisque Luka Doncic a lui aussi franchi la barre des 70 points.","og_url":"https:\/\/dicodusport.fr\/blog\/la-perf-de-la-nuit-en-nba-luka-doncic-et-devin-booker-mettent-le-feu-a-la-ligue\/","og_site_name":"Dicodusport","article_publisher":"https:\/\/www.facebook.com\/dicodusport","article_author":"https:\/\/www.facebook.com\/sebastien.gente\/","article_published_time":"2024-01-27T06:49:24+00:00","article_modified_time":"2024-01-27T09:09:14+00:00","og_image":[{"width":1200,"height":674,"url":"https:\/\/dicodusport.fr\/blog\/wp-content\/uploads\/2024\/01\/La-perf-de-la-nuit-en-NBA-Luka-Doncic-et-Devin-Booker-mettent-le-feu-a-la-ligue.png","type":"image\/png"}],"author":"S\u00e9bastien Gente","twitter_card":"summary_large_image","twitter_title":"La perf' de la nuit en NBA : Luka Doncic et Devin Booker mettent le feu \u00e0 la ligue","twitter_creator":"@https:\/\/twitter.com\/globulo24","twitter_site":"@dicodusport","schema":{"@context":"https:\/\/schema.org","@graph":[{"@type":"NewsArticle","@id":"https:\/\/dicodusport.fr\/blog\/la-perf-de-la-nuit-en-nba-luka-doncic-et-devin-booker-mettent-le-feu-a-la-ligue\/#article","isPartOf":{"@id":"https:\/\/dicodusport.fr\/blog\/la-perf-de-la-nuit-en-nba-luka-doncic-et-devin-booker-mettent-le-feu-a-la-ligue\/"},"author":{"name":"S\u00e9bastien Gente","@id":"https:\/\/dicodusport.fr\/blog\/#\/schema\/person\/627966a6cde45dbd8c5e36ac85d783da"},"headline":"La perf&rsquo; de la nuit en NBA : Luka Doncic et Devin Booker mettent le feu \u00e0 la ligue","datePublished":"2024-01-27T06:49:24+00:00","dateModified":"2024-01-27T09:09:14+00:00","mainEntityOfPage":{"@id":"https:\/\/dicodusport.fr\/blog\/la-perf-de-la-nuit-en-nba-luka-doncic-et-devin-booker-mettent-le-feu-a-la-ligue\/"},"wordCount":382,"commentCount":0,"publisher":{"@id":"https:\/\/dicodusport.fr\/blog\/#organization"},"image":{"@id":"https:\/\/dicodusport.fr\/blog\/la-perf-de-la-nuit-en-nba-luka-doncic-et-devin-booker-mettent-le-feu-a-la-ligue\/#primaryimage"},"thumbnailUrl":"https:\/\/dicodusport.fr\/blog\/wp-content\/uploads\/2024\/01\/La-perf-de-la-nuit-en-NBA-Luka-Doncic-et-Devin-Booker-mettent-le-feu-a-la-ligue.png","keywords":["br\u00e8ve","Devin Booker","Luka Doncic"],"articleSection":["NBA"],"inLanguage":"fr-FR","potentialAction":[{"@type":"CommentAction","name":"Comment","target":["https:\/\/dicodusport.fr\/blog\/la-perf-de-la-nuit-en-nba-luka-doncic-et-devin-booker-mettent-le-feu-a-la-ligue\/#respond"]}],"copyrightYear":"2024","copyrightHolder":{"@id":"https:\/\/dicodusport.fr\/blog\/#organization"}},{"@type":"WebPage","@id":"https:\/\/dicodusport.fr\/blog\/la-perf-de-la-nuit-en-nba-luka-doncic-et-devin-booker-mettent-le-feu-a-la-ligue\/","url":"https:\/\/dicodusport.fr\/blog\/la-perf-de-la-nuit-en-nba-luka-doncic-et-devin-booker-mettent-le-feu-a-la-ligue\/","name":"La perf' de la nuit en NBA : Luka Doncic et Devin Booker mettent le feu \u00e0 la ligue","isPartOf":{"@id":"https:\/\/dicodusport.fr\/blog\/#website"},"primaryImageOfPage":{"@id":"https:\/\/dicodusport.fr\/blog\/la-perf-de-la-nuit-en-nba-luka-doncic-et-devin-booker-mettent-le-feu-a-la-ligue\/#primaryimage"},"image":{"@id":"https:\/\/dicodusport.fr\/blog\/la-perf-de-la-nuit-en-nba-luka-doncic-et-devin-booker-mettent-le-feu-a-la-ligue\/#primaryimage"},"thumbnailUrl":"https:\/\/dicodusport.fr\/blog\/wp-content\/uploads\/2024\/01\/La-perf-de-la-nuit-en-NBA-Luka-Doncic-et-Devin-Booker-mettent-le-feu-a-la-ligue.png","datePublished":"2024-01-27T06:49:24+00:00","dateModified":"2024-01-27T09:09:14+00:00","description":"SAISON NBA 2023\/2024 - La semaine est incroyable en NBA, puisque Luka Doncic a lui aussi franchi la barre des 70 points.","breadcrumb":{"@id":"https:\/\/dicodusport.fr\/blog\/la-perf-de-la-nuit-en-nba-luka-doncic-et-devin-booker-mettent-le-feu-a-la-ligue\/#breadcrumb"},"inLanguage":"fr-FR","potentialAction":[{"@type":"ReadAction","target":["https:\/\/dicodusport.fr\/blog\/la-perf-de-la-nuit-en-nba-luka-doncic-et-devin-booker-mettent-le-feu-a-la-ligue\/"]}]},{"@type":"ImageObject","inLanguage":"fr-FR","@id":"https:\/\/dicodusport.fr\/blog\/la-perf-de-la-nuit-en-nba-luka-doncic-et-devin-booker-mettent-le-feu-a-la-ligue\/#primaryimage","url":"https:\/\/dicodusport.fr\/blog\/wp-content\/uploads\/2024\/01\/La-perf-de-la-nuit-en-NBA-Luka-Doncic-et-Devin-Booker-mettent-le-feu-a-la-ligue.png","contentUrl":"https:\/\/dicodusport.fr\/blog\/wp-content\/uploads\/2024\/01\/La-perf-de-la-nuit-en-NBA-Luka-Doncic-et-Devin-Booker-mettent-le-feu-a-la-ligue.png","width":1200,"height":674,"caption":"La perf' de la nuit en NBA Luka Doncic et Devin Booker mettent le feu \u00e0 la ligue"},{"@type":"BreadcrumbList","@id":"https:\/\/dicodusport.fr\/blog\/la-perf-de-la-nuit-en-nba-luka-doncic-et-devin-booker-mettent-le-feu-a-la-ligue\/#breadcrumb","itemListElement":[{"@type":"ListItem","position":1,"name":"Accueil","item":"https:\/\/dicodusport.fr\/blog\/"},{"@type":"ListItem","position":2,"name":"La perf&rsquo; de la nuit en NBA : Luka Doncic et Devin Booker mettent le feu \u00e0 la ligue"}]},{"@type":"WebSite","@id":"https:\/\/dicodusport.fr\/blog\/#website","url":"https:\/\/dicodusport.fr\/blog\/","name":"Dicodusport","description":"L&#039;encyclop\u00e9die de l&#039;actualit\u00e9 sportive","publisher":{"@id":"https:\/\/dicodusport.fr\/blog\/#organization"},"potentialAction":[{"@type":"SearchAction","target":{"@type":"EntryPoint","urlTemplate":"https:\/\/dicodusport.fr\/blog\/?s={search_term_string}"},"query-input":{"@type":"PropertyValueSpecification","valueRequired":true,"valueName":"search_term_string"}}],"inLanguage":"fr-FR"},{"@type":"NewsMediaOrganization","@id":"https:\/\/dicodusport.fr\/blog\/#organization","name":"Dicodusport","url":"https:\/\/dicodusport.fr\/blog\/","logo":{"@type":"ImageObject","inLanguage":"fr-FR","@id":"https:\/\/dicodusport.fr\/blog\/#\/schema\/logo\/image\/","url":"https:\/\/dicodusport.fr\/blog\/wp-content\/uploads\/2020\/06\/cropped-LOGO-DICODUSPORT-2020-SANS-FOND-SANS-TEXTE.png","contentUrl":"https:\/\/dicodusport.fr\/blog\/wp-content\/uploads\/2020\/06\/cropped-LOGO-DICODUSPORT-2020-SANS-FOND-SANS-TEXTE.png","width":512,"height":512,"caption":"Dicodusport"},"image":{"@id":"https:\/\/dicodusport.fr\/blog\/#\/schema\/logo\/image\/"},"sameAs":["https:\/\/www.facebook.com\/dicodusport","https:\/\/x.com\/dicodusport","https:\/\/www.instagram.com\/dicodusport\/","https:\/\/www.youtube.com\/channel\/UC7V2KZ5sd3htJivAbA4ZG3w"],"description":"Dicodusport est l'encyclop\u00e9die de l'actualit\u00e9 sportive.","email":"bonjour@dicodusport.fr","legalName":"DICODUSPORT","foundingDate":"2018-01-14","vatID":"FR71834470973","taxID":"83447097300043","numberOfEmployees":{"@type":"QuantitativeValue","minValue":"1","maxValue":"10"}},{"@type":"Person","@id":"https:\/\/dicodusport.fr\/blog\/#\/schema\/person\/627966a6cde45dbd8c5e36ac85d783da","name":"S\u00e9bastien Gente","image":{"@type":"ImageObject","inLanguage":"fr-FR","@id":"https:\/\/dicodusport.fr\/blog\/#\/schema\/person\/image\/","url":"https:\/\/dicodusport.fr\/blog\/wp-content\/uploads\/2021\/09\/1510990_10205810251400683_4124423575079401707_n-150x150.jpg","contentUrl":"https:\/\/dicodusport.fr\/blog\/wp-content\/uploads\/2021\/09\/1510990_10205810251400683_4124423575079401707_n-150x150.jpg","caption":"S\u00e9bastien Gente"},"description":"John Stockton, Gianni Bugno, Zinedine Zidane, Steffi Graf, Frode Andresen, St\u00e9phane Stoecklin, Davis Kamoga, Primoz Peterka, Werner Schlager et Aur\u00e9lien Rougerie. Point commun entre ces sportifs? Ils m'ont fait r\u00eaver et ont berc\u00e9 mon adolescence. Je suis un fondu de sports et j'essaie de retranscrire ma passion \u00e0 travers mes articles. Originaire du P\u00e9rigord, ma passion pour les Girondins, les Jaunards et les Jazzmen transpire dans mes \u00e9crits. \u00c0 Dicodusport depuis 2021, je d\u00e9niche les sports m\u00e9connus dans lesquels la France brille, et il y en a !","sameAs":["https:\/\/www.facebook.com\/sebastien.gente\/","https:\/\/www.instagram.com\/sebgente\/","https:\/\/www.linkedin.com\/in\/sbastien-gente-a29583169\/","https:\/\/x.com\/https:\/\/twitter.com\/globulo24","SebastienGente"],"worksFor":"S\u00e9bastien GENTE","url":"https:\/\/dicodusport.fr\/blog\/author\/sebastiengente\/"}]}},"_links":{"self":[{"href":"https:\/\/dicodusport.fr\/blog\/wp-json\/wp\/v2\/posts\/456921","targetHints":{"allow":["GET"]}}],"collection":[{"href":"https:\/\/dicodusport.fr\/blog\/wp-json\/wp\/v2\/posts"}],"about":[{"href":"https:\/\/dicodusport.fr\/blog\/wp-json\/wp\/v2\/types\/post"}],"author":[{"embeddable":true,"href":"https:\/\/dicodusport.fr\/blog\/wp-json\/wp\/v2\/users\/59"}],"replies":[{"embeddable":true,"href":"https:\/\/dicodusport.fr\/blog\/wp-json\/wp\/v2\/comments?post=456921"}],"version-history":[{"count":2,"href":"https:\/\/dicodusport.fr\/blog\/wp-json\/wp\/v2\/posts\/456921\/revisions"}],"predecessor-version":[{"id":456968,"href":"https:\/\/dicodusport.fr\/blog\/wp-json\/wp\/v2\/posts\/456921\/revisions\/456968"}],"wp:featuredmedia":[{"embeddable":true,"href":"https:\/\/dicodusport.fr\/blog\/wp-json\/wp\/v2\/media\/456927"}],"wp:attachment":[{"href":"https:\/\/dicodusport.fr\/blog\/wp-json\/wp\/v2\/media?parent=456921"}],"wp:term":[{"taxonomy":"category","embeddable":true,"href":"https:\/\/dicodusport.fr\/blog\/wp-json\/wp\/v2\/categories?post=456921"},{"taxonomy":"post_tag","embeddable":true,"href":"https:\/\/dicodusport.fr\/blog\/wp-json\/wp\/v2\/tags?post=456921"}],"curies":[{"name":"wp","href":"https:\/\/api.w.org\/{rel}","templated":true}]}}