{"id":45731,"date":"2019-08-17T15:58:48","date_gmt":"2019-08-17T13:58:48","guid":{"rendered":"http:\/\/dicodusport.fr\/blog\/?p=45731"},"modified":"2019-08-17T16:05:18","modified_gmt":"2019-08-17T14:05:18","slug":"alize-cornet-se-separe-de-son-entraineur","status":"publish","type":"post","link":"https:\/\/dicodusport.fr\/blog\/alize-cornet-se-separe-de-son-entraineur\/","title":{"rendered":"Aliz\u00e9 Cornet se s\u00e9pare de son entra\u00eeneur"},"content":{"rendered":"<p style=\"text-align: justify;\"><strong><em>Aliz\u00e9 Cornet, 29 ans, a annonc\u00e9\u00a0 sur Twitter s&rsquo;\u00eatre s\u00e9par\u00e9e de son entra\u00eeneur, neuf mois apr\u00e8s avoir reform\u00e9 son duo avec Pierre Bouteyre.<br \/>\n<\/em><\/strong><\/p>\n<p style=\"text-align: justify;\">60\u00e8me joueuse mondiale, <a href=\"https:\/\/www.wtatennis.com\/players\/player\/312121\/title\/aliz%C3%A9-cornet-0\" target=\"_blank\" rel=\"noopener\"><strong>Aliz\u00e9 Cornet<\/strong><\/a> et <strong>Pierre Bouteyre<\/strong> ont mis un terme \u00e0 leur collaboration. D\u00e9j\u00e0 associ\u00e9s entre 2000 et 2010, la Ni\u00e7oise et le N\u00eemois collaboraient de nouveau depuis d\u00e9cembre 2018. Mais la Fran\u00e7aise, qui n&rsquo;a plus gagn\u00e9 le moindre tournoi depuis juillet 2018 \u00e0 Gstaad, n&rsquo;a disput\u00e9 qu&rsquo;une seule finale cette saison, \u00e0 Lausanne, il y a un mois. La joueuse de 29 ans n&rsquo;a pas fait mieux qu&rsquo;un deuxi\u00e8me tour en Grand Chelem 2019, \u00e0 Melbourne. Sur son compte Twitter, <strong>Aliz\u00e9 Cornet<\/strong> a jug\u00e9 que cette <em>\u00ab d\u00e9cision difficile\u00a0\u00bb<\/em> \u00e9tait pourtant <em>\u00ab n\u00e9cessaire pour son \u00e9volution \u00bb<\/em>.<\/p>\n<blockquote class=\"twitter-tweet\">\n<p dir=\"ltr\" lang=\"fr\">Petite update : Pierre et moi avons d\u00e9cid\u00e9 de mettre un terme \u00e0 notre collaboration. D\u00e9cision difficile avec quelqu&rsquo;un d&rsquo;aussi sp\u00e9cial \u00e0 mon coeur, mais n\u00e9cessaire pour notre \u00e9volution. Merci pour tout &#x1f64f;<\/p>\n<p>\u2014 Alize Cornet (@alizecornet) <a href=\"https:\/\/twitter.com\/alizecornet\/status\/1162533038129127425?ref_src=twsrc%5Etfw\">August 17, 2019<\/a><\/p><\/blockquote>\n<p><script async src=\"https:\/\/platform.twitter.com\/widgets.js\" charset=\"utf-8\"><\/script><\/p>\n<p><strong><em>Dicodusport<br \/>\n<a href=\"https:\/\/www.facebook.com\/dicodusport\/\" target=\"_blank\" rel=\"noopener\"><img loading=\"lazy\" decoding=\"async\" class=\"alignnone wp-image-2909\" src=\"http:\/\/dicodusport.fr\/blog\/wp-content\/uploads\/2017\/07\/logo-facebook-150x150.png\" alt=\"\" width=\"40\" height=\"40\" \/><\/a><a href=\"https:\/\/twitter.com\/dicodusport\" target=\"_blank\" rel=\"noopener\"><img loading=\"lazy\" decoding=\"async\" class=\"alignnone wp-image-2908\" src=\"http:\/\/dicodusport.fr\/blog\/wp-content\/uploads\/2017\/07\/logo-twitter-150x150.png\" alt=\"\" width=\"39\" height=\"39\" \/><\/a><\/em><\/strong><\/p>\n","protected":false},"excerpt":{"rendered":"<p>Aliz\u00e9 Cornet, 29 ans, a annonc\u00e9  sur Twitter s&rsquo;\u00eatre s\u00e9par\u00e9e de son entra\u00eeneur, neuf mois apr\u00e8s avoir reform\u00e9 son duo avec Pierre Bouteyre.<\/p>\n","protected":false},"author":4,"featured_media":45732,"comment_status":"open","ping_status":"closed","sticky":false,"template":"","format":"standard","meta":{"_acf_changed":false,"_daextam_enable_autolinks":"","footnotes":""},"categories":[2302],"tags":[4785,4535,136,137],"class_list":["post-45731","post","type-post","status-publish","format-standard","has-post-thumbnail","hentry","category-tennis","tag-alize-cornet","tag-cornet","tag-tennis","tag-wta"],"acf":[],"yoast_head":"<!-- This site is optimized with the Yoast SEO Premium plugin v26.7 (Yoast SEO v26.7) - https:\/\/yoast.com\/wordpress\/plugins\/seo\/ -->\n<title>Aliz\u00e9 Cornet se s\u00e9pare de son entra\u00eeneur<\/title>\n<meta name=\"description\" content=\"Aliz\u00e9 Cornet, 29 ans, a annonc\u00e9 sur Twitter s&#039;\u00eatre s\u00e9par\u00e9e de son entra\u00eeneur, neuf mois apr\u00e8s avoir reform\u00e9 son duo avec Pierre Bouteyre.\" \/>\n<meta name=\"robots\" content=\"index, follow, max-snippet:-1, max-image-preview:large, max-video-preview:-1\" \/>\n<link rel=\"canonical\" href=\"https:\/\/dicodusport.fr\/blog\/alize-cornet-se-separe-de-son-entraineur\/\" \/>\n<meta property=\"og:locale\" content=\"fr_FR\" \/>\n<meta property=\"og:type\" content=\"article\" \/>\n<meta property=\"og:title\" content=\"Aliz\u00e9 Cornet se s\u00e9pare de son entra\u00eeneur\" \/>\n<meta property=\"og:description\" content=\"Aliz\u00e9 Cornet, 29 ans, a annonc\u00e9 sur Twitter s&#039;\u00eatre s\u00e9par\u00e9e de son entra\u00eeneur, neuf mois apr\u00e8s avoir reform\u00e9 son duo avec Pierre Bouteyre.\" \/>\n<meta property=\"og:url\" content=\"https:\/\/dicodusport.fr\/blog\/alize-cornet-se-separe-de-son-entraineur\/\" \/>\n<meta property=\"og:site_name\" content=\"Dicodusport\" \/>\n<meta property=\"article:publisher\" content=\"https:\/\/www.facebook.com\/dicodusport\" \/>\n<meta property=\"article:author\" content=\"https:\/\/www.facebook.com\/florent.ostermann\" \/>\n<meta property=\"article:published_time\" content=\"2019-08-17T13:58:48+00:00\" \/>\n<meta property=\"article:modified_time\" content=\"2019-08-17T14:05:18+00:00\" \/>\n<meta property=\"og:image\" content=\"https:\/\/dicodusport.fr\/blog\/wp-content\/uploads\/2019\/08\/Aliz\u00e9e-Cornet-se-s\u00e9pare-de-son-entra\u00eeneur.png\" \/>\n\t<meta property=\"og:image:width\" content=\"800\" \/>\n\t<meta property=\"og:image:height\" content=\"445\" \/>\n\t<meta property=\"og:image:type\" content=\"image\/png\" \/>\n<meta name=\"author\" content=\"Flo Ostermann\" \/>\n<meta name=\"twitter:card\" content=\"summary_large_image\" \/>\n<meta name=\"twitter:title\" content=\"Aliz\u00e9 Cornet se s\u00e9pare de son entra\u00eeneur\" \/>\n<meta name=\"twitter:creator\" content=\"@https:\/\/twitter.com\/FlOstermann\" \/>\n<meta name=\"twitter:site\" content=\"@dicodusport\" \/>\n<script type=\"application\/ld+json\" class=\"yoast-schema-graph\">{\"@context\":\"https:\/\/schema.org\",\"@graph\":[{\"@type\":\"NewsArticle\",\"@id\":\"https:\/\/dicodusport.fr\/blog\/alize-cornet-se-separe-de-son-entraineur\/#article\",\"isPartOf\":{\"@id\":\"https:\/\/dicodusport.fr\/blog\/alize-cornet-se-separe-de-son-entraineur\/\"},\"author\":{\"name\":\"Flo Ostermann\",\"@id\":\"https:\/\/dicodusport.fr\/blog\/#\/schema\/person\/cb02af4c173ce4a653b55e9baf388d4a\"},\"headline\":\"Aliz\u00e9 Cornet se s\u00e9pare de son entra\u00eeneur\",\"datePublished\":\"2019-08-17T13:58:48+00:00\",\"dateModified\":\"2019-08-17T14:05:18+00:00\",\"mainEntityOfPage\":{\"@id\":\"https:\/\/dicodusport.fr\/blog\/alize-cornet-se-separe-de-son-entraineur\/\"},\"wordCount\":180,\"commentCount\":0,\"publisher\":{\"@id\":\"https:\/\/dicodusport.fr\/blog\/#organization\"},\"image\":{\"@id\":\"https:\/\/dicodusport.fr\/blog\/alize-cornet-se-separe-de-son-entraineur\/#primaryimage\"},\"thumbnailUrl\":\"https:\/\/dicodusport.fr\/blog\/wp-content\/uploads\/2019\/08\/Aliz\u00e9e-Cornet-se-s\u00e9pare-de-son-entra\u00eeneur.png\",\"keywords\":[\"Aliz\u00e9 Cornet\",\"cornet\",\"Tennis\",\"wta\"],\"articleSection\":[\"Tennis\"],\"inLanguage\":\"fr-FR\",\"potentialAction\":[{\"@type\":\"CommentAction\",\"name\":\"Comment\",\"target\":[\"https:\/\/dicodusport.fr\/blog\/alize-cornet-se-separe-de-son-entraineur\/#respond\"]}],\"copyrightYear\":\"2019\",\"copyrightHolder\":{\"@id\":\"https:\/\/dicodusport.fr\/blog\/#organization\"}},{\"@type\":\"WebPage\",\"@id\":\"https:\/\/dicodusport.fr\/blog\/alize-cornet-se-separe-de-son-entraineur\/\",\"url\":\"https:\/\/dicodusport.fr\/blog\/alize-cornet-se-separe-de-son-entraineur\/\",\"name\":\"Aliz\u00e9 Cornet se s\u00e9pare de son entra\u00eeneur\",\"isPartOf\":{\"@id\":\"https:\/\/dicodusport.fr\/blog\/#website\"},\"primaryImageOfPage\":{\"@id\":\"https:\/\/dicodusport.fr\/blog\/alize-cornet-se-separe-de-son-entraineur\/#primaryimage\"},\"image\":{\"@id\":\"https:\/\/dicodusport.fr\/blog\/alize-cornet-se-separe-de-son-entraineur\/#primaryimage\"},\"thumbnailUrl\":\"https:\/\/dicodusport.fr\/blog\/wp-content\/uploads\/2019\/08\/Aliz\u00e9e-Cornet-se-s\u00e9pare-de-son-entra\u00eeneur.png\",\"datePublished\":\"2019-08-17T13:58:48+00:00\",\"dateModified\":\"2019-08-17T14:05:18+00:00\",\"description\":\"Aliz\u00e9 Cornet, 29 ans, a annonc\u00e9 sur Twitter s'\u00eatre s\u00e9par\u00e9e de son entra\u00eeneur, neuf mois apr\u00e8s avoir reform\u00e9 son duo avec Pierre Bouteyre.\",\"breadcrumb\":{\"@id\":\"https:\/\/dicodusport.fr\/blog\/alize-cornet-se-separe-de-son-entraineur\/#breadcrumb\"},\"inLanguage\":\"fr-FR\",\"potentialAction\":[{\"@type\":\"ReadAction\",\"target\":[\"https:\/\/dicodusport.fr\/blog\/alize-cornet-se-separe-de-son-entraineur\/\"]}]},{\"@type\":\"ImageObject\",\"inLanguage\":\"fr-FR\",\"@id\":\"https:\/\/dicodusport.fr\/blog\/alize-cornet-se-separe-de-son-entraineur\/#primaryimage\",\"url\":\"https:\/\/dicodusport.fr\/blog\/wp-content\/uploads\/2019\/08\/Aliz\u00e9e-Cornet-se-s\u00e9pare-de-son-entra\u00eeneur.png\",\"contentUrl\":\"https:\/\/dicodusport.fr\/blog\/wp-content\/uploads\/2019\/08\/Aliz\u00e9e-Cornet-se-s\u00e9pare-de-son-entra\u00eeneur.png\",\"width\":800,\"height\":445},{\"@type\":\"BreadcrumbList\",\"@id\":\"https:\/\/dicodusport.fr\/blog\/alize-cornet-se-separe-de-son-entraineur\/#breadcrumb\",\"itemListElement\":[{\"@type\":\"ListItem\",\"position\":1,\"name\":\"Accueil\",\"item\":\"https:\/\/dicodusport.fr\/blog\/\"},{\"@type\":\"ListItem\",\"position\":2,\"name\":\"Aliz\u00e9 Cornet se s\u00e9pare de son entra\u00eeneur\"}]},{\"@type\":\"WebSite\",\"@id\":\"https:\/\/dicodusport.fr\/blog\/#website\",\"url\":\"https:\/\/dicodusport.fr\/blog\/\",\"name\":\"Dicodusport\",\"description\":\"L&#039;encyclop\u00e9die de l&#039;actualit\u00e9 sportive\",\"publisher\":{\"@id\":\"https:\/\/dicodusport.fr\/blog\/#organization\"},\"potentialAction\":[{\"@type\":\"SearchAction\",\"target\":{\"@type\":\"EntryPoint\",\"urlTemplate\":\"https:\/\/dicodusport.fr\/blog\/?s={search_term_string}\"},\"query-input\":{\"@type\":\"PropertyValueSpecification\",\"valueRequired\":true,\"valueName\":\"search_term_string\"}}],\"inLanguage\":\"fr-FR\"},{\"@type\":\"NewsMediaOrganization\",\"@id\":\"https:\/\/dicodusport.fr\/blog\/#organization\",\"name\":\"Dicodusport\",\"url\":\"https:\/\/dicodusport.fr\/blog\/\",\"logo\":{\"@type\":\"ImageObject\",\"inLanguage\":\"fr-FR\",\"@id\":\"https:\/\/dicodusport.fr\/blog\/#\/schema\/logo\/image\/\",\"url\":\"https:\/\/dicodusport.fr\/blog\/wp-content\/uploads\/2020\/06\/cropped-LOGO-DICODUSPORT-2020-SANS-FOND-SANS-TEXTE.png\",\"contentUrl\":\"https:\/\/dicodusport.fr\/blog\/wp-content\/uploads\/2020\/06\/cropped-LOGO-DICODUSPORT-2020-SANS-FOND-SANS-TEXTE.png\",\"width\":512,\"height\":512,\"caption\":\"Dicodusport\"},\"image\":{\"@id\":\"https:\/\/dicodusport.fr\/blog\/#\/schema\/logo\/image\/\"},\"sameAs\":[\"https:\/\/www.facebook.com\/dicodusport\",\"https:\/\/x.com\/dicodusport\",\"https:\/\/www.instagram.com\/dicodusport\/\",\"https:\/\/www.youtube.com\/channel\/UC7V2KZ5sd3htJivAbA4ZG3w\"],\"description\":\"Dicodusport est l'encyclop\u00e9die de l'actualit\u00e9 sportive.\",\"email\":\"bonjour@dicodusport.fr\",\"legalName\":\"DICODUSPORT\",\"foundingDate\":\"2018-01-14\",\"vatID\":\"FR71834470973\",\"taxID\":\"83447097300043\",\"numberOfEmployees\":{\"@type\":\"QuantitativeValue\",\"minValue\":\"1\",\"maxValue\":\"10\"}},{\"@type\":\"Person\",\"@id\":\"https:\/\/dicodusport.fr\/blog\/#\/schema\/person\/cb02af4c173ce4a653b55e9baf388d4a\",\"name\":\"Flo Ostermann\",\"image\":{\"@type\":\"ImageObject\",\"inLanguage\":\"fr-FR\",\"@id\":\"https:\/\/dicodusport.fr\/blog\/#\/schema\/person\/image\/\",\"url\":\"https:\/\/dicodusport.fr\/blog\/wp-content\/uploads\/2021\/05\/Flo-Ostermann-150x150.jpg\",\"contentUrl\":\"https:\/\/dicodusport.fr\/blog\/wp-content\/uploads\/2021\/05\/Flo-Ostermann-150x150.jpg\",\"caption\":\"Flo Ostermann\"},\"description\":\"Journaliste\/R\u00e9dacteur depuis septembre 2015 - Mes premiers souvenirs dans le sport ? Les envol\u00e9es du Stade Toulousain et les duels Villeneuve-Schumacher et H\u00e4kkinen-Schumacher \u00e0 la fin des ann\u00e9es 90, la Coupe du monde de football en 1998, l\u2019exploit du XV de France face aux All Blacks en 1999, mais aussi Richard C\u0153ur de Lion qui vole sur les montagnes du Tour de France. Bien parti pour devenir professeur d\u2019EPS, les \u00e9v\u00e9nements de la vie (et la flemme d\u2019animer des s\u00e9ances de 3x500 m\u00e8tres toute ma vie) m\u2019ont conduit \u00e0 revoir mes plans. Me voil\u00e0 depuis fin 2017 sur Dicodusport, m\u00e9dia gr\u00e2ce (et pour) lequel je partage ma passion : le sport dans tous ses \u00e9tats. Le tout accompagn\u00e9 par les fous furieux et folles furieuses cit\u00e9s sur cette page !\",\"sameAs\":[\"https:\/\/www.facebook.com\/florent.ostermann\",\"https:\/\/x.com\/https:\/\/twitter.com\/FlOstermann\",\"admin\"],\"url\":\"https:\/\/dicodusport.fr\/blog\/author\/flo\/\"}]}<\/script>\n<!-- \/ Yoast SEO Premium plugin. -->","yoast_head_json":{"title":"Aliz\u00e9 Cornet se s\u00e9pare de son entra\u00eeneur","description":"Aliz\u00e9 Cornet, 29 ans, a annonc\u00e9 sur Twitter s'\u00eatre s\u00e9par\u00e9e de son entra\u00eeneur, neuf mois apr\u00e8s avoir reform\u00e9 son duo avec Pierre Bouteyre.","robots":{"index":"index","follow":"follow","max-snippet":"max-snippet:-1","max-image-preview":"max-image-preview:large","max-video-preview":"max-video-preview:-1"},"canonical":"https:\/\/dicodusport.fr\/blog\/alize-cornet-se-separe-de-son-entraineur\/","og_locale":"fr_FR","og_type":"article","og_title":"Aliz\u00e9 Cornet se s\u00e9pare de son entra\u00eeneur","og_description":"Aliz\u00e9 Cornet, 29 ans, a annonc\u00e9 sur Twitter s'\u00eatre s\u00e9par\u00e9e de son entra\u00eeneur, neuf mois apr\u00e8s avoir reform\u00e9 son duo avec Pierre Bouteyre.","og_url":"https:\/\/dicodusport.fr\/blog\/alize-cornet-se-separe-de-son-entraineur\/","og_site_name":"Dicodusport","article_publisher":"https:\/\/www.facebook.com\/dicodusport","article_author":"https:\/\/www.facebook.com\/florent.ostermann","article_published_time":"2019-08-17T13:58:48+00:00","article_modified_time":"2019-08-17T14:05:18+00:00","og_image":[{"width":800,"height":445,"url":"https:\/\/dicodusport.fr\/blog\/wp-content\/uploads\/2019\/08\/Aliz\u00e9e-Cornet-se-s\u00e9pare-de-son-entra\u00eeneur.png","type":"image\/png"}],"author":"Flo Ostermann","twitter_card":"summary_large_image","twitter_title":"Aliz\u00e9 Cornet se s\u00e9pare de son entra\u00eeneur","twitter_creator":"@https:\/\/twitter.com\/FlOstermann","twitter_site":"@dicodusport","schema":{"@context":"https:\/\/schema.org","@graph":[{"@type":"NewsArticle","@id":"https:\/\/dicodusport.fr\/blog\/alize-cornet-se-separe-de-son-entraineur\/#article","isPartOf":{"@id":"https:\/\/dicodusport.fr\/blog\/alize-cornet-se-separe-de-son-entraineur\/"},"author":{"name":"Flo Ostermann","@id":"https:\/\/dicodusport.fr\/blog\/#\/schema\/person\/cb02af4c173ce4a653b55e9baf388d4a"},"headline":"Aliz\u00e9 Cornet se s\u00e9pare de son entra\u00eeneur","datePublished":"2019-08-17T13:58:48+00:00","dateModified":"2019-08-17T14:05:18+00:00","mainEntityOfPage":{"@id":"https:\/\/dicodusport.fr\/blog\/alize-cornet-se-separe-de-son-entraineur\/"},"wordCount":180,"commentCount":0,"publisher":{"@id":"https:\/\/dicodusport.fr\/blog\/#organization"},"image":{"@id":"https:\/\/dicodusport.fr\/blog\/alize-cornet-se-separe-de-son-entraineur\/#primaryimage"},"thumbnailUrl":"https:\/\/dicodusport.fr\/blog\/wp-content\/uploads\/2019\/08\/Aliz\u00e9e-Cornet-se-s\u00e9pare-de-son-entra\u00eeneur.png","keywords":["Aliz\u00e9 Cornet","cornet","Tennis","wta"],"articleSection":["Tennis"],"inLanguage":"fr-FR","potentialAction":[{"@type":"CommentAction","name":"Comment","target":["https:\/\/dicodusport.fr\/blog\/alize-cornet-se-separe-de-son-entraineur\/#respond"]}],"copyrightYear":"2019","copyrightHolder":{"@id":"https:\/\/dicodusport.fr\/blog\/#organization"}},{"@type":"WebPage","@id":"https:\/\/dicodusport.fr\/blog\/alize-cornet-se-separe-de-son-entraineur\/","url":"https:\/\/dicodusport.fr\/blog\/alize-cornet-se-separe-de-son-entraineur\/","name":"Aliz\u00e9 Cornet se s\u00e9pare de son entra\u00eeneur","isPartOf":{"@id":"https:\/\/dicodusport.fr\/blog\/#website"},"primaryImageOfPage":{"@id":"https:\/\/dicodusport.fr\/blog\/alize-cornet-se-separe-de-son-entraineur\/#primaryimage"},"image":{"@id":"https:\/\/dicodusport.fr\/blog\/alize-cornet-se-separe-de-son-entraineur\/#primaryimage"},"thumbnailUrl":"https:\/\/dicodusport.fr\/blog\/wp-content\/uploads\/2019\/08\/Aliz\u00e9e-Cornet-se-s\u00e9pare-de-son-entra\u00eeneur.png","datePublished":"2019-08-17T13:58:48+00:00","dateModified":"2019-08-17T14:05:18+00:00","description":"Aliz\u00e9 Cornet, 29 ans, a annonc\u00e9 sur Twitter s'\u00eatre s\u00e9par\u00e9e de son entra\u00eeneur, neuf mois apr\u00e8s avoir reform\u00e9 son duo avec Pierre Bouteyre.","breadcrumb":{"@id":"https:\/\/dicodusport.fr\/blog\/alize-cornet-se-separe-de-son-entraineur\/#breadcrumb"},"inLanguage":"fr-FR","potentialAction":[{"@type":"ReadAction","target":["https:\/\/dicodusport.fr\/blog\/alize-cornet-se-separe-de-son-entraineur\/"]}]},{"@type":"ImageObject","inLanguage":"fr-FR","@id":"https:\/\/dicodusport.fr\/blog\/alize-cornet-se-separe-de-son-entraineur\/#primaryimage","url":"https:\/\/dicodusport.fr\/blog\/wp-content\/uploads\/2019\/08\/Aliz\u00e9e-Cornet-se-s\u00e9pare-de-son-entra\u00eeneur.png","contentUrl":"https:\/\/dicodusport.fr\/blog\/wp-content\/uploads\/2019\/08\/Aliz\u00e9e-Cornet-se-s\u00e9pare-de-son-entra\u00eeneur.png","width":800,"height":445},{"@type":"BreadcrumbList","@id":"https:\/\/dicodusport.fr\/blog\/alize-cornet-se-separe-de-son-entraineur\/#breadcrumb","itemListElement":[{"@type":"ListItem","position":1,"name":"Accueil","item":"https:\/\/dicodusport.fr\/blog\/"},{"@type":"ListItem","position":2,"name":"Aliz\u00e9 Cornet se s\u00e9pare de son entra\u00eeneur"}]},{"@type":"WebSite","@id":"https:\/\/dicodusport.fr\/blog\/#website","url":"https:\/\/dicodusport.fr\/blog\/","name":"Dicodusport","description":"L&#039;encyclop\u00e9die de l&#039;actualit\u00e9 sportive","publisher":{"@id":"https:\/\/dicodusport.fr\/blog\/#organization"},"potentialAction":[{"@type":"SearchAction","target":{"@type":"EntryPoint","urlTemplate":"https:\/\/dicodusport.fr\/blog\/?s={search_term_string}"},"query-input":{"@type":"PropertyValueSpecification","valueRequired":true,"valueName":"search_term_string"}}],"inLanguage":"fr-FR"},{"@type":"NewsMediaOrganization","@id":"https:\/\/dicodusport.fr\/blog\/#organization","name":"Dicodusport","url":"https:\/\/dicodusport.fr\/blog\/","logo":{"@type":"ImageObject","inLanguage":"fr-FR","@id":"https:\/\/dicodusport.fr\/blog\/#\/schema\/logo\/image\/","url":"https:\/\/dicodusport.fr\/blog\/wp-content\/uploads\/2020\/06\/cropped-LOGO-DICODUSPORT-2020-SANS-FOND-SANS-TEXTE.png","contentUrl":"https:\/\/dicodusport.fr\/blog\/wp-content\/uploads\/2020\/06\/cropped-LOGO-DICODUSPORT-2020-SANS-FOND-SANS-TEXTE.png","width":512,"height":512,"caption":"Dicodusport"},"image":{"@id":"https:\/\/dicodusport.fr\/blog\/#\/schema\/logo\/image\/"},"sameAs":["https:\/\/www.facebook.com\/dicodusport","https:\/\/x.com\/dicodusport","https:\/\/www.instagram.com\/dicodusport\/","https:\/\/www.youtube.com\/channel\/UC7V2KZ5sd3htJivAbA4ZG3w"],"description":"Dicodusport est l'encyclop\u00e9die de l'actualit\u00e9 sportive.","email":"bonjour@dicodusport.fr","legalName":"DICODUSPORT","foundingDate":"2018-01-14","vatID":"FR71834470973","taxID":"83447097300043","numberOfEmployees":{"@type":"QuantitativeValue","minValue":"1","maxValue":"10"}},{"@type":"Person","@id":"https:\/\/dicodusport.fr\/blog\/#\/schema\/person\/cb02af4c173ce4a653b55e9baf388d4a","name":"Flo Ostermann","image":{"@type":"ImageObject","inLanguage":"fr-FR","@id":"https:\/\/dicodusport.fr\/blog\/#\/schema\/person\/image\/","url":"https:\/\/dicodusport.fr\/blog\/wp-content\/uploads\/2021\/05\/Flo-Ostermann-150x150.jpg","contentUrl":"https:\/\/dicodusport.fr\/blog\/wp-content\/uploads\/2021\/05\/Flo-Ostermann-150x150.jpg","caption":"Flo Ostermann"},"description":"Journaliste\/R\u00e9dacteur depuis septembre 2015 - Mes premiers souvenirs dans le sport ? Les envol\u00e9es du Stade Toulousain et les duels Villeneuve-Schumacher et H\u00e4kkinen-Schumacher \u00e0 la fin des ann\u00e9es 90, la Coupe du monde de football en 1998, l\u2019exploit du XV de France face aux All Blacks en 1999, mais aussi Richard C\u0153ur de Lion qui vole sur les montagnes du Tour de France. Bien parti pour devenir professeur d\u2019EPS, les \u00e9v\u00e9nements de la vie (et la flemme d\u2019animer des s\u00e9ances de 3x500 m\u00e8tres toute ma vie) m\u2019ont conduit \u00e0 revoir mes plans. Me voil\u00e0 depuis fin 2017 sur Dicodusport, m\u00e9dia gr\u00e2ce (et pour) lequel je partage ma passion : le sport dans tous ses \u00e9tats. Le tout accompagn\u00e9 par les fous furieux et folles furieuses cit\u00e9s sur cette page !","sameAs":["https:\/\/www.facebook.com\/florent.ostermann","https:\/\/x.com\/https:\/\/twitter.com\/FlOstermann","admin"],"url":"https:\/\/dicodusport.fr\/blog\/author\/flo\/"}]}},"_links":{"self":[{"href":"https:\/\/dicodusport.fr\/blog\/wp-json\/wp\/v2\/posts\/45731","targetHints":{"allow":["GET"]}}],"collection":[{"href":"https:\/\/dicodusport.fr\/blog\/wp-json\/wp\/v2\/posts"}],"about":[{"href":"https:\/\/dicodusport.fr\/blog\/wp-json\/wp\/v2\/types\/post"}],"author":[{"embeddable":true,"href":"https:\/\/dicodusport.fr\/blog\/wp-json\/wp\/v2\/users\/4"}],"replies":[{"embeddable":true,"href":"https:\/\/dicodusport.fr\/blog\/wp-json\/wp\/v2\/comments?post=45731"}],"version-history":[{"count":0,"href":"https:\/\/dicodusport.fr\/blog\/wp-json\/wp\/v2\/posts\/45731\/revisions"}],"wp:featuredmedia":[{"embeddable":true,"href":"https:\/\/dicodusport.fr\/blog\/wp-json\/wp\/v2\/media\/45732"}],"wp:attachment":[{"href":"https:\/\/dicodusport.fr\/blog\/wp-json\/wp\/v2\/media?parent=45731"}],"wp:term":[{"taxonomy":"category","embeddable":true,"href":"https:\/\/dicodusport.fr\/blog\/wp-json\/wp\/v2\/categories?post=45731"},{"taxonomy":"post_tag","embeddable":true,"href":"https:\/\/dicodusport.fr\/blog\/wp-json\/wp\/v2\/tags?post=45731"}],"curies":[{"name":"wp","href":"https:\/\/api.w.org\/{rel}","templated":true}]}}