{"id":457370,"date":"2024-01-29T12:14:57","date_gmt":"2024-01-29T11:14:57","guid":{"rendered":"https:\/\/dicodusport.fr\/blog\/?p=457370&#038;preview=true&#038;preview_id=457370"},"modified":"2024-01-29T22:28:33","modified_gmt":"2024-01-29T21:28:33","slug":"athletisme-les-resultats-francais-a-retenir-de-ce-week-end-des-27-et-28-janvier","status":"publish","type":"post","link":"https:\/\/dicodusport.fr\/blog\/athletisme-les-resultats-francais-a-retenir-de-ce-week-end-des-27-et-28-janvier\/","title":{"rendered":"Athl\u00e9tisme : Les r\u00e9sultats fran\u00e7ais \u00e0 retenir de ce week-end des 27 et 28 janvier"},"content":{"rendered":"<p style=\"text-align: justify;\"><strong><em>ATHL\u00c9TISME &#8211; Tour d&rsquo;horizon sur les performances des Fran\u00e7ais dans un week-end marqu\u00e9 par un record de France, un minima olympique. Mais aussi trois minima pour les Mondiaux en salle.<\/em><\/strong><\/p>\n<h2 style=\"text-align: justify;\">Chaussinand, Kwaou-Mathey, Belocian et Comperr prennent rendez-vous<\/h2>\n<p style=\"text-align: justify;\">Des Fran\u00e7ais qui r\u00e9alisent des minima, c&rsquo;est toujours une excellente chose. Quand ils sont plusieurs dans un week-end, cela place le niveau tricolore. En premier lieu, <a href=\"https:\/\/dicodusport.fr\/blog\/athletisme-minima-olympiques-pour-yann-chaussinand-marteau\/\">celui de <strong>Yann Chaussinand<\/strong><\/a>. Le Fran\u00e7ais ne cesse de progresser d&rsquo;ann\u00e9es en ann\u00e9es. Sur l&rsquo;Ile de la R\u00e9union, o\u00f9 il est dans le cadre d&rsquo;un stage, il s&rsquo;est offert les minima pour les JO de Paris 2024. En battant son record avec un jet \u00e0 78.21 m. Premi\u00e8re fois de sa carri\u00e8re au-del\u00e0 des 78 m\u00e8tres. <a href=\"https:\/\/dicodusport.fr\/blog\/athletisme-jo-2024-les-francais-qui-ont-realise-les-minima\/\">Il est le 29e Fran\u00e7ais \u00e0 r\u00e9aliser le niveau de performance requis pour les JO<\/a>.<\/p>\n<p style=\"text-align: justify;\"><a href=\"https:\/\/dicodusport.fr\/blog\/athletisme-les-minima-pour-les-mondiaux-indoor-de-glasgow-2024\/\">Des minima, cette fois-ci mondiaux en vue des championnats du monde en salle \u00e0 Glasgow<\/a> pour les hurdlers<strong> Wilhem Belocian<\/strong> et<strong> Solenn Comperr<\/strong>. Les deux \u00e9taient align\u00e9s samedi, du c\u00f4t\u00e9 de Nantes, sur 60 m haies. Celui qui s&rsquo;entra\u00eene d\u00e9sormais avec <strong>Teddy Tamgho<\/strong> a r\u00e9alis\u00e9 7.54 en s\u00e9ries (7.55 d&rsquo;une finale largement domin\u00e9e). Il composte son billet pour les Mondiaux en salle de Glasgow. Mais, au vu du niveau des hurdlers en France, cela risque de ne pas suffire. <strong>Solenn Comperr<\/strong> a domin\u00e9 la finale f\u00e9minine avec un chrono de 8.01, synonyme pour, elle aussi, de minima pour Glasgow. Mais pour l&rsquo;athl\u00e8te de Montreuil, la concurrence sera \u00e9galement tr\u00e8s rude. Mais elle est la premi\u00e8re \u00e0 ouvrir le bal sur les haies.<\/p>\n<p style=\"text-align: justify;\">D&rsquo;autant que le lendemain, lors du meeting de l&rsquo;Eure, Just Kwaou-Mathey a pris la 2e place du 60 m haies, portant son record \u00e0 7.51, validant ainsi lui aussi des minima.<\/p>\n<blockquote class=\"twitter-tweet\">\n<p dir=\"ltr\" lang=\"fr\">\ud83e\udd29 La bataille a tenu ses promesses !<\/p>\n<p>\ud83c\udde8\ud83c\uddf5 Just Kwaou-Mathey se classe 2e de la finale du 60 m haies au Meeting de l&rsquo;Eure en 7&Prime;51, au terme d&rsquo;un joli duel face \u00e0 \ud83c\uddea\ud83c\uddf8 Asier Martinez (7\u00a0\u00bb49, MPM) \ud83d\udc4f<\/p>\n<p>\ud83d\udcbb Revivez le <a href=\"https:\/\/twitter.com\/hashtag\/Cr%C3%A9ditMutuelAthl%C3%A9Tour?src=hash&amp;ref_src=twsrc%5Etfw\">#Cr\u00e9ditMutuelAthl\u00e9Tour<\/a> en \ud835\udde5\ud835\uddd8\ud835\udde3\ud835\udddf\ud835\uddd4\ud835\uddec sur <a href=\"https:\/\/t.co\/xgXE6U6Tof\">https:\/\/t.co\/xgXE6U6Tof<\/a> <a href=\"https:\/\/t.co\/d3Qcuz2FBT\">pic.twitter.com\/d3Qcuz2FBT<\/a><\/p>\n<p>\u2014 FFAthl\u00e9tisme (@FFAthletisme) <a href=\"https:\/\/twitter.com\/FFAthletisme\/status\/1751699544075628664?ref_src=twsrc%5Etfw\">January 28, 2024<\/a><\/p><\/blockquote>\n<p><script async src=\"https:\/\/platform.twitter.com\/widgets.js\" charset=\"utf-8\"><\/script><\/p>\n<h2 style=\"text-align: justify;\">Record de France pour Beretta, au c\u0153ur d&rsquo;un nouveau gros week-end de marche<\/h2>\n<p style=\"text-align: justify;\">43:35.57. <a href=\"https:\/\/dicodusport.fr\/blog\/athletisme-record-de-france-pour-clemence-beretta-sur-10000-m-marche\/\">Un chrono synonyme de record de France du 10 000 m marche<\/a> pour <strong>Cl\u00e9mence Beretta.<\/strong> Mais aussi d&rsquo;un vrai changement de dimension, ce samedi en Australie. D&rsquo;une femme qui s&rsquo;approche petit \u00e0 petit du plus haut niveau mondial. Pour la premi\u00e8re fois de sa carri\u00e8re, elle est pass\u00e9e sous les 44 minutes sur la distance. Cela promet un gros chrono sur 20 km marche, o\u00f9 elle tentera de r\u00e9aliser les minima olympiques.<\/p>\n<blockquote class=\"twitter-tweet\">\n<p dir=\"ltr\" lang=\"fr\">\ud83d\udd25 Record de France du 10 000 marche !<\/p>\n<p>\ud83c\uddeb\ud83c\uddf7 Cl\u00e9mence Beretta s&rsquo;est class\u00e9e 3e en 43&rsquo;35\u00a0\u00bb52 lors de l&rsquo;\u00e9tape World Race Walking Tour de Canberra, en Australie !<\/p>\n<p>\ud83d\udc4f Elle am\u00e9liore son propre chrono national de r\u00e9f\u00e9rence (44&rsquo;08\u00a0\u00bb73) \u00e9tabli \u00e0 Caen en 2022.<\/p>\n<p>\u2014 FFAthl\u00e9tisme (@FFAthletisme) <a href=\"https:\/\/twitter.com\/FFAthletisme\/status\/1751268441170833492?ref_src=twsrc%5Etfw\">January 27, 2024<\/a><\/p><\/blockquote>\n<p><script async src=\"https:\/\/platform.twitter.com\/widgets.js\" charset=\"utf-8\"><\/script><\/p>\n<p style=\"text-align: justify;\"><div class=\"su-quote su-quote-style-default su-quote-has-cite\"><div class=\"su-quote-inner su-u-clearfix su-u-trim\">Je suis vraiment heureuse, car c\u2019est une course que j\u2019ai faite de fa\u00e7on intelligente et aboutie en suivant le plan pr\u00e9vu (&#8230;) Je crois que j\u2019ai vraiment pass\u00e9 un cap mental, bien plus que le physique (&#8230;) L\u2019entra\u00eenement, c&rsquo;est une chose, mais au final, je me suis vraiment rendu compte que c\u2019est la fa\u00e7on dont j\u2019ai abord\u00e9 la comp\u00e9tition qui m\u2019a aid\u00e9. J\u2019\u00e9tais r\u00e9ellement dans le plaisir, le rel\u00e2chement et dans un bon \u00e9tat d\u2019esprit (&#8230;) Le chrono ne me surprend pas, c\u2019est assez logique par rapport \u00e0 l\u2019entra\u00eenement. Je pense que je peux aller beaucoup plus vite sur une comp\u00e9tition 10 000 m vraiment pr\u00e9par\u00e9e pour \u00e7a. Plus que jamais, je veux r\u00e9ussir \u00e0 marcher en 1h29 et moins, c\u2019est vraiment cette prochaine marche qui me manque. Donc rendez-vous dans deux semaines, mais je devrais confirmer.<span class=\"su-quote-cite\">Cl\u00e9mence Beretta<\/span><\/div><\/div>\n<p style=\"text-align: justify;\">Les marcheurs ont encore une fois cartonn\u00e9 ce week-end, avec des records personnels. Comme pour Aur\u00e9lien Quinion. Qui passe pour la premi\u00e8re fois de sa carri\u00e8re sous les 19 minutes sur 5000 m marche en salle, en 18:50.38, lors du meeting national de Vittel. Premi\u00e8re \u00e9galement pour <strong>Ana Delahaie<\/strong>, elle, sous les 13 minutes sur 3000 m marche, du c\u00f4t\u00e9 de Bordeaux. Avec une course boucl\u00e9e en 12:58.09.<\/p>\n<p style=\"text-align: justify;\">De nouveau \u00e0 Vittel, excellente rentr\u00e9e pour <strong>Pauline Stey<\/strong>, qui boucle son 3000 m \u00e0 17 secondes de son record de France (12:42.13), alors que Camille Moutard a connu une journ\u00e9e plus compliqu\u00e9e en 13:11.32. Dans une course o\u00f9 la junior <strong>Marine Merbitz<\/strong> a explos\u00e9 son record de plus de 35 secondes, pour devenir la 4e junior de tous les temps (13:11.70). 19:38.37 \u00e9galement pour <strong>Martin Madeline-Degy<\/strong>, sur 5000 m marche.<\/p>\n<h2 style=\"text-align: justify;\">D&rsquo;autres nombreux records personnels<\/h2>\n<p style=\"text-align: justify;\"><a href=\"https:\/\/dicodusport.fr\/blog\/x-athletics-2024-ehammer-et-vicente-lemportent-gletty-2e-de-lheptathlon\/\"><strong>Makenson Gletty<\/strong> et <strong>C\u00e9lia Perron<\/strong> repartent d&rsquo;Aubi\u00e8re et du X-Athletics<\/a>, avec un record personnel dans leurs valises. Le premier avec un record \u00e0 l&rsquo;heptathlon port\u00e9 \u00e0 6230 points. La seconde avec un record au pentathlon, avec 4449 points. Dans un week-end marqu\u00e9 par des pionni\u00e8res \u00e0 l&rsquo;heptathlon f\u00e9minin, remport\u00e9 par <strong>No\u00e9mie Desailly<\/strong>, avec 5761 points. Combinarde, mais ayant choisi de faire l&rsquo;impasse sur les \u00e9preuves combin\u00e9es cet hiver, <strong>Auriana Lazraq-Khlass<\/strong> a battu son record personnel au 60 m haies, avec un chrono port\u00e9 \u00e0 8.31.<\/p>\n<p style=\"text-align: justify;\"><strong>Rose Loga<\/strong>, apr\u00e8s deux ans compliqu\u00e9s, a remis la marche en avant, avec un record port\u00e9 \u00e0 72.01 m. Minima pour les championnats d&rsquo;Europe. Alors que Marie Rougetet, jeune junior, a approch\u00e9 son record personnel, avec 60.39 m. Rentr\u00e9e pour T\u00e9o Andant \u00e0 Pr\u00e9toria avec 45.97 sur 400 m. Record personnel pour <strong>Louise Maraval<\/strong> \u00e0 Nantes, qui porte sa marque \u00e0 52.58 sur le 400 m en salle. <strong>Amandine Brossier<\/strong>, en Catalogne, est all\u00e9e encore plus vite en 52.37. Ninon Chapelle a am\u00e9lior\u00e9 dans l&rsquo;Eure son meilleur saut de la saison, avec 4.54 m, <strong>Margot Chevrier<\/strong> a r\u00e9alis\u00e9 la m\u00eame performance. Du c\u00f4t\u00e9 de la Nouvelle-Z\u00e9lande,<strong> Jona Aigouy<\/strong> et <strong>Felise Vaha&rsquo;i Sosaia<\/strong> ont lanc\u00e9 leur saison au javelot. Avec des performances de 52.03 m et 74.73 m.<\/p>\n","protected":false},"excerpt":{"rendered":"<p>ATHL\u00c9TISME &#8211; Tour d&rsquo;horizon sur les performances des Fran\u00e7ais dans un week-end marqu\u00e9 par deux records de France jeunes. Mais aussi une pluie de records personnels.<\/p>\n","protected":false},"author":83,"featured_media":457728,"comment_status":"open","ping_status":"closed","sticky":false,"template":"","format":"standard","meta":{"_acf_changed":false,"_daextam_enable_autolinks":"1","footnotes":""},"categories":[2308],"tags":[143,10976,16878,31430,33623,30028,37255],"class_list":["post-457370","post","type-post","status-publish","format-standard","has-post-thumbnail","hentry","category-athletisme","tag-athletisme","tag-athletisme-francais","tag-breve","tag-chloe-le-roch","tag-gabriel-bordier","tag-margot-chevrier","tag-milann-klemenic"],"acf":[],"yoast_head":"<!-- This site is optimized with the Yoast SEO Premium plugin v26.7 (Yoast SEO v26.7) - https:\/\/yoast.com\/wordpress\/plugins\/seo\/ -->\n<title>Athl\u00e9tisme : Les r\u00e9sultats fran\u00e7ais \u00e0 retenir de ce week-end des 27 et 28 janvier<\/title>\n<meta name=\"description\" content=\"ATHL\u00c9TISME - Tour d&#039;horizon sur les performances des Fran\u00e7ais dans un week-end marqu\u00e9 par un record de France, un minima olympique. Mais aussi trois minima pour les Mondiaux en salle.\" \/>\n<meta name=\"robots\" content=\"index, follow, max-snippet:-1, max-image-preview:large, max-video-preview:-1\" \/>\n<link rel=\"canonical\" href=\"https:\/\/dicodusport.fr\/blog\/athletisme-les-resultats-francais-a-retenir-de-ce-week-end-des-27-et-28-janvier\/\" \/>\n<meta property=\"og:locale\" content=\"fr_FR\" \/>\n<meta property=\"og:type\" content=\"article\" \/>\n<meta property=\"og:title\" content=\"Athl\u00e9tisme : Les r\u00e9sultats fran\u00e7ais \u00e0 retenir de ce week-end des 27 et 28 janvier\" \/>\n<meta property=\"og:description\" content=\"ATHL\u00c9TISME - Tour d&#039;horizon sur les performances des Fran\u00e7ais dans un week-end marqu\u00e9 par un record de France, un minima olympique. Mais aussi trois minima pour les Mondiaux en salle.\" \/>\n<meta property=\"og:url\" content=\"https:\/\/dicodusport.fr\/blog\/athletisme-les-resultats-francais-a-retenir-de-ce-week-end-des-27-et-28-janvier\/\" \/>\n<meta property=\"og:site_name\" content=\"Dicodusport\" \/>\n<meta property=\"article:publisher\" content=\"https:\/\/www.facebook.com\/dicodusport\" \/>\n<meta property=\"article:published_time\" content=\"2024-01-29T11:14:57+00:00\" \/>\n<meta property=\"article:modified_time\" content=\"2024-01-29T21:28:33+00:00\" \/>\n<meta property=\"og:image\" content=\"https:\/\/dicodusport.fr\/blog\/wp-content\/uploads\/2024\/01\/Athletisme-Les-resultats-francais-a-retenir-de-ce-week-end-des-27-et-28-janvier.png\" \/>\n\t<meta property=\"og:image:width\" content=\"1200\" \/>\n\t<meta property=\"og:image:height\" content=\"674\" \/>\n\t<meta property=\"og:image:type\" content=\"image\/png\" \/>\n<meta name=\"author\" content=\"Etienne Goursaud\" \/>\n<meta name=\"twitter:card\" content=\"summary_large_image\" \/>\n<meta name=\"twitter:title\" content=\"Athl\u00e9tisme : Les r\u00e9sultats fran\u00e7ais \u00e0 retenir de ce week-end des 27 et 28 janvier\" \/>\n<meta name=\"twitter:creator\" content=\"@dicodusport\" \/>\n<meta name=\"twitter:site\" content=\"@dicodusport\" \/>\n<script type=\"application\/ld+json\" class=\"yoast-schema-graph\">{\"@context\":\"https:\/\/schema.org\",\"@graph\":[{\"@type\":\"NewsArticle\",\"@id\":\"https:\/\/dicodusport.fr\/blog\/athletisme-les-resultats-francais-a-retenir-de-ce-week-end-des-27-et-28-janvier\/#article\",\"isPartOf\":{\"@id\":\"https:\/\/dicodusport.fr\/blog\/athletisme-les-resultats-francais-a-retenir-de-ce-week-end-des-27-et-28-janvier\/\"},\"author\":{\"name\":\"Etienne Goursaud\",\"@id\":\"https:\/\/dicodusport.fr\/blog\/#\/schema\/person\/d603dd7da31fb2b46c82b9835a77ec13\"},\"headline\":\"Athl\u00e9tisme : Les r\u00e9sultats fran\u00e7ais \u00e0 retenir de ce week-end des 27 et 28 janvier\",\"datePublished\":\"2024-01-29T11:14:57+00:00\",\"dateModified\":\"2024-01-29T21:28:33+00:00\",\"mainEntityOfPage\":{\"@id\":\"https:\/\/dicodusport.fr\/blog\/athletisme-les-resultats-francais-a-retenir-de-ce-week-end-des-27-et-28-janvier\/\"},\"wordCount\":1025,\"commentCount\":0,\"publisher\":{\"@id\":\"https:\/\/dicodusport.fr\/blog\/#organization\"},\"image\":{\"@id\":\"https:\/\/dicodusport.fr\/blog\/athletisme-les-resultats-francais-a-retenir-de-ce-week-end-des-27-et-28-janvier\/#primaryimage\"},\"thumbnailUrl\":\"https:\/\/dicodusport.fr\/blog\/wp-content\/uploads\/2024\/01\/Athletisme-Les-resultats-francais-a-retenir-de-ce-week-end-des-27-et-28-janvier.png\",\"keywords\":[\"Athl\u00e9tisme\",\"Athl\u00e9tisme fran\u00e7ais\",\"br\u00e8ve\",\"Chlo\u00e9 Le Roch\",\"Gabriel Bordier\",\"Margot Chevrier\",\"Milann Klemenic\"],\"articleSection\":[\"Athl\u00e9tisme\"],\"inLanguage\":\"fr-FR\",\"potentialAction\":[{\"@type\":\"CommentAction\",\"name\":\"Comment\",\"target\":[\"https:\/\/dicodusport.fr\/blog\/athletisme-les-resultats-francais-a-retenir-de-ce-week-end-des-27-et-28-janvier\/#respond\"]}],\"copyrightYear\":\"2024\",\"copyrightHolder\":{\"@id\":\"https:\/\/dicodusport.fr\/blog\/#organization\"}},{\"@type\":\"WebPage\",\"@id\":\"https:\/\/dicodusport.fr\/blog\/athletisme-les-resultats-francais-a-retenir-de-ce-week-end-des-27-et-28-janvier\/\",\"url\":\"https:\/\/dicodusport.fr\/blog\/athletisme-les-resultats-francais-a-retenir-de-ce-week-end-des-27-et-28-janvier\/\",\"name\":\"Athl\u00e9tisme : Les r\u00e9sultats fran\u00e7ais \u00e0 retenir de ce week-end des 27 et 28 janvier\",\"isPartOf\":{\"@id\":\"https:\/\/dicodusport.fr\/blog\/#website\"},\"primaryImageOfPage\":{\"@id\":\"https:\/\/dicodusport.fr\/blog\/athletisme-les-resultats-francais-a-retenir-de-ce-week-end-des-27-et-28-janvier\/#primaryimage\"},\"image\":{\"@id\":\"https:\/\/dicodusport.fr\/blog\/athletisme-les-resultats-francais-a-retenir-de-ce-week-end-des-27-et-28-janvier\/#primaryimage\"},\"thumbnailUrl\":\"https:\/\/dicodusport.fr\/blog\/wp-content\/uploads\/2024\/01\/Athletisme-Les-resultats-francais-a-retenir-de-ce-week-end-des-27-et-28-janvier.png\",\"datePublished\":\"2024-01-29T11:14:57+00:00\",\"dateModified\":\"2024-01-29T21:28:33+00:00\",\"description\":\"ATHL\u00c9TISME - Tour d'horizon sur les performances des Fran\u00e7ais dans un week-end marqu\u00e9 par un record de France, un minima olympique. Mais aussi trois minima pour les Mondiaux en salle.\",\"breadcrumb\":{\"@id\":\"https:\/\/dicodusport.fr\/blog\/athletisme-les-resultats-francais-a-retenir-de-ce-week-end-des-27-et-28-janvier\/#breadcrumb\"},\"inLanguage\":\"fr-FR\",\"potentialAction\":[{\"@type\":\"ReadAction\",\"target\":[\"https:\/\/dicodusport.fr\/blog\/athletisme-les-resultats-francais-a-retenir-de-ce-week-end-des-27-et-28-janvier\/\"]}]},{\"@type\":\"ImageObject\",\"inLanguage\":\"fr-FR\",\"@id\":\"https:\/\/dicodusport.fr\/blog\/athletisme-les-resultats-francais-a-retenir-de-ce-week-end-des-27-et-28-janvier\/#primaryimage\",\"url\":\"https:\/\/dicodusport.fr\/blog\/wp-content\/uploads\/2024\/01\/Athletisme-Les-resultats-francais-a-retenir-de-ce-week-end-des-27-et-28-janvier.png\",\"contentUrl\":\"https:\/\/dicodusport.fr\/blog\/wp-content\/uploads\/2024\/01\/Athletisme-Les-resultats-francais-a-retenir-de-ce-week-end-des-27-et-28-janvier.png\",\"width\":1200,\"height\":674,\"caption\":\"Athl\u00e9tisme Les r\u00e9sultats fran\u00e7ais \u00e0 retenir de ce week-end des 27 et 28 janvier\"},{\"@type\":\"BreadcrumbList\",\"@id\":\"https:\/\/dicodusport.fr\/blog\/athletisme-les-resultats-francais-a-retenir-de-ce-week-end-des-27-et-28-janvier\/#breadcrumb\",\"itemListElement\":[{\"@type\":\"ListItem\",\"position\":1,\"name\":\"Accueil\",\"item\":\"https:\/\/dicodusport.fr\/blog\/\"},{\"@type\":\"ListItem\",\"position\":2,\"name\":\"Athl\u00e9tisme : Les r\u00e9sultats fran\u00e7ais \u00e0 retenir de ce week-end des 27 et 28 janvier\"}]},{\"@type\":\"WebSite\",\"@id\":\"https:\/\/dicodusport.fr\/blog\/#website\",\"url\":\"https:\/\/dicodusport.fr\/blog\/\",\"name\":\"Dicodusport\",\"description\":\"L&#039;encyclop\u00e9die de l&#039;actualit\u00e9 sportive\",\"publisher\":{\"@id\":\"https:\/\/dicodusport.fr\/blog\/#organization\"},\"potentialAction\":[{\"@type\":\"SearchAction\",\"target\":{\"@type\":\"EntryPoint\",\"urlTemplate\":\"https:\/\/dicodusport.fr\/blog\/?s={search_term_string}\"},\"query-input\":{\"@type\":\"PropertyValueSpecification\",\"valueRequired\":true,\"valueName\":\"search_term_string\"}}],\"inLanguage\":\"fr-FR\"},{\"@type\":\"NewsMediaOrganization\",\"@id\":\"https:\/\/dicodusport.fr\/blog\/#organization\",\"name\":\"Dicodusport\",\"url\":\"https:\/\/dicodusport.fr\/blog\/\",\"logo\":{\"@type\":\"ImageObject\",\"inLanguage\":\"fr-FR\",\"@id\":\"https:\/\/dicodusport.fr\/blog\/#\/schema\/logo\/image\/\",\"url\":\"https:\/\/dicodusport.fr\/blog\/wp-content\/uploads\/2020\/06\/cropped-LOGO-DICODUSPORT-2020-SANS-FOND-SANS-TEXTE.png\",\"contentUrl\":\"https:\/\/dicodusport.fr\/blog\/wp-content\/uploads\/2020\/06\/cropped-LOGO-DICODUSPORT-2020-SANS-FOND-SANS-TEXTE.png\",\"width\":512,\"height\":512,\"caption\":\"Dicodusport\"},\"image\":{\"@id\":\"https:\/\/dicodusport.fr\/blog\/#\/schema\/logo\/image\/\"},\"sameAs\":[\"https:\/\/www.facebook.com\/dicodusport\",\"https:\/\/x.com\/dicodusport\",\"https:\/\/www.instagram.com\/dicodusport\/\",\"https:\/\/www.youtube.com\/channel\/UC7V2KZ5sd3htJivAbA4ZG3w\"],\"description\":\"Dicodusport est l'encyclop\u00e9die de l'actualit\u00e9 sportive.\",\"email\":\"bonjour@dicodusport.fr\",\"legalName\":\"DICODUSPORT\",\"foundingDate\":\"2018-01-14\",\"vatID\":\"FR71834470973\",\"taxID\":\"83447097300043\",\"numberOfEmployees\":{\"@type\":\"QuantitativeValue\",\"minValue\":\"1\",\"maxValue\":\"10\"}},{\"@type\":\"Person\",\"@id\":\"https:\/\/dicodusport.fr\/blog\/#\/schema\/person\/d603dd7da31fb2b46c82b9835a77ec13\",\"name\":\"Etienne Goursaud\",\"image\":{\"@type\":\"ImageObject\",\"inLanguage\":\"fr-FR\",\"@id\":\"https:\/\/dicodusport.fr\/blog\/#\/schema\/person\/image\/\",\"url\":\"https:\/\/dicodusport.fr\/blog\/wp-content\/uploads\/2023\/12\/410122264_10231602061736049_5565839791558026645_n-150x150.jpg\",\"contentUrl\":\"https:\/\/dicodusport.fr\/blog\/wp-content\/uploads\/2023\/12\/410122264_10231602061736049_5565839791558026645_n-150x150.jpg\",\"caption\":\"Etienne Goursaud\"},\"description\":\"Journaliste et amoureux de sport. Ancien footballeur reconverti athl\u00e8te quand ses muscles le laissent tranquille. \u00c9lev\u00e9 \u00e0 la sauce des exploits de Thomas Voeckler en 2004, du dernier essai de l\u00e9gende de Eunice Barber \u00e0 la longueur lors des championnats du monde d'athl\u00e9tisme de 2003 mais aussi Zidane, Omeyer et Titou Lamaison.\",\"url\":\"https:\/\/dicodusport.fr\/blog\/author\/etienne-goursaud\/\"}]}<\/script>\n<!-- \/ Yoast SEO Premium plugin. -->","yoast_head_json":{"title":"Athl\u00e9tisme : Les r\u00e9sultats fran\u00e7ais \u00e0 retenir de ce week-end des 27 et 28 janvier","description":"ATHL\u00c9TISME - Tour d'horizon sur les performances des Fran\u00e7ais dans un week-end marqu\u00e9 par un record de France, un minima olympique. Mais aussi trois minima pour les Mondiaux en salle.","robots":{"index":"index","follow":"follow","max-snippet":"max-snippet:-1","max-image-preview":"max-image-preview:large","max-video-preview":"max-video-preview:-1"},"canonical":"https:\/\/dicodusport.fr\/blog\/athletisme-les-resultats-francais-a-retenir-de-ce-week-end-des-27-et-28-janvier\/","og_locale":"fr_FR","og_type":"article","og_title":"Athl\u00e9tisme : Les r\u00e9sultats fran\u00e7ais \u00e0 retenir de ce week-end des 27 et 28 janvier","og_description":"ATHL\u00c9TISME - Tour d'horizon sur les performances des Fran\u00e7ais dans un week-end marqu\u00e9 par un record de France, un minima olympique. Mais aussi trois minima pour les Mondiaux en salle.","og_url":"https:\/\/dicodusport.fr\/blog\/athletisme-les-resultats-francais-a-retenir-de-ce-week-end-des-27-et-28-janvier\/","og_site_name":"Dicodusport","article_publisher":"https:\/\/www.facebook.com\/dicodusport","article_published_time":"2024-01-29T11:14:57+00:00","article_modified_time":"2024-01-29T21:28:33+00:00","og_image":[{"width":1200,"height":674,"url":"https:\/\/dicodusport.fr\/blog\/wp-content\/uploads\/2024\/01\/Athletisme-Les-resultats-francais-a-retenir-de-ce-week-end-des-27-et-28-janvier.png","type":"image\/png"}],"author":"Etienne Goursaud","twitter_card":"summary_large_image","twitter_title":"Athl\u00e9tisme : Les r\u00e9sultats fran\u00e7ais \u00e0 retenir de ce week-end des 27 et 28 janvier","twitter_creator":"@dicodusport","twitter_site":"@dicodusport","schema":{"@context":"https:\/\/schema.org","@graph":[{"@type":"NewsArticle","@id":"https:\/\/dicodusport.fr\/blog\/athletisme-les-resultats-francais-a-retenir-de-ce-week-end-des-27-et-28-janvier\/#article","isPartOf":{"@id":"https:\/\/dicodusport.fr\/blog\/athletisme-les-resultats-francais-a-retenir-de-ce-week-end-des-27-et-28-janvier\/"},"author":{"name":"Etienne Goursaud","@id":"https:\/\/dicodusport.fr\/blog\/#\/schema\/person\/d603dd7da31fb2b46c82b9835a77ec13"},"headline":"Athl\u00e9tisme : Les r\u00e9sultats fran\u00e7ais \u00e0 retenir de ce week-end des 27 et 28 janvier","datePublished":"2024-01-29T11:14:57+00:00","dateModified":"2024-01-29T21:28:33+00:00","mainEntityOfPage":{"@id":"https:\/\/dicodusport.fr\/blog\/athletisme-les-resultats-francais-a-retenir-de-ce-week-end-des-27-et-28-janvier\/"},"wordCount":1025,"commentCount":0,"publisher":{"@id":"https:\/\/dicodusport.fr\/blog\/#organization"},"image":{"@id":"https:\/\/dicodusport.fr\/blog\/athletisme-les-resultats-francais-a-retenir-de-ce-week-end-des-27-et-28-janvier\/#primaryimage"},"thumbnailUrl":"https:\/\/dicodusport.fr\/blog\/wp-content\/uploads\/2024\/01\/Athletisme-Les-resultats-francais-a-retenir-de-ce-week-end-des-27-et-28-janvier.png","keywords":["Athl\u00e9tisme","Athl\u00e9tisme fran\u00e7ais","br\u00e8ve","Chlo\u00e9 Le Roch","Gabriel Bordier","Margot Chevrier","Milann Klemenic"],"articleSection":["Athl\u00e9tisme"],"inLanguage":"fr-FR","potentialAction":[{"@type":"CommentAction","name":"Comment","target":["https:\/\/dicodusport.fr\/blog\/athletisme-les-resultats-francais-a-retenir-de-ce-week-end-des-27-et-28-janvier\/#respond"]}],"copyrightYear":"2024","copyrightHolder":{"@id":"https:\/\/dicodusport.fr\/blog\/#organization"}},{"@type":"WebPage","@id":"https:\/\/dicodusport.fr\/blog\/athletisme-les-resultats-francais-a-retenir-de-ce-week-end-des-27-et-28-janvier\/","url":"https:\/\/dicodusport.fr\/blog\/athletisme-les-resultats-francais-a-retenir-de-ce-week-end-des-27-et-28-janvier\/","name":"Athl\u00e9tisme : Les r\u00e9sultats fran\u00e7ais \u00e0 retenir de ce week-end des 27 et 28 janvier","isPartOf":{"@id":"https:\/\/dicodusport.fr\/blog\/#website"},"primaryImageOfPage":{"@id":"https:\/\/dicodusport.fr\/blog\/athletisme-les-resultats-francais-a-retenir-de-ce-week-end-des-27-et-28-janvier\/#primaryimage"},"image":{"@id":"https:\/\/dicodusport.fr\/blog\/athletisme-les-resultats-francais-a-retenir-de-ce-week-end-des-27-et-28-janvier\/#primaryimage"},"thumbnailUrl":"https:\/\/dicodusport.fr\/blog\/wp-content\/uploads\/2024\/01\/Athletisme-Les-resultats-francais-a-retenir-de-ce-week-end-des-27-et-28-janvier.png","datePublished":"2024-01-29T11:14:57+00:00","dateModified":"2024-01-29T21:28:33+00:00","description":"ATHL\u00c9TISME - Tour d'horizon sur les performances des Fran\u00e7ais dans un week-end marqu\u00e9 par un record de France, un minima olympique. Mais aussi trois minima pour les Mondiaux en salle.","breadcrumb":{"@id":"https:\/\/dicodusport.fr\/blog\/athletisme-les-resultats-francais-a-retenir-de-ce-week-end-des-27-et-28-janvier\/#breadcrumb"},"inLanguage":"fr-FR","potentialAction":[{"@type":"ReadAction","target":["https:\/\/dicodusport.fr\/blog\/athletisme-les-resultats-francais-a-retenir-de-ce-week-end-des-27-et-28-janvier\/"]}]},{"@type":"ImageObject","inLanguage":"fr-FR","@id":"https:\/\/dicodusport.fr\/blog\/athletisme-les-resultats-francais-a-retenir-de-ce-week-end-des-27-et-28-janvier\/#primaryimage","url":"https:\/\/dicodusport.fr\/blog\/wp-content\/uploads\/2024\/01\/Athletisme-Les-resultats-francais-a-retenir-de-ce-week-end-des-27-et-28-janvier.png","contentUrl":"https:\/\/dicodusport.fr\/blog\/wp-content\/uploads\/2024\/01\/Athletisme-Les-resultats-francais-a-retenir-de-ce-week-end-des-27-et-28-janvier.png","width":1200,"height":674,"caption":"Athl\u00e9tisme Les r\u00e9sultats fran\u00e7ais \u00e0 retenir de ce week-end des 27 et 28 janvier"},{"@type":"BreadcrumbList","@id":"https:\/\/dicodusport.fr\/blog\/athletisme-les-resultats-francais-a-retenir-de-ce-week-end-des-27-et-28-janvier\/#breadcrumb","itemListElement":[{"@type":"ListItem","position":1,"name":"Accueil","item":"https:\/\/dicodusport.fr\/blog\/"},{"@type":"ListItem","position":2,"name":"Athl\u00e9tisme : Les r\u00e9sultats fran\u00e7ais \u00e0 retenir de ce week-end des 27 et 28 janvier"}]},{"@type":"WebSite","@id":"https:\/\/dicodusport.fr\/blog\/#website","url":"https:\/\/dicodusport.fr\/blog\/","name":"Dicodusport","description":"L&#039;encyclop\u00e9die de l&#039;actualit\u00e9 sportive","publisher":{"@id":"https:\/\/dicodusport.fr\/blog\/#organization"},"potentialAction":[{"@type":"SearchAction","target":{"@type":"EntryPoint","urlTemplate":"https:\/\/dicodusport.fr\/blog\/?s={search_term_string}"},"query-input":{"@type":"PropertyValueSpecification","valueRequired":true,"valueName":"search_term_string"}}],"inLanguage":"fr-FR"},{"@type":"NewsMediaOrganization","@id":"https:\/\/dicodusport.fr\/blog\/#organization","name":"Dicodusport","url":"https:\/\/dicodusport.fr\/blog\/","logo":{"@type":"ImageObject","inLanguage":"fr-FR","@id":"https:\/\/dicodusport.fr\/blog\/#\/schema\/logo\/image\/","url":"https:\/\/dicodusport.fr\/blog\/wp-content\/uploads\/2020\/06\/cropped-LOGO-DICODUSPORT-2020-SANS-FOND-SANS-TEXTE.png","contentUrl":"https:\/\/dicodusport.fr\/blog\/wp-content\/uploads\/2020\/06\/cropped-LOGO-DICODUSPORT-2020-SANS-FOND-SANS-TEXTE.png","width":512,"height":512,"caption":"Dicodusport"},"image":{"@id":"https:\/\/dicodusport.fr\/blog\/#\/schema\/logo\/image\/"},"sameAs":["https:\/\/www.facebook.com\/dicodusport","https:\/\/x.com\/dicodusport","https:\/\/www.instagram.com\/dicodusport\/","https:\/\/www.youtube.com\/channel\/UC7V2KZ5sd3htJivAbA4ZG3w"],"description":"Dicodusport est l'encyclop\u00e9die de l'actualit\u00e9 sportive.","email":"bonjour@dicodusport.fr","legalName":"DICODUSPORT","foundingDate":"2018-01-14","vatID":"FR71834470973","taxID":"83447097300043","numberOfEmployees":{"@type":"QuantitativeValue","minValue":"1","maxValue":"10"}},{"@type":"Person","@id":"https:\/\/dicodusport.fr\/blog\/#\/schema\/person\/d603dd7da31fb2b46c82b9835a77ec13","name":"Etienne Goursaud","image":{"@type":"ImageObject","inLanguage":"fr-FR","@id":"https:\/\/dicodusport.fr\/blog\/#\/schema\/person\/image\/","url":"https:\/\/dicodusport.fr\/blog\/wp-content\/uploads\/2023\/12\/410122264_10231602061736049_5565839791558026645_n-150x150.jpg","contentUrl":"https:\/\/dicodusport.fr\/blog\/wp-content\/uploads\/2023\/12\/410122264_10231602061736049_5565839791558026645_n-150x150.jpg","caption":"Etienne Goursaud"},"description":"Journaliste et amoureux de sport. Ancien footballeur reconverti athl\u00e8te quand ses muscles le laissent tranquille. \u00c9lev\u00e9 \u00e0 la sauce des exploits de Thomas Voeckler en 2004, du dernier essai de l\u00e9gende de Eunice Barber \u00e0 la longueur lors des championnats du monde d'athl\u00e9tisme de 2003 mais aussi Zidane, Omeyer et Titou Lamaison.","url":"https:\/\/dicodusport.fr\/blog\/author\/etienne-goursaud\/"}]}},"_links":{"self":[{"href":"https:\/\/dicodusport.fr\/blog\/wp-json\/wp\/v2\/posts\/457370","targetHints":{"allow":["GET"]}}],"collection":[{"href":"https:\/\/dicodusport.fr\/blog\/wp-json\/wp\/v2\/posts"}],"about":[{"href":"https:\/\/dicodusport.fr\/blog\/wp-json\/wp\/v2\/types\/post"}],"author":[{"embeddable":true,"href":"https:\/\/dicodusport.fr\/blog\/wp-json\/wp\/v2\/users\/83"}],"replies":[{"embeddable":true,"href":"https:\/\/dicodusport.fr\/blog\/wp-json\/wp\/v2\/comments?post=457370"}],"version-history":[{"count":7,"href":"https:\/\/dicodusport.fr\/blog\/wp-json\/wp\/v2\/posts\/457370\/revisions"}],"predecessor-version":[{"id":457930,"href":"https:\/\/dicodusport.fr\/blog\/wp-json\/wp\/v2\/posts\/457370\/revisions\/457930"}],"wp:featuredmedia":[{"embeddable":true,"href":"https:\/\/dicodusport.fr\/blog\/wp-json\/wp\/v2\/media\/457728"}],"wp:attachment":[{"href":"https:\/\/dicodusport.fr\/blog\/wp-json\/wp\/v2\/media?parent=457370"}],"wp:term":[{"taxonomy":"category","embeddable":true,"href":"https:\/\/dicodusport.fr\/blog\/wp-json\/wp\/v2\/categories?post=457370"},{"taxonomy":"post_tag","embeddable":true,"href":"https:\/\/dicodusport.fr\/blog\/wp-json\/wp\/v2\/tags?post=457370"}],"curies":[{"name":"wp","href":"https:\/\/api.w.org\/{rel}","templated":true}]}}