{"id":457518,"date":"2024-01-28T16:18:27","date_gmt":"2024-01-28T15:18:27","guid":{"rendered":"https:\/\/dicodusport.fr\/blog\/?p=457518&#038;preview=true&#038;preview_id=457518"},"modified":"2024-01-28T17:01:05","modified_gmt":"2024-01-28T16:01:05","slug":"coupe-du-monde-de-cyclo-cross-mathieu-van-der-poel-renoue-avec-la-victoire-a-hoogerheide","status":"publish","type":"post","link":"https:\/\/dicodusport.fr\/blog\/coupe-du-monde-de-cyclo-cross-mathieu-van-der-poel-renoue-avec-la-victoire-a-hoogerheide\/","title":{"rendered":"Coupe du monde de cyclo-cross : Mathieu van der Poel renoue avec la victoire \u00e0 Hoogerheide"},"content":{"rendered":"<p style=\"text-align: justify;\"><strong><em>COUPE DU MONDE DE CYCLO-CROSS &#8211; Mathieu van der Poel n&rsquo;a laiss\u00e9 aucune chance \u00e0 ses concurrents sur la derni\u00e8re manche de Coupe du monde \u00e0 Hoogerheide. \u00c0 domicile, il a plac\u00e9 son ultime d\u00e9marrage dans l&rsquo;avant-dernier tour pour l&#8217;emporter en solitaire.<\/em><\/strong><\/p>\n<ul>\n<li style=\"text-align: justify;\"><strong>\u00c0 ce sujet &#8211; <a href=\"https:\/\/dicodusport.fr\/blog\/cyclo-cross-hoogerheide-2024-classement-course-hommes\/\">Cyclo-cross Hoogerheide 2024 \u2013 Classement course hommes<\/a><\/strong><\/li>\n<\/ul>\n<p style=\"text-align: justify;\">Apr\u00e8s une l\u00e9g\u00e8re d\u00e9ception la semaine derni\u00e8re sur le circuit de Benidorm, <strong>Mathieu van der Poel<\/strong> a remis les pendules \u00e0 l&rsquo;heure ce dimanche. Seulement cinqui\u00e8me le week-end dernier, il s&rsquo;impose cette fois avec la mani\u00e8re et en contr\u00f4lant ses principaux rivaux. Il devance finalement deux autres N\u00e9erlandais, <strong>Joris Nieuwenhuis<\/strong> et <strong>Pim Ronhaar<\/strong>. Le coureur d&rsquo;<strong>Alpecin-Deceuninck<\/strong> se pose ainsi en immense favori pour les Mondiaux de Tabor dimanche prochain.<\/p>\n<blockquote class=\"twitter-tweet\">\n<p dir=\"ltr\" lang=\"fr\">Mathieu van der Poel se montre le plus fort \u00e0 Hoogerheide sur la 14e et derni\u00e8re manche de la Coupe du monde de cyclo-cross! Sorti dans l&rsquo;avant-dernier tour, MVDP a devanc\u00e9 Joris Nieuwenhuis. 5e, le Belge Eli Iserbyt (26 ans) remporte pour la 2e fois le g\u00e9n\u00e9ral final. <a href=\"https:\/\/twitter.com\/hashtag\/CXWorldCup?src=hash&amp;ref_src=twsrc%5Etfw\">#CXWorldCup<\/a> <a href=\"https:\/\/t.co\/E4NYDoaPB5\">pic.twitter.com\/E4NYDoaPB5<\/a><\/p>\n<p>\u2014 Le Gruppetto (@LeGruppetto) <a href=\"https:\/\/twitter.com\/LeGruppetto\/status\/1751624833773777031?ref_src=twsrc%5Etfw\">January 28, 2024<\/a><\/p><\/blockquote>\n<p><script async src=\"https:\/\/platform.twitter.com\/widgets.js\" charset=\"utf-8\"><\/script><\/p>\n<h2 style=\"text-align: justify;\">Cinq coureurs au-dessus du lot<\/h2>\n<p style=\"text-align: justify;\">Apr\u00e8s deux tours effectu\u00e9s sur un train de s\u00e9nateur en peloton, la course s&rsquo;est d\u00e9cant\u00e9e au Tour 3. Cinq hommes se sont logiquement d\u00e9tach\u00e9s \u00e0 la p\u00e9dale : <strong>Mathieu Van der Poel<\/strong>, <strong>Joris Nieuwenhuis<\/strong>, <strong>Pim Ronhaar<\/strong>, et les Belges <strong>Eli Iserbyt<\/strong> et <strong>Thibau Nys<\/strong>. <strong>Lars van der Haar<\/strong> et le Fran\u00e7ais <strong>Cl\u00e9ment Venturini<\/strong> sont parvenus \u00e0 rentrer un temps avant de c\u00e9der \u00e0 nouveau dans le final.<\/p>\n<p style=\"text-align: justify;\">Le champion du monde en titre a construit sa victoire en deux temps. Il a d&rsquo;abord test\u00e9 ses adversaires au sixi\u00e8me tour et seul <strong>Thibau Nys<\/strong> a pu suivre. Il en a ensuite remis une couche au huiti\u00e8me tour. Un temps accompagn\u00e9, de nouveau, par Nys, il s&rsquo;est finalement envol\u00e9. Quant au Belge, il a sembl\u00e9 se mettre dans le rouge et termine finalement quatri\u00e8me. On notera l&rsquo;excellente huiti\u00e8me place de <strong>Cl\u00e9ment Venturini<\/strong>.<\/p>\n<h2 style=\"text-align: justify;\">Un d\u00e9but de course \u00e9maill\u00e9 d&rsquo;incidents<\/h2>\n<p style=\"text-align: justify;\">Rouler en peloton lors des deux premiers tours a provoqu\u00e9 quelques couacs. <strong>Michael Vanthourenhout<\/strong>, le champion d&rsquo;Europe, en a \u00e9t\u00e9 la principale victime. D&rsquo;abord ralenti, il est ensuite tomb\u00e9 suite \u00e0 un accrochage avec <strong>Ryan Kamp<\/strong>. Il n&rsquo;a jamais pu revenir dans le jeu pour la victoire.<\/p>\n<p style=\"text-align: justify;\">\n","protected":false},"excerpt":{"rendered":"<p>COUPE DU MONDE DE CYCLO-CROSS &#8211; Mathieu van der Poel n&rsquo;a laiss\u00e9 aucune chance \u00e0 ses concurrents sur la derni\u00e8re manche de Coupe du monde \u00e0 Hoogerheide.<\/p>\n","protected":false},"author":92,"featured_media":447612,"comment_status":"open","ping_status":"closed","sticky":false,"template":"","format":"standard","meta":{"_acf_changed":false,"_daextam_enable_autolinks":"1","footnotes":""},"categories":[9611],"tags":[16878,6666,6597,37428],"class_list":["post-457518","post","type-post","status-publish","format-standard","has-post-thumbnail","hentry","category-cyclo-cross","tag-breve","tag-cyclo-cross","tag-mathieu-van-der-poel","tag-thibau-nys"],"acf":[],"yoast_head":"<!-- This site is optimized with the Yoast SEO Premium plugin v26.7 (Yoast SEO v26.7) - https:\/\/yoast.com\/wordpress\/plugins\/seo\/ -->\n<title>Coupe du monde de cyclo-cross : Mathieu van der Poel renoue avec la victoire \u00e0 Hoogerheide<\/title>\n<meta name=\"description\" content=\"COUPE DU MONDE DE CYCLO-CROSS - Mathieu van der Poel remporte la derni\u00e8re manche de Coupe du monde \u00e0 Hoogerheide en solitaire.\" \/>\n<meta name=\"robots\" content=\"index, follow, max-snippet:-1, max-image-preview:large, max-video-preview:-1\" \/>\n<link rel=\"canonical\" href=\"https:\/\/dicodusport.fr\/blog\/coupe-du-monde-de-cyclo-cross-mathieu-van-der-poel-renoue-avec-la-victoire-a-hoogerheide\/\" \/>\n<meta property=\"og:locale\" content=\"fr_FR\" \/>\n<meta property=\"og:type\" content=\"article\" \/>\n<meta property=\"og:title\" content=\"Coupe du monde de cyclo-cross : Mathieu van der Poel renoue avec la victoire \u00e0 Hoogerheide\" \/>\n<meta property=\"og:description\" content=\"COUPE DU MONDE DE CYCLO-CROSS - Mathieu van der Poel remporte la derni\u00e8re manche de Coupe du monde \u00e0 Hoogerheide en solitaire.\" \/>\n<meta property=\"og:url\" content=\"https:\/\/dicodusport.fr\/blog\/coupe-du-monde-de-cyclo-cross-mathieu-van-der-poel-renoue-avec-la-victoire-a-hoogerheide\/\" \/>\n<meta property=\"og:site_name\" content=\"Dicodusport\" \/>\n<meta property=\"article:publisher\" content=\"https:\/\/www.facebook.com\/dicodusport\" \/>\n<meta property=\"article:published_time\" content=\"2024-01-28T15:18:27+00:00\" \/>\n<meta property=\"article:modified_time\" content=\"2024-01-28T16:01:05+00:00\" \/>\n<meta property=\"og:image\" content=\"https:\/\/dicodusport.fr\/blog\/wp-content\/uploads\/2023\/12\/Cyclo-cross-Gavere-2023-Encore-une-demonstration-de-Mathieu-van-der-Poel.png\" \/>\n\t<meta property=\"og:image:width\" content=\"1200\" \/>\n\t<meta property=\"og:image:height\" content=\"674\" \/>\n\t<meta property=\"og:image:type\" content=\"image\/png\" \/>\n<meta name=\"author\" content=\"Olivier Dobiezynski\" \/>\n<meta name=\"twitter:card\" content=\"summary_large_image\" \/>\n<meta name=\"twitter:title\" content=\"Coupe du monde de cyclo-cross : Mathieu van der Poel renoue avec la victoire \u00e0 Hoogerheide\" \/>\n<meta name=\"twitter:creator\" content=\"@https:\/\/x.com\/Olivier_Matros\" \/>\n<meta name=\"twitter:site\" content=\"@dicodusport\" \/>\n<script type=\"application\/ld+json\" class=\"yoast-schema-graph\">{\"@context\":\"https:\/\/schema.org\",\"@graph\":[{\"@type\":\"NewsArticle\",\"@id\":\"https:\/\/dicodusport.fr\/blog\/coupe-du-monde-de-cyclo-cross-mathieu-van-der-poel-renoue-avec-la-victoire-a-hoogerheide\/#article\",\"isPartOf\":{\"@id\":\"https:\/\/dicodusport.fr\/blog\/coupe-du-monde-de-cyclo-cross-mathieu-van-der-poel-renoue-avec-la-victoire-a-hoogerheide\/\"},\"author\":{\"name\":\"Olivier Dobiezynski\",\"@id\":\"https:\/\/dicodusport.fr\/blog\/#\/schema\/person\/fe500246414ca17ddf0c0312d7a792cc\"},\"headline\":\"Coupe du monde de cyclo-cross : Mathieu van der Poel renoue avec la victoire \u00e0 Hoogerheide\",\"datePublished\":\"2024-01-28T15:18:27+00:00\",\"dateModified\":\"2024-01-28T16:01:05+00:00\",\"mainEntityOfPage\":{\"@id\":\"https:\/\/dicodusport.fr\/blog\/coupe-du-monde-de-cyclo-cross-mathieu-van-der-poel-renoue-avec-la-victoire-a-hoogerheide\/\"},\"wordCount\":423,\"commentCount\":0,\"publisher\":{\"@id\":\"https:\/\/dicodusport.fr\/blog\/#organization\"},\"image\":{\"@id\":\"https:\/\/dicodusport.fr\/blog\/coupe-du-monde-de-cyclo-cross-mathieu-van-der-poel-renoue-avec-la-victoire-a-hoogerheide\/#primaryimage\"},\"thumbnailUrl\":\"https:\/\/dicodusport.fr\/blog\/wp-content\/uploads\/2023\/12\/Cyclo-cross-Gavere-2023-Encore-une-demonstration-de-Mathieu-van-der-Poel.png\",\"keywords\":[\"br\u00e8ve\",\"Cyclo-cross\",\"Mathieu van der Poel\",\"Thibau Nys\"],\"articleSection\":[\"Cyclo-cross\"],\"inLanguage\":\"fr-FR\",\"potentialAction\":[{\"@type\":\"CommentAction\",\"name\":\"Comment\",\"target\":[\"https:\/\/dicodusport.fr\/blog\/coupe-du-monde-de-cyclo-cross-mathieu-van-der-poel-renoue-avec-la-victoire-a-hoogerheide\/#respond\"]}],\"copyrightYear\":\"2024\",\"copyrightHolder\":{\"@id\":\"https:\/\/dicodusport.fr\/blog\/#organization\"}},{\"@type\":\"WebPage\",\"@id\":\"https:\/\/dicodusport.fr\/blog\/coupe-du-monde-de-cyclo-cross-mathieu-van-der-poel-renoue-avec-la-victoire-a-hoogerheide\/\",\"url\":\"https:\/\/dicodusport.fr\/blog\/coupe-du-monde-de-cyclo-cross-mathieu-van-der-poel-renoue-avec-la-victoire-a-hoogerheide\/\",\"name\":\"Coupe du monde de cyclo-cross : Mathieu van der Poel renoue avec la victoire \u00e0 Hoogerheide\",\"isPartOf\":{\"@id\":\"https:\/\/dicodusport.fr\/blog\/#website\"},\"primaryImageOfPage\":{\"@id\":\"https:\/\/dicodusport.fr\/blog\/coupe-du-monde-de-cyclo-cross-mathieu-van-der-poel-renoue-avec-la-victoire-a-hoogerheide\/#primaryimage\"},\"image\":{\"@id\":\"https:\/\/dicodusport.fr\/blog\/coupe-du-monde-de-cyclo-cross-mathieu-van-der-poel-renoue-avec-la-victoire-a-hoogerheide\/#primaryimage\"},\"thumbnailUrl\":\"https:\/\/dicodusport.fr\/blog\/wp-content\/uploads\/2023\/12\/Cyclo-cross-Gavere-2023-Encore-une-demonstration-de-Mathieu-van-der-Poel.png\",\"datePublished\":\"2024-01-28T15:18:27+00:00\",\"dateModified\":\"2024-01-28T16:01:05+00:00\",\"description\":\"COUPE DU MONDE DE CYCLO-CROSS - Mathieu van der Poel remporte la derni\u00e8re manche de Coupe du monde \u00e0 Hoogerheide en solitaire.\",\"breadcrumb\":{\"@id\":\"https:\/\/dicodusport.fr\/blog\/coupe-du-monde-de-cyclo-cross-mathieu-van-der-poel-renoue-avec-la-victoire-a-hoogerheide\/#breadcrumb\"},\"inLanguage\":\"fr-FR\",\"potentialAction\":[{\"@type\":\"ReadAction\",\"target\":[\"https:\/\/dicodusport.fr\/blog\/coupe-du-monde-de-cyclo-cross-mathieu-van-der-poel-renoue-avec-la-victoire-a-hoogerheide\/\"]}]},{\"@type\":\"ImageObject\",\"inLanguage\":\"fr-FR\",\"@id\":\"https:\/\/dicodusport.fr\/blog\/coupe-du-monde-de-cyclo-cross-mathieu-van-der-poel-renoue-avec-la-victoire-a-hoogerheide\/#primaryimage\",\"url\":\"https:\/\/dicodusport.fr\/blog\/wp-content\/uploads\/2023\/12\/Cyclo-cross-Gavere-2023-Encore-une-demonstration-de-Mathieu-van-der-Poel.png\",\"contentUrl\":\"https:\/\/dicodusport.fr\/blog\/wp-content\/uploads\/2023\/12\/Cyclo-cross-Gavere-2023-Encore-une-demonstration-de-Mathieu-van-der-Poel.png\",\"width\":1200,\"height\":674,\"caption\":\"Coupe du monde de cyclo-cross : Mathieu van der Poel renoue avec la victoire \u00e0 Hoogerheide\"},{\"@type\":\"BreadcrumbList\",\"@id\":\"https:\/\/dicodusport.fr\/blog\/coupe-du-monde-de-cyclo-cross-mathieu-van-der-poel-renoue-avec-la-victoire-a-hoogerheide\/#breadcrumb\",\"itemListElement\":[{\"@type\":\"ListItem\",\"position\":1,\"name\":\"Accueil\",\"item\":\"https:\/\/dicodusport.fr\/blog\/\"},{\"@type\":\"ListItem\",\"position\":2,\"name\":\"Coupe du monde de cyclo-cross : Mathieu van der Poel renoue avec la victoire \u00e0 Hoogerheide\"}]},{\"@type\":\"WebSite\",\"@id\":\"https:\/\/dicodusport.fr\/blog\/#website\",\"url\":\"https:\/\/dicodusport.fr\/blog\/\",\"name\":\"Dicodusport\",\"description\":\"L&#039;encyclop\u00e9die de l&#039;actualit\u00e9 sportive\",\"publisher\":{\"@id\":\"https:\/\/dicodusport.fr\/blog\/#organization\"},\"potentialAction\":[{\"@type\":\"SearchAction\",\"target\":{\"@type\":\"EntryPoint\",\"urlTemplate\":\"https:\/\/dicodusport.fr\/blog\/?s={search_term_string}\"},\"query-input\":{\"@type\":\"PropertyValueSpecification\",\"valueRequired\":true,\"valueName\":\"search_term_string\"}}],\"inLanguage\":\"fr-FR\"},{\"@type\":\"NewsMediaOrganization\",\"@id\":\"https:\/\/dicodusport.fr\/blog\/#organization\",\"name\":\"Dicodusport\",\"url\":\"https:\/\/dicodusport.fr\/blog\/\",\"logo\":{\"@type\":\"ImageObject\",\"inLanguage\":\"fr-FR\",\"@id\":\"https:\/\/dicodusport.fr\/blog\/#\/schema\/logo\/image\/\",\"url\":\"https:\/\/dicodusport.fr\/blog\/wp-content\/uploads\/2020\/06\/cropped-LOGO-DICODUSPORT-2020-SANS-FOND-SANS-TEXTE.png\",\"contentUrl\":\"https:\/\/dicodusport.fr\/blog\/wp-content\/uploads\/2020\/06\/cropped-LOGO-DICODUSPORT-2020-SANS-FOND-SANS-TEXTE.png\",\"width\":512,\"height\":512,\"caption\":\"Dicodusport\"},\"image\":{\"@id\":\"https:\/\/dicodusport.fr\/blog\/#\/schema\/logo\/image\/\"},\"sameAs\":[\"https:\/\/www.facebook.com\/dicodusport\",\"https:\/\/x.com\/dicodusport\",\"https:\/\/www.instagram.com\/dicodusport\/\",\"https:\/\/www.youtube.com\/channel\/UC7V2KZ5sd3htJivAbA4ZG3w\"],\"description\":\"Dicodusport est l'encyclop\u00e9die de l'actualit\u00e9 sportive.\",\"email\":\"bonjour@dicodusport.fr\",\"legalName\":\"DICODUSPORT\",\"foundingDate\":\"2018-01-14\",\"vatID\":\"FR71834470973\",\"taxID\":\"83447097300043\",\"numberOfEmployees\":{\"@type\":\"QuantitativeValue\",\"minValue\":\"1\",\"maxValue\":\"10\"}},{\"@type\":\"Person\",\"@id\":\"https:\/\/dicodusport.fr\/blog\/#\/schema\/person\/fe500246414ca17ddf0c0312d7a792cc\",\"name\":\"Olivier Dobiezynski\",\"image\":{\"@type\":\"ImageObject\",\"inLanguage\":\"fr-FR\",\"@id\":\"https:\/\/dicodusport.fr\/blog\/#\/schema\/person\/image\/\",\"url\":\"https:\/\/dicodusport.fr\/blog\/wp-content\/uploads\/2024\/09\/5be8fe8d-9962-4f1e-ad06-d6f9dee30e6d-150x150.jpg\",\"contentUrl\":\"https:\/\/dicodusport.fr\/blog\/wp-content\/uploads\/2024\/09\/5be8fe8d-9962-4f1e-ad06-d6f9dee30e6d-150x150.jpg\",\"caption\":\"Olivier Dobiezynski\"},\"description\":\"Depuis le milieu des ann\u00e9es 90, la passion du cyclisme m'anime. Mes h\u00e9ros s'appellent Luc Leblanc, Piotr Ugrumov, Paolo Savoldelli, Peter Sagan et bien \u00e9videmment Romain Bardet. R\u00e9dacteur depuis 2023, je suis ici pour partager cet amour de la Petite Reine. Vous pourrez me lire \u00e9galement sur du trail, du ski de fond et tout autre sujet susceptible d'\u00e9veiller ma curiosit\u00e9 sportive.\",\"sameAs\":[\"https:\/\/x.com\/https:\/\/x.com\/Olivier_Matros\"],\"url\":\"https:\/\/dicodusport.fr\/blog\/author\/olivier-gh\/\"}]}<\/script>\n<!-- \/ Yoast SEO Premium plugin. -->","yoast_head_json":{"title":"Coupe du monde de cyclo-cross : Mathieu van der Poel renoue avec la victoire \u00e0 Hoogerheide","description":"COUPE DU MONDE DE CYCLO-CROSS - Mathieu van der Poel remporte la derni\u00e8re manche de Coupe du monde \u00e0 Hoogerheide en solitaire.","robots":{"index":"index","follow":"follow","max-snippet":"max-snippet:-1","max-image-preview":"max-image-preview:large","max-video-preview":"max-video-preview:-1"},"canonical":"https:\/\/dicodusport.fr\/blog\/coupe-du-monde-de-cyclo-cross-mathieu-van-der-poel-renoue-avec-la-victoire-a-hoogerheide\/","og_locale":"fr_FR","og_type":"article","og_title":"Coupe du monde de cyclo-cross : Mathieu van der Poel renoue avec la victoire \u00e0 Hoogerheide","og_description":"COUPE DU MONDE DE CYCLO-CROSS - Mathieu van der Poel remporte la derni\u00e8re manche de Coupe du monde \u00e0 Hoogerheide en solitaire.","og_url":"https:\/\/dicodusport.fr\/blog\/coupe-du-monde-de-cyclo-cross-mathieu-van-der-poel-renoue-avec-la-victoire-a-hoogerheide\/","og_site_name":"Dicodusport","article_publisher":"https:\/\/www.facebook.com\/dicodusport","article_published_time":"2024-01-28T15:18:27+00:00","article_modified_time":"2024-01-28T16:01:05+00:00","og_image":[{"width":1200,"height":674,"url":"https:\/\/dicodusport.fr\/blog\/wp-content\/uploads\/2023\/12\/Cyclo-cross-Gavere-2023-Encore-une-demonstration-de-Mathieu-van-der-Poel.png","type":"image\/png"}],"author":"Olivier Dobiezynski","twitter_card":"summary_large_image","twitter_title":"Coupe du monde de cyclo-cross : Mathieu van der Poel renoue avec la victoire \u00e0 Hoogerheide","twitter_creator":"@https:\/\/x.com\/Olivier_Matros","twitter_site":"@dicodusport","schema":{"@context":"https:\/\/schema.org","@graph":[{"@type":"NewsArticle","@id":"https:\/\/dicodusport.fr\/blog\/coupe-du-monde-de-cyclo-cross-mathieu-van-der-poel-renoue-avec-la-victoire-a-hoogerheide\/#article","isPartOf":{"@id":"https:\/\/dicodusport.fr\/blog\/coupe-du-monde-de-cyclo-cross-mathieu-van-der-poel-renoue-avec-la-victoire-a-hoogerheide\/"},"author":{"name":"Olivier Dobiezynski","@id":"https:\/\/dicodusport.fr\/blog\/#\/schema\/person\/fe500246414ca17ddf0c0312d7a792cc"},"headline":"Coupe du monde de cyclo-cross : Mathieu van der Poel renoue avec la victoire \u00e0 Hoogerheide","datePublished":"2024-01-28T15:18:27+00:00","dateModified":"2024-01-28T16:01:05+00:00","mainEntityOfPage":{"@id":"https:\/\/dicodusport.fr\/blog\/coupe-du-monde-de-cyclo-cross-mathieu-van-der-poel-renoue-avec-la-victoire-a-hoogerheide\/"},"wordCount":423,"commentCount":0,"publisher":{"@id":"https:\/\/dicodusport.fr\/blog\/#organization"},"image":{"@id":"https:\/\/dicodusport.fr\/blog\/coupe-du-monde-de-cyclo-cross-mathieu-van-der-poel-renoue-avec-la-victoire-a-hoogerheide\/#primaryimage"},"thumbnailUrl":"https:\/\/dicodusport.fr\/blog\/wp-content\/uploads\/2023\/12\/Cyclo-cross-Gavere-2023-Encore-une-demonstration-de-Mathieu-van-der-Poel.png","keywords":["br\u00e8ve","Cyclo-cross","Mathieu van der Poel","Thibau Nys"],"articleSection":["Cyclo-cross"],"inLanguage":"fr-FR","potentialAction":[{"@type":"CommentAction","name":"Comment","target":["https:\/\/dicodusport.fr\/blog\/coupe-du-monde-de-cyclo-cross-mathieu-van-der-poel-renoue-avec-la-victoire-a-hoogerheide\/#respond"]}],"copyrightYear":"2024","copyrightHolder":{"@id":"https:\/\/dicodusport.fr\/blog\/#organization"}},{"@type":"WebPage","@id":"https:\/\/dicodusport.fr\/blog\/coupe-du-monde-de-cyclo-cross-mathieu-van-der-poel-renoue-avec-la-victoire-a-hoogerheide\/","url":"https:\/\/dicodusport.fr\/blog\/coupe-du-monde-de-cyclo-cross-mathieu-van-der-poel-renoue-avec-la-victoire-a-hoogerheide\/","name":"Coupe du monde de cyclo-cross : Mathieu van der Poel renoue avec la victoire \u00e0 Hoogerheide","isPartOf":{"@id":"https:\/\/dicodusport.fr\/blog\/#website"},"primaryImageOfPage":{"@id":"https:\/\/dicodusport.fr\/blog\/coupe-du-monde-de-cyclo-cross-mathieu-van-der-poel-renoue-avec-la-victoire-a-hoogerheide\/#primaryimage"},"image":{"@id":"https:\/\/dicodusport.fr\/blog\/coupe-du-monde-de-cyclo-cross-mathieu-van-der-poel-renoue-avec-la-victoire-a-hoogerheide\/#primaryimage"},"thumbnailUrl":"https:\/\/dicodusport.fr\/blog\/wp-content\/uploads\/2023\/12\/Cyclo-cross-Gavere-2023-Encore-une-demonstration-de-Mathieu-van-der-Poel.png","datePublished":"2024-01-28T15:18:27+00:00","dateModified":"2024-01-28T16:01:05+00:00","description":"COUPE DU MONDE DE CYCLO-CROSS - Mathieu van der Poel remporte la derni\u00e8re manche de Coupe du monde \u00e0 Hoogerheide en solitaire.","breadcrumb":{"@id":"https:\/\/dicodusport.fr\/blog\/coupe-du-monde-de-cyclo-cross-mathieu-van-der-poel-renoue-avec-la-victoire-a-hoogerheide\/#breadcrumb"},"inLanguage":"fr-FR","potentialAction":[{"@type":"ReadAction","target":["https:\/\/dicodusport.fr\/blog\/coupe-du-monde-de-cyclo-cross-mathieu-van-der-poel-renoue-avec-la-victoire-a-hoogerheide\/"]}]},{"@type":"ImageObject","inLanguage":"fr-FR","@id":"https:\/\/dicodusport.fr\/blog\/coupe-du-monde-de-cyclo-cross-mathieu-van-der-poel-renoue-avec-la-victoire-a-hoogerheide\/#primaryimage","url":"https:\/\/dicodusport.fr\/blog\/wp-content\/uploads\/2023\/12\/Cyclo-cross-Gavere-2023-Encore-une-demonstration-de-Mathieu-van-der-Poel.png","contentUrl":"https:\/\/dicodusport.fr\/blog\/wp-content\/uploads\/2023\/12\/Cyclo-cross-Gavere-2023-Encore-une-demonstration-de-Mathieu-van-der-Poel.png","width":1200,"height":674,"caption":"Coupe du monde de cyclo-cross : Mathieu van der Poel renoue avec la victoire \u00e0 Hoogerheide"},{"@type":"BreadcrumbList","@id":"https:\/\/dicodusport.fr\/blog\/coupe-du-monde-de-cyclo-cross-mathieu-van-der-poel-renoue-avec-la-victoire-a-hoogerheide\/#breadcrumb","itemListElement":[{"@type":"ListItem","position":1,"name":"Accueil","item":"https:\/\/dicodusport.fr\/blog\/"},{"@type":"ListItem","position":2,"name":"Coupe du monde de cyclo-cross : Mathieu van der Poel renoue avec la victoire \u00e0 Hoogerheide"}]},{"@type":"WebSite","@id":"https:\/\/dicodusport.fr\/blog\/#website","url":"https:\/\/dicodusport.fr\/blog\/","name":"Dicodusport","description":"L&#039;encyclop\u00e9die de l&#039;actualit\u00e9 sportive","publisher":{"@id":"https:\/\/dicodusport.fr\/blog\/#organization"},"potentialAction":[{"@type":"SearchAction","target":{"@type":"EntryPoint","urlTemplate":"https:\/\/dicodusport.fr\/blog\/?s={search_term_string}"},"query-input":{"@type":"PropertyValueSpecification","valueRequired":true,"valueName":"search_term_string"}}],"inLanguage":"fr-FR"},{"@type":"NewsMediaOrganization","@id":"https:\/\/dicodusport.fr\/blog\/#organization","name":"Dicodusport","url":"https:\/\/dicodusport.fr\/blog\/","logo":{"@type":"ImageObject","inLanguage":"fr-FR","@id":"https:\/\/dicodusport.fr\/blog\/#\/schema\/logo\/image\/","url":"https:\/\/dicodusport.fr\/blog\/wp-content\/uploads\/2020\/06\/cropped-LOGO-DICODUSPORT-2020-SANS-FOND-SANS-TEXTE.png","contentUrl":"https:\/\/dicodusport.fr\/blog\/wp-content\/uploads\/2020\/06\/cropped-LOGO-DICODUSPORT-2020-SANS-FOND-SANS-TEXTE.png","width":512,"height":512,"caption":"Dicodusport"},"image":{"@id":"https:\/\/dicodusport.fr\/blog\/#\/schema\/logo\/image\/"},"sameAs":["https:\/\/www.facebook.com\/dicodusport","https:\/\/x.com\/dicodusport","https:\/\/www.instagram.com\/dicodusport\/","https:\/\/www.youtube.com\/channel\/UC7V2KZ5sd3htJivAbA4ZG3w"],"description":"Dicodusport est l'encyclop\u00e9die de l'actualit\u00e9 sportive.","email":"bonjour@dicodusport.fr","legalName":"DICODUSPORT","foundingDate":"2018-01-14","vatID":"FR71834470973","taxID":"83447097300043","numberOfEmployees":{"@type":"QuantitativeValue","minValue":"1","maxValue":"10"}},{"@type":"Person","@id":"https:\/\/dicodusport.fr\/blog\/#\/schema\/person\/fe500246414ca17ddf0c0312d7a792cc","name":"Olivier Dobiezynski","image":{"@type":"ImageObject","inLanguage":"fr-FR","@id":"https:\/\/dicodusport.fr\/blog\/#\/schema\/person\/image\/","url":"https:\/\/dicodusport.fr\/blog\/wp-content\/uploads\/2024\/09\/5be8fe8d-9962-4f1e-ad06-d6f9dee30e6d-150x150.jpg","contentUrl":"https:\/\/dicodusport.fr\/blog\/wp-content\/uploads\/2024\/09\/5be8fe8d-9962-4f1e-ad06-d6f9dee30e6d-150x150.jpg","caption":"Olivier Dobiezynski"},"description":"Depuis le milieu des ann\u00e9es 90, la passion du cyclisme m'anime. Mes h\u00e9ros s'appellent Luc Leblanc, Piotr Ugrumov, Paolo Savoldelli, Peter Sagan et bien \u00e9videmment Romain Bardet. R\u00e9dacteur depuis 2023, je suis ici pour partager cet amour de la Petite Reine. Vous pourrez me lire \u00e9galement sur du trail, du ski de fond et tout autre sujet susceptible d'\u00e9veiller ma curiosit\u00e9 sportive.","sameAs":["https:\/\/x.com\/https:\/\/x.com\/Olivier_Matros"],"url":"https:\/\/dicodusport.fr\/blog\/author\/olivier-gh\/"}]}},"_links":{"self":[{"href":"https:\/\/dicodusport.fr\/blog\/wp-json\/wp\/v2\/posts\/457518","targetHints":{"allow":["GET"]}}],"collection":[{"href":"https:\/\/dicodusport.fr\/blog\/wp-json\/wp\/v2\/posts"}],"about":[{"href":"https:\/\/dicodusport.fr\/blog\/wp-json\/wp\/v2\/types\/post"}],"author":[{"embeddable":true,"href":"https:\/\/dicodusport.fr\/blog\/wp-json\/wp\/v2\/users\/92"}],"replies":[{"embeddable":true,"href":"https:\/\/dicodusport.fr\/blog\/wp-json\/wp\/v2\/comments?post=457518"}],"version-history":[{"count":5,"href":"https:\/\/dicodusport.fr\/blog\/wp-json\/wp\/v2\/posts\/457518\/revisions"}],"predecessor-version":[{"id":457619,"href":"https:\/\/dicodusport.fr\/blog\/wp-json\/wp\/v2\/posts\/457518\/revisions\/457619"}],"wp:featuredmedia":[{"embeddable":true,"href":"https:\/\/dicodusport.fr\/blog\/wp-json\/wp\/v2\/media\/447612"}],"wp:attachment":[{"href":"https:\/\/dicodusport.fr\/blog\/wp-json\/wp\/v2\/media?parent=457518"}],"wp:term":[{"taxonomy":"category","embeddable":true,"href":"https:\/\/dicodusport.fr\/blog\/wp-json\/wp\/v2\/categories?post=457518"},{"taxonomy":"post_tag","embeddable":true,"href":"https:\/\/dicodusport.fr\/blog\/wp-json\/wp\/v2\/tags?post=457518"}],"curies":[{"name":"wp","href":"https:\/\/api.w.org\/{rel}","templated":true}]}}