{"id":457774,"date":"2024-01-29T11:00:08","date_gmt":"2024-01-29T10:00:08","guid":{"rendered":"https:\/\/dicodusport.fr\/blog\/?p=457774&#038;preview=true&#038;preview_id=457774"},"modified":"2024-01-29T09:26:33","modified_gmt":"2024-01-29T08:26:33","slug":"cyclisme-pithie-van-eetvelt-ewan-le-barometre-de-la-semaine-du-22-au-28-janvier","status":"publish","type":"post","link":"https:\/\/dicodusport.fr\/blog\/cyclisme-pithie-van-eetvelt-ewan-le-barometre-de-la-semaine-du-22-au-28-janvier\/","title":{"rendered":"Cyclisme : Pithie, Van Eetvelt, Ewan, le barom\u00e8tre de la semaine du 22 au 28 janvier"},"content":{"rendered":"<p style=\"text-align: justify;\"><strong><em>CYCLISME SUR ROUTE 2024 &#8211; Le barom\u00e8tre Dicodusport de la deuxi\u00e8me grande semaine de cyclisme. D\u00e9couvrez les hauts et les bas de la semaine du 22 au 28 janvier.<\/em><\/strong><\/p>\n<h2>En hausse<\/h2>\n<h3 style=\"text-align: justify;\">Laurence Pithie (Groupama-FDJ)<\/h3>\n<p style=\"text-align: justify;\">La premi\u00e8re grande victoire 2024, sur une course d&rsquo;un jour estampill\u00e9e World Tour, est pour <strong>Laurence Pithie<\/strong>. Le puncheur-sprinteur n\u00e9o-z\u00e9landais n&rsquo;a que 21 ans, mais vient de prendre du galon. D\u00e9j\u00e0 en vue, dans certaines \u00e9tapes difficiles du Tour Down Under, il a r\u00e9gl\u00e9 un petit groupe au sprint, ce dimanche, lors de la <a href=\"https:\/\/dicodusport.fr\/blog\/classement-cadel-evans-road-race-2024\/\"><strong>Cadel Evans Road Race<\/strong><\/a>. Apr\u00e8s des r\u00e9sultats int\u00e9ressants en 2023, et pour sa 2e course World Tour d&rsquo;un jour (seulement) en carri\u00e8re, il l\u00e8ve d\u00e9j\u00e0 les bras. Sans s&rsquo;avancer, c&rsquo;est une victoire qui peut appeler d&rsquo;autres bons r\u00e9sultats cette saison. On n&rsquo;a sans doute pas fini d&rsquo;entendre parler de lui.<\/p>\n<div class=\"vlp-link-container vlp-layout-article\"><a href=\"https:\/\/dicodusport.fr\/blog\/cadel-evans-road-race-laurence-pithie-groupama-fdj-lemporte-au-sprint\/\" class=\"vlp-link\" title=\"Cadel Evans Road Race : Laurence Pithie (Groupama-FDJ) l&#039;emporte au sprint\"><\/a><div class=\"vlp-layout-zone-side\"><div class=\"vlp-block-4 vlp-link-image\"><img loading=\"lazy\" decoding=\"async\" style=\"max-width: 792px;\" width=\"792\" height=\"445\" src=\"https:\/\/dicodusport.fr\/blog\/wp-content\/uploads\/2024\/01\/Cadel-Evans-Road-Race-Laurence-Pithie-Groupama-FDJ-lemporte-au-sprint.png\" class=\"attachment-800x445 size-800x445\" alt=\"Cadel Evans Road Race Laurence Pithie (Groupama-FDJ) l&#039;emporte au sprint\" srcset=\"https:\/\/dicodusport.fr\/blog\/wp-content\/uploads\/2024\/01\/Cadel-Evans-Road-Race-Laurence-Pithie-Groupama-FDJ-lemporte-au-sprint.png 1200w, https:\/\/dicodusport.fr\/blog\/wp-content\/uploads\/2024\/01\/Cadel-Evans-Road-Race-Laurence-Pithie-Groupama-FDJ-lemporte-au-sprint-300x169.png 300w, https:\/\/dicodusport.fr\/blog\/wp-content\/uploads\/2024\/01\/Cadel-Evans-Road-Race-Laurence-Pithie-Groupama-FDJ-lemporte-au-sprint-1024x575.png 1024w, https:\/\/dicodusport.fr\/blog\/wp-content\/uploads\/2024\/01\/Cadel-Evans-Road-Race-Laurence-Pithie-Groupama-FDJ-lemporte-au-sprint-768x431.png 768w\" sizes=\"auto, (max-width: 792px) 100vw, 792px\" \/><\/div><\/div><div class=\"vlp-layout-zone-main\"><div class=\"vlp-block-0 vlp-link-title\">Cadel Evans Road Race : Laurence Pithie (Groupama-FDJ) l'emporte au sprint<\/div><div class=\"vlp-block-1 vlp-link-summary\">CADEL EVANS ROAD RACE - Laurence Pithie (Groupama - FDJ) s'est montr\u00e9 le plus rapide et remporte la plus belle victoire de sa carri\u00e8re.<\/div><div class=\"vlp-block-2 vlp-link-button\">Lire l'article<\/div><div class=\"vlp-block-3 vlp-link-url\">dicodusport.fr<\/div><\/div><\/div>\n<h3 style=\"text-align: justify;\">Lennert Van Eetvelt (Lotto-Dstny)<\/h3>\n<p style=\"text-align: justify;\">Le moins que l&rsquo;on puisse dire, c&rsquo;est que le Belge de 22 ans aura impressionn\u00e9 en Espagne. Avec une magnifique victoire lors du<strong><a href=\"https:\/\/dicodusport.fr\/blog\/classement-trofeo-serra-tramuntana-2024\/\"> Trofeo Serra Tramuntana<\/a><\/strong>. O\u00f9 ses capacit\u00e9s de grimpeur ont fait la diff\u00e9rence. \u00c0 l&rsquo;offensive lors de ses trois jours de course, il a pris une belle 8e place le lendemain, au<strong> Trofeo Pollen\u00e7a<\/strong>. En \u00e9tant encore une fois tr\u00e8s en vue. De bons r\u00e9sultats qui d\u00e9bloquent d\u00e9j\u00e0 le compteur de son \u00e9quipe. Il faudra surveiller celui qui est consid\u00e9r\u00e9 comme un espoir belge, dans les courses \u00e0 \u00e9tapes, au sein d&rsquo;une g\u00e9n\u00e9ration tellement prometteuse.<strong> Lennert Van Eetvelt<\/strong> se place tranquillement.<\/p>\n<div class=\"vlp-link-container vlp-layout-article\"><a href=\"https:\/\/dicodusport.fr\/blog\/trofeo-serra-de-tramuntana-2024-lennert-van-eetvelt-devance-vlasov-et-mcnulty\/\" class=\"vlp-link\" title=\"Trofeo Serra de Tramuntana 2024 : Lennert Van Eetvelt devance Vlasov et McNulty\"><\/a><div class=\"vlp-layout-zone-side\"><div class=\"vlp-block-4 vlp-link-image\"><img loading=\"lazy\" decoding=\"async\" style=\"max-width: 792px;\" width=\"792\" height=\"445\" src=\"https:\/\/dicodusport.fr\/blog\/wp-content\/uploads\/2024\/01\/Trofeo-Serra-de-Tramuntana-2024-Lennert-Van-Eetvelt-devance-Vlasov-et-McNulty.png\" class=\"attachment-800x445 size-800x445\" alt=\"Classement Trofeo Pollen\u00e7a - Port d&#039;Andratx 2024\" srcset=\"https:\/\/dicodusport.fr\/blog\/wp-content\/uploads\/2024\/01\/Trofeo-Serra-de-Tramuntana-2024-Lennert-Van-Eetvelt-devance-Vlasov-et-McNulty.png 1200w, https:\/\/dicodusport.fr\/blog\/wp-content\/uploads\/2024\/01\/Trofeo-Serra-de-Tramuntana-2024-Lennert-Van-Eetvelt-devance-Vlasov-et-McNulty-300x169.png 300w, https:\/\/dicodusport.fr\/blog\/wp-content\/uploads\/2024\/01\/Trofeo-Serra-de-Tramuntana-2024-Lennert-Van-Eetvelt-devance-Vlasov-et-McNulty-1024x575.png 1024w, https:\/\/dicodusport.fr\/blog\/wp-content\/uploads\/2024\/01\/Trofeo-Serra-de-Tramuntana-2024-Lennert-Van-Eetvelt-devance-Vlasov-et-McNulty-768x431.png 768w\" sizes=\"auto, (max-width: 792px) 100vw, 792px\" \/><\/div><\/div><div class=\"vlp-layout-zone-main\"><div class=\"vlp-block-0 vlp-link-title\">Trofeo Serra de Tramuntana 2024 : Lennert Van Eetvelt devance Vlasov et McNulty<\/div><div class=\"vlp-block-1 vlp-link-summary\">TROFEO SERRA DE TRAMUNTANA 2024 - Lennert Van Eetvelt (Lotto Dstny) a remport\u00e9 le Trofeo Serra de Tramuntana, \u00e0 Lluc, en Espagne. <\/div><div class=\"vlp-block-2 vlp-link-button\">Lire l'article<\/div><div class=\"vlp-block-3 vlp-link-url\">dicodusport.fr<\/div><\/div><\/div>\n<h3 style=\"text-align: justify;\">K\u00e9vin Vauquelin (Ark\u00e9a B&amp;B H\u00f4tels)<\/h3>\n<p style=\"text-align: justify;\">Allez, un petit c\u00f4t\u00e9 chauvin. Mais la 3e place du Fran\u00e7ais, ce dimanche, lors du GP de la Marseillaise, est de bon augure pour la suite. Sur un parcours escarp\u00e9, mais pas totalement \u00e0 sa convenance, il a impressionn\u00e9.Il lui aura manqu\u00e9 du timing pour rejoindre le duo, qui s&rsquo;est jou\u00e9 la gagne, <a href=\"https:\/\/dicodusport.fr\/blog\/grand-prix-la-marseillaise-2024-kevin-geniets-simpose-devant-alex-baudin\/\">avec la victoire de Kevin Geniets<\/a>. Des courses plus \u00e0 sa convenance vont arriver en f\u00e9vrier. Longtemps diminu\u00e9 par des p\u00e9pins physiques en 2023, il peut laisser les doutes derri\u00e8re lui.<\/p>\n<h2>En baisse<\/h2>\n<h3 style=\"text-align: justify;\">Caleb Ewan (Jayco-AlUla)<\/h3>\n<p style=\"text-align: justify;\">Non pas qu&rsquo;on cherche \u00e0 s&rsquo;acharner sur le sprinteur australien. Mais il a particip\u00e9 \u00e0 deux courses cette semaine. Douzi\u00e8me de la <strong>Surf Coast Classic,<\/strong> en \u00e9tant absolument incapable de sprinter. Et 33e de la <strong>Cadel Evans Road Race<\/strong>. Il n&rsquo;a m\u00eame pas pu accrocher le bon groupe, lui qui avait \u00e9t\u00e9 si impressionnant, par le pass\u00e9, dans des profils parfois compliqu\u00e9s, comme sur Milan-San Remo. Et m\u00eame si l&rsquo;on n&rsquo;est qu&rsquo;au mois de janvier, les jours passent et on a d\u00e9j\u00e0 l&rsquo;impression que la forme de <strong>Caleb Ewan<\/strong> baisse course apr\u00e8s course. En recherche du d\u00e9clic, le temps presse d\u00e9j\u00e0.<\/p>\n<div id=\"attachment_455520\" style=\"width: 1210px\" class=\"wp-caption aligncenter\"><img loading=\"lazy\" decoding=\"async\" aria-describedby=\"caption-attachment-455520\" class=\"wp-image-455520 size-full\" src=\"https:\/\/dicodusport.fr\/blog\/wp-content\/uploads\/2024\/01\/Caleb-Ewan-Jayco-AlUla-na-pas-brille-sur-le-Tour-Down-Under.png\" alt=\"Caleb Ewan (Jayco-AlUla) n'a pas brill\u00e9 sur le Tour Down Under\" width=\"1200\" height=\"674\" srcset=\"https:\/\/dicodusport.fr\/blog\/wp-content\/uploads\/2024\/01\/Caleb-Ewan-Jayco-AlUla-na-pas-brille-sur-le-Tour-Down-Under.png 1200w, https:\/\/dicodusport.fr\/blog\/wp-content\/uploads\/2024\/01\/Caleb-Ewan-Jayco-AlUla-na-pas-brille-sur-le-Tour-Down-Under-300x169.png 300w, https:\/\/dicodusport.fr\/blog\/wp-content\/uploads\/2024\/01\/Caleb-Ewan-Jayco-AlUla-na-pas-brille-sur-le-Tour-Down-Under-1024x575.png 1024w, https:\/\/dicodusport.fr\/blog\/wp-content\/uploads\/2024\/01\/Caleb-Ewan-Jayco-AlUla-na-pas-brille-sur-le-Tour-Down-Under-768x431.png 768w\" sizes=\"auto, (max-width: 1200px) 100vw, 1200px\" \/><p id=\"caption-attachment-455520\" class=\"wp-caption-text\">Caleb Ewan (Jayco-AlUla) n&rsquo;a toujours pas brill\u00e9 cette semaine &#8211; Photo Icon Sport<\/p><\/div>\n<p style=\"text-align: justify;\">\n","protected":false},"excerpt":{"rendered":"<p>CYCLISME SUR ROUTE 2024 &#8211; Le barom\u00e8tre Dicodusport de la deuxi\u00e8me grande semaine de cyclisme. D\u00e9couvrez les hauts et les bas de la semaine du 22 au 28 janvier.<\/p>\n","protected":false},"author":83,"featured_media":457668,"comment_status":"open","ping_status":"closed","sticky":false,"template":"","format":"standard","meta":{"_acf_changed":false,"_daextam_enable_autolinks":"1","footnotes":""},"categories":[46994],"tags":[16878,7060,574],"class_list":["post-457774","post","type-post","status-publish","format-standard","has-post-thumbnail","hentry","category-cyclisme-sur-route","tag-breve","tag-caleb-ewan","tag-cyclisme"],"acf":[],"yoast_head":"<!-- This site is optimized with the Yoast SEO Premium plugin v26.7 (Yoast SEO v26.7) - https:\/\/yoast.com\/wordpress\/plugins\/seo\/ -->\n<title>Cyclisme : Pithie, Van Eetvelt, Ewan, le barom\u00e8tre de la semaine du 22 au 28 janvier<\/title>\n<meta name=\"description\" content=\"CYCLISME SUR ROUTE 2024 - Le barom\u00e8tre Dicodusport de la deuxi\u00e8me grande semaine de cyclisme. D\u00e9couvrez les hauts et les bas de la semaine du 22 au 28 janvier.\" \/>\n<meta name=\"robots\" content=\"index, follow, max-snippet:-1, max-image-preview:large, max-video-preview:-1\" \/>\n<link rel=\"canonical\" href=\"https:\/\/dicodusport.fr\/blog\/cyclisme-pithie-van-eetvelt-ewan-le-barometre-de-la-semaine-du-22-au-28-janvier\/\" \/>\n<meta property=\"og:locale\" content=\"fr_FR\" \/>\n<meta property=\"og:type\" content=\"article\" \/>\n<meta property=\"og:title\" content=\"Cyclisme : Pithie, Van Eetvelt, Ewan, le barom\u00e8tre de la semaine du 22 au 28 janvier\" \/>\n<meta property=\"og:description\" content=\"CYCLISME SUR ROUTE 2024 - Le barom\u00e8tre Dicodusport de la deuxi\u00e8me grande semaine de cyclisme. D\u00e9couvrez les hauts et les bas de la semaine du 22 au 28 janvier.\" \/>\n<meta property=\"og:url\" content=\"https:\/\/dicodusport.fr\/blog\/cyclisme-pithie-van-eetvelt-ewan-le-barometre-de-la-semaine-du-22-au-28-janvier\/\" \/>\n<meta property=\"og:site_name\" content=\"Dicodusport\" \/>\n<meta property=\"article:publisher\" content=\"https:\/\/www.facebook.com\/dicodusport\" \/>\n<meta property=\"article:published_time\" content=\"2024-01-29T10:00:08+00:00\" \/>\n<meta property=\"og:image\" content=\"https:\/\/dicodusport.fr\/blog\/wp-content\/uploads\/2024\/01\/Grand-Prix-La-Marseillaise-2024-Kevin-Geniets-simpose-devant-Alex-Baudin-1.png\" \/>\n\t<meta property=\"og:image:width\" content=\"1200\" \/>\n\t<meta property=\"og:image:height\" content=\"674\" \/>\n\t<meta property=\"og:image:type\" content=\"image\/png\" \/>\n<meta name=\"author\" content=\"Etienne Goursaud\" \/>\n<meta name=\"twitter:card\" content=\"summary_large_image\" \/>\n<meta name=\"twitter:title\" content=\"Cyclisme : Pithie, Van Eetvelt, Ewan, le barom\u00e8tre de la semaine du 22 au 28 janvier\" \/>\n<meta name=\"twitter:creator\" content=\"@dicodusport\" \/>\n<meta name=\"twitter:site\" content=\"@dicodusport\" \/>\n<script type=\"application\/ld+json\" class=\"yoast-schema-graph\">{\"@context\":\"https:\/\/schema.org\",\"@graph\":[{\"@type\":\"NewsArticle\",\"@id\":\"https:\/\/dicodusport.fr\/blog\/cyclisme-pithie-van-eetvelt-ewan-le-barometre-de-la-semaine-du-22-au-28-janvier\/#article\",\"isPartOf\":{\"@id\":\"https:\/\/dicodusport.fr\/blog\/cyclisme-pithie-van-eetvelt-ewan-le-barometre-de-la-semaine-du-22-au-28-janvier\/\"},\"author\":{\"name\":\"Etienne Goursaud\",\"@id\":\"https:\/\/dicodusport.fr\/blog\/#\/schema\/person\/d603dd7da31fb2b46c82b9835a77ec13\"},\"headline\":\"Cyclisme : Pithie, Van Eetvelt, Ewan, le barom\u00e8tre de la semaine du 22 au 28 janvier\",\"datePublished\":\"2024-01-29T10:00:08+00:00\",\"mainEntityOfPage\":{\"@id\":\"https:\/\/dicodusport.fr\/blog\/cyclisme-pithie-van-eetvelt-ewan-le-barometre-de-la-semaine-du-22-au-28-janvier\/\"},\"wordCount\":681,\"commentCount\":0,\"publisher\":{\"@id\":\"https:\/\/dicodusport.fr\/blog\/#organization\"},\"image\":{\"@id\":\"https:\/\/dicodusport.fr\/blog\/cyclisme-pithie-van-eetvelt-ewan-le-barometre-de-la-semaine-du-22-au-28-janvier\/#primaryimage\"},\"thumbnailUrl\":\"https:\/\/dicodusport.fr\/blog\/wp-content\/uploads\/2024\/01\/Grand-Prix-La-Marseillaise-2024-Kevin-Geniets-simpose-devant-Alex-Baudin-1.png\",\"keywords\":[\"br\u00e8ve\",\"Caleb Ewan\",\"Cyclisme\"],\"articleSection\":[\"Cyclisme sur route\"],\"inLanguage\":\"fr-FR\",\"potentialAction\":[{\"@type\":\"CommentAction\",\"name\":\"Comment\",\"target\":[\"https:\/\/dicodusport.fr\/blog\/cyclisme-pithie-van-eetvelt-ewan-le-barometre-de-la-semaine-du-22-au-28-janvier\/#respond\"]}],\"copyrightYear\":\"2024\",\"copyrightHolder\":{\"@id\":\"https:\/\/dicodusport.fr\/blog\/#organization\"}},{\"@type\":\"WebPage\",\"@id\":\"https:\/\/dicodusport.fr\/blog\/cyclisme-pithie-van-eetvelt-ewan-le-barometre-de-la-semaine-du-22-au-28-janvier\/\",\"url\":\"https:\/\/dicodusport.fr\/blog\/cyclisme-pithie-van-eetvelt-ewan-le-barometre-de-la-semaine-du-22-au-28-janvier\/\",\"name\":\"Cyclisme : Pithie, Van Eetvelt, Ewan, le barom\u00e8tre de la semaine du 22 au 28 janvier\",\"isPartOf\":{\"@id\":\"https:\/\/dicodusport.fr\/blog\/#website\"},\"primaryImageOfPage\":{\"@id\":\"https:\/\/dicodusport.fr\/blog\/cyclisme-pithie-van-eetvelt-ewan-le-barometre-de-la-semaine-du-22-au-28-janvier\/#primaryimage\"},\"image\":{\"@id\":\"https:\/\/dicodusport.fr\/blog\/cyclisme-pithie-van-eetvelt-ewan-le-barometre-de-la-semaine-du-22-au-28-janvier\/#primaryimage\"},\"thumbnailUrl\":\"https:\/\/dicodusport.fr\/blog\/wp-content\/uploads\/2024\/01\/Grand-Prix-La-Marseillaise-2024-Kevin-Geniets-simpose-devant-Alex-Baudin-1.png\",\"datePublished\":\"2024-01-29T10:00:08+00:00\",\"description\":\"CYCLISME SUR ROUTE 2024 - Le barom\u00e8tre Dicodusport de la deuxi\u00e8me grande semaine de cyclisme. D\u00e9couvrez les hauts et les bas de la semaine du 22 au 28 janvier.\",\"breadcrumb\":{\"@id\":\"https:\/\/dicodusport.fr\/blog\/cyclisme-pithie-van-eetvelt-ewan-le-barometre-de-la-semaine-du-22-au-28-janvier\/#breadcrumb\"},\"inLanguage\":\"fr-FR\",\"potentialAction\":[{\"@type\":\"ReadAction\",\"target\":[\"https:\/\/dicodusport.fr\/blog\/cyclisme-pithie-van-eetvelt-ewan-le-barometre-de-la-semaine-du-22-au-28-janvier\/\"]}]},{\"@type\":\"ImageObject\",\"inLanguage\":\"fr-FR\",\"@id\":\"https:\/\/dicodusport.fr\/blog\/cyclisme-pithie-van-eetvelt-ewan-le-barometre-de-la-semaine-du-22-au-28-janvier\/#primaryimage\",\"url\":\"https:\/\/dicodusport.fr\/blog\/wp-content\/uploads\/2024\/01\/Grand-Prix-La-Marseillaise-2024-Kevin-Geniets-simpose-devant-Alex-Baudin-1.png\",\"contentUrl\":\"https:\/\/dicodusport.fr\/blog\/wp-content\/uploads\/2024\/01\/Grand-Prix-La-Marseillaise-2024-Kevin-Geniets-simpose-devant-Alex-Baudin-1.png\",\"width\":1200,\"height\":674,\"caption\":\"Cyclisme : Pithie, Van Eetvelt, Ewan, le barom\u00e8tre de la semaine du 22 au 28 janvier\"},{\"@type\":\"BreadcrumbList\",\"@id\":\"https:\/\/dicodusport.fr\/blog\/cyclisme-pithie-van-eetvelt-ewan-le-barometre-de-la-semaine-du-22-au-28-janvier\/#breadcrumb\",\"itemListElement\":[{\"@type\":\"ListItem\",\"position\":1,\"name\":\"Accueil\",\"item\":\"https:\/\/dicodusport.fr\/blog\/\"},{\"@type\":\"ListItem\",\"position\":2,\"name\":\"Cyclisme : Pithie, Van Eetvelt, Ewan, le barom\u00e8tre de la semaine du 22 au 28 janvier\"}]},{\"@type\":\"WebSite\",\"@id\":\"https:\/\/dicodusport.fr\/blog\/#website\",\"url\":\"https:\/\/dicodusport.fr\/blog\/\",\"name\":\"Dicodusport\",\"description\":\"L&#039;encyclop\u00e9die de l&#039;actualit\u00e9 sportive\",\"publisher\":{\"@id\":\"https:\/\/dicodusport.fr\/blog\/#organization\"},\"potentialAction\":[{\"@type\":\"SearchAction\",\"target\":{\"@type\":\"EntryPoint\",\"urlTemplate\":\"https:\/\/dicodusport.fr\/blog\/?s={search_term_string}\"},\"query-input\":{\"@type\":\"PropertyValueSpecification\",\"valueRequired\":true,\"valueName\":\"search_term_string\"}}],\"inLanguage\":\"fr-FR\"},{\"@type\":\"NewsMediaOrganization\",\"@id\":\"https:\/\/dicodusport.fr\/blog\/#organization\",\"name\":\"Dicodusport\",\"url\":\"https:\/\/dicodusport.fr\/blog\/\",\"logo\":{\"@type\":\"ImageObject\",\"inLanguage\":\"fr-FR\",\"@id\":\"https:\/\/dicodusport.fr\/blog\/#\/schema\/logo\/image\/\",\"url\":\"https:\/\/dicodusport.fr\/blog\/wp-content\/uploads\/2020\/06\/cropped-LOGO-DICODUSPORT-2020-SANS-FOND-SANS-TEXTE.png\",\"contentUrl\":\"https:\/\/dicodusport.fr\/blog\/wp-content\/uploads\/2020\/06\/cropped-LOGO-DICODUSPORT-2020-SANS-FOND-SANS-TEXTE.png\",\"width\":512,\"height\":512,\"caption\":\"Dicodusport\"},\"image\":{\"@id\":\"https:\/\/dicodusport.fr\/blog\/#\/schema\/logo\/image\/\"},\"sameAs\":[\"https:\/\/www.facebook.com\/dicodusport\",\"https:\/\/x.com\/dicodusport\",\"https:\/\/www.instagram.com\/dicodusport\/\",\"https:\/\/www.youtube.com\/channel\/UC7V2KZ5sd3htJivAbA4ZG3w\"],\"description\":\"Dicodusport est l'encyclop\u00e9die de l'actualit\u00e9 sportive.\",\"email\":\"bonjour@dicodusport.fr\",\"legalName\":\"DICODUSPORT\",\"foundingDate\":\"2018-01-14\",\"vatID\":\"FR71834470973\",\"taxID\":\"83447097300043\",\"numberOfEmployees\":{\"@type\":\"QuantitativeValue\",\"minValue\":\"1\",\"maxValue\":\"10\"}},{\"@type\":\"Person\",\"@id\":\"https:\/\/dicodusport.fr\/blog\/#\/schema\/person\/d603dd7da31fb2b46c82b9835a77ec13\",\"name\":\"Etienne Goursaud\",\"image\":{\"@type\":\"ImageObject\",\"inLanguage\":\"fr-FR\",\"@id\":\"https:\/\/dicodusport.fr\/blog\/#\/schema\/person\/image\/\",\"url\":\"https:\/\/dicodusport.fr\/blog\/wp-content\/uploads\/2023\/12\/410122264_10231602061736049_5565839791558026645_n-150x150.jpg\",\"contentUrl\":\"https:\/\/dicodusport.fr\/blog\/wp-content\/uploads\/2023\/12\/410122264_10231602061736049_5565839791558026645_n-150x150.jpg\",\"caption\":\"Etienne Goursaud\"},\"description\":\"Journaliste et amoureux de sport. Ancien footballeur reconverti athl\u00e8te quand ses muscles le laissent tranquille. \u00c9lev\u00e9 \u00e0 la sauce des exploits de Thomas Voeckler en 2004, du dernier essai de l\u00e9gende de Eunice Barber \u00e0 la longueur lors des championnats du monde d'athl\u00e9tisme de 2003 mais aussi Zidane, Omeyer et Titou Lamaison.\",\"url\":\"https:\/\/dicodusport.fr\/blog\/author\/etienne-goursaud\/\"}]}<\/script>\n<!-- \/ Yoast SEO Premium plugin. -->","yoast_head_json":{"title":"Cyclisme : Pithie, Van Eetvelt, Ewan, le barom\u00e8tre de la semaine du 22 au 28 janvier","description":"CYCLISME SUR ROUTE 2024 - Le barom\u00e8tre Dicodusport de la deuxi\u00e8me grande semaine de cyclisme. D\u00e9couvrez les hauts et les bas de la semaine du 22 au 28 janvier.","robots":{"index":"index","follow":"follow","max-snippet":"max-snippet:-1","max-image-preview":"max-image-preview:large","max-video-preview":"max-video-preview:-1"},"canonical":"https:\/\/dicodusport.fr\/blog\/cyclisme-pithie-van-eetvelt-ewan-le-barometre-de-la-semaine-du-22-au-28-janvier\/","og_locale":"fr_FR","og_type":"article","og_title":"Cyclisme : Pithie, Van Eetvelt, Ewan, le barom\u00e8tre de la semaine du 22 au 28 janvier","og_description":"CYCLISME SUR ROUTE 2024 - Le barom\u00e8tre Dicodusport de la deuxi\u00e8me grande semaine de cyclisme. D\u00e9couvrez les hauts et les bas de la semaine du 22 au 28 janvier.","og_url":"https:\/\/dicodusport.fr\/blog\/cyclisme-pithie-van-eetvelt-ewan-le-barometre-de-la-semaine-du-22-au-28-janvier\/","og_site_name":"Dicodusport","article_publisher":"https:\/\/www.facebook.com\/dicodusport","article_published_time":"2024-01-29T10:00:08+00:00","og_image":[{"width":1200,"height":674,"url":"https:\/\/dicodusport.fr\/blog\/wp-content\/uploads\/2024\/01\/Grand-Prix-La-Marseillaise-2024-Kevin-Geniets-simpose-devant-Alex-Baudin-1.png","type":"image\/png"}],"author":"Etienne Goursaud","twitter_card":"summary_large_image","twitter_title":"Cyclisme : Pithie, Van Eetvelt, Ewan, le barom\u00e8tre de la semaine du 22 au 28 janvier","twitter_creator":"@dicodusport","twitter_site":"@dicodusport","schema":{"@context":"https:\/\/schema.org","@graph":[{"@type":"NewsArticle","@id":"https:\/\/dicodusport.fr\/blog\/cyclisme-pithie-van-eetvelt-ewan-le-barometre-de-la-semaine-du-22-au-28-janvier\/#article","isPartOf":{"@id":"https:\/\/dicodusport.fr\/blog\/cyclisme-pithie-van-eetvelt-ewan-le-barometre-de-la-semaine-du-22-au-28-janvier\/"},"author":{"name":"Etienne Goursaud","@id":"https:\/\/dicodusport.fr\/blog\/#\/schema\/person\/d603dd7da31fb2b46c82b9835a77ec13"},"headline":"Cyclisme : Pithie, Van Eetvelt, Ewan, le barom\u00e8tre de la semaine du 22 au 28 janvier","datePublished":"2024-01-29T10:00:08+00:00","mainEntityOfPage":{"@id":"https:\/\/dicodusport.fr\/blog\/cyclisme-pithie-van-eetvelt-ewan-le-barometre-de-la-semaine-du-22-au-28-janvier\/"},"wordCount":681,"commentCount":0,"publisher":{"@id":"https:\/\/dicodusport.fr\/blog\/#organization"},"image":{"@id":"https:\/\/dicodusport.fr\/blog\/cyclisme-pithie-van-eetvelt-ewan-le-barometre-de-la-semaine-du-22-au-28-janvier\/#primaryimage"},"thumbnailUrl":"https:\/\/dicodusport.fr\/blog\/wp-content\/uploads\/2024\/01\/Grand-Prix-La-Marseillaise-2024-Kevin-Geniets-simpose-devant-Alex-Baudin-1.png","keywords":["br\u00e8ve","Caleb Ewan","Cyclisme"],"articleSection":["Cyclisme sur route"],"inLanguage":"fr-FR","potentialAction":[{"@type":"CommentAction","name":"Comment","target":["https:\/\/dicodusport.fr\/blog\/cyclisme-pithie-van-eetvelt-ewan-le-barometre-de-la-semaine-du-22-au-28-janvier\/#respond"]}],"copyrightYear":"2024","copyrightHolder":{"@id":"https:\/\/dicodusport.fr\/blog\/#organization"}},{"@type":"WebPage","@id":"https:\/\/dicodusport.fr\/blog\/cyclisme-pithie-van-eetvelt-ewan-le-barometre-de-la-semaine-du-22-au-28-janvier\/","url":"https:\/\/dicodusport.fr\/blog\/cyclisme-pithie-van-eetvelt-ewan-le-barometre-de-la-semaine-du-22-au-28-janvier\/","name":"Cyclisme : Pithie, Van Eetvelt, Ewan, le barom\u00e8tre de la semaine du 22 au 28 janvier","isPartOf":{"@id":"https:\/\/dicodusport.fr\/blog\/#website"},"primaryImageOfPage":{"@id":"https:\/\/dicodusport.fr\/blog\/cyclisme-pithie-van-eetvelt-ewan-le-barometre-de-la-semaine-du-22-au-28-janvier\/#primaryimage"},"image":{"@id":"https:\/\/dicodusport.fr\/blog\/cyclisme-pithie-van-eetvelt-ewan-le-barometre-de-la-semaine-du-22-au-28-janvier\/#primaryimage"},"thumbnailUrl":"https:\/\/dicodusport.fr\/blog\/wp-content\/uploads\/2024\/01\/Grand-Prix-La-Marseillaise-2024-Kevin-Geniets-simpose-devant-Alex-Baudin-1.png","datePublished":"2024-01-29T10:00:08+00:00","description":"CYCLISME SUR ROUTE 2024 - Le barom\u00e8tre Dicodusport de la deuxi\u00e8me grande semaine de cyclisme. D\u00e9couvrez les hauts et les bas de la semaine du 22 au 28 janvier.","breadcrumb":{"@id":"https:\/\/dicodusport.fr\/blog\/cyclisme-pithie-van-eetvelt-ewan-le-barometre-de-la-semaine-du-22-au-28-janvier\/#breadcrumb"},"inLanguage":"fr-FR","potentialAction":[{"@type":"ReadAction","target":["https:\/\/dicodusport.fr\/blog\/cyclisme-pithie-van-eetvelt-ewan-le-barometre-de-la-semaine-du-22-au-28-janvier\/"]}]},{"@type":"ImageObject","inLanguage":"fr-FR","@id":"https:\/\/dicodusport.fr\/blog\/cyclisme-pithie-van-eetvelt-ewan-le-barometre-de-la-semaine-du-22-au-28-janvier\/#primaryimage","url":"https:\/\/dicodusport.fr\/blog\/wp-content\/uploads\/2024\/01\/Grand-Prix-La-Marseillaise-2024-Kevin-Geniets-simpose-devant-Alex-Baudin-1.png","contentUrl":"https:\/\/dicodusport.fr\/blog\/wp-content\/uploads\/2024\/01\/Grand-Prix-La-Marseillaise-2024-Kevin-Geniets-simpose-devant-Alex-Baudin-1.png","width":1200,"height":674,"caption":"Cyclisme : Pithie, Van Eetvelt, Ewan, le barom\u00e8tre de la semaine du 22 au 28 janvier"},{"@type":"BreadcrumbList","@id":"https:\/\/dicodusport.fr\/blog\/cyclisme-pithie-van-eetvelt-ewan-le-barometre-de-la-semaine-du-22-au-28-janvier\/#breadcrumb","itemListElement":[{"@type":"ListItem","position":1,"name":"Accueil","item":"https:\/\/dicodusport.fr\/blog\/"},{"@type":"ListItem","position":2,"name":"Cyclisme : Pithie, Van Eetvelt, Ewan, le barom\u00e8tre de la semaine du 22 au 28 janvier"}]},{"@type":"WebSite","@id":"https:\/\/dicodusport.fr\/blog\/#website","url":"https:\/\/dicodusport.fr\/blog\/","name":"Dicodusport","description":"L&#039;encyclop\u00e9die de l&#039;actualit\u00e9 sportive","publisher":{"@id":"https:\/\/dicodusport.fr\/blog\/#organization"},"potentialAction":[{"@type":"SearchAction","target":{"@type":"EntryPoint","urlTemplate":"https:\/\/dicodusport.fr\/blog\/?s={search_term_string}"},"query-input":{"@type":"PropertyValueSpecification","valueRequired":true,"valueName":"search_term_string"}}],"inLanguage":"fr-FR"},{"@type":"NewsMediaOrganization","@id":"https:\/\/dicodusport.fr\/blog\/#organization","name":"Dicodusport","url":"https:\/\/dicodusport.fr\/blog\/","logo":{"@type":"ImageObject","inLanguage":"fr-FR","@id":"https:\/\/dicodusport.fr\/blog\/#\/schema\/logo\/image\/","url":"https:\/\/dicodusport.fr\/blog\/wp-content\/uploads\/2020\/06\/cropped-LOGO-DICODUSPORT-2020-SANS-FOND-SANS-TEXTE.png","contentUrl":"https:\/\/dicodusport.fr\/blog\/wp-content\/uploads\/2020\/06\/cropped-LOGO-DICODUSPORT-2020-SANS-FOND-SANS-TEXTE.png","width":512,"height":512,"caption":"Dicodusport"},"image":{"@id":"https:\/\/dicodusport.fr\/blog\/#\/schema\/logo\/image\/"},"sameAs":["https:\/\/www.facebook.com\/dicodusport","https:\/\/x.com\/dicodusport","https:\/\/www.instagram.com\/dicodusport\/","https:\/\/www.youtube.com\/channel\/UC7V2KZ5sd3htJivAbA4ZG3w"],"description":"Dicodusport est l'encyclop\u00e9die de l'actualit\u00e9 sportive.","email":"bonjour@dicodusport.fr","legalName":"DICODUSPORT","foundingDate":"2018-01-14","vatID":"FR71834470973","taxID":"83447097300043","numberOfEmployees":{"@type":"QuantitativeValue","minValue":"1","maxValue":"10"}},{"@type":"Person","@id":"https:\/\/dicodusport.fr\/blog\/#\/schema\/person\/d603dd7da31fb2b46c82b9835a77ec13","name":"Etienne Goursaud","image":{"@type":"ImageObject","inLanguage":"fr-FR","@id":"https:\/\/dicodusport.fr\/blog\/#\/schema\/person\/image\/","url":"https:\/\/dicodusport.fr\/blog\/wp-content\/uploads\/2023\/12\/410122264_10231602061736049_5565839791558026645_n-150x150.jpg","contentUrl":"https:\/\/dicodusport.fr\/blog\/wp-content\/uploads\/2023\/12\/410122264_10231602061736049_5565839791558026645_n-150x150.jpg","caption":"Etienne Goursaud"},"description":"Journaliste et amoureux de sport. Ancien footballeur reconverti athl\u00e8te quand ses muscles le laissent tranquille. \u00c9lev\u00e9 \u00e0 la sauce des exploits de Thomas Voeckler en 2004, du dernier essai de l\u00e9gende de Eunice Barber \u00e0 la longueur lors des championnats du monde d'athl\u00e9tisme de 2003 mais aussi Zidane, Omeyer et Titou Lamaison.","url":"https:\/\/dicodusport.fr\/blog\/author\/etienne-goursaud\/"}]}},"_links":{"self":[{"href":"https:\/\/dicodusport.fr\/blog\/wp-json\/wp\/v2\/posts\/457774","targetHints":{"allow":["GET"]}}],"collection":[{"href":"https:\/\/dicodusport.fr\/blog\/wp-json\/wp\/v2\/posts"}],"about":[{"href":"https:\/\/dicodusport.fr\/blog\/wp-json\/wp\/v2\/types\/post"}],"author":[{"embeddable":true,"href":"https:\/\/dicodusport.fr\/blog\/wp-json\/wp\/v2\/users\/83"}],"replies":[{"embeddable":true,"href":"https:\/\/dicodusport.fr\/blog\/wp-json\/wp\/v2\/comments?post=457774"}],"version-history":[{"count":5,"href":"https:\/\/dicodusport.fr\/blog\/wp-json\/wp\/v2\/posts\/457774\/revisions"}],"predecessor-version":[{"id":457808,"href":"https:\/\/dicodusport.fr\/blog\/wp-json\/wp\/v2\/posts\/457774\/revisions\/457808"}],"wp:featuredmedia":[{"embeddable":true,"href":"https:\/\/dicodusport.fr\/blog\/wp-json\/wp\/v2\/media\/457668"}],"wp:attachment":[{"href":"https:\/\/dicodusport.fr\/blog\/wp-json\/wp\/v2\/media?parent=457774"}],"wp:term":[{"taxonomy":"category","embeddable":true,"href":"https:\/\/dicodusport.fr\/blog\/wp-json\/wp\/v2\/categories?post=457774"},{"taxonomy":"post_tag","embeddable":true,"href":"https:\/\/dicodusport.fr\/blog\/wp-json\/wp\/v2\/tags?post=457774"}],"curies":[{"name":"wp","href":"https:\/\/api.w.org\/{rel}","templated":true}]}}