{"id":457861,"date":"2024-01-29T17:43:13","date_gmt":"2024-01-29T16:43:13","guid":{"rendered":"https:\/\/dicodusport.fr\/blog\/?p=457861&#038;preview=true&#038;preview_id=457861"},"modified":"2024-01-29T17:43:13","modified_gmt":"2024-01-29T16:43:13","slug":"transferts-oyonnax-filimo-taofifenua-va-signer-en-pro-d2","status":"publish","type":"post","link":"https:\/\/dicodusport.fr\/blog\/transferts-oyonnax-filimo-taofifenua-va-signer-en-pro-d2\/","title":{"rendered":"Transferts Oyonnax : Filimo Taofifenua va signer en Pro D2"},"content":{"rendered":"<p style=\"text-align: justify;\"><strong><em>TRANSFERTS RUGBY &#8211; Selon L&rsquo;\u00c9quipe, le Biarritz Olympique s&rsquo;est attach\u00e9 les services du troisi\u00e8me ligne Filimo Taofifenua (Oyonnax).<\/em><\/strong><\/p>\n<p style=\"text-align: justify;\">Le <strong>Biarritz Olympique<\/strong> continue de s&rsquo;activer sur le march\u00e9 des transferts. Apr\u00e8s <strong>Alexandre Plantier<\/strong> (pilier, Aurillac), <a href=\"https:\/\/dicodusport.fr\/blog\/transferts-asm-clermont-yohan-beheregaray-signe-en-pro-d2\/\"><strong>Yohan Beheregaray<\/strong><\/a> (talonneur, Clermont), <a href=\"https:\/\/dicodusport.fr\/blog\/transferts-clement-martinez-va-quitter-agen-pour-signer-dans-un-autre-club-de-top-14\/\"><strong>Cl\u00e9ment Martinez<\/strong><\/a> (talonneur, Agen), <strong>Thibault Debaes<\/strong> (ouvreur, Pau), <strong>Bastien Guillemin<\/strong> (ailier, Montauban) et <strong>Kylian Jaminet<\/strong> (arri\u00e8re, Nevers), le club basque s&rsquo;est attach\u00e9 les services d&rsquo;un troisi\u00e8me ligne, en la personne de <strong>Filimo Taofifenua<\/strong>.<\/p>\n<ul>\n<li style=\"text-align: justify;\"><strong>\u00c0 ce sujet &#8211; <a href=\"https:\/\/dicodusport.fr\/blog\/transferts-courtney-lawes-proche-de-signer-en-pro-d2\/\">Transferts : Courtney Lawes proche de signer en Pro D2<\/a><\/strong><\/li>\n<\/ul>\n<h2 style=\"text-align: justify;\">Filimo Taofifenua s&rsquo;engage au BO<\/h2>\n<p style=\"text-align: justify;\">Le troisi\u00e8me ligne de 30 ans, arriv\u00e9 \u00e0 Oyonnax en 2022, apr\u00e8s avoir \u00e9volu\u00e9 \u00e0 Dax et Bayonne, a sign\u00e9 un bail de deux saisons avec le <strong>Biarritz Olympique<\/strong>. Le fils de <strong>Jean-Claude Taofifenua<\/strong>, \u00e9galement cousin de Romain, S\u00e9bastien et Donovan Taofifenua, sera donc li\u00e9 au BO jusqu&rsquo;en juin 2026.<\/p>\n<p style=\"text-align: justify;\">Cette saison, <strong>Filimo Taofifenua<\/strong> a disput\u00e9 six matchs avec les <em>Oyomen<\/em>, pour quatre titularisations. Capable d&rsquo;\u00e9voluer en tant que flankeur, mais aussi en troisi\u00e8me ligne centre, il viendra densifier un pack biarrot souvent en difficult\u00e9 cette saison.<\/p>\n<blockquote class=\"twitter-tweet\">\n<p dir=\"ltr\" lang=\"zxx\"><a href=\"https:\/\/t.co\/mgi8TgCAkz\">https:\/\/t.co\/mgi8TgCAkz<\/a><\/p>\n<p>\u2014 Flo Ostermann (@FlOstermann) <a href=\"https:\/\/twitter.com\/FlOstermann\/status\/1752005680578343339?ref_src=twsrc%5Etfw\">January 29, 2024<\/a><\/p><\/blockquote>\n<p><script async src=\"https:\/\/platform.twitter.com\/widgets.js\" charset=\"utf-8\"><\/script><\/p>\n","protected":false},"excerpt":{"rendered":"<p>TRANSFERTS RUGBY &#8211; Selon L&rsquo;\u00c9quipe, le Biarritz Olympique s&rsquo;est attach\u00e9 les services du troisi\u00e8me ligne Filimo Taofifenua (Oyonnax).<\/p>\n","protected":false},"author":4,"featured_media":457871,"comment_status":"open","ping_status":"closed","sticky":false,"template":"","format":"standard","meta":{"_acf_changed":false,"_daextam_enable_autolinks":"1","footnotes":""},"categories":[9129,47050],"tags":[2227,16878,16872],"class_list":["post-457861","post","type-post","status-publish","format-standard","has-post-thumbnail","hentry","category-rugby-a-xv","category-top-14","tag-biarritz-olympique","tag-breve","tag-oyonnax-rugby"],"acf":[],"yoast_head":"<!-- This site is optimized with the Yoast SEO Premium plugin v26.7 (Yoast SEO v26.7) - https:\/\/yoast.com\/wordpress\/plugins\/seo\/ -->\n<title>Transferts Oyonnax : Filimo Taofifenua va signer en Pro D2<\/title>\n<meta name=\"description\" content=\"TRANSFERTS RUGBY - Selon L&#039;\u00c9quipe, le Biarritz Olympique s&#039;est attach\u00e9 les services du troisi\u00e8me ligne Filimo Taofifenua (Oyonnax).\" \/>\n<meta name=\"robots\" content=\"index, follow, max-snippet:-1, max-image-preview:large, max-video-preview:-1\" \/>\n<link rel=\"canonical\" href=\"https:\/\/dicodusport.fr\/blog\/transferts-oyonnax-filimo-taofifenua-va-signer-en-pro-d2\/\" \/>\n<meta property=\"og:locale\" content=\"fr_FR\" \/>\n<meta property=\"og:type\" content=\"article\" \/>\n<meta property=\"og:title\" content=\"Transferts Oyonnax : Filimo Taofifenua va signer en Pro D2\" \/>\n<meta property=\"og:description\" content=\"TRANSFERTS RUGBY - Selon L&#039;\u00c9quipe, le Biarritz Olympique s&#039;est attach\u00e9 les services du troisi\u00e8me ligne Filimo Taofifenua (Oyonnax).\" \/>\n<meta property=\"og:url\" content=\"https:\/\/dicodusport.fr\/blog\/transferts-oyonnax-filimo-taofifenua-va-signer-en-pro-d2\/\" \/>\n<meta property=\"og:site_name\" content=\"Dicodusport\" \/>\n<meta property=\"article:publisher\" content=\"https:\/\/www.facebook.com\/dicodusport\" \/>\n<meta property=\"article:author\" content=\"https:\/\/www.facebook.com\/florent.ostermann\" \/>\n<meta property=\"article:published_time\" content=\"2024-01-29T16:43:13+00:00\" \/>\n<meta property=\"og:image\" content=\"https:\/\/dicodusport.fr\/blog\/wp-content\/uploads\/2024\/01\/Transferts-Oyonnax-Filimo-Taofifenua-va-signer-en-Pro-D2.png\" \/>\n\t<meta property=\"og:image:width\" content=\"1200\" \/>\n\t<meta property=\"og:image:height\" content=\"674\" \/>\n\t<meta property=\"og:image:type\" content=\"image\/png\" \/>\n<meta name=\"author\" content=\"Flo Ostermann\" \/>\n<meta name=\"twitter:card\" content=\"summary_large_image\" \/>\n<meta name=\"twitter:title\" content=\"Transferts Oyonnax : Filimo Taofifenua va signer en Pro D2\" \/>\n<meta name=\"twitter:creator\" content=\"@https:\/\/twitter.com\/FlOstermann\" \/>\n<meta name=\"twitter:site\" content=\"@dicodusport\" \/>\n<script type=\"application\/ld+json\" class=\"yoast-schema-graph\">{\"@context\":\"https:\/\/schema.org\",\"@graph\":[{\"@type\":\"NewsArticle\",\"@id\":\"https:\/\/dicodusport.fr\/blog\/transferts-oyonnax-filimo-taofifenua-va-signer-en-pro-d2\/#article\",\"isPartOf\":{\"@id\":\"https:\/\/dicodusport.fr\/blog\/transferts-oyonnax-filimo-taofifenua-va-signer-en-pro-d2\/\"},\"author\":{\"name\":\"Flo Ostermann\",\"@id\":\"https:\/\/dicodusport.fr\/blog\/#\/schema\/person\/cb02af4c173ce4a653b55e9baf388d4a\"},\"headline\":\"Transferts Oyonnax : Filimo Taofifenua va signer en Pro D2\",\"datePublished\":\"2024-01-29T16:43:13+00:00\",\"mainEntityOfPage\":{\"@id\":\"https:\/\/dicodusport.fr\/blog\/transferts-oyonnax-filimo-taofifenua-va-signer-en-pro-d2\/\"},\"wordCount\":205,\"commentCount\":0,\"publisher\":{\"@id\":\"https:\/\/dicodusport.fr\/blog\/#organization\"},\"image\":{\"@id\":\"https:\/\/dicodusport.fr\/blog\/transferts-oyonnax-filimo-taofifenua-va-signer-en-pro-d2\/#primaryimage\"},\"thumbnailUrl\":\"https:\/\/dicodusport.fr\/blog\/wp-content\/uploads\/2024\/01\/Transferts-Oyonnax-Filimo-Taofifenua-va-signer-en-Pro-D2.png\",\"keywords\":[\"biarritz olympique\",\"br\u00e8ve\",\"Oyonnax Rugby\"],\"articleSection\":[\"Rugby \u00e0 XV\",\"Top 14\"],\"inLanguage\":\"fr-FR\",\"potentialAction\":[{\"@type\":\"CommentAction\",\"name\":\"Comment\",\"target\":[\"https:\/\/dicodusport.fr\/blog\/transferts-oyonnax-filimo-taofifenua-va-signer-en-pro-d2\/#respond\"]}],\"copyrightYear\":\"2024\",\"copyrightHolder\":{\"@id\":\"https:\/\/dicodusport.fr\/blog\/#organization\"}},{\"@type\":\"WebPage\",\"@id\":\"https:\/\/dicodusport.fr\/blog\/transferts-oyonnax-filimo-taofifenua-va-signer-en-pro-d2\/\",\"url\":\"https:\/\/dicodusport.fr\/blog\/transferts-oyonnax-filimo-taofifenua-va-signer-en-pro-d2\/\",\"name\":\"Transferts Oyonnax : Filimo Taofifenua va signer en Pro D2\",\"isPartOf\":{\"@id\":\"https:\/\/dicodusport.fr\/blog\/#website\"},\"primaryImageOfPage\":{\"@id\":\"https:\/\/dicodusport.fr\/blog\/transferts-oyonnax-filimo-taofifenua-va-signer-en-pro-d2\/#primaryimage\"},\"image\":{\"@id\":\"https:\/\/dicodusport.fr\/blog\/transferts-oyonnax-filimo-taofifenua-va-signer-en-pro-d2\/#primaryimage\"},\"thumbnailUrl\":\"https:\/\/dicodusport.fr\/blog\/wp-content\/uploads\/2024\/01\/Transferts-Oyonnax-Filimo-Taofifenua-va-signer-en-Pro-D2.png\",\"datePublished\":\"2024-01-29T16:43:13+00:00\",\"description\":\"TRANSFERTS RUGBY - Selon L'\u00c9quipe, le Biarritz Olympique s'est attach\u00e9 les services du troisi\u00e8me ligne Filimo Taofifenua (Oyonnax).\",\"breadcrumb\":{\"@id\":\"https:\/\/dicodusport.fr\/blog\/transferts-oyonnax-filimo-taofifenua-va-signer-en-pro-d2\/#breadcrumb\"},\"inLanguage\":\"fr-FR\",\"potentialAction\":[{\"@type\":\"ReadAction\",\"target\":[\"https:\/\/dicodusport.fr\/blog\/transferts-oyonnax-filimo-taofifenua-va-signer-en-pro-d2\/\"]}]},{\"@type\":\"ImageObject\",\"inLanguage\":\"fr-FR\",\"@id\":\"https:\/\/dicodusport.fr\/blog\/transferts-oyonnax-filimo-taofifenua-va-signer-en-pro-d2\/#primaryimage\",\"url\":\"https:\/\/dicodusport.fr\/blog\/wp-content\/uploads\/2024\/01\/Transferts-Oyonnax-Filimo-Taofifenua-va-signer-en-Pro-D2.png\",\"contentUrl\":\"https:\/\/dicodusport.fr\/blog\/wp-content\/uploads\/2024\/01\/Transferts-Oyonnax-Filimo-Taofifenua-va-signer-en-Pro-D2.png\",\"width\":1200,\"height\":674,\"caption\":\"Transferts Oyonnax Filimo Taofifenua va signer en Pro D2\"},{\"@type\":\"BreadcrumbList\",\"@id\":\"https:\/\/dicodusport.fr\/blog\/transferts-oyonnax-filimo-taofifenua-va-signer-en-pro-d2\/#breadcrumb\",\"itemListElement\":[{\"@type\":\"ListItem\",\"position\":1,\"name\":\"Accueil\",\"item\":\"https:\/\/dicodusport.fr\/blog\/\"},{\"@type\":\"ListItem\",\"position\":2,\"name\":\"Transferts Oyonnax : Filimo Taofifenua va signer en Pro D2\"}]},{\"@type\":\"WebSite\",\"@id\":\"https:\/\/dicodusport.fr\/blog\/#website\",\"url\":\"https:\/\/dicodusport.fr\/blog\/\",\"name\":\"Dicodusport\",\"description\":\"L&#039;encyclop\u00e9die de l&#039;actualit\u00e9 sportive\",\"publisher\":{\"@id\":\"https:\/\/dicodusport.fr\/blog\/#organization\"},\"potentialAction\":[{\"@type\":\"SearchAction\",\"target\":{\"@type\":\"EntryPoint\",\"urlTemplate\":\"https:\/\/dicodusport.fr\/blog\/?s={search_term_string}\"},\"query-input\":{\"@type\":\"PropertyValueSpecification\",\"valueRequired\":true,\"valueName\":\"search_term_string\"}}],\"inLanguage\":\"fr-FR\"},{\"@type\":\"NewsMediaOrganization\",\"@id\":\"https:\/\/dicodusport.fr\/blog\/#organization\",\"name\":\"Dicodusport\",\"url\":\"https:\/\/dicodusport.fr\/blog\/\",\"logo\":{\"@type\":\"ImageObject\",\"inLanguage\":\"fr-FR\",\"@id\":\"https:\/\/dicodusport.fr\/blog\/#\/schema\/logo\/image\/\",\"url\":\"https:\/\/dicodusport.fr\/blog\/wp-content\/uploads\/2020\/06\/cropped-LOGO-DICODUSPORT-2020-SANS-FOND-SANS-TEXTE.png\",\"contentUrl\":\"https:\/\/dicodusport.fr\/blog\/wp-content\/uploads\/2020\/06\/cropped-LOGO-DICODUSPORT-2020-SANS-FOND-SANS-TEXTE.png\",\"width\":512,\"height\":512,\"caption\":\"Dicodusport\"},\"image\":{\"@id\":\"https:\/\/dicodusport.fr\/blog\/#\/schema\/logo\/image\/\"},\"sameAs\":[\"https:\/\/www.facebook.com\/dicodusport\",\"https:\/\/x.com\/dicodusport\",\"https:\/\/www.instagram.com\/dicodusport\/\",\"https:\/\/www.youtube.com\/channel\/UC7V2KZ5sd3htJivAbA4ZG3w\"],\"description\":\"Dicodusport est l'encyclop\u00e9die de l'actualit\u00e9 sportive.\",\"email\":\"bonjour@dicodusport.fr\",\"legalName\":\"DICODUSPORT\",\"foundingDate\":\"2018-01-14\",\"vatID\":\"FR71834470973\",\"taxID\":\"83447097300043\",\"numberOfEmployees\":{\"@type\":\"QuantitativeValue\",\"minValue\":\"1\",\"maxValue\":\"10\"}},{\"@type\":\"Person\",\"@id\":\"https:\/\/dicodusport.fr\/blog\/#\/schema\/person\/cb02af4c173ce4a653b55e9baf388d4a\",\"name\":\"Flo Ostermann\",\"image\":{\"@type\":\"ImageObject\",\"inLanguage\":\"fr-FR\",\"@id\":\"https:\/\/dicodusport.fr\/blog\/#\/schema\/person\/image\/\",\"url\":\"https:\/\/dicodusport.fr\/blog\/wp-content\/uploads\/2021\/05\/Flo-Ostermann-150x150.jpg\",\"contentUrl\":\"https:\/\/dicodusport.fr\/blog\/wp-content\/uploads\/2021\/05\/Flo-Ostermann-150x150.jpg\",\"caption\":\"Flo Ostermann\"},\"description\":\"Journaliste\/R\u00e9dacteur depuis septembre 2015 - Mes premiers souvenirs dans le sport ? Les envol\u00e9es du Stade Toulousain et les duels Villeneuve-Schumacher et H\u00e4kkinen-Schumacher \u00e0 la fin des ann\u00e9es 90, la Coupe du monde de football en 1998, l\u2019exploit du XV de France face aux All Blacks en 1999, mais aussi Richard C\u0153ur de Lion qui vole sur les montagnes du Tour de France. Bien parti pour devenir professeur d\u2019EPS, les \u00e9v\u00e9nements de la vie (et la flemme d\u2019animer des s\u00e9ances de 3x500 m\u00e8tres toute ma vie) m\u2019ont conduit \u00e0 revoir mes plans. Me voil\u00e0 depuis fin 2017 sur Dicodusport, m\u00e9dia gr\u00e2ce (et pour) lequel je partage ma passion : le sport dans tous ses \u00e9tats. Le tout accompagn\u00e9 par les fous furieux et folles furieuses cit\u00e9s sur cette page !\",\"sameAs\":[\"https:\/\/www.facebook.com\/florent.ostermann\",\"https:\/\/x.com\/https:\/\/twitter.com\/FlOstermann\",\"admin\"],\"url\":\"https:\/\/dicodusport.fr\/blog\/author\/flo\/\"}]}<\/script>\n<!-- \/ Yoast SEO Premium plugin. -->","yoast_head_json":{"title":"Transferts Oyonnax : Filimo Taofifenua va signer en Pro D2","description":"TRANSFERTS RUGBY - Selon L'\u00c9quipe, le Biarritz Olympique s'est attach\u00e9 les services du troisi\u00e8me ligne Filimo Taofifenua (Oyonnax).","robots":{"index":"index","follow":"follow","max-snippet":"max-snippet:-1","max-image-preview":"max-image-preview:large","max-video-preview":"max-video-preview:-1"},"canonical":"https:\/\/dicodusport.fr\/blog\/transferts-oyonnax-filimo-taofifenua-va-signer-en-pro-d2\/","og_locale":"fr_FR","og_type":"article","og_title":"Transferts Oyonnax : Filimo Taofifenua va signer en Pro D2","og_description":"TRANSFERTS RUGBY - Selon L'\u00c9quipe, le Biarritz Olympique s'est attach\u00e9 les services du troisi\u00e8me ligne Filimo Taofifenua (Oyonnax).","og_url":"https:\/\/dicodusport.fr\/blog\/transferts-oyonnax-filimo-taofifenua-va-signer-en-pro-d2\/","og_site_name":"Dicodusport","article_publisher":"https:\/\/www.facebook.com\/dicodusport","article_author":"https:\/\/www.facebook.com\/florent.ostermann","article_published_time":"2024-01-29T16:43:13+00:00","og_image":[{"width":1200,"height":674,"url":"https:\/\/dicodusport.fr\/blog\/wp-content\/uploads\/2024\/01\/Transferts-Oyonnax-Filimo-Taofifenua-va-signer-en-Pro-D2.png","type":"image\/png"}],"author":"Flo Ostermann","twitter_card":"summary_large_image","twitter_title":"Transferts Oyonnax : Filimo Taofifenua va signer en Pro D2","twitter_creator":"@https:\/\/twitter.com\/FlOstermann","twitter_site":"@dicodusport","schema":{"@context":"https:\/\/schema.org","@graph":[{"@type":"NewsArticle","@id":"https:\/\/dicodusport.fr\/blog\/transferts-oyonnax-filimo-taofifenua-va-signer-en-pro-d2\/#article","isPartOf":{"@id":"https:\/\/dicodusport.fr\/blog\/transferts-oyonnax-filimo-taofifenua-va-signer-en-pro-d2\/"},"author":{"name":"Flo Ostermann","@id":"https:\/\/dicodusport.fr\/blog\/#\/schema\/person\/cb02af4c173ce4a653b55e9baf388d4a"},"headline":"Transferts Oyonnax : Filimo Taofifenua va signer en Pro D2","datePublished":"2024-01-29T16:43:13+00:00","mainEntityOfPage":{"@id":"https:\/\/dicodusport.fr\/blog\/transferts-oyonnax-filimo-taofifenua-va-signer-en-pro-d2\/"},"wordCount":205,"commentCount":0,"publisher":{"@id":"https:\/\/dicodusport.fr\/blog\/#organization"},"image":{"@id":"https:\/\/dicodusport.fr\/blog\/transferts-oyonnax-filimo-taofifenua-va-signer-en-pro-d2\/#primaryimage"},"thumbnailUrl":"https:\/\/dicodusport.fr\/blog\/wp-content\/uploads\/2024\/01\/Transferts-Oyonnax-Filimo-Taofifenua-va-signer-en-Pro-D2.png","keywords":["biarritz olympique","br\u00e8ve","Oyonnax Rugby"],"articleSection":["Rugby \u00e0 XV","Top 14"],"inLanguage":"fr-FR","potentialAction":[{"@type":"CommentAction","name":"Comment","target":["https:\/\/dicodusport.fr\/blog\/transferts-oyonnax-filimo-taofifenua-va-signer-en-pro-d2\/#respond"]}],"copyrightYear":"2024","copyrightHolder":{"@id":"https:\/\/dicodusport.fr\/blog\/#organization"}},{"@type":"WebPage","@id":"https:\/\/dicodusport.fr\/blog\/transferts-oyonnax-filimo-taofifenua-va-signer-en-pro-d2\/","url":"https:\/\/dicodusport.fr\/blog\/transferts-oyonnax-filimo-taofifenua-va-signer-en-pro-d2\/","name":"Transferts Oyonnax : Filimo Taofifenua va signer en Pro D2","isPartOf":{"@id":"https:\/\/dicodusport.fr\/blog\/#website"},"primaryImageOfPage":{"@id":"https:\/\/dicodusport.fr\/blog\/transferts-oyonnax-filimo-taofifenua-va-signer-en-pro-d2\/#primaryimage"},"image":{"@id":"https:\/\/dicodusport.fr\/blog\/transferts-oyonnax-filimo-taofifenua-va-signer-en-pro-d2\/#primaryimage"},"thumbnailUrl":"https:\/\/dicodusport.fr\/blog\/wp-content\/uploads\/2024\/01\/Transferts-Oyonnax-Filimo-Taofifenua-va-signer-en-Pro-D2.png","datePublished":"2024-01-29T16:43:13+00:00","description":"TRANSFERTS RUGBY - Selon L'\u00c9quipe, le Biarritz Olympique s'est attach\u00e9 les services du troisi\u00e8me ligne Filimo Taofifenua (Oyonnax).","breadcrumb":{"@id":"https:\/\/dicodusport.fr\/blog\/transferts-oyonnax-filimo-taofifenua-va-signer-en-pro-d2\/#breadcrumb"},"inLanguage":"fr-FR","potentialAction":[{"@type":"ReadAction","target":["https:\/\/dicodusport.fr\/blog\/transferts-oyonnax-filimo-taofifenua-va-signer-en-pro-d2\/"]}]},{"@type":"ImageObject","inLanguage":"fr-FR","@id":"https:\/\/dicodusport.fr\/blog\/transferts-oyonnax-filimo-taofifenua-va-signer-en-pro-d2\/#primaryimage","url":"https:\/\/dicodusport.fr\/blog\/wp-content\/uploads\/2024\/01\/Transferts-Oyonnax-Filimo-Taofifenua-va-signer-en-Pro-D2.png","contentUrl":"https:\/\/dicodusport.fr\/blog\/wp-content\/uploads\/2024\/01\/Transferts-Oyonnax-Filimo-Taofifenua-va-signer-en-Pro-D2.png","width":1200,"height":674,"caption":"Transferts Oyonnax Filimo Taofifenua va signer en Pro D2"},{"@type":"BreadcrumbList","@id":"https:\/\/dicodusport.fr\/blog\/transferts-oyonnax-filimo-taofifenua-va-signer-en-pro-d2\/#breadcrumb","itemListElement":[{"@type":"ListItem","position":1,"name":"Accueil","item":"https:\/\/dicodusport.fr\/blog\/"},{"@type":"ListItem","position":2,"name":"Transferts Oyonnax : Filimo Taofifenua va signer en Pro D2"}]},{"@type":"WebSite","@id":"https:\/\/dicodusport.fr\/blog\/#website","url":"https:\/\/dicodusport.fr\/blog\/","name":"Dicodusport","description":"L&#039;encyclop\u00e9die de l&#039;actualit\u00e9 sportive","publisher":{"@id":"https:\/\/dicodusport.fr\/blog\/#organization"},"potentialAction":[{"@type":"SearchAction","target":{"@type":"EntryPoint","urlTemplate":"https:\/\/dicodusport.fr\/blog\/?s={search_term_string}"},"query-input":{"@type":"PropertyValueSpecification","valueRequired":true,"valueName":"search_term_string"}}],"inLanguage":"fr-FR"},{"@type":"NewsMediaOrganization","@id":"https:\/\/dicodusport.fr\/blog\/#organization","name":"Dicodusport","url":"https:\/\/dicodusport.fr\/blog\/","logo":{"@type":"ImageObject","inLanguage":"fr-FR","@id":"https:\/\/dicodusport.fr\/blog\/#\/schema\/logo\/image\/","url":"https:\/\/dicodusport.fr\/blog\/wp-content\/uploads\/2020\/06\/cropped-LOGO-DICODUSPORT-2020-SANS-FOND-SANS-TEXTE.png","contentUrl":"https:\/\/dicodusport.fr\/blog\/wp-content\/uploads\/2020\/06\/cropped-LOGO-DICODUSPORT-2020-SANS-FOND-SANS-TEXTE.png","width":512,"height":512,"caption":"Dicodusport"},"image":{"@id":"https:\/\/dicodusport.fr\/blog\/#\/schema\/logo\/image\/"},"sameAs":["https:\/\/www.facebook.com\/dicodusport","https:\/\/x.com\/dicodusport","https:\/\/www.instagram.com\/dicodusport\/","https:\/\/www.youtube.com\/channel\/UC7V2KZ5sd3htJivAbA4ZG3w"],"description":"Dicodusport est l'encyclop\u00e9die de l'actualit\u00e9 sportive.","email":"bonjour@dicodusport.fr","legalName":"DICODUSPORT","foundingDate":"2018-01-14","vatID":"FR71834470973","taxID":"83447097300043","numberOfEmployees":{"@type":"QuantitativeValue","minValue":"1","maxValue":"10"}},{"@type":"Person","@id":"https:\/\/dicodusport.fr\/blog\/#\/schema\/person\/cb02af4c173ce4a653b55e9baf388d4a","name":"Flo Ostermann","image":{"@type":"ImageObject","inLanguage":"fr-FR","@id":"https:\/\/dicodusport.fr\/blog\/#\/schema\/person\/image\/","url":"https:\/\/dicodusport.fr\/blog\/wp-content\/uploads\/2021\/05\/Flo-Ostermann-150x150.jpg","contentUrl":"https:\/\/dicodusport.fr\/blog\/wp-content\/uploads\/2021\/05\/Flo-Ostermann-150x150.jpg","caption":"Flo Ostermann"},"description":"Journaliste\/R\u00e9dacteur depuis septembre 2015 - Mes premiers souvenirs dans le sport ? Les envol\u00e9es du Stade Toulousain et les duels Villeneuve-Schumacher et H\u00e4kkinen-Schumacher \u00e0 la fin des ann\u00e9es 90, la Coupe du monde de football en 1998, l\u2019exploit du XV de France face aux All Blacks en 1999, mais aussi Richard C\u0153ur de Lion qui vole sur les montagnes du Tour de France. Bien parti pour devenir professeur d\u2019EPS, les \u00e9v\u00e9nements de la vie (et la flemme d\u2019animer des s\u00e9ances de 3x500 m\u00e8tres toute ma vie) m\u2019ont conduit \u00e0 revoir mes plans. Me voil\u00e0 depuis fin 2017 sur Dicodusport, m\u00e9dia gr\u00e2ce (et pour) lequel je partage ma passion : le sport dans tous ses \u00e9tats. Le tout accompagn\u00e9 par les fous furieux et folles furieuses cit\u00e9s sur cette page !","sameAs":["https:\/\/www.facebook.com\/florent.ostermann","https:\/\/x.com\/https:\/\/twitter.com\/FlOstermann","admin"],"url":"https:\/\/dicodusport.fr\/blog\/author\/flo\/"}]}},"_links":{"self":[{"href":"https:\/\/dicodusport.fr\/blog\/wp-json\/wp\/v2\/posts\/457861","targetHints":{"allow":["GET"]}}],"collection":[{"href":"https:\/\/dicodusport.fr\/blog\/wp-json\/wp\/v2\/posts"}],"about":[{"href":"https:\/\/dicodusport.fr\/blog\/wp-json\/wp\/v2\/types\/post"}],"author":[{"embeddable":true,"href":"https:\/\/dicodusport.fr\/blog\/wp-json\/wp\/v2\/users\/4"}],"replies":[{"embeddable":true,"href":"https:\/\/dicodusport.fr\/blog\/wp-json\/wp\/v2\/comments?post=457861"}],"version-history":[{"count":2,"href":"https:\/\/dicodusport.fr\/blog\/wp-json\/wp\/v2\/posts\/457861\/revisions"}],"predecessor-version":[{"id":457870,"href":"https:\/\/dicodusport.fr\/blog\/wp-json\/wp\/v2\/posts\/457861\/revisions\/457870"}],"wp:featuredmedia":[{"embeddable":true,"href":"https:\/\/dicodusport.fr\/blog\/wp-json\/wp\/v2\/media\/457871"}],"wp:attachment":[{"href":"https:\/\/dicodusport.fr\/blog\/wp-json\/wp\/v2\/media?parent=457861"}],"wp:term":[{"taxonomy":"category","embeddable":true,"href":"https:\/\/dicodusport.fr\/blog\/wp-json\/wp\/v2\/categories?post=457861"},{"taxonomy":"post_tag","embeddable":true,"href":"https:\/\/dicodusport.fr\/blog\/wp-json\/wp\/v2\/tags?post=457861"}],"curies":[{"name":"wp","href":"https:\/\/api.w.org\/{rel}","templated":true}]}}