{"id":458009,"date":"2024-01-30T22:09:09","date_gmt":"2024-01-30T21:09:09","guid":{"rendered":"https:\/\/dicodusport.fr\/blog\/?p=458009&#038;preview=true&#038;preview_id=458009"},"modified":"2024-01-31T11:29:01","modified_gmt":"2024-01-31T10:29:01","slug":"euroligue-j24-lasvel-sincline-a-domicile-face-au-fenerbahce","status":"publish","type":"post","link":"https:\/\/dicodusport.fr\/blog\/euroligue-j24-lasvel-sincline-a-domicile-face-au-fenerbahce\/","title":{"rendered":"EuroLigue (J24) : L&rsquo;ASVEL s&rsquo;incline \u00e0 domicile face au Fenerbah\u00e7e"},"content":{"rendered":"<p style=\"text-align: justify;\"><strong><em>EUROLIGUE 2023-2024 &#8211; L&rsquo;ASVEL aura tenu une mi-temps. Mais au retour des vestiaires, le rouleau compresseur du Fenerbah\u00e7e s&rsquo;est mis en route (73-83). Orpheline de nombreux cadres, la formation lyonnais reste derni\u00e8re de l&rsquo;EuroLigue.<\/em><\/strong><\/p>\n<p style=\"text-align: justify;\">L\u2019affiche \u00e9tait d\u00e9s\u00e9quilibr\u00e9e. Entre <strong>Fenerbah\u00e7e<\/strong>, 5e de l\u2019EuroLigue, et <strong>l\u2019ASVEL<\/strong>, 18<sup>e<\/sup> et dernier, tout les \u00e9loignait. Les absences programm\u00e9es de <strong>Nando De Colo<\/strong>, <strong>Timoth\u00e9 Luwawu-Cabarrot<\/strong> et <strong>Joffrey Lauvergne<\/strong> bridaient d\u00e9j\u00e0 les espoirs des fans villeurbanais.<\/p>\n<h2 style=\"text-align: justify;\">Un d\u00e9but de match surprise<\/h2>\n<p style=\"text-align: justify;\">L\u2019ASVEL faisait face \u00e0 un sacr\u00e9 d\u00e9fi suppl\u00e9mentaire, remporter une premi\u00e8re victoire \u00e0 la LDLC Arena. Pour le cinqui\u00e8me match de <strong><a href=\"https:\/\/dicodusport.fr\/blog\/betclic-elite-gianmarco-pozzecco-va-deja-quitter-lasvel-pierric-poupet-prend-la-releve\/\">Pierric Poupet<\/a><\/strong>, ses joueurs ont tent\u00e9 de contrarier les Turcs. <strong>Youssoupha Fall<\/strong> notamment. Sur le premier quart-temps, le pivot s\u00e9n\u00e9galais a pris huit rebonds, soit deux de plus que toute l\u2019\u00e9quipe du<em> Fener<\/em>. De l\u2019autre c\u00f4t\u00e9, c\u2019est <strong>Nick Calathes<\/strong> qui a port\u00e9 son \u00e9quipe (6 points), bien aid\u00e9 par <strong>Johnathan Motley<\/strong> (5 pts). \u00c0 la fin du premier quart-temps, l\u2019ASVEL m\u00e8ne de deux points (18-16), gr\u00e2ce \u00e0 la rentr\u00e9e de <strong>Mike Scott<\/strong>, oblig\u00e9 d\u2019occuper <a href=\"https:\/\/dicodusport.fr\/blog\/betclic-elite-lasvel-se-separe-de-son-pivot-john-egbunu\/\">le poste 5<\/a> avec l\u2019absence de Joffrey Lauvergne. Maladroit au tir (39%), le <em>Fener<\/em> a laiss\u00e9 la d\u00e9fense adverse prendre le contr\u00f4le de ces dix premi\u00e8res minutes. <span class=\"Apple-converted-space\">\u00a0<\/span><\/p>\n<p style=\"text-align: justify;\">Et le deuxi\u00e8me quart-temps est reparti sur les m\u00eames bases. L\u2019ASVEL, fort d\u2019une polyvalence de ses joueurs sur le terrain et d\u2019un Youssoupha Fall en feu, a cr\u00e9\u00e9 l\u2019\u00e9cart. Loin d\u2019\u00eatre favorite, la formation de Villeurbanne m\u00e8ne 25-18 \u00e0 6:45 minutes de la fin.<span class=\"Apple-converted-space\">\u00a0<\/span><\/p>\n<blockquote class=\"twitter-tweet\">\n<p dir=\"ltr\" lang=\"fr\">\ud835\udde0\ud835\uddd4\ud835\udddc\ud835\udde6 \ud835\udde4\ud835\udde8\ud835\uddd8\ud835\udddf\ud835\udddf\ud835\uddd8 \ud835\uddd7\ud835\udddc\ud835\udde6\ud835\udde7\ud835\uddd4\ud835\udde1\ud835\uddd6\ud835\uddd8 \ud835\udde3\ud835\udde2\ud835\udde8\ud835\udde5 \ud835\udde3\ud835\uddd4\ud835\udde5\ud835\udddc\ud835\udde6 \ud835\udddf\ud835\uddd8\ud835\uddd8 ? \ud83d\ude31<a href=\"https:\/\/twitter.com\/LDLCASVEL?ref_src=twsrc%5Etfw\">@LDLCASVEL<\/a> x <a href=\"https:\/\/twitter.com\/EuroLeague?ref_src=twsrc%5Etfw\">@EuroLeague<\/a> <a href=\"https:\/\/twitter.com\/hashtag\/SKWEEKLive?src=hash&amp;ref_src=twsrc%5Etfw\">#SKWEEKLive<\/a> <a href=\"https:\/\/twitter.com\/hashtag\/EveryGameMatters?src=hash&amp;ref_src=twsrc%5Etfw\">#EveryGameMatters<\/a> <a href=\"https:\/\/t.co\/Ilp6kirDTe\">pic.twitter.com\/Ilp6kirDTe<\/a><\/p>\n<p>\u2014 SKWEEK (@skweektv) <a href=\"https:\/\/twitter.com\/skweektv\/status\/1752418005709942933?ref_src=twsrc%5Etfw\">January 30, 2024<\/a><\/p><\/blockquote>\n<p><script async src=\"https:\/\/platform.twitter.com\/widgets.js\" charset=\"utf-8\"><\/script><\/p>\n<p style=\"text-align: justify;\">Le <strong>Fenerbah\u00e7e<\/strong> n\u2019a alors inscrit que 2 points en trois minutes. Mike Scott, au bon souvenir de ses ann\u00e9es NBA, est auteur d\u2019une premi\u00e8re mi-temps de folie (21 points en 13 minutes) et permet \u00e0 l\u2019ASVEL de prendre plus de 10 points d\u2019avance. Malgr\u00e9 un gros retour des Turcs, l\u2019ASVEL est en t\u00eate \u00e0 la mi-temps (42-39).<\/p>\n<h2 style=\"text-align: justify;\">Un retour des vestiaires compliqu\u00e9 pour l\u2019ASVEL<\/h2>\n<p style=\"text-align: justify;\">La deuxi\u00e8me mi-temps n\u2019aura pas commenc\u00e9 comme la premi\u00e8re. Le <strong>Fenerbah\u00e7e<\/strong> a rehauss\u00e9 le niveau, notamment en d\u00e9fense. L\u2019ASVEL n\u2019a pas r\u00e9ussi \u00e0 trouver Fall sous le panier. Et l\u2019\u00e9cart a vite augment\u00e9 pour les Turcs. Moins en r\u00e9ussite, la formation fran\u00e7aise a vu son adversaire s\u2019\u00e9loigner au fil des minutes. Face aux armes offensives turques, le sentiment d\u2019impuissance \u00e9tait visible dans les rangs villeurbanais. <strong>Johnathan Motley<\/strong> (9pts dans ce 3<sup>e<\/sup> quart-temps) a trouv\u00e9 la mire c\u00f4t\u00e9 turc, bien aid\u00e9 par <strong>Scott Wilbekin<\/strong>. \u00c0 la fin du troisi\u00e8me quart-temps, le Fenerbah\u00e7e m\u00e8ne de 11 points (67-56). Pourtant, <strong>Tyler Dorsey<\/strong>, ancien joueur NBA (107 matchs), a \u00e9t\u00e9 transparent pendant tout le match (0 point en 10 minutes).<\/p>\n<p style=\"text-align: justify;\">Revenue \u00e0 8 points \u00e0 8 minutes de la fin du match, l\u2019ASVEL aura craqu\u00e9 sur la deuxi\u00e8me mi-temps. Face \u00e0 l\u2019ancien de la maison <strong>Amine Noua<\/strong>, <strong>Mike Scott<\/strong>, pourtant en r\u00e9ussite (26 points \u00e0 9\/16) et les siens n\u2019auront pas trouv\u00e9 la recette n\u00e9cessaire pour revenir au score sur le quatri\u00e8me quart-temps. En manque de solutions offensives, les joueurs villeurbanais ont souffert de la comparaison avec Nick Calathes, auteur de huit passes d\u00e9cisives. La disette offensive de l\u2019ASVEL (seulement 31 points en 2<sup>e<\/sup> mi-temps) aura co\u00fbt\u00e9 cher \u00e0 leurs espoirs de victoire.<\/p>\n<p style=\"text-align: justify;\">L\u2019ASVEL s\u2019incline pour la 19e fois en 25 matchs cette saison. Les Lyonnais affronteront le <strong>Real Madrid<\/strong> le 1<sup>er<\/sup> f\u00e9vrier prochain.<span class=\"Apple-converted-space\">\u00a0<\/span><\/p>\n","protected":false},"excerpt":{"rendered":"<p>EUROLIGUE 2023-2024 &#8211; L&rsquo;ASVEL aura tenu une mi-temps. Mais au retour des vestiaires, le rouleau compresseur du Fenerbah\u00e7e s&rsquo;est mis en route (73-83). Orpheline de nombreux cadres, la formation lyonnais reste derni\u00e8re de l&rsquo;EuroLigue.<\/p>\n","protected":false},"author":88,"featured_media":458178,"comment_status":"open","ping_status":"closed","sticky":false,"template":"","format":"standard","meta":{"_acf_changed":false,"_daextam_enable_autolinks":"1","footnotes":""},"categories":[47001],"tags":[7864,16878,20638,8445],"class_list":["post-458009","post","type-post","status-publish","format-standard","has-post-thumbnail","hentry","category-euroligue","tag-asvel","tag-breve","tag-fenerbahce-basket","tag-timothe-luwawu-cabarrot"],"acf":[],"yoast_head":"<!-- This site is optimized with the Yoast SEO Premium plugin v26.7 (Yoast SEO v26.7) - https:\/\/yoast.com\/wordpress\/plugins\/seo\/ -->\n<title>EuroLigue (J24) : L&#039;ASVEL s&#039;incline \u00e0 domicile face au Fenerbah\u00e7e<\/title>\n<meta name=\"description\" content=\"EUROLIGUE 2023-2024 - L&#039;ASVEL aura tenu une mi-temps. Mais au retour des vestiaires, le rouleau compresseur du Fenerbah\u00e7e s&#039;est mis en route (73-83).\" \/>\n<meta name=\"robots\" content=\"index, follow, max-snippet:-1, max-image-preview:large, max-video-preview:-1\" \/>\n<link rel=\"canonical\" href=\"https:\/\/dicodusport.fr\/blog\/euroligue-j24-lasvel-sincline-a-domicile-face-au-fenerbahce\/\" \/>\n<meta property=\"og:locale\" content=\"fr_FR\" \/>\n<meta property=\"og:type\" content=\"article\" \/>\n<meta property=\"og:title\" content=\"EuroLigue (J24) : L&#039;ASVEL s&#039;incline \u00e0 domicile face au Fenerbah\u00e7e\" \/>\n<meta property=\"og:description\" content=\"EUROLIGUE 2023-2024 - L&#039;ASVEL aura tenu une mi-temps. Mais au retour des vestiaires, le rouleau compresseur du Fenerbah\u00e7e s&#039;est mis en route (73-83).\" \/>\n<meta property=\"og:url\" content=\"https:\/\/dicodusport.fr\/blog\/euroligue-j24-lasvel-sincline-a-domicile-face-au-fenerbahce\/\" \/>\n<meta property=\"og:site_name\" content=\"Dicodusport\" \/>\n<meta property=\"article:publisher\" content=\"https:\/\/www.facebook.com\/dicodusport\" \/>\n<meta property=\"article:published_time\" content=\"2024-01-30T21:09:09+00:00\" \/>\n<meta property=\"article:modified_time\" content=\"2024-01-31T10:29:01+00:00\" \/>\n<meta property=\"og:image\" content=\"https:\/\/dicodusport.fr\/blog\/wp-content\/uploads\/2024\/01\/EuroLigue-J24-LASVEL-sincline-a-domicile-face-au-Fenerbahce.png\" \/>\n\t<meta property=\"og:image:width\" content=\"1200\" \/>\n\t<meta property=\"og:image:height\" content=\"674\" \/>\n\t<meta property=\"og:image:type\" content=\"image\/png\" \/>\n<meta name=\"author\" content=\"Paul Lalevee\" \/>\n<meta name=\"twitter:card\" content=\"summary_large_image\" \/>\n<meta name=\"twitter:title\" content=\"EuroLigue (J24) : L&#039;ASVEL s&#039;incline \u00e0 domicile face au Fenerbah\u00e7e\" \/>\n<meta name=\"twitter:creator\" content=\"@dicodusport\" \/>\n<meta name=\"twitter:site\" content=\"@dicodusport\" \/>\n<script type=\"application\/ld+json\" class=\"yoast-schema-graph\">{\"@context\":\"https:\/\/schema.org\",\"@graph\":[{\"@type\":\"NewsArticle\",\"@id\":\"https:\/\/dicodusport.fr\/blog\/euroligue-j24-lasvel-sincline-a-domicile-face-au-fenerbahce\/#article\",\"isPartOf\":{\"@id\":\"https:\/\/dicodusport.fr\/blog\/euroligue-j24-lasvel-sincline-a-domicile-face-au-fenerbahce\/\"},\"author\":{\"name\":\"Paul Lalevee\",\"@id\":\"https:\/\/dicodusport.fr\/blog\/#\/schema\/person\/1eaa63dfac40b5e5c47f03a71920c1cd\"},\"headline\":\"EuroLigue (J24) : L&rsquo;ASVEL s&rsquo;incline \u00e0 domicile face au Fenerbah\u00e7e\",\"datePublished\":\"2024-01-30T21:09:09+00:00\",\"dateModified\":\"2024-01-31T10:29:01+00:00\",\"mainEntityOfPage\":{\"@id\":\"https:\/\/dicodusport.fr\/blog\/euroligue-j24-lasvel-sincline-a-domicile-face-au-fenerbahce\/\"},\"wordCount\":608,\"commentCount\":0,\"publisher\":{\"@id\":\"https:\/\/dicodusport.fr\/blog\/#organization\"},\"image\":{\"@id\":\"https:\/\/dicodusport.fr\/blog\/euroligue-j24-lasvel-sincline-a-domicile-face-au-fenerbahce\/#primaryimage\"},\"thumbnailUrl\":\"https:\/\/dicodusport.fr\/blog\/wp-content\/uploads\/2024\/01\/EuroLigue-J24-LASVEL-sincline-a-domicile-face-au-Fenerbahce.png\",\"keywords\":[\"ASVEL\",\"br\u00e8ve\",\"Fenerbah\u00e7e Basket\",\"Timoth\u00e9 Luwawu-Cabarrot\"],\"articleSection\":[\"EuroLigue\"],\"inLanguage\":\"fr-FR\",\"potentialAction\":[{\"@type\":\"CommentAction\",\"name\":\"Comment\",\"target\":[\"https:\/\/dicodusport.fr\/blog\/euroligue-j24-lasvel-sincline-a-domicile-face-au-fenerbahce\/#respond\"]}],\"copyrightYear\":\"2024\",\"copyrightHolder\":{\"@id\":\"https:\/\/dicodusport.fr\/blog\/#organization\"}},{\"@type\":\"WebPage\",\"@id\":\"https:\/\/dicodusport.fr\/blog\/euroligue-j24-lasvel-sincline-a-domicile-face-au-fenerbahce\/\",\"url\":\"https:\/\/dicodusport.fr\/blog\/euroligue-j24-lasvel-sincline-a-domicile-face-au-fenerbahce\/\",\"name\":\"EuroLigue (J24) : L'ASVEL s'incline \u00e0 domicile face au Fenerbah\u00e7e\",\"isPartOf\":{\"@id\":\"https:\/\/dicodusport.fr\/blog\/#website\"},\"primaryImageOfPage\":{\"@id\":\"https:\/\/dicodusport.fr\/blog\/euroligue-j24-lasvel-sincline-a-domicile-face-au-fenerbahce\/#primaryimage\"},\"image\":{\"@id\":\"https:\/\/dicodusport.fr\/blog\/euroligue-j24-lasvel-sincline-a-domicile-face-au-fenerbahce\/#primaryimage\"},\"thumbnailUrl\":\"https:\/\/dicodusport.fr\/blog\/wp-content\/uploads\/2024\/01\/EuroLigue-J24-LASVEL-sincline-a-domicile-face-au-Fenerbahce.png\",\"datePublished\":\"2024-01-30T21:09:09+00:00\",\"dateModified\":\"2024-01-31T10:29:01+00:00\",\"description\":\"EUROLIGUE 2023-2024 - L'ASVEL aura tenu une mi-temps. Mais au retour des vestiaires, le rouleau compresseur du Fenerbah\u00e7e s'est mis en route (73-83).\",\"breadcrumb\":{\"@id\":\"https:\/\/dicodusport.fr\/blog\/euroligue-j24-lasvel-sincline-a-domicile-face-au-fenerbahce\/#breadcrumb\"},\"inLanguage\":\"fr-FR\",\"potentialAction\":[{\"@type\":\"ReadAction\",\"target\":[\"https:\/\/dicodusport.fr\/blog\/euroligue-j24-lasvel-sincline-a-domicile-face-au-fenerbahce\/\"]}]},{\"@type\":\"ImageObject\",\"inLanguage\":\"fr-FR\",\"@id\":\"https:\/\/dicodusport.fr\/blog\/euroligue-j24-lasvel-sincline-a-domicile-face-au-fenerbahce\/#primaryimage\",\"url\":\"https:\/\/dicodusport.fr\/blog\/wp-content\/uploads\/2024\/01\/EuroLigue-J24-LASVEL-sincline-a-domicile-face-au-Fenerbahce.png\",\"contentUrl\":\"https:\/\/dicodusport.fr\/blog\/wp-content\/uploads\/2024\/01\/EuroLigue-J24-LASVEL-sincline-a-domicile-face-au-Fenerbahce.png\",\"width\":1200,\"height\":674,\"caption\":\"EuroLigue (J24) L'ASVEL s'incline \u00e0 domicile face au Fenerbah\u00e7e\"},{\"@type\":\"BreadcrumbList\",\"@id\":\"https:\/\/dicodusport.fr\/blog\/euroligue-j24-lasvel-sincline-a-domicile-face-au-fenerbahce\/#breadcrumb\",\"itemListElement\":[{\"@type\":\"ListItem\",\"position\":1,\"name\":\"Accueil\",\"item\":\"https:\/\/dicodusport.fr\/blog\/\"},{\"@type\":\"ListItem\",\"position\":2,\"name\":\"EuroLigue (J24) : L&rsquo;ASVEL s&rsquo;incline \u00e0 domicile face au Fenerbah\u00e7e\"}]},{\"@type\":\"WebSite\",\"@id\":\"https:\/\/dicodusport.fr\/blog\/#website\",\"url\":\"https:\/\/dicodusport.fr\/blog\/\",\"name\":\"Dicodusport\",\"description\":\"L&#039;encyclop\u00e9die de l&#039;actualit\u00e9 sportive\",\"publisher\":{\"@id\":\"https:\/\/dicodusport.fr\/blog\/#organization\"},\"potentialAction\":[{\"@type\":\"SearchAction\",\"target\":{\"@type\":\"EntryPoint\",\"urlTemplate\":\"https:\/\/dicodusport.fr\/blog\/?s={search_term_string}\"},\"query-input\":{\"@type\":\"PropertyValueSpecification\",\"valueRequired\":true,\"valueName\":\"search_term_string\"}}],\"inLanguage\":\"fr-FR\"},{\"@type\":\"NewsMediaOrganization\",\"@id\":\"https:\/\/dicodusport.fr\/blog\/#organization\",\"name\":\"Dicodusport\",\"url\":\"https:\/\/dicodusport.fr\/blog\/\",\"logo\":{\"@type\":\"ImageObject\",\"inLanguage\":\"fr-FR\",\"@id\":\"https:\/\/dicodusport.fr\/blog\/#\/schema\/logo\/image\/\",\"url\":\"https:\/\/dicodusport.fr\/blog\/wp-content\/uploads\/2020\/06\/cropped-LOGO-DICODUSPORT-2020-SANS-FOND-SANS-TEXTE.png\",\"contentUrl\":\"https:\/\/dicodusport.fr\/blog\/wp-content\/uploads\/2020\/06\/cropped-LOGO-DICODUSPORT-2020-SANS-FOND-SANS-TEXTE.png\",\"width\":512,\"height\":512,\"caption\":\"Dicodusport\"},\"image\":{\"@id\":\"https:\/\/dicodusport.fr\/blog\/#\/schema\/logo\/image\/\"},\"sameAs\":[\"https:\/\/www.facebook.com\/dicodusport\",\"https:\/\/x.com\/dicodusport\",\"https:\/\/www.instagram.com\/dicodusport\/\",\"https:\/\/www.youtube.com\/channel\/UC7V2KZ5sd3htJivAbA4ZG3w\"],\"description\":\"Dicodusport est l'encyclop\u00e9die de l'actualit\u00e9 sportive.\",\"email\":\"bonjour@dicodusport.fr\",\"legalName\":\"DICODUSPORT\",\"foundingDate\":\"2018-01-14\",\"vatID\":\"FR71834470973\",\"taxID\":\"83447097300043\",\"numberOfEmployees\":{\"@type\":\"QuantitativeValue\",\"minValue\":\"1\",\"maxValue\":\"10\"}},{\"@type\":\"Person\",\"@id\":\"https:\/\/dicodusport.fr\/blog\/#\/schema\/person\/1eaa63dfac40b5e5c47f03a71920c1cd\",\"name\":\"Paul Lalevee\",\"image\":{\"@type\":\"ImageObject\",\"inLanguage\":\"fr-FR\",\"@id\":\"https:\/\/dicodusport.fr\/blog\/#\/schema\/person\/image\/\",\"url\":\"https:\/\/dicodusport.fr\/blog\/wp-content\/uploads\/2023\/10\/291154246_1690604071293245_3118259335115946499_n-150x150.jpg\",\"contentUrl\":\"https:\/\/dicodusport.fr\/blog\/wp-content\/uploads\/2023\/10\/291154246_1690604071293245_3118259335115946499_n-150x150.jpg\",\"caption\":\"Paul Lalevee\"},\"description\":\"La bulle Disney pendant le Covid, le Tour 2019, la Coupe du monde 2018. Ces trois \u00e9v\u00e9nements majeurs sont ancr\u00e9s dans ma t\u00eate de fan de sport, n\u00e9gativement ou positivement. Passionn\u00e9 de sport depuis l'enfance, j'ai d\u00e9cid\u00e9 de mettre ma passion de l'\u00e9criture au service de cette premi\u00e8re passion.\",\"url\":\"https:\/\/dicodusport.fr\/blog\/author\/paul-lalevee\/\"}]}<\/script>\n<!-- \/ Yoast SEO Premium plugin. -->","yoast_head_json":{"title":"EuroLigue (J24) : L'ASVEL s'incline \u00e0 domicile face au Fenerbah\u00e7e","description":"EUROLIGUE 2023-2024 - L'ASVEL aura tenu une mi-temps. Mais au retour des vestiaires, le rouleau compresseur du Fenerbah\u00e7e s'est mis en route (73-83).","robots":{"index":"index","follow":"follow","max-snippet":"max-snippet:-1","max-image-preview":"max-image-preview:large","max-video-preview":"max-video-preview:-1"},"canonical":"https:\/\/dicodusport.fr\/blog\/euroligue-j24-lasvel-sincline-a-domicile-face-au-fenerbahce\/","og_locale":"fr_FR","og_type":"article","og_title":"EuroLigue (J24) : L'ASVEL s'incline \u00e0 domicile face au Fenerbah\u00e7e","og_description":"EUROLIGUE 2023-2024 - L'ASVEL aura tenu une mi-temps. Mais au retour des vestiaires, le rouleau compresseur du Fenerbah\u00e7e s'est mis en route (73-83).","og_url":"https:\/\/dicodusport.fr\/blog\/euroligue-j24-lasvel-sincline-a-domicile-face-au-fenerbahce\/","og_site_name":"Dicodusport","article_publisher":"https:\/\/www.facebook.com\/dicodusport","article_published_time":"2024-01-30T21:09:09+00:00","article_modified_time":"2024-01-31T10:29:01+00:00","og_image":[{"width":1200,"height":674,"url":"https:\/\/dicodusport.fr\/blog\/wp-content\/uploads\/2024\/01\/EuroLigue-J24-LASVEL-sincline-a-domicile-face-au-Fenerbahce.png","type":"image\/png"}],"author":"Paul Lalevee","twitter_card":"summary_large_image","twitter_title":"EuroLigue (J24) : L'ASVEL s'incline \u00e0 domicile face au Fenerbah\u00e7e","twitter_creator":"@dicodusport","twitter_site":"@dicodusport","schema":{"@context":"https:\/\/schema.org","@graph":[{"@type":"NewsArticle","@id":"https:\/\/dicodusport.fr\/blog\/euroligue-j24-lasvel-sincline-a-domicile-face-au-fenerbahce\/#article","isPartOf":{"@id":"https:\/\/dicodusport.fr\/blog\/euroligue-j24-lasvel-sincline-a-domicile-face-au-fenerbahce\/"},"author":{"name":"Paul Lalevee","@id":"https:\/\/dicodusport.fr\/blog\/#\/schema\/person\/1eaa63dfac40b5e5c47f03a71920c1cd"},"headline":"EuroLigue (J24) : L&rsquo;ASVEL s&rsquo;incline \u00e0 domicile face au Fenerbah\u00e7e","datePublished":"2024-01-30T21:09:09+00:00","dateModified":"2024-01-31T10:29:01+00:00","mainEntityOfPage":{"@id":"https:\/\/dicodusport.fr\/blog\/euroligue-j24-lasvel-sincline-a-domicile-face-au-fenerbahce\/"},"wordCount":608,"commentCount":0,"publisher":{"@id":"https:\/\/dicodusport.fr\/blog\/#organization"},"image":{"@id":"https:\/\/dicodusport.fr\/blog\/euroligue-j24-lasvel-sincline-a-domicile-face-au-fenerbahce\/#primaryimage"},"thumbnailUrl":"https:\/\/dicodusport.fr\/blog\/wp-content\/uploads\/2024\/01\/EuroLigue-J24-LASVEL-sincline-a-domicile-face-au-Fenerbahce.png","keywords":["ASVEL","br\u00e8ve","Fenerbah\u00e7e Basket","Timoth\u00e9 Luwawu-Cabarrot"],"articleSection":["EuroLigue"],"inLanguage":"fr-FR","potentialAction":[{"@type":"CommentAction","name":"Comment","target":["https:\/\/dicodusport.fr\/blog\/euroligue-j24-lasvel-sincline-a-domicile-face-au-fenerbahce\/#respond"]}],"copyrightYear":"2024","copyrightHolder":{"@id":"https:\/\/dicodusport.fr\/blog\/#organization"}},{"@type":"WebPage","@id":"https:\/\/dicodusport.fr\/blog\/euroligue-j24-lasvel-sincline-a-domicile-face-au-fenerbahce\/","url":"https:\/\/dicodusport.fr\/blog\/euroligue-j24-lasvel-sincline-a-domicile-face-au-fenerbahce\/","name":"EuroLigue (J24) : L'ASVEL s'incline \u00e0 domicile face au Fenerbah\u00e7e","isPartOf":{"@id":"https:\/\/dicodusport.fr\/blog\/#website"},"primaryImageOfPage":{"@id":"https:\/\/dicodusport.fr\/blog\/euroligue-j24-lasvel-sincline-a-domicile-face-au-fenerbahce\/#primaryimage"},"image":{"@id":"https:\/\/dicodusport.fr\/blog\/euroligue-j24-lasvel-sincline-a-domicile-face-au-fenerbahce\/#primaryimage"},"thumbnailUrl":"https:\/\/dicodusport.fr\/blog\/wp-content\/uploads\/2024\/01\/EuroLigue-J24-LASVEL-sincline-a-domicile-face-au-Fenerbahce.png","datePublished":"2024-01-30T21:09:09+00:00","dateModified":"2024-01-31T10:29:01+00:00","description":"EUROLIGUE 2023-2024 - L'ASVEL aura tenu une mi-temps. Mais au retour des vestiaires, le rouleau compresseur du Fenerbah\u00e7e s'est mis en route (73-83).","breadcrumb":{"@id":"https:\/\/dicodusport.fr\/blog\/euroligue-j24-lasvel-sincline-a-domicile-face-au-fenerbahce\/#breadcrumb"},"inLanguage":"fr-FR","potentialAction":[{"@type":"ReadAction","target":["https:\/\/dicodusport.fr\/blog\/euroligue-j24-lasvel-sincline-a-domicile-face-au-fenerbahce\/"]}]},{"@type":"ImageObject","inLanguage":"fr-FR","@id":"https:\/\/dicodusport.fr\/blog\/euroligue-j24-lasvel-sincline-a-domicile-face-au-fenerbahce\/#primaryimage","url":"https:\/\/dicodusport.fr\/blog\/wp-content\/uploads\/2024\/01\/EuroLigue-J24-LASVEL-sincline-a-domicile-face-au-Fenerbahce.png","contentUrl":"https:\/\/dicodusport.fr\/blog\/wp-content\/uploads\/2024\/01\/EuroLigue-J24-LASVEL-sincline-a-domicile-face-au-Fenerbahce.png","width":1200,"height":674,"caption":"EuroLigue (J24) L'ASVEL s'incline \u00e0 domicile face au Fenerbah\u00e7e"},{"@type":"BreadcrumbList","@id":"https:\/\/dicodusport.fr\/blog\/euroligue-j24-lasvel-sincline-a-domicile-face-au-fenerbahce\/#breadcrumb","itemListElement":[{"@type":"ListItem","position":1,"name":"Accueil","item":"https:\/\/dicodusport.fr\/blog\/"},{"@type":"ListItem","position":2,"name":"EuroLigue (J24) : L&rsquo;ASVEL s&rsquo;incline \u00e0 domicile face au Fenerbah\u00e7e"}]},{"@type":"WebSite","@id":"https:\/\/dicodusport.fr\/blog\/#website","url":"https:\/\/dicodusport.fr\/blog\/","name":"Dicodusport","description":"L&#039;encyclop\u00e9die de l&#039;actualit\u00e9 sportive","publisher":{"@id":"https:\/\/dicodusport.fr\/blog\/#organization"},"potentialAction":[{"@type":"SearchAction","target":{"@type":"EntryPoint","urlTemplate":"https:\/\/dicodusport.fr\/blog\/?s={search_term_string}"},"query-input":{"@type":"PropertyValueSpecification","valueRequired":true,"valueName":"search_term_string"}}],"inLanguage":"fr-FR"},{"@type":"NewsMediaOrganization","@id":"https:\/\/dicodusport.fr\/blog\/#organization","name":"Dicodusport","url":"https:\/\/dicodusport.fr\/blog\/","logo":{"@type":"ImageObject","inLanguage":"fr-FR","@id":"https:\/\/dicodusport.fr\/blog\/#\/schema\/logo\/image\/","url":"https:\/\/dicodusport.fr\/blog\/wp-content\/uploads\/2020\/06\/cropped-LOGO-DICODUSPORT-2020-SANS-FOND-SANS-TEXTE.png","contentUrl":"https:\/\/dicodusport.fr\/blog\/wp-content\/uploads\/2020\/06\/cropped-LOGO-DICODUSPORT-2020-SANS-FOND-SANS-TEXTE.png","width":512,"height":512,"caption":"Dicodusport"},"image":{"@id":"https:\/\/dicodusport.fr\/blog\/#\/schema\/logo\/image\/"},"sameAs":["https:\/\/www.facebook.com\/dicodusport","https:\/\/x.com\/dicodusport","https:\/\/www.instagram.com\/dicodusport\/","https:\/\/www.youtube.com\/channel\/UC7V2KZ5sd3htJivAbA4ZG3w"],"description":"Dicodusport est l'encyclop\u00e9die de l'actualit\u00e9 sportive.","email":"bonjour@dicodusport.fr","legalName":"DICODUSPORT","foundingDate":"2018-01-14","vatID":"FR71834470973","taxID":"83447097300043","numberOfEmployees":{"@type":"QuantitativeValue","minValue":"1","maxValue":"10"}},{"@type":"Person","@id":"https:\/\/dicodusport.fr\/blog\/#\/schema\/person\/1eaa63dfac40b5e5c47f03a71920c1cd","name":"Paul Lalevee","image":{"@type":"ImageObject","inLanguage":"fr-FR","@id":"https:\/\/dicodusport.fr\/blog\/#\/schema\/person\/image\/","url":"https:\/\/dicodusport.fr\/blog\/wp-content\/uploads\/2023\/10\/291154246_1690604071293245_3118259335115946499_n-150x150.jpg","contentUrl":"https:\/\/dicodusport.fr\/blog\/wp-content\/uploads\/2023\/10\/291154246_1690604071293245_3118259335115946499_n-150x150.jpg","caption":"Paul Lalevee"},"description":"La bulle Disney pendant le Covid, le Tour 2019, la Coupe du monde 2018. Ces trois \u00e9v\u00e9nements majeurs sont ancr\u00e9s dans ma t\u00eate de fan de sport, n\u00e9gativement ou positivement. Passionn\u00e9 de sport depuis l'enfance, j'ai d\u00e9cid\u00e9 de mettre ma passion de l'\u00e9criture au service de cette premi\u00e8re passion.","url":"https:\/\/dicodusport.fr\/blog\/author\/paul-lalevee\/"}]}},"_links":{"self":[{"href":"https:\/\/dicodusport.fr\/blog\/wp-json\/wp\/v2\/posts\/458009","targetHints":{"allow":["GET"]}}],"collection":[{"href":"https:\/\/dicodusport.fr\/blog\/wp-json\/wp\/v2\/posts"}],"about":[{"href":"https:\/\/dicodusport.fr\/blog\/wp-json\/wp\/v2\/types\/post"}],"author":[{"embeddable":true,"href":"https:\/\/dicodusport.fr\/blog\/wp-json\/wp\/v2\/users\/88"}],"replies":[{"embeddable":true,"href":"https:\/\/dicodusport.fr\/blog\/wp-json\/wp\/v2\/comments?post=458009"}],"version-history":[{"count":5,"href":"https:\/\/dicodusport.fr\/blog\/wp-json\/wp\/v2\/posts\/458009\/revisions"}],"predecessor-version":[{"id":458260,"href":"https:\/\/dicodusport.fr\/blog\/wp-json\/wp\/v2\/posts\/458009\/revisions\/458260"}],"wp:featuredmedia":[{"embeddable":true,"href":"https:\/\/dicodusport.fr\/blog\/wp-json\/wp\/v2\/media\/458178"}],"wp:attachment":[{"href":"https:\/\/dicodusport.fr\/blog\/wp-json\/wp\/v2\/media?parent=458009"}],"wp:term":[{"taxonomy":"category","embeddable":true,"href":"https:\/\/dicodusport.fr\/blog\/wp-json\/wp\/v2\/categories?post=458009"},{"taxonomy":"post_tag","embeddable":true,"href":"https:\/\/dicodusport.fr\/blog\/wp-json\/wp\/v2\/tags?post=458009"}],"curies":[{"name":"wp","href":"https:\/\/api.w.org\/{rel}","templated":true}]}}