{"id":45835,"date":"2019-08-19T11:28:33","date_gmt":"2019-08-19T09:28:33","guid":{"rendered":"http:\/\/dicodusport.fr\/blog\/?p=45835"},"modified":"2019-08-19T11:47:57","modified_gmt":"2019-08-19T09:47:57","slug":"ligue-1-conforama-2eme-journee-nos-tops-et-flops","status":"publish","type":"post","link":"https:\/\/dicodusport.fr\/blog\/ligue-1-conforama-2eme-journee-nos-tops-et-flops\/","title":{"rendered":"Ligue 1 Conforama &#8211; 2\u00e8me journ\u00e9e : Nos Tops et Flops"},"content":{"rendered":"<p style=\"text-align: justify;\"><em><strong>Pour chaque journ\u00e9e de Ligue 1 Conforama, Dicodusport fait un retour sur les moments marquants du week-end, entre r\u00e9ussites et \u00e9checs, sans langue de bois !<\/strong><\/em><\/p>\n<h1 style=\"text-align: justify;\">Les Tops<\/h1>\n<h2 style=\"text-align: justify;\">Rennes conna\u00eet la recette contre Paris (Rennes 2-1 Paris)<\/h2>\n<p style=\"text-align: justify;\">En cl\u00f4ture de la 2\u00e8me journ\u00e9e de <strong>Ligue 1 Conforama<\/strong>, le <strong>Stade Rennais<\/strong> recevait le <strong>Paris Saint-Germain<\/strong> dans une tr\u00e8s belle ambiance du <strong>Roazhon Park<\/strong>. Align\u00e9s en 3-5-2, les Bretons ont donn\u00e9 du fil \u00e0 retordre aux Parisiens comme souvent lorsque les deux \u00e9quipes se rencontrent. Intelligents tactiquement, d\u00e9vou\u00e9s derri\u00e8re les id\u00e9es de\u00a0leur chef d&rsquo;orchestre Julien St\u00e9phan, les Rennais n&rsquo;ont pas fait que subir bien au contraire. Avec l&rsquo;explosion du jeune <strong>Camavinga<\/strong> (16 ans) au milieu, <strong>Rennes<\/strong> s&rsquo;est impos\u00e9 logiquement face \u00e0 <strong>Paris<\/strong> et r\u00e9alise un d\u00e9but parfait avec deux victoires en autant de rencontres.<\/p>\n<p><span class=\"wGzBj6CYmf0iKZWFgrD\"><\/p>\n<blockquote class=\"twitter-tweet\" data-width=\"550\" data-dnt=\"true\">\n<p lang=\"fr\" dir=\"ltr\">Le plan de Leonardo est simple : r\u00e9cup\u00e9rer 220 millions d&#39;euros en vendant Neymar pour tout r\u00e9investir sur Camavinga et emp\u00eacher le Stade Rennais d&#39;\u00eatre champion de France gr\u00e2ce \u00e0 lui. <a href=\"https:\/\/t.co\/BEaHGBmbmm\">https:\/\/t.co\/BEaHGBmbmm<\/a><\/p>\n<p>&mdash; SO FOOT (@sofoot) <a href=\"https:\/\/twitter.com\/sofoot\/status\/1163358651148578816?ref_src=twsrc%5Etfw\">August 19, 2019<\/a><\/p><\/blockquote>\n<p><script async src=\"https:\/\/platform.twitter.com\/widgets.js\" charset=\"utf-8\"><\/script><\/span><\/p>\n<h2 style=\"text-align: justify;\">Qu&rsquo;il fait bon de revoir Ga\u00ebl Kakuta \u00e0 Amiens (Amiens 1-0 Lille)<\/h2>\n<p style=\"text-align: justify;\">Il avait manqu\u00e9 \u00e0 tout un public en Picardie la saison derni\u00e8re. Parti tenter sa chance en <strong>Liga<\/strong>, au <strong>Rayo Vallecano<\/strong>, <strong>Ga\u00ebl Kakuta<\/strong> est d\u00e9j\u00e0 de retour en <strong>Ligue 1 Conforama<\/strong> sous le maillot ami\u00e9nois. Un plaisir pour tous les amateurs de ballon rond, tant <strong>Kakuta<\/strong> est capable d&rsquo;illuminer une partie, comme il l&rsquo;a fait face \u00e0 Lille samedi. Pour la premi\u00e8re r\u00e9ception de la saison \u00e0 la Licorne, <strong>Amiens<\/strong> n&rsquo;a pas perdu ses valeurs avec le d\u00e9part de <strong>Pelissier<\/strong> et l&rsquo;arriv\u00e9e d&rsquo;<strong>Elsner<\/strong> aux commandes, bien au contraire.<\/p>\n<h2 style=\"text-align: justify;\">Lyon envoie un message \u00e0 la Ligue 1 (Lyon 6-0 Angers)<\/h2>\n<p style=\"text-align: justify;\">9 buts inscrits, aucun encaiss\u00e9 et l&rsquo;<strong>OL<\/strong> fait carton plein lors des deux premi\u00e8res journ\u00e9es. Un Lyon enthousiasmant, impressionnant de ma\u00eetrise et de travail. Loin des clich\u00e9s de la saison pass\u00e9e o\u00f9 les Lyonnais se sabordaient contre les \u00ab\u00a0petits\u00a0\u00bb. Avec 3 buts dans chaque p\u00e9riode, l&rsquo;<strong>OL<\/strong> de <strong>Sylvinho<\/strong> n&rsquo;a pas rel\u00e2ch\u00e9 le rythme face \u00e0 un bloc angevin g\u00e9n\u00e9reux en cadeaux. \u00c0 noter que <strong>Moussa Demb\u00e9l\u00e9<\/strong> et <strong>Memphis Depay<\/strong> ont inscrit un doubl\u00e9.<\/p>\n<div id=\"attachment_45850\" style=\"width: 760px\" class=\"wp-caption aligncenter\"><img loading=\"lazy\" decoding=\"async\" aria-describedby=\"caption-attachment-45850\" class=\"size-full wp-image-45850\" src=\"http:\/\/dicodusport.fr\/blog\/wp-content\/uploads\/2019\/08\/Lyon-Angers.jpg\" alt=\"\" width=\"750\" height=\"410\" srcset=\"https:\/\/dicodusport.fr\/blog\/wp-content\/uploads\/2019\/08\/Lyon-Angers.jpg 750w, https:\/\/dicodusport.fr\/blog\/wp-content\/uploads\/2019\/08\/Lyon-Angers-300x164.jpg 300w\" sizes=\"auto, (max-width: 750px) 100vw, 750px\" \/><p id=\"caption-attachment-45850\" class=\"wp-caption-text\">L&rsquo;OL montre d\u00e9j\u00e0 tout son talent sur les deux premi\u00e8res journ\u00e9es &#8211; AFP<\/p><\/div>\n<h2 style=\"text-align: justify;\">Quel retour \u00e0 St-Symphorien pour Metz ! (Metz 3-0 Monaco)<\/h2>\n<p style=\"text-align: justify;\">Le champion de <strong>Ligue 2<\/strong> recevait l&rsquo;<strong>AS Monaco<\/strong> pour son retour dans l&rsquo;\u00e9lite \u00e0 domicile. Un match au sommet pour les Messins qui se sont fait plaisir face \u00e0 des Mon\u00e9gasques une nouvelle fois apathiques. Samedi soir, nous avons eu le droit \u00e0 un collectif messin s\u00e9duisant, offensif, \u00e0 l&rsquo;image du meilleur buteur de <strong>Ligue 2<\/strong> la saison pass\u00e9e <strong>Habib Diallo<\/strong> qui a inscrit un doubl\u00e9. Apr\u00e8s le nul obtenu \u00e0 <strong>Strasbourg<\/strong> lors de la 1\u00e8re journ\u00e9e, le <strong>FC Metz<\/strong> lance sa saison de Ligue 1 de tr\u00e8s belle mani\u00e8re.<\/p>\n<p style=\"text-align: center;\"><a href=\"http:\/\/dicodusport.fr\/blog\/ligue-1-conforama-2eme-journee-nos-tops-et-flops\/2\/#flops\" class=\"su-button su-button-style-flat\" style=\"color:#FFFFFF;background-color:#005f9b;border-color:#004c7c;border-radius:4px\" target=\"_self\"><span style=\"color:#FFFFFF;padding:0px 20px;font-size:16px;line-height:32px;border-color:#4d8fb9;border-radius:4px;text-shadow:none\"> Les Flops<\/span><\/a><!--nextpage--><\/p>\n<h1 style=\"text-align: justify;\"><a id=\"flops\"><\/a>Les flops<\/h1>\n<h2 style=\"text-align: justify;\">Le spectacle n&rsquo;\u00e9tait pas \u00e0 la Beaujoire (Nantes 0-0 Marseille)<\/h2>\n<p style=\"text-align: justify;\">Deux \u00ab\u00a0b\u00eates bless\u00e9es\u00a0\u00bb se retrouvaient samedi apr\u00e8s-midi dans une Beaujoire comble. Malheureusement pour les spectateurs venus en nombre, le spectacle n&rsquo;a pas eu lieu entre une \u00e9quipe nantaise encore timide et en rodage avec son nouvel entraineur <strong>Christian Gourcuff<\/strong> et un <strong>OM<\/strong> toujours en panne d&rsquo;inspiration. Un penalty manqu\u00e9 par <strong>Benedetto<\/strong>, recrue phare du mercato olympien, et une prestation XXL de <strong>Steve Mandanda<\/strong> seront les faits marquants de ce match \u00e0 oublier rapidement pour les deux \u00e9quipes.<\/p>\n<h2 style=\"text-align: justify;\">VAR, arbitrage, d\u00e9cisions litigieuses : la saison va \u00eatre longue<\/h2>\n<p style=\"text-align: justify;\">Ce week-end, l&rsquo;arbitrage vid\u00e9o a \u00e9t\u00e9 mis \u00e0 contribution sur les terrains de <strong>Ligue 1 Conforama<\/strong>. Cens\u00e9e faciliter la t\u00e2che, la VAR cr\u00e9e pour l&rsquo;instant davantage de pol\u00e9miques et de regrets, notamment au niveau des mains dans la surface. <em>\u00ab C&rsquo;est l&rsquo;arbitre qui fait le score\u00a0\u00bb<\/em> pestait l&rsquo;entra\u00eeneur n\u00eemois <strong>Bernard Blaquart<\/strong> \u00e0 la fin de la rencontre perdue face \u00e0 Nice (N\u00eemes 1-2 Nice). Il est vrai que les diff\u00e9rentes typologies de mains siffl\u00e9es ou non siffl\u00e9es, les fautes graves ou non m\u00e9ritant un carton rouge doivent \u00eatre rapidement clarifi\u00e9es par la Direction Technique de l&rsquo;arbitrage.<\/p>\n<div id=\"attachment_45851\" style=\"width: 924px\" class=\"wp-caption aligncenter\"><img loading=\"lazy\" decoding=\"async\" aria-describedby=\"caption-attachment-45851\" class=\"size-full wp-image-45851\" src=\"http:\/\/dicodusport.fr\/blog\/wp-content\/uploads\/2019\/08\/N\u00eemes-Nice.png\" alt=\"\" width=\"914\" height=\"506\" srcset=\"https:\/\/dicodusport.fr\/blog\/wp-content\/uploads\/2019\/08\/N\u00eemes-Nice.png 914w, https:\/\/dicodusport.fr\/blog\/wp-content\/uploads\/2019\/08\/N\u00eemes-Nice-300x166.png 300w, https:\/\/dicodusport.fr\/blog\/wp-content\/uploads\/2019\/08\/N\u00eemes-Nice-768x425.png 768w\" sizes=\"auto, (max-width: 914px) 100vw, 914px\" \/><p id=\"caption-attachment-45851\" class=\"wp-caption-text\">L&rsquo;arbitrage de M.Letexier lors de N\u00eemes-Nice a \u00e9t\u00e9 tr\u00e8s contest\u00e9 &#8211; Objectif Gard<\/p><\/div>\n<h2 style=\"text-align: justify;\">Strasbourg n&rsquo;a pour l&rsquo;instant pas la t\u00eate \u00e0 la Ligue 1 (Reims 0-0 Strasbourg)<\/h2>\n<p style=\"text-align: justify;\">Deuxi\u00e8me match nul de suite pour le <strong>RC Strasbourg<\/strong> en <strong>Ligue 1 Conforama<\/strong> et cette fois \u00e0 Reims, o\u00f9 les hommes de <strong>Thierry Laurey<\/strong> ont sembl\u00e9 inoffensifs et en panne d&rsquo;inspiration. Si les matchs s&rsquo;encha\u00eenent pour les Alsaciens, ils ne trouvent pas la bonne carburation avant de recevoir l&rsquo;<strong>Eintracht Francfort<\/strong> ce jeudi en barrages de la <strong>Ligue Europa<\/strong>. Un match qui s&rsquo;annonce survolt\u00e9 \u00e0 la Meinau, qui peut enfin r\u00e9veiller les Strasbourgeois.<\/p>\n<h2 style=\"text-align: justify;\">\u00c0 Monaco, des recrues sur courant alternatif<\/h2>\n<p>Battu s\u00e8chement \u00e0 Metz samedi soir, l&rsquo;AS Monaco alignait 5 recrues dans son onze de d\u00e9part (Ben Yedder, Onyekuru, Gelson Martins, Aguilar et Lecomte). Si Onyekuru, le Nig\u00e9rian en provenance de Galatasaray a montr\u00e9 de bonnes dispositions sur le front de l&rsquo;attaque mon\u00e9gasque, avant de dispara\u00eetre au fil du match, les autres recrues sont pour l&rsquo;instant en qu\u00eate de rep\u00e8res. Lecomte a de nouveau encaiss\u00e9 3 buts (malgr\u00e9 un match plut\u00f4t correct), Gelson et Ben Yedder n&rsquo;ont pas exist\u00e9 tandis qu&rsquo;Aguilar\u00a0a pris un carton rouge en premi\u00e8re mi-temps sur un tacle bien appuy\u00e9. Il va falloir mettre le r\u00e9veil \u00e0 Monaco.<\/p>\n<div id=\"attachment_45852\" style=\"width: 1450px\" class=\"wp-caption aligncenter\"><img loading=\"lazy\" decoding=\"async\" aria-describedby=\"caption-attachment-45852\" class=\"size-full wp-image-45852\" src=\"http:\/\/dicodusport.fr\/blog\/wp-content\/uploads\/2019\/08\/Ben-Yedder.jpg\" alt=\"\" width=\"1440\" height=\"960\" srcset=\"https:\/\/dicodusport.fr\/blog\/wp-content\/uploads\/2019\/08\/Ben-Yedder.jpg 1440w, https:\/\/dicodusport.fr\/blog\/wp-content\/uploads\/2019\/08\/Ben-Yedder-300x200.jpg 300w, https:\/\/dicodusport.fr\/blog\/wp-content\/uploads\/2019\/08\/Ben-Yedder-768x512.jpg 768w, https:\/\/dicodusport.fr\/blog\/wp-content\/uploads\/2019\/08\/Ben-Yedder-1024x683.jpg 1024w\" sizes=\"auto, (max-width: 1440px) 100vw, 1440px\" \/><p id=\"caption-attachment-45852\" class=\"wp-caption-text\">Recrue phare du mercato mon\u00e9gasque (40 millions \u20ac), Wissam Ben Yedder n&rsquo;a pas pes\u00e9 lors de la d\u00e9faite \u00e0 Metz &#8211; AFP<\/p><\/div>\n<p style=\"text-align: center;\"><a href=\"http:\/\/dicodusport.fr\/blog\/ligue-1-conforama-2eme-journee-nos-tops-et-flops\/\" class=\"su-button su-button-style-flat\" style=\"color:#FFFFFF;background-color:#005f9b;border-color:#004c7c;border-radius:4px\" target=\"_self\"><span style=\"color:#FFFFFF;padding:0px 20px;font-size:16px;line-height:32px;border-color:#4d8fb9;border-radius:4px;text-shadow:none\"> Revenir aux Tops<\/span><\/a>\n<p><em><strong>Romain Delanis<br \/>\n<\/strong><\/em><em><strong><a href=\"https:\/\/twitter.com\/RDelanis\" target=\"_blank\" rel=\"noopener noreferrer\"><img loading=\"lazy\" decoding=\"async\" class=\"alignnone wp-image-2908\" src=\"http:\/\/dicodusport.fr\/blog\/wp-content\/uploads\/2017\/07\/logo-twitter-150x150.png\" alt=\"\" width=\"39\" height=\"39\" \/><\/a><\/strong><\/em><\/p>\n","protected":false},"excerpt":{"rendered":"<p>Pour chaque journ\u00e9e de Ligue 1 Conforama, Dicodusport fait un retour sur les moments marquants du week-end, entre r\u00e9ussites et \u00e9checs, sans langue de bois !<\/p>\n","protected":false},"author":14,"featured_media":45863,"comment_status":"open","ping_status":"closed","sticky":false,"template":"","format":"standard","meta":{"_acf_changed":false,"_daextam_enable_autolinks":"","footnotes":""},"categories":[2301],"tags":[5587,2300,75,4883,2391,449,1678,1889,910,7550,1840,7160,4729],"class_list":["post-45835","post","type-post","status-publish","format-standard","has-post-thumbnail","hentry","category-football","tag-fc-metz","tag-fc-nantes","tag-football","tag-ligue-1-conforama","tag-losc","tag-lyon","tag-monaco","tag-om","tag-psg","tag-rc-strasbourg-alsace","tag-rennes","tag-stade-de-reims","tag-var"],"acf":[],"yoast_head":"<!-- This site is optimized with the Yoast SEO Premium plugin v26.7 (Yoast SEO v26.7) - https:\/\/yoast.com\/wordpress\/plugins\/seo\/ -->\n<title>Ligue 1 Conforama - 2\u00e8me journ\u00e9e : Nos Tops et Flops<\/title>\n<meta name=\"description\" content=\"Pour chaque journ\u00e9e de Ligue 1 Conforama, Dicodusport fait un retour sur les moments marquants du week-end, entre r\u00e9ussites et \u00e9checs, sans langue de bois !\" \/>\n<meta name=\"robots\" content=\"index, follow, max-snippet:-1, max-image-preview:large, max-video-preview:-1\" \/>\n<link rel=\"canonical\" href=\"https:\/\/dicodusport.fr\/blog\/ligue-1-conforama-2eme-journee-nos-tops-et-flops\/\" \/>\n<link rel=\"next\" href=\"https:\/\/dicodusport.fr\/blog\/ligue-1-conforama-2eme-journee-nos-tops-et-flops\/2\/\" \/>\n<meta property=\"og:locale\" content=\"fr_FR\" \/>\n<meta property=\"og:type\" content=\"article\" \/>\n<meta property=\"og:title\" content=\"Nos Tops et Flops de la 2\u00e8me journ\u00e9e de Ligue 1\" \/>\n<meta property=\"og:description\" content=\"Pour chaque journ\u00e9e de Ligue 1 Conforama, Dicodusport fait un retour sur les moments marquants du week-end, entre r\u00e9ussites et \u00e9checs, sans langue de bois !\" \/>\n<meta property=\"og:url\" content=\"https:\/\/dicodusport.fr\/blog\/ligue-1-conforama-2eme-journee-nos-tops-et-flops\/\" \/>\n<meta property=\"og:site_name\" content=\"Dicodusport\" \/>\n<meta property=\"article:publisher\" content=\"https:\/\/www.facebook.com\/dicodusport\" \/>\n<meta property=\"article:published_time\" content=\"2019-08-19T09:28:33+00:00\" \/>\n<meta property=\"article:modified_time\" content=\"2019-08-19T09:47:57+00:00\" \/>\n<meta property=\"og:image\" content=\"https:\/\/dicodusport.fr\/blog\/wp-content\/uploads\/2019\/08\/Tops-et-Flops-2\u00e8me-journ\u00e9e-Ligue-1.png\" \/>\n\t<meta property=\"og:image:width\" content=\"800\" \/>\n\t<meta property=\"og:image:height\" content=\"445\" \/>\n\t<meta property=\"og:image:type\" content=\"image\/png\" \/>\n<meta name=\"author\" content=\"Romain Delanis\" \/>\n<meta name=\"twitter:card\" content=\"summary_large_image\" \/>\n<meta name=\"twitter:title\" content=\"Nos Tops et Flops de la 2\u00e8me journ\u00e9e de Ligue 1\" \/>\n<meta name=\"twitter:creator\" content=\"@https:\/\/twitter.com\/RDelanis\" \/>\n<meta name=\"twitter:site\" content=\"@dicodusport\" \/>\n<script type=\"application\/ld+json\" class=\"yoast-schema-graph\">{\"@context\":\"https:\/\/schema.org\",\"@graph\":[{\"@type\":\"NewsArticle\",\"@id\":\"https:\/\/dicodusport.fr\/blog\/ligue-1-conforama-2eme-journee-nos-tops-et-flops\/#article\",\"isPartOf\":{\"@id\":\"https:\/\/dicodusport.fr\/blog\/ligue-1-conforama-2eme-journee-nos-tops-et-flops\/\"},\"author\":{\"name\":\"Romain Delanis\",\"@id\":\"https:\/\/dicodusport.fr\/blog\/#\/schema\/person\/8c78730a59f8a1e617f7a19026ebc14a\"},\"headline\":\"Ligue 1 Conforama &#8211; 2\u00e8me journ\u00e9e : Nos Tops et Flops\",\"datePublished\":\"2019-08-19T09:28:33+00:00\",\"dateModified\":\"2019-08-19T09:47:57+00:00\",\"mainEntityOfPage\":{\"@id\":\"https:\/\/dicodusport.fr\/blog\/ligue-1-conforama-2eme-journee-nos-tops-et-flops\/\"},\"wordCount\":1010,\"commentCount\":0,\"publisher\":{\"@id\":\"https:\/\/dicodusport.fr\/blog\/#organization\"},\"image\":{\"@id\":\"https:\/\/dicodusport.fr\/blog\/ligue-1-conforama-2eme-journee-nos-tops-et-flops\/#primaryimage\"},\"thumbnailUrl\":\"https:\/\/dicodusport.fr\/blog\/wp-content\/uploads\/2019\/08\/Tops-et-Flops-2\u00e8me-journ\u00e9e-Ligue-1.png\",\"keywords\":[\"FC Metz\",\"fc nantes\",\"Football\",\"Ligue 1 Conforama\",\"LOSC\",\"Lyon\",\"Monaco\",\"OM\",\"PSG\",\"RC Strasbourg Alsace\",\"Rennes\",\"Stade de Reims\",\"VAR\"],\"articleSection\":[\"Football\"],\"inLanguage\":\"fr-FR\",\"potentialAction\":[{\"@type\":\"CommentAction\",\"name\":\"Comment\",\"target\":[\"https:\/\/dicodusport.fr\/blog\/ligue-1-conforama-2eme-journee-nos-tops-et-flops\/#respond\"]}],\"copyrightYear\":\"2019\",\"copyrightHolder\":{\"@id\":\"https:\/\/dicodusport.fr\/blog\/#organization\"}},{\"@type\":\"WebPage\",\"@id\":\"https:\/\/dicodusport.fr\/blog\/ligue-1-conforama-2eme-journee-nos-tops-et-flops\/\",\"url\":\"https:\/\/dicodusport.fr\/blog\/ligue-1-conforama-2eme-journee-nos-tops-et-flops\/\",\"name\":\"Ligue 1 Conforama - 2\u00e8me journ\u00e9e : Nos Tops et Flops\",\"isPartOf\":{\"@id\":\"https:\/\/dicodusport.fr\/blog\/#website\"},\"primaryImageOfPage\":{\"@id\":\"https:\/\/dicodusport.fr\/blog\/ligue-1-conforama-2eme-journee-nos-tops-et-flops\/#primaryimage\"},\"image\":{\"@id\":\"https:\/\/dicodusport.fr\/blog\/ligue-1-conforama-2eme-journee-nos-tops-et-flops\/#primaryimage\"},\"thumbnailUrl\":\"https:\/\/dicodusport.fr\/blog\/wp-content\/uploads\/2019\/08\/Tops-et-Flops-2\u00e8me-journ\u00e9e-Ligue-1.png\",\"datePublished\":\"2019-08-19T09:28:33+00:00\",\"dateModified\":\"2019-08-19T09:47:57+00:00\",\"description\":\"Pour chaque journ\u00e9e de Ligue 1 Conforama, Dicodusport fait un retour sur les moments marquants du week-end, entre r\u00e9ussites et \u00e9checs, sans langue de bois !\",\"inLanguage\":\"fr-FR\",\"potentialAction\":[{\"@type\":\"ReadAction\",\"target\":[\"https:\/\/dicodusport.fr\/blog\/ligue-1-conforama-2eme-journee-nos-tops-et-flops\/\"]}]},{\"@type\":\"ImageObject\",\"inLanguage\":\"fr-FR\",\"@id\":\"https:\/\/dicodusport.fr\/blog\/ligue-1-conforama-2eme-journee-nos-tops-et-flops\/#primaryimage\",\"url\":\"https:\/\/dicodusport.fr\/blog\/wp-content\/uploads\/2019\/08\/Tops-et-Flops-2\u00e8me-journ\u00e9e-Ligue-1.png\",\"contentUrl\":\"https:\/\/dicodusport.fr\/blog\/wp-content\/uploads\/2019\/08\/Tops-et-Flops-2\u00e8me-journ\u00e9e-Ligue-1.png\",\"width\":800,\"height\":445},{\"@type\":\"WebSite\",\"@id\":\"https:\/\/dicodusport.fr\/blog\/#website\",\"url\":\"https:\/\/dicodusport.fr\/blog\/\",\"name\":\"Dicodusport\",\"description\":\"L&#039;encyclop\u00e9die de l&#039;actualit\u00e9 sportive\",\"publisher\":{\"@id\":\"https:\/\/dicodusport.fr\/blog\/#organization\"},\"potentialAction\":[{\"@type\":\"SearchAction\",\"target\":{\"@type\":\"EntryPoint\",\"urlTemplate\":\"https:\/\/dicodusport.fr\/blog\/?s={search_term_string}\"},\"query-input\":{\"@type\":\"PropertyValueSpecification\",\"valueRequired\":true,\"valueName\":\"search_term_string\"}}],\"inLanguage\":\"fr-FR\"},{\"@type\":\"NewsMediaOrganization\",\"@id\":\"https:\/\/dicodusport.fr\/blog\/#organization\",\"name\":\"Dicodusport\",\"url\":\"https:\/\/dicodusport.fr\/blog\/\",\"logo\":{\"@type\":\"ImageObject\",\"inLanguage\":\"fr-FR\",\"@id\":\"https:\/\/dicodusport.fr\/blog\/#\/schema\/logo\/image\/\",\"url\":\"https:\/\/dicodusport.fr\/blog\/wp-content\/uploads\/2020\/06\/cropped-LOGO-DICODUSPORT-2020-SANS-FOND-SANS-TEXTE.png\",\"contentUrl\":\"https:\/\/dicodusport.fr\/blog\/wp-content\/uploads\/2020\/06\/cropped-LOGO-DICODUSPORT-2020-SANS-FOND-SANS-TEXTE.png\",\"width\":512,\"height\":512,\"caption\":\"Dicodusport\"},\"image\":{\"@id\":\"https:\/\/dicodusport.fr\/blog\/#\/schema\/logo\/image\/\"},\"sameAs\":[\"https:\/\/www.facebook.com\/dicodusport\",\"https:\/\/x.com\/dicodusport\",\"https:\/\/www.instagram.com\/dicodusport\/\",\"https:\/\/www.youtube.com\/channel\/UC7V2KZ5sd3htJivAbA4ZG3w\"],\"description\":\"Dicodusport est l'encyclop\u00e9die de l'actualit\u00e9 sportive.\",\"email\":\"bonjour@dicodusport.fr\",\"legalName\":\"DICODUSPORT\",\"foundingDate\":\"2018-01-14\",\"vatID\":\"FR71834470973\",\"taxID\":\"83447097300043\",\"numberOfEmployees\":{\"@type\":\"QuantitativeValue\",\"minValue\":\"1\",\"maxValue\":\"10\"}},{\"@type\":\"Person\",\"@id\":\"https:\/\/dicodusport.fr\/blog\/#\/schema\/person\/8c78730a59f8a1e617f7a19026ebc14a\",\"name\":\"Romain Delanis\",\"image\":{\"@type\":\"ImageObject\",\"inLanguage\":\"fr-FR\",\"@id\":\"https:\/\/dicodusport.fr\/blog\/#\/schema\/person\/image\/\",\"url\":\"https:\/\/dicodusport.fr\/blog\/wp-content\/uploads\/2021\/05\/Romain-Delanis-150x150.jpg\",\"contentUrl\":\"https:\/\/dicodusport.fr\/blog\/wp-content\/uploads\/2021\/05\/Romain-Delanis-150x150.jpg\",\"caption\":\"Romain Delanis\"},\"description\":\"Journaliste\/R\u00e9dacteur depuis novembre 2015 - Capable de passer un samedi apr\u00e8s-midi devant la Ligue 2 puis le biathlon sans oublier la finale de l\u2019ATP Rotterdam, j\u2019aime aussi mettre mon r\u00e9veil pour me faire un Pistons\/Bulls qui rappelle de bons souvenirs. Tout cela, j\u2019ai choisi il y a maintenant quelques temps de vous le raconter avec Dicodusport, pour vous faire vivre ma passion parfois inconsid\u00e9r\u00e9e pour le sport en g\u00e9n\u00e9ral (mais surtout le foot faut se l\u2019avouer).\",\"sameAs\":[\"https:\/\/x.com\/https:\/\/twitter.com\/RDelanis\"],\"url\":\"https:\/\/dicodusport.fr\/blog\/author\/romain\/\"}]}<\/script>\n<!-- \/ Yoast SEO Premium plugin. -->","yoast_head_json":{"title":"Ligue 1 Conforama - 2\u00e8me journ\u00e9e : Nos Tops et Flops","description":"Pour chaque journ\u00e9e de Ligue 1 Conforama, Dicodusport fait un retour sur les moments marquants du week-end, entre r\u00e9ussites et \u00e9checs, sans langue de bois !","robots":{"index":"index","follow":"follow","max-snippet":"max-snippet:-1","max-image-preview":"max-image-preview:large","max-video-preview":"max-video-preview:-1"},"canonical":"https:\/\/dicodusport.fr\/blog\/ligue-1-conforama-2eme-journee-nos-tops-et-flops\/","next":"https:\/\/dicodusport.fr\/blog\/ligue-1-conforama-2eme-journee-nos-tops-et-flops\/2\/","og_locale":"fr_FR","og_type":"article","og_title":"Nos Tops et Flops de la 2\u00e8me journ\u00e9e de Ligue 1","og_description":"Pour chaque journ\u00e9e de Ligue 1 Conforama, Dicodusport fait un retour sur les moments marquants du week-end, entre r\u00e9ussites et \u00e9checs, sans langue de bois !","og_url":"https:\/\/dicodusport.fr\/blog\/ligue-1-conforama-2eme-journee-nos-tops-et-flops\/","og_site_name":"Dicodusport","article_publisher":"https:\/\/www.facebook.com\/dicodusport","article_published_time":"2019-08-19T09:28:33+00:00","article_modified_time":"2019-08-19T09:47:57+00:00","og_image":[{"width":800,"height":445,"url":"https:\/\/dicodusport.fr\/blog\/wp-content\/uploads\/2019\/08\/Tops-et-Flops-2\u00e8me-journ\u00e9e-Ligue-1.png","type":"image\/png"}],"author":"Romain Delanis","twitter_card":"summary_large_image","twitter_title":"Nos Tops et Flops de la 2\u00e8me journ\u00e9e de Ligue 1","twitter_creator":"@https:\/\/twitter.com\/RDelanis","twitter_site":"@dicodusport","schema":{"@context":"https:\/\/schema.org","@graph":[{"@type":"NewsArticle","@id":"https:\/\/dicodusport.fr\/blog\/ligue-1-conforama-2eme-journee-nos-tops-et-flops\/#article","isPartOf":{"@id":"https:\/\/dicodusport.fr\/blog\/ligue-1-conforama-2eme-journee-nos-tops-et-flops\/"},"author":{"name":"Romain Delanis","@id":"https:\/\/dicodusport.fr\/blog\/#\/schema\/person\/8c78730a59f8a1e617f7a19026ebc14a"},"headline":"Ligue 1 Conforama &#8211; 2\u00e8me journ\u00e9e : Nos Tops et Flops","datePublished":"2019-08-19T09:28:33+00:00","dateModified":"2019-08-19T09:47:57+00:00","mainEntityOfPage":{"@id":"https:\/\/dicodusport.fr\/blog\/ligue-1-conforama-2eme-journee-nos-tops-et-flops\/"},"wordCount":1010,"commentCount":0,"publisher":{"@id":"https:\/\/dicodusport.fr\/blog\/#organization"},"image":{"@id":"https:\/\/dicodusport.fr\/blog\/ligue-1-conforama-2eme-journee-nos-tops-et-flops\/#primaryimage"},"thumbnailUrl":"https:\/\/dicodusport.fr\/blog\/wp-content\/uploads\/2019\/08\/Tops-et-Flops-2\u00e8me-journ\u00e9e-Ligue-1.png","keywords":["FC Metz","fc nantes","Football","Ligue 1 Conforama","LOSC","Lyon","Monaco","OM","PSG","RC Strasbourg Alsace","Rennes","Stade de Reims","VAR"],"articleSection":["Football"],"inLanguage":"fr-FR","potentialAction":[{"@type":"CommentAction","name":"Comment","target":["https:\/\/dicodusport.fr\/blog\/ligue-1-conforama-2eme-journee-nos-tops-et-flops\/#respond"]}],"copyrightYear":"2019","copyrightHolder":{"@id":"https:\/\/dicodusport.fr\/blog\/#organization"}},{"@type":"WebPage","@id":"https:\/\/dicodusport.fr\/blog\/ligue-1-conforama-2eme-journee-nos-tops-et-flops\/","url":"https:\/\/dicodusport.fr\/blog\/ligue-1-conforama-2eme-journee-nos-tops-et-flops\/","name":"Ligue 1 Conforama - 2\u00e8me journ\u00e9e : Nos Tops et Flops","isPartOf":{"@id":"https:\/\/dicodusport.fr\/blog\/#website"},"primaryImageOfPage":{"@id":"https:\/\/dicodusport.fr\/blog\/ligue-1-conforama-2eme-journee-nos-tops-et-flops\/#primaryimage"},"image":{"@id":"https:\/\/dicodusport.fr\/blog\/ligue-1-conforama-2eme-journee-nos-tops-et-flops\/#primaryimage"},"thumbnailUrl":"https:\/\/dicodusport.fr\/blog\/wp-content\/uploads\/2019\/08\/Tops-et-Flops-2\u00e8me-journ\u00e9e-Ligue-1.png","datePublished":"2019-08-19T09:28:33+00:00","dateModified":"2019-08-19T09:47:57+00:00","description":"Pour chaque journ\u00e9e de Ligue 1 Conforama, Dicodusport fait un retour sur les moments marquants du week-end, entre r\u00e9ussites et \u00e9checs, sans langue de bois !","inLanguage":"fr-FR","potentialAction":[{"@type":"ReadAction","target":["https:\/\/dicodusport.fr\/blog\/ligue-1-conforama-2eme-journee-nos-tops-et-flops\/"]}]},{"@type":"ImageObject","inLanguage":"fr-FR","@id":"https:\/\/dicodusport.fr\/blog\/ligue-1-conforama-2eme-journee-nos-tops-et-flops\/#primaryimage","url":"https:\/\/dicodusport.fr\/blog\/wp-content\/uploads\/2019\/08\/Tops-et-Flops-2\u00e8me-journ\u00e9e-Ligue-1.png","contentUrl":"https:\/\/dicodusport.fr\/blog\/wp-content\/uploads\/2019\/08\/Tops-et-Flops-2\u00e8me-journ\u00e9e-Ligue-1.png","width":800,"height":445},{"@type":"WebSite","@id":"https:\/\/dicodusport.fr\/blog\/#website","url":"https:\/\/dicodusport.fr\/blog\/","name":"Dicodusport","description":"L&#039;encyclop\u00e9die de l&#039;actualit\u00e9 sportive","publisher":{"@id":"https:\/\/dicodusport.fr\/blog\/#organization"},"potentialAction":[{"@type":"SearchAction","target":{"@type":"EntryPoint","urlTemplate":"https:\/\/dicodusport.fr\/blog\/?s={search_term_string}"},"query-input":{"@type":"PropertyValueSpecification","valueRequired":true,"valueName":"search_term_string"}}],"inLanguage":"fr-FR"},{"@type":"NewsMediaOrganization","@id":"https:\/\/dicodusport.fr\/blog\/#organization","name":"Dicodusport","url":"https:\/\/dicodusport.fr\/blog\/","logo":{"@type":"ImageObject","inLanguage":"fr-FR","@id":"https:\/\/dicodusport.fr\/blog\/#\/schema\/logo\/image\/","url":"https:\/\/dicodusport.fr\/blog\/wp-content\/uploads\/2020\/06\/cropped-LOGO-DICODUSPORT-2020-SANS-FOND-SANS-TEXTE.png","contentUrl":"https:\/\/dicodusport.fr\/blog\/wp-content\/uploads\/2020\/06\/cropped-LOGO-DICODUSPORT-2020-SANS-FOND-SANS-TEXTE.png","width":512,"height":512,"caption":"Dicodusport"},"image":{"@id":"https:\/\/dicodusport.fr\/blog\/#\/schema\/logo\/image\/"},"sameAs":["https:\/\/www.facebook.com\/dicodusport","https:\/\/x.com\/dicodusport","https:\/\/www.instagram.com\/dicodusport\/","https:\/\/www.youtube.com\/channel\/UC7V2KZ5sd3htJivAbA4ZG3w"],"description":"Dicodusport est l'encyclop\u00e9die de l'actualit\u00e9 sportive.","email":"bonjour@dicodusport.fr","legalName":"DICODUSPORT","foundingDate":"2018-01-14","vatID":"FR71834470973","taxID":"83447097300043","numberOfEmployees":{"@type":"QuantitativeValue","minValue":"1","maxValue":"10"}},{"@type":"Person","@id":"https:\/\/dicodusport.fr\/blog\/#\/schema\/person\/8c78730a59f8a1e617f7a19026ebc14a","name":"Romain Delanis","image":{"@type":"ImageObject","inLanguage":"fr-FR","@id":"https:\/\/dicodusport.fr\/blog\/#\/schema\/person\/image\/","url":"https:\/\/dicodusport.fr\/blog\/wp-content\/uploads\/2021\/05\/Romain-Delanis-150x150.jpg","contentUrl":"https:\/\/dicodusport.fr\/blog\/wp-content\/uploads\/2021\/05\/Romain-Delanis-150x150.jpg","caption":"Romain Delanis"},"description":"Journaliste\/R\u00e9dacteur depuis novembre 2015 - Capable de passer un samedi apr\u00e8s-midi devant la Ligue 2 puis le biathlon sans oublier la finale de l\u2019ATP Rotterdam, j\u2019aime aussi mettre mon r\u00e9veil pour me faire un Pistons\/Bulls qui rappelle de bons souvenirs. Tout cela, j\u2019ai choisi il y a maintenant quelques temps de vous le raconter avec Dicodusport, pour vous faire vivre ma passion parfois inconsid\u00e9r\u00e9e pour le sport en g\u00e9n\u00e9ral (mais surtout le foot faut se l\u2019avouer).","sameAs":["https:\/\/x.com\/https:\/\/twitter.com\/RDelanis"],"url":"https:\/\/dicodusport.fr\/blog\/author\/romain\/"}]}},"_links":{"self":[{"href":"https:\/\/dicodusport.fr\/blog\/wp-json\/wp\/v2\/posts\/45835","targetHints":{"allow":["GET"]}}],"collection":[{"href":"https:\/\/dicodusport.fr\/blog\/wp-json\/wp\/v2\/posts"}],"about":[{"href":"https:\/\/dicodusport.fr\/blog\/wp-json\/wp\/v2\/types\/post"}],"author":[{"embeddable":true,"href":"https:\/\/dicodusport.fr\/blog\/wp-json\/wp\/v2\/users\/14"}],"replies":[{"embeddable":true,"href":"https:\/\/dicodusport.fr\/blog\/wp-json\/wp\/v2\/comments?post=45835"}],"version-history":[{"count":0,"href":"https:\/\/dicodusport.fr\/blog\/wp-json\/wp\/v2\/posts\/45835\/revisions"}],"wp:featuredmedia":[{"embeddable":true,"href":"https:\/\/dicodusport.fr\/blog\/wp-json\/wp\/v2\/media\/45863"}],"wp:attachment":[{"href":"https:\/\/dicodusport.fr\/blog\/wp-json\/wp\/v2\/media?parent=45835"}],"wp:term":[{"taxonomy":"category","embeddable":true,"href":"https:\/\/dicodusport.fr\/blog\/wp-json\/wp\/v2\/categories?post=45835"},{"taxonomy":"post_tag","embeddable":true,"href":"https:\/\/dicodusport.fr\/blog\/wp-json\/wp\/v2\/tags?post=45835"}],"curies":[{"name":"wp","href":"https:\/\/api.w.org\/{rel}","templated":true}]}}