{"id":458495,"date":"2024-02-05T11:00:38","date_gmt":"2024-02-05T10:00:38","guid":{"rendered":"https:\/\/dicodusport.fr\/blog\/?p=458495&#038;preview=true&#038;preview_id=458495"},"modified":"2024-02-06T08:09:20","modified_gmt":"2024-02-06T07:09:20","slug":"axel-zorzi-on-est-hors-de-la-lumiere","status":"publish","type":"post","link":"https:\/\/dicodusport.fr\/blog\/axel-zorzi-on-est-hors-de-la-lumiere\/","title":{"rendered":"Axel Zorzi : \u00ab\u00a0On est hors de la lumi\u00e8re\u00a0\u00bb"},"content":{"rendered":"<p style=\"text-align: justify;\"><strong><em>ATHL\u00c9TISME &#8211; Entretien avec le sprinteur Axel Zorzi. D\u00e9ficient visuel, il est une chance de m\u00e9daille aux Jeux Paralympiques pour la France. D\u00e9tenteur du record de France du 100 m, dans sa cat\u00e9gorie T13 (10.89), l&rsquo;athl\u00e8te de 26 ans \u00e9tait \u00e0 Aubi\u00e8re, \u00e0 l&rsquo;occasion du <a href=\"https:\/\/dicodusport.fr\/blog\/x-athletics-2024-programme-classements-et-resultats\/\">X-Athletics<\/a>. Qui ouvre son programme au handisport depuis 2023. Il s&rsquo;est confi\u00e9 sur sa performance (7.11 au 60 m) r\u00e9alis\u00e9e, mais aussi son envie de briller aux Jeux et ses progr\u00e8s r\u00e9alis\u00e9s en 2023. Axel Zorzi \u00e9voque \u00e9galement la place du handisport en France.<\/em><\/strong><\/p>\n<h2 style=\"text-align: justify;\">Axel Zorzi : Je suis s\u00fbr que je peux inspirer des gens comme moi\u00a0\u00bb<\/h2>\n<h3 style=\"text-align: justify;\">L&rsquo;important pour toi, c&rsquo;\u00e9tait de marquer les esprits, avec ce chrono de 7.11 ?<\/h3>\n<p style=\"text-align: justify;\">Axel Zorzi : Oui. Et en plus, les X-Athletics ont fait l&rsquo;effort de faire venir des internationaux. Il y avait des concurrents directs, dont un sp\u00e9cialiste de la longueur, plusieurs fois m\u00e9daill\u00e9 international. Mais qui est un bon sprinteur. Pour sauter loin, il faut courir vite. C&rsquo;est le champion d&rsquo;Europe 2021, il m&rsquo;a battu de trois centi\u00e8mes ce jour-l\u00e0. J&rsquo;avais \u00e0 c\u0153ur de le taper (rires).<\/p>\n<h3 style=\"text-align: justify;\">Chose faite !<\/h3>\n<p style=\"text-align: justify;\">Je sais que pour lui, il y avait moins d&rsquo;enjeu. Il vient pour se faire plaisir et c&rsquo;est normal que l&rsquo;envie soit plus de mon c\u00f4t\u00e9, pour cette confrontation.<\/p>\n<h3 style=\"text-align: justify;\">Tu as franchi un gros cap en 2023, avec ce chrono sous les 11 secondes. Cela veut dire quelque chose. \u00c0 moins d&rsquo;un an des Jeux Paralympiques.<\/h3>\n<p style=\"text-align: justify;\">Ces Jeux vont \u00eatre trop bien. Le niveau en handisport augmente tous les ans. Les minima pour Tokyo, c&rsquo;\u00e9tait 11.02, maintenant, c&rsquo;est 10.82. Deux dixi\u00e8mes de diff\u00e9rence pour des minima, c&rsquo;est \u00e9norme. Surtout sur trois ans. Cela veut dire que le niveau international augmente. C&rsquo;est hyper motivant pour moi. Je ne m&rsquo;endors pas. Et je dois \u00eatre constamment dans une dynamique de progr\u00e8s. Le changement, du fait d&rsquo;avoir les Jeux \u00e0 la maison, c&rsquo;est au niveau sollicitation m\u00e9diatique. Je n&rsquo;en ai jamais eu autant de ma vie.<\/p>\n<h3 style=\"text-align: justify;\">Tu le vis comment ?<\/h3>\n<p style=\"text-align: justify;\">J&rsquo;en suis hyper fier. J&rsquo;adore partager et transmettre ce que je vis. Et je suis s\u00fbr que cela peut inspirer des gens comme moi. \u00c0 venir et faire mieux. Je suis s\u00fbr qu&rsquo;il y a des gens en France, qui ont le m\u00eame handicap et qui peuvent faire mieux que moi. Mais qui se disent que ce n&rsquo;est pas possible pour eux. On n&rsquo;est qu&rsquo;au d\u00e9but du mouvement. Il y aura forc\u00e9ment quelqu&rsquo;un qui viendra battre mes records.<\/p>\n<h2 style=\"text-align: justify;\">Axel Zorzi : \u00ab\u00a0La pr\u00e9pa mentale m&rsquo;a fait progresser\u00a0\u00bb<\/h2>\n<h3 style=\"text-align: justify;\">Tu passes de 11.02 \u00e0 10.89, ces progr\u00e8s sont physiques, techniques ?<\/h3>\n<p style=\"text-align: justify;\">Les progr\u00e8s se font surtout sur ma pr\u00e9paration mentale, qui a \u00e9t\u00e9 pouss\u00e9e.<\/p>\n<h3 style=\"text-align: justify;\">Depuis quand fais-tu de la pr\u00e9pa mentale ?<\/h3>\n<p style=\"text-align: justify;\">J&rsquo;en fait depuis dix ans.<\/p>\n<h3 style=\"text-align: justify;\">Tu es presque un pionnier ?<\/h3>\n<p style=\"text-align: justify;\">Je crois qu&rsquo;aujourd&rsquo;hui, c&rsquo;est surtout plus assum\u00e9. Peut-\u00eatre que l&rsquo;on consid\u00e8re \u00e7a moins comme quelque chose d&rsquo;inutile. On se rend compte que certains le font et que cela fonctionne.<\/p>\n<h3 style=\"text-align: justify;\">Quels caps mentaux as-tu pu franchir ?<\/h3>\n<p style=\"text-align: justify;\">Quand tu es d\u00e9ficient visuel, tu peux souffrir d&rsquo;angoisses li\u00e9es rien qu&rsquo;au fait de se d\u00e9placer. Tu n&rsquo;as pas confiance en toi et s\u00fbrement que, quand tu fais du sprint, ton mouvement doit \u00eatre 100 % vers l&rsquo;avant. Si tu es sur la crispation et la peur d&rsquo;un potentiel obstacle, tu ne peux pas avancer. On travaille sur \u00e7a, se connecter sur ses sensations et prendre confiance. Il y a un gros travail sur le fait de devenir un homme.<\/p>\n<h3 style=\"text-align: justify;\">Tu te vois atteindre quel niveau cet \u00e9t\u00e9 ?<\/h3>\n<p style=\"text-align: justify;\">Vu ce que je fais au 60 m, il y a un potentiel \u00e9norme. Vers 10.70, mais je suis quelqu&rsquo;un pour qui le potentiel ne s&rsquo;exprime pas encore totalement. Cela ne sort pas. Il me manque encore de l&rsquo;entra\u00eenement, plus de confrontations.<\/p>\n<h2 style=\"text-align: justify;\">Axel Zorzi : \u00ab\u00a0Londres sont les champions pour mobiliser le public\u00a0\u00bb<\/h2>\n<h3 style=\"text-align: justify;\">Tu parles de cette action d&rsquo;aller vers l&rsquo;avant, comment tu g\u00e8res ton espace ?<\/h3>\n<p style=\"text-align: justify;\">En tant que d\u00e9ficient visuel, il n&rsquo;y a pas grand-chose que tu per\u00e7ois avec tes yeux. L&rsquo;avantage d&rsquo;une piste d&rsquo;athl\u00e9tisme, c&rsquo;est qu&rsquo;il n&rsquo;y a pas d&rsquo;obstacle. L\u00e0-dessus, tu es rassur\u00e9 et tu te dis que tu peux te l\u00e2cher. J&rsquo;ai tellement couru dans ma vie, que je sais quand j&rsquo;ai pass\u00e9 la ligne, alors que je ne la vois pas forc\u00e9ment. Parce que le timing de sept secondes, je le connais.<\/p>\n<h3 style=\"text-align: justify;\">C&rsquo;est un peu comme de la musique ?<\/h3>\n<p style=\"text-align: justify;\">Oui voil\u00e0. Il y a un tempo, une rythmique. Cela demande beaucoup de concentration pour analyser ce que tu fais. Mais c&rsquo;est l&rsquo;entra\u00eenement qui fait travailler.<\/p>\n<h3 style=\"text-align: justify;\">On parlait de la m\u00e9diatisation des Jeux, tu as eu une r\u00e9p\u00e9tition grandeur nature l&rsquo;\u00e9t\u00e9 dernier, avec les Mondiaux \u00e0 Charl\u00e9ty. Tu peux nous raconter ton exp\u00e9rience ?<\/h3>\n<p style=\"text-align: justify;\">Il y avait du monde \u00e0 Charl\u00e9ty. L&rsquo;\u00e9dition n&rsquo;\u00e9tait pas record, car il n&rsquo;y avait pas autant de monde que sur le championnat du monde \u00e0 Londres (2017). Eux, sont les champions pour mobiliser le public. Avec un stade de 35 000 personnes rempli tous les jours. On n&rsquo;a pas r\u00e9ussi cela en France. Mais peu importe, pour moi, c&rsquo;\u00e9tait quelque chose d&rsquo;exceptionnel, d&rsquo;avoir ce public qui crie ton nom. Tu sentais que les Fran\u00e7ais \u00e9taient soutenus. Je me suis laiss\u00e9 envahir par ce plaisir. J&rsquo;aurais pu rester dans ma concentration, mais non.<\/p>\n<h2 style=\"text-align: justify;\">Axel Zorzi : \u00ab\u00a0On est hors de la lumi\u00e8re\u00a0\u00bb<\/h2>\n<h3 style=\"text-align: justify;\">Cela pousse quand on est athl\u00e8te ?<\/h3>\n<p style=\"text-align: justify;\">Cela m&rsquo;a fait du bien. Il faut dire qu&rsquo;on est hors de la lumi\u00e8re. Les championnats de France ne sont pas visibles, le public pr\u00e9sent, ce sont les athl\u00e8tes et la famille. Et comme il y a moins de pratiquants, il y a moins de monde. Finalement, il y a presque plus de monde lors des d\u00e9partementaux et r\u00e9gionaux, car il y a plus d&rsquo;athl\u00e8tes et du coup une \u00e9mulation. Parce que cela fait bizarre de courir dans un certain silence. Tu te sens un peu tout seul (rires).<\/p>\n<h3 style=\"text-align: justify;\">Tu penses qu&rsquo;on est en retard sur la question d&rsquo;inclusion du handicap dans le sport ?<\/h3>\n<p style=\"text-align: justify;\">Il faut distinguer le sport de l&rsquo;activit\u00e9 physique. Pratiquer une activit\u00e9 physique, quand tu es en situation de handicap, on sait faire. Il y a plein de clubs. Il faut juste que les personnes aient le courage de se renseigner. Ensuite, quand tu veux \u00e9lever ton niveau de pratique, tu peux rencontrer des difficult\u00e9s, pour trouver des comp\u00e9titions. Car il y en a peu. Et elles deviennent de plus en plus \u00e9litistes.<\/p>\n<p style=\"text-align: justify;\">Quand tu d\u00e9marres, il faut d\u00e9j\u00e0 avoir un tr\u00e8s bon niveau pour acc\u00e9der \u00e0 ces comp\u00e9titions. Mais pour avoir un bon niveau, il faut faire des comp\u00e9titions. C&rsquo;est finalement plus facile de s&rsquo;int\u00e9grer \u00e0 des courses valides. Mais l\u00e0 aussi, il faut \u00eatre bon, car les portes se ferment vite. Ce n&rsquo;est pas pour le premier venu. Quand j&rsquo;ai commenc\u00e9 l&rsquo;athl\u00e9tisme, je faisais 12.50 au 100 m.<\/p>\n<h2 style=\"text-align: justify;\">Axel Zorzi : \u00ab\u00a0Londres 2012 a \u00e9t\u00e9 un d\u00e9clic pour moi\u00a0\u00bb<\/h2>\n<h3 style=\"text-align: justify;\">Qu&rsquo;est-ce qui t&rsquo;a amen\u00e9 \u00e0 l&rsquo;athl\u00e9tisme ?<\/h3>\n<p style=\"text-align: justify;\">Il y a un grand \u00e9v\u00e9nement qui a \u00e9t\u00e9 un d\u00e9clic. En 2012, on va voir les Jeux Paralympiques, avec une association. C&rsquo;\u00e9tait \u00e0 Londres et j&rsquo;ai pris une claque. Le public \u00e9tait dingue. Il voyait des athl\u00e8tes et non des handicap\u00e9s. Il n&rsquo;\u00e9tait pas dans le jugement, mais dans le fait de vouloir voir des performances, du sport, de la confrontation.<\/p>\n<h3 style=\"text-align: justify;\">Est-ce qu&rsquo;il faut faire de la p\u00e9dagogie autour de la performance ? Dire que moins de 11 secondes, peu de monde est capable de le faire en valide.<\/h3>\n<p style=\"text-align: justify;\">Je ne sais pas comment faire et changer cela. Je sais qu&rsquo;on fait face \u00e0 des regards. Ce que je fais, certains ne vont pas consid\u00e9rer cela comme une performance. Ils vont dire que 10.80 au 100 m, c&rsquo;est que 8e mondial dans ma cat\u00e9gorie, donc on s&rsquo;en fout un peu. Quand tu t&rsquo;entra\u00eenes et que tu sais ce que cela implique de juste faire 11 secondes, tu te rends compte que c&rsquo;est costaud. Passer en dessous, c&rsquo;est s\u00fbr. Peut-\u00eatre que tu compares avec ce que tu connais et que pour certains, ils ne connaissent que les 9.58 d&rsquo;Usain Bolt et encore&#8230;<\/p>\n<h3 style=\"text-align: justify;\">Tu as l&rsquo;occasion d&rsquo;\u00e9changer avec d&rsquo;autres athl\u00e8tes ?<\/h3>\n<p style=\"text-align: justify;\">\u00c0 Lyon, on a un groupe h\u00e9t\u00e9rog\u00e8ne, avec des niveaux diff\u00e9rents. On est cinq \u00e0 pr\u00e9parer les Jeux et avoir une chance de se qualifier. Il y a beaucoup d&rsquo;\u00e9changes et de soutien entre nous. Mais aussi de la passion.<\/p>\n<h3 style=\"text-align: justify;\">Tu es dans un groupe 100 % handisport ?<\/h3>\n<p style=\"text-align: justify;\">Oui. Cela n&rsquo;a pas toujours \u00e9t\u00e9 le cas. Quand on a d\u00e9marr\u00e9 en 2015, on a eu trois ans qu&rsquo;avec des handi. Ensuite, en 2018, j&rsquo;ai int\u00e9gr\u00e9 un groupe \u00e0 Lyon, avec des valides. Ces personnes m&rsquo;ont accueilli comme un athl\u00e8te. Il n&rsquo;y avait pas d&rsquo;histoire de <em>\u00ab tu es moins bon que nous \u00bb<\/em>. Il y avait un int\u00e9r\u00eat pour ce que je faisais. C&rsquo;est une bonne ambiance.<\/p>\n<p>&nbsp;<\/p>\n","protected":false},"excerpt":{"rendered":"<p>ATHL\u00c9TISME &#8211; Entretien avec le sprinteur Axel Zorzi. D\u00e9ficient visuel, il est une chance de m\u00e9daille aux Jeux Paralympiques pour la France.<\/p>\n","protected":false},"author":83,"featured_media":458587,"comment_status":"open","ping_status":"closed","sticky":false,"template":"","format":"standard","meta":{"_acf_changed":false,"_daextam_enable_autolinks":"1","footnotes":""},"categories":[2308],"tags":[143,16878,1265,982],"class_list":["post-458495","post","type-post","status-publish","format-standard","has-post-thumbnail","hentry","category-athletisme","tag-athletisme","tag-breve","tag-handisport","tag-sprint"],"acf":[],"yoast_head":"<!-- This site is optimized with the Yoast SEO Premium plugin v26.7 (Yoast SEO v26.7) - https:\/\/yoast.com\/wordpress\/plugins\/seo\/ -->\n<title>Axel Zorzi : &quot;On est hors de la lumi\u00e8re&quot;<\/title>\n<meta name=\"description\" content=\"ATHL\u00c9TISME - Entretien avec le sprinteur Axel Zorzi. D\u00e9ficient visuel, il est une chance de m\u00e9daille aux Jeux Paralympiques pour la France.\" \/>\n<meta name=\"robots\" content=\"index, follow, max-snippet:-1, max-image-preview:large, max-video-preview:-1\" \/>\n<link rel=\"canonical\" href=\"https:\/\/dicodusport.fr\/blog\/axel-zorzi-on-est-hors-de-la-lumiere\/\" \/>\n<meta property=\"og:locale\" content=\"fr_FR\" \/>\n<meta property=\"og:type\" content=\"article\" \/>\n<meta property=\"og:title\" content=\"Axel Zorzi : &quot;On est hors de la lumi\u00e8re&quot;\" \/>\n<meta property=\"og:description\" content=\"ATHL\u00c9TISME - Entretien avec le sprinteur Axel Zorzi. D\u00e9ficient visuel, il est une chance de m\u00e9daille aux Jeux Paralympiques pour la France.\" \/>\n<meta property=\"og:url\" content=\"https:\/\/dicodusport.fr\/blog\/axel-zorzi-on-est-hors-de-la-lumiere\/\" \/>\n<meta property=\"og:site_name\" content=\"Dicodusport\" \/>\n<meta property=\"article:publisher\" content=\"https:\/\/www.facebook.com\/dicodusport\" \/>\n<meta property=\"article:published_time\" content=\"2024-02-05T10:00:38+00:00\" \/>\n<meta property=\"article:modified_time\" content=\"2024-02-06T07:09:20+00:00\" \/>\n<meta property=\"og:image\" content=\"https:\/\/dicodusport.fr\/blog\/wp-content\/uploads\/2024\/01\/Axel-Zorzi-On-est-hors-de-la-lumiere.png\" \/>\n\t<meta property=\"og:image:width\" content=\"1200\" \/>\n\t<meta property=\"og:image:height\" content=\"674\" \/>\n\t<meta property=\"og:image:type\" content=\"image\/png\" \/>\n<meta name=\"author\" content=\"Etienne Goursaud\" \/>\n<meta name=\"twitter:card\" content=\"summary_large_image\" \/>\n<meta name=\"twitter:title\" content=\"Axel Zorzi : &quot;On est hors de la lumi\u00e8re&quot;\" \/>\n<meta name=\"twitter:creator\" content=\"@dicodusport\" \/>\n<meta name=\"twitter:site\" content=\"@dicodusport\" \/>\n<script type=\"application\/ld+json\" class=\"yoast-schema-graph\">{\"@context\":\"https:\/\/schema.org\",\"@graph\":[{\"@type\":\"NewsArticle\",\"@id\":\"https:\/\/dicodusport.fr\/blog\/axel-zorzi-on-est-hors-de-la-lumiere\/#article\",\"isPartOf\":{\"@id\":\"https:\/\/dicodusport.fr\/blog\/axel-zorzi-on-est-hors-de-la-lumiere\/\"},\"author\":{\"name\":\"Etienne Goursaud\",\"@id\":\"https:\/\/dicodusport.fr\/blog\/#\/schema\/person\/d603dd7da31fb2b46c82b9835a77ec13\"},\"headline\":\"Axel Zorzi : \u00ab\u00a0On est hors de la lumi\u00e8re\u00a0\u00bb\",\"datePublished\":\"2024-02-05T10:00:38+00:00\",\"dateModified\":\"2024-02-06T07:09:20+00:00\",\"mainEntityOfPage\":{\"@id\":\"https:\/\/dicodusport.fr\/blog\/axel-zorzi-on-est-hors-de-la-lumiere\/\"},\"wordCount\":1612,\"commentCount\":0,\"publisher\":{\"@id\":\"https:\/\/dicodusport.fr\/blog\/#organization\"},\"image\":{\"@id\":\"https:\/\/dicodusport.fr\/blog\/axel-zorzi-on-est-hors-de-la-lumiere\/#primaryimage\"},\"thumbnailUrl\":\"https:\/\/dicodusport.fr\/blog\/wp-content\/uploads\/2024\/01\/Axel-Zorzi-On-est-hors-de-la-lumiere.png\",\"keywords\":[\"Athl\u00e9tisme\",\"br\u00e8ve\",\"handisport\",\"sprint\"],\"articleSection\":[\"Athl\u00e9tisme\"],\"inLanguage\":\"fr-FR\",\"potentialAction\":[{\"@type\":\"CommentAction\",\"name\":\"Comment\",\"target\":[\"https:\/\/dicodusport.fr\/blog\/axel-zorzi-on-est-hors-de-la-lumiere\/#respond\"]}],\"copyrightYear\":\"2024\",\"copyrightHolder\":{\"@id\":\"https:\/\/dicodusport.fr\/blog\/#organization\"}},{\"@type\":\"WebPage\",\"@id\":\"https:\/\/dicodusport.fr\/blog\/axel-zorzi-on-est-hors-de-la-lumiere\/\",\"url\":\"https:\/\/dicodusport.fr\/blog\/axel-zorzi-on-est-hors-de-la-lumiere\/\",\"name\":\"Axel Zorzi : \\\"On est hors de la lumi\u00e8re\\\"\",\"isPartOf\":{\"@id\":\"https:\/\/dicodusport.fr\/blog\/#website\"},\"primaryImageOfPage\":{\"@id\":\"https:\/\/dicodusport.fr\/blog\/axel-zorzi-on-est-hors-de-la-lumiere\/#primaryimage\"},\"image\":{\"@id\":\"https:\/\/dicodusport.fr\/blog\/axel-zorzi-on-est-hors-de-la-lumiere\/#primaryimage\"},\"thumbnailUrl\":\"https:\/\/dicodusport.fr\/blog\/wp-content\/uploads\/2024\/01\/Axel-Zorzi-On-est-hors-de-la-lumiere.png\",\"datePublished\":\"2024-02-05T10:00:38+00:00\",\"dateModified\":\"2024-02-06T07:09:20+00:00\",\"description\":\"ATHL\u00c9TISME - Entretien avec le sprinteur Axel Zorzi. D\u00e9ficient visuel, il est une chance de m\u00e9daille aux Jeux Paralympiques pour la France.\",\"breadcrumb\":{\"@id\":\"https:\/\/dicodusport.fr\/blog\/axel-zorzi-on-est-hors-de-la-lumiere\/#breadcrumb\"},\"inLanguage\":\"fr-FR\",\"potentialAction\":[{\"@type\":\"ReadAction\",\"target\":[\"https:\/\/dicodusport.fr\/blog\/axel-zorzi-on-est-hors-de-la-lumiere\/\"]}]},{\"@type\":\"ImageObject\",\"inLanguage\":\"fr-FR\",\"@id\":\"https:\/\/dicodusport.fr\/blog\/axel-zorzi-on-est-hors-de-la-lumiere\/#primaryimage\",\"url\":\"https:\/\/dicodusport.fr\/blog\/wp-content\/uploads\/2024\/01\/Axel-Zorzi-On-est-hors-de-la-lumiere.png\",\"contentUrl\":\"https:\/\/dicodusport.fr\/blog\/wp-content\/uploads\/2024\/01\/Axel-Zorzi-On-est-hors-de-la-lumiere.png\",\"width\":1200,\"height\":674,\"caption\":\"Axel Zorzi - On est hors de la lumi\u00e8re\"},{\"@type\":\"BreadcrumbList\",\"@id\":\"https:\/\/dicodusport.fr\/blog\/axel-zorzi-on-est-hors-de-la-lumiere\/#breadcrumb\",\"itemListElement\":[{\"@type\":\"ListItem\",\"position\":1,\"name\":\"Accueil\",\"item\":\"https:\/\/dicodusport.fr\/blog\/\"},{\"@type\":\"ListItem\",\"position\":2,\"name\":\"Axel Zorzi : \u00ab\u00a0On est hors de la lumi\u00e8re\u00a0\u00bb\"}]},{\"@type\":\"WebSite\",\"@id\":\"https:\/\/dicodusport.fr\/blog\/#website\",\"url\":\"https:\/\/dicodusport.fr\/blog\/\",\"name\":\"Dicodusport\",\"description\":\"L&#039;encyclop\u00e9die de l&#039;actualit\u00e9 sportive\",\"publisher\":{\"@id\":\"https:\/\/dicodusport.fr\/blog\/#organization\"},\"potentialAction\":[{\"@type\":\"SearchAction\",\"target\":{\"@type\":\"EntryPoint\",\"urlTemplate\":\"https:\/\/dicodusport.fr\/blog\/?s={search_term_string}\"},\"query-input\":{\"@type\":\"PropertyValueSpecification\",\"valueRequired\":true,\"valueName\":\"search_term_string\"}}],\"inLanguage\":\"fr-FR\"},{\"@type\":\"NewsMediaOrganization\",\"@id\":\"https:\/\/dicodusport.fr\/blog\/#organization\",\"name\":\"Dicodusport\",\"url\":\"https:\/\/dicodusport.fr\/blog\/\",\"logo\":{\"@type\":\"ImageObject\",\"inLanguage\":\"fr-FR\",\"@id\":\"https:\/\/dicodusport.fr\/blog\/#\/schema\/logo\/image\/\",\"url\":\"https:\/\/dicodusport.fr\/blog\/wp-content\/uploads\/2020\/06\/cropped-LOGO-DICODUSPORT-2020-SANS-FOND-SANS-TEXTE.png\",\"contentUrl\":\"https:\/\/dicodusport.fr\/blog\/wp-content\/uploads\/2020\/06\/cropped-LOGO-DICODUSPORT-2020-SANS-FOND-SANS-TEXTE.png\",\"width\":512,\"height\":512,\"caption\":\"Dicodusport\"},\"image\":{\"@id\":\"https:\/\/dicodusport.fr\/blog\/#\/schema\/logo\/image\/\"},\"sameAs\":[\"https:\/\/www.facebook.com\/dicodusport\",\"https:\/\/x.com\/dicodusport\",\"https:\/\/www.instagram.com\/dicodusport\/\",\"https:\/\/www.youtube.com\/channel\/UC7V2KZ5sd3htJivAbA4ZG3w\"],\"description\":\"Dicodusport est l'encyclop\u00e9die de l'actualit\u00e9 sportive.\",\"email\":\"bonjour@dicodusport.fr\",\"legalName\":\"DICODUSPORT\",\"foundingDate\":\"2018-01-14\",\"vatID\":\"FR71834470973\",\"taxID\":\"83447097300043\",\"numberOfEmployees\":{\"@type\":\"QuantitativeValue\",\"minValue\":\"1\",\"maxValue\":\"10\"}},{\"@type\":\"Person\",\"@id\":\"https:\/\/dicodusport.fr\/blog\/#\/schema\/person\/d603dd7da31fb2b46c82b9835a77ec13\",\"name\":\"Etienne Goursaud\",\"image\":{\"@type\":\"ImageObject\",\"inLanguage\":\"fr-FR\",\"@id\":\"https:\/\/dicodusport.fr\/blog\/#\/schema\/person\/image\/\",\"url\":\"https:\/\/dicodusport.fr\/blog\/wp-content\/uploads\/2023\/12\/410122264_10231602061736049_5565839791558026645_n-150x150.jpg\",\"contentUrl\":\"https:\/\/dicodusport.fr\/blog\/wp-content\/uploads\/2023\/12\/410122264_10231602061736049_5565839791558026645_n-150x150.jpg\",\"caption\":\"Etienne Goursaud\"},\"description\":\"Journaliste et amoureux de sport. Ancien footballeur reconverti athl\u00e8te quand ses muscles le laissent tranquille. \u00c9lev\u00e9 \u00e0 la sauce des exploits de Thomas Voeckler en 2004, du dernier essai de l\u00e9gende de Eunice Barber \u00e0 la longueur lors des championnats du monde d'athl\u00e9tisme de 2003 mais aussi Zidane, Omeyer et Titou Lamaison.\",\"url\":\"https:\/\/dicodusport.fr\/blog\/author\/etienne-goursaud\/\"}]}<\/script>\n<!-- \/ Yoast SEO Premium plugin. -->","yoast_head_json":{"title":"Axel Zorzi : \"On est hors de la lumi\u00e8re\"","description":"ATHL\u00c9TISME - Entretien avec le sprinteur Axel Zorzi. D\u00e9ficient visuel, il est une chance de m\u00e9daille aux Jeux Paralympiques pour la France.","robots":{"index":"index","follow":"follow","max-snippet":"max-snippet:-1","max-image-preview":"max-image-preview:large","max-video-preview":"max-video-preview:-1"},"canonical":"https:\/\/dicodusport.fr\/blog\/axel-zorzi-on-est-hors-de-la-lumiere\/","og_locale":"fr_FR","og_type":"article","og_title":"Axel Zorzi : \"On est hors de la lumi\u00e8re\"","og_description":"ATHL\u00c9TISME - Entretien avec le sprinteur Axel Zorzi. D\u00e9ficient visuel, il est une chance de m\u00e9daille aux Jeux Paralympiques pour la France.","og_url":"https:\/\/dicodusport.fr\/blog\/axel-zorzi-on-est-hors-de-la-lumiere\/","og_site_name":"Dicodusport","article_publisher":"https:\/\/www.facebook.com\/dicodusport","article_published_time":"2024-02-05T10:00:38+00:00","article_modified_time":"2024-02-06T07:09:20+00:00","og_image":[{"width":1200,"height":674,"url":"https:\/\/dicodusport.fr\/blog\/wp-content\/uploads\/2024\/01\/Axel-Zorzi-On-est-hors-de-la-lumiere.png","type":"image\/png"}],"author":"Etienne Goursaud","twitter_card":"summary_large_image","twitter_title":"Axel Zorzi : \"On est hors de la lumi\u00e8re\"","twitter_creator":"@dicodusport","twitter_site":"@dicodusport","schema":{"@context":"https:\/\/schema.org","@graph":[{"@type":"NewsArticle","@id":"https:\/\/dicodusport.fr\/blog\/axel-zorzi-on-est-hors-de-la-lumiere\/#article","isPartOf":{"@id":"https:\/\/dicodusport.fr\/blog\/axel-zorzi-on-est-hors-de-la-lumiere\/"},"author":{"name":"Etienne Goursaud","@id":"https:\/\/dicodusport.fr\/blog\/#\/schema\/person\/d603dd7da31fb2b46c82b9835a77ec13"},"headline":"Axel Zorzi : \u00ab\u00a0On est hors de la lumi\u00e8re\u00a0\u00bb","datePublished":"2024-02-05T10:00:38+00:00","dateModified":"2024-02-06T07:09:20+00:00","mainEntityOfPage":{"@id":"https:\/\/dicodusport.fr\/blog\/axel-zorzi-on-est-hors-de-la-lumiere\/"},"wordCount":1612,"commentCount":0,"publisher":{"@id":"https:\/\/dicodusport.fr\/blog\/#organization"},"image":{"@id":"https:\/\/dicodusport.fr\/blog\/axel-zorzi-on-est-hors-de-la-lumiere\/#primaryimage"},"thumbnailUrl":"https:\/\/dicodusport.fr\/blog\/wp-content\/uploads\/2024\/01\/Axel-Zorzi-On-est-hors-de-la-lumiere.png","keywords":["Athl\u00e9tisme","br\u00e8ve","handisport","sprint"],"articleSection":["Athl\u00e9tisme"],"inLanguage":"fr-FR","potentialAction":[{"@type":"CommentAction","name":"Comment","target":["https:\/\/dicodusport.fr\/blog\/axel-zorzi-on-est-hors-de-la-lumiere\/#respond"]}],"copyrightYear":"2024","copyrightHolder":{"@id":"https:\/\/dicodusport.fr\/blog\/#organization"}},{"@type":"WebPage","@id":"https:\/\/dicodusport.fr\/blog\/axel-zorzi-on-est-hors-de-la-lumiere\/","url":"https:\/\/dicodusport.fr\/blog\/axel-zorzi-on-est-hors-de-la-lumiere\/","name":"Axel Zorzi : \"On est hors de la lumi\u00e8re\"","isPartOf":{"@id":"https:\/\/dicodusport.fr\/blog\/#website"},"primaryImageOfPage":{"@id":"https:\/\/dicodusport.fr\/blog\/axel-zorzi-on-est-hors-de-la-lumiere\/#primaryimage"},"image":{"@id":"https:\/\/dicodusport.fr\/blog\/axel-zorzi-on-est-hors-de-la-lumiere\/#primaryimage"},"thumbnailUrl":"https:\/\/dicodusport.fr\/blog\/wp-content\/uploads\/2024\/01\/Axel-Zorzi-On-est-hors-de-la-lumiere.png","datePublished":"2024-02-05T10:00:38+00:00","dateModified":"2024-02-06T07:09:20+00:00","description":"ATHL\u00c9TISME - Entretien avec le sprinteur Axel Zorzi. D\u00e9ficient visuel, il est une chance de m\u00e9daille aux Jeux Paralympiques pour la France.","breadcrumb":{"@id":"https:\/\/dicodusport.fr\/blog\/axel-zorzi-on-est-hors-de-la-lumiere\/#breadcrumb"},"inLanguage":"fr-FR","potentialAction":[{"@type":"ReadAction","target":["https:\/\/dicodusport.fr\/blog\/axel-zorzi-on-est-hors-de-la-lumiere\/"]}]},{"@type":"ImageObject","inLanguage":"fr-FR","@id":"https:\/\/dicodusport.fr\/blog\/axel-zorzi-on-est-hors-de-la-lumiere\/#primaryimage","url":"https:\/\/dicodusport.fr\/blog\/wp-content\/uploads\/2024\/01\/Axel-Zorzi-On-est-hors-de-la-lumiere.png","contentUrl":"https:\/\/dicodusport.fr\/blog\/wp-content\/uploads\/2024\/01\/Axel-Zorzi-On-est-hors-de-la-lumiere.png","width":1200,"height":674,"caption":"Axel Zorzi - On est hors de la lumi\u00e8re"},{"@type":"BreadcrumbList","@id":"https:\/\/dicodusport.fr\/blog\/axel-zorzi-on-est-hors-de-la-lumiere\/#breadcrumb","itemListElement":[{"@type":"ListItem","position":1,"name":"Accueil","item":"https:\/\/dicodusport.fr\/blog\/"},{"@type":"ListItem","position":2,"name":"Axel Zorzi : \u00ab\u00a0On est hors de la lumi\u00e8re\u00a0\u00bb"}]},{"@type":"WebSite","@id":"https:\/\/dicodusport.fr\/blog\/#website","url":"https:\/\/dicodusport.fr\/blog\/","name":"Dicodusport","description":"L&#039;encyclop\u00e9die de l&#039;actualit\u00e9 sportive","publisher":{"@id":"https:\/\/dicodusport.fr\/blog\/#organization"},"potentialAction":[{"@type":"SearchAction","target":{"@type":"EntryPoint","urlTemplate":"https:\/\/dicodusport.fr\/blog\/?s={search_term_string}"},"query-input":{"@type":"PropertyValueSpecification","valueRequired":true,"valueName":"search_term_string"}}],"inLanguage":"fr-FR"},{"@type":"NewsMediaOrganization","@id":"https:\/\/dicodusport.fr\/blog\/#organization","name":"Dicodusport","url":"https:\/\/dicodusport.fr\/blog\/","logo":{"@type":"ImageObject","inLanguage":"fr-FR","@id":"https:\/\/dicodusport.fr\/blog\/#\/schema\/logo\/image\/","url":"https:\/\/dicodusport.fr\/blog\/wp-content\/uploads\/2020\/06\/cropped-LOGO-DICODUSPORT-2020-SANS-FOND-SANS-TEXTE.png","contentUrl":"https:\/\/dicodusport.fr\/blog\/wp-content\/uploads\/2020\/06\/cropped-LOGO-DICODUSPORT-2020-SANS-FOND-SANS-TEXTE.png","width":512,"height":512,"caption":"Dicodusport"},"image":{"@id":"https:\/\/dicodusport.fr\/blog\/#\/schema\/logo\/image\/"},"sameAs":["https:\/\/www.facebook.com\/dicodusport","https:\/\/x.com\/dicodusport","https:\/\/www.instagram.com\/dicodusport\/","https:\/\/www.youtube.com\/channel\/UC7V2KZ5sd3htJivAbA4ZG3w"],"description":"Dicodusport est l'encyclop\u00e9die de l'actualit\u00e9 sportive.","email":"bonjour@dicodusport.fr","legalName":"DICODUSPORT","foundingDate":"2018-01-14","vatID":"FR71834470973","taxID":"83447097300043","numberOfEmployees":{"@type":"QuantitativeValue","minValue":"1","maxValue":"10"}},{"@type":"Person","@id":"https:\/\/dicodusport.fr\/blog\/#\/schema\/person\/d603dd7da31fb2b46c82b9835a77ec13","name":"Etienne Goursaud","image":{"@type":"ImageObject","inLanguage":"fr-FR","@id":"https:\/\/dicodusport.fr\/blog\/#\/schema\/person\/image\/","url":"https:\/\/dicodusport.fr\/blog\/wp-content\/uploads\/2023\/12\/410122264_10231602061736049_5565839791558026645_n-150x150.jpg","contentUrl":"https:\/\/dicodusport.fr\/blog\/wp-content\/uploads\/2023\/12\/410122264_10231602061736049_5565839791558026645_n-150x150.jpg","caption":"Etienne Goursaud"},"description":"Journaliste et amoureux de sport. Ancien footballeur reconverti athl\u00e8te quand ses muscles le laissent tranquille. \u00c9lev\u00e9 \u00e0 la sauce des exploits de Thomas Voeckler en 2004, du dernier essai de l\u00e9gende de Eunice Barber \u00e0 la longueur lors des championnats du monde d'athl\u00e9tisme de 2003 mais aussi Zidane, Omeyer et Titou Lamaison.","url":"https:\/\/dicodusport.fr\/blog\/author\/etienne-goursaud\/"}]}},"_links":{"self":[{"href":"https:\/\/dicodusport.fr\/blog\/wp-json\/wp\/v2\/posts\/458495","targetHints":{"allow":["GET"]}}],"collection":[{"href":"https:\/\/dicodusport.fr\/blog\/wp-json\/wp\/v2\/posts"}],"about":[{"href":"https:\/\/dicodusport.fr\/blog\/wp-json\/wp\/v2\/types\/post"}],"author":[{"embeddable":true,"href":"https:\/\/dicodusport.fr\/blog\/wp-json\/wp\/v2\/users\/83"}],"replies":[{"embeddable":true,"href":"https:\/\/dicodusport.fr\/blog\/wp-json\/wp\/v2\/comments?post=458495"}],"version-history":[{"count":5,"href":"https:\/\/dicodusport.fr\/blog\/wp-json\/wp\/v2\/posts\/458495\/revisions"}],"predecessor-version":[{"id":460350,"href":"https:\/\/dicodusport.fr\/blog\/wp-json\/wp\/v2\/posts\/458495\/revisions\/460350"}],"wp:featuredmedia":[{"embeddable":true,"href":"https:\/\/dicodusport.fr\/blog\/wp-json\/wp\/v2\/media\/458587"}],"wp:attachment":[{"href":"https:\/\/dicodusport.fr\/blog\/wp-json\/wp\/v2\/media?parent=458495"}],"wp:term":[{"taxonomy":"category","embeddable":true,"href":"https:\/\/dicodusport.fr\/blog\/wp-json\/wp\/v2\/categories?post=458495"},{"taxonomy":"post_tag","embeddable":true,"href":"https:\/\/dicodusport.fr\/blog\/wp-json\/wp\/v2\/tags?post=458495"}],"curies":[{"name":"wp","href":"https:\/\/api.w.org\/{rel}","templated":true}]}}