{"id":458578,"date":"2024-02-03T18:14:44","date_gmt":"2024-02-03T17:14:44","guid":{"rendered":"https:\/\/dicodusport.fr\/blog\/?p=458578&#038;preview=true&#038;preview_id=458578"},"modified":"2024-02-03T21:55:48","modified_gmt":"2024-02-03T20:55:48","slug":"grand-slam-de-paris-2024-le-direct-du-samedi-3-fevrier","status":"publish","type":"post","link":"https:\/\/dicodusport.fr\/blog\/grand-slam-de-paris-2024-le-direct-du-samedi-3-fevrier\/","title":{"rendered":"Grand Slam de Paris 2024 : le direct du samedi 3 f\u00e9vrier"},"content":{"rendered":"<p style=\"text-align: justify;\"><em><strong>JUDO &#8211; Bienvenue dans le direct comment\u00e9 du samedi 3 f\u00e9vrier, deuxi\u00e8me journ\u00e9e du Grand Slam de Paris 2024.<\/strong><\/em><\/p>\n<ul>\n<li><strong>\u00c0 ce sujet \u2013\u00a0<a title=\"Judo Paris Grand Slam 2024 : le programme complet\" href=\"https:\/\/dicodusport.fr\/blog\/judo-paris-grand-slam-2024-le-programme-complet\/\" rel=\"\">Judo Paris Grand Slam 2024 : le programme complet<\/a><\/strong><\/li>\n<li><strong>\u00c0 ce sujet \u2013 <a title=\"Judo Grand Slam de Paris 2024 : la s\u00e9lection fran\u00e7aise\" href=\"https:\/\/dicodusport.fr\/blog\/judo-grand-slam-de-paris-2024-la-selection-francaise\/\" target=\"_blank\" rel=\"noopener\">Judo Grand Slam de Paris 2024 : la s\u00e9lection fran\u00e7aise<\/a><\/strong><\/li>\n<\/ul>\n<p>&nbsp;<\/p>\n<p>&nbsp;<\/p>\n<table style=\"width: 97%; border-color: #ffffff;\">\n<tbody>\n<tr style=\"height: 120px;\">\n<td style=\"border-color: #ffffff #ffffff #e0e0e0; background-color: #ffffff; width: 150px; border-bottom-style: solid; border-bottom-width: 1px; text-align: center; vertical-align: top;\">&nbsp;<\/p>\n<p>\ud83c\udf99\ufe0f<\/td>\n<td style=\"border-color: #ffffff #ffffff #e0e0e0; background-color: #ffffff; text-align: justify; width: 650px; border-bottom-style: solid; border-bottom-width: 1px; vertical-align: top;\">\n<p style=\"text-align: justify;\"><strong>Clarisse Agbegnenou : \u00ab\u00a0Ce public a \u00e9t\u00e9 extraordinaire\u00a0\u00bb<br \/>\n<\/strong><\/p>\n<blockquote>\n<p style=\"text-align: justify;\">J&rsquo;avais l&rsquo;envie, je me suis dit que c&rsquo;est maintenant que je dois taper le poing sur la table. J&rsquo;aurai mon public avec moi et ce public a \u00e9t\u00e9 extraordinaire. Je ne peux que remercier tous les supporters, toutes les personnes qui \u00e9taient dans Bercy et pas que, devant leur t\u00e9l\u00e9. Parce que l&rsquo;\u00e9nergie que vous m&rsquo;avez donn\u00e9, j&rsquo;en ai vraiment eu besoin. Merci et j&rsquo;esp\u00e8re que vous serez l\u00e0 dans quelques mois encore.<\/p>\n<\/blockquote>\n<div id=\"attachment_459682\" style=\"width: 750px\" class=\"wp-caption alignnone\"><img loading=\"lazy\" decoding=\"async\" aria-describedby=\"caption-attachment-459682\" class=\"wp-image-459682 size-large\" src=\"https:\/\/dicodusport.fr\/blog\/wp-content\/uploads\/2024\/02\/Clarisse-Agbegnenou-1024x575.png\" alt=\"\" width=\"740\" height=\"416\" srcset=\"https:\/\/dicodusport.fr\/blog\/wp-content\/uploads\/2024\/02\/Clarisse-Agbegnenou-1024x575.png 1024w, https:\/\/dicodusport.fr\/blog\/wp-content\/uploads\/2024\/02\/Clarisse-Agbegnenou-300x169.png 300w, https:\/\/dicodusport.fr\/blog\/wp-content\/uploads\/2024\/02\/Clarisse-Agbegnenou-768x431.png 768w, https:\/\/dicodusport.fr\/blog\/wp-content\/uploads\/2024\/02\/Clarisse-Agbegnenou.png 1200w\" sizes=\"auto, (max-width: 740px) 100vw, 740px\" \/><p id=\"caption-attachment-459682\" class=\"wp-caption-text\">Photo Gabi Juan \/ EJU<\/p><\/div><\/td>\n<\/tr>\n<\/tbody>\n<\/table>\n<table style=\"width: 97%; border-color: #ffffff;\">\n<tbody>\n<tr style=\"height: 120px;\">\n<td style=\"border-color: #ffffff #ffffff #e0e0e0; background-color: #ffffff; width: 150px; border-bottom-style: solid; border-bottom-width: 1px; text-align: center; vertical-align: top;\">&nbsp;<\/p>\n<p>\ud83c\udf99\ufe0f<\/td>\n<td style=\"border-color: #ffffff #ffffff #e0e0e0; background-color: #ffffff; text-align: justify; width: 650px; border-bottom-style: solid; border-bottom-width: 1px; vertical-align: top;\">\n<p style=\"text-align: justify;\"><strong>Alors qu&rsquo;elle court apr\u00e8s une premi\u00e8re victoire \u00e0 Paris, Marie-\u00c8ve Gahi\u00e9 \u00e9tait forc\u00e9ment tr\u00e8s d\u00e9\u00e7ue et touch\u00e9e apr\u00e8s son combat.<br \/>\n<\/strong><\/p>\n<blockquote>\n<p style=\"text-align: justify;\">J&rsquo;ai fait une erreur, elle a \u00e9t\u00e9 fatale. C&rsquo;est dommage, j&rsquo;ai fait une belle journ\u00e9e, je remercie mon Dieu. Je vais retenir que le positif honn\u00eatement.<\/p>\n<p style=\"text-align: justify;\">L&rsquo;ann\u00e9e derni\u00e8re je perds en finale, encore cette ann\u00e9e&#8230; A\u00efe, \u00e7a fait mal mais \u00e7a va aller.<\/p>\n<\/blockquote>\n<\/td>\n<\/tr>\n<\/tbody>\n<\/table>\n<table style=\"width: 97%; border-color: #ffffff;\">\n<tbody>\n<tr style=\"height: 120px;\">\n<td style=\"border-color: #ffffff #ffffff #e0e0e0; background-color: #ffffff; width: 150px; border-bottom-style: solid; border-bottom-width: 1px; text-align: center; vertical-align: top;\">&nbsp;<\/p>\n<p>\ud83c\udf99\ufe0f<\/td>\n<td style=\"border-color: #ffffff #ffffff #e0e0e0; background-color: #ffffff; text-align: justify; width: 650px; border-bottom-style: solid; border-bottom-width: 1px; vertical-align: top;\">\n<p style=\"text-align: justify;\"><strong>Margaux Pinot<br \/>\n<\/strong><\/p>\n<blockquote>\n<p style=\"text-align: justify;\">J&rsquo;ai pris pas mal de waza-ari sur cette journ\u00e9e. Peut-\u00eatre trop dans la r\u00e9flexion. Je mets des choses en place forc\u00e9ment \u00e0 l&rsquo;entra\u00eenement qui changent un peu de mon judo ordinaire et c&rsquo;est peut \u00eatre \u00e7a dans mon d\u00e9placement qui fait que&#8230; \u00c0 voir avec les entra\u00eeneurs au d\u00e9briefing.<\/p>\n<p style=\"text-align: justify;\">Il restait une minute, je me dis \u00ab\u00a0bon l\u00e0 il va falloir falloir activer\u00a0\u00bb. M\u00eame si j&rsquo;\u00e9tais un peu devant dans l&rsquo;attaque, \u00e7a allait peut-\u00eatre finir par un shido mais l\u00e0, je pouvais pas esp\u00e9rer mieux.<\/p>\n<\/blockquote>\n<\/td>\n<\/tr>\n<\/tbody>\n<\/table>\n<table style=\"width: 97%; border-color: #ffffff;\">\n<tbody>\n<tr style=\"height: 120px;\">\n<td style=\"border-color: #ffffff #ffffff #e0e0e0; background-color: #ffffff; width: 150px; border-bottom-style: solid; border-bottom-width: 1px; text-align: center; vertical-align: top;\">\n<p style=\"text-align: center;\"><strong>18:50<br \/>\n<\/strong><\/p>\n<p>\ud83e\udd48<\/td>\n<td style=\"border-color: #ffffff #ffffff #e0e0e0; background-color: #ffffff; text-align: justify; width: 650px; border-bottom-style: solid; border-bottom-width: 1px; vertical-align: top;\">\n<p style=\"text-align: justify;\"><strong>MARIE-\u00c8VE GAHI\u00c9 EN ARGENT<br \/>\n<\/strong><\/p>\n<p style=\"text-align: justify;\">L&rsquo;or se refuse \u00e0 <strong>Marie-\u00c8ve Gahi\u00e9<\/strong>, contr\u00e9e par Miriam Butkereit en finale.<\/p>\n<div class=\"vlp-link-container vlp-layout-article\"><a href=\"https:\/\/dicodusport.fr\/blog\/judo-paris-grand-slam-2024-marie-eve-gahie-en-argent\/\" class=\"vlp-link\" title=\"Judo Paris Grand Slam 2024 : Marie-\u00c8ve Gahi\u00e9 en argent, Margaux Pinot en bronze\"><\/a><div class=\"vlp-layout-zone-side\"><div class=\"vlp-block-4 vlp-link-image\"><img loading=\"lazy\" decoding=\"async\" style=\"max-width: 792px;\" width=\"792\" height=\"445\" src=\"https:\/\/dicodusport.fr\/blog\/wp-content\/uploads\/2024\/02\/Judo-Paris-Grand-Slam-2024-Marie-Eve-Gahie-en-argent.png\" class=\"attachment-800x445 size-800x445\" alt=\"\" srcset=\"https:\/\/dicodusport.fr\/blog\/wp-content\/uploads\/2024\/02\/Judo-Paris-Grand-Slam-2024-Marie-Eve-Gahie-en-argent.png 1200w, https:\/\/dicodusport.fr\/blog\/wp-content\/uploads\/2024\/02\/Judo-Paris-Grand-Slam-2024-Marie-Eve-Gahie-en-argent-300x169.png 300w, https:\/\/dicodusport.fr\/blog\/wp-content\/uploads\/2024\/02\/Judo-Paris-Grand-Slam-2024-Marie-Eve-Gahie-en-argent-1024x575.png 1024w, https:\/\/dicodusport.fr\/blog\/wp-content\/uploads\/2024\/02\/Judo-Paris-Grand-Slam-2024-Marie-Eve-Gahie-en-argent-768x431.png 768w\" sizes=\"auto, (max-width: 792px) 100vw, 792px\" \/><\/div><\/div><div class=\"vlp-layout-zone-main\"><div class=\"vlp-block-0 vlp-link-title\">Judo Paris Grand Slam 2024 : Marie-\u00c8ve Gahi\u00e9 en argent, Margaux Pinot en bronze<\/div><div class=\"vlp-block-1 vlp-link-summary\">JUDO GRAND SLAM DE PARIS 2024 - Comme l'ann\u00e9e derni\u00e8re, Marie-\u00c8ve Gahi\u00e9 obtient la m\u00e9daille d'argent, battue par Miriam Butkereit en finale.<\/div><div class=\"vlp-block-2 vlp-link-button\">Lire l'article<\/div><div class=\"vlp-block-3 vlp-link-url\">dicodusport.fr<\/div><\/div><\/div><\/td>\n<\/tr>\n<\/tbody>\n<\/table>\n<table style=\"width: 97%; border-color: #ffffff;\">\n<tbody>\n<tr style=\"height: 120px;\">\n<td style=\"border-color: #ffffff #ffffff #e0e0e0; background-color: #ffffff; width: 150px; border-bottom-style: solid; border-bottom-width: 1px; text-align: center; vertical-align: top;\">\n<p style=\"text-align: center;\"><strong>18:41<br \/>\n<\/strong><\/p>\n<p>\ud83e\udd49<\/td>\n<td style=\"border-color: #ffffff #ffffff #e0e0e0; background-color: #ffffff; text-align: justify; width: 650px; border-bottom-style: solid; border-bottom-width: 1px; vertical-align: top;\">\n<p style=\"text-align: justify;\"><strong>MARGAUX PINOT EN BRONZE !<br \/>\n<\/strong><\/p>\n<p>Mal embarqu\u00e9e, la Fran\u00e7aise a renvers\u00e9 la situation face \u00e0 Tais Pina pour remporter une nouvelle m\u00e9daille de bronze !<\/td>\n<\/tr>\n<\/tbody>\n<\/table>\n<table style=\"width: 97%; border-color: #ffffff;\">\n<tbody>\n<tr style=\"height: 120px;\">\n<td style=\"border-color: #ffffff #ffffff #e0e0e0; background-color: #ffffff; width: 150px; border-bottom-style: solid; border-bottom-width: 1px; text-align: center; vertical-align: top;\">\n<p style=\"text-align: center;\"><strong>17:55<\/strong><\/p>\n<p>\ud83c\udf99\ufe0f<\/td>\n<td style=\"border-color: #ffffff #ffffff #e0e0e0; background-color: #ffffff; text-align: justify; width: 650px; border-bottom-style: solid; border-bottom-width: 1px; vertical-align: top;\">\n<p style=\"text-align: justify;\"><strong>\u00ab\u00a0Sa journ\u00e9e a montr\u00e9 des pistes de travail\u00a0\u00bb<br \/>\n<\/strong><\/p>\n<p style=\"text-align: justify;\">L&rsquo;entra\u00eeneur de Clarisse Agbegnenou a \u00e9t\u00e9 le premier \u00e0 se pr\u00e9senter en zone mixte. Il \u00e9tait forc\u00e9ment satisfait, notamment du fait que le travail physique avan\u00e7ait puisqu&rsquo;elle avait \u00e9t\u00e9 capable de faire \u00ab\u00a0<em>presque 8 combats<\/em>\u00ab\u00a0. S&rsquo;il ne doutait pas de sa d\u00e9termination psychologique, la journ\u00e9e de la judokate a montr\u00e9 les pistes de travail \u00e0 creuser sur l&rsquo;impact physique. Il a indiqu\u00e9 qu&rsquo;elle avait fait preuve d&rsquo;un manque d\u2019efficacit\u00e9 sur certaines s\u00e9quences. Et si elle n&rsquo;est toujours pas \u00e0 100% physiquement, elle est mieux qu&rsquo;aux Championnats d&rsquo;Europe. Et il a conclu en disant : \u00ab\u00a0<em>ce qui est important, c&rsquo;est qu&rsquo;elle le soit dans 6 mois<\/em>\u00ab\u00a0.<\/p>\n<\/td>\n<\/tr>\n<\/tbody>\n<\/table>\n<table style=\"width: 97%; border-color: #ffffff;\">\n<tbody>\n<tr style=\"height: 120px;\">\n<td style=\"border-color: #ffffff #ffffff #e0e0e0; background-color: #ffffff; width: 150px; border-bottom-style: solid; border-bottom-width: 1px; text-align: center; vertical-align: top;\">\n<p style=\"text-align: center;\"><strong>17:39<\/strong><\/p>\n<p>\ud83e\udd47<\/td>\n<td style=\"border-color: #ffffff #ffffff #e0e0e0; background-color: #ffffff; text-align: justify; width: 650px; border-bottom-style: solid; border-bottom-width: 1px; vertical-align: top;\">\n<p style=\"text-align: justify;\"><strong>CLARISSE AGBEGNENOU INSUBMERSIBLE<br \/>\n<\/strong><\/p>\n<p>7e victoire pour Clarisse Agbegnenou qui est partie chercher sa victoire au golden score au mental.<\/p>\n<div class=\"vlp-link-container vlp-layout-article\"><a href=\"https:\/\/dicodusport.fr\/blog\/judo-paris-grand-slam-2024-7e-victoire-a-paris-pour-clarisse-agbegnenou\/\" class=\"vlp-link\" title=\"Judo Paris Grand Slam 2024 : 7e victoire \u00e0 Paris pour Clarisse Agbegnenou !\"><\/a><div class=\"vlp-layout-zone-side\"><div class=\"vlp-block-4 vlp-link-image\"><img loading=\"lazy\" decoding=\"async\" style=\"max-width: 792px;\" width=\"792\" height=\"445\" src=\"https:\/\/dicodusport.fr\/blog\/wp-content\/uploads\/2024\/02\/Judo-Paris-Grand-Slam-2024-7e-victoire-a-Paris-pour-Clarisse-Agbegnenou-.png\" class=\"attachment-800x445 size-800x445\" alt=\"\" srcset=\"https:\/\/dicodusport.fr\/blog\/wp-content\/uploads\/2024\/02\/Judo-Paris-Grand-Slam-2024-7e-victoire-a-Paris-pour-Clarisse-Agbegnenou-.png 1200w, https:\/\/dicodusport.fr\/blog\/wp-content\/uploads\/2024\/02\/Judo-Paris-Grand-Slam-2024-7e-victoire-a-Paris-pour-Clarisse-Agbegnenou--300x169.png 300w, https:\/\/dicodusport.fr\/blog\/wp-content\/uploads\/2024\/02\/Judo-Paris-Grand-Slam-2024-7e-victoire-a-Paris-pour-Clarisse-Agbegnenou--1024x575.png 1024w, https:\/\/dicodusport.fr\/blog\/wp-content\/uploads\/2024\/02\/Judo-Paris-Grand-Slam-2024-7e-victoire-a-Paris-pour-Clarisse-Agbegnenou--768x431.png 768w\" sizes=\"auto, (max-width: 792px) 100vw, 792px\" \/><\/div><\/div><div class=\"vlp-layout-zone-main\"><div class=\"vlp-block-0 vlp-link-title\">Judo Paris Grand Slam 2024 : 7e victoire \u00e0 Paris pour Clarisse Agbegnenou !<\/div><div class=\"vlp-block-1 vlp-link-summary\">JUDO GRAND SLAM DE PARIS 2024 - Pour son grand retour, Clarisse Agbegnenou s'est offert une 7e victoire \u00e0 Paris !<\/div><div class=\"vlp-block-2 vlp-link-button\">Lire l'article<\/div><div class=\"vlp-block-3 vlp-link-url\">dicodusport.fr<\/div><\/div><\/div><\/td>\n<\/tr>\n<\/tbody>\n<\/table>\n<table style=\"width: 97%; border-color: #ffffff;\">\n<tbody>\n<tr style=\"height: 120px;\">\n<td style=\"border-color: #ffffff #ffffff #e0e0e0; background-color: #ffffff; width: 150px; border-bottom-style: solid; border-bottom-width: 1px; text-align: center; vertical-align: top;\">\n<p style=\"text-align: center;\"><strong>15:00<\/strong><\/p>\n<p>\ud83c\udfc6<\/td>\n<td style=\"border-color: #ffffff #ffffff #e0e0e0; background-color: #ffffff; text-align: justify; width: 650px; border-bottom-style: solid; border-bottom-width: 1px; vertical-align: top;\">\n<p style=\"text-align: justify;\"><strong>LE PROGRAMME DU BLOC FINAL<br \/>\n<\/strong><\/p>\n<p style=\"text-align: justify;\">Retrouvez l&rsquo;ordre des combats des Fran\u00e7ais avec entre parenth\u00e8ses les historiques des confrontations directes.<\/p>\n<p><strong>3.<\/strong> -63 kg : Katarina Kristo &#8211; Clarisse Agbegnenou (0-1)<\/p>\n<p><strong>8.<\/strong> -70 kg : Margaux Pinot &#8211; Tais Pina (0-0)<\/p>\n<p><strong>9.<\/strong> -70 kg : Marie-\u00c8ve Gahi\u00e9 &#8211; Miriam Butkereit (1-7)<\/td>\n<\/tr>\n<\/tbody>\n<\/table>\n<table style=\"width: 97%; border-color: #ffffff;\">\n<tbody>\n<tr style=\"height: 120px;\">\n<td style=\"border-color: #ffffff #ffffff #e0e0e0; background-color: #ffffff; width: 150px; border-bottom-style: solid; border-bottom-width: 1px; text-align: center; vertical-align: top;\">\n<p style=\"text-align: center;\"><strong>14:50<\/strong><\/p>\n<p>\ud83c\udfc6<\/td>\n<td style=\"border-color: #ffffff #ffffff #e0e0e0; background-color: #ffffff; text-align: justify; width: 650px; border-bottom-style: solid; border-bottom-width: 1px; vertical-align: top;\">\n<p style=\"text-align: justify;\"><strong>3 M\u00c9DAILLES \u00c0 ALLER CHERCHER<br \/>\n<\/strong><\/p>\n<p>On retrouvera 3 Fran\u00e7aises lors du bloc final \u00e0 partir de 17h.<\/p>\n<p>\ud83e\udd47 :\u00a0<strong>Marie-\u00c8ve Gahi\u00e9<\/strong> et <strong>Clarisse Agbegnenou<\/strong><\/p>\n<p>\ud83e\udd49 : <strong>Margaux Pinot<\/strong><\/td>\n<\/tr>\n<\/tbody>\n<\/table>\n<table style=\"width: 97%; border-color: #ffffff;\">\n<tbody>\n<tr style=\"height: 120px;\">\n<td style=\"border-color: #ffffff #ffffff #e0e0e0; background-color: #ffffff; width: 150px; border-bottom-style: solid; border-bottom-width: 1px; text-align: center; vertical-align: top;\">\n<p style=\"text-align: center;\"><strong>14:47<\/strong><\/p>\n<p>\ud83c\uddeb\ud83c\uddf7<\/td>\n<td style=\"border-color: #ffffff #ffffff #e0e0e0; background-color: #ffffff; text-align: justify; width: 650px; border-bottom-style: solid; border-bottom-width: 1px; vertical-align: top;\">\n<p style=\"text-align: justify;\"><strong>GAHI\u00c9 \u00c9GALEMENT EN FINALE\u00a0 !<br \/>\n<\/strong><\/p>\n<p style=\"text-align: justify;\"><strong>Marie-\u00c8ve Gahi\u00e9<\/strong> (-70 kg) aura mis 8 secondes face \u00e0 Tais Pina pour rejoindre la finale ! Elle a mis fin au parcours de r\u00eave de la jeune Portugaise de 19 ans vainqueur par d\u00e9faut face \u00e0 Mazzarino et qui vivait son premier Grand Slam.<\/p>\n<blockquote class=\"twitter-tweet\">\n<p dir=\"ltr\" lang=\"fr\">Neuf secondes pour une victoire par ippon !<\/p>\n<p>Marie-\u00c8ve Gahi\u00e9 exp\u00e9ditive en demi-finale du <a href=\"https:\/\/twitter.com\/hashtag\/ParisGrandSlam?src=hash&amp;ref_src=twsrc%5Etfw\">#ParisGrandSlam<\/a> en -70 kg ! <a href=\"https:\/\/twitter.com\/hashtag\/lequipeJUDO?src=hash&amp;ref_src=twsrc%5Etfw\">#lequipeJUDO<\/a> <a href=\"https:\/\/t.co\/ps7qHiyXuR\">pic.twitter.com\/ps7qHiyXuR<\/a><\/p>\n<p>\u2014 L&rsquo;\u00c9QUIPE (@lequipe) <a href=\"https:\/\/twitter.com\/lequipe\/status\/1753778007037145093?ref_src=twsrc%5Etfw\">February 3, 2024<\/a><\/p><\/blockquote>\n<p><script async src=\"https:\/\/platform.twitter.com\/widgets.js\" charset=\"utf-8\"><\/script><\/td>\n<\/tr>\n<\/tbody>\n<\/table>\n<table style=\"width: 97%; border-color: #ffffff;\">\n<tbody>\n<tr style=\"height: 120px;\">\n<td style=\"border-color: #ffffff #ffffff #e0e0e0; background-color: #ffffff; width: 150px; border-bottom-style: solid; border-bottom-width: 1px; text-align: center; vertical-align: top;\">\n<p style=\"text-align: center;\"><strong>14:41<\/strong><\/p>\n<p>\ud83c\uddeb\ud83c\uddf7<\/td>\n<td style=\"border-color: #ffffff #ffffff #e0e0e0; background-color: #ffffff; text-align: justify; width: 650px; border-bottom-style: solid; border-bottom-width: 1px; vertical-align: top;\">\n<p style=\"text-align: justify;\"><strong>DIRECTION LA FINALE POUR AGBEGNENOU !<br \/>\n<\/strong><\/p>\n<p style=\"text-align: justify;\">Encore un gros combat pour <strong>Clarisse Agbegnenou<\/strong> (-63 kg) en demi-finale face \u00e0 la jeune Joanne Van Lieshout. La N\u00e9erlandaise a cr\u00e2nement jou\u00e9 sa chance avant d&rsquo;\u00eatre projet\u00e9e apr\u00e8s quasiment 8 minutes de combat.<\/p>\n<blockquote class=\"twitter-tweet\">\n<p dir=\"ltr\" lang=\"da\">\ud835\udc79\ud835\udc76\ud835\udc68\ud835\udc6b \ud835\udc7b\ud835\udc76 \ud835\udc7b\ud835\udc6f\ud835\udc6c \ud835\udc6d\ud835\udc70\ud835\udc75\ud835\udc68\ud835\udc73 ! \ud83c\udf1f<\/p>\n<p>Clarisse Agbegnenou remporte sa demi-finale au golden score et affrontera en finale Katarina Kristo (CRO) !! \ud83d\udcaa<a href=\"https:\/\/twitter.com\/hashtag\/ParisGrandSlam2024?src=hash&amp;ref_src=twsrc%5Etfw\">#ParisGrandSlam2024<\/a> <a href=\"https:\/\/twitter.com\/hashtag\/JudoParis?src=hash&amp;ref_src=twsrc%5Etfw\">#JudoParis<\/a> <a href=\"https:\/\/twitter.com\/hashtag\/FierdEtreJudoka?src=hash&amp;ref_src=twsrc%5Etfw\">#FierdEtreJudoka<\/a> <a href=\"https:\/\/t.co\/2BsdRhsvmn\">pic.twitter.com\/2BsdRhsvmn<\/a><\/p>\n<p>\u2014 France Judo (@francejudo) <a href=\"https:\/\/twitter.com\/francejudo\/status\/1753779286840901767?ref_src=twsrc%5Etfw\">February 3, 2024<\/a><\/p><\/blockquote>\n<p><script async src=\"https:\/\/platform.twitter.com\/widgets.js\" charset=\"utf-8\"><\/script><\/td>\n<\/tr>\n<\/tbody>\n<\/table>\n<table style=\"width: 97%; border-color: #ffffff;\">\n<tbody>\n<tr style=\"height: 120px;\">\n<td style=\"border-color: #ffffff #ffffff #e0e0e0; background-color: #ffffff; width: 150px; border-bottom-style: solid; border-bottom-width: 1px; text-align: center; vertical-align: top;\">\n<p style=\"text-align: center;\"><strong>13:50<\/strong><\/p>\n<p>\ud83c\uddeb\ud83c\uddf7<\/td>\n<td style=\"border-color: #ffffff #ffffff #e0e0e0; background-color: #ffffff; text-align: justify; width: 650px; border-bottom-style: solid; border-bottom-width: 1px; vertical-align: top;\">\n<p style=\"text-align: justify;\"><strong>Gahi\u00e9 et Agbegnenou en demies<br \/>\n<\/strong><\/p>\n<p style=\"text-align: justify;\">Victoire avec un waza-ari pour <strong>Marie-\u00c8ve Gahi\u00e9<\/strong> face \u00e0 Giovanna Scoccimarro et <strong>Clarisse Agbegnenou<\/strong> (-63 kg) face \u00e0 Maylin Del Toro Carvajal. Si la Cubaine a bien r\u00e9sist\u00e9, la Fran\u00e7aise aura eu besoin de moins de temps que lors de son combat pr\u00e9c\u00e9dent pour r\u00e9ussir une immobilisation dans la derni\u00e8re minute.<\/p>\n<p>En revanche, ce sera les rep\u00eachages pour <strong>Margaux Pinot<\/strong>, battue par Barbara Matic en quarts<strong>13:45<\/strong><\/td>\n<\/tr>\n<\/tbody>\n<\/table>\n<table style=\"width: 97%; border-color: #ffffff;\">\n<tbody>\n<tr style=\"height: 120px;\">\n<td style=\"border-color: #ffffff #ffffff #e0e0e0; background-color: #ffffff; width: 150px; border-bottom-style: solid; border-bottom-width: 1px; text-align: center; vertical-align: top;\">\ud83c\uddeb\ud83c\uddf7<\/td>\n<td style=\"border-color: #ffffff #ffffff #e0e0e0; background-color: #ffffff; text-align: justify; width: 650px; border-bottom-style: solid; border-bottom-width: 1px; vertical-align: top;\">\n<p style=\"text-align: justify;\"><strong> Lila Mazzarino bless\u00e9e<br \/>\n<\/strong><\/p>\n<p style=\"text-align: justify;\">Que c&rsquo;est dur pour Lila Mazzarino battue en quarts de finale par Tais Pina ! La jeune Fran\u00e7aise de 18 ans est pass\u00e9e par toutes les \u00e9motions dans son premier Grand Slam. Elle pensait avoir inscrit un waza-ari en d\u00e9but de combat, mais celui-ci a \u00e9t\u00e9 annul\u00e9. Et au golden score, elle s&rsquo;est bless\u00e9e au pied droit lors de la premi\u00e8re attaque et a d\u00fb renoncer.<\/p>\n<\/td>\n<\/tr>\n<\/tbody>\n<\/table>\n<table style=\"width: 97%; border-color: #ffffff;\">\n<tbody>\n<tr style=\"height: 120px;\">\n<td style=\"border-color: #ffffff #ffffff #e0e0e0; background-color: #ffffff; width: 150px; border-bottom-style: solid; border-bottom-width: 1px; text-align: center; vertical-align: top;\">\n<p style=\"text-align: center;\"><strong>13:35<\/strong><\/p>\n<p>\ud83c\uddeb\ud83c\uddf7<\/td>\n<td style=\"border-color: #ffffff #ffffff #e0e0e0; background-color: #ffffff; text-align: justify; width: 650px; border-bottom-style: solid; border-bottom-width: 1px; vertical-align: top;\">\n<p style=\"text-align: justify;\">Fin de parcours pour <strong>Joan-Benjamin Gaba<\/strong> (-73 kg) battu par Daniyar Shamshayev. La d\u00e9ception \u00e9tait forc\u00e9ment forte du c\u00f4t\u00e9 du Fran\u00e7ais qui avait l\u00e0 l&rsquo;occasion de marquer des points pour la qualification olympique Sans explication, il s&rsquo;est dit peu int\u00e9ress\u00e9 par les r\u00e9sultats de ses concurrents (tous battus avant lui) et concentr\u00e9 sur lui, \u00ab\u00a0<em>qui n&rsquo;a pas \u00e9t\u00e9 bon<\/em>\u00ab\u00a0.<\/p>\n<\/td>\n<\/tr>\n<\/tbody>\n<\/table>\n<table style=\"width: 97%; border-color: #ffffff;\">\n<tbody>\n<tr style=\"height: 120px;\">\n<td style=\"border-color: #ffffff #ffffff #e0e0e0; background-color: #ffffff; width: 150px; border-bottom-style: solid; border-bottom-width: 1px; text-align: center; vertical-align: top;\">\n<p style=\"text-align: center;\"><strong>13:19<\/strong><\/p>\n<p>\ud83c\uddeb\ud83c\uddf7<\/td>\n<td style=\"border-color: #ffffff #ffffff #e0e0e0; background-color: #ffffff; text-align: justify; width: 650px; border-bottom-style: solid; border-bottom-width: 1px; vertical-align: top;\">\n<p style=\"text-align: justify;\"><strong>Marie-\u00c8ve Gahi\u00e9<\/strong> poursuit son bonhomme de chemin avec une victoire sur waza-ari-awasate ippon sur Kim Polling. La Fran\u00e7aise remet les compteurs \u00e0 \u00e9galit\u00e9 face \u00e0 la N\u00e9erlandaise par la m\u00eame occasion (2-2).<\/p>\n<p>\u00c7a a \u00e9t\u00e9 compliqu\u00e9 pour <strong>Margaux Pinot<\/strong>, mais la Fran\u00e7aise s&rsquo;en est \u00e9galement sortie face \u00e0 Shokhista Nazarova (hansoku-make), pour rejoindre les quarts de finale. Ce sera face \u00e0 une vieille connaissance : Barbara Matic (3-3).<\/td>\n<\/tr>\n<\/tbody>\n<\/table>\n<table style=\"width: 97%; border-color: #ffffff;\">\n<tbody>\n<tr style=\"height: 120px;\">\n<td style=\"border-color: #ffffff #ffffff #e0e0e0; background-color: #ffffff; width: 150px; border-bottom-style: solid; border-bottom-width: 1px; text-align: center; vertical-align: top;\">\n<p style=\"text-align: center;\"><strong>13:10<\/strong><\/p>\n<p>\ud83c\uddeb\ud83c\uddf7<\/td>\n<td style=\"border-color: #ffffff #ffffff #e0e0e0; background-color: #ffffff; text-align: justify; width: 650px; border-bottom-style: solid; border-bottom-width: 1px; vertical-align: top;\">\n<p style=\"text-align: justify;\"><strong>\u00a0Agbegnenou au bout du bout<br \/>\n<\/strong><\/p>\n<p>Il aura fallu plus de 8 minutes au golden score \u00e0 <strong>Clarisse Agbegnenou <\/strong>pour se d\u00e9faire de la Japonaise Megumi Horikawa. La Japonaise obtiendra finalement une 3e p\u00e9nalit\u00e9 pour non combativit\u00e9.<\/p>\n<blockquote class=\"twitter-tweet\">\n<p dir=\"ltr\" lang=\"fr\">\ud835\udc14\ud835\udc0d \ud835\udc06\ud835\udc0e\ud835\udc0b\ud835\udc03\ud835\udc04\ud835\udc0d \ud835\udc12\ud835\udc02\ud835\udc0e\ud835\udc11\ud835\udc04 \ud835\udc08\ud835\udc0d\ud835\udc12\ud835\udc0e\ud835\udc14\ud835\udc13\ud835\udc04\ud835\udc0d\ud835\udc00\ud835\udc01\ud835\udc0b\ud835\udc04 \ud83e\udd75<\/p>\n<p>Clarisse se d\u00e9fait de son adversaire par Hansoku Make et se qualifie pour les quarts de finale. \ud83d\udc4a<a href=\"https:\/\/twitter.com\/hashtag\/ParisGrandSlam2024?src=hash&amp;ref_src=twsrc%5Etfw\">#ParisGrandSlam2024<\/a> <a href=\"https:\/\/twitter.com\/hashtag\/JudoParis?src=hash&amp;ref_src=twsrc%5Etfw\">#JudoParis<\/a> <a href=\"https:\/\/twitter.com\/hashtag\/FierdEtreJudoka?src=hash&amp;ref_src=twsrc%5Etfw\">#FierdEtreJudoka<\/a> <a href=\"https:\/\/t.co\/BFWgnxKyMU\">pic.twitter.com\/BFWgnxKyMU<\/a><\/p>\n<p>\u2014 France Judo (@francejudo) <a href=\"https:\/\/twitter.com\/francejudo\/status\/1753756128637239307?ref_src=twsrc%5Etfw\">February 3, 2024<\/a><\/p><\/blockquote>\n<p><script async src=\"https:\/\/platform.twitter.com\/widgets.js\" charset=\"utf-8\"><\/script><\/td>\n<\/tr>\n<\/tbody>\n<\/table>\n<table style=\"width: 97%; border-color: #ffffff;\">\n<tbody>\n<tr style=\"height: 120px;\">\n<td style=\"border-color: #ffffff #ffffff #e0e0e0; background-color: #ffffff; width: 150px; border-bottom-style: solid; border-bottom-width: 1px; text-align: center; vertical-align: top;\">\n<p style=\"text-align: center;\"><strong>13:05<\/strong><\/p>\n<p>\ud83c\uddeb\ud83c\uddf7<\/td>\n<td style=\"border-color: #ffffff #ffffff #e0e0e0; background-color: #ffffff; text-align: justify; width: 650px; border-bottom-style: solid; border-bottom-width: 1px; vertical-align: top;\">\n<p style=\"text-align: justify;\"><strong>\u00a0<\/strong>\u00c7a continue pour <strong>Lila Mazzarino<\/strong> (-70 kg)! Face \u00e0 Shiho Tanaka, la Fran\u00e7aise a b\u00e9n\u00e9fici\u00e9 de la disqualification de celle-ci d\u00e8s le d\u00e9but du combat.<\/p>\n<\/td>\n<\/tr>\n<\/tbody>\n<\/table>\n<table style=\"width: 97%; border-color: #ffffff;\">\n<tbody>\n<tr style=\"height: 120px;\">\n<td style=\"border-color: #ffffff #ffffff #e0e0e0; background-color: #ffffff; width: 150px; border-bottom-style: solid; border-bottom-width: 1px; text-align: center; vertical-align: top;\">\n<p style=\"text-align: center;\"><strong>13:02<\/strong><\/p>\n<p>\ud83c\uddeb\ud83c\uddf7<\/td>\n<td style=\"border-color: #ffffff #ffffff #e0e0e0; background-color: #ffffff; text-align: justify; width: 650px; border-bottom-style: solid; border-bottom-width: 1px; vertical-align: top;\">\n<p style=\"text-align: justify;\"><strong>Melkia Auchecorne <\/strong>(-63 kg) est \u00e9limin\u00e9e au 2e tour comme l&rsquo;ann\u00e9e derni\u00e8re. En souffrance physiquement face \u00e0 Kirari Yamaguchi, elle a c\u00e9d\u00e9 en fin de combat. La jeune de 19 ans \u00e9tait tr\u00e8s d\u00e9\u00e7ue \u00e0 sa sortie du tatami :<\/p>\n<blockquote>\n<p style=\"text-align: justify;\">J&rsquo;\u00e9tais contente d&rsquo;\u00eatre l\u00e0, je pensais pouvoir faire mieux cette ann\u00e9e. J&rsquo;en suis encore au m\u00eame stade apparemment, donc j&rsquo;ai besoin d&rsquo;encore beaucoup de travail.<\/p>\n<\/blockquote>\n<p style=\"text-align: justify;\">Sur sa victoire lors de son premier combat :<\/p>\n<blockquote>\n<p style=\"text-align: justify;\">Oui je suis contente mais bon ce n&rsquo;\u00e9tait pas vraiment mon objectif de gagner ce combat. C&rsquo;\u00e9tait plus arriver aux phases finales, ce que je n\u00a0\u00bbai pas r\u00e9ussi \u00e0 faire.<\/p>\n<\/blockquote>\n<p style=\"text-align: justify;\">On a senti que la dimension physique \u00e9tait compliqu\u00e9e, encore plus sur le second combat que le premier :<\/p>\n<blockquote>\n<p style=\"text-align: justify;\">J&rsquo;ai toujours du mal \u00e0 rentrer dans mes comp\u00e9titions. J&rsquo;ai besoin de plusieurs combats pour rentrer vraiment dans mes comp\u00e9titions et l\u00e0 c&rsquo;est le Grand Slam, il faut \u00eatre toujours pr\u00eat d\u00e8s le premier combat et c&rsquo;est pas ce que j&rsquo;ai r\u00e9ussi \u00e0 faire.<\/p>\n<\/blockquote>\n<\/td>\n<\/tr>\n<\/tbody>\n<\/table>\n<table style=\"width: 97%; border-color: #ffffff;\">\n<tbody>\n<tr style=\"height: 120px;\">\n<td style=\"border-color: #ffffff #ffffff #e0e0e0; background-color: #ffffff; width: 150px; border-bottom-style: solid; border-bottom-width: 1px; text-align: center; vertical-align: top;\">\n<p style=\"text-align: center;\"><strong>12:40<\/strong><\/p>\n<p>\ud83c\uddeb\ud83c\uddf7<\/td>\n<td style=\"border-color: #ffffff #ffffff #e0e0e0; background-color: #ffffff; text-align: justify; width: 650px; border-bottom-style: solid; border-bottom-width: 1px; vertical-align: top;\">\n<p style=\"text-align: justify;\"><strong>\u00a0-73 kg : Avantage Gaba<br \/>\n<\/strong><\/p>\n<p>Dans le combat \u00e0 distance que se livrent <strong>Benjamin Axus<\/strong> et <strong>Joan-Benjamin Gaba <\/strong>pour le quota olympique, le plus jeune prend une petite avance sur ce tournoi.<\/p>\n<p style=\"text-align: justify;\">Le premier s&rsquo;est inclin\u00e9 sur ippon face \u00e0 Alexander Gabler tandis que le second l&rsquo;a emport\u00e9 sur hansoku-make face \u00e0 Hassan Doukkali au 3e tour.<\/p>\n<\/td>\n<\/tr>\n<\/tbody>\n<\/table>\n<table style=\"width: 97%; border-color: #ffffff;\">\n<tbody>\n<tr style=\"height: 120px;\">\n<td style=\"border-color: #ffffff #ffffff #e0e0e0; background-color: #ffffff; width: 150px; border-bottom-style: solid; border-bottom-width: 1px; text-align: center; vertical-align: top;\">\n<p style=\"text-align: center;\"><strong>12:12<\/strong><\/p>\n<p>\ud83c\uddeb\ud83c\uddf7<\/td>\n<td style=\"border-color: #ffffff #ffffff #e0e0e0; background-color: #ffffff; text-align: justify; width: 650px; border-bottom-style: solid; border-bottom-width: 1px; vertical-align: top;\">\n<p style=\"text-align: justify;\"><strong>\u00a0<\/strong>Pour son premier Grand Slam \u00e0 21 ans, <strong>Florine Soula<\/strong> (-70 kg) s&rsquo;incline au 2e tour face \u00e0 la Br\u00e9silienne Luana Carvalho.<\/p>\n<\/td>\n<\/tr>\n<\/tbody>\n<\/table>\n<table style=\"width: 97%; border-color: #ffffff;\">\n<tbody>\n<tr style=\"height: 120px;\">\n<td style=\"border-color: #ffffff #ffffff #e0e0e0; background-color: #ffffff; width: 150px; border-bottom-style: solid; border-bottom-width: 1px; text-align: center; vertical-align: top;\">\n<p style=\"text-align: center;\"><strong>11:58<\/strong><\/p>\n<p>\ud83c\uddeb\ud83c\uddf7<\/td>\n<td style=\"border-color: #ffffff #ffffff #e0e0e0; background-color: #ffffff; text-align: justify; width: 650px; border-bottom-style: solid; border-bottom-width: 1px; vertical-align: top;\">\n<p style=\"text-align: justify;\"><strong>Entr\u00e9e en lice r\u00e9ussie pour Clarisse Agbegnenou !<\/strong><\/p>\n<p>Apr\u00e8s un petit temps de rodage, <strong>Clarisse Agbegnenou<\/strong> (-63 kg) s&rsquo;est impos\u00e9e sur ippon face \u00e0 Agatha Schmidt. Elle rencontrera Megumi Horikawa au 3e tour.<\/p>\n<blockquote class=\"twitter-tweet\">\n<p dir=\"ltr\" lang=\"fr\">Pour son retour au Paris Grand Slam, Clarisse assure en remportant son premier combat par ippon ! \ud83e\udd70<a href=\"https:\/\/twitter.com\/hashtag\/ParisGrandSlam2024?src=hash&amp;ref_src=twsrc%5Etfw\">#ParisGrandSlam2024<\/a> <a href=\"https:\/\/twitter.com\/hashtag\/JudoParis?src=hash&amp;ref_src=twsrc%5Etfw\">#JudoParis<\/a> <a href=\"https:\/\/twitter.com\/hashtag\/FierdEtreJudoka?src=hash&amp;ref_src=twsrc%5Etfw\">#FierdEtreJudoka<\/a> <a href=\"https:\/\/t.co\/9e8vliCFff\">pic.twitter.com\/9e8vliCFff<\/a><\/p>\n<p>\u2014 France Judo (@francejudo) <a href=\"https:\/\/twitter.com\/francejudo\/status\/1753737410523889964?ref_src=twsrc%5Etfw\">February 3, 2024<\/a><\/p><\/blockquote>\n<p><script async src=\"https:\/\/platform.twitter.com\/widgets.js\" charset=\"utf-8\"><\/script><\/td>\n<\/tr>\n<\/tbody>\n<\/table>\n<table style=\"width: 97%; border-color: #ffffff;\">\n<tbody>\n<tr style=\"height: 120px;\">\n<td style=\"border-color: #ffffff #ffffff #e0e0e0; background-color: #ffffff; width: 150px; border-bottom-style: solid; border-bottom-width: 1px; text-align: center; vertical-align: top;\">\n<p style=\"text-align: center;\"><strong>11:50<\/strong><\/p>\n<p>\ud83c\uddeb\ud83c\uddf7<\/td>\n<td style=\"border-color: #ffffff #ffffff #e0e0e0; background-color: #ffffff; text-align: justify; width: 650px; border-bottom-style: solid; border-bottom-width: 1px; vertical-align: top;\">\n<p style=\"text-align: justify;\"><strong>Gaba, Pinot, Agbegnenou : le calme avant la temp\u00eate<br \/>\n<\/strong><\/p>\n<div style=\"width: 426px;\" class=\"wp-video\"><!--[if lt IE 9]><script>document.createElement('video');<\/script><![endif]-->\n<video class=\"wp-video-shortcode\" id=\"video-458578-1\" width=\"426\" height=\"240\" preload=\"metadata\" controls=\"controls\"><source type=\"video\/mp4\" src=\"https:\/\/dicodusport.fr\/blog\/wp-content\/uploads\/2024\/02\/20240203_2.mp4?_=1\" \/><a href=\"https:\/\/dicodusport.fr\/blog\/wp-content\/uploads\/2024\/02\/20240203_2.mp4\">https:\/\/dicodusport.fr\/blog\/wp-content\/uploads\/2024\/02\/20240203_2.mp4<\/a><\/video><\/div><\/td>\n<\/tr>\n<\/tbody>\n<\/table>\n<table style=\"width: 97%; border-color: #ffffff;\">\n<tbody>\n<tr style=\"height: 120px;\">\n<td style=\"border-color: #ffffff #ffffff #e0e0e0; background-color: #ffffff; width: 150px; border-bottom-style: solid; border-bottom-width: 1px; text-align: center; vertical-align: top;\">\n<p style=\"text-align: center;\"><strong>11:30<\/strong><\/p>\n<p>\ud83c\uddeb\ud83c\uddf7<\/td>\n<td style=\"border-color: #ffffff #ffffff #e0e0e0; background-color: #ffffff; text-align: justify; width: 650px; border-bottom-style: solid; border-bottom-width: 1px; vertical-align: top;\">\n<p style=\"text-align: justify;\"><strong>Solide Melkia Auchecorne !<br \/>\n<\/strong><\/p>\n<p style=\"text-align: justify;\">Premier Grand Slam et premi\u00e8re victoire pour la jeune <strong>Melkia Auchecorne<\/strong> (19 ans, -63 kg). Et pas face \u00e0 n&rsquo;importe qui ! Elle s&rsquo;est impos\u00e9e au golden score du 2e tour face \u00e0 Catherine Beauchemin-Pinard, la num\u00e9ro 1 mondiale.<\/p>\n<p style=\"text-align: justify;\">C&rsquo;est en revanche termin\u00e9 pour <strong>M\u00e9lodie Turpin<\/strong> et <strong>Ga\u00ebtane Deberdt<\/strong>.<\/p>\n<blockquote class=\"twitter-tweet\">\n<p dir=\"ltr\" lang=\"fr\">Melkia Auchecorne \u00e9limine la num\u00e9ro 1 mondiale avec un waza-ari dans le golden score !! \ud83e\udd2f<\/p>\n<p>Quel d\u00e9but pour notre Fran\u00e7aise ! \ud83e\udd29<a href=\"https:\/\/twitter.com\/hashtag\/ParisGrandSlam2024?src=hash&amp;ref_src=twsrc%5Etfw\">#ParisGrandSlam2024<\/a> <a href=\"https:\/\/twitter.com\/hashtag\/JudoParis?src=hash&amp;ref_src=twsrc%5Etfw\">#JudoParis<\/a> <a href=\"https:\/\/twitter.com\/hashtag\/FierdEtreJudoka?src=hash&amp;ref_src=twsrc%5Etfw\">#FierdEtreJudoka<\/a> <a href=\"https:\/\/t.co\/T1dOIcsRII\">pic.twitter.com\/T1dOIcsRII<\/a><\/p>\n<p>\u2014 France Judo (@francejudo) <a href=\"https:\/\/twitter.com\/francejudo\/status\/1753732187013120135?ref_src=twsrc%5Etfw\">February 3, 2024<\/a><\/p><\/blockquote>\n<p><script async src=\"https:\/\/platform.twitter.com\/widgets.js\" charset=\"utf-8\"><\/script><\/td>\n<\/tr>\n<\/tbody>\n<\/table>\n<table style=\"width: 97%; border-color: #ffffff;\">\n<tbody>\n<tr style=\"height: 120px;\">\n<td style=\"border-color: #ffffff #ffffff #e0e0e0; background-color: #ffffff; width: 150px; border-bottom-style: solid; border-bottom-width: 1px; text-align: center; vertical-align: top;\">\n<p style=\"text-align: center;\"><strong>11:26<\/strong><\/p>\n<p>\u274c<\/td>\n<td style=\"border-color: #ffffff #ffffff #e0e0e0; background-color: #ffffff; text-align: justify; width: 650px; border-bottom-style: solid; border-bottom-width: 1px; vertical-align: top;\">\n<p style=\"text-align: justify;\"><strong>Arnaud Aregba<\/strong>,<strong> Tizie Gnamien<\/strong> et<strong> Quentin Joubert<\/strong> s&rsquo;inclinent au 2e tour. Il n&rsquo;y a plus de mi-moyens.<\/p>\n<\/td>\n<\/tr>\n<\/tbody>\n<\/table>\n<table style=\"width: 97%; border-color: #ffffff;\">\n<tbody>\n<tr style=\"height: 120px;\">\n<td style=\"border-color: #ffffff #ffffff #e0e0e0; background-color: #ffffff; width: 150px; border-bottom-style: solid; border-bottom-width: 1px; text-align: center; vertical-align: top;\">\n<p style=\"text-align: center;\"><strong>10:46<\/strong><\/p>\n<p>\ud83c\uddeb\ud83c\uddf7<\/td>\n<td style=\"border-color: #ffffff #ffffff #e0e0e0; background-color: #ffffff; text-align: justify; width: 650px; border-bottom-style: solid; border-bottom-width: 1px; vertical-align: top;\">\n<p style=\"text-align: justify;\"><strong>2\/3 POUR LES L\u00c9GERS (-73 kg)<br \/>\n<\/strong><\/p>\n<p style=\"text-align: justify;\">Apr\u00e8s Benjamin Axus, <strong>Joan-Benjamin Gaba<\/strong> s&rsquo;est \u00e9galement impos\u00e9 avec un ippon face \u00e0 Kestutis Vitkauskas au 2e tour. <strong>Guillaume Chaine\u00a0<\/strong>s&rsquo;est lui inclin\u00e9 face \u00e0 Gabriel Falcao.<\/p>\n<\/td>\n<\/tr>\n<\/tbody>\n<\/table>\n<table style=\"width: 97%; border-color: #ffffff;\">\n<tbody>\n<tr style=\"height: 120px;\">\n<td style=\"border-color: #ffffff #ffffff #e0e0e0; background-color: #ffffff; width: 150px; border-bottom-style: solid; border-bottom-width: 1px; text-align: center; vertical-align: top;\">\n<p style=\"text-align: center;\"><strong>10:28<\/strong><\/p>\n<p>&nbsp;<\/td>\n<td style=\"border-color: #ffffff #ffffff #e0e0e0; background-color: #ffffff; text-align: justify; width: 650px; border-bottom-style: solid; border-bottom-width: 1px; vertical-align: top;\">\n<p style=\"text-align: justify;\">Face \u00e0 Heoncheol Kang, <strong>Benjamin Axus<\/strong> (-73 kg) s&rsquo;est impos\u00e9 sur hansoku make.<\/p>\n<\/td>\n<\/tr>\n<\/tbody>\n<\/table>\n<table style=\"width: 97%; border-color: #ffffff;\">\n<tbody>\n<tr style=\"height: 120px;\">\n<td style=\"border-color: #ffffff #ffffff #e0e0e0; background-color: #ffffff; width: 150px; border-bottom-style: solid; border-bottom-width: 1px; text-align: center; vertical-align: top;\">\n<p style=\"text-align: center;\"><strong>09:50<\/strong><\/p>\n<p>\ud83c\uddeb\ud83c\uddf7<\/td>\n<td style=\"border-color: #ffffff #ffffff #e0e0e0; background-color: #ffffff; text-align: justify; width: 650px; border-bottom-style: solid; border-bottom-width: 1px; vertical-align: top;\">\n<p style=\"text-align: justify;\">Ippon express pour <strong>Florine Soula<\/strong> (-70 kg), qui rejoint le 2e tour.<\/p>\n<blockquote class=\"twitter-tweet\">\n<p dir=\"ltr\" lang=\"fr\">Qu&rsquo;est ce qu&rsquo;on aime ce genre d&rsquo;ippon \ud83d\udca5<\/p>\n<p>Florine Soula (-70kg) s&rsquo;impose de la plus belle des mani\u00e8res pour son premier combat au Paris Grand Slam ! \ud83e\udd29<a href=\"https:\/\/twitter.com\/hashtag\/ParisGrandSlam2024?src=hash&amp;ref_src=twsrc%5Etfw\">#ParisGrandSlam2024<\/a> <a href=\"https:\/\/twitter.com\/hashtag\/JudoParis?src=hash&amp;ref_src=twsrc%5Etfw\">#JudoParis<\/a> <a href=\"https:\/\/twitter.com\/hashtag\/FierdEtreJudoka?src=hash&amp;ref_src=twsrc%5Etfw\">#FierdEtreJudoka<\/a> <a href=\"https:\/\/t.co\/7ZNE2wdoc7\">pic.twitter.com\/7ZNE2wdoc7<\/a><\/p>\n<p>\u2014 France Judo (@francejudo) <a href=\"https:\/\/twitter.com\/francejudo\/status\/1753710999100703025?ref_src=twsrc%5Etfw\">February 3, 2024<\/a><\/p><\/blockquote>\n<p><script async src=\"https:\/\/platform.twitter.com\/widgets.js\" charset=\"utf-8\"><\/script><\/td>\n<\/tr>\n<\/tbody>\n<\/table>\n<table style=\"width: 97%; border-color: #ffffff;\">\n<tbody>\n<tr style=\"height: 120px;\">\n<td style=\"border-color: #ffffff #ffffff #e0e0e0; background-color: #ffffff; width: 150px; border-bottom-style: solid; border-bottom-width: 1px; text-align: center; vertical-align: top;\">\n<p style=\"text-align: center;\"><strong>09:41<\/strong><\/p>\n<p>\ud83c\uddeb\ud83c\uddf7<\/td>\n<td style=\"border-color: #ffffff #ffffff #e0e0e0; background-color: #ffffff; text-align: justify; width: 650px; border-bottom-style: solid; border-bottom-width: 1px; vertical-align: top;\">\n<p style=\"text-align: justify;\">C&rsquo;est \u00e9galement termin\u00e9 pour <strong>Orlando Cazorla <\/strong>(-73 kg), battu par Magdiel Estrada.<\/p>\n<\/td>\n<\/tr>\n<\/tbody>\n<\/table>\n<table style=\"width: 97%; border-color: #ffffff;\">\n<tbody>\n<tr style=\"height: 120px;\">\n<td style=\"border-color: #ffffff #ffffff #e0e0e0; background-color: #ffffff; width: 150px; border-bottom-style: solid; border-bottom-width: 1px; text-align: center; vertical-align: top;\">\n<p style=\"text-align: center;\"><strong>09:37<\/strong><\/p>\n<p>\ud83c\uddeb\ud83c\uddf7<\/td>\n<td style=\"border-color: #ffffff #ffffff #e0e0e0; background-color: #ffffff; text-align: justify; width: 650px; border-bottom-style: solid; border-bottom-width: 1px; vertical-align: top;\">\n<p style=\"text-align: justify;\"><strong>3\/4 pour les -81 kg<br \/>\n<\/strong><\/p>\n<p>\u00c7a passe au 1er tour pour <strong>Arnaud Aregba<\/strong>, <strong>Tizie Gnamien<\/strong> et <strong>Quentin Joubert<\/strong>. En revanche, <strong>Alpha Djalo<\/strong> est \u00e9limin\u00e9 sur hansoku make.<\/td>\n<\/tr>\n<\/tbody>\n<\/table>\n<table style=\"width: 97%; border-color: #ffffff;\">\n<tbody>\n<tr style=\"height: 120px;\">\n<td style=\"border-color: #ffffff #ffffff #e0e0e0; background-color: #ffffff; width: 150px; border-bottom-style: solid; border-bottom-width: 1px; text-align: center; vertical-align: top;\">\n<p style=\"text-align: center;\"><strong>08:45<\/strong><\/p>\n<p>\ud83c\uddeb\ud83c\uddf7<\/td>\n<td style=\"border-color: #ffffff #ffffff #e0e0e0; background-color: #ffffff; text-align: justify; width: 650px; border-bottom-style: solid; border-bottom-width: 1px; vertical-align: top;\">\n<p style=\"text-align: justify;\"><strong>LE PROGRAMME DES FRAN\u00c7AIS DU JOUR<\/strong><\/p>\n<p>Apr\u00e8s une premi\u00e8re journ\u00e9e fructueuse (4 m\u00e9dailles), l&rsquo;\u00e9quipe de France pr\u00e9sente <strong>16 nouveaux judokas<\/strong> pr\u00eats \u00e0 se confronter aux meilleurs du monde. On retrouve notamment Clarisse Agbegnenou, Marie-\u00c8ve Gahi\u00e9,\u00a0 Margaux Pinot et <a title=\"JO 2024, ces Bleus qui peuvent surprendre : Alpha Djalo (judo)\" href=\"https:\/\/dicodusport.fr\/blog\/jo-2024-ces-bleus-qui-peuvent-surprendre-alpha-djalo-judo\/\" target=\"_blank\" rel=\"noopener\">Alpha Oumar Djalo<\/a>.<\/p>\n<p><a title=\"Grand Slam de Paris 2024 : le direct du vendredi 2 f\u00e9vrier\" href=\"https:\/\/dicodusport.fr\/blog\/grand-slam-de-paris-2024-le-direct-du-vendredi-2-fevrier\/\" target=\"_blank\" rel=\"noopener\">Revivez la premi\u00e8re journ\u00e9e des Fran\u00e7ais.<\/a><\/td>\n<\/tr>\n<\/tbody>\n<\/table>\n<table style=\"width: 97%; border-color: #ffffff;\">\n<tbody>\n<tr style=\"height: 120px;\">\n<td style=\"border-color: #ffffff #ffffff #e0e0e0; background-color: #ffffff; width: 150px; border-bottom-style: solid; border-bottom-width: 1px; text-align: center; vertical-align: top;\">\n<p style=\"text-align: center;\"><strong>08:45<\/strong><\/p>\n<p>\ud83e\udd4b<\/td>\n<td style=\"border-color: #ffffff #ffffff #e0e0e0; background-color: #ffffff; text-align: justify; width: 650px; border-bottom-style: solid; border-bottom-width: 1px; vertical-align: top;\">\n<p style=\"text-align: justify;\"><strong>D\u00c9BUT DE LA DEUXI\u00c8ME JOURN\u00c9E \u00c0 9h !<\/strong><\/p>\n<p style=\"text-align: justify;\">Bienvenue sur Dicodusport ! Nous sommes de retour en direct de l&rsquo;AccorArena pour suivre la deuxi\u00e8me journ\u00e9e du Grand Slam de Paris.<\/p>\n<div class=\"vlp-link-container vlp-layout-article\"><a href=\"https:\/\/dicodusport.fr\/blog\/judo-paris-grand-slam-2024-le-programme-complet\/\" class=\"vlp-link\" title=\"Judo Paris Grand Slam 2024 : le programme complet\"><\/a><div class=\"vlp-layout-zone-side\"><div class=\"vlp-block-4 vlp-link-image\"><img loading=\"lazy\" decoding=\"async\" style=\"max-width: 792px;\" width=\"792\" height=\"445\" src=\"https:\/\/dicodusport.fr\/blog\/wp-content\/uploads\/2024\/01\/Judo-Paris-Grand-Slam-2024-le-programme-complet.png\" class=\"attachment-800x445 size-800x445\" alt=\"\" srcset=\"https:\/\/dicodusport.fr\/blog\/wp-content\/uploads\/2024\/01\/Judo-Paris-Grand-Slam-2024-le-programme-complet.png 1200w, https:\/\/dicodusport.fr\/blog\/wp-content\/uploads\/2024\/01\/Judo-Paris-Grand-Slam-2024-le-programme-complet-300x169.png 300w, https:\/\/dicodusport.fr\/blog\/wp-content\/uploads\/2024\/01\/Judo-Paris-Grand-Slam-2024-le-programme-complet-1024x575.png 1024w, https:\/\/dicodusport.fr\/blog\/wp-content\/uploads\/2024\/01\/Judo-Paris-Grand-Slam-2024-le-programme-complet-768x431.png 768w\" sizes=\"auto, (max-width: 792px) 100vw, 792px\" \/><\/div><\/div><div class=\"vlp-layout-zone-main\"><div class=\"vlp-block-0 vlp-link-title\">Judo Paris Grand Slam 2024 : le programme complet<\/div><div class=\"vlp-block-1 vlp-link-summary\">JUDO - Le Grand Slam de Paris se d\u00e9roule du vendredi 2 et dimanche 4 f\u00e9vrier. Voici le programme de la comp\u00e9tition.<\/div><div class=\"vlp-block-2 vlp-link-button\">Lire l'article<\/div><div class=\"vlp-block-3 vlp-link-url\">dicodusport.fr<\/div><\/div><\/div><\/td>\n<\/tr>\n<\/tbody>\n<\/table>\n","protected":false},"excerpt":{"rendered":"<p>JUDO &#8211; Bienvenue dans le direct comment\u00e9 du samedi 3 f\u00e9vrier, deuxi\u00e8me journ\u00e9e du Grand Slam de Paris 2024.<\/p>\n","protected":false},"author":12,"featured_media":458998,"comment_status":"open","ping_status":"closed","sticky":false,"template":"","format":"standard","meta":{"_acf_changed":false,"_daextam_enable_autolinks":"1","footnotes":""},"categories":[8651],"tags":[16878,18155,3774,68,37016],"class_list":["post-458578","post","type-post","status-publish","format-standard","has-post-thumbnail","hentry","category-judo","tag-breve","tag-direct-commente","tag-grand-slam-de-paris","tag-judo","tag-live"],"acf":[],"yoast_head":"<!-- This site is optimized with the Yoast SEO Premium plugin v26.7 (Yoast SEO v26.7) - https:\/\/yoast.com\/wordpress\/plugins\/seo\/ -->\n<title>Grand Slam de Paris 2024 : le direct du samedi 3 f\u00e9vrier<\/title>\n<meta name=\"description\" content=\"JUDO - Bienvenue dans le direct comment\u00e9 du samedi 3 f\u00e9vrier, deuxi\u00e8me journ\u00e9e du Grand Slam de Paris 2024.\" \/>\n<meta name=\"robots\" content=\"index, follow, max-snippet:-1, max-image-preview:large, max-video-preview:-1\" \/>\n<link rel=\"canonical\" href=\"https:\/\/dicodusport.fr\/blog\/grand-slam-de-paris-2024-le-direct-du-samedi-3-fevrier\/\" \/>\n<meta property=\"og:locale\" content=\"fr_FR\" \/>\n<meta property=\"og:type\" content=\"article\" \/>\n<meta property=\"og:title\" content=\"Grand Slam de Paris 2024 : le direct du samedi 3 f\u00e9vrier\" \/>\n<meta property=\"og:description\" content=\"JUDO - Bienvenue dans le direct comment\u00e9 du samedi 3 f\u00e9vrier, deuxi\u00e8me journ\u00e9e du Grand Slam de Paris 2024.\" \/>\n<meta property=\"og:url\" content=\"https:\/\/dicodusport.fr\/blog\/grand-slam-de-paris-2024-le-direct-du-samedi-3-fevrier\/\" \/>\n<meta property=\"og:site_name\" content=\"Dicodusport\" \/>\n<meta property=\"article:publisher\" content=\"https:\/\/www.facebook.com\/dicodusport\" \/>\n<meta property=\"article:published_time\" content=\"2024-02-03T17:14:44+00:00\" \/>\n<meta property=\"article:modified_time\" content=\"2024-02-03T20:55:48+00:00\" \/>\n<meta property=\"og:image\" content=\"https:\/\/dicodusport.fr\/blog\/wp-content\/uploads\/2024\/02\/Grand-Slam-de-Paris-2024-le-direct-du-samedi-3-fevrier.png\" \/>\n\t<meta property=\"og:image:width\" content=\"1200\" \/>\n\t<meta property=\"og:image:height\" content=\"674\" \/>\n\t<meta property=\"og:image:type\" content=\"image\/png\" \/>\n<meta name=\"author\" content=\"Arlette Yeye\" \/>\n<meta name=\"twitter:card\" content=\"summary_large_image\" \/>\n<meta name=\"twitter:title\" content=\"Grand Slam de Paris 2024 : le direct du samedi 3 f\u00e9vrier\" \/>\n<meta name=\"twitter:creator\" content=\"@https:\/\/twitter.com\/Shiclette94\" \/>\n<meta name=\"twitter:site\" content=\"@dicodusport\" \/>\n<script type=\"application\/ld+json\" class=\"yoast-schema-graph\">{\"@context\":\"https:\/\/schema.org\",\"@graph\":[{\"@type\":\"NewsArticle\",\"@id\":\"https:\/\/dicodusport.fr\/blog\/grand-slam-de-paris-2024-le-direct-du-samedi-3-fevrier\/#article\",\"isPartOf\":{\"@id\":\"https:\/\/dicodusport.fr\/blog\/grand-slam-de-paris-2024-le-direct-du-samedi-3-fevrier\/\"},\"author\":{\"name\":\"Arlette Yeye\",\"@id\":\"https:\/\/dicodusport.fr\/blog\/#\/schema\/person\/cce96fa88785bd8573e3d43078ac8c79\"},\"headline\":\"Grand Slam de Paris 2024 : le direct du samedi 3 f\u00e9vrier\",\"datePublished\":\"2024-02-03T17:14:44+00:00\",\"dateModified\":\"2024-02-03T20:55:48+00:00\",\"mainEntityOfPage\":{\"@id\":\"https:\/\/dicodusport.fr\/blog\/grand-slam-de-paris-2024-le-direct-du-samedi-3-fevrier\/\"},\"wordCount\":2053,\"commentCount\":0,\"publisher\":{\"@id\":\"https:\/\/dicodusport.fr\/blog\/#organization\"},\"image\":{\"@id\":\"https:\/\/dicodusport.fr\/blog\/grand-slam-de-paris-2024-le-direct-du-samedi-3-fevrier\/#primaryimage\"},\"thumbnailUrl\":\"https:\/\/dicodusport.fr\/blog\/wp-content\/uploads\/2024\/02\/Grand-Slam-de-Paris-2024-le-direct-du-samedi-3-fevrier.png\",\"keywords\":[\"br\u00e8ve\",\"Direct comment\u00e9\",\"Grand Slam de Paris\",\"Judo\",\"Live\"],\"articleSection\":[\"Judo\"],\"inLanguage\":\"fr-FR\",\"potentialAction\":[{\"@type\":\"CommentAction\",\"name\":\"Comment\",\"target\":[\"https:\/\/dicodusport.fr\/blog\/grand-slam-de-paris-2024-le-direct-du-samedi-3-fevrier\/#respond\"]}],\"copyrightYear\":\"2024\",\"copyrightHolder\":{\"@id\":\"https:\/\/dicodusport.fr\/blog\/#organization\"}},{\"@type\":\"WebPage\",\"@id\":\"https:\/\/dicodusport.fr\/blog\/grand-slam-de-paris-2024-le-direct-du-samedi-3-fevrier\/\",\"url\":\"https:\/\/dicodusport.fr\/blog\/grand-slam-de-paris-2024-le-direct-du-samedi-3-fevrier\/\",\"name\":\"Grand Slam de Paris 2024 : le direct du samedi 3 f\u00e9vrier\",\"isPartOf\":{\"@id\":\"https:\/\/dicodusport.fr\/blog\/#website\"},\"primaryImageOfPage\":{\"@id\":\"https:\/\/dicodusport.fr\/blog\/grand-slam-de-paris-2024-le-direct-du-samedi-3-fevrier\/#primaryimage\"},\"image\":{\"@id\":\"https:\/\/dicodusport.fr\/blog\/grand-slam-de-paris-2024-le-direct-du-samedi-3-fevrier\/#primaryimage\"},\"thumbnailUrl\":\"https:\/\/dicodusport.fr\/blog\/wp-content\/uploads\/2024\/02\/Grand-Slam-de-Paris-2024-le-direct-du-samedi-3-fevrier.png\",\"datePublished\":\"2024-02-03T17:14:44+00:00\",\"dateModified\":\"2024-02-03T20:55:48+00:00\",\"description\":\"JUDO - Bienvenue dans le direct comment\u00e9 du samedi 3 f\u00e9vrier, deuxi\u00e8me journ\u00e9e du Grand Slam de Paris 2024.\",\"breadcrumb\":{\"@id\":\"https:\/\/dicodusport.fr\/blog\/grand-slam-de-paris-2024-le-direct-du-samedi-3-fevrier\/#breadcrumb\"},\"inLanguage\":\"fr-FR\",\"potentialAction\":[{\"@type\":\"ReadAction\",\"target\":[\"https:\/\/dicodusport.fr\/blog\/grand-slam-de-paris-2024-le-direct-du-samedi-3-fevrier\/\"]}]},{\"@type\":\"ImageObject\",\"inLanguage\":\"fr-FR\",\"@id\":\"https:\/\/dicodusport.fr\/blog\/grand-slam-de-paris-2024-le-direct-du-samedi-3-fevrier\/#primaryimage\",\"url\":\"https:\/\/dicodusport.fr\/blog\/wp-content\/uploads\/2024\/02\/Grand-Slam-de-Paris-2024-le-direct-du-samedi-3-fevrier.png\",\"contentUrl\":\"https:\/\/dicodusport.fr\/blog\/wp-content\/uploads\/2024\/02\/Grand-Slam-de-Paris-2024-le-direct-du-samedi-3-fevrier.png\",\"width\":1200,\"height\":674,\"caption\":\"Grand Slam de Paris 2024 le direct du samedi 3 f\u00e9vrier\"},{\"@type\":\"BreadcrumbList\",\"@id\":\"https:\/\/dicodusport.fr\/blog\/grand-slam-de-paris-2024-le-direct-du-samedi-3-fevrier\/#breadcrumb\",\"itemListElement\":[{\"@type\":\"ListItem\",\"position\":1,\"name\":\"Accueil\",\"item\":\"https:\/\/dicodusport.fr\/blog\/\"},{\"@type\":\"ListItem\",\"position\":2,\"name\":\"Grand Slam de Paris 2024 : le direct du samedi 3 f\u00e9vrier\"}]},{\"@type\":\"WebSite\",\"@id\":\"https:\/\/dicodusport.fr\/blog\/#website\",\"url\":\"https:\/\/dicodusport.fr\/blog\/\",\"name\":\"Dicodusport\",\"description\":\"L&#039;encyclop\u00e9die de l&#039;actualit\u00e9 sportive\",\"publisher\":{\"@id\":\"https:\/\/dicodusport.fr\/blog\/#organization\"},\"potentialAction\":[{\"@type\":\"SearchAction\",\"target\":{\"@type\":\"EntryPoint\",\"urlTemplate\":\"https:\/\/dicodusport.fr\/blog\/?s={search_term_string}\"},\"query-input\":{\"@type\":\"PropertyValueSpecification\",\"valueRequired\":true,\"valueName\":\"search_term_string\"}}],\"inLanguage\":\"fr-FR\"},{\"@type\":\"NewsMediaOrganization\",\"@id\":\"https:\/\/dicodusport.fr\/blog\/#organization\",\"name\":\"Dicodusport\",\"url\":\"https:\/\/dicodusport.fr\/blog\/\",\"logo\":{\"@type\":\"ImageObject\",\"inLanguage\":\"fr-FR\",\"@id\":\"https:\/\/dicodusport.fr\/blog\/#\/schema\/logo\/image\/\",\"url\":\"https:\/\/dicodusport.fr\/blog\/wp-content\/uploads\/2020\/06\/cropped-LOGO-DICODUSPORT-2020-SANS-FOND-SANS-TEXTE.png\",\"contentUrl\":\"https:\/\/dicodusport.fr\/blog\/wp-content\/uploads\/2020\/06\/cropped-LOGO-DICODUSPORT-2020-SANS-FOND-SANS-TEXTE.png\",\"width\":512,\"height\":512,\"caption\":\"Dicodusport\"},\"image\":{\"@id\":\"https:\/\/dicodusport.fr\/blog\/#\/schema\/logo\/image\/\"},\"sameAs\":[\"https:\/\/www.facebook.com\/dicodusport\",\"https:\/\/x.com\/dicodusport\",\"https:\/\/www.instagram.com\/dicodusport\/\",\"https:\/\/www.youtube.com\/channel\/UC7V2KZ5sd3htJivAbA4ZG3w\"],\"description\":\"Dicodusport est l'encyclop\u00e9die de l'actualit\u00e9 sportive.\",\"email\":\"bonjour@dicodusport.fr\",\"legalName\":\"DICODUSPORT\",\"foundingDate\":\"2018-01-14\",\"vatID\":\"FR71834470973\",\"taxID\":\"83447097300043\",\"numberOfEmployees\":{\"@type\":\"QuantitativeValue\",\"minValue\":\"1\",\"maxValue\":\"10\"}},{\"@type\":\"Person\",\"@id\":\"https:\/\/dicodusport.fr\/blog\/#\/schema\/person\/cce96fa88785bd8573e3d43078ac8c79\",\"name\":\"Arlette Yeye\",\"image\":{\"@type\":\"ImageObject\",\"inLanguage\":\"fr-FR\",\"@id\":\"https:\/\/dicodusport.fr\/blog\/#\/schema\/person\/image\/\",\"url\":\"https:\/\/secure.gravatar.com\/avatar\/dca4a6239e6d708e46c45d60e160de6c?s=96&d=wp_user_avatar&r=g\",\"contentUrl\":\"https:\/\/secure.gravatar.com\/avatar\/dca4a6239e6d708e46c45d60e160de6c?s=96&d=wp_user_avatar&r=g\",\"caption\":\"Arlette Yeye\"},\"description\":\"Journaliste\/r\u00e9dactrice depuis septembre 2015 - Supportrice de Chelsea, j'ai pour sports de pr\u00e9dilection le handball, l'athl\u00e9tisme et le tennis. Si je tweete plus vite que mon ombre, vous pouvez aussi me retrouver les week-ends sur les playgrounds de Bruxelles pour un petit foot ou basket entre potes. Parcourir la France, l'Europe et plus si affinit\u00e9s pour suivre mes sportifs pr\u00e9f\u00e9r\u00e9s ? Mon kif ! Et c'est avec plaisir que je partage les r\u00e9sultats des sports populaires mais \u00e9galement plus confidentiels pour Dicodusport.\",\"sameAs\":[\"https:\/\/x.com\/https:\/\/twitter.com\/Shiclette94\"],\"url\":\"https:\/\/dicodusport.fr\/blog\/author\/arlette\/\"}]}<\/script>\n<!-- \/ Yoast SEO Premium plugin. -->","yoast_head_json":{"title":"Grand Slam de Paris 2024 : le direct du samedi 3 f\u00e9vrier","description":"JUDO - Bienvenue dans le direct comment\u00e9 du samedi 3 f\u00e9vrier, deuxi\u00e8me journ\u00e9e du Grand Slam de Paris 2024.","robots":{"index":"index","follow":"follow","max-snippet":"max-snippet:-1","max-image-preview":"max-image-preview:large","max-video-preview":"max-video-preview:-1"},"canonical":"https:\/\/dicodusport.fr\/blog\/grand-slam-de-paris-2024-le-direct-du-samedi-3-fevrier\/","og_locale":"fr_FR","og_type":"article","og_title":"Grand Slam de Paris 2024 : le direct du samedi 3 f\u00e9vrier","og_description":"JUDO - Bienvenue dans le direct comment\u00e9 du samedi 3 f\u00e9vrier, deuxi\u00e8me journ\u00e9e du Grand Slam de Paris 2024.","og_url":"https:\/\/dicodusport.fr\/blog\/grand-slam-de-paris-2024-le-direct-du-samedi-3-fevrier\/","og_site_name":"Dicodusport","article_publisher":"https:\/\/www.facebook.com\/dicodusport","article_published_time":"2024-02-03T17:14:44+00:00","article_modified_time":"2024-02-03T20:55:48+00:00","og_image":[{"width":1200,"height":674,"url":"https:\/\/dicodusport.fr\/blog\/wp-content\/uploads\/2024\/02\/Grand-Slam-de-Paris-2024-le-direct-du-samedi-3-fevrier.png","type":"image\/png"}],"author":"Arlette Yeye","twitter_card":"summary_large_image","twitter_title":"Grand Slam de Paris 2024 : le direct du samedi 3 f\u00e9vrier","twitter_creator":"@https:\/\/twitter.com\/Shiclette94","twitter_site":"@dicodusport","schema":{"@context":"https:\/\/schema.org","@graph":[{"@type":"NewsArticle","@id":"https:\/\/dicodusport.fr\/blog\/grand-slam-de-paris-2024-le-direct-du-samedi-3-fevrier\/#article","isPartOf":{"@id":"https:\/\/dicodusport.fr\/blog\/grand-slam-de-paris-2024-le-direct-du-samedi-3-fevrier\/"},"author":{"name":"Arlette Yeye","@id":"https:\/\/dicodusport.fr\/blog\/#\/schema\/person\/cce96fa88785bd8573e3d43078ac8c79"},"headline":"Grand Slam de Paris 2024 : le direct du samedi 3 f\u00e9vrier","datePublished":"2024-02-03T17:14:44+00:00","dateModified":"2024-02-03T20:55:48+00:00","mainEntityOfPage":{"@id":"https:\/\/dicodusport.fr\/blog\/grand-slam-de-paris-2024-le-direct-du-samedi-3-fevrier\/"},"wordCount":2053,"commentCount":0,"publisher":{"@id":"https:\/\/dicodusport.fr\/blog\/#organization"},"image":{"@id":"https:\/\/dicodusport.fr\/blog\/grand-slam-de-paris-2024-le-direct-du-samedi-3-fevrier\/#primaryimage"},"thumbnailUrl":"https:\/\/dicodusport.fr\/blog\/wp-content\/uploads\/2024\/02\/Grand-Slam-de-Paris-2024-le-direct-du-samedi-3-fevrier.png","keywords":["br\u00e8ve","Direct comment\u00e9","Grand Slam de Paris","Judo","Live"],"articleSection":["Judo"],"inLanguage":"fr-FR","potentialAction":[{"@type":"CommentAction","name":"Comment","target":["https:\/\/dicodusport.fr\/blog\/grand-slam-de-paris-2024-le-direct-du-samedi-3-fevrier\/#respond"]}],"copyrightYear":"2024","copyrightHolder":{"@id":"https:\/\/dicodusport.fr\/blog\/#organization"}},{"@type":"WebPage","@id":"https:\/\/dicodusport.fr\/blog\/grand-slam-de-paris-2024-le-direct-du-samedi-3-fevrier\/","url":"https:\/\/dicodusport.fr\/blog\/grand-slam-de-paris-2024-le-direct-du-samedi-3-fevrier\/","name":"Grand Slam de Paris 2024 : le direct du samedi 3 f\u00e9vrier","isPartOf":{"@id":"https:\/\/dicodusport.fr\/blog\/#website"},"primaryImageOfPage":{"@id":"https:\/\/dicodusport.fr\/blog\/grand-slam-de-paris-2024-le-direct-du-samedi-3-fevrier\/#primaryimage"},"image":{"@id":"https:\/\/dicodusport.fr\/blog\/grand-slam-de-paris-2024-le-direct-du-samedi-3-fevrier\/#primaryimage"},"thumbnailUrl":"https:\/\/dicodusport.fr\/blog\/wp-content\/uploads\/2024\/02\/Grand-Slam-de-Paris-2024-le-direct-du-samedi-3-fevrier.png","datePublished":"2024-02-03T17:14:44+00:00","dateModified":"2024-02-03T20:55:48+00:00","description":"JUDO - Bienvenue dans le direct comment\u00e9 du samedi 3 f\u00e9vrier, deuxi\u00e8me journ\u00e9e du Grand Slam de Paris 2024.","breadcrumb":{"@id":"https:\/\/dicodusport.fr\/blog\/grand-slam-de-paris-2024-le-direct-du-samedi-3-fevrier\/#breadcrumb"},"inLanguage":"fr-FR","potentialAction":[{"@type":"ReadAction","target":["https:\/\/dicodusport.fr\/blog\/grand-slam-de-paris-2024-le-direct-du-samedi-3-fevrier\/"]}]},{"@type":"ImageObject","inLanguage":"fr-FR","@id":"https:\/\/dicodusport.fr\/blog\/grand-slam-de-paris-2024-le-direct-du-samedi-3-fevrier\/#primaryimage","url":"https:\/\/dicodusport.fr\/blog\/wp-content\/uploads\/2024\/02\/Grand-Slam-de-Paris-2024-le-direct-du-samedi-3-fevrier.png","contentUrl":"https:\/\/dicodusport.fr\/blog\/wp-content\/uploads\/2024\/02\/Grand-Slam-de-Paris-2024-le-direct-du-samedi-3-fevrier.png","width":1200,"height":674,"caption":"Grand Slam de Paris 2024 le direct du samedi 3 f\u00e9vrier"},{"@type":"BreadcrumbList","@id":"https:\/\/dicodusport.fr\/blog\/grand-slam-de-paris-2024-le-direct-du-samedi-3-fevrier\/#breadcrumb","itemListElement":[{"@type":"ListItem","position":1,"name":"Accueil","item":"https:\/\/dicodusport.fr\/blog\/"},{"@type":"ListItem","position":2,"name":"Grand Slam de Paris 2024 : le direct du samedi 3 f\u00e9vrier"}]},{"@type":"WebSite","@id":"https:\/\/dicodusport.fr\/blog\/#website","url":"https:\/\/dicodusport.fr\/blog\/","name":"Dicodusport","description":"L&#039;encyclop\u00e9die de l&#039;actualit\u00e9 sportive","publisher":{"@id":"https:\/\/dicodusport.fr\/blog\/#organization"},"potentialAction":[{"@type":"SearchAction","target":{"@type":"EntryPoint","urlTemplate":"https:\/\/dicodusport.fr\/blog\/?s={search_term_string}"},"query-input":{"@type":"PropertyValueSpecification","valueRequired":true,"valueName":"search_term_string"}}],"inLanguage":"fr-FR"},{"@type":"NewsMediaOrganization","@id":"https:\/\/dicodusport.fr\/blog\/#organization","name":"Dicodusport","url":"https:\/\/dicodusport.fr\/blog\/","logo":{"@type":"ImageObject","inLanguage":"fr-FR","@id":"https:\/\/dicodusport.fr\/blog\/#\/schema\/logo\/image\/","url":"https:\/\/dicodusport.fr\/blog\/wp-content\/uploads\/2020\/06\/cropped-LOGO-DICODUSPORT-2020-SANS-FOND-SANS-TEXTE.png","contentUrl":"https:\/\/dicodusport.fr\/blog\/wp-content\/uploads\/2020\/06\/cropped-LOGO-DICODUSPORT-2020-SANS-FOND-SANS-TEXTE.png","width":512,"height":512,"caption":"Dicodusport"},"image":{"@id":"https:\/\/dicodusport.fr\/blog\/#\/schema\/logo\/image\/"},"sameAs":["https:\/\/www.facebook.com\/dicodusport","https:\/\/x.com\/dicodusport","https:\/\/www.instagram.com\/dicodusport\/","https:\/\/www.youtube.com\/channel\/UC7V2KZ5sd3htJivAbA4ZG3w"],"description":"Dicodusport est l'encyclop\u00e9die de l'actualit\u00e9 sportive.","email":"bonjour@dicodusport.fr","legalName":"DICODUSPORT","foundingDate":"2018-01-14","vatID":"FR71834470973","taxID":"83447097300043","numberOfEmployees":{"@type":"QuantitativeValue","minValue":"1","maxValue":"10"}},{"@type":"Person","@id":"https:\/\/dicodusport.fr\/blog\/#\/schema\/person\/cce96fa88785bd8573e3d43078ac8c79","name":"Arlette Yeye","image":{"@type":"ImageObject","inLanguage":"fr-FR","@id":"https:\/\/dicodusport.fr\/blog\/#\/schema\/person\/image\/","url":"https:\/\/secure.gravatar.com\/avatar\/dca4a6239e6d708e46c45d60e160de6c?s=96&d=wp_user_avatar&r=g","contentUrl":"https:\/\/secure.gravatar.com\/avatar\/dca4a6239e6d708e46c45d60e160de6c?s=96&d=wp_user_avatar&r=g","caption":"Arlette Yeye"},"description":"Journaliste\/r\u00e9dactrice depuis septembre 2015 - Supportrice de Chelsea, j'ai pour sports de pr\u00e9dilection le handball, l'athl\u00e9tisme et le tennis. Si je tweete plus vite que mon ombre, vous pouvez aussi me retrouver les week-ends sur les playgrounds de Bruxelles pour un petit foot ou basket entre potes. Parcourir la France, l'Europe et plus si affinit\u00e9s pour suivre mes sportifs pr\u00e9f\u00e9r\u00e9s ? Mon kif ! Et c'est avec plaisir que je partage les r\u00e9sultats des sports populaires mais \u00e9galement plus confidentiels pour Dicodusport.","sameAs":["https:\/\/x.com\/https:\/\/twitter.com\/Shiclette94"],"url":"https:\/\/dicodusport.fr\/blog\/author\/arlette\/"}]}},"_links":{"self":[{"href":"https:\/\/dicodusport.fr\/blog\/wp-json\/wp\/v2\/posts\/458578","targetHints":{"allow":["GET"]}}],"collection":[{"href":"https:\/\/dicodusport.fr\/blog\/wp-json\/wp\/v2\/posts"}],"about":[{"href":"https:\/\/dicodusport.fr\/blog\/wp-json\/wp\/v2\/types\/post"}],"author":[{"embeddable":true,"href":"https:\/\/dicodusport.fr\/blog\/wp-json\/wp\/v2\/users\/12"}],"replies":[{"embeddable":true,"href":"https:\/\/dicodusport.fr\/blog\/wp-json\/wp\/v2\/comments?post=458578"}],"version-history":[{"count":5,"href":"https:\/\/dicodusport.fr\/blog\/wp-json\/wp\/v2\/posts\/458578\/revisions"}],"predecessor-version":[{"id":459688,"href":"https:\/\/dicodusport.fr\/blog\/wp-json\/wp\/v2\/posts\/458578\/revisions\/459688"}],"wp:featuredmedia":[{"embeddable":true,"href":"https:\/\/dicodusport.fr\/blog\/wp-json\/wp\/v2\/media\/458998"}],"wp:attachment":[{"href":"https:\/\/dicodusport.fr\/blog\/wp-json\/wp\/v2\/media?parent=458578"}],"wp:term":[{"taxonomy":"category","embeddable":true,"href":"https:\/\/dicodusport.fr\/blog\/wp-json\/wp\/v2\/categories?post=458578"},{"taxonomy":"post_tag","embeddable":true,"href":"https:\/\/dicodusport.fr\/blog\/wp-json\/wp\/v2\/tags?post=458578"}],"curies":[{"name":"wp","href":"https:\/\/api.w.org\/{rel}","templated":true}]}}