{"id":458612,"date":"2024-02-01T13:02:46","date_gmt":"2024-02-01T12:02:46","guid":{"rendered":"https:\/\/dicodusport.fr\/blog\/?p=458612&#038;preview=true&#038;preview_id=458612"},"modified":"2024-02-01T13:34:11","modified_gmt":"2024-02-01T12:34:11","slug":"carnet-noir-la-legende-du-demi-fond-michel-jazy-est-mort","status":"publish","type":"post","link":"https:\/\/dicodusport.fr\/blog\/carnet-noir-la-legende-du-demi-fond-michel-jazy-est-mort\/","title":{"rendered":"Carnet noir : La l\u00e9gende du demi-fond, Michel Jazy est mort"},"content":{"rendered":"<p style=\"text-align: justify;\"><strong><em>CARNET NOIR ATHL\u00c9TISME &#8211; Ancien recordman du monde du 1 500 m et du 5 000 m, Michel Jazy s&rsquo;est \u00e9teint ce jeudi \u00e0 l&rsquo;\u00e2ge de 87 ans. Une information confirm\u00e9e par nos confr\u00e8res de <a href=\"https:\/\/www.lequipe.fr\/Athletisme\/Actualites\/Legende-de-l-athletisme-francais-michel-jazy-est-mort\/1446034\">L&rsquo;\u00c9quipe<\/a>.<\/em><\/strong><\/p>\n<p style=\"text-align: justify;\">Il \u00e9tait une rockstar, comme pouvaient l&rsquo;\u00eatre ses contemporains <strong>Raymond Poulidor<\/strong>,<strong> Jacques Anquetil<\/strong> et <strong>Raymond Kopa<\/strong>, eux aussi disparus assez r\u00e9cemment. <strong>Michel Jazy<\/strong> s&rsquo;est \u00e9teint ce jeudi \u00e0 l&rsquo;\u00e2ge de 87 ans. Information confirm\u00e9e par nos confr\u00e8res de <em>L&rsquo;\u00c9quipe<\/em>. Il a propuls\u00e9 l&rsquo;athl\u00e9tisme fran\u00e7ais au sommet. \u00c0 une \u00e9poque o\u00f9 les championnats du monde n&rsquo;existaient pas, il est devenu une r\u00e9f\u00e9rence mondiale du 1 500 m au 5 000 m, avec pas moins de neuf records du monde.<\/p>\n<p style=\"text-align: justify;\">\u00c0 l&rsquo;\u00e9poque des pistes cendr\u00e9es et des chronos manuels, il a \u00e9tabli des records personnels encore impressionnants aujourd&rsquo;hui. 3:36.3 sur 1 500 m, 7:49 sur 3 000 m ou encore 13:27 sur 5 000 m. L&rsquo;\u00e9t\u00e9 1965 sera marqu\u00e9 par ses quatre records du monde : le mile, le 3 000 m, le 2 miles et sur 5000 m. \u00c0 l&rsquo;heure o\u00f9 le fond fran\u00e7ais rena\u00eet tranquillement de ses cendres, aucun Fran\u00e7ais n&rsquo;a encore pu approcher le palmar\u00e8s de <strong>Michel Jazy<\/strong>. Dont le nom r\u00e9sonne encore dans l&rsquo;athl\u00e9tisme actuel comme pour les g\u00e9n\u00e9rations les plus anciennes. Et qui avait choisi de prendre sa retraite assez jeune \u00e0 m\u00eame pas 30 ans. Renon\u00e7ant aux JO 1968 mythiques de Mexico.<\/p>\n<blockquote class=\"twitter-tweet\">\n<p dir=\"ltr\" lang=\"fr\">Michel Jazy nous a quitt\u00e9 \ud83d\ude22\ud83d\ude4f\ud83c\udffc<br \/>\nUne l\u00e9gende de l\u2019athl\u00e9tisme Fran\u00e7ais \ud83c\uddeb\ud83c\uddf7 qui aura marqu\u00e9 une \u00e9poque celle des ann\u00e9es fin 50-60 o\u00f9 l\u2019on vivait et vibrait athl\u00e9tisme autrement et qui aura inspir\u00e9 bon nombre d\u2019athl\u00e8tes. <a href=\"https:\/\/t.co\/adpOaq07az\">pic.twitter.com\/adpOaq07az<\/a><\/p>\n<p>\u2014 FX de Chateaufort (@FXDECHATEAUFORT) <a href=\"https:\/\/twitter.com\/FXDECHATEAUFORT\/status\/1753025188348703148?ref_src=twsrc%5Etfw\">February 1, 2024<\/a><\/p><\/blockquote>\n<p><script async src=\"https:\/\/platform.twitter.com\/widgets.js\" charset=\"utf-8\"><\/script><\/p>\n","protected":false},"excerpt":{"rendered":"<p>CARNET NOIR ATHL\u00c9TISME &#8211; Ancien recordman du monde du 1 500 m et du 5 000 m, Michel Jazy s&rsquo;est \u00e9teint ce jeudi \u00e0 l&rsquo;\u00e2ge de 87 ans.<\/p>\n","protected":false},"author":83,"featured_media":458620,"comment_status":"open","ping_status":"closed","sticky":false,"template":"","format":"standard","meta":{"_acf_changed":false,"_daextam_enable_autolinks":"1","footnotes":""},"categories":[2308,12712],"tags":[143,16878,8716],"class_list":["post-458612","post","type-post","status-publish","format-standard","has-post-thumbnail","hentry","category-athletisme","category-carnet-noir","tag-athletisme","tag-breve","tag-carnet-noir"],"acf":[],"yoast_head":"<!-- This site is optimized with the Yoast SEO Premium plugin v26.7 (Yoast SEO v26.7) - https:\/\/yoast.com\/wordpress\/plugins\/seo\/ -->\n<title>Carnet noir : La l\u00e9gende du demi-fond, Michel Jazy est mort<\/title>\n<meta name=\"description\" content=\"CARNET NOIR ATHL\u00c9TISME - Ancien recordman du monde du 1 500 m et du 5 000 m, Michel Jazy s&#039;est \u00e9teint ce jeudi \u00e0 l&#039;\u00e2ge de 87 ans.\" \/>\n<meta name=\"robots\" content=\"index, follow, max-snippet:-1, max-image-preview:large, max-video-preview:-1\" \/>\n<link rel=\"canonical\" href=\"https:\/\/dicodusport.fr\/blog\/carnet-noir-la-legende-du-demi-fond-michel-jazy-est-mort\/\" \/>\n<meta property=\"og:locale\" content=\"fr_FR\" \/>\n<meta property=\"og:type\" content=\"article\" \/>\n<meta property=\"og:title\" content=\"Carnet noir : La l\u00e9gende du demi-fond, Michel Jazy est mort\" \/>\n<meta property=\"og:description\" content=\"CARNET NOIR ATHL\u00c9TISME - Ancien recordman du monde du 1 500 m et du 5 000 m, Michel Jazy s&#039;est \u00e9teint ce jeudi \u00e0 l&#039;\u00e2ge de 87 ans.\" \/>\n<meta property=\"og:url\" content=\"https:\/\/dicodusport.fr\/blog\/carnet-noir-la-legende-du-demi-fond-michel-jazy-est-mort\/\" \/>\n<meta property=\"og:site_name\" content=\"Dicodusport\" \/>\n<meta property=\"article:publisher\" content=\"https:\/\/www.facebook.com\/dicodusport\" \/>\n<meta property=\"article:published_time\" content=\"2024-02-01T12:02:46+00:00\" \/>\n<meta property=\"article:modified_time\" content=\"2024-02-01T12:34:11+00:00\" \/>\n<meta property=\"og:image\" content=\"https:\/\/dicodusport.fr\/blog\/wp-content\/uploads\/2024\/02\/Carnet-noir-La-legende-du-demi-fond-Michel-Jazy-est-mort.png\" \/>\n\t<meta property=\"og:image:width\" content=\"1200\" \/>\n\t<meta property=\"og:image:height\" content=\"674\" \/>\n\t<meta property=\"og:image:type\" content=\"image\/png\" \/>\n<meta name=\"author\" content=\"Etienne Goursaud\" \/>\n<meta name=\"twitter:card\" content=\"summary_large_image\" \/>\n<meta name=\"twitter:title\" content=\"Carnet noir : La l\u00e9gende du demi-fond, Michel Jazy est mort\" \/>\n<meta name=\"twitter:creator\" content=\"@dicodusport\" \/>\n<meta name=\"twitter:site\" content=\"@dicodusport\" \/>\n<script type=\"application\/ld+json\" class=\"yoast-schema-graph\">{\"@context\":\"https:\/\/schema.org\",\"@graph\":[{\"@type\":\"NewsArticle\",\"@id\":\"https:\/\/dicodusport.fr\/blog\/carnet-noir-la-legende-du-demi-fond-michel-jazy-est-mort\/#article\",\"isPartOf\":{\"@id\":\"https:\/\/dicodusport.fr\/blog\/carnet-noir-la-legende-du-demi-fond-michel-jazy-est-mort\/\"},\"author\":{\"name\":\"Etienne Goursaud\",\"@id\":\"https:\/\/dicodusport.fr\/blog\/#\/schema\/person\/d603dd7da31fb2b46c82b9835a77ec13\"},\"headline\":\"Carnet noir : La l\u00e9gende du demi-fond, Michel Jazy est mort\",\"datePublished\":\"2024-02-01T12:02:46+00:00\",\"dateModified\":\"2024-02-01T12:34:11+00:00\",\"mainEntityOfPage\":{\"@id\":\"https:\/\/dicodusport.fr\/blog\/carnet-noir-la-legende-du-demi-fond-michel-jazy-est-mort\/\"},\"wordCount\":299,\"commentCount\":0,\"publisher\":{\"@id\":\"https:\/\/dicodusport.fr\/blog\/#organization\"},\"image\":{\"@id\":\"https:\/\/dicodusport.fr\/blog\/carnet-noir-la-legende-du-demi-fond-michel-jazy-est-mort\/#primaryimage\"},\"thumbnailUrl\":\"https:\/\/dicodusport.fr\/blog\/wp-content\/uploads\/2024\/02\/Carnet-noir-La-legende-du-demi-fond-Michel-Jazy-est-mort.png\",\"keywords\":[\"Athl\u00e9tisme\",\"br\u00e8ve\",\"Carnet noir\"],\"articleSection\":[\"Athl\u00e9tisme\",\"Carnet noir\"],\"inLanguage\":\"fr-FR\",\"potentialAction\":[{\"@type\":\"CommentAction\",\"name\":\"Comment\",\"target\":[\"https:\/\/dicodusport.fr\/blog\/carnet-noir-la-legende-du-demi-fond-michel-jazy-est-mort\/#respond\"]}],\"copyrightYear\":\"2024\",\"copyrightHolder\":{\"@id\":\"https:\/\/dicodusport.fr\/blog\/#organization\"}},{\"@type\":\"WebPage\",\"@id\":\"https:\/\/dicodusport.fr\/blog\/carnet-noir-la-legende-du-demi-fond-michel-jazy-est-mort\/\",\"url\":\"https:\/\/dicodusport.fr\/blog\/carnet-noir-la-legende-du-demi-fond-michel-jazy-est-mort\/\",\"name\":\"Carnet noir : La l\u00e9gende du demi-fond, Michel Jazy est mort\",\"isPartOf\":{\"@id\":\"https:\/\/dicodusport.fr\/blog\/#website\"},\"primaryImageOfPage\":{\"@id\":\"https:\/\/dicodusport.fr\/blog\/carnet-noir-la-legende-du-demi-fond-michel-jazy-est-mort\/#primaryimage\"},\"image\":{\"@id\":\"https:\/\/dicodusport.fr\/blog\/carnet-noir-la-legende-du-demi-fond-michel-jazy-est-mort\/#primaryimage\"},\"thumbnailUrl\":\"https:\/\/dicodusport.fr\/blog\/wp-content\/uploads\/2024\/02\/Carnet-noir-La-legende-du-demi-fond-Michel-Jazy-est-mort.png\",\"datePublished\":\"2024-02-01T12:02:46+00:00\",\"dateModified\":\"2024-02-01T12:34:11+00:00\",\"description\":\"CARNET NOIR ATHL\u00c9TISME - Ancien recordman du monde du 1 500 m et du 5 000 m, Michel Jazy s'est \u00e9teint ce jeudi \u00e0 l'\u00e2ge de 87 ans.\",\"breadcrumb\":{\"@id\":\"https:\/\/dicodusport.fr\/blog\/carnet-noir-la-legende-du-demi-fond-michel-jazy-est-mort\/#breadcrumb\"},\"inLanguage\":\"fr-FR\",\"potentialAction\":[{\"@type\":\"ReadAction\",\"target\":[\"https:\/\/dicodusport.fr\/blog\/carnet-noir-la-legende-du-demi-fond-michel-jazy-est-mort\/\"]}]},{\"@type\":\"ImageObject\",\"inLanguage\":\"fr-FR\",\"@id\":\"https:\/\/dicodusport.fr\/blog\/carnet-noir-la-legende-du-demi-fond-michel-jazy-est-mort\/#primaryimage\",\"url\":\"https:\/\/dicodusport.fr\/blog\/wp-content\/uploads\/2024\/02\/Carnet-noir-La-legende-du-demi-fond-Michel-Jazy-est-mort.png\",\"contentUrl\":\"https:\/\/dicodusport.fr\/blog\/wp-content\/uploads\/2024\/02\/Carnet-noir-La-legende-du-demi-fond-Michel-Jazy-est-mort.png\",\"width\":1200,\"height\":674,\"caption\":\"Carnet noir La l\u00e9gende du demi-fond, Michel Jazy est mort\"},{\"@type\":\"BreadcrumbList\",\"@id\":\"https:\/\/dicodusport.fr\/blog\/carnet-noir-la-legende-du-demi-fond-michel-jazy-est-mort\/#breadcrumb\",\"itemListElement\":[{\"@type\":\"ListItem\",\"position\":1,\"name\":\"Accueil\",\"item\":\"https:\/\/dicodusport.fr\/blog\/\"},{\"@type\":\"ListItem\",\"position\":2,\"name\":\"Carnet noir : La l\u00e9gende du demi-fond, Michel Jazy est mort\"}]},{\"@type\":\"WebSite\",\"@id\":\"https:\/\/dicodusport.fr\/blog\/#website\",\"url\":\"https:\/\/dicodusport.fr\/blog\/\",\"name\":\"Dicodusport\",\"description\":\"L&#039;encyclop\u00e9die de l&#039;actualit\u00e9 sportive\",\"publisher\":{\"@id\":\"https:\/\/dicodusport.fr\/blog\/#organization\"},\"potentialAction\":[{\"@type\":\"SearchAction\",\"target\":{\"@type\":\"EntryPoint\",\"urlTemplate\":\"https:\/\/dicodusport.fr\/blog\/?s={search_term_string}\"},\"query-input\":{\"@type\":\"PropertyValueSpecification\",\"valueRequired\":true,\"valueName\":\"search_term_string\"}}],\"inLanguage\":\"fr-FR\"},{\"@type\":\"NewsMediaOrganization\",\"@id\":\"https:\/\/dicodusport.fr\/blog\/#organization\",\"name\":\"Dicodusport\",\"url\":\"https:\/\/dicodusport.fr\/blog\/\",\"logo\":{\"@type\":\"ImageObject\",\"inLanguage\":\"fr-FR\",\"@id\":\"https:\/\/dicodusport.fr\/blog\/#\/schema\/logo\/image\/\",\"url\":\"https:\/\/dicodusport.fr\/blog\/wp-content\/uploads\/2020\/06\/cropped-LOGO-DICODUSPORT-2020-SANS-FOND-SANS-TEXTE.png\",\"contentUrl\":\"https:\/\/dicodusport.fr\/blog\/wp-content\/uploads\/2020\/06\/cropped-LOGO-DICODUSPORT-2020-SANS-FOND-SANS-TEXTE.png\",\"width\":512,\"height\":512,\"caption\":\"Dicodusport\"},\"image\":{\"@id\":\"https:\/\/dicodusport.fr\/blog\/#\/schema\/logo\/image\/\"},\"sameAs\":[\"https:\/\/www.facebook.com\/dicodusport\",\"https:\/\/x.com\/dicodusport\",\"https:\/\/www.instagram.com\/dicodusport\/\",\"https:\/\/www.youtube.com\/channel\/UC7V2KZ5sd3htJivAbA4ZG3w\"],\"description\":\"Dicodusport est l'encyclop\u00e9die de l'actualit\u00e9 sportive.\",\"email\":\"bonjour@dicodusport.fr\",\"legalName\":\"DICODUSPORT\",\"foundingDate\":\"2018-01-14\",\"vatID\":\"FR71834470973\",\"taxID\":\"83447097300043\",\"numberOfEmployees\":{\"@type\":\"QuantitativeValue\",\"minValue\":\"1\",\"maxValue\":\"10\"}},{\"@type\":\"Person\",\"@id\":\"https:\/\/dicodusport.fr\/blog\/#\/schema\/person\/d603dd7da31fb2b46c82b9835a77ec13\",\"name\":\"Etienne Goursaud\",\"image\":{\"@type\":\"ImageObject\",\"inLanguage\":\"fr-FR\",\"@id\":\"https:\/\/dicodusport.fr\/blog\/#\/schema\/person\/image\/\",\"url\":\"https:\/\/dicodusport.fr\/blog\/wp-content\/uploads\/2023\/12\/410122264_10231602061736049_5565839791558026645_n-150x150.jpg\",\"contentUrl\":\"https:\/\/dicodusport.fr\/blog\/wp-content\/uploads\/2023\/12\/410122264_10231602061736049_5565839791558026645_n-150x150.jpg\",\"caption\":\"Etienne Goursaud\"},\"description\":\"Journaliste et amoureux de sport. Ancien footballeur reconverti athl\u00e8te quand ses muscles le laissent tranquille. \u00c9lev\u00e9 \u00e0 la sauce des exploits de Thomas Voeckler en 2004, du dernier essai de l\u00e9gende de Eunice Barber \u00e0 la longueur lors des championnats du monde d'athl\u00e9tisme de 2003 mais aussi Zidane, Omeyer et Titou Lamaison.\",\"url\":\"https:\/\/dicodusport.fr\/blog\/author\/etienne-goursaud\/\"}]}<\/script>\n<!-- \/ Yoast SEO Premium plugin. -->","yoast_head_json":{"title":"Carnet noir : La l\u00e9gende du demi-fond, Michel Jazy est mort","description":"CARNET NOIR ATHL\u00c9TISME - Ancien recordman du monde du 1 500 m et du 5 000 m, Michel Jazy s'est \u00e9teint ce jeudi \u00e0 l'\u00e2ge de 87 ans.","robots":{"index":"index","follow":"follow","max-snippet":"max-snippet:-1","max-image-preview":"max-image-preview:large","max-video-preview":"max-video-preview:-1"},"canonical":"https:\/\/dicodusport.fr\/blog\/carnet-noir-la-legende-du-demi-fond-michel-jazy-est-mort\/","og_locale":"fr_FR","og_type":"article","og_title":"Carnet noir : La l\u00e9gende du demi-fond, Michel Jazy est mort","og_description":"CARNET NOIR ATHL\u00c9TISME - Ancien recordman du monde du 1 500 m et du 5 000 m, Michel Jazy s'est \u00e9teint ce jeudi \u00e0 l'\u00e2ge de 87 ans.","og_url":"https:\/\/dicodusport.fr\/blog\/carnet-noir-la-legende-du-demi-fond-michel-jazy-est-mort\/","og_site_name":"Dicodusport","article_publisher":"https:\/\/www.facebook.com\/dicodusport","article_published_time":"2024-02-01T12:02:46+00:00","article_modified_time":"2024-02-01T12:34:11+00:00","og_image":[{"width":1200,"height":674,"url":"https:\/\/dicodusport.fr\/blog\/wp-content\/uploads\/2024\/02\/Carnet-noir-La-legende-du-demi-fond-Michel-Jazy-est-mort.png","type":"image\/png"}],"author":"Etienne Goursaud","twitter_card":"summary_large_image","twitter_title":"Carnet noir : La l\u00e9gende du demi-fond, Michel Jazy est mort","twitter_creator":"@dicodusport","twitter_site":"@dicodusport","schema":{"@context":"https:\/\/schema.org","@graph":[{"@type":"NewsArticle","@id":"https:\/\/dicodusport.fr\/blog\/carnet-noir-la-legende-du-demi-fond-michel-jazy-est-mort\/#article","isPartOf":{"@id":"https:\/\/dicodusport.fr\/blog\/carnet-noir-la-legende-du-demi-fond-michel-jazy-est-mort\/"},"author":{"name":"Etienne Goursaud","@id":"https:\/\/dicodusport.fr\/blog\/#\/schema\/person\/d603dd7da31fb2b46c82b9835a77ec13"},"headline":"Carnet noir : La l\u00e9gende du demi-fond, Michel Jazy est mort","datePublished":"2024-02-01T12:02:46+00:00","dateModified":"2024-02-01T12:34:11+00:00","mainEntityOfPage":{"@id":"https:\/\/dicodusport.fr\/blog\/carnet-noir-la-legende-du-demi-fond-michel-jazy-est-mort\/"},"wordCount":299,"commentCount":0,"publisher":{"@id":"https:\/\/dicodusport.fr\/blog\/#organization"},"image":{"@id":"https:\/\/dicodusport.fr\/blog\/carnet-noir-la-legende-du-demi-fond-michel-jazy-est-mort\/#primaryimage"},"thumbnailUrl":"https:\/\/dicodusport.fr\/blog\/wp-content\/uploads\/2024\/02\/Carnet-noir-La-legende-du-demi-fond-Michel-Jazy-est-mort.png","keywords":["Athl\u00e9tisme","br\u00e8ve","Carnet noir"],"articleSection":["Athl\u00e9tisme","Carnet noir"],"inLanguage":"fr-FR","potentialAction":[{"@type":"CommentAction","name":"Comment","target":["https:\/\/dicodusport.fr\/blog\/carnet-noir-la-legende-du-demi-fond-michel-jazy-est-mort\/#respond"]}],"copyrightYear":"2024","copyrightHolder":{"@id":"https:\/\/dicodusport.fr\/blog\/#organization"}},{"@type":"WebPage","@id":"https:\/\/dicodusport.fr\/blog\/carnet-noir-la-legende-du-demi-fond-michel-jazy-est-mort\/","url":"https:\/\/dicodusport.fr\/blog\/carnet-noir-la-legende-du-demi-fond-michel-jazy-est-mort\/","name":"Carnet noir : La l\u00e9gende du demi-fond, Michel Jazy est mort","isPartOf":{"@id":"https:\/\/dicodusport.fr\/blog\/#website"},"primaryImageOfPage":{"@id":"https:\/\/dicodusport.fr\/blog\/carnet-noir-la-legende-du-demi-fond-michel-jazy-est-mort\/#primaryimage"},"image":{"@id":"https:\/\/dicodusport.fr\/blog\/carnet-noir-la-legende-du-demi-fond-michel-jazy-est-mort\/#primaryimage"},"thumbnailUrl":"https:\/\/dicodusport.fr\/blog\/wp-content\/uploads\/2024\/02\/Carnet-noir-La-legende-du-demi-fond-Michel-Jazy-est-mort.png","datePublished":"2024-02-01T12:02:46+00:00","dateModified":"2024-02-01T12:34:11+00:00","description":"CARNET NOIR ATHL\u00c9TISME - Ancien recordman du monde du 1 500 m et du 5 000 m, Michel Jazy s'est \u00e9teint ce jeudi \u00e0 l'\u00e2ge de 87 ans.","breadcrumb":{"@id":"https:\/\/dicodusport.fr\/blog\/carnet-noir-la-legende-du-demi-fond-michel-jazy-est-mort\/#breadcrumb"},"inLanguage":"fr-FR","potentialAction":[{"@type":"ReadAction","target":["https:\/\/dicodusport.fr\/blog\/carnet-noir-la-legende-du-demi-fond-michel-jazy-est-mort\/"]}]},{"@type":"ImageObject","inLanguage":"fr-FR","@id":"https:\/\/dicodusport.fr\/blog\/carnet-noir-la-legende-du-demi-fond-michel-jazy-est-mort\/#primaryimage","url":"https:\/\/dicodusport.fr\/blog\/wp-content\/uploads\/2024\/02\/Carnet-noir-La-legende-du-demi-fond-Michel-Jazy-est-mort.png","contentUrl":"https:\/\/dicodusport.fr\/blog\/wp-content\/uploads\/2024\/02\/Carnet-noir-La-legende-du-demi-fond-Michel-Jazy-est-mort.png","width":1200,"height":674,"caption":"Carnet noir La l\u00e9gende du demi-fond, Michel Jazy est mort"},{"@type":"BreadcrumbList","@id":"https:\/\/dicodusport.fr\/blog\/carnet-noir-la-legende-du-demi-fond-michel-jazy-est-mort\/#breadcrumb","itemListElement":[{"@type":"ListItem","position":1,"name":"Accueil","item":"https:\/\/dicodusport.fr\/blog\/"},{"@type":"ListItem","position":2,"name":"Carnet noir : La l\u00e9gende du demi-fond, Michel Jazy est mort"}]},{"@type":"WebSite","@id":"https:\/\/dicodusport.fr\/blog\/#website","url":"https:\/\/dicodusport.fr\/blog\/","name":"Dicodusport","description":"L&#039;encyclop\u00e9die de l&#039;actualit\u00e9 sportive","publisher":{"@id":"https:\/\/dicodusport.fr\/blog\/#organization"},"potentialAction":[{"@type":"SearchAction","target":{"@type":"EntryPoint","urlTemplate":"https:\/\/dicodusport.fr\/blog\/?s={search_term_string}"},"query-input":{"@type":"PropertyValueSpecification","valueRequired":true,"valueName":"search_term_string"}}],"inLanguage":"fr-FR"},{"@type":"NewsMediaOrganization","@id":"https:\/\/dicodusport.fr\/blog\/#organization","name":"Dicodusport","url":"https:\/\/dicodusport.fr\/blog\/","logo":{"@type":"ImageObject","inLanguage":"fr-FR","@id":"https:\/\/dicodusport.fr\/blog\/#\/schema\/logo\/image\/","url":"https:\/\/dicodusport.fr\/blog\/wp-content\/uploads\/2020\/06\/cropped-LOGO-DICODUSPORT-2020-SANS-FOND-SANS-TEXTE.png","contentUrl":"https:\/\/dicodusport.fr\/blog\/wp-content\/uploads\/2020\/06\/cropped-LOGO-DICODUSPORT-2020-SANS-FOND-SANS-TEXTE.png","width":512,"height":512,"caption":"Dicodusport"},"image":{"@id":"https:\/\/dicodusport.fr\/blog\/#\/schema\/logo\/image\/"},"sameAs":["https:\/\/www.facebook.com\/dicodusport","https:\/\/x.com\/dicodusport","https:\/\/www.instagram.com\/dicodusport\/","https:\/\/www.youtube.com\/channel\/UC7V2KZ5sd3htJivAbA4ZG3w"],"description":"Dicodusport est l'encyclop\u00e9die de l'actualit\u00e9 sportive.","email":"bonjour@dicodusport.fr","legalName":"DICODUSPORT","foundingDate":"2018-01-14","vatID":"FR71834470973","taxID":"83447097300043","numberOfEmployees":{"@type":"QuantitativeValue","minValue":"1","maxValue":"10"}},{"@type":"Person","@id":"https:\/\/dicodusport.fr\/blog\/#\/schema\/person\/d603dd7da31fb2b46c82b9835a77ec13","name":"Etienne Goursaud","image":{"@type":"ImageObject","inLanguage":"fr-FR","@id":"https:\/\/dicodusport.fr\/blog\/#\/schema\/person\/image\/","url":"https:\/\/dicodusport.fr\/blog\/wp-content\/uploads\/2023\/12\/410122264_10231602061736049_5565839791558026645_n-150x150.jpg","contentUrl":"https:\/\/dicodusport.fr\/blog\/wp-content\/uploads\/2023\/12\/410122264_10231602061736049_5565839791558026645_n-150x150.jpg","caption":"Etienne Goursaud"},"description":"Journaliste et amoureux de sport. Ancien footballeur reconverti athl\u00e8te quand ses muscles le laissent tranquille. \u00c9lev\u00e9 \u00e0 la sauce des exploits de Thomas Voeckler en 2004, du dernier essai de l\u00e9gende de Eunice Barber \u00e0 la longueur lors des championnats du monde d'athl\u00e9tisme de 2003 mais aussi Zidane, Omeyer et Titou Lamaison.","url":"https:\/\/dicodusport.fr\/blog\/author\/etienne-goursaud\/"}]}},"_links":{"self":[{"href":"https:\/\/dicodusport.fr\/blog\/wp-json\/wp\/v2\/posts\/458612","targetHints":{"allow":["GET"]}}],"collection":[{"href":"https:\/\/dicodusport.fr\/blog\/wp-json\/wp\/v2\/posts"}],"about":[{"href":"https:\/\/dicodusport.fr\/blog\/wp-json\/wp\/v2\/types\/post"}],"author":[{"embeddable":true,"href":"https:\/\/dicodusport.fr\/blog\/wp-json\/wp\/v2\/users\/83"}],"replies":[{"embeddable":true,"href":"https:\/\/dicodusport.fr\/blog\/wp-json\/wp\/v2\/comments?post=458612"}],"version-history":[{"count":5,"href":"https:\/\/dicodusport.fr\/blog\/wp-json\/wp\/v2\/posts\/458612\/revisions"}],"predecessor-version":[{"id":458636,"href":"https:\/\/dicodusport.fr\/blog\/wp-json\/wp\/v2\/posts\/458612\/revisions\/458636"}],"wp:featuredmedia":[{"embeddable":true,"href":"https:\/\/dicodusport.fr\/blog\/wp-json\/wp\/v2\/media\/458620"}],"wp:attachment":[{"href":"https:\/\/dicodusport.fr\/blog\/wp-json\/wp\/v2\/media?parent=458612"}],"wp:term":[{"taxonomy":"category","embeddable":true,"href":"https:\/\/dicodusport.fr\/blog\/wp-json\/wp\/v2\/categories?post=458612"},{"taxonomy":"post_tag","embeddable":true,"href":"https:\/\/dicodusport.fr\/blog\/wp-json\/wp\/v2\/tags?post=458612"}],"curies":[{"name":"wp","href":"https:\/\/api.w.org\/{rel}","templated":true}]}}