{"id":458893,"date":"2024-02-02T15:53:33","date_gmt":"2024-02-02T14:53:33","guid":{"rendered":"https:\/\/dicodusport.fr\/blog\/?p=458893&#038;preview=true&#038;preview_id=458893"},"modified":"2024-02-02T21:58:21","modified_gmt":"2024-02-02T20:58:21","slug":"etoile-de-besseges-2024-mads-pedersen-fait-coup-double-sur-la-3eme-etape","status":"publish","type":"post","link":"https:\/\/dicodusport.fr\/blog\/etoile-de-besseges-2024-mads-pedersen-fait-coup-double-sur-la-3eme-etape\/","title":{"rendered":"\u00c9toile de Bess\u00e8ges 2024 : Mads Pedersen fait coup double sur la 3\u00e8me \u00e9tape"},"content":{"rendered":"<p style=\"text-align: justify;\"><strong><em>\u00c9TOILE DE BESS\u00c8GES 2024 &#8211; \u00c0 Bess\u00e8ges, les sprinteurs se sont disput\u00e9s la victoire dans un final pourtant accident\u00e9. Et le Danois Mads Pedersen (Lidl-Trek) a pris sa revanche en se montrant le plus rapide. Il endosse le maillot de leader.<\/em><\/strong><\/p>\n<ul>\n<li style=\"text-align: justify;\"><strong>\u00c0 ce sujet \u2013\u00a0<a href=\"https:\/\/dicodusport.fr\/blog\/etoile-de-besseges-2024-classement-3eme-etape\/\">\u00c9toile de Bess\u00e8ges 2024 \u2013 Classement 3\u00e8me \u00e9tape<\/a>\u00a0<\/strong><\/li>\n<li style=\"text-align: justify;\"><strong>\u00c0 ce sujet \u2013\u00a0<a href=\"https:\/\/dicodusport.fr\/blog\/etoile-de-besseges-2024-classement-general\/\">\u00c9toile de Bess\u00e8ges 2024 \u2013 Classement g\u00e9n\u00e9ral<\/a><\/strong><\/li>\n<\/ul>\n<p style=\"text-align: justify;\">Les grosses cuisses ont finalement tenu les roues dans un final avec deux belles bosses et c&rsquo;est un gros peloton qui s&rsquo;est jou\u00e9 la victoire \u00e0 Bess\u00e8ges. <strong>Mads Pedersen<\/strong>, le surpuissant Danois, ouvre son compteur cette saison en l&#8217;emportant avec une belle marge. Le coureur de la <strong>Lidl-Trek<\/strong> a r\u00e9sist\u00e9 au retour du Belge <strong>Milan Menten<\/strong> (<strong>Lotto Dstiny<\/strong>) et du Norv\u00e9gien <strong>Rasmus Tiller<\/strong> (<strong>Uno-X Mobility<\/strong>). <strong>Axel Laurance<\/strong>, porteur du maillot orange, prend une honorable septi\u00e8me place. Insuffisant toutefois pour conserver la tunique de leader, d\u00e9poss\u00e9d\u00e9 par <strong>Mads Pedersen<\/strong> au jeu des bonifications.<\/p>\n<blockquote class=\"twitter-tweet\">\n<p dir=\"ltr\" lang=\"fr\">Mads Pedersen (28 ans) r\u00e9alise coup double sur la 3e \u00e9tape de l&rsquo;\u00c9toile de Bess\u00e8ges ! Le Danois, nouveau leader, a \u00e9t\u00e9 plus rapide que le Belge Milan Menten (Lotto-Dstny). 2e succ\u00e8s aujourd&rsquo;hui pour Lidl-Trek apr\u00e8s le titre de Ryan Gibbons sur le chrono en Afrique du Sud. <a href=\"https:\/\/twitter.com\/hashtag\/EDB2024?src=hash&amp;ref_src=twsrc%5Etfw\">#EDB2024<\/a> <a href=\"https:\/\/t.co\/gYZh1v3gjm\">pic.twitter.com\/gYZh1v3gjm<\/a><\/p>\n<p>\u2014 Le Gruppetto (@LeGruppetto) <a href=\"https:\/\/twitter.com\/LeGruppetto\/status\/1753430280763809931?ref_src=twsrc%5Etfw\">February 2, 2024<\/a><\/p><\/blockquote>\n<p><script async src=\"https:\/\/platform.twitter.com\/widgets.js\" charset=\"utf-8\"><\/script><\/p>\n<h2 style=\"text-align: justify;\">Une \u00e9chapp\u00e9e \u00e0 7 pour animer l&rsquo;\u00e9tape<\/h2>\n<p style=\"text-align: justify;\">Auparavant, l&rsquo;\u00e9chapp\u00e9e du jour, dessin\u00e9e sous l&rsquo;impulsion d&rsquo;un autre <strong>Uno-X<\/strong>, <strong>Jonas Abrahamsen<\/strong>, a compt\u00e9 jusqu&rsquo;\u00e0 cinq minutes d&rsquo;avance. Outre le Norv\u00e9gien, r\u00e9compens\u00e9 dans son entreprise par un maillot de meilleur grimpeur, six autres coureurs ont pris la fuite. On y a retrouv\u00e9 l&rsquo;inusable <strong>Simon Carr<\/strong> (<strong>EF<\/strong> <strong>Education EasyPost<\/strong>), vainqueur sur le <strong>Trofeo Calvia<\/strong> la semaine derni\u00e8re, ou encore les Fran\u00e7ais <strong>Thomas Gachignard<\/strong> (<strong>TotalEnergies<\/strong>), <strong>Alexis Gougeard<\/strong> (<strong>Cofidis<\/strong>) et <strong>Thibault Guernalec<\/strong> (<strong>Ark\u00e9a B&amp;B H\u00f4tels<\/strong>). Le peloton a ramen\u00e9 les fuyards \u00e0 la raison \u00e0 11 km de l&rsquo;arriv\u00e9e. La <strong>Lidl-Trek<\/strong> s&rsquo;est ensuite charg\u00e9e de ramener \u00e0 la raison les tentatives de <strong>Marco Brenner<\/strong> (<strong>Tudor Pro Cycling<\/strong>) et <strong>K\u00e9vin Vauquelin<\/strong> (<strong>Ark\u00e9a B&amp;B H\u00f4tels<\/strong>) dans le final.<\/p>\n<h2 style=\"text-align: justify;\"><\/h2>\n","protected":false},"excerpt":{"rendered":"<p>\u00c9TOILE DE BESS\u00c8GES 2024 &#8211; \u00c0 Bess\u00e8ges, les sprinteurs se sont disput\u00e9s la victoire dans un final pourtant accident\u00e9. Et le Danois Mads Pedersen (Lidl-Trek) a pris sa revanche en se montrant le plus rapide. Il endosse le maillot de leader.<\/p>\n","protected":false},"author":92,"featured_media":459156,"comment_status":"open","ping_status":"closed","sticky":false,"template":"","format":"standard","meta":{"_acf_changed":false,"_daextam_enable_autolinks":"1","footnotes":""},"categories":[46994],"tags":[26996,16878,3645,32405,26327],"class_list":["post-458893","post","type-post","status-publish","format-standard","has-post-thumbnail","hentry","category-cyclisme-sur-route","tag-axel-laurance","tag-breve","tag-etoile-de-besseges","tag-lidl-trek","tag-mads-pedersen"],"acf":[],"yoast_head":"<!-- This site is optimized with the Yoast SEO Premium plugin v26.7 (Yoast SEO v26.7) - https:\/\/yoast.com\/wordpress\/plugins\/seo\/ -->\n<title>\u00c9toile de Bess\u00e8ges 2024 : Mads Pedersen fait coup double sur la 3\u00e8me \u00e9tape<\/title>\n<meta name=\"description\" content=\"Mads Pedersen (Lidl-Trek) l&#039;emporte au sprint sur la troisi\u00e8me \u00e9tape de l&#039;\u00c9toile de Bess\u00e8ges et endosse le maillot de leader.\" \/>\n<meta name=\"robots\" content=\"index, follow, max-snippet:-1, max-image-preview:large, max-video-preview:-1\" \/>\n<link rel=\"canonical\" href=\"https:\/\/dicodusport.fr\/blog\/etoile-de-besseges-2024-mads-pedersen-fait-coup-double-sur-la-3eme-etape\/\" \/>\n<meta property=\"og:locale\" content=\"fr_FR\" \/>\n<meta property=\"og:type\" content=\"article\" \/>\n<meta property=\"og:title\" content=\"\u00c9toile de Bess\u00e8ges 2024 : Mads Pedersen fait coup double sur la 3\u00e8me \u00e9tape\" \/>\n<meta property=\"og:description\" content=\"Mads Pedersen (Lidl-Trek) l&#039;emporte au sprint sur la troisi\u00e8me \u00e9tape de l&#039;\u00c9toile de Bess\u00e8ges et endosse le maillot de leader.\" \/>\n<meta property=\"og:url\" content=\"https:\/\/dicodusport.fr\/blog\/etoile-de-besseges-2024-mads-pedersen-fait-coup-double-sur-la-3eme-etape\/\" \/>\n<meta property=\"og:site_name\" content=\"Dicodusport\" \/>\n<meta property=\"article:publisher\" content=\"https:\/\/www.facebook.com\/dicodusport\" \/>\n<meta property=\"article:published_time\" content=\"2024-02-02T14:53:33+00:00\" \/>\n<meta property=\"article:modified_time\" content=\"2024-02-02T20:58:21+00:00\" \/>\n<meta property=\"og:image\" content=\"https:\/\/dicodusport.fr\/blog\/wp-content\/uploads\/2024\/02\/Etoile-de-Besseges-2024-Mads-Pedersen-fait-coup-double-sur-la-3eme-etape-1.png\" \/>\n\t<meta property=\"og:image:width\" content=\"1200\" \/>\n\t<meta property=\"og:image:height\" content=\"674\" \/>\n\t<meta property=\"og:image:type\" content=\"image\/png\" \/>\n<meta name=\"author\" content=\"Olivier Dobiezynski\" \/>\n<meta name=\"twitter:card\" content=\"summary_large_image\" \/>\n<meta name=\"twitter:title\" content=\"\u00c9toile de Bess\u00e8ges 2024 : Mads Pedersen fait coup double sur la 3\u00e8me \u00e9tape\" \/>\n<meta name=\"twitter:creator\" content=\"@https:\/\/x.com\/Olivier_Matros\" \/>\n<meta name=\"twitter:site\" content=\"@dicodusport\" \/>\n<script type=\"application\/ld+json\" class=\"yoast-schema-graph\">{\"@context\":\"https:\/\/schema.org\",\"@graph\":[{\"@type\":\"NewsArticle\",\"@id\":\"https:\/\/dicodusport.fr\/blog\/etoile-de-besseges-2024-mads-pedersen-fait-coup-double-sur-la-3eme-etape\/#article\",\"isPartOf\":{\"@id\":\"https:\/\/dicodusport.fr\/blog\/etoile-de-besseges-2024-mads-pedersen-fait-coup-double-sur-la-3eme-etape\/\"},\"author\":{\"name\":\"Olivier Dobiezynski\",\"@id\":\"https:\/\/dicodusport.fr\/blog\/#\/schema\/person\/fe500246414ca17ddf0c0312d7a792cc\"},\"headline\":\"\u00c9toile de Bess\u00e8ges 2024 : Mads Pedersen fait coup double sur la 3\u00e8me \u00e9tape\",\"datePublished\":\"2024-02-02T14:53:33+00:00\",\"dateModified\":\"2024-02-02T20:58:21+00:00\",\"mainEntityOfPage\":{\"@id\":\"https:\/\/dicodusport.fr\/blog\/etoile-de-besseges-2024-mads-pedersen-fait-coup-double-sur-la-3eme-etape\/\"},\"wordCount\":377,\"commentCount\":0,\"publisher\":{\"@id\":\"https:\/\/dicodusport.fr\/blog\/#organization\"},\"image\":{\"@id\":\"https:\/\/dicodusport.fr\/blog\/etoile-de-besseges-2024-mads-pedersen-fait-coup-double-sur-la-3eme-etape\/#primaryimage\"},\"thumbnailUrl\":\"https:\/\/dicodusport.fr\/blog\/wp-content\/uploads\/2024\/02\/Etoile-de-Besseges-2024-Mads-Pedersen-fait-coup-double-sur-la-3eme-etape-1.png\",\"keywords\":[\"Axel Laurance\",\"br\u00e8ve\",\"Etoile de Bess\u00e8ges\",\"Lidl-Trek\",\"Mads Pedersen\"],\"articleSection\":[\"Cyclisme sur route\"],\"inLanguage\":\"fr-FR\",\"potentialAction\":[{\"@type\":\"CommentAction\",\"name\":\"Comment\",\"target\":[\"https:\/\/dicodusport.fr\/blog\/etoile-de-besseges-2024-mads-pedersen-fait-coup-double-sur-la-3eme-etape\/#respond\"]}],\"copyrightYear\":\"2024\",\"copyrightHolder\":{\"@id\":\"https:\/\/dicodusport.fr\/blog\/#organization\"}},{\"@type\":\"WebPage\",\"@id\":\"https:\/\/dicodusport.fr\/blog\/etoile-de-besseges-2024-mads-pedersen-fait-coup-double-sur-la-3eme-etape\/\",\"url\":\"https:\/\/dicodusport.fr\/blog\/etoile-de-besseges-2024-mads-pedersen-fait-coup-double-sur-la-3eme-etape\/\",\"name\":\"\u00c9toile de Bess\u00e8ges 2024 : Mads Pedersen fait coup double sur la 3\u00e8me \u00e9tape\",\"isPartOf\":{\"@id\":\"https:\/\/dicodusport.fr\/blog\/#website\"},\"primaryImageOfPage\":{\"@id\":\"https:\/\/dicodusport.fr\/blog\/etoile-de-besseges-2024-mads-pedersen-fait-coup-double-sur-la-3eme-etape\/#primaryimage\"},\"image\":{\"@id\":\"https:\/\/dicodusport.fr\/blog\/etoile-de-besseges-2024-mads-pedersen-fait-coup-double-sur-la-3eme-etape\/#primaryimage\"},\"thumbnailUrl\":\"https:\/\/dicodusport.fr\/blog\/wp-content\/uploads\/2024\/02\/Etoile-de-Besseges-2024-Mads-Pedersen-fait-coup-double-sur-la-3eme-etape-1.png\",\"datePublished\":\"2024-02-02T14:53:33+00:00\",\"dateModified\":\"2024-02-02T20:58:21+00:00\",\"description\":\"Mads Pedersen (Lidl-Trek) l'emporte au sprint sur la troisi\u00e8me \u00e9tape de l'\u00c9toile de Bess\u00e8ges et endosse le maillot de leader.\",\"breadcrumb\":{\"@id\":\"https:\/\/dicodusport.fr\/blog\/etoile-de-besseges-2024-mads-pedersen-fait-coup-double-sur-la-3eme-etape\/#breadcrumb\"},\"inLanguage\":\"fr-FR\",\"potentialAction\":[{\"@type\":\"ReadAction\",\"target\":[\"https:\/\/dicodusport.fr\/blog\/etoile-de-besseges-2024-mads-pedersen-fait-coup-double-sur-la-3eme-etape\/\"]}]},{\"@type\":\"ImageObject\",\"inLanguage\":\"fr-FR\",\"@id\":\"https:\/\/dicodusport.fr\/blog\/etoile-de-besseges-2024-mads-pedersen-fait-coup-double-sur-la-3eme-etape\/#primaryimage\",\"url\":\"https:\/\/dicodusport.fr\/blog\/wp-content\/uploads\/2024\/02\/Etoile-de-Besseges-2024-Mads-Pedersen-fait-coup-double-sur-la-3eme-etape-1.png\",\"contentUrl\":\"https:\/\/dicodusport.fr\/blog\/wp-content\/uploads\/2024\/02\/Etoile-de-Besseges-2024-Mads-Pedersen-fait-coup-double-sur-la-3eme-etape-1.png\",\"width\":1200,\"height\":674,\"caption\":\"\u00c9toile de Bess\u00e8ges 2024 Mads Pedersen fait coup double sur la 3\u00e8me \u00e9tape (1)\"},{\"@type\":\"BreadcrumbList\",\"@id\":\"https:\/\/dicodusport.fr\/blog\/etoile-de-besseges-2024-mads-pedersen-fait-coup-double-sur-la-3eme-etape\/#breadcrumb\",\"itemListElement\":[{\"@type\":\"ListItem\",\"position\":1,\"name\":\"Accueil\",\"item\":\"https:\/\/dicodusport.fr\/blog\/\"},{\"@type\":\"ListItem\",\"position\":2,\"name\":\"\u00c9toile de Bess\u00e8ges 2024 : Mads Pedersen fait coup double sur la 3\u00e8me \u00e9tape\"}]},{\"@type\":\"WebSite\",\"@id\":\"https:\/\/dicodusport.fr\/blog\/#website\",\"url\":\"https:\/\/dicodusport.fr\/blog\/\",\"name\":\"Dicodusport\",\"description\":\"L&#039;encyclop\u00e9die de l&#039;actualit\u00e9 sportive\",\"publisher\":{\"@id\":\"https:\/\/dicodusport.fr\/blog\/#organization\"},\"potentialAction\":[{\"@type\":\"SearchAction\",\"target\":{\"@type\":\"EntryPoint\",\"urlTemplate\":\"https:\/\/dicodusport.fr\/blog\/?s={search_term_string}\"},\"query-input\":{\"@type\":\"PropertyValueSpecification\",\"valueRequired\":true,\"valueName\":\"search_term_string\"}}],\"inLanguage\":\"fr-FR\"},{\"@type\":\"NewsMediaOrganization\",\"@id\":\"https:\/\/dicodusport.fr\/blog\/#organization\",\"name\":\"Dicodusport\",\"url\":\"https:\/\/dicodusport.fr\/blog\/\",\"logo\":{\"@type\":\"ImageObject\",\"inLanguage\":\"fr-FR\",\"@id\":\"https:\/\/dicodusport.fr\/blog\/#\/schema\/logo\/image\/\",\"url\":\"https:\/\/dicodusport.fr\/blog\/wp-content\/uploads\/2020\/06\/cropped-LOGO-DICODUSPORT-2020-SANS-FOND-SANS-TEXTE.png\",\"contentUrl\":\"https:\/\/dicodusport.fr\/blog\/wp-content\/uploads\/2020\/06\/cropped-LOGO-DICODUSPORT-2020-SANS-FOND-SANS-TEXTE.png\",\"width\":512,\"height\":512,\"caption\":\"Dicodusport\"},\"image\":{\"@id\":\"https:\/\/dicodusport.fr\/blog\/#\/schema\/logo\/image\/\"},\"sameAs\":[\"https:\/\/www.facebook.com\/dicodusport\",\"https:\/\/x.com\/dicodusport\",\"https:\/\/www.instagram.com\/dicodusport\/\",\"https:\/\/www.youtube.com\/channel\/UC7V2KZ5sd3htJivAbA4ZG3w\"],\"description\":\"Dicodusport est l'encyclop\u00e9die de l'actualit\u00e9 sportive.\",\"email\":\"bonjour@dicodusport.fr\",\"legalName\":\"DICODUSPORT\",\"foundingDate\":\"2018-01-14\",\"vatID\":\"FR71834470973\",\"taxID\":\"83447097300043\",\"numberOfEmployees\":{\"@type\":\"QuantitativeValue\",\"minValue\":\"1\",\"maxValue\":\"10\"}},{\"@type\":\"Person\",\"@id\":\"https:\/\/dicodusport.fr\/blog\/#\/schema\/person\/fe500246414ca17ddf0c0312d7a792cc\",\"name\":\"Olivier Dobiezynski\",\"image\":{\"@type\":\"ImageObject\",\"inLanguage\":\"fr-FR\",\"@id\":\"https:\/\/dicodusport.fr\/blog\/#\/schema\/person\/image\/\",\"url\":\"https:\/\/dicodusport.fr\/blog\/wp-content\/uploads\/2024\/09\/5be8fe8d-9962-4f1e-ad06-d6f9dee30e6d-150x150.jpg\",\"contentUrl\":\"https:\/\/dicodusport.fr\/blog\/wp-content\/uploads\/2024\/09\/5be8fe8d-9962-4f1e-ad06-d6f9dee30e6d-150x150.jpg\",\"caption\":\"Olivier Dobiezynski\"},\"description\":\"Depuis le milieu des ann\u00e9es 90, la passion du cyclisme m'anime. Mes h\u00e9ros s'appellent Luc Leblanc, Piotr Ugrumov, Paolo Savoldelli, Peter Sagan et bien \u00e9videmment Romain Bardet. R\u00e9dacteur depuis 2023, je suis ici pour partager cet amour de la Petite Reine. Vous pourrez me lire \u00e9galement sur du trail, du ski de fond et tout autre sujet susceptible d'\u00e9veiller ma curiosit\u00e9 sportive.\",\"sameAs\":[\"https:\/\/x.com\/https:\/\/x.com\/Olivier_Matros\"],\"url\":\"https:\/\/dicodusport.fr\/blog\/author\/olivier-gh\/\"}]}<\/script>\n<!-- \/ Yoast SEO Premium plugin. -->","yoast_head_json":{"title":"\u00c9toile de Bess\u00e8ges 2024 : Mads Pedersen fait coup double sur la 3\u00e8me \u00e9tape","description":"Mads Pedersen (Lidl-Trek) l'emporte au sprint sur la troisi\u00e8me \u00e9tape de l'\u00c9toile de Bess\u00e8ges et endosse le maillot de leader.","robots":{"index":"index","follow":"follow","max-snippet":"max-snippet:-1","max-image-preview":"max-image-preview:large","max-video-preview":"max-video-preview:-1"},"canonical":"https:\/\/dicodusport.fr\/blog\/etoile-de-besseges-2024-mads-pedersen-fait-coup-double-sur-la-3eme-etape\/","og_locale":"fr_FR","og_type":"article","og_title":"\u00c9toile de Bess\u00e8ges 2024 : Mads Pedersen fait coup double sur la 3\u00e8me \u00e9tape","og_description":"Mads Pedersen (Lidl-Trek) l'emporte au sprint sur la troisi\u00e8me \u00e9tape de l'\u00c9toile de Bess\u00e8ges et endosse le maillot de leader.","og_url":"https:\/\/dicodusport.fr\/blog\/etoile-de-besseges-2024-mads-pedersen-fait-coup-double-sur-la-3eme-etape\/","og_site_name":"Dicodusport","article_publisher":"https:\/\/www.facebook.com\/dicodusport","article_published_time":"2024-02-02T14:53:33+00:00","article_modified_time":"2024-02-02T20:58:21+00:00","og_image":[{"width":1200,"height":674,"url":"https:\/\/dicodusport.fr\/blog\/wp-content\/uploads\/2024\/02\/Etoile-de-Besseges-2024-Mads-Pedersen-fait-coup-double-sur-la-3eme-etape-1.png","type":"image\/png"}],"author":"Olivier Dobiezynski","twitter_card":"summary_large_image","twitter_title":"\u00c9toile de Bess\u00e8ges 2024 : Mads Pedersen fait coup double sur la 3\u00e8me \u00e9tape","twitter_creator":"@https:\/\/x.com\/Olivier_Matros","twitter_site":"@dicodusport","schema":{"@context":"https:\/\/schema.org","@graph":[{"@type":"NewsArticle","@id":"https:\/\/dicodusport.fr\/blog\/etoile-de-besseges-2024-mads-pedersen-fait-coup-double-sur-la-3eme-etape\/#article","isPartOf":{"@id":"https:\/\/dicodusport.fr\/blog\/etoile-de-besseges-2024-mads-pedersen-fait-coup-double-sur-la-3eme-etape\/"},"author":{"name":"Olivier Dobiezynski","@id":"https:\/\/dicodusport.fr\/blog\/#\/schema\/person\/fe500246414ca17ddf0c0312d7a792cc"},"headline":"\u00c9toile de Bess\u00e8ges 2024 : Mads Pedersen fait coup double sur la 3\u00e8me \u00e9tape","datePublished":"2024-02-02T14:53:33+00:00","dateModified":"2024-02-02T20:58:21+00:00","mainEntityOfPage":{"@id":"https:\/\/dicodusport.fr\/blog\/etoile-de-besseges-2024-mads-pedersen-fait-coup-double-sur-la-3eme-etape\/"},"wordCount":377,"commentCount":0,"publisher":{"@id":"https:\/\/dicodusport.fr\/blog\/#organization"},"image":{"@id":"https:\/\/dicodusport.fr\/blog\/etoile-de-besseges-2024-mads-pedersen-fait-coup-double-sur-la-3eme-etape\/#primaryimage"},"thumbnailUrl":"https:\/\/dicodusport.fr\/blog\/wp-content\/uploads\/2024\/02\/Etoile-de-Besseges-2024-Mads-Pedersen-fait-coup-double-sur-la-3eme-etape-1.png","keywords":["Axel Laurance","br\u00e8ve","Etoile de Bess\u00e8ges","Lidl-Trek","Mads Pedersen"],"articleSection":["Cyclisme sur route"],"inLanguage":"fr-FR","potentialAction":[{"@type":"CommentAction","name":"Comment","target":["https:\/\/dicodusport.fr\/blog\/etoile-de-besseges-2024-mads-pedersen-fait-coup-double-sur-la-3eme-etape\/#respond"]}],"copyrightYear":"2024","copyrightHolder":{"@id":"https:\/\/dicodusport.fr\/blog\/#organization"}},{"@type":"WebPage","@id":"https:\/\/dicodusport.fr\/blog\/etoile-de-besseges-2024-mads-pedersen-fait-coup-double-sur-la-3eme-etape\/","url":"https:\/\/dicodusport.fr\/blog\/etoile-de-besseges-2024-mads-pedersen-fait-coup-double-sur-la-3eme-etape\/","name":"\u00c9toile de Bess\u00e8ges 2024 : Mads Pedersen fait coup double sur la 3\u00e8me \u00e9tape","isPartOf":{"@id":"https:\/\/dicodusport.fr\/blog\/#website"},"primaryImageOfPage":{"@id":"https:\/\/dicodusport.fr\/blog\/etoile-de-besseges-2024-mads-pedersen-fait-coup-double-sur-la-3eme-etape\/#primaryimage"},"image":{"@id":"https:\/\/dicodusport.fr\/blog\/etoile-de-besseges-2024-mads-pedersen-fait-coup-double-sur-la-3eme-etape\/#primaryimage"},"thumbnailUrl":"https:\/\/dicodusport.fr\/blog\/wp-content\/uploads\/2024\/02\/Etoile-de-Besseges-2024-Mads-Pedersen-fait-coup-double-sur-la-3eme-etape-1.png","datePublished":"2024-02-02T14:53:33+00:00","dateModified":"2024-02-02T20:58:21+00:00","description":"Mads Pedersen (Lidl-Trek) l'emporte au sprint sur la troisi\u00e8me \u00e9tape de l'\u00c9toile de Bess\u00e8ges et endosse le maillot de leader.","breadcrumb":{"@id":"https:\/\/dicodusport.fr\/blog\/etoile-de-besseges-2024-mads-pedersen-fait-coup-double-sur-la-3eme-etape\/#breadcrumb"},"inLanguage":"fr-FR","potentialAction":[{"@type":"ReadAction","target":["https:\/\/dicodusport.fr\/blog\/etoile-de-besseges-2024-mads-pedersen-fait-coup-double-sur-la-3eme-etape\/"]}]},{"@type":"ImageObject","inLanguage":"fr-FR","@id":"https:\/\/dicodusport.fr\/blog\/etoile-de-besseges-2024-mads-pedersen-fait-coup-double-sur-la-3eme-etape\/#primaryimage","url":"https:\/\/dicodusport.fr\/blog\/wp-content\/uploads\/2024\/02\/Etoile-de-Besseges-2024-Mads-Pedersen-fait-coup-double-sur-la-3eme-etape-1.png","contentUrl":"https:\/\/dicodusport.fr\/blog\/wp-content\/uploads\/2024\/02\/Etoile-de-Besseges-2024-Mads-Pedersen-fait-coup-double-sur-la-3eme-etape-1.png","width":1200,"height":674,"caption":"\u00c9toile de Bess\u00e8ges 2024 Mads Pedersen fait coup double sur la 3\u00e8me \u00e9tape (1)"},{"@type":"BreadcrumbList","@id":"https:\/\/dicodusport.fr\/blog\/etoile-de-besseges-2024-mads-pedersen-fait-coup-double-sur-la-3eme-etape\/#breadcrumb","itemListElement":[{"@type":"ListItem","position":1,"name":"Accueil","item":"https:\/\/dicodusport.fr\/blog\/"},{"@type":"ListItem","position":2,"name":"\u00c9toile de Bess\u00e8ges 2024 : Mads Pedersen fait coup double sur la 3\u00e8me \u00e9tape"}]},{"@type":"WebSite","@id":"https:\/\/dicodusport.fr\/blog\/#website","url":"https:\/\/dicodusport.fr\/blog\/","name":"Dicodusport","description":"L&#039;encyclop\u00e9die de l&#039;actualit\u00e9 sportive","publisher":{"@id":"https:\/\/dicodusport.fr\/blog\/#organization"},"potentialAction":[{"@type":"SearchAction","target":{"@type":"EntryPoint","urlTemplate":"https:\/\/dicodusport.fr\/blog\/?s={search_term_string}"},"query-input":{"@type":"PropertyValueSpecification","valueRequired":true,"valueName":"search_term_string"}}],"inLanguage":"fr-FR"},{"@type":"NewsMediaOrganization","@id":"https:\/\/dicodusport.fr\/blog\/#organization","name":"Dicodusport","url":"https:\/\/dicodusport.fr\/blog\/","logo":{"@type":"ImageObject","inLanguage":"fr-FR","@id":"https:\/\/dicodusport.fr\/blog\/#\/schema\/logo\/image\/","url":"https:\/\/dicodusport.fr\/blog\/wp-content\/uploads\/2020\/06\/cropped-LOGO-DICODUSPORT-2020-SANS-FOND-SANS-TEXTE.png","contentUrl":"https:\/\/dicodusport.fr\/blog\/wp-content\/uploads\/2020\/06\/cropped-LOGO-DICODUSPORT-2020-SANS-FOND-SANS-TEXTE.png","width":512,"height":512,"caption":"Dicodusport"},"image":{"@id":"https:\/\/dicodusport.fr\/blog\/#\/schema\/logo\/image\/"},"sameAs":["https:\/\/www.facebook.com\/dicodusport","https:\/\/x.com\/dicodusport","https:\/\/www.instagram.com\/dicodusport\/","https:\/\/www.youtube.com\/channel\/UC7V2KZ5sd3htJivAbA4ZG3w"],"description":"Dicodusport est l'encyclop\u00e9die de l'actualit\u00e9 sportive.","email":"bonjour@dicodusport.fr","legalName":"DICODUSPORT","foundingDate":"2018-01-14","vatID":"FR71834470973","taxID":"83447097300043","numberOfEmployees":{"@type":"QuantitativeValue","minValue":"1","maxValue":"10"}},{"@type":"Person","@id":"https:\/\/dicodusport.fr\/blog\/#\/schema\/person\/fe500246414ca17ddf0c0312d7a792cc","name":"Olivier Dobiezynski","image":{"@type":"ImageObject","inLanguage":"fr-FR","@id":"https:\/\/dicodusport.fr\/blog\/#\/schema\/person\/image\/","url":"https:\/\/dicodusport.fr\/blog\/wp-content\/uploads\/2024\/09\/5be8fe8d-9962-4f1e-ad06-d6f9dee30e6d-150x150.jpg","contentUrl":"https:\/\/dicodusport.fr\/blog\/wp-content\/uploads\/2024\/09\/5be8fe8d-9962-4f1e-ad06-d6f9dee30e6d-150x150.jpg","caption":"Olivier Dobiezynski"},"description":"Depuis le milieu des ann\u00e9es 90, la passion du cyclisme m'anime. Mes h\u00e9ros s'appellent Luc Leblanc, Piotr Ugrumov, Paolo Savoldelli, Peter Sagan et bien \u00e9videmment Romain Bardet. R\u00e9dacteur depuis 2023, je suis ici pour partager cet amour de la Petite Reine. Vous pourrez me lire \u00e9galement sur du trail, du ski de fond et tout autre sujet susceptible d'\u00e9veiller ma curiosit\u00e9 sportive.","sameAs":["https:\/\/x.com\/https:\/\/x.com\/Olivier_Matros"],"url":"https:\/\/dicodusport.fr\/blog\/author\/olivier-gh\/"}]}},"_links":{"self":[{"href":"https:\/\/dicodusport.fr\/blog\/wp-json\/wp\/v2\/posts\/458893","targetHints":{"allow":["GET"]}}],"collection":[{"href":"https:\/\/dicodusport.fr\/blog\/wp-json\/wp\/v2\/posts"}],"about":[{"href":"https:\/\/dicodusport.fr\/blog\/wp-json\/wp\/v2\/types\/post"}],"author":[{"embeddable":true,"href":"https:\/\/dicodusport.fr\/blog\/wp-json\/wp\/v2\/users\/92"}],"replies":[{"embeddable":true,"href":"https:\/\/dicodusport.fr\/blog\/wp-json\/wp\/v2\/comments?post=458893"}],"version-history":[{"count":6,"href":"https:\/\/dicodusport.fr\/blog\/wp-json\/wp\/v2\/posts\/458893\/revisions"}],"predecessor-version":[{"id":459019,"href":"https:\/\/dicodusport.fr\/blog\/wp-json\/wp\/v2\/posts\/458893\/revisions\/459019"}],"wp:featuredmedia":[{"embeddable":true,"href":"https:\/\/dicodusport.fr\/blog\/wp-json\/wp\/v2\/media\/459156"}],"wp:attachment":[{"href":"https:\/\/dicodusport.fr\/blog\/wp-json\/wp\/v2\/media?parent=458893"}],"wp:term":[{"taxonomy":"category","embeddable":true,"href":"https:\/\/dicodusport.fr\/blog\/wp-json\/wp\/v2\/categories?post=458893"},{"taxonomy":"post_tag","embeddable":true,"href":"https:\/\/dicodusport.fr\/blog\/wp-json\/wp\/v2\/tags?post=458893"}],"curies":[{"name":"wp","href":"https:\/\/api.w.org\/{rel}","templated":true}]}}