{"id":459308,"date":"2024-02-03T11:49:45","date_gmt":"2024-02-03T10:49:45","guid":{"rendered":"https:\/\/dicodusport.fr\/blog\/?p=459308&#038;preview=true&#038;preview_id=459308"},"modified":"2024-02-03T12:43:45","modified_gmt":"2024-02-03T11:43:45","slug":"coupe-du-monde-de-skicross-marielle-berger-sabbatel-sempare-de-la-3e-place-a-alleghe","status":"publish","type":"post","link":"https:\/\/dicodusport.fr\/blog\/coupe-du-monde-de-skicross-marielle-berger-sabbatel-sempare-de-la-3e-place-a-alleghe\/","title":{"rendered":"Coupe du monde de skicross : Marielle Berger Sabbatel s&#8217;empare de la 3e place \u00e0 Alleghe"},"content":{"rendered":"<p style=\"text-align: justify;\"><em><strong>COUPE DU MONDE DE SKICROSS 2023\/2024 \u2013 24h apr\u00e8s une frustrante 4e place, Marielle Berger Sabbatel a pris place sur le podium en s&#8217;emparant de la 3e place \u00e0 Alleghe (Italie) ce samedi.<\/strong><\/em><\/p>\n<p style=\"text-align: justify;\">Vendredi, <strong>Marielle Berger Sabbatel<\/strong> est sortie frustr\u00e9e de la premi\u00e8re manche \u00e0 <strong>Alleghe<\/strong>. Qualifi\u00e9e en finale, elle n&rsquo;est pas parvenue \u00e0 se hisser sur le podium, prenant une frustrante 4e place.<\/p>\n<p style=\"text-align: justify;\">Avec la farouche volont\u00e9 de r\u00e9tablir le tir, la Fran\u00e7aise n&rsquo;a pas fait dans le d\u00e9tail ce samedi en remportant successivement ses s\u00e9ries en quarts de finale et en demi-finales. En finale, elle faisait face \u00e0 ses deux principales rivales, <strong>Hannah Schmidt<\/strong> et <strong>Marielle Thompson<\/strong>, tandis qu&rsquo;une troisi\u00e8me canadienne, <strong>Brittany Phelan<\/strong>, compl\u00e9tait le quatuor fort du jour. La Tricolore ne r\u00e9alise pas le meilleur d\u00e9part, mais va rapidement se remettre dans le jeu en allant chercher la 3e place. \u00c0 l&rsquo;attaque pour d\u00e9passer <strong>Brittany Phelan<\/strong>, elle ne parviendra pas \u00e0 la d\u00e9passer, et doit se contenter du bronze tandis que Marielle Thompson s&#8217;empare de la victoire. Toujours plac\u00e9e, mais jamais gagnante, <strong>Marielle Berger Sabbatel<\/strong> accroche l\u00e0 <strong>son sixi\u00e8me podium de la saison<\/strong>, et court donc toujours derri\u00e8re sa premi\u00e8re victoire.<\/p>\n<p style=\"text-align: justify;\">Dans le tableau masculin, la journ\u00e9e est en revanche \u00e0 oublier pour le clan tricolore.<strong> Youri Duplessis Kergomard<\/strong> et <strong>Melvin Tchiknavorian<\/strong> ont r\u00e9alis\u00e9 les meilleures prestations en atteignant seulement les quarts de finale. Finaliste et 4e vendredi, <strong>Terence Tchiknavorian<\/strong> n&rsquo;a lui pass\u00e9 le cap des huiti\u00e8mes de finale, et perd donc de gros points dans la lutte pour un podium au classement g\u00e9n\u00e9ral.<\/p>\n<blockquote class=\"twitter-tweet\">\n<p dir=\"ltr\" lang=\"fr\">Troisi\u00e8me place pour Marielle Berger Sabbatel \u00e0 Alleghe, dans une finale remport\u00e9e par la Canadienne Marielle Thompson ! <a href=\"https:\/\/twitter.com\/hashtag\/lequipeSKI?src=hash&amp;ref_src=twsrc%5Etfw\">#lequipeSKI<\/a> <a href=\"https:\/\/t.co\/78L1CcTb0e\">pic.twitter.com\/78L1CcTb0e<\/a><\/p>\n<p>\u2014 la chaine L&rsquo;\u00c9quipe (@lachainelequipe) <a href=\"https:\/\/twitter.com\/lachainelequipe\/status\/1753733351528157507?ref_src=twsrc%5Etfw\">February 3, 2024<\/a><\/p><\/blockquote>\n<p><script async src=\"https:\/\/platform.twitter.com\/widgets.js\" charset=\"utf-8\"><\/script><\/p>\n","protected":false},"excerpt":{"rendered":"<p>COUPE DU MONDE DE SKICROSS 2023\/2024 \u2013 24h apr\u00e8s une frustrante 4e place, Marielle Berger Sabbatel a pris place sur le podium en s&#8217;emparant de la 3e place \u00e0 Alleghe (Italie) ce samedi.<\/p>\n","protected":false},"author":55,"featured_media":459319,"comment_status":"open","ping_status":"closed","sticky":false,"template":"","format":"standard","meta":{"_acf_changed":false,"_daextam_enable_autolinks":"1","footnotes":""},"categories":[9217,2313],"tags":[16878,13800,2947],"class_list":["post-459308","post","type-post","status-publish","format-standard","has-post-thumbnail","hentry","category-ski","category-sports-dhiver","tag-breve","tag-marielle-berger-sabbatel","tag-skicross"],"acf":[],"yoast_head":"<!-- This site is optimized with the Yoast SEO Premium plugin v26.7 (Yoast SEO v26.7) - https:\/\/yoast.com\/wordpress\/plugins\/seo\/ -->\n<title>Coupe du monde de skicross : Marielle Berger Sabbatel s&#039;empare de la 3e place \u00e0 Alleghe<\/title>\n<meta name=\"description\" content=\"COUPE DU MONDE DE SKICROSS 2023\/2024 \u2013 Marielle Berger Sabbatel a pris la 3e place de la deuxi\u00e8me manche disput\u00e9e \u00e0 Alleghe (Italie).\" \/>\n<meta name=\"robots\" content=\"index, follow, max-snippet:-1, max-image-preview:large, max-video-preview:-1\" \/>\n<link rel=\"canonical\" href=\"https:\/\/dicodusport.fr\/blog\/coupe-du-monde-de-skicross-marielle-berger-sabbatel-sempare-de-la-3e-place-a-alleghe\/\" \/>\n<meta property=\"og:locale\" content=\"fr_FR\" \/>\n<meta property=\"og:type\" content=\"article\" \/>\n<meta property=\"og:title\" content=\"Coupe du monde de skicross : Marielle Berger Sabbatel s&#039;empare de la 3e place \u00e0 Alleghe\" \/>\n<meta property=\"og:description\" content=\"COUPE DU MONDE DE SKICROSS 2023\/2024 \u2013 Marielle Berger Sabbatel a pris la 3e place de la deuxi\u00e8me manche disput\u00e9e \u00e0 Alleghe (Italie).\" \/>\n<meta property=\"og:url\" content=\"https:\/\/dicodusport.fr\/blog\/coupe-du-monde-de-skicross-marielle-berger-sabbatel-sempare-de-la-3e-place-a-alleghe\/\" \/>\n<meta property=\"og:site_name\" content=\"Dicodusport\" \/>\n<meta property=\"article:publisher\" content=\"https:\/\/www.facebook.com\/dicodusport\" \/>\n<meta property=\"article:published_time\" content=\"2024-02-03T10:49:45+00:00\" \/>\n<meta property=\"article:modified_time\" content=\"2024-02-03T11:43:45+00:00\" \/>\n<meta property=\"og:image\" content=\"https:\/\/dicodusport.fr\/blog\/wp-content\/uploads\/2024\/02\/Coupe-du-monde-de-skicross-Marielle-Berger-Sabbatel-sempare-de-la-3e-place-a-Alleghe.png\" \/>\n\t<meta property=\"og:image:width\" content=\"1200\" \/>\n\t<meta property=\"og:image:height\" content=\"674\" \/>\n\t<meta property=\"og:image:type\" content=\"image\/png\" \/>\n<meta name=\"author\" content=\"Maxime Cazenave\" \/>\n<meta name=\"twitter:card\" content=\"summary_large_image\" \/>\n<meta name=\"twitter:title\" content=\"Coupe du monde de skicross : Marielle Berger Sabbatel s&#039;empare de la 3e place \u00e0 Alleghe\" \/>\n<meta name=\"twitter:creator\" content=\"@https:\/\/twitter.com\/Maxime_Caze\" \/>\n<meta name=\"twitter:site\" content=\"@dicodusport\" \/>\n<script type=\"application\/ld+json\" class=\"yoast-schema-graph\">{\"@context\":\"https:\/\/schema.org\",\"@graph\":[{\"@type\":\"NewsArticle\",\"@id\":\"https:\/\/dicodusport.fr\/blog\/coupe-du-monde-de-skicross-marielle-berger-sabbatel-sempare-de-la-3e-place-a-alleghe\/#article\",\"isPartOf\":{\"@id\":\"https:\/\/dicodusport.fr\/blog\/coupe-du-monde-de-skicross-marielle-berger-sabbatel-sempare-de-la-3e-place-a-alleghe\/\"},\"author\":{\"name\":\"Maxime Cazenave\",\"@id\":\"https:\/\/dicodusport.fr\/blog\/#\/schema\/person\/37def232098a7a5cbab3974a3690abb0\"},\"headline\":\"Coupe du monde de skicross : Marielle Berger Sabbatel s&#8217;empare de la 3e place \u00e0 Alleghe\",\"datePublished\":\"2024-02-03T10:49:45+00:00\",\"dateModified\":\"2024-02-03T11:43:45+00:00\",\"mainEntityOfPage\":{\"@id\":\"https:\/\/dicodusport.fr\/blog\/coupe-du-monde-de-skicross-marielle-berger-sabbatel-sempare-de-la-3e-place-a-alleghe\/\"},\"wordCount\":324,\"commentCount\":0,\"publisher\":{\"@id\":\"https:\/\/dicodusport.fr\/blog\/#organization\"},\"image\":{\"@id\":\"https:\/\/dicodusport.fr\/blog\/coupe-du-monde-de-skicross-marielle-berger-sabbatel-sempare-de-la-3e-place-a-alleghe\/#primaryimage\"},\"thumbnailUrl\":\"https:\/\/dicodusport.fr\/blog\/wp-content\/uploads\/2024\/02\/Coupe-du-monde-de-skicross-Marielle-Berger-Sabbatel-sempare-de-la-3e-place-a-Alleghe.png\",\"keywords\":[\"br\u00e8ve\",\"Marielle Berger Sabbatel\",\"skicross\"],\"articleSection\":[\"Ski\",\"Sports d'hiver\"],\"inLanguage\":\"fr-FR\",\"potentialAction\":[{\"@type\":\"CommentAction\",\"name\":\"Comment\",\"target\":[\"https:\/\/dicodusport.fr\/blog\/coupe-du-monde-de-skicross-marielle-berger-sabbatel-sempare-de-la-3e-place-a-alleghe\/#respond\"]}],\"copyrightYear\":\"2024\",\"copyrightHolder\":{\"@id\":\"https:\/\/dicodusport.fr\/blog\/#organization\"}},{\"@type\":\"WebPage\",\"@id\":\"https:\/\/dicodusport.fr\/blog\/coupe-du-monde-de-skicross-marielle-berger-sabbatel-sempare-de-la-3e-place-a-alleghe\/\",\"url\":\"https:\/\/dicodusport.fr\/blog\/coupe-du-monde-de-skicross-marielle-berger-sabbatel-sempare-de-la-3e-place-a-alleghe\/\",\"name\":\"Coupe du monde de skicross : Marielle Berger Sabbatel s'empare de la 3e place \u00e0 Alleghe\",\"isPartOf\":{\"@id\":\"https:\/\/dicodusport.fr\/blog\/#website\"},\"primaryImageOfPage\":{\"@id\":\"https:\/\/dicodusport.fr\/blog\/coupe-du-monde-de-skicross-marielle-berger-sabbatel-sempare-de-la-3e-place-a-alleghe\/#primaryimage\"},\"image\":{\"@id\":\"https:\/\/dicodusport.fr\/blog\/coupe-du-monde-de-skicross-marielle-berger-sabbatel-sempare-de-la-3e-place-a-alleghe\/#primaryimage\"},\"thumbnailUrl\":\"https:\/\/dicodusport.fr\/blog\/wp-content\/uploads\/2024\/02\/Coupe-du-monde-de-skicross-Marielle-Berger-Sabbatel-sempare-de-la-3e-place-a-Alleghe.png\",\"datePublished\":\"2024-02-03T10:49:45+00:00\",\"dateModified\":\"2024-02-03T11:43:45+00:00\",\"description\":\"COUPE DU MONDE DE SKICROSS 2023\/2024 \u2013 Marielle Berger Sabbatel a pris la 3e place de la deuxi\u00e8me manche disput\u00e9e \u00e0 Alleghe (Italie).\",\"breadcrumb\":{\"@id\":\"https:\/\/dicodusport.fr\/blog\/coupe-du-monde-de-skicross-marielle-berger-sabbatel-sempare-de-la-3e-place-a-alleghe\/#breadcrumb\"},\"inLanguage\":\"fr-FR\",\"potentialAction\":[{\"@type\":\"ReadAction\",\"target\":[\"https:\/\/dicodusport.fr\/blog\/coupe-du-monde-de-skicross-marielle-berger-sabbatel-sempare-de-la-3e-place-a-alleghe\/\"]}]},{\"@type\":\"ImageObject\",\"inLanguage\":\"fr-FR\",\"@id\":\"https:\/\/dicodusport.fr\/blog\/coupe-du-monde-de-skicross-marielle-berger-sabbatel-sempare-de-la-3e-place-a-alleghe\/#primaryimage\",\"url\":\"https:\/\/dicodusport.fr\/blog\/wp-content\/uploads\/2024\/02\/Coupe-du-monde-de-skicross-Marielle-Berger-Sabbatel-sempare-de-la-3e-place-a-Alleghe.png\",\"contentUrl\":\"https:\/\/dicodusport.fr\/blog\/wp-content\/uploads\/2024\/02\/Coupe-du-monde-de-skicross-Marielle-Berger-Sabbatel-sempare-de-la-3e-place-a-Alleghe.png\",\"width\":1200,\"height\":674,\"caption\":\"Coupe du monde de skicross : Marielle Berger Sabbatel s'empare de la 3e place \u00e0 Alleghe\"},{\"@type\":\"BreadcrumbList\",\"@id\":\"https:\/\/dicodusport.fr\/blog\/coupe-du-monde-de-skicross-marielle-berger-sabbatel-sempare-de-la-3e-place-a-alleghe\/#breadcrumb\",\"itemListElement\":[{\"@type\":\"ListItem\",\"position\":1,\"name\":\"Accueil\",\"item\":\"https:\/\/dicodusport.fr\/blog\/\"},{\"@type\":\"ListItem\",\"position\":2,\"name\":\"Coupe du monde de skicross : Marielle Berger Sabbatel s&#8217;empare de la 3e place \u00e0 Alleghe\"}]},{\"@type\":\"WebSite\",\"@id\":\"https:\/\/dicodusport.fr\/blog\/#website\",\"url\":\"https:\/\/dicodusport.fr\/blog\/\",\"name\":\"Dicodusport\",\"description\":\"L&#039;encyclop\u00e9die de l&#039;actualit\u00e9 sportive\",\"publisher\":{\"@id\":\"https:\/\/dicodusport.fr\/blog\/#organization\"},\"potentialAction\":[{\"@type\":\"SearchAction\",\"target\":{\"@type\":\"EntryPoint\",\"urlTemplate\":\"https:\/\/dicodusport.fr\/blog\/?s={search_term_string}\"},\"query-input\":{\"@type\":\"PropertyValueSpecification\",\"valueRequired\":true,\"valueName\":\"search_term_string\"}}],\"inLanguage\":\"fr-FR\"},{\"@type\":\"NewsMediaOrganization\",\"@id\":\"https:\/\/dicodusport.fr\/blog\/#organization\",\"name\":\"Dicodusport\",\"url\":\"https:\/\/dicodusport.fr\/blog\/\",\"logo\":{\"@type\":\"ImageObject\",\"inLanguage\":\"fr-FR\",\"@id\":\"https:\/\/dicodusport.fr\/blog\/#\/schema\/logo\/image\/\",\"url\":\"https:\/\/dicodusport.fr\/blog\/wp-content\/uploads\/2020\/06\/cropped-LOGO-DICODUSPORT-2020-SANS-FOND-SANS-TEXTE.png\",\"contentUrl\":\"https:\/\/dicodusport.fr\/blog\/wp-content\/uploads\/2020\/06\/cropped-LOGO-DICODUSPORT-2020-SANS-FOND-SANS-TEXTE.png\",\"width\":512,\"height\":512,\"caption\":\"Dicodusport\"},\"image\":{\"@id\":\"https:\/\/dicodusport.fr\/blog\/#\/schema\/logo\/image\/\"},\"sameAs\":[\"https:\/\/www.facebook.com\/dicodusport\",\"https:\/\/x.com\/dicodusport\",\"https:\/\/www.instagram.com\/dicodusport\/\",\"https:\/\/www.youtube.com\/channel\/UC7V2KZ5sd3htJivAbA4ZG3w\"],\"description\":\"Dicodusport est l'encyclop\u00e9die de l'actualit\u00e9 sportive.\",\"email\":\"bonjour@dicodusport.fr\",\"legalName\":\"DICODUSPORT\",\"foundingDate\":\"2018-01-14\",\"vatID\":\"FR71834470973\",\"taxID\":\"83447097300043\",\"numberOfEmployees\":{\"@type\":\"QuantitativeValue\",\"minValue\":\"1\",\"maxValue\":\"10\"}},{\"@type\":\"Person\",\"@id\":\"https:\/\/dicodusport.fr\/blog\/#\/schema\/person\/37def232098a7a5cbab3974a3690abb0\",\"name\":\"Maxime Cazenave\",\"image\":{\"@type\":\"ImageObject\",\"inLanguage\":\"fr-FR\",\"@id\":\"https:\/\/dicodusport.fr\/blog\/#\/schema\/person\/image\/\",\"url\":\"https:\/\/dicodusport.fr\/blog\/wp-content\/uploads\/2021\/05\/Maxime-Cazenave-150x150.jpg\",\"contentUrl\":\"https:\/\/dicodusport.fr\/blog\/wp-content\/uploads\/2021\/05\/Maxime-Cazenave-150x150.jpg\",\"caption\":\"Maxime Cazenave\"},\"description\":\"Journaliste\/R\u00e9dacteur depuis 2012 - Berc\u00e9 par l\u2019amour des Girondins de Bordeaux, les \u00e9checs de Christophe Moreau sur le Tour de France sous l'\u00e8re Lance Armstrong et le fade-away l\u00e9tal de Dirk Nowitzki, ma passion d\u00e9vorante pour le sport a toujours \u00e9t\u00e9 un pan incontournable de ma vie. Transmettre ma passion \u00e0 l\u2019\u00e9crit a \u00e9t\u00e9 une transition naturelle. Suiveur assidu de basket et de hockey sur glace, je garde toujours un peu de place pour suivre le cyclisme, le football et le maximum de performances fran\u00e7aises.\",\"sameAs\":[\"https:\/\/x.com\/https:\/\/twitter.com\/Maxime_Caze\"],\"url\":\"https:\/\/dicodusport.fr\/blog\/author\/maximec\/\"}]}<\/script>\n<!-- \/ Yoast SEO Premium plugin. -->","yoast_head_json":{"title":"Coupe du monde de skicross : Marielle Berger Sabbatel s'empare de la 3e place \u00e0 Alleghe","description":"COUPE DU MONDE DE SKICROSS 2023\/2024 \u2013 Marielle Berger Sabbatel a pris la 3e place de la deuxi\u00e8me manche disput\u00e9e \u00e0 Alleghe (Italie).","robots":{"index":"index","follow":"follow","max-snippet":"max-snippet:-1","max-image-preview":"max-image-preview:large","max-video-preview":"max-video-preview:-1"},"canonical":"https:\/\/dicodusport.fr\/blog\/coupe-du-monde-de-skicross-marielle-berger-sabbatel-sempare-de-la-3e-place-a-alleghe\/","og_locale":"fr_FR","og_type":"article","og_title":"Coupe du monde de skicross : Marielle Berger Sabbatel s'empare de la 3e place \u00e0 Alleghe","og_description":"COUPE DU MONDE DE SKICROSS 2023\/2024 \u2013 Marielle Berger Sabbatel a pris la 3e place de la deuxi\u00e8me manche disput\u00e9e \u00e0 Alleghe (Italie).","og_url":"https:\/\/dicodusport.fr\/blog\/coupe-du-monde-de-skicross-marielle-berger-sabbatel-sempare-de-la-3e-place-a-alleghe\/","og_site_name":"Dicodusport","article_publisher":"https:\/\/www.facebook.com\/dicodusport","article_published_time":"2024-02-03T10:49:45+00:00","article_modified_time":"2024-02-03T11:43:45+00:00","og_image":[{"width":1200,"height":674,"url":"https:\/\/dicodusport.fr\/blog\/wp-content\/uploads\/2024\/02\/Coupe-du-monde-de-skicross-Marielle-Berger-Sabbatel-sempare-de-la-3e-place-a-Alleghe.png","type":"image\/png"}],"author":"Maxime Cazenave","twitter_card":"summary_large_image","twitter_title":"Coupe du monde de skicross : Marielle Berger Sabbatel s'empare de la 3e place \u00e0 Alleghe","twitter_creator":"@https:\/\/twitter.com\/Maxime_Caze","twitter_site":"@dicodusport","schema":{"@context":"https:\/\/schema.org","@graph":[{"@type":"NewsArticle","@id":"https:\/\/dicodusport.fr\/blog\/coupe-du-monde-de-skicross-marielle-berger-sabbatel-sempare-de-la-3e-place-a-alleghe\/#article","isPartOf":{"@id":"https:\/\/dicodusport.fr\/blog\/coupe-du-monde-de-skicross-marielle-berger-sabbatel-sempare-de-la-3e-place-a-alleghe\/"},"author":{"name":"Maxime Cazenave","@id":"https:\/\/dicodusport.fr\/blog\/#\/schema\/person\/37def232098a7a5cbab3974a3690abb0"},"headline":"Coupe du monde de skicross : Marielle Berger Sabbatel s&#8217;empare de la 3e place \u00e0 Alleghe","datePublished":"2024-02-03T10:49:45+00:00","dateModified":"2024-02-03T11:43:45+00:00","mainEntityOfPage":{"@id":"https:\/\/dicodusport.fr\/blog\/coupe-du-monde-de-skicross-marielle-berger-sabbatel-sempare-de-la-3e-place-a-alleghe\/"},"wordCount":324,"commentCount":0,"publisher":{"@id":"https:\/\/dicodusport.fr\/blog\/#organization"},"image":{"@id":"https:\/\/dicodusport.fr\/blog\/coupe-du-monde-de-skicross-marielle-berger-sabbatel-sempare-de-la-3e-place-a-alleghe\/#primaryimage"},"thumbnailUrl":"https:\/\/dicodusport.fr\/blog\/wp-content\/uploads\/2024\/02\/Coupe-du-monde-de-skicross-Marielle-Berger-Sabbatel-sempare-de-la-3e-place-a-Alleghe.png","keywords":["br\u00e8ve","Marielle Berger Sabbatel","skicross"],"articleSection":["Ski","Sports d'hiver"],"inLanguage":"fr-FR","potentialAction":[{"@type":"CommentAction","name":"Comment","target":["https:\/\/dicodusport.fr\/blog\/coupe-du-monde-de-skicross-marielle-berger-sabbatel-sempare-de-la-3e-place-a-alleghe\/#respond"]}],"copyrightYear":"2024","copyrightHolder":{"@id":"https:\/\/dicodusport.fr\/blog\/#organization"}},{"@type":"WebPage","@id":"https:\/\/dicodusport.fr\/blog\/coupe-du-monde-de-skicross-marielle-berger-sabbatel-sempare-de-la-3e-place-a-alleghe\/","url":"https:\/\/dicodusport.fr\/blog\/coupe-du-monde-de-skicross-marielle-berger-sabbatel-sempare-de-la-3e-place-a-alleghe\/","name":"Coupe du monde de skicross : Marielle Berger Sabbatel s'empare de la 3e place \u00e0 Alleghe","isPartOf":{"@id":"https:\/\/dicodusport.fr\/blog\/#website"},"primaryImageOfPage":{"@id":"https:\/\/dicodusport.fr\/blog\/coupe-du-monde-de-skicross-marielle-berger-sabbatel-sempare-de-la-3e-place-a-alleghe\/#primaryimage"},"image":{"@id":"https:\/\/dicodusport.fr\/blog\/coupe-du-monde-de-skicross-marielle-berger-sabbatel-sempare-de-la-3e-place-a-alleghe\/#primaryimage"},"thumbnailUrl":"https:\/\/dicodusport.fr\/blog\/wp-content\/uploads\/2024\/02\/Coupe-du-monde-de-skicross-Marielle-Berger-Sabbatel-sempare-de-la-3e-place-a-Alleghe.png","datePublished":"2024-02-03T10:49:45+00:00","dateModified":"2024-02-03T11:43:45+00:00","description":"COUPE DU MONDE DE SKICROSS 2023\/2024 \u2013 Marielle Berger Sabbatel a pris la 3e place de la deuxi\u00e8me manche disput\u00e9e \u00e0 Alleghe (Italie).","breadcrumb":{"@id":"https:\/\/dicodusport.fr\/blog\/coupe-du-monde-de-skicross-marielle-berger-sabbatel-sempare-de-la-3e-place-a-alleghe\/#breadcrumb"},"inLanguage":"fr-FR","potentialAction":[{"@type":"ReadAction","target":["https:\/\/dicodusport.fr\/blog\/coupe-du-monde-de-skicross-marielle-berger-sabbatel-sempare-de-la-3e-place-a-alleghe\/"]}]},{"@type":"ImageObject","inLanguage":"fr-FR","@id":"https:\/\/dicodusport.fr\/blog\/coupe-du-monde-de-skicross-marielle-berger-sabbatel-sempare-de-la-3e-place-a-alleghe\/#primaryimage","url":"https:\/\/dicodusport.fr\/blog\/wp-content\/uploads\/2024\/02\/Coupe-du-monde-de-skicross-Marielle-Berger-Sabbatel-sempare-de-la-3e-place-a-Alleghe.png","contentUrl":"https:\/\/dicodusport.fr\/blog\/wp-content\/uploads\/2024\/02\/Coupe-du-monde-de-skicross-Marielle-Berger-Sabbatel-sempare-de-la-3e-place-a-Alleghe.png","width":1200,"height":674,"caption":"Coupe du monde de skicross : Marielle Berger Sabbatel s'empare de la 3e place \u00e0 Alleghe"},{"@type":"BreadcrumbList","@id":"https:\/\/dicodusport.fr\/blog\/coupe-du-monde-de-skicross-marielle-berger-sabbatel-sempare-de-la-3e-place-a-alleghe\/#breadcrumb","itemListElement":[{"@type":"ListItem","position":1,"name":"Accueil","item":"https:\/\/dicodusport.fr\/blog\/"},{"@type":"ListItem","position":2,"name":"Coupe du monde de skicross : Marielle Berger Sabbatel s&#8217;empare de la 3e place \u00e0 Alleghe"}]},{"@type":"WebSite","@id":"https:\/\/dicodusport.fr\/blog\/#website","url":"https:\/\/dicodusport.fr\/blog\/","name":"Dicodusport","description":"L&#039;encyclop\u00e9die de l&#039;actualit\u00e9 sportive","publisher":{"@id":"https:\/\/dicodusport.fr\/blog\/#organization"},"potentialAction":[{"@type":"SearchAction","target":{"@type":"EntryPoint","urlTemplate":"https:\/\/dicodusport.fr\/blog\/?s={search_term_string}"},"query-input":{"@type":"PropertyValueSpecification","valueRequired":true,"valueName":"search_term_string"}}],"inLanguage":"fr-FR"},{"@type":"NewsMediaOrganization","@id":"https:\/\/dicodusport.fr\/blog\/#organization","name":"Dicodusport","url":"https:\/\/dicodusport.fr\/blog\/","logo":{"@type":"ImageObject","inLanguage":"fr-FR","@id":"https:\/\/dicodusport.fr\/blog\/#\/schema\/logo\/image\/","url":"https:\/\/dicodusport.fr\/blog\/wp-content\/uploads\/2020\/06\/cropped-LOGO-DICODUSPORT-2020-SANS-FOND-SANS-TEXTE.png","contentUrl":"https:\/\/dicodusport.fr\/blog\/wp-content\/uploads\/2020\/06\/cropped-LOGO-DICODUSPORT-2020-SANS-FOND-SANS-TEXTE.png","width":512,"height":512,"caption":"Dicodusport"},"image":{"@id":"https:\/\/dicodusport.fr\/blog\/#\/schema\/logo\/image\/"},"sameAs":["https:\/\/www.facebook.com\/dicodusport","https:\/\/x.com\/dicodusport","https:\/\/www.instagram.com\/dicodusport\/","https:\/\/www.youtube.com\/channel\/UC7V2KZ5sd3htJivAbA4ZG3w"],"description":"Dicodusport est l'encyclop\u00e9die de l'actualit\u00e9 sportive.","email":"bonjour@dicodusport.fr","legalName":"DICODUSPORT","foundingDate":"2018-01-14","vatID":"FR71834470973","taxID":"83447097300043","numberOfEmployees":{"@type":"QuantitativeValue","minValue":"1","maxValue":"10"}},{"@type":"Person","@id":"https:\/\/dicodusport.fr\/blog\/#\/schema\/person\/37def232098a7a5cbab3974a3690abb0","name":"Maxime Cazenave","image":{"@type":"ImageObject","inLanguage":"fr-FR","@id":"https:\/\/dicodusport.fr\/blog\/#\/schema\/person\/image\/","url":"https:\/\/dicodusport.fr\/blog\/wp-content\/uploads\/2021\/05\/Maxime-Cazenave-150x150.jpg","contentUrl":"https:\/\/dicodusport.fr\/blog\/wp-content\/uploads\/2021\/05\/Maxime-Cazenave-150x150.jpg","caption":"Maxime Cazenave"},"description":"Journaliste\/R\u00e9dacteur depuis 2012 - Berc\u00e9 par l\u2019amour des Girondins de Bordeaux, les \u00e9checs de Christophe Moreau sur le Tour de France sous l'\u00e8re Lance Armstrong et le fade-away l\u00e9tal de Dirk Nowitzki, ma passion d\u00e9vorante pour le sport a toujours \u00e9t\u00e9 un pan incontournable de ma vie. Transmettre ma passion \u00e0 l\u2019\u00e9crit a \u00e9t\u00e9 une transition naturelle. Suiveur assidu de basket et de hockey sur glace, je garde toujours un peu de place pour suivre le cyclisme, le football et le maximum de performances fran\u00e7aises.","sameAs":["https:\/\/x.com\/https:\/\/twitter.com\/Maxime_Caze"],"url":"https:\/\/dicodusport.fr\/blog\/author\/maximec\/"}]}},"_links":{"self":[{"href":"https:\/\/dicodusport.fr\/blog\/wp-json\/wp\/v2\/posts\/459308","targetHints":{"allow":["GET"]}}],"collection":[{"href":"https:\/\/dicodusport.fr\/blog\/wp-json\/wp\/v2\/posts"}],"about":[{"href":"https:\/\/dicodusport.fr\/blog\/wp-json\/wp\/v2\/types\/post"}],"author":[{"embeddable":true,"href":"https:\/\/dicodusport.fr\/blog\/wp-json\/wp\/v2\/users\/55"}],"replies":[{"embeddable":true,"href":"https:\/\/dicodusport.fr\/blog\/wp-json\/wp\/v2\/comments?post=459308"}],"version-history":[{"count":5,"href":"https:\/\/dicodusport.fr\/blog\/wp-json\/wp\/v2\/posts\/459308\/revisions"}],"predecessor-version":[{"id":459363,"href":"https:\/\/dicodusport.fr\/blog\/wp-json\/wp\/v2\/posts\/459308\/revisions\/459363"}],"wp:featuredmedia":[{"embeddable":true,"href":"https:\/\/dicodusport.fr\/blog\/wp-json\/wp\/v2\/media\/459319"}],"wp:attachment":[{"href":"https:\/\/dicodusport.fr\/blog\/wp-json\/wp\/v2\/media?parent=459308"}],"wp:term":[{"taxonomy":"category","embeddable":true,"href":"https:\/\/dicodusport.fr\/blog\/wp-json\/wp\/v2\/categories?post=459308"},{"taxonomy":"post_tag","embeddable":true,"href":"https:\/\/dicodusport.fr\/blog\/wp-json\/wp\/v2\/tags?post=459308"}],"curies":[{"name":"wp","href":"https:\/\/api.w.org\/{rel}","templated":true}]}}