{"id":459353,"date":"2024-02-03T12:46:05","date_gmt":"2024-02-03T11:46:05","guid":{"rendered":"https:\/\/dicodusport.fr\/blog\/?p=459353&#038;preview=true&#038;preview_id=459353"},"modified":"2024-02-03T12:46:05","modified_gmt":"2024-02-03T11:46:05","slug":"ibu-cup-2023-2024-camille-bened-sur-le-podium-du-sprint-a-arber","status":"publish","type":"post","link":"https:\/\/dicodusport.fr\/blog\/ibu-cup-2023-2024-camille-bened-sur-le-podium-du-sprint-a-arber\/","title":{"rendered":"IBU Cup 2023\/2024 : Camille Bened sur le podium du sprint \u00e0 Arber"},"content":{"rendered":"<p style=\"text-align: justify;\"><strong><em>IBU CUP &#8211; Camille Bened a d\u00e9croch\u00e9 son premier podium individuel cette saison, en prenant la 2e place du sprint \u00e0 Arber (Allemagne).<\/em><\/strong><\/p>\n<p style=\"text-align: justify;\">Encore une Fran\u00e7aise sur le podium en IBU Cup. Encore une Tricolore qui \u00e9merge pour se hisser au plus haut niveau sur le second circuit de biathlon. <strong>Camille Bened<\/strong> a pris la 2e place du sprint \u00e0 Arber (Allemagne). \u00c2g\u00e9e de 23 ans, elle d\u00e9croche son premier podium individuel. Avec un tir \u00e0 9\/10, elle a \u00e9t\u00e9 performante sur les skis, pour devancer des femmes qui ont tir\u00e9 aussi bien, voire mieux qu&rsquo;elle. Comme <strong>Ella Halvarsson,<\/strong> 4e malgr\u00e9 son 10\/10.<\/p>\n<p style=\"text-align: justify;\">En revanche, elle n&rsquo;a pas pu r\u00e9sister \u00e0 la Norv\u00e9gienne <strong>Karoline Erdal,<\/strong> qui a fait le plein et qui devance la Fran\u00e7aise de 15.2 secondes. <strong>Ana\u00eblle Bondoux<\/strong> paye ses \u00e9checs aux tirs (6\/10) et se hisse \u00e0 la 16e place, alors que <strong>No\u00e9mie Remonnay<\/strong> est 21e. Ce fut encore plus dur pour <strong>Oc\u00e9ane Michelon<\/strong>, pass\u00e9e par la case Coupe du monde, mais qui n&rsquo;a tir\u00e9 qu&rsquo;\u00e0 5\/10 ce samedi, pour terminer 27e.<\/p>\n<blockquote class=\"twitter-tweet\">\n<p dir=\"ltr\" lang=\"fr\">R\u00e9sultat d\u2019ensemble du Sprint F \u00e0 Arber \ud83c\udde9\ud83c\uddea<\/p>\n<p>#2 Bened \ud83c\uddeb\ud83c\uddf7 9\/10<br \/>\n#16 Bondoux \ud83c\uddeb\ud83c\uddf7 6\/10<br \/>\n#21 Remonnay \ud83c\uddeb\ud83c\uddf7 8\/10<br \/>\n#27 Michelon \ud83c\uddeb\ud83c\uddf7 5\/10<a href=\"https:\/\/twitter.com\/hashtag\/lequipebiathlon?src=hash&amp;ref_src=twsrc%5Etfw\">#lequipebiathlon<\/a><\/p>\n<p>\u2014 Biathlon_FRA\ud83c\udfbf (@Biathlon_FRA) <a href=\"https:\/\/twitter.com\/Biathlon_FRA\/status\/1753742055589777416?ref_src=twsrc%5Etfw\">February 3, 2024<\/a><\/p><\/blockquote>\n<p><script async src=\"https:\/\/platform.twitter.com\/widgets.js\" charset=\"utf-8\"><\/script><\/p>\n<h2 style=\"text-align: justify;\">Le r\u00e9sultat des Fran\u00e7aises<\/h2>\n<p style=\"text-align: justify;\">2\u00e8re : Camille Bened<\/p>\n<p style=\"text-align: justify;\">16e : Ana\u00eblle Bondoux<\/p>\n<p style=\"text-align: justify;\">21e : No\u00e9mie Remonnay<\/p>\n<p style=\"text-align: justify;\">27e : Oc\u00e9ane Michelon<\/p>\n<p style=\"text-align: justify;\">\n","protected":false},"excerpt":{"rendered":"<p>IBU CUP &#8211; Camille Bened a d\u00e9croch\u00e9 son premier podium individuel cette saison, en prenant la 2e place du sprint \u00e0 Arber (Allemagne).<\/p>\n","protected":false},"author":83,"featured_media":459364,"comment_status":"open","ping_status":"closed","sticky":false,"template":"","format":"standard","meta":{"_acf_changed":false,"_daextam_enable_autolinks":"1","footnotes":""},"categories":[2426],"tags":[2427,26590,16878,14826],"class_list":["post-459353","post","type-post","status-publish","format-standard","has-post-thumbnail","hentry","category-biathlon","tag-biathlon","tag-biathlon-ibu-cup","tag-breve","tag-camille-bened"],"acf":[],"yoast_head":"<!-- This site is optimized with the Yoast SEO Premium plugin v26.7 (Yoast SEO v26.7) - https:\/\/yoast.com\/wordpress\/plugins\/seo\/ -->\n<title>IBU Cup 2023\/2024 : Camille Bened sur le podium du sprint \u00e0 Arber<\/title>\n<meta name=\"description\" content=\"IBU CUP - Camille Bened a d\u00e9croch\u00e9 son premier podium individuel cette saison, en prenant la 2e place du sprint \u00e0 Arber (Allemagne).\" \/>\n<meta name=\"robots\" content=\"index, follow, max-snippet:-1, max-image-preview:large, max-video-preview:-1\" \/>\n<link rel=\"canonical\" href=\"https:\/\/dicodusport.fr\/blog\/ibu-cup-2023-2024-camille-bened-sur-le-podium-du-sprint-a-arber\/\" \/>\n<meta property=\"og:locale\" content=\"fr_FR\" \/>\n<meta property=\"og:type\" content=\"article\" \/>\n<meta property=\"og:title\" content=\"IBU Cup 2023\/2024 : Camille Bened sur le podium du sprint \u00e0 Arber\" \/>\n<meta property=\"og:description\" content=\"IBU CUP - Camille Bened a d\u00e9croch\u00e9 son premier podium individuel cette saison, en prenant la 2e place du sprint \u00e0 Arber (Allemagne).\" \/>\n<meta property=\"og:url\" content=\"https:\/\/dicodusport.fr\/blog\/ibu-cup-2023-2024-camille-bened-sur-le-podium-du-sprint-a-arber\/\" \/>\n<meta property=\"og:site_name\" content=\"Dicodusport\" \/>\n<meta property=\"article:publisher\" content=\"https:\/\/www.facebook.com\/dicodusport\" \/>\n<meta property=\"article:published_time\" content=\"2024-02-03T11:46:05+00:00\" \/>\n<meta property=\"og:image\" content=\"https:\/\/dicodusport.fr\/blog\/wp-content\/uploads\/2024\/02\/IBU-Cup-20232024-Camille-Bened-sur-le-podium-du-sprint-a-Arber.png\" \/>\n\t<meta property=\"og:image:width\" content=\"1200\" \/>\n\t<meta property=\"og:image:height\" content=\"674\" \/>\n\t<meta property=\"og:image:type\" content=\"image\/png\" \/>\n<meta name=\"author\" content=\"Etienne Goursaud\" \/>\n<meta name=\"twitter:card\" content=\"summary_large_image\" \/>\n<meta name=\"twitter:title\" content=\"IBU Cup 2023\/2024 : Camille Bened sur le podium du sprint \u00e0 Arber\" \/>\n<meta name=\"twitter:creator\" content=\"@dicodusport\" \/>\n<meta name=\"twitter:site\" content=\"@dicodusport\" \/>\n<script type=\"application\/ld+json\" class=\"yoast-schema-graph\">{\"@context\":\"https:\/\/schema.org\",\"@graph\":[{\"@type\":\"NewsArticle\",\"@id\":\"https:\/\/dicodusport.fr\/blog\/ibu-cup-2023-2024-camille-bened-sur-le-podium-du-sprint-a-arber\/#article\",\"isPartOf\":{\"@id\":\"https:\/\/dicodusport.fr\/blog\/ibu-cup-2023-2024-camille-bened-sur-le-podium-du-sprint-a-arber\/\"},\"author\":{\"name\":\"Etienne Goursaud\",\"@id\":\"https:\/\/dicodusport.fr\/blog\/#\/schema\/person\/d603dd7da31fb2b46c82b9835a77ec13\"},\"headline\":\"IBU Cup 2023\/2024 : Camille Bened sur le podium du sprint \u00e0 Arber\",\"datePublished\":\"2024-02-03T11:46:05+00:00\",\"mainEntityOfPage\":{\"@id\":\"https:\/\/dicodusport.fr\/blog\/ibu-cup-2023-2024-camille-bened-sur-le-podium-du-sprint-a-arber\/\"},\"wordCount\":227,\"commentCount\":0,\"publisher\":{\"@id\":\"https:\/\/dicodusport.fr\/blog\/#organization\"},\"image\":{\"@id\":\"https:\/\/dicodusport.fr\/blog\/ibu-cup-2023-2024-camille-bened-sur-le-podium-du-sprint-a-arber\/#primaryimage\"},\"thumbnailUrl\":\"https:\/\/dicodusport.fr\/blog\/wp-content\/uploads\/2024\/02\/IBU-Cup-20232024-Camille-Bened-sur-le-podium-du-sprint-a-Arber.png\",\"keywords\":[\"Biathlon\",\"Biathlon IBU Cup\",\"br\u00e8ve\",\"Camille Bened\"],\"articleSection\":[\"Biathlon\"],\"inLanguage\":\"fr-FR\",\"potentialAction\":[{\"@type\":\"CommentAction\",\"name\":\"Comment\",\"target\":[\"https:\/\/dicodusport.fr\/blog\/ibu-cup-2023-2024-camille-bened-sur-le-podium-du-sprint-a-arber\/#respond\"]}],\"copyrightYear\":\"2024\",\"copyrightHolder\":{\"@id\":\"https:\/\/dicodusport.fr\/blog\/#organization\"}},{\"@type\":\"WebPage\",\"@id\":\"https:\/\/dicodusport.fr\/blog\/ibu-cup-2023-2024-camille-bened-sur-le-podium-du-sprint-a-arber\/\",\"url\":\"https:\/\/dicodusport.fr\/blog\/ibu-cup-2023-2024-camille-bened-sur-le-podium-du-sprint-a-arber\/\",\"name\":\"IBU Cup 2023\/2024 : Camille Bened sur le podium du sprint \u00e0 Arber\",\"isPartOf\":{\"@id\":\"https:\/\/dicodusport.fr\/blog\/#website\"},\"primaryImageOfPage\":{\"@id\":\"https:\/\/dicodusport.fr\/blog\/ibu-cup-2023-2024-camille-bened-sur-le-podium-du-sprint-a-arber\/#primaryimage\"},\"image\":{\"@id\":\"https:\/\/dicodusport.fr\/blog\/ibu-cup-2023-2024-camille-bened-sur-le-podium-du-sprint-a-arber\/#primaryimage\"},\"thumbnailUrl\":\"https:\/\/dicodusport.fr\/blog\/wp-content\/uploads\/2024\/02\/IBU-Cup-20232024-Camille-Bened-sur-le-podium-du-sprint-a-Arber.png\",\"datePublished\":\"2024-02-03T11:46:05+00:00\",\"description\":\"IBU CUP - Camille Bened a d\u00e9croch\u00e9 son premier podium individuel cette saison, en prenant la 2e place du sprint \u00e0 Arber (Allemagne).\",\"breadcrumb\":{\"@id\":\"https:\/\/dicodusport.fr\/blog\/ibu-cup-2023-2024-camille-bened-sur-le-podium-du-sprint-a-arber\/#breadcrumb\"},\"inLanguage\":\"fr-FR\",\"potentialAction\":[{\"@type\":\"ReadAction\",\"target\":[\"https:\/\/dicodusport.fr\/blog\/ibu-cup-2023-2024-camille-bened-sur-le-podium-du-sprint-a-arber\/\"]}]},{\"@type\":\"ImageObject\",\"inLanguage\":\"fr-FR\",\"@id\":\"https:\/\/dicodusport.fr\/blog\/ibu-cup-2023-2024-camille-bened-sur-le-podium-du-sprint-a-arber\/#primaryimage\",\"url\":\"https:\/\/dicodusport.fr\/blog\/wp-content\/uploads\/2024\/02\/IBU-Cup-20232024-Camille-Bened-sur-le-podium-du-sprint-a-Arber.png\",\"contentUrl\":\"https:\/\/dicodusport.fr\/blog\/wp-content\/uploads\/2024\/02\/IBU-Cup-20232024-Camille-Bened-sur-le-podium-du-sprint-a-Arber.png\",\"width\":1200,\"height\":674,\"caption\":\"IBU Cup 20232024 Camille Bened sur le podium du sprint \u00e0 Arber\"},{\"@type\":\"BreadcrumbList\",\"@id\":\"https:\/\/dicodusport.fr\/blog\/ibu-cup-2023-2024-camille-bened-sur-le-podium-du-sprint-a-arber\/#breadcrumb\",\"itemListElement\":[{\"@type\":\"ListItem\",\"position\":1,\"name\":\"Accueil\",\"item\":\"https:\/\/dicodusport.fr\/blog\/\"},{\"@type\":\"ListItem\",\"position\":2,\"name\":\"IBU Cup 2023\/2024 : Camille Bened sur le podium du sprint \u00e0 Arber\"}]},{\"@type\":\"WebSite\",\"@id\":\"https:\/\/dicodusport.fr\/blog\/#website\",\"url\":\"https:\/\/dicodusport.fr\/blog\/\",\"name\":\"Dicodusport\",\"description\":\"L&#039;encyclop\u00e9die de l&#039;actualit\u00e9 sportive\",\"publisher\":{\"@id\":\"https:\/\/dicodusport.fr\/blog\/#organization\"},\"potentialAction\":[{\"@type\":\"SearchAction\",\"target\":{\"@type\":\"EntryPoint\",\"urlTemplate\":\"https:\/\/dicodusport.fr\/blog\/?s={search_term_string}\"},\"query-input\":{\"@type\":\"PropertyValueSpecification\",\"valueRequired\":true,\"valueName\":\"search_term_string\"}}],\"inLanguage\":\"fr-FR\"},{\"@type\":\"NewsMediaOrganization\",\"@id\":\"https:\/\/dicodusport.fr\/blog\/#organization\",\"name\":\"Dicodusport\",\"url\":\"https:\/\/dicodusport.fr\/blog\/\",\"logo\":{\"@type\":\"ImageObject\",\"inLanguage\":\"fr-FR\",\"@id\":\"https:\/\/dicodusport.fr\/blog\/#\/schema\/logo\/image\/\",\"url\":\"https:\/\/dicodusport.fr\/blog\/wp-content\/uploads\/2020\/06\/cropped-LOGO-DICODUSPORT-2020-SANS-FOND-SANS-TEXTE.png\",\"contentUrl\":\"https:\/\/dicodusport.fr\/blog\/wp-content\/uploads\/2020\/06\/cropped-LOGO-DICODUSPORT-2020-SANS-FOND-SANS-TEXTE.png\",\"width\":512,\"height\":512,\"caption\":\"Dicodusport\"},\"image\":{\"@id\":\"https:\/\/dicodusport.fr\/blog\/#\/schema\/logo\/image\/\"},\"sameAs\":[\"https:\/\/www.facebook.com\/dicodusport\",\"https:\/\/x.com\/dicodusport\",\"https:\/\/www.instagram.com\/dicodusport\/\",\"https:\/\/www.youtube.com\/channel\/UC7V2KZ5sd3htJivAbA4ZG3w\"],\"description\":\"Dicodusport est l'encyclop\u00e9die de l'actualit\u00e9 sportive.\",\"email\":\"bonjour@dicodusport.fr\",\"legalName\":\"DICODUSPORT\",\"foundingDate\":\"2018-01-14\",\"vatID\":\"FR71834470973\",\"taxID\":\"83447097300043\",\"numberOfEmployees\":{\"@type\":\"QuantitativeValue\",\"minValue\":\"1\",\"maxValue\":\"10\"}},{\"@type\":\"Person\",\"@id\":\"https:\/\/dicodusport.fr\/blog\/#\/schema\/person\/d603dd7da31fb2b46c82b9835a77ec13\",\"name\":\"Etienne Goursaud\",\"image\":{\"@type\":\"ImageObject\",\"inLanguage\":\"fr-FR\",\"@id\":\"https:\/\/dicodusport.fr\/blog\/#\/schema\/person\/image\/\",\"url\":\"https:\/\/dicodusport.fr\/blog\/wp-content\/uploads\/2023\/12\/410122264_10231602061736049_5565839791558026645_n-150x150.jpg\",\"contentUrl\":\"https:\/\/dicodusport.fr\/blog\/wp-content\/uploads\/2023\/12\/410122264_10231602061736049_5565839791558026645_n-150x150.jpg\",\"caption\":\"Etienne Goursaud\"},\"description\":\"Journaliste et amoureux de sport. Ancien footballeur reconverti athl\u00e8te quand ses muscles le laissent tranquille. \u00c9lev\u00e9 \u00e0 la sauce des exploits de Thomas Voeckler en 2004, du dernier essai de l\u00e9gende de Eunice Barber \u00e0 la longueur lors des championnats du monde d'athl\u00e9tisme de 2003 mais aussi Zidane, Omeyer et Titou Lamaison.\",\"url\":\"https:\/\/dicodusport.fr\/blog\/author\/etienne-goursaud\/\"}]}<\/script>\n<!-- \/ Yoast SEO Premium plugin. -->","yoast_head_json":{"title":"IBU Cup 2023\/2024 : Camille Bened sur le podium du sprint \u00e0 Arber","description":"IBU CUP - Camille Bened a d\u00e9croch\u00e9 son premier podium individuel cette saison, en prenant la 2e place du sprint \u00e0 Arber (Allemagne).","robots":{"index":"index","follow":"follow","max-snippet":"max-snippet:-1","max-image-preview":"max-image-preview:large","max-video-preview":"max-video-preview:-1"},"canonical":"https:\/\/dicodusport.fr\/blog\/ibu-cup-2023-2024-camille-bened-sur-le-podium-du-sprint-a-arber\/","og_locale":"fr_FR","og_type":"article","og_title":"IBU Cup 2023\/2024 : Camille Bened sur le podium du sprint \u00e0 Arber","og_description":"IBU CUP - Camille Bened a d\u00e9croch\u00e9 son premier podium individuel cette saison, en prenant la 2e place du sprint \u00e0 Arber (Allemagne).","og_url":"https:\/\/dicodusport.fr\/blog\/ibu-cup-2023-2024-camille-bened-sur-le-podium-du-sprint-a-arber\/","og_site_name":"Dicodusport","article_publisher":"https:\/\/www.facebook.com\/dicodusport","article_published_time":"2024-02-03T11:46:05+00:00","og_image":[{"width":1200,"height":674,"url":"https:\/\/dicodusport.fr\/blog\/wp-content\/uploads\/2024\/02\/IBU-Cup-20232024-Camille-Bened-sur-le-podium-du-sprint-a-Arber.png","type":"image\/png"}],"author":"Etienne Goursaud","twitter_card":"summary_large_image","twitter_title":"IBU Cup 2023\/2024 : Camille Bened sur le podium du sprint \u00e0 Arber","twitter_creator":"@dicodusport","twitter_site":"@dicodusport","schema":{"@context":"https:\/\/schema.org","@graph":[{"@type":"NewsArticle","@id":"https:\/\/dicodusport.fr\/blog\/ibu-cup-2023-2024-camille-bened-sur-le-podium-du-sprint-a-arber\/#article","isPartOf":{"@id":"https:\/\/dicodusport.fr\/blog\/ibu-cup-2023-2024-camille-bened-sur-le-podium-du-sprint-a-arber\/"},"author":{"name":"Etienne Goursaud","@id":"https:\/\/dicodusport.fr\/blog\/#\/schema\/person\/d603dd7da31fb2b46c82b9835a77ec13"},"headline":"IBU Cup 2023\/2024 : Camille Bened sur le podium du sprint \u00e0 Arber","datePublished":"2024-02-03T11:46:05+00:00","mainEntityOfPage":{"@id":"https:\/\/dicodusport.fr\/blog\/ibu-cup-2023-2024-camille-bened-sur-le-podium-du-sprint-a-arber\/"},"wordCount":227,"commentCount":0,"publisher":{"@id":"https:\/\/dicodusport.fr\/blog\/#organization"},"image":{"@id":"https:\/\/dicodusport.fr\/blog\/ibu-cup-2023-2024-camille-bened-sur-le-podium-du-sprint-a-arber\/#primaryimage"},"thumbnailUrl":"https:\/\/dicodusport.fr\/blog\/wp-content\/uploads\/2024\/02\/IBU-Cup-20232024-Camille-Bened-sur-le-podium-du-sprint-a-Arber.png","keywords":["Biathlon","Biathlon IBU Cup","br\u00e8ve","Camille Bened"],"articleSection":["Biathlon"],"inLanguage":"fr-FR","potentialAction":[{"@type":"CommentAction","name":"Comment","target":["https:\/\/dicodusport.fr\/blog\/ibu-cup-2023-2024-camille-bened-sur-le-podium-du-sprint-a-arber\/#respond"]}],"copyrightYear":"2024","copyrightHolder":{"@id":"https:\/\/dicodusport.fr\/blog\/#organization"}},{"@type":"WebPage","@id":"https:\/\/dicodusport.fr\/blog\/ibu-cup-2023-2024-camille-bened-sur-le-podium-du-sprint-a-arber\/","url":"https:\/\/dicodusport.fr\/blog\/ibu-cup-2023-2024-camille-bened-sur-le-podium-du-sprint-a-arber\/","name":"IBU Cup 2023\/2024 : Camille Bened sur le podium du sprint \u00e0 Arber","isPartOf":{"@id":"https:\/\/dicodusport.fr\/blog\/#website"},"primaryImageOfPage":{"@id":"https:\/\/dicodusport.fr\/blog\/ibu-cup-2023-2024-camille-bened-sur-le-podium-du-sprint-a-arber\/#primaryimage"},"image":{"@id":"https:\/\/dicodusport.fr\/blog\/ibu-cup-2023-2024-camille-bened-sur-le-podium-du-sprint-a-arber\/#primaryimage"},"thumbnailUrl":"https:\/\/dicodusport.fr\/blog\/wp-content\/uploads\/2024\/02\/IBU-Cup-20232024-Camille-Bened-sur-le-podium-du-sprint-a-Arber.png","datePublished":"2024-02-03T11:46:05+00:00","description":"IBU CUP - Camille Bened a d\u00e9croch\u00e9 son premier podium individuel cette saison, en prenant la 2e place du sprint \u00e0 Arber (Allemagne).","breadcrumb":{"@id":"https:\/\/dicodusport.fr\/blog\/ibu-cup-2023-2024-camille-bened-sur-le-podium-du-sprint-a-arber\/#breadcrumb"},"inLanguage":"fr-FR","potentialAction":[{"@type":"ReadAction","target":["https:\/\/dicodusport.fr\/blog\/ibu-cup-2023-2024-camille-bened-sur-le-podium-du-sprint-a-arber\/"]}]},{"@type":"ImageObject","inLanguage":"fr-FR","@id":"https:\/\/dicodusport.fr\/blog\/ibu-cup-2023-2024-camille-bened-sur-le-podium-du-sprint-a-arber\/#primaryimage","url":"https:\/\/dicodusport.fr\/blog\/wp-content\/uploads\/2024\/02\/IBU-Cup-20232024-Camille-Bened-sur-le-podium-du-sprint-a-Arber.png","contentUrl":"https:\/\/dicodusport.fr\/blog\/wp-content\/uploads\/2024\/02\/IBU-Cup-20232024-Camille-Bened-sur-le-podium-du-sprint-a-Arber.png","width":1200,"height":674,"caption":"IBU Cup 20232024 Camille Bened sur le podium du sprint \u00e0 Arber"},{"@type":"BreadcrumbList","@id":"https:\/\/dicodusport.fr\/blog\/ibu-cup-2023-2024-camille-bened-sur-le-podium-du-sprint-a-arber\/#breadcrumb","itemListElement":[{"@type":"ListItem","position":1,"name":"Accueil","item":"https:\/\/dicodusport.fr\/blog\/"},{"@type":"ListItem","position":2,"name":"IBU Cup 2023\/2024 : Camille Bened sur le podium du sprint \u00e0 Arber"}]},{"@type":"WebSite","@id":"https:\/\/dicodusport.fr\/blog\/#website","url":"https:\/\/dicodusport.fr\/blog\/","name":"Dicodusport","description":"L&#039;encyclop\u00e9die de l&#039;actualit\u00e9 sportive","publisher":{"@id":"https:\/\/dicodusport.fr\/blog\/#organization"},"potentialAction":[{"@type":"SearchAction","target":{"@type":"EntryPoint","urlTemplate":"https:\/\/dicodusport.fr\/blog\/?s={search_term_string}"},"query-input":{"@type":"PropertyValueSpecification","valueRequired":true,"valueName":"search_term_string"}}],"inLanguage":"fr-FR"},{"@type":"NewsMediaOrganization","@id":"https:\/\/dicodusport.fr\/blog\/#organization","name":"Dicodusport","url":"https:\/\/dicodusport.fr\/blog\/","logo":{"@type":"ImageObject","inLanguage":"fr-FR","@id":"https:\/\/dicodusport.fr\/blog\/#\/schema\/logo\/image\/","url":"https:\/\/dicodusport.fr\/blog\/wp-content\/uploads\/2020\/06\/cropped-LOGO-DICODUSPORT-2020-SANS-FOND-SANS-TEXTE.png","contentUrl":"https:\/\/dicodusport.fr\/blog\/wp-content\/uploads\/2020\/06\/cropped-LOGO-DICODUSPORT-2020-SANS-FOND-SANS-TEXTE.png","width":512,"height":512,"caption":"Dicodusport"},"image":{"@id":"https:\/\/dicodusport.fr\/blog\/#\/schema\/logo\/image\/"},"sameAs":["https:\/\/www.facebook.com\/dicodusport","https:\/\/x.com\/dicodusport","https:\/\/www.instagram.com\/dicodusport\/","https:\/\/www.youtube.com\/channel\/UC7V2KZ5sd3htJivAbA4ZG3w"],"description":"Dicodusport est l'encyclop\u00e9die de l'actualit\u00e9 sportive.","email":"bonjour@dicodusport.fr","legalName":"DICODUSPORT","foundingDate":"2018-01-14","vatID":"FR71834470973","taxID":"83447097300043","numberOfEmployees":{"@type":"QuantitativeValue","minValue":"1","maxValue":"10"}},{"@type":"Person","@id":"https:\/\/dicodusport.fr\/blog\/#\/schema\/person\/d603dd7da31fb2b46c82b9835a77ec13","name":"Etienne Goursaud","image":{"@type":"ImageObject","inLanguage":"fr-FR","@id":"https:\/\/dicodusport.fr\/blog\/#\/schema\/person\/image\/","url":"https:\/\/dicodusport.fr\/blog\/wp-content\/uploads\/2023\/12\/410122264_10231602061736049_5565839791558026645_n-150x150.jpg","contentUrl":"https:\/\/dicodusport.fr\/blog\/wp-content\/uploads\/2023\/12\/410122264_10231602061736049_5565839791558026645_n-150x150.jpg","caption":"Etienne Goursaud"},"description":"Journaliste et amoureux de sport. Ancien footballeur reconverti athl\u00e8te quand ses muscles le laissent tranquille. \u00c9lev\u00e9 \u00e0 la sauce des exploits de Thomas Voeckler en 2004, du dernier essai de l\u00e9gende de Eunice Barber \u00e0 la longueur lors des championnats du monde d'athl\u00e9tisme de 2003 mais aussi Zidane, Omeyer et Titou Lamaison.","url":"https:\/\/dicodusport.fr\/blog\/author\/etienne-goursaud\/"}]}},"_links":{"self":[{"href":"https:\/\/dicodusport.fr\/blog\/wp-json\/wp\/v2\/posts\/459353","targetHints":{"allow":["GET"]}}],"collection":[{"href":"https:\/\/dicodusport.fr\/blog\/wp-json\/wp\/v2\/posts"}],"about":[{"href":"https:\/\/dicodusport.fr\/blog\/wp-json\/wp\/v2\/types\/post"}],"author":[{"embeddable":true,"href":"https:\/\/dicodusport.fr\/blog\/wp-json\/wp\/v2\/users\/83"}],"replies":[{"embeddable":true,"href":"https:\/\/dicodusport.fr\/blog\/wp-json\/wp\/v2\/comments?post=459353"}],"version-history":[{"count":2,"href":"https:\/\/dicodusport.fr\/blog\/wp-json\/wp\/v2\/posts\/459353\/revisions"}],"predecessor-version":[{"id":459365,"href":"https:\/\/dicodusport.fr\/blog\/wp-json\/wp\/v2\/posts\/459353\/revisions\/459365"}],"wp:featuredmedia":[{"embeddable":true,"href":"https:\/\/dicodusport.fr\/blog\/wp-json\/wp\/v2\/media\/459364"}],"wp:attachment":[{"href":"https:\/\/dicodusport.fr\/blog\/wp-json\/wp\/v2\/media?parent=459353"}],"wp:term":[{"taxonomy":"category","embeddable":true,"href":"https:\/\/dicodusport.fr\/blog\/wp-json\/wp\/v2\/categories?post=459353"},{"taxonomy":"post_tag","embeddable":true,"href":"https:\/\/dicodusport.fr\/blog\/wp-json\/wp\/v2\/tags?post=459353"}],"curies":[{"name":"wp","href":"https:\/\/api.w.org\/{rel}","templated":true}]}}