{"id":459412,"date":"2024-02-03T15:24:58","date_gmt":"2024-02-03T14:24:58","guid":{"rendered":"https:\/\/dicodusport.fr\/blog\/?p=459412&#038;preview=true&#038;preview_id=459412"},"modified":"2024-02-03T15:40:50","modified_gmt":"2024-02-03T14:40:50","slug":"mondiaux-de-cyclo-cross-2024-fem-van-empel-conserve-son-titre-mondial","status":"publish","type":"post","link":"https:\/\/dicodusport.fr\/blog\/mondiaux-de-cyclo-cross-2024-fem-van-empel-conserve-son-titre-mondial\/","title":{"rendered":"Mondiaux de Cyclo-cross 2024 : Fem van Empel conserve son titre mondial"},"content":{"rendered":"<p style=\"text-align: justify;\"><em><b>CHAMPIONNATS DU MONDE DE CYCLO-CROSS 2024 &#8211; Intouchable d\u00e8s le premier des quatre tours, Fem van Empel (Pays-Bas) a d\u00e9croch\u00e9 un nouveau titre mondial ce samedi, \u00e0 Tabor (R\u00e9publique Tch\u00e8que).\u00a0<\/b><\/em><\/p>\n<ul style=\"text-align: justify;\">\n<li style=\"text-align: justify;\"><strong>\u00c0 ce sujet &#8211; <a href=\"https:\/\/dicodusport.fr\/blog\/programme-et-resultats-championnats-du-monde-cyclo-cross-2024\/\">Programme et r\u00e9sultats Cyclo-cross Championnats du monde 2024<\/a><\/strong><\/li>\n<\/ul>\n<p style=\"text-align: justify;\">Elle n&rsquo;a rien laiss\u00e9 aux autres. Ce samedi,<strong> Fem van Empel<\/strong>, 21 ans, a conserv\u00e9 son titre mondial en cyclo-cross, dans la cat\u00e9gorie \u00e9lites femmes. Et de quelle mani\u00e8re. La N\u00e9erlandaise aux 17 victoires cette saison (en 17 d\u00e9parts, s&rsquo;il vous pla\u00eet), championne d&rsquo;Europe en novembre dernier, a mis la concurrence au supplice d\u00e8s le premier des quatre tours sur le circuit tch\u00e8que.<\/p>\n<p style=\"text-align: justify;\">Plus \u00e0 l&rsquo;aise techniquement, et plus puissante sur les parties plus roulantes, <strong>van Empel<\/strong>, membre de la formation <strong>Visma &#8211; Lease a Bike<\/strong>, n&rsquo;a jamais \u00e9t\u00e9 inqui\u00e9t\u00e9e. \u00c0 l&rsquo;arriv\u00e9e, apr\u00e8s plus de 46 minutes de course, elle devance ses deux compatriotes <strong>Lucinda Brand<\/strong> et<strong> Puck Pieterse<\/strong>. La premi\u00e8re cit\u00e9e \u00e9tant rel\u00e9gu\u00e9e \u00e0 1:20, quand le seconde mentionn\u00e9e a coup\u00e9 la ligne \u00e0 quasiment deux minutes de l&rsquo;ogresse <strong>van Empel<\/strong>. C&rsquo;est m\u00eame un quadrupl\u00e9 n\u00e9erlandais, avec la quatri\u00e8me place de <strong>Ceylin Alvarado<\/strong> (+2:37), <a href=\"https:\/\/dicodusport.fr\/blog\/coupe-du-monde-cyclocross-classement-general-femmes\/\">laur\u00e9ate du classement g\u00e9n\u00e9ral de la Coupe du monde<\/a>.<\/p>\n<blockquote class=\"twitter-tweet\">\n<p dir=\"ltr\" lang=\"fr\">Fem van Empel sans concurrence : la N\u00e9erlandaise s&rsquo;impose largement \u00e0 Tabor pour devenir double Championne du monde de cyclo-cross ! <a href=\"https:\/\/twitter.com\/hashtag\/Tabor2024?src=hash&amp;ref_src=twsrc%5Etfw\">#Tabor2024<\/a> <a href=\"https:\/\/twitter.com\/hashtag\/lequipeVELO?src=hash&amp;ref_src=twsrc%5Etfw\">#lequipeVELO<\/a> <a href=\"https:\/\/t.co\/d2e8PyyuFa\">pic.twitter.com\/d2e8PyyuFa<\/a><\/p>\n<p>\u2014 L&rsquo;\u00c9QUIPE (@lequipe) <a href=\"https:\/\/twitter.com\/lequipe\/status\/1753787492312961407?ref_src=twsrc%5Etfw\">February 3, 2024<\/a><\/p><\/blockquote>\n<p><script async src=\"https:\/\/platform.twitter.com\/widgets.js\" charset=\"utf-8\"><\/script><\/p>\n<h2 style=\"text-align: justify;\">Clauzel aux portes du Top 10<\/h2>\n<p style=\"text-align: justify;\">C\u00f4t\u00e9 tricolore, <strong>H\u00e9l\u00e8ne Clauzel<\/strong>, double championne de France en titre, termine \u00e0 la 11\u00e8me place (+3:52). Apr\u00e8s un mauvais d\u00e9part, la Fran\u00e7aise s&rsquo;est battue pour entrer dans le top 10, en vain. Seconde repr\u00e9sentante fran\u00e7aise en lice, <strong>Amandine Fouquenet<\/strong> doit se contenter de la 19\u00e8me place. Pour rappel, ce samedi matin,<a href=\"https:\/\/dicodusport.fr\/blog\/mondiaux-de-cyclo-cross-2024-celia-gery-championne-du-monde-juniors\/\"><strong> C\u00e9lia Gery<\/strong> a d\u00e9croch\u00e9 le titre mondial chez les juniors f\u00e9minines<\/a>.<\/p>\n<ul>\n<li style=\"text-align: justify;\"><strong>\u00c0 ce sujet &#8211; <a href=\"https:\/\/dicodusport.fr\/blog\/classement-course-femmes-cyclo-cross-championnats-du-monde-2024\/\">Classement Course femmes Cyclo-cross Championnats du monde 2024<\/a><\/strong><\/li>\n<\/ul>\n<p style=\"text-align: justify;\">\n","protected":false},"excerpt":{"rendered":"<p>CHAMPIONNATS DU MONDE DE CYCLO-CROSS 2024 &#8211; Intouchable d\u00e8s le premier des quatre tours, Fem van Empel (Pays-Bas) a d\u00e9croch\u00e9 un nouveau titre mondial ce samedi, \u00e0 Tabor (R\u00e9publique Tch\u00e8que).\u00a0<\/p>\n","protected":false},"author":4,"featured_media":459463,"comment_status":"open","ping_status":"closed","sticky":false,"template":"","format":"standard","meta":{"_acf_changed":false,"_daextam_enable_autolinks":"1","footnotes":""},"categories":[9611],"tags":[16878,6666],"class_list":["post-459412","post","type-post","status-publish","format-standard","has-post-thumbnail","hentry","category-cyclo-cross","tag-breve","tag-cyclo-cross"],"acf":[],"yoast_head":"<!-- This site is optimized with the Yoast SEO Premium plugin v26.7 (Yoast SEO v26.7) - https:\/\/yoast.com\/wordpress\/plugins\/seo\/ -->\n<title>Mondiaux de Cyclo-cross 2024 : Fem van Empel conserve son titre mondial<\/title>\n<meta name=\"description\" content=\"CHAMPIONNATS DU MONDE DE CYCLO-CROSS 2024 - Fem van Empel (Pays-Bas) a d\u00e9croch\u00e9 un nouveau titre mondial ce samedi, \u00e0 Tabor (R\u00e9publique Tch\u00e8que).\u00a0\" \/>\n<meta name=\"robots\" content=\"index, follow, max-snippet:-1, max-image-preview:large, max-video-preview:-1\" \/>\n<link rel=\"canonical\" href=\"https:\/\/dicodusport.fr\/blog\/mondiaux-de-cyclo-cross-2024-fem-van-empel-conserve-son-titre-mondial\/\" \/>\n<meta property=\"og:locale\" content=\"fr_FR\" \/>\n<meta property=\"og:type\" content=\"article\" \/>\n<meta property=\"og:title\" content=\"Mondiaux de Cyclo-cross 2024 : Fem van Empel conserve son titre mondial\" \/>\n<meta property=\"og:description\" content=\"CHAMPIONNATS DU MONDE DE CYCLO-CROSS 2024 - Fem van Empel (Pays-Bas) a d\u00e9croch\u00e9 un nouveau titre mondial ce samedi, \u00e0 Tabor (R\u00e9publique Tch\u00e8que).\u00a0\" \/>\n<meta property=\"og:url\" content=\"https:\/\/dicodusport.fr\/blog\/mondiaux-de-cyclo-cross-2024-fem-van-empel-conserve-son-titre-mondial\/\" \/>\n<meta property=\"og:site_name\" content=\"Dicodusport\" \/>\n<meta property=\"article:publisher\" content=\"https:\/\/www.facebook.com\/dicodusport\" \/>\n<meta property=\"article:author\" content=\"https:\/\/www.facebook.com\/florent.ostermann\" \/>\n<meta property=\"article:published_time\" content=\"2024-02-03T14:24:58+00:00\" \/>\n<meta property=\"article:modified_time\" content=\"2024-02-03T14:40:50+00:00\" \/>\n<meta property=\"og:image\" content=\"https:\/\/dicodusport.fr\/blog\/wp-content\/uploads\/2024\/02\/Mondiaux-de-Cyclo-cross-2024-Fem-van-Empel-conserve-son-titre-mondial-1.png\" \/>\n\t<meta property=\"og:image:width\" content=\"1200\" \/>\n\t<meta property=\"og:image:height\" content=\"674\" \/>\n\t<meta property=\"og:image:type\" content=\"image\/png\" \/>\n<meta name=\"author\" content=\"Flo Ostermann\" \/>\n<meta name=\"twitter:card\" content=\"summary_large_image\" \/>\n<meta name=\"twitter:title\" content=\"Mondiaux de Cyclo-cross 2024 : Fem van Empel conserve son titre mondial\" \/>\n<meta name=\"twitter:creator\" content=\"@https:\/\/twitter.com\/FlOstermann\" \/>\n<meta name=\"twitter:site\" content=\"@dicodusport\" \/>\n<script type=\"application\/ld+json\" class=\"yoast-schema-graph\">{\"@context\":\"https:\/\/schema.org\",\"@graph\":[{\"@type\":\"NewsArticle\",\"@id\":\"https:\/\/dicodusport.fr\/blog\/mondiaux-de-cyclo-cross-2024-fem-van-empel-conserve-son-titre-mondial\/#article\",\"isPartOf\":{\"@id\":\"https:\/\/dicodusport.fr\/blog\/mondiaux-de-cyclo-cross-2024-fem-van-empel-conserve-son-titre-mondial\/\"},\"author\":{\"name\":\"Flo Ostermann\",\"@id\":\"https:\/\/dicodusport.fr\/blog\/#\/schema\/person\/cb02af4c173ce4a653b55e9baf388d4a\"},\"headline\":\"Mondiaux de Cyclo-cross 2024 : Fem van Empel conserve son titre mondial\",\"datePublished\":\"2024-02-03T14:24:58+00:00\",\"dateModified\":\"2024-02-03T14:40:50+00:00\",\"mainEntityOfPage\":{\"@id\":\"https:\/\/dicodusport.fr\/blog\/mondiaux-de-cyclo-cross-2024-fem-van-empel-conserve-son-titre-mondial\/\"},\"wordCount\":345,\"commentCount\":0,\"publisher\":{\"@id\":\"https:\/\/dicodusport.fr\/blog\/#organization\"},\"image\":{\"@id\":\"https:\/\/dicodusport.fr\/blog\/mondiaux-de-cyclo-cross-2024-fem-van-empel-conserve-son-titre-mondial\/#primaryimage\"},\"thumbnailUrl\":\"https:\/\/dicodusport.fr\/blog\/wp-content\/uploads\/2024\/02\/Mondiaux-de-Cyclo-cross-2024-Fem-van-Empel-conserve-son-titre-mondial-1.png\",\"keywords\":[\"br\u00e8ve\",\"Cyclo-cross\"],\"articleSection\":[\"Cyclo-cross\"],\"inLanguage\":\"fr-FR\",\"potentialAction\":[{\"@type\":\"CommentAction\",\"name\":\"Comment\",\"target\":[\"https:\/\/dicodusport.fr\/blog\/mondiaux-de-cyclo-cross-2024-fem-van-empel-conserve-son-titre-mondial\/#respond\"]}],\"copyrightYear\":\"2024\",\"copyrightHolder\":{\"@id\":\"https:\/\/dicodusport.fr\/blog\/#organization\"}},{\"@type\":\"WebPage\",\"@id\":\"https:\/\/dicodusport.fr\/blog\/mondiaux-de-cyclo-cross-2024-fem-van-empel-conserve-son-titre-mondial\/\",\"url\":\"https:\/\/dicodusport.fr\/blog\/mondiaux-de-cyclo-cross-2024-fem-van-empel-conserve-son-titre-mondial\/\",\"name\":\"Mondiaux de Cyclo-cross 2024 : Fem van Empel conserve son titre mondial\",\"isPartOf\":{\"@id\":\"https:\/\/dicodusport.fr\/blog\/#website\"},\"primaryImageOfPage\":{\"@id\":\"https:\/\/dicodusport.fr\/blog\/mondiaux-de-cyclo-cross-2024-fem-van-empel-conserve-son-titre-mondial\/#primaryimage\"},\"image\":{\"@id\":\"https:\/\/dicodusport.fr\/blog\/mondiaux-de-cyclo-cross-2024-fem-van-empel-conserve-son-titre-mondial\/#primaryimage\"},\"thumbnailUrl\":\"https:\/\/dicodusport.fr\/blog\/wp-content\/uploads\/2024\/02\/Mondiaux-de-Cyclo-cross-2024-Fem-van-Empel-conserve-son-titre-mondial-1.png\",\"datePublished\":\"2024-02-03T14:24:58+00:00\",\"dateModified\":\"2024-02-03T14:40:50+00:00\",\"description\":\"CHAMPIONNATS DU MONDE DE CYCLO-CROSS 2024 - Fem van Empel (Pays-Bas) a d\u00e9croch\u00e9 un nouveau titre mondial ce samedi, \u00e0 Tabor (R\u00e9publique Tch\u00e8que).\u00a0\",\"breadcrumb\":{\"@id\":\"https:\/\/dicodusport.fr\/blog\/mondiaux-de-cyclo-cross-2024-fem-van-empel-conserve-son-titre-mondial\/#breadcrumb\"},\"inLanguage\":\"fr-FR\",\"potentialAction\":[{\"@type\":\"ReadAction\",\"target\":[\"https:\/\/dicodusport.fr\/blog\/mondiaux-de-cyclo-cross-2024-fem-van-empel-conserve-son-titre-mondial\/\"]}]},{\"@type\":\"ImageObject\",\"inLanguage\":\"fr-FR\",\"@id\":\"https:\/\/dicodusport.fr\/blog\/mondiaux-de-cyclo-cross-2024-fem-van-empel-conserve-son-titre-mondial\/#primaryimage\",\"url\":\"https:\/\/dicodusport.fr\/blog\/wp-content\/uploads\/2024\/02\/Mondiaux-de-Cyclo-cross-2024-Fem-van-Empel-conserve-son-titre-mondial-1.png\",\"contentUrl\":\"https:\/\/dicodusport.fr\/blog\/wp-content\/uploads\/2024\/02\/Mondiaux-de-Cyclo-cross-2024-Fem-van-Empel-conserve-son-titre-mondial-1.png\",\"width\":1200,\"height\":674,\"caption\":\"Mondiaux de Cyclo-cross 2024 Fem van Empel conserve son titre mondial (1)\"},{\"@type\":\"BreadcrumbList\",\"@id\":\"https:\/\/dicodusport.fr\/blog\/mondiaux-de-cyclo-cross-2024-fem-van-empel-conserve-son-titre-mondial\/#breadcrumb\",\"itemListElement\":[{\"@type\":\"ListItem\",\"position\":1,\"name\":\"Accueil\",\"item\":\"https:\/\/dicodusport.fr\/blog\/\"},{\"@type\":\"ListItem\",\"position\":2,\"name\":\"Mondiaux de Cyclo-cross 2024 : Fem van Empel conserve son titre mondial\"}]},{\"@type\":\"WebSite\",\"@id\":\"https:\/\/dicodusport.fr\/blog\/#website\",\"url\":\"https:\/\/dicodusport.fr\/blog\/\",\"name\":\"Dicodusport\",\"description\":\"L&#039;encyclop\u00e9die de l&#039;actualit\u00e9 sportive\",\"publisher\":{\"@id\":\"https:\/\/dicodusport.fr\/blog\/#organization\"},\"potentialAction\":[{\"@type\":\"SearchAction\",\"target\":{\"@type\":\"EntryPoint\",\"urlTemplate\":\"https:\/\/dicodusport.fr\/blog\/?s={search_term_string}\"},\"query-input\":{\"@type\":\"PropertyValueSpecification\",\"valueRequired\":true,\"valueName\":\"search_term_string\"}}],\"inLanguage\":\"fr-FR\"},{\"@type\":\"NewsMediaOrganization\",\"@id\":\"https:\/\/dicodusport.fr\/blog\/#organization\",\"name\":\"Dicodusport\",\"url\":\"https:\/\/dicodusport.fr\/blog\/\",\"logo\":{\"@type\":\"ImageObject\",\"inLanguage\":\"fr-FR\",\"@id\":\"https:\/\/dicodusport.fr\/blog\/#\/schema\/logo\/image\/\",\"url\":\"https:\/\/dicodusport.fr\/blog\/wp-content\/uploads\/2020\/06\/cropped-LOGO-DICODUSPORT-2020-SANS-FOND-SANS-TEXTE.png\",\"contentUrl\":\"https:\/\/dicodusport.fr\/blog\/wp-content\/uploads\/2020\/06\/cropped-LOGO-DICODUSPORT-2020-SANS-FOND-SANS-TEXTE.png\",\"width\":512,\"height\":512,\"caption\":\"Dicodusport\"},\"image\":{\"@id\":\"https:\/\/dicodusport.fr\/blog\/#\/schema\/logo\/image\/\"},\"sameAs\":[\"https:\/\/www.facebook.com\/dicodusport\",\"https:\/\/x.com\/dicodusport\",\"https:\/\/www.instagram.com\/dicodusport\/\",\"https:\/\/www.youtube.com\/channel\/UC7V2KZ5sd3htJivAbA4ZG3w\"],\"description\":\"Dicodusport est l'encyclop\u00e9die de l'actualit\u00e9 sportive.\",\"email\":\"bonjour@dicodusport.fr\",\"legalName\":\"DICODUSPORT\",\"foundingDate\":\"2018-01-14\",\"vatID\":\"FR71834470973\",\"taxID\":\"83447097300043\",\"numberOfEmployees\":{\"@type\":\"QuantitativeValue\",\"minValue\":\"1\",\"maxValue\":\"10\"}},{\"@type\":\"Person\",\"@id\":\"https:\/\/dicodusport.fr\/blog\/#\/schema\/person\/cb02af4c173ce4a653b55e9baf388d4a\",\"name\":\"Flo Ostermann\",\"image\":{\"@type\":\"ImageObject\",\"inLanguage\":\"fr-FR\",\"@id\":\"https:\/\/dicodusport.fr\/blog\/#\/schema\/person\/image\/\",\"url\":\"https:\/\/dicodusport.fr\/blog\/wp-content\/uploads\/2021\/05\/Flo-Ostermann-150x150.jpg\",\"contentUrl\":\"https:\/\/dicodusport.fr\/blog\/wp-content\/uploads\/2021\/05\/Flo-Ostermann-150x150.jpg\",\"caption\":\"Flo Ostermann\"},\"description\":\"Journaliste\/R\u00e9dacteur depuis septembre 2015 - Mes premiers souvenirs dans le sport ? Les envol\u00e9es du Stade Toulousain et les duels Villeneuve-Schumacher et H\u00e4kkinen-Schumacher \u00e0 la fin des ann\u00e9es 90, la Coupe du monde de football en 1998, l\u2019exploit du XV de France face aux All Blacks en 1999, mais aussi Richard C\u0153ur de Lion qui vole sur les montagnes du Tour de France. Bien parti pour devenir professeur d\u2019EPS, les \u00e9v\u00e9nements de la vie (et la flemme d\u2019animer des s\u00e9ances de 3x500 m\u00e8tres toute ma vie) m\u2019ont conduit \u00e0 revoir mes plans. Me voil\u00e0 depuis fin 2017 sur Dicodusport, m\u00e9dia gr\u00e2ce (et pour) lequel je partage ma passion : le sport dans tous ses \u00e9tats. Le tout accompagn\u00e9 par les fous furieux et folles furieuses cit\u00e9s sur cette page !\",\"sameAs\":[\"https:\/\/www.facebook.com\/florent.ostermann\",\"https:\/\/x.com\/https:\/\/twitter.com\/FlOstermann\",\"admin\"],\"url\":\"https:\/\/dicodusport.fr\/blog\/author\/flo\/\"}]}<\/script>\n<!-- \/ Yoast SEO Premium plugin. -->","yoast_head_json":{"title":"Mondiaux de Cyclo-cross 2024 : Fem van Empel conserve son titre mondial","description":"CHAMPIONNATS DU MONDE DE CYCLO-CROSS 2024 - Fem van Empel (Pays-Bas) a d\u00e9croch\u00e9 un nouveau titre mondial ce samedi, \u00e0 Tabor (R\u00e9publique Tch\u00e8que).\u00a0","robots":{"index":"index","follow":"follow","max-snippet":"max-snippet:-1","max-image-preview":"max-image-preview:large","max-video-preview":"max-video-preview:-1"},"canonical":"https:\/\/dicodusport.fr\/blog\/mondiaux-de-cyclo-cross-2024-fem-van-empel-conserve-son-titre-mondial\/","og_locale":"fr_FR","og_type":"article","og_title":"Mondiaux de Cyclo-cross 2024 : Fem van Empel conserve son titre mondial","og_description":"CHAMPIONNATS DU MONDE DE CYCLO-CROSS 2024 - Fem van Empel (Pays-Bas) a d\u00e9croch\u00e9 un nouveau titre mondial ce samedi, \u00e0 Tabor (R\u00e9publique Tch\u00e8que).\u00a0","og_url":"https:\/\/dicodusport.fr\/blog\/mondiaux-de-cyclo-cross-2024-fem-van-empel-conserve-son-titre-mondial\/","og_site_name":"Dicodusport","article_publisher":"https:\/\/www.facebook.com\/dicodusport","article_author":"https:\/\/www.facebook.com\/florent.ostermann","article_published_time":"2024-02-03T14:24:58+00:00","article_modified_time":"2024-02-03T14:40:50+00:00","og_image":[{"width":1200,"height":674,"url":"https:\/\/dicodusport.fr\/blog\/wp-content\/uploads\/2024\/02\/Mondiaux-de-Cyclo-cross-2024-Fem-van-Empel-conserve-son-titre-mondial-1.png","type":"image\/png"}],"author":"Flo Ostermann","twitter_card":"summary_large_image","twitter_title":"Mondiaux de Cyclo-cross 2024 : Fem van Empel conserve son titre mondial","twitter_creator":"@https:\/\/twitter.com\/FlOstermann","twitter_site":"@dicodusport","schema":{"@context":"https:\/\/schema.org","@graph":[{"@type":"NewsArticle","@id":"https:\/\/dicodusport.fr\/blog\/mondiaux-de-cyclo-cross-2024-fem-van-empel-conserve-son-titre-mondial\/#article","isPartOf":{"@id":"https:\/\/dicodusport.fr\/blog\/mondiaux-de-cyclo-cross-2024-fem-van-empel-conserve-son-titre-mondial\/"},"author":{"name":"Flo Ostermann","@id":"https:\/\/dicodusport.fr\/blog\/#\/schema\/person\/cb02af4c173ce4a653b55e9baf388d4a"},"headline":"Mondiaux de Cyclo-cross 2024 : Fem van Empel conserve son titre mondial","datePublished":"2024-02-03T14:24:58+00:00","dateModified":"2024-02-03T14:40:50+00:00","mainEntityOfPage":{"@id":"https:\/\/dicodusport.fr\/blog\/mondiaux-de-cyclo-cross-2024-fem-van-empel-conserve-son-titre-mondial\/"},"wordCount":345,"commentCount":0,"publisher":{"@id":"https:\/\/dicodusport.fr\/blog\/#organization"},"image":{"@id":"https:\/\/dicodusport.fr\/blog\/mondiaux-de-cyclo-cross-2024-fem-van-empel-conserve-son-titre-mondial\/#primaryimage"},"thumbnailUrl":"https:\/\/dicodusport.fr\/blog\/wp-content\/uploads\/2024\/02\/Mondiaux-de-Cyclo-cross-2024-Fem-van-Empel-conserve-son-titre-mondial-1.png","keywords":["br\u00e8ve","Cyclo-cross"],"articleSection":["Cyclo-cross"],"inLanguage":"fr-FR","potentialAction":[{"@type":"CommentAction","name":"Comment","target":["https:\/\/dicodusport.fr\/blog\/mondiaux-de-cyclo-cross-2024-fem-van-empel-conserve-son-titre-mondial\/#respond"]}],"copyrightYear":"2024","copyrightHolder":{"@id":"https:\/\/dicodusport.fr\/blog\/#organization"}},{"@type":"WebPage","@id":"https:\/\/dicodusport.fr\/blog\/mondiaux-de-cyclo-cross-2024-fem-van-empel-conserve-son-titre-mondial\/","url":"https:\/\/dicodusport.fr\/blog\/mondiaux-de-cyclo-cross-2024-fem-van-empel-conserve-son-titre-mondial\/","name":"Mondiaux de Cyclo-cross 2024 : Fem van Empel conserve son titre mondial","isPartOf":{"@id":"https:\/\/dicodusport.fr\/blog\/#website"},"primaryImageOfPage":{"@id":"https:\/\/dicodusport.fr\/blog\/mondiaux-de-cyclo-cross-2024-fem-van-empel-conserve-son-titre-mondial\/#primaryimage"},"image":{"@id":"https:\/\/dicodusport.fr\/blog\/mondiaux-de-cyclo-cross-2024-fem-van-empel-conserve-son-titre-mondial\/#primaryimage"},"thumbnailUrl":"https:\/\/dicodusport.fr\/blog\/wp-content\/uploads\/2024\/02\/Mondiaux-de-Cyclo-cross-2024-Fem-van-Empel-conserve-son-titre-mondial-1.png","datePublished":"2024-02-03T14:24:58+00:00","dateModified":"2024-02-03T14:40:50+00:00","description":"CHAMPIONNATS DU MONDE DE CYCLO-CROSS 2024 - Fem van Empel (Pays-Bas) a d\u00e9croch\u00e9 un nouveau titre mondial ce samedi, \u00e0 Tabor (R\u00e9publique Tch\u00e8que).\u00a0","breadcrumb":{"@id":"https:\/\/dicodusport.fr\/blog\/mondiaux-de-cyclo-cross-2024-fem-van-empel-conserve-son-titre-mondial\/#breadcrumb"},"inLanguage":"fr-FR","potentialAction":[{"@type":"ReadAction","target":["https:\/\/dicodusport.fr\/blog\/mondiaux-de-cyclo-cross-2024-fem-van-empel-conserve-son-titre-mondial\/"]}]},{"@type":"ImageObject","inLanguage":"fr-FR","@id":"https:\/\/dicodusport.fr\/blog\/mondiaux-de-cyclo-cross-2024-fem-van-empel-conserve-son-titre-mondial\/#primaryimage","url":"https:\/\/dicodusport.fr\/blog\/wp-content\/uploads\/2024\/02\/Mondiaux-de-Cyclo-cross-2024-Fem-van-Empel-conserve-son-titre-mondial-1.png","contentUrl":"https:\/\/dicodusport.fr\/blog\/wp-content\/uploads\/2024\/02\/Mondiaux-de-Cyclo-cross-2024-Fem-van-Empel-conserve-son-titre-mondial-1.png","width":1200,"height":674,"caption":"Mondiaux de Cyclo-cross 2024 Fem van Empel conserve son titre mondial (1)"},{"@type":"BreadcrumbList","@id":"https:\/\/dicodusport.fr\/blog\/mondiaux-de-cyclo-cross-2024-fem-van-empel-conserve-son-titre-mondial\/#breadcrumb","itemListElement":[{"@type":"ListItem","position":1,"name":"Accueil","item":"https:\/\/dicodusport.fr\/blog\/"},{"@type":"ListItem","position":2,"name":"Mondiaux de Cyclo-cross 2024 : Fem van Empel conserve son titre mondial"}]},{"@type":"WebSite","@id":"https:\/\/dicodusport.fr\/blog\/#website","url":"https:\/\/dicodusport.fr\/blog\/","name":"Dicodusport","description":"L&#039;encyclop\u00e9die de l&#039;actualit\u00e9 sportive","publisher":{"@id":"https:\/\/dicodusport.fr\/blog\/#organization"},"potentialAction":[{"@type":"SearchAction","target":{"@type":"EntryPoint","urlTemplate":"https:\/\/dicodusport.fr\/blog\/?s={search_term_string}"},"query-input":{"@type":"PropertyValueSpecification","valueRequired":true,"valueName":"search_term_string"}}],"inLanguage":"fr-FR"},{"@type":"NewsMediaOrganization","@id":"https:\/\/dicodusport.fr\/blog\/#organization","name":"Dicodusport","url":"https:\/\/dicodusport.fr\/blog\/","logo":{"@type":"ImageObject","inLanguage":"fr-FR","@id":"https:\/\/dicodusport.fr\/blog\/#\/schema\/logo\/image\/","url":"https:\/\/dicodusport.fr\/blog\/wp-content\/uploads\/2020\/06\/cropped-LOGO-DICODUSPORT-2020-SANS-FOND-SANS-TEXTE.png","contentUrl":"https:\/\/dicodusport.fr\/blog\/wp-content\/uploads\/2020\/06\/cropped-LOGO-DICODUSPORT-2020-SANS-FOND-SANS-TEXTE.png","width":512,"height":512,"caption":"Dicodusport"},"image":{"@id":"https:\/\/dicodusport.fr\/blog\/#\/schema\/logo\/image\/"},"sameAs":["https:\/\/www.facebook.com\/dicodusport","https:\/\/x.com\/dicodusport","https:\/\/www.instagram.com\/dicodusport\/","https:\/\/www.youtube.com\/channel\/UC7V2KZ5sd3htJivAbA4ZG3w"],"description":"Dicodusport est l'encyclop\u00e9die de l'actualit\u00e9 sportive.","email":"bonjour@dicodusport.fr","legalName":"DICODUSPORT","foundingDate":"2018-01-14","vatID":"FR71834470973","taxID":"83447097300043","numberOfEmployees":{"@type":"QuantitativeValue","minValue":"1","maxValue":"10"}},{"@type":"Person","@id":"https:\/\/dicodusport.fr\/blog\/#\/schema\/person\/cb02af4c173ce4a653b55e9baf388d4a","name":"Flo Ostermann","image":{"@type":"ImageObject","inLanguage":"fr-FR","@id":"https:\/\/dicodusport.fr\/blog\/#\/schema\/person\/image\/","url":"https:\/\/dicodusport.fr\/blog\/wp-content\/uploads\/2021\/05\/Flo-Ostermann-150x150.jpg","contentUrl":"https:\/\/dicodusport.fr\/blog\/wp-content\/uploads\/2021\/05\/Flo-Ostermann-150x150.jpg","caption":"Flo Ostermann"},"description":"Journaliste\/R\u00e9dacteur depuis septembre 2015 - Mes premiers souvenirs dans le sport ? Les envol\u00e9es du Stade Toulousain et les duels Villeneuve-Schumacher et H\u00e4kkinen-Schumacher \u00e0 la fin des ann\u00e9es 90, la Coupe du monde de football en 1998, l\u2019exploit du XV de France face aux All Blacks en 1999, mais aussi Richard C\u0153ur de Lion qui vole sur les montagnes du Tour de France. Bien parti pour devenir professeur d\u2019EPS, les \u00e9v\u00e9nements de la vie (et la flemme d\u2019animer des s\u00e9ances de 3x500 m\u00e8tres toute ma vie) m\u2019ont conduit \u00e0 revoir mes plans. Me voil\u00e0 depuis fin 2017 sur Dicodusport, m\u00e9dia gr\u00e2ce (et pour) lequel je partage ma passion : le sport dans tous ses \u00e9tats. Le tout accompagn\u00e9 par les fous furieux et folles furieuses cit\u00e9s sur cette page !","sameAs":["https:\/\/www.facebook.com\/florent.ostermann","https:\/\/x.com\/https:\/\/twitter.com\/FlOstermann","admin"],"url":"https:\/\/dicodusport.fr\/blog\/author\/flo\/"}]}},"_links":{"self":[{"href":"https:\/\/dicodusport.fr\/blog\/wp-json\/wp\/v2\/posts\/459412","targetHints":{"allow":["GET"]}}],"collection":[{"href":"https:\/\/dicodusport.fr\/blog\/wp-json\/wp\/v2\/posts"}],"about":[{"href":"https:\/\/dicodusport.fr\/blog\/wp-json\/wp\/v2\/types\/post"}],"author":[{"embeddable":true,"href":"https:\/\/dicodusport.fr\/blog\/wp-json\/wp\/v2\/users\/4"}],"replies":[{"embeddable":true,"href":"https:\/\/dicodusport.fr\/blog\/wp-json\/wp\/v2\/comments?post=459412"}],"version-history":[{"count":4,"href":"https:\/\/dicodusport.fr\/blog\/wp-json\/wp\/v2\/posts\/459412\/revisions"}],"predecessor-version":[{"id":459462,"href":"https:\/\/dicodusport.fr\/blog\/wp-json\/wp\/v2\/posts\/459412\/revisions\/459462"}],"wp:featuredmedia":[{"embeddable":true,"href":"https:\/\/dicodusport.fr\/blog\/wp-json\/wp\/v2\/media\/459463"}],"wp:attachment":[{"href":"https:\/\/dicodusport.fr\/blog\/wp-json\/wp\/v2\/media?parent=459412"}],"wp:term":[{"taxonomy":"category","embeddable":true,"href":"https:\/\/dicodusport.fr\/blog\/wp-json\/wp\/v2\/categories?post=459412"},{"taxonomy":"post_tag","embeddable":true,"href":"https:\/\/dicodusport.fr\/blog\/wp-json\/wp\/v2\/tags?post=459412"}],"curies":[{"name":"wp","href":"https:\/\/api.w.org\/{rel}","templated":true}]}}