{"id":459759,"date":"2024-02-04T15:37:24","date_gmt":"2024-02-04T14:37:24","guid":{"rendered":"https:\/\/dicodusport.fr\/blog\/?p=459759&#038;preview=true&#038;preview_id=459759"},"modified":"2024-02-04T16:20:36","modified_gmt":"2024-02-04T15:20:36","slug":"mondiaux-de-cyclo-cross-2024-sixieme-titre-pour-mathieu-van-der-poel-a-tabor","status":"publish","type":"post","link":"https:\/\/dicodusport.fr\/blog\/mondiaux-de-cyclo-cross-2024-sixieme-titre-pour-mathieu-van-der-poel-a-tabor\/","title":{"rendered":"Mondiaux de Cyclo-cross 2024 : Sixi\u00e8me titre pour Mathieu van der Poel \u00e0 Tabor"},"content":{"rendered":"<p style=\"text-align: justify;\"><em><b>CHAMPIONNATS DU MONDE DE CYCLO-CROSS 2024 &#8211; Mathieu van der Poel (Pays-Bas) n&rsquo;a laiss\u00e9 aucune chance \u00e0 ses adversaires lors de la course \u00e9lites hommes ce dimanche. Il confirme sa nette domination dans la discipline et glane son sixi\u00e8me titre.<\/b><\/em><\/p>\n<ul>\n<li style=\"text-align: justify;\"><strong>\u00c0 ce sujet &#8211; <a href=\"https:\/\/dicodusport.fr\/blog\/classement-course-hommes-cyclo-cross-championnats-du-monde-2024\/\">Classement de la course \u00e9lites hommes des championnats du monde<\/a><\/strong><\/li>\n<li style=\"text-align: justify;\"><strong>\u00c0 ce sujet &#8211; <a href=\"https:\/\/dicodusport.fr\/blog\/programme-et-resultats-championnats-du-monde-cyclo-cross-2024\/\">Tous les r\u00e9sultats des championnats du monde de cyclo-cross 2024<\/a><\/strong><\/li>\n<\/ul>\n<p style=\"text-align: justify;\">Le <strong>cyclo-cross<\/strong> est une course pour hommes forts et \u00e0 la fin, c&rsquo;est <strong>Mathieu van der Poel<\/strong> qui gagne. Le N\u00e9erlandais a une nouvelle fois \u00e9cras\u00e9 la concurrence \u00e0 <strong>Tabor<\/strong>. En s&rsquo;envolant d\u00e8s le premier des six tours de circuit, il a progressivement fait la diff\u00e9rence. Il a ainsi compt\u00e9 jusqu&rsquo;\u00e0 une minute d&rsquo;avance au cinqui\u00e8me tour avant de g\u00e9rer sa fin de course. Il remporte son sixi\u00e8me titre de champion du monde de la discipline et se rapproche \u00e0 une unit\u00e9 d&rsquo;<strong>Eric de Vlaeminck<\/strong>.<\/p>\n<blockquote class=\"twitter-tweet\">\n<p dir=\"ltr\" lang=\"fr\">Et de 6 pour Mathieu van der Poel ! \u00c0 Tabor, le N\u00e9erlandais a \u00e9cras\u00e9 la concurrence pour remporter un nouveau titre mondial en cyclo-cross ! Il devance Nieuwenhuis et Vanthourenhout <a href=\"https:\/\/twitter.com\/hashtag\/LesRP?src=hash&amp;ref_src=twsrc%5Etfw\">#LesRP<\/a> <a href=\"https:\/\/t.co\/ugZf5wza65\">pic.twitter.com\/ugZf5wza65<\/a><\/p>\n<p>\u2014 Eurosport France (@Eurosport_FR) <a href=\"https:\/\/twitter.com\/Eurosport_FR\/status\/1754152240766455851?ref_src=twsrc%5Etfw\">February 4, 2024<\/a><\/p><\/blockquote>\n<p><script async src=\"https:\/\/platform.twitter.com\/widgets.js\" charset=\"utf-8\"><\/script><\/p>\n<h2 style=\"text-align: justify;\">Nieuwenhuis et Vanthourenhout sur la bo\u00eete<\/h2>\n<p style=\"text-align: justify;\">Derri\u00e8re, on s&rsquo;est battu pour les accessits. <strong>Joris Nieuwenhuis<\/strong>, auteur d&rsquo;une course tr\u00e8s solide, est rest\u00e9 second du d\u00e9but \u00e0 la fin et s&rsquo;est clairement affirm\u00e9 comme le deuxi\u00e8me homme le plus fort aujourd&rsquo;hui. Retrait\u00e9 de la route, le Hollandais r\u00e9ussit parfaitement sa sp\u00e9cification en cyclo-cross. Le tr\u00e8s r\u00e9gulier belge <strong>Michael Vanthourenhout<\/strong> termine troisi\u00e8me apr\u00e8s une belle lutte avec <strong>Pim Ronhaar<\/strong>, un autre N\u00e9erlandais. Le vainqueur de la Coupe du monde <strong>Eli Iserbyt<\/strong> a \u00e9t\u00e9 un peu en de\u00e7\u00e0 de son niveau de l&rsquo;hiver, terminant seulement cinqui\u00e8me.<\/p>\n<p style=\"text-align: justify;\">De son c\u00f4t\u00e9, <strong>Cl\u00e9ment Venturini<\/strong>, un temps troisi\u00e8me, semble s&rsquo;\u00eatre mis dans le rouge et a bien explos\u00e9 pour \u00e9chouer au 16\u00e8me rang. Quant \u00e0 <strong>David Menut<\/strong>, il a pris la 21\u00e8me place.<\/p>\n","protected":false},"excerpt":{"rendered":"<p>CHAMPIONNATS DU MONDE DE CYCLO-CROSS 2024 &#8211; Mathieu van der Poel (Pays-Bas) n&rsquo;a laiss\u00e9 aucune chance \u00e0 ses adversaires lors de la course \u00e9lites hommes ce dimanche.<\/p>\n","protected":false},"author":92,"featured_media":459960,"comment_status":"open","ping_status":"closed","sticky":false,"template":"","format":"standard","meta":{"_acf_changed":false,"_daextam_enable_autolinks":"1","footnotes":""},"categories":[9611],"tags":[16878,6666,6597,24],"class_list":["post-459759","post","type-post","status-publish","format-standard","has-post-thumbnail","hentry","category-cyclo-cross","tag-breve","tag-cyclo-cross","tag-mathieu-van-der-poel","tag-sport"],"acf":[],"yoast_head":"<!-- This site is optimized with the Yoast SEO Premium plugin v26.7 (Yoast SEO v26.7) - https:\/\/yoast.com\/wordpress\/plugins\/seo\/ -->\n<title>Mondiaux de Cyclo-cross 2024 : Sixi\u00e8me titre pour Mathieu van der Poel \u00e0 Tabor<\/title>\n<meta name=\"description\" content=\"CHAMPIONNATS DU MONDE DE CYCLO-CROSS 2024 - Mathieu van der Poel (Pays-Bas) lors de la course \u00e9lites hommes ce dimanche.\" \/>\n<meta name=\"robots\" content=\"index, follow, max-snippet:-1, max-image-preview:large, max-video-preview:-1\" \/>\n<link rel=\"canonical\" href=\"https:\/\/dicodusport.fr\/blog\/mondiaux-de-cyclo-cross-2024-sixieme-titre-pour-mathieu-van-der-poel-a-tabor\/\" \/>\n<meta property=\"og:locale\" content=\"fr_FR\" \/>\n<meta property=\"og:type\" content=\"article\" \/>\n<meta property=\"og:title\" content=\"Mondiaux de Cyclo-cross 2024 : Sixi\u00e8me titre pour Mathieu van der Poel \u00e0 Tabor\" \/>\n<meta property=\"og:description\" content=\"CHAMPIONNATS DU MONDE DE CYCLO-CROSS 2024 - Mathieu van der Poel (Pays-Bas) lors de la course \u00e9lites hommes ce dimanche.\" \/>\n<meta property=\"og:url\" content=\"https:\/\/dicodusport.fr\/blog\/mondiaux-de-cyclo-cross-2024-sixieme-titre-pour-mathieu-van-der-poel-a-tabor\/\" \/>\n<meta property=\"og:site_name\" content=\"Dicodusport\" \/>\n<meta property=\"article:publisher\" content=\"https:\/\/www.facebook.com\/dicodusport\" \/>\n<meta property=\"article:published_time\" content=\"2024-02-04T14:37:24+00:00\" \/>\n<meta property=\"article:modified_time\" content=\"2024-02-04T15:20:36+00:00\" \/>\n<meta property=\"og:image\" content=\"https:\/\/dicodusport.fr\/blog\/wp-content\/uploads\/2024\/02\/Mondiaux-de-Cyclo-cross-2024-Sixieme-titre-pour-Mathieu-van-der-Poel-a-Tabor-1.png\" \/>\n\t<meta property=\"og:image:width\" content=\"1200\" \/>\n\t<meta property=\"og:image:height\" content=\"674\" \/>\n\t<meta property=\"og:image:type\" content=\"image\/png\" \/>\n<meta name=\"author\" content=\"Olivier Dobiezynski\" \/>\n<meta name=\"twitter:card\" content=\"summary_large_image\" \/>\n<meta name=\"twitter:title\" content=\"Mondiaux de Cyclo-cross 2024 : Sixi\u00e8me titre pour Mathieu van der Poel \u00e0 Tabor\" \/>\n<meta name=\"twitter:creator\" content=\"@https:\/\/x.com\/Olivier_Matros\" \/>\n<meta name=\"twitter:site\" content=\"@dicodusport\" \/>\n<script type=\"application\/ld+json\" class=\"yoast-schema-graph\">{\"@context\":\"https:\/\/schema.org\",\"@graph\":[{\"@type\":\"NewsArticle\",\"@id\":\"https:\/\/dicodusport.fr\/blog\/mondiaux-de-cyclo-cross-2024-sixieme-titre-pour-mathieu-van-der-poel-a-tabor\/#article\",\"isPartOf\":{\"@id\":\"https:\/\/dicodusport.fr\/blog\/mondiaux-de-cyclo-cross-2024-sixieme-titre-pour-mathieu-van-der-poel-a-tabor\/\"},\"author\":{\"name\":\"Olivier Dobiezynski\",\"@id\":\"https:\/\/dicodusport.fr\/blog\/#\/schema\/person\/fe500246414ca17ddf0c0312d7a792cc\"},\"headline\":\"Mondiaux de Cyclo-cross 2024 : Sixi\u00e8me titre pour Mathieu van der Poel \u00e0 Tabor\",\"datePublished\":\"2024-02-04T14:37:24+00:00\",\"dateModified\":\"2024-02-04T15:20:36+00:00\",\"mainEntityOfPage\":{\"@id\":\"https:\/\/dicodusport.fr\/blog\/mondiaux-de-cyclo-cross-2024-sixieme-titre-pour-mathieu-van-der-poel-a-tabor\/\"},\"wordCount\":355,\"commentCount\":0,\"publisher\":{\"@id\":\"https:\/\/dicodusport.fr\/blog\/#organization\"},\"image\":{\"@id\":\"https:\/\/dicodusport.fr\/blog\/mondiaux-de-cyclo-cross-2024-sixieme-titre-pour-mathieu-van-der-poel-a-tabor\/#primaryimage\"},\"thumbnailUrl\":\"https:\/\/dicodusport.fr\/blog\/wp-content\/uploads\/2024\/02\/Mondiaux-de-Cyclo-cross-2024-Sixieme-titre-pour-Mathieu-van-der-Poel-a-Tabor-1.png\",\"keywords\":[\"br\u00e8ve\",\"Cyclo-cross\",\"Mathieu van der Poel\",\"sport\"],\"articleSection\":[\"Cyclo-cross\"],\"inLanguage\":\"fr-FR\",\"potentialAction\":[{\"@type\":\"CommentAction\",\"name\":\"Comment\",\"target\":[\"https:\/\/dicodusport.fr\/blog\/mondiaux-de-cyclo-cross-2024-sixieme-titre-pour-mathieu-van-der-poel-a-tabor\/#respond\"]}],\"copyrightYear\":\"2024\",\"copyrightHolder\":{\"@id\":\"https:\/\/dicodusport.fr\/blog\/#organization\"}},{\"@type\":\"WebPage\",\"@id\":\"https:\/\/dicodusport.fr\/blog\/mondiaux-de-cyclo-cross-2024-sixieme-titre-pour-mathieu-van-der-poel-a-tabor\/\",\"url\":\"https:\/\/dicodusport.fr\/blog\/mondiaux-de-cyclo-cross-2024-sixieme-titre-pour-mathieu-van-der-poel-a-tabor\/\",\"name\":\"Mondiaux de Cyclo-cross 2024 : Sixi\u00e8me titre pour Mathieu van der Poel \u00e0 Tabor\",\"isPartOf\":{\"@id\":\"https:\/\/dicodusport.fr\/blog\/#website\"},\"primaryImageOfPage\":{\"@id\":\"https:\/\/dicodusport.fr\/blog\/mondiaux-de-cyclo-cross-2024-sixieme-titre-pour-mathieu-van-der-poel-a-tabor\/#primaryimage\"},\"image\":{\"@id\":\"https:\/\/dicodusport.fr\/blog\/mondiaux-de-cyclo-cross-2024-sixieme-titre-pour-mathieu-van-der-poel-a-tabor\/#primaryimage\"},\"thumbnailUrl\":\"https:\/\/dicodusport.fr\/blog\/wp-content\/uploads\/2024\/02\/Mondiaux-de-Cyclo-cross-2024-Sixieme-titre-pour-Mathieu-van-der-Poel-a-Tabor-1.png\",\"datePublished\":\"2024-02-04T14:37:24+00:00\",\"dateModified\":\"2024-02-04T15:20:36+00:00\",\"description\":\"CHAMPIONNATS DU MONDE DE CYCLO-CROSS 2024 - Mathieu van der Poel (Pays-Bas) lors de la course \u00e9lites hommes ce dimanche.\",\"breadcrumb\":{\"@id\":\"https:\/\/dicodusport.fr\/blog\/mondiaux-de-cyclo-cross-2024-sixieme-titre-pour-mathieu-van-der-poel-a-tabor\/#breadcrumb\"},\"inLanguage\":\"fr-FR\",\"potentialAction\":[{\"@type\":\"ReadAction\",\"target\":[\"https:\/\/dicodusport.fr\/blog\/mondiaux-de-cyclo-cross-2024-sixieme-titre-pour-mathieu-van-der-poel-a-tabor\/\"]}]},{\"@type\":\"ImageObject\",\"inLanguage\":\"fr-FR\",\"@id\":\"https:\/\/dicodusport.fr\/blog\/mondiaux-de-cyclo-cross-2024-sixieme-titre-pour-mathieu-van-der-poel-a-tabor\/#primaryimage\",\"url\":\"https:\/\/dicodusport.fr\/blog\/wp-content\/uploads\/2024\/02\/Mondiaux-de-Cyclo-cross-2024-Sixieme-titre-pour-Mathieu-van-der-Poel-a-Tabor-1.png\",\"contentUrl\":\"https:\/\/dicodusport.fr\/blog\/wp-content\/uploads\/2024\/02\/Mondiaux-de-Cyclo-cross-2024-Sixieme-titre-pour-Mathieu-van-der-Poel-a-Tabor-1.png\",\"width\":1200,\"height\":674,\"caption\":\"Mondiaux de Cyclo-cross 2024 Sixi\u00e8me titre pour Mathieu van der Poel \u00e0 Tabor (1)\"},{\"@type\":\"BreadcrumbList\",\"@id\":\"https:\/\/dicodusport.fr\/blog\/mondiaux-de-cyclo-cross-2024-sixieme-titre-pour-mathieu-van-der-poel-a-tabor\/#breadcrumb\",\"itemListElement\":[{\"@type\":\"ListItem\",\"position\":1,\"name\":\"Accueil\",\"item\":\"https:\/\/dicodusport.fr\/blog\/\"},{\"@type\":\"ListItem\",\"position\":2,\"name\":\"Mondiaux de Cyclo-cross 2024 : Sixi\u00e8me titre pour Mathieu van der Poel \u00e0 Tabor\"}]},{\"@type\":\"WebSite\",\"@id\":\"https:\/\/dicodusport.fr\/blog\/#website\",\"url\":\"https:\/\/dicodusport.fr\/blog\/\",\"name\":\"Dicodusport\",\"description\":\"L&#039;encyclop\u00e9die de l&#039;actualit\u00e9 sportive\",\"publisher\":{\"@id\":\"https:\/\/dicodusport.fr\/blog\/#organization\"},\"potentialAction\":[{\"@type\":\"SearchAction\",\"target\":{\"@type\":\"EntryPoint\",\"urlTemplate\":\"https:\/\/dicodusport.fr\/blog\/?s={search_term_string}\"},\"query-input\":{\"@type\":\"PropertyValueSpecification\",\"valueRequired\":true,\"valueName\":\"search_term_string\"}}],\"inLanguage\":\"fr-FR\"},{\"@type\":\"NewsMediaOrganization\",\"@id\":\"https:\/\/dicodusport.fr\/blog\/#organization\",\"name\":\"Dicodusport\",\"url\":\"https:\/\/dicodusport.fr\/blog\/\",\"logo\":{\"@type\":\"ImageObject\",\"inLanguage\":\"fr-FR\",\"@id\":\"https:\/\/dicodusport.fr\/blog\/#\/schema\/logo\/image\/\",\"url\":\"https:\/\/dicodusport.fr\/blog\/wp-content\/uploads\/2020\/06\/cropped-LOGO-DICODUSPORT-2020-SANS-FOND-SANS-TEXTE.png\",\"contentUrl\":\"https:\/\/dicodusport.fr\/blog\/wp-content\/uploads\/2020\/06\/cropped-LOGO-DICODUSPORT-2020-SANS-FOND-SANS-TEXTE.png\",\"width\":512,\"height\":512,\"caption\":\"Dicodusport\"},\"image\":{\"@id\":\"https:\/\/dicodusport.fr\/blog\/#\/schema\/logo\/image\/\"},\"sameAs\":[\"https:\/\/www.facebook.com\/dicodusport\",\"https:\/\/x.com\/dicodusport\",\"https:\/\/www.instagram.com\/dicodusport\/\",\"https:\/\/www.youtube.com\/channel\/UC7V2KZ5sd3htJivAbA4ZG3w\"],\"description\":\"Dicodusport est l'encyclop\u00e9die de l'actualit\u00e9 sportive.\",\"email\":\"bonjour@dicodusport.fr\",\"legalName\":\"DICODUSPORT\",\"foundingDate\":\"2018-01-14\",\"vatID\":\"FR71834470973\",\"taxID\":\"83447097300043\",\"numberOfEmployees\":{\"@type\":\"QuantitativeValue\",\"minValue\":\"1\",\"maxValue\":\"10\"}},{\"@type\":\"Person\",\"@id\":\"https:\/\/dicodusport.fr\/blog\/#\/schema\/person\/fe500246414ca17ddf0c0312d7a792cc\",\"name\":\"Olivier Dobiezynski\",\"image\":{\"@type\":\"ImageObject\",\"inLanguage\":\"fr-FR\",\"@id\":\"https:\/\/dicodusport.fr\/blog\/#\/schema\/person\/image\/\",\"url\":\"https:\/\/dicodusport.fr\/blog\/wp-content\/uploads\/2024\/09\/5be8fe8d-9962-4f1e-ad06-d6f9dee30e6d-150x150.jpg\",\"contentUrl\":\"https:\/\/dicodusport.fr\/blog\/wp-content\/uploads\/2024\/09\/5be8fe8d-9962-4f1e-ad06-d6f9dee30e6d-150x150.jpg\",\"caption\":\"Olivier Dobiezynski\"},\"description\":\"Depuis le milieu des ann\u00e9es 90, la passion du cyclisme m'anime. Mes h\u00e9ros s'appellent Luc Leblanc, Piotr Ugrumov, Paolo Savoldelli, Peter Sagan et bien \u00e9videmment Romain Bardet. R\u00e9dacteur depuis 2023, je suis ici pour partager cet amour de la Petite Reine. Vous pourrez me lire \u00e9galement sur du trail, du ski de fond et tout autre sujet susceptible d'\u00e9veiller ma curiosit\u00e9 sportive.\",\"sameAs\":[\"https:\/\/x.com\/https:\/\/x.com\/Olivier_Matros\"],\"url\":\"https:\/\/dicodusport.fr\/blog\/author\/olivier-gh\/\"}]}<\/script>\n<!-- \/ Yoast SEO Premium plugin. -->","yoast_head_json":{"title":"Mondiaux de Cyclo-cross 2024 : Sixi\u00e8me titre pour Mathieu van der Poel \u00e0 Tabor","description":"CHAMPIONNATS DU MONDE DE CYCLO-CROSS 2024 - Mathieu van der Poel (Pays-Bas) lors de la course \u00e9lites hommes ce dimanche.","robots":{"index":"index","follow":"follow","max-snippet":"max-snippet:-1","max-image-preview":"max-image-preview:large","max-video-preview":"max-video-preview:-1"},"canonical":"https:\/\/dicodusport.fr\/blog\/mondiaux-de-cyclo-cross-2024-sixieme-titre-pour-mathieu-van-der-poel-a-tabor\/","og_locale":"fr_FR","og_type":"article","og_title":"Mondiaux de Cyclo-cross 2024 : Sixi\u00e8me titre pour Mathieu van der Poel \u00e0 Tabor","og_description":"CHAMPIONNATS DU MONDE DE CYCLO-CROSS 2024 - Mathieu van der Poel (Pays-Bas) lors de la course \u00e9lites hommes ce dimanche.","og_url":"https:\/\/dicodusport.fr\/blog\/mondiaux-de-cyclo-cross-2024-sixieme-titre-pour-mathieu-van-der-poel-a-tabor\/","og_site_name":"Dicodusport","article_publisher":"https:\/\/www.facebook.com\/dicodusport","article_published_time":"2024-02-04T14:37:24+00:00","article_modified_time":"2024-02-04T15:20:36+00:00","og_image":[{"width":1200,"height":674,"url":"https:\/\/dicodusport.fr\/blog\/wp-content\/uploads\/2024\/02\/Mondiaux-de-Cyclo-cross-2024-Sixieme-titre-pour-Mathieu-van-der-Poel-a-Tabor-1.png","type":"image\/png"}],"author":"Olivier Dobiezynski","twitter_card":"summary_large_image","twitter_title":"Mondiaux de Cyclo-cross 2024 : Sixi\u00e8me titre pour Mathieu van der Poel \u00e0 Tabor","twitter_creator":"@https:\/\/x.com\/Olivier_Matros","twitter_site":"@dicodusport","schema":{"@context":"https:\/\/schema.org","@graph":[{"@type":"NewsArticle","@id":"https:\/\/dicodusport.fr\/blog\/mondiaux-de-cyclo-cross-2024-sixieme-titre-pour-mathieu-van-der-poel-a-tabor\/#article","isPartOf":{"@id":"https:\/\/dicodusport.fr\/blog\/mondiaux-de-cyclo-cross-2024-sixieme-titre-pour-mathieu-van-der-poel-a-tabor\/"},"author":{"name":"Olivier Dobiezynski","@id":"https:\/\/dicodusport.fr\/blog\/#\/schema\/person\/fe500246414ca17ddf0c0312d7a792cc"},"headline":"Mondiaux de Cyclo-cross 2024 : Sixi\u00e8me titre pour Mathieu van der Poel \u00e0 Tabor","datePublished":"2024-02-04T14:37:24+00:00","dateModified":"2024-02-04T15:20:36+00:00","mainEntityOfPage":{"@id":"https:\/\/dicodusport.fr\/blog\/mondiaux-de-cyclo-cross-2024-sixieme-titre-pour-mathieu-van-der-poel-a-tabor\/"},"wordCount":355,"commentCount":0,"publisher":{"@id":"https:\/\/dicodusport.fr\/blog\/#organization"},"image":{"@id":"https:\/\/dicodusport.fr\/blog\/mondiaux-de-cyclo-cross-2024-sixieme-titre-pour-mathieu-van-der-poel-a-tabor\/#primaryimage"},"thumbnailUrl":"https:\/\/dicodusport.fr\/blog\/wp-content\/uploads\/2024\/02\/Mondiaux-de-Cyclo-cross-2024-Sixieme-titre-pour-Mathieu-van-der-Poel-a-Tabor-1.png","keywords":["br\u00e8ve","Cyclo-cross","Mathieu van der Poel","sport"],"articleSection":["Cyclo-cross"],"inLanguage":"fr-FR","potentialAction":[{"@type":"CommentAction","name":"Comment","target":["https:\/\/dicodusport.fr\/blog\/mondiaux-de-cyclo-cross-2024-sixieme-titre-pour-mathieu-van-der-poel-a-tabor\/#respond"]}],"copyrightYear":"2024","copyrightHolder":{"@id":"https:\/\/dicodusport.fr\/blog\/#organization"}},{"@type":"WebPage","@id":"https:\/\/dicodusport.fr\/blog\/mondiaux-de-cyclo-cross-2024-sixieme-titre-pour-mathieu-van-der-poel-a-tabor\/","url":"https:\/\/dicodusport.fr\/blog\/mondiaux-de-cyclo-cross-2024-sixieme-titre-pour-mathieu-van-der-poel-a-tabor\/","name":"Mondiaux de Cyclo-cross 2024 : Sixi\u00e8me titre pour Mathieu van der Poel \u00e0 Tabor","isPartOf":{"@id":"https:\/\/dicodusport.fr\/blog\/#website"},"primaryImageOfPage":{"@id":"https:\/\/dicodusport.fr\/blog\/mondiaux-de-cyclo-cross-2024-sixieme-titre-pour-mathieu-van-der-poel-a-tabor\/#primaryimage"},"image":{"@id":"https:\/\/dicodusport.fr\/blog\/mondiaux-de-cyclo-cross-2024-sixieme-titre-pour-mathieu-van-der-poel-a-tabor\/#primaryimage"},"thumbnailUrl":"https:\/\/dicodusport.fr\/blog\/wp-content\/uploads\/2024\/02\/Mondiaux-de-Cyclo-cross-2024-Sixieme-titre-pour-Mathieu-van-der-Poel-a-Tabor-1.png","datePublished":"2024-02-04T14:37:24+00:00","dateModified":"2024-02-04T15:20:36+00:00","description":"CHAMPIONNATS DU MONDE DE CYCLO-CROSS 2024 - Mathieu van der Poel (Pays-Bas) lors de la course \u00e9lites hommes ce dimanche.","breadcrumb":{"@id":"https:\/\/dicodusport.fr\/blog\/mondiaux-de-cyclo-cross-2024-sixieme-titre-pour-mathieu-van-der-poel-a-tabor\/#breadcrumb"},"inLanguage":"fr-FR","potentialAction":[{"@type":"ReadAction","target":["https:\/\/dicodusport.fr\/blog\/mondiaux-de-cyclo-cross-2024-sixieme-titre-pour-mathieu-van-der-poel-a-tabor\/"]}]},{"@type":"ImageObject","inLanguage":"fr-FR","@id":"https:\/\/dicodusport.fr\/blog\/mondiaux-de-cyclo-cross-2024-sixieme-titre-pour-mathieu-van-der-poel-a-tabor\/#primaryimage","url":"https:\/\/dicodusport.fr\/blog\/wp-content\/uploads\/2024\/02\/Mondiaux-de-Cyclo-cross-2024-Sixieme-titre-pour-Mathieu-van-der-Poel-a-Tabor-1.png","contentUrl":"https:\/\/dicodusport.fr\/blog\/wp-content\/uploads\/2024\/02\/Mondiaux-de-Cyclo-cross-2024-Sixieme-titre-pour-Mathieu-van-der-Poel-a-Tabor-1.png","width":1200,"height":674,"caption":"Mondiaux de Cyclo-cross 2024 Sixi\u00e8me titre pour Mathieu van der Poel \u00e0 Tabor (1)"},{"@type":"BreadcrumbList","@id":"https:\/\/dicodusport.fr\/blog\/mondiaux-de-cyclo-cross-2024-sixieme-titre-pour-mathieu-van-der-poel-a-tabor\/#breadcrumb","itemListElement":[{"@type":"ListItem","position":1,"name":"Accueil","item":"https:\/\/dicodusport.fr\/blog\/"},{"@type":"ListItem","position":2,"name":"Mondiaux de Cyclo-cross 2024 : Sixi\u00e8me titre pour Mathieu van der Poel \u00e0 Tabor"}]},{"@type":"WebSite","@id":"https:\/\/dicodusport.fr\/blog\/#website","url":"https:\/\/dicodusport.fr\/blog\/","name":"Dicodusport","description":"L&#039;encyclop\u00e9die de l&#039;actualit\u00e9 sportive","publisher":{"@id":"https:\/\/dicodusport.fr\/blog\/#organization"},"potentialAction":[{"@type":"SearchAction","target":{"@type":"EntryPoint","urlTemplate":"https:\/\/dicodusport.fr\/blog\/?s={search_term_string}"},"query-input":{"@type":"PropertyValueSpecification","valueRequired":true,"valueName":"search_term_string"}}],"inLanguage":"fr-FR"},{"@type":"NewsMediaOrganization","@id":"https:\/\/dicodusport.fr\/blog\/#organization","name":"Dicodusport","url":"https:\/\/dicodusport.fr\/blog\/","logo":{"@type":"ImageObject","inLanguage":"fr-FR","@id":"https:\/\/dicodusport.fr\/blog\/#\/schema\/logo\/image\/","url":"https:\/\/dicodusport.fr\/blog\/wp-content\/uploads\/2020\/06\/cropped-LOGO-DICODUSPORT-2020-SANS-FOND-SANS-TEXTE.png","contentUrl":"https:\/\/dicodusport.fr\/blog\/wp-content\/uploads\/2020\/06\/cropped-LOGO-DICODUSPORT-2020-SANS-FOND-SANS-TEXTE.png","width":512,"height":512,"caption":"Dicodusport"},"image":{"@id":"https:\/\/dicodusport.fr\/blog\/#\/schema\/logo\/image\/"},"sameAs":["https:\/\/www.facebook.com\/dicodusport","https:\/\/x.com\/dicodusport","https:\/\/www.instagram.com\/dicodusport\/","https:\/\/www.youtube.com\/channel\/UC7V2KZ5sd3htJivAbA4ZG3w"],"description":"Dicodusport est l'encyclop\u00e9die de l'actualit\u00e9 sportive.","email":"bonjour@dicodusport.fr","legalName":"DICODUSPORT","foundingDate":"2018-01-14","vatID":"FR71834470973","taxID":"83447097300043","numberOfEmployees":{"@type":"QuantitativeValue","minValue":"1","maxValue":"10"}},{"@type":"Person","@id":"https:\/\/dicodusport.fr\/blog\/#\/schema\/person\/fe500246414ca17ddf0c0312d7a792cc","name":"Olivier Dobiezynski","image":{"@type":"ImageObject","inLanguage":"fr-FR","@id":"https:\/\/dicodusport.fr\/blog\/#\/schema\/person\/image\/","url":"https:\/\/dicodusport.fr\/blog\/wp-content\/uploads\/2024\/09\/5be8fe8d-9962-4f1e-ad06-d6f9dee30e6d-150x150.jpg","contentUrl":"https:\/\/dicodusport.fr\/blog\/wp-content\/uploads\/2024\/09\/5be8fe8d-9962-4f1e-ad06-d6f9dee30e6d-150x150.jpg","caption":"Olivier Dobiezynski"},"description":"Depuis le milieu des ann\u00e9es 90, la passion du cyclisme m'anime. Mes h\u00e9ros s'appellent Luc Leblanc, Piotr Ugrumov, Paolo Savoldelli, Peter Sagan et bien \u00e9videmment Romain Bardet. R\u00e9dacteur depuis 2023, je suis ici pour partager cet amour de la Petite Reine. Vous pourrez me lire \u00e9galement sur du trail, du ski de fond et tout autre sujet susceptible d'\u00e9veiller ma curiosit\u00e9 sportive.","sameAs":["https:\/\/x.com\/https:\/\/x.com\/Olivier_Matros"],"url":"https:\/\/dicodusport.fr\/blog\/author\/olivier-gh\/"}]}},"_links":{"self":[{"href":"https:\/\/dicodusport.fr\/blog\/wp-json\/wp\/v2\/posts\/459759","targetHints":{"allow":["GET"]}}],"collection":[{"href":"https:\/\/dicodusport.fr\/blog\/wp-json\/wp\/v2\/posts"}],"about":[{"href":"https:\/\/dicodusport.fr\/blog\/wp-json\/wp\/v2\/types\/post"}],"author":[{"embeddable":true,"href":"https:\/\/dicodusport.fr\/blog\/wp-json\/wp\/v2\/users\/92"}],"replies":[{"embeddable":true,"href":"https:\/\/dicodusport.fr\/blog\/wp-json\/wp\/v2\/comments?post=459759"}],"version-history":[{"count":5,"href":"https:\/\/dicodusport.fr\/blog\/wp-json\/wp\/v2\/posts\/459759\/revisions"}],"predecessor-version":[{"id":459949,"href":"https:\/\/dicodusport.fr\/blog\/wp-json\/wp\/v2\/posts\/459759\/revisions\/459949"}],"wp:featuredmedia":[{"embeddable":true,"href":"https:\/\/dicodusport.fr\/blog\/wp-json\/wp\/v2\/media\/459960"}],"wp:attachment":[{"href":"https:\/\/dicodusport.fr\/blog\/wp-json\/wp\/v2\/media?parent=459759"}],"wp:term":[{"taxonomy":"category","embeddable":true,"href":"https:\/\/dicodusport.fr\/blog\/wp-json\/wp\/v2\/categories?post=459759"},{"taxonomy":"post_tag","embeddable":true,"href":"https:\/\/dicodusport.fr\/blog\/wp-json\/wp\/v2\/tags?post=459759"}],"curies":[{"name":"wp","href":"https:\/\/api.w.org\/{rel}","templated":true}]}}