{"id":459881,"date":"2024-02-04T15:55:17","date_gmt":"2024-02-04T14:55:17","guid":{"rendered":"https:\/\/dicodusport.fr\/blog\/?p=459881&#038;preview=true&#038;preview_id=459881"},"modified":"2024-02-04T20:36:50","modified_gmt":"2024-02-04T19:36:50","slug":"etoile-de-besseges-2024-kevin-vauquelin-gagne-la-5eme-etape-mads-pedersen-le-general","status":"publish","type":"post","link":"https:\/\/dicodusport.fr\/blog\/etoile-de-besseges-2024-kevin-vauquelin-gagne-la-5eme-etape-mads-pedersen-le-general\/","title":{"rendered":"\u00c9toile de Bess\u00e8ges 2024 : K\u00e9vin Vauquelin gagne la 5\u00e8me \u00e9tape, Mads Pedersen le g\u00e9n\u00e9ral"},"content":{"rendered":"<p style=\"text-align: justify;\"><em><b>\u00c9TOILE DE BESS\u00c8GES 2024 &#8211; K\u00e9vin Vauquelin (Arkea B&amp;B H\u00f4tels) a remport\u00e9 la cinqui\u00e8me \u00e9tape de l&rsquo;\u00c9toile de Bess\u00e8ges \u2013 Tour du Gard \u00e0 <\/b><strong>Al\u00e8s<\/strong><b>, dimanche. Lors de ce contre-la-montre final, il a devanc\u00e9 Mads Pedersen (Lidl Trek). Mais, le coureur danois a remport\u00e9 le classement g\u00e9n\u00e9ral.\u00a0<\/b><\/em><\/p>\n<ul style=\"text-align: justify;\">\n<li style=\"text-align: justify;\"><strong>\u00c0 ce sujet \u2013\u00a0<a href=\"https:\/\/dicodusport.fr\/blog\/etoile-de-besseges-2024-classement-general\/\">\u00c9toile de Bess\u00e8ges 2024 &#8211; Classement g\u00e9n\u00e9ral<\/a><br \/>\n<\/strong><\/li>\n<li style=\"text-align: justify;\"><strong>\u00c0 ce sujet \u2013 <a href=\"https:\/\/dicodusport.fr\/blog\/etoile-de-besseges-2024-classement-et-resultat-5eme-etape\/\">Classement de la 5\u00e8me \u00e9tape<\/a><\/strong><\/li>\n<\/ul>\n<p style=\"text-align: justify;\">Troisi\u00e8me du classement g\u00e9n\u00e9ral \u00e0 12 secondes de Mads Pedersen (Lidl Trek), il n&rsquo;a manqu\u00e9 deux petites secondes \u00e0 <strong>K\u00e9vin Vauquelin<\/strong> (Arkea B&amp;B H\u00f4tels) pour remporter cette 54\u00e8me \u00e9dition. En effet, le troisi\u00e8me du Grand Prix La Marseillaise, il y a une semaine, a r\u00e9alis\u00e9 le meilleur temps en 15 minutes 02 secondes et 81 centi\u00e8mes sur ce contre-la-montre de 10,6 kilom\u00e8tres avec la mont\u00e9e finale vers l&rsquo;Hermitage, longue de 2,8 km \u00e0 5,6 %. Malheureusement, <strong>Mads Pedersen<\/strong> (Lidl-Trek) a, lui aussi, fait un tr\u00e8s bon contre-la-montre pour prendre la deuxi\u00e8me \u00e0 10 secondes. Le laur\u00e9at de la troisi\u00e8me \u00e9tape \u00e0 Bess\u00e8ges, vendredi, a sauv\u00e9 sa tunique de leader. <strong>Mads Pedersen<\/strong> est le premier coureur danois \u00e0 gagner cette \u00e9preuve par \u00e9tapes.<\/p>\n<blockquote class=\"twitter-tweet\">\n<p dir=\"ltr\" lang=\"fr\">Notre premi\u00e8re victoire de la saison \ud83d\ude4c\ud83c\udffc<\/p>\n<p>K\u00e9vin Vauquelin remporte le contre-la-montre final de l&rsquo;Etoile de Bess\u00e8ges !\ud83d\udc4a\ud83c\udffc\ud83d\ude0d <a href=\"https:\/\/t.co\/CwU0L8cSab\">pic.twitter.com\/CwU0L8cSab<\/a><\/p>\n<p>\u2014 ARKEA-B&amp;B HOTELS (@arkeabbhotels) <a href=\"https:\/\/twitter.com\/arkeabbhotels\/status\/1754157930037772291?ref_src=twsrc%5Etfw\">February 4, 2024<\/a><\/p><\/blockquote>\n<p><script async src=\"https:\/\/platform.twitter.com\/widgets.js\" charset=\"utf-8\"><\/script><\/p>\n<p style=\"text-align: justify;\">Ensuite, la troisi\u00e8me place du chrono et du classement g\u00e9n\u00e9ral est revenue \u00e0 <strong>Alberto Bettiol<\/strong> (EF Education EasyPost). Le vainqueur du contre-la-montre d&rsquo;Al\u00e8s en 2020 a fini \u00e0 14 secondes, aujourd&rsquo;hui. Gr\u00e2ce \u00e0 cette performance, le coureur italien est remont\u00e9 \u00e0 32 secondes de <strong>Mads Pedersen<\/strong>, au classement g\u00e9n\u00e9ral. La formation EF Education EasyPost a impressionn\u00e9 lors de cette derni\u00e8re puisqu&rsquo;elle a plac\u00e9 cinq coureurs dans les sept premiers avec <strong>Ben Healy<\/strong>, quatri\u00e8me \u00e0 22 secondes, <strong>Sean Quinn<\/strong>, cinqui\u00e8me \u00e0 24 secondes, le vainqueur du Trofeo Calvia <strong>Simon Carr<\/strong>, sixi\u00e8me \u00e0 27 secondes, et le champion de Suisse de la discipline<strong> Stefan Bissegger<\/strong>, septi\u00e8me \u00e0 36 secondes.<\/p>\n","protected":false},"excerpt":{"rendered":"<p>\u00c9TOILE DE BESS\u00c8GES 2024 &#8211; K\u00e9vin Vauquelin (Arkea B&#038;B H\u00f4tels) a remport\u00e9 la cinqui\u00e8me \u00e9tape de l&rsquo;\u00c9toile de Bess\u00e8ges \u2013 Tour du Gard \u00e0 Al\u00e8s, dimanche. Lors de ce contre-la-montre final, il a devanc\u00e9 Mads Pedersen (Lidl Trek). Mais, le coureur danois a remport\u00e9 le classement g\u00e9n\u00e9ral.\u00a0<\/p>\n","protected":false},"author":48,"featured_media":460091,"comment_status":"open","ping_status":"closed","sticky":false,"template":"","format":"standard","meta":{"_acf_changed":false,"_daextam_enable_autolinks":"1","footnotes":""},"categories":[46994],"tags":[16878,574,3645],"class_list":["post-459881","post","type-post","status-publish","format-standard","has-post-thumbnail","hentry","category-cyclisme-sur-route","tag-breve","tag-cyclisme","tag-etoile-de-besseges"],"acf":[],"yoast_head":"<!-- This site is optimized with the Yoast SEO Premium plugin v26.7 (Yoast SEO v26.7) - https:\/\/yoast.com\/wordpress\/plugins\/seo\/ -->\n<title>\u00c9toile de Bess\u00e8ges 2024 : K\u00e9vin Vauquelin gagne la 5\u00e8me \u00e9tape, Mads Pedersen le g\u00e9n\u00e9ral<\/title>\n<meta name=\"description\" content=\"\u00c9TOILE DE BESS\u00c8GES 2024 - Kevin Vauquelin (Arkea B&amp;B H\u00f4tels) a remport\u00e9 la cinqui\u00e8me \u00e9tape de l&#039;\u00c9toile de Bess\u00e8ges \u2013 Tour du Gard.\" \/>\n<meta name=\"robots\" content=\"index, follow, max-snippet:-1, max-image-preview:large, max-video-preview:-1\" \/>\n<link rel=\"canonical\" href=\"https:\/\/dicodusport.fr\/blog\/etoile-de-besseges-2024-kevin-vauquelin-gagne-la-5eme-etape-mads-pedersen-le-general\/\" \/>\n<meta property=\"og:locale\" content=\"fr_FR\" \/>\n<meta property=\"og:type\" content=\"article\" \/>\n<meta property=\"og:title\" content=\"\u00c9toile de Bess\u00e8ges 2024 : K\u00e9vin Vauquelin gagne la 5\u00e8me \u00e9tape, Mads Pedersen le g\u00e9n\u00e9ral\" \/>\n<meta property=\"og:description\" content=\"\u00c9TOILE DE BESS\u00c8GES 2024 - Kevin Vauquelin (Arkea B&amp;B H\u00f4tels) a remport\u00e9 la cinqui\u00e8me \u00e9tape de l&#039;\u00c9toile de Bess\u00e8ges \u2013 Tour du Gard.\" \/>\n<meta property=\"og:url\" content=\"https:\/\/dicodusport.fr\/blog\/etoile-de-besseges-2024-kevin-vauquelin-gagne-la-5eme-etape-mads-pedersen-le-general\/\" \/>\n<meta property=\"og:site_name\" content=\"Dicodusport\" \/>\n<meta property=\"article:publisher\" content=\"https:\/\/www.facebook.com\/dicodusport\" \/>\n<meta property=\"article:author\" content=\"https:\/\/www.facebook.com\/groups\/LesRoisDuPeloton\" \/>\n<meta property=\"article:published_time\" content=\"2024-02-04T14:55:17+00:00\" \/>\n<meta property=\"article:modified_time\" content=\"2024-02-04T19:36:50+00:00\" \/>\n<meta property=\"og:image\" content=\"https:\/\/dicodusport.fr\/blog\/wp-content\/uploads\/2024\/02\/Etoile-de-Besseges-2024-Kevin-Vauquelin-gagne-la-5eme-etape-Mads-Pedersen-le-general-1.png\" \/>\n\t<meta property=\"og:image:width\" content=\"1200\" \/>\n\t<meta property=\"og:image:height\" content=\"674\" \/>\n\t<meta property=\"og:image:type\" content=\"image\/png\" \/>\n<meta name=\"author\" content=\"Emilien Descampiaux\" \/>\n<meta name=\"twitter:card\" content=\"summary_large_image\" \/>\n<meta name=\"twitter:title\" content=\"\u00c9toile de Bess\u00e8ges 2024 : K\u00e9vin Vauquelin gagne la 5\u00e8me \u00e9tape, Mads Pedersen le g\u00e9n\u00e9ral\" \/>\n<meta name=\"twitter:creator\" content=\"@https:\/\/twitter.com\/LRoisDuPeloton\" \/>\n<meta name=\"twitter:site\" content=\"@dicodusport\" \/>\n<script type=\"application\/ld+json\" class=\"yoast-schema-graph\">{\"@context\":\"https:\/\/schema.org\",\"@graph\":[{\"@type\":\"NewsArticle\",\"@id\":\"https:\/\/dicodusport.fr\/blog\/etoile-de-besseges-2024-kevin-vauquelin-gagne-la-5eme-etape-mads-pedersen-le-general\/#article\",\"isPartOf\":{\"@id\":\"https:\/\/dicodusport.fr\/blog\/etoile-de-besseges-2024-kevin-vauquelin-gagne-la-5eme-etape-mads-pedersen-le-general\/\"},\"author\":{\"name\":\"Emilien Descampiaux\",\"@id\":\"https:\/\/dicodusport.fr\/blog\/#\/schema\/person\/6db4bae06b171592211be385b32876a7\"},\"headline\":\"\u00c9toile de Bess\u00e8ges 2024 : K\u00e9vin Vauquelin gagne la 5\u00e8me \u00e9tape, Mads Pedersen le g\u00e9n\u00e9ral\",\"datePublished\":\"2024-02-04T14:55:17+00:00\",\"dateModified\":\"2024-02-04T19:36:50+00:00\",\"mainEntityOfPage\":{\"@id\":\"https:\/\/dicodusport.fr\/blog\/etoile-de-besseges-2024-kevin-vauquelin-gagne-la-5eme-etape-mads-pedersen-le-general\/\"},\"wordCount\":355,\"commentCount\":0,\"publisher\":{\"@id\":\"https:\/\/dicodusport.fr\/blog\/#organization\"},\"image\":{\"@id\":\"https:\/\/dicodusport.fr\/blog\/etoile-de-besseges-2024-kevin-vauquelin-gagne-la-5eme-etape-mads-pedersen-le-general\/#primaryimage\"},\"thumbnailUrl\":\"https:\/\/dicodusport.fr\/blog\/wp-content\/uploads\/2024\/02\/Etoile-de-Besseges-2024-Kevin-Vauquelin-gagne-la-5eme-etape-Mads-Pedersen-le-general-1.png\",\"keywords\":[\"br\u00e8ve\",\"Cyclisme\",\"Etoile de Bess\u00e8ges\"],\"articleSection\":[\"Cyclisme sur route\"],\"inLanguage\":\"fr-FR\",\"potentialAction\":[{\"@type\":\"CommentAction\",\"name\":\"Comment\",\"target\":[\"https:\/\/dicodusport.fr\/blog\/etoile-de-besseges-2024-kevin-vauquelin-gagne-la-5eme-etape-mads-pedersen-le-general\/#respond\"]}],\"copyrightYear\":\"2024\",\"copyrightHolder\":{\"@id\":\"https:\/\/dicodusport.fr\/blog\/#organization\"}},{\"@type\":\"WebPage\",\"@id\":\"https:\/\/dicodusport.fr\/blog\/etoile-de-besseges-2024-kevin-vauquelin-gagne-la-5eme-etape-mads-pedersen-le-general\/\",\"url\":\"https:\/\/dicodusport.fr\/blog\/etoile-de-besseges-2024-kevin-vauquelin-gagne-la-5eme-etape-mads-pedersen-le-general\/\",\"name\":\"\u00c9toile de Bess\u00e8ges 2024 : K\u00e9vin Vauquelin gagne la 5\u00e8me \u00e9tape, Mads Pedersen le g\u00e9n\u00e9ral\",\"isPartOf\":{\"@id\":\"https:\/\/dicodusport.fr\/blog\/#website\"},\"primaryImageOfPage\":{\"@id\":\"https:\/\/dicodusport.fr\/blog\/etoile-de-besseges-2024-kevin-vauquelin-gagne-la-5eme-etape-mads-pedersen-le-general\/#primaryimage\"},\"image\":{\"@id\":\"https:\/\/dicodusport.fr\/blog\/etoile-de-besseges-2024-kevin-vauquelin-gagne-la-5eme-etape-mads-pedersen-le-general\/#primaryimage\"},\"thumbnailUrl\":\"https:\/\/dicodusport.fr\/blog\/wp-content\/uploads\/2024\/02\/Etoile-de-Besseges-2024-Kevin-Vauquelin-gagne-la-5eme-etape-Mads-Pedersen-le-general-1.png\",\"datePublished\":\"2024-02-04T14:55:17+00:00\",\"dateModified\":\"2024-02-04T19:36:50+00:00\",\"description\":\"\u00c9TOILE DE BESS\u00c8GES 2024 - Kevin Vauquelin (Arkea B&B H\u00f4tels) a remport\u00e9 la cinqui\u00e8me \u00e9tape de l'\u00c9toile de Bess\u00e8ges \u2013 Tour du Gard.\",\"breadcrumb\":{\"@id\":\"https:\/\/dicodusport.fr\/blog\/etoile-de-besseges-2024-kevin-vauquelin-gagne-la-5eme-etape-mads-pedersen-le-general\/#breadcrumb\"},\"inLanguage\":\"fr-FR\",\"potentialAction\":[{\"@type\":\"ReadAction\",\"target\":[\"https:\/\/dicodusport.fr\/blog\/etoile-de-besseges-2024-kevin-vauquelin-gagne-la-5eme-etape-mads-pedersen-le-general\/\"]}]},{\"@type\":\"ImageObject\",\"inLanguage\":\"fr-FR\",\"@id\":\"https:\/\/dicodusport.fr\/blog\/etoile-de-besseges-2024-kevin-vauquelin-gagne-la-5eme-etape-mads-pedersen-le-general\/#primaryimage\",\"url\":\"https:\/\/dicodusport.fr\/blog\/wp-content\/uploads\/2024\/02\/Etoile-de-Besseges-2024-Kevin-Vauquelin-gagne-la-5eme-etape-Mads-Pedersen-le-general-1.png\",\"contentUrl\":\"https:\/\/dicodusport.fr\/blog\/wp-content\/uploads\/2024\/02\/Etoile-de-Besseges-2024-Kevin-Vauquelin-gagne-la-5eme-etape-Mads-Pedersen-le-general-1.png\",\"width\":1200,\"height\":674,\"caption\":\"Cyclisme : Pedersen, Vauquelin, TotalEnergies, le barom\u00e8tre de la semaine du 29 janvier au 4 f\u00e9vrier\"},{\"@type\":\"BreadcrumbList\",\"@id\":\"https:\/\/dicodusport.fr\/blog\/etoile-de-besseges-2024-kevin-vauquelin-gagne-la-5eme-etape-mads-pedersen-le-general\/#breadcrumb\",\"itemListElement\":[{\"@type\":\"ListItem\",\"position\":1,\"name\":\"Accueil\",\"item\":\"https:\/\/dicodusport.fr\/blog\/\"},{\"@type\":\"ListItem\",\"position\":2,\"name\":\"\u00c9toile de Bess\u00e8ges 2024 : K\u00e9vin Vauquelin gagne la 5\u00e8me \u00e9tape, Mads Pedersen le g\u00e9n\u00e9ral\"}]},{\"@type\":\"WebSite\",\"@id\":\"https:\/\/dicodusport.fr\/blog\/#website\",\"url\":\"https:\/\/dicodusport.fr\/blog\/\",\"name\":\"Dicodusport\",\"description\":\"L&#039;encyclop\u00e9die de l&#039;actualit\u00e9 sportive\",\"publisher\":{\"@id\":\"https:\/\/dicodusport.fr\/blog\/#organization\"},\"potentialAction\":[{\"@type\":\"SearchAction\",\"target\":{\"@type\":\"EntryPoint\",\"urlTemplate\":\"https:\/\/dicodusport.fr\/blog\/?s={search_term_string}\"},\"query-input\":{\"@type\":\"PropertyValueSpecification\",\"valueRequired\":true,\"valueName\":\"search_term_string\"}}],\"inLanguage\":\"fr-FR\"},{\"@type\":\"NewsMediaOrganization\",\"@id\":\"https:\/\/dicodusport.fr\/blog\/#organization\",\"name\":\"Dicodusport\",\"url\":\"https:\/\/dicodusport.fr\/blog\/\",\"logo\":{\"@type\":\"ImageObject\",\"inLanguage\":\"fr-FR\",\"@id\":\"https:\/\/dicodusport.fr\/blog\/#\/schema\/logo\/image\/\",\"url\":\"https:\/\/dicodusport.fr\/blog\/wp-content\/uploads\/2020\/06\/cropped-LOGO-DICODUSPORT-2020-SANS-FOND-SANS-TEXTE.png\",\"contentUrl\":\"https:\/\/dicodusport.fr\/blog\/wp-content\/uploads\/2020\/06\/cropped-LOGO-DICODUSPORT-2020-SANS-FOND-SANS-TEXTE.png\",\"width\":512,\"height\":512,\"caption\":\"Dicodusport\"},\"image\":{\"@id\":\"https:\/\/dicodusport.fr\/blog\/#\/schema\/logo\/image\/\"},\"sameAs\":[\"https:\/\/www.facebook.com\/dicodusport\",\"https:\/\/x.com\/dicodusport\",\"https:\/\/www.instagram.com\/dicodusport\/\",\"https:\/\/www.youtube.com\/channel\/UC7V2KZ5sd3htJivAbA4ZG3w\"],\"description\":\"Dicodusport est l'encyclop\u00e9die de l'actualit\u00e9 sportive.\",\"email\":\"bonjour@dicodusport.fr\",\"legalName\":\"DICODUSPORT\",\"foundingDate\":\"2018-01-14\",\"vatID\":\"FR71834470973\",\"taxID\":\"83447097300043\",\"numberOfEmployees\":{\"@type\":\"QuantitativeValue\",\"minValue\":\"1\",\"maxValue\":\"10\"}},{\"@type\":\"Person\",\"@id\":\"https:\/\/dicodusport.fr\/blog\/#\/schema\/person\/6db4bae06b171592211be385b32876a7\",\"name\":\"Emilien Descampiaux\",\"image\":{\"@type\":\"ImageObject\",\"inLanguage\":\"fr-FR\",\"@id\":\"https:\/\/dicodusport.fr\/blog\/#\/schema\/person\/image\/\",\"url\":\"https:\/\/dicodusport.fr\/blog\/wp-content\/uploads\/2021\/05\/Emilien-Descampiaux-150x150.jpg\",\"contentUrl\":\"https:\/\/dicodusport.fr\/blog\/wp-content\/uploads\/2021\/05\/Emilien-Descampiaux-150x150.jpg\",\"caption\":\"Emilien Descampiaux\"},\"description\":\"Journaliste\/r\u00e9dacteur depuis 2014 - Fan de la classe de Frank Vandenbroucke, je vis cyclisme (et de ses paysages) depuis plus de 20 ans. Je suis tr\u00e8s impliqu\u00e9 sur mes diff\u00e9rents r\u00e9seaux sociaux pour partager ma passion sur le monde et l'Histoire de la bicyclette avec ma voix sur les images en noir et blanc du succ\u00e8s de Rik Van Steenbergen lors du Ronde sur le V\u00e9lodrome de Gand.\",\"sameAs\":[\"https:\/\/www.facebook.com\/groups\/LesRoisDuPeloton\",\"https:\/\/x.com\/https:\/\/twitter.com\/LRoisDuPeloton\"],\"url\":\"https:\/\/dicodusport.fr\/blog\/author\/emiliend\/\"}]}<\/script>\n<!-- \/ Yoast SEO Premium plugin. -->","yoast_head_json":{"title":"\u00c9toile de Bess\u00e8ges 2024 : K\u00e9vin Vauquelin gagne la 5\u00e8me \u00e9tape, Mads Pedersen le g\u00e9n\u00e9ral","description":"\u00c9TOILE DE BESS\u00c8GES 2024 - Kevin Vauquelin (Arkea B&B H\u00f4tels) a remport\u00e9 la cinqui\u00e8me \u00e9tape de l'\u00c9toile de Bess\u00e8ges \u2013 Tour du Gard.","robots":{"index":"index","follow":"follow","max-snippet":"max-snippet:-1","max-image-preview":"max-image-preview:large","max-video-preview":"max-video-preview:-1"},"canonical":"https:\/\/dicodusport.fr\/blog\/etoile-de-besseges-2024-kevin-vauquelin-gagne-la-5eme-etape-mads-pedersen-le-general\/","og_locale":"fr_FR","og_type":"article","og_title":"\u00c9toile de Bess\u00e8ges 2024 : K\u00e9vin Vauquelin gagne la 5\u00e8me \u00e9tape, Mads Pedersen le g\u00e9n\u00e9ral","og_description":"\u00c9TOILE DE BESS\u00c8GES 2024 - Kevin Vauquelin (Arkea B&B H\u00f4tels) a remport\u00e9 la cinqui\u00e8me \u00e9tape de l'\u00c9toile de Bess\u00e8ges \u2013 Tour du Gard.","og_url":"https:\/\/dicodusport.fr\/blog\/etoile-de-besseges-2024-kevin-vauquelin-gagne-la-5eme-etape-mads-pedersen-le-general\/","og_site_name":"Dicodusport","article_publisher":"https:\/\/www.facebook.com\/dicodusport","article_author":"https:\/\/www.facebook.com\/groups\/LesRoisDuPeloton","article_published_time":"2024-02-04T14:55:17+00:00","article_modified_time":"2024-02-04T19:36:50+00:00","og_image":[{"width":1200,"height":674,"url":"https:\/\/dicodusport.fr\/blog\/wp-content\/uploads\/2024\/02\/Etoile-de-Besseges-2024-Kevin-Vauquelin-gagne-la-5eme-etape-Mads-Pedersen-le-general-1.png","type":"image\/png"}],"author":"Emilien Descampiaux","twitter_card":"summary_large_image","twitter_title":"\u00c9toile de Bess\u00e8ges 2024 : K\u00e9vin Vauquelin gagne la 5\u00e8me \u00e9tape, Mads Pedersen le g\u00e9n\u00e9ral","twitter_creator":"@https:\/\/twitter.com\/LRoisDuPeloton","twitter_site":"@dicodusport","schema":{"@context":"https:\/\/schema.org","@graph":[{"@type":"NewsArticle","@id":"https:\/\/dicodusport.fr\/blog\/etoile-de-besseges-2024-kevin-vauquelin-gagne-la-5eme-etape-mads-pedersen-le-general\/#article","isPartOf":{"@id":"https:\/\/dicodusport.fr\/blog\/etoile-de-besseges-2024-kevin-vauquelin-gagne-la-5eme-etape-mads-pedersen-le-general\/"},"author":{"name":"Emilien Descampiaux","@id":"https:\/\/dicodusport.fr\/blog\/#\/schema\/person\/6db4bae06b171592211be385b32876a7"},"headline":"\u00c9toile de Bess\u00e8ges 2024 : K\u00e9vin Vauquelin gagne la 5\u00e8me \u00e9tape, Mads Pedersen le g\u00e9n\u00e9ral","datePublished":"2024-02-04T14:55:17+00:00","dateModified":"2024-02-04T19:36:50+00:00","mainEntityOfPage":{"@id":"https:\/\/dicodusport.fr\/blog\/etoile-de-besseges-2024-kevin-vauquelin-gagne-la-5eme-etape-mads-pedersen-le-general\/"},"wordCount":355,"commentCount":0,"publisher":{"@id":"https:\/\/dicodusport.fr\/blog\/#organization"},"image":{"@id":"https:\/\/dicodusport.fr\/blog\/etoile-de-besseges-2024-kevin-vauquelin-gagne-la-5eme-etape-mads-pedersen-le-general\/#primaryimage"},"thumbnailUrl":"https:\/\/dicodusport.fr\/blog\/wp-content\/uploads\/2024\/02\/Etoile-de-Besseges-2024-Kevin-Vauquelin-gagne-la-5eme-etape-Mads-Pedersen-le-general-1.png","keywords":["br\u00e8ve","Cyclisme","Etoile de Bess\u00e8ges"],"articleSection":["Cyclisme sur route"],"inLanguage":"fr-FR","potentialAction":[{"@type":"CommentAction","name":"Comment","target":["https:\/\/dicodusport.fr\/blog\/etoile-de-besseges-2024-kevin-vauquelin-gagne-la-5eme-etape-mads-pedersen-le-general\/#respond"]}],"copyrightYear":"2024","copyrightHolder":{"@id":"https:\/\/dicodusport.fr\/blog\/#organization"}},{"@type":"WebPage","@id":"https:\/\/dicodusport.fr\/blog\/etoile-de-besseges-2024-kevin-vauquelin-gagne-la-5eme-etape-mads-pedersen-le-general\/","url":"https:\/\/dicodusport.fr\/blog\/etoile-de-besseges-2024-kevin-vauquelin-gagne-la-5eme-etape-mads-pedersen-le-general\/","name":"\u00c9toile de Bess\u00e8ges 2024 : K\u00e9vin Vauquelin gagne la 5\u00e8me \u00e9tape, Mads Pedersen le g\u00e9n\u00e9ral","isPartOf":{"@id":"https:\/\/dicodusport.fr\/blog\/#website"},"primaryImageOfPage":{"@id":"https:\/\/dicodusport.fr\/blog\/etoile-de-besseges-2024-kevin-vauquelin-gagne-la-5eme-etape-mads-pedersen-le-general\/#primaryimage"},"image":{"@id":"https:\/\/dicodusport.fr\/blog\/etoile-de-besseges-2024-kevin-vauquelin-gagne-la-5eme-etape-mads-pedersen-le-general\/#primaryimage"},"thumbnailUrl":"https:\/\/dicodusport.fr\/blog\/wp-content\/uploads\/2024\/02\/Etoile-de-Besseges-2024-Kevin-Vauquelin-gagne-la-5eme-etape-Mads-Pedersen-le-general-1.png","datePublished":"2024-02-04T14:55:17+00:00","dateModified":"2024-02-04T19:36:50+00:00","description":"\u00c9TOILE DE BESS\u00c8GES 2024 - Kevin Vauquelin (Arkea B&B H\u00f4tels) a remport\u00e9 la cinqui\u00e8me \u00e9tape de l'\u00c9toile de Bess\u00e8ges \u2013 Tour du Gard.","breadcrumb":{"@id":"https:\/\/dicodusport.fr\/blog\/etoile-de-besseges-2024-kevin-vauquelin-gagne-la-5eme-etape-mads-pedersen-le-general\/#breadcrumb"},"inLanguage":"fr-FR","potentialAction":[{"@type":"ReadAction","target":["https:\/\/dicodusport.fr\/blog\/etoile-de-besseges-2024-kevin-vauquelin-gagne-la-5eme-etape-mads-pedersen-le-general\/"]}]},{"@type":"ImageObject","inLanguage":"fr-FR","@id":"https:\/\/dicodusport.fr\/blog\/etoile-de-besseges-2024-kevin-vauquelin-gagne-la-5eme-etape-mads-pedersen-le-general\/#primaryimage","url":"https:\/\/dicodusport.fr\/blog\/wp-content\/uploads\/2024\/02\/Etoile-de-Besseges-2024-Kevin-Vauquelin-gagne-la-5eme-etape-Mads-Pedersen-le-general-1.png","contentUrl":"https:\/\/dicodusport.fr\/blog\/wp-content\/uploads\/2024\/02\/Etoile-de-Besseges-2024-Kevin-Vauquelin-gagne-la-5eme-etape-Mads-Pedersen-le-general-1.png","width":1200,"height":674,"caption":"Cyclisme : Pedersen, Vauquelin, TotalEnergies, le barom\u00e8tre de la semaine du 29 janvier au 4 f\u00e9vrier"},{"@type":"BreadcrumbList","@id":"https:\/\/dicodusport.fr\/blog\/etoile-de-besseges-2024-kevin-vauquelin-gagne-la-5eme-etape-mads-pedersen-le-general\/#breadcrumb","itemListElement":[{"@type":"ListItem","position":1,"name":"Accueil","item":"https:\/\/dicodusport.fr\/blog\/"},{"@type":"ListItem","position":2,"name":"\u00c9toile de Bess\u00e8ges 2024 : K\u00e9vin Vauquelin gagne la 5\u00e8me \u00e9tape, Mads Pedersen le g\u00e9n\u00e9ral"}]},{"@type":"WebSite","@id":"https:\/\/dicodusport.fr\/blog\/#website","url":"https:\/\/dicodusport.fr\/blog\/","name":"Dicodusport","description":"L&#039;encyclop\u00e9die de l&#039;actualit\u00e9 sportive","publisher":{"@id":"https:\/\/dicodusport.fr\/blog\/#organization"},"potentialAction":[{"@type":"SearchAction","target":{"@type":"EntryPoint","urlTemplate":"https:\/\/dicodusport.fr\/blog\/?s={search_term_string}"},"query-input":{"@type":"PropertyValueSpecification","valueRequired":true,"valueName":"search_term_string"}}],"inLanguage":"fr-FR"},{"@type":"NewsMediaOrganization","@id":"https:\/\/dicodusport.fr\/blog\/#organization","name":"Dicodusport","url":"https:\/\/dicodusport.fr\/blog\/","logo":{"@type":"ImageObject","inLanguage":"fr-FR","@id":"https:\/\/dicodusport.fr\/blog\/#\/schema\/logo\/image\/","url":"https:\/\/dicodusport.fr\/blog\/wp-content\/uploads\/2020\/06\/cropped-LOGO-DICODUSPORT-2020-SANS-FOND-SANS-TEXTE.png","contentUrl":"https:\/\/dicodusport.fr\/blog\/wp-content\/uploads\/2020\/06\/cropped-LOGO-DICODUSPORT-2020-SANS-FOND-SANS-TEXTE.png","width":512,"height":512,"caption":"Dicodusport"},"image":{"@id":"https:\/\/dicodusport.fr\/blog\/#\/schema\/logo\/image\/"},"sameAs":["https:\/\/www.facebook.com\/dicodusport","https:\/\/x.com\/dicodusport","https:\/\/www.instagram.com\/dicodusport\/","https:\/\/www.youtube.com\/channel\/UC7V2KZ5sd3htJivAbA4ZG3w"],"description":"Dicodusport est l'encyclop\u00e9die de l'actualit\u00e9 sportive.","email":"bonjour@dicodusport.fr","legalName":"DICODUSPORT","foundingDate":"2018-01-14","vatID":"FR71834470973","taxID":"83447097300043","numberOfEmployees":{"@type":"QuantitativeValue","minValue":"1","maxValue":"10"}},{"@type":"Person","@id":"https:\/\/dicodusport.fr\/blog\/#\/schema\/person\/6db4bae06b171592211be385b32876a7","name":"Emilien Descampiaux","image":{"@type":"ImageObject","inLanguage":"fr-FR","@id":"https:\/\/dicodusport.fr\/blog\/#\/schema\/person\/image\/","url":"https:\/\/dicodusport.fr\/blog\/wp-content\/uploads\/2021\/05\/Emilien-Descampiaux-150x150.jpg","contentUrl":"https:\/\/dicodusport.fr\/blog\/wp-content\/uploads\/2021\/05\/Emilien-Descampiaux-150x150.jpg","caption":"Emilien Descampiaux"},"description":"Journaliste\/r\u00e9dacteur depuis 2014 - Fan de la classe de Frank Vandenbroucke, je vis cyclisme (et de ses paysages) depuis plus de 20 ans. Je suis tr\u00e8s impliqu\u00e9 sur mes diff\u00e9rents r\u00e9seaux sociaux pour partager ma passion sur le monde et l'Histoire de la bicyclette avec ma voix sur les images en noir et blanc du succ\u00e8s de Rik Van Steenbergen lors du Ronde sur le V\u00e9lodrome de Gand.","sameAs":["https:\/\/www.facebook.com\/groups\/LesRoisDuPeloton","https:\/\/x.com\/https:\/\/twitter.com\/LRoisDuPeloton"],"url":"https:\/\/dicodusport.fr\/blog\/author\/emiliend\/"}]}},"_links":{"self":[{"href":"https:\/\/dicodusport.fr\/blog\/wp-json\/wp\/v2\/posts\/459881","targetHints":{"allow":["GET"]}}],"collection":[{"href":"https:\/\/dicodusport.fr\/blog\/wp-json\/wp\/v2\/posts"}],"about":[{"href":"https:\/\/dicodusport.fr\/blog\/wp-json\/wp\/v2\/types\/post"}],"author":[{"embeddable":true,"href":"https:\/\/dicodusport.fr\/blog\/wp-json\/wp\/v2\/users\/48"}],"replies":[{"embeddable":true,"href":"https:\/\/dicodusport.fr\/blog\/wp-json\/wp\/v2\/comments?post=459881"}],"version-history":[{"count":6,"href":"https:\/\/dicodusport.fr\/blog\/wp-json\/wp\/v2\/posts\/459881\/revisions"}],"predecessor-version":[{"id":460092,"href":"https:\/\/dicodusport.fr\/blog\/wp-json\/wp\/v2\/posts\/459881\/revisions\/460092"}],"wp:featuredmedia":[{"embeddable":true,"href":"https:\/\/dicodusport.fr\/blog\/wp-json\/wp\/v2\/media\/460091"}],"wp:attachment":[{"href":"https:\/\/dicodusport.fr\/blog\/wp-json\/wp\/v2\/media?parent=459881"}],"wp:term":[{"taxonomy":"category","embeddable":true,"href":"https:\/\/dicodusport.fr\/blog\/wp-json\/wp\/v2\/categories?post=459881"},{"taxonomy":"post_tag","embeddable":true,"href":"https:\/\/dicodusport.fr\/blog\/wp-json\/wp\/v2\/tags?post=459881"}],"curies":[{"name":"wp","href":"https:\/\/api.w.org\/{rel}","templated":true}]}}