{"id":460211,"date":"2024-02-05T13:43:54","date_gmt":"2024-02-05T12:43:54","guid":{"rendered":"https:\/\/dicodusport.fr\/blog\/?p=460211&#038;preview=true&#038;preview_id=460211"},"modified":"2024-02-05T13:53:39","modified_gmt":"2024-02-05T12:53:39","slug":"cyclisme-thibaud-gruel-de-la-conti-groupama-fdj-a-la-world-tour-en-2025","status":"publish","type":"post","link":"https:\/\/dicodusport.fr\/blog\/cyclisme-thibaud-gruel-de-la-conti-groupama-fdj-a-la-world-tour-en-2025\/","title":{"rendered":"Cyclisme : Thibaud Gruel, de la Conti Groupama-FDJ \u00e0 la World Tour en 2025"},"content":{"rendered":"<p style=\"text-align: justify;\"><strong><em>CYCLISME SUR ROUTE &#8211; La formation Groupama-FDJ a annonc\u00e9 le passage de la Continentale \u00e0 la World Tour de son coureur fran\u00e7ais Thibaud Gruel (19 ans).<\/em><\/strong><\/p>\n<p style=\"text-align: justify;\">Une nouvelle signature au sein de la formation <strong>Groupama-FDJ<\/strong>. Et comme souvent, la formation fran\u00e7aise pratique la promotion en interne. De la Continentale \u00e0 la World Tour. Et c&rsquo;est <strong>Thibaud Gruel<\/strong> (19 ans), qui a eu la joie de cette promotion. Le jeune fran\u00e7ais a particip\u00e9 au <a href=\"https:\/\/dicodusport.fr\/blog\/classement-grand-prix-la-marseillaise-2024\/\">GP La Marseillaise<\/a> (84e) et \u00e0 l&rsquo;<a href=\"https:\/\/dicodusport.fr\/blog\/etoile-de-besseges-classement-general\/\">\u00c9toile de Bess\u00e8ges<\/a> (112e du classement g\u00e9n\u00e9ral). Il s&rsquo;\u00e9tait d\u00e9j\u00e0 mis en \u00e9vidence, malgr\u00e9 son jeune \u00e2ge, sur la saison 2023, avec une 4e place sur la deuxi\u00e8me \u00e9tape de l&rsquo;Arctic Race of Norway. Alternant courses professionnelles, mais aussi courses U23. Brillant sur le Circuit des Ardennes (vainqueur d&rsquo;\u00e9tapes et 3e du classement g\u00e9n\u00e9ral). Devant des coureurs comme <strong>Axel Laurance<\/strong>.<\/p>\n<p style=\"text-align: justify;\">C&rsquo;est la politique de la<strong> Groupama-FDJ<\/strong> de mettre en avant ses jeunes coureurs. On pense \u00e0 <strong>Romain Gr\u00e9goire<\/strong> et <strong>Lenny Martinez<\/strong>, qui ont brill\u00e9 sur les routes, d\u00e8s leur premi\u00e8re saison avec la World Tour, et qui sont attendus d\u00e9j\u00e0 avec les meilleurs en 2024. R\u00e9put\u00e9 bon rouleur, mais bon puncheur aussi, <strong>Thibaut Gruel<\/strong> peut apporter au sein de la formation fran\u00e7aise.<\/p>\n<blockquote class=\"twitter-tweet\">\n<p dir=\"ltr\" lang=\"en\">Nous sommes ravis de vous annoncer la signature de Thibaud Gruel, membre de La Conti, pour les saisons 2025 et 2026 \ud83d\ude4c<\/p>\n<p>Delighted to announce the signing of La Conti rider Thibaud Gruel for the 2025 and 2026 seasons. <a href=\"https:\/\/t.co\/kkNywY3SQC\">pic.twitter.com\/kkNywY3SQC<\/a><\/p>\n<p>\u2014 \u00c9quipe Cycliste Groupama-FDJ (@GroupamaFDJ) <a href=\"https:\/\/twitter.com\/GroupamaFDJ\/status\/1754467559796092987?ref_src=twsrc%5Etfw\">February 5, 2024<\/a><\/p><\/blockquote>\n<p><script async src=\"https:\/\/platform.twitter.com\/widgets.js\" charset=\"utf-8\"><\/script><\/p>\n<p style=\"text-align: justify;\">\n","protected":false},"excerpt":{"rendered":"<p>CYCLISME SUR ROUTE &#8211; La formation Groupama-FDJ a annonc\u00e9 le passage de la Continentale \u00e0 la World Tour de son coureur fran\u00e7ais Thibaud Gruel (19 ans).<\/p>\n","protected":false},"author":83,"featured_media":460215,"comment_status":"open","ping_status":"closed","sticky":false,"template":"","format":"standard","meta":{"_acf_changed":false,"_daextam_enable_autolinks":"1","footnotes":""},"categories":[46994],"tags":[16878,574,3279],"class_list":["post-460211","post","type-post","status-publish","format-standard","has-post-thumbnail","hentry","category-cyclisme-sur-route","tag-breve","tag-cyclisme","tag-groupama-fdj"],"acf":[],"yoast_head":"<!-- This site is optimized with the Yoast SEO Premium plugin v26.7 (Yoast SEO v26.7) - https:\/\/yoast.com\/wordpress\/plugins\/seo\/ -->\n<title>Cyclisme : Thibaud Gruel, de la Conti Groupama-FDJ \u00e0 la World Tour en 2025<\/title>\n<meta name=\"description\" content=\"CYCLISME - La formation Groupama-FDJ a annonc\u00e9 le passage de la continentale \u00e0 la World Tour de son coureur Thibaud Gruel.\" \/>\n<meta name=\"robots\" content=\"index, follow, max-snippet:-1, max-image-preview:large, max-video-preview:-1\" \/>\n<link rel=\"canonical\" href=\"https:\/\/dicodusport.fr\/blog\/cyclisme-thibaud-gruel-de-la-conti-groupama-fdj-a-la-world-tour-en-2025\/\" \/>\n<meta property=\"og:locale\" content=\"fr_FR\" \/>\n<meta property=\"og:type\" content=\"article\" \/>\n<meta property=\"og:title\" content=\"Cyclisme : Thibaud Gruel, de la Conti Groupama-FDJ \u00e0 la World Tour en 2025\" \/>\n<meta property=\"og:description\" content=\"CYCLISME - La formation Groupama-FDJ a annonc\u00e9 le passage de la continentale \u00e0 la World Tour de son coureur Thibaud Gruel.\" \/>\n<meta property=\"og:url\" content=\"https:\/\/dicodusport.fr\/blog\/cyclisme-thibaud-gruel-de-la-conti-groupama-fdj-a-la-world-tour-en-2025\/\" \/>\n<meta property=\"og:site_name\" content=\"Dicodusport\" \/>\n<meta property=\"article:publisher\" content=\"https:\/\/www.facebook.com\/dicodusport\" \/>\n<meta property=\"article:published_time\" content=\"2024-02-05T12:43:54+00:00\" \/>\n<meta property=\"article:modified_time\" content=\"2024-02-05T12:53:39+00:00\" \/>\n<meta property=\"og:image\" content=\"https:\/\/dicodusport.fr\/blog\/wp-content\/uploads\/2024\/02\/Cyclisme-Thibaud-Gruel-de-la-conti-Groupama-FDJ-a-la-World-Tour.png\" \/>\n\t<meta property=\"og:image:width\" content=\"1200\" \/>\n\t<meta property=\"og:image:height\" content=\"674\" \/>\n\t<meta property=\"og:image:type\" content=\"image\/png\" \/>\n<meta name=\"author\" content=\"Etienne Goursaud\" \/>\n<meta name=\"twitter:card\" content=\"summary_large_image\" \/>\n<meta name=\"twitter:title\" content=\"Cyclisme : Thibaud Gruel, de la Conti Groupama-FDJ \u00e0 la World Tour en 2025\" \/>\n<meta name=\"twitter:creator\" content=\"@dicodusport\" \/>\n<meta name=\"twitter:site\" content=\"@dicodusport\" \/>\n<script type=\"application\/ld+json\" class=\"yoast-schema-graph\">{\"@context\":\"https:\/\/schema.org\",\"@graph\":[{\"@type\":\"NewsArticle\",\"@id\":\"https:\/\/dicodusport.fr\/blog\/cyclisme-thibaud-gruel-de-la-conti-groupama-fdj-a-la-world-tour-en-2025\/#article\",\"isPartOf\":{\"@id\":\"https:\/\/dicodusport.fr\/blog\/cyclisme-thibaud-gruel-de-la-conti-groupama-fdj-a-la-world-tour-en-2025\/\"},\"author\":{\"name\":\"Etienne Goursaud\",\"@id\":\"https:\/\/dicodusport.fr\/blog\/#\/schema\/person\/d603dd7da31fb2b46c82b9835a77ec13\"},\"headline\":\"Cyclisme : Thibaud Gruel, de la Conti Groupama-FDJ \u00e0 la World Tour en 2025\",\"datePublished\":\"2024-02-05T12:43:54+00:00\",\"dateModified\":\"2024-02-05T12:53:39+00:00\",\"mainEntityOfPage\":{\"@id\":\"https:\/\/dicodusport.fr\/blog\/cyclisme-thibaud-gruel-de-la-conti-groupama-fdj-a-la-world-tour-en-2025\/\"},\"wordCount\":270,\"commentCount\":0,\"publisher\":{\"@id\":\"https:\/\/dicodusport.fr\/blog\/#organization\"},\"image\":{\"@id\":\"https:\/\/dicodusport.fr\/blog\/cyclisme-thibaud-gruel-de-la-conti-groupama-fdj-a-la-world-tour-en-2025\/#primaryimage\"},\"thumbnailUrl\":\"https:\/\/dicodusport.fr\/blog\/wp-content\/uploads\/2024\/02\/Cyclisme-Thibaud-Gruel-de-la-conti-Groupama-FDJ-a-la-World-Tour.png\",\"keywords\":[\"br\u00e8ve\",\"Cyclisme\",\"Groupama FDJ\"],\"articleSection\":[\"Cyclisme sur route\"],\"inLanguage\":\"fr-FR\",\"potentialAction\":[{\"@type\":\"CommentAction\",\"name\":\"Comment\",\"target\":[\"https:\/\/dicodusport.fr\/blog\/cyclisme-thibaud-gruel-de-la-conti-groupama-fdj-a-la-world-tour-en-2025\/#respond\"]}],\"copyrightYear\":\"2024\",\"copyrightHolder\":{\"@id\":\"https:\/\/dicodusport.fr\/blog\/#organization\"}},{\"@type\":\"WebPage\",\"@id\":\"https:\/\/dicodusport.fr\/blog\/cyclisme-thibaud-gruel-de-la-conti-groupama-fdj-a-la-world-tour-en-2025\/\",\"url\":\"https:\/\/dicodusport.fr\/blog\/cyclisme-thibaud-gruel-de-la-conti-groupama-fdj-a-la-world-tour-en-2025\/\",\"name\":\"Cyclisme : Thibaud Gruel, de la Conti Groupama-FDJ \u00e0 la World Tour en 2025\",\"isPartOf\":{\"@id\":\"https:\/\/dicodusport.fr\/blog\/#website\"},\"primaryImageOfPage\":{\"@id\":\"https:\/\/dicodusport.fr\/blog\/cyclisme-thibaud-gruel-de-la-conti-groupama-fdj-a-la-world-tour-en-2025\/#primaryimage\"},\"image\":{\"@id\":\"https:\/\/dicodusport.fr\/blog\/cyclisme-thibaud-gruel-de-la-conti-groupama-fdj-a-la-world-tour-en-2025\/#primaryimage\"},\"thumbnailUrl\":\"https:\/\/dicodusport.fr\/blog\/wp-content\/uploads\/2024\/02\/Cyclisme-Thibaud-Gruel-de-la-conti-Groupama-FDJ-a-la-World-Tour.png\",\"datePublished\":\"2024-02-05T12:43:54+00:00\",\"dateModified\":\"2024-02-05T12:53:39+00:00\",\"description\":\"CYCLISME - La formation Groupama-FDJ a annonc\u00e9 le passage de la continentale \u00e0 la World Tour de son coureur Thibaud Gruel.\",\"breadcrumb\":{\"@id\":\"https:\/\/dicodusport.fr\/blog\/cyclisme-thibaud-gruel-de-la-conti-groupama-fdj-a-la-world-tour-en-2025\/#breadcrumb\"},\"inLanguage\":\"fr-FR\",\"potentialAction\":[{\"@type\":\"ReadAction\",\"target\":[\"https:\/\/dicodusport.fr\/blog\/cyclisme-thibaud-gruel-de-la-conti-groupama-fdj-a-la-world-tour-en-2025\/\"]}]},{\"@type\":\"ImageObject\",\"inLanguage\":\"fr-FR\",\"@id\":\"https:\/\/dicodusport.fr\/blog\/cyclisme-thibaud-gruel-de-la-conti-groupama-fdj-a-la-world-tour-en-2025\/#primaryimage\",\"url\":\"https:\/\/dicodusport.fr\/blog\/wp-content\/uploads\/2024\/02\/Cyclisme-Thibaud-Gruel-de-la-conti-Groupama-FDJ-a-la-World-Tour.png\",\"contentUrl\":\"https:\/\/dicodusport.fr\/blog\/wp-content\/uploads\/2024\/02\/Cyclisme-Thibaud-Gruel-de-la-conti-Groupama-FDJ-a-la-World-Tour.png\",\"width\":1200,\"height\":674,\"caption\":\"Cyclisme - Thibaud Gruel de la conti Groupama-FDJ \u00e0 la World Tour\"},{\"@type\":\"BreadcrumbList\",\"@id\":\"https:\/\/dicodusport.fr\/blog\/cyclisme-thibaud-gruel-de-la-conti-groupama-fdj-a-la-world-tour-en-2025\/#breadcrumb\",\"itemListElement\":[{\"@type\":\"ListItem\",\"position\":1,\"name\":\"Accueil\",\"item\":\"https:\/\/dicodusport.fr\/blog\/\"},{\"@type\":\"ListItem\",\"position\":2,\"name\":\"Cyclisme : Thibaud Gruel, de la Conti Groupama-FDJ \u00e0 la World Tour en 2025\"}]},{\"@type\":\"WebSite\",\"@id\":\"https:\/\/dicodusport.fr\/blog\/#website\",\"url\":\"https:\/\/dicodusport.fr\/blog\/\",\"name\":\"Dicodusport\",\"description\":\"L&#039;encyclop\u00e9die de l&#039;actualit\u00e9 sportive\",\"publisher\":{\"@id\":\"https:\/\/dicodusport.fr\/blog\/#organization\"},\"potentialAction\":[{\"@type\":\"SearchAction\",\"target\":{\"@type\":\"EntryPoint\",\"urlTemplate\":\"https:\/\/dicodusport.fr\/blog\/?s={search_term_string}\"},\"query-input\":{\"@type\":\"PropertyValueSpecification\",\"valueRequired\":true,\"valueName\":\"search_term_string\"}}],\"inLanguage\":\"fr-FR\"},{\"@type\":\"NewsMediaOrganization\",\"@id\":\"https:\/\/dicodusport.fr\/blog\/#organization\",\"name\":\"Dicodusport\",\"url\":\"https:\/\/dicodusport.fr\/blog\/\",\"logo\":{\"@type\":\"ImageObject\",\"inLanguage\":\"fr-FR\",\"@id\":\"https:\/\/dicodusport.fr\/blog\/#\/schema\/logo\/image\/\",\"url\":\"https:\/\/dicodusport.fr\/blog\/wp-content\/uploads\/2020\/06\/cropped-LOGO-DICODUSPORT-2020-SANS-FOND-SANS-TEXTE.png\",\"contentUrl\":\"https:\/\/dicodusport.fr\/blog\/wp-content\/uploads\/2020\/06\/cropped-LOGO-DICODUSPORT-2020-SANS-FOND-SANS-TEXTE.png\",\"width\":512,\"height\":512,\"caption\":\"Dicodusport\"},\"image\":{\"@id\":\"https:\/\/dicodusport.fr\/blog\/#\/schema\/logo\/image\/\"},\"sameAs\":[\"https:\/\/www.facebook.com\/dicodusport\",\"https:\/\/x.com\/dicodusport\",\"https:\/\/www.instagram.com\/dicodusport\/\",\"https:\/\/www.youtube.com\/channel\/UC7V2KZ5sd3htJivAbA4ZG3w\"],\"description\":\"Dicodusport est l'encyclop\u00e9die de l'actualit\u00e9 sportive.\",\"email\":\"bonjour@dicodusport.fr\",\"legalName\":\"DICODUSPORT\",\"foundingDate\":\"2018-01-14\",\"vatID\":\"FR71834470973\",\"taxID\":\"83447097300043\",\"numberOfEmployees\":{\"@type\":\"QuantitativeValue\",\"minValue\":\"1\",\"maxValue\":\"10\"}},{\"@type\":\"Person\",\"@id\":\"https:\/\/dicodusport.fr\/blog\/#\/schema\/person\/d603dd7da31fb2b46c82b9835a77ec13\",\"name\":\"Etienne Goursaud\",\"image\":{\"@type\":\"ImageObject\",\"inLanguage\":\"fr-FR\",\"@id\":\"https:\/\/dicodusport.fr\/blog\/#\/schema\/person\/image\/\",\"url\":\"https:\/\/dicodusport.fr\/blog\/wp-content\/uploads\/2023\/12\/410122264_10231602061736049_5565839791558026645_n-150x150.jpg\",\"contentUrl\":\"https:\/\/dicodusport.fr\/blog\/wp-content\/uploads\/2023\/12\/410122264_10231602061736049_5565839791558026645_n-150x150.jpg\",\"caption\":\"Etienne Goursaud\"},\"description\":\"Journaliste et amoureux de sport. Ancien footballeur reconverti athl\u00e8te quand ses muscles le laissent tranquille. \u00c9lev\u00e9 \u00e0 la sauce des exploits de Thomas Voeckler en 2004, du dernier essai de l\u00e9gende de Eunice Barber \u00e0 la longueur lors des championnats du monde d'athl\u00e9tisme de 2003 mais aussi Zidane, Omeyer et Titou Lamaison.\",\"url\":\"https:\/\/dicodusport.fr\/blog\/author\/etienne-goursaud\/\"}]}<\/script>\n<!-- \/ Yoast SEO Premium plugin. -->","yoast_head_json":{"title":"Cyclisme : Thibaud Gruel, de la Conti Groupama-FDJ \u00e0 la World Tour en 2025","description":"CYCLISME - La formation Groupama-FDJ a annonc\u00e9 le passage de la continentale \u00e0 la World Tour de son coureur Thibaud Gruel.","robots":{"index":"index","follow":"follow","max-snippet":"max-snippet:-1","max-image-preview":"max-image-preview:large","max-video-preview":"max-video-preview:-1"},"canonical":"https:\/\/dicodusport.fr\/blog\/cyclisme-thibaud-gruel-de-la-conti-groupama-fdj-a-la-world-tour-en-2025\/","og_locale":"fr_FR","og_type":"article","og_title":"Cyclisme : Thibaud Gruel, de la Conti Groupama-FDJ \u00e0 la World Tour en 2025","og_description":"CYCLISME - La formation Groupama-FDJ a annonc\u00e9 le passage de la continentale \u00e0 la World Tour de son coureur Thibaud Gruel.","og_url":"https:\/\/dicodusport.fr\/blog\/cyclisme-thibaud-gruel-de-la-conti-groupama-fdj-a-la-world-tour-en-2025\/","og_site_name":"Dicodusport","article_publisher":"https:\/\/www.facebook.com\/dicodusport","article_published_time":"2024-02-05T12:43:54+00:00","article_modified_time":"2024-02-05T12:53:39+00:00","og_image":[{"width":1200,"height":674,"url":"https:\/\/dicodusport.fr\/blog\/wp-content\/uploads\/2024\/02\/Cyclisme-Thibaud-Gruel-de-la-conti-Groupama-FDJ-a-la-World-Tour.png","type":"image\/png"}],"author":"Etienne Goursaud","twitter_card":"summary_large_image","twitter_title":"Cyclisme : Thibaud Gruel, de la Conti Groupama-FDJ \u00e0 la World Tour en 2025","twitter_creator":"@dicodusport","twitter_site":"@dicodusport","schema":{"@context":"https:\/\/schema.org","@graph":[{"@type":"NewsArticle","@id":"https:\/\/dicodusport.fr\/blog\/cyclisme-thibaud-gruel-de-la-conti-groupama-fdj-a-la-world-tour-en-2025\/#article","isPartOf":{"@id":"https:\/\/dicodusport.fr\/blog\/cyclisme-thibaud-gruel-de-la-conti-groupama-fdj-a-la-world-tour-en-2025\/"},"author":{"name":"Etienne Goursaud","@id":"https:\/\/dicodusport.fr\/blog\/#\/schema\/person\/d603dd7da31fb2b46c82b9835a77ec13"},"headline":"Cyclisme : Thibaud Gruel, de la Conti Groupama-FDJ \u00e0 la World Tour en 2025","datePublished":"2024-02-05T12:43:54+00:00","dateModified":"2024-02-05T12:53:39+00:00","mainEntityOfPage":{"@id":"https:\/\/dicodusport.fr\/blog\/cyclisme-thibaud-gruel-de-la-conti-groupama-fdj-a-la-world-tour-en-2025\/"},"wordCount":270,"commentCount":0,"publisher":{"@id":"https:\/\/dicodusport.fr\/blog\/#organization"},"image":{"@id":"https:\/\/dicodusport.fr\/blog\/cyclisme-thibaud-gruel-de-la-conti-groupama-fdj-a-la-world-tour-en-2025\/#primaryimage"},"thumbnailUrl":"https:\/\/dicodusport.fr\/blog\/wp-content\/uploads\/2024\/02\/Cyclisme-Thibaud-Gruel-de-la-conti-Groupama-FDJ-a-la-World-Tour.png","keywords":["br\u00e8ve","Cyclisme","Groupama FDJ"],"articleSection":["Cyclisme sur route"],"inLanguage":"fr-FR","potentialAction":[{"@type":"CommentAction","name":"Comment","target":["https:\/\/dicodusport.fr\/blog\/cyclisme-thibaud-gruel-de-la-conti-groupama-fdj-a-la-world-tour-en-2025\/#respond"]}],"copyrightYear":"2024","copyrightHolder":{"@id":"https:\/\/dicodusport.fr\/blog\/#organization"}},{"@type":"WebPage","@id":"https:\/\/dicodusport.fr\/blog\/cyclisme-thibaud-gruel-de-la-conti-groupama-fdj-a-la-world-tour-en-2025\/","url":"https:\/\/dicodusport.fr\/blog\/cyclisme-thibaud-gruel-de-la-conti-groupama-fdj-a-la-world-tour-en-2025\/","name":"Cyclisme : Thibaud Gruel, de la Conti Groupama-FDJ \u00e0 la World Tour en 2025","isPartOf":{"@id":"https:\/\/dicodusport.fr\/blog\/#website"},"primaryImageOfPage":{"@id":"https:\/\/dicodusport.fr\/blog\/cyclisme-thibaud-gruel-de-la-conti-groupama-fdj-a-la-world-tour-en-2025\/#primaryimage"},"image":{"@id":"https:\/\/dicodusport.fr\/blog\/cyclisme-thibaud-gruel-de-la-conti-groupama-fdj-a-la-world-tour-en-2025\/#primaryimage"},"thumbnailUrl":"https:\/\/dicodusport.fr\/blog\/wp-content\/uploads\/2024\/02\/Cyclisme-Thibaud-Gruel-de-la-conti-Groupama-FDJ-a-la-World-Tour.png","datePublished":"2024-02-05T12:43:54+00:00","dateModified":"2024-02-05T12:53:39+00:00","description":"CYCLISME - La formation Groupama-FDJ a annonc\u00e9 le passage de la continentale \u00e0 la World Tour de son coureur Thibaud Gruel.","breadcrumb":{"@id":"https:\/\/dicodusport.fr\/blog\/cyclisme-thibaud-gruel-de-la-conti-groupama-fdj-a-la-world-tour-en-2025\/#breadcrumb"},"inLanguage":"fr-FR","potentialAction":[{"@type":"ReadAction","target":["https:\/\/dicodusport.fr\/blog\/cyclisme-thibaud-gruel-de-la-conti-groupama-fdj-a-la-world-tour-en-2025\/"]}]},{"@type":"ImageObject","inLanguage":"fr-FR","@id":"https:\/\/dicodusport.fr\/blog\/cyclisme-thibaud-gruel-de-la-conti-groupama-fdj-a-la-world-tour-en-2025\/#primaryimage","url":"https:\/\/dicodusport.fr\/blog\/wp-content\/uploads\/2024\/02\/Cyclisme-Thibaud-Gruel-de-la-conti-Groupama-FDJ-a-la-World-Tour.png","contentUrl":"https:\/\/dicodusport.fr\/blog\/wp-content\/uploads\/2024\/02\/Cyclisme-Thibaud-Gruel-de-la-conti-Groupama-FDJ-a-la-World-Tour.png","width":1200,"height":674,"caption":"Cyclisme - Thibaud Gruel de la conti Groupama-FDJ \u00e0 la World Tour"},{"@type":"BreadcrumbList","@id":"https:\/\/dicodusport.fr\/blog\/cyclisme-thibaud-gruel-de-la-conti-groupama-fdj-a-la-world-tour-en-2025\/#breadcrumb","itemListElement":[{"@type":"ListItem","position":1,"name":"Accueil","item":"https:\/\/dicodusport.fr\/blog\/"},{"@type":"ListItem","position":2,"name":"Cyclisme : Thibaud Gruel, de la Conti Groupama-FDJ \u00e0 la World Tour en 2025"}]},{"@type":"WebSite","@id":"https:\/\/dicodusport.fr\/blog\/#website","url":"https:\/\/dicodusport.fr\/blog\/","name":"Dicodusport","description":"L&#039;encyclop\u00e9die de l&#039;actualit\u00e9 sportive","publisher":{"@id":"https:\/\/dicodusport.fr\/blog\/#organization"},"potentialAction":[{"@type":"SearchAction","target":{"@type":"EntryPoint","urlTemplate":"https:\/\/dicodusport.fr\/blog\/?s={search_term_string}"},"query-input":{"@type":"PropertyValueSpecification","valueRequired":true,"valueName":"search_term_string"}}],"inLanguage":"fr-FR"},{"@type":"NewsMediaOrganization","@id":"https:\/\/dicodusport.fr\/blog\/#organization","name":"Dicodusport","url":"https:\/\/dicodusport.fr\/blog\/","logo":{"@type":"ImageObject","inLanguage":"fr-FR","@id":"https:\/\/dicodusport.fr\/blog\/#\/schema\/logo\/image\/","url":"https:\/\/dicodusport.fr\/blog\/wp-content\/uploads\/2020\/06\/cropped-LOGO-DICODUSPORT-2020-SANS-FOND-SANS-TEXTE.png","contentUrl":"https:\/\/dicodusport.fr\/blog\/wp-content\/uploads\/2020\/06\/cropped-LOGO-DICODUSPORT-2020-SANS-FOND-SANS-TEXTE.png","width":512,"height":512,"caption":"Dicodusport"},"image":{"@id":"https:\/\/dicodusport.fr\/blog\/#\/schema\/logo\/image\/"},"sameAs":["https:\/\/www.facebook.com\/dicodusport","https:\/\/x.com\/dicodusport","https:\/\/www.instagram.com\/dicodusport\/","https:\/\/www.youtube.com\/channel\/UC7V2KZ5sd3htJivAbA4ZG3w"],"description":"Dicodusport est l'encyclop\u00e9die de l'actualit\u00e9 sportive.","email":"bonjour@dicodusport.fr","legalName":"DICODUSPORT","foundingDate":"2018-01-14","vatID":"FR71834470973","taxID":"83447097300043","numberOfEmployees":{"@type":"QuantitativeValue","minValue":"1","maxValue":"10"}},{"@type":"Person","@id":"https:\/\/dicodusport.fr\/blog\/#\/schema\/person\/d603dd7da31fb2b46c82b9835a77ec13","name":"Etienne Goursaud","image":{"@type":"ImageObject","inLanguage":"fr-FR","@id":"https:\/\/dicodusport.fr\/blog\/#\/schema\/person\/image\/","url":"https:\/\/dicodusport.fr\/blog\/wp-content\/uploads\/2023\/12\/410122264_10231602061736049_5565839791558026645_n-150x150.jpg","contentUrl":"https:\/\/dicodusport.fr\/blog\/wp-content\/uploads\/2023\/12\/410122264_10231602061736049_5565839791558026645_n-150x150.jpg","caption":"Etienne Goursaud"},"description":"Journaliste et amoureux de sport. Ancien footballeur reconverti athl\u00e8te quand ses muscles le laissent tranquille. \u00c9lev\u00e9 \u00e0 la sauce des exploits de Thomas Voeckler en 2004, du dernier essai de l\u00e9gende de Eunice Barber \u00e0 la longueur lors des championnats du monde d'athl\u00e9tisme de 2003 mais aussi Zidane, Omeyer et Titou Lamaison.","url":"https:\/\/dicodusport.fr\/blog\/author\/etienne-goursaud\/"}]}},"_links":{"self":[{"href":"https:\/\/dicodusport.fr\/blog\/wp-json\/wp\/v2\/posts\/460211","targetHints":{"allow":["GET"]}}],"collection":[{"href":"https:\/\/dicodusport.fr\/blog\/wp-json\/wp\/v2\/posts"}],"about":[{"href":"https:\/\/dicodusport.fr\/blog\/wp-json\/wp\/v2\/types\/post"}],"author":[{"embeddable":true,"href":"https:\/\/dicodusport.fr\/blog\/wp-json\/wp\/v2\/users\/83"}],"replies":[{"embeddable":true,"href":"https:\/\/dicodusport.fr\/blog\/wp-json\/wp\/v2\/comments?post=460211"}],"version-history":[{"count":3,"href":"https:\/\/dicodusport.fr\/blog\/wp-json\/wp\/v2\/posts\/460211\/revisions"}],"predecessor-version":[{"id":460220,"href":"https:\/\/dicodusport.fr\/blog\/wp-json\/wp\/v2\/posts\/460211\/revisions\/460220"}],"wp:featuredmedia":[{"embeddable":true,"href":"https:\/\/dicodusport.fr\/blog\/wp-json\/wp\/v2\/media\/460215"}],"wp:attachment":[{"href":"https:\/\/dicodusport.fr\/blog\/wp-json\/wp\/v2\/media?parent=460211"}],"wp:term":[{"taxonomy":"category","embeddable":true,"href":"https:\/\/dicodusport.fr\/blog\/wp-json\/wp\/v2\/categories?post=460211"},{"taxonomy":"post_tag","embeddable":true,"href":"https:\/\/dicodusport.fr\/blog\/wp-json\/wp\/v2\/tags?post=460211"}],"curies":[{"name":"wp","href":"https:\/\/api.w.org\/{rel}","templated":true}]}}