{"id":460231,"date":"2024-02-05T17:02:48","date_gmt":"2024-02-05T16:02:48","guid":{"rendered":"https:\/\/dicodusport.fr\/blog\/?p=460231&#038;preview=true&#038;preview_id=460231"},"modified":"2025-04-03T14:25:34","modified_gmt":"2025-04-03T12:25:34","slug":"coupe-du-monde-ski-alpinisme-emily-harrop-realise-le-double-a-villars-sur-ollon","status":"publish","type":"post","link":"https:\/\/dicodusport.fr\/blog\/coupe-du-monde-ski-alpinisme-emily-harrop-realise-le-double-a-villars-sur-ollon\/","title":{"rendered":"Coupe du monde Ski alpinisme : Emily Harrop r\u00e9alise le doubl\u00e9 \u00e0 Villars-sur-Ollon"},"content":{"rendered":"<p align=\"justify\"><em><a style=\"font-weight: bold;\" href=\"https:\/\/dicodusport.fr\/blog\/?s=ski+alpinisme\">SKI ALPINISME<\/a><b> &#8211; Trois jours apr\u00e8s sa victoire sur le sprint, Emily Harrop a assis sa domination en Coupe du monde en remportant une deuxi\u00e8me victoire, sur l&rsquo;individuelle, \u00e0 Villars-sur-Ollon.<\/b><\/em><\/p>\n<p align=\"justify\">Apr\u00e8s une journ\u00e9e de battement dimanche, la manche de Coupe du monde \u00e0 <strong>Villars-sur-Ollon<\/strong> prenait fin ce dimanche avec les courses individuelles. D\u00e9j\u00e0 en t\u00eate du sprint vendredi, <strong>Emily Harrop<\/strong> a une nouvelle fois laiss\u00e9 seulement des miettes \u00e0 ses adversaires.<\/p>\n<h2 align=\"justify\">Gachet-Mollaret signe un retour fracassant<\/h2>\n<p align=\"justify\">Imperturbable, la Fran\u00e7aise a boucl\u00e9 la course avec pr\u00e8s d&rsquo;une minute d&rsquo;avance sur sa concurrente num\u00e9ro une dans la qu\u00eate du globe de cristal, <strong>Alba De Silvestro<\/strong>. Avec cette 14e victoire en carri\u00e8re sur le circuit, Harrop poss\u00e8de d\u00e9sormais 91 points d&rsquo;avance au classement g\u00e9n\u00e9ral. Souvent 3e ces derni\u00e8res semaines, <strong>C\u00e9lia Perillat-Pessey<\/strong> n&rsquo;a pu faire mieux qu&rsquo;une 6e place. Mais le podium est bel et bien compl\u00e9t\u00e9 par une autre tricolore. En effet, <strong>Axelle Gachet-Mollaret<\/strong> a sign\u00e9 une superbe prestation pour signer en grandes pompes son retour sur le circuit, deux mois seulement apr\u00e8s son accouchement. De bon augure pour la suite de la saison.<\/p>\n<p align=\"justify\">Sur la course masculine, le suspense pour la victoire a \u00e9galement tourn\u00e9 court. Comme Harrop, <strong>R\u00e9mi Bonnet<\/strong> \u00e9crase la concurrence et a donc de nouveau lev\u00e9 les bras devant son public. Le Suisse a coup\u00e9 la ligne avec plus de deux minutes d&rsquo;avance sur son premier poursuivant ! <strong>Thibault Anselmet<\/strong> a \u00e9t\u00e9 le meilleur des autres en d\u00e9crochant la 2e place, comme vendredi. Le Tricolore a r\u00e9sist\u00e9 jusqu&rsquo;au bout \u00e0 l&rsquo;Italien Mateo Eydallin, auteur d&rsquo;une tr\u00e8s belle course pour se hisser en troisi\u00e8me position. <strong>William Bon Mardion<\/strong> (9e) s&rsquo;est lui gliss\u00e9 dans le Top 10.<\/p>\n<p align=\"justify\">Villars-sur-Ollon termin\u00e9, la Coupe du monde de ski alpinisme fera son retour pour la prochaine manche du 22 au 25 f\u00e9vrier prochain, \u00e0 <strong>Val Martello<\/strong> (Italie).<\/p>\n<p><iframe loading=\"lazy\" style=\"border: none; overflow: hidden;\" src=\"https:\/\/www.facebook.com\/plugins\/post.php?href=https%3A%2F%2Fwww.facebook.com%2Fismf.ski%2Fposts%2Fpfbid02UjJuP2EVWYCktoFaapA7bMzNDeeTxyJ5QTrKb23EnNiTttdRTqX5nerkMnYnqTGXl&amp;show_text=true&amp;width=500\" width=\"500\" height=\"653\" frameborder=\"0\" scrolling=\"no\" allowfullscreen=\"allowfullscreen\"><\/iframe><\/p>\n<p align=\"justify\">\n","protected":false},"excerpt":{"rendered":"<p>SKI ALPINISME &#8211; Trois jours apr\u00e8s sa victoire sur le sprint, Emily Harrop a assis sa domination sue la Coupe du monde en remportant une deuxi\u00e8me victoire, sur l&rsquo;individuel, \u00e0 Villars-sur-Ollon.<\/p>\n","protected":false},"author":55,"featured_media":460236,"comment_status":"open","ping_status":"closed","sticky":false,"template":"","format":"standard","meta":{"_acf_changed":false,"_daextam_enable_autolinks":"1","footnotes":""},"categories":[45757],"tags":[22883,16878,37201,22884,4230,30136],"class_list":["post-460231","post","type-post","status-publish","format-standard","has-post-thumbnail","hentry","category-ski-alpinisme","tag-axelle-gachet-mollaret","tag-breve","tag-coupe-du-monde-ski-alpinisme","tag-emily-harrop","tag-ski-alpinisme","tag-thibault-anselmet"],"acf":[],"yoast_head":"<!-- This site is optimized with the Yoast SEO Premium plugin v26.7 (Yoast SEO v26.7) - https:\/\/yoast.com\/wordpress\/plugins\/seo\/ -->\n<title>Coupe du monde Ski alpinisme : Emily Harrop r\u00e9alise le doubl\u00e9 \u00e0 Villars-sur-Ollon<\/title>\n<meta name=\"description\" content=\"COUPE DU MONDE SKI ALPINISME - Emily Harrop a remport\u00e9 sur le sprint sa deuxi\u00e8me victoire \u00e0 Villars-sur-Ollon.\" \/>\n<meta name=\"robots\" content=\"index, follow, max-snippet:-1, max-image-preview:large, max-video-preview:-1\" \/>\n<link rel=\"canonical\" href=\"https:\/\/dicodusport.fr\/blog\/coupe-du-monde-ski-alpinisme-emily-harrop-realise-le-double-a-villars-sur-ollon\/\" \/>\n<meta property=\"og:locale\" content=\"fr_FR\" \/>\n<meta property=\"og:type\" content=\"article\" \/>\n<meta property=\"og:title\" content=\"Coupe du monde Ski alpinisme : Emily Harrop r\u00e9alise le doubl\u00e9 \u00e0 Villars-sur-Ollon\" \/>\n<meta property=\"og:description\" content=\"COUPE DU MONDE SKI ALPINISME - Emily Harrop a remport\u00e9 sur le sprint sa deuxi\u00e8me victoire \u00e0 Villars-sur-Ollon.\" \/>\n<meta property=\"og:url\" content=\"https:\/\/dicodusport.fr\/blog\/coupe-du-monde-ski-alpinisme-emily-harrop-realise-le-double-a-villars-sur-ollon\/\" \/>\n<meta property=\"og:site_name\" content=\"Dicodusport\" \/>\n<meta property=\"article:publisher\" content=\"https:\/\/www.facebook.com\/dicodusport\" \/>\n<meta property=\"article:published_time\" content=\"2024-02-05T16:02:48+00:00\" \/>\n<meta property=\"article:modified_time\" content=\"2025-04-03T12:25:34+00:00\" \/>\n<meta property=\"og:image\" content=\"https:\/\/dicodusport.fr\/blog\/wp-content\/uploads\/2024\/02\/Coupe-du-monde-Ski-alpinisme-Emily-Harrop-realise-le-double-a-Villars-sur-Ollon.png\" \/>\n\t<meta property=\"og:image:width\" content=\"1200\" \/>\n\t<meta property=\"og:image:height\" content=\"674\" \/>\n\t<meta property=\"og:image:type\" content=\"image\/png\" \/>\n<meta name=\"author\" content=\"Maxime Cazenave\" \/>\n<meta name=\"twitter:card\" content=\"summary_large_image\" \/>\n<meta name=\"twitter:title\" content=\"Coupe du monde Ski alpinisme : Emily Harrop r\u00e9alise le doubl\u00e9 \u00e0 Villars-sur-Ollon\" \/>\n<meta name=\"twitter:creator\" content=\"@https:\/\/twitter.com\/Maxime_Caze\" \/>\n<meta name=\"twitter:site\" content=\"@dicodusport\" \/>\n<script type=\"application\/ld+json\" class=\"yoast-schema-graph\">{\"@context\":\"https:\/\/schema.org\",\"@graph\":[{\"@type\":\"NewsArticle\",\"@id\":\"https:\/\/dicodusport.fr\/blog\/coupe-du-monde-ski-alpinisme-emily-harrop-realise-le-double-a-villars-sur-ollon\/#article\",\"isPartOf\":{\"@id\":\"https:\/\/dicodusport.fr\/blog\/coupe-du-monde-ski-alpinisme-emily-harrop-realise-le-double-a-villars-sur-ollon\/\"},\"author\":{\"name\":\"Maxime Cazenave\",\"@id\":\"https:\/\/dicodusport.fr\/blog\/#\/schema\/person\/37def232098a7a5cbab3974a3690abb0\"},\"headline\":\"Coupe du monde Ski alpinisme : Emily Harrop r\u00e9alise le doubl\u00e9 \u00e0 Villars-sur-Ollon\",\"datePublished\":\"2024-02-05T16:02:48+00:00\",\"dateModified\":\"2025-04-03T12:25:34+00:00\",\"mainEntityOfPage\":{\"@id\":\"https:\/\/dicodusport.fr\/blog\/coupe-du-monde-ski-alpinisme-emily-harrop-realise-le-double-a-villars-sur-ollon\/\"},\"wordCount\":340,\"commentCount\":0,\"publisher\":{\"@id\":\"https:\/\/dicodusport.fr\/blog\/#organization\"},\"image\":{\"@id\":\"https:\/\/dicodusport.fr\/blog\/coupe-du-monde-ski-alpinisme-emily-harrop-realise-le-double-a-villars-sur-ollon\/#primaryimage\"},\"thumbnailUrl\":\"https:\/\/dicodusport.fr\/blog\/wp-content\/uploads\/2024\/02\/Coupe-du-monde-Ski-alpinisme-Emily-Harrop-realise-le-double-a-Villars-sur-Ollon.png\",\"keywords\":[\"Axelle Gachet-Mollaret\",\"br\u00e8ve\",\"Coupe du monde ski alpinisme\",\"Emily Harrop\",\"Ski alpinisme\",\"Thibault Anselmet\"],\"articleSection\":[\"Ski alpinisme\"],\"inLanguage\":\"fr-FR\",\"potentialAction\":[{\"@type\":\"CommentAction\",\"name\":\"Comment\",\"target\":[\"https:\/\/dicodusport.fr\/blog\/coupe-du-monde-ski-alpinisme-emily-harrop-realise-le-double-a-villars-sur-ollon\/#respond\"]}],\"copyrightYear\":\"2024\",\"copyrightHolder\":{\"@id\":\"https:\/\/dicodusport.fr\/blog\/#organization\"}},{\"@type\":\"WebPage\",\"@id\":\"https:\/\/dicodusport.fr\/blog\/coupe-du-monde-ski-alpinisme-emily-harrop-realise-le-double-a-villars-sur-ollon\/\",\"url\":\"https:\/\/dicodusport.fr\/blog\/coupe-du-monde-ski-alpinisme-emily-harrop-realise-le-double-a-villars-sur-ollon\/\",\"name\":\"Coupe du monde Ski alpinisme : Emily Harrop r\u00e9alise le doubl\u00e9 \u00e0 Villars-sur-Ollon\",\"isPartOf\":{\"@id\":\"https:\/\/dicodusport.fr\/blog\/#website\"},\"primaryImageOfPage\":{\"@id\":\"https:\/\/dicodusport.fr\/blog\/coupe-du-monde-ski-alpinisme-emily-harrop-realise-le-double-a-villars-sur-ollon\/#primaryimage\"},\"image\":{\"@id\":\"https:\/\/dicodusport.fr\/blog\/coupe-du-monde-ski-alpinisme-emily-harrop-realise-le-double-a-villars-sur-ollon\/#primaryimage\"},\"thumbnailUrl\":\"https:\/\/dicodusport.fr\/blog\/wp-content\/uploads\/2024\/02\/Coupe-du-monde-Ski-alpinisme-Emily-Harrop-realise-le-double-a-Villars-sur-Ollon.png\",\"datePublished\":\"2024-02-05T16:02:48+00:00\",\"dateModified\":\"2025-04-03T12:25:34+00:00\",\"description\":\"COUPE DU MONDE SKI ALPINISME - Emily Harrop a remport\u00e9 sur le sprint sa deuxi\u00e8me victoire \u00e0 Villars-sur-Ollon.\",\"breadcrumb\":{\"@id\":\"https:\/\/dicodusport.fr\/blog\/coupe-du-monde-ski-alpinisme-emily-harrop-realise-le-double-a-villars-sur-ollon\/#breadcrumb\"},\"inLanguage\":\"fr-FR\",\"potentialAction\":[{\"@type\":\"ReadAction\",\"target\":[\"https:\/\/dicodusport.fr\/blog\/coupe-du-monde-ski-alpinisme-emily-harrop-realise-le-double-a-villars-sur-ollon\/\"]}]},{\"@type\":\"ImageObject\",\"inLanguage\":\"fr-FR\",\"@id\":\"https:\/\/dicodusport.fr\/blog\/coupe-du-monde-ski-alpinisme-emily-harrop-realise-le-double-a-villars-sur-ollon\/#primaryimage\",\"url\":\"https:\/\/dicodusport.fr\/blog\/wp-content\/uploads\/2024\/02\/Coupe-du-monde-Ski-alpinisme-Emily-Harrop-realise-le-double-a-Villars-sur-Ollon.png\",\"contentUrl\":\"https:\/\/dicodusport.fr\/blog\/wp-content\/uploads\/2024\/02\/Coupe-du-monde-Ski-alpinisme-Emily-Harrop-realise-le-double-a-Villars-sur-Ollon.png\",\"width\":1200,\"height\":674,\"caption\":\"Coupe du monde Ski alpinisme : Emily Harrop r\u00e9alise le doubl\u00e9 \u00e0 Villars-sur-Ollon\"},{\"@type\":\"BreadcrumbList\",\"@id\":\"https:\/\/dicodusport.fr\/blog\/coupe-du-monde-ski-alpinisme-emily-harrop-realise-le-double-a-villars-sur-ollon\/#breadcrumb\",\"itemListElement\":[{\"@type\":\"ListItem\",\"position\":1,\"name\":\"Accueil\",\"item\":\"https:\/\/dicodusport.fr\/blog\/\"},{\"@type\":\"ListItem\",\"position\":2,\"name\":\"Coupe du monde Ski alpinisme : Emily Harrop r\u00e9alise le doubl\u00e9 \u00e0 Villars-sur-Ollon\"}]},{\"@type\":\"WebSite\",\"@id\":\"https:\/\/dicodusport.fr\/blog\/#website\",\"url\":\"https:\/\/dicodusport.fr\/blog\/\",\"name\":\"Dicodusport\",\"description\":\"L&#039;encyclop\u00e9die de l&#039;actualit\u00e9 sportive\",\"publisher\":{\"@id\":\"https:\/\/dicodusport.fr\/blog\/#organization\"},\"potentialAction\":[{\"@type\":\"SearchAction\",\"target\":{\"@type\":\"EntryPoint\",\"urlTemplate\":\"https:\/\/dicodusport.fr\/blog\/?s={search_term_string}\"},\"query-input\":{\"@type\":\"PropertyValueSpecification\",\"valueRequired\":true,\"valueName\":\"search_term_string\"}}],\"inLanguage\":\"fr-FR\"},{\"@type\":\"NewsMediaOrganization\",\"@id\":\"https:\/\/dicodusport.fr\/blog\/#organization\",\"name\":\"Dicodusport\",\"url\":\"https:\/\/dicodusport.fr\/blog\/\",\"logo\":{\"@type\":\"ImageObject\",\"inLanguage\":\"fr-FR\",\"@id\":\"https:\/\/dicodusport.fr\/blog\/#\/schema\/logo\/image\/\",\"url\":\"https:\/\/dicodusport.fr\/blog\/wp-content\/uploads\/2020\/06\/cropped-LOGO-DICODUSPORT-2020-SANS-FOND-SANS-TEXTE.png\",\"contentUrl\":\"https:\/\/dicodusport.fr\/blog\/wp-content\/uploads\/2020\/06\/cropped-LOGO-DICODUSPORT-2020-SANS-FOND-SANS-TEXTE.png\",\"width\":512,\"height\":512,\"caption\":\"Dicodusport\"},\"image\":{\"@id\":\"https:\/\/dicodusport.fr\/blog\/#\/schema\/logo\/image\/\"},\"sameAs\":[\"https:\/\/www.facebook.com\/dicodusport\",\"https:\/\/x.com\/dicodusport\",\"https:\/\/www.instagram.com\/dicodusport\/\",\"https:\/\/www.youtube.com\/channel\/UC7V2KZ5sd3htJivAbA4ZG3w\"],\"description\":\"Dicodusport est l'encyclop\u00e9die de l'actualit\u00e9 sportive.\",\"email\":\"bonjour@dicodusport.fr\",\"legalName\":\"DICODUSPORT\",\"foundingDate\":\"2018-01-14\",\"vatID\":\"FR71834470973\",\"taxID\":\"83447097300043\",\"numberOfEmployees\":{\"@type\":\"QuantitativeValue\",\"minValue\":\"1\",\"maxValue\":\"10\"}},{\"@type\":\"Person\",\"@id\":\"https:\/\/dicodusport.fr\/blog\/#\/schema\/person\/37def232098a7a5cbab3974a3690abb0\",\"name\":\"Maxime Cazenave\",\"image\":{\"@type\":\"ImageObject\",\"inLanguage\":\"fr-FR\",\"@id\":\"https:\/\/dicodusport.fr\/blog\/#\/schema\/person\/image\/\",\"url\":\"https:\/\/dicodusport.fr\/blog\/wp-content\/uploads\/2021\/05\/Maxime-Cazenave-150x150.jpg\",\"contentUrl\":\"https:\/\/dicodusport.fr\/blog\/wp-content\/uploads\/2021\/05\/Maxime-Cazenave-150x150.jpg\",\"caption\":\"Maxime Cazenave\"},\"description\":\"Journaliste\/R\u00e9dacteur depuis 2012 - Berc\u00e9 par l\u2019amour des Girondins de Bordeaux, les \u00e9checs de Christophe Moreau sur le Tour de France sous l'\u00e8re Lance Armstrong et le fade-away l\u00e9tal de Dirk Nowitzki, ma passion d\u00e9vorante pour le sport a toujours \u00e9t\u00e9 un pan incontournable de ma vie. Transmettre ma passion \u00e0 l\u2019\u00e9crit a \u00e9t\u00e9 une transition naturelle. Suiveur assidu de basket et de hockey sur glace, je garde toujours un peu de place pour suivre le cyclisme, le football et le maximum de performances fran\u00e7aises.\",\"sameAs\":[\"https:\/\/x.com\/https:\/\/twitter.com\/Maxime_Caze\"],\"url\":\"https:\/\/dicodusport.fr\/blog\/author\/maximec\/\"}]}<\/script>\n<!-- \/ Yoast SEO Premium plugin. -->","yoast_head_json":{"title":"Coupe du monde Ski alpinisme : Emily Harrop r\u00e9alise le doubl\u00e9 \u00e0 Villars-sur-Ollon","description":"COUPE DU MONDE SKI ALPINISME - Emily Harrop a remport\u00e9 sur le sprint sa deuxi\u00e8me victoire \u00e0 Villars-sur-Ollon.","robots":{"index":"index","follow":"follow","max-snippet":"max-snippet:-1","max-image-preview":"max-image-preview:large","max-video-preview":"max-video-preview:-1"},"canonical":"https:\/\/dicodusport.fr\/blog\/coupe-du-monde-ski-alpinisme-emily-harrop-realise-le-double-a-villars-sur-ollon\/","og_locale":"fr_FR","og_type":"article","og_title":"Coupe du monde Ski alpinisme : Emily Harrop r\u00e9alise le doubl\u00e9 \u00e0 Villars-sur-Ollon","og_description":"COUPE DU MONDE SKI ALPINISME - Emily Harrop a remport\u00e9 sur le sprint sa deuxi\u00e8me victoire \u00e0 Villars-sur-Ollon.","og_url":"https:\/\/dicodusport.fr\/blog\/coupe-du-monde-ski-alpinisme-emily-harrop-realise-le-double-a-villars-sur-ollon\/","og_site_name":"Dicodusport","article_publisher":"https:\/\/www.facebook.com\/dicodusport","article_published_time":"2024-02-05T16:02:48+00:00","article_modified_time":"2025-04-03T12:25:34+00:00","og_image":[{"width":1200,"height":674,"url":"https:\/\/dicodusport.fr\/blog\/wp-content\/uploads\/2024\/02\/Coupe-du-monde-Ski-alpinisme-Emily-Harrop-realise-le-double-a-Villars-sur-Ollon.png","type":"image\/png"}],"author":"Maxime Cazenave","twitter_card":"summary_large_image","twitter_title":"Coupe du monde Ski alpinisme : Emily Harrop r\u00e9alise le doubl\u00e9 \u00e0 Villars-sur-Ollon","twitter_creator":"@https:\/\/twitter.com\/Maxime_Caze","twitter_site":"@dicodusport","schema":{"@context":"https:\/\/schema.org","@graph":[{"@type":"NewsArticle","@id":"https:\/\/dicodusport.fr\/blog\/coupe-du-monde-ski-alpinisme-emily-harrop-realise-le-double-a-villars-sur-ollon\/#article","isPartOf":{"@id":"https:\/\/dicodusport.fr\/blog\/coupe-du-monde-ski-alpinisme-emily-harrop-realise-le-double-a-villars-sur-ollon\/"},"author":{"name":"Maxime Cazenave","@id":"https:\/\/dicodusport.fr\/blog\/#\/schema\/person\/37def232098a7a5cbab3974a3690abb0"},"headline":"Coupe du monde Ski alpinisme : Emily Harrop r\u00e9alise le doubl\u00e9 \u00e0 Villars-sur-Ollon","datePublished":"2024-02-05T16:02:48+00:00","dateModified":"2025-04-03T12:25:34+00:00","mainEntityOfPage":{"@id":"https:\/\/dicodusport.fr\/blog\/coupe-du-monde-ski-alpinisme-emily-harrop-realise-le-double-a-villars-sur-ollon\/"},"wordCount":340,"commentCount":0,"publisher":{"@id":"https:\/\/dicodusport.fr\/blog\/#organization"},"image":{"@id":"https:\/\/dicodusport.fr\/blog\/coupe-du-monde-ski-alpinisme-emily-harrop-realise-le-double-a-villars-sur-ollon\/#primaryimage"},"thumbnailUrl":"https:\/\/dicodusport.fr\/blog\/wp-content\/uploads\/2024\/02\/Coupe-du-monde-Ski-alpinisme-Emily-Harrop-realise-le-double-a-Villars-sur-Ollon.png","keywords":["Axelle Gachet-Mollaret","br\u00e8ve","Coupe du monde ski alpinisme","Emily Harrop","Ski alpinisme","Thibault Anselmet"],"articleSection":["Ski alpinisme"],"inLanguage":"fr-FR","potentialAction":[{"@type":"CommentAction","name":"Comment","target":["https:\/\/dicodusport.fr\/blog\/coupe-du-monde-ski-alpinisme-emily-harrop-realise-le-double-a-villars-sur-ollon\/#respond"]}],"copyrightYear":"2024","copyrightHolder":{"@id":"https:\/\/dicodusport.fr\/blog\/#organization"}},{"@type":"WebPage","@id":"https:\/\/dicodusport.fr\/blog\/coupe-du-monde-ski-alpinisme-emily-harrop-realise-le-double-a-villars-sur-ollon\/","url":"https:\/\/dicodusport.fr\/blog\/coupe-du-monde-ski-alpinisme-emily-harrop-realise-le-double-a-villars-sur-ollon\/","name":"Coupe du monde Ski alpinisme : Emily Harrop r\u00e9alise le doubl\u00e9 \u00e0 Villars-sur-Ollon","isPartOf":{"@id":"https:\/\/dicodusport.fr\/blog\/#website"},"primaryImageOfPage":{"@id":"https:\/\/dicodusport.fr\/blog\/coupe-du-monde-ski-alpinisme-emily-harrop-realise-le-double-a-villars-sur-ollon\/#primaryimage"},"image":{"@id":"https:\/\/dicodusport.fr\/blog\/coupe-du-monde-ski-alpinisme-emily-harrop-realise-le-double-a-villars-sur-ollon\/#primaryimage"},"thumbnailUrl":"https:\/\/dicodusport.fr\/blog\/wp-content\/uploads\/2024\/02\/Coupe-du-monde-Ski-alpinisme-Emily-Harrop-realise-le-double-a-Villars-sur-Ollon.png","datePublished":"2024-02-05T16:02:48+00:00","dateModified":"2025-04-03T12:25:34+00:00","description":"COUPE DU MONDE SKI ALPINISME - Emily Harrop a remport\u00e9 sur le sprint sa deuxi\u00e8me victoire \u00e0 Villars-sur-Ollon.","breadcrumb":{"@id":"https:\/\/dicodusport.fr\/blog\/coupe-du-monde-ski-alpinisme-emily-harrop-realise-le-double-a-villars-sur-ollon\/#breadcrumb"},"inLanguage":"fr-FR","potentialAction":[{"@type":"ReadAction","target":["https:\/\/dicodusport.fr\/blog\/coupe-du-monde-ski-alpinisme-emily-harrop-realise-le-double-a-villars-sur-ollon\/"]}]},{"@type":"ImageObject","inLanguage":"fr-FR","@id":"https:\/\/dicodusport.fr\/blog\/coupe-du-monde-ski-alpinisme-emily-harrop-realise-le-double-a-villars-sur-ollon\/#primaryimage","url":"https:\/\/dicodusport.fr\/blog\/wp-content\/uploads\/2024\/02\/Coupe-du-monde-Ski-alpinisme-Emily-Harrop-realise-le-double-a-Villars-sur-Ollon.png","contentUrl":"https:\/\/dicodusport.fr\/blog\/wp-content\/uploads\/2024\/02\/Coupe-du-monde-Ski-alpinisme-Emily-Harrop-realise-le-double-a-Villars-sur-Ollon.png","width":1200,"height":674,"caption":"Coupe du monde Ski alpinisme : Emily Harrop r\u00e9alise le doubl\u00e9 \u00e0 Villars-sur-Ollon"},{"@type":"BreadcrumbList","@id":"https:\/\/dicodusport.fr\/blog\/coupe-du-monde-ski-alpinisme-emily-harrop-realise-le-double-a-villars-sur-ollon\/#breadcrumb","itemListElement":[{"@type":"ListItem","position":1,"name":"Accueil","item":"https:\/\/dicodusport.fr\/blog\/"},{"@type":"ListItem","position":2,"name":"Coupe du monde Ski alpinisme : Emily Harrop r\u00e9alise le doubl\u00e9 \u00e0 Villars-sur-Ollon"}]},{"@type":"WebSite","@id":"https:\/\/dicodusport.fr\/blog\/#website","url":"https:\/\/dicodusport.fr\/blog\/","name":"Dicodusport","description":"L&#039;encyclop\u00e9die de l&#039;actualit\u00e9 sportive","publisher":{"@id":"https:\/\/dicodusport.fr\/blog\/#organization"},"potentialAction":[{"@type":"SearchAction","target":{"@type":"EntryPoint","urlTemplate":"https:\/\/dicodusport.fr\/blog\/?s={search_term_string}"},"query-input":{"@type":"PropertyValueSpecification","valueRequired":true,"valueName":"search_term_string"}}],"inLanguage":"fr-FR"},{"@type":"NewsMediaOrganization","@id":"https:\/\/dicodusport.fr\/blog\/#organization","name":"Dicodusport","url":"https:\/\/dicodusport.fr\/blog\/","logo":{"@type":"ImageObject","inLanguage":"fr-FR","@id":"https:\/\/dicodusport.fr\/blog\/#\/schema\/logo\/image\/","url":"https:\/\/dicodusport.fr\/blog\/wp-content\/uploads\/2020\/06\/cropped-LOGO-DICODUSPORT-2020-SANS-FOND-SANS-TEXTE.png","contentUrl":"https:\/\/dicodusport.fr\/blog\/wp-content\/uploads\/2020\/06\/cropped-LOGO-DICODUSPORT-2020-SANS-FOND-SANS-TEXTE.png","width":512,"height":512,"caption":"Dicodusport"},"image":{"@id":"https:\/\/dicodusport.fr\/blog\/#\/schema\/logo\/image\/"},"sameAs":["https:\/\/www.facebook.com\/dicodusport","https:\/\/x.com\/dicodusport","https:\/\/www.instagram.com\/dicodusport\/","https:\/\/www.youtube.com\/channel\/UC7V2KZ5sd3htJivAbA4ZG3w"],"description":"Dicodusport est l'encyclop\u00e9die de l'actualit\u00e9 sportive.","email":"bonjour@dicodusport.fr","legalName":"DICODUSPORT","foundingDate":"2018-01-14","vatID":"FR71834470973","taxID":"83447097300043","numberOfEmployees":{"@type":"QuantitativeValue","minValue":"1","maxValue":"10"}},{"@type":"Person","@id":"https:\/\/dicodusport.fr\/blog\/#\/schema\/person\/37def232098a7a5cbab3974a3690abb0","name":"Maxime Cazenave","image":{"@type":"ImageObject","inLanguage":"fr-FR","@id":"https:\/\/dicodusport.fr\/blog\/#\/schema\/person\/image\/","url":"https:\/\/dicodusport.fr\/blog\/wp-content\/uploads\/2021\/05\/Maxime-Cazenave-150x150.jpg","contentUrl":"https:\/\/dicodusport.fr\/blog\/wp-content\/uploads\/2021\/05\/Maxime-Cazenave-150x150.jpg","caption":"Maxime Cazenave"},"description":"Journaliste\/R\u00e9dacteur depuis 2012 - Berc\u00e9 par l\u2019amour des Girondins de Bordeaux, les \u00e9checs de Christophe Moreau sur le Tour de France sous l'\u00e8re Lance Armstrong et le fade-away l\u00e9tal de Dirk Nowitzki, ma passion d\u00e9vorante pour le sport a toujours \u00e9t\u00e9 un pan incontournable de ma vie. Transmettre ma passion \u00e0 l\u2019\u00e9crit a \u00e9t\u00e9 une transition naturelle. Suiveur assidu de basket et de hockey sur glace, je garde toujours un peu de place pour suivre le cyclisme, le football et le maximum de performances fran\u00e7aises.","sameAs":["https:\/\/x.com\/https:\/\/twitter.com\/Maxime_Caze"],"url":"https:\/\/dicodusport.fr\/blog\/author\/maximec\/"}]}},"_links":{"self":[{"href":"https:\/\/dicodusport.fr\/blog\/wp-json\/wp\/v2\/posts\/460231","targetHints":{"allow":["GET"]}}],"collection":[{"href":"https:\/\/dicodusport.fr\/blog\/wp-json\/wp\/v2\/posts"}],"about":[{"href":"https:\/\/dicodusport.fr\/blog\/wp-json\/wp\/v2\/types\/post"}],"author":[{"embeddable":true,"href":"https:\/\/dicodusport.fr\/blog\/wp-json\/wp\/v2\/users\/55"}],"replies":[{"embeddable":true,"href":"https:\/\/dicodusport.fr\/blog\/wp-json\/wp\/v2\/comments?post=460231"}],"version-history":[{"count":2,"href":"https:\/\/dicodusport.fr\/blog\/wp-json\/wp\/v2\/posts\/460231\/revisions"}],"predecessor-version":[{"id":460262,"href":"https:\/\/dicodusport.fr\/blog\/wp-json\/wp\/v2\/posts\/460231\/revisions\/460262"}],"wp:featuredmedia":[{"embeddable":true,"href":"https:\/\/dicodusport.fr\/blog\/wp-json\/wp\/v2\/media\/460236"}],"wp:attachment":[{"href":"https:\/\/dicodusport.fr\/blog\/wp-json\/wp\/v2\/media?parent=460231"}],"wp:term":[{"taxonomy":"category","embeddable":true,"href":"https:\/\/dicodusport.fr\/blog\/wp-json\/wp\/v2\/categories?post=460231"},{"taxonomy":"post_tag","embeddable":true,"href":"https:\/\/dicodusport.fr\/blog\/wp-json\/wp\/v2\/tags?post=460231"}],"curies":[{"name":"wp","href":"https:\/\/api.w.org\/{rel}","templated":true}]}}