{"id":460456,"date":"2024-02-07T15:00:41","date_gmt":"2024-02-07T14:00:41","guid":{"rendered":"https:\/\/dicodusport.fr\/blog\/?p=460456&#038;preview=true&#038;preview_id=460456"},"modified":"2024-02-07T14:03:42","modified_gmt":"2024-02-07T13:03:42","slug":"cyclisme-2024-la-grande-annee-pour-mads-pedersen","status":"publish","type":"post","link":"https:\/\/dicodusport.fr\/blog\/cyclisme-2024-la-grande-annee-pour-mads-pedersen\/","title":{"rendered":"Cyclisme : 2024, la grande ann\u00e9e pour Mads Pedersen ?"},"content":{"rendered":"<p style=\"text-align: justify;\"><strong><em>CYCLISME &#8211; Mads Pedersen (Lidl-Trek) sera l&rsquo;attraction du Tour de La Provence, qui d\u00e9bute ce jeudi, quelques jours apr\u00e8s sa victoire sur l&rsquo;\u00c9toile de Bess\u00e8ges. Le Danois peut \u00eatre un des grands bonhommes de l&rsquo;ann\u00e9e 2024.<\/em><\/strong><\/p>\n<ul>\n<li style=\"text-align: justify;\"><strong>\u00c0 ce sujet \u2013\u00a0<a href=\"https:\/\/dicodusport.fr\/blog\/cyclisme-calendrier-world-tour-2024\/\">Cyclisme \u2013 Calendrier World Tour 2024<\/a><\/strong><\/li>\n<\/ul>\n<h2 style=\"text-align: justify;\">Mads Pedersen : Une ann\u00e9e 2023 solide, un d\u00e9but 2024 id\u00e9al<\/h2>\n<p style=\"text-align: justify;\">L&rsquo;ann\u00e9e 2023 de <a href=\"https:\/\/fr.wikipedia.org\/wiki\/Mads_Pedersen\"><strong>Mads Pedersen<\/strong><\/a> (Lidl-Trek) a \u00e9t\u00e9 hyper solide. \u00c9videmment, il n&rsquo;a pas scor\u00e9 comme un <strong>Tadej Pogacar<\/strong> ou un <strong>Jasper Philipsen<\/strong>, tous deux ayant all\u00e8grement d\u00e9pass\u00e9 le nombre \u00e0 deux chiffres. N\u00e9anmoins, le Danois a lev\u00e9 les bras \u00e0 sept reprises. Son succ\u00e8s le plus marquant ? Sur le Tour de France \u00e0 Limoges o\u00f9, d&rsquo;un sprint brutal en faux plat-montant, il fut un des seuls, avec <strong>Jordi Meeus<\/strong> (Bora-Hansgrohe), \u00e0 \u00e9c\u0153urer l&rsquo;ogre <strong>Jasper Philipsen<\/strong> (Alpecin-Deceuninck) sur la Grande Boucle. Un sprint en costaud \u00e0 la pure p\u00e9dale. Mais on peut y ajouter une \u00e9tape et le g\u00e9n\u00e9ral du Tour du Danemark, une \u00e9tape sur le Tour d&rsquo;Italie (doubl\u00e9 Giro-Tour s&rsquo;il vous pla\u00eet). Le chrono sur l&rsquo;\u00c9toile de Bess\u00e8ges et une \u00e9tape sur Paris-Nice. Et pour finir, <a href=\"https:\/\/dicodusport.fr\/blog\/bemer-cyclassics-hambourg-2023-mads-pedersen-simpose-en-costaud\/\">la BEMER Cyclassic Hambourg<\/a>. Soit quatre succ\u00e8s World Tour.<\/p>\n<p style=\"text-align: justify;\">Au-del\u00e0 de ses victoires, il y a eu de tr\u00e8s grands r\u00e9sultats et une grande r\u00e9gularit\u00e9. On retiendra surtout une 3e place (devant <strong>Wout Van Aert<\/strong> !) d&rsquo;un Tour des Flandres o\u00f9 il a \u00e9t\u00e9 \u00e0 l&rsquo;offensive tr\u00e8s loin de l&rsquo;arriv\u00e9e. Tomb\u00e9 sur un <strong>Tadej Pogacar<\/strong> qui a sorti la course de sa carri\u00e8re ce jour-l\u00e0. Mais aussi 4e de Paris-Roubaix, certes jamais totalement en position de le gagner, et 6e de Milan-San Remo. Trois places tr\u00e8s costaudes sur des Monuments, qui en disent long sur son endurance et sa r\u00e9sistance. Certes \u00e0 chaque fois domin\u00e9 par un des ogres du peloton. On n&rsquo;oubliera pas sa 4e place aux championnats du monde sur route.<\/p>\n<p style=\"text-align: justify;\">Et son d\u00e9but d&rsquo;ann\u00e9e 2024, avec une victoire et <a href=\"https:\/\/dicodusport.fr\/blog\/etoile-de-besseges-classement-general\/\">le g\u00e9n\u00e9ral \u00e0 Bess\u00e8ges<\/a>, sont d\u00e9j\u00e0 de gros signaux positifs. Notamment sa r\u00e9sistance sur une bosse longue de plus de quatre kilom\u00e8tres, avec pr\u00e8s de 5% de moyenne. Ce n&rsquo;\u00e9tait pas le Ventoux, mais c&rsquo;est costaud.<\/p>\n<div class=\"vlp-link-container vlp-layout-article\"><a href=\"https:\/\/dicodusport.fr\/blog\/etoile-de-besseges-2024-kevin-vauquelin-gagne-la-5eme-etape-mads-pedersen-le-general\/\" class=\"vlp-link\" title=\"\u00c9toile de Bess\u00e8ges 2024 : K\u00e9vin Vauquelin gagne la 5\u00e8me \u00e9tape, Mads Pedersen le g\u00e9n\u00e9ral\"><\/a><div class=\"vlp-layout-zone-side\"><div class=\"vlp-block-4 vlp-link-image\"><img loading=\"lazy\" decoding=\"async\" style=\"max-width: 792px;\" width=\"792\" height=\"445\" src=\"https:\/\/dicodusport.fr\/blog\/wp-content\/uploads\/2024\/02\/Etoile-de-Besseges-2024-Kevin-Vauquelin-gagne-la-5eme-etape-Mads-Pedersen-le-general-1.png\" class=\"attachment-800x445 size-800x445\" alt=\"Cyclisme : Pedersen, Vauquelin, TotalEnergies, le barom\u00e8tre de la semaine du 29 janvier au 4 f\u00e9vrier\" srcset=\"https:\/\/dicodusport.fr\/blog\/wp-content\/uploads\/2024\/02\/Etoile-de-Besseges-2024-Kevin-Vauquelin-gagne-la-5eme-etape-Mads-Pedersen-le-general-1.png 1200w, https:\/\/dicodusport.fr\/blog\/wp-content\/uploads\/2024\/02\/Etoile-de-Besseges-2024-Kevin-Vauquelin-gagne-la-5eme-etape-Mads-Pedersen-le-general-1-300x169.png 300w, https:\/\/dicodusport.fr\/blog\/wp-content\/uploads\/2024\/02\/Etoile-de-Besseges-2024-Kevin-Vauquelin-gagne-la-5eme-etape-Mads-Pedersen-le-general-1-1024x575.png 1024w, https:\/\/dicodusport.fr\/blog\/wp-content\/uploads\/2024\/02\/Etoile-de-Besseges-2024-Kevin-Vauquelin-gagne-la-5eme-etape-Mads-Pedersen-le-general-1-768x431.png 768w\" sizes=\"auto, (max-width: 792px) 100vw, 792px\" \/><\/div><\/div><div class=\"vlp-layout-zone-main\"><div class=\"vlp-block-0 vlp-link-title\">\u00c9toile de Bess\u00e8ges 2024 : K\u00e9vin Vauquelin gagne la 5\u00e8me \u00e9tape, Mads Pedersen le g\u00e9n\u00e9ral<\/div><div class=\"vlp-block-1 vlp-link-summary\">\u00c9TOILE DE BESS\u00c8GES 2024 - K\u00e9vin Vauquelin (Arkea B&amp;B H\u00f4tels) a remport\u00e9 la cinqui\u00e8me \u00e9tape de l'\u00c9toile de Bess\u00e8ges \u2013 Tour du Gard \u00e0 Al\u00e8s, dimanche. Lors de ce contre-la-montre final, il a devanc\u00e9 Mads Pedersen (Lidl Trek). Mais, le coureur danois a remport\u00e9 le classement g\u00e9n\u00e9ral.\u00a0<\/div><div class=\"vlp-block-2 vlp-link-button\">Lire l'article<\/div><div class=\"vlp-block-3 vlp-link-url\">dicodusport.fr<\/div><\/div><\/div>\n<h2 style=\"text-align: justify;\">Mads Pedersen : Un des grands favoris sur les Flandriennes ?<\/h2>\n<p style=\"text-align: justify;\">Des grands r\u00e9sultats, peut-\u00eatre un d\u00e9clic sur le Tour de France o\u00f9 il s&rsquo;est comport\u00e9 comme un patron&#8230; S\u00fbrement encore plus que lors de son titre surprise aux championnats du monde 2019. Oui, <strong>Mads Pedersen<\/strong> a franchi un cap physique et psychologique. Sur lequel il semble surfer en ce d\u00e9but de saison. \u00c9videmment que la concurrence \u00e0 l&rsquo;<strong>\u00c9toile de Bess\u00e8ges<\/strong> ne sera pas la m\u00eame que sur les Monuments. Assur\u00e9ment qu&rsquo;il en sera de m\u00eame sur le Tour de La Provence, qui d\u00e9bute ce jeudi. N\u00e9anmoins, sur les Monuments fFlandriens, voire <strong>Milan San-Remo<\/strong>, il devient un favori pour la victoire. Pas l&rsquo;immense favori, mais un favori. D&rsquo;autant que des param\u00e8tres seront encore plus en sa faveur qu&rsquo;en 2023.<\/p>\n<blockquote class=\"twitter-tweet\">\n<p dir=\"ltr\" lang=\"fr\">Mads Pedersen, Bruno Armirail et Axel Zingle sont au d\u00e9part du Tour de la Provence 2024 \ud83d\udc47 <a href=\"https:\/\/twitter.com\/hashtag\/TDLP?src=hash&amp;ref_src=twsrc%5Etfw\">#TDLP<\/a><a href=\"https:\/\/t.co\/gy5seNhIvS\">https:\/\/t.co\/gy5seNhIvS<\/a><\/p>\n<p>\u2014 Dicodusport \u2b50\u2b50 (@dicodusport) <a href=\"https:\/\/twitter.com\/dicodusport\/status\/1754854957092651486?ref_src=twsrc%5Etfw\">February 6, 2024<\/a><\/p><\/blockquote>\n<p><script async src=\"https:\/\/platform.twitter.com\/widgets.js\" charset=\"utf-8\"><\/script><\/p>\n<h3 style=\"text-align: justify;\">Des absents par rapport \u00e0 2023<\/h3>\n<p style=\"text-align: justify;\">Sur le Tour des Flandres, il y aura un absent de marque. Ni plus ni moins que <strong>Tadej Pogacar<\/strong> (UAE\u00a0 Team Emirates), le tenant du titre. On se souvient, le Slov\u00e8ne avait dynamit\u00e9 la course l&rsquo;an pass\u00e9, comme il y a deux ans. En 2023, <strong>Mads Pedersen<\/strong> avait eu beau anticiper, il n&rsquo;avait rien pu faire. Alors en 2024, un Mathieu van der Poel est capable de d\u00e9canter une course de loin, un peu moins qu&rsquo;\u00e0 une certaine \u00e9poque. Mais cela peut promettre un<strong> Tour des Flandres<\/strong> peut \u00eatre un poil plus calme. Et plus favorable aux concurrents endurants. Ce qui est le cas du Danois, jamais aussi fort que sur les courses longues. Il ne sera pas le grand favori de la course, mais peut transformer sa 3e place, en quelque chose d&rsquo;un peu mieux. Tout comme sur un <strong>Paris-Roubaix<\/strong> o\u00f9 il peut tirer les marrons du feu du duel MVDP\/WVA.<\/p>\n<h3 style=\"text-align: justify;\">Une \u00e9quipe renforc\u00e9e<\/h3>\n<p style=\"text-align: justify;\">Le Danois pourra compter sur une \u00e9quipe <strong>Lidl-Trek<\/strong> qui a fi\u00e8re allure. Les Am\u00e9ricains ont d\u00e9bauch\u00e9 le tr\u00e8s solide<strong> Jonathan Milan<\/strong> de la<strong> Bahrain-Victorious<\/strong>. Le sprinter italien a d\u00e9j\u00e0 lev\u00e9 les bras (le m\u00eame jour que <strong>Mads Pedersen<\/strong>) sur le Tour de la Communaut\u00e9 de Valence. Et semble avoir franchi un cap dans les bosses. Il sera d&rsquo;ailleurs align\u00e9 sur les Flandriennes pr\u00e9paratoires, notamment le tr\u00e8s difficile Omloop Het Nieuwsblad. Il est fort \u00e0 pr\u00e9sumer que son \u00e9quipe sera tr\u00e8s attentive au comportement de l&rsquo;Italien sur les pav\u00e9s. S&rsquo;il s&rsquo;y comporte bien, il peut devenir un \u00e9quipier de tr\u00e8s haute qualit\u00e9 pour le Danois. Voire une vraie cartouche pour cr\u00e9er de l&rsquo;incertitude aupr\u00e8s de son adversaire.<strong> Ryan Gibbons, Fabio Felline <\/strong>et<strong> Tim Declerq <\/strong>seront aussi de s\u00e9rieux atouts pour <strong>Pedersen<\/strong>.<\/p>\n<p style=\"text-align: justify;\">Avec la pr\u00e9sence de <strong>Jasper Stuyven<\/strong>, vainqueur de Milan-San Remo par le pass\u00e9, mais aussi redoutable flandrien, la formation am\u00e9ricaine sera dense, et Mads Pedersen sera tr\u00e8s bien entour\u00e9. Il devrait \u00eatre accompagn\u00e9 tr\u00e8s loin, que ce soit sur le Tour des Flandres ou Paris-Roubaix. Pour, pourquoi pas, aller au bout et d\u00e9crocher le premier Monument de sa carri\u00e8re ? L&rsquo;avenir nous le dira cette saison.<\/p>\n","protected":false},"excerpt":{"rendered":"<p>CYCLISME &#8211; Mads Pedersen (Lidl-Trek) sera l&rsquo;attraction du Tour de La Provence, qui d\u00e9bute ce jeudi, quelques jours apr\u00e8s sa victoire sur l&rsquo;\u00c9toile de Bess\u00e8ges. Le Danois peut \u00eatre un des grands bonhommes de l&rsquo;ann\u00e9e 2024.<\/p>\n","protected":false},"author":83,"featured_media":460466,"comment_status":"open","ping_status":"closed","sticky":false,"template":"","format":"standard","meta":{"_acf_changed":false,"_daextam_enable_autolinks":"1","footnotes":""},"categories":[46994],"tags":[16878,574,32405,26327],"class_list":["post-460456","post","type-post","status-publish","format-standard","has-post-thumbnail","hentry","category-cyclisme-sur-route","tag-breve","tag-cyclisme","tag-lidl-trek","tag-mads-pedersen"],"acf":[],"yoast_head":"<!-- This site is optimized with the Yoast SEO Premium plugin v26.7 (Yoast SEO v26.7) - https:\/\/yoast.com\/wordpress\/plugins\/seo\/ -->\n<title>Cyclisme : 2024, la grande ann\u00e9e pour Mads Pedersen ?<\/title>\n<meta name=\"description\" content=\"CYCLISME - Mads Pedersen sera l&#039;attraction du Tour de La Provence, ce jeudi, quelques jours apr\u00e8s sa victoire sur l&#039;\u00c9toile de Bess\u00e8ges.\" \/>\n<meta name=\"robots\" content=\"index, follow, max-snippet:-1, max-image-preview:large, max-video-preview:-1\" \/>\n<link rel=\"canonical\" href=\"https:\/\/dicodusport.fr\/blog\/cyclisme-2024-la-grande-annee-pour-mads-pedersen\/\" \/>\n<meta property=\"og:locale\" content=\"fr_FR\" \/>\n<meta property=\"og:type\" content=\"article\" \/>\n<meta property=\"og:title\" content=\"Cyclisme : 2024, la grande ann\u00e9e pour Mads Pedersen ?\" \/>\n<meta property=\"og:description\" content=\"CYCLISME - Mads Pedersen sera l&#039;attraction du Tour de La Provence, ce jeudi, quelques jours apr\u00e8s sa victoire sur l&#039;\u00c9toile de Bess\u00e8ges.\" \/>\n<meta property=\"og:url\" content=\"https:\/\/dicodusport.fr\/blog\/cyclisme-2024-la-grande-annee-pour-mads-pedersen\/\" \/>\n<meta property=\"og:site_name\" content=\"Dicodusport\" \/>\n<meta property=\"article:publisher\" content=\"https:\/\/www.facebook.com\/dicodusport\" \/>\n<meta property=\"article:published_time\" content=\"2024-02-07T14:00:41+00:00\" \/>\n<meta property=\"og:image\" content=\"https:\/\/dicodusport.fr\/blog\/wp-content\/uploads\/2024\/02\/Cyclisme-2024-la-grande-annee-de-Mads-Pedersen-.png\" \/>\n\t<meta property=\"og:image:width\" content=\"1200\" \/>\n\t<meta property=\"og:image:height\" content=\"674\" \/>\n\t<meta property=\"og:image:type\" content=\"image\/png\" \/>\n<meta name=\"author\" content=\"Etienne Goursaud\" \/>\n<meta name=\"twitter:card\" content=\"summary_large_image\" \/>\n<meta name=\"twitter:title\" content=\"Cyclisme : 2024, la grande ann\u00e9e pour Mads Pedersen ?\" \/>\n<meta name=\"twitter:creator\" content=\"@dicodusport\" \/>\n<meta name=\"twitter:site\" content=\"@dicodusport\" \/>\n<script type=\"application\/ld+json\" class=\"yoast-schema-graph\">{\"@context\":\"https:\/\/schema.org\",\"@graph\":[{\"@type\":\"NewsArticle\",\"@id\":\"https:\/\/dicodusport.fr\/blog\/cyclisme-2024-la-grande-annee-pour-mads-pedersen\/#article\",\"isPartOf\":{\"@id\":\"https:\/\/dicodusport.fr\/blog\/cyclisme-2024-la-grande-annee-pour-mads-pedersen\/\"},\"author\":{\"name\":\"Etienne Goursaud\",\"@id\":\"https:\/\/dicodusport.fr\/blog\/#\/schema\/person\/d603dd7da31fb2b46c82b9835a77ec13\"},\"headline\":\"Cyclisme : 2024, la grande ann\u00e9e pour Mads Pedersen ?\",\"datePublished\":\"2024-02-07T14:00:41+00:00\",\"mainEntityOfPage\":{\"@id\":\"https:\/\/dicodusport.fr\/blog\/cyclisme-2024-la-grande-annee-pour-mads-pedersen\/\"},\"wordCount\":1043,\"commentCount\":0,\"publisher\":{\"@id\":\"https:\/\/dicodusport.fr\/blog\/#organization\"},\"image\":{\"@id\":\"https:\/\/dicodusport.fr\/blog\/cyclisme-2024-la-grande-annee-pour-mads-pedersen\/#primaryimage\"},\"thumbnailUrl\":\"https:\/\/dicodusport.fr\/blog\/wp-content\/uploads\/2024\/02\/Cyclisme-2024-la-grande-annee-de-Mads-Pedersen-.png\",\"keywords\":[\"br\u00e8ve\",\"Cyclisme\",\"Lidl-Trek\",\"Mads Pedersen\"],\"articleSection\":[\"Cyclisme sur route\"],\"inLanguage\":\"fr-FR\",\"potentialAction\":[{\"@type\":\"CommentAction\",\"name\":\"Comment\",\"target\":[\"https:\/\/dicodusport.fr\/blog\/cyclisme-2024-la-grande-annee-pour-mads-pedersen\/#respond\"]}],\"copyrightYear\":\"2024\",\"copyrightHolder\":{\"@id\":\"https:\/\/dicodusport.fr\/blog\/#organization\"}},{\"@type\":\"WebPage\",\"@id\":\"https:\/\/dicodusport.fr\/blog\/cyclisme-2024-la-grande-annee-pour-mads-pedersen\/\",\"url\":\"https:\/\/dicodusport.fr\/blog\/cyclisme-2024-la-grande-annee-pour-mads-pedersen\/\",\"name\":\"Cyclisme : 2024, la grande ann\u00e9e pour Mads Pedersen ?\",\"isPartOf\":{\"@id\":\"https:\/\/dicodusport.fr\/blog\/#website\"},\"primaryImageOfPage\":{\"@id\":\"https:\/\/dicodusport.fr\/blog\/cyclisme-2024-la-grande-annee-pour-mads-pedersen\/#primaryimage\"},\"image\":{\"@id\":\"https:\/\/dicodusport.fr\/blog\/cyclisme-2024-la-grande-annee-pour-mads-pedersen\/#primaryimage\"},\"thumbnailUrl\":\"https:\/\/dicodusport.fr\/blog\/wp-content\/uploads\/2024\/02\/Cyclisme-2024-la-grande-annee-de-Mads-Pedersen-.png\",\"datePublished\":\"2024-02-07T14:00:41+00:00\",\"description\":\"CYCLISME - Mads Pedersen sera l'attraction du Tour de La Provence, ce jeudi, quelques jours apr\u00e8s sa victoire sur l'\u00c9toile de Bess\u00e8ges.\",\"breadcrumb\":{\"@id\":\"https:\/\/dicodusport.fr\/blog\/cyclisme-2024-la-grande-annee-pour-mads-pedersen\/#breadcrumb\"},\"inLanguage\":\"fr-FR\",\"potentialAction\":[{\"@type\":\"ReadAction\",\"target\":[\"https:\/\/dicodusport.fr\/blog\/cyclisme-2024-la-grande-annee-pour-mads-pedersen\/\"]}]},{\"@type\":\"ImageObject\",\"inLanguage\":\"fr-FR\",\"@id\":\"https:\/\/dicodusport.fr\/blog\/cyclisme-2024-la-grande-annee-pour-mads-pedersen\/#primaryimage\",\"url\":\"https:\/\/dicodusport.fr\/blog\/wp-content\/uploads\/2024\/02\/Cyclisme-2024-la-grande-annee-de-Mads-Pedersen-.png\",\"contentUrl\":\"https:\/\/dicodusport.fr\/blog\/wp-content\/uploads\/2024\/02\/Cyclisme-2024-la-grande-annee-de-Mads-Pedersen-.png\",\"width\":1200,\"height\":674,\"caption\":\"Tour de La Provence 2024 - Classement g\u00e9n\u00e9ral\"},{\"@type\":\"BreadcrumbList\",\"@id\":\"https:\/\/dicodusport.fr\/blog\/cyclisme-2024-la-grande-annee-pour-mads-pedersen\/#breadcrumb\",\"itemListElement\":[{\"@type\":\"ListItem\",\"position\":1,\"name\":\"Accueil\",\"item\":\"https:\/\/dicodusport.fr\/blog\/\"},{\"@type\":\"ListItem\",\"position\":2,\"name\":\"Cyclisme : 2024, la grande ann\u00e9e pour Mads Pedersen ?\"}]},{\"@type\":\"WebSite\",\"@id\":\"https:\/\/dicodusport.fr\/blog\/#website\",\"url\":\"https:\/\/dicodusport.fr\/blog\/\",\"name\":\"Dicodusport\",\"description\":\"L&#039;encyclop\u00e9die de l&#039;actualit\u00e9 sportive\",\"publisher\":{\"@id\":\"https:\/\/dicodusport.fr\/blog\/#organization\"},\"potentialAction\":[{\"@type\":\"SearchAction\",\"target\":{\"@type\":\"EntryPoint\",\"urlTemplate\":\"https:\/\/dicodusport.fr\/blog\/?s={search_term_string}\"},\"query-input\":{\"@type\":\"PropertyValueSpecification\",\"valueRequired\":true,\"valueName\":\"search_term_string\"}}],\"inLanguage\":\"fr-FR\"},{\"@type\":\"NewsMediaOrganization\",\"@id\":\"https:\/\/dicodusport.fr\/blog\/#organization\",\"name\":\"Dicodusport\",\"url\":\"https:\/\/dicodusport.fr\/blog\/\",\"logo\":{\"@type\":\"ImageObject\",\"inLanguage\":\"fr-FR\",\"@id\":\"https:\/\/dicodusport.fr\/blog\/#\/schema\/logo\/image\/\",\"url\":\"https:\/\/dicodusport.fr\/blog\/wp-content\/uploads\/2020\/06\/cropped-LOGO-DICODUSPORT-2020-SANS-FOND-SANS-TEXTE.png\",\"contentUrl\":\"https:\/\/dicodusport.fr\/blog\/wp-content\/uploads\/2020\/06\/cropped-LOGO-DICODUSPORT-2020-SANS-FOND-SANS-TEXTE.png\",\"width\":512,\"height\":512,\"caption\":\"Dicodusport\"},\"image\":{\"@id\":\"https:\/\/dicodusport.fr\/blog\/#\/schema\/logo\/image\/\"},\"sameAs\":[\"https:\/\/www.facebook.com\/dicodusport\",\"https:\/\/x.com\/dicodusport\",\"https:\/\/www.instagram.com\/dicodusport\/\",\"https:\/\/www.youtube.com\/channel\/UC7V2KZ5sd3htJivAbA4ZG3w\"],\"description\":\"Dicodusport est l'encyclop\u00e9die de l'actualit\u00e9 sportive.\",\"email\":\"bonjour@dicodusport.fr\",\"legalName\":\"DICODUSPORT\",\"foundingDate\":\"2018-01-14\",\"vatID\":\"FR71834470973\",\"taxID\":\"83447097300043\",\"numberOfEmployees\":{\"@type\":\"QuantitativeValue\",\"minValue\":\"1\",\"maxValue\":\"10\"}},{\"@type\":\"Person\",\"@id\":\"https:\/\/dicodusport.fr\/blog\/#\/schema\/person\/d603dd7da31fb2b46c82b9835a77ec13\",\"name\":\"Etienne Goursaud\",\"image\":{\"@type\":\"ImageObject\",\"inLanguage\":\"fr-FR\",\"@id\":\"https:\/\/dicodusport.fr\/blog\/#\/schema\/person\/image\/\",\"url\":\"https:\/\/dicodusport.fr\/blog\/wp-content\/uploads\/2023\/12\/410122264_10231602061736049_5565839791558026645_n-150x150.jpg\",\"contentUrl\":\"https:\/\/dicodusport.fr\/blog\/wp-content\/uploads\/2023\/12\/410122264_10231602061736049_5565839791558026645_n-150x150.jpg\",\"caption\":\"Etienne Goursaud\"},\"description\":\"Journaliste et amoureux de sport. Ancien footballeur reconverti athl\u00e8te quand ses muscles le laissent tranquille. \u00c9lev\u00e9 \u00e0 la sauce des exploits de Thomas Voeckler en 2004, du dernier essai de l\u00e9gende de Eunice Barber \u00e0 la longueur lors des championnats du monde d'athl\u00e9tisme de 2003 mais aussi Zidane, Omeyer et Titou Lamaison.\",\"url\":\"https:\/\/dicodusport.fr\/blog\/author\/etienne-goursaud\/\"}]}<\/script>\n<!-- \/ Yoast SEO Premium plugin. -->","yoast_head_json":{"title":"Cyclisme : 2024, la grande ann\u00e9e pour Mads Pedersen ?","description":"CYCLISME - Mads Pedersen sera l'attraction du Tour de La Provence, ce jeudi, quelques jours apr\u00e8s sa victoire sur l'\u00c9toile de Bess\u00e8ges.","robots":{"index":"index","follow":"follow","max-snippet":"max-snippet:-1","max-image-preview":"max-image-preview:large","max-video-preview":"max-video-preview:-1"},"canonical":"https:\/\/dicodusport.fr\/blog\/cyclisme-2024-la-grande-annee-pour-mads-pedersen\/","og_locale":"fr_FR","og_type":"article","og_title":"Cyclisme : 2024, la grande ann\u00e9e pour Mads Pedersen ?","og_description":"CYCLISME - Mads Pedersen sera l'attraction du Tour de La Provence, ce jeudi, quelques jours apr\u00e8s sa victoire sur l'\u00c9toile de Bess\u00e8ges.","og_url":"https:\/\/dicodusport.fr\/blog\/cyclisme-2024-la-grande-annee-pour-mads-pedersen\/","og_site_name":"Dicodusport","article_publisher":"https:\/\/www.facebook.com\/dicodusport","article_published_time":"2024-02-07T14:00:41+00:00","og_image":[{"width":1200,"height":674,"url":"https:\/\/dicodusport.fr\/blog\/wp-content\/uploads\/2024\/02\/Cyclisme-2024-la-grande-annee-de-Mads-Pedersen-.png","type":"image\/png"}],"author":"Etienne Goursaud","twitter_card":"summary_large_image","twitter_title":"Cyclisme : 2024, la grande ann\u00e9e pour Mads Pedersen ?","twitter_creator":"@dicodusport","twitter_site":"@dicodusport","schema":{"@context":"https:\/\/schema.org","@graph":[{"@type":"NewsArticle","@id":"https:\/\/dicodusport.fr\/blog\/cyclisme-2024-la-grande-annee-pour-mads-pedersen\/#article","isPartOf":{"@id":"https:\/\/dicodusport.fr\/blog\/cyclisme-2024-la-grande-annee-pour-mads-pedersen\/"},"author":{"name":"Etienne Goursaud","@id":"https:\/\/dicodusport.fr\/blog\/#\/schema\/person\/d603dd7da31fb2b46c82b9835a77ec13"},"headline":"Cyclisme : 2024, la grande ann\u00e9e pour Mads Pedersen ?","datePublished":"2024-02-07T14:00:41+00:00","mainEntityOfPage":{"@id":"https:\/\/dicodusport.fr\/blog\/cyclisme-2024-la-grande-annee-pour-mads-pedersen\/"},"wordCount":1043,"commentCount":0,"publisher":{"@id":"https:\/\/dicodusport.fr\/blog\/#organization"},"image":{"@id":"https:\/\/dicodusport.fr\/blog\/cyclisme-2024-la-grande-annee-pour-mads-pedersen\/#primaryimage"},"thumbnailUrl":"https:\/\/dicodusport.fr\/blog\/wp-content\/uploads\/2024\/02\/Cyclisme-2024-la-grande-annee-de-Mads-Pedersen-.png","keywords":["br\u00e8ve","Cyclisme","Lidl-Trek","Mads Pedersen"],"articleSection":["Cyclisme sur route"],"inLanguage":"fr-FR","potentialAction":[{"@type":"CommentAction","name":"Comment","target":["https:\/\/dicodusport.fr\/blog\/cyclisme-2024-la-grande-annee-pour-mads-pedersen\/#respond"]}],"copyrightYear":"2024","copyrightHolder":{"@id":"https:\/\/dicodusport.fr\/blog\/#organization"}},{"@type":"WebPage","@id":"https:\/\/dicodusport.fr\/blog\/cyclisme-2024-la-grande-annee-pour-mads-pedersen\/","url":"https:\/\/dicodusport.fr\/blog\/cyclisme-2024-la-grande-annee-pour-mads-pedersen\/","name":"Cyclisme : 2024, la grande ann\u00e9e pour Mads Pedersen ?","isPartOf":{"@id":"https:\/\/dicodusport.fr\/blog\/#website"},"primaryImageOfPage":{"@id":"https:\/\/dicodusport.fr\/blog\/cyclisme-2024-la-grande-annee-pour-mads-pedersen\/#primaryimage"},"image":{"@id":"https:\/\/dicodusport.fr\/blog\/cyclisme-2024-la-grande-annee-pour-mads-pedersen\/#primaryimage"},"thumbnailUrl":"https:\/\/dicodusport.fr\/blog\/wp-content\/uploads\/2024\/02\/Cyclisme-2024-la-grande-annee-de-Mads-Pedersen-.png","datePublished":"2024-02-07T14:00:41+00:00","description":"CYCLISME - Mads Pedersen sera l'attraction du Tour de La Provence, ce jeudi, quelques jours apr\u00e8s sa victoire sur l'\u00c9toile de Bess\u00e8ges.","breadcrumb":{"@id":"https:\/\/dicodusport.fr\/blog\/cyclisme-2024-la-grande-annee-pour-mads-pedersen\/#breadcrumb"},"inLanguage":"fr-FR","potentialAction":[{"@type":"ReadAction","target":["https:\/\/dicodusport.fr\/blog\/cyclisme-2024-la-grande-annee-pour-mads-pedersen\/"]}]},{"@type":"ImageObject","inLanguage":"fr-FR","@id":"https:\/\/dicodusport.fr\/blog\/cyclisme-2024-la-grande-annee-pour-mads-pedersen\/#primaryimage","url":"https:\/\/dicodusport.fr\/blog\/wp-content\/uploads\/2024\/02\/Cyclisme-2024-la-grande-annee-de-Mads-Pedersen-.png","contentUrl":"https:\/\/dicodusport.fr\/blog\/wp-content\/uploads\/2024\/02\/Cyclisme-2024-la-grande-annee-de-Mads-Pedersen-.png","width":1200,"height":674,"caption":"Tour de La Provence 2024 - Classement g\u00e9n\u00e9ral"},{"@type":"BreadcrumbList","@id":"https:\/\/dicodusport.fr\/blog\/cyclisme-2024-la-grande-annee-pour-mads-pedersen\/#breadcrumb","itemListElement":[{"@type":"ListItem","position":1,"name":"Accueil","item":"https:\/\/dicodusport.fr\/blog\/"},{"@type":"ListItem","position":2,"name":"Cyclisme : 2024, la grande ann\u00e9e pour Mads Pedersen ?"}]},{"@type":"WebSite","@id":"https:\/\/dicodusport.fr\/blog\/#website","url":"https:\/\/dicodusport.fr\/blog\/","name":"Dicodusport","description":"L&#039;encyclop\u00e9die de l&#039;actualit\u00e9 sportive","publisher":{"@id":"https:\/\/dicodusport.fr\/blog\/#organization"},"potentialAction":[{"@type":"SearchAction","target":{"@type":"EntryPoint","urlTemplate":"https:\/\/dicodusport.fr\/blog\/?s={search_term_string}"},"query-input":{"@type":"PropertyValueSpecification","valueRequired":true,"valueName":"search_term_string"}}],"inLanguage":"fr-FR"},{"@type":"NewsMediaOrganization","@id":"https:\/\/dicodusport.fr\/blog\/#organization","name":"Dicodusport","url":"https:\/\/dicodusport.fr\/blog\/","logo":{"@type":"ImageObject","inLanguage":"fr-FR","@id":"https:\/\/dicodusport.fr\/blog\/#\/schema\/logo\/image\/","url":"https:\/\/dicodusport.fr\/blog\/wp-content\/uploads\/2020\/06\/cropped-LOGO-DICODUSPORT-2020-SANS-FOND-SANS-TEXTE.png","contentUrl":"https:\/\/dicodusport.fr\/blog\/wp-content\/uploads\/2020\/06\/cropped-LOGO-DICODUSPORT-2020-SANS-FOND-SANS-TEXTE.png","width":512,"height":512,"caption":"Dicodusport"},"image":{"@id":"https:\/\/dicodusport.fr\/blog\/#\/schema\/logo\/image\/"},"sameAs":["https:\/\/www.facebook.com\/dicodusport","https:\/\/x.com\/dicodusport","https:\/\/www.instagram.com\/dicodusport\/","https:\/\/www.youtube.com\/channel\/UC7V2KZ5sd3htJivAbA4ZG3w"],"description":"Dicodusport est l'encyclop\u00e9die de l'actualit\u00e9 sportive.","email":"bonjour@dicodusport.fr","legalName":"DICODUSPORT","foundingDate":"2018-01-14","vatID":"FR71834470973","taxID":"83447097300043","numberOfEmployees":{"@type":"QuantitativeValue","minValue":"1","maxValue":"10"}},{"@type":"Person","@id":"https:\/\/dicodusport.fr\/blog\/#\/schema\/person\/d603dd7da31fb2b46c82b9835a77ec13","name":"Etienne Goursaud","image":{"@type":"ImageObject","inLanguage":"fr-FR","@id":"https:\/\/dicodusport.fr\/blog\/#\/schema\/person\/image\/","url":"https:\/\/dicodusport.fr\/blog\/wp-content\/uploads\/2023\/12\/410122264_10231602061736049_5565839791558026645_n-150x150.jpg","contentUrl":"https:\/\/dicodusport.fr\/blog\/wp-content\/uploads\/2023\/12\/410122264_10231602061736049_5565839791558026645_n-150x150.jpg","caption":"Etienne Goursaud"},"description":"Journaliste et amoureux de sport. Ancien footballeur reconverti athl\u00e8te quand ses muscles le laissent tranquille. \u00c9lev\u00e9 \u00e0 la sauce des exploits de Thomas Voeckler en 2004, du dernier essai de l\u00e9gende de Eunice Barber \u00e0 la longueur lors des championnats du monde d'athl\u00e9tisme de 2003 mais aussi Zidane, Omeyer et Titou Lamaison.","url":"https:\/\/dicodusport.fr\/blog\/author\/etienne-goursaud\/"}]}},"_links":{"self":[{"href":"https:\/\/dicodusport.fr\/blog\/wp-json\/wp\/v2\/posts\/460456","targetHints":{"allow":["GET"]}}],"collection":[{"href":"https:\/\/dicodusport.fr\/blog\/wp-json\/wp\/v2\/posts"}],"about":[{"href":"https:\/\/dicodusport.fr\/blog\/wp-json\/wp\/v2\/types\/post"}],"author":[{"embeddable":true,"href":"https:\/\/dicodusport.fr\/blog\/wp-json\/wp\/v2\/users\/83"}],"replies":[{"embeddable":true,"href":"https:\/\/dicodusport.fr\/blog\/wp-json\/wp\/v2\/comments?post=460456"}],"version-history":[{"count":3,"href":"https:\/\/dicodusport.fr\/blog\/wp-json\/wp\/v2\/posts\/460456\/revisions"}],"predecessor-version":[{"id":460739,"href":"https:\/\/dicodusport.fr\/blog\/wp-json\/wp\/v2\/posts\/460456\/revisions\/460739"}],"wp:featuredmedia":[{"embeddable":true,"href":"https:\/\/dicodusport.fr\/blog\/wp-json\/wp\/v2\/media\/460466"}],"wp:attachment":[{"href":"https:\/\/dicodusport.fr\/blog\/wp-json\/wp\/v2\/media?parent=460456"}],"wp:term":[{"taxonomy":"category","embeddable":true,"href":"https:\/\/dicodusport.fr\/blog\/wp-json\/wp\/v2\/categories?post=460456"},{"taxonomy":"post_tag","embeddable":true,"href":"https:\/\/dicodusport.fr\/blog\/wp-json\/wp\/v2\/tags?post=460456"}],"curies":[{"name":"wp","href":"https:\/\/api.w.org\/{rel}","templated":true}]}}