{"id":460471,"date":"2024-02-22T19:08:59","date_gmt":"2024-02-22T18:08:59","guid":{"rendered":"https:\/\/dicodusport.fr\/blog\/?p=460471&#038;preview=true&#038;preview_id=460471"},"modified":"2024-02-22T19:08:09","modified_gmt":"2024-02-22T18:08:09","slug":"biathlon-la-selection-francaise-pour-les-mondiaux-jeunes-juniors-en-estonie","status":"publish","type":"post","link":"https:\/\/dicodusport.fr\/blog\/biathlon-la-selection-francaise-pour-les-mondiaux-jeunes-juniors-en-estonie\/","title":{"rendered":"Biathlon : La s\u00e9lection fran\u00e7aise pour les Mondiaux jeunes \/ juniors en Estonie"},"content":{"rendered":"<p style=\"text-align: justify;\"><strong><em>CHAMPIONNATS DU MONDE JEUNES \/ JUNIORS DE BIATHLON 2024 &#8211; 16 biathl\u00e8tes d\u00e9fendront les chances fran\u00e7aises en Estonie du 23 f\u00e9vrier au 2 mars prochain.<\/em><\/strong><\/p>\n<p style=\"text-align: justify;\">L&rsquo;an dernier, les Mondiaux jeunes \/ juniors de biathlon avaient accouch\u00e9 d&rsquo;une performance peu banale pour la France. Une certaine Jeanne Richard avait en effet r\u00e9ussi l&rsquo;exploit de d\u00e9crocher pas moins de <a href=\"https:\/\/dicodusport.fr\/blog\/mondiaux-juniors-biathlon-jeanne-richard-en-argent-sur-la-poursuite\/\">5 m\u00e9dailles d&rsquo;argent en 5 \u00e9preuves<\/a> ! Une preuve de plus que le biathlon fran\u00e7ais est performant dans toutes les cat\u00e9gories d&rsquo;\u00e2ge.<\/p>\n<p style=\"text-align: justify;\">Cette fois, la France alignera 4 hommes et 4 femmes chez les U19 et les U22, soit 16 biathl\u00e8tes au total. Dans la premi\u00e8re cat\u00e9gorie, on notera la pr\u00e9sence d&rsquo;<strong>Antonin Guy<\/strong>, qui vient de faire un malheur aux Jeux Olympiques de la Jeunesse d&rsquo;Hiver, avec 4 m\u00e9dailles dont <a href=\"https:\/\/dicodusport.fr\/blog\/joj-dhiver-antonin-guy-biathlon-realise-un-triple-historique\/\">trois titres<\/a>. Chez les U22, <strong>Fany Bertrand, Th\u00e9o Guiraud Poillot<\/strong> et <strong>Valentin Lejeune<\/strong> seront les principales cartes d&rsquo;une d\u00e9l\u00e9gation tricolore en mesure de ramener quelques m\u00e9dailles.<\/p>\n<ul>\n<li style=\"text-align: justify;\"><strong>\u00c0 ce sujet &#8211; <a href=\"https:\/\/dicodusport.fr\/blog\/programme-et-resultats-biathlon-championnats-du-monde-jeunes-et-juniors-2024\/\">Programme et r\u00e9sultats Biathlon Championnats du monde jeunes et juniors 2024<\/a>\u00a0<\/strong><\/li>\n<\/ul>\n<h2 style=\"text-align: justify;\">La s\u00e9lection fran\u00e7aise<\/h2>\n<p style=\"text-align: justify;\"><strong><u>Juniors U22<\/u><\/strong><\/p>\n<p style=\"text-align: justify;\"><u>Dames<\/u><\/p>\n<p style=\"text-align: justify;\">BERTRAND Fany \u2013 CS M\u00e9ribel (Savoie)<br \/>\nHENAFF C\u00e9lia \u2013 SC Ar\u00eaches Beaufort (Savoie)<br \/>\nJEANNIER L\u00e9onie \u2013 Les Verri\u00e8res (Massif Jurassien)<br \/>\nSIBERCHICOT Lisa \u2013 SC Pr\u00e9manon (Massif Jurassien)<\/p>\n<p style=\"text-align: justify;\"><u>Hommes\u00a0<\/u><\/p>\n<p style=\"text-align: justify;\">GARNIER Axel \u2013 SC Sallanches T\u00eate Noire (Mont Blanc)<br \/>\nGUIRAUD POILLOT Th\u00e9o \u2013 Villard sur Bo\u00ebge (Mont Blanc)<br \/>\nJEFFERIES Jacques \u2013 Les Gets Ski Comp\u00e9tition (Mont Blanc)<br \/>\nLEJEUNE Valentin \u2013 Basse sur Le Rupt SN (Massif des Vosges)<\/p>\n<p style=\"text-align: justify;\"><strong><u>Jeunes U19<\/u><\/strong><\/p>\n<p style=\"text-align: justify;\"><u>Dames<\/u><\/p>\n<p style=\"text-align: justify;\">BUGEAUD Lola \u2013 CS Meg\u00e8ve (Mont Blanc)<br \/>\nDUPONT BALLET BAZ Lou Anne \u2013 CS La Clusaz (Mont Blanc)<br \/>\nDUSSERRE Alice \u2013 CS Chamonix (Mont Blanc)<br \/>\nGALMACE PAULIN Voldiya \u2013 SC Villard Sur Bo\u00ebge (Mont Blanc)<\/p>\n<p style=\"text-align: justify;\"><u>Hommes<\/u><\/p>\n<p style=\"text-align: justify;\">BOUCHEX BELLOMIE J\u00e9r\u00e9mie \u2013 CS Meg\u00e8ve (Mont Blanc)<br \/>\nCARLIER L\u00e9o \u2013 SC Val de Morteau (Massif Jurassien)<br \/>\nGUY Antonin \u2013 GUC Grenoble Ski (Dauphin\u00e9)<br \/>\nGUY Flavio \u2013 Risoux Club Chaux Neuve (Massif Jurassien)<\/p>\n<blockquote class=\"twitter-tweet\">\n<p dir=\"ltr\" lang=\"fr\">\ud83d\udd1c \ud835\udc0e\ud835\udc2d\ud835\udc1e\ud835\udc29\ud835\udc1a\u0308\ud835\udc1a\u0308 \ud83c\uddea\ud83c\uddea<br \/>\nD\u00e9couvrez les s\u00e9lections pour les Championnats du monde Jeunes\/Juniors de biathlon qui se d\u00e9rouleront du 23 f\u00e9vrier au 2 mars 2024 en Estonie \u2744\ufe0f<\/p>\n<p>\u27a1\ufe0f\ud83c\udde8\ud83c\uddf5 <a href=\"https:\/\/t.co\/YUBt4fFPaD\">https:\/\/t.co\/YUBt4fFPaD<\/a> <a href=\"https:\/\/t.co\/AzdUpcY39I\">pic.twitter.com\/AzdUpcY39I<\/a><\/p>\n<p>\u2014 FFS &#8211; F\u00e9d\u00e9ration Fran\u00e7aise de Ski (@FedFranceSki) <a href=\"https:\/\/twitter.com\/FedFranceSki\/status\/1754901954675745049?ref_src=twsrc%5Etfw\">February 6, 2024<\/a><\/p><\/blockquote>\n<p style=\"text-align: justify;\"><script async src=\"https:\/\/platform.twitter.com\/widgets.js\" charset=\"utf-8\"><\/script><\/p>\n","protected":false},"excerpt":{"rendered":"<p>CHAMPIONNATS DU MONDE JEUNES \/ JUNIORS DE BIATHLON 2024 &#8211; 16 biathl\u00e8tes d\u00e9fendront les chances fran\u00e7aises en Estonie du 23 f\u00e9vrier au 2 mars prochain.<\/p>\n","protected":false},"author":59,"featured_media":460475,"comment_status":"open","ping_status":"closed","sticky":false,"template":"","format":"standard","meta":{"_acf_changed":false,"_daextam_enable_autolinks":"1","footnotes":""},"categories":[2426],"tags":[29733,16878],"class_list":["post-460471","post","type-post","status-publish","format-standard","has-post-thumbnail","hentry","category-biathlon","tag-biathlon-francais","tag-breve"],"acf":[],"yoast_head":"<!-- This site is optimized with the Yoast SEO Premium plugin v26.7 (Yoast SEO v26.7) - https:\/\/yoast.com\/wordpress\/plugins\/seo\/ -->\n<title>Biathlon : La s\u00e9lection fran\u00e7aise pour les Mondiaux jeunes \/ juniors en Estonie<\/title>\n<meta name=\"description\" content=\"CHAMPIONNATS DU MONDE JEUNES \/ JUNIORS DE BIATHLON 2024 - 16 biathl\u00e8tes d\u00e9fendront les chances fran\u00e7aises en Estonie du 23 f\u00e9vrier au 2 mars prochain.\" \/>\n<meta name=\"robots\" content=\"index, follow, max-snippet:-1, max-image-preview:large, max-video-preview:-1\" \/>\n<link rel=\"canonical\" href=\"https:\/\/dicodusport.fr\/blog\/biathlon-la-selection-francaise-pour-les-mondiaux-jeunes-juniors-en-estonie\/\" \/>\n<meta property=\"og:locale\" content=\"fr_FR\" \/>\n<meta property=\"og:type\" content=\"article\" \/>\n<meta property=\"og:title\" content=\"Biathlon : La s\u00e9lection fran\u00e7aise pour les Mondiaux jeunes \/ juniors en Estonie\" \/>\n<meta property=\"og:description\" content=\"CHAMPIONNATS DU MONDE JEUNES \/ JUNIORS DE BIATHLON 2024 - 16 biathl\u00e8tes d\u00e9fendront les chances fran\u00e7aises en Estonie du 23 f\u00e9vrier au 2 mars prochain.\" \/>\n<meta property=\"og:url\" content=\"https:\/\/dicodusport.fr\/blog\/biathlon-la-selection-francaise-pour-les-mondiaux-jeunes-juniors-en-estonie\/\" \/>\n<meta property=\"og:site_name\" content=\"Dicodusport\" \/>\n<meta property=\"article:publisher\" content=\"https:\/\/www.facebook.com\/dicodusport\" \/>\n<meta property=\"article:author\" content=\"https:\/\/www.facebook.com\/sebastien.gente\/\" \/>\n<meta property=\"article:published_time\" content=\"2024-02-22T18:08:59+00:00\" \/>\n<meta property=\"og:image\" content=\"https:\/\/dicodusport.fr\/blog\/wp-content\/uploads\/2024\/02\/Biathlon-La-selection-francaise-pour-les-Mondiaux-jeunes-juniors-en-Estonie.png\" \/>\n\t<meta property=\"og:image:width\" content=\"1200\" \/>\n\t<meta property=\"og:image:height\" content=\"674\" \/>\n\t<meta property=\"og:image:type\" content=\"image\/png\" \/>\n<meta name=\"author\" content=\"S\u00e9bastien Gente\" \/>\n<meta name=\"twitter:card\" content=\"summary_large_image\" \/>\n<meta name=\"twitter:title\" content=\"Biathlon : La s\u00e9lection fran\u00e7aise pour les Mondiaux jeunes \/ juniors en Estonie\" \/>\n<meta name=\"twitter:creator\" content=\"@https:\/\/twitter.com\/globulo24\" \/>\n<meta name=\"twitter:site\" content=\"@dicodusport\" \/>\n<script type=\"application\/ld+json\" class=\"yoast-schema-graph\">{\"@context\":\"https:\/\/schema.org\",\"@graph\":[{\"@type\":\"NewsArticle\",\"@id\":\"https:\/\/dicodusport.fr\/blog\/biathlon-la-selection-francaise-pour-les-mondiaux-jeunes-juniors-en-estonie\/#article\",\"isPartOf\":{\"@id\":\"https:\/\/dicodusport.fr\/blog\/biathlon-la-selection-francaise-pour-les-mondiaux-jeunes-juniors-en-estonie\/\"},\"author\":{\"name\":\"S\u00e9bastien Gente\",\"@id\":\"https:\/\/dicodusport.fr\/blog\/#\/schema\/person\/627966a6cde45dbd8c5e36ac85d783da\"},\"headline\":\"Biathlon : La s\u00e9lection fran\u00e7aise pour les Mondiaux jeunes \/ juniors en Estonie\",\"datePublished\":\"2024-02-22T18:08:59+00:00\",\"mainEntityOfPage\":{\"@id\":\"https:\/\/dicodusport.fr\/blog\/biathlon-la-selection-francaise-pour-les-mondiaux-jeunes-juniors-en-estonie\/\"},\"wordCount\":385,\"commentCount\":0,\"publisher\":{\"@id\":\"https:\/\/dicodusport.fr\/blog\/#organization\"},\"image\":{\"@id\":\"https:\/\/dicodusport.fr\/blog\/biathlon-la-selection-francaise-pour-les-mondiaux-jeunes-juniors-en-estonie\/#primaryimage\"},\"thumbnailUrl\":\"https:\/\/dicodusport.fr\/blog\/wp-content\/uploads\/2024\/02\/Biathlon-La-selection-francaise-pour-les-Mondiaux-jeunes-juniors-en-Estonie.png\",\"keywords\":[\"biathlon fran\u00e7ais\",\"br\u00e8ve\"],\"articleSection\":[\"Biathlon\"],\"inLanguage\":\"fr-FR\",\"potentialAction\":[{\"@type\":\"CommentAction\",\"name\":\"Comment\",\"target\":[\"https:\/\/dicodusport.fr\/blog\/biathlon-la-selection-francaise-pour-les-mondiaux-jeunes-juniors-en-estonie\/#respond\"]}],\"copyrightYear\":\"2024\",\"copyrightHolder\":{\"@id\":\"https:\/\/dicodusport.fr\/blog\/#organization\"}},{\"@type\":\"WebPage\",\"@id\":\"https:\/\/dicodusport.fr\/blog\/biathlon-la-selection-francaise-pour-les-mondiaux-jeunes-juniors-en-estonie\/\",\"url\":\"https:\/\/dicodusport.fr\/blog\/biathlon-la-selection-francaise-pour-les-mondiaux-jeunes-juniors-en-estonie\/\",\"name\":\"Biathlon : La s\u00e9lection fran\u00e7aise pour les Mondiaux jeunes \/ juniors en Estonie\",\"isPartOf\":{\"@id\":\"https:\/\/dicodusport.fr\/blog\/#website\"},\"primaryImageOfPage\":{\"@id\":\"https:\/\/dicodusport.fr\/blog\/biathlon-la-selection-francaise-pour-les-mondiaux-jeunes-juniors-en-estonie\/#primaryimage\"},\"image\":{\"@id\":\"https:\/\/dicodusport.fr\/blog\/biathlon-la-selection-francaise-pour-les-mondiaux-jeunes-juniors-en-estonie\/#primaryimage\"},\"thumbnailUrl\":\"https:\/\/dicodusport.fr\/blog\/wp-content\/uploads\/2024\/02\/Biathlon-La-selection-francaise-pour-les-Mondiaux-jeunes-juniors-en-Estonie.png\",\"datePublished\":\"2024-02-22T18:08:59+00:00\",\"description\":\"CHAMPIONNATS DU MONDE JEUNES \/ JUNIORS DE BIATHLON 2024 - 16 biathl\u00e8tes d\u00e9fendront les chances fran\u00e7aises en Estonie du 23 f\u00e9vrier au 2 mars prochain.\",\"breadcrumb\":{\"@id\":\"https:\/\/dicodusport.fr\/blog\/biathlon-la-selection-francaise-pour-les-mondiaux-jeunes-juniors-en-estonie\/#breadcrumb\"},\"inLanguage\":\"fr-FR\",\"potentialAction\":[{\"@type\":\"ReadAction\",\"target\":[\"https:\/\/dicodusport.fr\/blog\/biathlon-la-selection-francaise-pour-les-mondiaux-jeunes-juniors-en-estonie\/\"]}]},{\"@type\":\"ImageObject\",\"inLanguage\":\"fr-FR\",\"@id\":\"https:\/\/dicodusport.fr\/blog\/biathlon-la-selection-francaise-pour-les-mondiaux-jeunes-juniors-en-estonie\/#primaryimage\",\"url\":\"https:\/\/dicodusport.fr\/blog\/wp-content\/uploads\/2024\/02\/Biathlon-La-selection-francaise-pour-les-Mondiaux-jeunes-juniors-en-Estonie.png\",\"contentUrl\":\"https:\/\/dicodusport.fr\/blog\/wp-content\/uploads\/2024\/02\/Biathlon-La-selection-francaise-pour-les-Mondiaux-jeunes-juniors-en-Estonie.png\",\"width\":1200,\"height\":674,\"caption\":\"Biathlon La s\u00e9lection fran\u00e7aise pour les Mondiaux jeunes juniors en Estonie\"},{\"@type\":\"BreadcrumbList\",\"@id\":\"https:\/\/dicodusport.fr\/blog\/biathlon-la-selection-francaise-pour-les-mondiaux-jeunes-juniors-en-estonie\/#breadcrumb\",\"itemListElement\":[{\"@type\":\"ListItem\",\"position\":1,\"name\":\"Accueil\",\"item\":\"https:\/\/dicodusport.fr\/blog\/\"},{\"@type\":\"ListItem\",\"position\":2,\"name\":\"Biathlon : La s\u00e9lection fran\u00e7aise pour les Mondiaux jeunes \/ juniors en Estonie\"}]},{\"@type\":\"WebSite\",\"@id\":\"https:\/\/dicodusport.fr\/blog\/#website\",\"url\":\"https:\/\/dicodusport.fr\/blog\/\",\"name\":\"Dicodusport\",\"description\":\"L&#039;encyclop\u00e9die de l&#039;actualit\u00e9 sportive\",\"publisher\":{\"@id\":\"https:\/\/dicodusport.fr\/blog\/#organization\"},\"potentialAction\":[{\"@type\":\"SearchAction\",\"target\":{\"@type\":\"EntryPoint\",\"urlTemplate\":\"https:\/\/dicodusport.fr\/blog\/?s={search_term_string}\"},\"query-input\":{\"@type\":\"PropertyValueSpecification\",\"valueRequired\":true,\"valueName\":\"search_term_string\"}}],\"inLanguage\":\"fr-FR\"},{\"@type\":\"NewsMediaOrganization\",\"@id\":\"https:\/\/dicodusport.fr\/blog\/#organization\",\"name\":\"Dicodusport\",\"url\":\"https:\/\/dicodusport.fr\/blog\/\",\"logo\":{\"@type\":\"ImageObject\",\"inLanguage\":\"fr-FR\",\"@id\":\"https:\/\/dicodusport.fr\/blog\/#\/schema\/logo\/image\/\",\"url\":\"https:\/\/dicodusport.fr\/blog\/wp-content\/uploads\/2020\/06\/cropped-LOGO-DICODUSPORT-2020-SANS-FOND-SANS-TEXTE.png\",\"contentUrl\":\"https:\/\/dicodusport.fr\/blog\/wp-content\/uploads\/2020\/06\/cropped-LOGO-DICODUSPORT-2020-SANS-FOND-SANS-TEXTE.png\",\"width\":512,\"height\":512,\"caption\":\"Dicodusport\"},\"image\":{\"@id\":\"https:\/\/dicodusport.fr\/blog\/#\/schema\/logo\/image\/\"},\"sameAs\":[\"https:\/\/www.facebook.com\/dicodusport\",\"https:\/\/x.com\/dicodusport\",\"https:\/\/www.instagram.com\/dicodusport\/\",\"https:\/\/www.youtube.com\/channel\/UC7V2KZ5sd3htJivAbA4ZG3w\"],\"description\":\"Dicodusport est l'encyclop\u00e9die de l'actualit\u00e9 sportive.\",\"email\":\"bonjour@dicodusport.fr\",\"legalName\":\"DICODUSPORT\",\"foundingDate\":\"2018-01-14\",\"vatID\":\"FR71834470973\",\"taxID\":\"83447097300043\",\"numberOfEmployees\":{\"@type\":\"QuantitativeValue\",\"minValue\":\"1\",\"maxValue\":\"10\"}},{\"@type\":\"Person\",\"@id\":\"https:\/\/dicodusport.fr\/blog\/#\/schema\/person\/627966a6cde45dbd8c5e36ac85d783da\",\"name\":\"S\u00e9bastien Gente\",\"image\":{\"@type\":\"ImageObject\",\"inLanguage\":\"fr-FR\",\"@id\":\"https:\/\/dicodusport.fr\/blog\/#\/schema\/person\/image\/\",\"url\":\"https:\/\/dicodusport.fr\/blog\/wp-content\/uploads\/2021\/09\/1510990_10205810251400683_4124423575079401707_n-150x150.jpg\",\"contentUrl\":\"https:\/\/dicodusport.fr\/blog\/wp-content\/uploads\/2021\/09\/1510990_10205810251400683_4124423575079401707_n-150x150.jpg\",\"caption\":\"S\u00e9bastien Gente\"},\"description\":\"John Stockton, Gianni Bugno, Zinedine Zidane, Steffi Graf, Frode Andresen, St\u00e9phane Stoecklin, Davis Kamoga, Primoz Peterka, Werner Schlager et Aur\u00e9lien Rougerie. Point commun entre ces sportifs? Ils m'ont fait r\u00eaver et ont berc\u00e9 mon adolescence. Je suis un fondu de sports et j'essaie de retranscrire ma passion \u00e0 travers mes articles. Originaire du P\u00e9rigord, ma passion pour les Girondins, les Jaunards et les Jazzmen transpire dans mes \u00e9crits. \u00c0 Dicodusport depuis 2021, je d\u00e9niche les sports m\u00e9connus dans lesquels la France brille, et il y en a !\",\"sameAs\":[\"https:\/\/www.facebook.com\/sebastien.gente\/\",\"https:\/\/www.instagram.com\/sebgente\/\",\"https:\/\/www.linkedin.com\/in\/sbastien-gente-a29583169\/\",\"https:\/\/x.com\/https:\/\/twitter.com\/globulo24\",\"SebastienGente\"],\"worksFor\":\"S\u00e9bastien GENTE\",\"url\":\"https:\/\/dicodusport.fr\/blog\/author\/sebastiengente\/\"}]}<\/script>\n<!-- \/ Yoast SEO Premium plugin. -->","yoast_head_json":{"title":"Biathlon : La s\u00e9lection fran\u00e7aise pour les Mondiaux jeunes \/ juniors en Estonie","description":"CHAMPIONNATS DU MONDE JEUNES \/ JUNIORS DE BIATHLON 2024 - 16 biathl\u00e8tes d\u00e9fendront les chances fran\u00e7aises en Estonie du 23 f\u00e9vrier au 2 mars prochain.","robots":{"index":"index","follow":"follow","max-snippet":"max-snippet:-1","max-image-preview":"max-image-preview:large","max-video-preview":"max-video-preview:-1"},"canonical":"https:\/\/dicodusport.fr\/blog\/biathlon-la-selection-francaise-pour-les-mondiaux-jeunes-juniors-en-estonie\/","og_locale":"fr_FR","og_type":"article","og_title":"Biathlon : La s\u00e9lection fran\u00e7aise pour les Mondiaux jeunes \/ juniors en Estonie","og_description":"CHAMPIONNATS DU MONDE JEUNES \/ JUNIORS DE BIATHLON 2024 - 16 biathl\u00e8tes d\u00e9fendront les chances fran\u00e7aises en Estonie du 23 f\u00e9vrier au 2 mars prochain.","og_url":"https:\/\/dicodusport.fr\/blog\/biathlon-la-selection-francaise-pour-les-mondiaux-jeunes-juniors-en-estonie\/","og_site_name":"Dicodusport","article_publisher":"https:\/\/www.facebook.com\/dicodusport","article_author":"https:\/\/www.facebook.com\/sebastien.gente\/","article_published_time":"2024-02-22T18:08:59+00:00","og_image":[{"width":1200,"height":674,"url":"https:\/\/dicodusport.fr\/blog\/wp-content\/uploads\/2024\/02\/Biathlon-La-selection-francaise-pour-les-Mondiaux-jeunes-juniors-en-Estonie.png","type":"image\/png"}],"author":"S\u00e9bastien Gente","twitter_card":"summary_large_image","twitter_title":"Biathlon : La s\u00e9lection fran\u00e7aise pour les Mondiaux jeunes \/ juniors en Estonie","twitter_creator":"@https:\/\/twitter.com\/globulo24","twitter_site":"@dicodusport","schema":{"@context":"https:\/\/schema.org","@graph":[{"@type":"NewsArticle","@id":"https:\/\/dicodusport.fr\/blog\/biathlon-la-selection-francaise-pour-les-mondiaux-jeunes-juniors-en-estonie\/#article","isPartOf":{"@id":"https:\/\/dicodusport.fr\/blog\/biathlon-la-selection-francaise-pour-les-mondiaux-jeunes-juniors-en-estonie\/"},"author":{"name":"S\u00e9bastien Gente","@id":"https:\/\/dicodusport.fr\/blog\/#\/schema\/person\/627966a6cde45dbd8c5e36ac85d783da"},"headline":"Biathlon : La s\u00e9lection fran\u00e7aise pour les Mondiaux jeunes \/ juniors en Estonie","datePublished":"2024-02-22T18:08:59+00:00","mainEntityOfPage":{"@id":"https:\/\/dicodusport.fr\/blog\/biathlon-la-selection-francaise-pour-les-mondiaux-jeunes-juniors-en-estonie\/"},"wordCount":385,"commentCount":0,"publisher":{"@id":"https:\/\/dicodusport.fr\/blog\/#organization"},"image":{"@id":"https:\/\/dicodusport.fr\/blog\/biathlon-la-selection-francaise-pour-les-mondiaux-jeunes-juniors-en-estonie\/#primaryimage"},"thumbnailUrl":"https:\/\/dicodusport.fr\/blog\/wp-content\/uploads\/2024\/02\/Biathlon-La-selection-francaise-pour-les-Mondiaux-jeunes-juniors-en-Estonie.png","keywords":["biathlon fran\u00e7ais","br\u00e8ve"],"articleSection":["Biathlon"],"inLanguage":"fr-FR","potentialAction":[{"@type":"CommentAction","name":"Comment","target":["https:\/\/dicodusport.fr\/blog\/biathlon-la-selection-francaise-pour-les-mondiaux-jeunes-juniors-en-estonie\/#respond"]}],"copyrightYear":"2024","copyrightHolder":{"@id":"https:\/\/dicodusport.fr\/blog\/#organization"}},{"@type":"WebPage","@id":"https:\/\/dicodusport.fr\/blog\/biathlon-la-selection-francaise-pour-les-mondiaux-jeunes-juniors-en-estonie\/","url":"https:\/\/dicodusport.fr\/blog\/biathlon-la-selection-francaise-pour-les-mondiaux-jeunes-juniors-en-estonie\/","name":"Biathlon : La s\u00e9lection fran\u00e7aise pour les Mondiaux jeunes \/ juniors en Estonie","isPartOf":{"@id":"https:\/\/dicodusport.fr\/blog\/#website"},"primaryImageOfPage":{"@id":"https:\/\/dicodusport.fr\/blog\/biathlon-la-selection-francaise-pour-les-mondiaux-jeunes-juniors-en-estonie\/#primaryimage"},"image":{"@id":"https:\/\/dicodusport.fr\/blog\/biathlon-la-selection-francaise-pour-les-mondiaux-jeunes-juniors-en-estonie\/#primaryimage"},"thumbnailUrl":"https:\/\/dicodusport.fr\/blog\/wp-content\/uploads\/2024\/02\/Biathlon-La-selection-francaise-pour-les-Mondiaux-jeunes-juniors-en-Estonie.png","datePublished":"2024-02-22T18:08:59+00:00","description":"CHAMPIONNATS DU MONDE JEUNES \/ JUNIORS DE BIATHLON 2024 - 16 biathl\u00e8tes d\u00e9fendront les chances fran\u00e7aises en Estonie du 23 f\u00e9vrier au 2 mars prochain.","breadcrumb":{"@id":"https:\/\/dicodusport.fr\/blog\/biathlon-la-selection-francaise-pour-les-mondiaux-jeunes-juniors-en-estonie\/#breadcrumb"},"inLanguage":"fr-FR","potentialAction":[{"@type":"ReadAction","target":["https:\/\/dicodusport.fr\/blog\/biathlon-la-selection-francaise-pour-les-mondiaux-jeunes-juniors-en-estonie\/"]}]},{"@type":"ImageObject","inLanguage":"fr-FR","@id":"https:\/\/dicodusport.fr\/blog\/biathlon-la-selection-francaise-pour-les-mondiaux-jeunes-juniors-en-estonie\/#primaryimage","url":"https:\/\/dicodusport.fr\/blog\/wp-content\/uploads\/2024\/02\/Biathlon-La-selection-francaise-pour-les-Mondiaux-jeunes-juniors-en-Estonie.png","contentUrl":"https:\/\/dicodusport.fr\/blog\/wp-content\/uploads\/2024\/02\/Biathlon-La-selection-francaise-pour-les-Mondiaux-jeunes-juniors-en-Estonie.png","width":1200,"height":674,"caption":"Biathlon La s\u00e9lection fran\u00e7aise pour les Mondiaux jeunes juniors en Estonie"},{"@type":"BreadcrumbList","@id":"https:\/\/dicodusport.fr\/blog\/biathlon-la-selection-francaise-pour-les-mondiaux-jeunes-juniors-en-estonie\/#breadcrumb","itemListElement":[{"@type":"ListItem","position":1,"name":"Accueil","item":"https:\/\/dicodusport.fr\/blog\/"},{"@type":"ListItem","position":2,"name":"Biathlon : La s\u00e9lection fran\u00e7aise pour les Mondiaux jeunes \/ juniors en Estonie"}]},{"@type":"WebSite","@id":"https:\/\/dicodusport.fr\/blog\/#website","url":"https:\/\/dicodusport.fr\/blog\/","name":"Dicodusport","description":"L&#039;encyclop\u00e9die de l&#039;actualit\u00e9 sportive","publisher":{"@id":"https:\/\/dicodusport.fr\/blog\/#organization"},"potentialAction":[{"@type":"SearchAction","target":{"@type":"EntryPoint","urlTemplate":"https:\/\/dicodusport.fr\/blog\/?s={search_term_string}"},"query-input":{"@type":"PropertyValueSpecification","valueRequired":true,"valueName":"search_term_string"}}],"inLanguage":"fr-FR"},{"@type":"NewsMediaOrganization","@id":"https:\/\/dicodusport.fr\/blog\/#organization","name":"Dicodusport","url":"https:\/\/dicodusport.fr\/blog\/","logo":{"@type":"ImageObject","inLanguage":"fr-FR","@id":"https:\/\/dicodusport.fr\/blog\/#\/schema\/logo\/image\/","url":"https:\/\/dicodusport.fr\/blog\/wp-content\/uploads\/2020\/06\/cropped-LOGO-DICODUSPORT-2020-SANS-FOND-SANS-TEXTE.png","contentUrl":"https:\/\/dicodusport.fr\/blog\/wp-content\/uploads\/2020\/06\/cropped-LOGO-DICODUSPORT-2020-SANS-FOND-SANS-TEXTE.png","width":512,"height":512,"caption":"Dicodusport"},"image":{"@id":"https:\/\/dicodusport.fr\/blog\/#\/schema\/logo\/image\/"},"sameAs":["https:\/\/www.facebook.com\/dicodusport","https:\/\/x.com\/dicodusport","https:\/\/www.instagram.com\/dicodusport\/","https:\/\/www.youtube.com\/channel\/UC7V2KZ5sd3htJivAbA4ZG3w"],"description":"Dicodusport est l'encyclop\u00e9die de l'actualit\u00e9 sportive.","email":"bonjour@dicodusport.fr","legalName":"DICODUSPORT","foundingDate":"2018-01-14","vatID":"FR71834470973","taxID":"83447097300043","numberOfEmployees":{"@type":"QuantitativeValue","minValue":"1","maxValue":"10"}},{"@type":"Person","@id":"https:\/\/dicodusport.fr\/blog\/#\/schema\/person\/627966a6cde45dbd8c5e36ac85d783da","name":"S\u00e9bastien Gente","image":{"@type":"ImageObject","inLanguage":"fr-FR","@id":"https:\/\/dicodusport.fr\/blog\/#\/schema\/person\/image\/","url":"https:\/\/dicodusport.fr\/blog\/wp-content\/uploads\/2021\/09\/1510990_10205810251400683_4124423575079401707_n-150x150.jpg","contentUrl":"https:\/\/dicodusport.fr\/blog\/wp-content\/uploads\/2021\/09\/1510990_10205810251400683_4124423575079401707_n-150x150.jpg","caption":"S\u00e9bastien Gente"},"description":"John Stockton, Gianni Bugno, Zinedine Zidane, Steffi Graf, Frode Andresen, St\u00e9phane Stoecklin, Davis Kamoga, Primoz Peterka, Werner Schlager et Aur\u00e9lien Rougerie. Point commun entre ces sportifs? Ils m'ont fait r\u00eaver et ont berc\u00e9 mon adolescence. Je suis un fondu de sports et j'essaie de retranscrire ma passion \u00e0 travers mes articles. Originaire du P\u00e9rigord, ma passion pour les Girondins, les Jaunards et les Jazzmen transpire dans mes \u00e9crits. \u00c0 Dicodusport depuis 2021, je d\u00e9niche les sports m\u00e9connus dans lesquels la France brille, et il y en a !","sameAs":["https:\/\/www.facebook.com\/sebastien.gente\/","https:\/\/www.instagram.com\/sebgente\/","https:\/\/www.linkedin.com\/in\/sbastien-gente-a29583169\/","https:\/\/x.com\/https:\/\/twitter.com\/globulo24","SebastienGente"],"worksFor":"S\u00e9bastien GENTE","url":"https:\/\/dicodusport.fr\/blog\/author\/sebastiengente\/"}]}},"_links":{"self":[{"href":"https:\/\/dicodusport.fr\/blog\/wp-json\/wp\/v2\/posts\/460471","targetHints":{"allow":["GET"]}}],"collection":[{"href":"https:\/\/dicodusport.fr\/blog\/wp-json\/wp\/v2\/posts"}],"about":[{"href":"https:\/\/dicodusport.fr\/blog\/wp-json\/wp\/v2\/types\/post"}],"author":[{"embeddable":true,"href":"https:\/\/dicodusport.fr\/blog\/wp-json\/wp\/v2\/users\/59"}],"replies":[{"embeddable":true,"href":"https:\/\/dicodusport.fr\/blog\/wp-json\/wp\/v2\/comments?post=460471"}],"version-history":[{"count":3,"href":"https:\/\/dicodusport.fr\/blog\/wp-json\/wp\/v2\/posts\/460471\/revisions"}],"predecessor-version":[{"id":465767,"href":"https:\/\/dicodusport.fr\/blog\/wp-json\/wp\/v2\/posts\/460471\/revisions\/465767"}],"wp:featuredmedia":[{"embeddable":true,"href":"https:\/\/dicodusport.fr\/blog\/wp-json\/wp\/v2\/media\/460475"}],"wp:attachment":[{"href":"https:\/\/dicodusport.fr\/blog\/wp-json\/wp\/v2\/media?parent=460471"}],"wp:term":[{"taxonomy":"category","embeddable":true,"href":"https:\/\/dicodusport.fr\/blog\/wp-json\/wp\/v2\/categories?post=460471"},{"taxonomy":"post_tag","embeddable":true,"href":"https:\/\/dicodusport.fr\/blog\/wp-json\/wp\/v2\/tags?post=460471"}],"curies":[{"name":"wp","href":"https:\/\/api.w.org\/{rel}","templated":true}]}}