{"id":460523,"date":"2024-02-06T21:32:32","date_gmt":"2024-02-06T20:32:32","guid":{"rendered":"https:\/\/dicodusport.fr\/blog\/?p=460523&#038;preview=true&#038;preview_id=460523"},"modified":"2024-02-06T21:41:55","modified_gmt":"2024-02-06T20:41:55","slug":"eurocoupe-j18-la-jl-bourg-boucle-la-saison-reguliere-sur-une-fausse-note-face-a-ulm","status":"publish","type":"post","link":"https:\/\/dicodusport.fr\/blog\/eurocoupe-j18-la-jl-bourg-boucle-la-saison-reguliere-sur-une-fausse-note-face-a-ulm\/","title":{"rendered":"EuroCoupe (J18) : La JL Bourg boucle la saison r\u00e9guli\u00e8re sur une fausse note face \u00e0 Ulm"},"content":{"rendered":"<p style=\"text-align: justify;\"><strong><em><a href=\"https:\/\/dicodusport.fr\/blog\/?s=eurocoupe\">EUROCOUPE 2023\/24<\/a> &#8211; La JL Bourg s&rsquo;est inclin\u00e9e ce mardi soir face \u00e0 Ulm, 81-85. D\u00e9j\u00e0 assur\u00e9s de la premi\u00e8re place, les Bressans ont livr\u00e9 une prestation m\u00e9diocre, et ont logiquement \u00e9t\u00e9 battus par des Allemands beaucoup plus impliqu\u00e9s malgr\u00e9 un comeback dans le money time.\u00a0<\/em><\/strong><\/p>\n<p style=\"text-align: justify;\">Deux jours apr\u00e8s <a href=\"https:\/\/dicodusport.fr\/blog\/betclic-elite-j22-la-jl-bourg-soffre-le-scalp-de-las-monaco-a-ekinox\/\">son \u00e9clatant succ\u00e8s face \u00e0 Monaco<\/a>, la<strong> JL Bourg<\/strong> remettait le couvert en <strong>EuroCoupe<\/strong> pour terminer sa splendide saison r\u00e9guli\u00e8re face \u00e0 <strong>Ulm<\/strong>. <strong>Fr\u00e9d\u00e9ric Fauthoux<\/strong> avait l\u00e0 une belle opportunit\u00e9 de donner plus de minutes aux joueurs les moins utilis\u00e9s puisque son \u00e9quipe avait d\u00e9j\u00e0 la garantie de terminer en t\u00eate, peu importe le r\u00e9sultat.<\/p>\n<h2 style=\"text-align: justify;\">Peu concern\u00e9e, la JL limite la casse en premi\u00e8re p\u00e9riode<\/h2>\n<p style=\"text-align: justify;\">Avec une 4e place \u00e0 d\u00e9fendre pour l&rsquo;avantage du terrain en huiti\u00e8mes de finale, les Allemands partent fort en chipant deux ballons pour coller un 7-0 en 70 secondes. Il faut attendre plus de deux minutes pour que <strong>JeQuan<\/strong> <strong>Lewis<\/strong> ne d\u00e9bloque le compteur de Bressans poussifs. Malgr\u00e9 les premi\u00e8res rotations, Ulm va \u00e9craser le premier quart. D\u00e9j\u00e0 \u00e0 son avantage \u00e0 l&rsquo;aller, le jeune espoir tricolore <strong>Pac\u00f4me Dadiet<\/strong> se montre ultra-agressif en sortie de banc et claque neuf points sur la p\u00e9riode. Si<strong> Zaccharie Risacher<\/strong> (20 points) va mener un mini run en transition avec quatre points de rang dont un coast-to-coast impressionnant, cela ne relance pas la machine. Les ballons perdus s&rsquo;accumulent et les Allemands d\u00e9roulent en d\u00e9mantelant une d\u00e9fense trop laxiste pour creuser un r\u00e9el \u00e9cart au bout de dix minutes (17-27).<\/p>\n<p style=\"text-align: justify;\">La coupure entre les deux quarts va alors avoir du bon puisque la JL montre un visage plus convaincant avec un excellent <strong>Axel Julien<\/strong> \u00e0 la baguette et l&rsquo;impact de <strong>Bodian Massa<\/strong> sous le cercle (26-29). Mais suite \u00e0 un temps mort, les Allemands reprennent leur marche en avant. Inarr\u00eatable au scoring et impactant au rebond, <strong>Trevion Williams<\/strong> relance les siens. Cette fois, la JL ne trouve pas de r\u00e9pondant et s&rsquo;enfonce progressivement. Le basket propos\u00e9 s&rsquo;\u00e9tiole au fil des minutes et l&rsquo;op\u00e9ration portes ouvertes en d\u00e9fense se poursuit \u00e0 l&rsquo;instar d&rsquo;un repli d\u00e9fensif dramatique. Les Allemands font eux preuve de s\u00e9rieux pour punir ces errements et r\u00e9alisent un gros run pour compter jusqu&rsquo;\u00e0 15 points d&rsquo;avance. Dans les derni\u00e8res secondes avant la pause, la JL va malgr\u00e9 tout limiter la casse via un buzzer beater de <strong>JeQuan Lewis<\/strong> (42-52).<\/p>\n<blockquote class=\"twitter-tweet\">\n<p dir=\"ltr\" lang=\"fr\">MONSIEUR RISACHER \ud83e\udd2f<a href=\"https:\/\/twitter.com\/JLBourgBasket?ref_src=twsrc%5Etfw\">@JLBourgBasket<\/a> x <a href=\"https:\/\/twitter.com\/EuroCup?ref_src=twsrc%5Etfw\">@EuroCup<\/a><a href=\"https:\/\/twitter.com\/hashtag\/SKWEEKLive?src=hash&amp;ref_src=twsrc%5Etfw\">#SKWEEKLive<\/a> <a href=\"https:\/\/t.co\/tD0rXJbRXv\">pic.twitter.com\/tD0rXJbRXv<\/a><\/p>\n<p>\u2014 SKWEEK (@skweektv) <a href=\"https:\/\/twitter.com\/skweektv\/status\/1754939444187004965?ref_src=twsrc%5Etfw\">February 6, 2024<\/a><\/p><\/blockquote>\n<p><script async src=\"https:\/\/platform.twitter.com\/widgets.js\" charset=\"utf-8\"><\/script><\/p>\n<h2 style=\"text-align: justify;\">La JL n&rsquo;y arrive pas, Pac\u00f4me Dadiet rayonne<\/h2>\n<p style=\"text-align: justify;\">Toutefois, la physionomie du match ne va pas bouger d&rsquo;un iota. La diff\u00e9rence d&rsquo;implication entre les deux \u00e9quipes reste \u00e9vidente et les Allemands continuent de faire preuve de sup\u00e9riorit\u00e9. Au talent, la JLB arrive difficilement \u00e0 tenir avant de logiquement sombrer petit \u00e0 petit. De retour aux affaires, <strong>Pac\u00f4me Dadiet<\/strong> (10 points) va se charger de donner le coup de massue en claquant un \u00e9norme dunk pour rendre l&rsquo;\u00e9cart abyssal (49-67). Mais encore une fois, Bourg va r\u00e9aliser une fin de quart canon pour rester en vie. Jusque-l\u00e0 limit\u00e9s \u00e0 dix unit\u00e9s, les Bressans passent un 8-0 en moins de cinquante secondes avec deux shoots ext\u00e9rieurs de <strong>Bryce Brown<\/strong> (60-70).<\/p>\n<p style=\"text-align: justify;\">La derni\u00e8re p\u00e9riode est alors plus resserr\u00e9e. Ulm perd sa fluidit\u00e9 et laisse des opportunit\u00e9s \u00e0 la JL de recoller. Mais ces occasions sont laiss\u00e9es en route, et les Allemands retrouvent des solutions, toujours avec un <strong>Pac\u00f4me Dadiet<\/strong> aussi brillant. L&rsquo;autre grand bonhomme de la soir\u00e9e, <strong>Trevon Williams<\/strong> (17 points, 11 rebonds, six passes), en remet \u00e9galement une couche pour donner un nouveau coup de collier. Mais comme toujours ce soir, la JL ne craque pas et profite de plusieurs turnovers pour gratter des points en transition. Un run est entam\u00e9 et boucl\u00e9 par un lay-up du revenant <strong>Hugo Benitez<\/strong> (13 points) afin de revenir \u00e0&#8230; un seul point (80-81) ! Malgr\u00e9 un incroyable come-back tardif des tricolores, Ulm va bien g\u00e9rer les derni\u00e8res secondes au jeu des lancers francs pour s\u00e9curiser une victoire m\u00e9rit\u00e9e, 85-81.<\/p>\n<p style=\"text-align: justify;\">Malgr\u00e9 ce revers, <strong>la JL Bourg termine la saison r\u00e9guli\u00e8re d&rsquo;EuroCoupe en t\u00eate de son groupe avec un excellent bilan (14V-4D)<\/strong>. Ce match sans enjeux intervenait toutefois au bon moment, puisqu&rsquo;apr\u00e8s avoir fait chuter Monaco dimanche, le club bressan affrontera l&rsquo;ASVEL dimanche prochain en Betclic \u00c9lite.<\/p>\n<blockquote class=\"twitter-tweet\">\n<p dir=\"ltr\" lang=\"en\">Shake &#8217;em off and \ud83d\udd28\ud83c\udfc0<a href=\"https:\/\/twitter.com\/hashtag\/MagicMoment?src=hash&amp;ref_src=twsrc%5Etfw\">#MagicMoment<\/a> l <a href=\"https:\/\/twitter.com\/JLBourgBasket?ref_src=twsrc%5Etfw\">@JLBourgBasket<\/a> <a href=\"https:\/\/t.co\/uYQSqszrVF\">pic.twitter.com\/uYQSqszrVF<\/a><\/p>\n<p>\u2014 BKT EuroCup (@EuroCup) <a href=\"https:\/\/twitter.com\/EuroCup\/status\/1754955210882003376?ref_src=twsrc%5Etfw\">February 6, 2024<\/a><\/p><\/blockquote>\n<p><script async src=\"https:\/\/platform.twitter.com\/widgets.js\" charset=\"utf-8\"><\/script><\/p>\n","protected":false},"excerpt":{"rendered":"<p>EUROCOUPE 2023\/24 &#8211; La JL Bourg s&rsquo;est inclin\u00e9e ce mardi soir face \u00e0 Ulm, 85-81. D\u00e9j\u00e0 assur\u00e9s de la premi\u00e8re place, les Bressans ont livr\u00e9 une prestation m\u00e9diocre, et ont logiquement \u00e9t\u00e9 battus par des Allemands beaucoup plus impliqu\u00e9s malgr\u00e9 un come-back dans le money time.\u00a0<\/p>\n","protected":false},"author":55,"featured_media":460599,"comment_status":"open","ping_status":"closed","sticky":false,"template":"","format":"standard","meta":{"_acf_changed":false,"_daextam_enable_autolinks":"1","footnotes":""},"categories":[2305],"tags":[16878,31046,35530,24922,24806],"class_list":["post-460523","post","type-post","status-publish","format-standard","has-post-thumbnail","hentry","category-basket-ball","tag-breve","tag-eurocoupe-club-francais","tag-jl-bourg-basket","tag-pacome-dadiet","tag-zaccharie-risacher"],"acf":[],"yoast_head":"<!-- This site is optimized with the Yoast SEO Premium plugin v26.7 (Yoast SEO v26.7) - https:\/\/yoast.com\/wordpress\/plugins\/seo\/ -->\n<title>EuroCoupe (J18) : La JL Bourg boucle la saison r\u00e9guli\u00e8re sur une fausse note face \u00e0 Ulm<\/title>\n<meta name=\"description\" content=\"EUROCOUPE 2023\/24 - La JL Bourg s&#039;est logiquement inclin\u00e9e \u00e0 Ekinox face \u00e0 Ulm (85-81) mais conserve la 1e place de son groupe.\" \/>\n<meta name=\"robots\" content=\"index, follow, max-snippet:-1, max-image-preview:large, max-video-preview:-1\" \/>\n<link rel=\"canonical\" href=\"https:\/\/dicodusport.fr\/blog\/eurocoupe-j18-la-jl-bourg-boucle-la-saison-reguliere-sur-une-fausse-note-face-a-ulm\/\" \/>\n<meta property=\"og:locale\" content=\"fr_FR\" \/>\n<meta property=\"og:type\" content=\"article\" \/>\n<meta property=\"og:title\" content=\"EuroCoupe (J18) : La JL Bourg boucle la saison r\u00e9guli\u00e8re sur une fausse note face \u00e0 Ulm\" \/>\n<meta property=\"og:description\" content=\"EUROCOUPE 2023\/24 - La JL Bourg s&#039;est logiquement inclin\u00e9e \u00e0 Ekinox face \u00e0 Ulm (85-81) mais conserve la 1e place de son groupe.\" \/>\n<meta property=\"og:url\" content=\"https:\/\/dicodusport.fr\/blog\/eurocoupe-j18-la-jl-bourg-boucle-la-saison-reguliere-sur-une-fausse-note-face-a-ulm\/\" \/>\n<meta property=\"og:site_name\" content=\"Dicodusport\" \/>\n<meta property=\"article:publisher\" content=\"https:\/\/www.facebook.com\/dicodusport\" \/>\n<meta property=\"article:published_time\" content=\"2024-02-06T20:32:32+00:00\" \/>\n<meta property=\"article:modified_time\" content=\"2024-02-06T20:41:55+00:00\" \/>\n<meta property=\"og:image\" content=\"https:\/\/dicodusport.fr\/blog\/wp-content\/uploads\/2024\/02\/EuroCoupe-J18-La-JL-Bourg.png\" \/>\n\t<meta property=\"og:image:width\" content=\"1200\" \/>\n\t<meta property=\"og:image:height\" content=\"674\" \/>\n\t<meta property=\"og:image:type\" content=\"image\/png\" \/>\n<meta name=\"author\" content=\"Maxime Cazenave\" \/>\n<meta name=\"twitter:card\" content=\"summary_large_image\" \/>\n<meta name=\"twitter:title\" content=\"EuroCoupe (J18) : La JL Bourg boucle la saison r\u00e9guli\u00e8re sur une fausse note face \u00e0 Ulm\" \/>\n<meta name=\"twitter:creator\" content=\"@https:\/\/twitter.com\/Maxime_Caze\" \/>\n<meta name=\"twitter:site\" content=\"@dicodusport\" \/>\n<script type=\"application\/ld+json\" class=\"yoast-schema-graph\">{\"@context\":\"https:\/\/schema.org\",\"@graph\":[{\"@type\":\"NewsArticle\",\"@id\":\"https:\/\/dicodusport.fr\/blog\/eurocoupe-j18-la-jl-bourg-boucle-la-saison-reguliere-sur-une-fausse-note-face-a-ulm\/#article\",\"isPartOf\":{\"@id\":\"https:\/\/dicodusport.fr\/blog\/eurocoupe-j18-la-jl-bourg-boucle-la-saison-reguliere-sur-une-fausse-note-face-a-ulm\/\"},\"author\":{\"name\":\"Maxime Cazenave\",\"@id\":\"https:\/\/dicodusport.fr\/blog\/#\/schema\/person\/37def232098a7a5cbab3974a3690abb0\"},\"headline\":\"EuroCoupe (J18) : La JL Bourg boucle la saison r\u00e9guli\u00e8re sur une fausse note face \u00e0 Ulm\",\"datePublished\":\"2024-02-06T20:32:32+00:00\",\"dateModified\":\"2024-02-06T20:41:55+00:00\",\"mainEntityOfPage\":{\"@id\":\"https:\/\/dicodusport.fr\/blog\/eurocoupe-j18-la-jl-bourg-boucle-la-saison-reguliere-sur-une-fausse-note-face-a-ulm\/\"},\"wordCount\":794,\"commentCount\":0,\"publisher\":{\"@id\":\"https:\/\/dicodusport.fr\/blog\/#organization\"},\"image\":{\"@id\":\"https:\/\/dicodusport.fr\/blog\/eurocoupe-j18-la-jl-bourg-boucle-la-saison-reguliere-sur-une-fausse-note-face-a-ulm\/#primaryimage\"},\"thumbnailUrl\":\"https:\/\/dicodusport.fr\/blog\/wp-content\/uploads\/2024\/02\/EuroCoupe-J18-La-JL-Bourg.png\",\"keywords\":[\"br\u00e8ve\",\"Eurocoupe club fran\u00e7ais\",\"JL Bourg basket\",\"Pac\u00f4me Dadiet\",\"Zaccharie Risacher\"],\"articleSection\":[\"Basket-ball\"],\"inLanguage\":\"fr-FR\",\"potentialAction\":[{\"@type\":\"CommentAction\",\"name\":\"Comment\",\"target\":[\"https:\/\/dicodusport.fr\/blog\/eurocoupe-j18-la-jl-bourg-boucle-la-saison-reguliere-sur-une-fausse-note-face-a-ulm\/#respond\"]}],\"copyrightYear\":\"2024\",\"copyrightHolder\":{\"@id\":\"https:\/\/dicodusport.fr\/blog\/#organization\"}},{\"@type\":\"WebPage\",\"@id\":\"https:\/\/dicodusport.fr\/blog\/eurocoupe-j18-la-jl-bourg-boucle-la-saison-reguliere-sur-une-fausse-note-face-a-ulm\/\",\"url\":\"https:\/\/dicodusport.fr\/blog\/eurocoupe-j18-la-jl-bourg-boucle-la-saison-reguliere-sur-une-fausse-note-face-a-ulm\/\",\"name\":\"EuroCoupe (J18) : La JL Bourg boucle la saison r\u00e9guli\u00e8re sur une fausse note face \u00e0 Ulm\",\"isPartOf\":{\"@id\":\"https:\/\/dicodusport.fr\/blog\/#website\"},\"primaryImageOfPage\":{\"@id\":\"https:\/\/dicodusport.fr\/blog\/eurocoupe-j18-la-jl-bourg-boucle-la-saison-reguliere-sur-une-fausse-note-face-a-ulm\/#primaryimage\"},\"image\":{\"@id\":\"https:\/\/dicodusport.fr\/blog\/eurocoupe-j18-la-jl-bourg-boucle-la-saison-reguliere-sur-une-fausse-note-face-a-ulm\/#primaryimage\"},\"thumbnailUrl\":\"https:\/\/dicodusport.fr\/blog\/wp-content\/uploads\/2024\/02\/EuroCoupe-J18-La-JL-Bourg.png\",\"datePublished\":\"2024-02-06T20:32:32+00:00\",\"dateModified\":\"2024-02-06T20:41:55+00:00\",\"description\":\"EUROCOUPE 2023\/24 - La JL Bourg s'est logiquement inclin\u00e9e \u00e0 Ekinox face \u00e0 Ulm (85-81) mais conserve la 1e place de son groupe.\",\"breadcrumb\":{\"@id\":\"https:\/\/dicodusport.fr\/blog\/eurocoupe-j18-la-jl-bourg-boucle-la-saison-reguliere-sur-une-fausse-note-face-a-ulm\/#breadcrumb\"},\"inLanguage\":\"fr-FR\",\"potentialAction\":[{\"@type\":\"ReadAction\",\"target\":[\"https:\/\/dicodusport.fr\/blog\/eurocoupe-j18-la-jl-bourg-boucle-la-saison-reguliere-sur-une-fausse-note-face-a-ulm\/\"]}]},{\"@type\":\"ImageObject\",\"inLanguage\":\"fr-FR\",\"@id\":\"https:\/\/dicodusport.fr\/blog\/eurocoupe-j18-la-jl-bourg-boucle-la-saison-reguliere-sur-une-fausse-note-face-a-ulm\/#primaryimage\",\"url\":\"https:\/\/dicodusport.fr\/blog\/wp-content\/uploads\/2024\/02\/EuroCoupe-J18-La-JL-Bourg.png\",\"contentUrl\":\"https:\/\/dicodusport.fr\/blog\/wp-content\/uploads\/2024\/02\/EuroCoupe-J18-La-JL-Bourg.png\",\"width\":1200,\"height\":674,\"caption\":\"EuroCoupe (J18) : La JL Bourg boucle la saison r\u00e9guli\u00e8re sur une fausse note face \u00e0 Ulm\"},{\"@type\":\"BreadcrumbList\",\"@id\":\"https:\/\/dicodusport.fr\/blog\/eurocoupe-j18-la-jl-bourg-boucle-la-saison-reguliere-sur-une-fausse-note-face-a-ulm\/#breadcrumb\",\"itemListElement\":[{\"@type\":\"ListItem\",\"position\":1,\"name\":\"Accueil\",\"item\":\"https:\/\/dicodusport.fr\/blog\/\"},{\"@type\":\"ListItem\",\"position\":2,\"name\":\"EuroCoupe (J18) : La JL Bourg boucle la saison r\u00e9guli\u00e8re sur une fausse note face \u00e0 Ulm\"}]},{\"@type\":\"WebSite\",\"@id\":\"https:\/\/dicodusport.fr\/blog\/#website\",\"url\":\"https:\/\/dicodusport.fr\/blog\/\",\"name\":\"Dicodusport\",\"description\":\"L&#039;encyclop\u00e9die de l&#039;actualit\u00e9 sportive\",\"publisher\":{\"@id\":\"https:\/\/dicodusport.fr\/blog\/#organization\"},\"potentialAction\":[{\"@type\":\"SearchAction\",\"target\":{\"@type\":\"EntryPoint\",\"urlTemplate\":\"https:\/\/dicodusport.fr\/blog\/?s={search_term_string}\"},\"query-input\":{\"@type\":\"PropertyValueSpecification\",\"valueRequired\":true,\"valueName\":\"search_term_string\"}}],\"inLanguage\":\"fr-FR\"},{\"@type\":\"NewsMediaOrganization\",\"@id\":\"https:\/\/dicodusport.fr\/blog\/#organization\",\"name\":\"Dicodusport\",\"url\":\"https:\/\/dicodusport.fr\/blog\/\",\"logo\":{\"@type\":\"ImageObject\",\"inLanguage\":\"fr-FR\",\"@id\":\"https:\/\/dicodusport.fr\/blog\/#\/schema\/logo\/image\/\",\"url\":\"https:\/\/dicodusport.fr\/blog\/wp-content\/uploads\/2020\/06\/cropped-LOGO-DICODUSPORT-2020-SANS-FOND-SANS-TEXTE.png\",\"contentUrl\":\"https:\/\/dicodusport.fr\/blog\/wp-content\/uploads\/2020\/06\/cropped-LOGO-DICODUSPORT-2020-SANS-FOND-SANS-TEXTE.png\",\"width\":512,\"height\":512,\"caption\":\"Dicodusport\"},\"image\":{\"@id\":\"https:\/\/dicodusport.fr\/blog\/#\/schema\/logo\/image\/\"},\"sameAs\":[\"https:\/\/www.facebook.com\/dicodusport\",\"https:\/\/x.com\/dicodusport\",\"https:\/\/www.instagram.com\/dicodusport\/\",\"https:\/\/www.youtube.com\/channel\/UC7V2KZ5sd3htJivAbA4ZG3w\"],\"description\":\"Dicodusport est l'encyclop\u00e9die de l'actualit\u00e9 sportive.\",\"email\":\"bonjour@dicodusport.fr\",\"legalName\":\"DICODUSPORT\",\"foundingDate\":\"2018-01-14\",\"vatID\":\"FR71834470973\",\"taxID\":\"83447097300043\",\"numberOfEmployees\":{\"@type\":\"QuantitativeValue\",\"minValue\":\"1\",\"maxValue\":\"10\"}},{\"@type\":\"Person\",\"@id\":\"https:\/\/dicodusport.fr\/blog\/#\/schema\/person\/37def232098a7a5cbab3974a3690abb0\",\"name\":\"Maxime Cazenave\",\"image\":{\"@type\":\"ImageObject\",\"inLanguage\":\"fr-FR\",\"@id\":\"https:\/\/dicodusport.fr\/blog\/#\/schema\/person\/image\/\",\"url\":\"https:\/\/dicodusport.fr\/blog\/wp-content\/uploads\/2021\/05\/Maxime-Cazenave-150x150.jpg\",\"contentUrl\":\"https:\/\/dicodusport.fr\/blog\/wp-content\/uploads\/2021\/05\/Maxime-Cazenave-150x150.jpg\",\"caption\":\"Maxime Cazenave\"},\"description\":\"Journaliste\/R\u00e9dacteur depuis 2012 - Berc\u00e9 par l\u2019amour des Girondins de Bordeaux, les \u00e9checs de Christophe Moreau sur le Tour de France sous l'\u00e8re Lance Armstrong et le fade-away l\u00e9tal de Dirk Nowitzki, ma passion d\u00e9vorante pour le sport a toujours \u00e9t\u00e9 un pan incontournable de ma vie. Transmettre ma passion \u00e0 l\u2019\u00e9crit a \u00e9t\u00e9 une transition naturelle. Suiveur assidu de basket et de hockey sur glace, je garde toujours un peu de place pour suivre le cyclisme, le football et le maximum de performances fran\u00e7aises.\",\"sameAs\":[\"https:\/\/x.com\/https:\/\/twitter.com\/Maxime_Caze\"],\"url\":\"https:\/\/dicodusport.fr\/blog\/author\/maximec\/\"}]}<\/script>\n<!-- \/ Yoast SEO Premium plugin. -->","yoast_head_json":{"title":"EuroCoupe (J18) : La JL Bourg boucle la saison r\u00e9guli\u00e8re sur une fausse note face \u00e0 Ulm","description":"EUROCOUPE 2023\/24 - La JL Bourg s'est logiquement inclin\u00e9e \u00e0 Ekinox face \u00e0 Ulm (85-81) mais conserve la 1e place de son groupe.","robots":{"index":"index","follow":"follow","max-snippet":"max-snippet:-1","max-image-preview":"max-image-preview:large","max-video-preview":"max-video-preview:-1"},"canonical":"https:\/\/dicodusport.fr\/blog\/eurocoupe-j18-la-jl-bourg-boucle-la-saison-reguliere-sur-une-fausse-note-face-a-ulm\/","og_locale":"fr_FR","og_type":"article","og_title":"EuroCoupe (J18) : La JL Bourg boucle la saison r\u00e9guli\u00e8re sur une fausse note face \u00e0 Ulm","og_description":"EUROCOUPE 2023\/24 - La JL Bourg s'est logiquement inclin\u00e9e \u00e0 Ekinox face \u00e0 Ulm (85-81) mais conserve la 1e place de son groupe.","og_url":"https:\/\/dicodusport.fr\/blog\/eurocoupe-j18-la-jl-bourg-boucle-la-saison-reguliere-sur-une-fausse-note-face-a-ulm\/","og_site_name":"Dicodusport","article_publisher":"https:\/\/www.facebook.com\/dicodusport","article_published_time":"2024-02-06T20:32:32+00:00","article_modified_time":"2024-02-06T20:41:55+00:00","og_image":[{"width":1200,"height":674,"url":"https:\/\/dicodusport.fr\/blog\/wp-content\/uploads\/2024\/02\/EuroCoupe-J18-La-JL-Bourg.png","type":"image\/png"}],"author":"Maxime Cazenave","twitter_card":"summary_large_image","twitter_title":"EuroCoupe (J18) : La JL Bourg boucle la saison r\u00e9guli\u00e8re sur une fausse note face \u00e0 Ulm","twitter_creator":"@https:\/\/twitter.com\/Maxime_Caze","twitter_site":"@dicodusport","schema":{"@context":"https:\/\/schema.org","@graph":[{"@type":"NewsArticle","@id":"https:\/\/dicodusport.fr\/blog\/eurocoupe-j18-la-jl-bourg-boucle-la-saison-reguliere-sur-une-fausse-note-face-a-ulm\/#article","isPartOf":{"@id":"https:\/\/dicodusport.fr\/blog\/eurocoupe-j18-la-jl-bourg-boucle-la-saison-reguliere-sur-une-fausse-note-face-a-ulm\/"},"author":{"name":"Maxime Cazenave","@id":"https:\/\/dicodusport.fr\/blog\/#\/schema\/person\/37def232098a7a5cbab3974a3690abb0"},"headline":"EuroCoupe (J18) : La JL Bourg boucle la saison r\u00e9guli\u00e8re sur une fausse note face \u00e0 Ulm","datePublished":"2024-02-06T20:32:32+00:00","dateModified":"2024-02-06T20:41:55+00:00","mainEntityOfPage":{"@id":"https:\/\/dicodusport.fr\/blog\/eurocoupe-j18-la-jl-bourg-boucle-la-saison-reguliere-sur-une-fausse-note-face-a-ulm\/"},"wordCount":794,"commentCount":0,"publisher":{"@id":"https:\/\/dicodusport.fr\/blog\/#organization"},"image":{"@id":"https:\/\/dicodusport.fr\/blog\/eurocoupe-j18-la-jl-bourg-boucle-la-saison-reguliere-sur-une-fausse-note-face-a-ulm\/#primaryimage"},"thumbnailUrl":"https:\/\/dicodusport.fr\/blog\/wp-content\/uploads\/2024\/02\/EuroCoupe-J18-La-JL-Bourg.png","keywords":["br\u00e8ve","Eurocoupe club fran\u00e7ais","JL Bourg basket","Pac\u00f4me Dadiet","Zaccharie Risacher"],"articleSection":["Basket-ball"],"inLanguage":"fr-FR","potentialAction":[{"@type":"CommentAction","name":"Comment","target":["https:\/\/dicodusport.fr\/blog\/eurocoupe-j18-la-jl-bourg-boucle-la-saison-reguliere-sur-une-fausse-note-face-a-ulm\/#respond"]}],"copyrightYear":"2024","copyrightHolder":{"@id":"https:\/\/dicodusport.fr\/blog\/#organization"}},{"@type":"WebPage","@id":"https:\/\/dicodusport.fr\/blog\/eurocoupe-j18-la-jl-bourg-boucle-la-saison-reguliere-sur-une-fausse-note-face-a-ulm\/","url":"https:\/\/dicodusport.fr\/blog\/eurocoupe-j18-la-jl-bourg-boucle-la-saison-reguliere-sur-une-fausse-note-face-a-ulm\/","name":"EuroCoupe (J18) : La JL Bourg boucle la saison r\u00e9guli\u00e8re sur une fausse note face \u00e0 Ulm","isPartOf":{"@id":"https:\/\/dicodusport.fr\/blog\/#website"},"primaryImageOfPage":{"@id":"https:\/\/dicodusport.fr\/blog\/eurocoupe-j18-la-jl-bourg-boucle-la-saison-reguliere-sur-une-fausse-note-face-a-ulm\/#primaryimage"},"image":{"@id":"https:\/\/dicodusport.fr\/blog\/eurocoupe-j18-la-jl-bourg-boucle-la-saison-reguliere-sur-une-fausse-note-face-a-ulm\/#primaryimage"},"thumbnailUrl":"https:\/\/dicodusport.fr\/blog\/wp-content\/uploads\/2024\/02\/EuroCoupe-J18-La-JL-Bourg.png","datePublished":"2024-02-06T20:32:32+00:00","dateModified":"2024-02-06T20:41:55+00:00","description":"EUROCOUPE 2023\/24 - La JL Bourg s'est logiquement inclin\u00e9e \u00e0 Ekinox face \u00e0 Ulm (85-81) mais conserve la 1e place de son groupe.","breadcrumb":{"@id":"https:\/\/dicodusport.fr\/blog\/eurocoupe-j18-la-jl-bourg-boucle-la-saison-reguliere-sur-une-fausse-note-face-a-ulm\/#breadcrumb"},"inLanguage":"fr-FR","potentialAction":[{"@type":"ReadAction","target":["https:\/\/dicodusport.fr\/blog\/eurocoupe-j18-la-jl-bourg-boucle-la-saison-reguliere-sur-une-fausse-note-face-a-ulm\/"]}]},{"@type":"ImageObject","inLanguage":"fr-FR","@id":"https:\/\/dicodusport.fr\/blog\/eurocoupe-j18-la-jl-bourg-boucle-la-saison-reguliere-sur-une-fausse-note-face-a-ulm\/#primaryimage","url":"https:\/\/dicodusport.fr\/blog\/wp-content\/uploads\/2024\/02\/EuroCoupe-J18-La-JL-Bourg.png","contentUrl":"https:\/\/dicodusport.fr\/blog\/wp-content\/uploads\/2024\/02\/EuroCoupe-J18-La-JL-Bourg.png","width":1200,"height":674,"caption":"EuroCoupe (J18) : La JL Bourg boucle la saison r\u00e9guli\u00e8re sur une fausse note face \u00e0 Ulm"},{"@type":"BreadcrumbList","@id":"https:\/\/dicodusport.fr\/blog\/eurocoupe-j18-la-jl-bourg-boucle-la-saison-reguliere-sur-une-fausse-note-face-a-ulm\/#breadcrumb","itemListElement":[{"@type":"ListItem","position":1,"name":"Accueil","item":"https:\/\/dicodusport.fr\/blog\/"},{"@type":"ListItem","position":2,"name":"EuroCoupe (J18) : La JL Bourg boucle la saison r\u00e9guli\u00e8re sur une fausse note face \u00e0 Ulm"}]},{"@type":"WebSite","@id":"https:\/\/dicodusport.fr\/blog\/#website","url":"https:\/\/dicodusport.fr\/blog\/","name":"Dicodusport","description":"L&#039;encyclop\u00e9die de l&#039;actualit\u00e9 sportive","publisher":{"@id":"https:\/\/dicodusport.fr\/blog\/#organization"},"potentialAction":[{"@type":"SearchAction","target":{"@type":"EntryPoint","urlTemplate":"https:\/\/dicodusport.fr\/blog\/?s={search_term_string}"},"query-input":{"@type":"PropertyValueSpecification","valueRequired":true,"valueName":"search_term_string"}}],"inLanguage":"fr-FR"},{"@type":"NewsMediaOrganization","@id":"https:\/\/dicodusport.fr\/blog\/#organization","name":"Dicodusport","url":"https:\/\/dicodusport.fr\/blog\/","logo":{"@type":"ImageObject","inLanguage":"fr-FR","@id":"https:\/\/dicodusport.fr\/blog\/#\/schema\/logo\/image\/","url":"https:\/\/dicodusport.fr\/blog\/wp-content\/uploads\/2020\/06\/cropped-LOGO-DICODUSPORT-2020-SANS-FOND-SANS-TEXTE.png","contentUrl":"https:\/\/dicodusport.fr\/blog\/wp-content\/uploads\/2020\/06\/cropped-LOGO-DICODUSPORT-2020-SANS-FOND-SANS-TEXTE.png","width":512,"height":512,"caption":"Dicodusport"},"image":{"@id":"https:\/\/dicodusport.fr\/blog\/#\/schema\/logo\/image\/"},"sameAs":["https:\/\/www.facebook.com\/dicodusport","https:\/\/x.com\/dicodusport","https:\/\/www.instagram.com\/dicodusport\/","https:\/\/www.youtube.com\/channel\/UC7V2KZ5sd3htJivAbA4ZG3w"],"description":"Dicodusport est l'encyclop\u00e9die de l'actualit\u00e9 sportive.","email":"bonjour@dicodusport.fr","legalName":"DICODUSPORT","foundingDate":"2018-01-14","vatID":"FR71834470973","taxID":"83447097300043","numberOfEmployees":{"@type":"QuantitativeValue","minValue":"1","maxValue":"10"}},{"@type":"Person","@id":"https:\/\/dicodusport.fr\/blog\/#\/schema\/person\/37def232098a7a5cbab3974a3690abb0","name":"Maxime Cazenave","image":{"@type":"ImageObject","inLanguage":"fr-FR","@id":"https:\/\/dicodusport.fr\/blog\/#\/schema\/person\/image\/","url":"https:\/\/dicodusport.fr\/blog\/wp-content\/uploads\/2021\/05\/Maxime-Cazenave-150x150.jpg","contentUrl":"https:\/\/dicodusport.fr\/blog\/wp-content\/uploads\/2021\/05\/Maxime-Cazenave-150x150.jpg","caption":"Maxime Cazenave"},"description":"Journaliste\/R\u00e9dacteur depuis 2012 - Berc\u00e9 par l\u2019amour des Girondins de Bordeaux, les \u00e9checs de Christophe Moreau sur le Tour de France sous l'\u00e8re Lance Armstrong et le fade-away l\u00e9tal de Dirk Nowitzki, ma passion d\u00e9vorante pour le sport a toujours \u00e9t\u00e9 un pan incontournable de ma vie. Transmettre ma passion \u00e0 l\u2019\u00e9crit a \u00e9t\u00e9 une transition naturelle. Suiveur assidu de basket et de hockey sur glace, je garde toujours un peu de place pour suivre le cyclisme, le football et le maximum de performances fran\u00e7aises.","sameAs":["https:\/\/x.com\/https:\/\/twitter.com\/Maxime_Caze"],"url":"https:\/\/dicodusport.fr\/blog\/author\/maximec\/"}]}},"_links":{"self":[{"href":"https:\/\/dicodusport.fr\/blog\/wp-json\/wp\/v2\/posts\/460523","targetHints":{"allow":["GET"]}}],"collection":[{"href":"https:\/\/dicodusport.fr\/blog\/wp-json\/wp\/v2\/posts"}],"about":[{"href":"https:\/\/dicodusport.fr\/blog\/wp-json\/wp\/v2\/types\/post"}],"author":[{"embeddable":true,"href":"https:\/\/dicodusport.fr\/blog\/wp-json\/wp\/v2\/users\/55"}],"replies":[{"embeddable":true,"href":"https:\/\/dicodusport.fr\/blog\/wp-json\/wp\/v2\/comments?post=460523"}],"version-history":[{"count":5,"href":"https:\/\/dicodusport.fr\/blog\/wp-json\/wp\/v2\/posts\/460523\/revisions"}],"predecessor-version":[{"id":460602,"href":"https:\/\/dicodusport.fr\/blog\/wp-json\/wp\/v2\/posts\/460523\/revisions\/460602"}],"wp:featuredmedia":[{"embeddable":true,"href":"https:\/\/dicodusport.fr\/blog\/wp-json\/wp\/v2\/media\/460599"}],"wp:attachment":[{"href":"https:\/\/dicodusport.fr\/blog\/wp-json\/wp\/v2\/media?parent=460523"}],"wp:term":[{"taxonomy":"category","embeddable":true,"href":"https:\/\/dicodusport.fr\/blog\/wp-json\/wp\/v2\/categories?post=460523"},{"taxonomy":"post_tag","embeddable":true,"href":"https:\/\/dicodusport.fr\/blog\/wp-json\/wp\/v2\/tags?post=460523"}],"curies":[{"name":"wp","href":"https:\/\/api.w.org\/{rel}","templated":true}]}}