{"id":46063,"date":"2019-08-21T18:28:14","date_gmt":"2019-08-21T16:28:14","guid":{"rendered":"http:\/\/dicodusport.fr\/blog\/?p=46063"},"modified":"2019-08-22T08:02:53","modified_gmt":"2019-08-22T06:02:53","slug":"badminton-mondiaux-il-n-y-a-plus-aucun-francais-en-lice-a-bale","status":"publish","type":"post","link":"https:\/\/dicodusport.fr\/blog\/badminton-mondiaux-il-n-y-a-plus-aucun-francais-en-lice-a-bale\/","title":{"rendered":"Badminton &#8211; Mondiaux : il n&rsquo;y a plus aucun Fran\u00e7ais en lice \u00e0 B\u00e2le"},"content":{"rendered":"<p style=\"text-align: justify;\"><strong><em>La d\u00e9faite du double Anne Tran &#8211; Emilie Lefel a mis fin aux derniers espoirs fran\u00e7ais aux championnats du monde de badminton, \u00e0 B\u00e2le (Suisse).<br \/>\n<\/em><\/strong><\/p>\n<p style=\"text-align: justify;\">Il n&rsquo;y a plus aucun Fran\u00e7ais en lice au <strong>Mondiaux de Badminton<\/strong> en Suisse. Battu par la paire danoise <strong>Fruergaard\/Thygesen<\/strong> au deuxi\u00e8me tour (21-12, 21-18), le duo <strong>Tran\/Lefel<\/strong> \u00e9tait la derni\u00e8re chance tricolore de r\u00e9aliser un beau parcours dans ces championnats du monde, apr\u00e8s les \u00e9liminations en mixte de la paire <strong>Thom Gicquel &#8211; Delphine Delrue<\/strong> et de l&rsquo;autre tandem f\u00e9minin form\u00e9 par <strong>Delphine Delrue<\/strong> et <strong>L\u00e9a Palermo<\/strong>, \u00e9galement au deuxi\u00e8me tour. En simple, <strong>Thomas Rouxel<\/strong> \u00e9tait aussi tomb\u00e9 au m\u00eame stade, un peu plus t\u00f4t dans la journ\u00e9e.<\/p>\n<blockquote class=\"twitter-tweet\">\n<p dir=\"ltr\" lang=\"fr\">Mondiaux termin\u00e9s pour les Bleus (valides) avec la d\u00e9faite de la derni\u00e8re paire en lice. Anne Tran et Emilie Lefel ont \u00e9t\u00e9 \u00e9limin\u00e9es par les danoises, t\u00eates de s\u00e9rie 16 &#x1f622;<\/p>\n<p>Les matchs de poule se poursuivent jusque demain pour les joueurs parabad. Allez les Bleus !<a href=\"https:\/\/twitter.com\/hashtag\/Basel2019?src=hash&amp;ref_src=twsrc%5Etfw\">#Basel2019<\/a> <a href=\"https:\/\/t.co\/6rqRh1p5vf\">pic.twitter.com\/6rqRh1p5vf<\/a><\/p>\n<p>\u2014 FFBaD (@FFBaD) <a href=\"https:\/\/twitter.com\/FFBaD\/status\/1164198130864263168?ref_src=twsrc%5Etfw\">August 21, 2019<\/a><\/p><\/blockquote>\n<p><script async src=\"https:\/\/platform.twitter.com\/widgets.js\" charset=\"utf-8\"><\/script><\/p>\n<p style=\"text-align: justify;\">Absent sur blessure, <strong>Brice Leverdez<\/strong>, finaliste des derniers <strong>Jeux Europ\u00e9ens<\/strong>, reste jusqu&rsquo;\u00e0 maintenant le seul joueur fran\u00e7ais \u00e0 avoir atteint les huiti\u00e8mes de finale des Mondiaux, en 2017, \u00e0 Glasgow (\u00c9cosse).<\/p>\n<p><strong><em>Dicodusport<br \/>\n<a href=\"https:\/\/www.facebook.com\/dicodusport\/\" target=\"_blank\" rel=\"noopener\"><img loading=\"lazy\" decoding=\"async\" class=\"alignnone wp-image-2909\" src=\"http:\/\/dicodusport.fr\/blog\/wp-content\/uploads\/2017\/07\/logo-facebook-150x150.png\" alt=\"\" width=\"40\" height=\"40\" \/><\/a><a href=\"https:\/\/twitter.com\/dicodusport\" target=\"_blank\" rel=\"noopener\"><img loading=\"lazy\" decoding=\"async\" class=\"alignnone wp-image-2908\" src=\"http:\/\/dicodusport.fr\/blog\/wp-content\/uploads\/2017\/07\/logo-twitter-150x150.png\" alt=\"\" width=\"39\" height=\"39\" \/><\/a><\/em><\/strong><\/p>\n","protected":false},"excerpt":{"rendered":"<p>La d\u00e9faite du double Anne Tran-Emilie Lefel a mis fin aux derniers espoirs fran\u00e7ais aux championnats du monde de badminton, \u00e0 B\u00e2le (Suisse).<\/p>\n","protected":false},"author":4,"featured_media":46064,"comment_status":"open","ping_status":"closed","sticky":false,"template":"","format":"standard","meta":{"_acf_changed":false,"_daextam_enable_autolinks":"","footnotes":""},"categories":[2365],"tags":[2184,3040],"class_list":["post-46063","post","type-post","status-publish","format-standard","has-post-thumbnail","hentry","category-sports-de-raquette","tag-badminton","tag-championnats-du-monde"],"acf":[],"yoast_head":"<!-- This site is optimized with the Yoast SEO Premium plugin v26.7 (Yoast SEO v26.7) - https:\/\/yoast.com\/wordpress\/plugins\/seo\/ -->\n<title>Badminton - Mondiaux : il n&#039;y a plus aucun Fran\u00e7ais en lice \u00e0 B\u00e2le<\/title>\n<meta name=\"description\" content=\"La d\u00e9faite du double Anne Tran-Emilie Lefel a mis fin aux derniers espoirs fran\u00e7ais aux championnats du monde de badminton, \u00e0 B\u00e2le (Suisse).\" \/>\n<meta name=\"robots\" content=\"index, follow, max-snippet:-1, max-image-preview:large, max-video-preview:-1\" \/>\n<link rel=\"canonical\" href=\"https:\/\/dicodusport.fr\/blog\/badminton-mondiaux-il-n-y-a-plus-aucun-francais-en-lice-a-bale\/\" \/>\n<meta property=\"og:locale\" content=\"fr_FR\" \/>\n<meta property=\"og:type\" content=\"article\" \/>\n<meta property=\"og:title\" content=\"Badminton - Mondiaux : il n&#039;y a plus aucun Fran\u00e7ais en lice \u00e0 B\u00e2le\" \/>\n<meta property=\"og:description\" content=\"La d\u00e9faite du double Anne Tran-Emilie Lefel a mis fin aux derniers espoirs fran\u00e7ais aux championnats du monde de badminton, \u00e0 B\u00e2le (Suisse).\" \/>\n<meta property=\"og:url\" content=\"https:\/\/dicodusport.fr\/blog\/badminton-mondiaux-il-n-y-a-plus-aucun-francais-en-lice-a-bale\/\" \/>\n<meta property=\"og:site_name\" content=\"Dicodusport\" \/>\n<meta property=\"article:publisher\" content=\"https:\/\/www.facebook.com\/dicodusport\" \/>\n<meta property=\"article:author\" content=\"https:\/\/www.facebook.com\/florent.ostermann\" \/>\n<meta property=\"article:published_time\" content=\"2019-08-21T16:28:14+00:00\" \/>\n<meta property=\"article:modified_time\" content=\"2019-08-22T06:02:53+00:00\" \/>\n<meta property=\"og:image\" content=\"https:\/\/dicodusport.fr\/blog\/wp-content\/uploads\/2019\/08\/Thomas-Rouxel.png\" \/>\n\t<meta property=\"og:image:width\" content=\"800\" \/>\n\t<meta property=\"og:image:height\" content=\"445\" \/>\n\t<meta property=\"og:image:type\" content=\"image\/png\" \/>\n<meta name=\"author\" content=\"Flo Ostermann\" \/>\n<meta name=\"twitter:card\" content=\"summary_large_image\" \/>\n<meta name=\"twitter:title\" content=\"Badminton - Mondiaux : il n&#039;y a plus aucun Fran\u00e7ais en lice \u00e0 B\u00e2le\" \/>\n<meta name=\"twitter:creator\" content=\"@https:\/\/twitter.com\/FlOstermann\" \/>\n<meta name=\"twitter:site\" content=\"@dicodusport\" \/>\n<script type=\"application\/ld+json\" class=\"yoast-schema-graph\">{\"@context\":\"https:\/\/schema.org\",\"@graph\":[{\"@type\":\"NewsArticle\",\"@id\":\"https:\/\/dicodusport.fr\/blog\/badminton-mondiaux-il-n-y-a-plus-aucun-francais-en-lice-a-bale\/#article\",\"isPartOf\":{\"@id\":\"https:\/\/dicodusport.fr\/blog\/badminton-mondiaux-il-n-y-a-plus-aucun-francais-en-lice-a-bale\/\"},\"author\":{\"name\":\"Flo Ostermann\",\"@id\":\"https:\/\/dicodusport.fr\/blog\/#\/schema\/person\/cb02af4c173ce4a653b55e9baf388d4a\"},\"headline\":\"Badminton &#8211; Mondiaux : il n&rsquo;y a plus aucun Fran\u00e7ais en lice \u00e0 B\u00e2le\",\"datePublished\":\"2019-08-21T16:28:14+00:00\",\"dateModified\":\"2019-08-22T06:02:53+00:00\",\"mainEntityOfPage\":{\"@id\":\"https:\/\/dicodusport.fr\/blog\/badminton-mondiaux-il-n-y-a-plus-aucun-francais-en-lice-a-bale\/\"},\"wordCount\":240,\"commentCount\":0,\"publisher\":{\"@id\":\"https:\/\/dicodusport.fr\/blog\/#organization\"},\"image\":{\"@id\":\"https:\/\/dicodusport.fr\/blog\/badminton-mondiaux-il-n-y-a-plus-aucun-francais-en-lice-a-bale\/#primaryimage\"},\"thumbnailUrl\":\"https:\/\/dicodusport.fr\/blog\/wp-content\/uploads\/2019\/08\/Thomas-Rouxel.png\",\"keywords\":[\"Badminton\",\"Championnats du Monde\"],\"articleSection\":[\"Sports de raquette\"],\"inLanguage\":\"fr-FR\",\"potentialAction\":[{\"@type\":\"CommentAction\",\"name\":\"Comment\",\"target\":[\"https:\/\/dicodusport.fr\/blog\/badminton-mondiaux-il-n-y-a-plus-aucun-francais-en-lice-a-bale\/#respond\"]}],\"copyrightYear\":\"2019\",\"copyrightHolder\":{\"@id\":\"https:\/\/dicodusport.fr\/blog\/#organization\"}},{\"@type\":\"WebPage\",\"@id\":\"https:\/\/dicodusport.fr\/blog\/badminton-mondiaux-il-n-y-a-plus-aucun-francais-en-lice-a-bale\/\",\"url\":\"https:\/\/dicodusport.fr\/blog\/badminton-mondiaux-il-n-y-a-plus-aucun-francais-en-lice-a-bale\/\",\"name\":\"Badminton - Mondiaux : il n'y a plus aucun Fran\u00e7ais en lice \u00e0 B\u00e2le\",\"isPartOf\":{\"@id\":\"https:\/\/dicodusport.fr\/blog\/#website\"},\"primaryImageOfPage\":{\"@id\":\"https:\/\/dicodusport.fr\/blog\/badminton-mondiaux-il-n-y-a-plus-aucun-francais-en-lice-a-bale\/#primaryimage\"},\"image\":{\"@id\":\"https:\/\/dicodusport.fr\/blog\/badminton-mondiaux-il-n-y-a-plus-aucun-francais-en-lice-a-bale\/#primaryimage\"},\"thumbnailUrl\":\"https:\/\/dicodusport.fr\/blog\/wp-content\/uploads\/2019\/08\/Thomas-Rouxel.png\",\"datePublished\":\"2019-08-21T16:28:14+00:00\",\"dateModified\":\"2019-08-22T06:02:53+00:00\",\"description\":\"La d\u00e9faite du double Anne Tran-Emilie Lefel a mis fin aux derniers espoirs fran\u00e7ais aux championnats du monde de badminton, \u00e0 B\u00e2le (Suisse).\",\"breadcrumb\":{\"@id\":\"https:\/\/dicodusport.fr\/blog\/badminton-mondiaux-il-n-y-a-plus-aucun-francais-en-lice-a-bale\/#breadcrumb\"},\"inLanguage\":\"fr-FR\",\"potentialAction\":[{\"@type\":\"ReadAction\",\"target\":[\"https:\/\/dicodusport.fr\/blog\/badminton-mondiaux-il-n-y-a-plus-aucun-francais-en-lice-a-bale\/\"]}]},{\"@type\":\"ImageObject\",\"inLanguage\":\"fr-FR\",\"@id\":\"https:\/\/dicodusport.fr\/blog\/badminton-mondiaux-il-n-y-a-plus-aucun-francais-en-lice-a-bale\/#primaryimage\",\"url\":\"https:\/\/dicodusport.fr\/blog\/wp-content\/uploads\/2019\/08\/Thomas-Rouxel.png\",\"contentUrl\":\"https:\/\/dicodusport.fr\/blog\/wp-content\/uploads\/2019\/08\/Thomas-Rouxel.png\",\"width\":800,\"height\":445},{\"@type\":\"BreadcrumbList\",\"@id\":\"https:\/\/dicodusport.fr\/blog\/badminton-mondiaux-il-n-y-a-plus-aucun-francais-en-lice-a-bale\/#breadcrumb\",\"itemListElement\":[{\"@type\":\"ListItem\",\"position\":1,\"name\":\"Accueil\",\"item\":\"https:\/\/dicodusport.fr\/blog\/\"},{\"@type\":\"ListItem\",\"position\":2,\"name\":\"Badminton &#8211; Mondiaux : il n&rsquo;y a plus aucun Fran\u00e7ais en lice \u00e0 B\u00e2le\"}]},{\"@type\":\"WebSite\",\"@id\":\"https:\/\/dicodusport.fr\/blog\/#website\",\"url\":\"https:\/\/dicodusport.fr\/blog\/\",\"name\":\"Dicodusport\",\"description\":\"L&#039;encyclop\u00e9die de l&#039;actualit\u00e9 sportive\",\"publisher\":{\"@id\":\"https:\/\/dicodusport.fr\/blog\/#organization\"},\"potentialAction\":[{\"@type\":\"SearchAction\",\"target\":{\"@type\":\"EntryPoint\",\"urlTemplate\":\"https:\/\/dicodusport.fr\/blog\/?s={search_term_string}\"},\"query-input\":{\"@type\":\"PropertyValueSpecification\",\"valueRequired\":true,\"valueName\":\"search_term_string\"}}],\"inLanguage\":\"fr-FR\"},{\"@type\":\"NewsMediaOrganization\",\"@id\":\"https:\/\/dicodusport.fr\/blog\/#organization\",\"name\":\"Dicodusport\",\"url\":\"https:\/\/dicodusport.fr\/blog\/\",\"logo\":{\"@type\":\"ImageObject\",\"inLanguage\":\"fr-FR\",\"@id\":\"https:\/\/dicodusport.fr\/blog\/#\/schema\/logo\/image\/\",\"url\":\"https:\/\/dicodusport.fr\/blog\/wp-content\/uploads\/2020\/06\/cropped-LOGO-DICODUSPORT-2020-SANS-FOND-SANS-TEXTE.png\",\"contentUrl\":\"https:\/\/dicodusport.fr\/blog\/wp-content\/uploads\/2020\/06\/cropped-LOGO-DICODUSPORT-2020-SANS-FOND-SANS-TEXTE.png\",\"width\":512,\"height\":512,\"caption\":\"Dicodusport\"},\"image\":{\"@id\":\"https:\/\/dicodusport.fr\/blog\/#\/schema\/logo\/image\/\"},\"sameAs\":[\"https:\/\/www.facebook.com\/dicodusport\",\"https:\/\/x.com\/dicodusport\",\"https:\/\/www.instagram.com\/dicodusport\/\",\"https:\/\/www.youtube.com\/channel\/UC7V2KZ5sd3htJivAbA4ZG3w\"],\"description\":\"Dicodusport est l'encyclop\u00e9die de l'actualit\u00e9 sportive.\",\"email\":\"bonjour@dicodusport.fr\",\"legalName\":\"DICODUSPORT\",\"foundingDate\":\"2018-01-14\",\"vatID\":\"FR71834470973\",\"taxID\":\"83447097300043\",\"numberOfEmployees\":{\"@type\":\"QuantitativeValue\",\"minValue\":\"1\",\"maxValue\":\"10\"}},{\"@type\":\"Person\",\"@id\":\"https:\/\/dicodusport.fr\/blog\/#\/schema\/person\/cb02af4c173ce4a653b55e9baf388d4a\",\"name\":\"Flo Ostermann\",\"image\":{\"@type\":\"ImageObject\",\"inLanguage\":\"fr-FR\",\"@id\":\"https:\/\/dicodusport.fr\/blog\/#\/schema\/person\/image\/\",\"url\":\"https:\/\/dicodusport.fr\/blog\/wp-content\/uploads\/2021\/05\/Flo-Ostermann-150x150.jpg\",\"contentUrl\":\"https:\/\/dicodusport.fr\/blog\/wp-content\/uploads\/2021\/05\/Flo-Ostermann-150x150.jpg\",\"caption\":\"Flo Ostermann\"},\"description\":\"Journaliste\/R\u00e9dacteur depuis septembre 2015 - Mes premiers souvenirs dans le sport ? Les envol\u00e9es du Stade Toulousain et les duels Villeneuve-Schumacher et H\u00e4kkinen-Schumacher \u00e0 la fin des ann\u00e9es 90, la Coupe du monde de football en 1998, l\u2019exploit du XV de France face aux All Blacks en 1999, mais aussi Richard C\u0153ur de Lion qui vole sur les montagnes du Tour de France. Bien parti pour devenir professeur d\u2019EPS, les \u00e9v\u00e9nements de la vie (et la flemme d\u2019animer des s\u00e9ances de 3x500 m\u00e8tres toute ma vie) m\u2019ont conduit \u00e0 revoir mes plans. Me voil\u00e0 depuis fin 2017 sur Dicodusport, m\u00e9dia gr\u00e2ce (et pour) lequel je partage ma passion : le sport dans tous ses \u00e9tats. Le tout accompagn\u00e9 par les fous furieux et folles furieuses cit\u00e9s sur cette page !\",\"sameAs\":[\"https:\/\/www.facebook.com\/florent.ostermann\",\"https:\/\/x.com\/https:\/\/twitter.com\/FlOstermann\",\"admin\"],\"url\":\"https:\/\/dicodusport.fr\/blog\/author\/flo\/\"}]}<\/script>\n<!-- \/ Yoast SEO Premium plugin. -->","yoast_head_json":{"title":"Badminton - Mondiaux : il n'y a plus aucun Fran\u00e7ais en lice \u00e0 B\u00e2le","description":"La d\u00e9faite du double Anne Tran-Emilie Lefel a mis fin aux derniers espoirs fran\u00e7ais aux championnats du monde de badminton, \u00e0 B\u00e2le (Suisse).","robots":{"index":"index","follow":"follow","max-snippet":"max-snippet:-1","max-image-preview":"max-image-preview:large","max-video-preview":"max-video-preview:-1"},"canonical":"https:\/\/dicodusport.fr\/blog\/badminton-mondiaux-il-n-y-a-plus-aucun-francais-en-lice-a-bale\/","og_locale":"fr_FR","og_type":"article","og_title":"Badminton - Mondiaux : il n'y a plus aucun Fran\u00e7ais en lice \u00e0 B\u00e2le","og_description":"La d\u00e9faite du double Anne Tran-Emilie Lefel a mis fin aux derniers espoirs fran\u00e7ais aux championnats du monde de badminton, \u00e0 B\u00e2le (Suisse).","og_url":"https:\/\/dicodusport.fr\/blog\/badminton-mondiaux-il-n-y-a-plus-aucun-francais-en-lice-a-bale\/","og_site_name":"Dicodusport","article_publisher":"https:\/\/www.facebook.com\/dicodusport","article_author":"https:\/\/www.facebook.com\/florent.ostermann","article_published_time":"2019-08-21T16:28:14+00:00","article_modified_time":"2019-08-22T06:02:53+00:00","og_image":[{"width":800,"height":445,"url":"https:\/\/dicodusport.fr\/blog\/wp-content\/uploads\/2019\/08\/Thomas-Rouxel.png","type":"image\/png"}],"author":"Flo Ostermann","twitter_card":"summary_large_image","twitter_title":"Badminton - Mondiaux : il n'y a plus aucun Fran\u00e7ais en lice \u00e0 B\u00e2le","twitter_creator":"@https:\/\/twitter.com\/FlOstermann","twitter_site":"@dicodusport","schema":{"@context":"https:\/\/schema.org","@graph":[{"@type":"NewsArticle","@id":"https:\/\/dicodusport.fr\/blog\/badminton-mondiaux-il-n-y-a-plus-aucun-francais-en-lice-a-bale\/#article","isPartOf":{"@id":"https:\/\/dicodusport.fr\/blog\/badminton-mondiaux-il-n-y-a-plus-aucun-francais-en-lice-a-bale\/"},"author":{"name":"Flo Ostermann","@id":"https:\/\/dicodusport.fr\/blog\/#\/schema\/person\/cb02af4c173ce4a653b55e9baf388d4a"},"headline":"Badminton &#8211; Mondiaux : il n&rsquo;y a plus aucun Fran\u00e7ais en lice \u00e0 B\u00e2le","datePublished":"2019-08-21T16:28:14+00:00","dateModified":"2019-08-22T06:02:53+00:00","mainEntityOfPage":{"@id":"https:\/\/dicodusport.fr\/blog\/badminton-mondiaux-il-n-y-a-plus-aucun-francais-en-lice-a-bale\/"},"wordCount":240,"commentCount":0,"publisher":{"@id":"https:\/\/dicodusport.fr\/blog\/#organization"},"image":{"@id":"https:\/\/dicodusport.fr\/blog\/badminton-mondiaux-il-n-y-a-plus-aucun-francais-en-lice-a-bale\/#primaryimage"},"thumbnailUrl":"https:\/\/dicodusport.fr\/blog\/wp-content\/uploads\/2019\/08\/Thomas-Rouxel.png","keywords":["Badminton","Championnats du Monde"],"articleSection":["Sports de raquette"],"inLanguage":"fr-FR","potentialAction":[{"@type":"CommentAction","name":"Comment","target":["https:\/\/dicodusport.fr\/blog\/badminton-mondiaux-il-n-y-a-plus-aucun-francais-en-lice-a-bale\/#respond"]}],"copyrightYear":"2019","copyrightHolder":{"@id":"https:\/\/dicodusport.fr\/blog\/#organization"}},{"@type":"WebPage","@id":"https:\/\/dicodusport.fr\/blog\/badminton-mondiaux-il-n-y-a-plus-aucun-francais-en-lice-a-bale\/","url":"https:\/\/dicodusport.fr\/blog\/badminton-mondiaux-il-n-y-a-plus-aucun-francais-en-lice-a-bale\/","name":"Badminton - Mondiaux : il n'y a plus aucun Fran\u00e7ais en lice \u00e0 B\u00e2le","isPartOf":{"@id":"https:\/\/dicodusport.fr\/blog\/#website"},"primaryImageOfPage":{"@id":"https:\/\/dicodusport.fr\/blog\/badminton-mondiaux-il-n-y-a-plus-aucun-francais-en-lice-a-bale\/#primaryimage"},"image":{"@id":"https:\/\/dicodusport.fr\/blog\/badminton-mondiaux-il-n-y-a-plus-aucun-francais-en-lice-a-bale\/#primaryimage"},"thumbnailUrl":"https:\/\/dicodusport.fr\/blog\/wp-content\/uploads\/2019\/08\/Thomas-Rouxel.png","datePublished":"2019-08-21T16:28:14+00:00","dateModified":"2019-08-22T06:02:53+00:00","description":"La d\u00e9faite du double Anne Tran-Emilie Lefel a mis fin aux derniers espoirs fran\u00e7ais aux championnats du monde de badminton, \u00e0 B\u00e2le (Suisse).","breadcrumb":{"@id":"https:\/\/dicodusport.fr\/blog\/badminton-mondiaux-il-n-y-a-plus-aucun-francais-en-lice-a-bale\/#breadcrumb"},"inLanguage":"fr-FR","potentialAction":[{"@type":"ReadAction","target":["https:\/\/dicodusport.fr\/blog\/badminton-mondiaux-il-n-y-a-plus-aucun-francais-en-lice-a-bale\/"]}]},{"@type":"ImageObject","inLanguage":"fr-FR","@id":"https:\/\/dicodusport.fr\/blog\/badminton-mondiaux-il-n-y-a-plus-aucun-francais-en-lice-a-bale\/#primaryimage","url":"https:\/\/dicodusport.fr\/blog\/wp-content\/uploads\/2019\/08\/Thomas-Rouxel.png","contentUrl":"https:\/\/dicodusport.fr\/blog\/wp-content\/uploads\/2019\/08\/Thomas-Rouxel.png","width":800,"height":445},{"@type":"BreadcrumbList","@id":"https:\/\/dicodusport.fr\/blog\/badminton-mondiaux-il-n-y-a-plus-aucun-francais-en-lice-a-bale\/#breadcrumb","itemListElement":[{"@type":"ListItem","position":1,"name":"Accueil","item":"https:\/\/dicodusport.fr\/blog\/"},{"@type":"ListItem","position":2,"name":"Badminton &#8211; Mondiaux : il n&rsquo;y a plus aucun Fran\u00e7ais en lice \u00e0 B\u00e2le"}]},{"@type":"WebSite","@id":"https:\/\/dicodusport.fr\/blog\/#website","url":"https:\/\/dicodusport.fr\/blog\/","name":"Dicodusport","description":"L&#039;encyclop\u00e9die de l&#039;actualit\u00e9 sportive","publisher":{"@id":"https:\/\/dicodusport.fr\/blog\/#organization"},"potentialAction":[{"@type":"SearchAction","target":{"@type":"EntryPoint","urlTemplate":"https:\/\/dicodusport.fr\/blog\/?s={search_term_string}"},"query-input":{"@type":"PropertyValueSpecification","valueRequired":true,"valueName":"search_term_string"}}],"inLanguage":"fr-FR"},{"@type":"NewsMediaOrganization","@id":"https:\/\/dicodusport.fr\/blog\/#organization","name":"Dicodusport","url":"https:\/\/dicodusport.fr\/blog\/","logo":{"@type":"ImageObject","inLanguage":"fr-FR","@id":"https:\/\/dicodusport.fr\/blog\/#\/schema\/logo\/image\/","url":"https:\/\/dicodusport.fr\/blog\/wp-content\/uploads\/2020\/06\/cropped-LOGO-DICODUSPORT-2020-SANS-FOND-SANS-TEXTE.png","contentUrl":"https:\/\/dicodusport.fr\/blog\/wp-content\/uploads\/2020\/06\/cropped-LOGO-DICODUSPORT-2020-SANS-FOND-SANS-TEXTE.png","width":512,"height":512,"caption":"Dicodusport"},"image":{"@id":"https:\/\/dicodusport.fr\/blog\/#\/schema\/logo\/image\/"},"sameAs":["https:\/\/www.facebook.com\/dicodusport","https:\/\/x.com\/dicodusport","https:\/\/www.instagram.com\/dicodusport\/","https:\/\/www.youtube.com\/channel\/UC7V2KZ5sd3htJivAbA4ZG3w"],"description":"Dicodusport est l'encyclop\u00e9die de l'actualit\u00e9 sportive.","email":"bonjour@dicodusport.fr","legalName":"DICODUSPORT","foundingDate":"2018-01-14","vatID":"FR71834470973","taxID":"83447097300043","numberOfEmployees":{"@type":"QuantitativeValue","minValue":"1","maxValue":"10"}},{"@type":"Person","@id":"https:\/\/dicodusport.fr\/blog\/#\/schema\/person\/cb02af4c173ce4a653b55e9baf388d4a","name":"Flo Ostermann","image":{"@type":"ImageObject","inLanguage":"fr-FR","@id":"https:\/\/dicodusport.fr\/blog\/#\/schema\/person\/image\/","url":"https:\/\/dicodusport.fr\/blog\/wp-content\/uploads\/2021\/05\/Flo-Ostermann-150x150.jpg","contentUrl":"https:\/\/dicodusport.fr\/blog\/wp-content\/uploads\/2021\/05\/Flo-Ostermann-150x150.jpg","caption":"Flo Ostermann"},"description":"Journaliste\/R\u00e9dacteur depuis septembre 2015 - Mes premiers souvenirs dans le sport ? Les envol\u00e9es du Stade Toulousain et les duels Villeneuve-Schumacher et H\u00e4kkinen-Schumacher \u00e0 la fin des ann\u00e9es 90, la Coupe du monde de football en 1998, l\u2019exploit du XV de France face aux All Blacks en 1999, mais aussi Richard C\u0153ur de Lion qui vole sur les montagnes du Tour de France. Bien parti pour devenir professeur d\u2019EPS, les \u00e9v\u00e9nements de la vie (et la flemme d\u2019animer des s\u00e9ances de 3x500 m\u00e8tres toute ma vie) m\u2019ont conduit \u00e0 revoir mes plans. Me voil\u00e0 depuis fin 2017 sur Dicodusport, m\u00e9dia gr\u00e2ce (et pour) lequel je partage ma passion : le sport dans tous ses \u00e9tats. Le tout accompagn\u00e9 par les fous furieux et folles furieuses cit\u00e9s sur cette page !","sameAs":["https:\/\/www.facebook.com\/florent.ostermann","https:\/\/x.com\/https:\/\/twitter.com\/FlOstermann","admin"],"url":"https:\/\/dicodusport.fr\/blog\/author\/flo\/"}]}},"_links":{"self":[{"href":"https:\/\/dicodusport.fr\/blog\/wp-json\/wp\/v2\/posts\/46063","targetHints":{"allow":["GET"]}}],"collection":[{"href":"https:\/\/dicodusport.fr\/blog\/wp-json\/wp\/v2\/posts"}],"about":[{"href":"https:\/\/dicodusport.fr\/blog\/wp-json\/wp\/v2\/types\/post"}],"author":[{"embeddable":true,"href":"https:\/\/dicodusport.fr\/blog\/wp-json\/wp\/v2\/users\/4"}],"replies":[{"embeddable":true,"href":"https:\/\/dicodusport.fr\/blog\/wp-json\/wp\/v2\/comments?post=46063"}],"version-history":[{"count":0,"href":"https:\/\/dicodusport.fr\/blog\/wp-json\/wp\/v2\/posts\/46063\/revisions"}],"wp:featuredmedia":[{"embeddable":true,"href":"https:\/\/dicodusport.fr\/blog\/wp-json\/wp\/v2\/media\/46064"}],"wp:attachment":[{"href":"https:\/\/dicodusport.fr\/blog\/wp-json\/wp\/v2\/media?parent=46063"}],"wp:term":[{"taxonomy":"category","embeddable":true,"href":"https:\/\/dicodusport.fr\/blog\/wp-json\/wp\/v2\/categories?post=46063"},{"taxonomy":"post_tag","embeddable":true,"href":"https:\/\/dicodusport.fr\/blog\/wp-json\/wp\/v2\/tags?post=46063"}],"curies":[{"name":"wp","href":"https:\/\/api.w.org\/{rel}","templated":true}]}}