{"id":460674,"date":"2024-02-18T16:44:57","date_gmt":"2024-02-18T15:44:57","guid":{"rendered":"https:\/\/dicodusport.fr\/blog\/?p=460674&#038;preview=true&#038;preview_id=460674"},"modified":"2024-02-19T13:38:53","modified_gmt":"2024-02-19T12:38:53","slug":"athletisme-programme-et-resultats-championnats-de-france-en-salle-2024","status":"publish","type":"post","link":"https:\/\/dicodusport.fr\/blog\/athletisme-programme-et-resultats-championnats-de-france-en-salle-2024\/","title":{"rendered":"Athl\u00e9tisme &#8211; Programme et r\u00e9sultats Championnats de France en salle 2024"},"content":{"rendered":"<p style=\"text-align: justify;\"><strong><em><a href=\"https:\/\/dicodusport.fr\/definition-sport\/athletisme\/\" target=\"_blank\" rel=\"noopener\">ATHL\u00c9TISME<\/a> &#8211; Les Championnats de France \u00e9lite en salle ont lieu du samedi 17 au dimanche 18 f\u00e9vrier \u00e0 Miramas. Voici le programme et les r\u00e9sultats.<\/em><\/strong><\/p>\n<ul>\n<li style=\"text-align: justify;\"><strong>\u00c0 ce sujet &#8211; <a href=\"https:\/\/dicodusport.fr\/blog\/athletisme-les-tetes-daffiche-des-championnats-de-france-en-salle-2024\/\">Athl\u00e9tisme : Les t\u00eates d\u2019affiche des championnats de France en salle 2024<\/a><\/strong><\/li>\n<li style=\"text-align: justify;\"><strong>\u00c0 ce sujet &#8211; <a href=\"https:\/\/dicodusport.fr\/blog\/ch-de-france-athletisme-en-salle-5-athletes-qui-peuvent-faire-les-minima-pour-glasgow\/\">Ch. de France Athl\u00e9tisme en salle : 5 athl\u00e8tes qui peuvent faire les minima pour Glasgow<\/a><\/strong><\/li>\n<\/ul>\n<h3 style=\"text-align: justify;\">Retransmission<\/h3>\n<p style=\"text-align: justify;\">La comp\u00e9tition est \u00e0 suivre en int\u00e9gralit\u00e9 sur <strong><a href=\"https:\/\/athletv.fr\/sportitemset\/6582ee65282506f8bbf9e60e\" target=\"_blank\" rel=\"noopener\">Athl\u00e9 TV<\/a><\/strong> et sur le <a href=\"https:\/\/www.lequipe.fr\/tv\/\" target=\"_blank\" rel=\"noopener\"><strong>Live de L&rsquo;\u00c9quipe<\/strong><\/a> \u00e0 partir de 14h samedi et 13h30 dimanche. La comp\u00e9tition est \u00e9galement retransmise sur <strong>la cha\u00eene l&rsquo;Equipe<\/strong> samedi \u00e0 partir de 18h et en diff\u00e9r\u00e9 dimanche \u00e0 partir de 21h.<\/p>\n<h2 style=\"text-align: justify;\">Le programme complet<\/h2>\n<p style=\"text-align: justify;\"><div class=\"su-tabs su-tabs-style-default su-tabs-mobile-stack\" data-active=\"2\" data-scroll-offset=\"0\" data-anchor-in-url=\"no\"><div class=\"su-tabs-nav\"><span class=\"\" data-url=\"\" data-target=\"blank\" tabindex=\"0\" role=\"button\">Samedi 17 f\u00e9vrier<\/span><span class=\"\" data-url=\"\" data-target=\"blank\" tabindex=\"0\" role=\"button\">Dimanche 18 f\u00e9vrier<\/span><\/div><div class=\"su-tabs-panes\"><div class=\"su-tabs-pane su-u-clearfix su-u-trim\" data-title=\"Samedi 17 f\u00e9vrier\">\n<p><strong>10h : <\/strong><a href=\"https:\/\/bases.athle.fr\/asp.net\/liste.aspx?frmbase=directs&amp;frmmode=3&amp;frmcompetition=286835&amp;frmepreuve=5f362047-5866-4395-9be6-e3a09bb397dc\">heptathlon &#8211; 60 m<\/a><strong><br \/>\n<\/strong><strong>10h15 : <\/strong><a href=\"https:\/\/bases.athle.fr\/asp.net\/liste.aspx?frmbase=directs&amp;frmmode=3&amp;frmcompetition=286835&amp;frmepreuve=6ae38c77-6237-4a00-9ebf-e972dd06612e\">pentathlon &#8211; 60m haies<\/a><strong><br \/>\n10h45 : <\/strong><a href=\"https:\/\/bases.athle.fr\/asp.net\/liste.aspx?frmbase=directs&amp;frmmode=2&amp;frmcompetition=286835&amp;frmepreuve=999ed075-94b8-4ed1-ae03-c7ef00b757fc\">heptathlon &#8211; longueur<\/a><strong><br \/>\n11h15 :<\/strong> <a href=\"https:\/\/bases.athle.fr\/asp.net\/liste.aspx?frmbase=directs&amp;frmmode=2&amp;frmcompetition=286835&amp;frmepreuve=de9e8519-2690-478b-9ece-ac182667b0d6\">pentathlon &#8211; hauteur<\/a><strong><br \/>\n12h30 :<\/strong> <a href=\"https:\/\/bases.athle.fr\/asp.net\/liste.aspx?frmbase=directs&amp;frmmode=2&amp;frmcompetition=286835&amp;frmepreuve=7f78cf35-62af-4a0e-89bc-0f4fdac29a3e\">heptathlon &#8211; poids<\/a><strong><br \/>\n14h : <a href=\"https:\/\/bases.athle.fr\/asp.net\/liste.aspx?frmbase=directs&amp;frmmode=2&amp;frmcompetition=286835&amp;frmepreuve=314edd73-bcf6-41d4-b096-c69e074cc7a1\">finale triple saut F<\/a><br \/>\n14h15 : <\/strong><a href=\"https:\/\/bases.athle.fr\/asp.net\/liste.aspx?frmbase=directs&amp;frmmode=2&amp;frmcompetition=286835&amp;frmepreuve=e2eef1d8-5d0a-41c7-abfe-dfd305e25832\">pentathlon &#8211; poids<\/a><strong><br \/>\n14h30 : <\/strong><a href=\"https:\/\/bases.athle.fr\/asp.net\/liste.aspx?frmbase=directs&amp;frmmode=2&amp;frmcompetition=286835&amp;frmepreuve=14aed16a-b817-4ea3-8050-fe37293684a9\">heptathlon &#8211; hauteur<\/a><strong><br \/>\n15h20 : <\/strong><a href=\"https:\/\/bases.athle.fr\/asp.net\/liste.aspx?frmbase=directs&amp;frmmode=3&amp;frmcompetition=286835&amp;frmepreuve=9a716897-083f-4552-b75a-bcb006b000b8\">s\u00e9ries 800 m F<\/a><br \/>\n<strong>15h30 : <a href=\"https:\/\/bases.athle.fr\/asp.net\/liste.aspx?frmbase=directs&amp;frmmode=2&amp;frmcompetition=286835&amp;frmepreuve=a53c531f-26b2-42a5-85fa-320f8789ceed\">finale lancer du poids F<\/a><br \/>\n<\/strong><strong>15h35 :<\/strong> <a href=\"https:\/\/bases.athle.fr\/asp.net\/liste.aspx?frmbase=directs&amp;frmmode=3&amp;frmcompetition=286835&amp;frmepreuve=4564053a-f149-4ac9-8a88-990ffd106ddc\">s\u00e9ries 400 m H<\/a><br \/>\n<strong>16h05 : <\/strong><a href=\"https:\/\/bases.athle.fr\/asp.net\/liste.aspx?frmbase=directs&amp;frmmode=2&amp;frmcompetition=286835&amp;frmepreuve=7103c467-7d80-42e9-ac65-f7d8bca87d8a\">pentathlon &#8211; longueur<\/a><br \/>\n<strong>16h08 :<\/strong> <a href=\"https:\/\/bases.athle.fr\/asp.net\/liste.aspx?frmbase=directs&amp;frmmode=3&amp;frmcompetition=286835&amp;frmepreuve=7345706d-732f-4c05-810a-3ef532a28888\">s\u00e9ries 400 m F<\/a><br \/>\n<strong>16h10 : <a href=\"https:\/\/bases.athle.fr\/asp.net\/liste.aspx?frmbase=directs&amp;frmmode=2&amp;frmcompetition=286835&amp;frmepreuve=896ed70f-9aec-439c-acd7-f24ed88aef8c\">finale saut \u00e0 la perche F<\/a><\/strong><strong><br \/>\n16h40 : <\/strong><a href=\"https:\/\/bases.athle.fr\/asp.net\/liste.aspx?frmbase=directs&amp;frmmode=3&amp;frmcompetition=286835&amp;frmepreuve=46484c40-1e77-4328-b0d3-41b269e3cd02\">s\u00e9ries 800 m H<\/a><strong><br \/>\n16h55 : <a href=\"https:\/\/bases.athle.fr\/asp.net\/liste.aspx?frmbase=directs&amp;frmmode=2&amp;frmcompetition=286835&amp;frmepreuve=2190e5f7-7dbe-49d9-b5e4-4398449d35b6\">finale 3000 m F<\/a><br \/>\n<\/strong><strong>17h13 : <\/strong><a href=\"https:\/\/bases.athle.fr\/asp.net\/liste.aspx?frmbase=directs&amp;frmmode=3&amp;frmcompetition=286835&amp;frmepreuve=36c613cb-e88c-4701-91fa-f117c984a499\">s\u00e9ries 60 m haies F<\/a><br \/>\n<strong>17h15 : <\/strong><a href=\"https:\/\/bases.athle.fr\/asp.net\/liste.aspx?frmbase=directs&amp;frmmode=2&amp;frmcompetition=286835&amp;frmepreuve=7ebe9b0e-e101-4b9a-8607-ecaa20effdb5\"><strong>finale saut en hauteur F<\/strong><\/a><br \/>\n<strong>17h30 : <a href=\"https:\/\/bases.athle.fr\/asp.net\/liste.aspx?frmbase=directs&amp;frmmode=2&amp;frmcompetition=286835&amp;frmepreuve=900bcbe8-090e-4fd3-ba6d-7921cbab79e4\">finale saut en longueur H<\/a><br \/>\n17h30 : <\/strong><a href=\"https:\/\/bases.athle.fr\/asp.net\/liste.aspx?frmbase=directs&amp;frmmode=3&amp;frmcompetition=286835&amp;frmepreuve=4639e31f-f772-4eb2-bc8d-48a9391839cb\">s\u00e9ries 60 m F<\/a><br \/>\n<strong>17h45 : <\/strong><a href=\"https:\/\/bases.athle.fr\/asp.net\/liste.aspx?frmbase=directs&amp;frmmode=3&amp;frmcompetition=286835&amp;frmepreuve=75a17634-9ac7-4937-b516-42742c1e6430\">s\u00e9ries 60 m H<\/a><strong><br \/>\n<\/strong><strong>17h50 : <a href=\"https:\/\/bases.athle.fr\/asp.net\/liste.aspx?frmbase=directs&amp;frmmode=2&amp;frmcompetition=286835&amp;frmepreuve=4c1e06ad-7617-4107-86da-054d987aca03\">finale lancer du poids H<\/a><br \/>\n18h : pentathlon &#8211; <a href=\"https:\/\/bases.athle.fr\/asp.net\/liste.aspx?frmbase=directs&amp;frmmode=2&amp;frmcompetition=286835&amp;frmepreuve=1fb33f8d-2fa7-4e3a-a03a-c0b2d73aa214\">800 m<\/a> &#8211; <a href=\"https:\/\/bases.athle.fr\/asp.net\/liste.aspx?frmbase=directs&amp;frmmode=2&amp;frmcompetition=286835&amp;frmepreuve=0c69a2cf-4e5c-4f27-b284-5875cbef14f2\">Totaux<\/a><br \/>\n18h10 : <a href=\"https:\/\/bases.athle.fr\/asp.net\/liste.aspx?frmbase=directs&amp;frmmode=2&amp;frmcompetition=286835&amp;frmepreuve=31c9c185-929a-4eff-9330-3cca31127b75\">finale 3000 m H<\/a><br \/>\n18h25 : <a href=\"https:\/\/bases.athle.fr\/asp.net\/liste.aspx?frmbase=directs&amp;frmmode=2&amp;frmcompetition=286835&amp;frmepreuve=b45e846a-dbe7-44fe-97c0-7fb6ab749a29\">finale 60 m haies F<\/a><br \/>\n18h35 : <a href=\"https:\/\/bases.athle.fr\/asp.net\/liste.aspx?frmbase=directs&amp;frmmode=2&amp;frmcompetition=286835&amp;frmepreuve=5abc6565-d00d-42a9-8e54-cc7743e51504\">finale 60 m F<\/a><br \/>\n18h42 : <a href=\"https:\/\/bases.athle.fr\/asp.net\/liste.aspx?frmbase=directs&amp;frmmode=2&amp;frmcompetition=286835&amp;frmepreuve=ad486f55-bb9d-4b33-b245-687682b4f13a\">finale 60 m H<\/a><br \/>\n<\/strong><\/p>\n<ul>\n<li><a href=\"https:\/\/dicodusport.fr\/blog\/athletisme-championnats-de-france-salle-gletty-erius-samba-mayela-ce-quil-faut-retenir-de-la-1ere-journee\/\" target=\"_blank\" rel=\"noopener\"><strong>Le r\u00e9sum\u00e9 de la journ\u00e9e<\/strong><\/a><\/li>\n<\/ul>\n<\/div>\n<div class=\"su-tabs-pane su-u-clearfix su-u-trim\" data-title=\"Dimanche 18 f\u00e9vrier\">\n<p style=\"text-align: justify;\"><strong>10h : <\/strong><a href=\"https:\/\/bases.athle.fr\/asp.net\/liste.aspx?frmbase=directs&amp;frmmode=3&amp;frmcompetition=286835&amp;frmepreuve=b2c0ab5f-a439-4965-95a8-fe6160e6d33b\">heptathlon &#8211; 60 m haies<\/a><strong><br \/>\n11h : <\/strong><a href=\"https:\/\/bases.athle.fr\/asp.net\/liste.aspx?frmbase=directs&amp;frmmode=2&amp;frmcompetition=286835&amp;frmepreuve=61f2e60b-3114-4f8e-a2db-e6a9c5845586\">heptathlon &#8211; perche<\/a><strong><br \/>\n13h30 : <a href=\"https:\/\/bases.athle.fr\/asp.net\/liste.aspx?frmbase=directs&amp;frmmode=2&amp;frmcompetition=286835&amp;frmepreuve=845bc5e0-8f65-45b2-b8dc-6fe0a70fc658\">finale saut en longueur F<\/a><br \/>\n<\/strong><strong>13h40 : <\/strong><a href=\"https:\/\/bases.athle.fr\/asp.net\/liste.aspx?frmbase=directs&amp;frmmode=3&amp;frmcompetition=286835&amp;frmepreuve=0261d505-e0b8-44b1-ab7f-189cba870564\">s\u00e9ries 200 m H<\/a><strong><br \/>\n14h15 : <\/strong><a href=\"https:\/\/bases.athle.fr\/asp.net\/liste.aspx?frmbase=directs&amp;frmmode=3&amp;frmcompetition=286835&amp;frmepreuve=09d4ef12-78fe-4ca9-8f42-9997813a1db4\">s\u00e9ries 200 m F<\/a><strong><br \/>\n14h20 : <a href=\"https:\/\/bases.athle.fr\/asp.net\/liste.aspx?frmbase=directs&amp;frmmode=2&amp;frmcompetition=286835&amp;frmepreuve=d44d1b32-afe1-4506-845a-f2453ab7c6b0\">finale saut \u00e0 la perche H<\/a><br \/>\n14h50 : <a href=\"https:\/\/bases.athle.fr\/asp.net\/liste.aspx?frmbase=directs&amp;frmmode=2&amp;frmcompetition=286835&amp;frmepreuve=a8ec7446-ac92-40a8-b66a-26be339c6f2f\">finale 1500 m F<\/a><br \/>\n14h55 : <a href=\"https:\/\/bases.athle.fr\/asp.net\/liste.aspx?frmbase=directs&amp;frmmode=2&amp;frmcompetition=286835&amp;frmepreuve=cb4bcd5b-0ac8-41ce-be0b-46f2a7740c83\">finale saut en hauteur H<\/a><br \/>\n15h05 : heptathlon &#8211; <a href=\"https:\/\/bases.athle.fr\/asp.net\/liste.aspx?frmbase=directs&amp;frmmode=2&amp;frmcompetition=286835&amp;frmepreuve=9c029215-cf16-4d19-869b-2a46b9b8ffe2\">1000 m<\/a> &#8211; <a href=\"https:\/\/bases.athle.fr\/asp.net\/liste.aspx?frmbase=directs&amp;frmmode=2&amp;frmcompetition=286835&amp;frmepreuve=99b78e64-0589-4c9b-86d4-391e1f8ae64b\">Totaux<\/a><br \/>\n15h15 : <a href=\"https:\/\/bases.athle.fr\/asp.net\/liste.aspx?frmbase=directs&amp;frmmode=2&amp;frmcompetition=286835&amp;frmepreuve=c51d9f71-31e2-4629-9d2d-6cc3c99a6cb9\">finale 400 m H<\/a><br \/>\n<\/strong><strong>15h25 : <a href=\"https:\/\/bases.athle.fr\/asp.net\/liste.aspx?frmbase=directs&amp;frmmode=2&amp;frmcompetition=286835&amp;frmepreuve=b0a7c42c-d39e-42bc-a893-d4b9bd343517\">finale 800 m F<\/a><br \/>\n15h30 : <a href=\"https:\/\/bases.athle.fr\/asp.net\/liste.aspx?frmbase=directs&amp;frmmode=2&amp;frmcompetition=286835&amp;frmepreuve=29bab649-9257-4486-851a-f6a1539dc15a\">finale triple saut H<\/a><br \/>\n15h35 : <\/strong><a href=\"https:\/\/bases.athle.fr\/asp.net\/liste.aspx?frmbase=directs&amp;frmmode=2&amp;frmcompetition=286835&amp;frmepreuve=5a3310bb-da42-4e91-ac26-2a430898ff59\">s\u00e9ries 60 m haies H<\/a><strong><br \/>\n15h55 : <a href=\"https:\/\/bases.athle.fr\/asp.net\/liste.aspx?frmbase=directs&amp;frmmode=2&amp;frmcompetition=286835&amp;frmepreuve=c1e2b9e9-56f3-413f-a21a-571ce1acb168\">finale 1500 m H<\/a><br \/>\n16h05 : <a href=\"https:\/\/bases.athle.fr\/asp.net\/liste.aspx?frmbase=directs&amp;frmmode=2&amp;frmcompetition=286835&amp;frmepreuve=9d84de53-a35f-45ec-bf12-b9911cb52106\">finale 400 m F<\/a><br \/>\n16h15 :<\/strong> <strong><a href=\"https:\/\/bases.athle.fr\/asp.net\/liste.aspx?frmbase=directs&amp;frmmode=2&amp;frmcompetition=286835&amp;frmepreuve=622e3e3d-264c-4748-91e3-d9887dc0e161\">finale 200 m H<\/a><br \/>\n<\/strong><strong>16h25 : <a href=\"https:\/\/bases.athle.fr\/asp.net\/liste.aspx?frmbase=directs&amp;frmmode=2&amp;frmcompetition=286835&amp;frmepreuve=6713a1a1-90f6-43c3-ad7b-cb474077963b\">finale 800 m H<\/a><br \/>\n16h35 : <a href=\"https:\/\/bases.athle.fr\/asp.net\/liste.aspx?frmbase=directs&amp;frmmode=2&amp;frmcompetition=286835&amp;frmepreuve=512b67b2-9998-4889-ae30-b98c3d55e836\">finale 200 m F<\/a><br \/>\n16h45 : <a href=\"https:\/\/bases.athle.fr\/asp.net\/liste.aspx?frmbase=directs&amp;frmmode=2&amp;frmcompetition=286835&amp;frmepreuve=3ea0d0db-9ac5-4bda-97de-8c6a593cd41c\">finale 60 m haies H<\/a><br \/>\n<\/strong><\/p>\n<ul>\n<li><a title=\"Athl\u00e9tisme Championnats de France (salle) : Les favoris ont r\u00e9pondu pr\u00e9sent lors de la 2\u00e8me journ\u00e9e\" href=\"https:\/\/dicodusport.fr\/blog\/athletisme-championnats-de-france-salle-les-favoris-ont-repondu-present-lors-de-la-2eme-journee\/\" target=\"_blank\" rel=\"noopener\"><strong>Le r\u00e9sum\u00e9 de la journ\u00e9e<\/strong><\/a><\/li>\n<\/ul>\n<p style=\"text-align: justify;\"><\/div><\/div><\/div>\n<p>&nbsp;<\/p>\n<h2>Podiums<\/h2>\n<h3 style=\"text-align: justify;\">Femmes<\/h3>\n<div class=\"su-table su-table-alternate\">\n<table style=\"width: 800px;border-collapse: collapse\">\n<tbody>\n<tr>\n<td style=\"text-align: center;width: 200px;vertical-align: middle\"><strong>\u00c9preuves<\/strong><\/td>\n<td style=\"background-color: #fff242;text-align: center;width: 200px;vertical-align: middle\"><strong>\ud83e\udd47 Or<\/strong><\/td>\n<td style=\"background-color: #a8a8a8;text-align: center;width: 200px;vertical-align: middle\"><strong>\ud83e\udd48 Argent<\/strong><\/td>\n<td style=\"background-color: #c97159;text-align: center;width: 200px;vertical-align: middle\"><strong>\ud83e\udd49 Bronze<\/strong><\/td>\n<\/tr>\n<tr>\n<td style=\"text-align: center;width: 200px;vertical-align: middle\"><strong>60 m<\/strong><\/td>\n<td style=\"text-align: center;width: 200px;vertical-align: middle\">\ud83c\uddeb\ud83c\uddf7 <strong>Orlann Oli\u00e8re<br \/>\n7.21<\/strong><\/td>\n<td style=\"text-align: center;width: 200px;vertical-align: middle\">\ud83c\uddeb\ud83c\uddf7 Mallory Leconte<br \/>\n7.28<\/td>\n<td style=\"text-align: center;width: 200px;vertical-align: middle\">\ud83c\uddeb\ud83c\uddf7 Chlo\u00e9 Galet<br \/>\n7.31<\/td>\n<\/tr>\n<tr>\n<td style=\"text-align: center;width: 200px;vertical-align: middle\"><strong>200 m<\/strong><\/td>\n<td style=\"text-align: center;width: 200px;vertical-align: middle\">\ud83c\uddeb\ud83c\uddf7 <strong>Pamera Losange<br \/>\n23.59 PB<\/strong><\/td>\n<td style=\"text-align: center;width: 200px;vertical-align: middle\">\ud83c\uddeb\ud83c\uddf7 Maroussia Par\u00e9<br \/>\n23.66 <strong>SB<\/strong><\/td>\n<td style=\"text-align: center;width: 200px;vertical-align: middle\">\ud83c\uddeb\ud83c\uddf7 Diana Iscaye<br \/>\n24.00 <strong>SB<\/strong><\/td>\n<\/tr>\n<tr>\n<td style=\"text-align: center;width: 200px;vertical-align: middle\"><strong>400 m<\/strong><\/td>\n<td style=\"width: 200px;text-align: center;vertical-align: middle\">\ud83c\uddeb\ud83c\uddf7 <strong>Amandine Brossier<br \/>\n<\/strong><strong>51.69<\/strong><\/td>\n<td style=\"width: 200px;text-align: center;vertical-align: middle\">\ud83c\uddeb\ud83c\uddf7 Louise Maraval<br \/>\n52.00 <strong>PB<\/strong><\/td>\n<td style=\"width: 200px;text-align: center;vertical-align: middle\">\ud83c\uddeb\ud83c\uddf7 Camille Seri<br \/>\n52.18 <strong>PB<\/strong><\/td>\n<\/tr>\n<tr>\n<td style=\"text-align: center;width: 200px;vertical-align: middle\"><strong>800 m<\/strong><\/td>\n<td style=\"text-align: center;width: 200px;vertical-align: middle\">\ud83c\uddeb\ud83c\uddf7 <strong>Ana\u00efs Bourgoin<br \/>\n2:02.05<\/strong><\/td>\n<td style=\"text-align: center;width: 200px;vertical-align: middle\">\ud83c\uddeb\ud83c\uddf7 L\u00e9na Kandissounon<br \/>\n2:02.24 <strong>SB<\/strong><\/td>\n<td style=\"text-align: center;width: 200px;vertical-align: middle\">\ud83c\uddeb\ud83c\uddf7 Clara Liberman<br \/>\n2:03.07 <strong>PB<\/strong><\/td>\n<\/tr>\n<tr>\n<td style=\"text-align: center;width: 200px;vertical-align: middle\"><strong>1500 m<\/strong><\/td>\n<td style=\"text-align: center;width: 200px;vertical-align: middle\">\ud83c\uddeb\ud83c\uddf7 <strong>Agathe Guillemot<br \/>\n4:16.41<\/strong><\/td>\n<td style=\"text-align: center;width: 200px;vertical-align: middle\">\ud83c\uddeb\ud83c\uddf7 Charlotte Mouchet<br \/>\n4:18.60 <strong>PB<\/strong><\/td>\n<td style=\"text-align: center;width: 200px;vertical-align: middle\">\ud83c\uddeb\ud83c\uddf7 Philippine De La Bigne<br \/>\n4:19.31<\/td>\n<\/tr>\n<tr>\n<td style=\"text-align: center;width: 200px;vertical-align: middle\"><strong>3000 m<\/strong><\/td>\n<td style=\"text-align: center;width: 200px;vertical-align: middle\">\ud83c\uddeb\ud83c\uddf7 <strong>Alice Finot<br \/>\n9:06.18 SB<\/strong><\/td>\n<td style=\"text-align: center;width: 200px;vertical-align: middle\">\ud83c\uddeb\ud83c\uddf7 Lise Thimon<br \/>\n9:11.10<\/td>\n<td style=\"text-align: center;width: 200px;vertical-align: middle\">\ud83c\uddeb\ud83c\uddf7 Amal Bouyij<br \/>\n9:13.48 <strong>PB<\/strong><\/td>\n<\/tr>\n<tr>\n<td style=\"text-align: center;width: 200px;vertical-align: middle\"><strong>60 m haies<\/strong><\/td>\n<td style=\"text-align: center;width: 200px;vertical-align: middle\">\ud83c\uddeb\ud83c\uddf7 <strong>Cyr\u00e9na Samba-Mayela<br \/>\n7.87 SB MPF<\/strong><\/td>\n<td style=\"text-align: center;width: 200px;vertical-align: middle\">\ud83c\uddeb\ud83c\uddf7 La\u00ebticia Bapt\u00e9<br \/>\n7.94 <strong>SB<\/strong><\/td>\n<td style=\"text-align: center;width: 200px;vertical-align: middle\">\ud83c\uddeb\ud83c\uddf7 Solenn Compper<br \/>\n8.00 <strong>SB<\/strong><\/td>\n<\/tr>\n<tr>\n<td style=\"text-align: center;width: 200px;vertical-align: middle\"><strong>Saut en hauteur<\/strong><\/td>\n<td style=\"text-align: center;width: 200px;vertical-align: middle\">\ud83c\uddeb\ud83c\uddf7 <strong>Sol\u00e8ne Gicquel<br \/>\n1.86 m<\/strong><\/td>\n<td style=\"text-align: center;width: 200px;vertical-align: middle\">\ud83c\uddeb\ud83c\uddf7 Lola Picard<br \/>\n1.86 m <strong>PB<\/strong><\/td>\n<td style=\"text-align: center;width: 200px;vertical-align: middle\">\ud83c\uddeb\ud83c\uddf7 Fatoumata Balley<br \/>\n1.83 m<br \/>\n\ud83c\uddeb\ud83c\uddf7 Laureen Maxwell<br \/>\n1.83 m<strong> SB MPF ES<\/strong><\/td>\n<\/tr>\n<tr>\n<td style=\"text-align: center;width: 200px;vertical-align: middle\"><strong>Saut \u00e0 la perche<\/strong><\/td>\n<td style=\"text-align: center;width: 200px;vertical-align: middle\">\ud83c\uddeb\ud83c\uddf7 <strong>Margot Chevrier<br \/>\n4.66 m SB<\/strong> <strong>RCH MPF<\/strong><\/td>\n<td style=\"text-align: center;width: 200px;vertical-align: middle\">\ud83c\uddeb\ud83c\uddf7 Ninon Chapelle<br \/>\n4.50 m<\/td>\n<td style=\"text-align: center;width: 200px;vertical-align: middle\">\ud83c\uddeb\ud83c\uddf7Marie-Julie Bonnin<br \/>\n4.40 m <strong>SB<\/strong><\/td>\n<\/tr>\n<tr>\n<td style=\"text-align: center;width: 200px;vertical-align: middle\"><strong>Saut en longueur<\/strong><\/td>\n<td style=\"text-align: center;width: 200px;vertical-align: middle\">\ud83c\uddeb\ud83c\uddf7 <strong>Angelica Berriot<br \/>\n6.55 m PB<\/strong><\/td>\n<td style=\"text-align: center;width: 200px;vertical-align: middle\">\ud83c\uddeb\ud83c\uddf7 Rougui Sow<br \/>\n6.54 m<\/td>\n<td style=\"text-align: center;width: 200px;vertical-align: middle\">\ud83c\uddeb\ud83c\uddf7 Eloyse Lesueur-Aymonin<br \/>\n6.38 m<\/td>\n<\/tr>\n<tr>\n<td style=\"text-align: center;width: 200px;vertical-align: middle\"><strong>Triple saut<\/strong><\/td>\n<td style=\"text-align: center;width: 200px;vertical-align: middle\">\ud83c\uddeb\ud83c\uddf7 <strong>Ilionis Guillaume<br \/>\n14.11 m PB<\/strong><\/td>\n<td style=\"text-align: center;width: 200px;vertical-align: middle\">\ud83c\uddeb\ud83c\uddf7 Cl\u00e9mence Rougier<br \/>\n13.62 m <strong>SB<\/strong><\/td>\n<td style=\"text-align: center;width: 200px;vertical-align: middle\">\ud83c\uddeb\ud83c\uddf7 Rouguy Diallo<br \/>\n13.57 m<\/td>\n<\/tr>\n<tr>\n<td style=\"text-align: center;width: 200px;vertical-align: middle\"><strong>Lancer du poids<\/strong><\/td>\n<td style=\"text-align: center;width: 200px;vertical-align: middle\">\ud83c\uddeb\ud83c\uddf7 <strong>Amanda Ngandu-Ntumba<br \/>\n16.61 m PB MPF<\/strong><\/td>\n<td style=\"text-align: center;width: 200px;vertical-align: middle\">\ud83c\uddeb\ud83c\uddf7 Christine Gavarin<br \/>\n15.99 m <strong>PB<\/strong><\/td>\n<td style=\"text-align: center;width: 200px;vertical-align: middle\">\ud83c\uddeb\ud83c\uddf7 Naomie Wuta<br \/>\n15.06 m <strong>SB<\/strong><\/td>\n<\/tr>\n<tr>\n<td style=\"text-align: center;width: 200px;vertical-align: middle\"><strong>Pentathlon<\/strong><\/td>\n<td style=\"text-align: center;width: 200px;vertical-align: middle\">\ud83c\uddeb\ud83c\uddf7 <strong>Odile Ahouanwanou<br \/>\n4449 pts SB MPF<\/strong><\/td>\n<td style=\"text-align: center;width: 200px;vertical-align: middle\">\ud83c\uddeb\ud83c\uddf7 C\u00e9lia Perron<br \/>\n4423 pts<\/td>\n<td style=\"text-align: center;width: 200px;vertical-align: middle\">\ud83c\uddeb\ud83c\uddf7 Maylis Darriet<br \/>\n4219 pts <strong>PB<\/strong><\/td>\n<\/tr>\n<\/tbody>\n<\/table>\n<\/div>\n<p><span style=\"font-size: 14px;\"><em>PB : Record personnel<br \/>\nRCH : Record des Championnats<br \/>\nSB : Meilleure performance personnelle de la saison<br \/>\nMPF : Meilleure performance fran\u00e7aise de la saison<\/em><\/span><span style=\"font-size: 14px;\"><em><br \/>\nMPF ES : Meilleure performance fran\u00e7aise espoir de la saison<br \/>\n<\/em><\/span><\/p>\n<h3 style=\"text-align: justify;\">Hommes<\/h3>\n<div class=\"su-table su-table-alternate\">\n<table style=\"width: 800px;border-collapse: collapse\">\n<tbody>\n<tr>\n<td style=\"text-align: center;width: 200px;vertical-align: middle\"><strong>\u00c9preuves<\/strong><\/td>\n<td style=\"background-color: #fff242;text-align: center;width: 200px;vertical-align: middle\"><strong>\ud83e\udd47 Or<\/strong><\/td>\n<td style=\"background-color: #a8a8a8;text-align: center;width: 200px;vertical-align: middle\"><strong>\ud83e\udd48 Argent<\/strong><\/td>\n<td style=\"background-color: #c97159;text-align: center;width: 200px;vertical-align: middle\"><strong>\ud83e\udd49 Bronze<\/strong><\/td>\n<\/tr>\n<tr>\n<td style=\"text-align: center;width: 200px;vertical-align: middle\"><strong>60 m<\/strong><\/td>\n<td style=\"text-align: center;width: 200px;vertical-align: middle\">\ud83c\uddeb\ud83c\uddf7 <strong>Jeff Erius<br \/>\n6.58 PB MPF MPF ES<\/strong><\/td>\n<td style=\"text-align: center;width: 200px;vertical-align: middle\">\ud83c\uddeb\ud83c\uddf7 Antoine Thoraval<br \/>\n6.64<\/td>\n<td style=\"text-align: center;width: 200px;vertical-align: middle\">\ud83c\uddeb\ud83c\uddf7 Allan Lagui<br \/>\n6.65 <strong>PB<\/strong><\/td>\n<\/tr>\n<tr>\n<td style=\"text-align: center;width: 200px;vertical-align: middle\"><strong>200 m<\/strong><\/td>\n<td style=\"text-align: center;width: 200px;vertical-align: middle\">\ud83c\uddeb\ud83c\uddf7 <strong>Hachim Maaroufou<br \/>\n20.97<\/strong><\/td>\n<td style=\"text-align: center;width: 200px;vertical-align: middle\">\ud83c\uddeb\ud83c\uddf7 Th\u00e9o Schaub<br \/>\n21.23<\/td>\n<td style=\"text-align: center;width: 200px;vertical-align: middle\">\ud83c\uddeb\ud83c\uddf7 Maxime Lancelot<br \/>\n21.57<\/td>\n<\/tr>\n<tr>\n<td style=\"text-align: center;width: 200px;vertical-align: middle\"><strong>400 m<\/strong><\/td>\n<td style=\"text-align: center;width: 200px;vertical-align: middle\">\ud83c\uddeb\ud83c\uddf7 <strong>Thomas Jordier<br \/>\n46.06 PB MPF<\/strong><\/td>\n<td style=\"text-align: center;width: 200px;vertical-align: middle\">\ud83c\uddeb\ud83c\uddf7 Yann Spillmann<br \/>\n46.65<\/td>\n<td style=\"text-align: center;width: 200px;vertical-align: middle\">\ud83c\uddeb\ud83c\uddf7 Jordan Terrasse<br \/>\n47.74<\/td>\n<\/tr>\n<tr>\n<td style=\"text-align: center;width: 200px;vertical-align: middle\"><strong>800 m<\/strong><\/td>\n<td style=\"text-align: center;width: 200px;vertical-align: middle\">\ud83c\uddeb\ud83c\uddf7 <strong>Benjamin Robert<br \/>\n1:50.87<\/strong><\/td>\n<td style=\"text-align: center;width: 200px;vertical-align: middle\">\ud83c\uddeb\ud83c\uddf7 Corentin Le Clezio<br \/>\n1:51.46<\/td>\n<td style=\"text-align: center;width: 200px;vertical-align: middle\">\ud83c\uddeb\ud83c\uddf7 Louey Ouerrat<br \/>\n1:52.11<\/td>\n<\/tr>\n<tr>\n<td style=\"text-align: center;width: 200px;vertical-align: middle\"><strong>1500 m<\/strong><\/td>\n<td style=\"text-align: center;width: 200px;vertical-align: middle\">\ud83c\uddeb\ud83c\uddf7 <strong>Azeddine Habz<br \/>\n3:38.07<\/strong><\/td>\n<td style=\"width: 200px;text-align: center;vertical-align: middle\">\ud83c\uddeb\ud83c\uddf7 Ma\u00ebl Gouyette<br \/>\n3:39.77<\/td>\n<td style=\"width: 200px;text-align: center;vertical-align: middle\">\ud83c\uddeb\ud83c\uddf7 Benoit Campion<br \/>\n3:40.12<\/td>\n<\/tr>\n<tr>\n<td style=\"text-align: center;width: 200px;vertical-align: middle\"><strong>\u00a03000 m<\/strong><\/td>\n<td style=\"text-align: center;width: 200px;vertical-align: middle\">\ud83c\uddeb\ud83c\uddf7 <strong>Romain Mornet<br \/>\n8:00.29<\/strong><\/td>\n<td style=\"width: 200px;text-align: center;vertical-align: middle\">\ud83c\uddeb\ud83c\uddf7 Simon B\u00e9dard<br \/>\n8:00.74<\/td>\n<td style=\"width: 200px;text-align: center;vertical-align: middle\">\ud83c\uddeb\ud83c\uddf7 Nicolas-Marie Daru<br \/>\n8:00.86 <strong>PB<\/strong><\/td>\n<\/tr>\n<tr>\n<td style=\"text-align: center;width: 200px;vertical-align: middle\"><strong>60 m haies<\/strong><\/td>\n<td style=\"text-align: center;width: 200px;vertical-align: middle\">\ud83c\uddeb\ud83c\uddf7 <strong>Wilhem Belocian<br \/>\n7.44 SB<\/strong><\/td>\n<td style=\"text-align: center;width: 200px;vertical-align: middle\">\ud83c\uddeb\ud83c\uddf7 Just Kwaou-Mathey<br \/>\n7.45<\/td>\n<td style=\"text-align: center;width: 200px;vertical-align: middle\">\ud83c\uddeb\ud83c\uddf7 Dimitri Bascou<br \/>\n7.65 <strong>SB<\/strong><\/td>\n<\/tr>\n<tr>\n<td style=\"text-align: center;width: 200px;vertical-align: middle\"><strong>Saut en hauteur<\/strong><\/td>\n<td style=\"text-align: center;width: 200px;vertical-align: middle\">\ud83c\uddeb\ud83c\uddf7 <strong>Taylor Minios<br \/>\n2.18 m SB<\/strong><\/td>\n<td style=\"text-align: center;width: 200px;vertical-align: middle\">\ud83c\uddeb\ud83c\uddf7 Paul Metayer<br \/>\n2.15 m<strong> SB MPF ES<\/strong><\/td>\n<td style=\"text-align: center;width: 200px;vertical-align: middle\">\ud83c\uddeb\ud83c\uddf7 Nathan Ismar<br \/>\n2.15 m<\/td>\n<\/tr>\n<tr>\n<td style=\"text-align: center;width: 200px;vertical-align: middle\"><strong>Saut \u00e0 la perche<\/strong><\/td>\n<td style=\"text-align: center;width: 200px;vertical-align: middle\">\ud83c\uddeb\ud83c\uddf7 <strong>Thibaut Collet<br \/>\n5.76 m<\/strong><\/td>\n<td style=\"text-align: center;width: 200px;vertical-align: middle\">\ud83c\uddeb\ud83c\uddf7 Anthony Ammirati<br \/>\n5.70 m <strong>SB MPF ES<\/strong><\/td>\n<td style=\"text-align: center;width: 200px;vertical-align: middle\">\ud83c\uddeb\ud83c\uddf7 Alioune S\u00e8ne<br \/>\n5.64 m SB<\/td>\n<\/tr>\n<tr>\n<td style=\"text-align: center;width: 200px;vertical-align: middle\"><strong>Saut en longueur<\/strong><\/td>\n<td style=\"text-align: center;width: 200px;vertical-align: middle\">\ud83c\uddeb\ud83c\uddf7 <strong>Erwan Konat\u00e9<br \/>\n7.97 m<\/strong><\/td>\n<td style=\"text-align: center;width: 200px;vertical-align: middle\">\ud83c\uddeb\ud83c\uddf7 Titouan Bizet<br \/>\n7.67 m <strong>PB<\/strong><\/td>\n<td style=\"text-align: center;width: 200px;vertical-align: middle\">\ud83c\uddeb\ud83c\uddf7 Tom Campagne<br \/>\n7.60 m<\/td>\n<\/tr>\n<tr>\n<td style=\"text-align: center;width: 200px;vertical-align: middle\"><strong>Triple saut<\/strong><\/td>\n<td style=\"text-align: center;width: 200px;vertical-align: middle\">\ud83c\uddeb\ud83c\uddf7 <strong>Jean-Marc Pontvianne<br \/>\n16.71 m<\/strong><\/td>\n<td style=\"text-align: center;width: 200px;vertical-align: middle\">\ud83c\uddeb\ud83c\uddf7 Br\u00e9val Raoult<br \/>\n16.23 m <strong>PB<\/strong><\/td>\n<td style=\"text-align: center;width: 200px;vertical-align: middle\">\ud83c\uddeb\ud83c\uddf7 Yoann Awhansou<br \/>\n15.87 m<\/td>\n<\/tr>\n<tr>\n<td style=\"text-align: center;width: 200px;vertical-align: middle\"><strong>Lancer du poids<\/strong><\/td>\n<td style=\"text-align: center;width: 200px;vertical-align: middle\">\ud83c\uddeb\ud83c\uddf7 <strong>Fr\u00e9d\u00e9ric Dag\u00e9e<br \/>\n19.90 m SB MPF<\/strong><\/td>\n<td style=\"text-align: center;width: 200px;vertical-align: middle\">\ud83c\uddeb\ud83c\uddf7 Franck Elemba Owaka<br \/>\n19.48 m <strong>SB<\/strong><\/td>\n<td style=\"text-align: center;width: 200px;vertical-align: middle\">\ud83c\uddeb\ud83c\uddf7 Stephen Louis Mailagi<br \/>\n19.12 m <strong>PB<\/strong><\/td>\n<\/tr>\n<tr>\n<td style=\"text-align: center;width: 200px;vertical-align: middle\"><strong>Heptathlon<\/strong><\/td>\n<td style=\"text-align: center;width: 200px;vertical-align: middle\">\ud83c\uddeb\ud83c\uddf7 <strong>Bastien Auzeil<br \/>\n<\/strong><strong>5663 pts SB<\/strong><\/td>\n<td style=\"text-align: center;width: 200px;vertical-align: middle\">\ud83c\uddeb\ud83c\uddf7 Matthieu Gudet<br \/>\n5647 pts <strong>PB<\/strong><\/td>\n<td style=\"text-align: center;width: 200px;vertical-align: middle\">\ud83c\uddeb\ud83c\uddf7 Maxime Moitie-Charnois<br \/>\n5566 pts<\/td>\n<\/tr>\n<\/tbody>\n<\/table>\n<\/div>\n<p><span style=\"font-size: 14px;\"><em>PB : Record personnel<br \/>\nSB : Meilleure performance personnelle de la saison<br \/>\nMPF : Meilleure performance fran\u00e7aise de la saison<\/em><\/span><br \/>\n<span style=\"font-size: 14px;\"><em>MPF ES : Meilleure performance fran\u00e7aise espoir de la saison<\/em><\/span><\/p>\n","protected":false},"excerpt":{"rendered":"<p>ATHL\u00c9TISME &#8211; Les Championnats de France \u00e9lite en salle ont lieu du samedi 18 au dimanche 19 f\u00e9vrier \u00e0 Aubi\u00e8re. Voici le programme et les r\u00e9sultats.<\/p>\n","protected":false},"author":12,"featured_media":462449,"comment_status":"open","ping_status":"closed","sticky":false,"template":"","format":"standard","meta":{"_acf_changed":false,"_daextam_enable_autolinks":"1","footnotes":""},"categories":[2308],"tags":[143,16878,14512],"class_list":["post-460674","post","type-post","status-publish","format-standard","has-post-thumbnail","hentry","category-athletisme","tag-athletisme","tag-breve","tag-championnats-de-france-dathletisme-en-salle"],"acf":[],"yoast_head":"<!-- This site is optimized with the Yoast SEO Premium plugin v26.7 (Yoast SEO v26.7) - https:\/\/yoast.com\/wordpress\/plugins\/seo\/ -->\n<title>Athl\u00e9tisme - Programme et r\u00e9sultats Championnats de France en salle 2024<\/title>\n<meta name=\"description\" content=\"Les Championnats de France \u00e9lite en salle ont lieu du samedi 18 au dimanche 19 f\u00e9vrier \u00e0 Aubi\u00e8re. Voici le programme et les r\u00e9sultats.\" \/>\n<meta name=\"robots\" content=\"index, follow, max-snippet:-1, max-image-preview:large, max-video-preview:-1\" \/>\n<link rel=\"canonical\" href=\"https:\/\/dicodusport.fr\/blog\/athletisme-programme-et-resultats-championnats-de-france-en-salle-2024\/\" \/>\n<meta property=\"og:locale\" content=\"fr_FR\" \/>\n<meta property=\"og:type\" content=\"article\" \/>\n<meta property=\"og:title\" content=\"Athl\u00e9tisme - Programme et r\u00e9sultats Championnats de France en salle 2024\" \/>\n<meta property=\"og:description\" content=\"Les Championnats de France \u00e9lite en salle ont lieu du samedi 18 au dimanche 19 f\u00e9vrier \u00e0 Aubi\u00e8re. Voici le programme et les r\u00e9sultats.\" \/>\n<meta property=\"og:url\" content=\"https:\/\/dicodusport.fr\/blog\/athletisme-programme-et-resultats-championnats-de-france-en-salle-2024\/\" \/>\n<meta property=\"og:site_name\" content=\"Dicodusport\" \/>\n<meta property=\"article:publisher\" content=\"https:\/\/www.facebook.com\/dicodusport\" \/>\n<meta property=\"article:published_time\" content=\"2024-02-18T15:44:57+00:00\" \/>\n<meta property=\"article:modified_time\" content=\"2024-02-19T12:38:53+00:00\" \/>\n<meta property=\"og:image\" content=\"https:\/\/dicodusport.fr\/blog\/wp-content\/uploads\/2024\/02\/Athletisme-Programme-et-resultats-Championnats-de-France-en-salle-2024.png\" \/>\n\t<meta property=\"og:image:width\" content=\"1200\" \/>\n\t<meta property=\"og:image:height\" content=\"674\" \/>\n\t<meta property=\"og:image:type\" content=\"image\/png\" \/>\n<meta name=\"author\" content=\"Arlette Yeye\" \/>\n<meta name=\"twitter:card\" content=\"summary_large_image\" \/>\n<meta name=\"twitter:title\" content=\"Athl\u00e9tisme - Programme et r\u00e9sultats Championnats de France en salle 2024\" \/>\n<meta name=\"twitter:creator\" content=\"@https:\/\/twitter.com\/Shiclette94\" \/>\n<meta name=\"twitter:site\" content=\"@dicodusport\" \/>\n<script type=\"application\/ld+json\" class=\"yoast-schema-graph\">{\"@context\":\"https:\/\/schema.org\",\"@graph\":[{\"@type\":\"NewsArticle\",\"@id\":\"https:\/\/dicodusport.fr\/blog\/athletisme-programme-et-resultats-championnats-de-france-en-salle-2024\/#article\",\"isPartOf\":{\"@id\":\"https:\/\/dicodusport.fr\/blog\/athletisme-programme-et-resultats-championnats-de-france-en-salle-2024\/\"},\"author\":{\"name\":\"Arlette Yeye\",\"@id\":\"https:\/\/dicodusport.fr\/blog\/#\/schema\/person\/cce96fa88785bd8573e3d43078ac8c79\"},\"headline\":\"Athl\u00e9tisme &#8211; Programme et r\u00e9sultats Championnats de France en salle 2024\",\"datePublished\":\"2024-02-18T15:44:57+00:00\",\"dateModified\":\"2024-02-19T12:38:53+00:00\",\"mainEntityOfPage\":{\"@id\":\"https:\/\/dicodusport.fr\/blog\/athletisme-programme-et-resultats-championnats-de-france-en-salle-2024\/\"},\"wordCount\":802,\"commentCount\":0,\"publisher\":{\"@id\":\"https:\/\/dicodusport.fr\/blog\/#organization\"},\"image\":{\"@id\":\"https:\/\/dicodusport.fr\/blog\/athletisme-programme-et-resultats-championnats-de-france-en-salle-2024\/#primaryimage\"},\"thumbnailUrl\":\"https:\/\/dicodusport.fr\/blog\/wp-content\/uploads\/2024\/02\/Athletisme-Programme-et-resultats-Championnats-de-France-en-salle-2024.png\",\"keywords\":[\"Athl\u00e9tisme\",\"br\u00e8ve\",\"Championnats de France d'athl\u00e9tisme en salle\"],\"articleSection\":[\"Athl\u00e9tisme\"],\"inLanguage\":\"fr-FR\",\"potentialAction\":[{\"@type\":\"CommentAction\",\"name\":\"Comment\",\"target\":[\"https:\/\/dicodusport.fr\/blog\/athletisme-programme-et-resultats-championnats-de-france-en-salle-2024\/#respond\"]}],\"copyrightYear\":\"2024\",\"copyrightHolder\":{\"@id\":\"https:\/\/dicodusport.fr\/blog\/#organization\"}},{\"@type\":\"WebPage\",\"@id\":\"https:\/\/dicodusport.fr\/blog\/athletisme-programme-et-resultats-championnats-de-france-en-salle-2024\/\",\"url\":\"https:\/\/dicodusport.fr\/blog\/athletisme-programme-et-resultats-championnats-de-france-en-salle-2024\/\",\"name\":\"Athl\u00e9tisme - Programme et r\u00e9sultats Championnats de France en salle 2024\",\"isPartOf\":{\"@id\":\"https:\/\/dicodusport.fr\/blog\/#website\"},\"primaryImageOfPage\":{\"@id\":\"https:\/\/dicodusport.fr\/blog\/athletisme-programme-et-resultats-championnats-de-france-en-salle-2024\/#primaryimage\"},\"image\":{\"@id\":\"https:\/\/dicodusport.fr\/blog\/athletisme-programme-et-resultats-championnats-de-france-en-salle-2024\/#primaryimage\"},\"thumbnailUrl\":\"https:\/\/dicodusport.fr\/blog\/wp-content\/uploads\/2024\/02\/Athletisme-Programme-et-resultats-Championnats-de-France-en-salle-2024.png\",\"datePublished\":\"2024-02-18T15:44:57+00:00\",\"dateModified\":\"2024-02-19T12:38:53+00:00\",\"description\":\"Les Championnats de France \u00e9lite en salle ont lieu du samedi 18 au dimanche 19 f\u00e9vrier \u00e0 Aubi\u00e8re. Voici le programme et les r\u00e9sultats.\",\"breadcrumb\":{\"@id\":\"https:\/\/dicodusport.fr\/blog\/athletisme-programme-et-resultats-championnats-de-france-en-salle-2024\/#breadcrumb\"},\"inLanguage\":\"fr-FR\",\"potentialAction\":[{\"@type\":\"ReadAction\",\"target\":[\"https:\/\/dicodusport.fr\/blog\/athletisme-programme-et-resultats-championnats-de-france-en-salle-2024\/\"]}]},{\"@type\":\"ImageObject\",\"inLanguage\":\"fr-FR\",\"@id\":\"https:\/\/dicodusport.fr\/blog\/athletisme-programme-et-resultats-championnats-de-france-en-salle-2024\/#primaryimage\",\"url\":\"https:\/\/dicodusport.fr\/blog\/wp-content\/uploads\/2024\/02\/Athletisme-Programme-et-resultats-Championnats-de-France-en-salle-2024.png\",\"contentUrl\":\"https:\/\/dicodusport.fr\/blog\/wp-content\/uploads\/2024\/02\/Athletisme-Programme-et-resultats-Championnats-de-France-en-salle-2024.png\",\"width\":1200,\"height\":674,\"caption\":\"Athl\u00e9tisme - Programme et r\u00e9sultats Championnats de France en salle 2024\"},{\"@type\":\"BreadcrumbList\",\"@id\":\"https:\/\/dicodusport.fr\/blog\/athletisme-programme-et-resultats-championnats-de-france-en-salle-2024\/#breadcrumb\",\"itemListElement\":[{\"@type\":\"ListItem\",\"position\":1,\"name\":\"Accueil\",\"item\":\"https:\/\/dicodusport.fr\/blog\/\"},{\"@type\":\"ListItem\",\"position\":2,\"name\":\"Athl\u00e9tisme &#8211; Programme et r\u00e9sultats Championnats de France en salle 2024\"}]},{\"@type\":\"WebSite\",\"@id\":\"https:\/\/dicodusport.fr\/blog\/#website\",\"url\":\"https:\/\/dicodusport.fr\/blog\/\",\"name\":\"Dicodusport\",\"description\":\"L&#039;encyclop\u00e9die de l&#039;actualit\u00e9 sportive\",\"publisher\":{\"@id\":\"https:\/\/dicodusport.fr\/blog\/#organization\"},\"potentialAction\":[{\"@type\":\"SearchAction\",\"target\":{\"@type\":\"EntryPoint\",\"urlTemplate\":\"https:\/\/dicodusport.fr\/blog\/?s={search_term_string}\"},\"query-input\":{\"@type\":\"PropertyValueSpecification\",\"valueRequired\":true,\"valueName\":\"search_term_string\"}}],\"inLanguage\":\"fr-FR\"},{\"@type\":\"NewsMediaOrganization\",\"@id\":\"https:\/\/dicodusport.fr\/blog\/#organization\",\"name\":\"Dicodusport\",\"url\":\"https:\/\/dicodusport.fr\/blog\/\",\"logo\":{\"@type\":\"ImageObject\",\"inLanguage\":\"fr-FR\",\"@id\":\"https:\/\/dicodusport.fr\/blog\/#\/schema\/logo\/image\/\",\"url\":\"https:\/\/dicodusport.fr\/blog\/wp-content\/uploads\/2020\/06\/cropped-LOGO-DICODUSPORT-2020-SANS-FOND-SANS-TEXTE.png\",\"contentUrl\":\"https:\/\/dicodusport.fr\/blog\/wp-content\/uploads\/2020\/06\/cropped-LOGO-DICODUSPORT-2020-SANS-FOND-SANS-TEXTE.png\",\"width\":512,\"height\":512,\"caption\":\"Dicodusport\"},\"image\":{\"@id\":\"https:\/\/dicodusport.fr\/blog\/#\/schema\/logo\/image\/\"},\"sameAs\":[\"https:\/\/www.facebook.com\/dicodusport\",\"https:\/\/x.com\/dicodusport\",\"https:\/\/www.instagram.com\/dicodusport\/\",\"https:\/\/www.youtube.com\/channel\/UC7V2KZ5sd3htJivAbA4ZG3w\"],\"description\":\"Dicodusport est l'encyclop\u00e9die de l'actualit\u00e9 sportive.\",\"email\":\"bonjour@dicodusport.fr\",\"legalName\":\"DICODUSPORT\",\"foundingDate\":\"2018-01-14\",\"vatID\":\"FR71834470973\",\"taxID\":\"83447097300043\",\"numberOfEmployees\":{\"@type\":\"QuantitativeValue\",\"minValue\":\"1\",\"maxValue\":\"10\"}},{\"@type\":\"Person\",\"@id\":\"https:\/\/dicodusport.fr\/blog\/#\/schema\/person\/cce96fa88785bd8573e3d43078ac8c79\",\"name\":\"Arlette Yeye\",\"image\":{\"@type\":\"ImageObject\",\"inLanguage\":\"fr-FR\",\"@id\":\"https:\/\/dicodusport.fr\/blog\/#\/schema\/person\/image\/\",\"url\":\"https:\/\/secure.gravatar.com\/avatar\/dca4a6239e6d708e46c45d60e160de6c?s=96&d=wp_user_avatar&r=g\",\"contentUrl\":\"https:\/\/secure.gravatar.com\/avatar\/dca4a6239e6d708e46c45d60e160de6c?s=96&d=wp_user_avatar&r=g\",\"caption\":\"Arlette Yeye\"},\"description\":\"Journaliste\/r\u00e9dactrice depuis septembre 2015 - Supportrice de Chelsea, j'ai pour sports de pr\u00e9dilection le handball, l'athl\u00e9tisme et le tennis. Si je tweete plus vite que mon ombre, vous pouvez aussi me retrouver les week-ends sur les playgrounds de Bruxelles pour un petit foot ou basket entre potes. Parcourir la France, l'Europe et plus si affinit\u00e9s pour suivre mes sportifs pr\u00e9f\u00e9r\u00e9s ? Mon kif ! Et c'est avec plaisir que je partage les r\u00e9sultats des sports populaires mais \u00e9galement plus confidentiels pour Dicodusport.\",\"sameAs\":[\"https:\/\/x.com\/https:\/\/twitter.com\/Shiclette94\"],\"url\":\"https:\/\/dicodusport.fr\/blog\/author\/arlette\/\"}]}<\/script>\n<!-- \/ Yoast SEO Premium plugin. -->","yoast_head_json":{"title":"Athl\u00e9tisme - Programme et r\u00e9sultats Championnats de France en salle 2024","description":"Les Championnats de France \u00e9lite en salle ont lieu du samedi 18 au dimanche 19 f\u00e9vrier \u00e0 Aubi\u00e8re. Voici le programme et les r\u00e9sultats.","robots":{"index":"index","follow":"follow","max-snippet":"max-snippet:-1","max-image-preview":"max-image-preview:large","max-video-preview":"max-video-preview:-1"},"canonical":"https:\/\/dicodusport.fr\/blog\/athletisme-programme-et-resultats-championnats-de-france-en-salle-2024\/","og_locale":"fr_FR","og_type":"article","og_title":"Athl\u00e9tisme - Programme et r\u00e9sultats Championnats de France en salle 2024","og_description":"Les Championnats de France \u00e9lite en salle ont lieu du samedi 18 au dimanche 19 f\u00e9vrier \u00e0 Aubi\u00e8re. Voici le programme et les r\u00e9sultats.","og_url":"https:\/\/dicodusport.fr\/blog\/athletisme-programme-et-resultats-championnats-de-france-en-salle-2024\/","og_site_name":"Dicodusport","article_publisher":"https:\/\/www.facebook.com\/dicodusport","article_published_time":"2024-02-18T15:44:57+00:00","article_modified_time":"2024-02-19T12:38:53+00:00","og_image":[{"width":1200,"height":674,"url":"https:\/\/dicodusport.fr\/blog\/wp-content\/uploads\/2024\/02\/Athletisme-Programme-et-resultats-Championnats-de-France-en-salle-2024.png","type":"image\/png"}],"author":"Arlette Yeye","twitter_card":"summary_large_image","twitter_title":"Athl\u00e9tisme - Programme et r\u00e9sultats Championnats de France en salle 2024","twitter_creator":"@https:\/\/twitter.com\/Shiclette94","twitter_site":"@dicodusport","schema":{"@context":"https:\/\/schema.org","@graph":[{"@type":"NewsArticle","@id":"https:\/\/dicodusport.fr\/blog\/athletisme-programme-et-resultats-championnats-de-france-en-salle-2024\/#article","isPartOf":{"@id":"https:\/\/dicodusport.fr\/blog\/athletisme-programme-et-resultats-championnats-de-france-en-salle-2024\/"},"author":{"name":"Arlette Yeye","@id":"https:\/\/dicodusport.fr\/blog\/#\/schema\/person\/cce96fa88785bd8573e3d43078ac8c79"},"headline":"Athl\u00e9tisme &#8211; Programme et r\u00e9sultats Championnats de France en salle 2024","datePublished":"2024-02-18T15:44:57+00:00","dateModified":"2024-02-19T12:38:53+00:00","mainEntityOfPage":{"@id":"https:\/\/dicodusport.fr\/blog\/athletisme-programme-et-resultats-championnats-de-france-en-salle-2024\/"},"wordCount":802,"commentCount":0,"publisher":{"@id":"https:\/\/dicodusport.fr\/blog\/#organization"},"image":{"@id":"https:\/\/dicodusport.fr\/blog\/athletisme-programme-et-resultats-championnats-de-france-en-salle-2024\/#primaryimage"},"thumbnailUrl":"https:\/\/dicodusport.fr\/blog\/wp-content\/uploads\/2024\/02\/Athletisme-Programme-et-resultats-Championnats-de-France-en-salle-2024.png","keywords":["Athl\u00e9tisme","br\u00e8ve","Championnats de France d'athl\u00e9tisme en salle"],"articleSection":["Athl\u00e9tisme"],"inLanguage":"fr-FR","potentialAction":[{"@type":"CommentAction","name":"Comment","target":["https:\/\/dicodusport.fr\/blog\/athletisme-programme-et-resultats-championnats-de-france-en-salle-2024\/#respond"]}],"copyrightYear":"2024","copyrightHolder":{"@id":"https:\/\/dicodusport.fr\/blog\/#organization"}},{"@type":"WebPage","@id":"https:\/\/dicodusport.fr\/blog\/athletisme-programme-et-resultats-championnats-de-france-en-salle-2024\/","url":"https:\/\/dicodusport.fr\/blog\/athletisme-programme-et-resultats-championnats-de-france-en-salle-2024\/","name":"Athl\u00e9tisme - Programme et r\u00e9sultats Championnats de France en salle 2024","isPartOf":{"@id":"https:\/\/dicodusport.fr\/blog\/#website"},"primaryImageOfPage":{"@id":"https:\/\/dicodusport.fr\/blog\/athletisme-programme-et-resultats-championnats-de-france-en-salle-2024\/#primaryimage"},"image":{"@id":"https:\/\/dicodusport.fr\/blog\/athletisme-programme-et-resultats-championnats-de-france-en-salle-2024\/#primaryimage"},"thumbnailUrl":"https:\/\/dicodusport.fr\/blog\/wp-content\/uploads\/2024\/02\/Athletisme-Programme-et-resultats-Championnats-de-France-en-salle-2024.png","datePublished":"2024-02-18T15:44:57+00:00","dateModified":"2024-02-19T12:38:53+00:00","description":"Les Championnats de France \u00e9lite en salle ont lieu du samedi 18 au dimanche 19 f\u00e9vrier \u00e0 Aubi\u00e8re. Voici le programme et les r\u00e9sultats.","breadcrumb":{"@id":"https:\/\/dicodusport.fr\/blog\/athletisme-programme-et-resultats-championnats-de-france-en-salle-2024\/#breadcrumb"},"inLanguage":"fr-FR","potentialAction":[{"@type":"ReadAction","target":["https:\/\/dicodusport.fr\/blog\/athletisme-programme-et-resultats-championnats-de-france-en-salle-2024\/"]}]},{"@type":"ImageObject","inLanguage":"fr-FR","@id":"https:\/\/dicodusport.fr\/blog\/athletisme-programme-et-resultats-championnats-de-france-en-salle-2024\/#primaryimage","url":"https:\/\/dicodusport.fr\/blog\/wp-content\/uploads\/2024\/02\/Athletisme-Programme-et-resultats-Championnats-de-France-en-salle-2024.png","contentUrl":"https:\/\/dicodusport.fr\/blog\/wp-content\/uploads\/2024\/02\/Athletisme-Programme-et-resultats-Championnats-de-France-en-salle-2024.png","width":1200,"height":674,"caption":"Athl\u00e9tisme - Programme et r\u00e9sultats Championnats de France en salle 2024"},{"@type":"BreadcrumbList","@id":"https:\/\/dicodusport.fr\/blog\/athletisme-programme-et-resultats-championnats-de-france-en-salle-2024\/#breadcrumb","itemListElement":[{"@type":"ListItem","position":1,"name":"Accueil","item":"https:\/\/dicodusport.fr\/blog\/"},{"@type":"ListItem","position":2,"name":"Athl\u00e9tisme &#8211; Programme et r\u00e9sultats Championnats de France en salle 2024"}]},{"@type":"WebSite","@id":"https:\/\/dicodusport.fr\/blog\/#website","url":"https:\/\/dicodusport.fr\/blog\/","name":"Dicodusport","description":"L&#039;encyclop\u00e9die de l&#039;actualit\u00e9 sportive","publisher":{"@id":"https:\/\/dicodusport.fr\/blog\/#organization"},"potentialAction":[{"@type":"SearchAction","target":{"@type":"EntryPoint","urlTemplate":"https:\/\/dicodusport.fr\/blog\/?s={search_term_string}"},"query-input":{"@type":"PropertyValueSpecification","valueRequired":true,"valueName":"search_term_string"}}],"inLanguage":"fr-FR"},{"@type":"NewsMediaOrganization","@id":"https:\/\/dicodusport.fr\/blog\/#organization","name":"Dicodusport","url":"https:\/\/dicodusport.fr\/blog\/","logo":{"@type":"ImageObject","inLanguage":"fr-FR","@id":"https:\/\/dicodusport.fr\/blog\/#\/schema\/logo\/image\/","url":"https:\/\/dicodusport.fr\/blog\/wp-content\/uploads\/2020\/06\/cropped-LOGO-DICODUSPORT-2020-SANS-FOND-SANS-TEXTE.png","contentUrl":"https:\/\/dicodusport.fr\/blog\/wp-content\/uploads\/2020\/06\/cropped-LOGO-DICODUSPORT-2020-SANS-FOND-SANS-TEXTE.png","width":512,"height":512,"caption":"Dicodusport"},"image":{"@id":"https:\/\/dicodusport.fr\/blog\/#\/schema\/logo\/image\/"},"sameAs":["https:\/\/www.facebook.com\/dicodusport","https:\/\/x.com\/dicodusport","https:\/\/www.instagram.com\/dicodusport\/","https:\/\/www.youtube.com\/channel\/UC7V2KZ5sd3htJivAbA4ZG3w"],"description":"Dicodusport est l'encyclop\u00e9die de l'actualit\u00e9 sportive.","email":"bonjour@dicodusport.fr","legalName":"DICODUSPORT","foundingDate":"2018-01-14","vatID":"FR71834470973","taxID":"83447097300043","numberOfEmployees":{"@type":"QuantitativeValue","minValue":"1","maxValue":"10"}},{"@type":"Person","@id":"https:\/\/dicodusport.fr\/blog\/#\/schema\/person\/cce96fa88785bd8573e3d43078ac8c79","name":"Arlette Yeye","image":{"@type":"ImageObject","inLanguage":"fr-FR","@id":"https:\/\/dicodusport.fr\/blog\/#\/schema\/person\/image\/","url":"https:\/\/secure.gravatar.com\/avatar\/dca4a6239e6d708e46c45d60e160de6c?s=96&d=wp_user_avatar&r=g","contentUrl":"https:\/\/secure.gravatar.com\/avatar\/dca4a6239e6d708e46c45d60e160de6c?s=96&d=wp_user_avatar&r=g","caption":"Arlette Yeye"},"description":"Journaliste\/r\u00e9dactrice depuis septembre 2015 - Supportrice de Chelsea, j'ai pour sports de pr\u00e9dilection le handball, l'athl\u00e9tisme et le tennis. Si je tweete plus vite que mon ombre, vous pouvez aussi me retrouver les week-ends sur les playgrounds de Bruxelles pour un petit foot ou basket entre potes. Parcourir la France, l'Europe et plus si affinit\u00e9s pour suivre mes sportifs pr\u00e9f\u00e9r\u00e9s ? Mon kif ! Et c'est avec plaisir que je partage les r\u00e9sultats des sports populaires mais \u00e9galement plus confidentiels pour Dicodusport.","sameAs":["https:\/\/x.com\/https:\/\/twitter.com\/Shiclette94"],"url":"https:\/\/dicodusport.fr\/blog\/author\/arlette\/"}]}},"_links":{"self":[{"href":"https:\/\/dicodusport.fr\/blog\/wp-json\/wp\/v2\/posts\/460674","targetHints":{"allow":["GET"]}}],"collection":[{"href":"https:\/\/dicodusport.fr\/blog\/wp-json\/wp\/v2\/posts"}],"about":[{"href":"https:\/\/dicodusport.fr\/blog\/wp-json\/wp\/v2\/types\/post"}],"author":[{"embeddable":true,"href":"https:\/\/dicodusport.fr\/blog\/wp-json\/wp\/v2\/users\/12"}],"replies":[{"embeddable":true,"href":"https:\/\/dicodusport.fr\/blog\/wp-json\/wp\/v2\/comments?post=460674"}],"version-history":[{"count":6,"href":"https:\/\/dicodusport.fr\/blog\/wp-json\/wp\/v2\/posts\/460674\/revisions"}],"predecessor-version":[{"id":465088,"href":"https:\/\/dicodusport.fr\/blog\/wp-json\/wp\/v2\/posts\/460674\/revisions\/465088"}],"wp:featuredmedia":[{"embeddable":true,"href":"https:\/\/dicodusport.fr\/blog\/wp-json\/wp\/v2\/media\/462449"}],"wp:attachment":[{"href":"https:\/\/dicodusport.fr\/blog\/wp-json\/wp\/v2\/media?parent=460674"}],"wp:term":[{"taxonomy":"category","embeddable":true,"href":"https:\/\/dicodusport.fr\/blog\/wp-json\/wp\/v2\/categories?post=460674"},{"taxonomy":"post_tag","embeddable":true,"href":"https:\/\/dicodusport.fr\/blog\/wp-json\/wp\/v2\/tags?post=460674"}],"curies":[{"name":"wp","href":"https:\/\/api.w.org\/{rel}","templated":true}]}}