{"id":46077,"date":"2019-08-22T13:14:14","date_gmt":"2019-08-22T11:14:14","guid":{"rendered":"http:\/\/dicodusport.fr\/blog\/?p=46077"},"modified":"2019-08-22T14:11:38","modified_gmt":"2019-08-22T12:11:38","slug":"face-a-francfort-strasbourg-doit-se-lacher-et-savourer","status":"publish","type":"post","link":"https:\/\/dicodusport.fr\/blog\/face-a-francfort-strasbourg-doit-se-lacher-et-savourer\/","title":{"rendered":"Face \u00e0 Francfort, Strasbourg doit se l\u00e2cher et savourer"},"content":{"rendered":"<p style=\"text-align: justify;\"><em><strong>Ce soir \u00e0 20h30 au stade de la Meinau, le RC Strasbourg Alsace re\u00e7oit le demi-finaliste de la C3 pr\u00e9c\u00e9dente, l\u2019Eintracht Francfort dans le match aller des barrages de la Ligue Europa. L\u2019occasion pour les Alsaciens de vivre un vrai moment de ferveur dans un derby europ\u00e9en.<\/strong><\/em><\/p>\n<h1 style=\"text-align: justify;\">Une belle affiche europ\u00e9enne<\/h1>\n<p style=\"text-align: justify;\">Pour le retour de la <strong>Coupe d\u2019Europe \u00e0 Strasbourg<\/strong>, joueurs et supporters ont \u00e9t\u00e9 g\u00e2t\u00e9s. Une double confrontation contre <strong>l\u2019Eintracht Francfort<\/strong> au programme, soit le demi-finaliste de l\u2019\u00e9dition pr\u00e9c\u00e9dente avec \u00e0 son tableau de chasse, l\u2019<strong>OM<\/strong>, la <strong>Lazio<\/strong>, <strong>Benfica<\/strong>, l\u2019<strong>Inter Milan<\/strong>, entre autres. C\u2019est donc une belle \u00e9quipe, maintenant habitu\u00e9e de la comp\u00e9tition qui se pr\u00e9sente \u00e0 <strong>la Meinau<\/strong>, apr\u00e8s le Maccabi Haifa et Plovdiv aux tours pr\u00e9c\u00e9dents.<\/p>\n<p style=\"text-align: justify;\">\u00c0 <strong>Strasbourg<\/strong>, l\u2019effectif ne permet pour l\u2019instant pas de jouer sur les deux tableaux (Ligue 1 et C3). Un d\u00e9but poussif en championnat (2 nuls) et un niveau de jeu qui n\u2019est pas semblable \u00e0 celui montr\u00e9 par le <strong>vainqueur de la Coupe de la Ligue<\/strong> la saison pass\u00e9e. Un jeu d\u00e9fensif qui ne donne pas de signaux positifs avant la r\u00e9ception de <strong>Francfort.<\/strong><\/p>\n<p style=\"text-align: justify;\">Avec une <strong>Meinau<\/strong> comble ce soir comme souvent (le taux de remplissage du stade de la Meinau est de 96%, soit le 2<sup>\u00e8me <\/sup>taux de remplissage en <strong>Ligue 1 Conforama<\/strong> derri\u00e8re le <strong>PSG<\/strong>), le <a href=\"http:\/\/www.rcstrasbourgalsace.fr\/\" target=\"_blank\" rel=\"noopener\"><strong>RC Strasbourg Alsace<\/strong><\/a> va devoir se transcender pour envisager le match retour de mani\u00e8re plus sereine en Allemagne comme le conc\u00e9dait l\u2019attaquant r\u00e9unionnais de Strasbourg, <strong>Ludovic Ajorque<\/strong>\u00a0: <em>\u00ab\u00a0J&rsquo;esp\u00e8re qu&rsquo;on va oublier l&rsquo;enjeu une fois sur le terrain. Il faut se l\u00e2cher et faire un bon r\u00e9sultat. Sans se prendre la t\u00eate. Ce serait dommage d&rsquo;\u00e9chouer si pr\u00e8s du but.\u00a0\u00bb <\/em>Le<strong> RCSA<\/strong> va devoir montrer l\u2019\u00e9talage de ses atouts collectifs et individuels pour \u00eatre \u00e0 la hauteur d\u2019un adversaire qui s\u2019annonce coriace.<\/p>\n<p><span class=\"C5px4lVmCrtvuzyIE8bxp7VY3ThKaTB06YOtDrFcoReHN9JS9lkvsL3aDUO8P5kzA\"><\/p>\n<blockquote class=\"twitter-tweet\" data-width=\"550\" data-dnt=\"true\">\n<p lang=\"fr\" dir=\"ltr\">Le Racing d\u00e9fiera donc Francfort pour une place en Europa League et on va me dire que c\u2019est l\u2019essentiel mais le jeu est inexistant et je trouve \u00e7a inqui\u00e9tant. Et pas que pour la coupe d\u2019Europe<\/p>\n<p>&mdash; Pierre M\u00e9n\u00e8s (@PierreMenes) <a href=\"https:\/\/twitter.com\/PierreMenes\/status\/1162098013797539840?ref_src=twsrc%5Etfw\">August 15, 2019<\/a><\/p><\/blockquote>\n<p><script async src=\"https:\/\/platform.twitter.com\/widgets.js\" charset=\"utf-8\"><\/script><\/span><\/p>\n<p style=\"text-align: justify;\">Favori de cette rencontre,<strong> l\u2019Eintracht Francfort<\/strong> a v\u00e9cu un \u00e9t\u00e9 mouvement\u00e9 avec la vente pour 100 millions \u20ac de ses deux attaquants <strong>Jovic (Real Madrid) et Haller (West Ham)<\/strong>. Les deux offensifs n\u2019ont, pour l\u2019instan,t pas \u00e9t\u00e9 remplac\u00e9s par le club allemand qui attend l\u2019arriv\u00e9e du buteur n\u00e9erlandais <strong>Bas Dost<\/strong> (qui pourrait jouer le match retour). Il n\u2019en reste pas moins que l\u2019effectif reste tr\u00e8s solide, avec notamment<strong> Kevin Trapp<\/strong> dans les buts, transfuge du <strong>PSG<\/strong>. Au tour pr\u00e9c\u00e9dent, les joueurs de l\u2019Eintracht se sont impos\u00e9s facilement face \u00e0 Vaduz, club du Liechtenstein (5-0,1-0).<\/p>\n<div id=\"attachment_46081\" style=\"width: 609px\" class=\"wp-caption aligncenter\"><a href=\"http:\/\/dicodusport.fr\/blog\/wp-content\/uploads\/2019\/08\/Stade-Francfort.jpg\"><img loading=\"lazy\" decoding=\"async\" aria-describedby=\"caption-attachment-46081\" class=\"wp-image-46081 size-full\" src=\"http:\/\/dicodusport.fr\/blog\/wp-content\/uploads\/2019\/08\/Stade-Francfort.jpg\" alt=\"\" width=\"599\" height=\"164\" srcset=\"https:\/\/dicodusport.fr\/blog\/wp-content\/uploads\/2019\/08\/Stade-Francfort.jpg 599w, https:\/\/dicodusport.fr\/blog\/wp-content\/uploads\/2019\/08\/Stade-Francfort-300x82.jpg 300w\" sizes=\"auto, (max-width: 599px) 100vw, 599px\" \/><\/a><p id=\"caption-attachment-46081\" class=\"wp-caption-text\">Strasbourg va devoir se mettre \u00e0 l&rsquo;abri avant le match retour au Commerzbank Arena de l&rsquo;Eintracht Francfort &#8211; AFP<\/p><\/div>\n<p><em><strong>Romain Delanis<br \/>\n<\/strong><\/em><em><strong><a href=\"https:\/\/twitter.com\/RDelanis\" target=\"_blank\" rel=\"noopener noreferrer\"><img loading=\"lazy\" decoding=\"async\" class=\"alignnone wp-image-2908\" src=\"http:\/\/dicodusport.fr\/blog\/wp-content\/uploads\/2017\/07\/logo-twitter-150x150.png\" alt=\"\" width=\"39\" height=\"39\" \/><\/a><\/strong><\/em><\/p>\n","protected":false},"excerpt":{"rendered":"<p>Ce soir \u00e0 20h30 au stade de la Meinau, le RC Strasbourg Alsace re\u00e7oit le demi-finaliste de la C3 pr\u00e9c\u00e9dente, l\u2019Eintracht Francfort dans le match aller des barrages de la Ligue Europa.<\/p>\n","protected":false},"author":14,"featured_media":46098,"comment_status":"open","ping_status":"closed","sticky":false,"template":"","format":"standard","meta":{"_acf_changed":false,"_daextam_enable_autolinks":"","footnotes":""},"categories":[2301],"tags":[8580,75,4437,7550],"class_list":["post-46077","post","type-post","status-publish","format-standard","has-post-thumbnail","hentry","category-football","tag-eintracht-francfort","tag-football","tag-ligue-europa","tag-rc-strasbourg-alsace"],"acf":[],"yoast_head":"<!-- This site is optimized with the Yoast SEO Premium plugin v26.7 (Yoast SEO v26.7) - https:\/\/yoast.com\/wordpress\/plugins\/seo\/ -->\n<title>Face \u00e0 Francfort, Strasbourg doit se l\u00e2cher et savourer<\/title>\n<meta name=\"description\" content=\"Ligue Europa - Ce soir \u00e0 20h30 au stade de la Meinau, le RC Strasbourg Alsace re\u00e7oit le demi-finaliste de la C3 pr\u00e9c\u00e9dente, l\u2019Eintracht Francfort.\" \/>\n<meta name=\"robots\" content=\"index, follow, max-snippet:-1, max-image-preview:large, max-video-preview:-1\" \/>\n<link rel=\"canonical\" href=\"https:\/\/dicodusport.fr\/blog\/face-a-francfort-strasbourg-doit-se-lacher-et-savourer\/\" \/>\n<meta property=\"og:locale\" content=\"fr_FR\" \/>\n<meta property=\"og:type\" content=\"article\" \/>\n<meta property=\"og:title\" content=\"Face \u00e0 Francfort, Strasbourg doit se l\u00e2cher et savourer\" \/>\n<meta property=\"og:description\" content=\"Ligue Europa - Ce soir \u00e0 20h30 au stade de la Meinau, le RC Strasbourg Alsace re\u00e7oit le demi-finaliste de la C3 pr\u00e9c\u00e9dente, l\u2019Eintracht Francfort.\" \/>\n<meta property=\"og:url\" content=\"https:\/\/dicodusport.fr\/blog\/face-a-francfort-strasbourg-doit-se-lacher-et-savourer\/\" \/>\n<meta property=\"og:site_name\" content=\"Dicodusport\" \/>\n<meta property=\"article:publisher\" content=\"https:\/\/www.facebook.com\/dicodusport\" \/>\n<meta property=\"article:published_time\" content=\"2019-08-22T11:14:14+00:00\" \/>\n<meta property=\"article:modified_time\" content=\"2019-08-22T12:11:38+00:00\" \/>\n<meta property=\"og:image\" content=\"https:\/\/dicodusport.fr\/blog\/wp-content\/uploads\/2019\/08\/Face-\u00e0-Francfort-Strasbourg-doit-savourer.png\" \/>\n\t<meta property=\"og:image:width\" content=\"800\" \/>\n\t<meta property=\"og:image:height\" content=\"445\" \/>\n\t<meta property=\"og:image:type\" content=\"image\/png\" \/>\n<meta name=\"author\" content=\"Romain Delanis\" \/>\n<meta name=\"twitter:card\" content=\"summary_large_image\" \/>\n<meta name=\"twitter:title\" content=\"Face \u00e0 Francfort, Strasbourg doit se l\u00e2cher et savourer\" \/>\n<meta name=\"twitter:creator\" content=\"@https:\/\/twitter.com\/RDelanis\" \/>\n<meta name=\"twitter:site\" content=\"@dicodusport\" \/>\n<script type=\"application\/ld+json\" class=\"yoast-schema-graph\">{\"@context\":\"https:\/\/schema.org\",\"@graph\":[{\"@type\":\"NewsArticle\",\"@id\":\"https:\/\/dicodusport.fr\/blog\/face-a-francfort-strasbourg-doit-se-lacher-et-savourer\/#article\",\"isPartOf\":{\"@id\":\"https:\/\/dicodusport.fr\/blog\/face-a-francfort-strasbourg-doit-se-lacher-et-savourer\/\"},\"author\":{\"name\":\"Romain Delanis\",\"@id\":\"https:\/\/dicodusport.fr\/blog\/#\/schema\/person\/8c78730a59f8a1e617f7a19026ebc14a\"},\"headline\":\"Face \u00e0 Francfort, Strasbourg doit se l\u00e2cher et savourer\",\"datePublished\":\"2019-08-22T11:14:14+00:00\",\"dateModified\":\"2019-08-22T12:11:38+00:00\",\"mainEntityOfPage\":{\"@id\":\"https:\/\/dicodusport.fr\/blog\/face-a-francfort-strasbourg-doit-se-lacher-et-savourer\/\"},\"wordCount\":495,\"commentCount\":0,\"publisher\":{\"@id\":\"https:\/\/dicodusport.fr\/blog\/#organization\"},\"image\":{\"@id\":\"https:\/\/dicodusport.fr\/blog\/face-a-francfort-strasbourg-doit-se-lacher-et-savourer\/#primaryimage\"},\"thumbnailUrl\":\"https:\/\/dicodusport.fr\/blog\/wp-content\/uploads\/2019\/08\/Face-\u00e0-Francfort-Strasbourg-doit-savourer.png\",\"keywords\":[\"Eintracht Francfort\",\"Football\",\"Ligue Europa\",\"RC Strasbourg Alsace\"],\"articleSection\":[\"Football\"],\"inLanguage\":\"fr-FR\",\"potentialAction\":[{\"@type\":\"CommentAction\",\"name\":\"Comment\",\"target\":[\"https:\/\/dicodusport.fr\/blog\/face-a-francfort-strasbourg-doit-se-lacher-et-savourer\/#respond\"]}],\"copyrightYear\":\"2019\",\"copyrightHolder\":{\"@id\":\"https:\/\/dicodusport.fr\/blog\/#organization\"}},{\"@type\":\"WebPage\",\"@id\":\"https:\/\/dicodusport.fr\/blog\/face-a-francfort-strasbourg-doit-se-lacher-et-savourer\/\",\"url\":\"https:\/\/dicodusport.fr\/blog\/face-a-francfort-strasbourg-doit-se-lacher-et-savourer\/\",\"name\":\"Face \u00e0 Francfort, Strasbourg doit se l\u00e2cher et savourer\",\"isPartOf\":{\"@id\":\"https:\/\/dicodusport.fr\/blog\/#website\"},\"primaryImageOfPage\":{\"@id\":\"https:\/\/dicodusport.fr\/blog\/face-a-francfort-strasbourg-doit-se-lacher-et-savourer\/#primaryimage\"},\"image\":{\"@id\":\"https:\/\/dicodusport.fr\/blog\/face-a-francfort-strasbourg-doit-se-lacher-et-savourer\/#primaryimage\"},\"thumbnailUrl\":\"https:\/\/dicodusport.fr\/blog\/wp-content\/uploads\/2019\/08\/Face-\u00e0-Francfort-Strasbourg-doit-savourer.png\",\"datePublished\":\"2019-08-22T11:14:14+00:00\",\"dateModified\":\"2019-08-22T12:11:38+00:00\",\"description\":\"Ligue Europa - Ce soir \u00e0 20h30 au stade de la Meinau, le RC Strasbourg Alsace re\u00e7oit le demi-finaliste de la C3 pr\u00e9c\u00e9dente, l\u2019Eintracht Francfort.\",\"breadcrumb\":{\"@id\":\"https:\/\/dicodusport.fr\/blog\/face-a-francfort-strasbourg-doit-se-lacher-et-savourer\/#breadcrumb\"},\"inLanguage\":\"fr-FR\",\"potentialAction\":[{\"@type\":\"ReadAction\",\"target\":[\"https:\/\/dicodusport.fr\/blog\/face-a-francfort-strasbourg-doit-se-lacher-et-savourer\/\"]}]},{\"@type\":\"ImageObject\",\"inLanguage\":\"fr-FR\",\"@id\":\"https:\/\/dicodusport.fr\/blog\/face-a-francfort-strasbourg-doit-se-lacher-et-savourer\/#primaryimage\",\"url\":\"https:\/\/dicodusport.fr\/blog\/wp-content\/uploads\/2019\/08\/Face-\u00e0-Francfort-Strasbourg-doit-savourer.png\",\"contentUrl\":\"https:\/\/dicodusport.fr\/blog\/wp-content\/uploads\/2019\/08\/Face-\u00e0-Francfort-Strasbourg-doit-savourer.png\",\"width\":800,\"height\":445},{\"@type\":\"BreadcrumbList\",\"@id\":\"https:\/\/dicodusport.fr\/blog\/face-a-francfort-strasbourg-doit-se-lacher-et-savourer\/#breadcrumb\",\"itemListElement\":[{\"@type\":\"ListItem\",\"position\":1,\"name\":\"Accueil\",\"item\":\"https:\/\/dicodusport.fr\/blog\/\"},{\"@type\":\"ListItem\",\"position\":2,\"name\":\"Face \u00e0 Francfort, Strasbourg doit se l\u00e2cher et savourer\"}]},{\"@type\":\"WebSite\",\"@id\":\"https:\/\/dicodusport.fr\/blog\/#website\",\"url\":\"https:\/\/dicodusport.fr\/blog\/\",\"name\":\"Dicodusport\",\"description\":\"L&#039;encyclop\u00e9die de l&#039;actualit\u00e9 sportive\",\"publisher\":{\"@id\":\"https:\/\/dicodusport.fr\/blog\/#organization\"},\"potentialAction\":[{\"@type\":\"SearchAction\",\"target\":{\"@type\":\"EntryPoint\",\"urlTemplate\":\"https:\/\/dicodusport.fr\/blog\/?s={search_term_string}\"},\"query-input\":{\"@type\":\"PropertyValueSpecification\",\"valueRequired\":true,\"valueName\":\"search_term_string\"}}],\"inLanguage\":\"fr-FR\"},{\"@type\":\"NewsMediaOrganization\",\"@id\":\"https:\/\/dicodusport.fr\/blog\/#organization\",\"name\":\"Dicodusport\",\"url\":\"https:\/\/dicodusport.fr\/blog\/\",\"logo\":{\"@type\":\"ImageObject\",\"inLanguage\":\"fr-FR\",\"@id\":\"https:\/\/dicodusport.fr\/blog\/#\/schema\/logo\/image\/\",\"url\":\"https:\/\/dicodusport.fr\/blog\/wp-content\/uploads\/2020\/06\/cropped-LOGO-DICODUSPORT-2020-SANS-FOND-SANS-TEXTE.png\",\"contentUrl\":\"https:\/\/dicodusport.fr\/blog\/wp-content\/uploads\/2020\/06\/cropped-LOGO-DICODUSPORT-2020-SANS-FOND-SANS-TEXTE.png\",\"width\":512,\"height\":512,\"caption\":\"Dicodusport\"},\"image\":{\"@id\":\"https:\/\/dicodusport.fr\/blog\/#\/schema\/logo\/image\/\"},\"sameAs\":[\"https:\/\/www.facebook.com\/dicodusport\",\"https:\/\/x.com\/dicodusport\",\"https:\/\/www.instagram.com\/dicodusport\/\",\"https:\/\/www.youtube.com\/channel\/UC7V2KZ5sd3htJivAbA4ZG3w\"],\"description\":\"Dicodusport est l'encyclop\u00e9die de l'actualit\u00e9 sportive.\",\"email\":\"bonjour@dicodusport.fr\",\"legalName\":\"DICODUSPORT\",\"foundingDate\":\"2018-01-14\",\"vatID\":\"FR71834470973\",\"taxID\":\"83447097300043\",\"numberOfEmployees\":{\"@type\":\"QuantitativeValue\",\"minValue\":\"1\",\"maxValue\":\"10\"}},{\"@type\":\"Person\",\"@id\":\"https:\/\/dicodusport.fr\/blog\/#\/schema\/person\/8c78730a59f8a1e617f7a19026ebc14a\",\"name\":\"Romain Delanis\",\"image\":{\"@type\":\"ImageObject\",\"inLanguage\":\"fr-FR\",\"@id\":\"https:\/\/dicodusport.fr\/blog\/#\/schema\/person\/image\/\",\"url\":\"https:\/\/dicodusport.fr\/blog\/wp-content\/uploads\/2021\/05\/Romain-Delanis-150x150.jpg\",\"contentUrl\":\"https:\/\/dicodusport.fr\/blog\/wp-content\/uploads\/2021\/05\/Romain-Delanis-150x150.jpg\",\"caption\":\"Romain Delanis\"},\"description\":\"Journaliste\/R\u00e9dacteur depuis novembre 2015 - Capable de passer un samedi apr\u00e8s-midi devant la Ligue 2 puis le biathlon sans oublier la finale de l\u2019ATP Rotterdam, j\u2019aime aussi mettre mon r\u00e9veil pour me faire un Pistons\/Bulls qui rappelle de bons souvenirs. Tout cela, j\u2019ai choisi il y a maintenant quelques temps de vous le raconter avec Dicodusport, pour vous faire vivre ma passion parfois inconsid\u00e9r\u00e9e pour le sport en g\u00e9n\u00e9ral (mais surtout le foot faut se l\u2019avouer).\",\"sameAs\":[\"https:\/\/x.com\/https:\/\/twitter.com\/RDelanis\"],\"url\":\"https:\/\/dicodusport.fr\/blog\/author\/romain\/\"}]}<\/script>\n<!-- \/ Yoast SEO Premium plugin. -->","yoast_head_json":{"title":"Face \u00e0 Francfort, Strasbourg doit se l\u00e2cher et savourer","description":"Ligue Europa - Ce soir \u00e0 20h30 au stade de la Meinau, le RC Strasbourg Alsace re\u00e7oit le demi-finaliste de la C3 pr\u00e9c\u00e9dente, l\u2019Eintracht Francfort.","robots":{"index":"index","follow":"follow","max-snippet":"max-snippet:-1","max-image-preview":"max-image-preview:large","max-video-preview":"max-video-preview:-1"},"canonical":"https:\/\/dicodusport.fr\/blog\/face-a-francfort-strasbourg-doit-se-lacher-et-savourer\/","og_locale":"fr_FR","og_type":"article","og_title":"Face \u00e0 Francfort, Strasbourg doit se l\u00e2cher et savourer","og_description":"Ligue Europa - Ce soir \u00e0 20h30 au stade de la Meinau, le RC Strasbourg Alsace re\u00e7oit le demi-finaliste de la C3 pr\u00e9c\u00e9dente, l\u2019Eintracht Francfort.","og_url":"https:\/\/dicodusport.fr\/blog\/face-a-francfort-strasbourg-doit-se-lacher-et-savourer\/","og_site_name":"Dicodusport","article_publisher":"https:\/\/www.facebook.com\/dicodusport","article_published_time":"2019-08-22T11:14:14+00:00","article_modified_time":"2019-08-22T12:11:38+00:00","og_image":[{"width":800,"height":445,"url":"https:\/\/dicodusport.fr\/blog\/wp-content\/uploads\/2019\/08\/Face-\u00e0-Francfort-Strasbourg-doit-savourer.png","type":"image\/png"}],"author":"Romain Delanis","twitter_card":"summary_large_image","twitter_title":"Face \u00e0 Francfort, Strasbourg doit se l\u00e2cher et savourer","twitter_creator":"@https:\/\/twitter.com\/RDelanis","twitter_site":"@dicodusport","schema":{"@context":"https:\/\/schema.org","@graph":[{"@type":"NewsArticle","@id":"https:\/\/dicodusport.fr\/blog\/face-a-francfort-strasbourg-doit-se-lacher-et-savourer\/#article","isPartOf":{"@id":"https:\/\/dicodusport.fr\/blog\/face-a-francfort-strasbourg-doit-se-lacher-et-savourer\/"},"author":{"name":"Romain Delanis","@id":"https:\/\/dicodusport.fr\/blog\/#\/schema\/person\/8c78730a59f8a1e617f7a19026ebc14a"},"headline":"Face \u00e0 Francfort, Strasbourg doit se l\u00e2cher et savourer","datePublished":"2019-08-22T11:14:14+00:00","dateModified":"2019-08-22T12:11:38+00:00","mainEntityOfPage":{"@id":"https:\/\/dicodusport.fr\/blog\/face-a-francfort-strasbourg-doit-se-lacher-et-savourer\/"},"wordCount":495,"commentCount":0,"publisher":{"@id":"https:\/\/dicodusport.fr\/blog\/#organization"},"image":{"@id":"https:\/\/dicodusport.fr\/blog\/face-a-francfort-strasbourg-doit-se-lacher-et-savourer\/#primaryimage"},"thumbnailUrl":"https:\/\/dicodusport.fr\/blog\/wp-content\/uploads\/2019\/08\/Face-\u00e0-Francfort-Strasbourg-doit-savourer.png","keywords":["Eintracht Francfort","Football","Ligue Europa","RC Strasbourg Alsace"],"articleSection":["Football"],"inLanguage":"fr-FR","potentialAction":[{"@type":"CommentAction","name":"Comment","target":["https:\/\/dicodusport.fr\/blog\/face-a-francfort-strasbourg-doit-se-lacher-et-savourer\/#respond"]}],"copyrightYear":"2019","copyrightHolder":{"@id":"https:\/\/dicodusport.fr\/blog\/#organization"}},{"@type":"WebPage","@id":"https:\/\/dicodusport.fr\/blog\/face-a-francfort-strasbourg-doit-se-lacher-et-savourer\/","url":"https:\/\/dicodusport.fr\/blog\/face-a-francfort-strasbourg-doit-se-lacher-et-savourer\/","name":"Face \u00e0 Francfort, Strasbourg doit se l\u00e2cher et savourer","isPartOf":{"@id":"https:\/\/dicodusport.fr\/blog\/#website"},"primaryImageOfPage":{"@id":"https:\/\/dicodusport.fr\/blog\/face-a-francfort-strasbourg-doit-se-lacher-et-savourer\/#primaryimage"},"image":{"@id":"https:\/\/dicodusport.fr\/blog\/face-a-francfort-strasbourg-doit-se-lacher-et-savourer\/#primaryimage"},"thumbnailUrl":"https:\/\/dicodusport.fr\/blog\/wp-content\/uploads\/2019\/08\/Face-\u00e0-Francfort-Strasbourg-doit-savourer.png","datePublished":"2019-08-22T11:14:14+00:00","dateModified":"2019-08-22T12:11:38+00:00","description":"Ligue Europa - Ce soir \u00e0 20h30 au stade de la Meinau, le RC Strasbourg Alsace re\u00e7oit le demi-finaliste de la C3 pr\u00e9c\u00e9dente, l\u2019Eintracht Francfort.","breadcrumb":{"@id":"https:\/\/dicodusport.fr\/blog\/face-a-francfort-strasbourg-doit-se-lacher-et-savourer\/#breadcrumb"},"inLanguage":"fr-FR","potentialAction":[{"@type":"ReadAction","target":["https:\/\/dicodusport.fr\/blog\/face-a-francfort-strasbourg-doit-se-lacher-et-savourer\/"]}]},{"@type":"ImageObject","inLanguage":"fr-FR","@id":"https:\/\/dicodusport.fr\/blog\/face-a-francfort-strasbourg-doit-se-lacher-et-savourer\/#primaryimage","url":"https:\/\/dicodusport.fr\/blog\/wp-content\/uploads\/2019\/08\/Face-\u00e0-Francfort-Strasbourg-doit-savourer.png","contentUrl":"https:\/\/dicodusport.fr\/blog\/wp-content\/uploads\/2019\/08\/Face-\u00e0-Francfort-Strasbourg-doit-savourer.png","width":800,"height":445},{"@type":"BreadcrumbList","@id":"https:\/\/dicodusport.fr\/blog\/face-a-francfort-strasbourg-doit-se-lacher-et-savourer\/#breadcrumb","itemListElement":[{"@type":"ListItem","position":1,"name":"Accueil","item":"https:\/\/dicodusport.fr\/blog\/"},{"@type":"ListItem","position":2,"name":"Face \u00e0 Francfort, Strasbourg doit se l\u00e2cher et savourer"}]},{"@type":"WebSite","@id":"https:\/\/dicodusport.fr\/blog\/#website","url":"https:\/\/dicodusport.fr\/blog\/","name":"Dicodusport","description":"L&#039;encyclop\u00e9die de l&#039;actualit\u00e9 sportive","publisher":{"@id":"https:\/\/dicodusport.fr\/blog\/#organization"},"potentialAction":[{"@type":"SearchAction","target":{"@type":"EntryPoint","urlTemplate":"https:\/\/dicodusport.fr\/blog\/?s={search_term_string}"},"query-input":{"@type":"PropertyValueSpecification","valueRequired":true,"valueName":"search_term_string"}}],"inLanguage":"fr-FR"},{"@type":"NewsMediaOrganization","@id":"https:\/\/dicodusport.fr\/blog\/#organization","name":"Dicodusport","url":"https:\/\/dicodusport.fr\/blog\/","logo":{"@type":"ImageObject","inLanguage":"fr-FR","@id":"https:\/\/dicodusport.fr\/blog\/#\/schema\/logo\/image\/","url":"https:\/\/dicodusport.fr\/blog\/wp-content\/uploads\/2020\/06\/cropped-LOGO-DICODUSPORT-2020-SANS-FOND-SANS-TEXTE.png","contentUrl":"https:\/\/dicodusport.fr\/blog\/wp-content\/uploads\/2020\/06\/cropped-LOGO-DICODUSPORT-2020-SANS-FOND-SANS-TEXTE.png","width":512,"height":512,"caption":"Dicodusport"},"image":{"@id":"https:\/\/dicodusport.fr\/blog\/#\/schema\/logo\/image\/"},"sameAs":["https:\/\/www.facebook.com\/dicodusport","https:\/\/x.com\/dicodusport","https:\/\/www.instagram.com\/dicodusport\/","https:\/\/www.youtube.com\/channel\/UC7V2KZ5sd3htJivAbA4ZG3w"],"description":"Dicodusport est l'encyclop\u00e9die de l'actualit\u00e9 sportive.","email":"bonjour@dicodusport.fr","legalName":"DICODUSPORT","foundingDate":"2018-01-14","vatID":"FR71834470973","taxID":"83447097300043","numberOfEmployees":{"@type":"QuantitativeValue","minValue":"1","maxValue":"10"}},{"@type":"Person","@id":"https:\/\/dicodusport.fr\/blog\/#\/schema\/person\/8c78730a59f8a1e617f7a19026ebc14a","name":"Romain Delanis","image":{"@type":"ImageObject","inLanguage":"fr-FR","@id":"https:\/\/dicodusport.fr\/blog\/#\/schema\/person\/image\/","url":"https:\/\/dicodusport.fr\/blog\/wp-content\/uploads\/2021\/05\/Romain-Delanis-150x150.jpg","contentUrl":"https:\/\/dicodusport.fr\/blog\/wp-content\/uploads\/2021\/05\/Romain-Delanis-150x150.jpg","caption":"Romain Delanis"},"description":"Journaliste\/R\u00e9dacteur depuis novembre 2015 - Capable de passer un samedi apr\u00e8s-midi devant la Ligue 2 puis le biathlon sans oublier la finale de l\u2019ATP Rotterdam, j\u2019aime aussi mettre mon r\u00e9veil pour me faire un Pistons\/Bulls qui rappelle de bons souvenirs. Tout cela, j\u2019ai choisi il y a maintenant quelques temps de vous le raconter avec Dicodusport, pour vous faire vivre ma passion parfois inconsid\u00e9r\u00e9e pour le sport en g\u00e9n\u00e9ral (mais surtout le foot faut se l\u2019avouer).","sameAs":["https:\/\/x.com\/https:\/\/twitter.com\/RDelanis"],"url":"https:\/\/dicodusport.fr\/blog\/author\/romain\/"}]}},"_links":{"self":[{"href":"https:\/\/dicodusport.fr\/blog\/wp-json\/wp\/v2\/posts\/46077","targetHints":{"allow":["GET"]}}],"collection":[{"href":"https:\/\/dicodusport.fr\/blog\/wp-json\/wp\/v2\/posts"}],"about":[{"href":"https:\/\/dicodusport.fr\/blog\/wp-json\/wp\/v2\/types\/post"}],"author":[{"embeddable":true,"href":"https:\/\/dicodusport.fr\/blog\/wp-json\/wp\/v2\/users\/14"}],"replies":[{"embeddable":true,"href":"https:\/\/dicodusport.fr\/blog\/wp-json\/wp\/v2\/comments?post=46077"}],"version-history":[{"count":0,"href":"https:\/\/dicodusport.fr\/blog\/wp-json\/wp\/v2\/posts\/46077\/revisions"}],"wp:featuredmedia":[{"embeddable":true,"href":"https:\/\/dicodusport.fr\/blog\/wp-json\/wp\/v2\/media\/46098"}],"wp:attachment":[{"href":"https:\/\/dicodusport.fr\/blog\/wp-json\/wp\/v2\/media?parent=46077"}],"wp:term":[{"taxonomy":"category","embeddable":true,"href":"https:\/\/dicodusport.fr\/blog\/wp-json\/wp\/v2\/categories?post=46077"},{"taxonomy":"post_tag","embeddable":true,"href":"https:\/\/dicodusport.fr\/blog\/wp-json\/wp\/v2\/tags?post=46077"}],"curies":[{"name":"wp","href":"https:\/\/api.w.org\/{rel}","templated":true}]}}