{"id":461031,"date":"2024-02-08T15:23:39","date_gmt":"2024-02-08T14:23:39","guid":{"rendered":"https:\/\/dicodusport.fr\/blog\/?p=461031&#038;preview=true&#038;preview_id=461031"},"modified":"2024-02-08T18:48:35","modified_gmt":"2024-02-08T17:48:35","slug":"tour-de-la-provence-2024-en-patron-mads-pedersen-sadjuge-le-prologue","status":"publish","type":"post","link":"https:\/\/dicodusport.fr\/blog\/tour-de-la-provence-2024-en-patron-mads-pedersen-sadjuge-le-prologue\/","title":{"rendered":"Tour de La Provence 2024 : En patron, Mads Pedersen s&rsquo;adjuge le prologue"},"content":{"rendered":"<p style=\"text-align: justify;\"><strong><em>TOUR DE LA PROVENCE 2024 &#8211; Mads Pedersen (Lidl-Trek) confirme son statut de favori en remportant le prologue avec beaucoup d&rsquo;aisance. Son co\u00e9quipier, <b>Jakob S\u00f6derqvist<\/b> (Lidl-Trek) prend la 2\u00e8me place et Samuel Watson (Groupama-FDJ) 3\u00e8me, compl\u00e8te le podium.<\/em><\/strong><\/p>\n<ul>\n<li style=\"text-align: justify;\"><strong>\u00c0 ce sujet \u2013 <a href=\"https:\/\/dicodusport.fr\/blog\/tour-de-la-provence-2024-classement-prologue\/\">Tour de La Provence 2024 &#8211; Classement prologue<\/a><\/strong><\/li>\n<\/ul>\n<p style=\"text-align: justify;\"><span style=\"font-weight: 400;\">Lancement du <\/span><b>Tour de la Provence<\/b><span style=\"font-weight: 400;\">, ce jour, avec un<\/span><b> prologue de 5 km<\/b><span style=\"font-weight: 400;\"> dans les rues de Marseille. Sous un beau soleil m\u00e9diterran\u00e9en, les 116 coureurs se sont \u00e9lanc\u00e9s sur<\/span><span style=\"font-weight: 400;\"> un parcours le long du littoral, sans difficult\u00e9s particuli\u00e8res.<\/span><\/p>\n<h2 style=\"text-align: justify;\"><b>Mads Pedersen \u00e9crase la concurrence\u00a0<\/b><\/h2>\n<p style=\"text-align: justify;\"><span style=\"font-weight: 400;\">Pour les plus rapides, le parcours en aller-retour est aval\u00e9 en 5 minutes. Le jeune britannique, <\/span><b>Samuel Watson <\/b><span style=\"font-weight: 400;\">(22 ans, <\/span><b>Groupama-FDJ<\/b><span style=\"font-weight: 400;\">) effectue le premier temps de r\u00e9f\u00e9rence en 5 minutes et 30 secondes (3\u00e8me au final). L\u2019effort du jour est court mais intense. Suffisant tout de m\u00eame pour voir des \u00e9carts significatifs sur la ligne d\u2019arriv\u00e9e.\u00a0<\/span><\/p>\n<p style=\"text-align: justify;\"><span style=\"font-weight: 400;\">La faute \u00e0 un grand <\/span><b>Mads Pedersen <\/b><span style=\"font-weight: 400;\">(Lidl-Trek), <\/span><b>vainqueur de l\u2019Etoile de Bess\u00e8ges<\/b><span style=\"font-weight: 400;\"> il y a quelques jours et grand favori de ce <\/span><b>Tour de la Provence<\/b><span style=\"font-weight: 400;\">, tr\u00e8s \u00e0 l\u2019aise sur le prologue. Tout en puissance, le Danois \u00e9crase la concurrence en devan\u00e7ant <\/span><b>Samuel Watson<\/b><span style=\"font-weight: 400;\"> sur la ligne de 10 secondes (5 minutes et 19 secondes).\u00a0<\/span><\/p>\n<p style=\"text-align: justify;\"><b>Mads Pedersen<\/b><span style=\"font-weight: 400;\"> confirme sa forme du moment et montre par cette performance, son d\u00e9sir d\u2019ajouter son nom au palmar\u00e8s de cette 8\u00e8me \u00e9dition. Son co\u00e9quipier <\/span><b>Jakob S\u00f4derqvist<\/b><span style=\"font-weight: 400;\"> (Lidl-Trek )s&rsquo;adjuge la 2e place. Le Su\u00e8dois de 20 ans termine \u00e0 un peu moins de 6 secondes et grimpe sur le podium au c\u00f4t\u00e9 de son leader. Samuel Watson compl\u00e8te le podium.<\/span><\/p>\n<blockquote class=\"twitter-tweet\">\n<p dir=\"ltr\" lang=\"fr\">Victoire de Mads Pedersen sur le prologue du Tour de la Provence<\/p>\n<p>\u23f1\ufe0f 5&rsquo;19\u00a0\u00bb<a href=\"https:\/\/twitter.com\/TourProvenceOFF?ref_src=twsrc%5Etfw\">@TourProvenceOFF<\/a> <a href=\"https:\/\/t.co\/ib0DImL5Sb\">pic.twitter.com\/ib0DImL5Sb<\/a><\/p>\n<p>\u2014 LNC &#8211; Ligue Nationale de Cyclisme (@LNC_CYCLISME) <a href=\"https:\/\/twitter.com\/LNC_CYCLISME\/status\/1755599599941955906?ref_src=twsrc%5Etfw\">February 8, 2024<\/a><\/p><\/blockquote>\n<p><script async src=\"https:\/\/platform.twitter.com\/widgets.js\" charset=\"utf-8\"><\/script><\/p>\n<h2 style=\"text-align: justify;\"><b>Les Fran\u00e7ais au rendez-vous<\/b><\/h2>\n<p style=\"text-align: justify;\"><span style=\"font-weight: 400;\">Aujourd&rsquo;hui, il y avait <\/span><b>Mads Pedersen <\/b><span style=\"font-weight: 400;\">et les autres. Mais derri\u00e8re l\u2019ancien champion du Monde, les outsiders ont tenu leur rang.\u00a0<\/span><\/p>\n<p style=\"text-align: justify;\"><b>Bruno Armirail<\/b> <span style=\"font-weight: 400;\">(D\u00e9cathlon AG2R La Mondiale) a bien n\u00e9goci\u00e9 les 5 km, tout en puissance. Pour sa premi\u00e8re course de la saison avec sa nouvelle \u00e9quipe, le fran\u00e7ais termine \u00e0 une belle 4\u00e8me place, \u00e0 moins d\u2019une seconde du podium. <\/span><span style=\"font-weight: 400;\">Son co\u00e9quipier, <\/span><b>Dorian Godon <\/b><span style=\"font-weight: 400;\">(D\u00e9cathlon AG2R La Mondiale) est \u00e9galement dans le bon tempo et int\u00e8gre le TOP 10, (10\u00e8me).\u00a0<\/span><\/p>\n<ul style=\"text-align: justify;\">\n<li><strong>\u00c0 ce sujet \u2013 <a href=\"https:\/\/dicodusport.fr\/blog\/tour-de-la-provence-2024-classement-general\/\">Tour de La Provence 2024 &#8211; Classement g\u00e9n\u00e9ral<\/a><\/strong><\/li>\n<\/ul>\n<p style=\"text-align: justify;\"><span style=\"font-weight: 400;\">Le jeune et prometteur <\/span><b>Pierre Gautherat<\/b><span style=\"font-weight: 400;\"> (D\u00e9cathlon AG2R La Mondiale)<\/span><span style=\"font-weight: 400;\"> termine 12\u00e8me \u00e0 15 secondes du leader Danois. Tr\u00e8s en vue en ce d\u00e9but de saison, le Haut-Rhinois reste en embuscade gr\u00e2ce \u00e0 ce chrono r\u00e9ussi. <\/span><span style=\"font-weight: 400;\">Un autre jeune fran\u00e7ais s\u2019est d\u00e9marqu\u00e9 en r\u00e9alisant une belle performance. Le Breton <\/span><b>Ewen Costiou <\/b><span style=\"font-weight: 400;\">(Ark\u00e9a \u2013 B&amp;B Hotels) se classe 9\u00e8me et entame parfaitement ce <\/span><b>Tour de la Provence<\/b><span style=\"font-weight: 400;\">.<\/span><\/p>\n<p style=\"text-align: justify;\">Enfin,<b> Axel Zingle<\/b><span style=\"font-weight: 400;\">, le leader de la formation <\/span><b>Cofidis &#8211; <\/b><span style=\"font-weight: 400;\">tout juste remis d\u2019une chute sur le GP La Marseillaise &#8211; boucle le circuit avec un temps de 5 minutes et 44 secondes. Venu avec des ambitions, l\u2019Alsacien limite les \u00e9carts avec ce chrono correct. <\/span><span style=\"font-weight: 400;\">\u00c0 noter \u00e9galement, le bon chrono de <\/span><b>Sam Bennett <\/b><span style=\"font-weight: 400;\">(D\u00e9cathlon AG2R La Mondiale) 7\u00e8me du prologue, l\u2019Irlandais sera \u00e0 suivre de pr\u00e8s sur les \u00e9tapes promises au sprinteur. <\/span><\/p>\n<blockquote class=\"twitter-tweet\">\n<p dir=\"ltr\" lang=\"fr\">Top-10 in the Tour de La Provence prologue <a href=\"https:\/\/t.co\/AU102WwQen\">pic.twitter.com\/AU102WwQen<\/a><\/p>\n<p>\u2014 the Inner Ring (@inrng) <a href=\"https:\/\/twitter.com\/inrng\/status\/1755597326729818438?ref_src=twsrc%5Etfw\">February 8, 2024<\/a><\/p><\/blockquote>\n<p><script async src=\"https:\/\/platform.twitter.com\/widgets.js\" charset=\"utf-8\"><\/script><\/p>\n","protected":false},"excerpt":{"rendered":"<p>TOUR DE LA PROVENCE 2024 &#8211; Mads Pedersen (Lidl-Trek) confirme son statut de favori en remportant le prologue avec beaucoup d&rsquo;aisance.<\/p>\n","protected":false},"author":97,"featured_media":461084,"comment_status":"open","ping_status":"closed","sticky":false,"template":"","format":"standard","meta":{"_acf_changed":false,"_daextam_enable_autolinks":"1","footnotes":""},"categories":[46994],"tags":[16878,26327],"class_list":["post-461031","post","type-post","status-publish","format-standard","has-post-thumbnail","hentry","category-cyclisme-sur-route","tag-breve","tag-mads-pedersen"],"acf":[],"yoast_head":"<!-- This site is optimized with the Yoast SEO Premium plugin v26.7 (Yoast SEO v26.7) - https:\/\/yoast.com\/wordpress\/plugins\/seo\/ -->\n<title>Tour de La Provence 2024 : En patron, Mads Pedersen s&#039;adjuge le prologue<\/title>\n<meta name=\"description\" content=\"Mads Pedersen (Lidl-Trek) confirme son statut de favori en remportant le prologue du Tour de La Provence avec beaucoup d&#039;aisance.\" \/>\n<meta name=\"robots\" content=\"index, follow, max-snippet:-1, max-image-preview:large, max-video-preview:-1\" \/>\n<link rel=\"canonical\" href=\"https:\/\/dicodusport.fr\/blog\/tour-de-la-provence-2024-en-patron-mads-pedersen-sadjuge-le-prologue\/\" \/>\n<meta property=\"og:locale\" content=\"fr_FR\" \/>\n<meta property=\"og:type\" content=\"article\" \/>\n<meta property=\"og:title\" content=\"Tour de La Provence 2024 : En patron, Mads Pedersen s&#039;adjuge le prologue\" \/>\n<meta property=\"og:description\" content=\"Mads Pedersen (Lidl-Trek) confirme son statut de favori en remportant le prologue du Tour de La Provence avec beaucoup d&#039;aisance.\" \/>\n<meta property=\"og:url\" content=\"https:\/\/dicodusport.fr\/blog\/tour-de-la-provence-2024-en-patron-mads-pedersen-sadjuge-le-prologue\/\" \/>\n<meta property=\"og:site_name\" content=\"Dicodusport\" \/>\n<meta property=\"article:publisher\" content=\"https:\/\/www.facebook.com\/dicodusport\" \/>\n<meta property=\"article:published_time\" content=\"2024-02-08T14:23:39+00:00\" \/>\n<meta property=\"article:modified_time\" content=\"2024-02-08T17:48:35+00:00\" \/>\n<meta property=\"og:image\" content=\"https:\/\/dicodusport.fr\/blog\/wp-content\/uploads\/2024\/02\/Tour-de-La-Provence-2024-En-patron-Mads-Pedersen-sadjuge-le-prologue.png\" \/>\n\t<meta property=\"og:image:width\" content=\"1200\" \/>\n\t<meta property=\"og:image:height\" content=\"674\" \/>\n\t<meta property=\"og:image:type\" content=\"image\/png\" \/>\n<meta name=\"author\" content=\"Louis Bouchardon\" \/>\n<meta name=\"twitter:card\" content=\"summary_large_image\" \/>\n<meta name=\"twitter:title\" content=\"Tour de La Provence 2024 : En patron, Mads Pedersen s&#039;adjuge le prologue\" \/>\n<meta name=\"twitter:creator\" content=\"@dicodusport\" \/>\n<meta name=\"twitter:site\" content=\"@dicodusport\" \/>\n<script type=\"application\/ld+json\" class=\"yoast-schema-graph\">{\"@context\":\"https:\/\/schema.org\",\"@graph\":[{\"@type\":\"NewsArticle\",\"@id\":\"https:\/\/dicodusport.fr\/blog\/tour-de-la-provence-2024-en-patron-mads-pedersen-sadjuge-le-prologue\/#article\",\"isPartOf\":{\"@id\":\"https:\/\/dicodusport.fr\/blog\/tour-de-la-provence-2024-en-patron-mads-pedersen-sadjuge-le-prologue\/\"},\"author\":{\"name\":\"Louis Bouchardon\",\"@id\":\"https:\/\/dicodusport.fr\/blog\/#\/schema\/person\/2d00cb7edce22380129fc3141987a97f\"},\"headline\":\"Tour de La Provence 2024 : En patron, Mads Pedersen s&rsquo;adjuge le prologue\",\"datePublished\":\"2024-02-08T14:23:39+00:00\",\"dateModified\":\"2024-02-08T17:48:35+00:00\",\"mainEntityOfPage\":{\"@id\":\"https:\/\/dicodusport.fr\/blog\/tour-de-la-provence-2024-en-patron-mads-pedersen-sadjuge-le-prologue\/\"},\"wordCount\":592,\"commentCount\":0,\"publisher\":{\"@id\":\"https:\/\/dicodusport.fr\/blog\/#organization\"},\"image\":{\"@id\":\"https:\/\/dicodusport.fr\/blog\/tour-de-la-provence-2024-en-patron-mads-pedersen-sadjuge-le-prologue\/#primaryimage\"},\"thumbnailUrl\":\"https:\/\/dicodusport.fr\/blog\/wp-content\/uploads\/2024\/02\/Tour-de-La-Provence-2024-En-patron-Mads-Pedersen-sadjuge-le-prologue.png\",\"keywords\":[\"br\u00e8ve\",\"Mads Pedersen\"],\"articleSection\":[\"Cyclisme sur route\"],\"inLanguage\":\"fr-FR\",\"potentialAction\":[{\"@type\":\"CommentAction\",\"name\":\"Comment\",\"target\":[\"https:\/\/dicodusport.fr\/blog\/tour-de-la-provence-2024-en-patron-mads-pedersen-sadjuge-le-prologue\/#respond\"]}],\"copyrightYear\":\"2024\",\"copyrightHolder\":{\"@id\":\"https:\/\/dicodusport.fr\/blog\/#organization\"}},{\"@type\":\"WebPage\",\"@id\":\"https:\/\/dicodusport.fr\/blog\/tour-de-la-provence-2024-en-patron-mads-pedersen-sadjuge-le-prologue\/\",\"url\":\"https:\/\/dicodusport.fr\/blog\/tour-de-la-provence-2024-en-patron-mads-pedersen-sadjuge-le-prologue\/\",\"name\":\"Tour de La Provence 2024 : En patron, Mads Pedersen s'adjuge le prologue\",\"isPartOf\":{\"@id\":\"https:\/\/dicodusport.fr\/blog\/#website\"},\"primaryImageOfPage\":{\"@id\":\"https:\/\/dicodusport.fr\/blog\/tour-de-la-provence-2024-en-patron-mads-pedersen-sadjuge-le-prologue\/#primaryimage\"},\"image\":{\"@id\":\"https:\/\/dicodusport.fr\/blog\/tour-de-la-provence-2024-en-patron-mads-pedersen-sadjuge-le-prologue\/#primaryimage\"},\"thumbnailUrl\":\"https:\/\/dicodusport.fr\/blog\/wp-content\/uploads\/2024\/02\/Tour-de-La-Provence-2024-En-patron-Mads-Pedersen-sadjuge-le-prologue.png\",\"datePublished\":\"2024-02-08T14:23:39+00:00\",\"dateModified\":\"2024-02-08T17:48:35+00:00\",\"description\":\"Mads Pedersen (Lidl-Trek) confirme son statut de favori en remportant le prologue du Tour de La Provence avec beaucoup d'aisance.\",\"breadcrumb\":{\"@id\":\"https:\/\/dicodusport.fr\/blog\/tour-de-la-provence-2024-en-patron-mads-pedersen-sadjuge-le-prologue\/#breadcrumb\"},\"inLanguage\":\"fr-FR\",\"potentialAction\":[{\"@type\":\"ReadAction\",\"target\":[\"https:\/\/dicodusport.fr\/blog\/tour-de-la-provence-2024-en-patron-mads-pedersen-sadjuge-le-prologue\/\"]}]},{\"@type\":\"ImageObject\",\"inLanguage\":\"fr-FR\",\"@id\":\"https:\/\/dicodusport.fr\/blog\/tour-de-la-provence-2024-en-patron-mads-pedersen-sadjuge-le-prologue\/#primaryimage\",\"url\":\"https:\/\/dicodusport.fr\/blog\/wp-content\/uploads\/2024\/02\/Tour-de-La-Provence-2024-En-patron-Mads-Pedersen-sadjuge-le-prologue.png\",\"contentUrl\":\"https:\/\/dicodusport.fr\/blog\/wp-content\/uploads\/2024\/02\/Tour-de-La-Provence-2024-En-patron-Mads-Pedersen-sadjuge-le-prologue.png\",\"width\":1200,\"height\":674,\"caption\":\"Tour de La Provence 2024 En patron, Mads Pedersen s'adjuge le prologue\"},{\"@type\":\"BreadcrumbList\",\"@id\":\"https:\/\/dicodusport.fr\/blog\/tour-de-la-provence-2024-en-patron-mads-pedersen-sadjuge-le-prologue\/#breadcrumb\",\"itemListElement\":[{\"@type\":\"ListItem\",\"position\":1,\"name\":\"Accueil\",\"item\":\"https:\/\/dicodusport.fr\/blog\/\"},{\"@type\":\"ListItem\",\"position\":2,\"name\":\"Tour de La Provence 2024 : En patron, Mads Pedersen s&rsquo;adjuge le prologue\"}]},{\"@type\":\"WebSite\",\"@id\":\"https:\/\/dicodusport.fr\/blog\/#website\",\"url\":\"https:\/\/dicodusport.fr\/blog\/\",\"name\":\"Dicodusport\",\"description\":\"L&#039;encyclop\u00e9die de l&#039;actualit\u00e9 sportive\",\"publisher\":{\"@id\":\"https:\/\/dicodusport.fr\/blog\/#organization\"},\"potentialAction\":[{\"@type\":\"SearchAction\",\"target\":{\"@type\":\"EntryPoint\",\"urlTemplate\":\"https:\/\/dicodusport.fr\/blog\/?s={search_term_string}\"},\"query-input\":{\"@type\":\"PropertyValueSpecification\",\"valueRequired\":true,\"valueName\":\"search_term_string\"}}],\"inLanguage\":\"fr-FR\"},{\"@type\":\"NewsMediaOrganization\",\"@id\":\"https:\/\/dicodusport.fr\/blog\/#organization\",\"name\":\"Dicodusport\",\"url\":\"https:\/\/dicodusport.fr\/blog\/\",\"logo\":{\"@type\":\"ImageObject\",\"inLanguage\":\"fr-FR\",\"@id\":\"https:\/\/dicodusport.fr\/blog\/#\/schema\/logo\/image\/\",\"url\":\"https:\/\/dicodusport.fr\/blog\/wp-content\/uploads\/2020\/06\/cropped-LOGO-DICODUSPORT-2020-SANS-FOND-SANS-TEXTE.png\",\"contentUrl\":\"https:\/\/dicodusport.fr\/blog\/wp-content\/uploads\/2020\/06\/cropped-LOGO-DICODUSPORT-2020-SANS-FOND-SANS-TEXTE.png\",\"width\":512,\"height\":512,\"caption\":\"Dicodusport\"},\"image\":{\"@id\":\"https:\/\/dicodusport.fr\/blog\/#\/schema\/logo\/image\/\"},\"sameAs\":[\"https:\/\/www.facebook.com\/dicodusport\",\"https:\/\/x.com\/dicodusport\",\"https:\/\/www.instagram.com\/dicodusport\/\",\"https:\/\/www.youtube.com\/channel\/UC7V2KZ5sd3htJivAbA4ZG3w\"],\"description\":\"Dicodusport est l'encyclop\u00e9die de l'actualit\u00e9 sportive.\",\"email\":\"bonjour@dicodusport.fr\",\"legalName\":\"DICODUSPORT\",\"foundingDate\":\"2018-01-14\",\"vatID\":\"FR71834470973\",\"taxID\":\"83447097300043\",\"numberOfEmployees\":{\"@type\":\"QuantitativeValue\",\"minValue\":\"1\",\"maxValue\":\"10\"}},{\"@type\":\"Person\",\"@id\":\"https:\/\/dicodusport.fr\/blog\/#\/schema\/person\/2d00cb7edce22380129fc3141987a97f\",\"name\":\"Louis Bouchardon\",\"image\":{\"@type\":\"ImageObject\",\"inLanguage\":\"fr-FR\",\"@id\":\"https:\/\/dicodusport.fr\/blog\/#\/schema\/person\/image\/\",\"url\":\"https:\/\/dicodusport.fr\/blog\/wp-content\/uploads\/2025\/02\/Maillot-Dicodusport-Loulou-49-150x150.png\",\"contentUrl\":\"https:\/\/dicodusport.fr\/blog\/wp-content\/uploads\/2025\/02\/Maillot-Dicodusport-Loulou-49-150x150.png\",\"caption\":\"Louis Bouchardon\"},\"description\":\"Berc\u00e9 dans la fin des ann\u00e9es 90 au son des rayons de v\u00e9lo d\u2019un p\u00e8re cycliste amateur, le sport n\u2019a depuis plus jamais quitt\u00e9 mon quotidien. Sp\u00e9cialiste du ballon rond comme du ballon ovale, je suis r\u00e9dacteur chez Dicodusport depuis d\u00e9cembre 2023.\",\"url\":\"https:\/\/dicodusport.fr\/blog\/author\/louis-bouchardon\/\"}]}<\/script>\n<!-- \/ Yoast SEO Premium plugin. -->","yoast_head_json":{"title":"Tour de La Provence 2024 : En patron, Mads Pedersen s'adjuge le prologue","description":"Mads Pedersen (Lidl-Trek) confirme son statut de favori en remportant le prologue du Tour de La Provence avec beaucoup d'aisance.","robots":{"index":"index","follow":"follow","max-snippet":"max-snippet:-1","max-image-preview":"max-image-preview:large","max-video-preview":"max-video-preview:-1"},"canonical":"https:\/\/dicodusport.fr\/blog\/tour-de-la-provence-2024-en-patron-mads-pedersen-sadjuge-le-prologue\/","og_locale":"fr_FR","og_type":"article","og_title":"Tour de La Provence 2024 : En patron, Mads Pedersen s'adjuge le prologue","og_description":"Mads Pedersen (Lidl-Trek) confirme son statut de favori en remportant le prologue du Tour de La Provence avec beaucoup d'aisance.","og_url":"https:\/\/dicodusport.fr\/blog\/tour-de-la-provence-2024-en-patron-mads-pedersen-sadjuge-le-prologue\/","og_site_name":"Dicodusport","article_publisher":"https:\/\/www.facebook.com\/dicodusport","article_published_time":"2024-02-08T14:23:39+00:00","article_modified_time":"2024-02-08T17:48:35+00:00","og_image":[{"width":1200,"height":674,"url":"https:\/\/dicodusport.fr\/blog\/wp-content\/uploads\/2024\/02\/Tour-de-La-Provence-2024-En-patron-Mads-Pedersen-sadjuge-le-prologue.png","type":"image\/png"}],"author":"Louis Bouchardon","twitter_card":"summary_large_image","twitter_title":"Tour de La Provence 2024 : En patron, Mads Pedersen s'adjuge le prologue","twitter_creator":"@dicodusport","twitter_site":"@dicodusport","schema":{"@context":"https:\/\/schema.org","@graph":[{"@type":"NewsArticle","@id":"https:\/\/dicodusport.fr\/blog\/tour-de-la-provence-2024-en-patron-mads-pedersen-sadjuge-le-prologue\/#article","isPartOf":{"@id":"https:\/\/dicodusport.fr\/blog\/tour-de-la-provence-2024-en-patron-mads-pedersen-sadjuge-le-prologue\/"},"author":{"name":"Louis Bouchardon","@id":"https:\/\/dicodusport.fr\/blog\/#\/schema\/person\/2d00cb7edce22380129fc3141987a97f"},"headline":"Tour de La Provence 2024 : En patron, Mads Pedersen s&rsquo;adjuge le prologue","datePublished":"2024-02-08T14:23:39+00:00","dateModified":"2024-02-08T17:48:35+00:00","mainEntityOfPage":{"@id":"https:\/\/dicodusport.fr\/blog\/tour-de-la-provence-2024-en-patron-mads-pedersen-sadjuge-le-prologue\/"},"wordCount":592,"commentCount":0,"publisher":{"@id":"https:\/\/dicodusport.fr\/blog\/#organization"},"image":{"@id":"https:\/\/dicodusport.fr\/blog\/tour-de-la-provence-2024-en-patron-mads-pedersen-sadjuge-le-prologue\/#primaryimage"},"thumbnailUrl":"https:\/\/dicodusport.fr\/blog\/wp-content\/uploads\/2024\/02\/Tour-de-La-Provence-2024-En-patron-Mads-Pedersen-sadjuge-le-prologue.png","keywords":["br\u00e8ve","Mads Pedersen"],"articleSection":["Cyclisme sur route"],"inLanguage":"fr-FR","potentialAction":[{"@type":"CommentAction","name":"Comment","target":["https:\/\/dicodusport.fr\/blog\/tour-de-la-provence-2024-en-patron-mads-pedersen-sadjuge-le-prologue\/#respond"]}],"copyrightYear":"2024","copyrightHolder":{"@id":"https:\/\/dicodusport.fr\/blog\/#organization"}},{"@type":"WebPage","@id":"https:\/\/dicodusport.fr\/blog\/tour-de-la-provence-2024-en-patron-mads-pedersen-sadjuge-le-prologue\/","url":"https:\/\/dicodusport.fr\/blog\/tour-de-la-provence-2024-en-patron-mads-pedersen-sadjuge-le-prologue\/","name":"Tour de La Provence 2024 : En patron, Mads Pedersen s'adjuge le prologue","isPartOf":{"@id":"https:\/\/dicodusport.fr\/blog\/#website"},"primaryImageOfPage":{"@id":"https:\/\/dicodusport.fr\/blog\/tour-de-la-provence-2024-en-patron-mads-pedersen-sadjuge-le-prologue\/#primaryimage"},"image":{"@id":"https:\/\/dicodusport.fr\/blog\/tour-de-la-provence-2024-en-patron-mads-pedersen-sadjuge-le-prologue\/#primaryimage"},"thumbnailUrl":"https:\/\/dicodusport.fr\/blog\/wp-content\/uploads\/2024\/02\/Tour-de-La-Provence-2024-En-patron-Mads-Pedersen-sadjuge-le-prologue.png","datePublished":"2024-02-08T14:23:39+00:00","dateModified":"2024-02-08T17:48:35+00:00","description":"Mads Pedersen (Lidl-Trek) confirme son statut de favori en remportant le prologue du Tour de La Provence avec beaucoup d'aisance.","breadcrumb":{"@id":"https:\/\/dicodusport.fr\/blog\/tour-de-la-provence-2024-en-patron-mads-pedersen-sadjuge-le-prologue\/#breadcrumb"},"inLanguage":"fr-FR","potentialAction":[{"@type":"ReadAction","target":["https:\/\/dicodusport.fr\/blog\/tour-de-la-provence-2024-en-patron-mads-pedersen-sadjuge-le-prologue\/"]}]},{"@type":"ImageObject","inLanguage":"fr-FR","@id":"https:\/\/dicodusport.fr\/blog\/tour-de-la-provence-2024-en-patron-mads-pedersen-sadjuge-le-prologue\/#primaryimage","url":"https:\/\/dicodusport.fr\/blog\/wp-content\/uploads\/2024\/02\/Tour-de-La-Provence-2024-En-patron-Mads-Pedersen-sadjuge-le-prologue.png","contentUrl":"https:\/\/dicodusport.fr\/blog\/wp-content\/uploads\/2024\/02\/Tour-de-La-Provence-2024-En-patron-Mads-Pedersen-sadjuge-le-prologue.png","width":1200,"height":674,"caption":"Tour de La Provence 2024 En patron, Mads Pedersen s'adjuge le prologue"},{"@type":"BreadcrumbList","@id":"https:\/\/dicodusport.fr\/blog\/tour-de-la-provence-2024-en-patron-mads-pedersen-sadjuge-le-prologue\/#breadcrumb","itemListElement":[{"@type":"ListItem","position":1,"name":"Accueil","item":"https:\/\/dicodusport.fr\/blog\/"},{"@type":"ListItem","position":2,"name":"Tour de La Provence 2024 : En patron, Mads Pedersen s&rsquo;adjuge le prologue"}]},{"@type":"WebSite","@id":"https:\/\/dicodusport.fr\/blog\/#website","url":"https:\/\/dicodusport.fr\/blog\/","name":"Dicodusport","description":"L&#039;encyclop\u00e9die de l&#039;actualit\u00e9 sportive","publisher":{"@id":"https:\/\/dicodusport.fr\/blog\/#organization"},"potentialAction":[{"@type":"SearchAction","target":{"@type":"EntryPoint","urlTemplate":"https:\/\/dicodusport.fr\/blog\/?s={search_term_string}"},"query-input":{"@type":"PropertyValueSpecification","valueRequired":true,"valueName":"search_term_string"}}],"inLanguage":"fr-FR"},{"@type":"NewsMediaOrganization","@id":"https:\/\/dicodusport.fr\/blog\/#organization","name":"Dicodusport","url":"https:\/\/dicodusport.fr\/blog\/","logo":{"@type":"ImageObject","inLanguage":"fr-FR","@id":"https:\/\/dicodusport.fr\/blog\/#\/schema\/logo\/image\/","url":"https:\/\/dicodusport.fr\/blog\/wp-content\/uploads\/2020\/06\/cropped-LOGO-DICODUSPORT-2020-SANS-FOND-SANS-TEXTE.png","contentUrl":"https:\/\/dicodusport.fr\/blog\/wp-content\/uploads\/2020\/06\/cropped-LOGO-DICODUSPORT-2020-SANS-FOND-SANS-TEXTE.png","width":512,"height":512,"caption":"Dicodusport"},"image":{"@id":"https:\/\/dicodusport.fr\/blog\/#\/schema\/logo\/image\/"},"sameAs":["https:\/\/www.facebook.com\/dicodusport","https:\/\/x.com\/dicodusport","https:\/\/www.instagram.com\/dicodusport\/","https:\/\/www.youtube.com\/channel\/UC7V2KZ5sd3htJivAbA4ZG3w"],"description":"Dicodusport est l'encyclop\u00e9die de l'actualit\u00e9 sportive.","email":"bonjour@dicodusport.fr","legalName":"DICODUSPORT","foundingDate":"2018-01-14","vatID":"FR71834470973","taxID":"83447097300043","numberOfEmployees":{"@type":"QuantitativeValue","minValue":"1","maxValue":"10"}},{"@type":"Person","@id":"https:\/\/dicodusport.fr\/blog\/#\/schema\/person\/2d00cb7edce22380129fc3141987a97f","name":"Louis Bouchardon","image":{"@type":"ImageObject","inLanguage":"fr-FR","@id":"https:\/\/dicodusport.fr\/blog\/#\/schema\/person\/image\/","url":"https:\/\/dicodusport.fr\/blog\/wp-content\/uploads\/2025\/02\/Maillot-Dicodusport-Loulou-49-150x150.png","contentUrl":"https:\/\/dicodusport.fr\/blog\/wp-content\/uploads\/2025\/02\/Maillot-Dicodusport-Loulou-49-150x150.png","caption":"Louis Bouchardon"},"description":"Berc\u00e9 dans la fin des ann\u00e9es 90 au son des rayons de v\u00e9lo d\u2019un p\u00e8re cycliste amateur, le sport n\u2019a depuis plus jamais quitt\u00e9 mon quotidien. Sp\u00e9cialiste du ballon rond comme du ballon ovale, je suis r\u00e9dacteur chez Dicodusport depuis d\u00e9cembre 2023.","url":"https:\/\/dicodusport.fr\/blog\/author\/louis-bouchardon\/"}]}},"_links":{"self":[{"href":"https:\/\/dicodusport.fr\/blog\/wp-json\/wp\/v2\/posts\/461031","targetHints":{"allow":["GET"]}}],"collection":[{"href":"https:\/\/dicodusport.fr\/blog\/wp-json\/wp\/v2\/posts"}],"about":[{"href":"https:\/\/dicodusport.fr\/blog\/wp-json\/wp\/v2\/types\/post"}],"author":[{"embeddable":true,"href":"https:\/\/dicodusport.fr\/blog\/wp-json\/wp\/v2\/users\/97"}],"replies":[{"embeddable":true,"href":"https:\/\/dicodusport.fr\/blog\/wp-json\/wp\/v2\/comments?post=461031"}],"version-history":[{"count":5,"href":"https:\/\/dicodusport.fr\/blog\/wp-json\/wp\/v2\/posts\/461031\/revisions"}],"predecessor-version":[{"id":461106,"href":"https:\/\/dicodusport.fr\/blog\/wp-json\/wp\/v2\/posts\/461031\/revisions\/461106"}],"wp:featuredmedia":[{"embeddable":true,"href":"https:\/\/dicodusport.fr\/blog\/wp-json\/wp\/v2\/media\/461084"}],"wp:attachment":[{"href":"https:\/\/dicodusport.fr\/blog\/wp-json\/wp\/v2\/media?parent=461031"}],"wp:term":[{"taxonomy":"category","embeddable":true,"href":"https:\/\/dicodusport.fr\/blog\/wp-json\/wp\/v2\/categories?post=461031"},{"taxonomy":"post_tag","embeddable":true,"href":"https:\/\/dicodusport.fr\/blog\/wp-json\/wp\/v2\/tags?post=461031"}],"curies":[{"name":"wp","href":"https:\/\/api.w.org\/{rel}","templated":true}]}}