{"id":4612,"date":"2017-09-04T14:22:27","date_gmt":"2017-09-04T13:22:27","guid":{"rendered":"http:\/\/dicodusport.fr\/blog\/?p=4612"},"modified":"2021-04-13T23:16:47","modified_gmt":"2021-04-13T21:16:47","slug":"sillage-de-loic-leonard-3-finale-aux-championnats-monde","status":"publish","type":"post","link":"https:\/\/dicodusport.fr\/blog\/sillage-de-loic-leonard-3-finale-aux-championnats-monde\/","title":{"rendered":"Dans le sillage de Lo\u00efc Leonard #3 : Une finale aux championnats du monde"},"content":{"rendered":"<p style=\"text-align: justify;\"><span style=\"color: #000000;\"><em><strong>Jeune champion fran\u00e7ais de cano\u00eb sprint, Lo\u00efc Leonard se donne \u00e0 fond dans tout ce qu&rsquo;il entreprend. Pour le troisi\u00e8me\u00a0\u00e9pisode de \u00ab\u00a0<span style=\"color: #0000ff;\"><a style=\"color: #0000ff;\" href=\"http:\/\/dicodusport.fr\/blog\/sillage-de-loic-leonard-mois-dicodusport-fr\/\">dans le sillage de Lo\u00efc Leonard<\/a><\/span>\u00a0\u00bb, il revient sur les championnats du monde o\u00f9 il a atteint la finale en C2 avec Adrien Bart.<\/strong><\/em><\/span><\/p>\n<p style=\"text-align: justify;\"><span style=\"font-size: 14pt; color: #000000;\"><strong>Mes r\u00e9sultats \/ Mon actualit\u00e9<\/strong><\/span><\/p>\n<p style=\"text-align: justify;\"><span style=\"color: #000000;\">Le mois d&rsquo;ao\u00fbt \u00e9tait tr\u00e8s attendu pour moi. En effet, il s&rsquo;agissait de l&rsquo;objectif final de ma saison avec les championnats du monde en R\u00e9publique tch\u00e8que, o\u00f9 j&rsquo;\u00e9tais align\u00e9 en C2 1000m. Mais, avant cet \u00e9v\u00e9nement, nous avons termin\u00e9, avec l&rsquo;ensemble de l&rsquo;\u00e9quipe de France, notre pr\u00e9paration par un stage sur la base du Temple-sur-Lot. L&rsquo;ambition \u00e9tait d&rsquo;effectuer les derniers r\u00e9glages et d&rsquo;effectuer des entra\u00eenements \u00e0 intensit\u00e9 de course. Pour ma part, l&rsquo;accent a \u00e9t\u00e9 mis sur la r\u00e9gularit\u00e9 et la gestion du 1000m. Le travail s&rsquo;est montr\u00e9 payant lors de la comp\u00e9tition.<\/span><\/p>\n<p style=\"text-align: justify;\"><span style=\"color: #000000;\">Durant les championnats du monde, l&rsquo;objectif pour nous avec Adrien Bart \u00e9tait de r\u00e9aliser nos courses, aller au bout des efforts et ne pas se focaliser sur ce qui se passe dans les couloirs des concurrents. Nous avons bien d\u00e9but\u00e9 avec une 3\u00e8me place en s\u00e9rie qui nous qualifie pour la demi-finale. Une course r\u00e9guli\u00e8re, prudente mais bien construite. Cela nous a donn\u00e9 une bonne base pour la suite de la comp\u00e9tition.<\/span><\/p>\n<p style=\"text-align: justify;\"><span style=\"color: #000000;\">En demi, nous r\u00e9alisons une superbe course, notre meilleure jusqu&rsquo;ici d&rsquo;ailleurs. Un d\u00e9part prudent et nous montons en puissance tout le long de la course avec des relances bien marqu\u00e9es et un sprint final offensif. Notre nouvelle 3\u00e8me place nous permet d&rsquo;acc\u00e9der \u00e0 la finale mondiale !<\/span><\/p>\n<p style=\"text-align: justify;\"><span style=\"color: #000000;\">En finale, \u00e0 cot\u00e9 du bateau allemand qui allait remporter la course, nous partons bien mais rapidement nous devons adapter notre sch\u00e9ma de course \u00e0 cause des vagues qui sont venues perturber notre navigation. Nous r\u00e9alisons tout de m\u00eame une bonne course jusqu&rsquo;aux derniers m\u00e8tres et nous nous classons 8\u00e8me de ces mondiaux.<\/span><\/p>\n<p style=\"text-align: justify;\"><span style=\"font-size: 20px; color: #000000;\"><strong>Bilan \/ course \u00e0 venir<\/strong><\/span><\/p>\n<p style=\"text-align: justify;\"><span style=\"color: #000000;\">Le bilan est satisfaisant et les objectifs grandissent. D\u00e9sormais, place \u00e0 un peu de repos bien m\u00e9rit\u00e9 apr\u00e8s cette longue saison. Cette ann\u00e9e je ne participerai pas aux championnats de France de cano\u00eb marathon car ma saison a d\u00e9j\u00e0 \u00e9t\u00e9 bien rempli. Il n&rsquo;y a pas eu de m\u00e9daille pour l&rsquo;\u00e9quipe de France, mais des r\u00e9sultats encourageants, o\u00f9 tout le monde acc\u00e8de \u00e0 une finale A ou B. Des bateaux qui montent en puissance, la suite de l&rsquo;olympiade s&rsquo;annonce prometteuse.<\/span><\/p>\n<p style=\"text-align: justify;\"><span style=\"color: #000000;\">Je serai le week-end du 10 septembre a Potsdam pour une comp\u00e9tition en duel sur 150m. Au programme, beaucoup de fun et un plateau international relev\u00e9.<\/span><\/p>\n<p style=\"text-align: justify;\"><span style=\"color: #000000;\"><strong><em>Loic L\u00e9onard<br \/>\n<a style=\"color: #000000;\" href=\"https:\/\/twitter.com\/LoicLeonardOff\" target=\"_blank\" rel=\"noopener noreferrer\"><img loading=\"lazy\" decoding=\"async\" class=\"alignnone wp-image-2908\" src=\"http:\/\/dicodusport.fr\/blog\/wp-content\/uploads\/2017\/07\/logo-twitter-150x150.png\" alt=\"\" width=\"39\" height=\"39\" \/><\/a><a style=\"color: #000000;\" href=\"https:\/\/www.facebook.com\/leonardloic\/\" target=\"_blank\" rel=\"noopener noreferrer\"><img loading=\"lazy\" decoding=\"async\" class=\"alignnone wp-image-2909\" src=\"http:\/\/dicodusport.fr\/blog\/wp-content\/uploads\/2017\/07\/logo-facebook-150x150.png\" alt=\"\" width=\"40\" height=\"40\" \/><\/a><br \/>\n<\/em><\/strong><\/span><\/p>\n","protected":false},"excerpt":{"rendered":"<p>Jeune champion fran\u00e7ais de cano\u00eb sprint, Lo\u00efc Leonard se donne \u00e0 fond dans tout ce qu&rsquo;il entreprend. Pour le troisi\u00e8me\u00a0\u00e9pisode de \u00ab\u00a0dans le sillage de Lo\u00efc Leonard\u00a0\u00bb, il revient sur les championnats du monde o\u00f9 il a atteint la finale en C2 avec Adrien Bart. Mes r\u00e9sultats \/ Mon actualit\u00e9 Le mois d&rsquo;ao\u00fbt \u00e9tait tr\u00e8s [&hellip;]<\/p>\n","protected":false},"author":1,"featured_media":4621,"comment_status":"open","ping_status":"closed","sticky":false,"template":"","format":"standard","meta":{"_acf_changed":false,"_daextam_enable_autolinks":"","footnotes":""},"categories":[2016,2315],"tags":[67,1123,1278,1276],"class_list":["post-4612","post","type-post","status-publish","format-standard","has-post-thumbnail","hentry","category-nos-champions","category-sports-aquatiques","tag-canoe","tag-canoe-kayak","tag-canoe-sprint","tag-loic-leonard"],"acf":[],"yoast_head":"<!-- This site is optimized with the Yoast SEO Premium plugin v26.7 (Yoast SEO v26.7) - https:\/\/yoast.com\/wordpress\/plugins\/seo\/ -->\n<title>Dans le sillage de Lo\u00efc Leonard #3 : Une finale aux championnats du monde<\/title>\n<meta name=\"description\" content=\"Pour le troisi\u00e8me \u00e9pisode de \u00ab dans le sillage de Lo\u00efc Leonard \u00bb, il revient sur les championnats du monde o\u00f9 il a atteint la finale en C2 avec Adrien Bart.\" \/>\n<meta name=\"robots\" content=\"index, follow, max-snippet:-1, max-image-preview:large, max-video-preview:-1\" \/>\n<link rel=\"canonical\" href=\"https:\/\/dicodusport.fr\/blog\/sillage-de-loic-leonard-3-finale-aux-championnats-monde\/\" \/>\n<meta property=\"og:locale\" content=\"fr_FR\" \/>\n<meta property=\"og:type\" content=\"article\" \/>\n<meta property=\"og:title\" content=\"Dans le sillage de Lo\u00efc Leonard #3 : Une finale aux championnats du monde\" \/>\n<meta property=\"og:description\" content=\"Pour le troisi\u00e8me \u00e9pisode de \u00ab dans le sillage de Lo\u00efc Leonard \u00bb, il revient sur les championnats du monde o\u00f9 il a atteint la finale en C2 avec Adrien Bart.\" \/>\n<meta property=\"og:url\" content=\"https:\/\/dicodusport.fr\/blog\/sillage-de-loic-leonard-3-finale-aux-championnats-monde\/\" \/>\n<meta property=\"og:site_name\" content=\"Dicodusport\" \/>\n<meta property=\"article:publisher\" content=\"https:\/\/www.facebook.com\/dicodusport\" \/>\n<meta property=\"article:author\" content=\"https:\/\/www.facebook.com\/dicodusport\" \/>\n<meta property=\"article:published_time\" content=\"2017-09-04T13:22:27+00:00\" \/>\n<meta property=\"article:modified_time\" content=\"2021-04-13T21:16:47+00:00\" \/>\n<meta property=\"og:image\" content=\"https:\/\/dicodusport.fr\/blog\/wp-content\/uploads\/2017\/09\/Loic-Leonard-championnats-du-monde.png\" \/>\n\t<meta property=\"og:image:width\" content=\"1200\" \/>\n\t<meta property=\"og:image:height\" content=\"670\" \/>\n\t<meta property=\"og:image:type\" content=\"image\/png\" \/>\n<meta name=\"author\" content=\"Nicolas Jacquemard\" \/>\n<meta name=\"twitter:card\" content=\"summary_large_image\" \/>\n<meta name=\"twitter:creator\" content=\"@https:\/\/twitter.com\/Nico_Jacquemard\" \/>\n<meta name=\"twitter:site\" content=\"@dicodusport\" \/>\n<script type=\"application\/ld+json\" class=\"yoast-schema-graph\">{\"@context\":\"https:\/\/schema.org\",\"@graph\":[{\"@type\":\"NewsArticle\",\"@id\":\"https:\/\/dicodusport.fr\/blog\/sillage-de-loic-leonard-3-finale-aux-championnats-monde\/#article\",\"isPartOf\":{\"@id\":\"https:\/\/dicodusport.fr\/blog\/sillage-de-loic-leonard-3-finale-aux-championnats-monde\/\"},\"author\":{\"name\":\"Nicolas Jacquemard\",\"@id\":\"https:\/\/dicodusport.fr\/blog\/#\/schema\/person\/55dcb50ad410894e431ed812bbb70191\"},\"headline\":\"Dans le sillage de Lo\u00efc Leonard #3 : Une finale aux championnats du monde\",\"datePublished\":\"2017-09-04T13:22:27+00:00\",\"dateModified\":\"2021-04-13T21:16:47+00:00\",\"mainEntityOfPage\":{\"@id\":\"https:\/\/dicodusport.fr\/blog\/sillage-de-loic-leonard-3-finale-aux-championnats-monde\/\"},\"wordCount\":490,\"commentCount\":0,\"publisher\":{\"@id\":\"https:\/\/dicodusport.fr\/blog\/#organization\"},\"image\":{\"@id\":\"https:\/\/dicodusport.fr\/blog\/sillage-de-loic-leonard-3-finale-aux-championnats-monde\/#primaryimage\"},\"thumbnailUrl\":\"https:\/\/dicodusport.fr\/blog\/wp-content\/uploads\/2017\/09\/Loic-Leonard-championnats-du-monde.png\",\"keywords\":[\"cano\u00eb\",\"canoe kayak\",\"canoe sprint\",\"loic leonard\"],\"articleSection\":[\"Nos champions\",\"Sports aquatiques\"],\"inLanguage\":\"fr-FR\",\"potentialAction\":[{\"@type\":\"CommentAction\",\"name\":\"Comment\",\"target\":[\"https:\/\/dicodusport.fr\/blog\/sillage-de-loic-leonard-3-finale-aux-championnats-monde\/#respond\"]}],\"copyrightYear\":\"2017\",\"copyrightHolder\":{\"@id\":\"https:\/\/dicodusport.fr\/blog\/#organization\"}},{\"@type\":\"WebPage\",\"@id\":\"https:\/\/dicodusport.fr\/blog\/sillage-de-loic-leonard-3-finale-aux-championnats-monde\/\",\"url\":\"https:\/\/dicodusport.fr\/blog\/sillage-de-loic-leonard-3-finale-aux-championnats-monde\/\",\"name\":\"Dans le sillage de Lo\u00efc Leonard #3 : Une finale aux championnats du monde\",\"isPartOf\":{\"@id\":\"https:\/\/dicodusport.fr\/blog\/#website\"},\"primaryImageOfPage\":{\"@id\":\"https:\/\/dicodusport.fr\/blog\/sillage-de-loic-leonard-3-finale-aux-championnats-monde\/#primaryimage\"},\"image\":{\"@id\":\"https:\/\/dicodusport.fr\/blog\/sillage-de-loic-leonard-3-finale-aux-championnats-monde\/#primaryimage\"},\"thumbnailUrl\":\"https:\/\/dicodusport.fr\/blog\/wp-content\/uploads\/2017\/09\/Loic-Leonard-championnats-du-monde.png\",\"datePublished\":\"2017-09-04T13:22:27+00:00\",\"dateModified\":\"2021-04-13T21:16:47+00:00\",\"description\":\"Pour le troisi\u00e8me \u00e9pisode de \u00ab dans le sillage de Lo\u00efc Leonard \u00bb, il revient sur les championnats du monde o\u00f9 il a atteint la finale en C2 avec Adrien Bart.\",\"breadcrumb\":{\"@id\":\"https:\/\/dicodusport.fr\/blog\/sillage-de-loic-leonard-3-finale-aux-championnats-monde\/#breadcrumb\"},\"inLanguage\":\"fr-FR\",\"potentialAction\":[{\"@type\":\"ReadAction\",\"target\":[\"https:\/\/dicodusport.fr\/blog\/sillage-de-loic-leonard-3-finale-aux-championnats-monde\/\"]}]},{\"@type\":\"ImageObject\",\"inLanguage\":\"fr-FR\",\"@id\":\"https:\/\/dicodusport.fr\/blog\/sillage-de-loic-leonard-3-finale-aux-championnats-monde\/#primaryimage\",\"url\":\"https:\/\/dicodusport.fr\/blog\/wp-content\/uploads\/2017\/09\/Loic-Leonard-championnats-du-monde.png\",\"contentUrl\":\"https:\/\/dicodusport.fr\/blog\/wp-content\/uploads\/2017\/09\/Loic-Leonard-championnats-du-monde.png\",\"width\":1200,\"height\":670,\"caption\":\"Loic Leonard championnats du monde\"},{\"@type\":\"BreadcrumbList\",\"@id\":\"https:\/\/dicodusport.fr\/blog\/sillage-de-loic-leonard-3-finale-aux-championnats-monde\/#breadcrumb\",\"itemListElement\":[{\"@type\":\"ListItem\",\"position\":1,\"name\":\"Accueil\",\"item\":\"https:\/\/dicodusport.fr\/blog\/\"},{\"@type\":\"ListItem\",\"position\":2,\"name\":\"Dans le sillage de Lo\u00efc Leonard #3 : Une finale aux championnats du monde\"}]},{\"@type\":\"WebSite\",\"@id\":\"https:\/\/dicodusport.fr\/blog\/#website\",\"url\":\"https:\/\/dicodusport.fr\/blog\/\",\"name\":\"Dicodusport\",\"description\":\"L&#039;encyclop\u00e9die de l&#039;actualit\u00e9 sportive\",\"publisher\":{\"@id\":\"https:\/\/dicodusport.fr\/blog\/#organization\"},\"potentialAction\":[{\"@type\":\"SearchAction\",\"target\":{\"@type\":\"EntryPoint\",\"urlTemplate\":\"https:\/\/dicodusport.fr\/blog\/?s={search_term_string}\"},\"query-input\":{\"@type\":\"PropertyValueSpecification\",\"valueRequired\":true,\"valueName\":\"search_term_string\"}}],\"inLanguage\":\"fr-FR\"},{\"@type\":\"NewsMediaOrganization\",\"@id\":\"https:\/\/dicodusport.fr\/blog\/#organization\",\"name\":\"Dicodusport\",\"url\":\"https:\/\/dicodusport.fr\/blog\/\",\"logo\":{\"@type\":\"ImageObject\",\"inLanguage\":\"fr-FR\",\"@id\":\"https:\/\/dicodusport.fr\/blog\/#\/schema\/logo\/image\/\",\"url\":\"https:\/\/dicodusport.fr\/blog\/wp-content\/uploads\/2020\/06\/cropped-LOGO-DICODUSPORT-2020-SANS-FOND-SANS-TEXTE.png\",\"contentUrl\":\"https:\/\/dicodusport.fr\/blog\/wp-content\/uploads\/2020\/06\/cropped-LOGO-DICODUSPORT-2020-SANS-FOND-SANS-TEXTE.png\",\"width\":512,\"height\":512,\"caption\":\"Dicodusport\"},\"image\":{\"@id\":\"https:\/\/dicodusport.fr\/blog\/#\/schema\/logo\/image\/\"},\"sameAs\":[\"https:\/\/www.facebook.com\/dicodusport\",\"https:\/\/x.com\/dicodusport\",\"https:\/\/www.instagram.com\/dicodusport\/\",\"https:\/\/www.youtube.com\/channel\/UC7V2KZ5sd3htJivAbA4ZG3w\"],\"description\":\"Dicodusport est l'encyclop\u00e9die de l'actualit\u00e9 sportive.\",\"email\":\"bonjour@dicodusport.fr\",\"legalName\":\"DICODUSPORT\",\"foundingDate\":\"2018-01-14\",\"vatID\":\"FR71834470973\",\"taxID\":\"83447097300043\",\"numberOfEmployees\":{\"@type\":\"QuantitativeValue\",\"minValue\":\"1\",\"maxValue\":\"10\"}},{\"@type\":\"Person\",\"@id\":\"https:\/\/dicodusport.fr\/blog\/#\/schema\/person\/55dcb50ad410894e431ed812bbb70191\",\"name\":\"Nicolas Jacquemard\",\"image\":{\"@type\":\"ImageObject\",\"inLanguage\":\"fr-FR\",\"@id\":\"https:\/\/dicodusport.fr\/blog\/#\/schema\/person\/image\/\",\"url\":\"https:\/\/dicodusport.fr\/blog\/wp-content\/uploads\/2021\/05\/Nicolas-Jacquemard-150x150.jpeg\",\"contentUrl\":\"https:\/\/dicodusport.fr\/blog\/wp-content\/uploads\/2021\/05\/Nicolas-Jacquemard-150x150.jpeg\",\"caption\":\"Nicolas Jacquemard\"},\"description\":\"Passionn\u00e9 de sport et entrepreneur depuis mes 18 ans, la cr\u00e9ation de Dicodusport m'a sembl\u00e9 \u00e9vidente pour participer \u00e0 la m\u00e9diatisation d'un plus grand nombre de sports. Le chemin est long mais avec une \u00e9quipe des plus motiv\u00e9es et les Jeux Olympiques de Paris 2024 en point de mire, nous y arriverons ! Journaliste dans le monde du sport depuis plus de 5 ans, je traite aussi bien de football, de rugby, de biathlon que de cyclisme.\",\"sameAs\":[\"https:\/\/www.facebook.com\/dicodusport\",\"https:\/\/x.com\/https:\/\/twitter.com\/Nico_Jacquemard\"],\"url\":\"https:\/\/dicodusport.fr\/blog\/author\/dicodusport\/\"}]}<\/script>\n<!-- \/ Yoast SEO Premium plugin. -->","yoast_head_json":{"title":"Dans le sillage de Lo\u00efc Leonard #3 : Une finale aux championnats du monde","description":"Pour le troisi\u00e8me \u00e9pisode de \u00ab dans le sillage de Lo\u00efc Leonard \u00bb, il revient sur les championnats du monde o\u00f9 il a atteint la finale en C2 avec Adrien Bart.","robots":{"index":"index","follow":"follow","max-snippet":"max-snippet:-1","max-image-preview":"max-image-preview:large","max-video-preview":"max-video-preview:-1"},"canonical":"https:\/\/dicodusport.fr\/blog\/sillage-de-loic-leonard-3-finale-aux-championnats-monde\/","og_locale":"fr_FR","og_type":"article","og_title":"Dans le sillage de Lo\u00efc Leonard #3 : Une finale aux championnats du monde","og_description":"Pour le troisi\u00e8me \u00e9pisode de \u00ab dans le sillage de Lo\u00efc Leonard \u00bb, il revient sur les championnats du monde o\u00f9 il a atteint la finale en C2 avec Adrien Bart.","og_url":"https:\/\/dicodusport.fr\/blog\/sillage-de-loic-leonard-3-finale-aux-championnats-monde\/","og_site_name":"Dicodusport","article_publisher":"https:\/\/www.facebook.com\/dicodusport","article_author":"https:\/\/www.facebook.com\/dicodusport","article_published_time":"2017-09-04T13:22:27+00:00","article_modified_time":"2021-04-13T21:16:47+00:00","og_image":[{"width":1200,"height":670,"url":"https:\/\/dicodusport.fr\/blog\/wp-content\/uploads\/2017\/09\/Loic-Leonard-championnats-du-monde.png","type":"image\/png"}],"author":"Nicolas Jacquemard","twitter_card":"summary_large_image","twitter_creator":"@https:\/\/twitter.com\/Nico_Jacquemard","twitter_site":"@dicodusport","schema":{"@context":"https:\/\/schema.org","@graph":[{"@type":"NewsArticle","@id":"https:\/\/dicodusport.fr\/blog\/sillage-de-loic-leonard-3-finale-aux-championnats-monde\/#article","isPartOf":{"@id":"https:\/\/dicodusport.fr\/blog\/sillage-de-loic-leonard-3-finale-aux-championnats-monde\/"},"author":{"name":"Nicolas Jacquemard","@id":"https:\/\/dicodusport.fr\/blog\/#\/schema\/person\/55dcb50ad410894e431ed812bbb70191"},"headline":"Dans le sillage de Lo\u00efc Leonard #3 : Une finale aux championnats du monde","datePublished":"2017-09-04T13:22:27+00:00","dateModified":"2021-04-13T21:16:47+00:00","mainEntityOfPage":{"@id":"https:\/\/dicodusport.fr\/blog\/sillage-de-loic-leonard-3-finale-aux-championnats-monde\/"},"wordCount":490,"commentCount":0,"publisher":{"@id":"https:\/\/dicodusport.fr\/blog\/#organization"},"image":{"@id":"https:\/\/dicodusport.fr\/blog\/sillage-de-loic-leonard-3-finale-aux-championnats-monde\/#primaryimage"},"thumbnailUrl":"https:\/\/dicodusport.fr\/blog\/wp-content\/uploads\/2017\/09\/Loic-Leonard-championnats-du-monde.png","keywords":["cano\u00eb","canoe kayak","canoe sprint","loic leonard"],"articleSection":["Nos champions","Sports aquatiques"],"inLanguage":"fr-FR","potentialAction":[{"@type":"CommentAction","name":"Comment","target":["https:\/\/dicodusport.fr\/blog\/sillage-de-loic-leonard-3-finale-aux-championnats-monde\/#respond"]}],"copyrightYear":"2017","copyrightHolder":{"@id":"https:\/\/dicodusport.fr\/blog\/#organization"}},{"@type":"WebPage","@id":"https:\/\/dicodusport.fr\/blog\/sillage-de-loic-leonard-3-finale-aux-championnats-monde\/","url":"https:\/\/dicodusport.fr\/blog\/sillage-de-loic-leonard-3-finale-aux-championnats-monde\/","name":"Dans le sillage de Lo\u00efc Leonard #3 : Une finale aux championnats du monde","isPartOf":{"@id":"https:\/\/dicodusport.fr\/blog\/#website"},"primaryImageOfPage":{"@id":"https:\/\/dicodusport.fr\/blog\/sillage-de-loic-leonard-3-finale-aux-championnats-monde\/#primaryimage"},"image":{"@id":"https:\/\/dicodusport.fr\/blog\/sillage-de-loic-leonard-3-finale-aux-championnats-monde\/#primaryimage"},"thumbnailUrl":"https:\/\/dicodusport.fr\/blog\/wp-content\/uploads\/2017\/09\/Loic-Leonard-championnats-du-monde.png","datePublished":"2017-09-04T13:22:27+00:00","dateModified":"2021-04-13T21:16:47+00:00","description":"Pour le troisi\u00e8me \u00e9pisode de \u00ab dans le sillage de Lo\u00efc Leonard \u00bb, il revient sur les championnats du monde o\u00f9 il a atteint la finale en C2 avec Adrien Bart.","breadcrumb":{"@id":"https:\/\/dicodusport.fr\/blog\/sillage-de-loic-leonard-3-finale-aux-championnats-monde\/#breadcrumb"},"inLanguage":"fr-FR","potentialAction":[{"@type":"ReadAction","target":["https:\/\/dicodusport.fr\/blog\/sillage-de-loic-leonard-3-finale-aux-championnats-monde\/"]}]},{"@type":"ImageObject","inLanguage":"fr-FR","@id":"https:\/\/dicodusport.fr\/blog\/sillage-de-loic-leonard-3-finale-aux-championnats-monde\/#primaryimage","url":"https:\/\/dicodusport.fr\/blog\/wp-content\/uploads\/2017\/09\/Loic-Leonard-championnats-du-monde.png","contentUrl":"https:\/\/dicodusport.fr\/blog\/wp-content\/uploads\/2017\/09\/Loic-Leonard-championnats-du-monde.png","width":1200,"height":670,"caption":"Loic Leonard championnats du monde"},{"@type":"BreadcrumbList","@id":"https:\/\/dicodusport.fr\/blog\/sillage-de-loic-leonard-3-finale-aux-championnats-monde\/#breadcrumb","itemListElement":[{"@type":"ListItem","position":1,"name":"Accueil","item":"https:\/\/dicodusport.fr\/blog\/"},{"@type":"ListItem","position":2,"name":"Dans le sillage de Lo\u00efc Leonard #3 : Une finale aux championnats du monde"}]},{"@type":"WebSite","@id":"https:\/\/dicodusport.fr\/blog\/#website","url":"https:\/\/dicodusport.fr\/blog\/","name":"Dicodusport","description":"L&#039;encyclop\u00e9die de l&#039;actualit\u00e9 sportive","publisher":{"@id":"https:\/\/dicodusport.fr\/blog\/#organization"},"potentialAction":[{"@type":"SearchAction","target":{"@type":"EntryPoint","urlTemplate":"https:\/\/dicodusport.fr\/blog\/?s={search_term_string}"},"query-input":{"@type":"PropertyValueSpecification","valueRequired":true,"valueName":"search_term_string"}}],"inLanguage":"fr-FR"},{"@type":"NewsMediaOrganization","@id":"https:\/\/dicodusport.fr\/blog\/#organization","name":"Dicodusport","url":"https:\/\/dicodusport.fr\/blog\/","logo":{"@type":"ImageObject","inLanguage":"fr-FR","@id":"https:\/\/dicodusport.fr\/blog\/#\/schema\/logo\/image\/","url":"https:\/\/dicodusport.fr\/blog\/wp-content\/uploads\/2020\/06\/cropped-LOGO-DICODUSPORT-2020-SANS-FOND-SANS-TEXTE.png","contentUrl":"https:\/\/dicodusport.fr\/blog\/wp-content\/uploads\/2020\/06\/cropped-LOGO-DICODUSPORT-2020-SANS-FOND-SANS-TEXTE.png","width":512,"height":512,"caption":"Dicodusport"},"image":{"@id":"https:\/\/dicodusport.fr\/blog\/#\/schema\/logo\/image\/"},"sameAs":["https:\/\/www.facebook.com\/dicodusport","https:\/\/x.com\/dicodusport","https:\/\/www.instagram.com\/dicodusport\/","https:\/\/www.youtube.com\/channel\/UC7V2KZ5sd3htJivAbA4ZG3w"],"description":"Dicodusport est l'encyclop\u00e9die de l'actualit\u00e9 sportive.","email":"bonjour@dicodusport.fr","legalName":"DICODUSPORT","foundingDate":"2018-01-14","vatID":"FR71834470973","taxID":"83447097300043","numberOfEmployees":{"@type":"QuantitativeValue","minValue":"1","maxValue":"10"}},{"@type":"Person","@id":"https:\/\/dicodusport.fr\/blog\/#\/schema\/person\/55dcb50ad410894e431ed812bbb70191","name":"Nicolas Jacquemard","image":{"@type":"ImageObject","inLanguage":"fr-FR","@id":"https:\/\/dicodusport.fr\/blog\/#\/schema\/person\/image\/","url":"https:\/\/dicodusport.fr\/blog\/wp-content\/uploads\/2021\/05\/Nicolas-Jacquemard-150x150.jpeg","contentUrl":"https:\/\/dicodusport.fr\/blog\/wp-content\/uploads\/2021\/05\/Nicolas-Jacquemard-150x150.jpeg","caption":"Nicolas Jacquemard"},"description":"Passionn\u00e9 de sport et entrepreneur depuis mes 18 ans, la cr\u00e9ation de Dicodusport m'a sembl\u00e9 \u00e9vidente pour participer \u00e0 la m\u00e9diatisation d'un plus grand nombre de sports. Le chemin est long mais avec une \u00e9quipe des plus motiv\u00e9es et les Jeux Olympiques de Paris 2024 en point de mire, nous y arriverons ! Journaliste dans le monde du sport depuis plus de 5 ans, je traite aussi bien de football, de rugby, de biathlon que de cyclisme.","sameAs":["https:\/\/www.facebook.com\/dicodusport","https:\/\/x.com\/https:\/\/twitter.com\/Nico_Jacquemard"],"url":"https:\/\/dicodusport.fr\/blog\/author\/dicodusport\/"}]}},"_links":{"self":[{"href":"https:\/\/dicodusport.fr\/blog\/wp-json\/wp\/v2\/posts\/4612","targetHints":{"allow":["GET"]}}],"collection":[{"href":"https:\/\/dicodusport.fr\/blog\/wp-json\/wp\/v2\/posts"}],"about":[{"href":"https:\/\/dicodusport.fr\/blog\/wp-json\/wp\/v2\/types\/post"}],"author":[{"embeddable":true,"href":"https:\/\/dicodusport.fr\/blog\/wp-json\/wp\/v2\/users\/1"}],"replies":[{"embeddable":true,"href":"https:\/\/dicodusport.fr\/blog\/wp-json\/wp\/v2\/comments?post=4612"}],"version-history":[{"count":0,"href":"https:\/\/dicodusport.fr\/blog\/wp-json\/wp\/v2\/posts\/4612\/revisions"}],"wp:featuredmedia":[{"embeddable":true,"href":"https:\/\/dicodusport.fr\/blog\/wp-json\/wp\/v2\/media\/4621"}],"wp:attachment":[{"href":"https:\/\/dicodusport.fr\/blog\/wp-json\/wp\/v2\/media?parent=4612"}],"wp:term":[{"taxonomy":"category","embeddable":true,"href":"https:\/\/dicodusport.fr\/blog\/wp-json\/wp\/v2\/categories?post=4612"},{"taxonomy":"post_tag","embeddable":true,"href":"https:\/\/dicodusport.fr\/blog\/wp-json\/wp\/v2\/tags?post=4612"}],"curies":[{"name":"wp","href":"https:\/\/api.w.org\/{rel}","templated":true}]}}