{"id":46154,"date":"2019-08-23T14:33:31","date_gmt":"2019-08-23T12:33:31","guid":{"rendered":"http:\/\/dicodusport.fr\/blog\/?p=46154"},"modified":"2019-08-23T15:23:25","modified_gmt":"2019-08-23T13:23:25","slug":"fred-dembi-l-objectif-est-d-obtenir-rapidement-le-maintien-ensuite-on-verra","status":"publish","type":"post","link":"https:\/\/dicodusport.fr\/blog\/fred-dembi-l-objectif-est-d-obtenir-rapidement-le-maintien-ensuite-on-verra\/","title":{"rendered":"Fred Dembi : \u00ab L\u2019objectif est d\u2019obtenir rapidement le maintien, ensuite, on verra \u00bb"},"content":{"rendered":"<p style=\"text-align: justify;\"><strong><em>Alors que la saison vient juste de reprendre, entretien avec <a href=\"https:\/\/dicodusport.fr\/blog\/tag\/fc-rouen\/\" target=\"_blank\" rel=\"noopener\">Fred Dembi<\/a>, capitaine du FC Rouen en National 2. Il nous parle notamment des objectifs du club rouennais.<\/em><\/strong><\/p>\n<h2 style=\"text-align: justify;\">Tout d&rsquo;abord, qu&rsquo;avez-vous pens\u00e9 de vos deux premiers matchs ?<\/h2>\n<p style=\"text-align: justify;\">Le premier match \u00e0 Lorient, je ne l\u2019ai pas jou\u00e9, mais l\u2019\u00e9quipe a \u00e9t\u00e9 solide et a ramen\u00e9 les 3 points de ce long d\u00e9placement. Ensuite, le second match a \u00e9t\u00e9 spectaculaire avec beaucoup de buts entre deux bonnes \u00e9quipes qui viennent de d\u00e9couvrir ce niveau, et on en est ressortis vainqueurs, donc c\u2019est positif.<\/p>\n<h2 style=\"text-align: justify;\">D&rsquo;apr\u00e8s vous, quelles sont les \u00e9quipes susceptibles de jouer la mont\u00e9e ?<\/h2>\n<p style=\"text-align: justify;\">Pour moi, les \u00e9quipes susceptibles de monter sont Chartres, Saint-Malo, Granville, Fleury et Vannes, car ce sont de gros clubs qui ont l\u2019exp\u00e9rience de ce championnat.<\/p>\n<h2 style=\"text-align: justify;\">Samedi, vous jouez \u00e0 Vannes, outsider pour la mont\u00e9e et seule \u00e9quipe \u00e0 ne pas avoir encaiss\u00e9 un but. Est-ce d\u00e9j\u00e0 le premier gros test ?<\/h2>\n<p style=\"text-align: justify;\">Oui, samedi c\u2019est un gros test pour nous avec ce d\u00e9placement \u00e0 Vannes qui n\u2019a encaiss\u00e9 aucun but et qui est une \u00e9quipe exp\u00e9riment\u00e9e du championnat de National 2. On va savoir o\u00f9 on en est collectivement avec ce test.<\/p>\n<h2 style=\"text-align: justify;\">Avez-vous bien r\u00e9cup\u00e9r\u00e9 physiquement apr\u00e8s la Coupe des r\u00e9gions en Allemagne ?<\/h2>\n<p style=\"text-align: justify;\">Je ne suis pas encore \u00e0 100% de mes capacit\u00e9s, mais je monte en puissance. La saison derni\u00e8re a \u00e9t\u00e9 excellente, mais elle a \u00e9t\u00e9 aussi tr\u00e8s longue. Le staff a fait et continue de faire tout ce qu\u2019il faut pour que je sois le plus performant possible. J\u2019ai fait une bonne pr\u00e9paration, je me suis senti mieux sur la seconde p\u00e9riode face aux Gobelins. Mes jambes sont en train de revenir.<\/p>\n<h2 style=\"text-align: justify;\">Cette saison, quel est l&rsquo;objectif du FC Rouen ? La mont\u00e9e ou le maintien ?<\/h2>\n<p style=\"text-align: justify;\">On ne vas pas se h\u00e2ter, on sait d\u2019o\u00f9 l\u2019on vient. L\u2019objectif est d\u2019obtenir rapidement le maintien. Ensuite, on verra quand cet objectif sera atteint. Si on est bien class\u00e9 \u00e0 ce moment-l\u00e0, on pourra regarder plus haut. Pour le moment, on prend match apr\u00e8s match avec pour objectif d\u2019engranger le maximum de points.<\/p>\n<h2 style=\"text-align: justify;\">Les recrues se sont-elles bien int\u00e9gr\u00e9es au groupe ? L&rsquo;ambiance est-elle toujours aussi bonne que l&rsquo;ann\u00e9e derni\u00e8re ?<\/h2>\n<p style=\"text-align: justify;\">Oui, les recrues se sont tr\u00e8s bien int\u00e9gr\u00e9es au groupe, il n\u2019y a aucun probl\u00e8me. Au contraire, ils ont apport\u00e9 quelque chose de neuf et \u00e7a fait du bien. L\u2019ambiance n&rsquo;en est que meilleure.<\/p>\n<h2 style=\"text-align: justify;\">Existe-t-il une grosse diff\u00e9rence de niveau entre le National 2 et le National 3 ?<\/h2>\n<p style=\"text-align: justify;\">Oui, il y a une grosse diff\u00e9rence de niveau entre le National 3 et le National 2 : c\u2019est plus tactique, plus athl\u00e9tique, et il y a des joueurs dans plusieurs \u00e9quipes qui peuvent \u00e9voluer dans le monde professionnel mais qui n\u2019ont pas eu cette chance.\u00a0\u00c0 nous de vite nous adapter \u00e0 ce championnat pour r\u00e9aliser l\u00e0 meilleure saison possible.<\/p>\n<p><em><strong>Nelson Emane<br \/>\n<a href=\"https:\/\/twitter.com\/LeCanariNormand\"><img loading=\"lazy\" decoding=\"async\" class=\"alignnone size-full wp-image-2908\" src=\"http:\/\/dicodusport.fr\/blog\/wp-content\/uploads\/2017\/07\/logo-twitter-e1516110106986.png\" alt=\"\" width=\"39\" height=\"39\" \/><\/a><\/strong><\/em><\/p>\n","protected":false},"excerpt":{"rendered":"<p>Alors que la saison vient juste de reprendre, entretien avec Fred Dembi, capitaine du FC Rouen en National 2. Il nous parle notamment des objectifs du club rouennais.<\/p>\n","protected":false},"author":29,"featured_media":31850,"comment_status":"open","ping_status":"closed","sticky":false,"template":"","format":"standard","meta":{"_acf_changed":false,"_daextam_enable_autolinks":"","footnotes":""},"categories":[2301],"tags":[5541,75,8043],"class_list":["post-46154","post","type-post","status-publish","format-standard","has-post-thumbnail","hentry","category-football","tag-fc-rouen","tag-football","tag-national-2"],"acf":[],"yoast_head":"<!-- This site is optimized with the Yoast SEO Premium plugin v26.7 (Yoast SEO v26.7) - https:\/\/yoast.com\/wordpress\/plugins\/seo\/ -->\n<title>Fred Dembi : \u00ab L\u2019objectif est d\u2019obtenir rapidement le maintien, ensuite, on verra \u00bb<\/title>\n<meta name=\"description\" content=\"Alors que la saison vient juste de reprendre, entretien avec Fred Dembi, capitaine du FC Rouen en National 2. Il nous parle notamment des objectifs du club.\" \/>\n<meta name=\"robots\" content=\"index, follow, max-snippet:-1, max-image-preview:large, max-video-preview:-1\" \/>\n<link rel=\"canonical\" href=\"https:\/\/dicodusport.fr\/blog\/fred-dembi-l-objectif-est-d-obtenir-rapidement-le-maintien-ensuite-on-verra\/\" \/>\n<meta property=\"og:locale\" content=\"fr_FR\" \/>\n<meta property=\"og:type\" content=\"article\" \/>\n<meta property=\"og:title\" content=\"Fred Dembi : \u00ab L\u2019objectif est d\u2019obtenir rapidement le maintien, ensuite, on verra \u00bb\" \/>\n<meta property=\"og:description\" content=\"Alors que la saison vient juste de reprendre, entretien avec Fred Dembi, capitaine du FC Rouen en National 2. Il nous parle notamment des objectifs du club.\" \/>\n<meta property=\"og:url\" content=\"https:\/\/dicodusport.fr\/blog\/fred-dembi-l-objectif-est-d-obtenir-rapidement-le-maintien-ensuite-on-verra\/\" \/>\n<meta property=\"og:site_name\" content=\"Dicodusport\" \/>\n<meta property=\"article:publisher\" content=\"https:\/\/www.facebook.com\/dicodusport\" \/>\n<meta property=\"article:published_time\" content=\"2019-08-23T12:33:31+00:00\" \/>\n<meta property=\"article:modified_time\" content=\"2019-08-23T13:23:25+00:00\" \/>\n<meta property=\"og:image\" content=\"https:\/\/dicodusport.fr\/blog\/wp-content\/uploads\/2019\/01\/Fred-Dembi-FC-Rouen-2019.png\" \/>\n\t<meta property=\"og:image:width\" content=\"800\" \/>\n\t<meta property=\"og:image:height\" content=\"445\" \/>\n\t<meta property=\"og:image:type\" content=\"image\/png\" \/>\n<meta name=\"author\" content=\"Nelson\" \/>\n<meta name=\"twitter:card\" content=\"summary_large_image\" \/>\n<meta name=\"twitter:title\" content=\"Fred Dembi : \u00ab L\u2019objectif est d\u2019obtenir rapidement le maintien, ensuite, on verra \u00bb\" \/>\n<meta name=\"twitter:creator\" content=\"@dicodusport\" \/>\n<meta name=\"twitter:site\" content=\"@dicodusport\" \/>\n<script type=\"application\/ld+json\" class=\"yoast-schema-graph\">{\"@context\":\"https:\/\/schema.org\",\"@graph\":[{\"@type\":\"NewsArticle\",\"@id\":\"https:\/\/dicodusport.fr\/blog\/fred-dembi-l-objectif-est-d-obtenir-rapidement-le-maintien-ensuite-on-verra\/#article\",\"isPartOf\":{\"@id\":\"https:\/\/dicodusport.fr\/blog\/fred-dembi-l-objectif-est-d-obtenir-rapidement-le-maintien-ensuite-on-verra\/\"},\"author\":{\"name\":\"Nelson\",\"@id\":\"https:\/\/dicodusport.fr\/blog\/#\/schema\/person\/5116a629167122a65c59ff0df3ccec05\"},\"headline\":\"Fred Dembi : \u00ab L\u2019objectif est d\u2019obtenir rapidement le maintien, ensuite, on verra \u00bb\",\"datePublished\":\"2019-08-23T12:33:31+00:00\",\"dateModified\":\"2019-08-23T13:23:25+00:00\",\"mainEntityOfPage\":{\"@id\":\"https:\/\/dicodusport.fr\/blog\/fred-dembi-l-objectif-est-d-obtenir-rapidement-le-maintien-ensuite-on-verra\/\"},\"wordCount\":525,\"commentCount\":0,\"publisher\":{\"@id\":\"https:\/\/dicodusport.fr\/blog\/#organization\"},\"image\":{\"@id\":\"https:\/\/dicodusport.fr\/blog\/fred-dembi-l-objectif-est-d-obtenir-rapidement-le-maintien-ensuite-on-verra\/#primaryimage\"},\"thumbnailUrl\":\"https:\/\/dicodusport.fr\/blog\/wp-content\/uploads\/2019\/01\/Fred-Dembi-FC-Rouen-2019.png\",\"keywords\":[\"FC Rouen\",\"Football\",\"National 2\"],\"articleSection\":[\"Football\"],\"inLanguage\":\"fr-FR\",\"potentialAction\":[{\"@type\":\"CommentAction\",\"name\":\"Comment\",\"target\":[\"https:\/\/dicodusport.fr\/blog\/fred-dembi-l-objectif-est-d-obtenir-rapidement-le-maintien-ensuite-on-verra\/#respond\"]}],\"copyrightYear\":\"2019\",\"copyrightHolder\":{\"@id\":\"https:\/\/dicodusport.fr\/blog\/#organization\"}},{\"@type\":\"WebPage\",\"@id\":\"https:\/\/dicodusport.fr\/blog\/fred-dembi-l-objectif-est-d-obtenir-rapidement-le-maintien-ensuite-on-verra\/\",\"url\":\"https:\/\/dicodusport.fr\/blog\/fred-dembi-l-objectif-est-d-obtenir-rapidement-le-maintien-ensuite-on-verra\/\",\"name\":\"Fred Dembi : \u00ab L\u2019objectif est d\u2019obtenir rapidement le maintien, ensuite, on verra \u00bb\",\"isPartOf\":{\"@id\":\"https:\/\/dicodusport.fr\/blog\/#website\"},\"primaryImageOfPage\":{\"@id\":\"https:\/\/dicodusport.fr\/blog\/fred-dembi-l-objectif-est-d-obtenir-rapidement-le-maintien-ensuite-on-verra\/#primaryimage\"},\"image\":{\"@id\":\"https:\/\/dicodusport.fr\/blog\/fred-dembi-l-objectif-est-d-obtenir-rapidement-le-maintien-ensuite-on-verra\/#primaryimage\"},\"thumbnailUrl\":\"https:\/\/dicodusport.fr\/blog\/wp-content\/uploads\/2019\/01\/Fred-Dembi-FC-Rouen-2019.png\",\"datePublished\":\"2019-08-23T12:33:31+00:00\",\"dateModified\":\"2019-08-23T13:23:25+00:00\",\"description\":\"Alors que la saison vient juste de reprendre, entretien avec Fred Dembi, capitaine du FC Rouen en National 2. Il nous parle notamment des objectifs du club.\",\"breadcrumb\":{\"@id\":\"https:\/\/dicodusport.fr\/blog\/fred-dembi-l-objectif-est-d-obtenir-rapidement-le-maintien-ensuite-on-verra\/#breadcrumb\"},\"inLanguage\":\"fr-FR\",\"potentialAction\":[{\"@type\":\"ReadAction\",\"target\":[\"https:\/\/dicodusport.fr\/blog\/fred-dembi-l-objectif-est-d-obtenir-rapidement-le-maintien-ensuite-on-verra\/\"]}]},{\"@type\":\"ImageObject\",\"inLanguage\":\"fr-FR\",\"@id\":\"https:\/\/dicodusport.fr\/blog\/fred-dembi-l-objectif-est-d-obtenir-rapidement-le-maintien-ensuite-on-verra\/#primaryimage\",\"url\":\"https:\/\/dicodusport.fr\/blog\/wp-content\/uploads\/2019\/01\/Fred-Dembi-FC-Rouen-2019.png\",\"contentUrl\":\"https:\/\/dicodusport.fr\/blog\/wp-content\/uploads\/2019\/01\/Fred-Dembi-FC-Rouen-2019.png\",\"width\":800,\"height\":445},{\"@type\":\"BreadcrumbList\",\"@id\":\"https:\/\/dicodusport.fr\/blog\/fred-dembi-l-objectif-est-d-obtenir-rapidement-le-maintien-ensuite-on-verra\/#breadcrumb\",\"itemListElement\":[{\"@type\":\"ListItem\",\"position\":1,\"name\":\"Accueil\",\"item\":\"https:\/\/dicodusport.fr\/blog\/\"},{\"@type\":\"ListItem\",\"position\":2,\"name\":\"Fred Dembi : \u00ab L\u2019objectif est d\u2019obtenir rapidement le maintien, ensuite, on verra \u00bb\"}]},{\"@type\":\"WebSite\",\"@id\":\"https:\/\/dicodusport.fr\/blog\/#website\",\"url\":\"https:\/\/dicodusport.fr\/blog\/\",\"name\":\"Dicodusport\",\"description\":\"L&#039;encyclop\u00e9die de l&#039;actualit\u00e9 sportive\",\"publisher\":{\"@id\":\"https:\/\/dicodusport.fr\/blog\/#organization\"},\"potentialAction\":[{\"@type\":\"SearchAction\",\"target\":{\"@type\":\"EntryPoint\",\"urlTemplate\":\"https:\/\/dicodusport.fr\/blog\/?s={search_term_string}\"},\"query-input\":{\"@type\":\"PropertyValueSpecification\",\"valueRequired\":true,\"valueName\":\"search_term_string\"}}],\"inLanguage\":\"fr-FR\"},{\"@type\":\"NewsMediaOrganization\",\"@id\":\"https:\/\/dicodusport.fr\/blog\/#organization\",\"name\":\"Dicodusport\",\"url\":\"https:\/\/dicodusport.fr\/blog\/\",\"logo\":{\"@type\":\"ImageObject\",\"inLanguage\":\"fr-FR\",\"@id\":\"https:\/\/dicodusport.fr\/blog\/#\/schema\/logo\/image\/\",\"url\":\"https:\/\/dicodusport.fr\/blog\/wp-content\/uploads\/2020\/06\/cropped-LOGO-DICODUSPORT-2020-SANS-FOND-SANS-TEXTE.png\",\"contentUrl\":\"https:\/\/dicodusport.fr\/blog\/wp-content\/uploads\/2020\/06\/cropped-LOGO-DICODUSPORT-2020-SANS-FOND-SANS-TEXTE.png\",\"width\":512,\"height\":512,\"caption\":\"Dicodusport\"},\"image\":{\"@id\":\"https:\/\/dicodusport.fr\/blog\/#\/schema\/logo\/image\/\"},\"sameAs\":[\"https:\/\/www.facebook.com\/dicodusport\",\"https:\/\/x.com\/dicodusport\",\"https:\/\/www.instagram.com\/dicodusport\/\",\"https:\/\/www.youtube.com\/channel\/UC7V2KZ5sd3htJivAbA4ZG3w\"],\"description\":\"Dicodusport est l'encyclop\u00e9die de l'actualit\u00e9 sportive.\",\"email\":\"bonjour@dicodusport.fr\",\"legalName\":\"DICODUSPORT\",\"foundingDate\":\"2018-01-14\",\"vatID\":\"FR71834470973\",\"taxID\":\"83447097300043\",\"numberOfEmployees\":{\"@type\":\"QuantitativeValue\",\"minValue\":\"1\",\"maxValue\":\"10\"}},{\"@type\":\"Person\",\"@id\":\"https:\/\/dicodusport.fr\/blog\/#\/schema\/person\/5116a629167122a65c59ff0df3ccec05\",\"name\":\"Nelson\",\"image\":{\"@type\":\"ImageObject\",\"inLanguage\":\"fr-FR\",\"@id\":\"https:\/\/dicodusport.fr\/blog\/#\/schema\/person\/image\/\",\"url\":\"https:\/\/dicodusport.fr\/blog\/wp-content\/uploads\/2017\/01\/cropped-logo-dicodusport-sans-fond-150x150.png\",\"contentUrl\":\"https:\/\/dicodusport.fr\/blog\/wp-content\/uploads\/2017\/01\/cropped-logo-dicodusport-sans-fond-150x150.png\",\"caption\":\"Nelson\"},\"url\":\"https:\/\/dicodusport.fr\/blog\/author\/nelson\/\"}]}<\/script>\n<!-- \/ Yoast SEO Premium plugin. -->","yoast_head_json":{"title":"Fred Dembi : \u00ab L\u2019objectif est d\u2019obtenir rapidement le maintien, ensuite, on verra \u00bb","description":"Alors que la saison vient juste de reprendre, entretien avec Fred Dembi, capitaine du FC Rouen en National 2. Il nous parle notamment des objectifs du club.","robots":{"index":"index","follow":"follow","max-snippet":"max-snippet:-1","max-image-preview":"max-image-preview:large","max-video-preview":"max-video-preview:-1"},"canonical":"https:\/\/dicodusport.fr\/blog\/fred-dembi-l-objectif-est-d-obtenir-rapidement-le-maintien-ensuite-on-verra\/","og_locale":"fr_FR","og_type":"article","og_title":"Fred Dembi : \u00ab L\u2019objectif est d\u2019obtenir rapidement le maintien, ensuite, on verra \u00bb","og_description":"Alors que la saison vient juste de reprendre, entretien avec Fred Dembi, capitaine du FC Rouen en National 2. Il nous parle notamment des objectifs du club.","og_url":"https:\/\/dicodusport.fr\/blog\/fred-dembi-l-objectif-est-d-obtenir-rapidement-le-maintien-ensuite-on-verra\/","og_site_name":"Dicodusport","article_publisher":"https:\/\/www.facebook.com\/dicodusport","article_published_time":"2019-08-23T12:33:31+00:00","article_modified_time":"2019-08-23T13:23:25+00:00","og_image":[{"width":800,"height":445,"url":"https:\/\/dicodusport.fr\/blog\/wp-content\/uploads\/2019\/01\/Fred-Dembi-FC-Rouen-2019.png","type":"image\/png"}],"author":"Nelson","twitter_card":"summary_large_image","twitter_title":"Fred Dembi : \u00ab L\u2019objectif est d\u2019obtenir rapidement le maintien, ensuite, on verra \u00bb","twitter_creator":"@dicodusport","twitter_site":"@dicodusport","schema":{"@context":"https:\/\/schema.org","@graph":[{"@type":"NewsArticle","@id":"https:\/\/dicodusport.fr\/blog\/fred-dembi-l-objectif-est-d-obtenir-rapidement-le-maintien-ensuite-on-verra\/#article","isPartOf":{"@id":"https:\/\/dicodusport.fr\/blog\/fred-dembi-l-objectif-est-d-obtenir-rapidement-le-maintien-ensuite-on-verra\/"},"author":{"name":"Nelson","@id":"https:\/\/dicodusport.fr\/blog\/#\/schema\/person\/5116a629167122a65c59ff0df3ccec05"},"headline":"Fred Dembi : \u00ab L\u2019objectif est d\u2019obtenir rapidement le maintien, ensuite, on verra \u00bb","datePublished":"2019-08-23T12:33:31+00:00","dateModified":"2019-08-23T13:23:25+00:00","mainEntityOfPage":{"@id":"https:\/\/dicodusport.fr\/blog\/fred-dembi-l-objectif-est-d-obtenir-rapidement-le-maintien-ensuite-on-verra\/"},"wordCount":525,"commentCount":0,"publisher":{"@id":"https:\/\/dicodusport.fr\/blog\/#organization"},"image":{"@id":"https:\/\/dicodusport.fr\/blog\/fred-dembi-l-objectif-est-d-obtenir-rapidement-le-maintien-ensuite-on-verra\/#primaryimage"},"thumbnailUrl":"https:\/\/dicodusport.fr\/blog\/wp-content\/uploads\/2019\/01\/Fred-Dembi-FC-Rouen-2019.png","keywords":["FC Rouen","Football","National 2"],"articleSection":["Football"],"inLanguage":"fr-FR","potentialAction":[{"@type":"CommentAction","name":"Comment","target":["https:\/\/dicodusport.fr\/blog\/fred-dembi-l-objectif-est-d-obtenir-rapidement-le-maintien-ensuite-on-verra\/#respond"]}],"copyrightYear":"2019","copyrightHolder":{"@id":"https:\/\/dicodusport.fr\/blog\/#organization"}},{"@type":"WebPage","@id":"https:\/\/dicodusport.fr\/blog\/fred-dembi-l-objectif-est-d-obtenir-rapidement-le-maintien-ensuite-on-verra\/","url":"https:\/\/dicodusport.fr\/blog\/fred-dembi-l-objectif-est-d-obtenir-rapidement-le-maintien-ensuite-on-verra\/","name":"Fred Dembi : \u00ab L\u2019objectif est d\u2019obtenir rapidement le maintien, ensuite, on verra \u00bb","isPartOf":{"@id":"https:\/\/dicodusport.fr\/blog\/#website"},"primaryImageOfPage":{"@id":"https:\/\/dicodusport.fr\/blog\/fred-dembi-l-objectif-est-d-obtenir-rapidement-le-maintien-ensuite-on-verra\/#primaryimage"},"image":{"@id":"https:\/\/dicodusport.fr\/blog\/fred-dembi-l-objectif-est-d-obtenir-rapidement-le-maintien-ensuite-on-verra\/#primaryimage"},"thumbnailUrl":"https:\/\/dicodusport.fr\/blog\/wp-content\/uploads\/2019\/01\/Fred-Dembi-FC-Rouen-2019.png","datePublished":"2019-08-23T12:33:31+00:00","dateModified":"2019-08-23T13:23:25+00:00","description":"Alors que la saison vient juste de reprendre, entretien avec Fred Dembi, capitaine du FC Rouen en National 2. Il nous parle notamment des objectifs du club.","breadcrumb":{"@id":"https:\/\/dicodusport.fr\/blog\/fred-dembi-l-objectif-est-d-obtenir-rapidement-le-maintien-ensuite-on-verra\/#breadcrumb"},"inLanguage":"fr-FR","potentialAction":[{"@type":"ReadAction","target":["https:\/\/dicodusport.fr\/blog\/fred-dembi-l-objectif-est-d-obtenir-rapidement-le-maintien-ensuite-on-verra\/"]}]},{"@type":"ImageObject","inLanguage":"fr-FR","@id":"https:\/\/dicodusport.fr\/blog\/fred-dembi-l-objectif-est-d-obtenir-rapidement-le-maintien-ensuite-on-verra\/#primaryimage","url":"https:\/\/dicodusport.fr\/blog\/wp-content\/uploads\/2019\/01\/Fred-Dembi-FC-Rouen-2019.png","contentUrl":"https:\/\/dicodusport.fr\/blog\/wp-content\/uploads\/2019\/01\/Fred-Dembi-FC-Rouen-2019.png","width":800,"height":445},{"@type":"BreadcrumbList","@id":"https:\/\/dicodusport.fr\/blog\/fred-dembi-l-objectif-est-d-obtenir-rapidement-le-maintien-ensuite-on-verra\/#breadcrumb","itemListElement":[{"@type":"ListItem","position":1,"name":"Accueil","item":"https:\/\/dicodusport.fr\/blog\/"},{"@type":"ListItem","position":2,"name":"Fred Dembi : \u00ab L\u2019objectif est d\u2019obtenir rapidement le maintien, ensuite, on verra \u00bb"}]},{"@type":"WebSite","@id":"https:\/\/dicodusport.fr\/blog\/#website","url":"https:\/\/dicodusport.fr\/blog\/","name":"Dicodusport","description":"L&#039;encyclop\u00e9die de l&#039;actualit\u00e9 sportive","publisher":{"@id":"https:\/\/dicodusport.fr\/blog\/#organization"},"potentialAction":[{"@type":"SearchAction","target":{"@type":"EntryPoint","urlTemplate":"https:\/\/dicodusport.fr\/blog\/?s={search_term_string}"},"query-input":{"@type":"PropertyValueSpecification","valueRequired":true,"valueName":"search_term_string"}}],"inLanguage":"fr-FR"},{"@type":"NewsMediaOrganization","@id":"https:\/\/dicodusport.fr\/blog\/#organization","name":"Dicodusport","url":"https:\/\/dicodusport.fr\/blog\/","logo":{"@type":"ImageObject","inLanguage":"fr-FR","@id":"https:\/\/dicodusport.fr\/blog\/#\/schema\/logo\/image\/","url":"https:\/\/dicodusport.fr\/blog\/wp-content\/uploads\/2020\/06\/cropped-LOGO-DICODUSPORT-2020-SANS-FOND-SANS-TEXTE.png","contentUrl":"https:\/\/dicodusport.fr\/blog\/wp-content\/uploads\/2020\/06\/cropped-LOGO-DICODUSPORT-2020-SANS-FOND-SANS-TEXTE.png","width":512,"height":512,"caption":"Dicodusport"},"image":{"@id":"https:\/\/dicodusport.fr\/blog\/#\/schema\/logo\/image\/"},"sameAs":["https:\/\/www.facebook.com\/dicodusport","https:\/\/x.com\/dicodusport","https:\/\/www.instagram.com\/dicodusport\/","https:\/\/www.youtube.com\/channel\/UC7V2KZ5sd3htJivAbA4ZG3w"],"description":"Dicodusport est l'encyclop\u00e9die de l'actualit\u00e9 sportive.","email":"bonjour@dicodusport.fr","legalName":"DICODUSPORT","foundingDate":"2018-01-14","vatID":"FR71834470973","taxID":"83447097300043","numberOfEmployees":{"@type":"QuantitativeValue","minValue":"1","maxValue":"10"}},{"@type":"Person","@id":"https:\/\/dicodusport.fr\/blog\/#\/schema\/person\/5116a629167122a65c59ff0df3ccec05","name":"Nelson","image":{"@type":"ImageObject","inLanguage":"fr-FR","@id":"https:\/\/dicodusport.fr\/blog\/#\/schema\/person\/image\/","url":"https:\/\/dicodusport.fr\/blog\/wp-content\/uploads\/2017\/01\/cropped-logo-dicodusport-sans-fond-150x150.png","contentUrl":"https:\/\/dicodusport.fr\/blog\/wp-content\/uploads\/2017\/01\/cropped-logo-dicodusport-sans-fond-150x150.png","caption":"Nelson"},"url":"https:\/\/dicodusport.fr\/blog\/author\/nelson\/"}]}},"_links":{"self":[{"href":"https:\/\/dicodusport.fr\/blog\/wp-json\/wp\/v2\/posts\/46154","targetHints":{"allow":["GET"]}}],"collection":[{"href":"https:\/\/dicodusport.fr\/blog\/wp-json\/wp\/v2\/posts"}],"about":[{"href":"https:\/\/dicodusport.fr\/blog\/wp-json\/wp\/v2\/types\/post"}],"author":[{"embeddable":true,"href":"https:\/\/dicodusport.fr\/blog\/wp-json\/wp\/v2\/users\/29"}],"replies":[{"embeddable":true,"href":"https:\/\/dicodusport.fr\/blog\/wp-json\/wp\/v2\/comments?post=46154"}],"version-history":[{"count":0,"href":"https:\/\/dicodusport.fr\/blog\/wp-json\/wp\/v2\/posts\/46154\/revisions"}],"wp:featuredmedia":[{"embeddable":true,"href":"https:\/\/dicodusport.fr\/blog\/wp-json\/wp\/v2\/media\/31850"}],"wp:attachment":[{"href":"https:\/\/dicodusport.fr\/blog\/wp-json\/wp\/v2\/media?parent=46154"}],"wp:term":[{"taxonomy":"category","embeddable":true,"href":"https:\/\/dicodusport.fr\/blog\/wp-json\/wp\/v2\/categories?post=46154"},{"taxonomy":"post_tag","embeddable":true,"href":"https:\/\/dicodusport.fr\/blog\/wp-json\/wp\/v2\/tags?post=46154"}],"curies":[{"name":"wp","href":"https:\/\/api.w.org\/{rel}","templated":true}]}}