{"id":46161,"date":"2019-08-23T10:43:27","date_gmt":"2019-08-23T08:43:27","guid":{"rendered":"http:\/\/dicodusport.fr\/blog\/?p=46161"},"modified":"2019-08-23T13:00:33","modified_gmt":"2019-08-23T11:00:33","slug":"le-rc-strasbourg-alsace-se-donne-le-droit-de-rever","status":"publish","type":"post","link":"https:\/\/dicodusport.fr\/blog\/le-rc-strasbourg-alsace-se-donne-le-droit-de-rever\/","title":{"rendered":"Le RC Strasbourg Alsace se donne le droit de r\u00eaver"},"content":{"rendered":"<p style=\"text-align: justify;\"><em><strong>Dans le match aller des barrages pour une qualification en Ligue Europa, le RC Strasbourg Alsace s&rsquo;est impos\u00e9 1-0 \u00e0 la Meinau face \u00e0 l&rsquo;Eintracht Francfort. Une tr\u00e8s belle performance des hommes de Thierry Lauret qui ont fait un premier pas vers la qualification.<\/strong><\/em><\/p>\n<h1 style=\"text-align: justify;\">Des Alsaciens en folie puis solides<\/h1>\n<p style=\"text-align: justify;\">Les Strasbourgeois en \u00e9taient conscients d\u00e8s le d\u00e9but de la rencontre, il fallait prendre une option sur la qualification d\u00e8s ce match aller, avant l&rsquo;enfer attendu en Allemagne la semaine prochaine. Sous l&rsquo;impulsion du feu follet <strong>Kevin Zohi, buteur \u00e0 la 33\u00e8me minute<\/strong>, <strong>Strasbourg<\/strong> a r\u00e9alis\u00e9 une premi\u00e8re mi-temps aboutie. Loin de son jeu ferm\u00e9 depuis quelques semaines, nous avons pu voir hier des Alsaciens lib\u00e9r\u00e9s et orient\u00e9s vers l&rsquo;offensive, ne laissant respirer que tr\u00e8s peu <strong>l&rsquo;Eintracht<\/strong>.<\/p>\n<p><a href=\"https:\/\/twitter.com\/RCSA\/status\/1164633835566522375?ref_src=twsrc%5Etfw%7Ctwcamp%5Etweetembed%7Ctwterm%5E1164633835566522375&#038;ref_url=https%3A%2F%2Fsport.francetvinfo.fr%2Ffootball%2Fligue-europa%2Feuropa-league-strasbourg-simpose-face-francfort-en-barrage-aller-1-0\">https:\/\/twitter.com\/RCSA\/status\/1164633835566522375?ref_src=twsrc%5Etfw%7Ctwcamp%5Etweetembed%7Ctwterm%5E1164633835566522375&amp;ref_url=https%3A%2F%2Fsport.francetvinfo.fr%2Ffootball%2Fligue-europa%2Feuropa-league-strasbourg-simpose-face-francfort-en-barrage-aller-1-0<\/a><\/p>\n<p style=\"text-align: justify;\">En seconde p\u00e9riode, <strong>l&rsquo;Eintracht Francfort<\/strong> a mis le pied sur le ballon. Plus dominateurs, les Allemands n&rsquo;ont pour autant pas r\u00e9ussi \u00e0 changer le rythme pour faire mal \u00e0 un <strong>Strasbourg<\/strong> bien regroup\u00e9. Avec un <strong>Matz Sels<\/strong> toujours aussi impressionnant dans les cages strasbourgeoises, les co\u00e9quipiers de <strong>Kenny Lala<\/strong> ont r\u00e9ussi le gros coup de tenir face \u00e0 la possession de Francfort. Un double visage montr\u00e9 par Strasbourg qui colle \u00e0 la politique du coach <strong>Lauret<\/strong> ces derniers temps \u00e0 Strasbourg. Une vraie d\u00e9bauche d&rsquo;\u00e9nergie, un collectif r\u00f4d\u00e9 et un mental \u00e0 tout \u00e9preuve. Et en plus, si le <strong>RCSA<\/strong> se remet \u00e0 attaquer comme en premi\u00e8re p\u00e9riode, il est permis de r\u00eaver \u00e0 une potentielle qualification.<\/p>\n<p style=\"text-align: justify;\">Match retour au <strong>Commerzbank Arena<\/strong> de Francfort le jeudi 29 ao\u00fbt \u00e0 20h<\/p>\n<p><em><strong>Romain Delanis<br \/>\n<\/strong><\/em><em><strong><a href=\"https:\/\/twitter.com\/RDelanis\" target=\"_blank\" rel=\"noopener noreferrer\"><img loading=\"lazy\" decoding=\"async\" class=\"alignnone wp-image-2908\" src=\"http:\/\/dicodusport.fr\/blog\/wp-content\/uploads\/2017\/07\/logo-twitter-150x150.png\" alt=\"\" width=\"39\" height=\"39\" \/><\/a><\/strong><\/em><\/p>\n","protected":false},"excerpt":{"rendered":"<p>Dans le match aller des barrages pour une qualification en Ligue Europa, le RC Strasbourg Alsace s&rsquo;est impos\u00e9 1-0 \u00e0 la Meinau face \u00e0 l&rsquo;Eintracht Francfort.<\/p>\n","protected":false},"author":14,"featured_media":46185,"comment_status":"open","ping_status":"closed","sticky":false,"template":"","format":"standard","meta":{"_acf_changed":false,"_daextam_enable_autolinks":"","footnotes":""},"categories":[2301],"tags":[8580,75,4437,7550],"class_list":["post-46161","post","type-post","status-publish","format-standard","has-post-thumbnail","hentry","category-football","tag-eintracht-francfort","tag-football","tag-ligue-europa","tag-rc-strasbourg-alsace"],"acf":[],"yoast_head":"<!-- This site is optimized with the Yoast SEO Premium plugin v26.7 (Yoast SEO v26.7) - https:\/\/yoast.com\/wordpress\/plugins\/seo\/ -->\n<title>Le RC Strasbourg Alsace se donne le droit de r\u00eaver<\/title>\n<meta name=\"description\" content=\"Dans le match aller des barrages pour une qualification en Ligue Europa, le RC Strasbourg Alsace s&#039;est impos\u00e9 1-0 \u00e0 la Meinau face \u00e0 l&#039;Eintracht Francfort.\" \/>\n<meta name=\"robots\" content=\"index, follow, max-snippet:-1, max-image-preview:large, max-video-preview:-1\" \/>\n<link rel=\"canonical\" href=\"https:\/\/dicodusport.fr\/blog\/le-rc-strasbourg-alsace-se-donne-le-droit-de-rever\/\" \/>\n<meta property=\"og:locale\" content=\"fr_FR\" \/>\n<meta property=\"og:type\" content=\"article\" \/>\n<meta property=\"og:title\" content=\"Le RC Strasbourg se donne le droit de r\u00eaver\" \/>\n<meta property=\"og:description\" content=\"Dans le match aller des barrages pour une qualification en Ligue Europa, le RC Strasbourg Alsace s&#039;est impos\u00e9 1-0 \u00e0 la Meinau face \u00e0 l&#039;Eintracht Francfort.\" \/>\n<meta property=\"og:url\" content=\"https:\/\/dicodusport.fr\/blog\/le-rc-strasbourg-alsace-se-donne-le-droit-de-rever\/\" \/>\n<meta property=\"og:site_name\" content=\"Dicodusport\" \/>\n<meta property=\"article:publisher\" content=\"https:\/\/www.facebook.com\/dicodusport\" \/>\n<meta property=\"article:published_time\" content=\"2019-08-23T08:43:27+00:00\" \/>\n<meta property=\"article:modified_time\" content=\"2019-08-23T11:00:33+00:00\" \/>\n<meta property=\"og:image\" content=\"https:\/\/dicodusport.fr\/blog\/wp-content\/uploads\/2019\/08\/Le-r\u00eave-est-permis-pour-le-RC-Strasbourg.png\" \/>\n\t<meta property=\"og:image:width\" content=\"800\" \/>\n\t<meta property=\"og:image:height\" content=\"445\" \/>\n\t<meta property=\"og:image:type\" content=\"image\/png\" \/>\n<meta name=\"author\" content=\"Romain Delanis\" \/>\n<meta name=\"twitter:card\" content=\"summary_large_image\" \/>\n<meta name=\"twitter:title\" content=\"Le RC Strasbourg se donne le droit de r\u00eaver\" \/>\n<meta name=\"twitter:creator\" content=\"@https:\/\/twitter.com\/RDelanis\" \/>\n<meta name=\"twitter:site\" content=\"@dicodusport\" \/>\n<script type=\"application\/ld+json\" class=\"yoast-schema-graph\">{\"@context\":\"https:\/\/schema.org\",\"@graph\":[{\"@type\":\"NewsArticle\",\"@id\":\"https:\/\/dicodusport.fr\/blog\/le-rc-strasbourg-alsace-se-donne-le-droit-de-rever\/#article\",\"isPartOf\":{\"@id\":\"https:\/\/dicodusport.fr\/blog\/le-rc-strasbourg-alsace-se-donne-le-droit-de-rever\/\"},\"author\":{\"name\":\"Romain Delanis\",\"@id\":\"https:\/\/dicodusport.fr\/blog\/#\/schema\/person\/8c78730a59f8a1e617f7a19026ebc14a\"},\"headline\":\"Le RC Strasbourg Alsace se donne le droit de r\u00eaver\",\"datePublished\":\"2019-08-23T08:43:27+00:00\",\"dateModified\":\"2019-08-23T11:00:33+00:00\",\"mainEntityOfPage\":{\"@id\":\"https:\/\/dicodusport.fr\/blog\/le-rc-strasbourg-alsace-se-donne-le-droit-de-rever\/\"},\"wordCount\":314,\"commentCount\":0,\"publisher\":{\"@id\":\"https:\/\/dicodusport.fr\/blog\/#organization\"},\"image\":{\"@id\":\"https:\/\/dicodusport.fr\/blog\/le-rc-strasbourg-alsace-se-donne-le-droit-de-rever\/#primaryimage\"},\"thumbnailUrl\":\"https:\/\/dicodusport.fr\/blog\/wp-content\/uploads\/2019\/08\/Le-r\u00eave-est-permis-pour-le-RC-Strasbourg.png\",\"keywords\":[\"Eintracht Francfort\",\"Football\",\"Ligue Europa\",\"RC Strasbourg Alsace\"],\"articleSection\":[\"Football\"],\"inLanguage\":\"fr-FR\",\"potentialAction\":[{\"@type\":\"CommentAction\",\"name\":\"Comment\",\"target\":[\"https:\/\/dicodusport.fr\/blog\/le-rc-strasbourg-alsace-se-donne-le-droit-de-rever\/#respond\"]}],\"copyrightYear\":\"2019\",\"copyrightHolder\":{\"@id\":\"https:\/\/dicodusport.fr\/blog\/#organization\"}},{\"@type\":\"WebPage\",\"@id\":\"https:\/\/dicodusport.fr\/blog\/le-rc-strasbourg-alsace-se-donne-le-droit-de-rever\/\",\"url\":\"https:\/\/dicodusport.fr\/blog\/le-rc-strasbourg-alsace-se-donne-le-droit-de-rever\/\",\"name\":\"Le RC Strasbourg Alsace se donne le droit de r\u00eaver\",\"isPartOf\":{\"@id\":\"https:\/\/dicodusport.fr\/blog\/#website\"},\"primaryImageOfPage\":{\"@id\":\"https:\/\/dicodusport.fr\/blog\/le-rc-strasbourg-alsace-se-donne-le-droit-de-rever\/#primaryimage\"},\"image\":{\"@id\":\"https:\/\/dicodusport.fr\/blog\/le-rc-strasbourg-alsace-se-donne-le-droit-de-rever\/#primaryimage\"},\"thumbnailUrl\":\"https:\/\/dicodusport.fr\/blog\/wp-content\/uploads\/2019\/08\/Le-r\u00eave-est-permis-pour-le-RC-Strasbourg.png\",\"datePublished\":\"2019-08-23T08:43:27+00:00\",\"dateModified\":\"2019-08-23T11:00:33+00:00\",\"description\":\"Dans le match aller des barrages pour une qualification en Ligue Europa, le RC Strasbourg Alsace s'est impos\u00e9 1-0 \u00e0 la Meinau face \u00e0 l'Eintracht Francfort.\",\"breadcrumb\":{\"@id\":\"https:\/\/dicodusport.fr\/blog\/le-rc-strasbourg-alsace-se-donne-le-droit-de-rever\/#breadcrumb\"},\"inLanguage\":\"fr-FR\",\"potentialAction\":[{\"@type\":\"ReadAction\",\"target\":[\"https:\/\/dicodusport.fr\/blog\/le-rc-strasbourg-alsace-se-donne-le-droit-de-rever\/\"]}]},{\"@type\":\"ImageObject\",\"inLanguage\":\"fr-FR\",\"@id\":\"https:\/\/dicodusport.fr\/blog\/le-rc-strasbourg-alsace-se-donne-le-droit-de-rever\/#primaryimage\",\"url\":\"https:\/\/dicodusport.fr\/blog\/wp-content\/uploads\/2019\/08\/Le-r\u00eave-est-permis-pour-le-RC-Strasbourg.png\",\"contentUrl\":\"https:\/\/dicodusport.fr\/blog\/wp-content\/uploads\/2019\/08\/Le-r\u00eave-est-permis-pour-le-RC-Strasbourg.png\",\"width\":800,\"height\":445},{\"@type\":\"BreadcrumbList\",\"@id\":\"https:\/\/dicodusport.fr\/blog\/le-rc-strasbourg-alsace-se-donne-le-droit-de-rever\/#breadcrumb\",\"itemListElement\":[{\"@type\":\"ListItem\",\"position\":1,\"name\":\"Accueil\",\"item\":\"https:\/\/dicodusport.fr\/blog\/\"},{\"@type\":\"ListItem\",\"position\":2,\"name\":\"Le RC Strasbourg Alsace se donne le droit de r\u00eaver\"}]},{\"@type\":\"WebSite\",\"@id\":\"https:\/\/dicodusport.fr\/blog\/#website\",\"url\":\"https:\/\/dicodusport.fr\/blog\/\",\"name\":\"Dicodusport\",\"description\":\"L&#039;encyclop\u00e9die de l&#039;actualit\u00e9 sportive\",\"publisher\":{\"@id\":\"https:\/\/dicodusport.fr\/blog\/#organization\"},\"potentialAction\":[{\"@type\":\"SearchAction\",\"target\":{\"@type\":\"EntryPoint\",\"urlTemplate\":\"https:\/\/dicodusport.fr\/blog\/?s={search_term_string}\"},\"query-input\":{\"@type\":\"PropertyValueSpecification\",\"valueRequired\":true,\"valueName\":\"search_term_string\"}}],\"inLanguage\":\"fr-FR\"},{\"@type\":\"NewsMediaOrganization\",\"@id\":\"https:\/\/dicodusport.fr\/blog\/#organization\",\"name\":\"Dicodusport\",\"url\":\"https:\/\/dicodusport.fr\/blog\/\",\"logo\":{\"@type\":\"ImageObject\",\"inLanguage\":\"fr-FR\",\"@id\":\"https:\/\/dicodusport.fr\/blog\/#\/schema\/logo\/image\/\",\"url\":\"https:\/\/dicodusport.fr\/blog\/wp-content\/uploads\/2020\/06\/cropped-LOGO-DICODUSPORT-2020-SANS-FOND-SANS-TEXTE.png\",\"contentUrl\":\"https:\/\/dicodusport.fr\/blog\/wp-content\/uploads\/2020\/06\/cropped-LOGO-DICODUSPORT-2020-SANS-FOND-SANS-TEXTE.png\",\"width\":512,\"height\":512,\"caption\":\"Dicodusport\"},\"image\":{\"@id\":\"https:\/\/dicodusport.fr\/blog\/#\/schema\/logo\/image\/\"},\"sameAs\":[\"https:\/\/www.facebook.com\/dicodusport\",\"https:\/\/x.com\/dicodusport\",\"https:\/\/www.instagram.com\/dicodusport\/\",\"https:\/\/www.youtube.com\/channel\/UC7V2KZ5sd3htJivAbA4ZG3w\"],\"description\":\"Dicodusport est l'encyclop\u00e9die de l'actualit\u00e9 sportive.\",\"email\":\"bonjour@dicodusport.fr\",\"legalName\":\"DICODUSPORT\",\"foundingDate\":\"2018-01-14\",\"vatID\":\"FR71834470973\",\"taxID\":\"83447097300043\",\"numberOfEmployees\":{\"@type\":\"QuantitativeValue\",\"minValue\":\"1\",\"maxValue\":\"10\"}},{\"@type\":\"Person\",\"@id\":\"https:\/\/dicodusport.fr\/blog\/#\/schema\/person\/8c78730a59f8a1e617f7a19026ebc14a\",\"name\":\"Romain Delanis\",\"image\":{\"@type\":\"ImageObject\",\"inLanguage\":\"fr-FR\",\"@id\":\"https:\/\/dicodusport.fr\/blog\/#\/schema\/person\/image\/\",\"url\":\"https:\/\/dicodusport.fr\/blog\/wp-content\/uploads\/2021\/05\/Romain-Delanis-150x150.jpg\",\"contentUrl\":\"https:\/\/dicodusport.fr\/blog\/wp-content\/uploads\/2021\/05\/Romain-Delanis-150x150.jpg\",\"caption\":\"Romain Delanis\"},\"description\":\"Journaliste\/R\u00e9dacteur depuis novembre 2015 - Capable de passer un samedi apr\u00e8s-midi devant la Ligue 2 puis le biathlon sans oublier la finale de l\u2019ATP Rotterdam, j\u2019aime aussi mettre mon r\u00e9veil pour me faire un Pistons\/Bulls qui rappelle de bons souvenirs. Tout cela, j\u2019ai choisi il y a maintenant quelques temps de vous le raconter avec Dicodusport, pour vous faire vivre ma passion parfois inconsid\u00e9r\u00e9e pour le sport en g\u00e9n\u00e9ral (mais surtout le foot faut se l\u2019avouer).\",\"sameAs\":[\"https:\/\/x.com\/https:\/\/twitter.com\/RDelanis\"],\"url\":\"https:\/\/dicodusport.fr\/blog\/author\/romain\/\"}]}<\/script>\n<!-- \/ Yoast SEO Premium plugin. -->","yoast_head_json":{"title":"Le RC Strasbourg Alsace se donne le droit de r\u00eaver","description":"Dans le match aller des barrages pour une qualification en Ligue Europa, le RC Strasbourg Alsace s'est impos\u00e9 1-0 \u00e0 la Meinau face \u00e0 l'Eintracht Francfort.","robots":{"index":"index","follow":"follow","max-snippet":"max-snippet:-1","max-image-preview":"max-image-preview:large","max-video-preview":"max-video-preview:-1"},"canonical":"https:\/\/dicodusport.fr\/blog\/le-rc-strasbourg-alsace-se-donne-le-droit-de-rever\/","og_locale":"fr_FR","og_type":"article","og_title":"Le RC Strasbourg se donne le droit de r\u00eaver","og_description":"Dans le match aller des barrages pour une qualification en Ligue Europa, le RC Strasbourg Alsace s'est impos\u00e9 1-0 \u00e0 la Meinau face \u00e0 l'Eintracht Francfort.","og_url":"https:\/\/dicodusport.fr\/blog\/le-rc-strasbourg-alsace-se-donne-le-droit-de-rever\/","og_site_name":"Dicodusport","article_publisher":"https:\/\/www.facebook.com\/dicodusport","article_published_time":"2019-08-23T08:43:27+00:00","article_modified_time":"2019-08-23T11:00:33+00:00","og_image":[{"width":800,"height":445,"url":"https:\/\/dicodusport.fr\/blog\/wp-content\/uploads\/2019\/08\/Le-r\u00eave-est-permis-pour-le-RC-Strasbourg.png","type":"image\/png"}],"author":"Romain Delanis","twitter_card":"summary_large_image","twitter_title":"Le RC Strasbourg se donne le droit de r\u00eaver","twitter_creator":"@https:\/\/twitter.com\/RDelanis","twitter_site":"@dicodusport","schema":{"@context":"https:\/\/schema.org","@graph":[{"@type":"NewsArticle","@id":"https:\/\/dicodusport.fr\/blog\/le-rc-strasbourg-alsace-se-donne-le-droit-de-rever\/#article","isPartOf":{"@id":"https:\/\/dicodusport.fr\/blog\/le-rc-strasbourg-alsace-se-donne-le-droit-de-rever\/"},"author":{"name":"Romain Delanis","@id":"https:\/\/dicodusport.fr\/blog\/#\/schema\/person\/8c78730a59f8a1e617f7a19026ebc14a"},"headline":"Le RC Strasbourg Alsace se donne le droit de r\u00eaver","datePublished":"2019-08-23T08:43:27+00:00","dateModified":"2019-08-23T11:00:33+00:00","mainEntityOfPage":{"@id":"https:\/\/dicodusport.fr\/blog\/le-rc-strasbourg-alsace-se-donne-le-droit-de-rever\/"},"wordCount":314,"commentCount":0,"publisher":{"@id":"https:\/\/dicodusport.fr\/blog\/#organization"},"image":{"@id":"https:\/\/dicodusport.fr\/blog\/le-rc-strasbourg-alsace-se-donne-le-droit-de-rever\/#primaryimage"},"thumbnailUrl":"https:\/\/dicodusport.fr\/blog\/wp-content\/uploads\/2019\/08\/Le-r\u00eave-est-permis-pour-le-RC-Strasbourg.png","keywords":["Eintracht Francfort","Football","Ligue Europa","RC Strasbourg Alsace"],"articleSection":["Football"],"inLanguage":"fr-FR","potentialAction":[{"@type":"CommentAction","name":"Comment","target":["https:\/\/dicodusport.fr\/blog\/le-rc-strasbourg-alsace-se-donne-le-droit-de-rever\/#respond"]}],"copyrightYear":"2019","copyrightHolder":{"@id":"https:\/\/dicodusport.fr\/blog\/#organization"}},{"@type":"WebPage","@id":"https:\/\/dicodusport.fr\/blog\/le-rc-strasbourg-alsace-se-donne-le-droit-de-rever\/","url":"https:\/\/dicodusport.fr\/blog\/le-rc-strasbourg-alsace-se-donne-le-droit-de-rever\/","name":"Le RC Strasbourg Alsace se donne le droit de r\u00eaver","isPartOf":{"@id":"https:\/\/dicodusport.fr\/blog\/#website"},"primaryImageOfPage":{"@id":"https:\/\/dicodusport.fr\/blog\/le-rc-strasbourg-alsace-se-donne-le-droit-de-rever\/#primaryimage"},"image":{"@id":"https:\/\/dicodusport.fr\/blog\/le-rc-strasbourg-alsace-se-donne-le-droit-de-rever\/#primaryimage"},"thumbnailUrl":"https:\/\/dicodusport.fr\/blog\/wp-content\/uploads\/2019\/08\/Le-r\u00eave-est-permis-pour-le-RC-Strasbourg.png","datePublished":"2019-08-23T08:43:27+00:00","dateModified":"2019-08-23T11:00:33+00:00","description":"Dans le match aller des barrages pour une qualification en Ligue Europa, le RC Strasbourg Alsace s'est impos\u00e9 1-0 \u00e0 la Meinau face \u00e0 l'Eintracht Francfort.","breadcrumb":{"@id":"https:\/\/dicodusport.fr\/blog\/le-rc-strasbourg-alsace-se-donne-le-droit-de-rever\/#breadcrumb"},"inLanguage":"fr-FR","potentialAction":[{"@type":"ReadAction","target":["https:\/\/dicodusport.fr\/blog\/le-rc-strasbourg-alsace-se-donne-le-droit-de-rever\/"]}]},{"@type":"ImageObject","inLanguage":"fr-FR","@id":"https:\/\/dicodusport.fr\/blog\/le-rc-strasbourg-alsace-se-donne-le-droit-de-rever\/#primaryimage","url":"https:\/\/dicodusport.fr\/blog\/wp-content\/uploads\/2019\/08\/Le-r\u00eave-est-permis-pour-le-RC-Strasbourg.png","contentUrl":"https:\/\/dicodusport.fr\/blog\/wp-content\/uploads\/2019\/08\/Le-r\u00eave-est-permis-pour-le-RC-Strasbourg.png","width":800,"height":445},{"@type":"BreadcrumbList","@id":"https:\/\/dicodusport.fr\/blog\/le-rc-strasbourg-alsace-se-donne-le-droit-de-rever\/#breadcrumb","itemListElement":[{"@type":"ListItem","position":1,"name":"Accueil","item":"https:\/\/dicodusport.fr\/blog\/"},{"@type":"ListItem","position":2,"name":"Le RC Strasbourg Alsace se donne le droit de r\u00eaver"}]},{"@type":"WebSite","@id":"https:\/\/dicodusport.fr\/blog\/#website","url":"https:\/\/dicodusport.fr\/blog\/","name":"Dicodusport","description":"L&#039;encyclop\u00e9die de l&#039;actualit\u00e9 sportive","publisher":{"@id":"https:\/\/dicodusport.fr\/blog\/#organization"},"potentialAction":[{"@type":"SearchAction","target":{"@type":"EntryPoint","urlTemplate":"https:\/\/dicodusport.fr\/blog\/?s={search_term_string}"},"query-input":{"@type":"PropertyValueSpecification","valueRequired":true,"valueName":"search_term_string"}}],"inLanguage":"fr-FR"},{"@type":"NewsMediaOrganization","@id":"https:\/\/dicodusport.fr\/blog\/#organization","name":"Dicodusport","url":"https:\/\/dicodusport.fr\/blog\/","logo":{"@type":"ImageObject","inLanguage":"fr-FR","@id":"https:\/\/dicodusport.fr\/blog\/#\/schema\/logo\/image\/","url":"https:\/\/dicodusport.fr\/blog\/wp-content\/uploads\/2020\/06\/cropped-LOGO-DICODUSPORT-2020-SANS-FOND-SANS-TEXTE.png","contentUrl":"https:\/\/dicodusport.fr\/blog\/wp-content\/uploads\/2020\/06\/cropped-LOGO-DICODUSPORT-2020-SANS-FOND-SANS-TEXTE.png","width":512,"height":512,"caption":"Dicodusport"},"image":{"@id":"https:\/\/dicodusport.fr\/blog\/#\/schema\/logo\/image\/"},"sameAs":["https:\/\/www.facebook.com\/dicodusport","https:\/\/x.com\/dicodusport","https:\/\/www.instagram.com\/dicodusport\/","https:\/\/www.youtube.com\/channel\/UC7V2KZ5sd3htJivAbA4ZG3w"],"description":"Dicodusport est l'encyclop\u00e9die de l'actualit\u00e9 sportive.","email":"bonjour@dicodusport.fr","legalName":"DICODUSPORT","foundingDate":"2018-01-14","vatID":"FR71834470973","taxID":"83447097300043","numberOfEmployees":{"@type":"QuantitativeValue","minValue":"1","maxValue":"10"}},{"@type":"Person","@id":"https:\/\/dicodusport.fr\/blog\/#\/schema\/person\/8c78730a59f8a1e617f7a19026ebc14a","name":"Romain Delanis","image":{"@type":"ImageObject","inLanguage":"fr-FR","@id":"https:\/\/dicodusport.fr\/blog\/#\/schema\/person\/image\/","url":"https:\/\/dicodusport.fr\/blog\/wp-content\/uploads\/2021\/05\/Romain-Delanis-150x150.jpg","contentUrl":"https:\/\/dicodusport.fr\/blog\/wp-content\/uploads\/2021\/05\/Romain-Delanis-150x150.jpg","caption":"Romain Delanis"},"description":"Journaliste\/R\u00e9dacteur depuis novembre 2015 - Capable de passer un samedi apr\u00e8s-midi devant la Ligue 2 puis le biathlon sans oublier la finale de l\u2019ATP Rotterdam, j\u2019aime aussi mettre mon r\u00e9veil pour me faire un Pistons\/Bulls qui rappelle de bons souvenirs. Tout cela, j\u2019ai choisi il y a maintenant quelques temps de vous le raconter avec Dicodusport, pour vous faire vivre ma passion parfois inconsid\u00e9r\u00e9e pour le sport en g\u00e9n\u00e9ral (mais surtout le foot faut se l\u2019avouer).","sameAs":["https:\/\/x.com\/https:\/\/twitter.com\/RDelanis"],"url":"https:\/\/dicodusport.fr\/blog\/author\/romain\/"}]}},"_links":{"self":[{"href":"https:\/\/dicodusport.fr\/blog\/wp-json\/wp\/v2\/posts\/46161","targetHints":{"allow":["GET"]}}],"collection":[{"href":"https:\/\/dicodusport.fr\/blog\/wp-json\/wp\/v2\/posts"}],"about":[{"href":"https:\/\/dicodusport.fr\/blog\/wp-json\/wp\/v2\/types\/post"}],"author":[{"embeddable":true,"href":"https:\/\/dicodusport.fr\/blog\/wp-json\/wp\/v2\/users\/14"}],"replies":[{"embeddable":true,"href":"https:\/\/dicodusport.fr\/blog\/wp-json\/wp\/v2\/comments?post=46161"}],"version-history":[{"count":0,"href":"https:\/\/dicodusport.fr\/blog\/wp-json\/wp\/v2\/posts\/46161\/revisions"}],"wp:featuredmedia":[{"embeddable":true,"href":"https:\/\/dicodusport.fr\/blog\/wp-json\/wp\/v2\/media\/46185"}],"wp:attachment":[{"href":"https:\/\/dicodusport.fr\/blog\/wp-json\/wp\/v2\/media?parent=46161"}],"wp:term":[{"taxonomy":"category","embeddable":true,"href":"https:\/\/dicodusport.fr\/blog\/wp-json\/wp\/v2\/categories?post=46161"},{"taxonomy":"post_tag","embeddable":true,"href":"https:\/\/dicodusport.fr\/blog\/wp-json\/wp\/v2\/tags?post=46161"}],"curies":[{"name":"wp","href":"https:\/\/api.w.org\/{rel}","templated":true}]}}