{"id":461665,"date":"2024-02-10T08:46:09","date_gmt":"2024-02-10T07:46:09","guid":{"rendered":"https:\/\/dicodusport.fr\/blog\/?p=461665&#038;preview=true&#038;preview_id=461665"},"modified":"2024-02-19T18:21:19","modified_gmt":"2024-02-19T17:21:19","slug":"transferts-hugo-djehi-devrait-quitter-colomiers-pour-un-autre-club-de-pro-d2","status":"publish","type":"post","link":"https:\/\/dicodusport.fr\/blog\/transferts-hugo-djehi-devrait-quitter-colomiers-pour-un-autre-club-de-pro-d2\/","title":{"rendered":"Transferts : Hugo Djehi devrait quitter Colomiers pour un autre club de Pro D2"},"content":{"rendered":"<p style=\"text-align: justify;\"><strong><em>RUGBY \u00c0 XV &#8211; Selon le Midi Olympique, Hugo Djehi devrait quitter Colomiers pour rejoindre Vannes la saison prochaine.\u00a0<\/em><\/strong><\/p>\n<p style=\"text-align: justify;\"><strong>Colomiers<\/strong> reste sur une belle victoire face \u00e0 <strong>Dax<\/strong> et pointe \u00e0 la sixi\u00e8me place au classement de <strong>Pro<\/strong> <strong>D2<\/strong>, synonyme de phases finales, apr\u00e8s la 20\u00e8me journ\u00e9e. En coulisses, le club s&rsquo;active pour la saison prochaine et va devoir composer un effectif avec une masse salariale revue \u00e0 la baisse. <strong>Wa\u00ebl<\/strong> <strong>Ponpon<\/strong> est d\u00e9j\u00e0 annonc\u00e9 partant et devrait rejoindre <strong>Mont-de-Marsan<\/strong>.<\/p>\n<ul style=\"text-align: justify;\">\n<li style=\"text-align: justify;\"><strong>\u00c0 ce sujet &#8211; <a href=\"https:\/\/dicodusport.fr\/blog\/transferts-colomiers-wael-ponpon-va-rejoindre-un-nouveau-club-en-pro-d2\/\" target=\"_blank\" rel=\"noopener\">Transferts Colomiers : Wa\u00ebl Ponpon va rejoindre un nouveau club en Pro D2<\/a><\/strong><\/li>\n<\/ul>\n<h2 style=\"text-align: justify;\">Djehi vers Vannes<\/h2>\n<p style=\"text-align: justify;\">Mais ce n&rsquo;est pas le seul avant de l&rsquo;effectif qui va quitter le navire au terme de la saison 2023-2024. Vannes, leader de <strong>Pro<\/strong> <strong>D2<\/strong>, est en qu\u00eate d&rsquo;un pilier gauche pour remplacer <strong>Andy<\/strong> <strong>Bordelai,<\/strong> qui a d\u00e9cid\u00e9 de tenter l&rsquo;aventure en Top 14 avec l&rsquo;<strong>Aviron<\/strong> <strong>Bayonnais.<\/strong> Le club breton aurait jet\u00e9 son d\u00e9volu sur <strong>Hugo<\/strong> <strong>Djehi<\/strong> et l&rsquo;op\u00e9ration serait en bonne voie.<\/p>\n<ul>\n<li style=\"text-align: justify;\"><strong>\u00c0 ce sujet &#8211; <a href=\"https:\/\/dicodusport.fr\/blog\/transferts-colomiers-andrew-ready-sur-le-depart-2-clubs-sur-le-coup\/\">Transferts Colomiers : Andrew Ready sur le d\u00e9part, 2 clubs sur le coup<\/a>\u00a0<\/strong><\/li>\n<\/ul>\n<p style=\"text-align: justify;\">Form\u00e9 \u00e0 <strong>Colomiers<\/strong>, <strong>Hugo<\/strong> <strong>Djehi<\/strong> compte 71 matchs chez les professionnels, dont la moiti\u00e9 comme titulaire. Cette saison, il a \u00e9t\u00e9 inscrit sur neuf feuilles de match pour sept titularisations. Sauf retournement de situation, il sera un joueur de <strong>Vannes<\/strong> la saison prochaine et pourrait m\u00eame d\u00e9couvrir le <strong>Top<\/strong> <strong>14<\/strong> si les Bretons valident leur mont\u00e9e au terme de cette saison.<\/p>\n<blockquote class=\"twitter-tweet\">\n<p dir=\"ltr\" lang=\"zxx\"><a href=\"https:\/\/t.co\/LvyCUBwltd\">https:\/\/t.co\/LvyCUBwltd<\/a><\/p>\n<p>\u2014 Nicolas Jacquemard (@Nico_Jacquemard) <a href=\"https:\/\/twitter.com\/Nico_Jacquemard\/status\/1756220892688867590?ref_src=twsrc%5Etfw\">February 10, 2024<\/a><\/p><\/blockquote>\n<p style=\"text-align: justify;\"><script async src=\"https:\/\/platform.twitter.com\/widgets.js\" charset=\"utf-8\"><\/script><\/p>\n","protected":false},"excerpt":{"rendered":"<p>RUGBY \u00c0 XV &#8211; Selon le Midi Olympique, Hugo Djehi devrait quitter Colomiers pour rejoindre Vannes la saison prochaine.\u00a0<\/p>\n","protected":false},"author":1,"featured_media":461669,"comment_status":"open","ping_status":"closed","sticky":false,"template":"","format":"standard","meta":{"_acf_changed":false,"_daextam_enable_autolinks":"1","footnotes":""},"categories":[9129],"tags":[16878,8161,1839,29105,8584],"class_list":["post-461665","post","type-post","status-publish","format-standard","has-post-thumbnail","hentry","category-rugby-a-xv","tag-breve","tag-colomiers","tag-pro-d2","tag-transferts-rugby","tag-vannes"],"acf":[],"yoast_head":"<!-- This site is optimized with the Yoast SEO Premium plugin v26.7 (Yoast SEO v26.7) - https:\/\/yoast.com\/wordpress\/plugins\/seo\/ -->\n<title>Transferts : Hugo Djehi devrait quitter Colomiers pour un autre club de Pro D2<\/title>\n<meta name=\"description\" content=\"RUGBY \u00c0 XV - Selon le Midi Olympique, Hugo Djehi devrait quitter Colomiers pour rejoindre Vannes la saison prochaine.\u00a0\" \/>\n<meta name=\"robots\" content=\"index, follow, max-snippet:-1, max-image-preview:large, max-video-preview:-1\" \/>\n<link rel=\"canonical\" href=\"https:\/\/dicodusport.fr\/blog\/transferts-hugo-djehi-devrait-quitter-colomiers-pour-un-autre-club-de-pro-d2\/\" \/>\n<meta property=\"og:locale\" content=\"fr_FR\" \/>\n<meta property=\"og:type\" content=\"article\" \/>\n<meta property=\"og:title\" content=\"Transferts : Hugo Djehi devrait quitter Colomiers pour un autre club de Pro D2\" \/>\n<meta property=\"og:description\" content=\"RUGBY \u00c0 XV - Selon le Midi Olympique, Hugo Djehi devrait quitter Colomiers pour rejoindre Vannes la saison prochaine.\u00a0\" \/>\n<meta property=\"og:url\" content=\"https:\/\/dicodusport.fr\/blog\/transferts-hugo-djehi-devrait-quitter-colomiers-pour-un-autre-club-de-pro-d2\/\" \/>\n<meta property=\"og:site_name\" content=\"Dicodusport\" \/>\n<meta property=\"article:publisher\" content=\"https:\/\/www.facebook.com\/dicodusport\" \/>\n<meta property=\"article:author\" content=\"https:\/\/www.facebook.com\/dicodusport\" \/>\n<meta property=\"article:published_time\" content=\"2024-02-10T07:46:09+00:00\" \/>\n<meta property=\"article:modified_time\" content=\"2024-02-19T17:21:19+00:00\" \/>\n<meta property=\"og:image\" content=\"https:\/\/dicodusport.fr\/blog\/wp-content\/uploads\/2024\/02\/Transferts-Hugo-Djehi-devrait-quitter-Colomiers-pour-un-autre-club-de-Pro-D2.png\" \/>\n\t<meta property=\"og:image:width\" content=\"1200\" \/>\n\t<meta property=\"og:image:height\" content=\"674\" \/>\n\t<meta property=\"og:image:type\" content=\"image\/png\" \/>\n<meta name=\"author\" content=\"Nicolas Jacquemard\" \/>\n<meta name=\"twitter:card\" content=\"summary_large_image\" \/>\n<meta name=\"twitter:title\" content=\"Transferts : Hugo Djehi devrait quitter Colomiers pour un autre club de Pro D2\" \/>\n<meta name=\"twitter:creator\" content=\"@https:\/\/twitter.com\/Nico_Jacquemard\" \/>\n<meta name=\"twitter:site\" content=\"@dicodusport\" \/>\n<script type=\"application\/ld+json\" class=\"yoast-schema-graph\">{\"@context\":\"https:\/\/schema.org\",\"@graph\":[{\"@type\":\"NewsArticle\",\"@id\":\"https:\/\/dicodusport.fr\/blog\/transferts-hugo-djehi-devrait-quitter-colomiers-pour-un-autre-club-de-pro-d2\/#article\",\"isPartOf\":{\"@id\":\"https:\/\/dicodusport.fr\/blog\/transferts-hugo-djehi-devrait-quitter-colomiers-pour-un-autre-club-de-pro-d2\/\"},\"author\":{\"name\":\"Nicolas Jacquemard\",\"@id\":\"https:\/\/dicodusport.fr\/blog\/#\/schema\/person\/55dcb50ad410894e431ed812bbb70191\"},\"headline\":\"Transferts : Hugo Djehi devrait quitter Colomiers pour un autre club de Pro D2\",\"datePublished\":\"2024-02-10T07:46:09+00:00\",\"dateModified\":\"2024-02-19T17:21:19+00:00\",\"mainEntityOfPage\":{\"@id\":\"https:\/\/dicodusport.fr\/blog\/transferts-hugo-djehi-devrait-quitter-colomiers-pour-un-autre-club-de-pro-d2\/\"},\"wordCount\":271,\"commentCount\":0,\"publisher\":{\"@id\":\"https:\/\/dicodusport.fr\/blog\/#organization\"},\"image\":{\"@id\":\"https:\/\/dicodusport.fr\/blog\/transferts-hugo-djehi-devrait-quitter-colomiers-pour-un-autre-club-de-pro-d2\/#primaryimage\"},\"thumbnailUrl\":\"https:\/\/dicodusport.fr\/blog\/wp-content\/uploads\/2024\/02\/Transferts-Hugo-Djehi-devrait-quitter-Colomiers-pour-un-autre-club-de-Pro-D2.png\",\"keywords\":[\"br\u00e8ve\",\"Colomiers\",\"Pro D2\",\"Transferts rugby\",\"Vannes\"],\"articleSection\":[\"Rugby \u00e0 XV\"],\"inLanguage\":\"fr-FR\",\"potentialAction\":[{\"@type\":\"CommentAction\",\"name\":\"Comment\",\"target\":[\"https:\/\/dicodusport.fr\/blog\/transferts-hugo-djehi-devrait-quitter-colomiers-pour-un-autre-club-de-pro-d2\/#respond\"]}],\"copyrightYear\":\"2024\",\"copyrightHolder\":{\"@id\":\"https:\/\/dicodusport.fr\/blog\/#organization\"}},{\"@type\":\"WebPage\",\"@id\":\"https:\/\/dicodusport.fr\/blog\/transferts-hugo-djehi-devrait-quitter-colomiers-pour-un-autre-club-de-pro-d2\/\",\"url\":\"https:\/\/dicodusport.fr\/blog\/transferts-hugo-djehi-devrait-quitter-colomiers-pour-un-autre-club-de-pro-d2\/\",\"name\":\"Transferts : Hugo Djehi devrait quitter Colomiers pour un autre club de Pro D2\",\"isPartOf\":{\"@id\":\"https:\/\/dicodusport.fr\/blog\/#website\"},\"primaryImageOfPage\":{\"@id\":\"https:\/\/dicodusport.fr\/blog\/transferts-hugo-djehi-devrait-quitter-colomiers-pour-un-autre-club-de-pro-d2\/#primaryimage\"},\"image\":{\"@id\":\"https:\/\/dicodusport.fr\/blog\/transferts-hugo-djehi-devrait-quitter-colomiers-pour-un-autre-club-de-pro-d2\/#primaryimage\"},\"thumbnailUrl\":\"https:\/\/dicodusport.fr\/blog\/wp-content\/uploads\/2024\/02\/Transferts-Hugo-Djehi-devrait-quitter-Colomiers-pour-un-autre-club-de-Pro-D2.png\",\"datePublished\":\"2024-02-10T07:46:09+00:00\",\"dateModified\":\"2024-02-19T17:21:19+00:00\",\"description\":\"RUGBY \u00c0 XV - Selon le Midi Olympique, Hugo Djehi devrait quitter Colomiers pour rejoindre Vannes la saison prochaine.\u00a0\",\"breadcrumb\":{\"@id\":\"https:\/\/dicodusport.fr\/blog\/transferts-hugo-djehi-devrait-quitter-colomiers-pour-un-autre-club-de-pro-d2\/#breadcrumb\"},\"inLanguage\":\"fr-FR\",\"potentialAction\":[{\"@type\":\"ReadAction\",\"target\":[\"https:\/\/dicodusport.fr\/blog\/transferts-hugo-djehi-devrait-quitter-colomiers-pour-un-autre-club-de-pro-d2\/\"]}]},{\"@type\":\"ImageObject\",\"inLanguage\":\"fr-FR\",\"@id\":\"https:\/\/dicodusport.fr\/blog\/transferts-hugo-djehi-devrait-quitter-colomiers-pour-un-autre-club-de-pro-d2\/#primaryimage\",\"url\":\"https:\/\/dicodusport.fr\/blog\/wp-content\/uploads\/2024\/02\/Transferts-Hugo-Djehi-devrait-quitter-Colomiers-pour-un-autre-club-de-Pro-D2.png\",\"contentUrl\":\"https:\/\/dicodusport.fr\/blog\/wp-content\/uploads\/2024\/02\/Transferts-Hugo-Djehi-devrait-quitter-Colomiers-pour-un-autre-club-de-Pro-D2.png\",\"width\":1200,\"height\":674},{\"@type\":\"BreadcrumbList\",\"@id\":\"https:\/\/dicodusport.fr\/blog\/transferts-hugo-djehi-devrait-quitter-colomiers-pour-un-autre-club-de-pro-d2\/#breadcrumb\",\"itemListElement\":[{\"@type\":\"ListItem\",\"position\":1,\"name\":\"Accueil\",\"item\":\"https:\/\/dicodusport.fr\/blog\/\"},{\"@type\":\"ListItem\",\"position\":2,\"name\":\"Transferts : Hugo Djehi devrait quitter Colomiers pour un autre club de Pro D2\"}]},{\"@type\":\"WebSite\",\"@id\":\"https:\/\/dicodusport.fr\/blog\/#website\",\"url\":\"https:\/\/dicodusport.fr\/blog\/\",\"name\":\"Dicodusport\",\"description\":\"L&#039;encyclop\u00e9die de l&#039;actualit\u00e9 sportive\",\"publisher\":{\"@id\":\"https:\/\/dicodusport.fr\/blog\/#organization\"},\"potentialAction\":[{\"@type\":\"SearchAction\",\"target\":{\"@type\":\"EntryPoint\",\"urlTemplate\":\"https:\/\/dicodusport.fr\/blog\/?s={search_term_string}\"},\"query-input\":{\"@type\":\"PropertyValueSpecification\",\"valueRequired\":true,\"valueName\":\"search_term_string\"}}],\"inLanguage\":\"fr-FR\"},{\"@type\":\"NewsMediaOrganization\",\"@id\":\"https:\/\/dicodusport.fr\/blog\/#organization\",\"name\":\"Dicodusport\",\"url\":\"https:\/\/dicodusport.fr\/blog\/\",\"logo\":{\"@type\":\"ImageObject\",\"inLanguage\":\"fr-FR\",\"@id\":\"https:\/\/dicodusport.fr\/blog\/#\/schema\/logo\/image\/\",\"url\":\"https:\/\/dicodusport.fr\/blog\/wp-content\/uploads\/2020\/06\/cropped-LOGO-DICODUSPORT-2020-SANS-FOND-SANS-TEXTE.png\",\"contentUrl\":\"https:\/\/dicodusport.fr\/blog\/wp-content\/uploads\/2020\/06\/cropped-LOGO-DICODUSPORT-2020-SANS-FOND-SANS-TEXTE.png\",\"width\":512,\"height\":512,\"caption\":\"Dicodusport\"},\"image\":{\"@id\":\"https:\/\/dicodusport.fr\/blog\/#\/schema\/logo\/image\/\"},\"sameAs\":[\"https:\/\/www.facebook.com\/dicodusport\",\"https:\/\/x.com\/dicodusport\",\"https:\/\/www.instagram.com\/dicodusport\/\",\"https:\/\/www.youtube.com\/channel\/UC7V2KZ5sd3htJivAbA4ZG3w\"],\"description\":\"Dicodusport est l'encyclop\u00e9die de l'actualit\u00e9 sportive.\",\"email\":\"bonjour@dicodusport.fr\",\"legalName\":\"DICODUSPORT\",\"foundingDate\":\"2018-01-14\",\"vatID\":\"FR71834470973\",\"taxID\":\"83447097300043\",\"numberOfEmployees\":{\"@type\":\"QuantitativeValue\",\"minValue\":\"1\",\"maxValue\":\"10\"}},{\"@type\":\"Person\",\"@id\":\"https:\/\/dicodusport.fr\/blog\/#\/schema\/person\/55dcb50ad410894e431ed812bbb70191\",\"name\":\"Nicolas Jacquemard\",\"image\":{\"@type\":\"ImageObject\",\"inLanguage\":\"fr-FR\",\"@id\":\"https:\/\/dicodusport.fr\/blog\/#\/schema\/person\/image\/\",\"url\":\"https:\/\/dicodusport.fr\/blog\/wp-content\/uploads\/2021\/05\/Nicolas-Jacquemard-150x150.jpeg\",\"contentUrl\":\"https:\/\/dicodusport.fr\/blog\/wp-content\/uploads\/2021\/05\/Nicolas-Jacquemard-150x150.jpeg\",\"caption\":\"Nicolas Jacquemard\"},\"description\":\"Passionn\u00e9 de sport et entrepreneur depuis mes 18 ans, la cr\u00e9ation de Dicodusport m'a sembl\u00e9 \u00e9vidente pour participer \u00e0 la m\u00e9diatisation d'un plus grand nombre de sports. Le chemin est long mais avec une \u00e9quipe des plus motiv\u00e9es et les Jeux Olympiques de Paris 2024 en point de mire, nous y arriverons ! Journaliste dans le monde du sport depuis plus de 5 ans, je traite aussi bien de football, de rugby, de biathlon que de cyclisme.\",\"sameAs\":[\"https:\/\/www.facebook.com\/dicodusport\",\"https:\/\/x.com\/https:\/\/twitter.com\/Nico_Jacquemard\"],\"url\":\"https:\/\/dicodusport.fr\/blog\/author\/dicodusport\/\"}]}<\/script>\n<!-- \/ Yoast SEO Premium plugin. -->","yoast_head_json":{"title":"Transferts : Hugo Djehi devrait quitter Colomiers pour un autre club de Pro D2","description":"RUGBY \u00c0 XV - Selon le Midi Olympique, Hugo Djehi devrait quitter Colomiers pour rejoindre Vannes la saison prochaine.\u00a0","robots":{"index":"index","follow":"follow","max-snippet":"max-snippet:-1","max-image-preview":"max-image-preview:large","max-video-preview":"max-video-preview:-1"},"canonical":"https:\/\/dicodusport.fr\/blog\/transferts-hugo-djehi-devrait-quitter-colomiers-pour-un-autre-club-de-pro-d2\/","og_locale":"fr_FR","og_type":"article","og_title":"Transferts : Hugo Djehi devrait quitter Colomiers pour un autre club de Pro D2","og_description":"RUGBY \u00c0 XV - Selon le Midi Olympique, Hugo Djehi devrait quitter Colomiers pour rejoindre Vannes la saison prochaine.\u00a0","og_url":"https:\/\/dicodusport.fr\/blog\/transferts-hugo-djehi-devrait-quitter-colomiers-pour-un-autre-club-de-pro-d2\/","og_site_name":"Dicodusport","article_publisher":"https:\/\/www.facebook.com\/dicodusport","article_author":"https:\/\/www.facebook.com\/dicodusport","article_published_time":"2024-02-10T07:46:09+00:00","article_modified_time":"2024-02-19T17:21:19+00:00","og_image":[{"width":1200,"height":674,"url":"https:\/\/dicodusport.fr\/blog\/wp-content\/uploads\/2024\/02\/Transferts-Hugo-Djehi-devrait-quitter-Colomiers-pour-un-autre-club-de-Pro-D2.png","type":"image\/png"}],"author":"Nicolas Jacquemard","twitter_card":"summary_large_image","twitter_title":"Transferts : Hugo Djehi devrait quitter Colomiers pour un autre club de Pro D2","twitter_creator":"@https:\/\/twitter.com\/Nico_Jacquemard","twitter_site":"@dicodusport","schema":{"@context":"https:\/\/schema.org","@graph":[{"@type":"NewsArticle","@id":"https:\/\/dicodusport.fr\/blog\/transferts-hugo-djehi-devrait-quitter-colomiers-pour-un-autre-club-de-pro-d2\/#article","isPartOf":{"@id":"https:\/\/dicodusport.fr\/blog\/transferts-hugo-djehi-devrait-quitter-colomiers-pour-un-autre-club-de-pro-d2\/"},"author":{"name":"Nicolas Jacquemard","@id":"https:\/\/dicodusport.fr\/blog\/#\/schema\/person\/55dcb50ad410894e431ed812bbb70191"},"headline":"Transferts : Hugo Djehi devrait quitter Colomiers pour un autre club de Pro D2","datePublished":"2024-02-10T07:46:09+00:00","dateModified":"2024-02-19T17:21:19+00:00","mainEntityOfPage":{"@id":"https:\/\/dicodusport.fr\/blog\/transferts-hugo-djehi-devrait-quitter-colomiers-pour-un-autre-club-de-pro-d2\/"},"wordCount":271,"commentCount":0,"publisher":{"@id":"https:\/\/dicodusport.fr\/blog\/#organization"},"image":{"@id":"https:\/\/dicodusport.fr\/blog\/transferts-hugo-djehi-devrait-quitter-colomiers-pour-un-autre-club-de-pro-d2\/#primaryimage"},"thumbnailUrl":"https:\/\/dicodusport.fr\/blog\/wp-content\/uploads\/2024\/02\/Transferts-Hugo-Djehi-devrait-quitter-Colomiers-pour-un-autre-club-de-Pro-D2.png","keywords":["br\u00e8ve","Colomiers","Pro D2","Transferts rugby","Vannes"],"articleSection":["Rugby \u00e0 XV"],"inLanguage":"fr-FR","potentialAction":[{"@type":"CommentAction","name":"Comment","target":["https:\/\/dicodusport.fr\/blog\/transferts-hugo-djehi-devrait-quitter-colomiers-pour-un-autre-club-de-pro-d2\/#respond"]}],"copyrightYear":"2024","copyrightHolder":{"@id":"https:\/\/dicodusport.fr\/blog\/#organization"}},{"@type":"WebPage","@id":"https:\/\/dicodusport.fr\/blog\/transferts-hugo-djehi-devrait-quitter-colomiers-pour-un-autre-club-de-pro-d2\/","url":"https:\/\/dicodusport.fr\/blog\/transferts-hugo-djehi-devrait-quitter-colomiers-pour-un-autre-club-de-pro-d2\/","name":"Transferts : Hugo Djehi devrait quitter Colomiers pour un autre club de Pro D2","isPartOf":{"@id":"https:\/\/dicodusport.fr\/blog\/#website"},"primaryImageOfPage":{"@id":"https:\/\/dicodusport.fr\/blog\/transferts-hugo-djehi-devrait-quitter-colomiers-pour-un-autre-club-de-pro-d2\/#primaryimage"},"image":{"@id":"https:\/\/dicodusport.fr\/blog\/transferts-hugo-djehi-devrait-quitter-colomiers-pour-un-autre-club-de-pro-d2\/#primaryimage"},"thumbnailUrl":"https:\/\/dicodusport.fr\/blog\/wp-content\/uploads\/2024\/02\/Transferts-Hugo-Djehi-devrait-quitter-Colomiers-pour-un-autre-club-de-Pro-D2.png","datePublished":"2024-02-10T07:46:09+00:00","dateModified":"2024-02-19T17:21:19+00:00","description":"RUGBY \u00c0 XV - Selon le Midi Olympique, Hugo Djehi devrait quitter Colomiers pour rejoindre Vannes la saison prochaine.\u00a0","breadcrumb":{"@id":"https:\/\/dicodusport.fr\/blog\/transferts-hugo-djehi-devrait-quitter-colomiers-pour-un-autre-club-de-pro-d2\/#breadcrumb"},"inLanguage":"fr-FR","potentialAction":[{"@type":"ReadAction","target":["https:\/\/dicodusport.fr\/blog\/transferts-hugo-djehi-devrait-quitter-colomiers-pour-un-autre-club-de-pro-d2\/"]}]},{"@type":"ImageObject","inLanguage":"fr-FR","@id":"https:\/\/dicodusport.fr\/blog\/transferts-hugo-djehi-devrait-quitter-colomiers-pour-un-autre-club-de-pro-d2\/#primaryimage","url":"https:\/\/dicodusport.fr\/blog\/wp-content\/uploads\/2024\/02\/Transferts-Hugo-Djehi-devrait-quitter-Colomiers-pour-un-autre-club-de-Pro-D2.png","contentUrl":"https:\/\/dicodusport.fr\/blog\/wp-content\/uploads\/2024\/02\/Transferts-Hugo-Djehi-devrait-quitter-Colomiers-pour-un-autre-club-de-Pro-D2.png","width":1200,"height":674},{"@type":"BreadcrumbList","@id":"https:\/\/dicodusport.fr\/blog\/transferts-hugo-djehi-devrait-quitter-colomiers-pour-un-autre-club-de-pro-d2\/#breadcrumb","itemListElement":[{"@type":"ListItem","position":1,"name":"Accueil","item":"https:\/\/dicodusport.fr\/blog\/"},{"@type":"ListItem","position":2,"name":"Transferts : Hugo Djehi devrait quitter Colomiers pour un autre club de Pro D2"}]},{"@type":"WebSite","@id":"https:\/\/dicodusport.fr\/blog\/#website","url":"https:\/\/dicodusport.fr\/blog\/","name":"Dicodusport","description":"L&#039;encyclop\u00e9die de l&#039;actualit\u00e9 sportive","publisher":{"@id":"https:\/\/dicodusport.fr\/blog\/#organization"},"potentialAction":[{"@type":"SearchAction","target":{"@type":"EntryPoint","urlTemplate":"https:\/\/dicodusport.fr\/blog\/?s={search_term_string}"},"query-input":{"@type":"PropertyValueSpecification","valueRequired":true,"valueName":"search_term_string"}}],"inLanguage":"fr-FR"},{"@type":"NewsMediaOrganization","@id":"https:\/\/dicodusport.fr\/blog\/#organization","name":"Dicodusport","url":"https:\/\/dicodusport.fr\/blog\/","logo":{"@type":"ImageObject","inLanguage":"fr-FR","@id":"https:\/\/dicodusport.fr\/blog\/#\/schema\/logo\/image\/","url":"https:\/\/dicodusport.fr\/blog\/wp-content\/uploads\/2020\/06\/cropped-LOGO-DICODUSPORT-2020-SANS-FOND-SANS-TEXTE.png","contentUrl":"https:\/\/dicodusport.fr\/blog\/wp-content\/uploads\/2020\/06\/cropped-LOGO-DICODUSPORT-2020-SANS-FOND-SANS-TEXTE.png","width":512,"height":512,"caption":"Dicodusport"},"image":{"@id":"https:\/\/dicodusport.fr\/blog\/#\/schema\/logo\/image\/"},"sameAs":["https:\/\/www.facebook.com\/dicodusport","https:\/\/x.com\/dicodusport","https:\/\/www.instagram.com\/dicodusport\/","https:\/\/www.youtube.com\/channel\/UC7V2KZ5sd3htJivAbA4ZG3w"],"description":"Dicodusport est l'encyclop\u00e9die de l'actualit\u00e9 sportive.","email":"bonjour@dicodusport.fr","legalName":"DICODUSPORT","foundingDate":"2018-01-14","vatID":"FR71834470973","taxID":"83447097300043","numberOfEmployees":{"@type":"QuantitativeValue","minValue":"1","maxValue":"10"}},{"@type":"Person","@id":"https:\/\/dicodusport.fr\/blog\/#\/schema\/person\/55dcb50ad410894e431ed812bbb70191","name":"Nicolas Jacquemard","image":{"@type":"ImageObject","inLanguage":"fr-FR","@id":"https:\/\/dicodusport.fr\/blog\/#\/schema\/person\/image\/","url":"https:\/\/dicodusport.fr\/blog\/wp-content\/uploads\/2021\/05\/Nicolas-Jacquemard-150x150.jpeg","contentUrl":"https:\/\/dicodusport.fr\/blog\/wp-content\/uploads\/2021\/05\/Nicolas-Jacquemard-150x150.jpeg","caption":"Nicolas Jacquemard"},"description":"Passionn\u00e9 de sport et entrepreneur depuis mes 18 ans, la cr\u00e9ation de Dicodusport m'a sembl\u00e9 \u00e9vidente pour participer \u00e0 la m\u00e9diatisation d'un plus grand nombre de sports. Le chemin est long mais avec une \u00e9quipe des plus motiv\u00e9es et les Jeux Olympiques de Paris 2024 en point de mire, nous y arriverons ! Journaliste dans le monde du sport depuis plus de 5 ans, je traite aussi bien de football, de rugby, de biathlon que de cyclisme.","sameAs":["https:\/\/www.facebook.com\/dicodusport","https:\/\/x.com\/https:\/\/twitter.com\/Nico_Jacquemard"],"url":"https:\/\/dicodusport.fr\/blog\/author\/dicodusport\/"}]}},"_links":{"self":[{"href":"https:\/\/dicodusport.fr\/blog\/wp-json\/wp\/v2\/posts\/461665","targetHints":{"allow":["GET"]}}],"collection":[{"href":"https:\/\/dicodusport.fr\/blog\/wp-json\/wp\/v2\/posts"}],"about":[{"href":"https:\/\/dicodusport.fr\/blog\/wp-json\/wp\/v2\/types\/post"}],"author":[{"embeddable":true,"href":"https:\/\/dicodusport.fr\/blog\/wp-json\/wp\/v2\/users\/1"}],"replies":[{"embeddable":true,"href":"https:\/\/dicodusport.fr\/blog\/wp-json\/wp\/v2\/comments?post=461665"}],"version-history":[{"count":4,"href":"https:\/\/dicodusport.fr\/blog\/wp-json\/wp\/v2\/posts\/461665\/revisions"}],"predecessor-version":[{"id":461706,"href":"https:\/\/dicodusport.fr\/blog\/wp-json\/wp\/v2\/posts\/461665\/revisions\/461706"}],"wp:featuredmedia":[{"embeddable":true,"href":"https:\/\/dicodusport.fr\/blog\/wp-json\/wp\/v2\/media\/461669"}],"wp:attachment":[{"href":"https:\/\/dicodusport.fr\/blog\/wp-json\/wp\/v2\/media?parent=461665"}],"wp:term":[{"taxonomy":"category","embeddable":true,"href":"https:\/\/dicodusport.fr\/blog\/wp-json\/wp\/v2\/categories?post=461665"},{"taxonomy":"post_tag","embeddable":true,"href":"https:\/\/dicodusport.fr\/blog\/wp-json\/wp\/v2\/tags?post=461665"}],"curies":[{"name":"wp","href":"https:\/\/api.w.org\/{rel}","templated":true}]}}