{"id":461714,"date":"2024-02-10T14:32:57","date_gmt":"2024-02-10T13:32:57","guid":{"rendered":"https:\/\/dicodusport.fr\/blog\/?p=461714&#038;preview=true&#038;preview_id=461714"},"modified":"2024-02-10T16:46:20","modified_gmt":"2024-02-10T15:46:20","slug":"geant-femmes-de-soldeu-lara-gut-behrami-fait-carton-plein","status":"publish","type":"post","link":"https:\/\/dicodusport.fr\/blog\/geant-femmes-de-soldeu-lara-gut-behrami-fait-carton-plein\/","title":{"rendered":"G\u00e9ant Femmes de Soldeu : Lara Gut-Behrami fait carton plein"},"content":{"rendered":"<p style=\"text-align: justify;\"><em><b>COUPE DU MONDE DE SKI ALPIN 2023-2024 &#8211; La Suissesse Lara Gut-Behrami a remport\u00e9 le g\u00e9ant de Soldeu \u00e0 Andorre, samedi. Elle a devanc\u00e9 Alice Robinson et A.J Hurt. Gut-Behrami en profite pour prendre la t\u00eate du classement g\u00e9n\u00e9ral.<\/b><br \/>\n<\/em><\/p>\n<ul style=\"text-align: justify;\">\n<li style=\"text-align: justify;\"><strong>\u00c0 ce sujet &#8211; <a href=\"https:\/\/dicodusport.fr\/blog\/classement-geant-femmes-soldeu-2024\/\">Le classement du g\u00e9ant de Soldeu<\/a><\/strong><\/li>\n<\/ul>\n<p style=\"text-align: justify;\">Partie avec le dossard 1, <strong>Marta Bassino<\/strong> a r\u00e9alis\u00e9 le meilleur temps en 1:01.09 sur une premi\u00e8re manche assez pi\u00e9geuse, notamment sur le haut. Elle a devanc\u00e9 sa compatriote <strong>Federica Brignone<\/strong> de trois centi\u00e8mes avec des lignes plus directes dans le mur. Ensuite, <strong>Alice Robinson<\/strong> a r\u00e9alis\u00e9 le troisi\u00e8me chrono \u00e0 11 centi\u00e8mes avec beaucoup d&rsquo;engagement sur une piste qui avait d\u00e9j\u00e0 cass\u00e9. <strong>Thea Louise Stjernesund<\/strong> \u00e9tait tr\u00e8s bien partie avec de se faire surprendre sur un roller et perdre de la vitesse. N\u00e9anmoins, la Norv\u00e9gienne a sign\u00e9 le quatri\u00e8me temps \u00e0 19 centi\u00e8mes, devant<strong> Zrinka Ljutic<\/strong>, cinqui\u00e8me \u00e0 37 centi\u00e8mes, et AJ Hurt, sixi\u00e8me \u00e0 42 centi\u00e8mes, avec une superbe entr\u00e9e de mur. La porteuse du dossard rouge <strong>Lara Gut-Behrami<\/strong> a fait le neuvi\u00e8me temps \u00e0 61 centi\u00e8mes.<\/p>\n<p style=\"text-align: justify;\">Malheureusement, <strong>Clara Direz<\/strong> est sortie \u00e0 trois portes de l&rsquo;arriv\u00e9e alors qu&rsquo;elle avait une demi-seconde d&rsquo;avance. Pour son premier g\u00e9ant de la saison, <strong>Laurine Lugon-Moulin<\/strong> est partie \u00e0 la faute au m\u00eame endroit que Clara Direz alors qu&rsquo;elle pouvait viser un top 10. Enfin, <strong>Caitlin McFarlane<\/strong> s&rsquo;est class\u00e9 41e \u00e0 2.79 alors qu&rsquo;elle avait r\u00e9alis\u00e9 un excellent d\u00e9but de course. <strong>Clarisse Breche<\/strong> n&rsquo;a jamais \u00e9t\u00e9 dans le bon rythme avec le 44e temps \u00e0 3.16.<\/p>\n<ul style=\"text-align: justify;\">\n<li style=\"text-align: justify;\"><strong>\u00c0 ce sujet \u2013 <a title=\"Coupe du monde de ski alpin \u2013 Classement g\u00e9n\u00e9ral femmes\" href=\"https:\/\/dicodusport.fr\/blog\/coupe-du-monde-de-ski-alpin-classement-general-femmes\/\" rel=\"\">Coupe du monde de ski alpin \u2013 Classement g\u00e9n\u00e9ral femmes<\/a><\/strong><\/li>\n<\/ul>\n<h2 style=\"text-align: justify;\">Coup double pour Gut-Behrami<\/h2>\n<p style=\"text-align: justify;\">Sur une seconde manche plus directe dessin\u00e9e par son pr\u00e9parateur physique, <strong>Lara Gut-Behrami<\/strong> a parfaitement alli\u00e9 puissance et douceur malgr\u00e9 une sortie large sur une porte en d\u00e9vers sur le bas pour gagner son quatri\u00e8me g\u00e9ant de saison, apr\u00e8s S\u00f6lden, Killington et Kronplatz, en 1 minute 59 secondes et 27 centi\u00e8mes. La Suisse compte maintenant 135 points d&rsquo;avance sur Federica Brignone pour la lutte pour le petit globe. De plus, en l&rsquo;absence de Shiffrin, elle s&rsquo;est empar\u00e9e \u00e9galement des commandes du g\u00e9n\u00e9ral avec 5 points d&rsquo;avance sur l&rsquo;Am\u00e9ricaine.<\/p>\n<blockquote class=\"twitter-tweet\">\n<p dir=\"ltr\" lang=\"fr\">\ud83c\udde8\ud83c\udded La superbe op\u00e9ration de Lara Gut-Behrami ! La Suissesse remporte le g\u00e9ant de Soldeu et d\u00e9loge Mikaela Shiffrin de la t\u00eate du classement g\u00e9n\u00e9ral de la Coupe du monde !<\/p>\n<p>Le meilleur des sports d&rsquo;hiver est sur Eurosport <a href=\"https:\/\/twitter.com\/hashtag\/ChaletClub?src=hash&amp;ref_src=twsrc%5Etfw\">#ChaletClub<\/a> <a href=\"https:\/\/t.co\/qRIvPBsPck\">pic.twitter.com\/qRIvPBsPck<\/a><\/p>\n<p>\u2014 Eurosport France (@Eurosport_FR) <a href=\"https:\/\/twitter.com\/Eurosport_FR\/status\/1756310110165500342?ref_src=twsrc%5Etfw\">February 10, 2024<\/a><\/p><\/blockquote>\n<p><script async src=\"https:\/\/platform.twitter.com\/widgets.js\" charset=\"utf-8\"><\/script><\/p>\n<p style=\"text-align: justify;\"><strong>Alice Robinson<\/strong> fait du chemin sur le mouvement de terrain. Cette faute lui a co\u00fbt\u00e9 la victoire, mais la N\u00e9o-z\u00e9landaise est mont\u00e9e sur un troisi\u00e8me podium de suite. Malheureusement, elle a rat\u00e9 la victoire pour un petit centi\u00e8me. Puis, <strong>A.J Hurt<\/strong> a \u00e9t\u00e9 intelligente dans la porte pi\u00e9geuse pour son premier podium en carri\u00e8re, au troisi\u00e8me rang \u00e0 15 centi\u00e8mes, devant une <strong>Federica Brignone<\/strong> en manque de confiance sur le bas, quatri\u00e8me \u00e0 22 centi\u00e8mes. Puis, <strong>Thea Louise Stjernesund<\/strong> a fini cinqui\u00e8me \u00e0 29 centi\u00e8mes en \u00e9tant trop dure sur ses d\u00e9clenchements. <strong>Marta Bassino<\/strong> n&rsquo;a perdu beaucoup trop de temps sur le second trac\u00e9 pour descendre au sixi\u00e8me rang \u00e0 32 centi\u00e8mes.<\/p>\n<p style=\"text-align: justify;\">Enfin, <strong>Ricarda Haaser<\/strong> a r\u00e9alis\u00e9 une superbe remont\u00e9e en passant de la dix-huiti\u00e8me place au huiti\u00e8me rang \u00e0 51 centi\u00e8mes. L&rsquo;Autrichienne a r\u00e9alis\u00e9 le meilleur temps de la seconde manche.<\/p>\n","protected":false},"excerpt":{"rendered":"<p>COUPE DU MONDE DE SKI ALPIN 2023-2024 &#8211; La Suissesse Lara Gut-Behrami a remport\u00e9 le g\u00e9ant de Soldeu \u00e0 Andorre, samedi.<\/p>\n","protected":false},"author":48,"featured_media":461857,"comment_status":"open","ping_status":"closed","sticky":false,"template":"","format":"standard","meta":{"_acf_changed":false,"_daextam_enable_autolinks":"1","footnotes":""},"categories":[47084],"tags":[16878,12586,2233],"class_list":["post-461714","post","type-post","status-publish","format-standard","has-post-thumbnail","hentry","category-coupe-du-monde-ski-alpin","tag-breve","tag-coupe-du-monde-de-ski-alpin","tag-ski-alpin"],"acf":[],"yoast_head":"<!-- This site is optimized with the Yoast SEO Premium plugin v26.7 (Yoast SEO v26.7) - https:\/\/yoast.com\/wordpress\/plugins\/seo\/ -->\n<title>G\u00e9ant Femmes de Soldeu : Lara Gut-Behrami fait carton plein<\/title>\n<meta name=\"description\" content=\"COUPE DU MONDE DE SKI ALPIN 2023-2024 - La Suissesse Lara Gut-Behrami a remport\u00e9 le g\u00e9ant de Soldeu \u00e0 Andorre, samedi.\" \/>\n<meta name=\"robots\" content=\"index, follow, max-snippet:-1, max-image-preview:large, max-video-preview:-1\" \/>\n<link rel=\"canonical\" href=\"https:\/\/dicodusport.fr\/blog\/geant-femmes-de-soldeu-lara-gut-behrami-fait-carton-plein\/\" \/>\n<meta property=\"og:locale\" content=\"fr_FR\" \/>\n<meta property=\"og:type\" content=\"article\" \/>\n<meta property=\"og:title\" content=\"G\u00e9ant Femmes de Soldeu : Lara Gut-Behrami fait carton plein\" \/>\n<meta property=\"og:description\" content=\"COUPE DU MONDE DE SKI ALPIN 2023-2024 - La Suissesse Lara Gut-Behrami a remport\u00e9 le g\u00e9ant de Soldeu \u00e0 Andorre, samedi.\" \/>\n<meta property=\"og:url\" content=\"https:\/\/dicodusport.fr\/blog\/geant-femmes-de-soldeu-lara-gut-behrami-fait-carton-plein\/\" \/>\n<meta property=\"og:site_name\" content=\"Dicodusport\" \/>\n<meta property=\"article:publisher\" content=\"https:\/\/www.facebook.com\/dicodusport\" \/>\n<meta property=\"article:author\" content=\"https:\/\/www.facebook.com\/groups\/LesRoisDuPeloton\" \/>\n<meta property=\"article:published_time\" content=\"2024-02-10T13:32:57+00:00\" \/>\n<meta property=\"article:modified_time\" content=\"2024-02-10T15:46:20+00:00\" \/>\n<meta property=\"og:image\" content=\"https:\/\/dicodusport.fr\/blog\/wp-content\/uploads\/2024\/02\/Geant-Femmes-de-Soldeu-Lara-Gut-Behrami-fait-carton-plein-1.png\" \/>\n\t<meta property=\"og:image:width\" content=\"1200\" \/>\n\t<meta property=\"og:image:height\" content=\"674\" \/>\n\t<meta property=\"og:image:type\" content=\"image\/png\" \/>\n<meta name=\"author\" content=\"Emilien Descampiaux\" \/>\n<meta name=\"twitter:card\" content=\"summary_large_image\" \/>\n<meta name=\"twitter:title\" content=\"G\u00e9ant Femmes de Soldeu : Lara Gut-Behrami fait carton plein\" \/>\n<meta name=\"twitter:creator\" content=\"@https:\/\/twitter.com\/LRoisDuPeloton\" \/>\n<meta name=\"twitter:site\" content=\"@dicodusport\" \/>\n<script type=\"application\/ld+json\" class=\"yoast-schema-graph\">{\"@context\":\"https:\/\/schema.org\",\"@graph\":[{\"@type\":\"NewsArticle\",\"@id\":\"https:\/\/dicodusport.fr\/blog\/geant-femmes-de-soldeu-lara-gut-behrami-fait-carton-plein\/#article\",\"isPartOf\":{\"@id\":\"https:\/\/dicodusport.fr\/blog\/geant-femmes-de-soldeu-lara-gut-behrami-fait-carton-plein\/\"},\"author\":{\"name\":\"Emilien Descampiaux\",\"@id\":\"https:\/\/dicodusport.fr\/blog\/#\/schema\/person\/6db4bae06b171592211be385b32876a7\"},\"headline\":\"G\u00e9ant Femmes de Soldeu : Lara Gut-Behrami fait carton plein\",\"datePublished\":\"2024-02-10T13:32:57+00:00\",\"dateModified\":\"2024-02-10T15:46:20+00:00\",\"mainEntityOfPage\":{\"@id\":\"https:\/\/dicodusport.fr\/blog\/geant-femmes-de-soldeu-lara-gut-behrami-fait-carton-plein\/\"},\"wordCount\":609,\"commentCount\":0,\"publisher\":{\"@id\":\"https:\/\/dicodusport.fr\/blog\/#organization\"},\"image\":{\"@id\":\"https:\/\/dicodusport.fr\/blog\/geant-femmes-de-soldeu-lara-gut-behrami-fait-carton-plein\/#primaryimage\"},\"thumbnailUrl\":\"https:\/\/dicodusport.fr\/blog\/wp-content\/uploads\/2024\/02\/Geant-Femmes-de-Soldeu-Lara-Gut-Behrami-fait-carton-plein-1.png\",\"keywords\":[\"br\u00e8ve\",\"Coupe du monde de ski alpin\",\"Ski alpin\"],\"articleSection\":[\"Coupe du monde de ski alpin\"],\"inLanguage\":\"fr-FR\",\"potentialAction\":[{\"@type\":\"CommentAction\",\"name\":\"Comment\",\"target\":[\"https:\/\/dicodusport.fr\/blog\/geant-femmes-de-soldeu-lara-gut-behrami-fait-carton-plein\/#respond\"]}],\"copyrightYear\":\"2024\",\"copyrightHolder\":{\"@id\":\"https:\/\/dicodusport.fr\/blog\/#organization\"}},{\"@type\":\"WebPage\",\"@id\":\"https:\/\/dicodusport.fr\/blog\/geant-femmes-de-soldeu-lara-gut-behrami-fait-carton-plein\/\",\"url\":\"https:\/\/dicodusport.fr\/blog\/geant-femmes-de-soldeu-lara-gut-behrami-fait-carton-plein\/\",\"name\":\"G\u00e9ant Femmes de Soldeu : Lara Gut-Behrami fait carton plein\",\"isPartOf\":{\"@id\":\"https:\/\/dicodusport.fr\/blog\/#website\"},\"primaryImageOfPage\":{\"@id\":\"https:\/\/dicodusport.fr\/blog\/geant-femmes-de-soldeu-lara-gut-behrami-fait-carton-plein\/#primaryimage\"},\"image\":{\"@id\":\"https:\/\/dicodusport.fr\/blog\/geant-femmes-de-soldeu-lara-gut-behrami-fait-carton-plein\/#primaryimage\"},\"thumbnailUrl\":\"https:\/\/dicodusport.fr\/blog\/wp-content\/uploads\/2024\/02\/Geant-Femmes-de-Soldeu-Lara-Gut-Behrami-fait-carton-plein-1.png\",\"datePublished\":\"2024-02-10T13:32:57+00:00\",\"dateModified\":\"2024-02-10T15:46:20+00:00\",\"description\":\"COUPE DU MONDE DE SKI ALPIN 2023-2024 - La Suissesse Lara Gut-Behrami a remport\u00e9 le g\u00e9ant de Soldeu \u00e0 Andorre, samedi.\",\"breadcrumb\":{\"@id\":\"https:\/\/dicodusport.fr\/blog\/geant-femmes-de-soldeu-lara-gut-behrami-fait-carton-plein\/#breadcrumb\"},\"inLanguage\":\"fr-FR\",\"potentialAction\":[{\"@type\":\"ReadAction\",\"target\":[\"https:\/\/dicodusport.fr\/blog\/geant-femmes-de-soldeu-lara-gut-behrami-fait-carton-plein\/\"]}]},{\"@type\":\"ImageObject\",\"inLanguage\":\"fr-FR\",\"@id\":\"https:\/\/dicodusport.fr\/blog\/geant-femmes-de-soldeu-lara-gut-behrami-fait-carton-plein\/#primaryimage\",\"url\":\"https:\/\/dicodusport.fr\/blog\/wp-content\/uploads\/2024\/02\/Geant-Femmes-de-Soldeu-Lara-Gut-Behrami-fait-carton-plein-1.png\",\"contentUrl\":\"https:\/\/dicodusport.fr\/blog\/wp-content\/uploads\/2024\/02\/Geant-Femmes-de-Soldeu-Lara-Gut-Behrami-fait-carton-plein-1.png\",\"width\":1200,\"height\":674,\"caption\":\"G\u00e9ant Femmes de Soldeu Lara Gut-Behrami fait carton plein (1)\"},{\"@type\":\"BreadcrumbList\",\"@id\":\"https:\/\/dicodusport.fr\/blog\/geant-femmes-de-soldeu-lara-gut-behrami-fait-carton-plein\/#breadcrumb\",\"itemListElement\":[{\"@type\":\"ListItem\",\"position\":1,\"name\":\"Accueil\",\"item\":\"https:\/\/dicodusport.fr\/blog\/\"},{\"@type\":\"ListItem\",\"position\":2,\"name\":\"G\u00e9ant Femmes de Soldeu : Lara Gut-Behrami fait carton plein\"}]},{\"@type\":\"WebSite\",\"@id\":\"https:\/\/dicodusport.fr\/blog\/#website\",\"url\":\"https:\/\/dicodusport.fr\/blog\/\",\"name\":\"Dicodusport\",\"description\":\"L&#039;encyclop\u00e9die de l&#039;actualit\u00e9 sportive\",\"publisher\":{\"@id\":\"https:\/\/dicodusport.fr\/blog\/#organization\"},\"potentialAction\":[{\"@type\":\"SearchAction\",\"target\":{\"@type\":\"EntryPoint\",\"urlTemplate\":\"https:\/\/dicodusport.fr\/blog\/?s={search_term_string}\"},\"query-input\":{\"@type\":\"PropertyValueSpecification\",\"valueRequired\":true,\"valueName\":\"search_term_string\"}}],\"inLanguage\":\"fr-FR\"},{\"@type\":\"NewsMediaOrganization\",\"@id\":\"https:\/\/dicodusport.fr\/blog\/#organization\",\"name\":\"Dicodusport\",\"url\":\"https:\/\/dicodusport.fr\/blog\/\",\"logo\":{\"@type\":\"ImageObject\",\"inLanguage\":\"fr-FR\",\"@id\":\"https:\/\/dicodusport.fr\/blog\/#\/schema\/logo\/image\/\",\"url\":\"https:\/\/dicodusport.fr\/blog\/wp-content\/uploads\/2020\/06\/cropped-LOGO-DICODUSPORT-2020-SANS-FOND-SANS-TEXTE.png\",\"contentUrl\":\"https:\/\/dicodusport.fr\/blog\/wp-content\/uploads\/2020\/06\/cropped-LOGO-DICODUSPORT-2020-SANS-FOND-SANS-TEXTE.png\",\"width\":512,\"height\":512,\"caption\":\"Dicodusport\"},\"image\":{\"@id\":\"https:\/\/dicodusport.fr\/blog\/#\/schema\/logo\/image\/\"},\"sameAs\":[\"https:\/\/www.facebook.com\/dicodusport\",\"https:\/\/x.com\/dicodusport\",\"https:\/\/www.instagram.com\/dicodusport\/\",\"https:\/\/www.youtube.com\/channel\/UC7V2KZ5sd3htJivAbA4ZG3w\"],\"description\":\"Dicodusport est l'encyclop\u00e9die de l'actualit\u00e9 sportive.\",\"email\":\"bonjour@dicodusport.fr\",\"legalName\":\"DICODUSPORT\",\"foundingDate\":\"2018-01-14\",\"vatID\":\"FR71834470973\",\"taxID\":\"83447097300043\",\"numberOfEmployees\":{\"@type\":\"QuantitativeValue\",\"minValue\":\"1\",\"maxValue\":\"10\"}},{\"@type\":\"Person\",\"@id\":\"https:\/\/dicodusport.fr\/blog\/#\/schema\/person\/6db4bae06b171592211be385b32876a7\",\"name\":\"Emilien Descampiaux\",\"image\":{\"@type\":\"ImageObject\",\"inLanguage\":\"fr-FR\",\"@id\":\"https:\/\/dicodusport.fr\/blog\/#\/schema\/person\/image\/\",\"url\":\"https:\/\/dicodusport.fr\/blog\/wp-content\/uploads\/2021\/05\/Emilien-Descampiaux-150x150.jpg\",\"contentUrl\":\"https:\/\/dicodusport.fr\/blog\/wp-content\/uploads\/2021\/05\/Emilien-Descampiaux-150x150.jpg\",\"caption\":\"Emilien Descampiaux\"},\"description\":\"Journaliste\/r\u00e9dacteur depuis 2014 - Fan de la classe de Frank Vandenbroucke, je vis cyclisme (et de ses paysages) depuis plus de 20 ans. Je suis tr\u00e8s impliqu\u00e9 sur mes diff\u00e9rents r\u00e9seaux sociaux pour partager ma passion sur le monde et l'Histoire de la bicyclette avec ma voix sur les images en noir et blanc du succ\u00e8s de Rik Van Steenbergen lors du Ronde sur le V\u00e9lodrome de Gand.\",\"sameAs\":[\"https:\/\/www.facebook.com\/groups\/LesRoisDuPeloton\",\"https:\/\/x.com\/https:\/\/twitter.com\/LRoisDuPeloton\"],\"url\":\"https:\/\/dicodusport.fr\/blog\/author\/emiliend\/\"}]}<\/script>\n<!-- \/ Yoast SEO Premium plugin. -->","yoast_head_json":{"title":"G\u00e9ant Femmes de Soldeu : Lara Gut-Behrami fait carton plein","description":"COUPE DU MONDE DE SKI ALPIN 2023-2024 - La Suissesse Lara Gut-Behrami a remport\u00e9 le g\u00e9ant de Soldeu \u00e0 Andorre, samedi.","robots":{"index":"index","follow":"follow","max-snippet":"max-snippet:-1","max-image-preview":"max-image-preview:large","max-video-preview":"max-video-preview:-1"},"canonical":"https:\/\/dicodusport.fr\/blog\/geant-femmes-de-soldeu-lara-gut-behrami-fait-carton-plein\/","og_locale":"fr_FR","og_type":"article","og_title":"G\u00e9ant Femmes de Soldeu : Lara Gut-Behrami fait carton plein","og_description":"COUPE DU MONDE DE SKI ALPIN 2023-2024 - La Suissesse Lara Gut-Behrami a remport\u00e9 le g\u00e9ant de Soldeu \u00e0 Andorre, samedi.","og_url":"https:\/\/dicodusport.fr\/blog\/geant-femmes-de-soldeu-lara-gut-behrami-fait-carton-plein\/","og_site_name":"Dicodusport","article_publisher":"https:\/\/www.facebook.com\/dicodusport","article_author":"https:\/\/www.facebook.com\/groups\/LesRoisDuPeloton","article_published_time":"2024-02-10T13:32:57+00:00","article_modified_time":"2024-02-10T15:46:20+00:00","og_image":[{"width":1200,"height":674,"url":"https:\/\/dicodusport.fr\/blog\/wp-content\/uploads\/2024\/02\/Geant-Femmes-de-Soldeu-Lara-Gut-Behrami-fait-carton-plein-1.png","type":"image\/png"}],"author":"Emilien Descampiaux","twitter_card":"summary_large_image","twitter_title":"G\u00e9ant Femmes de Soldeu : Lara Gut-Behrami fait carton plein","twitter_creator":"@https:\/\/twitter.com\/LRoisDuPeloton","twitter_site":"@dicodusport","schema":{"@context":"https:\/\/schema.org","@graph":[{"@type":"NewsArticle","@id":"https:\/\/dicodusport.fr\/blog\/geant-femmes-de-soldeu-lara-gut-behrami-fait-carton-plein\/#article","isPartOf":{"@id":"https:\/\/dicodusport.fr\/blog\/geant-femmes-de-soldeu-lara-gut-behrami-fait-carton-plein\/"},"author":{"name":"Emilien Descampiaux","@id":"https:\/\/dicodusport.fr\/blog\/#\/schema\/person\/6db4bae06b171592211be385b32876a7"},"headline":"G\u00e9ant Femmes de Soldeu : Lara Gut-Behrami fait carton plein","datePublished":"2024-02-10T13:32:57+00:00","dateModified":"2024-02-10T15:46:20+00:00","mainEntityOfPage":{"@id":"https:\/\/dicodusport.fr\/blog\/geant-femmes-de-soldeu-lara-gut-behrami-fait-carton-plein\/"},"wordCount":609,"commentCount":0,"publisher":{"@id":"https:\/\/dicodusport.fr\/blog\/#organization"},"image":{"@id":"https:\/\/dicodusport.fr\/blog\/geant-femmes-de-soldeu-lara-gut-behrami-fait-carton-plein\/#primaryimage"},"thumbnailUrl":"https:\/\/dicodusport.fr\/blog\/wp-content\/uploads\/2024\/02\/Geant-Femmes-de-Soldeu-Lara-Gut-Behrami-fait-carton-plein-1.png","keywords":["br\u00e8ve","Coupe du monde de ski alpin","Ski alpin"],"articleSection":["Coupe du monde de ski alpin"],"inLanguage":"fr-FR","potentialAction":[{"@type":"CommentAction","name":"Comment","target":["https:\/\/dicodusport.fr\/blog\/geant-femmes-de-soldeu-lara-gut-behrami-fait-carton-plein\/#respond"]}],"copyrightYear":"2024","copyrightHolder":{"@id":"https:\/\/dicodusport.fr\/blog\/#organization"}},{"@type":"WebPage","@id":"https:\/\/dicodusport.fr\/blog\/geant-femmes-de-soldeu-lara-gut-behrami-fait-carton-plein\/","url":"https:\/\/dicodusport.fr\/blog\/geant-femmes-de-soldeu-lara-gut-behrami-fait-carton-plein\/","name":"G\u00e9ant Femmes de Soldeu : Lara Gut-Behrami fait carton plein","isPartOf":{"@id":"https:\/\/dicodusport.fr\/blog\/#website"},"primaryImageOfPage":{"@id":"https:\/\/dicodusport.fr\/blog\/geant-femmes-de-soldeu-lara-gut-behrami-fait-carton-plein\/#primaryimage"},"image":{"@id":"https:\/\/dicodusport.fr\/blog\/geant-femmes-de-soldeu-lara-gut-behrami-fait-carton-plein\/#primaryimage"},"thumbnailUrl":"https:\/\/dicodusport.fr\/blog\/wp-content\/uploads\/2024\/02\/Geant-Femmes-de-Soldeu-Lara-Gut-Behrami-fait-carton-plein-1.png","datePublished":"2024-02-10T13:32:57+00:00","dateModified":"2024-02-10T15:46:20+00:00","description":"COUPE DU MONDE DE SKI ALPIN 2023-2024 - La Suissesse Lara Gut-Behrami a remport\u00e9 le g\u00e9ant de Soldeu \u00e0 Andorre, samedi.","breadcrumb":{"@id":"https:\/\/dicodusport.fr\/blog\/geant-femmes-de-soldeu-lara-gut-behrami-fait-carton-plein\/#breadcrumb"},"inLanguage":"fr-FR","potentialAction":[{"@type":"ReadAction","target":["https:\/\/dicodusport.fr\/blog\/geant-femmes-de-soldeu-lara-gut-behrami-fait-carton-plein\/"]}]},{"@type":"ImageObject","inLanguage":"fr-FR","@id":"https:\/\/dicodusport.fr\/blog\/geant-femmes-de-soldeu-lara-gut-behrami-fait-carton-plein\/#primaryimage","url":"https:\/\/dicodusport.fr\/blog\/wp-content\/uploads\/2024\/02\/Geant-Femmes-de-Soldeu-Lara-Gut-Behrami-fait-carton-plein-1.png","contentUrl":"https:\/\/dicodusport.fr\/blog\/wp-content\/uploads\/2024\/02\/Geant-Femmes-de-Soldeu-Lara-Gut-Behrami-fait-carton-plein-1.png","width":1200,"height":674,"caption":"G\u00e9ant Femmes de Soldeu Lara Gut-Behrami fait carton plein (1)"},{"@type":"BreadcrumbList","@id":"https:\/\/dicodusport.fr\/blog\/geant-femmes-de-soldeu-lara-gut-behrami-fait-carton-plein\/#breadcrumb","itemListElement":[{"@type":"ListItem","position":1,"name":"Accueil","item":"https:\/\/dicodusport.fr\/blog\/"},{"@type":"ListItem","position":2,"name":"G\u00e9ant Femmes de Soldeu : Lara Gut-Behrami fait carton plein"}]},{"@type":"WebSite","@id":"https:\/\/dicodusport.fr\/blog\/#website","url":"https:\/\/dicodusport.fr\/blog\/","name":"Dicodusport","description":"L&#039;encyclop\u00e9die de l&#039;actualit\u00e9 sportive","publisher":{"@id":"https:\/\/dicodusport.fr\/blog\/#organization"},"potentialAction":[{"@type":"SearchAction","target":{"@type":"EntryPoint","urlTemplate":"https:\/\/dicodusport.fr\/blog\/?s={search_term_string}"},"query-input":{"@type":"PropertyValueSpecification","valueRequired":true,"valueName":"search_term_string"}}],"inLanguage":"fr-FR"},{"@type":"NewsMediaOrganization","@id":"https:\/\/dicodusport.fr\/blog\/#organization","name":"Dicodusport","url":"https:\/\/dicodusport.fr\/blog\/","logo":{"@type":"ImageObject","inLanguage":"fr-FR","@id":"https:\/\/dicodusport.fr\/blog\/#\/schema\/logo\/image\/","url":"https:\/\/dicodusport.fr\/blog\/wp-content\/uploads\/2020\/06\/cropped-LOGO-DICODUSPORT-2020-SANS-FOND-SANS-TEXTE.png","contentUrl":"https:\/\/dicodusport.fr\/blog\/wp-content\/uploads\/2020\/06\/cropped-LOGO-DICODUSPORT-2020-SANS-FOND-SANS-TEXTE.png","width":512,"height":512,"caption":"Dicodusport"},"image":{"@id":"https:\/\/dicodusport.fr\/blog\/#\/schema\/logo\/image\/"},"sameAs":["https:\/\/www.facebook.com\/dicodusport","https:\/\/x.com\/dicodusport","https:\/\/www.instagram.com\/dicodusport\/","https:\/\/www.youtube.com\/channel\/UC7V2KZ5sd3htJivAbA4ZG3w"],"description":"Dicodusport est l'encyclop\u00e9die de l'actualit\u00e9 sportive.","email":"bonjour@dicodusport.fr","legalName":"DICODUSPORT","foundingDate":"2018-01-14","vatID":"FR71834470973","taxID":"83447097300043","numberOfEmployees":{"@type":"QuantitativeValue","minValue":"1","maxValue":"10"}},{"@type":"Person","@id":"https:\/\/dicodusport.fr\/blog\/#\/schema\/person\/6db4bae06b171592211be385b32876a7","name":"Emilien Descampiaux","image":{"@type":"ImageObject","inLanguage":"fr-FR","@id":"https:\/\/dicodusport.fr\/blog\/#\/schema\/person\/image\/","url":"https:\/\/dicodusport.fr\/blog\/wp-content\/uploads\/2021\/05\/Emilien-Descampiaux-150x150.jpg","contentUrl":"https:\/\/dicodusport.fr\/blog\/wp-content\/uploads\/2021\/05\/Emilien-Descampiaux-150x150.jpg","caption":"Emilien Descampiaux"},"description":"Journaliste\/r\u00e9dacteur depuis 2014 - Fan de la classe de Frank Vandenbroucke, je vis cyclisme (et de ses paysages) depuis plus de 20 ans. Je suis tr\u00e8s impliqu\u00e9 sur mes diff\u00e9rents r\u00e9seaux sociaux pour partager ma passion sur le monde et l'Histoire de la bicyclette avec ma voix sur les images en noir et blanc du succ\u00e8s de Rik Van Steenbergen lors du Ronde sur le V\u00e9lodrome de Gand.","sameAs":["https:\/\/www.facebook.com\/groups\/LesRoisDuPeloton","https:\/\/x.com\/https:\/\/twitter.com\/LRoisDuPeloton"],"url":"https:\/\/dicodusport.fr\/blog\/author\/emiliend\/"}]}},"_links":{"self":[{"href":"https:\/\/dicodusport.fr\/blog\/wp-json\/wp\/v2\/posts\/461714","targetHints":{"allow":["GET"]}}],"collection":[{"href":"https:\/\/dicodusport.fr\/blog\/wp-json\/wp\/v2\/posts"}],"about":[{"href":"https:\/\/dicodusport.fr\/blog\/wp-json\/wp\/v2\/types\/post"}],"author":[{"embeddable":true,"href":"https:\/\/dicodusport.fr\/blog\/wp-json\/wp\/v2\/users\/48"}],"replies":[{"embeddable":true,"href":"https:\/\/dicodusport.fr\/blog\/wp-json\/wp\/v2\/comments?post=461714"}],"version-history":[{"count":6,"href":"https:\/\/dicodusport.fr\/blog\/wp-json\/wp\/v2\/posts\/461714\/revisions"}],"predecessor-version":[{"id":461859,"href":"https:\/\/dicodusport.fr\/blog\/wp-json\/wp\/v2\/posts\/461714\/revisions\/461859"}],"wp:featuredmedia":[{"embeddable":true,"href":"https:\/\/dicodusport.fr\/blog\/wp-json\/wp\/v2\/media\/461857"}],"wp:attachment":[{"href":"https:\/\/dicodusport.fr\/blog\/wp-json\/wp\/v2\/media?parent=461714"}],"wp:term":[{"taxonomy":"category","embeddable":true,"href":"https:\/\/dicodusport.fr\/blog\/wp-json\/wp\/v2\/categories?post=461714"},{"taxonomy":"post_tag","embeddable":true,"href":"https:\/\/dicodusport.fr\/blog\/wp-json\/wp\/v2\/tags?post=461714"}],"curies":[{"name":"wp","href":"https:\/\/api.w.org\/{rel}","templated":true}]}}