{"id":461737,"date":"2024-02-10T13:32:13","date_gmt":"2024-02-10T12:32:13","guid":{"rendered":"https:\/\/dicodusport.fr\/blog\/?p=461737&#038;preview=true&#038;preview_id=461737"},"modified":"2024-02-10T16:38:31","modified_gmt":"2024-02-10T15:38:31","slug":"geant-messieurs-bansko-odermatt-geantissime-ecrase-a-nouveau-la-concurrence","status":"publish","type":"post","link":"https:\/\/dicodusport.fr\/blog\/geant-messieurs-bansko-odermatt-geantissime-ecrase-a-nouveau-la-concurrence\/","title":{"rendered":"G\u00e9ant Bansko : G\u00e9antissime, Marco Odermatt \u00e9crase \u00e0 nouveau la concurrence"},"content":{"rendered":"<p style=\"text-align: justify;\"><strong><em>COUPE DU MONDE DE SKI ALPIN 2023-2024 &#8211; Marco Odermatt n&rsquo;en finit plus de briller sur la discipline du slalom g\u00e9ant. \u00c0 Bansko, en Bulgarie, c&rsquo;est son 9\u00e8me g\u00e9ant de suite, le 6\u00e8me de cette ann\u00e9e. Il repousse le Norv\u00e9gien Alexander Steen Olsen \u00e0 91 centi\u00e8mes et l&rsquo;Autrichien Manuel Feller \u00e0 1 seconde 08.<\/em><\/strong><\/p>\n<ul>\n<li style=\"text-align: justify;\"><strong>\u00c0 ce sujet \u2013 <a href=\"https:\/\/dicodusport.fr\/blog\/classement-geant-hommes-bansko-2024\/\">Classement du g\u00e9ant de Bansko<\/a><\/strong><\/li>\n<li style=\"text-align: justify;\"><strong>\u00c0 ce sujet \u2013\u00a0<a title=\"Coupe du monde de ski alpin \u2013 Classement g\u00e9n\u00e9ral hommes\" href=\"https:\/\/dicodusport.fr\/blog\/coupe-du-monde-de-ski-alpin-classement-general-hommes\/\" rel=\"\">Coupe du monde de ski alpin \u2013 Classement g\u00e9n\u00e9ral hommes<\/a><\/strong><\/li>\n<\/ul>\n<h2 style=\"text-align: justify;\">Steen Olsen accroche Odermatt sur la premi\u00e8re manche<\/h2>\n<p style=\"text-align: justify;\"><strong>Manuel Feller<\/strong>, le leader du classement du slalom, s\u2019\u00e9tait \u00e9lanc\u00e9 avec le dossard 1 en premi\u00e8re manche. Sans commettre v\u00e9ritablement de faute, il n\u2019a pas non plus donn\u00e9 une impression visuelle forte et est rest\u00e9 prudent sur le bas. Mais avec son dossard 1, il a pu b\u00e9n\u00e9ficier des meilleures conditions d\u2019accroche de neige. Tr\u00e8s rapidement, on a pu classer la performance de <strong>Feller<\/strong> avec le dossard num\u00e9ro 3, celui qui \u00e9crase la discipline cette ann\u00e9e : <strong>Marco Odermatt<\/strong>. Apr\u00e8s une bonne mise en action, le Suisse a jou\u00e9 la carte de l\u2019assurance, sans trop prendre de risque, notamment dans la partie du mur. En effet, sur sept portes, la piste est une v\u00e9ritable patinoire et beaucoup de skieurs ont \u00e9t\u00e9 en manque d\u2019appui avec des skis qui n\u2019accrochaient pas. Dans ce secteur, <strong>Odermatt<\/strong> a comme souvent su s\u2019adapter \u00e0 la piste et avec beaucoup d\u2019intelligence, il a su ne pas mettre trop d\u2019engagement tout en gardant des appuis corrects ; il perd du temps, particuli\u00e8rement sur <strong>Feller<\/strong> sur les secteurs 2 et 3.<\/p>\n<p style=\"text-align: justify;\">Puis une fois qu\u2019il a retrouv\u00e9 une neige avec une meilleure accroche, le Suisse a su remettre de l\u2019intensit\u00e9 dans son ski pour r\u00e9aliser une fin de trac\u00e9 \u00e0 son image. <strong>Steen Olsen<\/strong> vient confirmer la tendance des secteurs 2 et 3 tr\u00e8s prudent d\u2019Odermatt. En effet, le Norv\u00e9gien r\u00e9alise le meilleur temps du secteur num\u00e9ro 3 et reprend notamment 48 centi\u00e8mes sur le Suisse. Avec un haut de trac\u00e9 tr\u00e8s correct et en limitant la casse sur le bas du trac\u00e9, <strong>Steen Olsen<\/strong> \u00e9choue \u00e0 35 centi\u00e8mes d\u2019<strong>Odermatt<\/strong>. <strong>Feller <\/strong>(+0.47) compl\u00e8te le podium de la premi\u00e8re manche.<\/p>\n<p style=\"text-align: justify;\">C\u00f4t\u00e9 Fran\u00e7ais, ils \u00e9taient cinq au d\u00e9part. Malheureusement, seuls deux d\u2019entre eux ont r\u00e9ussi \u00e0 d\u00e9crocher leur place pour la seconde manche. <strong>Thibaut Favrot<\/strong> parti avec le dossard 20 a tir\u00e9 son \u00e9pingle du jeu et a r\u00e9alis\u00e9 une premi\u00e8re manche correcte avec le 12<sup>\u00e8me<\/sup> temps. La tr\u00e8s bonne performance est venue de la part de <strong>L\u00e9o Anguenot<\/strong> qui, avec le dossard 29, prend la 15<sup>\u00e8me<\/sup> place avec un haut de trac\u00e9 plein de fougue (meilleur temps du premier secteur) et en limitant les d\u00e9rives sur le reste du trac\u00e9. <strong>Victor Muffat-Jeandet <\/strong>et<strong> Diego Orecchioni<\/strong> ont fini respectivement 32<sup>\u00e8me<\/sup> et 34<sup>\u00e8me<\/sup>. <strong>Cl\u00e9ment No\u00ebl<\/strong> lui est sorti.<\/p>\n<blockquote class=\"twitter-tweet\">\n<p dir=\"ltr\" lang=\"fr\">L\u00e9o Anguenot en mode a\u00e9rien sur la 1ere manche du g\u00e9ant de Bansko. 15e place provisoire derri\u00e8re Thibaut Favrot 12e et devant <a href=\"https:\/\/twitter.com\/vmuffatjeandet?ref_src=twsrc%5Etfw\">@vmuffatjeandet<\/a> 27e \ud83c\uddeb\ud83c\uddf7 En t\u00eate ? Marco Odermatt bien s\u00fbr 1\ufe0f\u20e3<br \/>\n\ud83c\udf99\ufe0f<a href=\"https:\/\/twitter.com\/FX_Rallet?ref_src=twsrc%5Etfw\">@FX_Rallet<\/a> <a href=\"https:\/\/twitter.com\/yoclarey?ref_src=twsrc%5Etfw\">@yoclarey<\/a><br \/>\n\u27a1\ufe0f <a href=\"https:\/\/twitter.com\/Eurosport_FR?ref_src=twsrc%5Etfw\">@Eurosport_FR<\/a> <a href=\"https:\/\/twitter.com\/hashtag\/ChaletClub?src=hash&amp;ref_src=twsrc%5Etfw\">#ChaletClub<\/a> <a href=\"https:\/\/t.co\/WXCjqfnx8S\">pic.twitter.com\/WXCjqfnx8S<\/a><\/p>\n<p>\u2014 Chalet \u2744\ufe0f Club (@ChaletClub_) <a href=\"https:\/\/twitter.com\/ChaletClub_\/status\/1756248641650508186?ref_src=twsrc%5Etfw\">February 10, 2024<\/a><\/p><\/blockquote>\n<p><script async src=\"https:\/\/platform.twitter.com\/widgets.js\" charset=\"utf-8\"><\/script><\/p>\n<h2 style=\"text-align: justify;\">L&rsquo;extraterrestre Odermatt a encore frapp\u00e9<\/h2>\n<p style=\"text-align: justify;\">Sur une deuxi\u00e8me manche trac\u00e9e par le coach suisse, le premier helv\u00e8te \u00e0 briller fut <strong>Gino Caviezel<\/strong>, en r\u00e9alisant une grosse deuxi\u00e8me manche, qui lui laissera des regrets, notamment sur deux \u00e9normes fautes. Malgr\u00e9 cela, le Suisse arrive \u00e0 gagner huit places pour finir 13<sup>\u00e8me<\/sup>. Les Fran\u00e7ais ont r\u00e9ussi \u00e0 marquer des points sur cette deuxi\u00e8me manche malgr\u00e9 des runs plus mitig\u00e9s que le premier acte, <strong>Anguenot<\/strong> signe une 15<sup>\u00e8me<\/sup> place (meilleur r\u00e9sultat en Coupe du monde) et <strong>Favrot<\/strong> 19<sup>\u00e8me<\/sup>.<\/p>\n<p style=\"text-align: justify;\">Mais lorsqu\u2019on parle de Suisse qui brille, forc\u00e9ment, le nom <strong>d\u2019Odermatt<\/strong> arrive sur la table. Et le g\u00e9ant de Bansko n\u2019a pas d\u00e9rog\u00e9 \u00e0 la r\u00e8gle. Alors qu\u2019il avait \u00e9t\u00e9 prudent sur la premi\u00e8re manche, le Suisse a d\u00e9roul\u00e9 son ski sur la deuxi\u00e8me manche. Les superlatifs manquent pour d\u00e9crire \u00e0 nouveau la performance de l\u2019extraterrestre de la discipline. Seul un concurrent finit sous la seconde, il s\u2019agit du Norv\u00e9gien <strong>Steen Olsen<\/strong>, repouss\u00e9 malgr\u00e9 tout \u00e0 91 centi\u00e8mes du Suisse. Le podium de la premi\u00e8re manche reste inchang\u00e9 et sera le podium final de la course en Bulgarie.<\/p>\n<blockquote class=\"twitter-tweet\">\n<p dir=\"ltr\" lang=\"fr\">\u00ab\u00a0\ud835\ude3d\ud835\ude67\ud835\ude56\ud835\ude6b\ud835\ude64 \ud835\ude48\ud835\ude64\ud835\ude63\ud835\ude68\ud835\ude5e\ud835\ude5a\ud835\ude6a\ud835\ude67\u00a0\u00bb : Marco Odermatt reste intouchable en g\u00e9ant avec une nouvelle victoire, \u00e0 Bansko ce samedi !<\/p>\n<p>Suivez la Coupe du monde de ski alpin en int\u00e9gralit\u00e9 sur Eurosport <a href=\"https:\/\/twitter.com\/hashtag\/ChaletClub?src=hash&amp;ref_src=twsrc%5Etfw\">#ChaletClub<\/a> <a href=\"https:\/\/t.co\/QYPypaftJZ\">pic.twitter.com\/QYPypaftJZ<\/a><\/p>\n<p>\u2014 Eurosport France (@Eurosport_FR) <a href=\"https:\/\/twitter.com\/Eurosport_FR\/status\/1756295293765665131?ref_src=twsrc%5Etfw\">February 10, 2024<\/a><\/p><\/blockquote>\n<p><script async src=\"https:\/\/platform.twitter.com\/widgets.js\" charset=\"utf-8\"><\/script><\/p>\n<p style=\"text-align: justify;\">Avec ce nouvel exploit majuscule, <strong>Odermatt<\/strong> \u00e9gale le nombre de victoires d\u2019<strong>Alexis Pinturault\u00a0<\/strong>: 34 ! En g\u00e9ant, le Suisse est sur une s\u00e9rie \u00e9poustouflante de neuf victoires cons\u00e9cutives sur deux ans. Il s&rsquo;agit de sa 6\u1d49 victoire cette ann\u00e9e sur le G\u00e9ant. Qui va pouvoir l&#8217;emp\u00eacher de r\u00e9aliser le Grand Chelem des g\u00e9ants ? Aujourd&rsquo;hui, personne ne semble en mesure de d\u00e9loger <strong>Odermatt<\/strong> qui est tout simplement G\u00c9ANT !<\/p>\n<p>&nbsp;<\/p>\n<p style=\"text-align: justify;\">\n","protected":false},"excerpt":{"rendered":"<p>COUPE DU MONDE DE SKI ALPIN 2023-2024 &#8211; Vainqueur \u00e0 Bansko, Marco Odermatt n&rsquo;en finit plus de briller sur la discipline du slalom g\u00e9ant.<\/p>\n","protected":false},"author":95,"featured_media":461852,"comment_status":"open","ping_status":"closed","sticky":false,"template":"","format":"standard","meta":{"_acf_changed":false,"_daextam_enable_autolinks":"1","footnotes":""},"categories":[47084],"tags":[16878,3009,2233,3543,24],"class_list":["post-461737","post","type-post","status-publish","format-standard","has-post-thumbnail","hentry","category-coupe-du-monde-ski-alpin","tag-breve","tag-geant","tag-ski-alpin","tag-slalom-geant","tag-sport"],"acf":[],"yoast_head":"<!-- This site is optimized with the Yoast SEO Premium plugin v26.7 (Yoast SEO v26.7) - https:\/\/yoast.com\/wordpress\/plugins\/seo\/ -->\n<title>G\u00e9ant Bansko : G\u00e9antissime, Marco Odermatt \u00e9crase \u00e0 nouveau la concurrence<\/title>\n<meta name=\"description\" content=\"COUPE DU MONDE DE SKI ALPIN 2023-2024 - Vainqueur \u00e0 Bansko, Marco Odermatt n&#039;en finit plus de briller sur la discipline du slalom g\u00e9ant.\" \/>\n<meta name=\"robots\" content=\"index, follow, max-snippet:-1, max-image-preview:large, max-video-preview:-1\" \/>\n<link rel=\"canonical\" href=\"https:\/\/dicodusport.fr\/blog\/geant-messieurs-bansko-odermatt-geantissime-ecrase-a-nouveau-la-concurrence\/\" \/>\n<meta property=\"og:locale\" content=\"fr_FR\" \/>\n<meta property=\"og:type\" content=\"article\" \/>\n<meta property=\"og:title\" content=\"G\u00e9ant Bansko : G\u00e9antissime, Marco Odermatt \u00e9crase \u00e0 nouveau la concurrence\" \/>\n<meta property=\"og:description\" content=\"COUPE DU MONDE DE SKI ALPIN 2023-2024 - Vainqueur \u00e0 Bansko, Marco Odermatt n&#039;en finit plus de briller sur la discipline du slalom g\u00e9ant.\" \/>\n<meta property=\"og:url\" content=\"https:\/\/dicodusport.fr\/blog\/geant-messieurs-bansko-odermatt-geantissime-ecrase-a-nouveau-la-concurrence\/\" \/>\n<meta property=\"og:site_name\" content=\"Dicodusport\" \/>\n<meta property=\"article:publisher\" content=\"https:\/\/www.facebook.com\/dicodusport\" \/>\n<meta property=\"article:published_time\" content=\"2024-02-10T12:32:13+00:00\" \/>\n<meta property=\"article:modified_time\" content=\"2024-02-10T15:38:31+00:00\" \/>\n<meta property=\"og:image\" content=\"https:\/\/dicodusport.fr\/blog\/wp-content\/uploads\/2024\/02\/Geant-Bansko-Geantissime-Marco-Odermatt-ecrase-a-nouveau-la-concurrence-1.png\" \/>\n\t<meta property=\"og:image:width\" content=\"1200\" \/>\n\t<meta property=\"og:image:height\" content=\"674\" \/>\n\t<meta property=\"og:image:type\" content=\"image\/png\" \/>\n<meta name=\"author\" content=\"Florian Vernet\" \/>\n<meta name=\"twitter:card\" content=\"summary_large_image\" \/>\n<meta name=\"twitter:title\" content=\"G\u00e9ant Bansko : G\u00e9antissime, Marco Odermatt \u00e9crase \u00e0 nouveau la concurrence\" \/>\n<meta name=\"twitter:creator\" content=\"@dicodusport\" \/>\n<meta name=\"twitter:site\" content=\"@dicodusport\" \/>\n<script type=\"application\/ld+json\" class=\"yoast-schema-graph\">{\"@context\":\"https:\/\/schema.org\",\"@graph\":[{\"@type\":\"NewsArticle\",\"@id\":\"https:\/\/dicodusport.fr\/blog\/geant-messieurs-bansko-odermatt-geantissime-ecrase-a-nouveau-la-concurrence\/#article\",\"isPartOf\":{\"@id\":\"https:\/\/dicodusport.fr\/blog\/geant-messieurs-bansko-odermatt-geantissime-ecrase-a-nouveau-la-concurrence\/\"},\"author\":{\"name\":\"Florian Vernet\",\"@id\":\"https:\/\/dicodusport.fr\/blog\/#\/schema\/person\/8d5318ade56dccc8d6ba87254c479570\"},\"headline\":\"G\u00e9ant Bansko : G\u00e9antissime, Marco Odermatt \u00e9crase \u00e0 nouveau la concurrence\",\"datePublished\":\"2024-02-10T12:32:13+00:00\",\"dateModified\":\"2024-02-10T15:38:31+00:00\",\"mainEntityOfPage\":{\"@id\":\"https:\/\/dicodusport.fr\/blog\/geant-messieurs-bansko-odermatt-geantissime-ecrase-a-nouveau-la-concurrence\/\"},\"wordCount\":873,\"commentCount\":0,\"publisher\":{\"@id\":\"https:\/\/dicodusport.fr\/blog\/#organization\"},\"image\":{\"@id\":\"https:\/\/dicodusport.fr\/blog\/geant-messieurs-bansko-odermatt-geantissime-ecrase-a-nouveau-la-concurrence\/#primaryimage\"},\"thumbnailUrl\":\"https:\/\/dicodusport.fr\/blog\/wp-content\/uploads\/2024\/02\/Geant-Bansko-Geantissime-Marco-Odermatt-ecrase-a-nouveau-la-concurrence-1.png\",\"keywords\":[\"br\u00e8ve\",\"g\u00e9ant\",\"Ski alpin\",\"slalom g\u00e9ant\",\"sport\"],\"articleSection\":[\"Coupe du monde de ski alpin\"],\"inLanguage\":\"fr-FR\",\"potentialAction\":[{\"@type\":\"CommentAction\",\"name\":\"Comment\",\"target\":[\"https:\/\/dicodusport.fr\/blog\/geant-messieurs-bansko-odermatt-geantissime-ecrase-a-nouveau-la-concurrence\/#respond\"]}],\"copyrightYear\":\"2024\",\"copyrightHolder\":{\"@id\":\"https:\/\/dicodusport.fr\/blog\/#organization\"}},{\"@type\":\"WebPage\",\"@id\":\"https:\/\/dicodusport.fr\/blog\/geant-messieurs-bansko-odermatt-geantissime-ecrase-a-nouveau-la-concurrence\/\",\"url\":\"https:\/\/dicodusport.fr\/blog\/geant-messieurs-bansko-odermatt-geantissime-ecrase-a-nouveau-la-concurrence\/\",\"name\":\"G\u00e9ant Bansko : G\u00e9antissime, Marco Odermatt \u00e9crase \u00e0 nouveau la concurrence\",\"isPartOf\":{\"@id\":\"https:\/\/dicodusport.fr\/blog\/#website\"},\"primaryImageOfPage\":{\"@id\":\"https:\/\/dicodusport.fr\/blog\/geant-messieurs-bansko-odermatt-geantissime-ecrase-a-nouveau-la-concurrence\/#primaryimage\"},\"image\":{\"@id\":\"https:\/\/dicodusport.fr\/blog\/geant-messieurs-bansko-odermatt-geantissime-ecrase-a-nouveau-la-concurrence\/#primaryimage\"},\"thumbnailUrl\":\"https:\/\/dicodusport.fr\/blog\/wp-content\/uploads\/2024\/02\/Geant-Bansko-Geantissime-Marco-Odermatt-ecrase-a-nouveau-la-concurrence-1.png\",\"datePublished\":\"2024-02-10T12:32:13+00:00\",\"dateModified\":\"2024-02-10T15:38:31+00:00\",\"description\":\"COUPE DU MONDE DE SKI ALPIN 2023-2024 - Vainqueur \u00e0 Bansko, Marco Odermatt n'en finit plus de briller sur la discipline du slalom g\u00e9ant.\",\"breadcrumb\":{\"@id\":\"https:\/\/dicodusport.fr\/blog\/geant-messieurs-bansko-odermatt-geantissime-ecrase-a-nouveau-la-concurrence\/#breadcrumb\"},\"inLanguage\":\"fr-FR\",\"potentialAction\":[{\"@type\":\"ReadAction\",\"target\":[\"https:\/\/dicodusport.fr\/blog\/geant-messieurs-bansko-odermatt-geantissime-ecrase-a-nouveau-la-concurrence\/\"]}]},{\"@type\":\"ImageObject\",\"inLanguage\":\"fr-FR\",\"@id\":\"https:\/\/dicodusport.fr\/blog\/geant-messieurs-bansko-odermatt-geantissime-ecrase-a-nouveau-la-concurrence\/#primaryimage\",\"url\":\"https:\/\/dicodusport.fr\/blog\/wp-content\/uploads\/2024\/02\/Geant-Bansko-Geantissime-Marco-Odermatt-ecrase-a-nouveau-la-concurrence-1.png\",\"contentUrl\":\"https:\/\/dicodusport.fr\/blog\/wp-content\/uploads\/2024\/02\/Geant-Bansko-Geantissime-Marco-Odermatt-ecrase-a-nouveau-la-concurrence-1.png\",\"width\":1200,\"height\":674,\"caption\":\"G\u00e9ant Bansko G\u00e9antissime, Marco Odermatt \u00e9crase \u00e0 nouveau la concurrence (1)\"},{\"@type\":\"BreadcrumbList\",\"@id\":\"https:\/\/dicodusport.fr\/blog\/geant-messieurs-bansko-odermatt-geantissime-ecrase-a-nouveau-la-concurrence\/#breadcrumb\",\"itemListElement\":[{\"@type\":\"ListItem\",\"position\":1,\"name\":\"Accueil\",\"item\":\"https:\/\/dicodusport.fr\/blog\/\"},{\"@type\":\"ListItem\",\"position\":2,\"name\":\"G\u00e9ant Bansko : G\u00e9antissime, Marco Odermatt \u00e9crase \u00e0 nouveau la concurrence\"}]},{\"@type\":\"WebSite\",\"@id\":\"https:\/\/dicodusport.fr\/blog\/#website\",\"url\":\"https:\/\/dicodusport.fr\/blog\/\",\"name\":\"Dicodusport\",\"description\":\"L&#039;encyclop\u00e9die de l&#039;actualit\u00e9 sportive\",\"publisher\":{\"@id\":\"https:\/\/dicodusport.fr\/blog\/#organization\"},\"potentialAction\":[{\"@type\":\"SearchAction\",\"target\":{\"@type\":\"EntryPoint\",\"urlTemplate\":\"https:\/\/dicodusport.fr\/blog\/?s={search_term_string}\"},\"query-input\":{\"@type\":\"PropertyValueSpecification\",\"valueRequired\":true,\"valueName\":\"search_term_string\"}}],\"inLanguage\":\"fr-FR\"},{\"@type\":\"NewsMediaOrganization\",\"@id\":\"https:\/\/dicodusport.fr\/blog\/#organization\",\"name\":\"Dicodusport\",\"url\":\"https:\/\/dicodusport.fr\/blog\/\",\"logo\":{\"@type\":\"ImageObject\",\"inLanguage\":\"fr-FR\",\"@id\":\"https:\/\/dicodusport.fr\/blog\/#\/schema\/logo\/image\/\",\"url\":\"https:\/\/dicodusport.fr\/blog\/wp-content\/uploads\/2020\/06\/cropped-LOGO-DICODUSPORT-2020-SANS-FOND-SANS-TEXTE.png\",\"contentUrl\":\"https:\/\/dicodusport.fr\/blog\/wp-content\/uploads\/2020\/06\/cropped-LOGO-DICODUSPORT-2020-SANS-FOND-SANS-TEXTE.png\",\"width\":512,\"height\":512,\"caption\":\"Dicodusport\"},\"image\":{\"@id\":\"https:\/\/dicodusport.fr\/blog\/#\/schema\/logo\/image\/\"},\"sameAs\":[\"https:\/\/www.facebook.com\/dicodusport\",\"https:\/\/x.com\/dicodusport\",\"https:\/\/www.instagram.com\/dicodusport\/\",\"https:\/\/www.youtube.com\/channel\/UC7V2KZ5sd3htJivAbA4ZG3w\"],\"description\":\"Dicodusport est l'encyclop\u00e9die de l'actualit\u00e9 sportive.\",\"email\":\"bonjour@dicodusport.fr\",\"legalName\":\"DICODUSPORT\",\"foundingDate\":\"2018-01-14\",\"vatID\":\"FR71834470973\",\"taxID\":\"83447097300043\",\"numberOfEmployees\":{\"@type\":\"QuantitativeValue\",\"minValue\":\"1\",\"maxValue\":\"10\"}},{\"@type\":\"Person\",\"@id\":\"https:\/\/dicodusport.fr\/blog\/#\/schema\/person\/8d5318ade56dccc8d6ba87254c479570\",\"name\":\"Florian Vernet\",\"image\":{\"@type\":\"ImageObject\",\"inLanguage\":\"fr-FR\",\"@id\":\"https:\/\/dicodusport.fr\/blog\/#\/schema\/person\/image\/\",\"url\":\"https:\/\/dicodusport.fr\/blog\/wp-content\/uploads\/2023\/10\/Capture-Copie-150x150.jpg\",\"contentUrl\":\"https:\/\/dicodusport.fr\/blog\/wp-content\/uploads\/2023\/10\/Capture-Copie-150x150.jpg\",\"caption\":\"Florian Vernet\"},\"url\":\"https:\/\/dicodusport.fr\/blog\/author\/florian-vernet\/\"}]}<\/script>\n<!-- \/ Yoast SEO Premium plugin. -->","yoast_head_json":{"title":"G\u00e9ant Bansko : G\u00e9antissime, Marco Odermatt \u00e9crase \u00e0 nouveau la concurrence","description":"COUPE DU MONDE DE SKI ALPIN 2023-2024 - Vainqueur \u00e0 Bansko, Marco Odermatt n'en finit plus de briller sur la discipline du slalom g\u00e9ant.","robots":{"index":"index","follow":"follow","max-snippet":"max-snippet:-1","max-image-preview":"max-image-preview:large","max-video-preview":"max-video-preview:-1"},"canonical":"https:\/\/dicodusport.fr\/blog\/geant-messieurs-bansko-odermatt-geantissime-ecrase-a-nouveau-la-concurrence\/","og_locale":"fr_FR","og_type":"article","og_title":"G\u00e9ant Bansko : G\u00e9antissime, Marco Odermatt \u00e9crase \u00e0 nouveau la concurrence","og_description":"COUPE DU MONDE DE SKI ALPIN 2023-2024 - Vainqueur \u00e0 Bansko, Marco Odermatt n'en finit plus de briller sur la discipline du slalom g\u00e9ant.","og_url":"https:\/\/dicodusport.fr\/blog\/geant-messieurs-bansko-odermatt-geantissime-ecrase-a-nouveau-la-concurrence\/","og_site_name":"Dicodusport","article_publisher":"https:\/\/www.facebook.com\/dicodusport","article_published_time":"2024-02-10T12:32:13+00:00","article_modified_time":"2024-02-10T15:38:31+00:00","og_image":[{"width":1200,"height":674,"url":"https:\/\/dicodusport.fr\/blog\/wp-content\/uploads\/2024\/02\/Geant-Bansko-Geantissime-Marco-Odermatt-ecrase-a-nouveau-la-concurrence-1.png","type":"image\/png"}],"author":"Florian Vernet","twitter_card":"summary_large_image","twitter_title":"G\u00e9ant Bansko : G\u00e9antissime, Marco Odermatt \u00e9crase \u00e0 nouveau la concurrence","twitter_creator":"@dicodusport","twitter_site":"@dicodusport","schema":{"@context":"https:\/\/schema.org","@graph":[{"@type":"NewsArticle","@id":"https:\/\/dicodusport.fr\/blog\/geant-messieurs-bansko-odermatt-geantissime-ecrase-a-nouveau-la-concurrence\/#article","isPartOf":{"@id":"https:\/\/dicodusport.fr\/blog\/geant-messieurs-bansko-odermatt-geantissime-ecrase-a-nouveau-la-concurrence\/"},"author":{"name":"Florian Vernet","@id":"https:\/\/dicodusport.fr\/blog\/#\/schema\/person\/8d5318ade56dccc8d6ba87254c479570"},"headline":"G\u00e9ant Bansko : G\u00e9antissime, Marco Odermatt \u00e9crase \u00e0 nouveau la concurrence","datePublished":"2024-02-10T12:32:13+00:00","dateModified":"2024-02-10T15:38:31+00:00","mainEntityOfPage":{"@id":"https:\/\/dicodusport.fr\/blog\/geant-messieurs-bansko-odermatt-geantissime-ecrase-a-nouveau-la-concurrence\/"},"wordCount":873,"commentCount":0,"publisher":{"@id":"https:\/\/dicodusport.fr\/blog\/#organization"},"image":{"@id":"https:\/\/dicodusport.fr\/blog\/geant-messieurs-bansko-odermatt-geantissime-ecrase-a-nouveau-la-concurrence\/#primaryimage"},"thumbnailUrl":"https:\/\/dicodusport.fr\/blog\/wp-content\/uploads\/2024\/02\/Geant-Bansko-Geantissime-Marco-Odermatt-ecrase-a-nouveau-la-concurrence-1.png","keywords":["br\u00e8ve","g\u00e9ant","Ski alpin","slalom g\u00e9ant","sport"],"articleSection":["Coupe du monde de ski alpin"],"inLanguage":"fr-FR","potentialAction":[{"@type":"CommentAction","name":"Comment","target":["https:\/\/dicodusport.fr\/blog\/geant-messieurs-bansko-odermatt-geantissime-ecrase-a-nouveau-la-concurrence\/#respond"]}],"copyrightYear":"2024","copyrightHolder":{"@id":"https:\/\/dicodusport.fr\/blog\/#organization"}},{"@type":"WebPage","@id":"https:\/\/dicodusport.fr\/blog\/geant-messieurs-bansko-odermatt-geantissime-ecrase-a-nouveau-la-concurrence\/","url":"https:\/\/dicodusport.fr\/blog\/geant-messieurs-bansko-odermatt-geantissime-ecrase-a-nouveau-la-concurrence\/","name":"G\u00e9ant Bansko : G\u00e9antissime, Marco Odermatt \u00e9crase \u00e0 nouveau la concurrence","isPartOf":{"@id":"https:\/\/dicodusport.fr\/blog\/#website"},"primaryImageOfPage":{"@id":"https:\/\/dicodusport.fr\/blog\/geant-messieurs-bansko-odermatt-geantissime-ecrase-a-nouveau-la-concurrence\/#primaryimage"},"image":{"@id":"https:\/\/dicodusport.fr\/blog\/geant-messieurs-bansko-odermatt-geantissime-ecrase-a-nouveau-la-concurrence\/#primaryimage"},"thumbnailUrl":"https:\/\/dicodusport.fr\/blog\/wp-content\/uploads\/2024\/02\/Geant-Bansko-Geantissime-Marco-Odermatt-ecrase-a-nouveau-la-concurrence-1.png","datePublished":"2024-02-10T12:32:13+00:00","dateModified":"2024-02-10T15:38:31+00:00","description":"COUPE DU MONDE DE SKI ALPIN 2023-2024 - Vainqueur \u00e0 Bansko, Marco Odermatt n'en finit plus de briller sur la discipline du slalom g\u00e9ant.","breadcrumb":{"@id":"https:\/\/dicodusport.fr\/blog\/geant-messieurs-bansko-odermatt-geantissime-ecrase-a-nouveau-la-concurrence\/#breadcrumb"},"inLanguage":"fr-FR","potentialAction":[{"@type":"ReadAction","target":["https:\/\/dicodusport.fr\/blog\/geant-messieurs-bansko-odermatt-geantissime-ecrase-a-nouveau-la-concurrence\/"]}]},{"@type":"ImageObject","inLanguage":"fr-FR","@id":"https:\/\/dicodusport.fr\/blog\/geant-messieurs-bansko-odermatt-geantissime-ecrase-a-nouveau-la-concurrence\/#primaryimage","url":"https:\/\/dicodusport.fr\/blog\/wp-content\/uploads\/2024\/02\/Geant-Bansko-Geantissime-Marco-Odermatt-ecrase-a-nouveau-la-concurrence-1.png","contentUrl":"https:\/\/dicodusport.fr\/blog\/wp-content\/uploads\/2024\/02\/Geant-Bansko-Geantissime-Marco-Odermatt-ecrase-a-nouveau-la-concurrence-1.png","width":1200,"height":674,"caption":"G\u00e9ant Bansko G\u00e9antissime, Marco Odermatt \u00e9crase \u00e0 nouveau la concurrence (1)"},{"@type":"BreadcrumbList","@id":"https:\/\/dicodusport.fr\/blog\/geant-messieurs-bansko-odermatt-geantissime-ecrase-a-nouveau-la-concurrence\/#breadcrumb","itemListElement":[{"@type":"ListItem","position":1,"name":"Accueil","item":"https:\/\/dicodusport.fr\/blog\/"},{"@type":"ListItem","position":2,"name":"G\u00e9ant Bansko : G\u00e9antissime, Marco Odermatt \u00e9crase \u00e0 nouveau la concurrence"}]},{"@type":"WebSite","@id":"https:\/\/dicodusport.fr\/blog\/#website","url":"https:\/\/dicodusport.fr\/blog\/","name":"Dicodusport","description":"L&#039;encyclop\u00e9die de l&#039;actualit\u00e9 sportive","publisher":{"@id":"https:\/\/dicodusport.fr\/blog\/#organization"},"potentialAction":[{"@type":"SearchAction","target":{"@type":"EntryPoint","urlTemplate":"https:\/\/dicodusport.fr\/blog\/?s={search_term_string}"},"query-input":{"@type":"PropertyValueSpecification","valueRequired":true,"valueName":"search_term_string"}}],"inLanguage":"fr-FR"},{"@type":"NewsMediaOrganization","@id":"https:\/\/dicodusport.fr\/blog\/#organization","name":"Dicodusport","url":"https:\/\/dicodusport.fr\/blog\/","logo":{"@type":"ImageObject","inLanguage":"fr-FR","@id":"https:\/\/dicodusport.fr\/blog\/#\/schema\/logo\/image\/","url":"https:\/\/dicodusport.fr\/blog\/wp-content\/uploads\/2020\/06\/cropped-LOGO-DICODUSPORT-2020-SANS-FOND-SANS-TEXTE.png","contentUrl":"https:\/\/dicodusport.fr\/blog\/wp-content\/uploads\/2020\/06\/cropped-LOGO-DICODUSPORT-2020-SANS-FOND-SANS-TEXTE.png","width":512,"height":512,"caption":"Dicodusport"},"image":{"@id":"https:\/\/dicodusport.fr\/blog\/#\/schema\/logo\/image\/"},"sameAs":["https:\/\/www.facebook.com\/dicodusport","https:\/\/x.com\/dicodusport","https:\/\/www.instagram.com\/dicodusport\/","https:\/\/www.youtube.com\/channel\/UC7V2KZ5sd3htJivAbA4ZG3w"],"description":"Dicodusport est l'encyclop\u00e9die de l'actualit\u00e9 sportive.","email":"bonjour@dicodusport.fr","legalName":"DICODUSPORT","foundingDate":"2018-01-14","vatID":"FR71834470973","taxID":"83447097300043","numberOfEmployees":{"@type":"QuantitativeValue","minValue":"1","maxValue":"10"}},{"@type":"Person","@id":"https:\/\/dicodusport.fr\/blog\/#\/schema\/person\/8d5318ade56dccc8d6ba87254c479570","name":"Florian Vernet","image":{"@type":"ImageObject","inLanguage":"fr-FR","@id":"https:\/\/dicodusport.fr\/blog\/#\/schema\/person\/image\/","url":"https:\/\/dicodusport.fr\/blog\/wp-content\/uploads\/2023\/10\/Capture-Copie-150x150.jpg","contentUrl":"https:\/\/dicodusport.fr\/blog\/wp-content\/uploads\/2023\/10\/Capture-Copie-150x150.jpg","caption":"Florian Vernet"},"url":"https:\/\/dicodusport.fr\/blog\/author\/florian-vernet\/"}]}},"_links":{"self":[{"href":"https:\/\/dicodusport.fr\/blog\/wp-json\/wp\/v2\/posts\/461737","targetHints":{"allow":["GET"]}}],"collection":[{"href":"https:\/\/dicodusport.fr\/blog\/wp-json\/wp\/v2\/posts"}],"about":[{"href":"https:\/\/dicodusport.fr\/blog\/wp-json\/wp\/v2\/types\/post"}],"author":[{"embeddable":true,"href":"https:\/\/dicodusport.fr\/blog\/wp-json\/wp\/v2\/users\/95"}],"replies":[{"embeddable":true,"href":"https:\/\/dicodusport.fr\/blog\/wp-json\/wp\/v2\/comments?post=461737"}],"version-history":[{"count":5,"href":"https:\/\/dicodusport.fr\/blog\/wp-json\/wp\/v2\/posts\/461737\/revisions"}],"predecessor-version":[{"id":461785,"href":"https:\/\/dicodusport.fr\/blog\/wp-json\/wp\/v2\/posts\/461737\/revisions\/461785"}],"wp:featuredmedia":[{"embeddable":true,"href":"https:\/\/dicodusport.fr\/blog\/wp-json\/wp\/v2\/media\/461852"}],"wp:attachment":[{"href":"https:\/\/dicodusport.fr\/blog\/wp-json\/wp\/v2\/media?parent=461737"}],"wp:term":[{"taxonomy":"category","embeddable":true,"href":"https:\/\/dicodusport.fr\/blog\/wp-json\/wp\/v2\/categories?post=461737"},{"taxonomy":"post_tag","embeddable":true,"href":"https:\/\/dicodusport.fr\/blog\/wp-json\/wp\/v2\/tags?post=461737"}],"curies":[{"name":"wp","href":"https:\/\/api.w.org\/{rel}","templated":true}]}}