{"id":462516,"date":"2024-02-12T07:30:03","date_gmt":"2024-02-12T06:30:03","guid":{"rendered":"https:\/\/dicodusport.fr\/blog\/?p=462516&#038;preview=true&#038;preview_id=462516"},"modified":"2024-02-19T18:21:13","modified_gmt":"2024-02-19T17:21:13","slug":"transferts-stade-rochelais-gregory-alldritt-a-tranche-pour-son-avenir","status":"publish","type":"post","link":"https:\/\/dicodusport.fr\/blog\/transferts-stade-rochelais-gregory-alldritt-a-tranche-pour-son-avenir\/","title":{"rendered":"Transferts Stade Rochelais : Gr\u00e9gory Alldritt a tranch\u00e9 pour son avenir"},"content":{"rendered":"<p style=\"text-align: justify;\"><strong><em>TOP 14 2023-2024 &#8211; Selon RMC Sport, Gr\u00e9gory Alldritt va encore prolonger son contrat avec le Stade Rochelais.<\/em><\/strong><\/p>\n<p style=\"text-align: justify;\">Capitaine de l&rsquo;\u00e9quipe de <strong>France<\/strong> depuis le d\u00e9but du Tournoi des 6 Nations, <strong>Gr\u00e9gory<\/strong> <strong>Alldritt<\/strong> n&rsquo;a pas pu aller au bout du match face \u00e0 l&rsquo;<strong>\u00c9cosse<\/strong>. Sorti sur civi\u00e8re, on a craint le pire pour le troisi\u00e8me ligne centre du <strong>Stade<\/strong> <strong>Rochelais,<\/strong> mais les nouvelles ont finalement \u00e9t\u00e9 rassurantes. S&rsquo;il n&rsquo;est pas gravement bless\u00e9, il devrait toutefois \u00eatre forfait pour le match face \u00e0 l&rsquo;Italie.<\/p>\n<ul style=\"text-align: justify;\">\n<li style=\"text-align: justify;\"><strong>\u00c0 ce sujet &#8211; <a href=\"https:\/\/dicodusport.fr\/blog\/xv-de-france-les-19-joueurs-proteges-pour-la-15eme-journee-de-top-14\/\" target=\"_blank\" rel=\"noopener\">XV de France : Les 19 joueurs prot\u00e9g\u00e9s pour la 15\u00e8me journ\u00e9e de Top 14<\/a><\/strong><\/li>\n<\/ul>\n<h2 style=\"text-align: justify;\">Gr\u00e9gory Alldritt prolonge jusqu&rsquo;en 2028 avec La Rochelle<\/h2>\n<p style=\"text-align: justify;\">Au niveau contractuel, <strong>Gr\u00e9gory<\/strong> <strong>Alldritt<\/strong> a prolong\u00e9 il y a quelques mois avec les <strong>Maritimes<\/strong>, jusqu&rsquo;en 2026. Il a eu le droit de faire un break de plusieurs semaines apr\u00e8s la Coupe du monde pour se ressourcer, aussi bien physiquement que mentalement. Le troisi\u00e8me ligne centre des Bleus a repris la comp\u00e9tition fin d\u00e9cembre et a donc ensuite encha\u00een\u00e9 avec le XV de <strong>France<\/strong>.<\/p>\n<p style=\"text-align: justify;\">Si son avenir semblait d\u00e9j\u00e0 bien scell\u00e9, <strong>Gr\u00e9gory<\/strong> <strong>Alldritt<\/strong> va encore prolonger son bail avec le <strong>Stade Rochelais<\/strong>. Un nouvel accord a \u00e9t\u00e9 trouv\u00e9 pour deux saisons de plus. Le troisi\u00e8me ligne centre va donc \u00eatre li\u00e9 \u00e0 <strong>La<\/strong> <strong>Rochelle<\/strong> jusqu&rsquo;en juin 2028, soit pour quatre saisons de plus apr\u00e8s celle en cours. Une bonne nouvelle pour les <strong>Maritimes<\/strong>, tant il a prouv\u00e9 qu&rsquo;il \u00e9tait un des tout meilleurs \u00e0 son poste.<\/p>\n<blockquote class=\"twitter-tweet\">\n<p dir=\"ltr\" lang=\"fr\">Le capitaine du XV de France, Gr\u00e9gory Alldritt, va prolonger son contrat avec La Rochelle pour plusieurs ann\u00e9es ! Plus d&rsquo;infos \u2b07\ufe0f<a href=\"https:\/\/t.co\/ZOrHu9AKXZ\">https:\/\/t.co\/ZOrHu9AKXZ<\/a><\/p>\n<p>\u2014 RUGBYRAMA (@RugbyramaFR) <a href=\"https:\/\/twitter.com\/RugbyramaFR\/status\/1756757566359535867?ref_src=twsrc%5Etfw\">February 11, 2024<\/a><\/p><\/blockquote>\n<p style=\"text-align: justify;\"><script async src=\"https:\/\/platform.twitter.com\/widgets.js\" charset=\"utf-8\"><\/script><\/p>\n","protected":false},"excerpt":{"rendered":"<p>TOP 14 2023-2024 &#8211; Selon RMC Sport, Gr\u00e9gory Alldritt va encore prolonger son contrat avec le Stade Rochelais.<\/p>\n","protected":false},"author":1,"featured_media":462517,"comment_status":"open","ping_status":"closed","sticky":false,"template":"","format":"standard","meta":{"_acf_changed":false,"_daextam_enable_autolinks":"1","footnotes":""},"categories":[9129,47050],"tags":[26150,16878,9375,2702,111,29105],"class_list":["post-462516","post","type-post","status-publish","format-standard","has-post-thumbnail","hentry","category-rugby-a-xv","category-top-14","tag-alldritt","tag-breve","tag-gregory-alldritt","tag-stade-rochelais","tag-top-14","tag-transferts-rugby"],"acf":[],"yoast_head":"<!-- This site is optimized with the Yoast SEO Premium plugin v26.7 (Yoast SEO v26.7) - https:\/\/yoast.com\/wordpress\/plugins\/seo\/ -->\n<title>Transferts Stade Rochelais : Gr\u00e9gory Alldritt a tranch\u00e9 pour son avenir<\/title>\n<meta name=\"description\" content=\"TOP 14 2023-2024 - Selon RMC Sport, Gr\u00e9gory Alldritt va encore prolonger son contrat avec le Stade Rochelais.\" \/>\n<meta name=\"robots\" content=\"index, follow, max-snippet:-1, max-image-preview:large, max-video-preview:-1\" \/>\n<link rel=\"canonical\" href=\"https:\/\/dicodusport.fr\/blog\/transferts-stade-rochelais-gregory-alldritt-a-tranche-pour-son-avenir\/\" \/>\n<meta property=\"og:locale\" content=\"fr_FR\" \/>\n<meta property=\"og:type\" content=\"article\" \/>\n<meta property=\"og:title\" content=\"Transferts Stade Rochelais : Gr\u00e9gory Alldritt a tranch\u00e9 pour son avenir\" \/>\n<meta property=\"og:description\" content=\"TOP 14 2023-2024 - Selon RMC Sport, Gr\u00e9gory Alldritt va encore prolonger son contrat avec le Stade Rochelais.\" \/>\n<meta property=\"og:url\" content=\"https:\/\/dicodusport.fr\/blog\/transferts-stade-rochelais-gregory-alldritt-a-tranche-pour-son-avenir\/\" \/>\n<meta property=\"og:site_name\" content=\"Dicodusport\" \/>\n<meta property=\"article:publisher\" content=\"https:\/\/www.facebook.com\/dicodusport\" \/>\n<meta property=\"article:author\" content=\"https:\/\/www.facebook.com\/dicodusport\" \/>\n<meta property=\"article:published_time\" content=\"2024-02-12T06:30:03+00:00\" \/>\n<meta property=\"article:modified_time\" content=\"2024-02-19T17:21:13+00:00\" \/>\n<meta property=\"og:image\" content=\"https:\/\/dicodusport.fr\/blog\/wp-content\/uploads\/2024\/02\/Transferts-Stade-Rochelais-Gregory-Alldritt-a-tranche-pour-son-avenir.png\" \/>\n\t<meta property=\"og:image:width\" content=\"1200\" \/>\n\t<meta property=\"og:image:height\" content=\"674\" \/>\n\t<meta property=\"og:image:type\" content=\"image\/png\" \/>\n<meta name=\"author\" content=\"Nicolas Jacquemard\" \/>\n<meta name=\"twitter:card\" content=\"summary_large_image\" \/>\n<meta name=\"twitter:title\" content=\"Transferts Stade Rochelais : Gr\u00e9gory Alldritt a tranch\u00e9 pour son avenir\" \/>\n<meta name=\"twitter:creator\" content=\"@https:\/\/twitter.com\/Nico_Jacquemard\" \/>\n<meta name=\"twitter:site\" content=\"@dicodusport\" \/>\n<script type=\"application\/ld+json\" class=\"yoast-schema-graph\">{\"@context\":\"https:\/\/schema.org\",\"@graph\":[{\"@type\":\"NewsArticle\",\"@id\":\"https:\/\/dicodusport.fr\/blog\/transferts-stade-rochelais-gregory-alldritt-a-tranche-pour-son-avenir\/#article\",\"isPartOf\":{\"@id\":\"https:\/\/dicodusport.fr\/blog\/transferts-stade-rochelais-gregory-alldritt-a-tranche-pour-son-avenir\/\"},\"author\":{\"name\":\"Nicolas Jacquemard\",\"@id\":\"https:\/\/dicodusport.fr\/blog\/#\/schema\/person\/55dcb50ad410894e431ed812bbb70191\"},\"headline\":\"Transferts Stade Rochelais : Gr\u00e9gory Alldritt a tranch\u00e9 pour son avenir\",\"datePublished\":\"2024-02-12T06:30:03+00:00\",\"dateModified\":\"2024-02-19T17:21:13+00:00\",\"mainEntityOfPage\":{\"@id\":\"https:\/\/dicodusport.fr\/blog\/transferts-stade-rochelais-gregory-alldritt-a-tranche-pour-son-avenir\/\"},\"wordCount\":304,\"commentCount\":0,\"publisher\":{\"@id\":\"https:\/\/dicodusport.fr\/blog\/#organization\"},\"image\":{\"@id\":\"https:\/\/dicodusport.fr\/blog\/transferts-stade-rochelais-gregory-alldritt-a-tranche-pour-son-avenir\/#primaryimage\"},\"thumbnailUrl\":\"https:\/\/dicodusport.fr\/blog\/wp-content\/uploads\/2024\/02\/Transferts-Stade-Rochelais-Gregory-Alldritt-a-tranche-pour-son-avenir.png\",\"keywords\":[\"Alldritt\",\"br\u00e8ve\",\"Gr\u00e9gory Alldritt\",\"Stade Rochelais\",\"Top 14\",\"Transferts rugby\"],\"articleSection\":[\"Rugby \u00e0 XV\",\"Top 14\"],\"inLanguage\":\"fr-FR\",\"potentialAction\":[{\"@type\":\"CommentAction\",\"name\":\"Comment\",\"target\":[\"https:\/\/dicodusport.fr\/blog\/transferts-stade-rochelais-gregory-alldritt-a-tranche-pour-son-avenir\/#respond\"]}],\"copyrightYear\":\"2024\",\"copyrightHolder\":{\"@id\":\"https:\/\/dicodusport.fr\/blog\/#organization\"}},{\"@type\":\"WebPage\",\"@id\":\"https:\/\/dicodusport.fr\/blog\/transferts-stade-rochelais-gregory-alldritt-a-tranche-pour-son-avenir\/\",\"url\":\"https:\/\/dicodusport.fr\/blog\/transferts-stade-rochelais-gregory-alldritt-a-tranche-pour-son-avenir\/\",\"name\":\"Transferts Stade Rochelais : Gr\u00e9gory Alldritt a tranch\u00e9 pour son avenir\",\"isPartOf\":{\"@id\":\"https:\/\/dicodusport.fr\/blog\/#website\"},\"primaryImageOfPage\":{\"@id\":\"https:\/\/dicodusport.fr\/blog\/transferts-stade-rochelais-gregory-alldritt-a-tranche-pour-son-avenir\/#primaryimage\"},\"image\":{\"@id\":\"https:\/\/dicodusport.fr\/blog\/transferts-stade-rochelais-gregory-alldritt-a-tranche-pour-son-avenir\/#primaryimage\"},\"thumbnailUrl\":\"https:\/\/dicodusport.fr\/blog\/wp-content\/uploads\/2024\/02\/Transferts-Stade-Rochelais-Gregory-Alldritt-a-tranche-pour-son-avenir.png\",\"datePublished\":\"2024-02-12T06:30:03+00:00\",\"dateModified\":\"2024-02-19T17:21:13+00:00\",\"description\":\"TOP 14 2023-2024 - Selon RMC Sport, Gr\u00e9gory Alldritt va encore prolonger son contrat avec le Stade Rochelais.\",\"breadcrumb\":{\"@id\":\"https:\/\/dicodusport.fr\/blog\/transferts-stade-rochelais-gregory-alldritt-a-tranche-pour-son-avenir\/#breadcrumb\"},\"inLanguage\":\"fr-FR\",\"potentialAction\":[{\"@type\":\"ReadAction\",\"target\":[\"https:\/\/dicodusport.fr\/blog\/transferts-stade-rochelais-gregory-alldritt-a-tranche-pour-son-avenir\/\"]}]},{\"@type\":\"ImageObject\",\"inLanguage\":\"fr-FR\",\"@id\":\"https:\/\/dicodusport.fr\/blog\/transferts-stade-rochelais-gregory-alldritt-a-tranche-pour-son-avenir\/#primaryimage\",\"url\":\"https:\/\/dicodusport.fr\/blog\/wp-content\/uploads\/2024\/02\/Transferts-Stade-Rochelais-Gregory-Alldritt-a-tranche-pour-son-avenir.png\",\"contentUrl\":\"https:\/\/dicodusport.fr\/blog\/wp-content\/uploads\/2024\/02\/Transferts-Stade-Rochelais-Gregory-Alldritt-a-tranche-pour-son-avenir.png\",\"width\":1200,\"height\":674},{\"@type\":\"BreadcrumbList\",\"@id\":\"https:\/\/dicodusport.fr\/blog\/transferts-stade-rochelais-gregory-alldritt-a-tranche-pour-son-avenir\/#breadcrumb\",\"itemListElement\":[{\"@type\":\"ListItem\",\"position\":1,\"name\":\"Accueil\",\"item\":\"https:\/\/dicodusport.fr\/blog\/\"},{\"@type\":\"ListItem\",\"position\":2,\"name\":\"Transferts Stade Rochelais : Gr\u00e9gory Alldritt a tranch\u00e9 pour son avenir\"}]},{\"@type\":\"WebSite\",\"@id\":\"https:\/\/dicodusport.fr\/blog\/#website\",\"url\":\"https:\/\/dicodusport.fr\/blog\/\",\"name\":\"Dicodusport\",\"description\":\"L&#039;encyclop\u00e9die de l&#039;actualit\u00e9 sportive\",\"publisher\":{\"@id\":\"https:\/\/dicodusport.fr\/blog\/#organization\"},\"potentialAction\":[{\"@type\":\"SearchAction\",\"target\":{\"@type\":\"EntryPoint\",\"urlTemplate\":\"https:\/\/dicodusport.fr\/blog\/?s={search_term_string}\"},\"query-input\":{\"@type\":\"PropertyValueSpecification\",\"valueRequired\":true,\"valueName\":\"search_term_string\"}}],\"inLanguage\":\"fr-FR\"},{\"@type\":\"NewsMediaOrganization\",\"@id\":\"https:\/\/dicodusport.fr\/blog\/#organization\",\"name\":\"Dicodusport\",\"url\":\"https:\/\/dicodusport.fr\/blog\/\",\"logo\":{\"@type\":\"ImageObject\",\"inLanguage\":\"fr-FR\",\"@id\":\"https:\/\/dicodusport.fr\/blog\/#\/schema\/logo\/image\/\",\"url\":\"https:\/\/dicodusport.fr\/blog\/wp-content\/uploads\/2020\/06\/cropped-LOGO-DICODUSPORT-2020-SANS-FOND-SANS-TEXTE.png\",\"contentUrl\":\"https:\/\/dicodusport.fr\/blog\/wp-content\/uploads\/2020\/06\/cropped-LOGO-DICODUSPORT-2020-SANS-FOND-SANS-TEXTE.png\",\"width\":512,\"height\":512,\"caption\":\"Dicodusport\"},\"image\":{\"@id\":\"https:\/\/dicodusport.fr\/blog\/#\/schema\/logo\/image\/\"},\"sameAs\":[\"https:\/\/www.facebook.com\/dicodusport\",\"https:\/\/x.com\/dicodusport\",\"https:\/\/www.instagram.com\/dicodusport\/\",\"https:\/\/www.youtube.com\/channel\/UC7V2KZ5sd3htJivAbA4ZG3w\"],\"description\":\"Dicodusport est l'encyclop\u00e9die de l'actualit\u00e9 sportive.\",\"email\":\"bonjour@dicodusport.fr\",\"legalName\":\"DICODUSPORT\",\"foundingDate\":\"2018-01-14\",\"vatID\":\"FR71834470973\",\"taxID\":\"83447097300043\",\"numberOfEmployees\":{\"@type\":\"QuantitativeValue\",\"minValue\":\"1\",\"maxValue\":\"10\"}},{\"@type\":\"Person\",\"@id\":\"https:\/\/dicodusport.fr\/blog\/#\/schema\/person\/55dcb50ad410894e431ed812bbb70191\",\"name\":\"Nicolas Jacquemard\",\"image\":{\"@type\":\"ImageObject\",\"inLanguage\":\"fr-FR\",\"@id\":\"https:\/\/dicodusport.fr\/blog\/#\/schema\/person\/image\/\",\"url\":\"https:\/\/dicodusport.fr\/blog\/wp-content\/uploads\/2021\/05\/Nicolas-Jacquemard-150x150.jpeg\",\"contentUrl\":\"https:\/\/dicodusport.fr\/blog\/wp-content\/uploads\/2021\/05\/Nicolas-Jacquemard-150x150.jpeg\",\"caption\":\"Nicolas Jacquemard\"},\"description\":\"Passionn\u00e9 de sport et entrepreneur depuis mes 18 ans, la cr\u00e9ation de Dicodusport m'a sembl\u00e9 \u00e9vidente pour participer \u00e0 la m\u00e9diatisation d'un plus grand nombre de sports. Le chemin est long mais avec une \u00e9quipe des plus motiv\u00e9es et les Jeux Olympiques de Paris 2024 en point de mire, nous y arriverons ! Journaliste dans le monde du sport depuis plus de 5 ans, je traite aussi bien de football, de rugby, de biathlon que de cyclisme.\",\"sameAs\":[\"https:\/\/www.facebook.com\/dicodusport\",\"https:\/\/x.com\/https:\/\/twitter.com\/Nico_Jacquemard\"],\"url\":\"https:\/\/dicodusport.fr\/blog\/author\/dicodusport\/\"}]}<\/script>\n<!-- \/ Yoast SEO Premium plugin. -->","yoast_head_json":{"title":"Transferts Stade Rochelais : Gr\u00e9gory Alldritt a tranch\u00e9 pour son avenir","description":"TOP 14 2023-2024 - Selon RMC Sport, Gr\u00e9gory Alldritt va encore prolonger son contrat avec le Stade Rochelais.","robots":{"index":"index","follow":"follow","max-snippet":"max-snippet:-1","max-image-preview":"max-image-preview:large","max-video-preview":"max-video-preview:-1"},"canonical":"https:\/\/dicodusport.fr\/blog\/transferts-stade-rochelais-gregory-alldritt-a-tranche-pour-son-avenir\/","og_locale":"fr_FR","og_type":"article","og_title":"Transferts Stade Rochelais : Gr\u00e9gory Alldritt a tranch\u00e9 pour son avenir","og_description":"TOP 14 2023-2024 - Selon RMC Sport, Gr\u00e9gory Alldritt va encore prolonger son contrat avec le Stade Rochelais.","og_url":"https:\/\/dicodusport.fr\/blog\/transferts-stade-rochelais-gregory-alldritt-a-tranche-pour-son-avenir\/","og_site_name":"Dicodusport","article_publisher":"https:\/\/www.facebook.com\/dicodusport","article_author":"https:\/\/www.facebook.com\/dicodusport","article_published_time":"2024-02-12T06:30:03+00:00","article_modified_time":"2024-02-19T17:21:13+00:00","og_image":[{"width":1200,"height":674,"url":"https:\/\/dicodusport.fr\/blog\/wp-content\/uploads\/2024\/02\/Transferts-Stade-Rochelais-Gregory-Alldritt-a-tranche-pour-son-avenir.png","type":"image\/png"}],"author":"Nicolas Jacquemard","twitter_card":"summary_large_image","twitter_title":"Transferts Stade Rochelais : Gr\u00e9gory Alldritt a tranch\u00e9 pour son avenir","twitter_creator":"@https:\/\/twitter.com\/Nico_Jacquemard","twitter_site":"@dicodusport","schema":{"@context":"https:\/\/schema.org","@graph":[{"@type":"NewsArticle","@id":"https:\/\/dicodusport.fr\/blog\/transferts-stade-rochelais-gregory-alldritt-a-tranche-pour-son-avenir\/#article","isPartOf":{"@id":"https:\/\/dicodusport.fr\/blog\/transferts-stade-rochelais-gregory-alldritt-a-tranche-pour-son-avenir\/"},"author":{"name":"Nicolas Jacquemard","@id":"https:\/\/dicodusport.fr\/blog\/#\/schema\/person\/55dcb50ad410894e431ed812bbb70191"},"headline":"Transferts Stade Rochelais : Gr\u00e9gory Alldritt a tranch\u00e9 pour son avenir","datePublished":"2024-02-12T06:30:03+00:00","dateModified":"2024-02-19T17:21:13+00:00","mainEntityOfPage":{"@id":"https:\/\/dicodusport.fr\/blog\/transferts-stade-rochelais-gregory-alldritt-a-tranche-pour-son-avenir\/"},"wordCount":304,"commentCount":0,"publisher":{"@id":"https:\/\/dicodusport.fr\/blog\/#organization"},"image":{"@id":"https:\/\/dicodusport.fr\/blog\/transferts-stade-rochelais-gregory-alldritt-a-tranche-pour-son-avenir\/#primaryimage"},"thumbnailUrl":"https:\/\/dicodusport.fr\/blog\/wp-content\/uploads\/2024\/02\/Transferts-Stade-Rochelais-Gregory-Alldritt-a-tranche-pour-son-avenir.png","keywords":["Alldritt","br\u00e8ve","Gr\u00e9gory Alldritt","Stade Rochelais","Top 14","Transferts rugby"],"articleSection":["Rugby \u00e0 XV","Top 14"],"inLanguage":"fr-FR","potentialAction":[{"@type":"CommentAction","name":"Comment","target":["https:\/\/dicodusport.fr\/blog\/transferts-stade-rochelais-gregory-alldritt-a-tranche-pour-son-avenir\/#respond"]}],"copyrightYear":"2024","copyrightHolder":{"@id":"https:\/\/dicodusport.fr\/blog\/#organization"}},{"@type":"WebPage","@id":"https:\/\/dicodusport.fr\/blog\/transferts-stade-rochelais-gregory-alldritt-a-tranche-pour-son-avenir\/","url":"https:\/\/dicodusport.fr\/blog\/transferts-stade-rochelais-gregory-alldritt-a-tranche-pour-son-avenir\/","name":"Transferts Stade Rochelais : Gr\u00e9gory Alldritt a tranch\u00e9 pour son avenir","isPartOf":{"@id":"https:\/\/dicodusport.fr\/blog\/#website"},"primaryImageOfPage":{"@id":"https:\/\/dicodusport.fr\/blog\/transferts-stade-rochelais-gregory-alldritt-a-tranche-pour-son-avenir\/#primaryimage"},"image":{"@id":"https:\/\/dicodusport.fr\/blog\/transferts-stade-rochelais-gregory-alldritt-a-tranche-pour-son-avenir\/#primaryimage"},"thumbnailUrl":"https:\/\/dicodusport.fr\/blog\/wp-content\/uploads\/2024\/02\/Transferts-Stade-Rochelais-Gregory-Alldritt-a-tranche-pour-son-avenir.png","datePublished":"2024-02-12T06:30:03+00:00","dateModified":"2024-02-19T17:21:13+00:00","description":"TOP 14 2023-2024 - Selon RMC Sport, Gr\u00e9gory Alldritt va encore prolonger son contrat avec le Stade Rochelais.","breadcrumb":{"@id":"https:\/\/dicodusport.fr\/blog\/transferts-stade-rochelais-gregory-alldritt-a-tranche-pour-son-avenir\/#breadcrumb"},"inLanguage":"fr-FR","potentialAction":[{"@type":"ReadAction","target":["https:\/\/dicodusport.fr\/blog\/transferts-stade-rochelais-gregory-alldritt-a-tranche-pour-son-avenir\/"]}]},{"@type":"ImageObject","inLanguage":"fr-FR","@id":"https:\/\/dicodusport.fr\/blog\/transferts-stade-rochelais-gregory-alldritt-a-tranche-pour-son-avenir\/#primaryimage","url":"https:\/\/dicodusport.fr\/blog\/wp-content\/uploads\/2024\/02\/Transferts-Stade-Rochelais-Gregory-Alldritt-a-tranche-pour-son-avenir.png","contentUrl":"https:\/\/dicodusport.fr\/blog\/wp-content\/uploads\/2024\/02\/Transferts-Stade-Rochelais-Gregory-Alldritt-a-tranche-pour-son-avenir.png","width":1200,"height":674},{"@type":"BreadcrumbList","@id":"https:\/\/dicodusport.fr\/blog\/transferts-stade-rochelais-gregory-alldritt-a-tranche-pour-son-avenir\/#breadcrumb","itemListElement":[{"@type":"ListItem","position":1,"name":"Accueil","item":"https:\/\/dicodusport.fr\/blog\/"},{"@type":"ListItem","position":2,"name":"Transferts Stade Rochelais : Gr\u00e9gory Alldritt a tranch\u00e9 pour son avenir"}]},{"@type":"WebSite","@id":"https:\/\/dicodusport.fr\/blog\/#website","url":"https:\/\/dicodusport.fr\/blog\/","name":"Dicodusport","description":"L&#039;encyclop\u00e9die de l&#039;actualit\u00e9 sportive","publisher":{"@id":"https:\/\/dicodusport.fr\/blog\/#organization"},"potentialAction":[{"@type":"SearchAction","target":{"@type":"EntryPoint","urlTemplate":"https:\/\/dicodusport.fr\/blog\/?s={search_term_string}"},"query-input":{"@type":"PropertyValueSpecification","valueRequired":true,"valueName":"search_term_string"}}],"inLanguage":"fr-FR"},{"@type":"NewsMediaOrganization","@id":"https:\/\/dicodusport.fr\/blog\/#organization","name":"Dicodusport","url":"https:\/\/dicodusport.fr\/blog\/","logo":{"@type":"ImageObject","inLanguage":"fr-FR","@id":"https:\/\/dicodusport.fr\/blog\/#\/schema\/logo\/image\/","url":"https:\/\/dicodusport.fr\/blog\/wp-content\/uploads\/2020\/06\/cropped-LOGO-DICODUSPORT-2020-SANS-FOND-SANS-TEXTE.png","contentUrl":"https:\/\/dicodusport.fr\/blog\/wp-content\/uploads\/2020\/06\/cropped-LOGO-DICODUSPORT-2020-SANS-FOND-SANS-TEXTE.png","width":512,"height":512,"caption":"Dicodusport"},"image":{"@id":"https:\/\/dicodusport.fr\/blog\/#\/schema\/logo\/image\/"},"sameAs":["https:\/\/www.facebook.com\/dicodusport","https:\/\/x.com\/dicodusport","https:\/\/www.instagram.com\/dicodusport\/","https:\/\/www.youtube.com\/channel\/UC7V2KZ5sd3htJivAbA4ZG3w"],"description":"Dicodusport est l'encyclop\u00e9die de l'actualit\u00e9 sportive.","email":"bonjour@dicodusport.fr","legalName":"DICODUSPORT","foundingDate":"2018-01-14","vatID":"FR71834470973","taxID":"83447097300043","numberOfEmployees":{"@type":"QuantitativeValue","minValue":"1","maxValue":"10"}},{"@type":"Person","@id":"https:\/\/dicodusport.fr\/blog\/#\/schema\/person\/55dcb50ad410894e431ed812bbb70191","name":"Nicolas Jacquemard","image":{"@type":"ImageObject","inLanguage":"fr-FR","@id":"https:\/\/dicodusport.fr\/blog\/#\/schema\/person\/image\/","url":"https:\/\/dicodusport.fr\/blog\/wp-content\/uploads\/2021\/05\/Nicolas-Jacquemard-150x150.jpeg","contentUrl":"https:\/\/dicodusport.fr\/blog\/wp-content\/uploads\/2021\/05\/Nicolas-Jacquemard-150x150.jpeg","caption":"Nicolas Jacquemard"},"description":"Passionn\u00e9 de sport et entrepreneur depuis mes 18 ans, la cr\u00e9ation de Dicodusport m'a sembl\u00e9 \u00e9vidente pour participer \u00e0 la m\u00e9diatisation d'un plus grand nombre de sports. Le chemin est long mais avec une \u00e9quipe des plus motiv\u00e9es et les Jeux Olympiques de Paris 2024 en point de mire, nous y arriverons ! Journaliste dans le monde du sport depuis plus de 5 ans, je traite aussi bien de football, de rugby, de biathlon que de cyclisme.","sameAs":["https:\/\/www.facebook.com\/dicodusport","https:\/\/x.com\/https:\/\/twitter.com\/Nico_Jacquemard"],"url":"https:\/\/dicodusport.fr\/blog\/author\/dicodusport\/"}]}},"_links":{"self":[{"href":"https:\/\/dicodusport.fr\/blog\/wp-json\/wp\/v2\/posts\/462516","targetHints":{"allow":["GET"]}}],"collection":[{"href":"https:\/\/dicodusport.fr\/blog\/wp-json\/wp\/v2\/posts"}],"about":[{"href":"https:\/\/dicodusport.fr\/blog\/wp-json\/wp\/v2\/types\/post"}],"author":[{"embeddable":true,"href":"https:\/\/dicodusport.fr\/blog\/wp-json\/wp\/v2\/users\/1"}],"replies":[{"embeddable":true,"href":"https:\/\/dicodusport.fr\/blog\/wp-json\/wp\/v2\/comments?post=462516"}],"version-history":[{"count":4,"href":"https:\/\/dicodusport.fr\/blog\/wp-json\/wp\/v2\/posts\/462516\/revisions"}],"predecessor-version":[{"id":462603,"href":"https:\/\/dicodusport.fr\/blog\/wp-json\/wp\/v2\/posts\/462516\/revisions\/462603"}],"wp:featuredmedia":[{"embeddable":true,"href":"https:\/\/dicodusport.fr\/blog\/wp-json\/wp\/v2\/media\/462517"}],"wp:attachment":[{"href":"https:\/\/dicodusport.fr\/blog\/wp-json\/wp\/v2\/media?parent=462516"}],"wp:term":[{"taxonomy":"category","embeddable":true,"href":"https:\/\/dicodusport.fr\/blog\/wp-json\/wp\/v2\/categories?post=462516"},{"taxonomy":"post_tag","embeddable":true,"href":"https:\/\/dicodusport.fr\/blog\/wp-json\/wp\/v2\/tags?post=462516"}],"curies":[{"name":"wp","href":"https:\/\/api.w.org\/{rel}","templated":true}]}}