{"id":462525,"date":"2024-02-12T09:06:16","date_gmt":"2024-02-12T08:06:16","guid":{"rendered":"https:\/\/dicodusport.fr\/blog\/?p=462525&#038;preview=true&#038;preview_id=462525"},"modified":"2024-02-12T09:53:16","modified_gmt":"2024-02-12T08:53:16","slug":"cyclisme-evenepoel-kopecky-movistar-le-barometre-de-la-semaine-du-5-au11-fevrier","status":"publish","type":"post","link":"https:\/\/dicodusport.fr\/blog\/cyclisme-evenepoel-kopecky-movistar-le-barometre-de-la-semaine-du-5-au11-fevrier\/","title":{"rendered":"Cyclisme : Evenepoel, Kopecky, Movistar, le barom\u00e8tre de la semaine du 5 au11 f\u00e9vrier"},"content":{"rendered":"<p style=\"text-align: justify;\"><strong><em>CYCLISME SUR ROUTE 2024 &#8211; Retrouvez le barom\u00e8tre Dicodusport de la semaine de cyclisme. D\u00e9couvrez les hauts et les bas de la semaine du 4 au 11 f\u00e9vrier.<\/em><\/strong><\/p>\n<ul>\n<li style=\"text-align: justify;\"><strong>\u00c0 ce sujet &#8211; <a href=\"https:\/\/dicodusport.fr\/blog\/actualites\/cyclisme\/cyclisme-sur-route-2024\/\">L&rsquo;actualit\u00e9 du cyclisme<\/a><\/strong><\/li>\n<\/ul>\n<h2>En hausse<\/h2>\n<h3 style=\"text-align: justify;\">Mads Pedersen (Lidl-Trek)<\/h3>\n<p style=\"text-align: justify;\">Dans la lign\u00e9e de son succ\u00e8s sur le g\u00e9n\u00e9ral de l&rsquo;\u00c9toile de Bess\u00e8ges, le Danois a r\u00e9cidiv\u00e9 sur le <a href=\"https:\/\/dicodusport.fr\/blog\/tour-de-la-provence-2024-parcours-et-profil-des-etapes\/\">Tour de La Provence<\/a>. Alors oui, la concurrence n&rsquo;est pas celle d&rsquo;un monument. Mais cela pose quand m\u00eame des bases solides, avec six victoires depuis le d\u00e9but de l&rsquo;ann\u00e9e. Il a surtout impressionn\u00e9 lors de la 3e \u00e9tape. En tractant seul un groupe d&rsquo;une quinzaine d&rsquo;hommes pendant une grosse dizaine de kilom\u00e8tres. Avant de s&rsquo;imposer au sommet d&rsquo;une petite bosse. Battu ce dimanche dans la derni\u00e8re \u00e9tape, il repart du sud-est avec beaucoup de certitudes. Avant sans doute de s&rsquo;envoler davantage vers le nord et les pav\u00e9s. Avec un autre plateau.<\/p>\n<div class=\"vlp-link-container vlp-layout-article\"><a href=\"https:\/\/dicodusport.fr\/blog\/cyclisme-2024-la-grande-annee-pour-mads-pedersen\/\" class=\"vlp-link\" title=\"Cyclisme : 2024, la grande ann\u00e9e pour Mads Pedersen ?\"><\/a><div class=\"vlp-layout-zone-side\"><div class=\"vlp-block-4 vlp-link-image\"><img loading=\"lazy\" decoding=\"async\" style=\"max-width: 792px;\" width=\"792\" height=\"445\" src=\"https:\/\/dicodusport.fr\/blog\/wp-content\/uploads\/2024\/02\/Cyclisme-2024-la-grande-annee-de-Mads-Pedersen-.png\" class=\"attachment-800x445 size-800x445\" alt=\"Tour de La Provence 2024 - Classement g\u00e9n\u00e9ral\" srcset=\"https:\/\/dicodusport.fr\/blog\/wp-content\/uploads\/2024\/02\/Cyclisme-2024-la-grande-annee-de-Mads-Pedersen-.png 1200w, https:\/\/dicodusport.fr\/blog\/wp-content\/uploads\/2024\/02\/Cyclisme-2024-la-grande-annee-de-Mads-Pedersen--300x169.png 300w, https:\/\/dicodusport.fr\/blog\/wp-content\/uploads\/2024\/02\/Cyclisme-2024-la-grande-annee-de-Mads-Pedersen--1024x575.png 1024w, https:\/\/dicodusport.fr\/blog\/wp-content\/uploads\/2024\/02\/Cyclisme-2024-la-grande-annee-de-Mads-Pedersen--768x431.png 768w\" sizes=\"auto, (max-width: 792px) 100vw, 792px\" \/><\/div><\/div><div class=\"vlp-layout-zone-main\"><div class=\"vlp-block-0 vlp-link-title\">Cyclisme : 2024, la grande ann\u00e9e pour Mads Pedersen ?<\/div><div class=\"vlp-block-1 vlp-link-summary\">CYCLISME - Mads Pedersen (Lidl-Trek) sera l'attraction du Tour de La Provence, qui d\u00e9bute ce jeudi, quelques jours apr\u00e8s sa victoire sur l'\u00c9toile de Bess\u00e8ges. Le Danois peut \u00eatre un des grands bonhommes de l'ann\u00e9e 2024.<\/div><div class=\"vlp-block-2 vlp-link-button\">Lire l'article<\/div><div class=\"vlp-block-3 vlp-link-url\">dicodusport.fr<\/div><\/div><\/div>\n<h3 style=\"text-align: justify;\">Remco Evenepoel (Soudal-Quick Step)<\/h3>\n<p style=\"text-align: justify;\">Une rentr\u00e9e, une victoire pour le champion belge. Qui a fait ce qu&rsquo;il sait faire de mieux lors de la <a href=\"https:\/\/dicodusport.fr\/blog\/figueira-champions-classic-2024-le-numero-de-remco-evenepoel\/\">Figueira Champions Classic<\/a>, au Portugal. C&rsquo;est-\u00e0-dire s&rsquo;\u00e9chapper \u00e0 55 kilom\u00e8tres de l&rsquo;arriv\u00e9e, pour terminer en solitaire. Avec, s&rsquo;il vous plait, 1:48 d&rsquo;avance sur le peloton. Alors, \u00e9videmment, l\u00e0 aussi, ce n&rsquo;est pas une concurrence de Monument. Mais sa r\u00e9currence \u00e0 reproduire encore et encore les m\u00eames scenarii de course est absolument stup\u00e9fiante. On sait qu&rsquo;il va attaquer de loin et pourtant, personne n&rsquo;est capable de prendre la roue du Belge, quand il porte son acc\u00e9l\u00e9ration. Le message est d\u00e9j\u00e0 clair pour les autres.<\/p>\n<h3 style=\"text-align: justify;\">Lotte Kopecky (SD-Worx)<\/h3>\n<p style=\"text-align: justify;\">La Belge a montr\u00e9 qu&rsquo;elle savait grimper du c\u00f4t\u00e9 du UAE Tour. Remportant l&rsquo;\u00e9tape reine au <strong>Jebel Hafeet<\/strong>, mais aussi le classement g\u00e9n\u00e9ral. La Belge, habitu\u00e9e \u00e0 briller sur les classiques pav\u00e9es ou usantes, s&rsquo;est d\u00e9couverte des qualit\u00e9s de grimpeuse l&rsquo;an pass\u00e9, lors de sa 2e place sur le Tour de France. Elle ne fait que confirmer, avec une attaque d\u00e9cisive dans le final d&rsquo;une course qui a explos\u00e9 assez t\u00f4t. Reste \u00e0 savoir o\u00f9 sont ses limites sur les encha\u00eenements de cols et surtout face aux toutes meilleures grimpeuses du monde. Mais, incontestablement, on peut dire qu&rsquo;elle a ajout\u00e9 une nouvelle corde \u00e0 un arc d\u00e9j\u00e0 bien fourni.<\/p>\n<div class=\"vlp-link-container vlp-layout-article\"><a href=\"https:\/\/dicodusport.fr\/blog\/uae-tour-feminin-2024-lotte-kopecky-remporte-la-3e-etape-au-sommet-de-jebel-hafeet\/\" class=\"vlp-link\" title=\"UAE Tour f\u00e9minin 2024 : Lotte Kopecky remporte la 3e \u00e9tape au sommet de Jebel Hafeet\"><\/a><div class=\"vlp-layout-zone-side\"><div class=\"vlp-block-4 vlp-link-image\"><img loading=\"lazy\" decoding=\"async\" style=\"max-width: 792px;\" width=\"792\" height=\"445\" src=\"https:\/\/dicodusport.fr\/blog\/wp-content\/uploads\/2024\/02\/UAE-Tour-feminin-2024-Lotte-Kopecky-remporte-la-3e-etape-au-sommet-de-Jebel-Hafeet.png\" class=\"attachment-800x445 size-800x445\" alt=\"UAE Tour f\u00e9minin 2024 Lotte Kopecky remporte la 3e \u00e9tape au sommet de Jebel Hafeet\" srcset=\"https:\/\/dicodusport.fr\/blog\/wp-content\/uploads\/2024\/02\/UAE-Tour-feminin-2024-Lotte-Kopecky-remporte-la-3e-etape-au-sommet-de-Jebel-Hafeet.png 1200w, https:\/\/dicodusport.fr\/blog\/wp-content\/uploads\/2024\/02\/UAE-Tour-feminin-2024-Lotte-Kopecky-remporte-la-3e-etape-au-sommet-de-Jebel-Hafeet-300x169.png 300w, https:\/\/dicodusport.fr\/blog\/wp-content\/uploads\/2024\/02\/UAE-Tour-feminin-2024-Lotte-Kopecky-remporte-la-3e-etape-au-sommet-de-Jebel-Hafeet-1024x575.png 1024w, https:\/\/dicodusport.fr\/blog\/wp-content\/uploads\/2024\/02\/UAE-Tour-feminin-2024-Lotte-Kopecky-remporte-la-3e-etape-au-sommet-de-Jebel-Hafeet-768x431.png 768w\" sizes=\"auto, (max-width: 792px) 100vw, 792px\" \/><\/div><\/div><div class=\"vlp-layout-zone-main\"><div class=\"vlp-block-0 vlp-link-title\">UAE Tour f\u00e9minin 2024 : Lotte Kopecky remporte la 3e \u00e9tape au sommet de Jebel Hafeet<\/div><div class=\"vlp-block-1 vlp-link-summary\">UAE TOUR F\u00c9MININ 2024 - Lotte Kopecky (SD-Worx) a remport\u00e9 la 3e \u00e9tape en s'imposant au sommet de Jebel Hafeet. La championne du monde a r\u00e9gl\u00e9 au sprint la jeune australienne Neve Bradbury. premi\u00e8re fran\u00e7aise, Marion Bunel (St Michel-Mavic-Auber) a brill\u00e9 en prenant la 5e position.<\/div><div class=\"vlp-block-2 vlp-link-button\">Lire l'article<\/div><div class=\"vlp-block-3 vlp-link-url\">dicodusport.fr<\/div><\/div><\/div>\n<h2 style=\"text-align: justify;\">En baisse<\/h2>\n<h3 style=\"text-align: justify;\">Movistar<\/h3>\n<p style=\"text-align: justify;\">Battue sur les courses espagnoles et notamment sur le difficile <a href=\"https:\/\/dicodusport.fr\/blog\/classement-tour-de-murcie-2024\/\">Tour de Murcie<\/a>, la Movistar a pass\u00e9 globalement une mauvaise semaine. Incapable de vraiment peser sur ces courses, y compris \u00e0 Murcie quand cela s&rsquo;est d\u00e9cant\u00e9 t\u00f4t. Elle peut n\u00e9anmoins se consoler avec une victoire de <strong>Fernando Gaviria<\/strong> sur le Tour Colombia. Mais cela fait l\u00e9ger pour une \u00e9quipe de cette envergure. Qui doit attendre impatiemment la rentr\u00e9e de ses leaders.<\/p>\n<h3 style=\"text-align: justify;\">Silvia Persico<\/h3>\n<p style=\"text-align: justify;\">La coureuse italienne a subi un gros revers sur l&rsquo;UAE Tour femmes. Seulement 8e du classement g\u00e9n\u00e9ral, elle a rapidement \u00e9t\u00e9 l\u00e2ch\u00e9e du groupe des favorites quand la course s&rsquo;est d\u00e9cant\u00e9e, dans l&rsquo;ascension du Jebel Hafeet. Jamais en mesure de matcher avec les meilleures, la 5e du Tour de France 2022 a donn\u00e9 l&rsquo;impression d&rsquo;\u00eatre domin\u00e9e. Et m\u00eame si elle a limit\u00e9 la casse en lissant son effort, le d\u00e9bours est important. Et traduit une certaine stagnation d\u00e9j\u00e0 observ\u00e9e en 2023, alors qu&rsquo;elle n&rsquo;a que 26 ans. \u00c0 domicile, elle et son \u00e9quipe UAE ADQ ont donc subi la course, sans jamais vraiment peser.<\/p>\n<p style=\"text-align: justify;\">\n","protected":false},"excerpt":{"rendered":"<p>CYCLISME SUR ROUTE 2024 &#8211; Retrouvez le barom\u00e8tre Dicodusport de la semaine de cyclisme. D\u00e9couvrez les hauts et les bas de la semaine du 4 au 11 f\u00e9vrier.<\/p>\n","protected":false},"author":83,"featured_media":461926,"comment_status":"open","ping_status":"closed","sticky":false,"template":"","format":"standard","meta":{"_acf_changed":false,"_daextam_enable_autolinks":"1","footnotes":""},"categories":[46994],"tags":[16878,7060,574,30695,26327,5354],"class_list":["post-462525","post","type-post","status-publish","format-standard","has-post-thumbnail","hentry","category-cyclisme-sur-route","tag-breve","tag-caleb-ewan","tag-cyclisme","tag-lotte-kopecky","tag-mads-pedersen","tag-movistar"],"acf":[],"yoast_head":"<!-- This site is optimized with the Yoast SEO Premium plugin v26.7 (Yoast SEO v26.7) - https:\/\/yoast.com\/wordpress\/plugins\/seo\/ -->\n<title>Cyclisme : Evenepoel, Kopecky, Movistar, le barom\u00e8tre de la semaine du 5 au11 f\u00e9vrier<\/title>\n<meta name=\"description\" content=\"Le barom\u00e8tre Dicodusport de la deuxi\u00e8me grande semaine de cyclisme. D\u00e9couvrez les hauts et les bas de la semaine du 4 au 11 f\u00e9vrier.\" \/>\n<meta name=\"robots\" content=\"index, follow, max-snippet:-1, max-image-preview:large, max-video-preview:-1\" \/>\n<link rel=\"canonical\" href=\"https:\/\/dicodusport.fr\/blog\/cyclisme-evenepoel-kopecky-movistar-le-barometre-de-la-semaine-du-5-au11-fevrier\/\" \/>\n<meta property=\"og:locale\" content=\"fr_FR\" \/>\n<meta property=\"og:type\" content=\"article\" \/>\n<meta property=\"og:title\" content=\"Cyclisme : Evenepoel, Kopecky, Movistar, le barom\u00e8tre de la semaine du 5 au11 f\u00e9vrier\" \/>\n<meta property=\"og:description\" content=\"Le barom\u00e8tre Dicodusport de la deuxi\u00e8me grande semaine de cyclisme. D\u00e9couvrez les hauts et les bas de la semaine du 4 au 11 f\u00e9vrier.\" \/>\n<meta property=\"og:url\" content=\"https:\/\/dicodusport.fr\/blog\/cyclisme-evenepoel-kopecky-movistar-le-barometre-de-la-semaine-du-5-au11-fevrier\/\" \/>\n<meta property=\"og:site_name\" content=\"Dicodusport\" \/>\n<meta property=\"article:publisher\" content=\"https:\/\/www.facebook.com\/dicodusport\" \/>\n<meta property=\"article:published_time\" content=\"2024-02-12T08:06:16+00:00\" \/>\n<meta property=\"article:modified_time\" content=\"2024-02-12T08:53:16+00:00\" \/>\n<meta property=\"og:image\" content=\"https:\/\/dicodusport.fr\/blog\/wp-content\/uploads\/2024\/02\/Figueira-Champions-Classic-2024-Le-numero-de-Remco-Evenepoel.png\" \/>\n\t<meta property=\"og:image:width\" content=\"1200\" \/>\n\t<meta property=\"og:image:height\" content=\"674\" \/>\n\t<meta property=\"og:image:type\" content=\"image\/png\" \/>\n<meta name=\"author\" content=\"Etienne Goursaud\" \/>\n<meta name=\"twitter:card\" content=\"summary_large_image\" \/>\n<meta name=\"twitter:title\" content=\"Cyclisme : Evenepoel, Kopecky, Movistar, le barom\u00e8tre de la semaine du 5 au11 f\u00e9vrier\" \/>\n<meta name=\"twitter:creator\" content=\"@dicodusport\" \/>\n<meta name=\"twitter:site\" content=\"@dicodusport\" \/>\n<script type=\"application\/ld+json\" class=\"yoast-schema-graph\">{\"@context\":\"https:\/\/schema.org\",\"@graph\":[{\"@type\":\"NewsArticle\",\"@id\":\"https:\/\/dicodusport.fr\/blog\/cyclisme-evenepoel-kopecky-movistar-le-barometre-de-la-semaine-du-5-au11-fevrier\/#article\",\"isPartOf\":{\"@id\":\"https:\/\/dicodusport.fr\/blog\/cyclisme-evenepoel-kopecky-movistar-le-barometre-de-la-semaine-du-5-au11-fevrier\/\"},\"author\":{\"name\":\"Etienne Goursaud\",\"@id\":\"https:\/\/dicodusport.fr\/blog\/#\/schema\/person\/d603dd7da31fb2b46c82b9835a77ec13\"},\"headline\":\"Cyclisme : Evenepoel, Kopecky, Movistar, le barom\u00e8tre de la semaine du 5 au11 f\u00e9vrier\",\"datePublished\":\"2024-02-12T08:06:16+00:00\",\"dateModified\":\"2024-02-12T08:53:16+00:00\",\"mainEntityOfPage\":{\"@id\":\"https:\/\/dicodusport.fr\/blog\/cyclisme-evenepoel-kopecky-movistar-le-barometre-de-la-semaine-du-5-au11-fevrier\/\"},\"wordCount\":847,\"commentCount\":0,\"publisher\":{\"@id\":\"https:\/\/dicodusport.fr\/blog\/#organization\"},\"image\":{\"@id\":\"https:\/\/dicodusport.fr\/blog\/cyclisme-evenepoel-kopecky-movistar-le-barometre-de-la-semaine-du-5-au11-fevrier\/#primaryimage\"},\"thumbnailUrl\":\"https:\/\/dicodusport.fr\/blog\/wp-content\/uploads\/2024\/02\/Figueira-Champions-Classic-2024-Le-numero-de-Remco-Evenepoel.png\",\"keywords\":[\"br\u00e8ve\",\"Caleb Ewan\",\"Cyclisme\",\"lotte kopecky\",\"Mads Pedersen\",\"Movistar\"],\"articleSection\":[\"Cyclisme sur route\"],\"inLanguage\":\"fr-FR\",\"potentialAction\":[{\"@type\":\"CommentAction\",\"name\":\"Comment\",\"target\":[\"https:\/\/dicodusport.fr\/blog\/cyclisme-evenepoel-kopecky-movistar-le-barometre-de-la-semaine-du-5-au11-fevrier\/#respond\"]}],\"copyrightYear\":\"2024\",\"copyrightHolder\":{\"@id\":\"https:\/\/dicodusport.fr\/blog\/#organization\"}},{\"@type\":\"WebPage\",\"@id\":\"https:\/\/dicodusport.fr\/blog\/cyclisme-evenepoel-kopecky-movistar-le-barometre-de-la-semaine-du-5-au11-fevrier\/\",\"url\":\"https:\/\/dicodusport.fr\/blog\/cyclisme-evenepoel-kopecky-movistar-le-barometre-de-la-semaine-du-5-au11-fevrier\/\",\"name\":\"Cyclisme : Evenepoel, Kopecky, Movistar, le barom\u00e8tre de la semaine du 5 au11 f\u00e9vrier\",\"isPartOf\":{\"@id\":\"https:\/\/dicodusport.fr\/blog\/#website\"},\"primaryImageOfPage\":{\"@id\":\"https:\/\/dicodusport.fr\/blog\/cyclisme-evenepoel-kopecky-movistar-le-barometre-de-la-semaine-du-5-au11-fevrier\/#primaryimage\"},\"image\":{\"@id\":\"https:\/\/dicodusport.fr\/blog\/cyclisme-evenepoel-kopecky-movistar-le-barometre-de-la-semaine-du-5-au11-fevrier\/#primaryimage\"},\"thumbnailUrl\":\"https:\/\/dicodusport.fr\/blog\/wp-content\/uploads\/2024\/02\/Figueira-Champions-Classic-2024-Le-numero-de-Remco-Evenepoel.png\",\"datePublished\":\"2024-02-12T08:06:16+00:00\",\"dateModified\":\"2024-02-12T08:53:16+00:00\",\"description\":\"Le barom\u00e8tre Dicodusport de la deuxi\u00e8me grande semaine de cyclisme. D\u00e9couvrez les hauts et les bas de la semaine du 4 au 11 f\u00e9vrier.\",\"breadcrumb\":{\"@id\":\"https:\/\/dicodusport.fr\/blog\/cyclisme-evenepoel-kopecky-movistar-le-barometre-de-la-semaine-du-5-au11-fevrier\/#breadcrumb\"},\"inLanguage\":\"fr-FR\",\"potentialAction\":[{\"@type\":\"ReadAction\",\"target\":[\"https:\/\/dicodusport.fr\/blog\/cyclisme-evenepoel-kopecky-movistar-le-barometre-de-la-semaine-du-5-au11-fevrier\/\"]}]},{\"@type\":\"ImageObject\",\"inLanguage\":\"fr-FR\",\"@id\":\"https:\/\/dicodusport.fr\/blog\/cyclisme-evenepoel-kopecky-movistar-le-barometre-de-la-semaine-du-5-au11-fevrier\/#primaryimage\",\"url\":\"https:\/\/dicodusport.fr\/blog\/wp-content\/uploads\/2024\/02\/Figueira-Champions-Classic-2024-Le-numero-de-Remco-Evenepoel.png\",\"contentUrl\":\"https:\/\/dicodusport.fr\/blog\/wp-content\/uploads\/2024\/02\/Figueira-Champions-Classic-2024-Le-numero-de-Remco-Evenepoel.png\",\"width\":1200,\"height\":674,\"caption\":\"Cyclisme : Evenepoel, Kopecky, Movistar, le barom\u00e8tre de la semaine du 5 au11 f\u00e9vrier\"},{\"@type\":\"BreadcrumbList\",\"@id\":\"https:\/\/dicodusport.fr\/blog\/cyclisme-evenepoel-kopecky-movistar-le-barometre-de-la-semaine-du-5-au11-fevrier\/#breadcrumb\",\"itemListElement\":[{\"@type\":\"ListItem\",\"position\":1,\"name\":\"Accueil\",\"item\":\"https:\/\/dicodusport.fr\/blog\/\"},{\"@type\":\"ListItem\",\"position\":2,\"name\":\"Cyclisme : Evenepoel, Kopecky, Movistar, le barom\u00e8tre de la semaine du 5 au11 f\u00e9vrier\"}]},{\"@type\":\"WebSite\",\"@id\":\"https:\/\/dicodusport.fr\/blog\/#website\",\"url\":\"https:\/\/dicodusport.fr\/blog\/\",\"name\":\"Dicodusport\",\"description\":\"L&#039;encyclop\u00e9die de l&#039;actualit\u00e9 sportive\",\"publisher\":{\"@id\":\"https:\/\/dicodusport.fr\/blog\/#organization\"},\"potentialAction\":[{\"@type\":\"SearchAction\",\"target\":{\"@type\":\"EntryPoint\",\"urlTemplate\":\"https:\/\/dicodusport.fr\/blog\/?s={search_term_string}\"},\"query-input\":{\"@type\":\"PropertyValueSpecification\",\"valueRequired\":true,\"valueName\":\"search_term_string\"}}],\"inLanguage\":\"fr-FR\"},{\"@type\":\"NewsMediaOrganization\",\"@id\":\"https:\/\/dicodusport.fr\/blog\/#organization\",\"name\":\"Dicodusport\",\"url\":\"https:\/\/dicodusport.fr\/blog\/\",\"logo\":{\"@type\":\"ImageObject\",\"inLanguage\":\"fr-FR\",\"@id\":\"https:\/\/dicodusport.fr\/blog\/#\/schema\/logo\/image\/\",\"url\":\"https:\/\/dicodusport.fr\/blog\/wp-content\/uploads\/2020\/06\/cropped-LOGO-DICODUSPORT-2020-SANS-FOND-SANS-TEXTE.png\",\"contentUrl\":\"https:\/\/dicodusport.fr\/blog\/wp-content\/uploads\/2020\/06\/cropped-LOGO-DICODUSPORT-2020-SANS-FOND-SANS-TEXTE.png\",\"width\":512,\"height\":512,\"caption\":\"Dicodusport\"},\"image\":{\"@id\":\"https:\/\/dicodusport.fr\/blog\/#\/schema\/logo\/image\/\"},\"sameAs\":[\"https:\/\/www.facebook.com\/dicodusport\",\"https:\/\/x.com\/dicodusport\",\"https:\/\/www.instagram.com\/dicodusport\/\",\"https:\/\/www.youtube.com\/channel\/UC7V2KZ5sd3htJivAbA4ZG3w\"],\"description\":\"Dicodusport est l'encyclop\u00e9die de l'actualit\u00e9 sportive.\",\"email\":\"bonjour@dicodusport.fr\",\"legalName\":\"DICODUSPORT\",\"foundingDate\":\"2018-01-14\",\"vatID\":\"FR71834470973\",\"taxID\":\"83447097300043\",\"numberOfEmployees\":{\"@type\":\"QuantitativeValue\",\"minValue\":\"1\",\"maxValue\":\"10\"}},{\"@type\":\"Person\",\"@id\":\"https:\/\/dicodusport.fr\/blog\/#\/schema\/person\/d603dd7da31fb2b46c82b9835a77ec13\",\"name\":\"Etienne Goursaud\",\"image\":{\"@type\":\"ImageObject\",\"inLanguage\":\"fr-FR\",\"@id\":\"https:\/\/dicodusport.fr\/blog\/#\/schema\/person\/image\/\",\"url\":\"https:\/\/dicodusport.fr\/blog\/wp-content\/uploads\/2023\/12\/410122264_10231602061736049_5565839791558026645_n-150x150.jpg\",\"contentUrl\":\"https:\/\/dicodusport.fr\/blog\/wp-content\/uploads\/2023\/12\/410122264_10231602061736049_5565839791558026645_n-150x150.jpg\",\"caption\":\"Etienne Goursaud\"},\"description\":\"Journaliste et amoureux de sport. Ancien footballeur reconverti athl\u00e8te quand ses muscles le laissent tranquille. \u00c9lev\u00e9 \u00e0 la sauce des exploits de Thomas Voeckler en 2004, du dernier essai de l\u00e9gende de Eunice Barber \u00e0 la longueur lors des championnats du monde d'athl\u00e9tisme de 2003 mais aussi Zidane, Omeyer et Titou Lamaison.\",\"url\":\"https:\/\/dicodusport.fr\/blog\/author\/etienne-goursaud\/\"}]}<\/script>\n<!-- \/ Yoast SEO Premium plugin. -->","yoast_head_json":{"title":"Cyclisme : Evenepoel, Kopecky, Movistar, le barom\u00e8tre de la semaine du 5 au11 f\u00e9vrier","description":"Le barom\u00e8tre Dicodusport de la deuxi\u00e8me grande semaine de cyclisme. D\u00e9couvrez les hauts et les bas de la semaine du 4 au 11 f\u00e9vrier.","robots":{"index":"index","follow":"follow","max-snippet":"max-snippet:-1","max-image-preview":"max-image-preview:large","max-video-preview":"max-video-preview:-1"},"canonical":"https:\/\/dicodusport.fr\/blog\/cyclisme-evenepoel-kopecky-movistar-le-barometre-de-la-semaine-du-5-au11-fevrier\/","og_locale":"fr_FR","og_type":"article","og_title":"Cyclisme : Evenepoel, Kopecky, Movistar, le barom\u00e8tre de la semaine du 5 au11 f\u00e9vrier","og_description":"Le barom\u00e8tre Dicodusport de la deuxi\u00e8me grande semaine de cyclisme. D\u00e9couvrez les hauts et les bas de la semaine du 4 au 11 f\u00e9vrier.","og_url":"https:\/\/dicodusport.fr\/blog\/cyclisme-evenepoel-kopecky-movistar-le-barometre-de-la-semaine-du-5-au11-fevrier\/","og_site_name":"Dicodusport","article_publisher":"https:\/\/www.facebook.com\/dicodusport","article_published_time":"2024-02-12T08:06:16+00:00","article_modified_time":"2024-02-12T08:53:16+00:00","og_image":[{"width":1200,"height":674,"url":"https:\/\/dicodusport.fr\/blog\/wp-content\/uploads\/2024\/02\/Figueira-Champions-Classic-2024-Le-numero-de-Remco-Evenepoel.png","type":"image\/png"}],"author":"Etienne Goursaud","twitter_card":"summary_large_image","twitter_title":"Cyclisme : Evenepoel, Kopecky, Movistar, le barom\u00e8tre de la semaine du 5 au11 f\u00e9vrier","twitter_creator":"@dicodusport","twitter_site":"@dicodusport","schema":{"@context":"https:\/\/schema.org","@graph":[{"@type":"NewsArticle","@id":"https:\/\/dicodusport.fr\/blog\/cyclisme-evenepoel-kopecky-movistar-le-barometre-de-la-semaine-du-5-au11-fevrier\/#article","isPartOf":{"@id":"https:\/\/dicodusport.fr\/blog\/cyclisme-evenepoel-kopecky-movistar-le-barometre-de-la-semaine-du-5-au11-fevrier\/"},"author":{"name":"Etienne Goursaud","@id":"https:\/\/dicodusport.fr\/blog\/#\/schema\/person\/d603dd7da31fb2b46c82b9835a77ec13"},"headline":"Cyclisme : Evenepoel, Kopecky, Movistar, le barom\u00e8tre de la semaine du 5 au11 f\u00e9vrier","datePublished":"2024-02-12T08:06:16+00:00","dateModified":"2024-02-12T08:53:16+00:00","mainEntityOfPage":{"@id":"https:\/\/dicodusport.fr\/blog\/cyclisme-evenepoel-kopecky-movistar-le-barometre-de-la-semaine-du-5-au11-fevrier\/"},"wordCount":847,"commentCount":0,"publisher":{"@id":"https:\/\/dicodusport.fr\/blog\/#organization"},"image":{"@id":"https:\/\/dicodusport.fr\/blog\/cyclisme-evenepoel-kopecky-movistar-le-barometre-de-la-semaine-du-5-au11-fevrier\/#primaryimage"},"thumbnailUrl":"https:\/\/dicodusport.fr\/blog\/wp-content\/uploads\/2024\/02\/Figueira-Champions-Classic-2024-Le-numero-de-Remco-Evenepoel.png","keywords":["br\u00e8ve","Caleb Ewan","Cyclisme","lotte kopecky","Mads Pedersen","Movistar"],"articleSection":["Cyclisme sur route"],"inLanguage":"fr-FR","potentialAction":[{"@type":"CommentAction","name":"Comment","target":["https:\/\/dicodusport.fr\/blog\/cyclisme-evenepoel-kopecky-movistar-le-barometre-de-la-semaine-du-5-au11-fevrier\/#respond"]}],"copyrightYear":"2024","copyrightHolder":{"@id":"https:\/\/dicodusport.fr\/blog\/#organization"}},{"@type":"WebPage","@id":"https:\/\/dicodusport.fr\/blog\/cyclisme-evenepoel-kopecky-movistar-le-barometre-de-la-semaine-du-5-au11-fevrier\/","url":"https:\/\/dicodusport.fr\/blog\/cyclisme-evenepoel-kopecky-movistar-le-barometre-de-la-semaine-du-5-au11-fevrier\/","name":"Cyclisme : Evenepoel, Kopecky, Movistar, le barom\u00e8tre de la semaine du 5 au11 f\u00e9vrier","isPartOf":{"@id":"https:\/\/dicodusport.fr\/blog\/#website"},"primaryImageOfPage":{"@id":"https:\/\/dicodusport.fr\/blog\/cyclisme-evenepoel-kopecky-movistar-le-barometre-de-la-semaine-du-5-au11-fevrier\/#primaryimage"},"image":{"@id":"https:\/\/dicodusport.fr\/blog\/cyclisme-evenepoel-kopecky-movistar-le-barometre-de-la-semaine-du-5-au11-fevrier\/#primaryimage"},"thumbnailUrl":"https:\/\/dicodusport.fr\/blog\/wp-content\/uploads\/2024\/02\/Figueira-Champions-Classic-2024-Le-numero-de-Remco-Evenepoel.png","datePublished":"2024-02-12T08:06:16+00:00","dateModified":"2024-02-12T08:53:16+00:00","description":"Le barom\u00e8tre Dicodusport de la deuxi\u00e8me grande semaine de cyclisme. D\u00e9couvrez les hauts et les bas de la semaine du 4 au 11 f\u00e9vrier.","breadcrumb":{"@id":"https:\/\/dicodusport.fr\/blog\/cyclisme-evenepoel-kopecky-movistar-le-barometre-de-la-semaine-du-5-au11-fevrier\/#breadcrumb"},"inLanguage":"fr-FR","potentialAction":[{"@type":"ReadAction","target":["https:\/\/dicodusport.fr\/blog\/cyclisme-evenepoel-kopecky-movistar-le-barometre-de-la-semaine-du-5-au11-fevrier\/"]}]},{"@type":"ImageObject","inLanguage":"fr-FR","@id":"https:\/\/dicodusport.fr\/blog\/cyclisme-evenepoel-kopecky-movistar-le-barometre-de-la-semaine-du-5-au11-fevrier\/#primaryimage","url":"https:\/\/dicodusport.fr\/blog\/wp-content\/uploads\/2024\/02\/Figueira-Champions-Classic-2024-Le-numero-de-Remco-Evenepoel.png","contentUrl":"https:\/\/dicodusport.fr\/blog\/wp-content\/uploads\/2024\/02\/Figueira-Champions-Classic-2024-Le-numero-de-Remco-Evenepoel.png","width":1200,"height":674,"caption":"Cyclisme : Evenepoel, Kopecky, Movistar, le barom\u00e8tre de la semaine du 5 au11 f\u00e9vrier"},{"@type":"BreadcrumbList","@id":"https:\/\/dicodusport.fr\/blog\/cyclisme-evenepoel-kopecky-movistar-le-barometre-de-la-semaine-du-5-au11-fevrier\/#breadcrumb","itemListElement":[{"@type":"ListItem","position":1,"name":"Accueil","item":"https:\/\/dicodusport.fr\/blog\/"},{"@type":"ListItem","position":2,"name":"Cyclisme : Evenepoel, Kopecky, Movistar, le barom\u00e8tre de la semaine du 5 au11 f\u00e9vrier"}]},{"@type":"WebSite","@id":"https:\/\/dicodusport.fr\/blog\/#website","url":"https:\/\/dicodusport.fr\/blog\/","name":"Dicodusport","description":"L&#039;encyclop\u00e9die de l&#039;actualit\u00e9 sportive","publisher":{"@id":"https:\/\/dicodusport.fr\/blog\/#organization"},"potentialAction":[{"@type":"SearchAction","target":{"@type":"EntryPoint","urlTemplate":"https:\/\/dicodusport.fr\/blog\/?s={search_term_string}"},"query-input":{"@type":"PropertyValueSpecification","valueRequired":true,"valueName":"search_term_string"}}],"inLanguage":"fr-FR"},{"@type":"NewsMediaOrganization","@id":"https:\/\/dicodusport.fr\/blog\/#organization","name":"Dicodusport","url":"https:\/\/dicodusport.fr\/blog\/","logo":{"@type":"ImageObject","inLanguage":"fr-FR","@id":"https:\/\/dicodusport.fr\/blog\/#\/schema\/logo\/image\/","url":"https:\/\/dicodusport.fr\/blog\/wp-content\/uploads\/2020\/06\/cropped-LOGO-DICODUSPORT-2020-SANS-FOND-SANS-TEXTE.png","contentUrl":"https:\/\/dicodusport.fr\/blog\/wp-content\/uploads\/2020\/06\/cropped-LOGO-DICODUSPORT-2020-SANS-FOND-SANS-TEXTE.png","width":512,"height":512,"caption":"Dicodusport"},"image":{"@id":"https:\/\/dicodusport.fr\/blog\/#\/schema\/logo\/image\/"},"sameAs":["https:\/\/www.facebook.com\/dicodusport","https:\/\/x.com\/dicodusport","https:\/\/www.instagram.com\/dicodusport\/","https:\/\/www.youtube.com\/channel\/UC7V2KZ5sd3htJivAbA4ZG3w"],"description":"Dicodusport est l'encyclop\u00e9die de l'actualit\u00e9 sportive.","email":"bonjour@dicodusport.fr","legalName":"DICODUSPORT","foundingDate":"2018-01-14","vatID":"FR71834470973","taxID":"83447097300043","numberOfEmployees":{"@type":"QuantitativeValue","minValue":"1","maxValue":"10"}},{"@type":"Person","@id":"https:\/\/dicodusport.fr\/blog\/#\/schema\/person\/d603dd7da31fb2b46c82b9835a77ec13","name":"Etienne Goursaud","image":{"@type":"ImageObject","inLanguage":"fr-FR","@id":"https:\/\/dicodusport.fr\/blog\/#\/schema\/person\/image\/","url":"https:\/\/dicodusport.fr\/blog\/wp-content\/uploads\/2023\/12\/410122264_10231602061736049_5565839791558026645_n-150x150.jpg","contentUrl":"https:\/\/dicodusport.fr\/blog\/wp-content\/uploads\/2023\/12\/410122264_10231602061736049_5565839791558026645_n-150x150.jpg","caption":"Etienne Goursaud"},"description":"Journaliste et amoureux de sport. Ancien footballeur reconverti athl\u00e8te quand ses muscles le laissent tranquille. \u00c9lev\u00e9 \u00e0 la sauce des exploits de Thomas Voeckler en 2004, du dernier essai de l\u00e9gende de Eunice Barber \u00e0 la longueur lors des championnats du monde d'athl\u00e9tisme de 2003 mais aussi Zidane, Omeyer et Titou Lamaison.","url":"https:\/\/dicodusport.fr\/blog\/author\/etienne-goursaud\/"}]}},"_links":{"self":[{"href":"https:\/\/dicodusport.fr\/blog\/wp-json\/wp\/v2\/posts\/462525","targetHints":{"allow":["GET"]}}],"collection":[{"href":"https:\/\/dicodusport.fr\/blog\/wp-json\/wp\/v2\/posts"}],"about":[{"href":"https:\/\/dicodusport.fr\/blog\/wp-json\/wp\/v2\/types\/post"}],"author":[{"embeddable":true,"href":"https:\/\/dicodusport.fr\/blog\/wp-json\/wp\/v2\/users\/83"}],"replies":[{"embeddable":true,"href":"https:\/\/dicodusport.fr\/blog\/wp-json\/wp\/v2\/comments?post=462525"}],"version-history":[{"count":5,"href":"https:\/\/dicodusport.fr\/blog\/wp-json\/wp\/v2\/posts\/462525\/revisions"}],"predecessor-version":[{"id":462652,"href":"https:\/\/dicodusport.fr\/blog\/wp-json\/wp\/v2\/posts\/462525\/revisions\/462652"}],"wp:featuredmedia":[{"embeddable":true,"href":"https:\/\/dicodusport.fr\/blog\/wp-json\/wp\/v2\/media\/461926"}],"wp:attachment":[{"href":"https:\/\/dicodusport.fr\/blog\/wp-json\/wp\/v2\/media?parent=462525"}],"wp:term":[{"taxonomy":"category","embeddable":true,"href":"https:\/\/dicodusport.fr\/blog\/wp-json\/wp\/v2\/categories?post=462525"},{"taxonomy":"post_tag","embeddable":true,"href":"https:\/\/dicodusport.fr\/blog\/wp-json\/wp\/v2\/tags?post=462525"}],"curies":[{"name":"wp","href":"https:\/\/api.w.org\/{rel}","templated":true}]}}