{"id":462622,"date":"2024-02-25T15:31:15","date_gmt":"2024-02-25T14:31:15","guid":{"rendered":"https:\/\/dicodusport.fr\/blog\/?p=462622&#038;preview=true&#038;preview_id=462622"},"modified":"2024-03-09T20:08:48","modified_gmt":"2024-03-09T19:08:48","slug":"programme-et-resultats-championnats-de-france-hivernaux-des-lancers-2024","status":"publish","type":"post","link":"https:\/\/dicodusport.fr\/blog\/programme-et-resultats-championnats-de-france-hivernaux-des-lancers-2024\/","title":{"rendered":"Programme et r\u00e9sultats Championnats de France hivernaux des lancers 2024"},"content":{"rendered":"<p style=\"text-align: justify;\"><strong><em>Les Championnats de France hivernaux des lancers ont lieu du 23 au 25 f\u00e9vrier \u00e0 Salon-de-Provence. Voici le programme et les r\u00e9sultats de la comp\u00e9tition.<\/em><\/strong><\/p>\n<p style=\"text-align: justify;\">Petite nouveaut\u00e9, la comp\u00e9tition est \u00e0 suivre durant 3 jours contre 2 auparavant. Les \u00e9preuves \u00e9lites sont ouvertes \u00e0 toutes les cat\u00e9gories et les masters participeront aux \u00e9preuves seniors.<\/p>\n<p style=\"text-align: justify;\">La comp\u00e9tition est \u00e0 suivre sur <a href=\"https:\/\/athletv.fr\/sportitemset\/6582f3f114d8c71831ad6cad\"><strong>Athl\u00e9 TV<\/strong><\/a>.<\/p>\n<p>&nbsp;<\/p>\n<h2 style=\"text-align: justify;\">Le programme complet<\/h2>\n<p style=\"text-align: justify;\"><div class=\"su-tabs su-tabs-style-default su-tabs-mobile-stack\" data-active=\"3\" data-scroll-offset=\"0\" data-anchor-in-url=\"no\"><div class=\"su-tabs-nav\"><span class=\"\" data-url=\"\" data-target=\"blank\" tabindex=\"0\" role=\"button\">Vendredi 23 f\u00e9vrier<\/span><span class=\"\" data-url=\"\" data-target=\"blank\" tabindex=\"0\" role=\"button\">Samedi 24 f\u00e9vrier<\/span><span class=\"\" data-url=\"\" data-target=\"blank\" tabindex=\"0\" role=\"button\">Dimanche 25 f\u00e9vrier<\/span><\/div><div class=\"su-tabs-panes\"><div class=\"su-tabs-pane su-u-clearfix su-u-trim\" data-title=\"Vendredi 23 f\u00e9vrier\">\n<p><strong>13h45 : <\/strong><a href=\"https:\/\/bases.athle.fr\/asp.net\/liste.aspx?frmbase=directs&amp;frmmode=2&amp;frmcompetition=287755&amp;frmepreuve=798bf9d1-fb55-420d-b4c9-2edd5dbb306c\">Lancer du disque seniors F<\/a><br \/>\n<strong>13h45 : <\/strong><a href=\"https:\/\/bases.athle.fr\/asp.net\/liste.aspx?frmbase=directs&amp;frmmode=2&amp;frmcompetition=287755&amp;frmepreuve=a75ab977-783f-4e78-9816-67565a4c6409\">Lancer du marteau seniors H<\/a><br \/>\n<strong>13h45 :\u00a0<\/strong><a href=\"https:\/\/bases.athle.fr\/asp.net\/liste.aspx?frmbase=directs&amp;frmmode=2&amp;frmcompetition=287755&amp;frmepreuve=60d2a386-6ab3-4ab4-8451-a024a2bbc448\">Lancer du javelot seniors H<\/a><br \/>\n<strong>13h45 :\u00a0<\/strong><a href=\"https:\/\/bases.athle.fr\/asp.net\/liste.aspx?frmbase=directs&amp;frmmode=2&amp;frmcompetition=287755&amp;frmepreuve=dfd5ee49-3694-473a-80c0-bb8bd4c20342\">Lancer du poids seniors H<\/a><\/p>\n<p>&nbsp;<\/p>\n<p><strong>15h30 :<\/strong> <a href=\"https:\/\/bases.athle.fr\/asp.net\/liste.aspx?frmbase=directs&amp;frmmode=2&amp;frmcompetition=287755&amp;frmepreuve=d237c621-d4a3-43d0-97f6-96d0e4b3fc27\">Lancer du disque seniors H<\/a><br \/>\n<strong>15h30 :<\/strong> <a href=\"https:\/\/bases.athle.fr\/asp.net\/liste.aspx?frmbase=directs&amp;frmmode=2&amp;frmcompetition=287755&amp;frmepreuve=a304beed-0229-4d63-97dd-0c0f9b9a5ca0\">Lancer du marteau seniors F<\/a><br \/>\n<strong>15h30 :<\/strong> <a href=\"https:\/\/bases.athle.fr\/asp.net\/liste.aspx?frmbase=directs&amp;frmmode=2&amp;frmcompetition=287755&amp;frmepreuve=11afe8a5-572b-457c-8926-3206e77459e0\">Lancer du javelot seniors F<\/a><br \/>\n<strong>15h30 :<\/strong> <a href=\"https:\/\/bases.athle.fr\/asp.net\/liste.aspx?frmbase=directs&amp;frmmode=2&amp;frmcompetition=287755&amp;frmepreuve=c14cf6c2-0368-434f-9dbb-fb0a03cab296\">Lancer du poids seniors F<\/a><\/p>\n<\/div>\n<div class=\"su-tabs-pane su-u-clearfix su-u-trim\" data-title=\"Samedi 24 f\u00e9vrier\">\n<p><strong>11h30 : <\/strong><a href=\"https:\/\/bases.athle.fr\/asp.net\/liste.aspx?frmbase=directs&amp;frmmode=2&amp;frmcompetition=287755&amp;frmepreuve=692578c5-e566-4d3d-ad89-c88208666380\">Lancer du disque juniors H<\/a><strong><br \/>\n11h30 : <\/strong><a href=\"https:\/\/bases.athle.fr\/asp.net\/liste.aspx?frmbase=directs&amp;frmmode=2&amp;frmcompetition=287755&amp;frmepreuve=f1ea7e3e-aced-45d8-93ab-fed5f50c446e\">Lancer du marteau juniors F<\/a><strong><br \/>\n11h30 : <\/strong><a href=\"https:\/\/bases.athle.fr\/asp.net\/liste.aspx?frmbase=directs&amp;frmmode=2&amp;frmcompetition=287755&amp;frmepreuve=bf77c1c9-efcd-45f0-bfe7-b7bd7c865c6b\">Lancer du javelot espoirs F<\/a><strong><br \/>\n11h30 : <\/strong><a href=\"https:\/\/bases.athle.fr\/asp.net\/liste.aspx?frmbase=directs&amp;frmmode=2&amp;frmcompetition=287755&amp;frmepreuve=c519c0d3-267a-4cbb-9718-2fc90ec747d4\">Lancer du poids espoirs H<\/a><\/p>\n<p style=\"text-align: justify;\"><strong>13h15 : <\/strong><a href=\"https:\/\/bases.athle.fr\/asp.net\/liste.aspx?frmbase=directs&amp;frmmode=2&amp;frmcompetition=287755&amp;frmepreuve=e907c14c-f10c-488a-80d1-8b12194be335\">Lancer du disque espoirs F<\/a><br \/>\n<strong>13h15 : <\/strong><a href=\"https:\/\/bases.athle.fr\/asp.net\/liste.aspx?frmbase=directs&amp;frmmode=2&amp;frmcompetition=287755&amp;frmepreuve=b215b924-06ca-4805-8c2b-9def60313e40\">Lancer du marteau espoirs H<\/a><br \/>\n<strong>13h15 :<\/strong>\u00a0<a href=\"https:\/\/bases.athle.fr\/asp.net\/liste.aspx?frmbase=directs&amp;frmmode=2&amp;frmcompetition=287755&amp;frmepreuve=f210c0c7-8c7b-4156-8dea-5c6f2dec1310\">Lancer du javelot juniors H<\/a><br \/>\n<strong>13h15 :\u00a0<\/strong><a href=\"https:\/\/bases.athle.fr\/asp.net\/liste.aspx?frmbase=directs&amp;frmmode=2&amp;frmcompetition=287755&amp;frmepreuve=18aeb1a1-a85e-42e9-b1eb-b96eb0cf72a0\">Lancer du poids juniors F<\/a><\/p>\n<p style=\"text-align: justify;\"><strong>15h :<\/strong> <a href=\"https:\/\/bases.athle.fr\/asp.net\/liste.aspx?frmbase=directs&amp;frmmode=2&amp;frmcompetition=287755&amp;frmepreuve=e6ec3be6-d069-496d-81fc-854db47bb1e4\">Lancer du disque juniors F<\/a><br \/>\n<strong>15h :<\/strong> <a href=\"https:\/\/bases.athle.fr\/asp.net\/liste.aspx?frmbase=directs&amp;frmmode=2&amp;frmcompetition=287755&amp;frmepreuve=52748809-2060-4a02-b383-f971de303814\">Lancer du marteau juniors H<\/a><br \/>\n<strong>15h :<\/strong> <a href=\"https:\/\/bases.athle.fr\/asp.net\/liste.aspx?frmbase=directs&amp;frmmode=2&amp;frmcompetition=287755&amp;frmepreuve=2a7c10bf-bb5a-444d-88e4-20ca63be194a\">Lancer du javelot espoirs H<\/a><br \/>\n<strong>15h : <\/strong><a href=\"https:\/\/bases.athle.fr\/asp.net\/liste.aspx?frmbase=directs&amp;frmmode=2&amp;frmcompetition=287755&amp;frmepreuve=279898f1-7ac3-438a-80e3-8879823382de\">Lancer du poids espoirs F<\/a><\/p>\n<p style=\"text-align: justify;\"><strong>16h45 :<\/strong> <a href=\"https:\/\/bases.athle.fr\/asp.net\/liste.aspx?frmbase=directs&amp;frmmode=2&amp;frmcompetition=287755&amp;frmepreuve=ddf05673-29ea-4205-b9d0-51be10d38588\">Lancer du disque espoirs H<\/a><br \/>\n<strong>16h45 :<\/strong> <a href=\"https:\/\/bases.athle.fr\/asp.net\/liste.aspx?frmbase=directs&amp;frmmode=2&amp;frmcompetition=287755&amp;frmepreuve=fc07068a-1dc0-4631-bfb9-af003bfaa942\">Lancer du marteau espoirs F<\/a><br \/>\n<strong>16h45 :<\/strong> <a href=\"https:\/\/bases.athle.fr\/asp.net\/liste.aspx?frmbase=directs&amp;frmmode=2&amp;frmcompetition=287755&amp;frmepreuve=94f7503f-dbae-4daa-bc50-bd064a012c9e\">L<\/a><a href=\"https:\/\/bases.athle.fr\/asp.net\/liste.aspx?frmbase=directs&amp;frmmode=2&amp;frmcompetition=287755&amp;frmepreuve=94f7503f-dbae-4daa-bc50-bd064a012c9e\">ancer du javelot juniors f<\/a><br \/>\n<strong>16h45 :<\/strong> <a href=\"https:\/\/bases.athle.fr\/asp.net\/liste.aspx?frmbase=directs&amp;frmmode=2&amp;frmcompetition=287755&amp;frmepreuve=0fab6ebb-acce-4937-9a10-3f5617248ff0\">Lancer du poids juniors H<\/a><\/p>\n<\/div>\n<div class=\"su-tabs-pane su-u-clearfix su-u-trim\" data-title=\"Dimanche 25 f\u00e9vrier\">\n<p><strong>9h30 :<\/strong> <a href=\"https:\/\/bases.athle.fr\/asp.net\/liste.aspx?frmbase=directs&amp;frmmode=2&amp;frmcompetition=287755&amp;frmepreuve=2e9672b0-56e9-44df-9048-e4566305b901\">Lancer du disque cadets<\/a><br \/>\n<strong>9h30 :<\/strong> <a href=\"https:\/\/bases.athle.fr\/asp.net\/liste.aspx?frmbase=directs&amp;frmmode=2&amp;frmcompetition=287755&amp;frmepreuve=7b17ee3f-27c1-4114-bd38-14312759dc00\">Lancer du marteau cadettes<\/a><br \/>\n<strong>9h30 :<\/strong> <a href=\"https:\/\/bases.athle.fr\/asp.net\/liste.aspx?frmbase=directs&amp;frmmode=2&amp;frmcompetition=287755&amp;frmepreuve=8cfec09a-eab5-4ffa-811b-244ede3885d5\">Lancer du javelot cadettes<\/a><\/p>\n<p><strong>11h15 :<\/strong> <a href=\"https:\/\/bases.athle.fr\/asp.net\/liste.aspx?frmbase=directs&amp;frmmode=2&amp;frmcompetition=287755&amp;frmepreuve=2fda56fd-005f-4913-a5d5-f752e36a3b18\">Lancer du disque cadettes<\/a><br \/>\n<strong>11h15 :<\/strong> <a href=\"https:\/\/bases.athle.fr\/asp.net\/liste.aspx?frmbase=directs&amp;frmmode=2&amp;frmcompetition=287755&amp;frmepreuve=09046a9d-0fdf-4cd0-851b-eb360c6e3815\">Lancer du marteau \u00e9lite F<\/a><br \/>\n<strong>11h15 :\u00a0<\/strong><a href=\"https:\/\/bases.athle.fr\/asp.net\/liste.aspx?frmbase=directs&amp;frmmode=2&amp;frmcompetition=287755&amp;frmepreuve=8f2508c2-22e5-419d-b411-3c73e3b5b5ad\">Lancer du javelot \u00e9lite F<\/a><br \/>\n<strong>11h15 :<\/strong> <a href=\"https:\/\/bases.athle.fr\/asp.net\/liste.aspx?frmbase=directs&amp;frmmode=2&amp;frmcompetition=287755&amp;frmepreuve=963f1b81-333f-40bd-afde-298c187b144b\">Lancer du poids cadets<\/a><\/p>\n<p><strong>13h : <\/strong><a href=\"https:\/\/bases.athle.fr\/asp.net\/liste.aspx?frmbase=directs&amp;frmmode=2&amp;frmcompetition=287755&amp;frmepreuve=402bb28d-fa8a-40bf-b638-f6c926632d8d\">Lancer du disque \u00e9lite F<\/a><br \/>\n<strong>13h :<\/strong> <a href=\"https:\/\/bases.athle.fr\/asp.net\/liste.aspx?frmbase=directs&amp;frmmode=2&amp;frmcompetition=287755&amp;frmepreuve=09964309-6698-439a-a16d-c2592bd0bda1\">Lancer du marteau \u00e9lite H<\/a><\/p>\n<p><strong>14h :\u00a0<\/strong><a href=\"https:\/\/bases.athle.fr\/asp.net\/liste.aspx?frmbase=directs&amp;frmmode=2&amp;frmcompetition=287755&amp;frmepreuve=d36151f5-11dd-4898-b16f-f245634397b8\">Lancer du javelot \u00e9lite H<\/a><br \/>\n<strong>14h :<\/strong> <a href=\"https:\/\/bases.athle.fr\/asp.net\/liste.aspx?frmbase=directs&amp;frmmode=2&amp;frmcompetition=287755&amp;frmepreuve=90932d9a-0776-4aea-8f9d-42841f3b0f37\">Lancer du poids cadettes<\/a><\/p>\n<p><strong>15h :<\/strong> <a href=\"https:\/\/bases.athle.fr\/asp.net\/liste.aspx?frmbase=directs&amp;frmmode=2&amp;frmcompetition=287755&amp;frmepreuve=66464e9d-1cbf-4e48-be13-a1a745e8e73e\">Lancer du disque \u00e9lite H<\/a><\/p>\n<p><strong>15h45 : <\/strong><a href=\"https:\/\/bases.athle.fr\/asp.net\/liste.aspx?frmbase=directs&amp;frmmode=2&amp;frmcompetition=287755&amp;frmepreuve=3bd2d67b-a326-43c9-a568-92aace2166f0\">Lancer du marteau cadets<\/a><br \/>\n<strong>15h45 :<\/strong> <a href=\"https:\/\/bases.athle.fr\/asp.net\/liste.aspx?frmbase=directs&amp;frmmode=2&amp;frmcompetition=287755&amp;frmepreuve=b2332a61-e3ea-4372-a379-d0f4b5288386\">Lancer du javelot cadets<\/a><\/p>\n<ul>\n<li><a title=\"Championnats de France hivernaux des lancers 2024 : R\u00e9mi Conroy, Rose Loga, M\u00e9lina Robert-Michon, les r\u00e9sultats du jour\" href=\"https:\/\/dicodusport.fr\/blog\/championnats-de-france-hivernaux-des-lancers-2024-remi-conroy-rose-loga-melina-robert-michon-les-resultats-du-jour\/\" target=\"_blank\" rel=\"noopener\"><strong>R\u00e9sum\u00e9 de la journ\u00e9e<\/strong><\/a><\/li>\n<\/ul>\n<p style=\"text-align: justify;\"><\/div><\/div><\/div>\n<p>&nbsp;<\/p>\n<h2>Les podiums<\/h2>\n<h3 style=\"text-align: justify;\">Cadets<\/h3>\n<div class=\"su-table su-table-alternate\">\n<table style=\"width: 800px;border-collapse: collapse\">\n<tbody>\n<tr>\n<td style=\"text-align: center;width: 200px;vertical-align: middle\"><strong>\u00c9preuves<\/strong><\/td>\n<td style=\"background-color: #fff242;text-align: center;width: 200px;vertical-align: middle\"><strong>\ud83e\udd47 Or<\/strong><\/td>\n<td style=\"background-color: #a8a8a8;text-align: center;width: 200px;vertical-align: middle\"><strong>\ud83e\udd48 Argent<\/strong><\/td>\n<td style=\"background-color: #c97159;text-align: center;width: 200px;vertical-align: middle\"><strong>\ud83e\udd49 Bronze<\/strong><\/td>\n<\/tr>\n<tr>\n<td style=\"text-align: center;width: 200px;vertical-align: middle\"><strong>Lancer du javelot F<br \/>\n<\/strong><\/td>\n<td style=\"text-align: center;width: 200px;vertical-align: middle\">\ud83c\uddeb\ud83c\uddf7 <strong>Leana Monzie<br \/>\n45.77 m<\/strong><\/td>\n<td style=\"text-align: center;width: 200px;vertical-align: middle\">\ud83c\uddeb\ud83c\uddf7 Mahe Scheer<br \/>\n40.59 m<\/td>\n<td style=\"text-align: center;width: 200px;vertical-align: middle\">\ud83c\uddeb\ud83c\uddf7 Lilou Pause<br \/>\n39.58 m<\/td>\n<\/tr>\n<tr>\n<td style=\"text-align: center;width: 200px;vertical-align: middle\"><strong>Lancer du disque F<br \/>\n<\/strong><\/td>\n<td style=\"text-align: center;width: 200px;vertical-align: middle\">\ud83c\uddeb\ud83c\uddf7 <strong>Lina Fakatika<br \/>\n39.08 m PB<\/strong><\/td>\n<td style=\"text-align: center;width: 200px;vertical-align: middle\">\ud83c\uddeb\ud83c\uddf7 Cl\u00e9mentine Carias<br \/>\n38.19 m <strong>SB<\/strong><\/td>\n<td style=\"text-align: center;width: 200px;vertical-align: middle\">\ud83c\uddeb\ud83c\uddf7 Margot Perchais<br \/>\n37.87 m<\/td>\n<\/tr>\n<tr>\n<td style=\"text-align: center;width: 200px;vertical-align: middle\"><strong>Lancer du marteau F<br \/>\n<\/strong><\/td>\n<td style=\"text-align: center;width: 200px;vertical-align: middle\">\ud83c\uddeb\ud83c\uddf7 <strong>Candyce Bonjean<br \/>\n66.09 m PB MPF CA<\/strong><\/td>\n<td style=\"text-align: center;width: 200px;vertical-align: middle\">\ud83c\uddeb\ud83c\uddf7 Alix Louvard<br \/>\n59.13 m <strong>PB<\/strong><\/td>\n<td style=\"text-align: center;width: 200px;vertical-align: middle\">\ud83c\uddeb\ud83c\uddf7 Salom\u00e9 Poty<br \/>\n56.88 m <strong>PB<\/strong><\/td>\n<\/tr>\n<tr>\n<td style=\"text-align: center;width: 200px;vertical-align: middle\"><strong>Lancer du poids F<\/strong><\/td>\n<td style=\"width: 200px;text-align: center\">\ud83c\uddeb\ud83c\uddf7 <strong>Zola Ndouma-Mona<br \/>\n14.52 m<\/strong><\/td>\n<td style=\"width: 200px;text-align: center\">\ud83c\uddeb\ud83c\uddf7 Rodeline Dutertre<br \/>\n14.29 m <strong>PB<\/strong><\/td>\n<td style=\"width: 200px;text-align: center\">\ud83c\uddeb\ud83c\uddf7 M\u00e9lissa Kubacki<br \/>\n14.17 m <strong>PB<\/strong><\/td>\n<\/tr>\n<tr>\n<td style=\"text-align: center;width: 200px;vertical-align: middle\"><strong>Lancer du javelot H<br \/>\n<\/strong><\/td>\n<td style=\"text-align: center;width: 200px;vertical-align: middle\">\ud83c\uddeb\ud83c\uddf7 <strong>Cl\u00e9ment Schurb<br \/>\n60.55 m PB MPF CA<\/strong><\/td>\n<td style=\"width: 200px;text-align: center\">\ud83c\uddeb\ud83c\uddf7 Valentin Chittofrati<br \/>\n57.91 m <strong>SB<\/strong><\/td>\n<td style=\"width: 200px;text-align: center\">\ud83c\uddeb\ud83c\uddf7 Adrien Carriou<br \/>\n56.50 m <strong>PB<\/strong><\/td>\n<\/tr>\n<tr>\n<td style=\"text-align: center;width: 200px;vertical-align: middle\"><strong>Lancer du disque H<br \/>\n<\/strong><\/td>\n<td style=\"width: 200px;text-align: center\">\ud83c\uddeb\ud83c\uddf7 <strong>Ingmar Bratteby-Belem<br \/>\n48.40 m PB MPF CA<\/strong><\/td>\n<td style=\"width: 200px;text-align: center\">\ud83c\uddeb\ud83c\uddf7 Ludovic Lamoureux<br \/>\n45.06 m <strong>PB<\/strong><\/td>\n<td style=\"width: 200px;text-align: center\">\ud83c\uddeb\ud83c\uddf7 Tom Galabert<br \/>\n44.89 m <strong>PB<\/strong><\/td>\n<\/tr>\n<tr>\n<td style=\"text-align: center;width: 200px;vertical-align: middle\"><strong>Lancer du marteau H<br \/>\n<\/strong><\/td>\n<td style=\"text-align: center;width: 200px;vertical-align: middle\">\ud83c\uddeb\ud83c\uddf7 <strong>David Kelen<br \/>\n63.90 m PB<\/strong><\/td>\n<td style=\"width: 200px;text-align: center\">\ud83c\uddeb\ud83c\uddf7 Rafael Maurel<br \/>\n58.97 m<\/td>\n<td style=\"width: 200px;text-align: center\">\ud83c\uddeb\ud83c\uddf7 Mathis Duvernois<br \/>\n53.42 m<\/td>\n<\/tr>\n<tr>\n<td style=\"text-align: center;width: 200px;vertical-align: middle\"><strong>Lancer du poids H<\/strong><\/td>\n<td style=\"width: 200px;text-align: center\">\ud83c\uddeb\ud83c\uddf7 <strong>William Belinga-Nkoo<br \/>\n15.95 m PB MPF CA<\/strong><\/td>\n<td style=\"width: 200px;text-align: center\">\ud83c\uddeb\ud83c\uddf7 Arthur Plunian<br \/>\n14.94 m<\/td>\n<td style=\"width: 200px;text-align: center\">\ud83c\uddeb\ud83c\uddf7 Lilian Tremege<br \/>\n14.50 m<\/td>\n<\/tr>\n<\/tbody>\n<\/table>\n<\/div>\n<h3 style=\"text-align: justify;\">Juniors<\/h3>\n<div class=\"su-table su-table-alternate\">\n<table style=\"width: 800px;border-collapse: collapse\">\n<tbody>\n<tr>\n<td style=\"text-align: center;width: 200px;vertical-align: middle\"><strong>\u00c9preuves<\/strong><\/td>\n<td style=\"background-color: #fff242;text-align: center;width: 200px;vertical-align: middle\"><strong>\ud83e\udd47 Or<\/strong><\/td>\n<td style=\"background-color: #a8a8a8;text-align: center;width: 200px;vertical-align: middle\"><strong>\ud83e\udd48 Argent<\/strong><\/td>\n<td style=\"background-color: #c97159;text-align: center;width: 200px;vertical-align: middle\"><strong>\ud83e\udd49 Bronze<\/strong><\/td>\n<\/tr>\n<tr>\n<td style=\"text-align: center;width: 200px;vertical-align: middle\"><strong>Lancer du javelot F<br \/>\n<\/strong><\/td>\n<td style=\"text-align: center;width: 200px;vertical-align: middle\">\ud83c\uddeb\ud83c\uddf7 <strong>Leila Danet<br \/>\n46.17 m<\/strong><\/td>\n<td style=\"text-align: center;width: 200px;vertical-align: middle\">\ud83c\uddeb\ud83c\uddf7 Ana\u00eblle Etna<br \/>\n44.37 m<\/td>\n<td style=\"text-align: center;width: 200px;vertical-align: middle\">\ud83c\uddeb\ud83c\uddf7 Luna Pedemonte<br \/>\n44.09 m <strong>SB<\/strong><\/td>\n<\/tr>\n<tr>\n<td style=\"text-align: center;width: 200px;vertical-align: middle\"><strong>Lancer du disque F<br \/>\n<\/strong><\/td>\n<td style=\"text-align: center;width: 200px;vertical-align: middle\">\ud83c\uddeb\ud83c\uddf7 <strong>Loula Pauze<br \/>\n43.99 m PB<\/strong><\/td>\n<td style=\"text-align: center;width: 200px;vertical-align: middle\">\ud83c\uddeb\ud83c\uddf7 Chiara Senegas-Kouamba<br \/>\n41.90 m <strong>SB<\/strong><\/td>\n<td style=\"text-align: center;width: 200px;vertical-align: middle\">\ud83c\uddeb\ud83c\uddf7 Clara Floutard<br \/>\n40.66 m <strong>PB<\/strong><\/td>\n<\/tr>\n<tr>\n<td style=\"text-align: center;width: 200px;vertical-align: middle\"><strong>Lancer du marteau F<br \/>\n<\/strong><\/td>\n<td style=\"text-align: center;width: 200px;vertical-align: middle\">\ud83c\uddeb\ud83c\uddf7 <strong>Marie Rougetet<br \/>\n61.64 m<\/strong><\/td>\n<td style=\"text-align: center;width: 200px;vertical-align: middle\">\ud83c\uddeb\ud83c\uddf7 Aneymone Talalua<br \/>\n57.44 m <strong>PB<\/strong><\/td>\n<td style=\"text-align: center;width: 200px;vertical-align: middle\">\ud83c\uddeb\ud83c\uddf7 Ana\u00efs Dupont<br \/>\n56.96 m <strong>PB<\/strong><\/td>\n<\/tr>\n<tr>\n<td style=\"text-align: center;width: 200px;vertical-align: middle\"><strong>Lancer du poids F<\/strong><\/td>\n<td style=\"width: 200px;text-align: center\">\ud83c\uddeb\ud83c\uddf7 <strong>Leila Danet<br \/>\n12.81 m<\/strong><\/td>\n<td style=\"width: 200px;text-align: center\">\ud83c\uddeb\ud83c\uddf7 Julia Mathieu<br \/>\n12.47 m<\/td>\n<td style=\"width: 200px;text-align: center\">\ud83c\uddeb\ud83c\uddf7 Luna Pedemonte<br \/>\n11.78 m<\/td>\n<\/tr>\n<tr>\n<td style=\"text-align: center;width: 200px;vertical-align: middle\"><strong>Lancer du javelot H<br \/>\n<\/strong><\/td>\n<td style=\"text-align: center;width: 200px;vertical-align: middle\">\ud83c\uddeb\ud83c\uddf7 <strong>Titouan Dobo Bi<br \/>\n67.33 m PB MPF JU<\/strong><\/td>\n<td style=\"width: 200px;text-align: center\">\ud83c\uddeb\ud83c\uddf7 Heinoa Gooding<br \/>\n59.69 m<\/td>\n<td style=\"width: 200px;text-align: center\">\ud83c\uddeb\ud83c\uddf7 Yanis Fachatti<br \/>\n58.39 m <strong>PB<\/strong><\/td>\n<\/tr>\n<tr>\n<td style=\"text-align: center;width: 200px;vertical-align: middle\"><strong>Lancer du disque H<br \/>\n<\/strong><\/td>\n<td style=\"text-align: center;width: 200px;vertical-align: middle\">\ud83c\uddeb\ud83c\uddf7 <strong>Samuel Conjungo<br \/>\n57.33 m PB RCH MPF JU<\/strong><\/td>\n<td style=\"width: 200px;text-align: center\">\ud83c\uddeb\ud83c\uddf7 Gabin Guerci<br \/>\n51.91 m <strong>PB<\/strong><\/td>\n<td style=\"width: 200px;text-align: center\">\ud83c\uddeb\ud83c\uddf7 Cl\u00e9ment Ciavaldini<br \/>\n46.48 m<\/td>\n<\/tr>\n<tr>\n<td style=\"text-align: center;width: 200px;vertical-align: middle\"><strong>Lancer du marteau H<br \/>\n<\/strong><\/td>\n<td style=\"text-align: center;width: 200px;vertical-align: middle\">\ud83c\uddeb\ud83c\uddf7 <strong>Marwan Nougaret<br \/>\n61.98 m PB MPF JU<\/strong><\/td>\n<td style=\"width: 200px;text-align: center\">\ud83c\uddeb\ud83c\uddf7 Benjamin Roddier<br \/>\n58.14 m<\/td>\n<td style=\"width: 200px;text-align: center\">\ud83c\uddeb\ud83c\uddf7 Hugo Besseyre<br \/>\n58.13 m <strong>PB<\/strong><\/td>\n<\/tr>\n<tr>\n<td style=\"text-align: center;width: 200px;vertical-align: middle\"><strong>Lancer du poids H<\/strong><\/td>\n<td style=\"width: 200px;text-align: center\">\ud83c\uddeb\ud83c\uddf7 <strong>Antoine Pottier<br \/>\n16.50 m PB<\/strong><\/td>\n<td style=\"width: 200px;text-align: center\">\ud83c\uddeb\ud83c\uddf7 Ma\u00ebl Gourmelin-Robin<br \/>\n16.49 m <strong>PB<\/strong><\/td>\n<td style=\"width: 200px;text-align: center\">\ud83c\uddeb\ud83c\uddf7 Jason-Glory Dewinie<br \/>\n15.98 m <strong>PB<\/strong><\/td>\n<\/tr>\n<\/tbody>\n<\/table>\n<\/div>\n<h3 style=\"text-align: justify;\">Espoirs<\/h3>\n<div class=\"su-table su-table-alternate\">\n<table style=\"width: 800px;border-collapse: collapse\">\n<tbody>\n<tr>\n<td style=\"text-align: center;width: 200px;vertical-align: middle\"><strong>\u00c9preuves<\/strong><\/td>\n<td style=\"background-color: #fff242;text-align: center;width: 200px;vertical-align: middle\"><strong>\ud83e\udd47 Or<\/strong><\/td>\n<td style=\"background-color: #a8a8a8;text-align: center;width: 200px;vertical-align: middle\"><strong>\ud83e\udd48 Argent<\/strong><\/td>\n<td style=\"background-color: #c97159;text-align: center;width: 200px;vertical-align: middle\"><strong>\ud83e\udd49 Bronze<\/strong><\/td>\n<\/tr>\n<tr>\n<td style=\"text-align: center;width: 200px;vertical-align: middle\"><strong>Lancer du javelot F<br \/>\n<\/strong><\/td>\n<td style=\"text-align: center;width: 200px;vertical-align: middle\">\ud83c\uddeb\ud83c\uddf7 <strong>Jade Maraval<br \/>\n51.02 m<\/strong><\/td>\n<td style=\"text-align: center;width: 200px;vertical-align: middle\">\ud83c\uddeb\ud83c\uddf7 Korann Colet<br \/>\n47.72 m <strong>PB<\/strong><\/td>\n<td style=\"text-align: center;width: 200px;vertical-align: middle\">\ud83c\uddeb\ud83c\uddf7 Laureen Thomas<br \/>\n46.25 m<\/td>\n<\/tr>\n<tr>\n<td style=\"text-align: center;width: 200px;vertical-align: middle\"><strong>Lancer du disque F<br \/>\n<\/strong><\/td>\n<td style=\"text-align: center;width: 200px;vertical-align: middle\">\ud83c\uddeb\ud83c\uddf7 <strong>Lesly-Telesia Filituulaga<br \/>\n50.98 m SB<\/strong><\/td>\n<td style=\"text-align: center;width: 200px;vertical-align: middle\">\ud83c\uddeb\ud83c\uddf7 Marie-Jos\u00e9e Bovele-Linaka<br \/>\n48.16 m<\/td>\n<td style=\"text-align: center;width: 200px;vertical-align: middle\">\ud83c\uddeb\ud83c\uddf7 Audrey Couchot<br \/>\n47.65 m <strong>SB<\/strong><\/td>\n<\/tr>\n<tr>\n<td style=\"text-align: center;width: 200px;vertical-align: middle\"><strong>Lancer du marteau F<br \/>\n<\/strong><\/td>\n<td style=\"text-align: center;width: 200px;vertical-align: middle\">\ud83c\uddeb\ud83c\uddf7 <strong>Rose Loga<br \/>\n70.62 m RCH<\/strong><\/td>\n<td style=\"text-align: center;width: 200px;vertical-align: middle\">\ud83c\uddeb\ud83c\uddf7 Florella Freyche<br \/>\n63.50 m<\/td>\n<td style=\"text-align: center;width: 200px;vertical-align: middle\">\ud83c\uddeb\ud83c\uddf7 Sil\u00e8ne Gasperi Deregis<br \/>\n54.56 m <strong>SB<\/strong><\/td>\n<\/tr>\n<tr>\n<td style=\"text-align: center;width: 200px;vertical-align: middle\"><strong>Lancer du poids F<\/strong><\/td>\n<td style=\"width: 200px;text-align: center\">\ud83c\uddeb\ud83c\uddf7 <strong>Lesly-Telesia Filituulaga<br \/>\n14.74 m SB MPF ES<\/strong><\/td>\n<td style=\"width: 200px;text-align: center\">\ud83c\uddeb\ud83c\uddf7 Laureen Thomas<br \/>\n13.45 m<\/td>\n<td style=\"width: 200px;text-align: center\">\ud83c\uddeb\ud83c\uddf7 B\u00e9atrice Aoustin<br \/>\n12.21 m <strong>PB<\/strong><\/td>\n<\/tr>\n<tr>\n<td style=\"text-align: center;width: 200px;vertical-align: middle\"><strong>Lancer du javelot H<br \/>\n<\/strong><\/td>\n<td style=\"text-align: center;width: 200px;vertical-align: middle\">\ud83c\uddeb\ud83c\uddf7 <strong>Lenny Brisseault<br \/>\n73.45 m SB MPF ES<\/strong><\/td>\n<td style=\"width: 200px;text-align: center\">\ud83c\uddeb\ud83c\uddf7 Nathan Proust<br \/>\n69.57 m <strong>PB<\/strong><\/td>\n<td style=\"width: 200px;text-align: center\">\ud83c\uddeb\ud83c\uddf7 Alexy Zyla<br \/>\n63.30 m <strong>PB<\/strong><\/td>\n<\/tr>\n<tr>\n<td style=\"text-align: center;width: 200px;vertical-align: middle\"><strong>Lancer du disque H<br \/>\n<\/strong><\/td>\n<td style=\"text-align: center;width: 200px;vertical-align: middle\">\ud83c\uddeb\ud83c\uddf7 <strong>Marc-Alexandre Delin<br \/>\n53.24 m<\/strong><\/td>\n<td style=\"width: 200px;text-align: center\">\ud83c\uddeb\ud83c\uddf7 Cl\u00e9ment Darques<br \/>\n46.39 m <strong>PB<\/strong><\/td>\n<td style=\"width: 200px;text-align: center\">\ud83c\uddeb\ud83c\uddf7 Maxime Wojtal<br \/>\n44.09 m <strong>SB<\/strong><\/td>\n<\/tr>\n<tr>\n<td style=\"text-align: center;width: 200px;vertical-align: middle\"><strong>Lancer du marteau H<br \/>\n<\/strong><\/td>\n<td style=\"text-align: center;width: 200px;vertical-align: middle\">\ud83c\uddeb\ud83c\uddf7 <strong>Wiltrid Huet<br \/>\n61.39 m<\/strong><\/td>\n<td style=\"width: 200px;text-align: center\">\ud83c\uddeb\ud83c\uddf7 Antony Bettolo<br \/>\n58.51 m <strong>PB<\/strong><\/td>\n<td style=\"width: 200px;text-align: center\">\ud83c\uddeb\ud83c\uddf7 Pierre Mouret<br \/>\n57.68 m <strong>SB<\/strong><\/td>\n<\/tr>\n<tr>\n<td style=\"text-align: center;width: 200px;vertical-align: middle\"><strong>Lancer du poids H<\/strong><\/td>\n<td style=\"width: 200px;text-align: center\">\ud83c\uddeb\ud83c\uddf7 <strong>Benjamin Zenatti<br \/>\n16.86 m<\/strong><\/td>\n<td style=\"width: 200px;text-align: center\">\ud83c\uddeb\ud83c\uddf7 Evan Jourdain<br \/>\n16.46 m<\/td>\n<td style=\"width: 200px;text-align: center\">\ud83c\uddeb\ud83c\uddf7 L\u00e9onard Ardisson<br \/>\n15.75 m<\/td>\n<\/tr>\n<\/tbody>\n<\/table>\n<\/div>\n<h3 style=\"text-align: justify;\">Seniors<\/h3>\n<div class=\"su-table su-table-alternate\">\n<table style=\"width: 800px;border-collapse: collapse\">\n<tbody>\n<tr>\n<td style=\"text-align: center;width: 200px;vertical-align: middle\"><strong>\u00c9preuves<\/strong><\/td>\n<td style=\"background-color: #fff242;text-align: center;width: 200px;vertical-align: middle\"><strong>\ud83e\udd47 Or<\/strong><\/td>\n<td style=\"background-color: #a8a8a8;text-align: center;width: 200px;vertical-align: middle\"><strong>\ud83e\udd48 Argent<\/strong><\/td>\n<td style=\"background-color: #c97159;text-align: center;width: 200px;vertical-align: middle\"><strong>\ud83e\udd49 Bronze<\/strong><\/td>\n<\/tr>\n<tr>\n<td style=\"text-align: center;width: 200px;vertical-align: middle\"><strong>Lancer du javelot F<br \/>\n<\/strong><\/td>\n<td style=\"text-align: center;width: 200px;vertical-align: middle\">\ud83c\uddeb\ud83c\uddf7 <strong>Fanny Boissonnard<br \/>\n44.16 m<\/strong><\/td>\n<td style=\"text-align: center;width: 200px;vertical-align: middle\">\ud83c\uddeb\ud83c\uddf7 Sarah Toumanian<br \/>\n42.72 m <strong>SB<\/strong><\/td>\n<td style=\"text-align: center;width: 200px;vertical-align: middle\">\ud83c\uddeb\ud83c\uddf7 Lucile Bourges<br \/>\n42.55 m <strong>SB<\/strong><\/td>\n<\/tr>\n<tr>\n<td style=\"text-align: center;width: 200px;vertical-align: middle\"><strong>Lancer du disque F<br \/>\n<\/strong><\/td>\n<td style=\"text-align: center;width: 200px;vertical-align: middle\">\ud83c\uddeb\ud83c\uddf7\u00a0<strong>Justine Itrac<br \/>\n43.98 m SB<\/strong><\/td>\n<td style=\"text-align: center;width: 200px;vertical-align: middle\">\ud83c\uddeb\ud83c\uddf7 Caroline Dalyphard<br \/>\n43.66 m <strong>SB<\/strong><\/td>\n<td style=\"text-align: center;width: 200px;vertical-align: middle\">\ud83c\uddeb\ud83c\uddf7 Fanny Th\u00e9venon-Lacote<br \/>\n43.18 m <strong>PB<\/strong><\/td>\n<\/tr>\n<tr>\n<td style=\"text-align: center;width: 200px;vertical-align: middle\"><strong>Lancer du marteau F<br \/>\n<\/strong><\/td>\n<td style=\"text-align: center;width: 200px;vertical-align: middle\">\ud83c\uddeb\ud83c\uddf7 <strong>Alice Delmer<br \/>\n<\/strong><strong>57.75 m SB<\/strong><\/td>\n<td style=\"text-align: center;width: 200px;vertical-align: middle\">\ud83c\uddeb\ud83c\uddf7 Fatou Diocou<br \/>\n55.95 m <strong>SB<\/strong><\/td>\n<td style=\"text-align: center;width: 200px;vertical-align: middle\">\ud83c\uddeb\ud83c\uddf7 M\u00e9lissa Coquillas<br \/>\n55.59 m <strong>SB<\/strong><\/td>\n<\/tr>\n<tr>\n<td style=\"text-align: center;width: 200px;vertical-align: middle\"><strong>Lancer du poids F<\/strong><\/td>\n<td style=\"width: 200px;text-align: center\">\ud83c\uddeb\ud83c\uddf7 <strong>Julie Brafa<br \/>\n13.59 m SB<\/strong><\/td>\n<td style=\"width: 200px;text-align: center\">\ud83c\uddeb\ud83c\uddf7 Fanny Th\u00e9venon-Lacote<br \/>\n12.71 m<\/td>\n<td style=\"width: 200px;text-align: center\">\ud83c\uddeb\ud83c\uddf7 Ana\u00efs Martin<br \/>\n12.52 m<\/td>\n<\/tr>\n<tr>\n<td style=\"text-align: center;width: 200px;vertical-align: middle\"><strong>Lancer du javelot H<br \/>\n<\/strong><\/td>\n<td style=\"text-align: center;width: 200px;vertical-align: middle\">\ud83c\uddeb\ud83c\uddf7\u00a0<strong>Maxime Freret<br \/>\n68.49 m PB<\/strong><\/td>\n<td style=\"width: 200px;text-align: center\">\ud83c\uddeb\ud83c\uddf7 Yann Kolasniewski<br \/>\n61.14 m <strong>SB<\/strong><\/td>\n<td style=\"width: 200px;text-align: center\">\ud83c\uddeb\ud83c\uddf7 Rapha\u00ebl Lebas<br \/>\n60.74 m <strong>PB<\/strong><\/td>\n<\/tr>\n<tr>\n<td style=\"text-align: center;width: 200px;vertical-align: middle\"><strong>Lancer du disque H<br \/>\n<\/strong><\/td>\n<td style=\"text-align: center;width: 200px;vertical-align: middle\">\ud83c\uddeb\ud83c\uddf7 <strong>Aur\u00e9lien Fabreguettes<br \/>\n52.80 m PB<\/strong><\/td>\n<td style=\"width: 200px;text-align: center\">\ud83c\uddeb\ud83c\uddf7 Antoine Le De Rossillon<br \/>\n49.70 m <strong>SB<\/strong><\/td>\n<td style=\"width: 200px;text-align: center\">\ud83c\uddeb\ud83c\uddf7 Thomas Servant<br \/>\n48.78 m <strong>SB<\/strong><\/td>\n<\/tr>\n<tr>\n<td style=\"text-align: center;width: 200px;vertical-align: middle\"><strong>Lancer du marteau H<br \/>\n<\/strong><\/td>\n<td style=\"text-align: center;width: 200px;vertical-align: middle\">\ud83c\uddeb\ud83c\uddf7 <strong>Adrien Bettolo<\/strong><br \/>\n<strong>60.79 m SB<\/strong><\/td>\n<td style=\"width: 200px;text-align: center\">\ud83c\uddeb\ud83c\uddf7 Aur\u00e9lien Boisrond<br \/>\n59.23 m <strong>SB<\/strong><\/td>\n<td style=\"width: 200px;text-align: center\">\ud83c\uddeb\ud83c\uddf7 Nicolas Fradet<br \/>\n56.23 m<\/td>\n<\/tr>\n<tr>\n<td style=\"text-align: center;width: 200px;vertical-align: middle\"><strong>Lancer du poids H<\/strong><\/td>\n<td style=\"width: 200px;text-align: center\">\ud83c\uddeb\ud83c\uddf7\u00a0<strong>J\u00e9r\u00f4me Laforge<br \/>\n15.29 m<\/strong><\/td>\n<td style=\"width: 200px;text-align: center\">\ud83c\uddeb\ud83c\uddf7Thomas Servant<br \/>\n15.28 m<\/td>\n<td style=\"width: 200px;text-align: center\">\ud83c\uddeb\ud83c\uddf7 Bastien Auzeil<br \/>\n15.15 m<\/td>\n<\/tr>\n<\/tbody>\n<\/table>\n<\/div>\n<h2>\u00c9lite<\/h2>\n<p style=\"text-align: justify;\">A noter que les titres \u00e9lite ont d\u00e9j\u00e0 \u00e9t\u00e9 d\u00e9cern\u00e9s pour le lancer du poids lors des <a title=\"Athl\u00e9tisme \u2013 Programme et r\u00e9sultats Championnats de France en salle 2024\" href=\"https:\/\/dicodusport.fr\/blog\/athletisme-programme-et-resultats-championnats-de-france-en-salle-2024\/\" target=\"_blank\" rel=\"noopener\">Championnats de France<\/a> la semaine derni\u00e8re.<\/p>\n<div class=\"su-table su-table-alternate\">\n<table style=\"width: 800px;border-collapse: collapse\">\n<tbody>\n<tr>\n<td style=\"text-align: center;width: 200px;vertical-align: middle\"><strong>\u00c9preuves<\/strong><\/td>\n<td style=\"background-color: #fff242;text-align: center;width: 200px;vertical-align: middle\"><strong>\ud83e\udd47 Or<\/strong><\/td>\n<td style=\"background-color: #a8a8a8;text-align: center;width: 200px;vertical-align: middle\"><strong>\ud83e\udd48 Argent<\/strong><\/td>\n<td style=\"background-color: #c97159;text-align: center;width: 200px;vertical-align: middle\"><strong>\ud83e\udd49 Bronze<\/strong><\/td>\n<\/tr>\n<tr>\n<td style=\"text-align: center;width: 200px;vertical-align: middle\"><strong>Lancer du javelot F<br \/>\n<\/strong><\/td>\n<td style=\"text-align: center;width: 200px;vertical-align: middle\">\ud83c\uddeb\ud83c\uddf7 <strong>Aliz\u00e9e Minard<br \/>\n54.08 m<br \/>\n<\/strong><\/td>\n<td style=\"width: 200px;text-align: center\">\ud83c\uddeb\ud83c\uddf7 Jade Maraval<br \/>\n51.55 m<\/td>\n<td style=\"width: 200px;text-align: center\">\ud83c\uddeb\ud83c\uddf7 Evelina Mendes<br \/>\n50.90 m<\/td>\n<\/tr>\n<tr>\n<td style=\"text-align: center;width: 200px;vertical-align: middle\"><strong>Lancer du disque F<br \/>\n<\/strong><\/td>\n<td style=\"text-align: center;width: 200px;vertical-align: middle\">\ud83c\uddeb\ud83c\uddf7 <strong>M\u00e9lina Robert-Michon<br \/>\n61.02 m<\/strong><\/td>\n<td style=\"text-align: center;width: 200px;vertical-align: middle\">\ud83c\uddeb\ud83c\uddf7 Amanda Ngandu-Ntumba<br \/>\n57.90 m <strong>SB<\/strong><\/td>\n<td style=\"text-align: center;width: 200px;vertical-align: middle\">\ud83c\uddeb\ud83c\uddf7 Yelena Mokoka<br \/>\n53.81 m <strong>SB<\/strong><\/td>\n<\/tr>\n<tr>\n<td style=\"text-align: center;width: 200px;vertical-align: middle\"><strong>Lancer du marteau F<br \/>\n<\/strong><\/td>\n<td style=\"width: 200px;text-align: center\">\ud83c\uddeb\ud83c\uddf7 <strong>Rose Loga<br \/>\n71.79 m RCH ES<br \/>\n<\/strong><\/td>\n<td style=\"width: 200px;text-align: center\">\ud83c\uddeb\ud83c\uddf7 Xena Ngomateke<br \/>\n65.95 m<\/td>\n<td style=\"width: 200px;text-align: center\">\ud83c\uddeb\ud83c\uddf7 Florella Freyche<br \/>\n65.05 m<\/td>\n<\/tr>\n<tr>\n<td style=\"text-align: center;width: 200px;vertical-align: middle\"><strong>Lancer du javelot H<br \/>\n<\/strong><\/td>\n<td style=\"text-align: center;width: 200px;vertical-align: middle\">\ud83c\uddeb\ud83c\uddf7 <strong>R\u00e9mi Conroy<br \/>\n78.97 m PB RCH MPF<\/strong><\/td>\n<td style=\"width: 200px;text-align: center\">\ud83c\uddeb\ud83c\uddf7 Lukas Moutarde<br \/>\n78.44 m <strong>SB<\/strong><\/td>\n<td style=\"width: 200px;text-align: center\">\ud83c\uddeb\ud83c\uddf7 Lenny Brisseault<br \/>\n72.85 m <strong>SB MPF ES<\/strong><\/td>\n<\/tr>\n<tr>\n<td style=\"text-align: center;width: 200px;vertical-align: middle\"><strong>Lancer du disque H<br \/>\n<\/strong><\/td>\n<td style=\"text-align: center;width: 200px;vertical-align: middle\">\ud83c\uddeb\ud83c\uddf7 <strong>Tom Reux<br \/>\n61.46 m PB MPF<\/strong><\/td>\n<td style=\"width: 200px;text-align: center\">\ud83c\uddeb\ud83c\uddf7 Lolassonn Djouhan<br \/>\n60.49 m <strong>SB<\/strong><\/td>\n<td style=\"width: 200px;text-align: center\">\ud83c\uddeb\ud83c\uddf7 Jordan Guehaseim<br \/>\n57.98 m <strong>SB<\/strong><\/td>\n<\/tr>\n<tr>\n<td style=\"text-align: center;width: 200px;vertical-align: middle\"><strong>Lancer du marteau H<br \/>\n<\/strong><\/td>\n<td style=\"text-align: center;width: 200px;vertical-align: middle\">\ud83c\uddeb\ud83c\uddf7 <strong>Jean-Baptiste Bruxelle<br \/>\n74.40 m SB MPF ES<\/strong><\/td>\n<td style=\"width: 200px;text-align: center\">\ud83c\uddeb\ud83c\uddf7 Paul Creuzevault<br \/>\n72.02 m <strong>PB<\/strong><\/td>\n<td style=\"width: 200px;text-align: center\">\ud83c\uddeb\ud83c\uddf7 Enguerrand Decroix Tetu<br \/>\n63.45 m<\/td>\n<\/tr>\n<\/tbody>\n<\/table>\n<\/div>\n<p><span style=\"font-size: 14px;\"><em>PB : Record personnel<\/em><\/span><br \/>\n<span style=\"font-size: 14px;\"><em>SB : Meilleure performance personnelle de la saison<\/em><\/span><br \/>\n<span style=\"font-size: 14px;\"><em>MPF CA : Meilleure performance fran\u00e7aise cadette de la saison<br \/>\nMPF JU : Meilleure performance fran\u00e7aise junior de la saison<br \/>\nMPF ES : Meilleure performance fran\u00e7aise espoir de la saison<br \/>\nMPF : Meilleure performance fran\u00e7aise senior de la saison<br \/>\nRCH : Record des Championnats<\/em><\/span><\/p>\n","protected":false},"excerpt":{"rendered":"<p>Les Championnats de France hivernaux des lancers ont lieu du 23 au 25 f\u00e9vrier \u00e0 Salon-de-Provence. Voici le programme et les r\u00e9sultats de la comp\u00e9tition.<\/p>\n","protected":false},"author":12,"featured_media":464528,"comment_status":"open","ping_status":"closed","sticky":false,"template":"","format":"standard","meta":{"_acf_changed":false,"_daextam_enable_autolinks":"1","footnotes":""},"categories":[2308],"tags":[143,16878],"class_list":["post-462622","post","type-post","status-publish","format-standard","has-post-thumbnail","hentry","category-athletisme","tag-athletisme","tag-breve"],"acf":[],"yoast_head":"<!-- This site is optimized with the Yoast SEO Premium plugin v26.7 (Yoast SEO v26.7) - https:\/\/yoast.com\/wordpress\/plugins\/seo\/ -->\n<title>Programme et r\u00e9sultats Championnats de France hivernaux des lancers 2024 - Dicodusport<\/title>\n<meta name=\"description\" content=\"Les Championnats de France hivernaux des lancers ont lieu du 23 au 25 f\u00e9vrier. Voici le programme et les r\u00e9sultats de la comp\u00e9tition.\" \/>\n<meta name=\"robots\" content=\"index, follow, max-snippet:-1, max-image-preview:large, max-video-preview:-1\" \/>\n<link rel=\"canonical\" href=\"https:\/\/dicodusport.fr\/blog\/programme-et-resultats-championnats-de-france-hivernaux-des-lancers-2024\/\" \/>\n<meta property=\"og:locale\" content=\"fr_FR\" \/>\n<meta property=\"og:type\" content=\"article\" \/>\n<meta property=\"og:title\" content=\"Programme et r\u00e9sultats Championnats de France hivernaux des lancers 2024\" \/>\n<meta property=\"og:description\" content=\"Les Championnats de France hivernaux des lancers ont lieu du 23 au 25 f\u00e9vrier. Voici le programme et les r\u00e9sultats de la comp\u00e9tition.\" \/>\n<meta property=\"og:url\" content=\"https:\/\/dicodusport.fr\/blog\/programme-et-resultats-championnats-de-france-hivernaux-des-lancers-2024\/\" \/>\n<meta property=\"og:site_name\" content=\"Dicodusport\" \/>\n<meta property=\"article:publisher\" content=\"https:\/\/www.facebook.com\/dicodusport\" \/>\n<meta property=\"article:published_time\" content=\"2024-02-25T14:31:15+00:00\" \/>\n<meta property=\"article:modified_time\" content=\"2024-03-09T19:08:48+00:00\" \/>\n<meta property=\"og:image\" content=\"https:\/\/dicodusport.fr\/blog\/wp-content\/uploads\/2024\/02\/Programme-et-resultats-Championnats-de-France-hivernaux-des-lancers-2024-1024x575.png\" \/>\n\t<meta property=\"og:image:width\" content=\"1024\" \/>\n\t<meta property=\"og:image:height\" content=\"575\" \/>\n\t<meta property=\"og:image:type\" content=\"image\/png\" \/>\n<meta name=\"author\" content=\"Arlette Yeye\" \/>\n<meta name=\"twitter:card\" content=\"summary_large_image\" \/>\n<meta name=\"twitter:title\" content=\"Programme et r\u00e9sultats Championnats de France hivernaux des lancers 2024\" \/>\n<meta name=\"twitter:creator\" content=\"@https:\/\/twitter.com\/Shiclette94\" \/>\n<meta name=\"twitter:site\" content=\"@dicodusport\" \/>\n<script type=\"application\/ld+json\" class=\"yoast-schema-graph\">{\"@context\":\"https:\/\/schema.org\",\"@graph\":[{\"@type\":\"NewsArticle\",\"@id\":\"https:\/\/dicodusport.fr\/blog\/programme-et-resultats-championnats-de-france-hivernaux-des-lancers-2024\/#article\",\"isPartOf\":{\"@id\":\"https:\/\/dicodusport.fr\/blog\/programme-et-resultats-championnats-de-france-hivernaux-des-lancers-2024\/\"},\"author\":{\"name\":\"Arlette Yeye\",\"@id\":\"https:\/\/dicodusport.fr\/blog\/#\/schema\/person\/cce96fa88785bd8573e3d43078ac8c79\"},\"headline\":\"Programme et r\u00e9sultats Championnats de France hivernaux des lancers 2024\",\"datePublished\":\"2024-02-25T14:31:15+00:00\",\"dateModified\":\"2024-03-09T19:08:48+00:00\",\"mainEntityOfPage\":{\"@id\":\"https:\/\/dicodusport.fr\/blog\/programme-et-resultats-championnats-de-france-hivernaux-des-lancers-2024\/\"},\"wordCount\":1107,\"commentCount\":0,\"publisher\":{\"@id\":\"https:\/\/dicodusport.fr\/blog\/#organization\"},\"image\":{\"@id\":\"https:\/\/dicodusport.fr\/blog\/programme-et-resultats-championnats-de-france-hivernaux-des-lancers-2024\/#primaryimage\"},\"thumbnailUrl\":\"https:\/\/dicodusport.fr\/blog\/wp-content\/uploads\/2024\/02\/Programme-et-resultats-Championnats-de-France-hivernaux-des-lancers-2024.png\",\"keywords\":[\"Athl\u00e9tisme\",\"br\u00e8ve\"],\"articleSection\":[\"Athl\u00e9tisme\"],\"inLanguage\":\"fr-FR\",\"potentialAction\":[{\"@type\":\"CommentAction\",\"name\":\"Comment\",\"target\":[\"https:\/\/dicodusport.fr\/blog\/programme-et-resultats-championnats-de-france-hivernaux-des-lancers-2024\/#respond\"]}],\"copyrightYear\":\"2024\",\"copyrightHolder\":{\"@id\":\"https:\/\/dicodusport.fr\/blog\/#organization\"}},{\"@type\":\"WebPage\",\"@id\":\"https:\/\/dicodusport.fr\/blog\/programme-et-resultats-championnats-de-france-hivernaux-des-lancers-2024\/\",\"url\":\"https:\/\/dicodusport.fr\/blog\/programme-et-resultats-championnats-de-france-hivernaux-des-lancers-2024\/\",\"name\":\"Programme et r\u00e9sultats Championnats de France hivernaux des lancers 2024 - Dicodusport\",\"isPartOf\":{\"@id\":\"https:\/\/dicodusport.fr\/blog\/#website\"},\"primaryImageOfPage\":{\"@id\":\"https:\/\/dicodusport.fr\/blog\/programme-et-resultats-championnats-de-france-hivernaux-des-lancers-2024\/#primaryimage\"},\"image\":{\"@id\":\"https:\/\/dicodusport.fr\/blog\/programme-et-resultats-championnats-de-france-hivernaux-des-lancers-2024\/#primaryimage\"},\"thumbnailUrl\":\"https:\/\/dicodusport.fr\/blog\/wp-content\/uploads\/2024\/02\/Programme-et-resultats-Championnats-de-France-hivernaux-des-lancers-2024.png\",\"datePublished\":\"2024-02-25T14:31:15+00:00\",\"dateModified\":\"2024-03-09T19:08:48+00:00\",\"description\":\"Les Championnats de France hivernaux des lancers ont lieu du 23 au 25 f\u00e9vrier. Voici le programme et les r\u00e9sultats de la comp\u00e9tition.\",\"breadcrumb\":{\"@id\":\"https:\/\/dicodusport.fr\/blog\/programme-et-resultats-championnats-de-france-hivernaux-des-lancers-2024\/#breadcrumb\"},\"inLanguage\":\"fr-FR\",\"potentialAction\":[{\"@type\":\"ReadAction\",\"target\":[\"https:\/\/dicodusport.fr\/blog\/programme-et-resultats-championnats-de-france-hivernaux-des-lancers-2024\/\"]}]},{\"@type\":\"ImageObject\",\"inLanguage\":\"fr-FR\",\"@id\":\"https:\/\/dicodusport.fr\/blog\/programme-et-resultats-championnats-de-france-hivernaux-des-lancers-2024\/#primaryimage\",\"url\":\"https:\/\/dicodusport.fr\/blog\/wp-content\/uploads\/2024\/02\/Programme-et-resultats-Championnats-de-France-hivernaux-des-lancers-2024.png\",\"contentUrl\":\"https:\/\/dicodusport.fr\/blog\/wp-content\/uploads\/2024\/02\/Programme-et-resultats-Championnats-de-France-hivernaux-des-lancers-2024.png\",\"width\":1200,\"height\":674,\"caption\":\"Programme et r\u00e9sultats Championnats de France hivernaux des lancers 2024\"},{\"@type\":\"BreadcrumbList\",\"@id\":\"https:\/\/dicodusport.fr\/blog\/programme-et-resultats-championnats-de-france-hivernaux-des-lancers-2024\/#breadcrumb\",\"itemListElement\":[{\"@type\":\"ListItem\",\"position\":1,\"name\":\"Accueil\",\"item\":\"https:\/\/dicodusport.fr\/blog\/\"},{\"@type\":\"ListItem\",\"position\":2,\"name\":\"Programme et r\u00e9sultats Championnats de France hivernaux des lancers 2024\"}]},{\"@type\":\"WebSite\",\"@id\":\"https:\/\/dicodusport.fr\/blog\/#website\",\"url\":\"https:\/\/dicodusport.fr\/blog\/\",\"name\":\"Dicodusport\",\"description\":\"L&#039;encyclop\u00e9die de l&#039;actualit\u00e9 sportive\",\"publisher\":{\"@id\":\"https:\/\/dicodusport.fr\/blog\/#organization\"},\"potentialAction\":[{\"@type\":\"SearchAction\",\"target\":{\"@type\":\"EntryPoint\",\"urlTemplate\":\"https:\/\/dicodusport.fr\/blog\/?s={search_term_string}\"},\"query-input\":{\"@type\":\"PropertyValueSpecification\",\"valueRequired\":true,\"valueName\":\"search_term_string\"}}],\"inLanguage\":\"fr-FR\"},{\"@type\":\"NewsMediaOrganization\",\"@id\":\"https:\/\/dicodusport.fr\/blog\/#organization\",\"name\":\"Dicodusport\",\"url\":\"https:\/\/dicodusport.fr\/blog\/\",\"logo\":{\"@type\":\"ImageObject\",\"inLanguage\":\"fr-FR\",\"@id\":\"https:\/\/dicodusport.fr\/blog\/#\/schema\/logo\/image\/\",\"url\":\"https:\/\/dicodusport.fr\/blog\/wp-content\/uploads\/2020\/06\/cropped-LOGO-DICODUSPORT-2020-SANS-FOND-SANS-TEXTE.png\",\"contentUrl\":\"https:\/\/dicodusport.fr\/blog\/wp-content\/uploads\/2020\/06\/cropped-LOGO-DICODUSPORT-2020-SANS-FOND-SANS-TEXTE.png\",\"width\":512,\"height\":512,\"caption\":\"Dicodusport\"},\"image\":{\"@id\":\"https:\/\/dicodusport.fr\/blog\/#\/schema\/logo\/image\/\"},\"sameAs\":[\"https:\/\/www.facebook.com\/dicodusport\",\"https:\/\/x.com\/dicodusport\",\"https:\/\/www.instagram.com\/dicodusport\/\",\"https:\/\/www.youtube.com\/channel\/UC7V2KZ5sd3htJivAbA4ZG3w\"],\"description\":\"Dicodusport est l'encyclop\u00e9die de l'actualit\u00e9 sportive.\",\"email\":\"bonjour@dicodusport.fr\",\"legalName\":\"DICODUSPORT\",\"foundingDate\":\"2018-01-14\",\"vatID\":\"FR71834470973\",\"taxID\":\"83447097300043\",\"numberOfEmployees\":{\"@type\":\"QuantitativeValue\",\"minValue\":\"1\",\"maxValue\":\"10\"}},{\"@type\":\"Person\",\"@id\":\"https:\/\/dicodusport.fr\/blog\/#\/schema\/person\/cce96fa88785bd8573e3d43078ac8c79\",\"name\":\"Arlette Yeye\",\"image\":{\"@type\":\"ImageObject\",\"inLanguage\":\"fr-FR\",\"@id\":\"https:\/\/dicodusport.fr\/blog\/#\/schema\/person\/image\/\",\"url\":\"https:\/\/secure.gravatar.com\/avatar\/dca4a6239e6d708e46c45d60e160de6c?s=96&d=wp_user_avatar&r=g\",\"contentUrl\":\"https:\/\/secure.gravatar.com\/avatar\/dca4a6239e6d708e46c45d60e160de6c?s=96&d=wp_user_avatar&r=g\",\"caption\":\"Arlette Yeye\"},\"description\":\"Journaliste\/r\u00e9dactrice depuis septembre 2015 - Supportrice de Chelsea, j'ai pour sports de pr\u00e9dilection le handball, l'athl\u00e9tisme et le tennis. Si je tweete plus vite que mon ombre, vous pouvez aussi me retrouver les week-ends sur les playgrounds de Bruxelles pour un petit foot ou basket entre potes. Parcourir la France, l'Europe et plus si affinit\u00e9s pour suivre mes sportifs pr\u00e9f\u00e9r\u00e9s ? Mon kif ! Et c'est avec plaisir que je partage les r\u00e9sultats des sports populaires mais \u00e9galement plus confidentiels pour Dicodusport.\",\"sameAs\":[\"https:\/\/x.com\/https:\/\/twitter.com\/Shiclette94\"],\"url\":\"https:\/\/dicodusport.fr\/blog\/author\/arlette\/\"}]}<\/script>\n<!-- \/ Yoast SEO Premium plugin. -->","yoast_head_json":{"title":"Programme et r\u00e9sultats Championnats de France hivernaux des lancers 2024 - Dicodusport","description":"Les Championnats de France hivernaux des lancers ont lieu du 23 au 25 f\u00e9vrier. Voici le programme et les r\u00e9sultats de la comp\u00e9tition.","robots":{"index":"index","follow":"follow","max-snippet":"max-snippet:-1","max-image-preview":"max-image-preview:large","max-video-preview":"max-video-preview:-1"},"canonical":"https:\/\/dicodusport.fr\/blog\/programme-et-resultats-championnats-de-france-hivernaux-des-lancers-2024\/","og_locale":"fr_FR","og_type":"article","og_title":"Programme et r\u00e9sultats Championnats de France hivernaux des lancers 2024","og_description":"Les Championnats de France hivernaux des lancers ont lieu du 23 au 25 f\u00e9vrier. Voici le programme et les r\u00e9sultats de la comp\u00e9tition.","og_url":"https:\/\/dicodusport.fr\/blog\/programme-et-resultats-championnats-de-france-hivernaux-des-lancers-2024\/","og_site_name":"Dicodusport","article_publisher":"https:\/\/www.facebook.com\/dicodusport","article_published_time":"2024-02-25T14:31:15+00:00","article_modified_time":"2024-03-09T19:08:48+00:00","og_image":[{"width":1024,"height":575,"url":"https:\/\/dicodusport.fr\/blog\/wp-content\/uploads\/2024\/02\/Programme-et-resultats-Championnats-de-France-hivernaux-des-lancers-2024-1024x575.png","type":"image\/png"}],"author":"Arlette Yeye","twitter_card":"summary_large_image","twitter_title":"Programme et r\u00e9sultats Championnats de France hivernaux des lancers 2024","twitter_creator":"@https:\/\/twitter.com\/Shiclette94","twitter_site":"@dicodusport","schema":{"@context":"https:\/\/schema.org","@graph":[{"@type":"NewsArticle","@id":"https:\/\/dicodusport.fr\/blog\/programme-et-resultats-championnats-de-france-hivernaux-des-lancers-2024\/#article","isPartOf":{"@id":"https:\/\/dicodusport.fr\/blog\/programme-et-resultats-championnats-de-france-hivernaux-des-lancers-2024\/"},"author":{"name":"Arlette Yeye","@id":"https:\/\/dicodusport.fr\/blog\/#\/schema\/person\/cce96fa88785bd8573e3d43078ac8c79"},"headline":"Programme et r\u00e9sultats Championnats de France hivernaux des lancers 2024","datePublished":"2024-02-25T14:31:15+00:00","dateModified":"2024-03-09T19:08:48+00:00","mainEntityOfPage":{"@id":"https:\/\/dicodusport.fr\/blog\/programme-et-resultats-championnats-de-france-hivernaux-des-lancers-2024\/"},"wordCount":1107,"commentCount":0,"publisher":{"@id":"https:\/\/dicodusport.fr\/blog\/#organization"},"image":{"@id":"https:\/\/dicodusport.fr\/blog\/programme-et-resultats-championnats-de-france-hivernaux-des-lancers-2024\/#primaryimage"},"thumbnailUrl":"https:\/\/dicodusport.fr\/blog\/wp-content\/uploads\/2024\/02\/Programme-et-resultats-Championnats-de-France-hivernaux-des-lancers-2024.png","keywords":["Athl\u00e9tisme","br\u00e8ve"],"articleSection":["Athl\u00e9tisme"],"inLanguage":"fr-FR","potentialAction":[{"@type":"CommentAction","name":"Comment","target":["https:\/\/dicodusport.fr\/blog\/programme-et-resultats-championnats-de-france-hivernaux-des-lancers-2024\/#respond"]}],"copyrightYear":"2024","copyrightHolder":{"@id":"https:\/\/dicodusport.fr\/blog\/#organization"}},{"@type":"WebPage","@id":"https:\/\/dicodusport.fr\/blog\/programme-et-resultats-championnats-de-france-hivernaux-des-lancers-2024\/","url":"https:\/\/dicodusport.fr\/blog\/programme-et-resultats-championnats-de-france-hivernaux-des-lancers-2024\/","name":"Programme et r\u00e9sultats Championnats de France hivernaux des lancers 2024 - Dicodusport","isPartOf":{"@id":"https:\/\/dicodusport.fr\/blog\/#website"},"primaryImageOfPage":{"@id":"https:\/\/dicodusport.fr\/blog\/programme-et-resultats-championnats-de-france-hivernaux-des-lancers-2024\/#primaryimage"},"image":{"@id":"https:\/\/dicodusport.fr\/blog\/programme-et-resultats-championnats-de-france-hivernaux-des-lancers-2024\/#primaryimage"},"thumbnailUrl":"https:\/\/dicodusport.fr\/blog\/wp-content\/uploads\/2024\/02\/Programme-et-resultats-Championnats-de-France-hivernaux-des-lancers-2024.png","datePublished":"2024-02-25T14:31:15+00:00","dateModified":"2024-03-09T19:08:48+00:00","description":"Les Championnats de France hivernaux des lancers ont lieu du 23 au 25 f\u00e9vrier. Voici le programme et les r\u00e9sultats de la comp\u00e9tition.","breadcrumb":{"@id":"https:\/\/dicodusport.fr\/blog\/programme-et-resultats-championnats-de-france-hivernaux-des-lancers-2024\/#breadcrumb"},"inLanguage":"fr-FR","potentialAction":[{"@type":"ReadAction","target":["https:\/\/dicodusport.fr\/blog\/programme-et-resultats-championnats-de-france-hivernaux-des-lancers-2024\/"]}]},{"@type":"ImageObject","inLanguage":"fr-FR","@id":"https:\/\/dicodusport.fr\/blog\/programme-et-resultats-championnats-de-france-hivernaux-des-lancers-2024\/#primaryimage","url":"https:\/\/dicodusport.fr\/blog\/wp-content\/uploads\/2024\/02\/Programme-et-resultats-Championnats-de-France-hivernaux-des-lancers-2024.png","contentUrl":"https:\/\/dicodusport.fr\/blog\/wp-content\/uploads\/2024\/02\/Programme-et-resultats-Championnats-de-France-hivernaux-des-lancers-2024.png","width":1200,"height":674,"caption":"Programme et r\u00e9sultats Championnats de France hivernaux des lancers 2024"},{"@type":"BreadcrumbList","@id":"https:\/\/dicodusport.fr\/blog\/programme-et-resultats-championnats-de-france-hivernaux-des-lancers-2024\/#breadcrumb","itemListElement":[{"@type":"ListItem","position":1,"name":"Accueil","item":"https:\/\/dicodusport.fr\/blog\/"},{"@type":"ListItem","position":2,"name":"Programme et r\u00e9sultats Championnats de France hivernaux des lancers 2024"}]},{"@type":"WebSite","@id":"https:\/\/dicodusport.fr\/blog\/#website","url":"https:\/\/dicodusport.fr\/blog\/","name":"Dicodusport","description":"L&#039;encyclop\u00e9die de l&#039;actualit\u00e9 sportive","publisher":{"@id":"https:\/\/dicodusport.fr\/blog\/#organization"},"potentialAction":[{"@type":"SearchAction","target":{"@type":"EntryPoint","urlTemplate":"https:\/\/dicodusport.fr\/blog\/?s={search_term_string}"},"query-input":{"@type":"PropertyValueSpecification","valueRequired":true,"valueName":"search_term_string"}}],"inLanguage":"fr-FR"},{"@type":"NewsMediaOrganization","@id":"https:\/\/dicodusport.fr\/blog\/#organization","name":"Dicodusport","url":"https:\/\/dicodusport.fr\/blog\/","logo":{"@type":"ImageObject","inLanguage":"fr-FR","@id":"https:\/\/dicodusport.fr\/blog\/#\/schema\/logo\/image\/","url":"https:\/\/dicodusport.fr\/blog\/wp-content\/uploads\/2020\/06\/cropped-LOGO-DICODUSPORT-2020-SANS-FOND-SANS-TEXTE.png","contentUrl":"https:\/\/dicodusport.fr\/blog\/wp-content\/uploads\/2020\/06\/cropped-LOGO-DICODUSPORT-2020-SANS-FOND-SANS-TEXTE.png","width":512,"height":512,"caption":"Dicodusport"},"image":{"@id":"https:\/\/dicodusport.fr\/blog\/#\/schema\/logo\/image\/"},"sameAs":["https:\/\/www.facebook.com\/dicodusport","https:\/\/x.com\/dicodusport","https:\/\/www.instagram.com\/dicodusport\/","https:\/\/www.youtube.com\/channel\/UC7V2KZ5sd3htJivAbA4ZG3w"],"description":"Dicodusport est l'encyclop\u00e9die de l'actualit\u00e9 sportive.","email":"bonjour@dicodusport.fr","legalName":"DICODUSPORT","foundingDate":"2018-01-14","vatID":"FR71834470973","taxID":"83447097300043","numberOfEmployees":{"@type":"QuantitativeValue","minValue":"1","maxValue":"10"}},{"@type":"Person","@id":"https:\/\/dicodusport.fr\/blog\/#\/schema\/person\/cce96fa88785bd8573e3d43078ac8c79","name":"Arlette Yeye","image":{"@type":"ImageObject","inLanguage":"fr-FR","@id":"https:\/\/dicodusport.fr\/blog\/#\/schema\/person\/image\/","url":"https:\/\/secure.gravatar.com\/avatar\/dca4a6239e6d708e46c45d60e160de6c?s=96&d=wp_user_avatar&r=g","contentUrl":"https:\/\/secure.gravatar.com\/avatar\/dca4a6239e6d708e46c45d60e160de6c?s=96&d=wp_user_avatar&r=g","caption":"Arlette Yeye"},"description":"Journaliste\/r\u00e9dactrice depuis septembre 2015 - Supportrice de Chelsea, j'ai pour sports de pr\u00e9dilection le handball, l'athl\u00e9tisme et le tennis. Si je tweete plus vite que mon ombre, vous pouvez aussi me retrouver les week-ends sur les playgrounds de Bruxelles pour un petit foot ou basket entre potes. Parcourir la France, l'Europe et plus si affinit\u00e9s pour suivre mes sportifs pr\u00e9f\u00e9r\u00e9s ? Mon kif ! Et c'est avec plaisir que je partage les r\u00e9sultats des sports populaires mais \u00e9galement plus confidentiels pour Dicodusport.","sameAs":["https:\/\/x.com\/https:\/\/twitter.com\/Shiclette94"],"url":"https:\/\/dicodusport.fr\/blog\/author\/arlette\/"}]}},"_links":{"self":[{"href":"https:\/\/dicodusport.fr\/blog\/wp-json\/wp\/v2\/posts\/462622","targetHints":{"allow":["GET"]}}],"collection":[{"href":"https:\/\/dicodusport.fr\/blog\/wp-json\/wp\/v2\/posts"}],"about":[{"href":"https:\/\/dicodusport.fr\/blog\/wp-json\/wp\/v2\/types\/post"}],"author":[{"embeddable":true,"href":"https:\/\/dicodusport.fr\/blog\/wp-json\/wp\/v2\/users\/12"}],"replies":[{"embeddable":true,"href":"https:\/\/dicodusport.fr\/blog\/wp-json\/wp\/v2\/comments?post=462622"}],"version-history":[{"count":5,"href":"https:\/\/dicodusport.fr\/blog\/wp-json\/wp\/v2\/posts\/462622\/revisions"}],"predecessor-version":[{"id":470841,"href":"https:\/\/dicodusport.fr\/blog\/wp-json\/wp\/v2\/posts\/462622\/revisions\/470841"}],"wp:featuredmedia":[{"embeddable":true,"href":"https:\/\/dicodusport.fr\/blog\/wp-json\/wp\/v2\/media\/464528"}],"wp:attachment":[{"href":"https:\/\/dicodusport.fr\/blog\/wp-json\/wp\/v2\/media?parent=462622"}],"wp:term":[{"taxonomy":"category","embeddable":true,"href":"https:\/\/dicodusport.fr\/blog\/wp-json\/wp\/v2\/categories?post=462622"},{"taxonomy":"post_tag","embeddable":true,"href":"https:\/\/dicodusport.fr\/blog\/wp-json\/wp\/v2\/tags?post=462622"}],"curies":[{"name":"wp","href":"https:\/\/api.w.org\/{rel}","templated":true}]}}