{"id":462838,"date":"2024-02-13T10:28:23","date_gmt":"2024-02-13T09:28:23","guid":{"rendered":"https:\/\/dicodusport.fr\/blog\/?p=462838&#038;preview=true&#038;preview_id=462838"},"modified":"2024-02-13T10:28:23","modified_gmt":"2024-02-13T09:28:23","slug":"soudal-quick-step-la-jeunesse-au-pouvoir","status":"publish","type":"post","link":"https:\/\/dicodusport.fr\/blog\/soudal-quick-step-la-jeunesse-au-pouvoir\/","title":{"rendered":"Soudal Quick-Step : La jeunesse au pouvoir"},"content":{"rendered":"<p style=\"text-align: justify;\"><strong><em>CYCLISME SUR ROUTE 2024 &#8211; Depuis le d\u00e9but de saison, les n\u00e9o-pros de la Soudal Quick-Step sont sur tous les fronts et impressionnent. Retour sur leurs performances et sur un choix d&rsquo;ores et d\u00e9j\u00e0 payant pour l&rsquo;\u00e9quipe belge.<\/em><\/strong><\/p>\n<p style=\"text-align: justify;\">On attendait beaucoup de certains coureurs recrut\u00e9s par la <strong>Soudal Quick-Step<\/strong> cet hiver. Et le moins qu&rsquo;on puisse dire est qu&rsquo;ils n&rsquo;ont pas tra\u00een\u00e9 pour briller dans les rangs professionnels. Ainsi, l&rsquo;Am\u00e9ricain <strong>Luke Lamperti<\/strong> (21 ans) a tr\u00e8s vite confirm\u00e9 les espoirs plac\u00e9s en lui. S&rsquo;il n&rsquo;a pas encore lev\u00e9 les bras cette ann\u00e9e, l&rsquo;Am\u00e9ricain s&rsquo;est d\u00e9j\u00e0 montr\u00e9 tr\u00e8s r\u00e9gulier depuis janvier. Il a termin\u00e9 troisi\u00e8me sur le <strong>Trofeo Ses Salines-Felanitx<\/strong> avant de briller \u00e0 Oman depuis une semaine, avec notamment deux deuxi\u00e8mes places sur les routes du <strong>Tour d&rsquo;Oman<\/strong>. Il a notamment bluff\u00e9 les suiveurs sur l&rsquo;\u00e9tape 2 dans une arriv\u00e9e pour puncheurs (1,3 km \u00e0 8%).<\/p>\n<h2 style=\"text-align: justify;\">Lamperti et Lecerf confirment, Magnier surprend<\/h2>\n<p style=\"text-align: justify;\">De son c\u00f4t\u00e9, <strong>William Junior Lecerf<\/strong> (21 ans) n&rsquo;a pas d\u00e9\u00e7u non plus. Le Belge, cinqui\u00e8me du <strong>Tour de l&rsquo;Avenir<\/strong> et vainqueur du <strong>Piccolo Lombardia<\/strong> chez les Espoirs en 2023, a tout de suite montr\u00e9 ses capacit\u00e9s de grimpeur sur le <strong>AlUla Tour<\/strong>, tout d\u00e9but f\u00e9vrier. Omnipr\u00e9sent, <a href=\"https:\/\/dicodusport.fr\/blog\/alula-tour-2024-classement-general\/\">il a m\u00eame termin\u00e9 deuxi\u00e8me du classement g\u00e9n\u00e9ral<\/a> derri\u00e8re <strong>Simon Yates<\/strong>.<\/p>\n<p style=\"text-align: justify;\">Et que dire de la grosse surprise de ce d\u00e9but de saison, le Fran\u00e7ais <strong>Paul Magnier <\/strong>(19 ans). Lui aussi transfuge de <strong>Trinity Racing<\/strong>, comme <strong>Lamperti<\/strong>, il a d\u00e9j\u00e0 lev\u00e9 les bras deux fois cette ann\u00e9e sur des sprints massifs. Sur <a href=\"https:\/\/dicodusport.fr\/blog\/trofeo-ses-salines-felanitx-2024-le-francais-paul-magnier-simpose\/\">le <strong>Trofeo Ses Salines-Felanitx<\/strong><\/a> d&rsquo;abord, puis <a href=\"https:\/\/dicodusport.fr\/blog\/tour-doman-2024-paul-magnier-gagne-la-troisieme-etape\/\">sur la troisi\u00e8me \u00e9tape du <strong>Tour d&rsquo;Oman<\/strong><\/a>. Il \u00e9tait sans doute le moins attendu \u00e0 ce niveau, mais il semble qu&rsquo;il faudra compter avec lui dans les ann\u00e9es \u00e0 venir dans les sprints.<\/p>\n<blockquote class=\"twitter-tweet\">\n<p dir=\"ltr\" lang=\"fr\">Pour son 7e jour de course avec Soudal-QuickStep, Paul Magnier (19 ans) a d\u00e9j\u00e0 obtenu son deuxi\u00e8me bouquet, sur la 3e \u00e9tape du <a href=\"https:\/\/twitter.com\/hashtag\/TourofOman?src=hash&amp;ref_src=twsrc%5Etfw\">#TourofOman<\/a>. Comme \u00e0 Majorque en janvier, le Fran\u00e7ais brille en compagnie de son co\u00e9quipier am\u00e9ricain Luke Lamperti (21 ans).<a href=\"https:\/\/t.co\/sMIR03zrAo\">pic.twitter.com\/sMIR03zrAo<\/a><\/p>\n<p>\u2014 Le Gruppetto (@LeGruppetto) <a href=\"https:\/\/twitter.com\/LeGruppetto\/status\/1756957791862870402?ref_src=twsrc%5Etfw\">https:\/\/dicodusport.fr\/blog\/tour-doman-2024-paul-magnier-gagne-la-troisieme-etape\/February 12, 2024<\/a><\/p><\/blockquote>\n<p><script async src=\"https:\/\/platform.twitter.com\/widgets.js\" charset=\"utf-8\"><\/script><\/p>\n<h2 style=\"text-align: justify;\">Prime \u00e0 la jeunesse \u00e0 la Soudal Quick-Step<\/h2>\n<p style=\"text-align: justify;\">Les choix de l&rsquo;\u00e9quipe belge en termes de recrutement impressionnent. Exit <strong>Fabio Jakobsen<\/strong>, pourtant grand nom du sprint, pour laisser place \u00e0 <strong>Magnier<\/strong> et <strong>Lamperti<\/strong>. Voil\u00e0 qui pouvait paraitre particuli\u00e8rement os\u00e9. Toutefois, depuis le d\u00e9but de l&rsquo;\u00e8re <strong>Remco Evenepoel<\/strong>, <strong>Patrick Lefevere<\/strong> semble prendre un malin plaisir \u00e0 partir \u00e0 la chasse aux talents. L&rsquo;\u00e9closion d&rsquo;<strong>Ilan Van Wilder<\/strong> va aussi en ce sens. Cela pourrait cr\u00e9er une \u00e9mulation dans l&rsquo;\u00e9quipe et voir d&rsquo;autres talents \u00e9merger. On pense par exemple \u00e0 <strong>Gil Gelders<\/strong> (21 ans) et \u00e0 <strong>Antoine Huby <\/strong>(23 ans), dont les qualit\u00e9s de grimpeur ne demandent qu&rsquo;\u00e0 \u00eatre confirm\u00e9es.<\/p>\n<p>&nbsp;<\/p>\n","protected":false},"excerpt":{"rendered":"<p>CYCLISME SUR ROUTE 2024 &#8211; Depuis le d\u00e9but de saison, les n\u00e9o-pros de la Soudal Quick-Step sont sur tous les fronts et impressionnent.<\/p>\n","protected":false},"author":92,"featured_media":462883,"comment_status":"open","ping_status":"closed","sticky":false,"template":"","format":"standard","meta":{"_acf_changed":false,"_daextam_enable_autolinks":"1","footnotes":""},"categories":[46994],"tags":[16878,31645,8420,28868],"class_list":["post-462838","post","type-post","status-publish","format-standard","has-post-thumbnail","hentry","category-cyclisme-sur-route","tag-breve","tag-paul-magnier","tag-remco-evenepoel","tag-soudal-quick-step"],"acf":[],"yoast_head":"<!-- This site is optimized with the Yoast SEO Premium plugin v26.7 (Yoast SEO v26.7) - https:\/\/yoast.com\/wordpress\/plugins\/seo\/ -->\n<title>Soudal Quick-Step : La jeunesse au pouvoir<\/title>\n<meta name=\"description\" content=\"CYCLISME SUR ROUTE 2024 - Depuis le d\u00e9but de saison, les n\u00e9o-pros de la Soudal Quick-Step sont sur tous les fronts et impressionnent.\" \/>\n<meta name=\"robots\" content=\"index, follow, max-snippet:-1, max-image-preview:large, max-video-preview:-1\" \/>\n<link rel=\"canonical\" href=\"https:\/\/dicodusport.fr\/blog\/soudal-quick-step-la-jeunesse-au-pouvoir\/\" \/>\n<meta property=\"og:locale\" content=\"fr_FR\" \/>\n<meta property=\"og:type\" content=\"article\" \/>\n<meta property=\"og:title\" content=\"Soudal Quick-Step : La jeunesse au pouvoir\" \/>\n<meta property=\"og:description\" content=\"CYCLISME SUR ROUTE 2024 - Depuis le d\u00e9but de saison, les n\u00e9o-pros de la Soudal Quick-Step sont sur tous les fronts et impressionnent.\" \/>\n<meta property=\"og:url\" content=\"https:\/\/dicodusport.fr\/blog\/soudal-quick-step-la-jeunesse-au-pouvoir\/\" \/>\n<meta property=\"og:site_name\" content=\"Dicodusport\" \/>\n<meta property=\"article:publisher\" content=\"https:\/\/www.facebook.com\/dicodusport\" \/>\n<meta property=\"article:published_time\" content=\"2024-02-13T09:28:23+00:00\" \/>\n<meta property=\"og:image\" content=\"https:\/\/dicodusport.fr\/blog\/wp-content\/uploads\/2024\/02\/Soudal-Quick-Step-La-jeunesse-au-pouvoir.png\" \/>\n\t<meta property=\"og:image:width\" content=\"1200\" \/>\n\t<meta property=\"og:image:height\" content=\"674\" \/>\n\t<meta property=\"og:image:type\" content=\"image\/png\" \/>\n<meta name=\"author\" content=\"Olivier Dobiezynski\" \/>\n<meta name=\"twitter:card\" content=\"summary_large_image\" \/>\n<meta name=\"twitter:title\" content=\"Soudal Quick-Step : La jeunesse au pouvoir\" \/>\n<meta name=\"twitter:creator\" content=\"@https:\/\/x.com\/Olivier_Matros\" \/>\n<meta name=\"twitter:site\" content=\"@dicodusport\" \/>\n<script type=\"application\/ld+json\" class=\"yoast-schema-graph\">{\"@context\":\"https:\/\/schema.org\",\"@graph\":[{\"@type\":\"NewsArticle\",\"@id\":\"https:\/\/dicodusport.fr\/blog\/soudal-quick-step-la-jeunesse-au-pouvoir\/#article\",\"isPartOf\":{\"@id\":\"https:\/\/dicodusport.fr\/blog\/soudal-quick-step-la-jeunesse-au-pouvoir\/\"},\"author\":{\"name\":\"Olivier Dobiezynski\",\"@id\":\"https:\/\/dicodusport.fr\/blog\/#\/schema\/person\/fe500246414ca17ddf0c0312d7a792cc\"},\"headline\":\"Soudal Quick-Step : La jeunesse au pouvoir\",\"datePublished\":\"2024-02-13T09:28:23+00:00\",\"mainEntityOfPage\":{\"@id\":\"https:\/\/dicodusport.fr\/blog\/soudal-quick-step-la-jeunesse-au-pouvoir\/\"},\"wordCount\":504,\"commentCount\":0,\"publisher\":{\"@id\":\"https:\/\/dicodusport.fr\/blog\/#organization\"},\"image\":{\"@id\":\"https:\/\/dicodusport.fr\/blog\/soudal-quick-step-la-jeunesse-au-pouvoir\/#primaryimage\"},\"thumbnailUrl\":\"https:\/\/dicodusport.fr\/blog\/wp-content\/uploads\/2024\/02\/Soudal-Quick-Step-La-jeunesse-au-pouvoir.png\",\"keywords\":[\"br\u00e8ve\",\"Paul Magnier\",\"Remco Evenepoel\",\"Soudal Quick-Step\"],\"articleSection\":[\"Cyclisme sur route\"],\"inLanguage\":\"fr-FR\",\"potentialAction\":[{\"@type\":\"CommentAction\",\"name\":\"Comment\",\"target\":[\"https:\/\/dicodusport.fr\/blog\/soudal-quick-step-la-jeunesse-au-pouvoir\/#respond\"]}],\"copyrightYear\":\"2024\",\"copyrightHolder\":{\"@id\":\"https:\/\/dicodusport.fr\/blog\/#organization\"}},{\"@type\":\"WebPage\",\"@id\":\"https:\/\/dicodusport.fr\/blog\/soudal-quick-step-la-jeunesse-au-pouvoir\/\",\"url\":\"https:\/\/dicodusport.fr\/blog\/soudal-quick-step-la-jeunesse-au-pouvoir\/\",\"name\":\"Soudal Quick-Step : La jeunesse au pouvoir\",\"isPartOf\":{\"@id\":\"https:\/\/dicodusport.fr\/blog\/#website\"},\"primaryImageOfPage\":{\"@id\":\"https:\/\/dicodusport.fr\/blog\/soudal-quick-step-la-jeunesse-au-pouvoir\/#primaryimage\"},\"image\":{\"@id\":\"https:\/\/dicodusport.fr\/blog\/soudal-quick-step-la-jeunesse-au-pouvoir\/#primaryimage\"},\"thumbnailUrl\":\"https:\/\/dicodusport.fr\/blog\/wp-content\/uploads\/2024\/02\/Soudal-Quick-Step-La-jeunesse-au-pouvoir.png\",\"datePublished\":\"2024-02-13T09:28:23+00:00\",\"description\":\"CYCLISME SUR ROUTE 2024 - Depuis le d\u00e9but de saison, les n\u00e9o-pros de la Soudal Quick-Step sont sur tous les fronts et impressionnent.\",\"breadcrumb\":{\"@id\":\"https:\/\/dicodusport.fr\/blog\/soudal-quick-step-la-jeunesse-au-pouvoir\/#breadcrumb\"},\"inLanguage\":\"fr-FR\",\"potentialAction\":[{\"@type\":\"ReadAction\",\"target\":[\"https:\/\/dicodusport.fr\/blog\/soudal-quick-step-la-jeunesse-au-pouvoir\/\"]}]},{\"@type\":\"ImageObject\",\"inLanguage\":\"fr-FR\",\"@id\":\"https:\/\/dicodusport.fr\/blog\/soudal-quick-step-la-jeunesse-au-pouvoir\/#primaryimage\",\"url\":\"https:\/\/dicodusport.fr\/blog\/wp-content\/uploads\/2024\/02\/Soudal-Quick-Step-La-jeunesse-au-pouvoir.png\",\"contentUrl\":\"https:\/\/dicodusport.fr\/blog\/wp-content\/uploads\/2024\/02\/Soudal-Quick-Step-La-jeunesse-au-pouvoir.png\",\"width\":1200,\"height\":674,\"caption\":\"Soudal Quick-Step La jeunesse au pouvoir\"},{\"@type\":\"BreadcrumbList\",\"@id\":\"https:\/\/dicodusport.fr\/blog\/soudal-quick-step-la-jeunesse-au-pouvoir\/#breadcrumb\",\"itemListElement\":[{\"@type\":\"ListItem\",\"position\":1,\"name\":\"Accueil\",\"item\":\"https:\/\/dicodusport.fr\/blog\/\"},{\"@type\":\"ListItem\",\"position\":2,\"name\":\"Soudal Quick-Step : La jeunesse au pouvoir\"}]},{\"@type\":\"WebSite\",\"@id\":\"https:\/\/dicodusport.fr\/blog\/#website\",\"url\":\"https:\/\/dicodusport.fr\/blog\/\",\"name\":\"Dicodusport\",\"description\":\"L&#039;encyclop\u00e9die de l&#039;actualit\u00e9 sportive\",\"publisher\":{\"@id\":\"https:\/\/dicodusport.fr\/blog\/#organization\"},\"potentialAction\":[{\"@type\":\"SearchAction\",\"target\":{\"@type\":\"EntryPoint\",\"urlTemplate\":\"https:\/\/dicodusport.fr\/blog\/?s={search_term_string}\"},\"query-input\":{\"@type\":\"PropertyValueSpecification\",\"valueRequired\":true,\"valueName\":\"search_term_string\"}}],\"inLanguage\":\"fr-FR\"},{\"@type\":\"NewsMediaOrganization\",\"@id\":\"https:\/\/dicodusport.fr\/blog\/#organization\",\"name\":\"Dicodusport\",\"url\":\"https:\/\/dicodusport.fr\/blog\/\",\"logo\":{\"@type\":\"ImageObject\",\"inLanguage\":\"fr-FR\",\"@id\":\"https:\/\/dicodusport.fr\/blog\/#\/schema\/logo\/image\/\",\"url\":\"https:\/\/dicodusport.fr\/blog\/wp-content\/uploads\/2020\/06\/cropped-LOGO-DICODUSPORT-2020-SANS-FOND-SANS-TEXTE.png\",\"contentUrl\":\"https:\/\/dicodusport.fr\/blog\/wp-content\/uploads\/2020\/06\/cropped-LOGO-DICODUSPORT-2020-SANS-FOND-SANS-TEXTE.png\",\"width\":512,\"height\":512,\"caption\":\"Dicodusport\"},\"image\":{\"@id\":\"https:\/\/dicodusport.fr\/blog\/#\/schema\/logo\/image\/\"},\"sameAs\":[\"https:\/\/www.facebook.com\/dicodusport\",\"https:\/\/x.com\/dicodusport\",\"https:\/\/www.instagram.com\/dicodusport\/\",\"https:\/\/www.youtube.com\/channel\/UC7V2KZ5sd3htJivAbA4ZG3w\"],\"description\":\"Dicodusport est l'encyclop\u00e9die de l'actualit\u00e9 sportive.\",\"email\":\"bonjour@dicodusport.fr\",\"legalName\":\"DICODUSPORT\",\"foundingDate\":\"2018-01-14\",\"vatID\":\"FR71834470973\",\"taxID\":\"83447097300043\",\"numberOfEmployees\":{\"@type\":\"QuantitativeValue\",\"minValue\":\"1\",\"maxValue\":\"10\"}},{\"@type\":\"Person\",\"@id\":\"https:\/\/dicodusport.fr\/blog\/#\/schema\/person\/fe500246414ca17ddf0c0312d7a792cc\",\"name\":\"Olivier Dobiezynski\",\"image\":{\"@type\":\"ImageObject\",\"inLanguage\":\"fr-FR\",\"@id\":\"https:\/\/dicodusport.fr\/blog\/#\/schema\/person\/image\/\",\"url\":\"https:\/\/dicodusport.fr\/blog\/wp-content\/uploads\/2024\/09\/5be8fe8d-9962-4f1e-ad06-d6f9dee30e6d-150x150.jpg\",\"contentUrl\":\"https:\/\/dicodusport.fr\/blog\/wp-content\/uploads\/2024\/09\/5be8fe8d-9962-4f1e-ad06-d6f9dee30e6d-150x150.jpg\",\"caption\":\"Olivier Dobiezynski\"},\"description\":\"Depuis le milieu des ann\u00e9es 90, la passion du cyclisme m'anime. Mes h\u00e9ros s'appellent Luc Leblanc, Piotr Ugrumov, Paolo Savoldelli, Peter Sagan et bien \u00e9videmment Romain Bardet. R\u00e9dacteur depuis 2023, je suis ici pour partager cet amour de la Petite Reine. Vous pourrez me lire \u00e9galement sur du trail, du ski de fond et tout autre sujet susceptible d'\u00e9veiller ma curiosit\u00e9 sportive.\",\"sameAs\":[\"https:\/\/x.com\/https:\/\/x.com\/Olivier_Matros\"],\"url\":\"https:\/\/dicodusport.fr\/blog\/author\/olivier-gh\/\"}]}<\/script>\n<!-- \/ Yoast SEO Premium plugin. -->","yoast_head_json":{"title":"Soudal Quick-Step : La jeunesse au pouvoir","description":"CYCLISME SUR ROUTE 2024 - Depuis le d\u00e9but de saison, les n\u00e9o-pros de la Soudal Quick-Step sont sur tous les fronts et impressionnent.","robots":{"index":"index","follow":"follow","max-snippet":"max-snippet:-1","max-image-preview":"max-image-preview:large","max-video-preview":"max-video-preview:-1"},"canonical":"https:\/\/dicodusport.fr\/blog\/soudal-quick-step-la-jeunesse-au-pouvoir\/","og_locale":"fr_FR","og_type":"article","og_title":"Soudal Quick-Step : La jeunesse au pouvoir","og_description":"CYCLISME SUR ROUTE 2024 - Depuis le d\u00e9but de saison, les n\u00e9o-pros de la Soudal Quick-Step sont sur tous les fronts et impressionnent.","og_url":"https:\/\/dicodusport.fr\/blog\/soudal-quick-step-la-jeunesse-au-pouvoir\/","og_site_name":"Dicodusport","article_publisher":"https:\/\/www.facebook.com\/dicodusport","article_published_time":"2024-02-13T09:28:23+00:00","og_image":[{"width":1200,"height":674,"url":"https:\/\/dicodusport.fr\/blog\/wp-content\/uploads\/2024\/02\/Soudal-Quick-Step-La-jeunesse-au-pouvoir.png","type":"image\/png"}],"author":"Olivier Dobiezynski","twitter_card":"summary_large_image","twitter_title":"Soudal Quick-Step : La jeunesse au pouvoir","twitter_creator":"@https:\/\/x.com\/Olivier_Matros","twitter_site":"@dicodusport","schema":{"@context":"https:\/\/schema.org","@graph":[{"@type":"NewsArticle","@id":"https:\/\/dicodusport.fr\/blog\/soudal-quick-step-la-jeunesse-au-pouvoir\/#article","isPartOf":{"@id":"https:\/\/dicodusport.fr\/blog\/soudal-quick-step-la-jeunesse-au-pouvoir\/"},"author":{"name":"Olivier Dobiezynski","@id":"https:\/\/dicodusport.fr\/blog\/#\/schema\/person\/fe500246414ca17ddf0c0312d7a792cc"},"headline":"Soudal Quick-Step : La jeunesse au pouvoir","datePublished":"2024-02-13T09:28:23+00:00","mainEntityOfPage":{"@id":"https:\/\/dicodusport.fr\/blog\/soudal-quick-step-la-jeunesse-au-pouvoir\/"},"wordCount":504,"commentCount":0,"publisher":{"@id":"https:\/\/dicodusport.fr\/blog\/#organization"},"image":{"@id":"https:\/\/dicodusport.fr\/blog\/soudal-quick-step-la-jeunesse-au-pouvoir\/#primaryimage"},"thumbnailUrl":"https:\/\/dicodusport.fr\/blog\/wp-content\/uploads\/2024\/02\/Soudal-Quick-Step-La-jeunesse-au-pouvoir.png","keywords":["br\u00e8ve","Paul Magnier","Remco Evenepoel","Soudal Quick-Step"],"articleSection":["Cyclisme sur route"],"inLanguage":"fr-FR","potentialAction":[{"@type":"CommentAction","name":"Comment","target":["https:\/\/dicodusport.fr\/blog\/soudal-quick-step-la-jeunesse-au-pouvoir\/#respond"]}],"copyrightYear":"2024","copyrightHolder":{"@id":"https:\/\/dicodusport.fr\/blog\/#organization"}},{"@type":"WebPage","@id":"https:\/\/dicodusport.fr\/blog\/soudal-quick-step-la-jeunesse-au-pouvoir\/","url":"https:\/\/dicodusport.fr\/blog\/soudal-quick-step-la-jeunesse-au-pouvoir\/","name":"Soudal Quick-Step : La jeunesse au pouvoir","isPartOf":{"@id":"https:\/\/dicodusport.fr\/blog\/#website"},"primaryImageOfPage":{"@id":"https:\/\/dicodusport.fr\/blog\/soudal-quick-step-la-jeunesse-au-pouvoir\/#primaryimage"},"image":{"@id":"https:\/\/dicodusport.fr\/blog\/soudal-quick-step-la-jeunesse-au-pouvoir\/#primaryimage"},"thumbnailUrl":"https:\/\/dicodusport.fr\/blog\/wp-content\/uploads\/2024\/02\/Soudal-Quick-Step-La-jeunesse-au-pouvoir.png","datePublished":"2024-02-13T09:28:23+00:00","description":"CYCLISME SUR ROUTE 2024 - Depuis le d\u00e9but de saison, les n\u00e9o-pros de la Soudal Quick-Step sont sur tous les fronts et impressionnent.","breadcrumb":{"@id":"https:\/\/dicodusport.fr\/blog\/soudal-quick-step-la-jeunesse-au-pouvoir\/#breadcrumb"},"inLanguage":"fr-FR","potentialAction":[{"@type":"ReadAction","target":["https:\/\/dicodusport.fr\/blog\/soudal-quick-step-la-jeunesse-au-pouvoir\/"]}]},{"@type":"ImageObject","inLanguage":"fr-FR","@id":"https:\/\/dicodusport.fr\/blog\/soudal-quick-step-la-jeunesse-au-pouvoir\/#primaryimage","url":"https:\/\/dicodusport.fr\/blog\/wp-content\/uploads\/2024\/02\/Soudal-Quick-Step-La-jeunesse-au-pouvoir.png","contentUrl":"https:\/\/dicodusport.fr\/blog\/wp-content\/uploads\/2024\/02\/Soudal-Quick-Step-La-jeunesse-au-pouvoir.png","width":1200,"height":674,"caption":"Soudal Quick-Step La jeunesse au pouvoir"},{"@type":"BreadcrumbList","@id":"https:\/\/dicodusport.fr\/blog\/soudal-quick-step-la-jeunesse-au-pouvoir\/#breadcrumb","itemListElement":[{"@type":"ListItem","position":1,"name":"Accueil","item":"https:\/\/dicodusport.fr\/blog\/"},{"@type":"ListItem","position":2,"name":"Soudal Quick-Step : La jeunesse au pouvoir"}]},{"@type":"WebSite","@id":"https:\/\/dicodusport.fr\/blog\/#website","url":"https:\/\/dicodusport.fr\/blog\/","name":"Dicodusport","description":"L&#039;encyclop\u00e9die de l&#039;actualit\u00e9 sportive","publisher":{"@id":"https:\/\/dicodusport.fr\/blog\/#organization"},"potentialAction":[{"@type":"SearchAction","target":{"@type":"EntryPoint","urlTemplate":"https:\/\/dicodusport.fr\/blog\/?s={search_term_string}"},"query-input":{"@type":"PropertyValueSpecification","valueRequired":true,"valueName":"search_term_string"}}],"inLanguage":"fr-FR"},{"@type":"NewsMediaOrganization","@id":"https:\/\/dicodusport.fr\/blog\/#organization","name":"Dicodusport","url":"https:\/\/dicodusport.fr\/blog\/","logo":{"@type":"ImageObject","inLanguage":"fr-FR","@id":"https:\/\/dicodusport.fr\/blog\/#\/schema\/logo\/image\/","url":"https:\/\/dicodusport.fr\/blog\/wp-content\/uploads\/2020\/06\/cropped-LOGO-DICODUSPORT-2020-SANS-FOND-SANS-TEXTE.png","contentUrl":"https:\/\/dicodusport.fr\/blog\/wp-content\/uploads\/2020\/06\/cropped-LOGO-DICODUSPORT-2020-SANS-FOND-SANS-TEXTE.png","width":512,"height":512,"caption":"Dicodusport"},"image":{"@id":"https:\/\/dicodusport.fr\/blog\/#\/schema\/logo\/image\/"},"sameAs":["https:\/\/www.facebook.com\/dicodusport","https:\/\/x.com\/dicodusport","https:\/\/www.instagram.com\/dicodusport\/","https:\/\/www.youtube.com\/channel\/UC7V2KZ5sd3htJivAbA4ZG3w"],"description":"Dicodusport est l'encyclop\u00e9die de l'actualit\u00e9 sportive.","email":"bonjour@dicodusport.fr","legalName":"DICODUSPORT","foundingDate":"2018-01-14","vatID":"FR71834470973","taxID":"83447097300043","numberOfEmployees":{"@type":"QuantitativeValue","minValue":"1","maxValue":"10"}},{"@type":"Person","@id":"https:\/\/dicodusport.fr\/blog\/#\/schema\/person\/fe500246414ca17ddf0c0312d7a792cc","name":"Olivier Dobiezynski","image":{"@type":"ImageObject","inLanguage":"fr-FR","@id":"https:\/\/dicodusport.fr\/blog\/#\/schema\/person\/image\/","url":"https:\/\/dicodusport.fr\/blog\/wp-content\/uploads\/2024\/09\/5be8fe8d-9962-4f1e-ad06-d6f9dee30e6d-150x150.jpg","contentUrl":"https:\/\/dicodusport.fr\/blog\/wp-content\/uploads\/2024\/09\/5be8fe8d-9962-4f1e-ad06-d6f9dee30e6d-150x150.jpg","caption":"Olivier Dobiezynski"},"description":"Depuis le milieu des ann\u00e9es 90, la passion du cyclisme m'anime. Mes h\u00e9ros s'appellent Luc Leblanc, Piotr Ugrumov, Paolo Savoldelli, Peter Sagan et bien \u00e9videmment Romain Bardet. R\u00e9dacteur depuis 2023, je suis ici pour partager cet amour de la Petite Reine. Vous pourrez me lire \u00e9galement sur du trail, du ski de fond et tout autre sujet susceptible d'\u00e9veiller ma curiosit\u00e9 sportive.","sameAs":["https:\/\/x.com\/https:\/\/x.com\/Olivier_Matros"],"url":"https:\/\/dicodusport.fr\/blog\/author\/olivier-gh\/"}]}},"_links":{"self":[{"href":"https:\/\/dicodusport.fr\/blog\/wp-json\/wp\/v2\/posts\/462838","targetHints":{"allow":["GET"]}}],"collection":[{"href":"https:\/\/dicodusport.fr\/blog\/wp-json\/wp\/v2\/posts"}],"about":[{"href":"https:\/\/dicodusport.fr\/blog\/wp-json\/wp\/v2\/types\/post"}],"author":[{"embeddable":true,"href":"https:\/\/dicodusport.fr\/blog\/wp-json\/wp\/v2\/users\/92"}],"replies":[{"embeddable":true,"href":"https:\/\/dicodusport.fr\/blog\/wp-json\/wp\/v2\/comments?post=462838"}],"version-history":[{"count":5,"href":"https:\/\/dicodusport.fr\/blog\/wp-json\/wp\/v2\/posts\/462838\/revisions"}],"predecessor-version":[{"id":462886,"href":"https:\/\/dicodusport.fr\/blog\/wp-json\/wp\/v2\/posts\/462838\/revisions\/462886"}],"wp:featuredmedia":[{"embeddable":true,"href":"https:\/\/dicodusport.fr\/blog\/wp-json\/wp\/v2\/media\/462883"}],"wp:attachment":[{"href":"https:\/\/dicodusport.fr\/blog\/wp-json\/wp\/v2\/media?parent=462838"}],"wp:term":[{"taxonomy":"category","embeddable":true,"href":"https:\/\/dicodusport.fr\/blog\/wp-json\/wp\/v2\/categories?post=462838"},{"taxonomy":"post_tag","embeddable":true,"href":"https:\/\/dicodusport.fr\/blog\/wp-json\/wp\/v2\/tags?post=462838"}],"curies":[{"name":"wp","href":"https:\/\/api.w.org\/{rel}","templated":true}]}}