{"id":46287,"date":"2019-08-24T16:10:10","date_gmt":"2019-08-24T14:10:10","guid":{"rendered":"http:\/\/dicodusport.fr\/blog\/?p=46287"},"modified":"2021-10-18T17:08:34","modified_gmt":"2021-10-18T15:08:34","slug":"bleus-les-notes-du-xv-de-france-face-a-l-ecosse","status":"publish","type":"post","link":"https:\/\/dicodusport.fr\/blog\/bleus-les-notes-du-xv-de-france-face-a-l-ecosse\/","title":{"rendered":"Bleus : les notes du XV de France face \u00e0 l\u2019\u00c9cosse"},"content":{"rendered":"<p style=\"text-align: justify;\"><em><strong>Test Match &#8211; Tr\u00e8s brouillon, le XV de France a chut\u00e9 en \u00c9cosse (17-14), dans un match hach\u00e9. Retrouvez les notes des Bleus lors de ce deuxi\u00e8me test.<\/strong><\/em><em><strong><br \/>\n<\/strong><\/em><\/p>\n<h1 style=\"text-align: justify;\">Les avants<\/h1>\n<p style=\"text-align: justify;\"><strong><em>Jefferson Poirot &#8211; 5 : <\/em><\/strong>S&rsquo;il s&rsquo;\u00e9tait montr\u00e9 solide en m\u00eal\u00e9e la semaine pass\u00e9e \u00e0 Nice, le Bordelo-B\u00e9glais a cette fois davantage souffert. Toujours aussi peu en vue dans le jeu courant. \u00c0 son cr\u00e9dit, deux retours importants sur des attaques \u00e9cossaises. <strong>Remplac\u00e9 par Cyril Baille (51&prime;)<\/strong>. Le Toulousain s&rsquo;est rendu disponible, sans grandes avanc\u00e9es.<\/p>\n<p style=\"text-align: justify;\"><strong><em>Guilhem Guirado (CAP) &#8211; 5 : <\/em><\/strong>Le n\u00e9o-Montpelli\u00e9rain a altern\u00e9 le bon et le moins bon \u00e0 Murrayfield. S&rsquo;il se donne toujours autant, il a fait quelques erreurs en d\u00e9fense et a souvent subi \u00e0 l&rsquo;impact. <strong>Remplac\u00e9 par<\/strong> <strong>Camille Chat (51&prime;)<\/strong>. Le Racingman a montr\u00e9 beaucoup d&rsquo;envie avec deux ballons gratt\u00e9s, malgr\u00e9 deux en-avants apr\u00e8s son entr\u00e9e.<strong><em><br \/>\n<\/em><\/strong><\/p>\n<p style=\"text-align: justify;\"><strong><em>Rabah Slimani &#8211; 4,5 : <\/em><\/strong>Plut\u00f4t d\u00e9cevant \u00e0 Nice, le Clermontois n&rsquo;a pas r\u00e9ussi \u00e0 hausser son niveau en \u00c9cosse. Trop discret dans le jeu et sur le reculoir sur ses rares charges, il a en plus \u00e9t\u00e9 mis en difficult\u00e9 en m\u00eal\u00e9e. <strong>Remplac\u00e9 par Emerick Setiano (64&prime;)<\/strong>. Le Toulonnais a apport\u00e9 un suppl\u00e9ment de puissance en fin de match. En vain.<\/p>\n<blockquote class=\"twitter-tweet\">\n<p dir=\"ltr\" lang=\"fr\">Slimani c\u2019est quand m\u00eame absolument z\u00e9ro apport dans le jeu. <a href=\"https:\/\/twitter.com\/hashtag\/ECOFRA?src=hash&amp;ref_src=twsrc%5Etfw\">#ECOFRA<\/a><\/p>\n<p>\u2014 AvionSinzelle (@Rochelaisgentil) <a href=\"https:\/\/twitter.com\/Rochelaisgentil\/status\/1165245002685059072?ref_src=twsrc%5Etfw\">August 24, 2019<\/a><\/p><\/blockquote>\n<p><script async src=\"https:\/\/platform.twitter.com\/widgets.js\" charset=\"utf-8\"><\/script><\/p>\n<p style=\"text-align: justify;\"><strong><em>F\u00e9lix Lambey &#8211; 5,5 : <\/em><\/strong>Vaillant mais sans solution avec le ballon. Souvent servi \u00e0 l&rsquo;arr\u00eat, il a souffert physiquement, notamment en premi\u00e8re p\u00e9riode. Ses 11 minutes lors du deuxi\u00e8me acte ont montr\u00e9 un peu plus de tranchant. <strong>Remplac\u00e9 par Romain Taofifenua (51&prime;)<\/strong>. Le Varois a manqu\u00e9 de vigilance sur le deuxi\u00e8me essais \u00e9cossais.<\/p>\n<p style=\"text-align: justify;\"><strong><em>S\u00e9bastien Vahaamahina &#8211; 6 :\u00a0<\/em><\/strong>Si les Bleus ont davantage souffert dans les rucks, le deuxi\u00e8me ligne auvergnat s&rsquo;est montr\u00e9 plut\u00f4t \u00e0 son avantage. S&rsquo;il n&rsquo;a pas fait de r\u00e9elles diff\u00e9rences avec le ballon, il a \u00e9t\u00e9 solide dans son registre. <em><br \/>\n<\/em><\/p>\n<p style=\"text-align: justify;\"><strong><em>Arthur Iturria &#8211; 5,5 :\u00a0<\/em><\/strong>Match plut\u00f4t moyen pour Arthur Iturria. De retour de blessure, il a lui aussi souffert dans le combat. On l&rsquo;a vu \u00e0 son avantage sur une charge o\u00f9 il bat trois d\u00e9fenseurs lors du premier acte <strong>(23&prime;)<\/strong>. Il ne s&rsquo;est, en revanche, pas m\u00e9nag\u00e9 d\u00e9fensivement.<\/p>\n<p style=\"text-align: justify;\"><strong><em>Charles Ollivon &#8211; 6 :<\/em><\/strong> Moins en vue qu&rsquo;\u00e0 Nice, le Toulonnais n&rsquo;a pas \u00e9t\u00e9 dominant dans les zones de combat lors du premier acte.\u00a0 En revanche, ballon en main, il a cass\u00e9 la ligne \u00e0 deux reprises. Un ballon r\u00e9cup\u00e9r\u00e9 apr\u00e8s la pause. Une performance qui reste en-de\u00e7a de sa partie de la semaine pass\u00e9e.<strong><br \/>\n<\/strong><\/p>\n<p style=\"text-align: justify;\"><strong><em>Gr\u00e9gory Alldritt &#8211; 5,5 :\u00a0<\/em><\/strong>Tr\u00e8s bon lors du premier test, lui non plus n&rsquo;a pas \u00e9t\u00e9 \u00e9pargn\u00e9 dans le combat, domin\u00e9 dans les rucks et moins tranchant avec le ballon. Sonn\u00e9, il a c\u00e9d\u00e9 sa place \u00e0 <strong>Yacouba Camara (64&prime;)<\/strong>. Ce dernier s&rsquo;est surtout fait remarquer par une belle activit\u00e9 d\u00e9fensive.<em><br \/>\n<\/em><\/p>\n<p style=\"text-align: center;\"><a href=\"http:\/\/dicodusport.fr\/blog\/bleus-les-notes-du-xv-de-france-face-a-l-ecosse\/2\/#charniereettroisquarts\" class=\"su-button su-button-style-flat\" style=\"color:#FFFFFF;background-color:#005f9b;border-color:#004c7c;border-radius:4px\" target=\"_self\"><span style=\"color:#FFFFFF;padding:0px 26px;font-size:20px;line-height:40px;border-color:#4d8fb9;border-radius:4px;text-shadow:none\"> Les notes de la charni\u00e8re et des trois-quarts<\/span><\/a>\n<p><!--nextpage--><\/p>\n<h1 style=\"text-align: justify;\"><a id=\"charniereettroisquarts\"><\/a>La charni\u00e8re<\/h1>\n<p style=\"text-align: justify;\"><strong><em>Antoine Dupont &#8211; 6,5 :<\/em><\/strong><em>\u00a0<\/em>Souvent sous pression derri\u00e8re ses avants \u00e0 cause d&rsquo;un manque de soutien offensif \u00e9vident, le Toulousain s&rsquo;est en pourtant bien sorti. Il a \u00e9galement \u00e9t\u00e9 efficace sur son jeu au pied, comme \u00e0 Nice. Pr\u00e9cieux d\u00e9fensivement dans le second rideau. Il a cependant fait quelques mauvais choix. <strong>Remplac\u00e9 par Baptiste Serin (64&prime;)<\/strong>, qui a tent\u00e9 d&rsquo;amener de la vitesse.<\/p>\n<p style=\"text-align: justify;\"><strong><em>Camille Lopez &#8211; NN : <\/em><\/strong>L&rsquo;ouvreur clermontois ne s&rsquo;est pas montr\u00e9 \u00e0 son avantage lors de ses 38 minutes sur le terrain. Remplac\u00e9 sur blessure par <strong>Romain Ntamack (38&prime;)<\/strong>.<\/p>\n<p style=\"text-align: justify;\"><strong>Romain Ntamack &#8211; 5,5 : <\/strong>Le Toulousain n&rsquo;a pas \u00e9t\u00e9 tr\u00e8s \u00e0 son aise dans l&rsquo;animation, avec deux passes en-avant. Une performance neutre et sans relief, alors qu&rsquo;il pouvait marquer quelques points apr\u00e8s les prestations trop justes de Camille Lopez.<\/p>\n<hr \/>\n<h1 style=\"text-align: justify;\">Les arri\u00e8res<\/h1>\n<p style=\"text-align: justify;\"><strong><em>Alivereti Raka &#8211; 5,5<\/em><\/strong><em><strong> :<\/strong>\u00a0<\/em>Auteur d&rsquo;une tr\u00e8s bonne premi\u00e8re p\u00e9riode, l&rsquo;ailier clermontois a moins vu le jour apr\u00e8s la pause. Auteur d&rsquo;un gros plaquage d\u00e8s le d\u00e9but de match sur son vis-a-vis Tommy Seymour, il a ensuite bonifi\u00e9 les quelques ballons difficiles qu&rsquo;il devait n\u00e9gocier sur son aile.\u00a0 Mais son deuxi\u00e8me acte est manqu\u00e9 dans l&rsquo;ensemble, symbolis\u00e9 par cette p\u00e9nalit\u00e9 b\u00eatement conc\u00e9d\u00e9e <strong>(76&prime;)<\/strong>.<\/p>\n<p style=\"text-align: justify;\"><strong><em>Sofiane Guitoune &#8211; 6,5 : <\/em><\/strong>Quatre ans apr\u00e8s sa derni\u00e8re s\u00e9lection, le centre toulousain s&rsquo;est montr\u00e9 solide et a montr\u00e9 de l&rsquo;envie. D\u00e9cisif sur le deuxi\u00e8me essai de Damian Penaud <strong>(27&prime;)<\/strong>, il a aussi montr\u00e9 de bonnes choses d\u00e9fensivement, grattant notamment un ballon. Moins en vue apr\u00e8s la pause, mais une prestation encourageante. De quoi rabattre les cartes ?<strong><em><br \/>\n<\/em><\/strong><\/p>\n<p style=\"text-align: justify;\"><strong><em>Ga\u00ebl Fickou &#8211; 6 :\u00a0<\/em><\/strong>Tr\u00e8s disponible offensivement, le Parisien a r\u00e9alis\u00e9 une partie tr\u00e8s correcte. Il a \u00e9galement montr\u00e9 de l&rsquo;envie d\u00e9fensivement. Sans \u00eatre transcendant, l&rsquo;ancien Toulousain est rest\u00e9 sur le m\u00eame tempo qu&rsquo;\u00e0 Nice, tout en sobri\u00e9t\u00e9. Mais on attend toujours plus de lui.<\/p>\n<p style=\"text-align: justify;\"><strong><em>Damian Penaud &#8211; 7 : <\/em><\/strong>Deux essais et une premi\u00e8re mi-temps quasi parfaite, except\u00e9e cette faute de main juste avant la pause <strong>(38&prime;)<\/strong>, au d\u00e9part de l&rsquo;action menant \u00e0 l&rsquo;essai de Maitland. Toujours aussi tranchant avec le ballon lors de la deuxi\u00e8me p\u00e9riode. Le danger num\u00e9ro un c\u00f4t\u00e9 bleus, c&rsquo;est bien lui.<em><br \/>\n<\/em><\/p>\n<p style=\"text-align: justify;\"><strong><em>Thomas Ramos &#8211; 6 :\u00a0<\/em><\/strong>Apr\u00e8s un d\u00e9but de match poussif, l&rsquo;arri\u00e8re haut-garonnais a rectifi\u00e9 le tir. Souvent sous pression, parfois \u00e0 cause de mauvais choix de sa part, il a souvent os\u00e9 sans faire de grosses diff\u00e9rences. Remplac\u00e9 par <strong>Maxime M\u00e9dard (64&prime;)<\/strong>.<\/p>\n<p style=\"text-align: center;\"><a href=\"http:\/\/dicodusport.fr\/blog\/bleus-les-notes-du-xv-de-france-face-a-l-ecosse\/\" class=\"su-button su-button-style-flat\" style=\"color:#FFFFFF;background-color:#005f9b;border-color:#004c7c;border-radius:4px\" target=\"_self\"><span style=\"color:#FFFFFF;padding:0px 26px;font-size:20px;line-height:40px;border-color:#4d8fb9;border-radius:4px;text-shadow:none\"> Revenir aux avants<\/span><\/a>\n<p><strong><em>Flo Ostermann<br \/>\n<a href=\"https:\/\/www.facebook.com\/florent.ostermann\"><img loading=\"lazy\" decoding=\"async\" class=\"alignnone wp-image-2909\" src=\"http:\/\/dicodusport.fr\/blog\/wp-content\/uploads\/2017\/07\/logo-facebook-150x150.png\" sizes=\"auto, (max-width: 40px) 100vw, 40px\" srcset=\"https:\/\/dicodusport.fr\/blog\/wp-content\/uploads\/2017\/07\/logo-facebook-150x150.png 150w, https:\/\/dicodusport.fr\/blog\/wp-content\/uploads\/2017\/07\/logo-facebook-300x300.png 300w, https:\/\/dicodusport.fr\/blog\/wp-content\/uploads\/2017\/07\/logo-facebook.png 400w\" alt=\"\" width=\"40\" height=\"40\" \/><\/a><a href=\"https:\/\/twitter.com\/SportInsideMag\"><img loading=\"lazy\" decoding=\"async\" class=\"alignnone wp-image-2908\" src=\"http:\/\/dicodusport.fr\/blog\/wp-content\/uploads\/2017\/07\/logo-twitter-150x150.png\" alt=\"\" width=\"39\" height=\"39\" \/><\/a><\/em><\/strong><\/p>\n","protected":false},"excerpt":{"rendered":"<p>Test Match &#8211; Tr\u00e8s brouillon, le XV de France a chut\u00e9 en \u00c9cosse (17-14), dans un match hach\u00e9. Retrouvez les notes des Bleus lors de ce deuxi\u00e8me test.<\/p>\n","protected":false},"author":4,"featured_media":46291,"comment_status":"open","ping_status":"closed","sticky":false,"template":"","format":"standard","meta":{"_acf_changed":false,"_daextam_enable_autolinks":"","footnotes":""},"categories":[2303,19951],"tags":[1332,5905,6693,6649,24,8475,1638],"class_list":["post-46287","post","type-post","status-publish","format-standard","has-post-thumbnail","hentry","category-rugby","category-xv-de-france","tag-ecosse","tag-notes-bleus","tag-notes-france","tag-notes-xv-de-france","tag-sport","tag-test-match","tag-xv-de-france"],"acf":[],"yoast_head":"<!-- This site is optimized with the Yoast SEO Premium plugin v26.7 (Yoast SEO v26.7) - https:\/\/yoast.com\/wordpress\/plugins\/seo\/ -->\n<title>Bleus : les notes du XV de France face \u00e0 l\u2019\u00c9cosse<\/title>\n<meta name=\"description\" content=\"Test Match - Tr\u00e8s brouillon, le XV de France a chut\u00e9 en \u00c9cosse (17-14), dans un match hach\u00e9. Retrouvez les notes des Bleus lors de ce deuxi\u00e8me test.\" \/>\n<meta name=\"robots\" content=\"index, follow, max-snippet:-1, max-image-preview:large, max-video-preview:-1\" \/>\n<link rel=\"canonical\" href=\"https:\/\/dicodusport.fr\/blog\/bleus-les-notes-du-xv-de-france-face-a-l-ecosse\/\" \/>\n<link rel=\"next\" href=\"https:\/\/dicodusport.fr\/blog\/bleus-les-notes-du-xv-de-france-face-a-l-ecosse\/2\/\" \/>\n<meta property=\"og:locale\" content=\"fr_FR\" \/>\n<meta property=\"og:type\" content=\"article\" \/>\n<meta property=\"og:title\" content=\"XV de France : les notes des Bleus face \u00e0 l\u2019\u00c9cosse\" \/>\n<meta property=\"og:description\" content=\"Test Match - Tr\u00e8s brouillon, le XV de France a chut\u00e9 en \u00c9cosse (17-14), dans un match hach\u00e9. Retrouvez les notes des Bleus lors de ce deuxi\u00e8me test.\" \/>\n<meta property=\"og:url\" content=\"https:\/\/dicodusport.fr\/blog\/bleus-les-notes-du-xv-de-france-face-a-l-ecosse\/\" \/>\n<meta property=\"og:site_name\" content=\"Dicodusport\" \/>\n<meta property=\"article:publisher\" content=\"https:\/\/www.facebook.com\/dicodusport\" \/>\n<meta property=\"article:author\" content=\"https:\/\/www.facebook.com\/florent.ostermann\" \/>\n<meta property=\"article:published_time\" content=\"2019-08-24T14:10:10+00:00\" \/>\n<meta property=\"article:modified_time\" content=\"2021-10-18T15:08:34+00:00\" \/>\n<meta property=\"og:image\" content=\"https:\/\/dicodusport.fr\/blog\/wp-content\/uploads\/2019\/08\/Notes-XV-de-France-face-\u00e0-lEcosse.png\" \/>\n\t<meta property=\"og:image:width\" content=\"800\" \/>\n\t<meta property=\"og:image:height\" content=\"445\" \/>\n\t<meta property=\"og:image:type\" content=\"image\/png\" \/>\n<meta name=\"author\" content=\"Flo Ostermann\" \/>\n<meta name=\"twitter:card\" content=\"summary_large_image\" \/>\n<meta name=\"twitter:title\" content=\"XV de France : les notes des Bleus face \u00e0 l\u2019\u00c9cosse\" \/>\n<meta name=\"twitter:creator\" content=\"@https:\/\/twitter.com\/FlOstermann\" \/>\n<meta name=\"twitter:site\" content=\"@dicodusport\" \/>\n<script type=\"application\/ld+json\" class=\"yoast-schema-graph\">{\"@context\":\"https:\/\/schema.org\",\"@graph\":[{\"@type\":\"NewsArticle\",\"@id\":\"https:\/\/dicodusport.fr\/blog\/bleus-les-notes-du-xv-de-france-face-a-l-ecosse\/#article\",\"isPartOf\":{\"@id\":\"https:\/\/dicodusport.fr\/blog\/bleus-les-notes-du-xv-de-france-face-a-l-ecosse\/\"},\"author\":{\"name\":\"Flo Ostermann\",\"@id\":\"https:\/\/dicodusport.fr\/blog\/#\/schema\/person\/cb02af4c173ce4a653b55e9baf388d4a\"},\"headline\":\"Bleus : les notes du XV de France face \u00e0 l\u2019\u00c9cosse\",\"datePublished\":\"2019-08-24T14:10:10+00:00\",\"dateModified\":\"2021-10-18T15:08:34+00:00\",\"mainEntityOfPage\":{\"@id\":\"https:\/\/dicodusport.fr\/blog\/bleus-les-notes-du-xv-de-france-face-a-l-ecosse\/\"},\"wordCount\":997,\"commentCount\":8,\"publisher\":{\"@id\":\"https:\/\/dicodusport.fr\/blog\/#organization\"},\"image\":{\"@id\":\"https:\/\/dicodusport.fr\/blog\/bleus-les-notes-du-xv-de-france-face-a-l-ecosse\/#primaryimage\"},\"thumbnailUrl\":\"https:\/\/dicodusport.fr\/blog\/wp-content\/uploads\/2019\/08\/Notes-XV-de-France-face-\u00e0-lEcosse.png\",\"keywords\":[\"Ecosse\",\"Notes Bleus\",\"Notes France\",\"Notes XV de France\",\"sport\",\"Test Match\",\"XV de France\"],\"articleSection\":[\"Rugby\",\"XV de France\"],\"inLanguage\":\"fr-FR\",\"potentialAction\":[{\"@type\":\"CommentAction\",\"name\":\"Comment\",\"target\":[\"https:\/\/dicodusport.fr\/blog\/bleus-les-notes-du-xv-de-france-face-a-l-ecosse\/#respond\"]}],\"copyrightYear\":\"2019\",\"copyrightHolder\":{\"@id\":\"https:\/\/dicodusport.fr\/blog\/#organization\"}},{\"@type\":\"WebPage\",\"@id\":\"https:\/\/dicodusport.fr\/blog\/bleus-les-notes-du-xv-de-france-face-a-l-ecosse\/\",\"url\":\"https:\/\/dicodusport.fr\/blog\/bleus-les-notes-du-xv-de-france-face-a-l-ecosse\/\",\"name\":\"Bleus : les notes du XV de France face \u00e0 l\u2019\u00c9cosse\",\"isPartOf\":{\"@id\":\"https:\/\/dicodusport.fr\/blog\/#website\"},\"primaryImageOfPage\":{\"@id\":\"https:\/\/dicodusport.fr\/blog\/bleus-les-notes-du-xv-de-france-face-a-l-ecosse\/#primaryimage\"},\"image\":{\"@id\":\"https:\/\/dicodusport.fr\/blog\/bleus-les-notes-du-xv-de-france-face-a-l-ecosse\/#primaryimage\"},\"thumbnailUrl\":\"https:\/\/dicodusport.fr\/blog\/wp-content\/uploads\/2019\/08\/Notes-XV-de-France-face-\u00e0-lEcosse.png\",\"datePublished\":\"2019-08-24T14:10:10+00:00\",\"dateModified\":\"2021-10-18T15:08:34+00:00\",\"description\":\"Test Match - Tr\u00e8s brouillon, le XV de France a chut\u00e9 en \u00c9cosse (17-14), dans un match hach\u00e9. Retrouvez les notes des Bleus lors de ce deuxi\u00e8me test.\",\"inLanguage\":\"fr-FR\",\"potentialAction\":[{\"@type\":\"ReadAction\",\"target\":[\"https:\/\/dicodusport.fr\/blog\/bleus-les-notes-du-xv-de-france-face-a-l-ecosse\/\"]}]},{\"@type\":\"ImageObject\",\"inLanguage\":\"fr-FR\",\"@id\":\"https:\/\/dicodusport.fr\/blog\/bleus-les-notes-du-xv-de-france-face-a-l-ecosse\/#primaryimage\",\"url\":\"https:\/\/dicodusport.fr\/blog\/wp-content\/uploads\/2019\/08\/Notes-XV-de-France-face-\u00e0-lEcosse.png\",\"contentUrl\":\"https:\/\/dicodusport.fr\/blog\/wp-content\/uploads\/2019\/08\/Notes-XV-de-France-face-\u00e0-lEcosse.png\",\"width\":800,\"height\":445,\"caption\":\"Damian Penaud \u00e0 pleine vitesse face \u00e0 l\u2019\u00c9cosse\"},{\"@type\":\"WebSite\",\"@id\":\"https:\/\/dicodusport.fr\/blog\/#website\",\"url\":\"https:\/\/dicodusport.fr\/blog\/\",\"name\":\"Dicodusport\",\"description\":\"L&#039;encyclop\u00e9die de l&#039;actualit\u00e9 sportive\",\"publisher\":{\"@id\":\"https:\/\/dicodusport.fr\/blog\/#organization\"},\"potentialAction\":[{\"@type\":\"SearchAction\",\"target\":{\"@type\":\"EntryPoint\",\"urlTemplate\":\"https:\/\/dicodusport.fr\/blog\/?s={search_term_string}\"},\"query-input\":{\"@type\":\"PropertyValueSpecification\",\"valueRequired\":true,\"valueName\":\"search_term_string\"}}],\"inLanguage\":\"fr-FR\"},{\"@type\":\"NewsMediaOrganization\",\"@id\":\"https:\/\/dicodusport.fr\/blog\/#organization\",\"name\":\"Dicodusport\",\"url\":\"https:\/\/dicodusport.fr\/blog\/\",\"logo\":{\"@type\":\"ImageObject\",\"inLanguage\":\"fr-FR\",\"@id\":\"https:\/\/dicodusport.fr\/blog\/#\/schema\/logo\/image\/\",\"url\":\"https:\/\/dicodusport.fr\/blog\/wp-content\/uploads\/2020\/06\/cropped-LOGO-DICODUSPORT-2020-SANS-FOND-SANS-TEXTE.png\",\"contentUrl\":\"https:\/\/dicodusport.fr\/blog\/wp-content\/uploads\/2020\/06\/cropped-LOGO-DICODUSPORT-2020-SANS-FOND-SANS-TEXTE.png\",\"width\":512,\"height\":512,\"caption\":\"Dicodusport\"},\"image\":{\"@id\":\"https:\/\/dicodusport.fr\/blog\/#\/schema\/logo\/image\/\"},\"sameAs\":[\"https:\/\/www.facebook.com\/dicodusport\",\"https:\/\/x.com\/dicodusport\",\"https:\/\/www.instagram.com\/dicodusport\/\",\"https:\/\/www.youtube.com\/channel\/UC7V2KZ5sd3htJivAbA4ZG3w\"],\"description\":\"Dicodusport est l'encyclop\u00e9die de l'actualit\u00e9 sportive.\",\"email\":\"bonjour@dicodusport.fr\",\"legalName\":\"DICODUSPORT\",\"foundingDate\":\"2018-01-14\",\"vatID\":\"FR71834470973\",\"taxID\":\"83447097300043\",\"numberOfEmployees\":{\"@type\":\"QuantitativeValue\",\"minValue\":\"1\",\"maxValue\":\"10\"}},{\"@type\":\"Person\",\"@id\":\"https:\/\/dicodusport.fr\/blog\/#\/schema\/person\/cb02af4c173ce4a653b55e9baf388d4a\",\"name\":\"Flo Ostermann\",\"image\":{\"@type\":\"ImageObject\",\"inLanguage\":\"fr-FR\",\"@id\":\"https:\/\/dicodusport.fr\/blog\/#\/schema\/person\/image\/\",\"url\":\"https:\/\/dicodusport.fr\/blog\/wp-content\/uploads\/2021\/05\/Flo-Ostermann-150x150.jpg\",\"contentUrl\":\"https:\/\/dicodusport.fr\/blog\/wp-content\/uploads\/2021\/05\/Flo-Ostermann-150x150.jpg\",\"caption\":\"Flo Ostermann\"},\"description\":\"Journaliste\/R\u00e9dacteur depuis septembre 2015 - Mes premiers souvenirs dans le sport ? Les envol\u00e9es du Stade Toulousain et les duels Villeneuve-Schumacher et H\u00e4kkinen-Schumacher \u00e0 la fin des ann\u00e9es 90, la Coupe du monde de football en 1998, l\u2019exploit du XV de France face aux All Blacks en 1999, mais aussi Richard C\u0153ur de Lion qui vole sur les montagnes du Tour de France. Bien parti pour devenir professeur d\u2019EPS, les \u00e9v\u00e9nements de la vie (et la flemme d\u2019animer des s\u00e9ances de 3x500 m\u00e8tres toute ma vie) m\u2019ont conduit \u00e0 revoir mes plans. Me voil\u00e0 depuis fin 2017 sur Dicodusport, m\u00e9dia gr\u00e2ce (et pour) lequel je partage ma passion : le sport dans tous ses \u00e9tats. Le tout accompagn\u00e9 par les fous furieux et folles furieuses cit\u00e9s sur cette page !\",\"sameAs\":[\"https:\/\/www.facebook.com\/florent.ostermann\",\"https:\/\/x.com\/https:\/\/twitter.com\/FlOstermann\",\"admin\"],\"url\":\"https:\/\/dicodusport.fr\/blog\/author\/flo\/\"}]}<\/script>\n<!-- \/ Yoast SEO Premium plugin. -->","yoast_head_json":{"title":"Bleus : les notes du XV de France face \u00e0 l\u2019\u00c9cosse","description":"Test Match - Tr\u00e8s brouillon, le XV de France a chut\u00e9 en \u00c9cosse (17-14), dans un match hach\u00e9. Retrouvez les notes des Bleus lors de ce deuxi\u00e8me test.","robots":{"index":"index","follow":"follow","max-snippet":"max-snippet:-1","max-image-preview":"max-image-preview:large","max-video-preview":"max-video-preview:-1"},"canonical":"https:\/\/dicodusport.fr\/blog\/bleus-les-notes-du-xv-de-france-face-a-l-ecosse\/","next":"https:\/\/dicodusport.fr\/blog\/bleus-les-notes-du-xv-de-france-face-a-l-ecosse\/2\/","og_locale":"fr_FR","og_type":"article","og_title":"XV de France : les notes des Bleus face \u00e0 l\u2019\u00c9cosse","og_description":"Test Match - Tr\u00e8s brouillon, le XV de France a chut\u00e9 en \u00c9cosse (17-14), dans un match hach\u00e9. Retrouvez les notes des Bleus lors de ce deuxi\u00e8me test.","og_url":"https:\/\/dicodusport.fr\/blog\/bleus-les-notes-du-xv-de-france-face-a-l-ecosse\/","og_site_name":"Dicodusport","article_publisher":"https:\/\/www.facebook.com\/dicodusport","article_author":"https:\/\/www.facebook.com\/florent.ostermann","article_published_time":"2019-08-24T14:10:10+00:00","article_modified_time":"2021-10-18T15:08:34+00:00","og_image":[{"width":800,"height":445,"url":"https:\/\/dicodusport.fr\/blog\/wp-content\/uploads\/2019\/08\/Notes-XV-de-France-face-\u00e0-lEcosse.png","type":"image\/png"}],"author":"Flo Ostermann","twitter_card":"summary_large_image","twitter_title":"XV de France : les notes des Bleus face \u00e0 l\u2019\u00c9cosse","twitter_creator":"@https:\/\/twitter.com\/FlOstermann","twitter_site":"@dicodusport","schema":{"@context":"https:\/\/schema.org","@graph":[{"@type":"NewsArticle","@id":"https:\/\/dicodusport.fr\/blog\/bleus-les-notes-du-xv-de-france-face-a-l-ecosse\/#article","isPartOf":{"@id":"https:\/\/dicodusport.fr\/blog\/bleus-les-notes-du-xv-de-france-face-a-l-ecosse\/"},"author":{"name":"Flo Ostermann","@id":"https:\/\/dicodusport.fr\/blog\/#\/schema\/person\/cb02af4c173ce4a653b55e9baf388d4a"},"headline":"Bleus : les notes du XV de France face \u00e0 l\u2019\u00c9cosse","datePublished":"2019-08-24T14:10:10+00:00","dateModified":"2021-10-18T15:08:34+00:00","mainEntityOfPage":{"@id":"https:\/\/dicodusport.fr\/blog\/bleus-les-notes-du-xv-de-france-face-a-l-ecosse\/"},"wordCount":997,"commentCount":8,"publisher":{"@id":"https:\/\/dicodusport.fr\/blog\/#organization"},"image":{"@id":"https:\/\/dicodusport.fr\/blog\/bleus-les-notes-du-xv-de-france-face-a-l-ecosse\/#primaryimage"},"thumbnailUrl":"https:\/\/dicodusport.fr\/blog\/wp-content\/uploads\/2019\/08\/Notes-XV-de-France-face-\u00e0-lEcosse.png","keywords":["Ecosse","Notes Bleus","Notes France","Notes XV de France","sport","Test Match","XV de France"],"articleSection":["Rugby","XV de France"],"inLanguage":"fr-FR","potentialAction":[{"@type":"CommentAction","name":"Comment","target":["https:\/\/dicodusport.fr\/blog\/bleus-les-notes-du-xv-de-france-face-a-l-ecosse\/#respond"]}],"copyrightYear":"2019","copyrightHolder":{"@id":"https:\/\/dicodusport.fr\/blog\/#organization"}},{"@type":"WebPage","@id":"https:\/\/dicodusport.fr\/blog\/bleus-les-notes-du-xv-de-france-face-a-l-ecosse\/","url":"https:\/\/dicodusport.fr\/blog\/bleus-les-notes-du-xv-de-france-face-a-l-ecosse\/","name":"Bleus : les notes du XV de France face \u00e0 l\u2019\u00c9cosse","isPartOf":{"@id":"https:\/\/dicodusport.fr\/blog\/#website"},"primaryImageOfPage":{"@id":"https:\/\/dicodusport.fr\/blog\/bleus-les-notes-du-xv-de-france-face-a-l-ecosse\/#primaryimage"},"image":{"@id":"https:\/\/dicodusport.fr\/blog\/bleus-les-notes-du-xv-de-france-face-a-l-ecosse\/#primaryimage"},"thumbnailUrl":"https:\/\/dicodusport.fr\/blog\/wp-content\/uploads\/2019\/08\/Notes-XV-de-France-face-\u00e0-lEcosse.png","datePublished":"2019-08-24T14:10:10+00:00","dateModified":"2021-10-18T15:08:34+00:00","description":"Test Match - Tr\u00e8s brouillon, le XV de France a chut\u00e9 en \u00c9cosse (17-14), dans un match hach\u00e9. Retrouvez les notes des Bleus lors de ce deuxi\u00e8me test.","inLanguage":"fr-FR","potentialAction":[{"@type":"ReadAction","target":["https:\/\/dicodusport.fr\/blog\/bleus-les-notes-du-xv-de-france-face-a-l-ecosse\/"]}]},{"@type":"ImageObject","inLanguage":"fr-FR","@id":"https:\/\/dicodusport.fr\/blog\/bleus-les-notes-du-xv-de-france-face-a-l-ecosse\/#primaryimage","url":"https:\/\/dicodusport.fr\/blog\/wp-content\/uploads\/2019\/08\/Notes-XV-de-France-face-\u00e0-lEcosse.png","contentUrl":"https:\/\/dicodusport.fr\/blog\/wp-content\/uploads\/2019\/08\/Notes-XV-de-France-face-\u00e0-lEcosse.png","width":800,"height":445,"caption":"Damian Penaud \u00e0 pleine vitesse face \u00e0 l\u2019\u00c9cosse"},{"@type":"WebSite","@id":"https:\/\/dicodusport.fr\/blog\/#website","url":"https:\/\/dicodusport.fr\/blog\/","name":"Dicodusport","description":"L&#039;encyclop\u00e9die de l&#039;actualit\u00e9 sportive","publisher":{"@id":"https:\/\/dicodusport.fr\/blog\/#organization"},"potentialAction":[{"@type":"SearchAction","target":{"@type":"EntryPoint","urlTemplate":"https:\/\/dicodusport.fr\/blog\/?s={search_term_string}"},"query-input":{"@type":"PropertyValueSpecification","valueRequired":true,"valueName":"search_term_string"}}],"inLanguage":"fr-FR"},{"@type":"NewsMediaOrganization","@id":"https:\/\/dicodusport.fr\/blog\/#organization","name":"Dicodusport","url":"https:\/\/dicodusport.fr\/blog\/","logo":{"@type":"ImageObject","inLanguage":"fr-FR","@id":"https:\/\/dicodusport.fr\/blog\/#\/schema\/logo\/image\/","url":"https:\/\/dicodusport.fr\/blog\/wp-content\/uploads\/2020\/06\/cropped-LOGO-DICODUSPORT-2020-SANS-FOND-SANS-TEXTE.png","contentUrl":"https:\/\/dicodusport.fr\/blog\/wp-content\/uploads\/2020\/06\/cropped-LOGO-DICODUSPORT-2020-SANS-FOND-SANS-TEXTE.png","width":512,"height":512,"caption":"Dicodusport"},"image":{"@id":"https:\/\/dicodusport.fr\/blog\/#\/schema\/logo\/image\/"},"sameAs":["https:\/\/www.facebook.com\/dicodusport","https:\/\/x.com\/dicodusport","https:\/\/www.instagram.com\/dicodusport\/","https:\/\/www.youtube.com\/channel\/UC7V2KZ5sd3htJivAbA4ZG3w"],"description":"Dicodusport est l'encyclop\u00e9die de l'actualit\u00e9 sportive.","email":"bonjour@dicodusport.fr","legalName":"DICODUSPORT","foundingDate":"2018-01-14","vatID":"FR71834470973","taxID":"83447097300043","numberOfEmployees":{"@type":"QuantitativeValue","minValue":"1","maxValue":"10"}},{"@type":"Person","@id":"https:\/\/dicodusport.fr\/blog\/#\/schema\/person\/cb02af4c173ce4a653b55e9baf388d4a","name":"Flo Ostermann","image":{"@type":"ImageObject","inLanguage":"fr-FR","@id":"https:\/\/dicodusport.fr\/blog\/#\/schema\/person\/image\/","url":"https:\/\/dicodusport.fr\/blog\/wp-content\/uploads\/2021\/05\/Flo-Ostermann-150x150.jpg","contentUrl":"https:\/\/dicodusport.fr\/blog\/wp-content\/uploads\/2021\/05\/Flo-Ostermann-150x150.jpg","caption":"Flo Ostermann"},"description":"Journaliste\/R\u00e9dacteur depuis septembre 2015 - Mes premiers souvenirs dans le sport ? Les envol\u00e9es du Stade Toulousain et les duels Villeneuve-Schumacher et H\u00e4kkinen-Schumacher \u00e0 la fin des ann\u00e9es 90, la Coupe du monde de football en 1998, l\u2019exploit du XV de France face aux All Blacks en 1999, mais aussi Richard C\u0153ur de Lion qui vole sur les montagnes du Tour de France. Bien parti pour devenir professeur d\u2019EPS, les \u00e9v\u00e9nements de la vie (et la flemme d\u2019animer des s\u00e9ances de 3x500 m\u00e8tres toute ma vie) m\u2019ont conduit \u00e0 revoir mes plans. Me voil\u00e0 depuis fin 2017 sur Dicodusport, m\u00e9dia gr\u00e2ce (et pour) lequel je partage ma passion : le sport dans tous ses \u00e9tats. Le tout accompagn\u00e9 par les fous furieux et folles furieuses cit\u00e9s sur cette page !","sameAs":["https:\/\/www.facebook.com\/florent.ostermann","https:\/\/x.com\/https:\/\/twitter.com\/FlOstermann","admin"],"url":"https:\/\/dicodusport.fr\/blog\/author\/flo\/"}]}},"_links":{"self":[{"href":"https:\/\/dicodusport.fr\/blog\/wp-json\/wp\/v2\/posts\/46287","targetHints":{"allow":["GET"]}}],"collection":[{"href":"https:\/\/dicodusport.fr\/blog\/wp-json\/wp\/v2\/posts"}],"about":[{"href":"https:\/\/dicodusport.fr\/blog\/wp-json\/wp\/v2\/types\/post"}],"author":[{"embeddable":true,"href":"https:\/\/dicodusport.fr\/blog\/wp-json\/wp\/v2\/users\/4"}],"replies":[{"embeddable":true,"href":"https:\/\/dicodusport.fr\/blog\/wp-json\/wp\/v2\/comments?post=46287"}],"version-history":[{"count":0,"href":"https:\/\/dicodusport.fr\/blog\/wp-json\/wp\/v2\/posts\/46287\/revisions"}],"wp:featuredmedia":[{"embeddable":true,"href":"https:\/\/dicodusport.fr\/blog\/wp-json\/wp\/v2\/media\/46291"}],"wp:attachment":[{"href":"https:\/\/dicodusport.fr\/blog\/wp-json\/wp\/v2\/media?parent=46287"}],"wp:term":[{"taxonomy":"category","embeddable":true,"href":"https:\/\/dicodusport.fr\/blog\/wp-json\/wp\/v2\/categories?post=46287"},{"taxonomy":"post_tag","embeddable":true,"href":"https:\/\/dicodusport.fr\/blog\/wp-json\/wp\/v2\/tags?post=46287"}],"curies":[{"name":"wp","href":"https:\/\/api.w.org\/{rel}","templated":true}]}}