{"id":462941,"date":"2024-02-14T09:00:29","date_gmt":"2024-02-14T08:00:29","guid":{"rendered":"https:\/\/dicodusport.fr\/blog\/?p=462941&#038;preview=true&#038;preview_id=462941"},"modified":"2024-02-13T22:35:03","modified_gmt":"2024-02-13T21:35:03","slug":"cyclisme-juan-ayuso-deja-attendu-sur-la-ruta-del-sol","status":"publish","type":"post","link":"https:\/\/dicodusport.fr\/blog\/cyclisme-juan-ayuso-deja-attendu-sur-la-ruta-del-sol\/","title":{"rendered":"Cyclisme : Juan Ayuso d\u00e9j\u00e0 attendu sur la Ruta del Sol"},"content":{"rendered":"<p style=\"text-align: justify;\"><strong><em>TOUR D&rsquo;ANDALOUSIE 2024 &#8211; Premi\u00e8re course \u00e0 \u00e9tapes de l&rsquo;ann\u00e9e 2024 pour le jeune Espagnol Juan Ayuso (UAE-Team Emirates), qui sera attendu \u00e0 la Ruta del Sol, qui d\u00e9bute ce mercredi.<\/em><\/strong><\/p>\n<ul>\n<li style=\"text-align: justify;\"><strong>\u00c0 ce sujet &#8211; <a href=\"https:\/\/dicodusport.fr\/blog\/tour-dandalousie-2024-les-engages-de-la-ruta-del-sol\/\">Tour d\u2019Andalousie 2024 : Les engag\u00e9s de la Ruta del Sol<\/a><\/strong><\/li>\n<\/ul>\n<h2>Une ann\u00e9e 2023 longtemps gal\u00e8re<\/h2>\n<p style=\"text-align: justify;\">On s&rsquo;est, un temps, demand\u00e9 si <strong>Juan Ayuso<\/strong> (UAE Team-Emirates) allait pouvoir d\u00e9buter son ann\u00e9e 2023. Apr\u00e8s des d\u00e9buts tonitruants en 2022, devenant le plus jeune coureur sur le podium d&rsquo;un Grand Tour depuis Henri Cornet sur le Tour 1904. C&rsquo;\u00e9tait lors de la Vuelta, qu&rsquo;il abordait en r\u00f4le d&rsquo;\u00e9lectron libre. Troisi\u00e8me, comme un certain <strong>Tadej Pogacar<\/strong>, lors de la Vuelta 2019. \u00c9galement pour son premier Grand Tour. Forc\u00e9ment, au vu du palmar\u00e8s d\u00e9j\u00e0 fourni du Slov\u00e8ne, \u00e0 l&rsquo;\u00e2ge de 25 ans, les comparaisons sont all\u00e9es bon train. Les sp\u00e9culations aussi.<\/p>\n<p style=\"text-align: justify;\">Mais probl\u00e8me, une tendinite r\u00e9calcitrante au tendon d&rsquo;Achille l&rsquo;a \u00e9cart\u00e9 des routes pendant toute la premi\u00e8re moiti\u00e9 de saison. Un retour sur le <strong>Tour de Romandie<\/strong> avec une victoire sur le chrono. On croit que tout est rentr\u00e9 dans l&rsquo;ordre. Mais le manque de rythme le rattrape sur la premi\u00e8re \u00e9tape de montagne. Il ne jouera pas le g\u00e9n\u00e9ral. Sur le <strong>Tour de Suisse<\/strong>, c&rsquo;est mieux. Mais la mise en route est compliqu\u00e9e, avant qu&rsquo;il ne soit impressionnant sur l&rsquo;\u00e9tape-reine, qu&rsquo;il remporte \u00e0 La Punt. Il remporte encore le chrono, mais le d\u00e9bours du d\u00e9but d&rsquo;\u00e9preuve lui est fatal. Il termine deuxi\u00e8me derri\u00e8re le surprenant <strong>Mattias Skjelmose<\/strong> (Lidl-Trek).<\/p>\n<p style=\"text-align: justify;\">N\u00e9anmoins, le manque de caisse d&rsquo;avant saison et le temps \u00e0 essayer de le rattraper vont se payer sur la Vuelta. S&rsquo;il est loin d&rsquo;\u00eatre catastrophique, il ne p\u00e8se pas r\u00e9ellement sur un Grand Tour o\u00f9 les Jumbo-Visma ont r\u00e9gn\u00e9 en ma\u00eetre, avec un tripl\u00e9 historique et la victoire du traditionnel \u00e9quipier Sepp Kuss. <strong>Juan Ayuso<\/strong> recule d&rsquo;un rang par rapport \u00e0 2022 (4e).<\/p>\n<div class=\"vlp-link-container vlp-layout-article\"><a href=\"https:\/\/dicodusport.fr\/blog\/tour-de-suisse-2023-juan-ayuso-remporte-en-solitaire-la-5eme-etape\/\" class=\"vlp-link\" title=\"Tour de Suisse 2023 : Juan Ayuso remporte en solitaire la 5\u00e8me \u00e9tape\"><\/a><div class=\"vlp-layout-zone-side\"><div class=\"vlp-block-4 vlp-link-image\"><img loading=\"lazy\" decoding=\"async\" style=\"max-width: 800px;\" width=\"800\" height=\"445\" src=\"https:\/\/dicodusport.fr\/blog\/wp-content\/uploads\/2023\/06\/Tour-de-Suisse-2023-Juan-Ayuso-remporte-en-solitaire-la-5eme-etape.png\" class=\"attachment-800x445 size-800x445\" alt=\"Tour de Suisse 2023 Juan Ayuso remporte en solitaire la 5\u00e8me \u00e9tape\" srcset=\"https:\/\/dicodusport.fr\/blog\/wp-content\/uploads\/2023\/06\/Tour-de-Suisse-2023-Juan-Ayuso-remporte-en-solitaire-la-5eme-etape.png 800w, https:\/\/dicodusport.fr\/blog\/wp-content\/uploads\/2023\/06\/Tour-de-Suisse-2023-Juan-Ayuso-remporte-en-solitaire-la-5eme-etape-300x167.png 300w, https:\/\/dicodusport.fr\/blog\/wp-content\/uploads\/2023\/06\/Tour-de-Suisse-2023-Juan-Ayuso-remporte-en-solitaire-la-5eme-etape-768x427.png 768w\" sizes=\"auto, (max-width: 800px) 100vw, 800px\" \/><\/div><\/div><div class=\"vlp-layout-zone-main\"><div class=\"vlp-block-0 vlp-link-title\">Tour de Suisse 2023 : Juan Ayuso remporte en solitaire la 5\u00e8me \u00e9tape<\/div><div class=\"vlp-block-1 vlp-link-summary\">TOUR DE SUISSE 2023 -\u00a0 Juan Ayuso (UAE Team Emirates) s'est adjug\u00e9 la cinqui\u00e8me \u00e9tape de la 86\u00e8me \u00e9dition du Tour de Suisse \u00e0 Leukerbad, jeudi. L'Espagnol a attaqu\u00e9 dans le dernier col du jour pour creuser de gros \u00e9carts. Puis a maintenu son avance vers La Punt. Mattias Skjelmose (Trek-Segafredo) prend le maillot jaune, avec sa deuxi\u00e8me place. D\u00e9poss\u00e9dant Felix Gall (AG2R Citro\u00ebn)<\/div><div class=\"vlp-block-2 vlp-link-button\">Lire l'article<\/div><div class=\"vlp-block-3 vlp-link-url\">dicodusport.fr<\/div><\/div><\/div>\n<h2 style=\"text-align: justify;\">Embouteillage en vue au Tour de France<\/h2>\n<p style=\"text-align: justify;\"><strong>Juan Ayuso<\/strong> a fait sa rentr\u00e9e ce lundi sur la <a href=\"https:\/\/dicodusport.fr\/blog\/classement-clasica-jaen-2024\/\">Clasica Jean<\/a>. Mu\u00e9 en \u00e9quipier pour <strong>Tim Wellens<\/strong> (3e), il termine \u00e0 une anecdotique 20e place. En revanche, il a d\u00e9j\u00e0 pos\u00e9 les bases pour la Ruta del Sol. L&rsquo;Espagnol de 21 ans vise tout simplement la victoire. Et vu qu&rsquo;il sera le leader de sa formation, on peut lire entre les lignes que c&rsquo;est bien lui qui sera propuls\u00e9 ! Et il a tout int\u00e9r\u00eat de montrer \u00e0 son \u00e9quipe qu&rsquo;il peut \u00eatre rapidement performant. Pas d&rsquo;excuse de blessure, sa pr\u00e9paration a \u00e9t\u00e9 bien meilleure que l&rsquo;ann\u00e9e derni\u00e8re.<\/p>\n<p style=\"text-align: justify;\">Surtout, il va d\u00e9couvrir le Tour de France, sauf accident. <a href=\"https:\/\/www.ouest-france.fr\/tour-de-france\/tour-de-france-2024-six-mois-avant-le-depart-du-tour-uae-emirates-annonce-deja-ses-coureurs-d9cf7364-9dd2-11ee-8057-8c97a280e4e6\">Sa formation UAE Team Emirates a d\u00e9j\u00e0 d\u00e9voil\u00e9 sa s\u00e9lection<\/a> pour la Grande Boucle. Une \u00e9tape logique dans la progression de l&rsquo;Espagnol, align\u00e9 sur la course la plus exigeante du monde, que ce soit nerveusement ou physiquement. Mais dans quel r\u00f4le sera-t-il align\u00e9 ? Car il pourrait bien y avoir embouteillage en vue dans la formation \u00e9miratie. Avec <strong>Tadej Pogacar, Joao Almeida,<\/strong> ou encore la recrue fran\u00e7aise <strong>Pavel Sivakov<\/strong>. La logique voudrait que <strong>Tadej Pogacar<\/strong> soit le leader absolu. Double vainqueur puis double deuxi\u00e8me du Tour sur les quatre derni\u00e8res \u00e9ditions.<\/p>\n<p style=\"text-align: justify;\">Mais le Slov\u00e8ne sortira (except\u00e9 accident) du Tour d&rsquo;Italie. On peut penser \u00e0 <strong>Joao Almeida<\/strong>, 3e du dernier Giro. Mais sur la Vuelta 2022, <strong>Juan Ayuso<\/strong> s&rsquo;est montr\u00e9 plus \u00e0 son avantage que le Portugais, certes r\u00e9gulier et polyvalent, mais \u00e0 qui il semble manquer un petit quelque chose pour aller chercher plus haut, \u00e0 fortiori sur la plus grande course \u00e0 \u00e9tapes du monde.<\/p>\n<p style=\"text-align: justify;\">En attendant le Tour, les coureurs de la UAE Team Emirates vont avoir des courses pour s&rsquo;\u00e9talonner. Et pour<strong> Juan Ayuso<\/strong>, cela commence d\u00e8s l&rsquo;Andalousie.<\/p>\n<p>&nbsp;<\/p>\n","protected":false},"excerpt":{"rendered":"<p>TOUR D&rsquo;ANDALOUSIE 2024 &#8211; Premi\u00e8re course \u00e0 \u00e9tapes de l&rsquo;ann\u00e9e 2024 pour le jeune Espagnol Juan Ayuso (UAE-Team Emirates), qui sera attendu \u00e0 la Ruta del Sol, qui d\u00e9bute ce mercredi.<\/p>\n","protected":false},"author":83,"featured_media":463101,"comment_status":"open","ping_status":"closed","sticky":false,"template":"","format":"standard","meta":{"_acf_changed":false,"_daextam_enable_autolinks":"1","footnotes":""},"categories":[46994],"tags":[16878,574,25610,14884],"class_list":["post-462941","post","type-post","status-publish","format-standard","has-post-thumbnail","hentry","category-cyclisme-sur-route","tag-breve","tag-cyclisme","tag-juan-ayuso","tag-uae-team-emirates"],"acf":[],"yoast_head":"<!-- This site is optimized with the Yoast SEO Premium plugin v26.7 (Yoast SEO v26.7) - https:\/\/yoast.com\/wordpress\/plugins\/seo\/ -->\n<title>Cyclisme : Juan Ayuso d\u00e9j\u00e0 attendu sur la Ruta del Sol<\/title>\n<meta name=\"description\" content=\"CYCLISME - Premi\u00e8re course \u00e0 \u00e9tapes de l&#039;ann\u00e9e pour le jeune Espagnol Juan Ayuso (UAE-Team Emirates), qui sera attendu \u00e0 la Ruta del Sol.\" \/>\n<meta name=\"robots\" content=\"index, follow, max-snippet:-1, max-image-preview:large, max-video-preview:-1\" \/>\n<link rel=\"canonical\" href=\"https:\/\/dicodusport.fr\/blog\/cyclisme-juan-ayuso-deja-attendu-sur-la-ruta-del-sol\/\" \/>\n<meta property=\"og:locale\" content=\"fr_FR\" \/>\n<meta property=\"og:type\" content=\"article\" \/>\n<meta property=\"og:title\" content=\"Cyclisme : Juan Ayuso d\u00e9j\u00e0 attendu sur la Ruta del Sol\" \/>\n<meta property=\"og:description\" content=\"CYCLISME - Premi\u00e8re course \u00e0 \u00e9tapes de l&#039;ann\u00e9e pour le jeune Espagnol Juan Ayuso (UAE-Team Emirates), qui sera attendu \u00e0 la Ruta del Sol.\" \/>\n<meta property=\"og:url\" content=\"https:\/\/dicodusport.fr\/blog\/cyclisme-juan-ayuso-deja-attendu-sur-la-ruta-del-sol\/\" \/>\n<meta property=\"og:site_name\" content=\"Dicodusport\" \/>\n<meta property=\"article:publisher\" content=\"https:\/\/www.facebook.com\/dicodusport\" \/>\n<meta property=\"article:published_time\" content=\"2024-02-14T08:00:29+00:00\" \/>\n<meta property=\"og:image\" content=\"https:\/\/dicodusport.fr\/blog\/wp-content\/uploads\/2024\/02\/Cyclisme-Juan-Ayuso-deja-attendu-sur-la-Ruta-de-Sol.png\" \/>\n\t<meta property=\"og:image:width\" content=\"1200\" \/>\n\t<meta property=\"og:image:height\" content=\"674\" \/>\n\t<meta property=\"og:image:type\" content=\"image\/png\" \/>\n<meta name=\"author\" content=\"Etienne Goursaud\" \/>\n<meta name=\"twitter:card\" content=\"summary_large_image\" \/>\n<meta name=\"twitter:title\" content=\"Cyclisme : Juan Ayuso d\u00e9j\u00e0 attendu sur la Ruta del Sol\" \/>\n<meta name=\"twitter:creator\" content=\"@dicodusport\" \/>\n<meta name=\"twitter:site\" content=\"@dicodusport\" \/>\n<script type=\"application\/ld+json\" class=\"yoast-schema-graph\">{\"@context\":\"https:\/\/schema.org\",\"@graph\":[{\"@type\":\"NewsArticle\",\"@id\":\"https:\/\/dicodusport.fr\/blog\/cyclisme-juan-ayuso-deja-attendu-sur-la-ruta-del-sol\/#article\",\"isPartOf\":{\"@id\":\"https:\/\/dicodusport.fr\/blog\/cyclisme-juan-ayuso-deja-attendu-sur-la-ruta-del-sol\/\"},\"author\":{\"name\":\"Etienne Goursaud\",\"@id\":\"https:\/\/dicodusport.fr\/blog\/#\/schema\/person\/d603dd7da31fb2b46c82b9835a77ec13\"},\"headline\":\"Cyclisme : Juan Ayuso d\u00e9j\u00e0 attendu sur la Ruta del Sol\",\"datePublished\":\"2024-02-14T08:00:29+00:00\",\"mainEntityOfPage\":{\"@id\":\"https:\/\/dicodusport.fr\/blog\/cyclisme-juan-ayuso-deja-attendu-sur-la-ruta-del-sol\/\"},\"wordCount\":780,\"commentCount\":0,\"publisher\":{\"@id\":\"https:\/\/dicodusport.fr\/blog\/#organization\"},\"image\":{\"@id\":\"https:\/\/dicodusport.fr\/blog\/cyclisme-juan-ayuso-deja-attendu-sur-la-ruta-del-sol\/#primaryimage\"},\"thumbnailUrl\":\"https:\/\/dicodusport.fr\/blog\/wp-content\/uploads\/2024\/02\/Cyclisme-Juan-Ayuso-deja-attendu-sur-la-Ruta-de-Sol.png\",\"keywords\":[\"br\u00e8ve\",\"Cyclisme\",\"Juan Ayuso\",\"UAE Team Emirates\"],\"articleSection\":[\"Cyclisme sur route\"],\"inLanguage\":\"fr-FR\",\"potentialAction\":[{\"@type\":\"CommentAction\",\"name\":\"Comment\",\"target\":[\"https:\/\/dicodusport.fr\/blog\/cyclisme-juan-ayuso-deja-attendu-sur-la-ruta-del-sol\/#respond\"]}],\"copyrightYear\":\"2024\",\"copyrightHolder\":{\"@id\":\"https:\/\/dicodusport.fr\/blog\/#organization\"}},{\"@type\":\"WebPage\",\"@id\":\"https:\/\/dicodusport.fr\/blog\/cyclisme-juan-ayuso-deja-attendu-sur-la-ruta-del-sol\/\",\"url\":\"https:\/\/dicodusport.fr\/blog\/cyclisme-juan-ayuso-deja-attendu-sur-la-ruta-del-sol\/\",\"name\":\"Cyclisme : Juan Ayuso d\u00e9j\u00e0 attendu sur la Ruta del Sol\",\"isPartOf\":{\"@id\":\"https:\/\/dicodusport.fr\/blog\/#website\"},\"primaryImageOfPage\":{\"@id\":\"https:\/\/dicodusport.fr\/blog\/cyclisme-juan-ayuso-deja-attendu-sur-la-ruta-del-sol\/#primaryimage\"},\"image\":{\"@id\":\"https:\/\/dicodusport.fr\/blog\/cyclisme-juan-ayuso-deja-attendu-sur-la-ruta-del-sol\/#primaryimage\"},\"thumbnailUrl\":\"https:\/\/dicodusport.fr\/blog\/wp-content\/uploads\/2024\/02\/Cyclisme-Juan-Ayuso-deja-attendu-sur-la-Ruta-de-Sol.png\",\"datePublished\":\"2024-02-14T08:00:29+00:00\",\"description\":\"CYCLISME - Premi\u00e8re course \u00e0 \u00e9tapes de l'ann\u00e9e pour le jeune Espagnol Juan Ayuso (UAE-Team Emirates), qui sera attendu \u00e0 la Ruta del Sol.\",\"breadcrumb\":{\"@id\":\"https:\/\/dicodusport.fr\/blog\/cyclisme-juan-ayuso-deja-attendu-sur-la-ruta-del-sol\/#breadcrumb\"},\"inLanguage\":\"fr-FR\",\"potentialAction\":[{\"@type\":\"ReadAction\",\"target\":[\"https:\/\/dicodusport.fr\/blog\/cyclisme-juan-ayuso-deja-attendu-sur-la-ruta-del-sol\/\"]}]},{\"@type\":\"ImageObject\",\"inLanguage\":\"fr-FR\",\"@id\":\"https:\/\/dicodusport.fr\/blog\/cyclisme-juan-ayuso-deja-attendu-sur-la-ruta-del-sol\/#primaryimage\",\"url\":\"https:\/\/dicodusport.fr\/blog\/wp-content\/uploads\/2024\/02\/Cyclisme-Juan-Ayuso-deja-attendu-sur-la-Ruta-de-Sol.png\",\"contentUrl\":\"https:\/\/dicodusport.fr\/blog\/wp-content\/uploads\/2024\/02\/Cyclisme-Juan-Ayuso-deja-attendu-sur-la-Ruta-de-Sol.png\",\"width\":1200,\"height\":674,\"caption\":\"Tour d'Andalousie 2024 - Classement 3\u00e8me \u00e9tape Ruta del Sol\"},{\"@type\":\"BreadcrumbList\",\"@id\":\"https:\/\/dicodusport.fr\/blog\/cyclisme-juan-ayuso-deja-attendu-sur-la-ruta-del-sol\/#breadcrumb\",\"itemListElement\":[{\"@type\":\"ListItem\",\"position\":1,\"name\":\"Accueil\",\"item\":\"https:\/\/dicodusport.fr\/blog\/\"},{\"@type\":\"ListItem\",\"position\":2,\"name\":\"Cyclisme : Juan Ayuso d\u00e9j\u00e0 attendu sur la Ruta del Sol\"}]},{\"@type\":\"WebSite\",\"@id\":\"https:\/\/dicodusport.fr\/blog\/#website\",\"url\":\"https:\/\/dicodusport.fr\/blog\/\",\"name\":\"Dicodusport\",\"description\":\"L&#039;encyclop\u00e9die de l&#039;actualit\u00e9 sportive\",\"publisher\":{\"@id\":\"https:\/\/dicodusport.fr\/blog\/#organization\"},\"potentialAction\":[{\"@type\":\"SearchAction\",\"target\":{\"@type\":\"EntryPoint\",\"urlTemplate\":\"https:\/\/dicodusport.fr\/blog\/?s={search_term_string}\"},\"query-input\":{\"@type\":\"PropertyValueSpecification\",\"valueRequired\":true,\"valueName\":\"search_term_string\"}}],\"inLanguage\":\"fr-FR\"},{\"@type\":\"NewsMediaOrganization\",\"@id\":\"https:\/\/dicodusport.fr\/blog\/#organization\",\"name\":\"Dicodusport\",\"url\":\"https:\/\/dicodusport.fr\/blog\/\",\"logo\":{\"@type\":\"ImageObject\",\"inLanguage\":\"fr-FR\",\"@id\":\"https:\/\/dicodusport.fr\/blog\/#\/schema\/logo\/image\/\",\"url\":\"https:\/\/dicodusport.fr\/blog\/wp-content\/uploads\/2020\/06\/cropped-LOGO-DICODUSPORT-2020-SANS-FOND-SANS-TEXTE.png\",\"contentUrl\":\"https:\/\/dicodusport.fr\/blog\/wp-content\/uploads\/2020\/06\/cropped-LOGO-DICODUSPORT-2020-SANS-FOND-SANS-TEXTE.png\",\"width\":512,\"height\":512,\"caption\":\"Dicodusport\"},\"image\":{\"@id\":\"https:\/\/dicodusport.fr\/blog\/#\/schema\/logo\/image\/\"},\"sameAs\":[\"https:\/\/www.facebook.com\/dicodusport\",\"https:\/\/x.com\/dicodusport\",\"https:\/\/www.instagram.com\/dicodusport\/\",\"https:\/\/www.youtube.com\/channel\/UC7V2KZ5sd3htJivAbA4ZG3w\"],\"description\":\"Dicodusport est l'encyclop\u00e9die de l'actualit\u00e9 sportive.\",\"email\":\"bonjour@dicodusport.fr\",\"legalName\":\"DICODUSPORT\",\"foundingDate\":\"2018-01-14\",\"vatID\":\"FR71834470973\",\"taxID\":\"83447097300043\",\"numberOfEmployees\":{\"@type\":\"QuantitativeValue\",\"minValue\":\"1\",\"maxValue\":\"10\"}},{\"@type\":\"Person\",\"@id\":\"https:\/\/dicodusport.fr\/blog\/#\/schema\/person\/d603dd7da31fb2b46c82b9835a77ec13\",\"name\":\"Etienne Goursaud\",\"image\":{\"@type\":\"ImageObject\",\"inLanguage\":\"fr-FR\",\"@id\":\"https:\/\/dicodusport.fr\/blog\/#\/schema\/person\/image\/\",\"url\":\"https:\/\/dicodusport.fr\/blog\/wp-content\/uploads\/2023\/12\/410122264_10231602061736049_5565839791558026645_n-150x150.jpg\",\"contentUrl\":\"https:\/\/dicodusport.fr\/blog\/wp-content\/uploads\/2023\/12\/410122264_10231602061736049_5565839791558026645_n-150x150.jpg\",\"caption\":\"Etienne Goursaud\"},\"description\":\"Journaliste et amoureux de sport. Ancien footballeur reconverti athl\u00e8te quand ses muscles le laissent tranquille. \u00c9lev\u00e9 \u00e0 la sauce des exploits de Thomas Voeckler en 2004, du dernier essai de l\u00e9gende de Eunice Barber \u00e0 la longueur lors des championnats du monde d'athl\u00e9tisme de 2003 mais aussi Zidane, Omeyer et Titou Lamaison.\",\"url\":\"https:\/\/dicodusport.fr\/blog\/author\/etienne-goursaud\/\"}]}<\/script>\n<!-- \/ Yoast SEO Premium plugin. -->","yoast_head_json":{"title":"Cyclisme : Juan Ayuso d\u00e9j\u00e0 attendu sur la Ruta del Sol","description":"CYCLISME - Premi\u00e8re course \u00e0 \u00e9tapes de l'ann\u00e9e pour le jeune Espagnol Juan Ayuso (UAE-Team Emirates), qui sera attendu \u00e0 la Ruta del Sol.","robots":{"index":"index","follow":"follow","max-snippet":"max-snippet:-1","max-image-preview":"max-image-preview:large","max-video-preview":"max-video-preview:-1"},"canonical":"https:\/\/dicodusport.fr\/blog\/cyclisme-juan-ayuso-deja-attendu-sur-la-ruta-del-sol\/","og_locale":"fr_FR","og_type":"article","og_title":"Cyclisme : Juan Ayuso d\u00e9j\u00e0 attendu sur la Ruta del Sol","og_description":"CYCLISME - Premi\u00e8re course \u00e0 \u00e9tapes de l'ann\u00e9e pour le jeune Espagnol Juan Ayuso (UAE-Team Emirates), qui sera attendu \u00e0 la Ruta del Sol.","og_url":"https:\/\/dicodusport.fr\/blog\/cyclisme-juan-ayuso-deja-attendu-sur-la-ruta-del-sol\/","og_site_name":"Dicodusport","article_publisher":"https:\/\/www.facebook.com\/dicodusport","article_published_time":"2024-02-14T08:00:29+00:00","og_image":[{"width":1200,"height":674,"url":"https:\/\/dicodusport.fr\/blog\/wp-content\/uploads\/2024\/02\/Cyclisme-Juan-Ayuso-deja-attendu-sur-la-Ruta-de-Sol.png","type":"image\/png"}],"author":"Etienne Goursaud","twitter_card":"summary_large_image","twitter_title":"Cyclisme : Juan Ayuso d\u00e9j\u00e0 attendu sur la Ruta del Sol","twitter_creator":"@dicodusport","twitter_site":"@dicodusport","schema":{"@context":"https:\/\/schema.org","@graph":[{"@type":"NewsArticle","@id":"https:\/\/dicodusport.fr\/blog\/cyclisme-juan-ayuso-deja-attendu-sur-la-ruta-del-sol\/#article","isPartOf":{"@id":"https:\/\/dicodusport.fr\/blog\/cyclisme-juan-ayuso-deja-attendu-sur-la-ruta-del-sol\/"},"author":{"name":"Etienne Goursaud","@id":"https:\/\/dicodusport.fr\/blog\/#\/schema\/person\/d603dd7da31fb2b46c82b9835a77ec13"},"headline":"Cyclisme : Juan Ayuso d\u00e9j\u00e0 attendu sur la Ruta del Sol","datePublished":"2024-02-14T08:00:29+00:00","mainEntityOfPage":{"@id":"https:\/\/dicodusport.fr\/blog\/cyclisme-juan-ayuso-deja-attendu-sur-la-ruta-del-sol\/"},"wordCount":780,"commentCount":0,"publisher":{"@id":"https:\/\/dicodusport.fr\/blog\/#organization"},"image":{"@id":"https:\/\/dicodusport.fr\/blog\/cyclisme-juan-ayuso-deja-attendu-sur-la-ruta-del-sol\/#primaryimage"},"thumbnailUrl":"https:\/\/dicodusport.fr\/blog\/wp-content\/uploads\/2024\/02\/Cyclisme-Juan-Ayuso-deja-attendu-sur-la-Ruta-de-Sol.png","keywords":["br\u00e8ve","Cyclisme","Juan Ayuso","UAE Team Emirates"],"articleSection":["Cyclisme sur route"],"inLanguage":"fr-FR","potentialAction":[{"@type":"CommentAction","name":"Comment","target":["https:\/\/dicodusport.fr\/blog\/cyclisme-juan-ayuso-deja-attendu-sur-la-ruta-del-sol\/#respond"]}],"copyrightYear":"2024","copyrightHolder":{"@id":"https:\/\/dicodusport.fr\/blog\/#organization"}},{"@type":"WebPage","@id":"https:\/\/dicodusport.fr\/blog\/cyclisme-juan-ayuso-deja-attendu-sur-la-ruta-del-sol\/","url":"https:\/\/dicodusport.fr\/blog\/cyclisme-juan-ayuso-deja-attendu-sur-la-ruta-del-sol\/","name":"Cyclisme : Juan Ayuso d\u00e9j\u00e0 attendu sur la Ruta del Sol","isPartOf":{"@id":"https:\/\/dicodusport.fr\/blog\/#website"},"primaryImageOfPage":{"@id":"https:\/\/dicodusport.fr\/blog\/cyclisme-juan-ayuso-deja-attendu-sur-la-ruta-del-sol\/#primaryimage"},"image":{"@id":"https:\/\/dicodusport.fr\/blog\/cyclisme-juan-ayuso-deja-attendu-sur-la-ruta-del-sol\/#primaryimage"},"thumbnailUrl":"https:\/\/dicodusport.fr\/blog\/wp-content\/uploads\/2024\/02\/Cyclisme-Juan-Ayuso-deja-attendu-sur-la-Ruta-de-Sol.png","datePublished":"2024-02-14T08:00:29+00:00","description":"CYCLISME - Premi\u00e8re course \u00e0 \u00e9tapes de l'ann\u00e9e pour le jeune Espagnol Juan Ayuso (UAE-Team Emirates), qui sera attendu \u00e0 la Ruta del Sol.","breadcrumb":{"@id":"https:\/\/dicodusport.fr\/blog\/cyclisme-juan-ayuso-deja-attendu-sur-la-ruta-del-sol\/#breadcrumb"},"inLanguage":"fr-FR","potentialAction":[{"@type":"ReadAction","target":["https:\/\/dicodusport.fr\/blog\/cyclisme-juan-ayuso-deja-attendu-sur-la-ruta-del-sol\/"]}]},{"@type":"ImageObject","inLanguage":"fr-FR","@id":"https:\/\/dicodusport.fr\/blog\/cyclisme-juan-ayuso-deja-attendu-sur-la-ruta-del-sol\/#primaryimage","url":"https:\/\/dicodusport.fr\/blog\/wp-content\/uploads\/2024\/02\/Cyclisme-Juan-Ayuso-deja-attendu-sur-la-Ruta-de-Sol.png","contentUrl":"https:\/\/dicodusport.fr\/blog\/wp-content\/uploads\/2024\/02\/Cyclisme-Juan-Ayuso-deja-attendu-sur-la-Ruta-de-Sol.png","width":1200,"height":674,"caption":"Tour d'Andalousie 2024 - Classement 3\u00e8me \u00e9tape Ruta del Sol"},{"@type":"BreadcrumbList","@id":"https:\/\/dicodusport.fr\/blog\/cyclisme-juan-ayuso-deja-attendu-sur-la-ruta-del-sol\/#breadcrumb","itemListElement":[{"@type":"ListItem","position":1,"name":"Accueil","item":"https:\/\/dicodusport.fr\/blog\/"},{"@type":"ListItem","position":2,"name":"Cyclisme : Juan Ayuso d\u00e9j\u00e0 attendu sur la Ruta del Sol"}]},{"@type":"WebSite","@id":"https:\/\/dicodusport.fr\/blog\/#website","url":"https:\/\/dicodusport.fr\/blog\/","name":"Dicodusport","description":"L&#039;encyclop\u00e9die de l&#039;actualit\u00e9 sportive","publisher":{"@id":"https:\/\/dicodusport.fr\/blog\/#organization"},"potentialAction":[{"@type":"SearchAction","target":{"@type":"EntryPoint","urlTemplate":"https:\/\/dicodusport.fr\/blog\/?s={search_term_string}"},"query-input":{"@type":"PropertyValueSpecification","valueRequired":true,"valueName":"search_term_string"}}],"inLanguage":"fr-FR"},{"@type":"NewsMediaOrganization","@id":"https:\/\/dicodusport.fr\/blog\/#organization","name":"Dicodusport","url":"https:\/\/dicodusport.fr\/blog\/","logo":{"@type":"ImageObject","inLanguage":"fr-FR","@id":"https:\/\/dicodusport.fr\/blog\/#\/schema\/logo\/image\/","url":"https:\/\/dicodusport.fr\/blog\/wp-content\/uploads\/2020\/06\/cropped-LOGO-DICODUSPORT-2020-SANS-FOND-SANS-TEXTE.png","contentUrl":"https:\/\/dicodusport.fr\/blog\/wp-content\/uploads\/2020\/06\/cropped-LOGO-DICODUSPORT-2020-SANS-FOND-SANS-TEXTE.png","width":512,"height":512,"caption":"Dicodusport"},"image":{"@id":"https:\/\/dicodusport.fr\/blog\/#\/schema\/logo\/image\/"},"sameAs":["https:\/\/www.facebook.com\/dicodusport","https:\/\/x.com\/dicodusport","https:\/\/www.instagram.com\/dicodusport\/","https:\/\/www.youtube.com\/channel\/UC7V2KZ5sd3htJivAbA4ZG3w"],"description":"Dicodusport est l'encyclop\u00e9die de l'actualit\u00e9 sportive.","email":"bonjour@dicodusport.fr","legalName":"DICODUSPORT","foundingDate":"2018-01-14","vatID":"FR71834470973","taxID":"83447097300043","numberOfEmployees":{"@type":"QuantitativeValue","minValue":"1","maxValue":"10"}},{"@type":"Person","@id":"https:\/\/dicodusport.fr\/blog\/#\/schema\/person\/d603dd7da31fb2b46c82b9835a77ec13","name":"Etienne Goursaud","image":{"@type":"ImageObject","inLanguage":"fr-FR","@id":"https:\/\/dicodusport.fr\/blog\/#\/schema\/person\/image\/","url":"https:\/\/dicodusport.fr\/blog\/wp-content\/uploads\/2023\/12\/410122264_10231602061736049_5565839791558026645_n-150x150.jpg","contentUrl":"https:\/\/dicodusport.fr\/blog\/wp-content\/uploads\/2023\/12\/410122264_10231602061736049_5565839791558026645_n-150x150.jpg","caption":"Etienne Goursaud"},"description":"Journaliste et amoureux de sport. Ancien footballeur reconverti athl\u00e8te quand ses muscles le laissent tranquille. \u00c9lev\u00e9 \u00e0 la sauce des exploits de Thomas Voeckler en 2004, du dernier essai de l\u00e9gende de Eunice Barber \u00e0 la longueur lors des championnats du monde d'athl\u00e9tisme de 2003 mais aussi Zidane, Omeyer et Titou Lamaison.","url":"https:\/\/dicodusport.fr\/blog\/author\/etienne-goursaud\/"}]}},"_links":{"self":[{"href":"https:\/\/dicodusport.fr\/blog\/wp-json\/wp\/v2\/posts\/462941","targetHints":{"allow":["GET"]}}],"collection":[{"href":"https:\/\/dicodusport.fr\/blog\/wp-json\/wp\/v2\/posts"}],"about":[{"href":"https:\/\/dicodusport.fr\/blog\/wp-json\/wp\/v2\/types\/post"}],"author":[{"embeddable":true,"href":"https:\/\/dicodusport.fr\/blog\/wp-json\/wp\/v2\/users\/83"}],"replies":[{"embeddable":true,"href":"https:\/\/dicodusport.fr\/blog\/wp-json\/wp\/v2\/comments?post=462941"}],"version-history":[{"count":4,"href":"https:\/\/dicodusport.fr\/blog\/wp-json\/wp\/v2\/posts\/462941\/revisions"}],"predecessor-version":[{"id":463102,"href":"https:\/\/dicodusport.fr\/blog\/wp-json\/wp\/v2\/posts\/462941\/revisions\/463102"}],"wp:featuredmedia":[{"embeddable":true,"href":"https:\/\/dicodusport.fr\/blog\/wp-json\/wp\/v2\/media\/463101"}],"wp:attachment":[{"href":"https:\/\/dicodusport.fr\/blog\/wp-json\/wp\/v2\/media?parent=462941"}],"wp:term":[{"taxonomy":"category","embeddable":true,"href":"https:\/\/dicodusport.fr\/blog\/wp-json\/wp\/v2\/categories?post=462941"},{"taxonomy":"post_tag","embeddable":true,"href":"https:\/\/dicodusport.fr\/blog\/wp-json\/wp\/v2\/tags?post=462941"}],"curies":[{"name":"wp","href":"https:\/\/api.w.org\/{rel}","templated":true}]}}