{"id":463094,"date":"2024-02-13T22:13:09","date_gmt":"2024-02-13T21:13:09","guid":{"rendered":"https:\/\/dicodusport.fr\/blog\/?p=463094&#038;preview=true&#038;preview_id=463094"},"modified":"2024-02-13T22:15:47","modified_gmt":"2024-02-13T21:15:47","slug":"ski-de-fond-canmore-richard-jouve-decroche-son-deuxieme-podium-de-la-saison-sur-le-sprint-classique","status":"publish","type":"post","link":"https:\/\/dicodusport.fr\/blog\/ski-de-fond-canmore-richard-jouve-decroche-son-deuxieme-podium-de-la-saison-sur-le-sprint-classique\/","title":{"rendered":"Ski de fond Canmore : Richard Jouve d\u00e9croche son deuxi\u00e8me podium de la saison sur le sprint classique"},"content":{"rendered":"<p style=\"text-align: justify;\"><strong><em>COUPE DU MONDE DE SKI DE FOND &#8211; Richard Jouve a r\u00e9alis\u00e9 une superbe performance lors du sprint classique qui mettait un terme aux \u00e9preuves de Canmore. Le Tricolore s&rsquo;est empar\u00e9 de la 2e place, \u00e9chouant d&rsquo;un rien derri\u00e8re Johannes Kl\u00e6bo.<\/em><\/strong><\/p>\n<p style=\"text-align: justify;\"><strong>Richard Jouve<\/strong> est de retour sur la bo\u00eete ! Auteur d&rsquo;un podium d\u00e8s le premier weekend de la saison fin 2023, le Fran\u00e7ais avait depuis eu du mal \u00e0 retrouver son top niveau suite \u00e0 une maladie. Ce mardi, il a prouv\u00e9 qu&rsquo;il \u00e9tait de nouveau bien pr\u00e9sent lors du<strong> sprint classique<\/strong> qui mettait un terme aux \u00e9preuves de <strong>Canmore<\/strong> (Canada).<\/p>\n<p style=\"text-align: justify;\">Tout au long du tournoi, le Fran\u00e7ais a ma\u00eetris\u00e9 son sujet pour se hisser en finale. L\u00e0 encore, il a r\u00e9alis\u00e9 une course de folie. Au coude \u00e0 coude avec<strong>\u00a0Johannes Kl\u00e6bo<\/strong>, il \u00e9choue finalement \u00e0 moins de six centi\u00e8mes du Norv\u00e9gien. Cela lui permet malgr\u00e9 tout de se positionner sur la 2e marche du podium. C&rsquo;est au passage la 20e fois de sa carri\u00e8re qu&rsquo;il parvient \u00e0 accrocher un Top 3 en Coupe du monde. De bon augure pour la suite de la saison.<\/p>\n<p style=\"text-align: justify;\">En revanche, les autres tricolores n&rsquo;ont pas connu le m\u00eame succ\u00e8s. <strong>Jules Chappaz<\/strong> et <strong>Renaud Jay<\/strong> n&rsquo;ont pas d\u00e9pass\u00e9 les quarts, tandis que <strong>Lucas Chanavat<\/strong> a \u00e9t\u00e9 \u00e9ject\u00e9 en demies, et se classe finalement 9e de l&rsquo;\u00e9preuve.<\/p>\n<blockquote class=\"twitter-tweet\">\n<p dir=\"ltr\" lang=\"fr\">SUR LE RING. \ud83d\udcaa\ud83c\udffb<a href=\"https:\/\/twitter.com\/Richardjouve?ref_src=twsrc%5Etfw\">@Richardjouve<\/a> s\u2019octroie, au terme d\u2019un finish de patron, une 2e place sur le Sprint Classique de Canmore.<\/p>\n<p>Second podium de la saison pour notre tricolore qui revient sur le devant de la sc\u00e8ne mondiale !<\/p>\n<p>\ud83d\udcf7 Nordic Focus <a href=\"https:\/\/t.co\/3Cd1F8YNpc\">pic.twitter.com\/3Cd1F8YNpc<\/a><\/p>\n<p>\u2014 FFS &#8211; F\u00e9d\u00e9ration Fran\u00e7aise de Ski (@FedFranceSki) <a href=\"https:\/\/twitter.com\/FedFranceSki\/status\/1757502193266307370?ref_src=twsrc%5Etfw\">February 13, 2024<\/a><\/p><\/blockquote>\n<p><script async src=\"https:\/\/platform.twitter.com\/widgets.js\" charset=\"utf-8\"><\/script><\/p>\n","protected":false},"excerpt":{"rendered":"<p>COUPE DU MONDE DE SKI DE FOND &#8211; Pour l&rsquo;ouverture de la saison \u00e0 Ruka, en Finlande, le Norv\u00e9gien Erik Vernes s&rsquo;adjuge le sprint classique. Richard Jouve lance id\u00e9alement sa saison avec une belle seconde place.<\/p>\n","protected":false},"author":55,"featured_media":463096,"comment_status":"open","ping_status":"closed","sticky":false,"template":"","format":"standard","meta":{"_acf_changed":false,"_daextam_enable_autolinks":"1","footnotes":""},"categories":[9217],"tags":[16878,7213,30338,3895,2819],"class_list":["post-463094","post","type-post","status-publish","format-standard","has-post-thumbnail","hentry","category-ski","tag-breve","tag-canmore","tag-johannes-klaebo","tag-richard-jouve","tag-ski-de-fond"],"acf":[],"yoast_head":"<!-- This site is optimized with the Yoast SEO Premium plugin v26.7 (Yoast SEO v26.7) - https:\/\/yoast.com\/wordpress\/plugins\/seo\/ -->\n<title>Ski de fond Canmore : Richard Jouve d\u00e9croche son deuxi\u00e8me podium de la saison sur le sprint classique<\/title>\n<meta name=\"description\" content=\"COUPE DU MONDE DE SKI DE FOND - Richard Jouve a obtenu son 20e podium en carri\u00e8re en terminant 2e du sprint classique \u00e0 Canmore.\" \/>\n<meta name=\"robots\" content=\"index, follow, max-snippet:-1, max-image-preview:large, max-video-preview:-1\" \/>\n<link rel=\"canonical\" href=\"https:\/\/dicodusport.fr\/blog\/ski-de-fond-canmore-richard-jouve-decroche-son-deuxieme-podium-de-la-saison-sur-le-sprint-classique\/\" \/>\n<meta property=\"og:locale\" content=\"fr_FR\" \/>\n<meta property=\"og:type\" content=\"article\" \/>\n<meta property=\"og:title\" content=\"Ski de fond Canmore : Richard Jouve d\u00e9croche son deuxi\u00e8me podium de la saison sur le sprint classique\" \/>\n<meta property=\"og:description\" content=\"COUPE DU MONDE DE SKI DE FOND - Richard Jouve a obtenu son 20e podium en carri\u00e8re en terminant 2e du sprint classique \u00e0 Canmore.\" \/>\n<meta property=\"og:url\" content=\"https:\/\/dicodusport.fr\/blog\/ski-de-fond-canmore-richard-jouve-decroche-son-deuxieme-podium-de-la-saison-sur-le-sprint-classique\/\" \/>\n<meta property=\"og:site_name\" content=\"Dicodusport\" \/>\n<meta property=\"article:publisher\" content=\"https:\/\/www.facebook.com\/dicodusport\" \/>\n<meta property=\"article:published_time\" content=\"2024-02-13T21:13:09+00:00\" \/>\n<meta property=\"article:modified_time\" content=\"2024-02-13T21:15:47+00:00\" \/>\n<meta property=\"og:image\" content=\"https:\/\/dicodusport.fr\/blog\/wp-content\/uploads\/2024\/02\/Ski-de-fond-Canmore-Richard-Jouve-decroche-son-deuxieme-podium-de-la-saison-sur-le-sprint-classique.png\" \/>\n\t<meta property=\"og:image:width\" content=\"1200\" \/>\n\t<meta property=\"og:image:height\" content=\"674\" \/>\n\t<meta property=\"og:image:type\" content=\"image\/png\" \/>\n<meta name=\"author\" content=\"Maxime Cazenave\" \/>\n<meta name=\"twitter:card\" content=\"summary_large_image\" \/>\n<meta name=\"twitter:title\" content=\"Ski de fond Canmore : Richard Jouve d\u00e9croche son deuxi\u00e8me podium de la saison sur le sprint classique\" \/>\n<meta name=\"twitter:creator\" content=\"@https:\/\/twitter.com\/Maxime_Caze\" \/>\n<meta name=\"twitter:site\" content=\"@dicodusport\" \/>\n<script type=\"application\/ld+json\" class=\"yoast-schema-graph\">{\"@context\":\"https:\/\/schema.org\",\"@graph\":[{\"@type\":\"NewsArticle\",\"@id\":\"https:\/\/dicodusport.fr\/blog\/ski-de-fond-canmore-richard-jouve-decroche-son-deuxieme-podium-de-la-saison-sur-le-sprint-classique\/#article\",\"isPartOf\":{\"@id\":\"https:\/\/dicodusport.fr\/blog\/ski-de-fond-canmore-richard-jouve-decroche-son-deuxieme-podium-de-la-saison-sur-le-sprint-classique\/\"},\"author\":{\"name\":\"Maxime Cazenave\",\"@id\":\"https:\/\/dicodusport.fr\/blog\/#\/schema\/person\/37def232098a7a5cbab3974a3690abb0\"},\"headline\":\"Ski de fond Canmore : Richard Jouve d\u00e9croche son deuxi\u00e8me podium de la saison sur le sprint classique\",\"datePublished\":\"2024-02-13T21:13:09+00:00\",\"dateModified\":\"2024-02-13T21:15:47+00:00\",\"mainEntityOfPage\":{\"@id\":\"https:\/\/dicodusport.fr\/blog\/ski-de-fond-canmore-richard-jouve-decroche-son-deuxieme-podium-de-la-saison-sur-le-sprint-classique\/\"},\"wordCount\":320,\"commentCount\":0,\"publisher\":{\"@id\":\"https:\/\/dicodusport.fr\/blog\/#organization\"},\"image\":{\"@id\":\"https:\/\/dicodusport.fr\/blog\/ski-de-fond-canmore-richard-jouve-decroche-son-deuxieme-podium-de-la-saison-sur-le-sprint-classique\/#primaryimage\"},\"thumbnailUrl\":\"https:\/\/dicodusport.fr\/blog\/wp-content\/uploads\/2024\/02\/Ski-de-fond-Canmore-Richard-Jouve-decroche-son-deuxieme-podium-de-la-saison-sur-le-sprint-classique.png\",\"keywords\":[\"br\u00e8ve\",\"Canmore\",\"Johannes Kl\u00e6bo\",\"Richard Jouve\",\"Ski de fond\"],\"articleSection\":[\"Ski\"],\"inLanguage\":\"fr-FR\",\"potentialAction\":[{\"@type\":\"CommentAction\",\"name\":\"Comment\",\"target\":[\"https:\/\/dicodusport.fr\/blog\/ski-de-fond-canmore-richard-jouve-decroche-son-deuxieme-podium-de-la-saison-sur-le-sprint-classique\/#respond\"]}],\"copyrightYear\":\"2024\",\"copyrightHolder\":{\"@id\":\"https:\/\/dicodusport.fr\/blog\/#organization\"}},{\"@type\":\"WebPage\",\"@id\":\"https:\/\/dicodusport.fr\/blog\/ski-de-fond-canmore-richard-jouve-decroche-son-deuxieme-podium-de-la-saison-sur-le-sprint-classique\/\",\"url\":\"https:\/\/dicodusport.fr\/blog\/ski-de-fond-canmore-richard-jouve-decroche-son-deuxieme-podium-de-la-saison-sur-le-sprint-classique\/\",\"name\":\"Ski de fond Canmore : Richard Jouve d\u00e9croche son deuxi\u00e8me podium de la saison sur le sprint classique\",\"isPartOf\":{\"@id\":\"https:\/\/dicodusport.fr\/blog\/#website\"},\"primaryImageOfPage\":{\"@id\":\"https:\/\/dicodusport.fr\/blog\/ski-de-fond-canmore-richard-jouve-decroche-son-deuxieme-podium-de-la-saison-sur-le-sprint-classique\/#primaryimage\"},\"image\":{\"@id\":\"https:\/\/dicodusport.fr\/blog\/ski-de-fond-canmore-richard-jouve-decroche-son-deuxieme-podium-de-la-saison-sur-le-sprint-classique\/#primaryimage\"},\"thumbnailUrl\":\"https:\/\/dicodusport.fr\/blog\/wp-content\/uploads\/2024\/02\/Ski-de-fond-Canmore-Richard-Jouve-decroche-son-deuxieme-podium-de-la-saison-sur-le-sprint-classique.png\",\"datePublished\":\"2024-02-13T21:13:09+00:00\",\"dateModified\":\"2024-02-13T21:15:47+00:00\",\"description\":\"COUPE DU MONDE DE SKI DE FOND - Richard Jouve a obtenu son 20e podium en carri\u00e8re en terminant 2e du sprint classique \u00e0 Canmore.\",\"breadcrumb\":{\"@id\":\"https:\/\/dicodusport.fr\/blog\/ski-de-fond-canmore-richard-jouve-decroche-son-deuxieme-podium-de-la-saison-sur-le-sprint-classique\/#breadcrumb\"},\"inLanguage\":\"fr-FR\",\"potentialAction\":[{\"@type\":\"ReadAction\",\"target\":[\"https:\/\/dicodusport.fr\/blog\/ski-de-fond-canmore-richard-jouve-decroche-son-deuxieme-podium-de-la-saison-sur-le-sprint-classique\/\"]}]},{\"@type\":\"ImageObject\",\"inLanguage\":\"fr-FR\",\"@id\":\"https:\/\/dicodusport.fr\/blog\/ski-de-fond-canmore-richard-jouve-decroche-son-deuxieme-podium-de-la-saison-sur-le-sprint-classique\/#primaryimage\",\"url\":\"https:\/\/dicodusport.fr\/blog\/wp-content\/uploads\/2024\/02\/Ski-de-fond-Canmore-Richard-Jouve-decroche-son-deuxieme-podium-de-la-saison-sur-le-sprint-classique.png\",\"contentUrl\":\"https:\/\/dicodusport.fr\/blog\/wp-content\/uploads\/2024\/02\/Ski-de-fond-Canmore-Richard-Jouve-decroche-son-deuxieme-podium-de-la-saison-sur-le-sprint-classique.png\",\"width\":1200,\"height\":674,\"caption\":\"Ski de fond Canmore : Richard Jouve d\u00e9croche son deuxi\u00e8me podium de la saison sur le sprint classique\"},{\"@type\":\"BreadcrumbList\",\"@id\":\"https:\/\/dicodusport.fr\/blog\/ski-de-fond-canmore-richard-jouve-decroche-son-deuxieme-podium-de-la-saison-sur-le-sprint-classique\/#breadcrumb\",\"itemListElement\":[{\"@type\":\"ListItem\",\"position\":1,\"name\":\"Accueil\",\"item\":\"https:\/\/dicodusport.fr\/blog\/\"},{\"@type\":\"ListItem\",\"position\":2,\"name\":\"Ski de fond Canmore : Richard Jouve d\u00e9croche son deuxi\u00e8me podium de la saison sur le sprint classique\"}]},{\"@type\":\"WebSite\",\"@id\":\"https:\/\/dicodusport.fr\/blog\/#website\",\"url\":\"https:\/\/dicodusport.fr\/blog\/\",\"name\":\"Dicodusport\",\"description\":\"L&#039;encyclop\u00e9die de l&#039;actualit\u00e9 sportive\",\"publisher\":{\"@id\":\"https:\/\/dicodusport.fr\/blog\/#organization\"},\"potentialAction\":[{\"@type\":\"SearchAction\",\"target\":{\"@type\":\"EntryPoint\",\"urlTemplate\":\"https:\/\/dicodusport.fr\/blog\/?s={search_term_string}\"},\"query-input\":{\"@type\":\"PropertyValueSpecification\",\"valueRequired\":true,\"valueName\":\"search_term_string\"}}],\"inLanguage\":\"fr-FR\"},{\"@type\":\"NewsMediaOrganization\",\"@id\":\"https:\/\/dicodusport.fr\/blog\/#organization\",\"name\":\"Dicodusport\",\"url\":\"https:\/\/dicodusport.fr\/blog\/\",\"logo\":{\"@type\":\"ImageObject\",\"inLanguage\":\"fr-FR\",\"@id\":\"https:\/\/dicodusport.fr\/blog\/#\/schema\/logo\/image\/\",\"url\":\"https:\/\/dicodusport.fr\/blog\/wp-content\/uploads\/2020\/06\/cropped-LOGO-DICODUSPORT-2020-SANS-FOND-SANS-TEXTE.png\",\"contentUrl\":\"https:\/\/dicodusport.fr\/blog\/wp-content\/uploads\/2020\/06\/cropped-LOGO-DICODUSPORT-2020-SANS-FOND-SANS-TEXTE.png\",\"width\":512,\"height\":512,\"caption\":\"Dicodusport\"},\"image\":{\"@id\":\"https:\/\/dicodusport.fr\/blog\/#\/schema\/logo\/image\/\"},\"sameAs\":[\"https:\/\/www.facebook.com\/dicodusport\",\"https:\/\/x.com\/dicodusport\",\"https:\/\/www.instagram.com\/dicodusport\/\",\"https:\/\/www.youtube.com\/channel\/UC7V2KZ5sd3htJivAbA4ZG3w\"],\"description\":\"Dicodusport est l'encyclop\u00e9die de l'actualit\u00e9 sportive.\",\"email\":\"bonjour@dicodusport.fr\",\"legalName\":\"DICODUSPORT\",\"foundingDate\":\"2018-01-14\",\"vatID\":\"FR71834470973\",\"taxID\":\"83447097300043\",\"numberOfEmployees\":{\"@type\":\"QuantitativeValue\",\"minValue\":\"1\",\"maxValue\":\"10\"}},{\"@type\":\"Person\",\"@id\":\"https:\/\/dicodusport.fr\/blog\/#\/schema\/person\/37def232098a7a5cbab3974a3690abb0\",\"name\":\"Maxime Cazenave\",\"image\":{\"@type\":\"ImageObject\",\"inLanguage\":\"fr-FR\",\"@id\":\"https:\/\/dicodusport.fr\/blog\/#\/schema\/person\/image\/\",\"url\":\"https:\/\/dicodusport.fr\/blog\/wp-content\/uploads\/2021\/05\/Maxime-Cazenave-150x150.jpg\",\"contentUrl\":\"https:\/\/dicodusport.fr\/blog\/wp-content\/uploads\/2021\/05\/Maxime-Cazenave-150x150.jpg\",\"caption\":\"Maxime Cazenave\"},\"description\":\"Journaliste\/R\u00e9dacteur depuis 2012 - Berc\u00e9 par l\u2019amour des Girondins de Bordeaux, les \u00e9checs de Christophe Moreau sur le Tour de France sous l'\u00e8re Lance Armstrong et le fade-away l\u00e9tal de Dirk Nowitzki, ma passion d\u00e9vorante pour le sport a toujours \u00e9t\u00e9 un pan incontournable de ma vie. Transmettre ma passion \u00e0 l\u2019\u00e9crit a \u00e9t\u00e9 une transition naturelle. Suiveur assidu de basket et de hockey sur glace, je garde toujours un peu de place pour suivre le cyclisme, le football et le maximum de performances fran\u00e7aises.\",\"sameAs\":[\"https:\/\/x.com\/https:\/\/twitter.com\/Maxime_Caze\"],\"url\":\"https:\/\/dicodusport.fr\/blog\/author\/maximec\/\"}]}<\/script>\n<!-- \/ Yoast SEO Premium plugin. -->","yoast_head_json":{"title":"Ski de fond Canmore : Richard Jouve d\u00e9croche son deuxi\u00e8me podium de la saison sur le sprint classique","description":"COUPE DU MONDE DE SKI DE FOND - Richard Jouve a obtenu son 20e podium en carri\u00e8re en terminant 2e du sprint classique \u00e0 Canmore.","robots":{"index":"index","follow":"follow","max-snippet":"max-snippet:-1","max-image-preview":"max-image-preview:large","max-video-preview":"max-video-preview:-1"},"canonical":"https:\/\/dicodusport.fr\/blog\/ski-de-fond-canmore-richard-jouve-decroche-son-deuxieme-podium-de-la-saison-sur-le-sprint-classique\/","og_locale":"fr_FR","og_type":"article","og_title":"Ski de fond Canmore : Richard Jouve d\u00e9croche son deuxi\u00e8me podium de la saison sur le sprint classique","og_description":"COUPE DU MONDE DE SKI DE FOND - Richard Jouve a obtenu son 20e podium en carri\u00e8re en terminant 2e du sprint classique \u00e0 Canmore.","og_url":"https:\/\/dicodusport.fr\/blog\/ski-de-fond-canmore-richard-jouve-decroche-son-deuxieme-podium-de-la-saison-sur-le-sprint-classique\/","og_site_name":"Dicodusport","article_publisher":"https:\/\/www.facebook.com\/dicodusport","article_published_time":"2024-02-13T21:13:09+00:00","article_modified_time":"2024-02-13T21:15:47+00:00","og_image":[{"width":1200,"height":674,"url":"https:\/\/dicodusport.fr\/blog\/wp-content\/uploads\/2024\/02\/Ski-de-fond-Canmore-Richard-Jouve-decroche-son-deuxieme-podium-de-la-saison-sur-le-sprint-classique.png","type":"image\/png"}],"author":"Maxime Cazenave","twitter_card":"summary_large_image","twitter_title":"Ski de fond Canmore : Richard Jouve d\u00e9croche son deuxi\u00e8me podium de la saison sur le sprint classique","twitter_creator":"@https:\/\/twitter.com\/Maxime_Caze","twitter_site":"@dicodusport","schema":{"@context":"https:\/\/schema.org","@graph":[{"@type":"NewsArticle","@id":"https:\/\/dicodusport.fr\/blog\/ski-de-fond-canmore-richard-jouve-decroche-son-deuxieme-podium-de-la-saison-sur-le-sprint-classique\/#article","isPartOf":{"@id":"https:\/\/dicodusport.fr\/blog\/ski-de-fond-canmore-richard-jouve-decroche-son-deuxieme-podium-de-la-saison-sur-le-sprint-classique\/"},"author":{"name":"Maxime Cazenave","@id":"https:\/\/dicodusport.fr\/blog\/#\/schema\/person\/37def232098a7a5cbab3974a3690abb0"},"headline":"Ski de fond Canmore : Richard Jouve d\u00e9croche son deuxi\u00e8me podium de la saison sur le sprint classique","datePublished":"2024-02-13T21:13:09+00:00","dateModified":"2024-02-13T21:15:47+00:00","mainEntityOfPage":{"@id":"https:\/\/dicodusport.fr\/blog\/ski-de-fond-canmore-richard-jouve-decroche-son-deuxieme-podium-de-la-saison-sur-le-sprint-classique\/"},"wordCount":320,"commentCount":0,"publisher":{"@id":"https:\/\/dicodusport.fr\/blog\/#organization"},"image":{"@id":"https:\/\/dicodusport.fr\/blog\/ski-de-fond-canmore-richard-jouve-decroche-son-deuxieme-podium-de-la-saison-sur-le-sprint-classique\/#primaryimage"},"thumbnailUrl":"https:\/\/dicodusport.fr\/blog\/wp-content\/uploads\/2024\/02\/Ski-de-fond-Canmore-Richard-Jouve-decroche-son-deuxieme-podium-de-la-saison-sur-le-sprint-classique.png","keywords":["br\u00e8ve","Canmore","Johannes Kl\u00e6bo","Richard Jouve","Ski de fond"],"articleSection":["Ski"],"inLanguage":"fr-FR","potentialAction":[{"@type":"CommentAction","name":"Comment","target":["https:\/\/dicodusport.fr\/blog\/ski-de-fond-canmore-richard-jouve-decroche-son-deuxieme-podium-de-la-saison-sur-le-sprint-classique\/#respond"]}],"copyrightYear":"2024","copyrightHolder":{"@id":"https:\/\/dicodusport.fr\/blog\/#organization"}},{"@type":"WebPage","@id":"https:\/\/dicodusport.fr\/blog\/ski-de-fond-canmore-richard-jouve-decroche-son-deuxieme-podium-de-la-saison-sur-le-sprint-classique\/","url":"https:\/\/dicodusport.fr\/blog\/ski-de-fond-canmore-richard-jouve-decroche-son-deuxieme-podium-de-la-saison-sur-le-sprint-classique\/","name":"Ski de fond Canmore : Richard Jouve d\u00e9croche son deuxi\u00e8me podium de la saison sur le sprint classique","isPartOf":{"@id":"https:\/\/dicodusport.fr\/blog\/#website"},"primaryImageOfPage":{"@id":"https:\/\/dicodusport.fr\/blog\/ski-de-fond-canmore-richard-jouve-decroche-son-deuxieme-podium-de-la-saison-sur-le-sprint-classique\/#primaryimage"},"image":{"@id":"https:\/\/dicodusport.fr\/blog\/ski-de-fond-canmore-richard-jouve-decroche-son-deuxieme-podium-de-la-saison-sur-le-sprint-classique\/#primaryimage"},"thumbnailUrl":"https:\/\/dicodusport.fr\/blog\/wp-content\/uploads\/2024\/02\/Ski-de-fond-Canmore-Richard-Jouve-decroche-son-deuxieme-podium-de-la-saison-sur-le-sprint-classique.png","datePublished":"2024-02-13T21:13:09+00:00","dateModified":"2024-02-13T21:15:47+00:00","description":"COUPE DU MONDE DE SKI DE FOND - Richard Jouve a obtenu son 20e podium en carri\u00e8re en terminant 2e du sprint classique \u00e0 Canmore.","breadcrumb":{"@id":"https:\/\/dicodusport.fr\/blog\/ski-de-fond-canmore-richard-jouve-decroche-son-deuxieme-podium-de-la-saison-sur-le-sprint-classique\/#breadcrumb"},"inLanguage":"fr-FR","potentialAction":[{"@type":"ReadAction","target":["https:\/\/dicodusport.fr\/blog\/ski-de-fond-canmore-richard-jouve-decroche-son-deuxieme-podium-de-la-saison-sur-le-sprint-classique\/"]}]},{"@type":"ImageObject","inLanguage":"fr-FR","@id":"https:\/\/dicodusport.fr\/blog\/ski-de-fond-canmore-richard-jouve-decroche-son-deuxieme-podium-de-la-saison-sur-le-sprint-classique\/#primaryimage","url":"https:\/\/dicodusport.fr\/blog\/wp-content\/uploads\/2024\/02\/Ski-de-fond-Canmore-Richard-Jouve-decroche-son-deuxieme-podium-de-la-saison-sur-le-sprint-classique.png","contentUrl":"https:\/\/dicodusport.fr\/blog\/wp-content\/uploads\/2024\/02\/Ski-de-fond-Canmore-Richard-Jouve-decroche-son-deuxieme-podium-de-la-saison-sur-le-sprint-classique.png","width":1200,"height":674,"caption":"Ski de fond Canmore : Richard Jouve d\u00e9croche son deuxi\u00e8me podium de la saison sur le sprint classique"},{"@type":"BreadcrumbList","@id":"https:\/\/dicodusport.fr\/blog\/ski-de-fond-canmore-richard-jouve-decroche-son-deuxieme-podium-de-la-saison-sur-le-sprint-classique\/#breadcrumb","itemListElement":[{"@type":"ListItem","position":1,"name":"Accueil","item":"https:\/\/dicodusport.fr\/blog\/"},{"@type":"ListItem","position":2,"name":"Ski de fond Canmore : Richard Jouve d\u00e9croche son deuxi\u00e8me podium de la saison sur le sprint classique"}]},{"@type":"WebSite","@id":"https:\/\/dicodusport.fr\/blog\/#website","url":"https:\/\/dicodusport.fr\/blog\/","name":"Dicodusport","description":"L&#039;encyclop\u00e9die de l&#039;actualit\u00e9 sportive","publisher":{"@id":"https:\/\/dicodusport.fr\/blog\/#organization"},"potentialAction":[{"@type":"SearchAction","target":{"@type":"EntryPoint","urlTemplate":"https:\/\/dicodusport.fr\/blog\/?s={search_term_string}"},"query-input":{"@type":"PropertyValueSpecification","valueRequired":true,"valueName":"search_term_string"}}],"inLanguage":"fr-FR"},{"@type":"NewsMediaOrganization","@id":"https:\/\/dicodusport.fr\/blog\/#organization","name":"Dicodusport","url":"https:\/\/dicodusport.fr\/blog\/","logo":{"@type":"ImageObject","inLanguage":"fr-FR","@id":"https:\/\/dicodusport.fr\/blog\/#\/schema\/logo\/image\/","url":"https:\/\/dicodusport.fr\/blog\/wp-content\/uploads\/2020\/06\/cropped-LOGO-DICODUSPORT-2020-SANS-FOND-SANS-TEXTE.png","contentUrl":"https:\/\/dicodusport.fr\/blog\/wp-content\/uploads\/2020\/06\/cropped-LOGO-DICODUSPORT-2020-SANS-FOND-SANS-TEXTE.png","width":512,"height":512,"caption":"Dicodusport"},"image":{"@id":"https:\/\/dicodusport.fr\/blog\/#\/schema\/logo\/image\/"},"sameAs":["https:\/\/www.facebook.com\/dicodusport","https:\/\/x.com\/dicodusport","https:\/\/www.instagram.com\/dicodusport\/","https:\/\/www.youtube.com\/channel\/UC7V2KZ5sd3htJivAbA4ZG3w"],"description":"Dicodusport est l'encyclop\u00e9die de l'actualit\u00e9 sportive.","email":"bonjour@dicodusport.fr","legalName":"DICODUSPORT","foundingDate":"2018-01-14","vatID":"FR71834470973","taxID":"83447097300043","numberOfEmployees":{"@type":"QuantitativeValue","minValue":"1","maxValue":"10"}},{"@type":"Person","@id":"https:\/\/dicodusport.fr\/blog\/#\/schema\/person\/37def232098a7a5cbab3974a3690abb0","name":"Maxime Cazenave","image":{"@type":"ImageObject","inLanguage":"fr-FR","@id":"https:\/\/dicodusport.fr\/blog\/#\/schema\/person\/image\/","url":"https:\/\/dicodusport.fr\/blog\/wp-content\/uploads\/2021\/05\/Maxime-Cazenave-150x150.jpg","contentUrl":"https:\/\/dicodusport.fr\/blog\/wp-content\/uploads\/2021\/05\/Maxime-Cazenave-150x150.jpg","caption":"Maxime Cazenave"},"description":"Journaliste\/R\u00e9dacteur depuis 2012 - Berc\u00e9 par l\u2019amour des Girondins de Bordeaux, les \u00e9checs de Christophe Moreau sur le Tour de France sous l'\u00e8re Lance Armstrong et le fade-away l\u00e9tal de Dirk Nowitzki, ma passion d\u00e9vorante pour le sport a toujours \u00e9t\u00e9 un pan incontournable de ma vie. Transmettre ma passion \u00e0 l\u2019\u00e9crit a \u00e9t\u00e9 une transition naturelle. Suiveur assidu de basket et de hockey sur glace, je garde toujours un peu de place pour suivre le cyclisme, le football et le maximum de performances fran\u00e7aises.","sameAs":["https:\/\/x.com\/https:\/\/twitter.com\/Maxime_Caze"],"url":"https:\/\/dicodusport.fr\/blog\/author\/maximec\/"}]}},"_links":{"self":[{"href":"https:\/\/dicodusport.fr\/blog\/wp-json\/wp\/v2\/posts\/463094","targetHints":{"allow":["GET"]}}],"collection":[{"href":"https:\/\/dicodusport.fr\/blog\/wp-json\/wp\/v2\/posts"}],"about":[{"href":"https:\/\/dicodusport.fr\/blog\/wp-json\/wp\/v2\/types\/post"}],"author":[{"embeddable":true,"href":"https:\/\/dicodusport.fr\/blog\/wp-json\/wp\/v2\/users\/55"}],"replies":[{"embeddable":true,"href":"https:\/\/dicodusport.fr\/blog\/wp-json\/wp\/v2\/comments?post=463094"}],"version-history":[{"count":3,"href":"https:\/\/dicodusport.fr\/blog\/wp-json\/wp\/v2\/posts\/463094\/revisions"}],"predecessor-version":[{"id":463099,"href":"https:\/\/dicodusport.fr\/blog\/wp-json\/wp\/v2\/posts\/463094\/revisions\/463099"}],"wp:featuredmedia":[{"embeddable":true,"href":"https:\/\/dicodusport.fr\/blog\/wp-json\/wp\/v2\/media\/463096"}],"wp:attachment":[{"href":"https:\/\/dicodusport.fr\/blog\/wp-json\/wp\/v2\/media?parent=463094"}],"wp:term":[{"taxonomy":"category","embeddable":true,"href":"https:\/\/dicodusport.fr\/blog\/wp-json\/wp\/v2\/categories?post=463094"},{"taxonomy":"post_tag","embeddable":true,"href":"https:\/\/dicodusport.fr\/blog\/wp-json\/wp\/v2\/tags?post=463094"}],"curies":[{"name":"wp","href":"https:\/\/api.w.org\/{rel}","templated":true}]}}