{"id":46333,"date":"2019-08-25T10:04:30","date_gmt":"2019-08-25T08:04:30","guid":{"rendered":"http:\/\/dicodusport.fr\/blog\/?p=46333"},"modified":"2021-05-11T17:02:00","modified_gmt":"2021-05-11T15:02:00","slug":"vuelta-2019-nos-favoris-pour-la-2eme-etape","status":"publish","type":"post","link":"https:\/\/dicodusport.fr\/blog\/vuelta-2019-nos-favoris-pour-la-2eme-etape\/","title":{"rendered":"Vuelta 2019 : nos favoris pour la 2\u00e8me \u00e9tape"},"content":{"rendered":"<p style=\"text-align: justify;\"><em><b>Chaque jour, retrouvez nos pronostics pour l&rsquo;\u00e9tape du jour sur la Vuelta 2019, avec notre favori et \u00ab\u00a0le coup \u00e0 tenter\u00a0\u00bb. <a href=\"https:\/\/dicodusport.fr\/blog\/tour-d-espagne-le-profil-des-etapes-de-la-vuelta-2019\/2\/#deux\" target=\"_blank\" rel=\"noopener noreferrer\">Pour cette deuxi\u00e8me \u00e9tape<\/a>, les puncheurs pourraient \u00eatre \u00e0 la f\u00eate mais les sprinteurs ne partent pas battus d&rsquo;avance.<br \/>\n<\/b><\/em><\/p>\n<h1 style=\"text-align: justify;\"><span style=\"font-family: -apple-system, BlinkMacSystemFont, 'Segoe UI', Roboto, Oxygen-Sans, Ubuntu, Cantarell, 'Helvetica Neue', sans-serif;\">Notre favori : Sam Bennett<\/span><\/h1>\n<p style=\"text-align: justify;\">M\u00eame si la c\u00f4te de deuxi\u00e8me cat\u00e9gorie n&rsquo;est pas si loin de l&rsquo;arriv\u00e9e, le sprinteur a les moyens de passer cette difficult\u00e9, ensuite, l&rsquo;arriv\u00e9e lui correspond parfaitement.<\/p>\n<table style=\"width: 100%;\">\n<tbody>\n<tr style=\"height: 16px;\">\n<td style=\"border-color: #ffffff; background-color: #404040; width: 114.935%; text-align: left;\"><span style=\"font-size: 12px; color: #ffffff;\"><span style=\"font-size: 12px; color: #ffffff;\"><span style=\"font-size: 12px; color: #ffffff;\"><span style=\"font-size: 12px; color: #ffffff;\">Tour d&rsquo;Espagne &#8211; Dimanche 25 ao\u00fbt &#8211; 12h20 &#8211; \u00c9tape 2 (Benidorm <\/span><\/span><\/span><\/span><span style=\"font-size: 12px; color: #ffffff;\"><span style=\"font-size: 12px; color: #ffffff;\">\/<\/span><\/span><span style=\"font-size: 12px; color: #ffffff;\"> Calpe)<\/span><\/td>\n<td style=\"border-color: #ffffff; background-color: #525252; width: 10%; text-align: center;\"><span style=\"font-size: 12px; color: #ffffff;\">1<\/span><\/td>\n<\/tr>\n<tr style=\"height: 24px;\">\n<td style=\"border-color: #ffffff; background-color: #ffffff; text-align: justify;\"><span style=\"font-size: 14px;\"><strong>Sam Bennett<\/strong><\/span><\/td>\n<td style=\"border-color: #ffffff; background-color: #ffffff;\"><span style=\"font-size: 10px;\"><a href=\"https:\/\/www.winamax.fr\/paris-sportifs\/match\/prelive\/82158?banid=33431\" class=\"su-button su-button-style-flat\" style=\"color:#FFFFFF;background-color:#b10e12;border-color:#8e0c0f;border-radius:5px\" target=\"_blank\" rel=\"noopener noreferrer\"><span style=\"color:#FFFFFF;padding:0px 16px;font-size:13px;line-height:26px;border-color:#c9575a;border-radius:5px;text-shadow:none\"> 12<\/span><\/a><\/span><\/td>\n<\/tr>\n<\/tbody>\n<\/table>\n<hr \/>\n<h1 style=\"text-align: justify;\">Notre coup \u00e0 tenter : Philippe Gilbert<\/h1>\n<p style=\"text-align: justify;\">Priv\u00e9 de Tour de France, le Belge est revanchard et ce final escarp\u00e9 pourrait bien lui sourire si les jambes sont au rendez-vous.<\/p>\n<table style=\"width: 100%;\">\n<tbody>\n<tr style=\"height: 16px;\">\n<td style=\"border-color: #ffffff; background-color: #404040; width: 114.935%; text-align: left;\"><span style=\"font-size: 12px; color: #ffffff;\">Tour d&rsquo;Espagne &#8211; Dimanche 25 ao\u00fbt &#8211; 12h20 &#8211; \u00c9tape 2 (Benidorm <\/span><span style=\"font-size: 12px; color: #ffffff;\">\/<\/span><span style=\"font-size: 12px; color: #ffffff;\"> Calpe)<\/span><\/td>\n<td style=\"border-color: #ffffff; background-color: #525252; width: 10%; text-align: center;\"><span style=\"font-size: 12px; color: #ffffff;\">1<\/span><\/td>\n<\/tr>\n<tr style=\"height: 24px;\">\n<td style=\"border-color: #ffffff; background-color: #ffffff; text-align: justify;\"><span style=\"font-size: 14px; color: #000000;\"><strong>Philippe Gilbert<\/strong><\/span><\/td>\n<td style=\"border-color: #ffffff; background-color: #ffffff;\"><span style=\"font-size: 10px;\"><a href=\"https:\/\/www.winamax.fr\/paris-sportifs\/match\/prelive\/82158?banid=33431\" class=\"su-button su-button-style-flat\" style=\"color:#FFFFFF;background-color:#b10e12;border-color:#8e0c0f;border-radius:5px\" target=\"_blank\" rel=\"noopener noreferrer\"><span style=\"color:#FFFFFF;padding:0px 16px;font-size:13px;line-height:26px;border-color:#c9575a;border-radius:5px;text-shadow:none\"> 16<\/span><\/a><\/span><\/td>\n<\/tr>\n<\/tbody>\n<\/table>\n<p style=\"text-align: justify;\"><strong><em>Nicolas Jacquemard<\/em><\/strong><br \/>\n<a style=\"color: #000000;\" href=\"https:\/\/twitter.com\/Nico_Jacquemard\" target=\"_blank\" rel=\"noopener noreferrer\"><img loading=\"lazy\" decoding=\"async\" class=\"alignnone wp-image-2908\" src=\"http:\/\/dicodusport.fr\/blog\/wp-content\/uploads\/2017\/07\/logo-twitter-150x150.png\" alt=\"\" width=\"39\" height=\"39\" \/><\/a><a style=\"color: #000000;\" href=\"https:\/\/www.facebook.com\/dicodusport\/\" target=\"_blank\" rel=\"noopener noreferrer\"><img loading=\"lazy\" decoding=\"async\" class=\"alignnone wp-image-2909\" src=\"http:\/\/dicodusport.fr\/blog\/wp-content\/uploads\/2017\/07\/logo-facebook-150x150.png\" alt=\"\" width=\"40\" height=\"40\" \/><\/a><\/p>\n","protected":false},"excerpt":{"rendered":"<p>Chaque jour, retrouvez nos pronostics pour l&rsquo;\u00e9tape du jour sur la Vuelta 2019, avec notre favori et \u00ab\u00a0le coup \u00e0 tenter\u00a0\u00bb. Pour cette deuxi\u00e8me \u00e9tape, les puncheurs pourraient \u00eatre \u00e0 la f\u00eate mais les sprinteurs ne partent pas battus d&rsquo;avance.<\/p>\n","protected":false},"author":1,"featured_media":35023,"comment_status":"open","ping_status":"closed","sticky":false,"template":"","format":"standard","meta":{"_acf_changed":false,"_daextam_enable_autolinks":"","footnotes":""},"categories":[2307],"tags":[8606,1671,1670],"class_list":["post-46333","post","type-post","status-publish","format-standard","has-post-thumbnail","hentry","category-cyclisme","tag-favori-vuelta","tag-tour-despagne","tag-vuelta"],"acf":[],"yoast_head":"<!-- This site is optimized with the Yoast SEO Premium plugin v26.7 (Yoast SEO v26.7) - https:\/\/yoast.com\/wordpress\/plugins\/seo\/ -->\n<title>Vuelta 2019 : nos favoris pour la 2\u00e8me \u00e9tape<\/title>\n<meta name=\"description\" content=\"Chaque jour, retrouvez nos pronostics pour l&#039;\u00e9tape du jour sur la Vuelta 2019, avec notre favori et &quot;le coup \u00e0 tenter&quot;. Pour cette deuxi\u00e8me \u00e9tape, les puncheurs pourraient \u00eatre \u00e0 la f\u00eate mais les sprinteurs ne partent pas battus d&#039;avance.\" \/>\n<meta name=\"robots\" content=\"index, follow, max-snippet:-1, max-image-preview:large, max-video-preview:-1\" \/>\n<link rel=\"canonical\" href=\"https:\/\/dicodusport.fr\/blog\/vuelta-2019-nos-favoris-pour-la-2eme-etape\/\" \/>\n<meta property=\"og:locale\" content=\"fr_FR\" \/>\n<meta property=\"og:type\" content=\"article\" \/>\n<meta property=\"og:title\" content=\"Vuelta 2019 : nos favoris pour la 2\u00e8me \u00e9tape\" \/>\n<meta property=\"og:description\" content=\"Chaque jour, retrouvez nos pronostics pour l&#039;\u00e9tape du jour sur la Vuelta 2019, avec notre favori et &quot;le coup \u00e0 tenter&quot;. Pour cette deuxi\u00e8me \u00e9tape, les puncheurs pourraient \u00eatre \u00e0 la f\u00eate mais les sprinteurs ne partent pas battus d&#039;avance.\" \/>\n<meta property=\"og:url\" content=\"https:\/\/dicodusport.fr\/blog\/vuelta-2019-nos-favoris-pour-la-2eme-etape\/\" \/>\n<meta property=\"og:site_name\" content=\"Dicodusport\" \/>\n<meta property=\"article:publisher\" content=\"https:\/\/www.facebook.com\/dicodusport\" \/>\n<meta property=\"article:author\" content=\"https:\/\/www.facebook.com\/dicodusport\" \/>\n<meta property=\"article:published_time\" content=\"2019-08-25T08:04:30+00:00\" \/>\n<meta property=\"article:modified_time\" content=\"2021-05-11T15:02:00+00:00\" \/>\n<meta property=\"og:image\" content=\"https:\/\/dicodusport.fr\/blog\/wp-content\/uploads\/2019\/03\/Sam-Bennett-Paris-Nice-2019.png\" \/>\n\t<meta property=\"og:image:width\" content=\"800\" \/>\n\t<meta property=\"og:image:height\" content=\"445\" \/>\n\t<meta property=\"og:image:type\" content=\"image\/png\" \/>\n<meta name=\"author\" content=\"Nicolas Jacquemard\" \/>\n<meta name=\"twitter:card\" content=\"summary_large_image\" \/>\n<meta name=\"twitter:title\" content=\"Vuelta 2019 : nos favoris pour la 2\u00e8me \u00e9tape\" \/>\n<meta name=\"twitter:creator\" content=\"@https:\/\/twitter.com\/Nico_Jacquemard\" \/>\n<meta name=\"twitter:site\" content=\"@dicodusport\" \/>\n<script type=\"application\/ld+json\" class=\"yoast-schema-graph\">{\"@context\":\"https:\/\/schema.org\",\"@graph\":[{\"@type\":\"NewsArticle\",\"@id\":\"https:\/\/dicodusport.fr\/blog\/vuelta-2019-nos-favoris-pour-la-2eme-etape\/#article\",\"isPartOf\":{\"@id\":\"https:\/\/dicodusport.fr\/blog\/vuelta-2019-nos-favoris-pour-la-2eme-etape\/\"},\"author\":{\"name\":\"Nicolas Jacquemard\",\"@id\":\"https:\/\/dicodusport.fr\/blog\/#\/schema\/person\/55dcb50ad410894e431ed812bbb70191\"},\"headline\":\"Vuelta 2019 : nos favoris pour la 2\u00e8me \u00e9tape\",\"datePublished\":\"2019-08-25T08:04:30+00:00\",\"dateModified\":\"2021-05-11T15:02:00+00:00\",\"mainEntityOfPage\":{\"@id\":\"https:\/\/dicodusport.fr\/blog\/vuelta-2019-nos-favoris-pour-la-2eme-etape\/\"},\"wordCount\":192,\"commentCount\":0,\"publisher\":{\"@id\":\"https:\/\/dicodusport.fr\/blog\/#organization\"},\"image\":{\"@id\":\"https:\/\/dicodusport.fr\/blog\/vuelta-2019-nos-favoris-pour-la-2eme-etape\/#primaryimage\"},\"thumbnailUrl\":\"https:\/\/dicodusport.fr\/blog\/wp-content\/uploads\/2019\/03\/Sam-Bennett-Paris-Nice-2019.png\",\"keywords\":[\"Favori Vuelta\",\"Tour d'Espagne\",\"Vuelta\"],\"articleSection\":[\"Cyclisme\"],\"inLanguage\":\"fr-FR\",\"potentialAction\":[{\"@type\":\"CommentAction\",\"name\":\"Comment\",\"target\":[\"https:\/\/dicodusport.fr\/blog\/vuelta-2019-nos-favoris-pour-la-2eme-etape\/#respond\"]}],\"copyrightYear\":\"2019\",\"copyrightHolder\":{\"@id\":\"https:\/\/dicodusport.fr\/blog\/#organization\"}},{\"@type\":\"WebPage\",\"@id\":\"https:\/\/dicodusport.fr\/blog\/vuelta-2019-nos-favoris-pour-la-2eme-etape\/\",\"url\":\"https:\/\/dicodusport.fr\/blog\/vuelta-2019-nos-favoris-pour-la-2eme-etape\/\",\"name\":\"Vuelta 2019 : nos favoris pour la 2\u00e8me \u00e9tape\",\"isPartOf\":{\"@id\":\"https:\/\/dicodusport.fr\/blog\/#website\"},\"primaryImageOfPage\":{\"@id\":\"https:\/\/dicodusport.fr\/blog\/vuelta-2019-nos-favoris-pour-la-2eme-etape\/#primaryimage\"},\"image\":{\"@id\":\"https:\/\/dicodusport.fr\/blog\/vuelta-2019-nos-favoris-pour-la-2eme-etape\/#primaryimage\"},\"thumbnailUrl\":\"https:\/\/dicodusport.fr\/blog\/wp-content\/uploads\/2019\/03\/Sam-Bennett-Paris-Nice-2019.png\",\"datePublished\":\"2019-08-25T08:04:30+00:00\",\"dateModified\":\"2021-05-11T15:02:00+00:00\",\"description\":\"Chaque jour, retrouvez nos pronostics pour l'\u00e9tape du jour sur la Vuelta 2019, avec notre favori et \\\"le coup \u00e0 tenter\\\". Pour cette deuxi\u00e8me \u00e9tape, les puncheurs pourraient \u00eatre \u00e0 la f\u00eate mais les sprinteurs ne partent pas battus d'avance.\",\"breadcrumb\":{\"@id\":\"https:\/\/dicodusport.fr\/blog\/vuelta-2019-nos-favoris-pour-la-2eme-etape\/#breadcrumb\"},\"inLanguage\":\"fr-FR\",\"potentialAction\":[{\"@type\":\"ReadAction\",\"target\":[\"https:\/\/dicodusport.fr\/blog\/vuelta-2019-nos-favoris-pour-la-2eme-etape\/\"]}]},{\"@type\":\"ImageObject\",\"inLanguage\":\"fr-FR\",\"@id\":\"https:\/\/dicodusport.fr\/blog\/vuelta-2019-nos-favoris-pour-la-2eme-etape\/#primaryimage\",\"url\":\"https:\/\/dicodusport.fr\/blog\/wp-content\/uploads\/2019\/03\/Sam-Bennett-Paris-Nice-2019.png\",\"contentUrl\":\"https:\/\/dicodusport.fr\/blog\/wp-content\/uploads\/2019\/03\/Sam-Bennett-Paris-Nice-2019.png\",\"width\":800,\"height\":445},{\"@type\":\"BreadcrumbList\",\"@id\":\"https:\/\/dicodusport.fr\/blog\/vuelta-2019-nos-favoris-pour-la-2eme-etape\/#breadcrumb\",\"itemListElement\":[{\"@type\":\"ListItem\",\"position\":1,\"name\":\"Accueil\",\"item\":\"https:\/\/dicodusport.fr\/blog\/\"},{\"@type\":\"ListItem\",\"position\":2,\"name\":\"Vuelta 2019 : nos favoris pour la 2\u00e8me \u00e9tape\"}]},{\"@type\":\"WebSite\",\"@id\":\"https:\/\/dicodusport.fr\/blog\/#website\",\"url\":\"https:\/\/dicodusport.fr\/blog\/\",\"name\":\"Dicodusport\",\"description\":\"L&#039;encyclop\u00e9die de l&#039;actualit\u00e9 sportive\",\"publisher\":{\"@id\":\"https:\/\/dicodusport.fr\/blog\/#organization\"},\"potentialAction\":[{\"@type\":\"SearchAction\",\"target\":{\"@type\":\"EntryPoint\",\"urlTemplate\":\"https:\/\/dicodusport.fr\/blog\/?s={search_term_string}\"},\"query-input\":{\"@type\":\"PropertyValueSpecification\",\"valueRequired\":true,\"valueName\":\"search_term_string\"}}],\"inLanguage\":\"fr-FR\"},{\"@type\":\"NewsMediaOrganization\",\"@id\":\"https:\/\/dicodusport.fr\/blog\/#organization\",\"name\":\"Dicodusport\",\"url\":\"https:\/\/dicodusport.fr\/blog\/\",\"logo\":{\"@type\":\"ImageObject\",\"inLanguage\":\"fr-FR\",\"@id\":\"https:\/\/dicodusport.fr\/blog\/#\/schema\/logo\/image\/\",\"url\":\"https:\/\/dicodusport.fr\/blog\/wp-content\/uploads\/2020\/06\/cropped-LOGO-DICODUSPORT-2020-SANS-FOND-SANS-TEXTE.png\",\"contentUrl\":\"https:\/\/dicodusport.fr\/blog\/wp-content\/uploads\/2020\/06\/cropped-LOGO-DICODUSPORT-2020-SANS-FOND-SANS-TEXTE.png\",\"width\":512,\"height\":512,\"caption\":\"Dicodusport\"},\"image\":{\"@id\":\"https:\/\/dicodusport.fr\/blog\/#\/schema\/logo\/image\/\"},\"sameAs\":[\"https:\/\/www.facebook.com\/dicodusport\",\"https:\/\/x.com\/dicodusport\",\"https:\/\/www.instagram.com\/dicodusport\/\",\"https:\/\/www.youtube.com\/channel\/UC7V2KZ5sd3htJivAbA4ZG3w\"],\"description\":\"Dicodusport est l'encyclop\u00e9die de l'actualit\u00e9 sportive.\",\"email\":\"bonjour@dicodusport.fr\",\"legalName\":\"DICODUSPORT\",\"foundingDate\":\"2018-01-14\",\"vatID\":\"FR71834470973\",\"taxID\":\"83447097300043\",\"numberOfEmployees\":{\"@type\":\"QuantitativeValue\",\"minValue\":\"1\",\"maxValue\":\"10\"}},{\"@type\":\"Person\",\"@id\":\"https:\/\/dicodusport.fr\/blog\/#\/schema\/person\/55dcb50ad410894e431ed812bbb70191\",\"name\":\"Nicolas Jacquemard\",\"image\":{\"@type\":\"ImageObject\",\"inLanguage\":\"fr-FR\",\"@id\":\"https:\/\/dicodusport.fr\/blog\/#\/schema\/person\/image\/\",\"url\":\"https:\/\/dicodusport.fr\/blog\/wp-content\/uploads\/2021\/05\/Nicolas-Jacquemard-150x150.jpeg\",\"contentUrl\":\"https:\/\/dicodusport.fr\/blog\/wp-content\/uploads\/2021\/05\/Nicolas-Jacquemard-150x150.jpeg\",\"caption\":\"Nicolas Jacquemard\"},\"description\":\"Passionn\u00e9 de sport et entrepreneur depuis mes 18 ans, la cr\u00e9ation de Dicodusport m'a sembl\u00e9 \u00e9vidente pour participer \u00e0 la m\u00e9diatisation d'un plus grand nombre de sports. Le chemin est long mais avec une \u00e9quipe des plus motiv\u00e9es et les Jeux Olympiques de Paris 2024 en point de mire, nous y arriverons ! Journaliste dans le monde du sport depuis plus de 5 ans, je traite aussi bien de football, de rugby, de biathlon que de cyclisme.\",\"sameAs\":[\"https:\/\/www.facebook.com\/dicodusport\",\"https:\/\/x.com\/https:\/\/twitter.com\/Nico_Jacquemard\"],\"url\":\"https:\/\/dicodusport.fr\/blog\/author\/dicodusport\/\"}]}<\/script>\n<!-- \/ Yoast SEO Premium plugin. -->","yoast_head_json":{"title":"Vuelta 2019 : nos favoris pour la 2\u00e8me \u00e9tape","description":"Chaque jour, retrouvez nos pronostics pour l'\u00e9tape du jour sur la Vuelta 2019, avec notre favori et \"le coup \u00e0 tenter\". Pour cette deuxi\u00e8me \u00e9tape, les puncheurs pourraient \u00eatre \u00e0 la f\u00eate mais les sprinteurs ne partent pas battus d'avance.","robots":{"index":"index","follow":"follow","max-snippet":"max-snippet:-1","max-image-preview":"max-image-preview:large","max-video-preview":"max-video-preview:-1"},"canonical":"https:\/\/dicodusport.fr\/blog\/vuelta-2019-nos-favoris-pour-la-2eme-etape\/","og_locale":"fr_FR","og_type":"article","og_title":"Vuelta 2019 : nos favoris pour la 2\u00e8me \u00e9tape","og_description":"Chaque jour, retrouvez nos pronostics pour l'\u00e9tape du jour sur la Vuelta 2019, avec notre favori et \"le coup \u00e0 tenter\". Pour cette deuxi\u00e8me \u00e9tape, les puncheurs pourraient \u00eatre \u00e0 la f\u00eate mais les sprinteurs ne partent pas battus d'avance.","og_url":"https:\/\/dicodusport.fr\/blog\/vuelta-2019-nos-favoris-pour-la-2eme-etape\/","og_site_name":"Dicodusport","article_publisher":"https:\/\/www.facebook.com\/dicodusport","article_author":"https:\/\/www.facebook.com\/dicodusport","article_published_time":"2019-08-25T08:04:30+00:00","article_modified_time":"2021-05-11T15:02:00+00:00","og_image":[{"width":800,"height":445,"url":"https:\/\/dicodusport.fr\/blog\/wp-content\/uploads\/2019\/03\/Sam-Bennett-Paris-Nice-2019.png","type":"image\/png"}],"author":"Nicolas Jacquemard","twitter_card":"summary_large_image","twitter_title":"Vuelta 2019 : nos favoris pour la 2\u00e8me \u00e9tape","twitter_creator":"@https:\/\/twitter.com\/Nico_Jacquemard","twitter_site":"@dicodusport","schema":{"@context":"https:\/\/schema.org","@graph":[{"@type":"NewsArticle","@id":"https:\/\/dicodusport.fr\/blog\/vuelta-2019-nos-favoris-pour-la-2eme-etape\/#article","isPartOf":{"@id":"https:\/\/dicodusport.fr\/blog\/vuelta-2019-nos-favoris-pour-la-2eme-etape\/"},"author":{"name":"Nicolas Jacquemard","@id":"https:\/\/dicodusport.fr\/blog\/#\/schema\/person\/55dcb50ad410894e431ed812bbb70191"},"headline":"Vuelta 2019 : nos favoris pour la 2\u00e8me \u00e9tape","datePublished":"2019-08-25T08:04:30+00:00","dateModified":"2021-05-11T15:02:00+00:00","mainEntityOfPage":{"@id":"https:\/\/dicodusport.fr\/blog\/vuelta-2019-nos-favoris-pour-la-2eme-etape\/"},"wordCount":192,"commentCount":0,"publisher":{"@id":"https:\/\/dicodusport.fr\/blog\/#organization"},"image":{"@id":"https:\/\/dicodusport.fr\/blog\/vuelta-2019-nos-favoris-pour-la-2eme-etape\/#primaryimage"},"thumbnailUrl":"https:\/\/dicodusport.fr\/blog\/wp-content\/uploads\/2019\/03\/Sam-Bennett-Paris-Nice-2019.png","keywords":["Favori Vuelta","Tour d'Espagne","Vuelta"],"articleSection":["Cyclisme"],"inLanguage":"fr-FR","potentialAction":[{"@type":"CommentAction","name":"Comment","target":["https:\/\/dicodusport.fr\/blog\/vuelta-2019-nos-favoris-pour-la-2eme-etape\/#respond"]}],"copyrightYear":"2019","copyrightHolder":{"@id":"https:\/\/dicodusport.fr\/blog\/#organization"}},{"@type":"WebPage","@id":"https:\/\/dicodusport.fr\/blog\/vuelta-2019-nos-favoris-pour-la-2eme-etape\/","url":"https:\/\/dicodusport.fr\/blog\/vuelta-2019-nos-favoris-pour-la-2eme-etape\/","name":"Vuelta 2019 : nos favoris pour la 2\u00e8me \u00e9tape","isPartOf":{"@id":"https:\/\/dicodusport.fr\/blog\/#website"},"primaryImageOfPage":{"@id":"https:\/\/dicodusport.fr\/blog\/vuelta-2019-nos-favoris-pour-la-2eme-etape\/#primaryimage"},"image":{"@id":"https:\/\/dicodusport.fr\/blog\/vuelta-2019-nos-favoris-pour-la-2eme-etape\/#primaryimage"},"thumbnailUrl":"https:\/\/dicodusport.fr\/blog\/wp-content\/uploads\/2019\/03\/Sam-Bennett-Paris-Nice-2019.png","datePublished":"2019-08-25T08:04:30+00:00","dateModified":"2021-05-11T15:02:00+00:00","description":"Chaque jour, retrouvez nos pronostics pour l'\u00e9tape du jour sur la Vuelta 2019, avec notre favori et \"le coup \u00e0 tenter\". Pour cette deuxi\u00e8me \u00e9tape, les puncheurs pourraient \u00eatre \u00e0 la f\u00eate mais les sprinteurs ne partent pas battus d'avance.","breadcrumb":{"@id":"https:\/\/dicodusport.fr\/blog\/vuelta-2019-nos-favoris-pour-la-2eme-etape\/#breadcrumb"},"inLanguage":"fr-FR","potentialAction":[{"@type":"ReadAction","target":["https:\/\/dicodusport.fr\/blog\/vuelta-2019-nos-favoris-pour-la-2eme-etape\/"]}]},{"@type":"ImageObject","inLanguage":"fr-FR","@id":"https:\/\/dicodusport.fr\/blog\/vuelta-2019-nos-favoris-pour-la-2eme-etape\/#primaryimage","url":"https:\/\/dicodusport.fr\/blog\/wp-content\/uploads\/2019\/03\/Sam-Bennett-Paris-Nice-2019.png","contentUrl":"https:\/\/dicodusport.fr\/blog\/wp-content\/uploads\/2019\/03\/Sam-Bennett-Paris-Nice-2019.png","width":800,"height":445},{"@type":"BreadcrumbList","@id":"https:\/\/dicodusport.fr\/blog\/vuelta-2019-nos-favoris-pour-la-2eme-etape\/#breadcrumb","itemListElement":[{"@type":"ListItem","position":1,"name":"Accueil","item":"https:\/\/dicodusport.fr\/blog\/"},{"@type":"ListItem","position":2,"name":"Vuelta 2019 : nos favoris pour la 2\u00e8me \u00e9tape"}]},{"@type":"WebSite","@id":"https:\/\/dicodusport.fr\/blog\/#website","url":"https:\/\/dicodusport.fr\/blog\/","name":"Dicodusport","description":"L&#039;encyclop\u00e9die de l&#039;actualit\u00e9 sportive","publisher":{"@id":"https:\/\/dicodusport.fr\/blog\/#organization"},"potentialAction":[{"@type":"SearchAction","target":{"@type":"EntryPoint","urlTemplate":"https:\/\/dicodusport.fr\/blog\/?s={search_term_string}"},"query-input":{"@type":"PropertyValueSpecification","valueRequired":true,"valueName":"search_term_string"}}],"inLanguage":"fr-FR"},{"@type":"NewsMediaOrganization","@id":"https:\/\/dicodusport.fr\/blog\/#organization","name":"Dicodusport","url":"https:\/\/dicodusport.fr\/blog\/","logo":{"@type":"ImageObject","inLanguage":"fr-FR","@id":"https:\/\/dicodusport.fr\/blog\/#\/schema\/logo\/image\/","url":"https:\/\/dicodusport.fr\/blog\/wp-content\/uploads\/2020\/06\/cropped-LOGO-DICODUSPORT-2020-SANS-FOND-SANS-TEXTE.png","contentUrl":"https:\/\/dicodusport.fr\/blog\/wp-content\/uploads\/2020\/06\/cropped-LOGO-DICODUSPORT-2020-SANS-FOND-SANS-TEXTE.png","width":512,"height":512,"caption":"Dicodusport"},"image":{"@id":"https:\/\/dicodusport.fr\/blog\/#\/schema\/logo\/image\/"},"sameAs":["https:\/\/www.facebook.com\/dicodusport","https:\/\/x.com\/dicodusport","https:\/\/www.instagram.com\/dicodusport\/","https:\/\/www.youtube.com\/channel\/UC7V2KZ5sd3htJivAbA4ZG3w"],"description":"Dicodusport est l'encyclop\u00e9die de l'actualit\u00e9 sportive.","email":"bonjour@dicodusport.fr","legalName":"DICODUSPORT","foundingDate":"2018-01-14","vatID":"FR71834470973","taxID":"83447097300043","numberOfEmployees":{"@type":"QuantitativeValue","minValue":"1","maxValue":"10"}},{"@type":"Person","@id":"https:\/\/dicodusport.fr\/blog\/#\/schema\/person\/55dcb50ad410894e431ed812bbb70191","name":"Nicolas Jacquemard","image":{"@type":"ImageObject","inLanguage":"fr-FR","@id":"https:\/\/dicodusport.fr\/blog\/#\/schema\/person\/image\/","url":"https:\/\/dicodusport.fr\/blog\/wp-content\/uploads\/2021\/05\/Nicolas-Jacquemard-150x150.jpeg","contentUrl":"https:\/\/dicodusport.fr\/blog\/wp-content\/uploads\/2021\/05\/Nicolas-Jacquemard-150x150.jpeg","caption":"Nicolas Jacquemard"},"description":"Passionn\u00e9 de sport et entrepreneur depuis mes 18 ans, la cr\u00e9ation de Dicodusport m'a sembl\u00e9 \u00e9vidente pour participer \u00e0 la m\u00e9diatisation d'un plus grand nombre de sports. Le chemin est long mais avec une \u00e9quipe des plus motiv\u00e9es et les Jeux Olympiques de Paris 2024 en point de mire, nous y arriverons ! Journaliste dans le monde du sport depuis plus de 5 ans, je traite aussi bien de football, de rugby, de biathlon que de cyclisme.","sameAs":["https:\/\/www.facebook.com\/dicodusport","https:\/\/x.com\/https:\/\/twitter.com\/Nico_Jacquemard"],"url":"https:\/\/dicodusport.fr\/blog\/author\/dicodusport\/"}]}},"_links":{"self":[{"href":"https:\/\/dicodusport.fr\/blog\/wp-json\/wp\/v2\/posts\/46333","targetHints":{"allow":["GET"]}}],"collection":[{"href":"https:\/\/dicodusport.fr\/blog\/wp-json\/wp\/v2\/posts"}],"about":[{"href":"https:\/\/dicodusport.fr\/blog\/wp-json\/wp\/v2\/types\/post"}],"author":[{"embeddable":true,"href":"https:\/\/dicodusport.fr\/blog\/wp-json\/wp\/v2\/users\/1"}],"replies":[{"embeddable":true,"href":"https:\/\/dicodusport.fr\/blog\/wp-json\/wp\/v2\/comments?post=46333"}],"version-history":[{"count":0,"href":"https:\/\/dicodusport.fr\/blog\/wp-json\/wp\/v2\/posts\/46333\/revisions"}],"wp:featuredmedia":[{"embeddable":true,"href":"https:\/\/dicodusport.fr\/blog\/wp-json\/wp\/v2\/media\/35023"}],"wp:attachment":[{"href":"https:\/\/dicodusport.fr\/blog\/wp-json\/wp\/v2\/media?parent=46333"}],"wp:term":[{"taxonomy":"category","embeddable":true,"href":"https:\/\/dicodusport.fr\/blog\/wp-json\/wp\/v2\/categories?post=46333"},{"taxonomy":"post_tag","embeddable":true,"href":"https:\/\/dicodusport.fr\/blog\/wp-json\/wp\/v2\/tags?post=46333"}],"curies":[{"name":"wp","href":"https:\/\/api.w.org\/{rel}","templated":true}]}}