{"id":463453,"date":"2024-02-15T09:52:31","date_gmt":"2024-02-15T08:52:31","guid":{"rendered":"https:\/\/dicodusport.fr\/blog\/?p=463453&#038;preview=true&#038;preview_id=463453"},"modified":"2024-02-15T10:01:37","modified_gmt":"2024-02-15T09:01:37","slug":"asm-clermont-etienne-falgoux-absent-plusieurs-mois","status":"publish","type":"post","link":"https:\/\/dicodusport.fr\/blog\/asm-clermont-etienne-falgoux-absent-plusieurs-mois\/","title":{"rendered":"ASM Clermont : \u00c9tienne Falgoux absent plusieurs mois"},"content":{"rendered":"<p style=\"text-align: justify;\"><em><strong>TOP 14 2023-2024 &#8211; Gros coup dur pour l&rsquo;ASM Clermont qui perd \u00c9tienne Falgoux pour les trois prochains mois.\u00a0<\/strong><\/em><\/p>\n<ul style=\"text-align: justify;\">\n<li><strong>\u00c0 ce sujet &#8211; <a href=\"https:\/\/dicodusport.fr\/blog\/transferts-rugby-paolo-garbisi-tomas-lavanini-carcassonne-les-infos-du-mercredi-14-fevrier\/\" target=\"_blank\" rel=\"noopener\">Transferts Rugby : Paolo Garbisi, Tomas Lavanini, Carcassonne, les infos du mercredi 14 f\u00e9vrier<\/a><\/strong><\/li>\n<\/ul>\n<p style=\"text-align: justify;\">Apr\u00e8s 14 journ\u00e9es disput\u00e9es, l&rsquo;<strong>ASM Clermont<\/strong> est sixi\u00e8me au <a href=\"https:\/\/dicodusport.fr\/blog\/classement-top-14-2023-2024\/\" target=\"_blank\" rel=\"noopener\">classement de Top 14<\/a> et donc en course pour disputer la phase finale. Si les <em>Jaunards<\/em> ont toujours des difficult\u00e9s en d\u00e9placement, ils ont r\u00e9alis\u00e9 des matchs pleins \u00e0 domicile, \u00e0 l&rsquo;image de la derni\u00e8re victoire face \u00e0 <strong>Lyon<\/strong> avec pr\u00e8s de 40 points inscrits.<\/p>\n<h2 style=\"text-align: justify;\">Etienne Falgoux absent 3 mois<\/h2>\n<p style=\"text-align: justify;\">Mais l&rsquo;<strong>ASM<\/strong> <strong>Clermont<\/strong> est frapp\u00e9e par un coup dur, puisque son pilier gauche titulaire, <strong>Etienne<\/strong> <strong>Falgoux<\/strong>, 16 matchs cette saison dont 15 comme titulaire, s&rsquo;est gravement bless\u00e9. Il souffre d&rsquo;une rupture du biceps et doit \u00eatre op\u00e9r\u00e9. Il sera absent pour les trois prochains mois et pourrait donc revenir pour la phase finale ou la toute fin de la phase r\u00e9guli\u00e8re.<\/p>\n<p style=\"text-align: justify;\"><strong>Christophe<\/strong> <strong>Urios<\/strong> va donc devoir composer avec des joueurs qui ne seront plus l\u00e0 la saison prochaine. <strong>Giorgi<\/strong> <strong>Beria<\/strong>, qui a sign\u00e9 \u00e0 <strong>Perpignan<\/strong>, et <strong>Daniel<\/strong> <strong>Bibi<\/strong> <strong>Biziwu<\/strong>, qui s&rsquo;est engag\u00e9 avec la <strong>Section<\/strong> <strong>Paloise<\/strong>, vont voir leur temps de jeu significativement augmenter dans les semaines \u00e0 venir.<\/p>\n<blockquote class=\"twitter-tweet\">\n<p dir=\"ltr\" lang=\"fr\">\u26a0\ufe0f Rupture du biceps et op\u00e9ration pour Etienne Falgoux<\/p>\n<p>La premi\u00e8re ligne clermontoise va devoir se passer d\u2019Etienne Falgoux pendant plusieurs mois. Le gaucher et vice-capitaine des Jaune et Bleu a \u00e9t\u00e9 victime d\u2019une rupture totale du biceps du bras gauche, en d\u00e9but de semaine \u00e0\u2026 <a href=\"https:\/\/t.co\/gVfKFjfEQg\">pic.twitter.com\/gVfKFjfEQg<\/a><\/p>\n<p>\u2014 ASM Rugby (@ASMOfficiel) <a href=\"https:\/\/twitter.com\/ASMOfficiel\/status\/1758036618546429969?ref_src=twsrc%5Etfw\">February 15, 2024<\/a><\/p><\/blockquote>\n<p style=\"text-align: justify;\"><script async src=\"https:\/\/platform.twitter.com\/widgets.js\" charset=\"utf-8\"><\/script><\/p>\n","protected":false},"excerpt":{"rendered":"<p>TOP 14 2023-2024 &#8211; Gros coup dur pour l&rsquo;ASM Clermont qui perd \u00c9tienne Falgoux pour les trois prochains mois.\u00a0<\/p>\n","protected":false},"author":1,"featured_media":463456,"comment_status":"open","ping_status":"closed","sticky":false,"template":"","format":"standard","meta":{"_acf_changed":false,"_daextam_enable_autolinks":"1","footnotes":""},"categories":[9129,47050],"tags":[1208,16878],"class_list":["post-463453","post","type-post","status-publish","format-standard","has-post-thumbnail","hentry","category-rugby-a-xv","category-top-14","tag-asm-clermont","tag-breve"],"acf":[],"yoast_head":"<!-- This site is optimized with the Yoast SEO Premium plugin v26.7 (Yoast SEO v26.7) - https:\/\/yoast.com\/wordpress\/plugins\/seo\/ -->\n<title>ASM Clermont : \u00c9tienne Falgoux absent plusieurs mois<\/title>\n<meta name=\"description\" content=\"TOP 14 2023-2024 - Gros coup dur pour l&#039;ASM Clermont\u00a0qui perd\u00a0Etienne Falgoux pour les trois prochains mois.\u00a0\" \/>\n<meta name=\"robots\" content=\"index, follow, max-snippet:-1, max-image-preview:large, max-video-preview:-1\" \/>\n<link rel=\"canonical\" href=\"https:\/\/dicodusport.fr\/blog\/asm-clermont-etienne-falgoux-absent-plusieurs-mois\/\" \/>\n<meta property=\"og:locale\" content=\"fr_FR\" \/>\n<meta property=\"og:type\" content=\"article\" \/>\n<meta property=\"og:title\" content=\"ASM Clermont : \u00c9tienne Falgoux absent plusieurs mois\" \/>\n<meta property=\"og:description\" content=\"TOP 14 2023-2024 - Gros coup dur pour l&#039;ASM Clermont\u00a0qui perd\u00a0Etienne Falgoux pour les trois prochains mois.\u00a0\" \/>\n<meta property=\"og:url\" content=\"https:\/\/dicodusport.fr\/blog\/asm-clermont-etienne-falgoux-absent-plusieurs-mois\/\" \/>\n<meta property=\"og:site_name\" content=\"Dicodusport\" \/>\n<meta property=\"article:publisher\" content=\"https:\/\/www.facebook.com\/dicodusport\" \/>\n<meta property=\"article:author\" content=\"https:\/\/www.facebook.com\/dicodusport\" \/>\n<meta property=\"article:published_time\" content=\"2024-02-15T08:52:31+00:00\" \/>\n<meta property=\"article:modified_time\" content=\"2024-02-15T09:01:37+00:00\" \/>\n<meta property=\"og:image\" content=\"https:\/\/dicodusport.fr\/blog\/wp-content\/uploads\/2024\/02\/ASM-Clermont-Etienne-Falgoux-absent-plusieurs-mois.png\" \/>\n\t<meta property=\"og:image:width\" content=\"1200\" \/>\n\t<meta property=\"og:image:height\" content=\"674\" \/>\n\t<meta property=\"og:image:type\" content=\"image\/png\" \/>\n<meta name=\"author\" content=\"Nicolas Jacquemard\" \/>\n<meta name=\"twitter:card\" content=\"summary_large_image\" \/>\n<meta name=\"twitter:title\" content=\"ASM Clermont : \u00c9tienne Falgoux absent plusieurs mois\" \/>\n<meta name=\"twitter:creator\" content=\"@https:\/\/twitter.com\/Nico_Jacquemard\" \/>\n<meta name=\"twitter:site\" content=\"@dicodusport\" \/>\n<script type=\"application\/ld+json\" class=\"yoast-schema-graph\">{\"@context\":\"https:\/\/schema.org\",\"@graph\":[{\"@type\":\"NewsArticle\",\"@id\":\"https:\/\/dicodusport.fr\/blog\/asm-clermont-etienne-falgoux-absent-plusieurs-mois\/#article\",\"isPartOf\":{\"@id\":\"https:\/\/dicodusport.fr\/blog\/asm-clermont-etienne-falgoux-absent-plusieurs-mois\/\"},\"author\":{\"name\":\"Nicolas Jacquemard\",\"@id\":\"https:\/\/dicodusport.fr\/blog\/#\/schema\/person\/55dcb50ad410894e431ed812bbb70191\"},\"headline\":\"ASM Clermont : \u00c9tienne Falgoux absent plusieurs mois\",\"datePublished\":\"2024-02-15T08:52:31+00:00\",\"dateModified\":\"2024-02-15T09:01:37+00:00\",\"mainEntityOfPage\":{\"@id\":\"https:\/\/dicodusport.fr\/blog\/asm-clermont-etienne-falgoux-absent-plusieurs-mois\/\"},\"wordCount\":275,\"commentCount\":0,\"publisher\":{\"@id\":\"https:\/\/dicodusport.fr\/blog\/#organization\"},\"image\":{\"@id\":\"https:\/\/dicodusport.fr\/blog\/asm-clermont-etienne-falgoux-absent-plusieurs-mois\/#primaryimage\"},\"thumbnailUrl\":\"https:\/\/dicodusport.fr\/blog\/wp-content\/uploads\/2024\/02\/ASM-Clermont-Etienne-Falgoux-absent-plusieurs-mois.png\",\"keywords\":[\"ASM Clermont\",\"br\u00e8ve\"],\"articleSection\":[\"Rugby \u00e0 XV\",\"Top 14\"],\"inLanguage\":\"fr-FR\",\"potentialAction\":[{\"@type\":\"CommentAction\",\"name\":\"Comment\",\"target\":[\"https:\/\/dicodusport.fr\/blog\/asm-clermont-etienne-falgoux-absent-plusieurs-mois\/#respond\"]}],\"copyrightYear\":\"2024\",\"copyrightHolder\":{\"@id\":\"https:\/\/dicodusport.fr\/blog\/#organization\"}},{\"@type\":\"WebPage\",\"@id\":\"https:\/\/dicodusport.fr\/blog\/asm-clermont-etienne-falgoux-absent-plusieurs-mois\/\",\"url\":\"https:\/\/dicodusport.fr\/blog\/asm-clermont-etienne-falgoux-absent-plusieurs-mois\/\",\"name\":\"ASM Clermont : \u00c9tienne Falgoux absent plusieurs mois\",\"isPartOf\":{\"@id\":\"https:\/\/dicodusport.fr\/blog\/#website\"},\"primaryImageOfPage\":{\"@id\":\"https:\/\/dicodusport.fr\/blog\/asm-clermont-etienne-falgoux-absent-plusieurs-mois\/#primaryimage\"},\"image\":{\"@id\":\"https:\/\/dicodusport.fr\/blog\/asm-clermont-etienne-falgoux-absent-plusieurs-mois\/#primaryimage\"},\"thumbnailUrl\":\"https:\/\/dicodusport.fr\/blog\/wp-content\/uploads\/2024\/02\/ASM-Clermont-Etienne-Falgoux-absent-plusieurs-mois.png\",\"datePublished\":\"2024-02-15T08:52:31+00:00\",\"dateModified\":\"2024-02-15T09:01:37+00:00\",\"description\":\"TOP 14 2023-2024 - Gros coup dur pour l'ASM Clermont\u00a0qui perd\u00a0Etienne Falgoux pour les trois prochains mois.\u00a0\",\"breadcrumb\":{\"@id\":\"https:\/\/dicodusport.fr\/blog\/asm-clermont-etienne-falgoux-absent-plusieurs-mois\/#breadcrumb\"},\"inLanguage\":\"fr-FR\",\"potentialAction\":[{\"@type\":\"ReadAction\",\"target\":[\"https:\/\/dicodusport.fr\/blog\/asm-clermont-etienne-falgoux-absent-plusieurs-mois\/\"]}]},{\"@type\":\"ImageObject\",\"inLanguage\":\"fr-FR\",\"@id\":\"https:\/\/dicodusport.fr\/blog\/asm-clermont-etienne-falgoux-absent-plusieurs-mois\/#primaryimage\",\"url\":\"https:\/\/dicodusport.fr\/blog\/wp-content\/uploads\/2024\/02\/ASM-Clermont-Etienne-Falgoux-absent-plusieurs-mois.png\",\"contentUrl\":\"https:\/\/dicodusport.fr\/blog\/wp-content\/uploads\/2024\/02\/ASM-Clermont-Etienne-Falgoux-absent-plusieurs-mois.png\",\"width\":1200,\"height\":674},{\"@type\":\"BreadcrumbList\",\"@id\":\"https:\/\/dicodusport.fr\/blog\/asm-clermont-etienne-falgoux-absent-plusieurs-mois\/#breadcrumb\",\"itemListElement\":[{\"@type\":\"ListItem\",\"position\":1,\"name\":\"Accueil\",\"item\":\"https:\/\/dicodusport.fr\/blog\/\"},{\"@type\":\"ListItem\",\"position\":2,\"name\":\"ASM Clermont : \u00c9tienne Falgoux absent plusieurs mois\"}]},{\"@type\":\"WebSite\",\"@id\":\"https:\/\/dicodusport.fr\/blog\/#website\",\"url\":\"https:\/\/dicodusport.fr\/blog\/\",\"name\":\"Dicodusport\",\"description\":\"L&#039;encyclop\u00e9die de l&#039;actualit\u00e9 sportive\",\"publisher\":{\"@id\":\"https:\/\/dicodusport.fr\/blog\/#organization\"},\"potentialAction\":[{\"@type\":\"SearchAction\",\"target\":{\"@type\":\"EntryPoint\",\"urlTemplate\":\"https:\/\/dicodusport.fr\/blog\/?s={search_term_string}\"},\"query-input\":{\"@type\":\"PropertyValueSpecification\",\"valueRequired\":true,\"valueName\":\"search_term_string\"}}],\"inLanguage\":\"fr-FR\"},{\"@type\":\"NewsMediaOrganization\",\"@id\":\"https:\/\/dicodusport.fr\/blog\/#organization\",\"name\":\"Dicodusport\",\"url\":\"https:\/\/dicodusport.fr\/blog\/\",\"logo\":{\"@type\":\"ImageObject\",\"inLanguage\":\"fr-FR\",\"@id\":\"https:\/\/dicodusport.fr\/blog\/#\/schema\/logo\/image\/\",\"url\":\"https:\/\/dicodusport.fr\/blog\/wp-content\/uploads\/2020\/06\/cropped-LOGO-DICODUSPORT-2020-SANS-FOND-SANS-TEXTE.png\",\"contentUrl\":\"https:\/\/dicodusport.fr\/blog\/wp-content\/uploads\/2020\/06\/cropped-LOGO-DICODUSPORT-2020-SANS-FOND-SANS-TEXTE.png\",\"width\":512,\"height\":512,\"caption\":\"Dicodusport\"},\"image\":{\"@id\":\"https:\/\/dicodusport.fr\/blog\/#\/schema\/logo\/image\/\"},\"sameAs\":[\"https:\/\/www.facebook.com\/dicodusport\",\"https:\/\/x.com\/dicodusport\",\"https:\/\/www.instagram.com\/dicodusport\/\",\"https:\/\/www.youtube.com\/channel\/UC7V2KZ5sd3htJivAbA4ZG3w\"],\"description\":\"Dicodusport est l'encyclop\u00e9die de l'actualit\u00e9 sportive.\",\"email\":\"bonjour@dicodusport.fr\",\"legalName\":\"DICODUSPORT\",\"foundingDate\":\"2018-01-14\",\"vatID\":\"FR71834470973\",\"taxID\":\"83447097300043\",\"numberOfEmployees\":{\"@type\":\"QuantitativeValue\",\"minValue\":\"1\",\"maxValue\":\"10\"}},{\"@type\":\"Person\",\"@id\":\"https:\/\/dicodusport.fr\/blog\/#\/schema\/person\/55dcb50ad410894e431ed812bbb70191\",\"name\":\"Nicolas Jacquemard\",\"image\":{\"@type\":\"ImageObject\",\"inLanguage\":\"fr-FR\",\"@id\":\"https:\/\/dicodusport.fr\/blog\/#\/schema\/person\/image\/\",\"url\":\"https:\/\/dicodusport.fr\/blog\/wp-content\/uploads\/2021\/05\/Nicolas-Jacquemard-150x150.jpeg\",\"contentUrl\":\"https:\/\/dicodusport.fr\/blog\/wp-content\/uploads\/2021\/05\/Nicolas-Jacquemard-150x150.jpeg\",\"caption\":\"Nicolas Jacquemard\"},\"description\":\"Passionn\u00e9 de sport et entrepreneur depuis mes 18 ans, la cr\u00e9ation de Dicodusport m'a sembl\u00e9 \u00e9vidente pour participer \u00e0 la m\u00e9diatisation d'un plus grand nombre de sports. Le chemin est long mais avec une \u00e9quipe des plus motiv\u00e9es et les Jeux Olympiques de Paris 2024 en point de mire, nous y arriverons ! Journaliste dans le monde du sport depuis plus de 5 ans, je traite aussi bien de football, de rugby, de biathlon que de cyclisme.\",\"sameAs\":[\"https:\/\/www.facebook.com\/dicodusport\",\"https:\/\/x.com\/https:\/\/twitter.com\/Nico_Jacquemard\"],\"url\":\"https:\/\/dicodusport.fr\/blog\/author\/dicodusport\/\"}]}<\/script>\n<!-- \/ Yoast SEO Premium plugin. -->","yoast_head_json":{"title":"ASM Clermont : \u00c9tienne Falgoux absent plusieurs mois","description":"TOP 14 2023-2024 - Gros coup dur pour l'ASM Clermont\u00a0qui perd\u00a0Etienne Falgoux pour les trois prochains mois.\u00a0","robots":{"index":"index","follow":"follow","max-snippet":"max-snippet:-1","max-image-preview":"max-image-preview:large","max-video-preview":"max-video-preview:-1"},"canonical":"https:\/\/dicodusport.fr\/blog\/asm-clermont-etienne-falgoux-absent-plusieurs-mois\/","og_locale":"fr_FR","og_type":"article","og_title":"ASM Clermont : \u00c9tienne Falgoux absent plusieurs mois","og_description":"TOP 14 2023-2024 - Gros coup dur pour l'ASM Clermont\u00a0qui perd\u00a0Etienne Falgoux pour les trois prochains mois.\u00a0","og_url":"https:\/\/dicodusport.fr\/blog\/asm-clermont-etienne-falgoux-absent-plusieurs-mois\/","og_site_name":"Dicodusport","article_publisher":"https:\/\/www.facebook.com\/dicodusport","article_author":"https:\/\/www.facebook.com\/dicodusport","article_published_time":"2024-02-15T08:52:31+00:00","article_modified_time":"2024-02-15T09:01:37+00:00","og_image":[{"width":1200,"height":674,"url":"https:\/\/dicodusport.fr\/blog\/wp-content\/uploads\/2024\/02\/ASM-Clermont-Etienne-Falgoux-absent-plusieurs-mois.png","type":"image\/png"}],"author":"Nicolas Jacquemard","twitter_card":"summary_large_image","twitter_title":"ASM Clermont : \u00c9tienne Falgoux absent plusieurs mois","twitter_creator":"@https:\/\/twitter.com\/Nico_Jacquemard","twitter_site":"@dicodusport","schema":{"@context":"https:\/\/schema.org","@graph":[{"@type":"NewsArticle","@id":"https:\/\/dicodusport.fr\/blog\/asm-clermont-etienne-falgoux-absent-plusieurs-mois\/#article","isPartOf":{"@id":"https:\/\/dicodusport.fr\/blog\/asm-clermont-etienne-falgoux-absent-plusieurs-mois\/"},"author":{"name":"Nicolas Jacquemard","@id":"https:\/\/dicodusport.fr\/blog\/#\/schema\/person\/55dcb50ad410894e431ed812bbb70191"},"headline":"ASM Clermont : \u00c9tienne Falgoux absent plusieurs mois","datePublished":"2024-02-15T08:52:31+00:00","dateModified":"2024-02-15T09:01:37+00:00","mainEntityOfPage":{"@id":"https:\/\/dicodusport.fr\/blog\/asm-clermont-etienne-falgoux-absent-plusieurs-mois\/"},"wordCount":275,"commentCount":0,"publisher":{"@id":"https:\/\/dicodusport.fr\/blog\/#organization"},"image":{"@id":"https:\/\/dicodusport.fr\/blog\/asm-clermont-etienne-falgoux-absent-plusieurs-mois\/#primaryimage"},"thumbnailUrl":"https:\/\/dicodusport.fr\/blog\/wp-content\/uploads\/2024\/02\/ASM-Clermont-Etienne-Falgoux-absent-plusieurs-mois.png","keywords":["ASM Clermont","br\u00e8ve"],"articleSection":["Rugby \u00e0 XV","Top 14"],"inLanguage":"fr-FR","potentialAction":[{"@type":"CommentAction","name":"Comment","target":["https:\/\/dicodusport.fr\/blog\/asm-clermont-etienne-falgoux-absent-plusieurs-mois\/#respond"]}],"copyrightYear":"2024","copyrightHolder":{"@id":"https:\/\/dicodusport.fr\/blog\/#organization"}},{"@type":"WebPage","@id":"https:\/\/dicodusport.fr\/blog\/asm-clermont-etienne-falgoux-absent-plusieurs-mois\/","url":"https:\/\/dicodusport.fr\/blog\/asm-clermont-etienne-falgoux-absent-plusieurs-mois\/","name":"ASM Clermont : \u00c9tienne Falgoux absent plusieurs mois","isPartOf":{"@id":"https:\/\/dicodusport.fr\/blog\/#website"},"primaryImageOfPage":{"@id":"https:\/\/dicodusport.fr\/blog\/asm-clermont-etienne-falgoux-absent-plusieurs-mois\/#primaryimage"},"image":{"@id":"https:\/\/dicodusport.fr\/blog\/asm-clermont-etienne-falgoux-absent-plusieurs-mois\/#primaryimage"},"thumbnailUrl":"https:\/\/dicodusport.fr\/blog\/wp-content\/uploads\/2024\/02\/ASM-Clermont-Etienne-Falgoux-absent-plusieurs-mois.png","datePublished":"2024-02-15T08:52:31+00:00","dateModified":"2024-02-15T09:01:37+00:00","description":"TOP 14 2023-2024 - Gros coup dur pour l'ASM Clermont\u00a0qui perd\u00a0Etienne Falgoux pour les trois prochains mois.\u00a0","breadcrumb":{"@id":"https:\/\/dicodusport.fr\/blog\/asm-clermont-etienne-falgoux-absent-plusieurs-mois\/#breadcrumb"},"inLanguage":"fr-FR","potentialAction":[{"@type":"ReadAction","target":["https:\/\/dicodusport.fr\/blog\/asm-clermont-etienne-falgoux-absent-plusieurs-mois\/"]}]},{"@type":"ImageObject","inLanguage":"fr-FR","@id":"https:\/\/dicodusport.fr\/blog\/asm-clermont-etienne-falgoux-absent-plusieurs-mois\/#primaryimage","url":"https:\/\/dicodusport.fr\/blog\/wp-content\/uploads\/2024\/02\/ASM-Clermont-Etienne-Falgoux-absent-plusieurs-mois.png","contentUrl":"https:\/\/dicodusport.fr\/blog\/wp-content\/uploads\/2024\/02\/ASM-Clermont-Etienne-Falgoux-absent-plusieurs-mois.png","width":1200,"height":674},{"@type":"BreadcrumbList","@id":"https:\/\/dicodusport.fr\/blog\/asm-clermont-etienne-falgoux-absent-plusieurs-mois\/#breadcrumb","itemListElement":[{"@type":"ListItem","position":1,"name":"Accueil","item":"https:\/\/dicodusport.fr\/blog\/"},{"@type":"ListItem","position":2,"name":"ASM Clermont : \u00c9tienne Falgoux absent plusieurs mois"}]},{"@type":"WebSite","@id":"https:\/\/dicodusport.fr\/blog\/#website","url":"https:\/\/dicodusport.fr\/blog\/","name":"Dicodusport","description":"L&#039;encyclop\u00e9die de l&#039;actualit\u00e9 sportive","publisher":{"@id":"https:\/\/dicodusport.fr\/blog\/#organization"},"potentialAction":[{"@type":"SearchAction","target":{"@type":"EntryPoint","urlTemplate":"https:\/\/dicodusport.fr\/blog\/?s={search_term_string}"},"query-input":{"@type":"PropertyValueSpecification","valueRequired":true,"valueName":"search_term_string"}}],"inLanguage":"fr-FR"},{"@type":"NewsMediaOrganization","@id":"https:\/\/dicodusport.fr\/blog\/#organization","name":"Dicodusport","url":"https:\/\/dicodusport.fr\/blog\/","logo":{"@type":"ImageObject","inLanguage":"fr-FR","@id":"https:\/\/dicodusport.fr\/blog\/#\/schema\/logo\/image\/","url":"https:\/\/dicodusport.fr\/blog\/wp-content\/uploads\/2020\/06\/cropped-LOGO-DICODUSPORT-2020-SANS-FOND-SANS-TEXTE.png","contentUrl":"https:\/\/dicodusport.fr\/blog\/wp-content\/uploads\/2020\/06\/cropped-LOGO-DICODUSPORT-2020-SANS-FOND-SANS-TEXTE.png","width":512,"height":512,"caption":"Dicodusport"},"image":{"@id":"https:\/\/dicodusport.fr\/blog\/#\/schema\/logo\/image\/"},"sameAs":["https:\/\/www.facebook.com\/dicodusport","https:\/\/x.com\/dicodusport","https:\/\/www.instagram.com\/dicodusport\/","https:\/\/www.youtube.com\/channel\/UC7V2KZ5sd3htJivAbA4ZG3w"],"description":"Dicodusport est l'encyclop\u00e9die de l'actualit\u00e9 sportive.","email":"bonjour@dicodusport.fr","legalName":"DICODUSPORT","foundingDate":"2018-01-14","vatID":"FR71834470973","taxID":"83447097300043","numberOfEmployees":{"@type":"QuantitativeValue","minValue":"1","maxValue":"10"}},{"@type":"Person","@id":"https:\/\/dicodusport.fr\/blog\/#\/schema\/person\/55dcb50ad410894e431ed812bbb70191","name":"Nicolas Jacquemard","image":{"@type":"ImageObject","inLanguage":"fr-FR","@id":"https:\/\/dicodusport.fr\/blog\/#\/schema\/person\/image\/","url":"https:\/\/dicodusport.fr\/blog\/wp-content\/uploads\/2021\/05\/Nicolas-Jacquemard-150x150.jpeg","contentUrl":"https:\/\/dicodusport.fr\/blog\/wp-content\/uploads\/2021\/05\/Nicolas-Jacquemard-150x150.jpeg","caption":"Nicolas Jacquemard"},"description":"Passionn\u00e9 de sport et entrepreneur depuis mes 18 ans, la cr\u00e9ation de Dicodusport m'a sembl\u00e9 \u00e9vidente pour participer \u00e0 la m\u00e9diatisation d'un plus grand nombre de sports. Le chemin est long mais avec une \u00e9quipe des plus motiv\u00e9es et les Jeux Olympiques de Paris 2024 en point de mire, nous y arriverons ! Journaliste dans le monde du sport depuis plus de 5 ans, je traite aussi bien de football, de rugby, de biathlon que de cyclisme.","sameAs":["https:\/\/www.facebook.com\/dicodusport","https:\/\/x.com\/https:\/\/twitter.com\/Nico_Jacquemard"],"url":"https:\/\/dicodusport.fr\/blog\/author\/dicodusport\/"}]}},"_links":{"self":[{"href":"https:\/\/dicodusport.fr\/blog\/wp-json\/wp\/v2\/posts\/463453","targetHints":{"allow":["GET"]}}],"collection":[{"href":"https:\/\/dicodusport.fr\/blog\/wp-json\/wp\/v2\/posts"}],"about":[{"href":"https:\/\/dicodusport.fr\/blog\/wp-json\/wp\/v2\/types\/post"}],"author":[{"embeddable":true,"href":"https:\/\/dicodusport.fr\/blog\/wp-json\/wp\/v2\/users\/1"}],"replies":[{"embeddable":true,"href":"https:\/\/dicodusport.fr\/blog\/wp-json\/wp\/v2\/comments?post=463453"}],"version-history":[{"count":2,"href":"https:\/\/dicodusport.fr\/blog\/wp-json\/wp\/v2\/posts\/463453\/revisions"}],"predecessor-version":[{"id":463460,"href":"https:\/\/dicodusport.fr\/blog\/wp-json\/wp\/v2\/posts\/463453\/revisions\/463460"}],"wp:featuredmedia":[{"embeddable":true,"href":"https:\/\/dicodusport.fr\/blog\/wp-json\/wp\/v2\/media\/463456"}],"wp:attachment":[{"href":"https:\/\/dicodusport.fr\/blog\/wp-json\/wp\/v2\/media?parent=463453"}],"wp:term":[{"taxonomy":"category","embeddable":true,"href":"https:\/\/dicodusport.fr\/blog\/wp-json\/wp\/v2\/categories?post=463453"},{"taxonomy":"post_tag","embeddable":true,"href":"https:\/\/dicodusport.fr\/blog\/wp-json\/wp\/v2\/tags?post=463453"}],"curies":[{"name":"wp","href":"https:\/\/api.w.org\/{rel}","templated":true}]}}