{"id":46351,"date":"2019-08-25T17:45:24","date_gmt":"2019-08-25T15:45:24","guid":{"rendered":"http:\/\/dicodusport.fr\/blog\/?p=46351"},"modified":"2019-08-27T09:08:00","modified_gmt":"2019-08-27T07:08:00","slug":"vuelta-2019-nairo-quintana-remporte-la-deuxieme-etape-nicolas-roche-en-rouge","status":"publish","type":"post","link":"https:\/\/dicodusport.fr\/blog\/vuelta-2019-nairo-quintana-remporte-la-deuxieme-etape-nicolas-roche-en-rouge\/","title":{"rendered":"Vuelta 2019 : Nairo Quintana remporte la deuxi\u00e8me \u00e9tape, Nicolas Roche en rouge"},"content":{"rendered":"<p style=\"text-align: justify;\"><strong><em><a href=\"https:\/\/dicodusport.fr\/blog\/tour-d-espagne-le-profil-des-etapes-de-la-vuelta-2019\/\" target=\"_blank\" rel=\"noopener\">Vuelta 2019<\/a> &#8211; Lors d&rsquo;un final incroyable vers Calpe, le Colombien Nairo Quintana (Movistar) s&rsquo;est impos\u00e9 en solitaire ce dimanche, lors de la 2\u00e8me \u00e9tape. Deuxi\u00e8me \u00e0 cinq secondes, l&rsquo;Irlandais Nicolas Roche (Sunweb) est le nouveau leader du classement g\u00e9n\u00e9ral.<br \/>\n<\/em><\/strong><\/p>\n<p style=\"text-align: justify;\">Quelle fin d&rsquo;\u00e9tape \u00e0 Calpe ! Et pour cause, d\u00e8s le deuxi\u00e8me jour de course, les favoris du classement g\u00e9n\u00e9ral ont fait la course ce dimanche, ce qui a d\u00e9bouch\u00e9 sur un sc\u00e9nario haletant. C&rsquo;est l&rsquo;Alto de Puig Lloren\u00e7a, un mur avec un passage \u00e0 19% et situ\u00e9 \u00e0 25 km de l&rsquo;arriv\u00e9e, qui a \u00e9parpill\u00e9 le peloton sous le tempo de la <strong>Movistar<\/strong> men\u00e9e par <strong>Alejandro Valverde<\/strong>. Le Fran\u00e7ais <strong>Pierre Latour (AG2R La Mondiale)<\/strong> n&rsquo;a pas \u00e9t\u00e9 en reste en en attaquant \u00e0 deux reprises en fin d&rsquo;ascension. Mais c&rsquo;est dans la descente de cette derni\u00e8re qu&rsquo;un groupe de six coureurs s&rsquo;est extirp\u00e9 du peloton des favoris.<\/p>\n<h1 style=\"text-align: left;\">Quintana a parfaitement man\u0153uvr\u00e9<\/h1>\n<p style=\"text-align: justify;\">Parmi les coureurs \u00e0 l&rsquo;avant, <strong>Primoz Roglic (Jumbo-Visma)<\/strong>, <strong>Nicolas Roche (Sunweb)<\/strong>, <strong>Fabio Aru (UAE Team)<\/strong>, <strong>Mikel Nieve (Mitchelton-Scott)<\/strong>, <strong>Rigoberto Uran (EF Education)<\/strong> et <strong>Nairo Quintana (Movistar)<\/strong>. Derri\u00e8re, le groupe du maillot rouge Miguel Angel Lopez peinait \u00e0 s&rsquo;entendre, perdant du temps. \u00c0 moins de 3 km du but, <strong>Nairo Quintana<\/strong>, vainqueur du <strong>Tour d&rsquo;Espagne<\/strong> en 2016, pla\u00e7ait une attaque d\u00e9cisive pour la victoire d&rsquo;\u00e9tape et s&rsquo;imposait en solitaire. Fort.<\/p>\n<blockquote class=\"twitter-tweet\" data-lang=\"fr\">\n<p dir=\"ltr\" lang=\"fr\">Le Top 10 de cette deuxi\u00e8me \u00e9tape. <a href=\"https:\/\/twitter.com\/hashtag\/LaVuelta19?src=hash&amp;ref_src=twsrc%5Etfw\">#LaVuelta19<\/a> <a href=\"https:\/\/t.co\/G3NydzqbBy\">pic.twitter.com\/G3NydzqbBy<\/a><\/p>\n<p>\u2014 Le Gruppetto (@LeGruppetto) <a href=\"https:\/\/twitter.com\/LeGruppetto\/status\/1165653237841747969?ref_src=twsrc%5Etfw\">25 ao\u00fbt 2019<\/a><\/p><\/blockquote>\n<p><script async src=\"https:\/\/platform.twitter.com\/widgets.js\" charset=\"utf-8\"><\/script><\/p>\n<p style=\"text-align: justify;\">Au g\u00e9n\u00e9ral, <strong>Nicolas Roche<\/strong> s&#8217;empare du maillot rouge, pour deux petites secondes sur le vainqueur de jour. Arriv\u00e9 avec un d\u00e9bours de 37 secondes sur la ligne, <strong>Miguel Angel Lopez (Astana)<\/strong> pointe d\u00e9sormais \u00e0 33 secondes du nouveau leader.<\/p>\n<blockquote class=\"twitter-tweet\" data-lang=\"fr\">\n<p dir=\"ltr\" lang=\"fr\">Six ans apr\u00e8s, un vieil Irlandais de nouveau aux commandes de la Vuelta. Lib\u00e9r\u00e9 Dumoulin, la Sunweb marche sur l&rsquo;eau. <a href=\"https:\/\/twitter.com\/hashtag\/LaVuelta19?src=hash&amp;ref_src=twsrc%5Etfw\">#LaVuelta19<\/a> <a href=\"https:\/\/twitter.com\/hashtag\/LaVuelta2019?src=hash&amp;ref_src=twsrc%5Etfw\">#LaVuelta2019<\/a> <a href=\"https:\/\/twitter.com\/hashtag\/VueltaAEspana?src=hash&amp;ref_src=twsrc%5Etfw\">#VueltaAEspana<\/a> <a href=\"https:\/\/twitter.com\/hashtag\/calpe?src=hash&amp;ref_src=twsrc%5Etfw\">#calpe<\/a> <a href=\"https:\/\/twitter.com\/hashtag\/nicolasroche?src=hash&amp;ref_src=twsrc%5Etfw\">#nicolasroche<\/a> <a href=\"https:\/\/twitter.com\/hashtag\/roche?src=hash&amp;ref_src=twsrc%5Etfw\">#roche<\/a> <a href=\"https:\/\/twitter.com\/hashtag\/sunweb?src=hash&amp;ref_src=twsrc%5Etfw\">#sunweb<\/a> <a href=\"https:\/\/twitter.com\/hashtag\/dumoulin?src=hash&amp;ref_src=twsrc%5Etfw\">#dumoulin<\/a> <a href=\"https:\/\/t.co\/g8rnumrRjz\">pic.twitter.com\/g8rnumrRjz<\/a><\/p>\n<p>\u2014 CartonRouge.ch (@CartonRouge_ch) <a href=\"https:\/\/twitter.com\/CartonRouge_ch\/status\/1165658116018585602?ref_src=twsrc%5Etfw\">25 ao\u00fbt 2019<\/a><\/p><\/blockquote>\n<p><script async src=\"https:\/\/platform.twitter.com\/widgets.js\" charset=\"utf-8\"><\/script><\/p>\n<p><strong><em>Dicodusport<br \/>\n<a href=\"https:\/\/www.facebook.com\/dicodusport\/\" target=\"_blank\" rel=\"noopener\"><img loading=\"lazy\" decoding=\"async\" class=\"alignnone wp-image-2909\" src=\"http:\/\/dicodusport.fr\/blog\/wp-content\/uploads\/2017\/07\/logo-facebook-150x150.png\" alt=\"\" width=\"40\" height=\"40\" \/><\/a><a href=\"https:\/\/twitter.com\/dicodusport\" target=\"_blank\" rel=\"noopener\"><img loading=\"lazy\" decoding=\"async\" class=\"alignnone wp-image-2908\" src=\"http:\/\/dicodusport.fr\/blog\/wp-content\/uploads\/2017\/07\/logo-twitter-150x150.png\" alt=\"\" width=\"39\" height=\"39\" \/><\/a><\/em><\/strong><\/p>\n","protected":false},"excerpt":{"rendered":"<p>Vuelta 2019 &#8211; Lors d&rsquo;un final incroyable vers Calpe, le Colombien Nairo Quintana s&rsquo;est impos\u00e9 en solitaire ce dimanche, lors de la 2\u00e8me \u00e9tape.<\/p>\n","protected":false},"author":4,"featured_media":46353,"comment_status":"open","ping_status":"closed","sticky":false,"template":"","format":"standard","meta":{"_acf_changed":false,"_daextam_enable_autolinks":"","footnotes":""},"categories":[2307],"tags":[1670],"class_list":["post-46351","post","type-post","status-publish","format-standard","has-post-thumbnail","hentry","category-cyclisme","tag-vuelta"],"acf":[],"yoast_head":"<!-- This site is optimized with the Yoast SEO Premium plugin v26.7 (Yoast SEO v26.7) - https:\/\/yoast.com\/wordpress\/plugins\/seo\/ -->\n<title>Vuelta 2019 : Nairo Quintana remporte la deuxi\u00e8me \u00e9tape, Nicolas Roche en rouge<\/title>\n<meta name=\"description\" content=\"Vuelta 2019 - Lors d&#039;un final incroyable vers Calpe, le Colombien Nairo Quintana s&#039;est impos\u00e9 en solitaire ce dimanche, lors de la 2\u00e8me \u00e9tape.\" \/>\n<meta name=\"robots\" content=\"index, follow, max-snippet:-1, max-image-preview:large, max-video-preview:-1\" \/>\n<link rel=\"canonical\" href=\"https:\/\/dicodusport.fr\/blog\/vuelta-2019-nairo-quintana-remporte-la-deuxieme-etape-nicolas-roche-en-rouge\/\" \/>\n<meta property=\"og:locale\" content=\"fr_FR\" \/>\n<meta property=\"og:type\" content=\"article\" \/>\n<meta property=\"og:title\" content=\"Vuelta 2019 : Nairo Quintana remporte la deuxi\u00e8me \u00e9tape, Nicolas Roche en rouge\" \/>\n<meta property=\"og:description\" content=\"Vuelta 2019 - Lors d&#039;un final incroyable vers Calpe, le Colombien Nairo Quintana s&#039;est impos\u00e9 en solitaire ce dimanche, lors de la 2\u00e8me \u00e9tape.\" \/>\n<meta property=\"og:url\" content=\"https:\/\/dicodusport.fr\/blog\/vuelta-2019-nairo-quintana-remporte-la-deuxieme-etape-nicolas-roche-en-rouge\/\" \/>\n<meta property=\"og:site_name\" content=\"Dicodusport\" \/>\n<meta property=\"article:publisher\" content=\"https:\/\/www.facebook.com\/dicodusport\" \/>\n<meta property=\"article:author\" content=\"https:\/\/www.facebook.com\/florent.ostermann\" \/>\n<meta property=\"article:published_time\" content=\"2019-08-25T15:45:24+00:00\" \/>\n<meta property=\"article:modified_time\" content=\"2019-08-27T07:08:00+00:00\" \/>\n<meta property=\"og:image\" content=\"https:\/\/dicodusport.fr\/blog\/wp-content\/uploads\/2019\/08\/Nairo-Quintana-2.png\" \/>\n\t<meta property=\"og:image:width\" content=\"800\" \/>\n\t<meta property=\"og:image:height\" content=\"445\" \/>\n\t<meta property=\"og:image:type\" content=\"image\/png\" \/>\n<meta name=\"author\" content=\"Flo Ostermann\" \/>\n<meta name=\"twitter:card\" content=\"summary_large_image\" \/>\n<meta name=\"twitter:title\" content=\"Vuelta 2019 : Nairo Quintana remporte la deuxi\u00e8me \u00e9tape, Nicolas Roche en rouge\" \/>\n<meta name=\"twitter:creator\" content=\"@https:\/\/twitter.com\/FlOstermann\" \/>\n<meta name=\"twitter:site\" content=\"@dicodusport\" \/>\n<script type=\"application\/ld+json\" class=\"yoast-schema-graph\">{\"@context\":\"https:\/\/schema.org\",\"@graph\":[{\"@type\":\"NewsArticle\",\"@id\":\"https:\/\/dicodusport.fr\/blog\/vuelta-2019-nairo-quintana-remporte-la-deuxieme-etape-nicolas-roche-en-rouge\/#article\",\"isPartOf\":{\"@id\":\"https:\/\/dicodusport.fr\/blog\/vuelta-2019-nairo-quintana-remporte-la-deuxieme-etape-nicolas-roche-en-rouge\/\"},\"author\":{\"name\":\"Flo Ostermann\",\"@id\":\"https:\/\/dicodusport.fr\/blog\/#\/schema\/person\/cb02af4c173ce4a653b55e9baf388d4a\"},\"headline\":\"Vuelta 2019 : Nairo Quintana remporte la deuxi\u00e8me \u00e9tape, Nicolas Roche en rouge\",\"datePublished\":\"2019-08-25T15:45:24+00:00\",\"dateModified\":\"2019-08-27T07:08:00+00:00\",\"mainEntityOfPage\":{\"@id\":\"https:\/\/dicodusport.fr\/blog\/vuelta-2019-nairo-quintana-remporte-la-deuxieme-etape-nicolas-roche-en-rouge\/\"},\"wordCount\":357,\"commentCount\":0,\"publisher\":{\"@id\":\"https:\/\/dicodusport.fr\/blog\/#organization\"},\"image\":{\"@id\":\"https:\/\/dicodusport.fr\/blog\/vuelta-2019-nairo-quintana-remporte-la-deuxieme-etape-nicolas-roche-en-rouge\/#primaryimage\"},\"thumbnailUrl\":\"https:\/\/dicodusport.fr\/blog\/wp-content\/uploads\/2019\/08\/Nairo-Quintana-2.png\",\"keywords\":[\"Vuelta\"],\"articleSection\":[\"Cyclisme\"],\"inLanguage\":\"fr-FR\",\"potentialAction\":[{\"@type\":\"CommentAction\",\"name\":\"Comment\",\"target\":[\"https:\/\/dicodusport.fr\/blog\/vuelta-2019-nairo-quintana-remporte-la-deuxieme-etape-nicolas-roche-en-rouge\/#respond\"]}],\"copyrightYear\":\"2019\",\"copyrightHolder\":{\"@id\":\"https:\/\/dicodusport.fr\/blog\/#organization\"}},{\"@type\":\"WebPage\",\"@id\":\"https:\/\/dicodusport.fr\/blog\/vuelta-2019-nairo-quintana-remporte-la-deuxieme-etape-nicolas-roche-en-rouge\/\",\"url\":\"https:\/\/dicodusport.fr\/blog\/vuelta-2019-nairo-quintana-remporte-la-deuxieme-etape-nicolas-roche-en-rouge\/\",\"name\":\"Vuelta 2019 : Nairo Quintana remporte la deuxi\u00e8me \u00e9tape, Nicolas Roche en rouge\",\"isPartOf\":{\"@id\":\"https:\/\/dicodusport.fr\/blog\/#website\"},\"primaryImageOfPage\":{\"@id\":\"https:\/\/dicodusport.fr\/blog\/vuelta-2019-nairo-quintana-remporte-la-deuxieme-etape-nicolas-roche-en-rouge\/#primaryimage\"},\"image\":{\"@id\":\"https:\/\/dicodusport.fr\/blog\/vuelta-2019-nairo-quintana-remporte-la-deuxieme-etape-nicolas-roche-en-rouge\/#primaryimage\"},\"thumbnailUrl\":\"https:\/\/dicodusport.fr\/blog\/wp-content\/uploads\/2019\/08\/Nairo-Quintana-2.png\",\"datePublished\":\"2019-08-25T15:45:24+00:00\",\"dateModified\":\"2019-08-27T07:08:00+00:00\",\"description\":\"Vuelta 2019 - Lors d'un final incroyable vers Calpe, le Colombien Nairo Quintana s'est impos\u00e9 en solitaire ce dimanche, lors de la 2\u00e8me \u00e9tape.\",\"breadcrumb\":{\"@id\":\"https:\/\/dicodusport.fr\/blog\/vuelta-2019-nairo-quintana-remporte-la-deuxieme-etape-nicolas-roche-en-rouge\/#breadcrumb\"},\"inLanguage\":\"fr-FR\",\"potentialAction\":[{\"@type\":\"ReadAction\",\"target\":[\"https:\/\/dicodusport.fr\/blog\/vuelta-2019-nairo-quintana-remporte-la-deuxieme-etape-nicolas-roche-en-rouge\/\"]}]},{\"@type\":\"ImageObject\",\"inLanguage\":\"fr-FR\",\"@id\":\"https:\/\/dicodusport.fr\/blog\/vuelta-2019-nairo-quintana-remporte-la-deuxieme-etape-nicolas-roche-en-rouge\/#primaryimage\",\"url\":\"https:\/\/dicodusport.fr\/blog\/wp-content\/uploads\/2019\/08\/Nairo-Quintana-2.png\",\"contentUrl\":\"https:\/\/dicodusport.fr\/blog\/wp-content\/uploads\/2019\/08\/Nairo-Quintana-2.png\",\"width\":800,\"height\":445},{\"@type\":\"BreadcrumbList\",\"@id\":\"https:\/\/dicodusport.fr\/blog\/vuelta-2019-nairo-quintana-remporte-la-deuxieme-etape-nicolas-roche-en-rouge\/#breadcrumb\",\"itemListElement\":[{\"@type\":\"ListItem\",\"position\":1,\"name\":\"Accueil\",\"item\":\"https:\/\/dicodusport.fr\/blog\/\"},{\"@type\":\"ListItem\",\"position\":2,\"name\":\"Vuelta 2019 : Nairo Quintana remporte la deuxi\u00e8me \u00e9tape, Nicolas Roche en rouge\"}]},{\"@type\":\"WebSite\",\"@id\":\"https:\/\/dicodusport.fr\/blog\/#website\",\"url\":\"https:\/\/dicodusport.fr\/blog\/\",\"name\":\"Dicodusport\",\"description\":\"L&#039;encyclop\u00e9die de l&#039;actualit\u00e9 sportive\",\"publisher\":{\"@id\":\"https:\/\/dicodusport.fr\/blog\/#organization\"},\"potentialAction\":[{\"@type\":\"SearchAction\",\"target\":{\"@type\":\"EntryPoint\",\"urlTemplate\":\"https:\/\/dicodusport.fr\/blog\/?s={search_term_string}\"},\"query-input\":{\"@type\":\"PropertyValueSpecification\",\"valueRequired\":true,\"valueName\":\"search_term_string\"}}],\"inLanguage\":\"fr-FR\"},{\"@type\":\"NewsMediaOrganization\",\"@id\":\"https:\/\/dicodusport.fr\/blog\/#organization\",\"name\":\"Dicodusport\",\"url\":\"https:\/\/dicodusport.fr\/blog\/\",\"logo\":{\"@type\":\"ImageObject\",\"inLanguage\":\"fr-FR\",\"@id\":\"https:\/\/dicodusport.fr\/blog\/#\/schema\/logo\/image\/\",\"url\":\"https:\/\/dicodusport.fr\/blog\/wp-content\/uploads\/2020\/06\/cropped-LOGO-DICODUSPORT-2020-SANS-FOND-SANS-TEXTE.png\",\"contentUrl\":\"https:\/\/dicodusport.fr\/blog\/wp-content\/uploads\/2020\/06\/cropped-LOGO-DICODUSPORT-2020-SANS-FOND-SANS-TEXTE.png\",\"width\":512,\"height\":512,\"caption\":\"Dicodusport\"},\"image\":{\"@id\":\"https:\/\/dicodusport.fr\/blog\/#\/schema\/logo\/image\/\"},\"sameAs\":[\"https:\/\/www.facebook.com\/dicodusport\",\"https:\/\/x.com\/dicodusport\",\"https:\/\/www.instagram.com\/dicodusport\/\",\"https:\/\/www.youtube.com\/channel\/UC7V2KZ5sd3htJivAbA4ZG3w\"],\"description\":\"Dicodusport est l'encyclop\u00e9die de l'actualit\u00e9 sportive.\",\"email\":\"bonjour@dicodusport.fr\",\"legalName\":\"DICODUSPORT\",\"foundingDate\":\"2018-01-14\",\"vatID\":\"FR71834470973\",\"taxID\":\"83447097300043\",\"numberOfEmployees\":{\"@type\":\"QuantitativeValue\",\"minValue\":\"1\",\"maxValue\":\"10\"}},{\"@type\":\"Person\",\"@id\":\"https:\/\/dicodusport.fr\/blog\/#\/schema\/person\/cb02af4c173ce4a653b55e9baf388d4a\",\"name\":\"Flo Ostermann\",\"image\":{\"@type\":\"ImageObject\",\"inLanguage\":\"fr-FR\",\"@id\":\"https:\/\/dicodusport.fr\/blog\/#\/schema\/person\/image\/\",\"url\":\"https:\/\/dicodusport.fr\/blog\/wp-content\/uploads\/2021\/05\/Flo-Ostermann-150x150.jpg\",\"contentUrl\":\"https:\/\/dicodusport.fr\/blog\/wp-content\/uploads\/2021\/05\/Flo-Ostermann-150x150.jpg\",\"caption\":\"Flo Ostermann\"},\"description\":\"Journaliste\/R\u00e9dacteur depuis septembre 2015 - Mes premiers souvenirs dans le sport ? Les envol\u00e9es du Stade Toulousain et les duels Villeneuve-Schumacher et H\u00e4kkinen-Schumacher \u00e0 la fin des ann\u00e9es 90, la Coupe du monde de football en 1998, l\u2019exploit du XV de France face aux All Blacks en 1999, mais aussi Richard C\u0153ur de Lion qui vole sur les montagnes du Tour de France. Bien parti pour devenir professeur d\u2019EPS, les \u00e9v\u00e9nements de la vie (et la flemme d\u2019animer des s\u00e9ances de 3x500 m\u00e8tres toute ma vie) m\u2019ont conduit \u00e0 revoir mes plans. Me voil\u00e0 depuis fin 2017 sur Dicodusport, m\u00e9dia gr\u00e2ce (et pour) lequel je partage ma passion : le sport dans tous ses \u00e9tats. Le tout accompagn\u00e9 par les fous furieux et folles furieuses cit\u00e9s sur cette page !\",\"sameAs\":[\"https:\/\/www.facebook.com\/florent.ostermann\",\"https:\/\/x.com\/https:\/\/twitter.com\/FlOstermann\",\"admin\"],\"url\":\"https:\/\/dicodusport.fr\/blog\/author\/flo\/\"}]}<\/script>\n<!-- \/ Yoast SEO Premium plugin. -->","yoast_head_json":{"title":"Vuelta 2019 : Nairo Quintana remporte la deuxi\u00e8me \u00e9tape, Nicolas Roche en rouge","description":"Vuelta 2019 - Lors d'un final incroyable vers Calpe, le Colombien Nairo Quintana s'est impos\u00e9 en solitaire ce dimanche, lors de la 2\u00e8me \u00e9tape.","robots":{"index":"index","follow":"follow","max-snippet":"max-snippet:-1","max-image-preview":"max-image-preview:large","max-video-preview":"max-video-preview:-1"},"canonical":"https:\/\/dicodusport.fr\/blog\/vuelta-2019-nairo-quintana-remporte-la-deuxieme-etape-nicolas-roche-en-rouge\/","og_locale":"fr_FR","og_type":"article","og_title":"Vuelta 2019 : Nairo Quintana remporte la deuxi\u00e8me \u00e9tape, Nicolas Roche en rouge","og_description":"Vuelta 2019 - Lors d'un final incroyable vers Calpe, le Colombien Nairo Quintana s'est impos\u00e9 en solitaire ce dimanche, lors de la 2\u00e8me \u00e9tape.","og_url":"https:\/\/dicodusport.fr\/blog\/vuelta-2019-nairo-quintana-remporte-la-deuxieme-etape-nicolas-roche-en-rouge\/","og_site_name":"Dicodusport","article_publisher":"https:\/\/www.facebook.com\/dicodusport","article_author":"https:\/\/www.facebook.com\/florent.ostermann","article_published_time":"2019-08-25T15:45:24+00:00","article_modified_time":"2019-08-27T07:08:00+00:00","og_image":[{"width":800,"height":445,"url":"https:\/\/dicodusport.fr\/blog\/wp-content\/uploads\/2019\/08\/Nairo-Quintana-2.png","type":"image\/png"}],"author":"Flo Ostermann","twitter_card":"summary_large_image","twitter_title":"Vuelta 2019 : Nairo Quintana remporte la deuxi\u00e8me \u00e9tape, Nicolas Roche en rouge","twitter_creator":"@https:\/\/twitter.com\/FlOstermann","twitter_site":"@dicodusport","schema":{"@context":"https:\/\/schema.org","@graph":[{"@type":"NewsArticle","@id":"https:\/\/dicodusport.fr\/blog\/vuelta-2019-nairo-quintana-remporte-la-deuxieme-etape-nicolas-roche-en-rouge\/#article","isPartOf":{"@id":"https:\/\/dicodusport.fr\/blog\/vuelta-2019-nairo-quintana-remporte-la-deuxieme-etape-nicolas-roche-en-rouge\/"},"author":{"name":"Flo Ostermann","@id":"https:\/\/dicodusport.fr\/blog\/#\/schema\/person\/cb02af4c173ce4a653b55e9baf388d4a"},"headline":"Vuelta 2019 : Nairo Quintana remporte la deuxi\u00e8me \u00e9tape, Nicolas Roche en rouge","datePublished":"2019-08-25T15:45:24+00:00","dateModified":"2019-08-27T07:08:00+00:00","mainEntityOfPage":{"@id":"https:\/\/dicodusport.fr\/blog\/vuelta-2019-nairo-quintana-remporte-la-deuxieme-etape-nicolas-roche-en-rouge\/"},"wordCount":357,"commentCount":0,"publisher":{"@id":"https:\/\/dicodusport.fr\/blog\/#organization"},"image":{"@id":"https:\/\/dicodusport.fr\/blog\/vuelta-2019-nairo-quintana-remporte-la-deuxieme-etape-nicolas-roche-en-rouge\/#primaryimage"},"thumbnailUrl":"https:\/\/dicodusport.fr\/blog\/wp-content\/uploads\/2019\/08\/Nairo-Quintana-2.png","keywords":["Vuelta"],"articleSection":["Cyclisme"],"inLanguage":"fr-FR","potentialAction":[{"@type":"CommentAction","name":"Comment","target":["https:\/\/dicodusport.fr\/blog\/vuelta-2019-nairo-quintana-remporte-la-deuxieme-etape-nicolas-roche-en-rouge\/#respond"]}],"copyrightYear":"2019","copyrightHolder":{"@id":"https:\/\/dicodusport.fr\/blog\/#organization"}},{"@type":"WebPage","@id":"https:\/\/dicodusport.fr\/blog\/vuelta-2019-nairo-quintana-remporte-la-deuxieme-etape-nicolas-roche-en-rouge\/","url":"https:\/\/dicodusport.fr\/blog\/vuelta-2019-nairo-quintana-remporte-la-deuxieme-etape-nicolas-roche-en-rouge\/","name":"Vuelta 2019 : Nairo Quintana remporte la deuxi\u00e8me \u00e9tape, Nicolas Roche en rouge","isPartOf":{"@id":"https:\/\/dicodusport.fr\/blog\/#website"},"primaryImageOfPage":{"@id":"https:\/\/dicodusport.fr\/blog\/vuelta-2019-nairo-quintana-remporte-la-deuxieme-etape-nicolas-roche-en-rouge\/#primaryimage"},"image":{"@id":"https:\/\/dicodusport.fr\/blog\/vuelta-2019-nairo-quintana-remporte-la-deuxieme-etape-nicolas-roche-en-rouge\/#primaryimage"},"thumbnailUrl":"https:\/\/dicodusport.fr\/blog\/wp-content\/uploads\/2019\/08\/Nairo-Quintana-2.png","datePublished":"2019-08-25T15:45:24+00:00","dateModified":"2019-08-27T07:08:00+00:00","description":"Vuelta 2019 - Lors d'un final incroyable vers Calpe, le Colombien Nairo Quintana s'est impos\u00e9 en solitaire ce dimanche, lors de la 2\u00e8me \u00e9tape.","breadcrumb":{"@id":"https:\/\/dicodusport.fr\/blog\/vuelta-2019-nairo-quintana-remporte-la-deuxieme-etape-nicolas-roche-en-rouge\/#breadcrumb"},"inLanguage":"fr-FR","potentialAction":[{"@type":"ReadAction","target":["https:\/\/dicodusport.fr\/blog\/vuelta-2019-nairo-quintana-remporte-la-deuxieme-etape-nicolas-roche-en-rouge\/"]}]},{"@type":"ImageObject","inLanguage":"fr-FR","@id":"https:\/\/dicodusport.fr\/blog\/vuelta-2019-nairo-quintana-remporte-la-deuxieme-etape-nicolas-roche-en-rouge\/#primaryimage","url":"https:\/\/dicodusport.fr\/blog\/wp-content\/uploads\/2019\/08\/Nairo-Quintana-2.png","contentUrl":"https:\/\/dicodusport.fr\/blog\/wp-content\/uploads\/2019\/08\/Nairo-Quintana-2.png","width":800,"height":445},{"@type":"BreadcrumbList","@id":"https:\/\/dicodusport.fr\/blog\/vuelta-2019-nairo-quintana-remporte-la-deuxieme-etape-nicolas-roche-en-rouge\/#breadcrumb","itemListElement":[{"@type":"ListItem","position":1,"name":"Accueil","item":"https:\/\/dicodusport.fr\/blog\/"},{"@type":"ListItem","position":2,"name":"Vuelta 2019 : Nairo Quintana remporte la deuxi\u00e8me \u00e9tape, Nicolas Roche en rouge"}]},{"@type":"WebSite","@id":"https:\/\/dicodusport.fr\/blog\/#website","url":"https:\/\/dicodusport.fr\/blog\/","name":"Dicodusport","description":"L&#039;encyclop\u00e9die de l&#039;actualit\u00e9 sportive","publisher":{"@id":"https:\/\/dicodusport.fr\/blog\/#organization"},"potentialAction":[{"@type":"SearchAction","target":{"@type":"EntryPoint","urlTemplate":"https:\/\/dicodusport.fr\/blog\/?s={search_term_string}"},"query-input":{"@type":"PropertyValueSpecification","valueRequired":true,"valueName":"search_term_string"}}],"inLanguage":"fr-FR"},{"@type":"NewsMediaOrganization","@id":"https:\/\/dicodusport.fr\/blog\/#organization","name":"Dicodusport","url":"https:\/\/dicodusport.fr\/blog\/","logo":{"@type":"ImageObject","inLanguage":"fr-FR","@id":"https:\/\/dicodusport.fr\/blog\/#\/schema\/logo\/image\/","url":"https:\/\/dicodusport.fr\/blog\/wp-content\/uploads\/2020\/06\/cropped-LOGO-DICODUSPORT-2020-SANS-FOND-SANS-TEXTE.png","contentUrl":"https:\/\/dicodusport.fr\/blog\/wp-content\/uploads\/2020\/06\/cropped-LOGO-DICODUSPORT-2020-SANS-FOND-SANS-TEXTE.png","width":512,"height":512,"caption":"Dicodusport"},"image":{"@id":"https:\/\/dicodusport.fr\/blog\/#\/schema\/logo\/image\/"},"sameAs":["https:\/\/www.facebook.com\/dicodusport","https:\/\/x.com\/dicodusport","https:\/\/www.instagram.com\/dicodusport\/","https:\/\/www.youtube.com\/channel\/UC7V2KZ5sd3htJivAbA4ZG3w"],"description":"Dicodusport est l'encyclop\u00e9die de l'actualit\u00e9 sportive.","email":"bonjour@dicodusport.fr","legalName":"DICODUSPORT","foundingDate":"2018-01-14","vatID":"FR71834470973","taxID":"83447097300043","numberOfEmployees":{"@type":"QuantitativeValue","minValue":"1","maxValue":"10"}},{"@type":"Person","@id":"https:\/\/dicodusport.fr\/blog\/#\/schema\/person\/cb02af4c173ce4a653b55e9baf388d4a","name":"Flo Ostermann","image":{"@type":"ImageObject","inLanguage":"fr-FR","@id":"https:\/\/dicodusport.fr\/blog\/#\/schema\/person\/image\/","url":"https:\/\/dicodusport.fr\/blog\/wp-content\/uploads\/2021\/05\/Flo-Ostermann-150x150.jpg","contentUrl":"https:\/\/dicodusport.fr\/blog\/wp-content\/uploads\/2021\/05\/Flo-Ostermann-150x150.jpg","caption":"Flo Ostermann"},"description":"Journaliste\/R\u00e9dacteur depuis septembre 2015 - Mes premiers souvenirs dans le sport ? Les envol\u00e9es du Stade Toulousain et les duels Villeneuve-Schumacher et H\u00e4kkinen-Schumacher \u00e0 la fin des ann\u00e9es 90, la Coupe du monde de football en 1998, l\u2019exploit du XV de France face aux All Blacks en 1999, mais aussi Richard C\u0153ur de Lion qui vole sur les montagnes du Tour de France. Bien parti pour devenir professeur d\u2019EPS, les \u00e9v\u00e9nements de la vie (et la flemme d\u2019animer des s\u00e9ances de 3x500 m\u00e8tres toute ma vie) m\u2019ont conduit \u00e0 revoir mes plans. Me voil\u00e0 depuis fin 2017 sur Dicodusport, m\u00e9dia gr\u00e2ce (et pour) lequel je partage ma passion : le sport dans tous ses \u00e9tats. Le tout accompagn\u00e9 par les fous furieux et folles furieuses cit\u00e9s sur cette page !","sameAs":["https:\/\/www.facebook.com\/florent.ostermann","https:\/\/x.com\/https:\/\/twitter.com\/FlOstermann","admin"],"url":"https:\/\/dicodusport.fr\/blog\/author\/flo\/"}]}},"_links":{"self":[{"href":"https:\/\/dicodusport.fr\/blog\/wp-json\/wp\/v2\/posts\/46351","targetHints":{"allow":["GET"]}}],"collection":[{"href":"https:\/\/dicodusport.fr\/blog\/wp-json\/wp\/v2\/posts"}],"about":[{"href":"https:\/\/dicodusport.fr\/blog\/wp-json\/wp\/v2\/types\/post"}],"author":[{"embeddable":true,"href":"https:\/\/dicodusport.fr\/blog\/wp-json\/wp\/v2\/users\/4"}],"replies":[{"embeddable":true,"href":"https:\/\/dicodusport.fr\/blog\/wp-json\/wp\/v2\/comments?post=46351"}],"version-history":[{"count":0,"href":"https:\/\/dicodusport.fr\/blog\/wp-json\/wp\/v2\/posts\/46351\/revisions"}],"wp:featuredmedia":[{"embeddable":true,"href":"https:\/\/dicodusport.fr\/blog\/wp-json\/wp\/v2\/media\/46353"}],"wp:attachment":[{"href":"https:\/\/dicodusport.fr\/blog\/wp-json\/wp\/v2\/media?parent=46351"}],"wp:term":[{"taxonomy":"category","embeddable":true,"href":"https:\/\/dicodusport.fr\/blog\/wp-json\/wp\/v2\/categories?post=46351"},{"taxonomy":"post_tag","embeddable":true,"href":"https:\/\/dicodusport.fr\/blog\/wp-json\/wp\/v2\/tags?post=46351"}],"curies":[{"name":"wp","href":"https:\/\/api.w.org\/{rel}","templated":true}]}}